{"id":18053,"date":"2020-10-15T08:52:25","date_gmt":"2020-10-15T06:52:25","guid":{"rendered":"https:\/\/gaudiumetspes-blog.pl\/?p=18053"},"modified":"2020-10-18T06:38:45","modified_gmt":"2020-10-18T04:38:45","slug":"nie-lekajcie-sie","status":"publish","type":"post","link":"https:\/\/gaudiumetspes-blog.pl\/index.php\/2020\/10\/15\/nie-lekajcie-sie\/","title":{"rendered":"Nie l\u0119kajcie si\u0119!"},"content":{"rendered":"<p align=\"justify\"><span style=\"color: #000000;\"><span style=\"font-family: Book Antiqua, serif;\"><span style=\"font-size: large;\">Szcz\u0119\u015b\u0107 Bo\u017ce!<\/span><\/span><\/span><\/p>\n<p align=\"justify\"><span style=\"color: #000000;\"><span style=\"font-family: Book Antiqua, serif;\"><span style=\"font-size: large;\">Moi Drodzy, wirus szaleje! Ale nie tylko ten, kt\u00f3rego si\u0119 tak obawiamy, czyli koronawirus, ale o wiele chyba gro\u017aniejszy \u2013 wirus strachu, przygn\u0119bienia, wzajemnej podejrzliwo\u015bci, dezinformacji, dezorientacji, czasami wr\u0119cz z\u0142o\u015bci i agresji. I o ile ten pierwszy zostanie z czasem pokonany, o tyle skutki tych nast\u0119pnych mo\u017cemy odczuwa\u0107 znacznie d\u0142u\u017cej i bardziej dotkliwie. <\/span><\/span><\/span><\/p>\n<p align=\"justify\"><span style=\"color: #000000;\"><span style=\"font-family: Book Antiqua, serif;\"><span style=\"font-size: large;\">Jednocze\u015bnie widzimy, \u017ce wszelkie ludzkie dzia\u0142ania, strategie, pomys\u0142y i rzekomo skuteczne sposoby na poradzenie sobie z problemem \u2013 nie przynosz\u0105 zamierzonych efekt\u00f3w. Wydaje si\u0119, \u017ce jest coraz gorzej! <\/span><\/span><\/span><\/p>\n<p align=\"justify\"><span style=\"color: #000000;\"><span style=\"font-family: Book Antiqua, serif;\"><span style=\"font-size: large;\">Mo\u017ce wi\u0119c nadszed\u0142 czas, aby ju\u017c d\u0142u\u017cej nie oszukiwa\u0107 si\u0119 i nie pok\u0142ada\u0107 nadziei w ludzkich pomys\u0142ach i dzia\u0142aniach, <b>a ulokowa\u0107 je tam, sk\u0105d naprawd\u0119 mo\u017cemy oczekiwa\u0107 realnej pomocy \u2013 czyli w Niebie!<\/b><\/span><\/span><\/span><\/p>\n<p align=\"justify\"><span style=\"color: #000000;\"><span style=\"font-family: Book Antiqua, serif;\"><span style=\"font-size: large;\">Dlatego zapraszam Was do <b>w\u0142\u0105czenia si\u0119<\/b> <b>we wsp\u00f3ln\u0105 modlitw\u0119<\/b> w dniu liturgicznego wspomnienia \u015awi\u0119tego Jana Paw\u0142a II. Przez wiele lat swego Pontyfikatu wskazywa\u0142 On nam prost\u0105 drog\u0119 do Boga i przeprowadza\u0142 przez r\u00f3\u017cne dziejowe i duchowe zawirowania. Wierzymy, \u017ce teraz mo\u017ce nam pom\u00f3c jeszcze skuteczniej. <\/span><\/span><\/span><\/p>\n<p align=\"justify\"><span style=\"color: #000000;\"><span style=\"font-family: Book Antiqua, serif;\"><span style=\"font-size: large;\">Zwr\u00f3\u0107my si\u0119 wi\u0119c do Boga \u2013 przez Jego wstawiennictwo, ale te\u017c przez wstawiennictwo Matki Naj\u015bwi\u0119tszej, z kt\u00f3r\u0105 zwi\u0105za\u0142 swoje \u017cycie i swoj\u0105 pos\u0142ug\u0119.<\/span><\/span><\/span><\/p>\n<p align=\"justify\"><span style=\"color: #000000;\"><span style=\"font-family: Book Antiqua, serif;\"><span style=\"font-size: large;\">Prosz\u0119 zatem, aby\u015bmy <b>w czwartek, 22 pa\u017adziernika, <\/b>czyli we wspomnienie liturgiczne \u015awi\u0119tego Jana Paw\u0142a II, <b>o godzinie 21:37,<\/b> podj\u0119li tam, gdzie w\u00f3wczas b\u0119dziemy si\u0119 znajdowali \u2013 gor\u0105c\u0105 modlitw\u0119, wed\u0142ug takiego oto, proponowanego porz\u0105dku:<\/span><\/span><\/span><\/p>\n<p align=\"justify\"><span style=\"color: #000000;\"><span style=\"font-family: Book Antiqua, serif;\"><span style=\"font-size: large;\"><b>1. Znak Krzy\u017ca;<\/b><\/span><\/span><\/span><\/p>\n<p align=\"justify\"><span style=\"color: #000000;\"><span style=\"font-family: Book Antiqua, serif;\"><span style=\"font-size: large;\"><b>2. <\/b><b>Kr\u00f3tka modlitwa do Ducha \u015awi\u0119tego o natchnienie do modlitwy<\/b> \u2013 aby modli\u0142 si\u0119 w nas i z nami;<\/span><\/span><\/span><\/p>\n<p align=\"justify\"><span style=\"color: #000000;\"><span style=\"font-family: Book Antiqua, serif;\"><span style=\"font-size: large;\"><b>3. <\/b><b>Cz\u0119\u015b\u0107 chwalebna R\u00f3\u017ca\u0144ca \u015awi\u0119tego <\/b>\u2013 proponuj\u0119 t\u0119 cz\u0119\u015b\u0107, jako \u017ce modlimy si\u0119 o zwyci\u0119stwo mocy Bo\u017cej nad \u015bwiatem;<\/span><\/span><\/span><\/p>\n<p align=\"justify\"><span style=\"color: #000000;\"><span style=\"font-family: Book Antiqua, serif;\"><span style=\"font-size: large;\"><b>4. Litania Loreta\u0144ska do Naj\u015bwi\u0119tszej Maryi Panny;<\/b><\/span><\/span><\/span><\/p>\n<p align=\"justify\"><span style=\"color: #000000;\"><span style=\"font-family: Book Antiqua, serif;\"><span style=\"font-size: large;\"><b>5. Koronka do Mi\u0142osierdzia Bo\u017cego;<\/b><\/span><\/span><\/span><\/p>\n<p align=\"justify\"><span style=\"color: #000000;\"><span style=\"font-family: Book Antiqua, serif;\"><span style=\"font-size: large;\"><b>6. Litania do \u015awi\u0119tego Jana Paw\u0142a II;<\/b><\/span><\/span><\/span><\/p>\n<p align=\"justify\"><span style=\"color: #000000;\"><span style=\"font-family: Book Antiqua, serif;\"><span style=\"font-size: large;\"><b>7. <\/b><b>Element bardzo wa\u017cny: Podj\u0119cie jakiego\u015b konkretnego, dobrego postanowienia, dotycz\u0105cego swego \u017cycia<\/b> \u2013 jako znaku pragnienia osobistego nawr\u00f3cenia \u2013 niech to b\u0119dzie co\u015b nawet drobnego, ale bardzo konkretnego;<\/span><\/span><\/span><\/p>\n<p align=\"justify\"><span style=\"color: #000000;\"><span style=\"font-family: Book Antiqua, serif;\"><span style=\"font-size: large;\"><b>8. <\/b><b>\u201e\u015awi\u0119ty Bo\u017ce, \u015awi\u0119ty Mocny\u2026\u201d \u2013<\/b> najlepiej \u015bpiewane;<\/span><\/span><\/span><\/p>\n<p align=\"justify\"><span style=\"color: #000000;\"><span style=\"font-family: Book Antiqua, serif;\"><span style=\"font-size: large;\"><b>9. Znak Krzy\u017ca.<\/b><\/span><\/span><\/span><\/p>\n<p align=\"justify\"><span style=\"color: #000000;\"><span style=\"font-family: Book Antiqua, serif;\"><span style=\"font-size: large;\">I jeszcze kilka praktycznych porad, z tym zwi\u0105zanych:<\/span><\/span><\/span><\/p>\n<p align=\"justify\"><span style=\"color: #000000;\"><span style=\"font-family: Book Antiqua, serif;\"><span style=\"font-size: large;\">1. Przed rozpocz\u0119ciem modlitwy, <b>zapalmy \u015bwiec\u0119 i ustawmy krzy\u017cyk, <\/b>albo obrazek, drug\u0105 zapalon\u0105 \u015bwiec\u0119 postawmy w oknie, tam te\u017c mo\u017cemy postawi\u0107 krzy\u017cyk lub obrazek.<\/span><\/span><\/span><\/p>\n<p align=\"justify\"><span style=\"color: #000000;\"><span style=\"font-family: Book Antiqua, serif;\"><span style=\"font-size: large;\">2. Postarajmy si\u0119 <b>o maksymalne skupienie, <\/b>aby nie by\u0142o to tylko wypowiedzenie s\u0142\u00f3w, ale oddanie ca\u0142ego swego serca Bogu, <b>z wielk\u0105 wiar\u0105, <\/b>\u017ce On mo\u017ce nam pom\u00f3c;<\/span><\/span><\/span><\/p>\n<p align=\"justify\"><span style=\"color: #000000;\"><span style=\"font-family: Book Antiqua, serif;\"><span style=\"font-size: large;\">3. Komu czas pozwoli i wykrzesa z siebie tyle si\u0142, niech<b> odm\u00f3wi pozosta\u0142e cz\u0119\u015bci R\u00f3\u017ca\u0144ca \u015awi\u0119tego,<\/b> albo przynajmniej jedn\u0105 z nich;<\/span><\/span><\/span><\/p>\n<p align=\"justify\"><span style=\"color: #000000;\"><span style=\"font-family: Book Antiqua, serif;\"><span style=\"font-size: large;\">4. Postarajmy si\u0119 t\u0119 modlitw\u0119 zorganizowa\u0107 <b>wsp\u00f3lnie, w gronie Rodziny, albo w gronie s\u0105siedzkim;<\/b> warto te\u017c nawi\u0105za\u0107 <b>\u0142\u0105czno\u015b\u0107 drog\u0105 on\u2013line<\/b> i w ten spos\u00f3b stworzy\u0107 wsp\u00f3lnot\u0119 modlitewn\u0105;<\/span><\/span><\/span><\/p>\n<p align=\"justify\"><span style=\"color: #000000;\"><span style=\"font-family: Book Antiqua, serif;\"><span style=\"font-size: large;\">5. <b>Przeka\u017cmy to zaproszenie innym<\/b> \u2013 spotykaj\u0105c si\u0119 z nimi w szkole, w pracy, czy w s\u0105siedztwie; tak\u017ce za pomoc\u0105 komunikator\u00f3w, kt\u00f3rymi na co dzie\u0144 si\u0119 pos\u0142ugujemy. <b>Zapro\u015bmy do modlitwy, kogo tylko si\u0119 da!<\/b><\/span><\/span><\/span><\/p>\n<p align=\"justify\"><span style=\"color: #000000;\"><span style=\"font-family: Book Antiqua, serif;\"><span style=\"font-size: large;\">Je\u017celi kto\u015b b\u0119dzie chcia\u0142 \u0142\u0105czy\u0107 si\u0119 w tej modlitwie ze mn\u0105, to niech wejdzie na stron\u0119 internetow\u0105 Sanktuarium Kode\u0144skiego:<b> https:\/\/worldcam.live\/pl\/webcam\/koden<\/b><\/span><\/span><\/span><\/p>\n<p align=\"justify\"><span style=\"color: #000000;\"><span style=\"font-family: Book Antiqua, serif;\"><span style=\"font-size: large;\">Bo to w\u0142a\u015bnie tam, przed Obrazem Matki Bo\u017cej, wraz z kilkorgiem m\u0142odych Ludzi, o 20:45 rozpoczn\u0119 Msz\u0119 \u015awi\u0119t\u0105, a o 21:37 \u2013 czuwanie. <\/span><\/span><\/span><\/p>\n<p align=\"justify\"><span style=\"color: #000000;\"><span style=\"font-family: Book Antiqua, serif;\"><span style=\"font-size: large;\">Moi Drodzy, b\u0105d\u017amy razem w tym dniu! Ale nawet nie czekaj\u0105c na ten dzie\u0144, serdecznie prosz\u0119 i zach\u0119cam, by\u015bmy <b>codziennie<\/b> jak najintensywniej modlili si\u0119 o Bo\u017ce mi\u0142osierdzie dla nas \u2013 i ca\u0142ego \u015bwiata!<\/span><\/span><\/span><\/p>\n<p align=\"justify\"><span style=\"color: #000000;\"><span style=\"font-family: Book Antiqua, serif;\"><span style=\"font-size: large;\"><b>Niech Was b\u0142ogos\u0142awi B\u00f3g Wszechmog\u0105cy: Ojciec + i Syn, i Duch \u015awi\u0119ty. Amen<\/b><\/span><\/span><\/span><\/p>\n<p align=\"right\"><span style=\"color: #000000;\"><span style=\"font-family: Book Antiqua, serif;\"><span style=\"font-size: large;\">Ks. Jacek Ja\u015bkowski<\/span><\/span><\/span><\/p>\n<p align=\"right\"><span style=\"color: #000000;\"><span style=\"font-family: Book Antiqua, serif;\"><span style=\"font-size: large;\">Duszpasterz Akademicki w Siedlcach<\/span><\/span><\/span><\/p>\n","protected":false},"excerpt":{"rendered":"<p>Szcz\u0119\u015b\u0107 Bo\u017ce! Moi Drodzy, wirus szaleje! Ale nie tylko ten, kt\u00f3rego si\u0119 tak obawiamy, czyli koronawirus, ale o wiele chyba gro\u017aniejszy \u2013 wirus strachu, przygn\u0119bienia, wzajemnej podejrzliwo\u015bci, dezinformacji, dezorientacji, czasami wr\u0119cz z\u0142o\u015bci i agresji. I o ile ten pierwszy zostanie z czasem pokonany, o tyle skutki tych nast\u0119pnych mo\u017cemy odczuwa\u0107 znacznie d\u0142u\u017cej i bardziej dotkliwie. [&hellip;]<\/p>\n","protected":false},"author":1,"featured_media":0,"comment_status":"open","ping_status":"open","sticky":false,"template":"","format":"standard","meta":{"jetpack_post_was_ever_published":false,"_jetpack_newsletter_access":"","_jetpack_dont_email_post_to_subs":false,"_jetpack_newsletter_tier_id":0,"_jetpack_memberships_contains_paywalled_content":false,"_jetpack_memberships_contains_paid_content":false,"footnotes":""},"categories":[1],"tags":[],"class_list":["post-18053","post","type-post","status-publish","format-standard","hentry","category-bez-kategorii"],"yoast_head":"<!-- This site is optimized with the Yoast SEO plugin v25.1 - https:\/\/yoast.com\/wordpress\/plugins\/seo\/ -->\n<title>Nie l\u0119kajcie si\u0119! - Gaudium Et Spes<\/title>\n<meta name=\"robots\" content=\"index, follow, max-snippet:-1, max-image-preview:large, max-video-preview:-1\" \/>\n<link rel=\"canonical\" href=\"https:\/\/gaudiumetspes-blog.pl\/index.php\/2020\/10\/15\/nie-lekajcie-sie\/\" \/>\n<meta property=\"og:locale\" content=\"pl_PL\" \/>\n<meta property=\"og:type\" content=\"article\" \/>\n<meta property=\"og:title\" content=\"Nie l\u0119kajcie si\u0119! - Gaudium Et Spes\" \/>\n<meta property=\"og:description\" content=\"Szcz\u0119\u015b\u0107 Bo\u017ce! Moi Drodzy, wirus szaleje! Ale nie tylko ten, kt\u00f3rego si\u0119 tak obawiamy, czyli koronawirus, ale o wiele chyba gro\u017aniejszy \u2013 wirus strachu, przygn\u0119bienia, wzajemnej podejrzliwo\u015bci, dezinformacji, dezorientacji, czasami wr\u0119cz z\u0142o\u015bci i agresji. I o ile ten pierwszy zostanie z czasem pokonany, o tyle skutki tych nast\u0119pnych mo\u017cemy odczuwa\u0107 znacznie d\u0142u\u017cej i bardziej dotkliwie. [&hellip;]\" \/>\n<meta property=\"og:url\" content=\"https:\/\/gaudiumetspes-blog.pl\/index.php\/2020\/10\/15\/nie-lekajcie-sie\/\" \/>\n<meta property=\"og:site_name\" content=\"Gaudium Et Spes\" \/>\n<meta property=\"article:published_time\" content=\"2020-10-15T06:52:25+00:00\" \/>\n<meta property=\"article:modified_time\" content=\"2020-10-18T04:38:45+00:00\" \/>\n<meta name=\"author\" content=\"Ks. Jacek\" \/>\n<meta name=\"twitter:card\" content=\"summary_large_image\" \/>\n<meta name=\"twitter:label1\" content=\"Napisane przez\" \/>\n\t<meta name=\"twitter:data1\" content=\"Ks. Jacek\" \/>\n\t<meta name=\"twitter:label2\" content=\"Szacowany czas czytania\" \/>\n\t<meta name=\"twitter:data2\" content=\"3 minuty\" \/>\n<script type=\"application\/ld+json\" class=\"yoast-schema-graph\">{\"@context\":\"https:\/\/schema.org\",\"@graph\":[{\"@type\":\"WebPage\",\"@id\":\"https:\/\/gaudiumetspes-blog.pl\/index.php\/2020\/10\/15\/nie-lekajcie-sie\/\",\"url\":\"https:\/\/gaudiumetspes-blog.pl\/index.php\/2020\/10\/15\/nie-lekajcie-sie\/\",\"name\":\"Nie l\u0119kajcie si\u0119! - Gaudium Et Spes\",\"isPartOf\":{\"@id\":\"https:\/\/gaudiumetspes-blog.pl\/#website\"},\"datePublished\":\"2020-10-15T06:52:25+00:00\",\"dateModified\":\"2020-10-18T04:38:45+00:00\",\"author\":{\"@id\":\"https:\/\/gaudiumetspes-blog.pl\/#\/schema\/person\/1661982992b752dea8dff0d4ed845a65\"},\"breadcrumb\":{\"@id\":\"https:\/\/gaudiumetspes-blog.pl\/index.php\/2020\/10\/15\/nie-lekajcie-sie\/#breadcrumb\"},\"inLanguage\":\"pl-PL\",\"potentialAction\":[{\"@type\":\"ReadAction\",\"target\":[\"https:\/\/gaudiumetspes-blog.pl\/index.php\/2020\/10\/15\/nie-lekajcie-sie\/\"]}]},{\"@type\":\"BreadcrumbList\",\"@id\":\"https:\/\/gaudiumetspes-blog.pl\/index.php\/2020\/10\/15\/nie-lekajcie-sie\/#breadcrumb\",\"itemListElement\":[{\"@type\":\"ListItem\",\"position\":1,\"name\":\"Strona g\u0142\u00f3wna\",\"item\":\"https:\/\/gaudiumetspes-blog.pl\/\"},{\"@type\":\"ListItem\",\"position\":2,\"name\":\"Nie&nbsp;l\u0119kajcie si\u0119!\"}]},{\"@type\":\"WebSite\",\"@id\":\"https:\/\/gaudiumetspes-blog.pl\/#website\",\"url\":\"https:\/\/gaudiumetspes-blog.pl\/\",\"name\":\"Gaudium Et Spes\",\"description\":\"Blog Ks. Jacka Ja\u015bkowskiego\",\"potentialAction\":[{\"@type\":\"SearchAction\",\"target\":{\"@type\":\"EntryPoint\",\"urlTemplate\":\"https:\/\/gaudiumetspes-blog.pl\/?s={search_term_string}\"},\"query-input\":{\"@type\":\"PropertyValueSpecification\",\"valueRequired\":true,\"valueName\":\"search_term_string\"}}],\"inLanguage\":\"pl-PL\"},{\"@type\":\"Person\",\"@id\":\"https:\/\/gaudiumetspes-blog.pl\/#\/schema\/person\/1661982992b752dea8dff0d4ed845a65\",\"name\":\"Ks. Jacek\",\"image\":{\"@type\":\"ImageObject\",\"inLanguage\":\"pl-PL\",\"@id\":\"https:\/\/gaudiumetspes-blog.pl\/#\/schema\/person\/image\/\",\"url\":\"https:\/\/gaudiumetspes-blog.pl\/wp-content\/uploads\/2019\/07\/avatar-JJ-150x150.jpg\",\"contentUrl\":\"https:\/\/gaudiumetspes-blog.pl\/wp-content\/uploads\/2019\/07\/avatar-JJ-150x150.jpg\",\"caption\":\"Ks. Jacek\"},\"description\":\"Witam serdecznie! K\u0142ania si\u0119 Ks. Jacek Ja\u015bkowski. Nie jestem ani kim\u015b wa\u017cnym, ani kim\u015b znanym. Jestem ksi\u0119dzem, kt\u00f3ry po prostu chce rozmawia\u0107. Codzienna kap\u0142a\u0144ska pos\u0142uga pokazuje mi, \u017ce temat\u00f3w do rozm\u00f3w z ksi\u0119dzem jest coraz wi\u0119cej i dzisiaj \u017caden ksi\u0105dz nie mo\u017ce od nich ucieka\u0107, ale - wprost przeciwnie - podejmowa\u0107 nowe wyzwania. To przekonanie sk\u0142oni\u0142o mnie do pr\u00f3by otwarcia tego\u017c bloga, chocia\u017c okazji do rozm\u00f3w na co dzie\u0144 - w konfesjonale i poza nim - na szcz\u0119\u015bcie nie brakuje. My\u015bl\u0119 jednak, \u017ce ten blog b\u0119dzie jeszcze jednym sposobem i przestrzeni\u0105 nawi\u0105zania kontaktu z lud\u017ami dobrej woli, otwartymi na dialog.\",\"url\":\"https:\/\/gaudiumetspes-blog.pl\/index.php\/author\/ks-jacek\/\"}]}<\/script>\n<!-- \/ Yoast SEO plugin. -->","yoast_head_json":{"title":"Nie l\u0119kajcie si\u0119! - Gaudium Et Spes","robots":{"index":"index","follow":"follow","max-snippet":"max-snippet:-1","max-image-preview":"max-image-preview:large","max-video-preview":"max-video-preview:-1"},"canonical":"https:\/\/gaudiumetspes-blog.pl\/index.php\/2020\/10\/15\/nie-lekajcie-sie\/","og_locale":"pl_PL","og_type":"article","og_title":"Nie l\u0119kajcie si\u0119! - Gaudium Et Spes","og_description":"Szcz\u0119\u015b\u0107 Bo\u017ce! Moi Drodzy, wirus szaleje! Ale nie tylko ten, kt\u00f3rego si\u0119 tak obawiamy, czyli koronawirus, ale o wiele chyba gro\u017aniejszy \u2013 wirus strachu, przygn\u0119bienia, wzajemnej podejrzliwo\u015bci, dezinformacji, dezorientacji, czasami wr\u0119cz z\u0142o\u015bci i agresji. I o ile ten pierwszy zostanie z czasem pokonany, o tyle skutki tych nast\u0119pnych mo\u017cemy odczuwa\u0107 znacznie d\u0142u\u017cej i bardziej dotkliwie. [&hellip;]","og_url":"https:\/\/gaudiumetspes-blog.pl\/index.php\/2020\/10\/15\/nie-lekajcie-sie\/","og_site_name":"Gaudium Et Spes","article_published_time":"2020-10-15T06:52:25+00:00","article_modified_time":"2020-10-18T04:38:45+00:00","author":"Ks. Jacek","twitter_card":"summary_large_image","twitter_misc":{"Napisane przez":"Ks. Jacek","Szacowany czas czytania":"3 minuty"},"schema":{"@context":"https:\/\/schema.org","@graph":[{"@type":"WebPage","@id":"https:\/\/gaudiumetspes-blog.pl\/index.php\/2020\/10\/15\/nie-lekajcie-sie\/","url":"https:\/\/gaudiumetspes-blog.pl\/index.php\/2020\/10\/15\/nie-lekajcie-sie\/","name":"Nie l\u0119kajcie si\u0119! - Gaudium Et Spes","isPartOf":{"@id":"https:\/\/gaudiumetspes-blog.pl\/#website"},"datePublished":"2020-10-15T06:52:25+00:00","dateModified":"2020-10-18T04:38:45+00:00","author":{"@id":"https:\/\/gaudiumetspes-blog.pl\/#\/schema\/person\/1661982992b752dea8dff0d4ed845a65"},"breadcrumb":{"@id":"https:\/\/gaudiumetspes-blog.pl\/index.php\/2020\/10\/15\/nie-lekajcie-sie\/#breadcrumb"},"inLanguage":"pl-PL","potentialAction":[{"@type":"ReadAction","target":["https:\/\/gaudiumetspes-blog.pl\/index.php\/2020\/10\/15\/nie-lekajcie-sie\/"]}]},{"@type":"BreadcrumbList","@id":"https:\/\/gaudiumetspes-blog.pl\/index.php\/2020\/10\/15\/nie-lekajcie-sie\/#breadcrumb","itemListElement":[{"@type":"ListItem","position":1,"name":"Strona g\u0142\u00f3wna","item":"https:\/\/gaudiumetspes-blog.pl\/"},{"@type":"ListItem","position":2,"name":"Nie&nbsp;l\u0119kajcie si\u0119!"}]},{"@type":"WebSite","@id":"https:\/\/gaudiumetspes-blog.pl\/#website","url":"https:\/\/gaudiumetspes-blog.pl\/","name":"Gaudium Et Spes","description":"Blog Ks. Jacka Ja\u015bkowskiego","potentialAction":[{"@type":"SearchAction","target":{"@type":"EntryPoint","urlTemplate":"https:\/\/gaudiumetspes-blog.pl\/?s={search_term_string}"},"query-input":{"@type":"PropertyValueSpecification","valueRequired":true,"valueName":"search_term_string"}}],"inLanguage":"pl-PL"},{"@type":"Person","@id":"https:\/\/gaudiumetspes-blog.pl\/#\/schema\/person\/1661982992b752dea8dff0d4ed845a65","name":"Ks. Jacek","image":{"@type":"ImageObject","inLanguage":"pl-PL","@id":"https:\/\/gaudiumetspes-blog.pl\/#\/schema\/person\/image\/","url":"https:\/\/gaudiumetspes-blog.pl\/wp-content\/uploads\/2019\/07\/avatar-JJ-150x150.jpg","contentUrl":"https:\/\/gaudiumetspes-blog.pl\/wp-content\/uploads\/2019\/07\/avatar-JJ-150x150.jpg","caption":"Ks. Jacek"},"description":"Witam serdecznie! K\u0142ania si\u0119 Ks. Jacek Ja\u015bkowski. Nie jestem ani kim\u015b wa\u017cnym, ani kim\u015b znanym. Jestem ksi\u0119dzem, kt\u00f3ry po prostu chce rozmawia\u0107. Codzienna kap\u0142a\u0144ska pos\u0142uga pokazuje mi, \u017ce temat\u00f3w do rozm\u00f3w z ksi\u0119dzem jest coraz wi\u0119cej i dzisiaj \u017caden ksi\u0105dz nie mo\u017ce od nich ucieka\u0107, ale - wprost przeciwnie - podejmowa\u0107 nowe wyzwania. To przekonanie sk\u0142oni\u0142o mnie do pr\u00f3by otwarcia tego\u017c bloga, chocia\u017c okazji do rozm\u00f3w na co dzie\u0144 - w konfesjonale i poza nim - na szcz\u0119\u015bcie nie brakuje. My\u015bl\u0119 jednak, \u017ce ten blog b\u0119dzie jeszcze jednym sposobem i przestrzeni\u0105 nawi\u0105zania kontaktu z lud\u017ami dobrej woli, otwartymi na dialog.","url":"https:\/\/gaudiumetspes-blog.pl\/index.php\/author\/ks-jacek\/"}]}},"jetpack_featured_media_url":"","jetpack_sharing_enabled":true,"_links":{"self":[{"href":"https:\/\/gaudiumetspes-blog.pl\/index.php\/wp-json\/wp\/v2\/posts\/18053","targetHints":{"allow":["GET"]}}],"collection":[{"href":"https:\/\/gaudiumetspes-blog.pl\/index.php\/wp-json\/wp\/v2\/posts"}],"about":[{"href":"https:\/\/gaudiumetspes-blog.pl\/index.php\/wp-json\/wp\/v2\/types\/post"}],"author":[{"embeddable":true,"href":"https:\/\/gaudiumetspes-blog.pl\/index.php\/wp-json\/wp\/v2\/users\/1"}],"replies":[{"embeddable":true,"href":"https:\/\/gaudiumetspes-blog.pl\/index.php\/wp-json\/wp\/v2\/comments?post=18053"}],"version-history":[{"count":2,"href":"https:\/\/gaudiumetspes-blog.pl\/index.php\/wp-json\/wp\/v2\/posts\/18053\/revisions"}],"predecessor-version":[{"id":18093,"href":"https:\/\/gaudiumetspes-blog.pl\/index.php\/wp-json\/wp\/v2\/posts\/18053\/revisions\/18093"}],"wp:attachment":[{"href":"https:\/\/gaudiumetspes-blog.pl\/index.php\/wp-json\/wp\/v2\/media?parent=18053"}],"wp:term":[{"taxonomy":"category","embeddable":true,"href":"https:\/\/gaudiumetspes-blog.pl\/index.php\/wp-json\/wp\/v2\/categories?post=18053"},{"taxonomy":"post_tag","embeddable":true,"href":"https:\/\/gaudiumetspes-blog.pl\/index.php\/wp-json\/wp\/v2\/tags?post=18053"}],"curies":[{"name":"wp","href":"https:\/\/api.w.org\/{rel}","templated":true}]}}