{"id":18114,"date":"2020-10-24T07:59:15","date_gmt":"2020-10-24T05:59:15","guid":{"rendered":"https:\/\/gaudiumetspes-blog.pl\/?p=18114"},"modified":"2020-10-24T07:59:15","modified_gmt":"2020-10-24T05:59:15","slug":"figowiec-w-winnicy","status":"publish","type":"post","link":"https:\/\/gaudiumetspes-blog.pl\/index.php\/2020\/10\/24\/figowiec-w-winnicy\/","title":{"rendered":"Figowiec w winnicy?&#8230;"},"content":{"rendered":"<p align=\"justify\"><span style=\"color: #000000;\"><span style=\"font-family: Book Antiqua, serif;\"><span style=\"font-size: large;\">Szcz\u0119\u015b\u0107 Bo\u017ce! Moi Drodzy, w dniu wczorajszym <b>rocznic\u0119 Chrztu \u015awi\u0119tego prze\u017cywa\u0142a moja Siostrzenica, Weronika Nied\u017awiedzka.<\/b><\/span><\/span><\/span><\/p>\n<p align=\"justify\"><span style=\"color: #000000;\"><span style=\"font-family: Book Antiqua, serif;\"><span style=\"font-size: large;\"><b>Urodziny za\u015b \u2013 i to osiemnaste \u2013 prze\u017cywa\u0142 Jakub Zieli\u0144ski, za moich czas\u00f3w Lektor w Parafii w Miastkowie Ko\u015bcielnym.<\/b><\/span><\/span><\/span><\/p>\n<p align=\"justify\"><span style=\"color: #000000;\"><span style=\"font-family: Book Antiqua, serif;\"><span style=\"font-size: large;\"><b>Dzisiaj natomiast urodziny prze\u017cywaj\u0105:<\/b><\/span><\/span><\/span><\/p>\n<p align=\"justify\"><span style=\"color: #000000;\">\u25ba<span style=\"font-family: Book Antiqua, serif;\"><span style=\"font-size: large;\"><b>Katarzyna Pa\u0142ysa, Mama Jakuba, Lektora z Miastkowa, z kt\u00f3rym nadal wsp\u00f3\u0142pracuj\u0119 w ramach r\u00f3\u017cnych inicjatyw religijnych i m\u0142odzie\u017cowych;<\/b><\/span><\/span><\/span><\/p>\n<p align=\"justify\"><span style=\"color: #000000;\">\u25ba<span style=\"font-family: Book Antiqua, serif;\"><span style=\"font-size: large;\"><b>Dorota Rogulska, nale\u017c\u0105ca w swoim czasie do jednej z m\u0142odzie\u017cowych Wsp\u00f3lnot;<\/b><\/span><\/span><\/span><\/p>\n<p align=\"justify\"><span style=\"color: #000000;\">\u25ba<span style=\"font-family: Book Antiqua, serif;\"><span style=\"font-size: large;\"><b>Mateusz Maksymiuk \u2013 tak\u017ce nale\u017c\u0105cy do jednej ze Wsp\u00f3lnot;<\/b><\/span><\/span><\/span><\/p>\n<p align=\"justify\"><span style=\"color: #000000;\">\u25ba<span style=\"font-family: Book Antiqua, serif;\"><span style=\"font-size: large;\"><b>Maja Zagubie\u0144 \u2013 zaanga\u017cowana w swoim czasie w dzia\u0142alno\u015b\u0107 KSM w Celestynowie.<\/b><\/span><\/span><\/span><\/p>\n<p align=\"justify\"><span style=\"color: #000000;\"><span style=\"font-family: Book Antiqua, serif;\"><span style=\"font-size: large;\"><b>Wszystkim \u015bwi\u0119tuj\u0105cym wczoraj i dzisiaj \u017cycz\u0119 nieustaj\u0105cej blisko\u015bci Pana i bezmiaru \u0142ask z Nieba. Zapewniam o modlitwie!<\/b><\/span><\/span><\/span><\/p>\n<p align=\"justify\"><span style=\"color: #000000;\"><span style=\"font-family: Book Antiqua, serif;\"><span style=\"font-size: large;\"><b>Modlitw\u0105 t\u0105 ogarniam tak\u017ce \u015b.p. El\u017cbiet\u0119 Bisek, Mam\u0119 mojego by\u0142ego Ucznia, a obecnie Ksi\u0119dza, Sebastiana. Niech Pan da Jej Niebo, a ca\u0142ej Rodzinie \u2013 pocieszenie i nadziej\u0119!<\/b><\/span><\/span><\/span><\/p>\n<p align=\"justify\"><span style=\"color: #000000;\"><span style=\"font-family: Book Antiqua, serif;\"><span style=\"font-size: large;\">Dzi\u0119kujemy Bogu za w\u0142a\u015bciwe orzeczenia Trybuna\u0142u Konstytucyjnego w sprawie ochrony \u017cycia. Po tak d\u0142ugim czasie, ale jednak zapad\u0142o orzeczenia zgodne z Prawem Bo\u017cym i prawem polskim. Oby ju\u017c teraz sprawy sz\u0142y we w\u0142a\u015bciwym kierunku.<\/span><\/span><\/span><\/p>\n<p align=\"justify\"><span style=\"color: #000000;\"><span style=\"font-family: Book Antiqua, serif;\"><span style=\"font-size: large;\">Bardzo serdecznie dzi\u0119kujemy Ekipie Syberyjskiej za wczorajsze s\u0142\u00f3wko z Syberii. Wyja\u015bniam, \u017ce trudno\u015bci z zamieszczeniem zdj\u0119\u0107, o kt\u00f3rych wspomnia\u0142 Ksi\u0105dz Marek, wynikaj\u0105 z braku miejsca na serwerze. Moderator poszukuje najlepszego rozwi\u0105zania i wszystko wskazuje na to, \u017ce ju\u017c w najbli\u017cszym czasie wszystko wr\u00f3ci do normy \u2013 i s\u0142\u00f3wka z Syberii b\u0119d\u0105 opatrzone zdj\u0119ciami i filmikami.<\/span><\/span><\/span><\/p>\n<p align=\"justify\"><span style=\"color: #000000;\"><span style=\"font-family: Book Antiqua, serif;\"><span style=\"font-size: large;\">A Wam wszystkim, moi Drodzy, bardzo, ale to bardzo gor\u0105co dzi\u0119kuj\u0119 za nasz\u0105 modlitewn\u0105 jedno\u015b\u0107 w czwartkowy wiecz\u00f3r, w ramach inicjatywy: NIE L\u0118KAJCIE SI\u0118! Ju\u017c przed jej rozpocz\u0119ciem, otrzyma\u0142em wiele zapewnie\u0144 o w\u0142\u0105czeniu si\u0119 we wsp\u00f3ln\u0105 modlitw\u0119. A wczoraj \u2013 tak wiele informacji o tym, \u017ce faktycznie, cz\u0119sto w gronie rodzinnym, ta modlitwa p\u0142yn\u0119\u0142a do Nieba. Przysz\u0142o nawet zdj\u0119cie monitora komputera, na kt\u00f3rym wida\u0107 by\u0142o transmisj\u0119 z Kodnia, a obok, na stoliku \u2013 krzy\u017cyk i zapalon\u0105 \u015bwiec\u0119. Ogromnie dzi\u0119kuj\u0119 za t\u0119 jedno\u015b\u0107! <\/span><\/span><\/span><\/p>\n<p align=\"justify\"><span style=\"color: #000000;\"><span style=\"font-family: Book Antiqua, serif;\"><span style=\"font-size: large;\">Jestem przekonany, \u017ce Niebo cieszy si\u0119 z tego i nie posk\u0105pi nam swoich \u0142ask! Prosz\u0119 jednak, aby to pi\u0119kne wydarzenie nie by\u0142o czym\u015b jednostkowym. Wprost przeciwnie \u2013 prosz\u0119 o codzienn\u0105, \u017carliw\u0105, najlepiej wsp\u00f3lnot\u0105 modlitw\u0119, w naszych rodzinach. Wsp\u00f3lnie czytajmy Pismo \u015awi\u0119te! Ale te\u017c zadbajmy o sta\u0142y stan \u0142aski u\u015bwi\u0119caj\u0105cej i o zapraszanie Jezusa do serca w Komunii \u015awi\u0119tej!<\/span><\/span><\/span><\/p>\n<p align=\"justify\"><span style=\"color: #000000;\"><span style=\"font-family: Book Antiqua, serif;\"><span style=\"font-size: large;\">Tylko w Nim jest nasza nadzieja i pomoc w trudno\u015bciach! Tylko w Nim \u2013 i w opiece Jego i naszej Matki! Pami\u0119tajmy te\u017c o realizacji podj\u0119tych dobrych postanowie\u0144!<\/span><\/span><\/span><\/p>\n<p align=\"justify\"><span style=\"color: #000000;\"><span style=\"font-family: Book Antiqua, serif;\"><span style=\"font-size: large;\">A oto dzisiaj \u2013 jak w ka\u017cd\u0105 sobot\u0119 \u2013 s\u0142\u00f3wko Ksi\u0119dza Leszka. Bardzo serdecznie za nie dzi\u0119kuj\u0119 \u2013 za wiele cennych i potrzebnym nam wskaz\u00f3wek, w nim zawartych! Zapraszam do refleksji i do znalezienia tej <b>jednej, jedynej my\u015bli, kt\u00f3r\u0105 Pan tak szczeg\u00f3lnie dzisiaj do mnie osobi\u015bcie kieruje.<\/b><\/span><\/span><\/span><\/p>\n<p align=\"justify\"><span style=\"color: #000000;\"><span style=\"font-family: Book Antiqua, serif;\"><span style=\"font-size: large;\"><b>Niech Was b\u0142ogos\u0142awi B\u00f3g Wszechmog\u0105cy: Ojciec + i Syn, i Duch \u015awi\u0119ty. Amen<\/b><\/span><\/span><\/span><\/p>\n<p align=\"center\"><span style=\"color: #000000;\"><span style=\"font-family: Book Antiqua, serif;\"><span style=\"font-size: large;\">Gaudium et spes! Ks. Jacek<\/span><\/span><\/span><\/p>\n<p align=\"center\">\n<p align=\"center\">\n<p align=\"center\">\n<p align=\"center\">\n<p align=\"center\">\n<p align=\"justify\"><span style=\"color: #000000;\"><span style=\"font-family: Book Antiqua, serif;\"><span style=\"font-size: large;\"><b>Sobota 29 Tygodnia zwyk\u0142ego, rok II,<\/b><\/span><\/span><\/span><\/p>\n<p align=\"justify\"><span style=\"color: #000000;\"><span style=\"font-family: Book Antiqua, serif;\"><span style=\"font-size: large;\"><b>24 pa\u017adziernika 2020.,<\/b><\/span><\/span><\/span><\/p>\n<p align=\"justify\"><span style=\"color: #000000;\"><span style=\"font-family: Book Antiqua, serif;\"><span style=\"font-size: large;\"><b>do czyta\u0144: Ef 4,7\u201316; \u0141k 13,1\u20139<\/b><\/span><\/span><\/span><\/p>\n<p align=\"justify\">\n<p align=\"justify\">\n<p align=\"justify\">\n<p align=\"justify\">\n<p align=\"justify\">\n<p align=\"justify\"><span style=\"color: #000000;\"><span style=\"font-family: Book Antiqua, serif;\"><span style=\"font-size: large;\"><b>CZYTANIE Z LISTU \u015aWI\u0118TEGO PAW\u0141A APOSTO\u0141A DO EFEZJAN: <\/b><\/span><\/span><\/span><\/p>\n<p align=\"justify\"><span style=\"color: #000000;\"><span style=\"font-family: Book Antiqua, serif;\"><span style=\"font-size: large;\"><b>Bracia: Ka\u017cdemu z nas zosta\u0142a dana \u0142aska wed\u0142ug miary daru Chrystusowego. <\/b><\/span><\/span><\/span><\/p>\n<p align=\"justify\"><span style=\"color: #000000;\"><span style=\"font-family: Book Antiqua, serif;\"><span style=\"font-size: large;\"><b>Dlatego m\u00f3wi Pismo: \u201eWst\u0105piwszy do g\u00f3ry wzi\u0105\u0142 do niewoli je\u0144c\u00f3w, rozda\u0142 ludziom dary\u201d. S\u0142owo za\u015b \u201ewst\u0105pi\u0142\u201d c\u00f3\u017c oznacza, je\u015bli nie to, \u017ce r\u00f3wnie\u017c zst\u0105pi\u0142 do ni\u017cszych cz\u0119\u015bci ziemi? <\/b><\/span><\/span><\/span><\/p>\n<p align=\"justify\"><span style=\"color: #000000;\"><span style=\"font-family: Book Antiqua, serif;\"><span style=\"font-size: large;\"><b>Ten, kt\u00f3ry zst\u0105pi\u0142, jest i Tym, kt\u00f3ry wst\u0105pi\u0142 ponad wszystkie niebiosa, aby wszystko nape\u0142ni\u0107.<\/b><\/span><\/span><\/span><\/p>\n<p align=\"justify\"><span style=\"color: #000000;\"><span style=\"font-family: Book Antiqua, serif;\"><span style=\"font-size: large;\"><b>I On ustanowi\u0142 jednych aposto\u0142ami, innych prorokami, innych ewangelistami, innych pasterzami i nauczycielami dla przysposobienia \u015bwi\u0119tych do wykonywania pos\u0142ugi, celem budowania Cia\u0142a Chrystusowego, a\u017c dojdziemy wszyscy razem do jedno\u015bci wiary i pe\u0142nego poznania Syna Bo\u017cego, do cz\u0142owieka doskona\u0142ego, do miary wielko\u015bci wed\u0142ug Pe\u0142ni Chrystusa. Chodzi o to, aby\u015bmy ju\u017c nie byli dzie\u0107mi, kt\u00f3rymi miotaj\u0105 fale i porusza ka\u017cdy powiew nauki na skutek oszustwa ze strony ludzi i przebieg\u0142o\u015bci w sprowadzaniu na manowce fa\u0142szu. Natomiast \u017cyj\u0105c prawdziwie w mi\u0142o\u015bci sprawmy, by wszystko ros\u0142o ku Temu, kt\u00f3ry jest G\u0142ow\u0105, ku Chrystusowi. Z Niego ca\u0142e Cia\u0142o, zespalane i utrzymywane w \u0142\u0105czno\u015bci dzi\u0119ki ca\u0142ej wi\u0119zi umacniaj\u0105cej ka\u017cdego z cz\u0142onk\u00f3w stosownie do jego miary, przyczynia sobie wzrostu dla budowania siebie w mi\u0142o\u015bci.<\/b><\/span><\/span><\/span><\/p>\n<p align=\"justify\">\n<p align=\"justify\">\n<p align=\"justify\">\n<p align=\"justify\">\n<p align=\"justify\">\n<p align=\"justify\"><span style=\"color: #000000;\"><span style=\"font-family: Book Antiqua, serif;\"><span style=\"font-size: large;\"><b>S\u0141OWA EWANGELII WED\u0141UG \u015aWI\u0118TEGO \u0141UKASZA:<\/b><\/span><\/span><\/span><\/p>\n<p align=\"justify\"><span style=\"color: #000000;\"><span style=\"font-family: Book Antiqua, serif;\"><span style=\"font-size: large;\"><b>W tym czasie przyszli niekt\u00f3rzy i donie\u015bli Jezusowi o Galilejczykach, kt\u00f3rych krew Pi\u0142at zmiesza\u0142 z krwi\u0105 ich ofiar. Jezus im odpowiedzia\u0142: \u201eCzy\u017c my\u015blicie, \u017ce ci Galilejczycy byli wi\u0119kszymi grzesznikami ni\u017c inni mieszka\u0144cy Galilei, \u017ce to ucierpieli? Bynajmniej, powiadam wam; lecz je\u015bli si\u0119 nie nawr\u00f3cicie, wszyscy podobnie zginiecie. <\/b><\/span><\/span><\/span><\/p>\n<p align=\"justify\"><span style=\"color: #000000;\"><span style=\"font-family: Book Antiqua, serif;\"><span style=\"font-size: large;\"><b>Albo my\u015blicie, \u017ce owych osiemnastu, na kt\u00f3rych zwali\u0142a si\u0119 wie\u017ca w Siloe i zabi\u0142a ich, by\u0142o wi\u0119kszymi winowajcami ni\u017c inni mieszka\u0144cy Jerozolimy? Bynajmniej, powiadam wam; lecz je\u015bli si\u0119 nie nawr\u00f3cicie, wszyscy tak samo zginiecie\u201d.<\/b><\/span><\/span><\/span><\/p>\n<p align=\"justify\"><span style=\"color: #000000;\"><span style=\"font-family: Book Antiqua, serif;\"><span style=\"font-size: large;\"><b>I opowiedzia\u0142 im nast\u0119puj\u0105c\u0105 przypowie\u015b\u0107: \u201ePewien cz\u0142owiek mia\u0142 drzewo figowe zasadzone w swojej winnicy; przyszed\u0142 i szuka\u0142 na nim owoc\u00f3w, ale nie znalaz\u0142. <\/b><\/span><\/span><\/span><\/p>\n<p align=\"justify\"><span style=\"color: #000000;\"><span style=\"font-family: Book Antiqua, serif;\"><span style=\"font-size: large;\"><b>Rzek\u0142 wi\u0119c do ogrodnika: \u00abOto ju\u017c trzy lata, odk\u0105d przychodz\u0119 i szukam owocu na tym drzewie figowym, a nie znajduj\u0119. Wytnij je: po co jeszcze ziemi\u0119 wyja\u0142awia?\u00bb <\/b><\/span><\/span><\/span><\/p>\n<p align=\"justify\"><span style=\"color: #000000;\"><span style=\"font-family: Book Antiqua, serif;\"><span style=\"font-size: large;\"><b>Lecz on mu odpowiedzia\u0142: \u00abPanie, jeszcze na ten rok je pozostaw; ja okopi\u0119 je i ob\u0142o\u017c\u0119 nawozem; mo\u017ce wyda owoc. A je\u015bli nie, w przysz\u0142o\u015bci mo\u017cesz je wyci\u0105\u0107\u00bb\u201d.<\/b><\/span><\/span><\/span><\/p>\n<p align=\"justify\">\n<p align=\"justify\">\n<p align=\"justify\">\n<p align=\"justify\">\n<p align=\"justify\">\n<p align=\"center\"><span style=\"color: #000000;\"><span style=\"font-family: Book Antiqua, serif;\"><span style=\"font-size: large;\"><b>A OTO S\u0141\u00d3WKO KSI\u0118DZA LESZKA:<\/b><\/span><\/span><\/span><\/p>\n<p align=\"center\">\n<p align=\"center\">\n<p align=\"center\">\n<p align=\"center\">\n<p align=\"center\">\n<p align=\"justify\"><span style=\"font-size: large;\"><span style=\"color: #000000;\"><span style=\"font-family: Book Antiqua, serif;\">Dzisiejsza Ewangelia jest niezwykle pi\u0119kna, ale zarazem tak po ludzku szalenie trudna. Jest w niej wiele rzeczy, o kt\u00f3rych mo\u017cna by by\u0142o pisa\u0107, ale dzisiaj chcia\u0142bym zwr\u00f3ci\u0107 uwag\u0119 na dwie bardzo istotne kwestie, kt\u00f3re trzeba podkre\u015bla\u0107 i zawsze przypomina\u0107. <\/span><\/span><\/span><\/p>\n<p align=\"justify\"><b><span style=\"color: #000000;\"><span style=\"font-family: Book Antiqua, serif;\"><span style=\"font-size: large;\"><span lang=\"pl-PL\"><i>W tym czasie przyszli jacy\u015b ludzie i donie\u015bli Jezusowi o<\/i><\/span><\/span><\/span><\/span><\/b><b> <\/b><b><span style=\"color: #000000;\"><span style=\"font-family: Book Antiqua, serif;\"><span style=\"font-size: large;\"><span lang=\"pl-PL\"><i>Galilejczykach<\/i><\/span><\/span><\/span><\/span><\/b><b><span style=\"color: #000000;\"><span style=\"font-family: Book Antiqua, serif;\"><span style=\"font-size: large;\"><span lang=\"pl-PL\">, <\/span><\/span><\/span><\/span><\/b><b><span style=\"color: #000000;\"><span style=\"font-family: Book Antiqua, serif;\"><span style=\"font-size: large;\"><span lang=\"pl-PL\"><i>kt\u00f3rych krew Pi\u0142at zmiesza\u0142 z krwi\u0105 ich ofiar\u201d &#8211; Jezus im odpowiedzia\u0142: \u00abCzy\u017c my\u015blicie, \u017ce ci Galilejczycy byli wi\u0119kszymi grzesznikami ni\u017c inni mieszka\u0144cy Galilei, i\u017c to ucierpieli? Bynajmniej, powiadam wam.<\/i><\/span><\/span><\/span><\/span><\/b><\/p>\n<p align=\"justify\"><span style=\"color: #000000;\"><span style=\"font-family: Book Antiqua, serif;\"><span style=\"font-size: large;\">Katastrofa, choroba, cierpienie \u2013 trwaj\u0105ce kr\u00f3cej b\u0105d\u017a d\u0142u\u017cej trudne momenty w naszym \u017cyciu, gdy co\u015b si\u0119 tak po ludzku psuje. Ile\u017c razy s\u0142yszymy i ta my\u015bl niestety cz\u0119sto powraca jak bumerang<br \/>\nu chrze\u015bcijan, \u017ce te nieszcz\u0119\u015bcia to kara \u2013 tak, jak w Ewangelii sugeruj\u0105 jacy\u015b ludzie. Wie\u017ca zwali\u0142a si\u0119, bo kto\u015b by\u0142 grzesznikiem, to kara za jego post\u0119powanie. Jak \u0142atwo przychodzi nam ocena innych<br \/>\nw tym wypadku, ale oczywi\u015bcie nie to jest tu najwa\u017cniejsze. Pan Jezus m\u00f3wi \u2013 <\/span><\/span><\/span><span style=\"color: #000000;\"><span style=\"font-family: Book Antiqua, serif;\"><span style=\"font-size: large;\"><i><b>bynajmniej.<\/b><\/i><\/span><\/span><\/span><span style=\"color: #000000;\"><span style=\"font-family: Book Antiqua, serif;\"><span style=\"font-size: large;\"> Nie ma prze\u0142o\u017cenia grzechu na kar\u0119. Pan Jezus to bardzo mocno podkre\u015bla. Czy owych osiemnastu w Siloam <\/span><\/span><\/span><b><span style=\"color: #000000;\"><span style=\"font-family: Book Antiqua, serif;\"><span style=\"font-size: large;\"><span lang=\"pl-PL\"><i>by\u0142o wi\u0119kszymi winowajcami ni\u017c inni mieszka\u0144cy Jeruzalem? Bynajmniej. <\/i><\/span><\/span><\/span><\/span><\/b><\/p>\n<p align=\"justify\"><span style=\"color: #000000;\"><span style=\"font-family: Book Antiqua, serif;\"><span style=\"font-size: large;\"><span lang=\"pl-PL\">Pan Jezus m\u00f3wi tu dok\u0142adnie, \u017ce to nie jest kwestia tego, \u017ce ci, co zgin\u0119li, byli grzesznikami, a ci, co prze\u017cyli, nie byli. <\/span><\/span><\/span><\/span><b><span style=\"color: #000000;\"><span style=\"font-family: Book Antiqua, serif;\"><span style=\"font-size: large;\"><span lang=\"pl-PL\"><i>Bynajmniej<\/i><\/span><\/span><\/span><\/span><\/b><span style=\"color: #000000;\"><span style=\"font-family: Book Antiqua, serif;\"><span style=\"font-size: large;\"><span lang=\"pl-PL\">.<\/span><\/span><\/span><\/span><\/p>\n<p align=\"justify\"><span style=\"color: #000000;\"><span style=\"font-family: Book Antiqua, serif;\"><span style=\"font-size: large;\"><span lang=\"pl-PL\">Oczywi\u015bcie, istnieje konsekwencja grzechu. <\/span><\/span><\/span><\/span><span style=\"color: #000000;\"><span style=\"font-family: Book Antiqua, serif;\"><span style=\"font-size: large;\">Je\u017celi grzeszysz, to sam na siebie \u015bci\u0105gasz jakie\u015b konsekwencje. Je\u017celi palisz, czy pijesz \u2013 sam skazujesz siebie na trwanie w niebezpiecznym na\u0142ogu, kt\u00f3ry <\/span><\/span><\/span><span style=\"color: #000000;\"><span style=\"font-family: Book Antiqua, serif;\"><span style=\"font-size: large;\">w ko\u0144cu<\/span><\/span><\/span><span style=\"color: #000000;\"><span style=\"font-family: Book Antiqua, serif;\"><span style=\"font-size: large;\"> mo\u017ce doprowadzi\u0107 do Twojej \u015bmierci, czy rozpadu rodziny. W ten spos\u00f3b jest wymierzona w grzechu kara, ten grzech sam za sob\u0105 niesie kar\u0119. <\/span><\/span><\/span><\/p>\n<p align=\"justify\"><span style=\"font-size: large;\"><span style=\"color: #000000;\"><span style=\"font-family: Book Antiqua, serif;\">Ale trzeba wyrzuci\u0107 tak\u0105 my\u015bl z serca, \u017ce za m\u00f3j grzech Pan B\u00f3g ze\u015ble na mnie jakie\u015b nieszcz\u0119\u015bcie, chorob\u0119, kalectwo, \u015bmier\u0107 \u2013 to b\u0119dzie kara. NIE. Ale nie mo\u017cemy te\u017c tego interpretowa\u0107 w ten spos\u00f3b, \u017ce mo\u017cemy sobie grzeszy\u0107, trwa\u0107 w grzechu i nie b\u0119dzie tego \u017cadnych konsekwencji. Oczywi\u015bcie, \u017ce nie o to chodzi. Grzechy nios\u0105 za sob\u0105 konsekwencje. Ale Jezus w tej Ewangelii pokazuje jedn\u0105 bardzo ciekaw\u0105 rzecz. Wymaga od nas wi\u0119kszego wysi\u0142ku, \u017ceby poj\u0105\u0107 niezwyk\u0142\u0105 logik\u0119 Pana Boga.<\/span><\/span><\/span><\/p>\n<p align=\"justify\"><span style=\"font-size: large;\"><span style=\"color: #000000;\"><span style=\"font-family: Book Antiqua, serif;\">Jezus wyk\u0142ada bardzo dziwn\u0105 przypowie\u015b\u0107. Jak wiadomo ona przez symbole ma co\u015b nam zobrazowa\u0107 \u2013 nie interpretujemy jej dos\u0142ownie. <\/span><\/span><\/span><\/p>\n<p align=\"justify\"><span style=\"font-size: large;\"><span style=\"color: #000000;\"><span style=\"font-family: Book Antiqua, serif;\">Jezus m\u00f3wi o winnicy, w kt\u00f3rej ro\u015bnie figowiec. Drzewo, kt\u00f3re zupe\u0142nie nie pasuje do <\/span><\/span><span style=\"color: #000000;\"><span style=\"font-family: Book Antiqua, serif;\">t<\/span><\/span><span style=\"color: #000000;\"><span style=\"font-family: Book Antiqua, serif;\">ego miejsca \u2013 przecie\u017c to nie gaj figowy, tu rosn\u0105 winoro\u015ble. Na pierwszy rzut oka, to bezsensowne zestawienie. Figowiec jest do\u015b\u0107 du\u017cym drzewem, zatem pobiera z ziemi du\u017c\u0105 ilo\u015b\u0107 wody i minera\u0142\u00f3w, rozrasta si\u0119 i zabiera winoro\u015blom po\u017cywienie. Ma s\u0142odziutkie owoce, wi\u0119c sum\u0105 rzeczy przyci\u0105ga ptaki\u2026<\/span><\/span><\/span><\/p>\n<p align=\"justify\"><span style=\"font-size: large;\"><span style=\"color: #000000;\"><span style=\"font-family: Book Antiqua, serif;\">Ile razy w naszym \u017cyciu pojawi\u0105 si\u0119 takie wydarzenia, sytuacje, ludzie w\u0142a\u015bnie tacy, jak ten figowiec w winoro\u015bli? Ile\u017c razy pytamy si\u0119 Pana Boga: \u201ePanie Bo\u017ce, po co mi to tu posadzi\u0142e\u015b? To <\/span><\/span><span style=\"color: #000000;\"><span style=\"font-family: Book Antiqua, serif;\">nie ma<\/span><\/span><span style=\"color: #000000;\"><span style=\"font-family: Book Antiqua, serif;\"> sens<\/span><\/span><span style=\"color: #000000;\"><span style=\"font-family: Book Antiqua, serif;\">u \u2013 to<\/span><\/span><span style=\"color: #000000;\"><span style=\"font-family: Book Antiqua, serif;\"> zabiera moj\u0105 <\/span><\/span><span style=\"color: #000000;\"><span style=\"font-family: Book Antiqua, serif;\">przestrze\u0144 przeszkadza mi<\/span><\/span><span style=\"color: #000000;\"><span style=\"font-family: Book Antiqua, serif;\">, to jest co\u015b bardzo niedobrego w moim \u017cyciu. P<\/span><\/span><span style=\"color: #000000;\"><span style=\"font-family: Book Antiqua, serif;\">o<\/span><\/span><span style=\"color: #000000;\"><span style=\"font-family: Book Antiqua, serif;\"> co, Panie Bo\u017ce, dajesz mi to wydarzenie w moim \u017cyciu?\u201d<\/span><\/span><\/span><\/p>\n<p align=\"justify\"><span style=\"font-size: large;\"><span style=\"color: #000000;\"><span style=\"font-family: Book Antiqua, serif;\">M\u0105drzy ludzie m\u00f3wi\u0105, \u017ce ten figowiec po\u015br\u00f3d tych winoro\u015bli jest bardzo sensowny. To, \u017ce on tam jest, <\/span><\/span><span style=\"color: #000000;\"><span style=\"font-family: Book Antiqua, serif;\">wyra\u017ca konkretn\u0105 my\u015bl Jezusa<\/span><\/span><span style=\"color: #000000;\"><span style=\"font-family: Book Antiqua, serif;\">. By\u0107 mo\u017ce, <\/span><\/span><span style=\"color: #000000;\"><span style=\"font-family: Book Antiqua, serif;\">drzewo to<\/span><\/span><span style=\"color: #000000;\"><span style=\"font-family: Book Antiqua, serif;\"> faktycznie troch\u0119 tych sok\u00f3w winoro\u015blom podbierze, ale je\u017celi jest dobrze wyro\u015bni\u0119ty i okaza\u0142y, ma s\u0142odkie figi, kt\u00f3re b\u0119d\u0105 zjada\u0107 ptaki. Skoro ptaki b\u0119d\u0105 je\u015b\u0107 s\u0142odkie figi \u2013 to nie rusz\u0105 winoro\u015bli, kt\u00f3re b\u0119d\u0105 mog\u0142y wyda\u0107 wspania\u0142e owoce. <\/span><\/span><\/span><\/p>\n<p align=\"justify\"><span style=\"font-size: large;\"><span style=\"color: #000000;\"><span style=\"font-family: Book Antiqua, serif;\">Figowiec jest zatem bardzo m\u0105dr\u0105 inwestycj\u0105, z pozoru nie s\u0142u\u017cy <\/span><\/span><span style=\"color: #000000;\"><span style=\"font-family: Book Antiqua, serif;\">dobru,<\/span><\/span><span style=\"color: #000000;\"><span style=\"font-family: Book Antiqua, serif;\"> ale de facto on jest czym\u015b, co chroni winnic<\/span><\/span><span style=\"color: #000000;\"><span style=\"font-family: Book Antiqua, serif;\">\u0119<\/span><\/span><span style=\"color: #000000;\"><span style=\"font-family: Book Antiqua, serif;\">. To figowiec koncentruje na sobie z\u0142o, on odbiera ataki tych, <\/span><\/span><span style=\"color: #000000;\"><span style=\"font-family: Book Antiqua, serif;\">kt\u00f3rzy<\/span><\/span><span style=\"color: #000000;\"><span style=\"font-family: Book Antiqua, serif;\"> mog<\/span><\/span><span style=\"color: #000000;\"><span style=\"font-family: Book Antiqua, serif;\">li<\/span><\/span><span style=\"color: #000000;\"><span style=\"font-family: Book Antiqua, serif;\">by zniszczy\u0107 wszystkie owoce. <\/span><\/span><\/span><\/p>\n<p align=\"justify\"><span style=\"font-size: large;\"><span style=\"color: #000000;\"><span style=\"font-family: Book Antiqua, serif;\">Dok\u0142adnie tak samo jest z tymi trudnymi sytuacjami, katastrofami, tragediami w naszym \u017cyciu. Na pierwszy rzut oka, s\u0105 one niszcz\u0105ce \u2013 topi\u0105 nas. Ale Pan B\u00f3g si\u0119 czasem zgadza w naszym \u017cyciu na takie sytuacje \u2013 na takie figowce. Warto zaznaczy\u0107 raz jeszcze, <\/span><\/span><span style=\"color: #000000;\"><span style=\"font-family: Book Antiqua, serif;\">\u017ce<\/span><\/span><span style=\"color: #000000;\"><span style=\"font-family: Book Antiqua, serif;\"> nie ZSY\u0141A jako KAR\u0118, ale ZGADZA si\u0119, by co\u015b takiego si\u0119 wydarzy\u0142o i wykorzystuje <\/span><\/span><span style=\"color: #000000;\"><span style=\"font-family: Book Antiqua, serif;\">to<\/span><\/span><span style=\"color: #000000;\"><span style=\"font-family: Book Antiqua, serif;\">, by w ten spos\u00f3b uchroni\u0107 nas przed z\u0142em. Pan B\u00f3g nie chce z\u0142a w naszym \u017cyciu, ale wykorzystuje je dla nas, dla naszych owoc\u00f3w.<\/span><\/span><\/span><\/p>\n<p align=\"justify\"><span style=\"font-size: large;\"><span style=\"color: #000000;\"><span style=\"font-family: Book Antiqua, serif;\">To niezwykle trudne, ale tak jest. Lepiej by\u0142oby bez trudno\u015bci, ale okazuje si\u0119, \u017ce bez nich nie b\u0119dziemy mogli zaowocowa\u0107 tak, jak powinni\u015bmy zaowocowa\u0107.<\/span><\/span><\/span><\/p>\n<p align=\"justify\"><span style=\"font-size: large;\"><span style=\"color: #000000;\"><span style=\"font-family: Book Antiqua, serif;\">Warto raz jeszcze podkre\u015bli\u0107 t\u0119 r\u00f3\u017cnic\u0119 mi\u0119dzy zes\u0142aniem czego\u015b na kogo\u015b, a dopuszczeniem czego\u015b. Pan B\u00f3g nie jest tym, <\/span><\/span><span style=\"color: #000000;\"><span style=\"font-family: Book Antiqua, serif;\">kt\u00f3ry<\/span><\/span><span style=\"color: #000000;\"><span style=\"font-family: Book Antiqua, serif;\"> zsy\u0142a z\u0142o na cz\u0142owieka, ka\u017ce go za grzechy i <\/span><\/span><span style=\"color: #000000;\"><span style=\"font-family: Book Antiqua, serif;\">z<\/span><\/span><span style=\"color: #000000;\"><span style=\"font-family: Book Antiqua, serif;\">sy\u0142a nieszcz\u0119\u015bcie. Pan B\u00f3g, w momencie, kiedy dzieje si\u0119 co\u015b z\u0142ego w naszym \u017cyciu, kiedy pojawia si\u0119 ten przypowie\u015bciowy figowiec \u2013 m\u00f3wi do mnie i do Ciebie: \u201e<\/span><\/span><span style=\"color: #000000;\"><span style=\"font-family: Book Antiqua, serif;\">J<\/span><\/span><span style=\"color: #000000;\"><span style=\"font-family: Book Antiqua, serif;\">a go tak przemieni<\/span><\/span><span style=\"color: #000000;\"><span style=\"font-family: Book Antiqua, serif;\">\u0119<\/span><\/span><span style=\"color: #000000;\"><span style=\"font-family: Book Antiqua, serif;\">, \u017ce on si\u0119 oka\u017ce dla Ciebie obron\u0105 \u2013 to b\u0119dzie dla Ciebie co\u015b, co pozwoli Ci jeszcze lepiej zaowocowa\u0107.\u201d <\/span><\/span><\/span><\/p>\n<p align=\"justify\"><span style=\"font-size: large;\"><span style=\"color: #000000;\"><span style=\"font-family: Book Antiqua, serif;\">Ale niestety tu cz\u0119sto rodzi si\u0119 problem. Ile\u017c razy ten figowiec jest bezp\u0142odny \u2013 bezowocny \u2013 jak w przypowie\u015bci. Nie znajdujemy sensu w <\/span><\/span><span style=\"color: #000000;\"><span style=\"font-family: Book Antiqua, serif;\">fakcie jego istnienia<\/span><\/span><span style=\"color: #000000;\"><span style=\"font-family: Book Antiqua, serif;\">, \u017ale go uprawiamy i w zwi\u0105zku z tym on nie przynosi owoc\u00f3w \u2013 nie spe\u0142nia swojej roli. I dlatego mn\u00f3stwo tych trudnych chwil w naszym \u017cyciu \u2013 nie spe\u0142nia swojej roli. My nie szukamy w nich sensu, tylko buntujemy si\u0119. Dlaczego spotyka to mnie, Panie Bo\u017ce \u2013 m\u00f3wimy.<\/span><\/span><\/span><\/p>\n<p align=\"justify\"><span style=\"font-size: large;\"><span style=\"color: #000000;\"><span style=\"font-family: Book Antiqua, serif;\">Nie chodzi oczywi\u015bcie o to, \u017ce mamy z rado\u015bci\u0105 przyjmowa\u0107 wszelkie nieszcz\u0119\u015bcia w naszym \u017cyciu, oczekiwa\u0107 na nie \u2013 oczywi\u015bcie, \u017ce nie \u2013 ale mamy ZAUFA\u0106, \u017ce w tej KONKRETNEJ sytuacji Pan B\u00f3g dzia\u0142a i wie co robi. Mamy by\u0107 jak ten ogrodnik z przypowie\u015bci \u2013 mamy okopa\u0107 figow<\/span><\/span><span style=\"color: #000000;\"><span style=\"font-family: Book Antiqua, serif;\">iec<\/span><\/span><span style=\"color: #000000;\"><span style=\"font-family: Book Antiqua, serif;\">, nawozi\u0107 go: <\/span><\/span><span style=\"color: #000000;\"><span style=\"font-family: Book Antiqua, serif;\">\u201ePanie Bo\u017ce, wierz\u0119, \u017ce to ma sens; wierz\u0119, \u017ce mnie w tym prowadzisz i dzi\u0119ki tej sytuacji mnie ocalisz\u201d.<\/span><\/span><i> <\/i><span style=\"color: #000000;\"><span style=\"font-family: Book Antiqua, serif;\">Tylko je\u017celi b\u0119dziemy w ten spos\u00f3b my\u015ble\u0107 i to interpretowa\u0107, <\/span><\/span><span style=\"color: #000000;\"><span style=\"font-family: Book Antiqua, serif;\">w\u00f3wczas<\/span><\/span><span style=\"color: #000000;\"><span style=\"font-family: Book Antiqua, serif;\"> figowiec mo\u017ce zaowocowa\u0107.<\/span><\/span><\/span><\/p>\n<p align=\"justify\"><span style=\"font-size: large;\"><span style=\"color: #000000;\"><span style=\"font-family: Book Antiqua, serif;\">I tu warto podkre\u015bli\u0107, jaki Pan B\u00f3g jest wobec nas CIERPLIWY. Przecie\u017c mijaj\u0105 lata, cz\u0119sto nie mamy \u017cadnych owoc\u00f3w, a jednak On ma nadziej\u0119 i wierzy, \u017ce jeszcze ten owoc si\u0119 pojawi\u2026 Mo\u017ce jednak uda si\u0119 nam wykorzysta\u0107 t\u0119 sytuacj\u0119, t\u0119 katastrof\u0119, do czego\u015b niezwyk\u0142ego, do przemiany, do wyj\u015bcia z grobu grzechu, w kt\u00f3rym tkwimy nieraz d\u0142ugie lata, oszukuj\u0105c siebie i innych. <\/span><\/span><\/span><\/p>\n<p align=\"justify\"><span style=\"font-size: large;\"><span style=\"color: #000000;\"><span style=\"font-family: Book Antiqua, serif;\">Oczywi\u015bcie, nie odbierajmy tego <\/span><\/span><span style=\"color: #000000;\"><span style=\"font-family: Book Antiqua, serif;\">r\u00f3wnie\u017c <\/span><\/span><span style=\"color: #000000;\"><span style=\"font-family: Book Antiqua, serif;\">w ten spos\u00f3b, \u017ce czekamy na te nieszcz\u0119\u015bcia, a\u017ceby si\u0119 poprawia\u0107. Nie, nie, nie! Je\u017celi nie ma w naszym \u017cyciu tych figowc\u00f3w &#8211; to chwa\u0142a Panu, cieszmy si\u0119 z tego! Ale je\u017celi one s\u0105, to trzeba potrafi\u0107 w nich dostrzec, \u017ce Pan B\u00f3g jest w stanie zrobi\u0107 z nimi co\u015b, co pozwoli nam zaowocowa\u0107. Okopmy je, chciejmy je nawozi\u0107 &#8211; b\u0105d\u017amy dobrymi rolnikami. Podlewajmy je wiar\u0105, nadziej\u0105, mi\u0142o\u015bci\u0105, a nade wszystko ZAUFANIEM. Z takim nawozem na pewno narodz\u0105 si\u0119 niezwyk\u0142e owoce. <\/span><\/span><\/span><\/p>\n<p align=\"justify\"><span style=\"font-size: large;\"><span style=\"color: #000000;\"><span style=\"font-family: Book Antiqua, serif;\">Pro\u015bmy dzi\u015b zatem o t\u0119 si\u0142\u0119 do uprawy \u2013 do tego ZAUFANIA Panu Bogu w trudnych momentach naszego \u017cycia. Nauczymy si\u0119 czerpa\u0107 z tych naszych figowc\u00f3w jak najwi\u0119cej owoc\u00f3w. <\/span><\/span><\/span><\/p>\n<p align=\"justify\"><span style=\"color: #000000;\"><span style=\"font-family: Book Antiqua, serif;\"><span style=\"font-size: large;\">Niech te wszelkie nieszcz\u0119\u015bcia i katastrofy w naszym \u017cyciu, trudno\u015bci, kt\u00f3re napotykamy pozwol\u0105 nam zaowocowa\u0107 w cudowny spos\u00f3b!<\/span><\/span><\/span><\/p>\n","protected":false},"excerpt":{"rendered":"<p>Szcz\u0119\u015b\u0107 Bo\u017ce! Moi Drodzy, w dniu wczorajszym rocznic\u0119 Chrztu \u015awi\u0119tego prze\u017cywa\u0142a moja Siostrzenica, Weronika Nied\u017awiedzka. Urodziny za\u015b \u2013 i to osiemnaste \u2013 prze\u017cywa\u0142 Jakub Zieli\u0144ski, za moich czas\u00f3w Lektor w Parafii w Miastkowie Ko\u015bcielnym. Dzisiaj natomiast urodziny prze\u017cywaj\u0105: \u25baKatarzyna Pa\u0142ysa, Mama Jakuba, Lektora z Miastkowa, z kt\u00f3rym nadal wsp\u00f3\u0142pracuj\u0119 w ramach r\u00f3\u017cnych inicjatyw religijnych i [&hellip;]<\/p>\n","protected":false},"author":1,"featured_media":0,"comment_status":"open","ping_status":"open","sticky":false,"template":"","format":"standard","meta":{"jetpack_post_was_ever_published":false,"_jetpack_newsletter_access":"","_jetpack_dont_email_post_to_subs":false,"_jetpack_newsletter_tier_id":0,"_jetpack_memberships_contains_paywalled_content":false,"_jetpack_memberships_contains_paid_content":false,"footnotes":""},"categories":[1],"tags":[],"class_list":["post-18114","post","type-post","status-publish","format-standard","hentry","category-bez-kategorii"],"yoast_head":"<!-- This site is optimized with the Yoast SEO plugin v25.1 - https:\/\/yoast.com\/wordpress\/plugins\/seo\/ -->\n<title>Figowiec w winnicy?... - Gaudium Et Spes<\/title>\n<meta name=\"robots\" content=\"index, follow, max-snippet:-1, max-image-preview:large, max-video-preview:-1\" \/>\n<link rel=\"canonical\" href=\"https:\/\/gaudiumetspes-blog.pl\/index.php\/2020\/10\/24\/figowiec-w-winnicy\/\" \/>\n<meta property=\"og:locale\" content=\"pl_PL\" \/>\n<meta property=\"og:type\" content=\"article\" \/>\n<meta property=\"og:title\" content=\"Figowiec w winnicy?... - Gaudium Et Spes\" \/>\n<meta property=\"og:description\" content=\"Szcz\u0119\u015b\u0107 Bo\u017ce! Moi Drodzy, w dniu wczorajszym rocznic\u0119 Chrztu \u015awi\u0119tego prze\u017cywa\u0142a moja Siostrzenica, Weronika Nied\u017awiedzka. Urodziny za\u015b \u2013 i to osiemnaste \u2013 prze\u017cywa\u0142 Jakub Zieli\u0144ski, za moich czas\u00f3w Lektor w Parafii w Miastkowie Ko\u015bcielnym. Dzisiaj natomiast urodziny prze\u017cywaj\u0105: \u25baKatarzyna Pa\u0142ysa, Mama Jakuba, Lektora z Miastkowa, z kt\u00f3rym nadal wsp\u00f3\u0142pracuj\u0119 w ramach r\u00f3\u017cnych inicjatyw religijnych i [&hellip;]\" \/>\n<meta property=\"og:url\" content=\"https:\/\/gaudiumetspes-blog.pl\/index.php\/2020\/10\/24\/figowiec-w-winnicy\/\" \/>\n<meta property=\"og:site_name\" content=\"Gaudium Et Spes\" \/>\n<meta property=\"article:published_time\" content=\"2020-10-24T05:59:15+00:00\" \/>\n<meta name=\"author\" content=\"Ks. Jacek\" \/>\n<meta name=\"twitter:card\" content=\"summary_large_image\" \/>\n<meta name=\"twitter:label1\" content=\"Napisane przez\" \/>\n\t<meta name=\"twitter:data1\" content=\"Ks. Jacek\" \/>\n\t<meta name=\"twitter:label2\" content=\"Szacowany czas czytania\" \/>\n\t<meta name=\"twitter:data2\" content=\"11 minut\" \/>\n<script type=\"application\/ld+json\" class=\"yoast-schema-graph\">{\"@context\":\"https:\/\/schema.org\",\"@graph\":[{\"@type\":\"WebPage\",\"@id\":\"https:\/\/gaudiumetspes-blog.pl\/index.php\/2020\/10\/24\/figowiec-w-winnicy\/\",\"url\":\"https:\/\/gaudiumetspes-blog.pl\/index.php\/2020\/10\/24\/figowiec-w-winnicy\/\",\"name\":\"Figowiec w winnicy?... - Gaudium Et Spes\",\"isPartOf\":{\"@id\":\"https:\/\/gaudiumetspes-blog.pl\/#website\"},\"datePublished\":\"2020-10-24T05:59:15+00:00\",\"author\":{\"@id\":\"https:\/\/gaudiumetspes-blog.pl\/#\/schema\/person\/1661982992b752dea8dff0d4ed845a65\"},\"breadcrumb\":{\"@id\":\"https:\/\/gaudiumetspes-blog.pl\/index.php\/2020\/10\/24\/figowiec-w-winnicy\/#breadcrumb\"},\"inLanguage\":\"pl-PL\",\"potentialAction\":[{\"@type\":\"ReadAction\",\"target\":[\"https:\/\/gaudiumetspes-blog.pl\/index.php\/2020\/10\/24\/figowiec-w-winnicy\/\"]}]},{\"@type\":\"BreadcrumbList\",\"@id\":\"https:\/\/gaudiumetspes-blog.pl\/index.php\/2020\/10\/24\/figowiec-w-winnicy\/#breadcrumb\",\"itemListElement\":[{\"@type\":\"ListItem\",\"position\":1,\"name\":\"Strona g\u0142\u00f3wna\",\"item\":\"https:\/\/gaudiumetspes-blog.pl\/\"},{\"@type\":\"ListItem\",\"position\":2,\"name\":\"Figowiec w&nbsp;winnicy?&#8230;\"}]},{\"@type\":\"WebSite\",\"@id\":\"https:\/\/gaudiumetspes-blog.pl\/#website\",\"url\":\"https:\/\/gaudiumetspes-blog.pl\/\",\"name\":\"Gaudium Et Spes\",\"description\":\"Blog Ks. Jacka Ja\u015bkowskiego\",\"potentialAction\":[{\"@type\":\"SearchAction\",\"target\":{\"@type\":\"EntryPoint\",\"urlTemplate\":\"https:\/\/gaudiumetspes-blog.pl\/?s={search_term_string}\"},\"query-input\":{\"@type\":\"PropertyValueSpecification\",\"valueRequired\":true,\"valueName\":\"search_term_string\"}}],\"inLanguage\":\"pl-PL\"},{\"@type\":\"Person\",\"@id\":\"https:\/\/gaudiumetspes-blog.pl\/#\/schema\/person\/1661982992b752dea8dff0d4ed845a65\",\"name\":\"Ks. Jacek\",\"image\":{\"@type\":\"ImageObject\",\"inLanguage\":\"pl-PL\",\"@id\":\"https:\/\/gaudiumetspes-blog.pl\/#\/schema\/person\/image\/\",\"url\":\"https:\/\/gaudiumetspes-blog.pl\/wp-content\/uploads\/2019\/07\/avatar-JJ-150x150.jpg\",\"contentUrl\":\"https:\/\/gaudiumetspes-blog.pl\/wp-content\/uploads\/2019\/07\/avatar-JJ-150x150.jpg\",\"caption\":\"Ks. Jacek\"},\"description\":\"Witam serdecznie! K\u0142ania si\u0119 Ks. Jacek Ja\u015bkowski. Nie jestem ani kim\u015b wa\u017cnym, ani kim\u015b znanym. Jestem ksi\u0119dzem, kt\u00f3ry po prostu chce rozmawia\u0107. Codzienna kap\u0142a\u0144ska pos\u0142uga pokazuje mi, \u017ce temat\u00f3w do rozm\u00f3w z ksi\u0119dzem jest coraz wi\u0119cej i dzisiaj \u017caden ksi\u0105dz nie mo\u017ce od nich ucieka\u0107, ale - wprost przeciwnie - podejmowa\u0107 nowe wyzwania. To przekonanie sk\u0142oni\u0142o mnie do pr\u00f3by otwarcia tego\u017c bloga, chocia\u017c okazji do rozm\u00f3w na co dzie\u0144 - w konfesjonale i poza nim - na szcz\u0119\u015bcie nie brakuje. My\u015bl\u0119 jednak, \u017ce ten blog b\u0119dzie jeszcze jednym sposobem i przestrzeni\u0105 nawi\u0105zania kontaktu z lud\u017ami dobrej woli, otwartymi na dialog.\",\"url\":\"https:\/\/gaudiumetspes-blog.pl\/index.php\/author\/ks-jacek\/\"}]}<\/script>\n<!-- \/ Yoast SEO plugin. -->","yoast_head_json":{"title":"Figowiec w winnicy?... - Gaudium Et Spes","robots":{"index":"index","follow":"follow","max-snippet":"max-snippet:-1","max-image-preview":"max-image-preview:large","max-video-preview":"max-video-preview:-1"},"canonical":"https:\/\/gaudiumetspes-blog.pl\/index.php\/2020\/10\/24\/figowiec-w-winnicy\/","og_locale":"pl_PL","og_type":"article","og_title":"Figowiec w winnicy?... - Gaudium Et Spes","og_description":"Szcz\u0119\u015b\u0107 Bo\u017ce! Moi Drodzy, w dniu wczorajszym rocznic\u0119 Chrztu \u015awi\u0119tego prze\u017cywa\u0142a moja Siostrzenica, Weronika Nied\u017awiedzka. Urodziny za\u015b \u2013 i to osiemnaste \u2013 prze\u017cywa\u0142 Jakub Zieli\u0144ski, za moich czas\u00f3w Lektor w Parafii w Miastkowie Ko\u015bcielnym. Dzisiaj natomiast urodziny prze\u017cywaj\u0105: \u25baKatarzyna Pa\u0142ysa, Mama Jakuba, Lektora z Miastkowa, z kt\u00f3rym nadal wsp\u00f3\u0142pracuj\u0119 w ramach r\u00f3\u017cnych inicjatyw religijnych i [&hellip;]","og_url":"https:\/\/gaudiumetspes-blog.pl\/index.php\/2020\/10\/24\/figowiec-w-winnicy\/","og_site_name":"Gaudium Et Spes","article_published_time":"2020-10-24T05:59:15+00:00","author":"Ks. Jacek","twitter_card":"summary_large_image","twitter_misc":{"Napisane przez":"Ks. Jacek","Szacowany czas czytania":"11 minut"},"schema":{"@context":"https:\/\/schema.org","@graph":[{"@type":"WebPage","@id":"https:\/\/gaudiumetspes-blog.pl\/index.php\/2020\/10\/24\/figowiec-w-winnicy\/","url":"https:\/\/gaudiumetspes-blog.pl\/index.php\/2020\/10\/24\/figowiec-w-winnicy\/","name":"Figowiec w winnicy?... - Gaudium Et Spes","isPartOf":{"@id":"https:\/\/gaudiumetspes-blog.pl\/#website"},"datePublished":"2020-10-24T05:59:15+00:00","author":{"@id":"https:\/\/gaudiumetspes-blog.pl\/#\/schema\/person\/1661982992b752dea8dff0d4ed845a65"},"breadcrumb":{"@id":"https:\/\/gaudiumetspes-blog.pl\/index.php\/2020\/10\/24\/figowiec-w-winnicy\/#breadcrumb"},"inLanguage":"pl-PL","potentialAction":[{"@type":"ReadAction","target":["https:\/\/gaudiumetspes-blog.pl\/index.php\/2020\/10\/24\/figowiec-w-winnicy\/"]}]},{"@type":"BreadcrumbList","@id":"https:\/\/gaudiumetspes-blog.pl\/index.php\/2020\/10\/24\/figowiec-w-winnicy\/#breadcrumb","itemListElement":[{"@type":"ListItem","position":1,"name":"Strona g\u0142\u00f3wna","item":"https:\/\/gaudiumetspes-blog.pl\/"},{"@type":"ListItem","position":2,"name":"Figowiec w&nbsp;winnicy?&#8230;"}]},{"@type":"WebSite","@id":"https:\/\/gaudiumetspes-blog.pl\/#website","url":"https:\/\/gaudiumetspes-blog.pl\/","name":"Gaudium Et Spes","description":"Blog Ks. Jacka Ja\u015bkowskiego","potentialAction":[{"@type":"SearchAction","target":{"@type":"EntryPoint","urlTemplate":"https:\/\/gaudiumetspes-blog.pl\/?s={search_term_string}"},"query-input":{"@type":"PropertyValueSpecification","valueRequired":true,"valueName":"search_term_string"}}],"inLanguage":"pl-PL"},{"@type":"Person","@id":"https:\/\/gaudiumetspes-blog.pl\/#\/schema\/person\/1661982992b752dea8dff0d4ed845a65","name":"Ks. Jacek","image":{"@type":"ImageObject","inLanguage":"pl-PL","@id":"https:\/\/gaudiumetspes-blog.pl\/#\/schema\/person\/image\/","url":"https:\/\/gaudiumetspes-blog.pl\/wp-content\/uploads\/2019\/07\/avatar-JJ-150x150.jpg","contentUrl":"https:\/\/gaudiumetspes-blog.pl\/wp-content\/uploads\/2019\/07\/avatar-JJ-150x150.jpg","caption":"Ks. Jacek"},"description":"Witam serdecznie! K\u0142ania si\u0119 Ks. Jacek Ja\u015bkowski. Nie jestem ani kim\u015b wa\u017cnym, ani kim\u015b znanym. Jestem ksi\u0119dzem, kt\u00f3ry po prostu chce rozmawia\u0107. Codzienna kap\u0142a\u0144ska pos\u0142uga pokazuje mi, \u017ce temat\u00f3w do rozm\u00f3w z ksi\u0119dzem jest coraz wi\u0119cej i dzisiaj \u017caden ksi\u0105dz nie mo\u017ce od nich ucieka\u0107, ale - wprost przeciwnie - podejmowa\u0107 nowe wyzwania. To przekonanie sk\u0142oni\u0142o mnie do pr\u00f3by otwarcia tego\u017c bloga, chocia\u017c okazji do rozm\u00f3w na co dzie\u0144 - w konfesjonale i poza nim - na szcz\u0119\u015bcie nie brakuje. My\u015bl\u0119 jednak, \u017ce ten blog b\u0119dzie jeszcze jednym sposobem i przestrzeni\u0105 nawi\u0105zania kontaktu z lud\u017ami dobrej woli, otwartymi na dialog.","url":"https:\/\/gaudiumetspes-blog.pl\/index.php\/author\/ks-jacek\/"}]}},"jetpack_featured_media_url":"","jetpack_sharing_enabled":true,"_links":{"self":[{"href":"https:\/\/gaudiumetspes-blog.pl\/index.php\/wp-json\/wp\/v2\/posts\/18114","targetHints":{"allow":["GET"]}}],"collection":[{"href":"https:\/\/gaudiumetspes-blog.pl\/index.php\/wp-json\/wp\/v2\/posts"}],"about":[{"href":"https:\/\/gaudiumetspes-blog.pl\/index.php\/wp-json\/wp\/v2\/types\/post"}],"author":[{"embeddable":true,"href":"https:\/\/gaudiumetspes-blog.pl\/index.php\/wp-json\/wp\/v2\/users\/1"}],"replies":[{"embeddable":true,"href":"https:\/\/gaudiumetspes-blog.pl\/index.php\/wp-json\/wp\/v2\/comments?post=18114"}],"version-history":[{"count":1,"href":"https:\/\/gaudiumetspes-blog.pl\/index.php\/wp-json\/wp\/v2\/posts\/18114\/revisions"}],"predecessor-version":[{"id":18115,"href":"https:\/\/gaudiumetspes-blog.pl\/index.php\/wp-json\/wp\/v2\/posts\/18114\/revisions\/18115"}],"wp:attachment":[{"href":"https:\/\/gaudiumetspes-blog.pl\/index.php\/wp-json\/wp\/v2\/media?parent=18114"}],"wp:term":[{"taxonomy":"category","embeddable":true,"href":"https:\/\/gaudiumetspes-blog.pl\/index.php\/wp-json\/wp\/v2\/categories?post=18114"},{"taxonomy":"post_tag","embeddable":true,"href":"https:\/\/gaudiumetspes-blog.pl\/index.php\/wp-json\/wp\/v2\/tags?post=18114"}],"curies":[{"name":"wp","href":"https:\/\/api.w.org\/{rel}","templated":true}]}}