{"id":18137,"date":"2020-11-02T08:03:01","date_gmt":"2020-11-02T07:03:01","guid":{"rendered":"https:\/\/gaudiumetspes-blog.pl\/?p=18137"},"modified":"2020-11-02T10:50:21","modified_gmt":"2020-11-02T09:50:21","slug":"zmarli-nasi-przyjaciele","status":"publish","type":"post","link":"https:\/\/gaudiumetspes-blog.pl\/index.php\/2020\/11\/02\/zmarli-nasi-przyjaciele\/","title":{"rendered":"Zmarli &#8211; nasi Przyjaciele!"},"content":{"rendered":"<p align=\"justify\"><span style=\"color: #000000;\"><span style=\"font-family: Book Antiqua, serif;\"><span style=\"font-size: large;\">Szcz\u0119\u015b\u0107 Bo\u017ce! Moi Drodzy, dzisiaj modlitw\u0105 w spos\u00f3b szczeg\u00f3lny otaczamy Zmar\u0142ych. Ju\u017c wczoraj pami\u0119tali\u015bmy o nich, chocia\u017c nie by\u0142o nam dane uda\u0107 si\u0119 na cmentarze, ale na pewno w ko\u015bcio\u0142ach i rodzinach modlili\u015bmy si\u0119 za nich. Dzisiaj jest ich wyj\u0105tkowe \u015bwi\u0119to w Ko\u015bciele. Nie \u017ca\u0142ujmy im naszej duchowej pomocy!<\/span><\/span><\/span><\/p>\n<p align=\"justify\"><span style=\"color: #000000;\"><span style=\"font-family: Book Antiqua, serif;\"><span style=\"font-size: large;\">Pozw\u00f3lcie, moi Drodzy, \u017ce jeszcze powr\u00f3c\u0119 \u2013 w\u0142a\u015bnie w kontek\u015bcie modlitwy za Zmar\u0142ych \u2013 do faktu odej\u015bcia do Domu Ojca i uroczysto\u015bci pogrzebowych Ksi\u0119dza Pra\u0142ata Adama Szk\u00f3pa, Proboszcza Parafii Nawr\u00f3cenia Paw\u0142a Aposto\u0142a w Warszawie. Oto relacja ze Mszy \u015awi\u0119tej pogrzebowej, z Warszawy:<\/span><\/span><\/span><\/p>\n<p align=\"justify\"><span style=\"color: #000000;\"><span style=\"font-family: Book Antiqua, serif;\"><span style=\"font-size: medium;\"><a href=\"http:\/\/nawrpawel.waw.pl\/?p=5633\"><span style=\"font-size: large;\">http:\/\/nawrpawel.waw.pl\/?p=5633<\/span><\/a><\/span><\/span><\/span><\/p>\n<p align=\"justify\"><span style=\"color: #000000;\"><span style=\"font-family: Book Antiqua, serif;\"><span style=\"font-size: large;\">Zach\u0119cam szczeg\u00f3lnie do wys\u0142uchania \u2013 pod koniec Mszy \u015awi\u0119tej \u2013 s\u0142owa Ksi\u0119dza Henryka Zieli\u0144skiego, Redaktora Naczelnego tygodnika \u201eIdziemy\u201d. Ksi\u0105dz Redaktor zaproponowa\u0142, aby Ksi\u0119\u017ca, obecni wtedy w ko\u015bciele, odprawili \u2013 jeden po drugim \u2013 gregoriank\u0119 za Zmar\u0142ego. I od razu rozdysponowa\u0142 poszczeg\u00f3lne dni. W\u0142a\u015bnie wtedy, niejako \u201eod r\u0119ki\u201d. <\/span><\/span><\/span><\/p>\n<p align=\"justify\"><span style=\"color: #000000;\"><span style=\"font-family: Book Antiqua, serif;\"><span style=\"font-size: large;\">Nie ukrywam, \u017ce bardzo zaimponowa\u0142a mi ta inicjatywa i spos\u00f3b jej przeprowadzenia: od razu, tu i teraz, nie czekaj\u0105c na inne okazje. A poniewa\u017c pod koniec miesi\u0105ca zosta\u0142 jeden wolny dzie\u0144, kt\u00f3rego wtedy nikt nie wzi\u0105\u0142, to tego dnia gregoriank\u0119 odprawi na Syberii Ksi\u0105dz Marek. Niemniej jednak zach\u0119cam do wys\u0142uchania s\u0142owa Ksi\u0119dza Henryka. Niech to b\u0119dzie dla nas zach\u0119t\u0105 do tego, by z pomoc\u0105 Zmar\u0142ym nigdy si\u0119 nie oci\u0105ga\u0107, ale podejmowa\u0107 j\u0105 rzetelnie i od razu!<\/span><\/span><\/span><\/p>\n<p align=\"justify\"><span style=\"color: #000000;\"><span style=\"font-family: Book Antiqua, serif;\"><span style=\"font-size: large;\">Moi Drodzy, przypominam, \u017ce dzisiaj drugi dzie\u0144 naszej modlitwy w ramach inicjatywy R\u00d3\u017bANIEC DO GRANIC NIEBA. Je\u017celi wczoraj kto\u015b si\u0119 nie w\u0142\u0105czy\u0142, a odkrywa w sobie takie natchnienie, niech w\u0142\u0105czy si\u0119 dzisiaj!<\/span><\/span><\/span><\/p>\n<p align=\"justify\"><span style=\"color: #000000;\"><span style=\"font-family: Book Antiqua, serif;\"><span style=\"font-size: large;\"><b>Niech Was b\u0142ogos\u0142awi B\u00f3g Wszechmog\u0105cy: Ojciec + i Syn, i Duch \u015awi\u0119ty. Amen<\/b><\/span><\/span><\/span><\/p>\n<p align=\"center\"><span style=\"color: #000000;\"><span style=\"font-family: Book Antiqua, serif;\"><span style=\"font-size: large;\">Gaudium et spes! Ks. Jacek<\/span><\/span><\/span><\/p>\n<p align=\"center\">\n<p align=\"center\">\n<p align=\"center\">\n<p align=\"center\">\n<p align=\"center\">\n<p align=\"justify\"><span style=\"color: #000000;\"><span style=\"font-family: Book Antiqua, serif;\"><span style=\"font-size: large;\"><b>Wspomnienie Wszystkich Wiernych Zmar\u0142ych,<\/b><\/span><\/span><\/span><\/p>\n<p align=\"justify\"><span style=\"color: #000000;\"><span style=\"font-family: Book Antiqua, serif;\"><span style=\"font-size: large;\"><b>2 listopada 2020.,<\/b><\/span><\/span><\/span><\/p>\n<p align=\"justify\"><span style=\"color: #000000;\"><span style=\"font-family: Book Antiqua, serif;\"><span style=\"font-size: large;\"><b>do czyta\u0144 z t. VI Lekcjonarza:<\/b><\/span><\/span><\/span><\/p>\n<p align=\"justify\">\n<p align=\"justify\">\n<p align=\"justify\">\n<p align=\"justify\">\n<p align=\"justify\">\n<p align=\"center\"><span style=\"color: #000000;\"><span style=\"font-family: Book Antiqua, serif;\"><span style=\"font-size: large;\"><b>PIERWSZA MSZA<\/b><\/span><\/span><\/span><\/p>\n<p align=\"justify\"><span style=\"color: #000000;\"><span style=\"font-family: Book Antiqua, serif;\"><span style=\"font-size: large;\"><b>Hi 19,1.23\u201327a; 1 Kor 15,20\u201324a.25\u201328; \u0141k 23,44\u201346.50.52\u201353;24,1\u20136a<\/b><\/span><\/span><\/span><\/p>\n<p align=\"justify\">\n<p align=\"justify\">\n<p align=\"justify\">\n<p align=\"justify\">\n<p align=\"justify\">\n<p align=\"justify\"><span style=\"color: #000000;\"><span style=\"font-family: Book Antiqua, serif;\"><span style=\"font-size: large;\"><b>CZYTANIE Z KSI\u0118GI HIOBA:<\/b><\/span><\/span><\/span><\/p>\n<p align=\"justify\"><span style=\"color: #000000;\"><span style=\"font-family: Book Antiqua, serif;\"><span style=\"font-size: large;\"><b>Hiob powiedzia\u0142: \u201eKt\u00f3\u017c zdo\u0142a utrwali\u0107 me s\u0142owa, potrafi je w ksi\u0119dze umie\u015bci\u0107? \u017belaznym rylcem, diamentem, na skale je wyry\u0107 na wieki?<\/b><\/span><\/span><\/span><\/p>\n<p align=\"justify\"><span style=\"color: #000000;\"><span style=\"font-family: Book Antiqua, serif;\"><span style=\"font-size: large;\"><b>Lecz ja wiem: Wybawca m\u00f3j \u017cyje, na ziemi wyst\u0105pi jako ostatni. Potem me szcz\u0105tki sk\u00f3r\u0105 odzieje, i oczyma cia\u0142a b\u0119d\u0119 widzia\u0142 Boga. To w\u0142a\u015bnie ja Go zobacz\u0119\u201d.<\/b><\/span><\/span><\/span><\/p>\n<p align=\"justify\">\n<p align=\"justify\">\n<p align=\"justify\">\n<p align=\"justify\">\n<p align=\"justify\">\n<p align=\"justify\"><span style=\"color: #000000;\"><span style=\"font-family: Book Antiqua, serif;\"><span style=\"font-size: large;\"><b>CZYTANIE Z PIERWSZEGO LISTU \u015aWI\u0118TEGO PAW\u0141A APOSTO\u0141A DO KORYNTIAN:<\/b><\/span><\/span><\/span><\/p>\n<p align=\"justify\"><span style=\"color: #000000;\"><span style=\"font-family: Book Antiqua, serif;\"><span style=\"font-size: large;\"><b>Bracia: Chrystus zmartwychwsta\u0142 jako pierwszy spo\u015br\u00f3d tych, co pomarli. Poniewa\u017c bowiem przez cz\u0142owieka przysz\u0142a \u015bmier\u0107, przez cz\u0142owieka te\u017c dokona si\u0119 zmartwychwstanie.<\/b><\/span><\/span><\/span><\/p>\n<p align=\"justify\"><span style=\"color: #000000;\"><span style=\"font-family: Book Antiqua, serif;\"><span style=\"font-size: large;\"><b>Jak w Adamie wszyscy umieraj\u0105, tak te\u017c w Chrystusie wszyscy b\u0119d\u0105 o\u017cywieni, lecz ka\u017cdy wed\u0142ug w\u0142asnej kolejno\u015bci: Chrystus jako pierwszy, potem ci, co nale\u017c\u0105 do Chrystusa, w czasie Jego przyj\u015bcia. Wreszcie nast\u0105pi koniec, gdy przeka\u017ce kr\u00f3lowanie Bogu i Ojcu.<\/b><\/span><\/span><\/span><\/p>\n<p align=\"justify\"><span style=\"color: #000000;\"><span style=\"font-family: Book Antiqua, serif;\"><span style=\"font-size: large;\"><b>Trzeba bowiem, a\u017ceby kr\u00f3lowa\u0142, a\u017c po\u0142o\u017cy wszystkich nieprzyjaci\u00f3\u0142 pod swoje stopy. Jako ostatni wr\u00f3g, zostanie pokonana \u015bmier\u0107. Wszystko bowiem rzuci\u0142 pod Jego stopy.<\/b><\/span><\/span><\/span><\/p>\n<p align=\"justify\"><span style=\"color: #000000;\"><span style=\"font-family: Book Antiqua, serif;\"><span style=\"font-size: large;\"><b>Kiedy si\u0119 m\u00f3wi, \u017ce wszystko jest poddane, znaczy to, \u017ce z wyj\u0105tkiem Tego, kt\u00f3ry Mu wszystko podda\u0142. A gdy ju\u017c wszystko zostanie Mu poddane, wtedy i sam Syn zostanie poddany Temu, kt\u00f3ry Synowi podda\u0142 wszystko, aby B\u00f3g by\u0142 wszystkim we wszystkich.<\/b><\/span><\/span><\/span><\/p>\n<p align=\"justify\">\n<p align=\"justify\">\n<p align=\"justify\">\n<p align=\"justify\">\n<p align=\"justify\">\n<p align=\"justify\"><span style=\"color: #000000;\"><span style=\"font-family: Book Antiqua, serif;\"><span style=\"font-size: large;\"><b>S\u0141OWA EWANGELII WED\u0141UG \u015aWI\u0118TEGO \u0141UKASZA:<\/b><\/span><\/span><\/span><\/p>\n<p align=\"justify\"><span style=\"color: #000000;\"><span style=\"font-family: Book Antiqua, serif;\"><span style=\"font-size: large;\"><b>By\u0142o ju\u017c oko\u0142o godziny sz\u00f3stej i mrok ogarn\u0105\u0142 ca\u0142\u0105 ziemi\u0119 a\u017c do godziny dziewi\u0105tej. S\u0142o\u0144ce si\u0119 za\u0107mi\u0142o i zas\u0142ona przybytku rozdar\u0142a si\u0119 przez \u015brodek.<\/b><\/span><\/span><\/span><\/p>\n<p align=\"justify\"><span style=\"color: #000000;\"><span style=\"font-family: Book Antiqua, serif;\"><span style=\"font-size: large;\"><b>Wtedy Jezus zawo\u0142a\u0142 dono\u015bnym g\u0142osem: \u201eOjcze, w Twoje r\u0119ce powierzam ducha mojego\u201d. Po tych s\u0142owach wyzion\u0105\u0142 ducha.<\/b><\/span><\/span><\/span><\/p>\n<p align=\"justify\"><span style=\"color: #000000;\"><span style=\"font-family: Book Antiqua, serif;\"><span style=\"font-size: large;\"><b>By\u0142 tam cz\u0142owiek dobry i sprawiedliwy, imieniem J\u00f3zef, cz\u0142onek Wysokiej Rady. On to uda\u0142 si\u0119 do Pi\u0142ata i poprosi\u0142 o Cia\u0142o Jezusa. Zdj\u0105\u0142 Je z krzy\u017ca, owin\u0105\u0142 w p\u0142\u00f3tno i z\u0142o\u017cy\u0142 w grobie, wykutym w skale, w kt\u00f3rym nikt jeszcze nie by\u0142 pochowany.<\/b><\/span><\/span><\/span><\/p>\n<p align=\"justify\"><span style=\"color: #000000;\"><span style=\"font-family: Book Antiqua, serif;\"><span style=\"font-size: large;\"><b>W pierwszy dzie\u0144 tygodnia niewiasty posz\u0142y skoro \u015bwit do grobu, nios\u0105c przygotowane wonno\u015bci. Kamie\u0144 od grobu zasta\u0142y odsuni\u0119ty. A skoro wesz\u0142y, nie znalaz\u0142y cia\u0142a Pana Jezusa. Gdy wobec tego by\u0142y bezradne, nagle stan\u0119\u0142o przed nimi dw\u00f3ch m\u0119\u017c\u00f3w w l\u015bni\u0105cych szatach.<\/b><\/span><\/span><\/span><\/p>\n<p align=\"justify\"><span style=\"color: #000000;\"><span style=\"font-family: Book Antiqua, serif;\"><span style=\"font-size: large;\"><b>Przestraszone, pochyli\u0142y twarze ku ziemi, lecz tamci rzekli do nich: \u201eDlaczego szukacie \u017cyj\u0105cego w\u015br\u00f3d umar\u0142ych? Nie ma Go tutaj; zmartwychwsta\u0142\u201d.<\/b><\/span><\/span><\/span><\/p>\n<p align=\"justify\">\n<p align=\"justify\">\n<p align=\"justify\">\n<p align=\"justify\">\n<p align=\"justify\">\n<p align=\"center\"><span style=\"color: #000000;\"><span style=\"font-family: Book Antiqua, serif;\"><span style=\"font-size: large;\"><b>DRUGA MSZA<\/b><\/span><\/span><\/span><\/p>\n<p align=\"center\"><span style=\"color: #000000;\"><span style=\"font-family: Book Antiqua, serif;\"><span style=\"font-size: large;\"><b>Dn 12,1\u20133; Rz 6,3\u20139; J 11,32\u201345<\/b><\/span><\/span><\/span><\/p>\n<p align=\"center\">\n<p align=\"center\">\n<p align=\"center\">\n<p align=\"center\">\n<p align=\"center\">\n<p align=\"justify\"><span style=\"color: #000000;\"><span style=\"font-family: Book Antiqua, serif;\"><span style=\"font-size: large;\"><b>CZYTANIE Z KSI\u0118GI PROROKA DANIELA:<\/b><\/span><\/span><\/span><\/p>\n<p align=\"justify\"><span style=\"color: #000000;\"><span style=\"font-family: Book Antiqua, serif;\"><span style=\"font-size: large;\"><b>Ja, Daniel, p\u0142aka\u0142em i us\u0142ysza\u0142em to s\u0142owo Pa\u0144skie: \u201eW owych czasach wyst\u0105pi Micha\u0142, wielki ksi\u0105\u017c\u0119, kt\u00f3ry jest opiekunem dzieci twojego narodu. Wtedy nast\u0105pi okres ucisku, jakiego nie by\u0142o, odk\u0105d narody powsta\u0142y, a\u017c do chwili obecnej. W tym czasie nar\u00f3d tw\u00f3j dost\u0105pi zbawienia, ka\u017cdy, kto si\u0119 oka\u017ce zapisany w ksi\u0119dze. Wielu za\u015b, co posn\u0119li w prochu ziemi, zbudzi si\u0119: jedni do wiecznego \u017cycia, drudzy ku ha\u0144bie, ku wiecznej odrazie. M\u0105drzy b\u0119d\u0105 \u015bwieci\u0107 jak blask sklepienia, a ci, kt\u00f3rzy nauczyli wielu sprawiedliwo\u015bci, jak gwiazdy przez wieki i na zawsze\u201d.<\/b><\/span><\/span><\/span><\/p>\n<p align=\"justify\">\n<p align=\"justify\">\n<p align=\"justify\">\n<p align=\"justify\">\n<p align=\"justify\">\n<p align=\"justify\">\n<p align=\"justify\"><span style=\"color: #000000;\"><span style=\"font-family: Book Antiqua, serif;\"><span style=\"font-size: large;\"><b>CZYTANIE Z LISTU \u015aWI\u0118TEGO PAW\u0141A APOSTO\u0141A DO RZYMIAN:<\/b><\/span><\/span><\/span><\/p>\n<p align=\"justify\"><span style=\"color: #000000;\"><span style=\"font-family: Book Antiqua, serif;\"><span style=\"font-size: large;\"><b>Bracia: Czy\u017c nie wiadomo wam, \u017ce my wszyscy, kt\u00f3rzy\u015bmy otrzymali chrzest zanurzaj\u0105cy w Chrystusa Jezusa, zostali\u015bmy zanurzeni w Jego \u015bmier\u0107? Przyjmuj\u0105c wi\u0119c chrzest zanurzaj\u0105cy nas w \u015bmier\u0107, zostali\u015bmy razem z Nim pogrzebani po to, aby\u015bmy i my wkroczyli w nowe \u017cycie, jak Chrystus powsta\u0142 z martwych dzi\u0119ki chwale Ojca.<\/b><\/span><\/span><\/span><\/p>\n<p align=\"justify\"><span style=\"color: #000000;\"><span style=\"font-family: Book Antiqua, serif;\"><span style=\"font-size: large;\"><b>Je\u017celi bowiem przez \u015bmier\u0107, podobn\u0105 do Jego \u015bmierci, zostali\u015bmy z Nim z\u0142\u0105czeni w jedno, to tak samo b\u0119dziemy z Nim z\u0142\u0105czeni w jedno przez podobne zmartwychwstanie. To wiedzcie, \u017ce dla zniszczenia grzesznego cia\u0142a dawny nasz cz\u0142owiek zosta\u0142 razem z Nim ukrzy\u017cowany po to, by\u015bmy ju\u017c wi\u0119cej nie byli w niewoli grzechu. Kto bowiem umar\u0142, sta\u0142 si\u0119 wolny od grzechu.<\/b><\/span><\/span><\/span><\/p>\n<p align=\"justify\"><span style=\"color: #000000;\"><span style=\"font-family: Book Antiqua, serif;\"><span style=\"font-size: large;\"><b>Ot\u00f3\u017c, je\u017celi umarli\u015bmy razem z Chrystusem, wierzymy, \u017ce z Nim r\u00f3wnie\u017c \u017cy\u0107 b\u0119dziemy, wiedz\u0105c, \u017ce Chrystus powstawszy z martwych ju\u017c wi\u0119cej nie umiera, \u015bmier\u0107 nad Nim nie ma ju\u017c w\u0142adzy.<\/b><\/span><\/span><\/span><\/p>\n<p align=\"justify\">\n<p align=\"justify\">\n<p align=\"justify\">\n<p align=\"justify\">\n<p align=\"justify\">\n<p align=\"justify\"><span style=\"color: #000000;\"><span style=\"font-family: Book Antiqua, serif;\"><span style=\"font-size: large;\"><b>S\u0141OWA EWANGELII WED\u0141UG \u015aWI\u0118TEGO JANA:<\/b><\/span><\/span><\/span><\/p>\n<p align=\"justify\"><span style=\"color: #000000;\"><span style=\"font-family: Book Antiqua, serif;\"><span style=\"font-size: large;\"><b>Gdy Maria, siostra \u0141azarza, przysz\u0142a do miejsca, gdzie by\u0142 Jezus, ujrzawszy Go upad\u0142a mu do n\u00f3g i rzek\u0142a do Niego: \u201ePanie, gdyby\u015b tu by\u0142, m\u00f3j brat by nie umar\u0142\u201d.<\/b><\/span><\/span><\/span><\/p>\n<p align=\"justify\"><span style=\"color: #000000;\"><span style=\"font-family: Book Antiqua, serif;\"><span style=\"font-size: large;\"><b>Gdy wi\u0119c Jezus ujrza\u0142, jak p\u0142aka\u0142a ona i \u017bydzi, kt\u00f3rzy razem z ni\u0105 przyszli, wzruszy\u0142 si\u0119 w duchu, rozrzewni\u0142 i zapyta\u0142: &#8222;Gdzie go po\u0142o\u017cyli\u015bcie?\u201d<\/b><\/span><\/span><\/span><\/p>\n<p align=\"justify\"><span style=\"color: #000000;\"><span style=\"font-family: Book Antiqua, serif;\"><span style=\"font-size: large;\"><b>Odpowiedzieli mu: \u201ePanie, chod\u017a i zobacz\u201d.<\/b><\/span><\/span><\/span><\/p>\n<p align=\"justify\"><span style=\"color: #000000;\"><span style=\"font-family: Book Antiqua, serif;\"><span style=\"font-size: large;\"><b>Jezus zap\u0142aka\u0142.<\/b><\/span><\/span><\/span><\/p>\n<p align=\"justify\"><span style=\"color: #000000;\"><span style=\"font-family: Book Antiqua, serif;\"><span style=\"font-size: large;\"><b>A \u017bydzi rzekli: \u201eOto jak go kocha\u0142!\u201d<\/b><\/span><\/span><\/span><\/p>\n<p align=\"justify\"><span style=\"color: #000000;\"><span style=\"font-family: Book Antiqua, serif;\"><span style=\"font-size: large;\"><b>Niekt\u00f3rzy z nich powiedzieli: \u201eCzy Ten, kt\u00f3ry otworzy\u0142 oczy niewidomemu, nie m\u00f3g\u0142 sprawi\u0107, by on nie umar\u0142?\u201d<\/b><\/span><\/span><\/span><\/p>\n<p align=\"justify\"><span style=\"color: #000000;\"><span style=\"font-family: Book Antiqua, serif;\"><span style=\"font-size: large;\"><b>A Jezus ponownie okazuj\u0105c g\u0142\u0119bokie wzruszenie przyszed\u0142 do grobu. By\u0142a to pieczara, a na niej spoczywa\u0142 kamie\u0144.<\/b><\/span><\/span><\/span><\/p>\n<p align=\"justify\"><span style=\"color: #000000;\"><span style=\"font-family: Book Antiqua, serif;\"><span style=\"font-size: large;\"><b>Jezus rzek\u0142: \u201eUsu\u0144cie kamie\u0144\u201d. Siostra zmar\u0142ego, Marta, rzek\u0142a do Niego: \u201ePanie, ju\u017c cuchnie. Le\u017cy bowiem od czterech dni w grobie\u201d.<\/b><\/span><\/span><\/span><\/p>\n<p align=\"justify\"><span style=\"color: #000000;\"><span style=\"font-family: Book Antiqua, serif;\"><span style=\"font-size: large;\"><b>Jezus rzek\u0142 do niej: \u201eCzy\u017c nie powiedzia\u0142em ci, \u017ce je\u015bli uwierzysz, ujrzysz chwa\u0142\u0119 Bo\u017c\u0105?\u201d<\/b><\/span><\/span><\/span><\/p>\n<p align=\"justify\"><span style=\"color: #000000;\"><span style=\"font-family: Book Antiqua, serif;\"><span style=\"font-size: large;\"><b>Usuni\u0119to wi\u0119c kamie\u0144. Jezus wzni\u00f3s\u0142 oczy do g\u00f3ry i rzek\u0142: \u201eOjcze, dzi\u0119kuj\u0119 Ci, \u017ce\u015b Mnie wys\u0142ucha\u0142. Ja wiedzia\u0142em, \u017ce Mnie zawsze wys\u0142uchujesz. Ale ze wzgl\u0119du na otaczaj\u0105cy Mnie lud to powiedzia\u0142em, aby uwierzyli, \u017ce\u015b Ty Mnie pos\u0142a\u0142\u201d.<\/b><\/span><\/span><\/span><\/p>\n<p align=\"justify\"><span style=\"color: #000000;\"><span style=\"font-family: Book Antiqua, serif;\"><span style=\"font-size: large;\"><b>To powiedziawszy, zawo\u0142a\u0142 dono\u015bnym g\u0142osem: \u201e\u0141azarzu, wyjd\u017a na zewn\u0105trz!\u201d I wyszed\u0142 umar\u0142y, maj\u0105c nogi i r\u0119ce powi\u0105zane opaskami, a twarz jego by\u0142a zawini\u0119ta chust\u0105.<\/b><\/span><\/span><\/span><\/p>\n<p align=\"justify\"><span style=\"color: #000000;\"><span style=\"font-family: Book Antiqua, serif;\"><span style=\"font-size: large;\"><b>Rzek\u0142 do nich Jezus: \u201eRozwi\u0105\u017ccie go i pozw\u00f3lcie mu chodzi\u0107\u201d. Wielu wi\u0119c spo\u015br\u00f3d \u017byd\u00f3w przyby\u0142ych do Marii ujrzawszy to, czego Jezus dokona\u0142, uwierzy\u0142o w Niego.<\/b><\/span><\/span><\/span><\/p>\n<p align=\"justify\">\n<p align=\"justify\">\n<p align=\"justify\">\n<p align=\"justify\">\n<p align=\"justify\">\n<p align=\"center\"><span style=\"color: #000000;\"><span style=\"font-family: Book Antiqua, serif;\"><span style=\"font-size: large;\"><b>TRZECIA MSZA<\/b><\/span><\/span><\/span><\/p>\n<p align=\"center\"><span style=\"color: #000000;\"><span style=\"font-family: Book Antiqua, serif;\"><span style=\"font-size: large;\"><b>Mdr 3,1\u20136.9; 2 Kor 4,14\u20135,1; J 14,1\u20136<\/b><\/span><\/span><\/span><\/p>\n<p align=\"center\">\n<p align=\"center\">\n<p align=\"center\">\n<p align=\"center\">\n<p align=\"center\">\n<p align=\"justify\"><span style=\"color: #000000;\"><span style=\"font-family: Book Antiqua, serif;\"><span style=\"font-size: large;\"><b>CZYTANIE Z KSI\u0118GI M\u0104DRO\u015aCI:<\/b><\/span><\/span><\/span><\/p>\n<p align=\"justify\"><span style=\"color: #000000;\"><span style=\"font-family: Book Antiqua, serif;\"><span style=\"font-size: large;\"><b>Dusze sprawiedliwych s\u0105 w r\u0119ku Boga i nie dosi\u0119gnie ich m\u0119ka. <\/b><\/span><\/span><\/span><\/p>\n<p align=\"justify\"><span style=\"color: #000000;\"><span style=\"font-family: Book Antiqua, serif;\"><span style=\"font-size: large;\"><b>Zda\u0142o si\u0119 oczom g\u0142upich, \u017ce pomarli, zej\u015bcie ich poczytano za nieszcz\u0119\u015bcie i odej\u015bcie od nas za unicestwienie, a oni trwaj\u0105 w pokoju.<\/b><\/span><\/span><\/span><\/p>\n<p align=\"justify\"><span style=\"color: #000000;\"><span style=\"font-family: Book Antiqua, serif;\"><span style=\"font-size: large;\"><b>Cho\u0107 nawet w ludzkim rozumieniu doznali ka\u017ani, nadzieja ich pe\u0142na jest nie\u015bmiertelno\u015bci. Po nieznacznym skarceniu dost\u0105pi\u0105 d\u00f3br wielkich, B\u00f3g ich bowiem do\u015bwiadczy\u0142 i znalaz\u0142 ich godnymi siebie.<\/b><\/span><\/span><\/span><\/p>\n<p align=\"justify\"><span style=\"color: #000000;\"><span style=\"font-family: Book Antiqua, serif;\"><span style=\"font-size: large;\"><b>Do\u015bwiadczy\u0142 ich jak z\u0142oto w tyglu i przyj\u0105\u0142 ich jak ca\u0142opaln\u0105 ofiar\u0119. Ci, kt\u00f3rzy Mu zaufali, zrozumiej\u0105 prawd\u0119, wierni w mi\u0142o\u015bci b\u0119d\u0105 przy Nim trwali: \u0142aska bowiem i mi\u0142osierdzie dla Jego wybranych.<\/b><\/span><\/span><\/span><\/p>\n<p align=\"justify\">\n<p align=\"justify\">\n<p align=\"justify\">\n<p align=\"justify\">\n<p align=\"justify\">\n<p align=\"justify\"><span style=\"color: #000000;\"><span style=\"font-family: Book Antiqua, serif;\"><span style=\"font-size: large;\"><b>CZYTANIE Z DRUGIEGO LISTU \u015aWI\u0118TEGO PAW\u0141A APOSTO\u0141A DO KORYNTIAN:<\/b><\/span><\/span><\/span><\/p>\n<p align=\"justify\"><span style=\"color: #000000;\"><span style=\"font-family: Book Antiqua, serif;\"><span style=\"font-size: large;\"><b>Bracia: Jeste\u015bmy przekonani, \u017ce Ten, kt\u00f3ry wskrzesi\u0142 Jezusa, z Jezusem przywr\u00f3ci \u017cycie tak\u017ce nam i stawi nas przed sob\u0105 razem z wami. Wszystko to bowiem dla was, a\u017ceby w pe\u0142ni obfituj\u0105ca \u0142aska zwi\u0119kszy\u0142a chwa\u0142\u0119 Bo\u017c\u0105 przez dzi\u0119kczynienie wielu.<\/b><\/span><\/span><\/span><\/p>\n<p align=\"justify\"><span style=\"color: #000000;\"><span style=\"font-family: Book Antiqua, serif;\"><span style=\"font-size: large;\"><b>Dlatego to nie poddajemy si\u0119 zw\u0105tpieniu, chocia\u017c bowiem niszczeje ten cz\u0142owiek zewn\u0119trzny, to jednak ten, kt\u00f3ry jest wewn\u0105trz, odnawia si\u0119 z dnia na dzie\u0144. Niewielkie bowiem utrapienia nasze obecnego czasu gotuj\u0105 bezmiar chwa\u0142y przysz\u0142ego wieku dla nas, kt\u00f3rzy si\u0119 wpatrujemy nie w to, co widzialne, lecz w to, co niewidzialne. To bowiem, co widzialne, przemija, to za\u015b, co niewidzialne, trwa wiecznie.<\/b><\/span><\/span><\/span><\/p>\n<p align=\"justify\"><span style=\"color: #000000;\"><span style=\"font-family: Book Antiqua, serif;\"><span style=\"font-size: large;\"><b>Wiemy bowiem, \u017ce je\u015bli nawet zniszczeje nasz przybytek doczesnego zamieszkania, b\u0119dziemy mieli mieszkanie od Boga, dom nie r\u0119k\u0105 uczyniony, lecz wiecznie trwa\u0142y w niebie.<\/b><\/span><\/span><\/span><\/p>\n<p align=\"justify\">\n<p align=\"justify\">\n<p align=\"justify\">\n<p align=\"justify\">\n<p align=\"justify\">\n<p align=\"justify\"><span style=\"color: #000000;\"><span style=\"font-family: Book Antiqua, serif;\"><span style=\"font-size: large;\"><b>S\u0141OWA EWANGELII WED\u0141UG \u015aWI\u0118TEGO JANA:<\/b><\/span><\/span><\/span><\/p>\n<p align=\"justify\"><span style=\"color: #000000;\"><span style=\"font-family: Book Antiqua, serif;\"><span style=\"font-size: large;\"><b>Jezus powiedzia\u0142 do swoich uczni\u00f3w: \u201eNiech si\u0119 nie trwo\u017cy serce wasze. Wierzycie w Boga? I we Mnie wierzcie. W domu Ojca mego jest mieszka\u0144 wiele. Gdyby tak nie by\u0142o, to bym wam powiedzia\u0142. Id\u0119 przecie\u017c przygotowa\u0107 wam miejsce. <\/b><\/span><\/span><\/span><\/p>\n<p align=\"justify\"><span style=\"color: #000000;\"><span style=\"font-family: Book Antiqua, serif;\"><span style=\"font-size: large;\"><b>A gdy odejd\u0119 i przygotuj\u0119 wam miejsce, przyb\u0119d\u0119 powt\u00f3rnie i zabior\u0119 was do siebie, aby\u015bcie i wy byli tam, gdzie Ja jestem. Znacie drog\u0119, dok\u0105d Ja id\u0119\u201d.<\/b><\/span><\/span><\/span><\/p>\n<p align=\"justify\"><span style=\"color: #000000;\"><span style=\"font-family: Book Antiqua, serif;\"><span style=\"font-size: large;\"><b>Odezwa\u0142 si\u0119 do Niego Tomasz: \u201ePanie, nie wiemy, dok\u0105d idziesz. Jak wi\u0119c mo\u017cemy zna\u0107 drog\u0119?\u201d<\/b><\/span><\/span><\/span><\/p>\n<p align=\"justify\"><span style=\"color: #000000;\"><span style=\"font-family: Book Antiqua, serif;\"><span style=\"font-size: large;\"><b>Odpowiedzia\u0142 mu Jezus: \u201eJa jestem drog\u0105, prawd\u0105 i \u017cyciem. Nikt nie przychodzi do Ojca inaczej jak tylko przeze Mnie\u201d.<\/b><\/span><\/span><\/span><\/p>\n<p align=\"justify\">\n<p align=\"justify\">\n<p align=\"justify\">\n<p align=\"justify\">\n<p align=\"justify\">\n<p align=\"justify\"><span style=\"color: #000000;\"><span style=\"font-family: Book Antiqua, serif;\"><span style=\"font-size: medium;\"><span style=\"font-size: large;\">S\u0142uchaj\u0105c wszystkich czyta\u0144, przeznaczonych <\/span><span style=\"font-size: large;\">w liturgii Ko\u015bcio\u0142a <\/span><span style=\"font-size: large;\">na kolejne trzy Msze o Zmar\u0142ych, widzimy, \u017ce wszystkie one <\/span><span style=\"font-size: large;\">nios\u0105 <strong>przes\u0142anie nadziei! <\/strong><\/span><span style=\"font-size: large;\">Owszem, jest w nich mowa o przemijaniu, jest b\u00f3l rozstania, s\u0105 \u0142zy, zwi\u0105zane z odej\u015bciem bliskich, ale jest te\u017c <\/span><span style=\"font-size: large;\">mocne przekonanie, \u017ce <strong>zmarli \u017cyj\u0105, <\/strong><\/span><span style=\"font-size: large;\"><strong>\u017ce s\u0105 w r\u0119ku Boga<\/strong> i \u017ce On uczyni ich szcz\u0119\u015bliwymi na wieczno\u015b\u0107. W r\u00f3\u017cny spos\u00f3b, w poszczeg\u00f3lnych tekstach biblijnych, jest o tym dzisiaj mowa. <\/span><\/span><\/span><\/span><\/p>\n<p align=\"justify\"><span style=\"color: #000000;\"><span style=\"font-family: Book Antiqua, serif;\"><span style=\"font-size: medium;\"><span style=\"font-size: large;\">Z nich wszystkich natomiast wy\u0142ania si\u0119 ta najbardziej podstawowa i najwa\u017cniejsza prawda, \u017ce<\/span><strong><span style=\"font-size: large;\"> B\u00f3g jest absolutnym Panem \u017cycia i \u015bmierci <\/span><\/strong><span style=\"font-size: large;\">\u2013 i to On zwyci\u0119\u017ca \u015bmier\u0107, aby da\u0107 wszystkim \u017cycie. \u015amier\u0107 <\/span><span style=\"font-size: large;\">nie ma nic do powiedzenia<\/span><span style=\"font-size: large;\"> przy Bogu. To optymistyczne i pe\u0142ne nadziei przes\u0142anie wyra\u017anie przebija ze wszystkich dzisiejszych tekst\u00f3w. <\/span><\/span><\/span><\/span><\/p>\n<p align=\"justify\"><span style=\"color: #000000;\"><span style=\"font-family: Book Antiqua, serif;\"><span style=\"font-size: medium;\"><span style=\"font-size: large;\">Dlatego my, wierz\u0105cy, tak w\u0142a\u015bnie patrzymy na problem \u015bmierci, problem doczesnego rozstania i po\u017cegnania, problem przej\u015bcia przez pr\u00f3g \u017cycia \u2013 jest to w\u0142a\u015bnie <\/span><strong><span style=\"font-size: large;\">przej\u015bcie do innego \u015bwiata,<\/span><\/strong><span style=\"font-size: large;\"> oddanie si\u0119 ca\u0142kowicie <\/span><span style=\"font-size: large;\">w r\u0119ce Boga. <\/span><\/span><\/span><\/span><\/p>\n<p align=\"justify\"><span style=\"color: #000000;\"><span style=\"font-family: Book Antiqua, serif;\"><span style=\"font-size: medium;\"><span style=\"font-size: large;\">Oczywi\u015bcie, to nie znaczy, \u017ce \u015bmier\u0107 nie powoduje ju\u017c b\u00f3lu, nie wyciska \u0142ez, nie sprawia smutku. To wszystko dzieje si\u0119, zw\u0142aszcza <strong>je\u015bli m\u00f3wimy o odej\u015bciu kogo\u015b bliskiego,<\/strong> z kim przez wiele lat \u017cyli\u015bmy razem i teraz jego nieobecno\u015b\u0107 jest <\/span><span style=\"font-size: large;\">tak bardzo dolegliwa.<\/span><span style=\"font-size: large;\"> Ale my, wierz\u0105cy w Jezusa Chrystusa, Jego uczniowie i przyjaciele, chocia\u017c odczuwamy ludzki smutek i \u017cal, to jednak nigdy ten nasz smutek i \u017cal <\/span><strong><span style=\"font-size: large;\">nie przybiera rozmiar\u00f3w rozpaczy, tragedii, ostatecznej katastrofy.<\/span> <\/strong><\/span><\/span><\/span><\/p>\n<p align=\"justify\"><span style=\"color: #000000;\"><span style=\"font-family: Book Antiqua, serif;\"><span style=\"font-size: medium;\"><span style=\"font-size: large;\">Bo nawet je\u017celi bardzo boli nas rozstanie z kim\u015b bliskim i bardzo odczuwamy jego brak, to jednak serce \u2013 gdzie\u015b tam, w swojej g\u0142\u0119bi \u2013 <\/span><strong><span style=\"font-size: large;\">domaga si\u0119 nadziei! Wo\u0142a o nadziej\u0119! <\/span><\/strong><span style=\"font-size: large;\">I ta nadzieja powoli, ale wytrwale i konsekwentnie, przebija si\u0119 przez mg\u0142\u0119 smutku i b\u00f3lu. I coraz bardziej dochodzi do g\u0142osu. I ju\u017c coraz bardziej sami u\u015bwiadamiamy sobie \u2013 i nawet na co dzie\u0144 ta \u015bwiadomo\u015b\u0107 jest w nas \u2013 <\/span><strong><span style=\"font-size: large;\">\u017ce oni jednak \u017cyj\u0105! <\/span><\/strong><\/span><\/span><\/span><\/p>\n<p align=\"justify\"><span style=\"color: #000000;\"><span style=\"font-family: Book Antiqua, serif;\"><span style=\"font-size: medium;\"><span style=\"font-size: large;\">Owszem, ci\u0105gle s\u0105 i tacy \u2013 r\u00f3wnie\u017c w\u015br\u00f3d wierz\u0105cych \u2013 kt\u00f3rzy m\u00f3wi\u0105, \u017ce przecie\u017c nie wiadomo, <strong>jak tam jest po tej drugiej stronie, <\/strong><\/span><span style=\"font-size: large;\">czy w og\u00f3le co\u015b tam jest,<\/span><span style=\"font-size: large;\"> a sk\u0105d to niby wiadomo, a czy kto\u015b wr\u00f3ci\u0142 stamt\u0105d ostatnio, by nam o tym powiedzie\u0107?\u2026 Mo\u017ce spotykamy si\u0119 z takimi g\u0142osami\u2026 Jak si\u0119 wydaje, niekiedy <\/span><strong><span style=\"font-size: large;\">wynikaj\u0105 one z b\u00f3lu,<\/span><\/strong><span style=\"font-size: large;\"> spowodowanego \u015bmierci\u0105 kogo\u015b bliskiego. <\/span><\/span><\/span><\/span><\/p>\n<p align=\"justify\"><span style=\"color: #000000;\"><span style=\"font-family: Book Antiqua, serif;\"><span style=\"font-size: medium;\"><span style=\"font-size: large;\">To znaczy, <\/span><span style=\"font-size: large;\">zasadniczo wierzymy<\/span><span style=\"font-size: large;\"> w \u017cycie wieczne, ale kiedy przychodzi nam po\u017cegna\u0107 kogo\u015b z w\u0142asnej rodziny, kogo\u015b ze swoich bliskich, w\u00f3wczas okazuje si\u0119, \u017ce wiara \u2013 dot\u0105d niejako teoretyczna, nic nie kosztuj\u0105ca \u2013<strong> jest sprawdzana: <\/strong><\/span><strong><span style=\"font-size: large;\">czy<\/span> <span style=\"font-size: large;\">my<\/span> <span style=\"font-size: large;\">naprawd\u0119<\/span> <span style=\"font-size: large;\">wierzymy,<\/span><\/strong><span style=\"font-size: large;\"> \u017ce ten nasz bliski \u017cyje i jest u Boga, czy <\/span><span style=\"font-size: large;\">jednak nie do ko\u0144ca<\/span><span style=\"font-size: large;\">\u2026 Okazuje si\u0119, \u017ce bywa r\u00f3\u017cnie. Jednak i w takiej sytuacji, <\/span><strong><span style=\"font-size: large;\">nadzieja z czasem dochodzi do g\u0142osu,<\/span><\/strong><span style=\"font-size: large;\"> a wytrwa\u0142a modlitwa, zanoszona za zmar\u0142ego, tak\u017ce jego bliskim niesie pocieszenie. <\/span><\/span><\/span><\/span><\/p>\n<p align=\"justify\"><span style=\"color: #000000;\"><span style=\"font-family: Book Antiqua, serif;\"><span style=\"font-size: medium;\"><span style=\"font-size: large;\">Dlatego my dzisiaj, w dniu po\u015bwi\u0119conym pami\u0119ci wszystkich Zmar\u0142ych, wypowiadamy uroczy\u015bcie i z najwi\u0119kszym przekonaniem <\/span><span style=\"font-size: large;\">nasz\u0105 <strong>wiar\u0119 w \u017cycie wieczne \u2013 ich i nasze!<\/strong><\/span><span style=\"font-size: large;\"> Wierzymy, a nawet jeste\u015bmy przekonani, \u017ce oni \u017cyj\u0105, chocia\u017c nie wiemy, czy ju\u017c ciesz\u0105 si\u0119 pe\u0142ni\u0105 szcz\u0119\u015bcia. <\/span><strong><span style=\"font-size: large;\">Modlimy<\/span> <span style=\"font-size: large;\">si\u0119<\/span> <span style=\"font-size: large;\">wi\u0119c<\/span> <span style=\"font-size: large;\">o<\/span> <span style=\"font-size: large;\">ich wieczne zbawienie. <\/span><\/strong><span style=\"font-size: large;\">Wiemy bowiem, \u017ce oni sami ju\u017c sobie pom\u00f3c nie mog\u0105, gdy\u017c czas ich zas\u0142ugiwania przed Bogiem zako\u0144czy\u0142 si\u0119 w chwili \u015bmierci. Teraz <\/span><strong><span style=\"font-size: large;\">licz\u0105 oni na nasz\u0105 modlitewn\u0105 pomoc,<\/span><\/strong><span style=\"font-size: large;\"> na ofiarowane przez nas w ich intencji odpusty, na Komuni\u0119 \u015awi\u0119t\u0105, przyjmowan\u0105 w ich intencji.<\/span><\/span><\/span><\/span><\/p>\n<p align=\"justify\"><span style=\"color: #000000;\"><span style=\"font-family: Book Antiqua, serif;\"><span style=\"font-size: medium;\"><span style=\"font-size: large;\">Natomiast wiemy te\u017c, \u017ce oni \u2013 tam, gdzie s\u0105 \u2013 <\/span><strong><span style=\"font-size: large;\">mog\u0105 pomaga\u0107 nam. <\/span><\/strong><span style=\"font-size: large;\">Dlatego szczeg\u00f3lnie w tym trudnym czasie, jaki prze\u017cywamy, <\/span><span style=\"font-size: large;\">szukaj\u0105c <\/span><span style=\"font-size: large;\">ratunku i nadziei u Boga, <\/span><span style=\"font-size: large;\">poprzez w\u0142\u0105czenie si\u0119 w inicjatyw\u0119 R\u00d3\u017bANIEC DO GRANIC NIEBA, <strong>przyzywamy tak\u017ce ich wstawiennictwa i pomocy, <\/strong><\/span><span style=\"font-size: large;\">aby prosili Boga Ojca Wszechmog\u0105cego<\/span><span style=\"font-size: large;\"> o Jego mi\u0142osierdzie dla nas i ca\u0142ego \u015bwiata. My b\u0142agamy o mi\u0142osierdzie dla nich \u2013 <strong>oni niech prosz\u0105 o mi\u0142osierdzie dla nas i ca\u0142ego \u015bwiata. <\/strong><\/span><\/span><\/span><\/span><\/p>\n<p align=\"justify\"><span style=\"color: #000000;\"><span style=\"font-family: Book Antiqua, serif;\"><span style=\"font-size: medium;\"><span style=\"font-size: large;\">Razem ze \u015awi\u0119tymi w Niebie, <strong>ci nasi Przyjaciele, b\u0119d\u0105cy po drugiej stronie \u017cycia<\/strong> \u2013 nawet, je\u017celi nie osi\u0105gn\u0119li jeszcze pe\u0142ni szcz\u0119\u015bcia, do czego si\u0119 przygotowuj\u0105 w czy\u015b\u0107cu \u2013 <\/span><span style=\"font-size: large;\">niech wstawiaj\u0105 si\u0119 za nami <\/span><span style=\"font-size: large;\">i upraszaj\u0105 nam Bo\u017ce zmi\u0142owanie. Wierzymy, \u017ce z takiej wielkiej duchowej wsp\u00f3lnoty wyniknie wielkie dobro \u2013 dla wszystkich! <\/span><strong><span style=\"font-size: large;\">Dla nich \u2013 i dla nas!<\/span><\/strong><\/span><\/span><\/span><\/p>\n","protected":false},"excerpt":{"rendered":"<p>Szcz\u0119\u015b\u0107 Bo\u017ce! Moi Drodzy, dzisiaj modlitw\u0105 w spos\u00f3b szczeg\u00f3lny otaczamy Zmar\u0142ych. Ju\u017c wczoraj pami\u0119tali\u015bmy o nich, chocia\u017c nie by\u0142o nam dane uda\u0107 si\u0119 na cmentarze, ale na pewno w ko\u015bcio\u0142ach i rodzinach modlili\u015bmy si\u0119 za nich. Dzisiaj jest ich wyj\u0105tkowe \u015bwi\u0119to w Ko\u015bciele. Nie \u017ca\u0142ujmy im naszej duchowej pomocy! Pozw\u00f3lcie, moi Drodzy, \u017ce jeszcze powr\u00f3c\u0119 [&hellip;]<\/p>\n","protected":false},"author":1,"featured_media":0,"comment_status":"open","ping_status":"open","sticky":false,"template":"","format":"standard","meta":{"jetpack_post_was_ever_published":false,"_jetpack_newsletter_access":"","_jetpack_dont_email_post_to_subs":false,"_jetpack_newsletter_tier_id":0,"_jetpack_memberships_contains_paywalled_content":false,"_jetpack_memberships_contains_paid_content":false,"footnotes":""},"categories":[1],"tags":[],"class_list":["post-18137","post","type-post","status-publish","format-standard","hentry","category-bez-kategorii"],"yoast_head":"<!-- This site is optimized with the Yoast SEO plugin v25.1 - https:\/\/yoast.com\/wordpress\/plugins\/seo\/ -->\n<title>Zmarli - nasi Przyjaciele! - Gaudium Et Spes<\/title>\n<meta name=\"robots\" content=\"index, follow, max-snippet:-1, max-image-preview:large, max-video-preview:-1\" \/>\n<link rel=\"canonical\" href=\"https:\/\/gaudiumetspes-blog.pl\/index.php\/2020\/11\/02\/zmarli-nasi-przyjaciele\/\" \/>\n<meta property=\"og:locale\" content=\"pl_PL\" \/>\n<meta property=\"og:type\" content=\"article\" \/>\n<meta property=\"og:title\" content=\"Zmarli - nasi Przyjaciele! - Gaudium Et Spes\" \/>\n<meta property=\"og:description\" content=\"Szcz\u0119\u015b\u0107 Bo\u017ce! Moi Drodzy, dzisiaj modlitw\u0105 w spos\u00f3b szczeg\u00f3lny otaczamy Zmar\u0142ych. Ju\u017c wczoraj pami\u0119tali\u015bmy o nich, chocia\u017c nie by\u0142o nam dane uda\u0107 si\u0119 na cmentarze, ale na pewno w ko\u015bcio\u0142ach i rodzinach modlili\u015bmy si\u0119 za nich. Dzisiaj jest ich wyj\u0105tkowe \u015bwi\u0119to w Ko\u015bciele. Nie \u017ca\u0142ujmy im naszej duchowej pomocy! Pozw\u00f3lcie, moi Drodzy, \u017ce jeszcze powr\u00f3c\u0119 [&hellip;]\" \/>\n<meta property=\"og:url\" content=\"https:\/\/gaudiumetspes-blog.pl\/index.php\/2020\/11\/02\/zmarli-nasi-przyjaciele\/\" \/>\n<meta property=\"og:site_name\" content=\"Gaudium Et Spes\" \/>\n<meta property=\"article:published_time\" content=\"2020-11-02T07:03:01+00:00\" \/>\n<meta property=\"article:modified_time\" content=\"2020-11-02T09:50:21+00:00\" \/>\n<meta name=\"author\" content=\"Ks. Jacek\" \/>\n<meta name=\"twitter:card\" content=\"summary_large_image\" \/>\n<meta name=\"twitter:label1\" content=\"Napisane przez\" \/>\n\t<meta name=\"twitter:data1\" content=\"Ks. Jacek\" \/>\n\t<meta name=\"twitter:label2\" content=\"Szacowany czas czytania\" \/>\n\t<meta name=\"twitter:data2\" content=\"13 minut\" \/>\n<script type=\"application\/ld+json\" class=\"yoast-schema-graph\">{\"@context\":\"https:\/\/schema.org\",\"@graph\":[{\"@type\":\"WebPage\",\"@id\":\"https:\/\/gaudiumetspes-blog.pl\/index.php\/2020\/11\/02\/zmarli-nasi-przyjaciele\/\",\"url\":\"https:\/\/gaudiumetspes-blog.pl\/index.php\/2020\/11\/02\/zmarli-nasi-przyjaciele\/\",\"name\":\"Zmarli - nasi Przyjaciele! - Gaudium Et Spes\",\"isPartOf\":{\"@id\":\"https:\/\/gaudiumetspes-blog.pl\/#website\"},\"datePublished\":\"2020-11-02T07:03:01+00:00\",\"dateModified\":\"2020-11-02T09:50:21+00:00\",\"author\":{\"@id\":\"https:\/\/gaudiumetspes-blog.pl\/#\/schema\/person\/1661982992b752dea8dff0d4ed845a65\"},\"breadcrumb\":{\"@id\":\"https:\/\/gaudiumetspes-blog.pl\/index.php\/2020\/11\/02\/zmarli-nasi-przyjaciele\/#breadcrumb\"},\"inLanguage\":\"pl-PL\",\"potentialAction\":[{\"@type\":\"ReadAction\",\"target\":[\"https:\/\/gaudiumetspes-blog.pl\/index.php\/2020\/11\/02\/zmarli-nasi-przyjaciele\/\"]}]},{\"@type\":\"BreadcrumbList\",\"@id\":\"https:\/\/gaudiumetspes-blog.pl\/index.php\/2020\/11\/02\/zmarli-nasi-przyjaciele\/#breadcrumb\",\"itemListElement\":[{\"@type\":\"ListItem\",\"position\":1,\"name\":\"Strona g\u0142\u00f3wna\",\"item\":\"https:\/\/gaudiumetspes-blog.pl\/\"},{\"@type\":\"ListItem\",\"position\":2,\"name\":\"Zmarli &#8211; nasi Przyjaciele!\"}]},{\"@type\":\"WebSite\",\"@id\":\"https:\/\/gaudiumetspes-blog.pl\/#website\",\"url\":\"https:\/\/gaudiumetspes-blog.pl\/\",\"name\":\"Gaudium Et Spes\",\"description\":\"Blog Ks. Jacka Ja\u015bkowskiego\",\"potentialAction\":[{\"@type\":\"SearchAction\",\"target\":{\"@type\":\"EntryPoint\",\"urlTemplate\":\"https:\/\/gaudiumetspes-blog.pl\/?s={search_term_string}\"},\"query-input\":{\"@type\":\"PropertyValueSpecification\",\"valueRequired\":true,\"valueName\":\"search_term_string\"}}],\"inLanguage\":\"pl-PL\"},{\"@type\":\"Person\",\"@id\":\"https:\/\/gaudiumetspes-blog.pl\/#\/schema\/person\/1661982992b752dea8dff0d4ed845a65\",\"name\":\"Ks. Jacek\",\"image\":{\"@type\":\"ImageObject\",\"inLanguage\":\"pl-PL\",\"@id\":\"https:\/\/gaudiumetspes-blog.pl\/#\/schema\/person\/image\/\",\"url\":\"https:\/\/gaudiumetspes-blog.pl\/wp-content\/uploads\/2019\/07\/avatar-JJ-150x150.jpg\",\"contentUrl\":\"https:\/\/gaudiumetspes-blog.pl\/wp-content\/uploads\/2019\/07\/avatar-JJ-150x150.jpg\",\"caption\":\"Ks. Jacek\"},\"description\":\"Witam serdecznie! K\u0142ania si\u0119 Ks. Jacek Ja\u015bkowski. Nie jestem ani kim\u015b wa\u017cnym, ani kim\u015b znanym. Jestem ksi\u0119dzem, kt\u00f3ry po prostu chce rozmawia\u0107. Codzienna kap\u0142a\u0144ska pos\u0142uga pokazuje mi, \u017ce temat\u00f3w do rozm\u00f3w z ksi\u0119dzem jest coraz wi\u0119cej i dzisiaj \u017caden ksi\u0105dz nie mo\u017ce od nich ucieka\u0107, ale - wprost przeciwnie - podejmowa\u0107 nowe wyzwania. To przekonanie sk\u0142oni\u0142o mnie do pr\u00f3by otwarcia tego\u017c bloga, chocia\u017c okazji do rozm\u00f3w na co dzie\u0144 - w konfesjonale i poza nim - na szcz\u0119\u015bcie nie brakuje. My\u015bl\u0119 jednak, \u017ce ten blog b\u0119dzie jeszcze jednym sposobem i przestrzeni\u0105 nawi\u0105zania kontaktu z lud\u017ami dobrej woli, otwartymi na dialog.\",\"url\":\"https:\/\/gaudiumetspes-blog.pl\/index.php\/author\/ks-jacek\/\"}]}<\/script>\n<!-- \/ Yoast SEO plugin. -->","yoast_head_json":{"title":"Zmarli - nasi Przyjaciele! - Gaudium Et Spes","robots":{"index":"index","follow":"follow","max-snippet":"max-snippet:-1","max-image-preview":"max-image-preview:large","max-video-preview":"max-video-preview:-1"},"canonical":"https:\/\/gaudiumetspes-blog.pl\/index.php\/2020\/11\/02\/zmarli-nasi-przyjaciele\/","og_locale":"pl_PL","og_type":"article","og_title":"Zmarli - nasi Przyjaciele! - Gaudium Et Spes","og_description":"Szcz\u0119\u015b\u0107 Bo\u017ce! Moi Drodzy, dzisiaj modlitw\u0105 w spos\u00f3b szczeg\u00f3lny otaczamy Zmar\u0142ych. Ju\u017c wczoraj pami\u0119tali\u015bmy o nich, chocia\u017c nie by\u0142o nam dane uda\u0107 si\u0119 na cmentarze, ale na pewno w ko\u015bcio\u0142ach i rodzinach modlili\u015bmy si\u0119 za nich. Dzisiaj jest ich wyj\u0105tkowe \u015bwi\u0119to w Ko\u015bciele. Nie \u017ca\u0142ujmy im naszej duchowej pomocy! Pozw\u00f3lcie, moi Drodzy, \u017ce jeszcze powr\u00f3c\u0119 [&hellip;]","og_url":"https:\/\/gaudiumetspes-blog.pl\/index.php\/2020\/11\/02\/zmarli-nasi-przyjaciele\/","og_site_name":"Gaudium Et Spes","article_published_time":"2020-11-02T07:03:01+00:00","article_modified_time":"2020-11-02T09:50:21+00:00","author":"Ks. Jacek","twitter_card":"summary_large_image","twitter_misc":{"Napisane przez":"Ks. Jacek","Szacowany czas czytania":"13 minut"},"schema":{"@context":"https:\/\/schema.org","@graph":[{"@type":"WebPage","@id":"https:\/\/gaudiumetspes-blog.pl\/index.php\/2020\/11\/02\/zmarli-nasi-przyjaciele\/","url":"https:\/\/gaudiumetspes-blog.pl\/index.php\/2020\/11\/02\/zmarli-nasi-przyjaciele\/","name":"Zmarli - nasi Przyjaciele! - Gaudium Et Spes","isPartOf":{"@id":"https:\/\/gaudiumetspes-blog.pl\/#website"},"datePublished":"2020-11-02T07:03:01+00:00","dateModified":"2020-11-02T09:50:21+00:00","author":{"@id":"https:\/\/gaudiumetspes-blog.pl\/#\/schema\/person\/1661982992b752dea8dff0d4ed845a65"},"breadcrumb":{"@id":"https:\/\/gaudiumetspes-blog.pl\/index.php\/2020\/11\/02\/zmarli-nasi-przyjaciele\/#breadcrumb"},"inLanguage":"pl-PL","potentialAction":[{"@type":"ReadAction","target":["https:\/\/gaudiumetspes-blog.pl\/index.php\/2020\/11\/02\/zmarli-nasi-przyjaciele\/"]}]},{"@type":"BreadcrumbList","@id":"https:\/\/gaudiumetspes-blog.pl\/index.php\/2020\/11\/02\/zmarli-nasi-przyjaciele\/#breadcrumb","itemListElement":[{"@type":"ListItem","position":1,"name":"Strona g\u0142\u00f3wna","item":"https:\/\/gaudiumetspes-blog.pl\/"},{"@type":"ListItem","position":2,"name":"Zmarli &#8211; nasi Przyjaciele!"}]},{"@type":"WebSite","@id":"https:\/\/gaudiumetspes-blog.pl\/#website","url":"https:\/\/gaudiumetspes-blog.pl\/","name":"Gaudium Et Spes","description":"Blog Ks. Jacka Ja\u015bkowskiego","potentialAction":[{"@type":"SearchAction","target":{"@type":"EntryPoint","urlTemplate":"https:\/\/gaudiumetspes-blog.pl\/?s={search_term_string}"},"query-input":{"@type":"PropertyValueSpecification","valueRequired":true,"valueName":"search_term_string"}}],"inLanguage":"pl-PL"},{"@type":"Person","@id":"https:\/\/gaudiumetspes-blog.pl\/#\/schema\/person\/1661982992b752dea8dff0d4ed845a65","name":"Ks. Jacek","image":{"@type":"ImageObject","inLanguage":"pl-PL","@id":"https:\/\/gaudiumetspes-blog.pl\/#\/schema\/person\/image\/","url":"https:\/\/gaudiumetspes-blog.pl\/wp-content\/uploads\/2019\/07\/avatar-JJ-150x150.jpg","contentUrl":"https:\/\/gaudiumetspes-blog.pl\/wp-content\/uploads\/2019\/07\/avatar-JJ-150x150.jpg","caption":"Ks. Jacek"},"description":"Witam serdecznie! K\u0142ania si\u0119 Ks. Jacek Ja\u015bkowski. Nie jestem ani kim\u015b wa\u017cnym, ani kim\u015b znanym. Jestem ksi\u0119dzem, kt\u00f3ry po prostu chce rozmawia\u0107. Codzienna kap\u0142a\u0144ska pos\u0142uga pokazuje mi, \u017ce temat\u00f3w do rozm\u00f3w z ksi\u0119dzem jest coraz wi\u0119cej i dzisiaj \u017caden ksi\u0105dz nie mo\u017ce od nich ucieka\u0107, ale - wprost przeciwnie - podejmowa\u0107 nowe wyzwania. To przekonanie sk\u0142oni\u0142o mnie do pr\u00f3by otwarcia tego\u017c bloga, chocia\u017c okazji do rozm\u00f3w na co dzie\u0144 - w konfesjonale i poza nim - na szcz\u0119\u015bcie nie brakuje. My\u015bl\u0119 jednak, \u017ce ten blog b\u0119dzie jeszcze jednym sposobem i przestrzeni\u0105 nawi\u0105zania kontaktu z lud\u017ami dobrej woli, otwartymi na dialog.","url":"https:\/\/gaudiumetspes-blog.pl\/index.php\/author\/ks-jacek\/"}]}},"jetpack_featured_media_url":"","jetpack_sharing_enabled":true,"_links":{"self":[{"href":"https:\/\/gaudiumetspes-blog.pl\/index.php\/wp-json\/wp\/v2\/posts\/18137","targetHints":{"allow":["GET"]}}],"collection":[{"href":"https:\/\/gaudiumetspes-blog.pl\/index.php\/wp-json\/wp\/v2\/posts"}],"about":[{"href":"https:\/\/gaudiumetspes-blog.pl\/index.php\/wp-json\/wp\/v2\/types\/post"}],"author":[{"embeddable":true,"href":"https:\/\/gaudiumetspes-blog.pl\/index.php\/wp-json\/wp\/v2\/users\/1"}],"replies":[{"embeddable":true,"href":"https:\/\/gaudiumetspes-blog.pl\/index.php\/wp-json\/wp\/v2\/comments?post=18137"}],"version-history":[{"count":3,"href":"https:\/\/gaudiumetspes-blog.pl\/index.php\/wp-json\/wp\/v2\/posts\/18137\/revisions"}],"predecessor-version":[{"id":18140,"href":"https:\/\/gaudiumetspes-blog.pl\/index.php\/wp-json\/wp\/v2\/posts\/18137\/revisions\/18140"}],"wp:attachment":[{"href":"https:\/\/gaudiumetspes-blog.pl\/index.php\/wp-json\/wp\/v2\/media?parent=18137"}],"wp:term":[{"taxonomy":"category","embeddable":true,"href":"https:\/\/gaudiumetspes-blog.pl\/index.php\/wp-json\/wp\/v2\/categories?post=18137"},{"taxonomy":"post_tag","embeddable":true,"href":"https:\/\/gaudiumetspes-blog.pl\/index.php\/wp-json\/wp\/v2\/tags?post=18137"}],"curies":[{"name":"wp","href":"https:\/\/api.w.org\/{rel}","templated":true}]}}