{"id":18292,"date":"2020-12-14T09:08:05","date_gmt":"2020-12-14T08:08:05","guid":{"rendered":"https:\/\/gaudiumetspes-blog.pl\/?p=18292"},"modified":"2020-12-14T09:08:05","modified_gmt":"2020-12-14T08:08:05","slug":"nieraz-trzeba-poczekac","status":"publish","type":"post","link":"https:\/\/gaudiumetspes-blog.pl\/index.php\/2020\/12\/14\/nieraz-trzeba-poczekac\/","title":{"rendered":"Nieraz trzeba poczeka\u0107&#8230;"},"content":{"rendered":"<p align=\"justify\"><span style=\"color: #000000;\"><span style=\"font-family: Book Antiqua, serif;\"><span style=\"font-size: large;\">Szcz\u0119\u015b\u0107 Bo\u017ce! Moi Drodzy, w dniu dzisiejszym <b>urodziny prze\u017cywaj\u0105:<\/b><\/span><\/span><\/span><\/p>\n<p align=\"justify\"><span style=\"color: #000000;\">\u25ba<span style=\"font-family: Book Antiqua, serif;\"><span style=\"font-size: large;\"><b>Ksi\u0105dz Andrzej Duklewski, Proboszcz Parafii w Sz\u00f3stce, w Diecezji siedleckiej, a przez wiele lat \u2013 Proboszcz w Tomsku na Syberii i Proboszcz mojego Brata, Ksi\u0119dza Marka;<\/b><\/span><\/span><\/span><\/p>\n<p align=\"justify\"><span style=\"color: #000000;\">\u25ba<span style=\"font-family: Book Antiqua, serif;\"><span style=\"font-size: large;\"><b>Mariusz K\u0142usek, mieszkaj\u0105cy obecnie z Rodzin\u0105 w Warszawie, a za czas\u00f3w mojego pierwszego wikariatu \u2013 Szef S\u0142u\u017cby liturgicznej.<\/b><\/span><\/span><\/span><\/p>\n<p align=\"justify\"><span style=\"color: #000000;\"><span style=\"font-family: Book Antiqua, serif;\"><span style=\"font-size: large;\"><b>Obu \u015bwi\u0119tuj\u0105cym \u017cycz\u0119 otwartego serca i umys\u0142u na dary i sygna\u0142y od Pana. Zapewniam o modlitwie.<\/b><\/span><\/span><\/span><\/p>\n<p align=\"justify\"><span style=\"color: #000000;\"><span style=\"font-family: Book Antiqua, serif;\"><span style=\"font-size: large;\">Zapraszam do ws\u0142uchania si\u0119 w Bo\u017ce s\u0142owo i odkrycia <b>przes\u0142ania, z jakim Pan osobi\u015bcie do mnie si\u0119 dzisiaj zwraca.<\/b><\/span><\/span><\/span><\/p>\n<p align=\"justify\"><span style=\"color: #000000;\"><span style=\"font-family: Book Antiqua, serif;\"><span style=\"font-size: large;\"><b>Niech Was b\u0142ogos\u0142awi B\u00f3g Wszechmog\u0105cy: Ojciec + i Syn, i Duch \u015awi\u0119ty. Amen<\/b><\/span><\/span><\/span><\/p>\n<p align=\"center\"><span style=\"color: #000000;\"><span style=\"font-family: Book Antiqua, serif;\"><span style=\"font-size: large;\">Gaudium et spes! Ks. Jacek<\/span><\/span><\/span><\/p>\n<p align=\"center\">\n<p align=\"center\">\n<p align=\"center\">\n<p align=\"center\">\n<p align=\"center\">\n<p align=\"justify\"><span style=\"color: #000000;\"><span style=\"font-family: Book Antiqua, serif;\"><span style=\"font-size: large;\"><b>Poniedzia\u0142ek 3 Tygodnia Adwentu,<\/b><\/span><\/span><\/span><\/p>\n<p align=\"justify\"><span style=\"color: #000000;\"><span style=\"font-family: Book Antiqua, serif;\"><span style=\"font-size: large;\"><b>14 grudnia 2020.,<\/b><\/span><\/span><\/span><\/p>\n<p align=\"justify\"><span style=\"color: #000000;\"><span style=\"font-family: Book Antiqua, serif;\"><span style=\"font-size: large;\"><b>do czyta\u0144: Lb 24,2\u20137.15\u201317a; Mt 21,23\u201327<\/b><\/span><\/span><\/span><\/p>\n<p align=\"justify\">\n<p align=\"justify\">\n<p align=\"justify\">\n<p align=\"justify\">\n<p align=\"justify\">\n<p align=\"justify\"><span style=\"color: #000000;\"><span style=\"font-family: Book Antiqua, serif;\"><span style=\"font-size: large;\"><b>CZYTANIE Z KSI\u0118GI LICZB: <\/b><\/span><\/span><\/span><\/p>\n<p align=\"justify\"><span style=\"color: #000000;\"><span style=\"font-family: Book Antiqua, serif;\"><span style=\"font-size: large;\"><b>Gdy Balaam podni\u00f3s\u0142 oczy i zobaczy\u0142 Izraela roz\u0142o\u017conego obozem wed\u0142ug swoich pokole\u0144, ogarn\u0105\u0142 go Duch Bo\u017cy i zacz\u0105\u0142 g\u0142osi\u0107 proroctwo swoje, m\u00f3wi\u0105c: <\/b><\/span><\/span><\/span><\/p>\n<p align=\"justify\"><span style=\"color: #000000;\">\u201e<span style=\"font-family: Book Antiqua, serif;\"><span style=\"font-size: large;\"><b>Wyrocznia Balaama, syna Beora; <\/b><\/span><\/span><\/span><\/p>\n<p align=\"justify\"><span style=\"color: #000000;\"><span style=\"font-family: Book Antiqua, serif;\"><span style=\"font-size: large;\"><b>wyrocznia m\u0119\u017ca, kt\u00f3ry wzrok ma przenikliwy; <\/b><\/span><\/span><\/span><\/p>\n<p align=\"justify\"><span style=\"color: #000000;\"><span style=\"font-family: Book Antiqua, serif;\"><span style=\"font-size: large;\"><b>wyrocznia tego, kt\u00f3ry s\u0142yszy s\u0142owa Bo\u017ce, <\/b><\/span><\/span><\/span><\/p>\n<p align=\"justify\"><span style=\"color: #000000;\"><span style=\"font-family: Book Antiqua, serif;\"><span style=\"font-size: large;\"><b>kt\u00f3ry ogl\u0105da widzenie Wszechmocnego, <\/b><\/span><\/span><\/span><\/p>\n<p align=\"justify\"><span style=\"color: #000000;\"><span style=\"font-family: Book Antiqua, serif;\"><span style=\"font-size: large;\"><b>kt\u00f3ry pada, a oczy mu si\u0119 otwieraj\u0105. <\/b><\/span><\/span><\/span><\/p>\n<p align=\"justify\"><span style=\"color: #000000;\"><span style=\"font-family: Book Antiqua, serif;\"><span style=\"font-size: large;\"><b>Jakubie, jak\u017ce pi\u0119kne s\u0105 twoje namioty, <\/b><\/span><\/span><\/span><\/p>\n<p align=\"justify\"><span style=\"color: #000000;\"><span style=\"font-family: Book Antiqua, serif;\"><span style=\"font-size: large;\"><b>mieszkania twoje, Izraelu! <\/b><\/span><\/span><\/span><\/p>\n<p align=\"justify\"><span style=\"color: #000000;\"><span style=\"font-family: Book Antiqua, serif;\"><span style=\"font-size: large;\"><b>Jak szerokie doliny potok\u00f3w, <\/b><\/span><\/span><\/span><\/p>\n<p align=\"justify\"><span style=\"color: #000000;\"><span style=\"font-family: Book Antiqua, serif;\"><span style=\"font-size: large;\"><b>jak ogrody nad brzegiem strumieni <\/b><\/span><\/span><\/span><\/p>\n<p align=\"justify\"><span style=\"color: #000000;\"><span style=\"font-family: Book Antiqua, serif;\"><span style=\"font-size: large;\"><b>lub jak aloes, kt\u00f3ry Pan sadzi\u0142, <\/b><\/span><\/span><\/span><\/p>\n<p align=\"justify\"><span style=\"color: #000000;\"><span style=\"font-family: Book Antiqua, serif;\"><span style=\"font-size: large;\"><b>i jak cedry nad wodami. <\/b><\/span><\/span><\/span><\/p>\n<p align=\"justify\"><span style=\"color: #000000;\"><span style=\"font-family: Book Antiqua, serif;\"><span style=\"font-size: large;\"><b>P\u0142ynie woda z jego wiader, <\/b><\/span><\/span><\/span><\/p>\n<p align=\"justify\"><span style=\"color: #000000;\"><span style=\"font-family: Book Antiqua, serif;\"><span style=\"font-size: large;\"><b>a zasiew jego ma wilgo\u0107 obfit\u0105; <\/b><\/span><\/span><\/span><\/p>\n<p align=\"justify\"><span style=\"color: #000000;\"><span style=\"font-family: Book Antiqua, serif;\"><span style=\"font-size: large;\"><b>kr\u00f3l jego wiele mocniejszy ni\u017c Agag, <\/b><\/span><\/span><\/span><\/p>\n<p align=\"justify\"><span style=\"color: #000000;\"><span style=\"font-family: Book Antiqua, serif;\"><span style=\"font-size: large;\"><b>kr\u00f3lestwo jego w g\u00f3r\u0119 wyniesione\u201d. <\/b><\/span><\/span><\/span><\/p>\n<p align=\"justify\"><span style=\"color: #000000;\"><span style=\"font-family: Book Antiqua, serif;\"><span style=\"font-size: large;\"><b>I wyg\u0142osi\u0142 swoje proroctwo, m\u00f3wi\u0105c: <\/b><\/span><\/span><\/span><\/p>\n<p align=\"justify\"><span style=\"color: #000000;\">\u201e<span style=\"font-family: Book Antiqua, serif;\"><span style=\"font-size: large;\"><b>Wyrocznia Balaama, syna Beora; <\/b><\/span><\/span><\/span><\/p>\n<p align=\"justify\"><span style=\"color: #000000;\"><span style=\"font-family: Book Antiqua, serif;\"><span style=\"font-size: large;\"><b>wyrocznia m\u0119\u017ca, kt\u00f3ry wzrok ma przenikliwy; <\/b><\/span><\/span><\/span><\/p>\n<p align=\"justify\"><span style=\"color: #000000;\"><span style=\"font-family: Book Antiqua, serif;\"><span style=\"font-size: large;\"><b>wyrocznia tego, kt\u00f3ry s\u0142yszy s\u0142owa Bo\u017ce, <\/b><\/span><\/span><\/span><\/p>\n<p align=\"justify\"><span style=\"color: #000000;\"><span style=\"font-family: Book Antiqua, serif;\"><span style=\"font-size: large;\"><b>kt\u00f3ry ogl\u0105da widzenie Wszechmocnego, <\/b><\/span><\/span><\/span><\/p>\n<p align=\"justify\"><span style=\"color: #000000;\"><span style=\"font-family: Book Antiqua, serif;\"><span style=\"font-size: large;\"><b>a w wiedzy Najwy\u017cszego ma udzia\u0142, <\/b><\/span><\/span><\/span><\/p>\n<p align=\"justify\"><span style=\"color: #000000;\"><span style=\"font-family: Book Antiqua, serif;\"><span style=\"font-size: large;\"><b>kt\u00f3ry pada, a oczy mu si\u0119 otwieraj\u0105. <\/b><\/span><\/span><\/span><\/p>\n<p align=\"justify\"><span style=\"color: #000000;\"><span style=\"font-family: Book Antiqua, serif;\"><span style=\"font-size: large;\"><b>Widz\u0119 go, lecz jeszcze nie teraz, <\/b><\/span><\/span><\/span><\/p>\n<p align=\"justify\"><span style=\"color: #000000;\"><span style=\"font-family: Book Antiqua, serif;\"><span style=\"font-size: large;\"><b>dostrzegam go, ale nie z bliska: <\/b><\/span><\/span><\/span><\/p>\n<p align=\"justify\"><span style=\"color: #000000;\"><span style=\"font-family: Book Antiqua, serif;\"><span style=\"font-size: large;\"><b>wschodzi Gwiazda z Jakuba, <\/b><\/span><\/span><\/span><\/p>\n<p align=\"justify\"><span style=\"color: #000000;\"><span style=\"font-family: Book Antiqua, serif;\"><span style=\"font-size: large;\"><b>a z Izraela podnosi si\u0119 ber\u0142o\u201d.<\/b><\/span><\/span><\/span><\/p>\n<p align=\"justify\">\n<p align=\"justify\">\n<p align=\"justify\">\n<p align=\"justify\">\n<p align=\"justify\">\n<p align=\"justify\"><span style=\"color: #000000;\"><span style=\"font-family: Book Antiqua, serif;\"><span style=\"font-size: large;\"><b>S\u0141OWA EWANGELII WED\u0141UG \u015aWI\u0118TEGO MATEUSZA: <\/b><\/span><\/span><\/span><\/p>\n<p align=\"justify\"><span style=\"color: #000000;\"><span style=\"font-family: Book Antiqua, serif;\"><span style=\"font-size: large;\"><b>Gdy Jezus przyszed\u0142 do \u015bwi\u0105tyni i naucza\u0142, przyst\u0105pili do Niego arcykap\u0142ani i starsi ludu z pytaniem: \u201eJakim prawem to czynisz? I kto Ci da\u0142 t\u0119 w\u0142adz\u0119?\u201d <\/b><\/span><\/span><\/span><\/p>\n<p align=\"justify\"><span style=\"color: #000000;\"><span style=\"font-family: Book Antiqua, serif;\"><span style=\"font-size: large;\"><b>Jezus im odpowiedzia\u0142: \u201eJa te\u017c zadam wam jedno pytanie; je\u015bli odpowiecie Mi na nie, i Ja powiem wam, jakim prawem to czyni\u0119. Sk\u0105d pochodzi chrzest Janowy: z nieba czy od ludzi?\u201d <\/b><\/span><\/span><\/span><\/p>\n<p align=\"justify\"><span style=\"color: #000000;\"><span style=\"font-family: Book Antiqua, serif;\"><span style=\"font-size: large;\"><b>Oni zastanawiali si\u0119 mi\u0119dzy sob\u0105: \u201eJe\u015bli powiemy: \u00abz nieba\u00bb, to nam zarzuci: \u00abDlaczego wi\u0119c nie uwierzyli\u015bcie mu?\u00bb A je\u015bli powiemy: \u00abod ludzi\u00bb, boimy si\u0119 t\u0142umu, bo wszyscy uwa\u017caj\u0105 Jana za proroka\u201d. <\/b><\/span><\/span><\/span><\/p>\n<p align=\"justify\"><span style=\"color: #000000;\"><span style=\"font-family: Book Antiqua, serif;\"><span style=\"font-size: large;\"><b>Odpowiedzieli wi\u0119c Jezusowi: \u201eNie wiemy\u201d. On r\u00f3wnie\u017c im odpowiedzia\u0142: \u201eWi\u0119c i Ja wam nie powiem, jakim prawem to czyni\u0119\u201d.<\/b><\/span><\/span><\/span><\/p>\n<p align=\"justify\">\n<p align=\"justify\">\n<p align=\"justify\">\n<p align=\"justify\">\n<p align=\"justify\">\n<p align=\"justify\"><span style=\"color: #000000;\"><span style=\"font-family: Book Antiqua, serif;\"><span style=\"font-size: large;\">Balaam, poga\u0144ski \u201eprorok\u201d, zosta\u0142 zobowi\u0105zany przez kr\u00f3la Balaka, przestraszonego pot\u0119g\u0105 narodu wybranego, zmierzaj\u0105cego do Ziemi Obiecanej, <b>aby przekl\u0105\u0142 ten lud <\/b>i wykaza\u0142 jego ma\u0142o\u015b\u0107, jego niewielkie, albo wr\u0119cz \u017cadne znaczenie. Tymczasem ten poga\u0144ski wr\u00f3\u017cbita nieoczekiwanie sta\u0142 si\u0119 <b>narz\u0119dziem w r\u0119ku Boga Jedynego<\/b> i wypowiedzia\u0142 s\u0142owa pochwa\u0142y, a nawet podziwu na widok zgromadzonych rzesz ludu Izraela. <\/span><\/span><\/span><\/p>\n<p align=\"justify\"><span style=\"color: #000000;\"><span style=\"font-family: Book Antiqua, serif;\"><span style=\"font-size: large;\">Jak s\u0142yszeli\u015bmy w pierwszym czytaniu, <i><b>g<\/b><\/i><i><b>dy Balaam podni\u00f3s\u0142 oczy i zobaczy\u0142 Izraela roz\u0142o\u017conego obozem wed\u0142ug swoich pokole\u0144, ogarn\u0105\u0142 go Duch Bo\u017cy i zacz\u0105\u0142 g\u0142osi\u0107 proroctwo swoje, m\u00f3wi\u0105c: <\/b><\/i><i><b>\u201eWyrocznia Balaama, syna Beora; wyrocznia m\u0119\u017ca, kt\u00f3ry wzrok ma przenikliwy; wyrocznia tego, kt\u00f3ry s\u0142yszy s\u0142owa Bo\u017ce, kt\u00f3ry ogl\u0105da widzenie Wszechmocnego, <\/b><\/i><i><b>kt\u00f3ry pada, a oczy mu si\u0119 otwieraj\u0105.<\/b><\/i><b> <\/b><\/span><\/span><\/span><\/p>\n<p align=\"justify\"><span style=\"color: #000000;\"><span style=\"font-family: Book Antiqua, serif;\"><span style=\"font-size: large;\">Ju\u017c sam fakt powo\u0142ywania si\u0119 na Boga i Jego s\u0142owa, do siebie skierowane, jest w przypadku Balaama <b>niezwykle zaskakuj\u0105cy,<\/b> bo niby sk\u0105d nagle ten czciciel wielu b\u00f3stw sta\u0142 si\u0119 przedstawicielem i heroldem <b>Bo\u017cego przes\u0142ania?<\/b> Tymczasem tak si\u0119 w\u0142a\u015bnie sta\u0142o, a ju\u017c s\u0142owa podziwu dla wrogiego narodu, jakie wypowiedzia\u0142, wydaj\u0105 si\u0119 ostatecznym domkni\u0119ciem tematu i rozwianiem wszelkich w\u0105tpliwo\u015bci. <\/span><\/span><\/span><\/p>\n<p align=\"justify\"><span style=\"color: #000000;\"><span style=\"font-family: Book Antiqua, serif;\"><span style=\"font-size: large;\">Oto bowiem s\u0142yszymy: <i><b>Jakubie, jak\u017ce pi\u0119kne s\u0105 twoje namioty, <\/b><\/i><i><b>mieszkania twoje, Izraelu! Jak szerokie doliny potok\u00f3w, jak ogrody nad brzegiem strumieni lub jak aloes, kt\u00f3ry Pan sadzi\u0142, <\/b><\/i><i><b>i jak cedry nad wodami.<\/b><\/i><b> <\/b><\/span><\/span><\/span><\/p>\n<p align=\"justify\"><span style=\"color: #000000;\"><span style=\"font-family: Book Antiqua, serif;\"><span style=\"font-size: large;\">Nie s\u0142yszymy dzi\u015b, w tre\u015bci czytania, reakcji kr\u00f3la Balaka na te s\u0142owa. Mo\u017cna je jednak znale\u017a\u0107 w Ksi\u0119dze Liczb. Oczywi\u015bcie, by\u0142y to <b>s\u0142owa wielkiego oburzenia,<\/b> nie po to bowiem wzywa\u0142 on swojego w\u0142asnego \u201eproroka\u201d, \u017ceby ten mu teraz, prosto w twarz, wychwala\u0142 wroga! <b>Mia\u0142 <\/b><b>go przeklina\u0107, a nie wychwala\u0107.<\/b> <\/span><\/span><\/span><\/p>\n<p align=\"justify\"><span style=\"color: #000000;\"><span style=\"font-family: Book Antiqua, serif;\"><span style=\"font-size: large;\">Jednak\u017ce ten, wbrew wyra\u017anemu nakazowi kr\u00f3la, nadal prorokowa\u0142 w tym samym duchu, m\u00f3wi\u0105c: <i><b>Widz\u0119 go, lecz jeszcze nie teraz, <\/b><\/i><i><b>dostrzegam go, ale nie z bliska: wschodzi Gwiazda z Jakuba, <\/b><\/i><i><b>a z Izraela podnosi si\u0119 ber\u0142o. <\/b><\/i>A tu ju\u017c mamy do czynienia z proroctwem Mesja\u0144skim, bowiem jest to wyra\u017ana zapowied\u017a nadej\u015bcia obiecanego Zbawiciela. <\/span><\/span><\/span><\/p>\n<p align=\"justify\"><span style=\"color: #000000;\"><span style=\"font-family: Book Antiqua, serif;\"><span style=\"font-size: large;\">Zobaczmy, jak B\u00f3g \u2013 w swojej wszechmocy \u2013 <b>pos\u0142u\u017cy\u0142 si\u0119 poganinem,<\/b> a nawet wrogiem narodu wybranego, aby w\u0142a\u015bnie przez niego, przez jego proroctwo i jego przepowiednie, <b>zrealizowa\u0107 swoje plany. <\/b>Pokrzy\u017cowa\u0142 w ten spos\u00f3b intrygi kr\u00f3la Balaka, wyra\u017anie daj\u0105c mu do zrozumienia, \u017ce <b>sam opiekuje si\u0119 swoim ludem.<\/b> I \u017ce \u017cadna wrogo\u015b\u0107 Jego ludowi nie zaszkodzi \u2013 o ile tylko ten lud b\u0119dzie swemu Bogu wierny. Z tym, jak wiemy, bywa\u0142o r\u00f3\u017cnie, ale dzisiaj s\u0142yszymy wyra\u017anie, \u017ce B\u00f3g sw\u00f3j lud <b>wspiera i strze\u017ce go<\/b> \u2013 nawet wbrew jego wrogom, kt\u00f3rych plany i zakusy <b>umiej\u0119tnie \u201eunieszkodliwia\u201d\u2026<\/b><\/span><\/span><\/span><\/p>\n<p align=\"justify\"><span style=\"color: #000000;\"><span style=\"font-family: Book Antiqua, serif;\"><span style=\"font-size: large;\">Z podobnym dzia\u0142aniem \u2013 tyle, \u017ce w wykonaniu Jezusa \u2013 mamy do czynienia w dzisiejszej Ewangelii. Oto przyw\u00f3dcy ludu pytaj\u0105 Go, <b>jakim prawem dokonuje<\/b> tak wyra\u017anych i mocnych znak\u00f3w? Jakby owe znaki nie m\u00f3wi\u0142y same za siebie\u2026 Jezus nie odpowiada na to zaczepne pytanie, tylko <b>sam stawia swoje pytanie,<\/b> wyra\u017anie zaznaczaj\u0105c, \u017ce odpowie im na ich w\u0105tpliwo\u015b\u0107, je\u015bli oni odpowiedz\u0105 Jemu. <\/span><\/span><\/span><\/p>\n<p align=\"justify\"><span style=\"color: #000000;\"><span style=\"font-family: Book Antiqua, serif;\"><span style=\"font-size: large;\">Okaza\u0142o si\u0119, \u017ce nie odpowiedzieli, bo <b>przestraszyli si\u0119 konsekwencji odpowiedzi.<\/b> Jaka bowiem by ona nie by\u0142a, by\u0142aby oskar\u017ceniem ich w\u0142asnej postawy. Dlatego nic nie odpowiedzieli. Wpl\u0105tali si\u0119 <b>w sid\u0142a w\u0142asnej intrygi,<\/b> czym si\u0119 \u2013 po raz kolejny \u2013 skompromitowali. <\/span><\/span><\/span><\/p>\n<p align=\"justify\"><span style=\"color: #000000;\"><span style=\"font-family: Book Antiqua, serif;\"><span style=\"font-size: large;\">I to jest w\u0142a\u015bnie mocne przes\u0142anie dzisiejszych czyta\u0144, moi Drodzy: bardzo cz\u0119sto Pan w ten spos\u00f3b broni swoich wyznawc\u00f3w i przyjaci\u00f3\u0142, \u017ce <b>krzy\u017cuje i unieszkodliwia zakusy ich wrog\u00f3w,<\/b> a tym samym \u2013 <b>zakusy z\u0142ego ducha,<\/b> kt\u00f3ry przez nich dzia\u0142a. Oczywi\u015bcie, nie zawsze tak si\u0119 dzieje, nieraz Pan dopuszcza jakie\u015b z\u0142e dzia\u0142ania i trudne sytuacje, chocia\u017c i <b>z tych ostatecznie wyprowadza dobro.<\/b> Natomiast nierzadko dzia\u0142a w\u0142a\u015bnie w taki spos\u00f3b, \u017ce krzy\u017cuje plany przeciwnik\u00f3w, pozwalaj\u0105c im wpl\u0105ta\u0107 si\u0119 <b>w sid\u0142a w\u0142asnych intryg<\/b> i w ten spos\u00f3b niwecz\u0105c ich z\u0142e zamiary. <\/span><\/span><\/span><\/p>\n<p align=\"justify\"><span style=\"color: #000000;\"><span style=\"font-family: Book Antiqua, serif;\"><span style=\"font-size: large;\">Dlatego w ka\u017cdej trudnej sytuacji musimy konsekwentnie i z ca\u0142\u0105 moc\u0105 <b>trzyma\u0107 si\u0119 Boga, Jemu ufa\u0107, <\/b>nie odst\u0119powa\u0107 od Niego nawet na krok, licz\u0105c wy\u0142\u0105cznie na Jego pomoc. Nawet, je\u017celi ona nie od razu przychodzi, <b>trzeba poczeka\u0107, ale ufa\u0107<\/b> i si\u0119 nie zra\u017ca\u0107. Pan zawsze zwyci\u0119\u017cy! <b>Zawsze oka\u017ce swoj\u0105 moc! <\/b>Jednak w czasie i w spos\u00f3b, jaki sam wybierze.<\/span><\/span><\/span><\/p>\n<p align=\"justify\"><span style=\"color: #000000;\"><span style=\"font-size: large;\"><span style=\"font-family: Book Antiqua, serif;\">Dobrze o tym wiedzia\u0142, dlatego heroicznie ufa\u0142 Bogu we wszystkim Patron dnia dzisiejszego, <\/span><span style=\"font-family: Book Antiqua, serif;\"><b>\u015awi\u0119ty Jan od Krzy\u017ca, Kap\u0142an i Doktor Ko\u015bcio\u0142a.<\/b><\/span><\/span><\/span><\/p>\n<p align=\"justify\"><span style=\"color: #000000;\"><span style=\"font-size: large;\"><span style=\"font-family: Book Antiqua, serif;\">By\u0142 trzecim z kolei dzieckiem Gonzaleza i Katarzyny. Przyszed\u0142 na \u015bwiat w 1542 roku, w Fontiveros, w pobli\u017cu miasta Avila, w Hiszpanii. Warunki w domu by\u0142y bardzo ci\u0119\u017ckie, gdy\u017c <\/span><span style=\"font-family: Book Antiqua, serif;\"><b>rodzina wyrzek\u0142a si\u0119 ich <\/b><\/span><span style=\"font-family: Book Antiqua, serif;\">za to, \u017ce ojciec, jako szlachcic, \u015bmia\u0142 wzi\u0105\u0107 za \u017con\u0119 dziewczyn\u0119 z ludu. <\/span><span style=\"font-family: Book Antiqua, serif;\">Jeszcze ci\u0119\u017csze warunki nasta\u0142y, kiedy ojciec umar\u0142. Jan, maj\u0105c dwa i p\u00f3\u0142 roku, <\/span><span style=\"font-family: Book Antiqua, serif;\"><b>zosta\u0142 oddany do przytu\u0142ku. <\/b><\/span><span style=\"font-family: Book Antiqua, serif;\">Potem pracowa\u0142 w szpitalu, by nast\u0119pnie pr\u00f3bowa\u0107 r\u00f3\u017cnych zawod\u00f3w u r\u00f3\u017cnych majstr\u00f3w: w tkactwie, krawiectwie, snycerstwie, jako malarz, jako zakrystian, wreszcie jako piel\u0119gniarz w Medinie. <\/span><\/span><\/span><\/p>\n<p align=\"justify\"><span style=\"color: #000000;\"><span style=\"font-size: large;\"><span style=\"font-family: Book Antiqua, serif;\">Za \u201euciu\u0142ane\u201d pieni\u0105dze wst\u0105pi\u0142 do kolegium jezuickiego w Medinie, a w roku 1563 wst\u0105pi\u0142 do <\/span><span style=\"font-family: Book Antiqua, serif;\">tamtejszych <\/span><span style=\"font-family: Book Antiqua, serif;\">karmelit\u00f3w <\/span><span style=\"font-family: Book Antiqua, serif;\"><b>i wtedy obra\u0142 sobie imi\u0119 Jan od <\/b><\/span><span style=\"font-family: Book Antiqua, serif;\"><b>\u015awi\u0119tego<\/b><\/span><span style=\"font-family: Book Antiqua, serif;\"><b> Macieja.<\/b><\/span><span style=\"font-family: Book Antiqua, serif;\"> W zakonie napotka\u0142 na znaczne rozlu\u017anienie. Dlatego gdy sk\u0142ada\u0142 \u015bluby, czyni\u0142 to z my\u015bl\u0105 <\/span><span style=\"font-family: Book Antiqua, serif;\"><b>o profesji wed\u0142ug pierwotnej regu\u0142y. <\/b><\/span><span style=\"font-family: Book Antiqua, serif;\">Mia\u0142 wtedy <\/span><span style=\"font-family: Book Antiqua, serif;\">dwadzie\u015bcia jeden <\/span><span style=\"font-family: Book Antiqua, serif;\">lat. Po uko\u0144czeniu studi\u00f3w filozoficznych i teologicznych w Salamance, <\/span><span style=\"font-family: Book Antiqua, serif;\"><b>w 1567 roku, <\/b><\/span><span style=\"font-family: Book Antiqua, serif;\">w <\/span><span style=\"font-family: Book Antiqua, serif;\">dwudziestym pi\u0105tym<\/span><span style=\"font-family: Book Antiqua, serif;\"> roku \u017cycia,<\/span><span style=\"font-family: Book Antiqua, serif;\"><b> otrzyma\u0142 \u015bwi\u0119cenia kap\u0142a\u0144skie. <\/b><\/span><\/span><\/span><\/p>\n<p align=\"justify\"><span style=\"color: #000000;\"><span style=\"font-size: large;\"><span style=\"font-family: Book Antiqua, serif;\">W tym samym roku <\/span><span style=\"font-family: Book Antiqua, serif;\"><b>spotka\u0142 si\u0119 ze \u015awi\u0119t\u0105 Teres\u0105 z Avila,<\/b><\/span><span style=\"font-family: Book Antiqua, serif;\"> kt\u00f3ra ju\u017c podj\u0119\u0142a si\u0119 dzie\u0142a reformy zakonu karmelitanek. Te dwie dusze bratnie zrozumia\u0142y si\u0119 i postanowi\u0142y wyt\u0119\u017cy\u0107 wszystkie si\u0142y dla reformy obu rodzin karmelita\u0144skich. Ju\u017c w nast\u0119pnym roku, wraz ze \u015awi\u0119t\u0105 Teres\u0105, <\/span><span style=\"font-family: Book Antiqua, serif;\"><b>za\u0142o\u017cy\u0142 pierwszy dom reformy w Duruelo.<\/b><\/span><span style=\"font-family: Book Antiqua, serif;\"> Tam te\u017c przeni\u00f3s\u0142 si\u0119 z dwoma przyjaci\u00f3\u0142mi, kt\u00f3rych pozyska\u0142 dla reformy. <\/span><\/span><\/span><\/p>\n<p align=\"justify\"><span style=\"color: #000000;\"><span style=\"font-size: large;\"><span style=\"font-family: Book Antiqua, serif;\">28 listopada 1568 roku, <\/span><span style=\"font-family: Book Antiqua, serif;\">wszyscy oni <\/span><span style=\"font-family: Book Antiqua, serif;\">z\u0142o\u017cyli <\/span><span style=\"font-family: Book Antiqua, serif;\"><b>\u015blub zachowania pierwotnej regu\u0142y. <\/b><\/span><span style=\"font-family: Book Antiqua, serif;\">Jan przybra\u0142 sobie w\u00f3wczas imi\u0119 <\/span><span style=\"font-family: Book Antiqua, serif;\"><b>Jana od Krzy\u017ca.<\/b><\/span><span style=\"font-family: Book Antiqua, serif;\"> Postanowi\u0142 pozosta\u0107 wierny reformie. Wprowadza\u0142 j\u0105 cierpliwie, pe\u0142ni\u0105c r\u00f3\u017cne zakonne funkcje. Jednak prze\u0142o\u017ceni dopatrzyli si\u0119 w jego post\u0119powaniu niesubordynacji. Obawiali si\u0119 rozk\u0142adu zakonu. Posypa\u0142y si\u0119 wi\u0119c napomnienia i nakazy. Gdy \u015awi\u0119ty nie reagowa\u0142 na nie, <\/span><span style=\"font-family: Book Antiqua, serif;\"><b>zosta\u0142 aresztowany w Avila, w nocy z 2 na 3 grudnia 1577 roku i si\u0142\u0105 zabrany do Toledo.<\/b><\/span><span style=\"font-family: Book Antiqua, serif;\"> Wtr\u0105cony do wi\u0119zienia klasztornego, by\u0142 nie tylko przez dziewi\u0119\u0107 miesi\u0119cy pozbawiony wolno\u015bci, ale skazywany na g\u0142\u00f3d i cz\u0119st\u0105 ch\u0142ost\u0119. Nie za\u0142ama\u0142 si\u0119 jednak. <\/span><\/span><\/span><\/p>\n<p align=\"justify\"><span style=\"color: #000000;\"><span style=\"font-size: large;\"><span style=\"font-family: Book Antiqua, serif;\">A Pan B\u00f3g w tych miesi\u0105cach udr\u0119ki zalewa\u0142 go potokami pociech mistycznych. <\/span><span style=\"font-family: Book Antiqua, serif;\"><b>\u201eNoce ciemne\u201d \u2013 <\/b><\/span><span style=\"font-family: Book Antiqua, serif;\">jak je Jan nazywa\u0142 <\/span><span style=\"font-family: Book Antiqua, serif;\"><b>\u2013 d\u0142ugiego wi\u0119zienia wykorzysta\u0142 dla do\u015bwiadczenia nie mniej bolesnego stanu,<\/b><\/span><span style=\"font-family: Book Antiqua, serif;\"> kiedy Pan B\u00f3g pozornie opuszcza swoich wybranych, by ich zupe\u0142nie oczy\u015bci\u0107 i ogo\u0142oci\u0107 z niepo\u017c\u0105danych pragnie\u0144, uczu\u0107 i przywi\u0105za\u0144.<\/span><\/span><\/span><\/p>\n<p align=\"justify\"><span style=\"color: #000000;\"><span style=\"font-size: large;\"><span style=\"font-family: Book Antiqua, serif;\">15 sierpnia 1578 roku uda\u0142o mu si\u0119 uciec z zakonnego wi\u0119zienia w Toledo \u2013 po d\u0142ugich i \u017cmudnych do tego przygotowaniach. Wsp\u00f3\u0142bracia przyj\u0119li go z wielk\u0105 rado\u015bci\u0105. <\/span><span style=\"font-family: Book Antiqua, serif;\"><b>Stopniowo zacz\u0119to przekonywa\u0107 si\u0119 do jego zamys\u0142u reformy. <\/b><\/span><span style=\"font-family: Book Antiqua, serif;\">Utworzono nawet oddzieln\u0105 prowincj\u0119 zakonn\u0105 dla klasztor\u00f3w zreformowanych. <\/span><span style=\"font-family: Book Antiqua, serif;\"><b>Jego cierpienia, podj\u0119te dla reformy, zacz\u0119\u0142y owocowa\u0107. <\/b><\/span><span style=\"font-family: Book Antiqua, serif;\">Gorliwi zakonnicy widzieli w nim m\u0119czennika sprawy i zacz\u0119li rozumie\u0107 jego ide\u0119. Mno\u017cy\u0142y si\u0119 tak\u017ce nowe fundacje dzi\u0119ki hojno\u015bci pan\u00f3w duchownych i \u015bwieckich. <\/span><span style=\"font-family: Book Antiqua, serif;\"><b>Janowi powierzono nawet funkcj\u0119 wikariusza generalnego dla prowincji zreformowanych.<\/b><\/span><span style=\"font-family: Book Antiqua, serif;\"> W roku 1588 odby\u0142a si\u0119 ich pierwsza kapitu\u0142a generalna. <\/span><\/span><\/span><\/p>\n<p align=\"justify\"><span style=\"color: #000000;\"><span style=\"font-size: large;\"><span style=\"font-family: Book Antiqua, serif;\">Jednak na tej\u017ce kapitule znowu pojawi\u0142a si\u0119 tendencja z\u0142agodzenia ju\u017c zreformowanej regu\u0142y, kt\u00f3ra to tendencja \u2013 niestety \u2013 przewa\u017cy\u0142a. Skutkiem tego, <\/span><span style=\"font-family: Book Antiqua, serif;\"><b>\u015awi\u0119ty Jan zosta\u0142 usuni\u0119ty ze wszystkich urz\u0119d\u00f3w <\/b><\/span><span style=\"font-family: Book Antiqua, serif;\">i jako zwyk\u0142y zakonnik zako\u0144czy\u0142 niebawem \u017cycie w klasztorze w Ubedzie,<\/span><span style=\"font-family: Book Antiqua, serif;\"><b> 14 grudnia 1591 roku,<\/b><\/span><span style=\"font-family: Book Antiqua, serif;\"> w wieku zaledwie czterdziestu dziewi\u0119ciu lat. Umiera\u0142 zupe\u0142nie osamotniony, bowiem \u015awi\u0119ta Teresa z Avila dawno ju\u017c nie \u017cy\u0142a \u2013 zmar\u0142a 4 pa\u017adziernika 1582 roku. <\/span><\/span><\/span><\/p>\n<p align=\"justify\"><span style=\"color: #000000;\"><span style=\"font-size: large;\"><span style=\"font-family: Book Antiqua, serif;\">Pozosta\u0142 jednak nasz \u015awi\u0119ty w sercach ludzi <\/span><span style=\"font-family: Book Antiqua, serif;\"><b>poprzez swoje pisma.<\/b><\/span><span style=\"font-family: Book Antiqua, serif;\"> By\u0142o ich bardzo du\u017co, jednak wiele z nich spalono zaraz po <\/span><span style=\"font-family: Book Antiqua, serif;\">jego <\/span><span style=\"font-family: Book Antiqua, serif;\">\u015bmierci w obawie, by si\u0119 nie dosta\u0142y do r\u0105k wrog\u00f3w zakonu jako materia\u0142 przeciwko z\u0142agodzonej regule. Pozosta\u0142y dwadzie\u015bcia dwa dzie\u0142a, <\/span><span style=\"font-family: Book Antiqua, serif;\"><b>kt\u00f3re dla mistyki chrze\u015bcija\u0144skiej maj\u0105 wprost bezcenn\u0105 warto\u015b\u0107. <\/b><\/span><span style=\"font-family: Book Antiqua, serif;\">Dwa w\u015br\u00f3d nich s\u0105 najwa\u017cniejsze: \u201eNoc ciemna\u201d i \u201ePie\u015b\u0144 duchowa\u201d. S\u0105 one per\u0142\u0105 w \u015bwiatowej literaturze mistyki. Oba pocz\u0105tek sw\u00f3j wywodz\u0105 z wi\u0119zienia w Toledo. <\/span><span style=\"font-family: Book Antiqua, serif;\"><b>One te\u017c zyska\u0142y \u015awi\u0119temu tytu\u0142 <\/b><\/span><span style=\"font-family: Book Antiqua, serif;\"><b>D<\/b><\/span><span style=\"font-family: Book Antiqua, serif;\"><b>oktora Ko\u015bcio\u0142a mistycznego.<\/b><\/span><span style=\"font-family: Book Antiqua, serif;\"> Dzisiaj s\u0105 prze\u0142o\u017cone na wszystkie znane j\u0119zyki \u015bwiata i nale\u017c\u0105 do klasyki <\/span><span style=\"font-family: Book Antiqua, serif;\">literatury duchowej<\/span><span style=\"font-family: Book Antiqua, serif;\">. <\/span><\/span><\/span><\/p>\n<p align=\"justify\"><span style=\"color: #000000;\"><span style=\"font-size: large;\"><span style=\"font-family: Book Antiqua, serif;\">Nie mniejszym powodzeniem ciesz\u0105 si\u0119 dot\u0105d: \u201eDroga na Karmel\u201d i \u201e\u017bywy p\u0142omie\u0144\u201d. Nikt <\/span><span style=\"font-family: Book Antiqua, serif;\">wcze\u015bniej<\/span><span style=\"font-family: Book Antiqua, serif;\"> nie podda\u0142 stan\u00f3w mistyki tak subtelnej analizie jak \u015awi\u0119ty Jan od Krzy\u017ca. Wiemy, \u017ce jego duchowo\u015bci\u0105 zafascynowany by\u0142 r\u00f3wnie\u017c <\/span><span style=\"font-family: Book Antiqua, serif;\"><b>Karol Wojty\u0142a,<\/b><\/span><span style=\"font-family: Book Antiqua, serif;\"> czego wyrazem by\u0142o to, \u017ce w oparciu o dzie\u0142a \u015awi\u0119tego Jana <\/span><span style=\"font-family: Book Antiqua, serif;\"><b>przygotowa\u0142 swoj\u0105 rozpraw\u0119 doktorsk\u0105.<\/b><\/span> <\/span><\/span><\/p>\n<p align=\"justify\"><span style=\"color: #000000;\"><span style=\"font-size: large;\"><span style=\"font-family: Book Antiqua, serif;\">Nasz Patron za\u015b m\u00f3g\u0142 si\u0119 ponadto poszczyci\u0107 wybitnymi zdolno\u015bciami plastycznymi. <\/span><span style=\"font-family: Book Antiqua, serif;\">Umia\u0142 rysunkiem, pogl\u0105dowo, wizualnie przedstawi\u0107<\/span><span style=\"font-family: Book Antiqua, serif;\"><b> nawet bardzo skomplikowane drogi mistyki.<\/b><\/span><span style=\"font-family: Book Antiqua, serif;\"> Chyba to jedyny taki wypadek w dziejach. \u015awi\u0119ty Jan od Krzy\u017ca zosta\u0142 beatyfikowany w 1<\/span><span style=\"font-family: Book Antiqua, serif;\">675<\/span><span style=\"font-family: Book Antiqua, serif;\"> roku, <\/span><span style=\"font-family: Book Antiqua, serif;\"><b>kanonizowany za\u015b w <\/b><\/span><span style=\"font-family: Book Antiqua, serif;\"><b>roku <\/b><\/span><span style=\"font-family: Book Antiqua, serif;\"><b>1726.<\/b><\/span><span style=\"font-family: Book Antiqua, serif;\"> Pius XI og\u0142osi\u0142 go w roku 1926 <\/span><span style=\"font-family: Book Antiqua, serif;\">D<\/span><span style=\"font-family: Book Antiqua, serif;\">oktorem Ko\u015bcio\u0142a. <\/span><\/span><\/span><\/p>\n<p align=\"justify\"><span style=\"color: #000000;\"><span style=\"font-size: large;\"><span style=\"font-family: Book Antiqua, serif;\">W jednym ze swoich dzie\u0142, w \u201ePie\u015bni duchowej\u201d, tak pisa\u0142: \u201e\u015awi\u0119ci doktorzy wiele ods\u0142onili z ukrytych prawd i tajemnic, a dusze \u015bwi\u0119te zrozumia\u0142y je w tym \u017cyciu. Jednak\u017ce wi\u0119ksza ich cz\u0119\u015b\u0107 pozostaje jeszcze do wyja\u015bnienia i zrozumienia. <\/span><span style=\"font-family: Book Antiqua, serif;\"><b>Ile\u017c to rzeczy mo\u017cna odkrywa\u0107 w Chrystusie, kt\u00f3ry jest jakby ogromn\u0105 kopalni\u0105 z mnogimi pok\u0142adami skarb\u00f3w,<\/b><\/span><span style=\"font-family: Book Antiqua, serif;\"> gdzie cho\u0107by nie wiem jak si\u0119 wg\u0142\u0119bia\u0142o, nie znajdzie si\u0119 kresu i ko\u0144ca. W ka\u017cdym za\u015b zak\u0105tku tych Jego tajemnic mo\u017cna tu i tam napotka\u0107 nowe z\u0142o\u017ca nowych bogactw. [\u2026] <\/span><\/span><\/span><\/p>\n<p align=\"justify\"><span style=\"color: #000000;\"><span style=\"font-size: large;\"><span style=\"font-family: Book Antiqua, serif;\">Ach, gdyby raz zrozumiano, \u017ce nie mo\u017cna doj\u015b\u0107 do g\u0119stwiny r\u00f3\u017cnorodnych m\u0105dro\u015bci i bogactw Bo\u017cych inn\u0105 drog\u0105, <\/span><span style=\"font-family: Book Antiqua, serif;\"><b>jak tylko przez g\u0119stwin\u0119 wszelkiego rodzaju cierpie\u0144! <\/b><\/span><span style=\"font-family: Book Antiqua, serif;\">W tym wi\u0119c powinno by\u0107 pragnienie i pociecha duszy. Im bowiem wi\u0119ksze pragnie m\u0105dro\u015bci od Boga, tym bardziej powinna wpierw pragn\u0105\u0107 cierpie\u0144, by przez nie wej\u015b\u0107 w g\u0119stwin\u0119 krzy\u017ca. [\u2026] <\/span><\/span><\/span><\/p>\n<p align=\"justify\"><span style=\"color: #000000;\"><span style=\"font-family: Book Antiqua, serif;\"><span style=\"font-size: large;\">By wej\u015b\u0107 do tych bogactw m\u0105dro\u015bci, <b>trzeba i\u015b\u0107 przez ciemn\u0105 bram\u0119, to jest przez krzy\u017c.<\/b> Niewielu za\u015b pragnie przez ni\u0105 wchodzi\u0107, natomiast wielu pragnie rozkoszy, do kt\u00f3rych si\u0119 przez ni\u0105 wchodzi.\u201d Tak pisa\u0142 \u015awi\u0119ty Jan od Krzy\u017ca.<\/span><\/span><\/span><\/p>\n<p align=\"justify\"><span style=\"color: #000000;\"><span style=\"font-family: Book Antiqua, serif;\"><span style=\"font-size: large;\">Ws\u0142uchani w jego s\u0142owa, wpatrzeni w przyk\u0142ad jego \u015bwi\u0119to\u015bci, ale te\u017c ws\u0142uchani w Bo\u017ce s\u0142owo dzisiejszej liturgii, raz jeszcze pomy\u015blmy, czy <b>potrafimy i chcemy zaufa\u0107 Bogu <\/b>w ka\u017cdej, nawet najtrudniejszej \u017cyciowej sytuacji \u2013 kiedy wydaje si\u0119, \u017ce<b> nas opu\u015bci\u0142 i nie s\u0142ucha naszych modlitw?\u2026<\/b> Czy wierzymy, \u017ce B\u00f3g naprawd\u0119 \u2013 zawsze zwyci\u0119\u017ca i \u017ce jest w stanie zniweczy\u0107 plany szatana? <b>Czy potrafimy poczeka\u0107<\/b> na ten moment, kt\u00f3ry On sam wybra\u0142, aby okaza\u0107 swoj\u0105 wszechmoc?\u2026<\/span><\/span><\/span><\/p>\n","protected":false},"excerpt":{"rendered":"<p>Szcz\u0119\u015b\u0107 Bo\u017ce! Moi Drodzy, w dniu dzisiejszym urodziny prze\u017cywaj\u0105: \u25baKsi\u0105dz Andrzej Duklewski, Proboszcz Parafii w Sz\u00f3stce, w Diecezji siedleckiej, a przez wiele lat \u2013 Proboszcz w Tomsku na Syberii i Proboszcz mojego Brata, Ksi\u0119dza Marka; \u25baMariusz K\u0142usek, mieszkaj\u0105cy obecnie z Rodzin\u0105 w Warszawie, a za czas\u00f3w mojego pierwszego wikariatu \u2013 Szef S\u0142u\u017cby liturgicznej. Obu \u015bwi\u0119tuj\u0105cym [&hellip;]<\/p>\n","protected":false},"author":1,"featured_media":0,"comment_status":"open","ping_status":"open","sticky":false,"template":"","format":"standard","meta":{"jetpack_post_was_ever_published":false,"_jetpack_newsletter_access":"","_jetpack_dont_email_post_to_subs":false,"_jetpack_newsletter_tier_id":0,"_jetpack_memberships_contains_paywalled_content":false,"_jetpack_memberships_contains_paid_content":false,"footnotes":""},"categories":[1],"tags":[],"class_list":["post-18292","post","type-post","status-publish","format-standard","hentry","category-bez-kategorii"],"yoast_head":"<!-- This site is optimized with the Yoast SEO plugin v25.1 - https:\/\/yoast.com\/wordpress\/plugins\/seo\/ -->\n<title>Nieraz trzeba poczeka\u0107... - Gaudium Et Spes<\/title>\n<meta name=\"robots\" content=\"index, follow, max-snippet:-1, max-image-preview:large, max-video-preview:-1\" \/>\n<link rel=\"canonical\" href=\"https:\/\/gaudiumetspes-blog.pl\/index.php\/2020\/12\/14\/nieraz-trzeba-poczekac\/\" \/>\n<meta property=\"og:locale\" content=\"pl_PL\" \/>\n<meta property=\"og:type\" content=\"article\" \/>\n<meta property=\"og:title\" content=\"Nieraz trzeba poczeka\u0107... - Gaudium Et Spes\" \/>\n<meta property=\"og:description\" content=\"Szcz\u0119\u015b\u0107 Bo\u017ce! Moi Drodzy, w dniu dzisiejszym urodziny prze\u017cywaj\u0105: \u25baKsi\u0105dz Andrzej Duklewski, Proboszcz Parafii w Sz\u00f3stce, w Diecezji siedleckiej, a przez wiele lat \u2013 Proboszcz w Tomsku na Syberii i Proboszcz mojego Brata, Ksi\u0119dza Marka; \u25baMariusz K\u0142usek, mieszkaj\u0105cy obecnie z Rodzin\u0105 w Warszawie, a za czas\u00f3w mojego pierwszego wikariatu \u2013 Szef S\u0142u\u017cby liturgicznej. Obu \u015bwi\u0119tuj\u0105cym [&hellip;]\" \/>\n<meta property=\"og:url\" content=\"https:\/\/gaudiumetspes-blog.pl\/index.php\/2020\/12\/14\/nieraz-trzeba-poczekac\/\" \/>\n<meta property=\"og:site_name\" content=\"Gaudium Et Spes\" \/>\n<meta property=\"article:published_time\" content=\"2020-12-14T08:08:05+00:00\" \/>\n<meta name=\"author\" content=\"Ks. Jacek\" \/>\n<meta name=\"twitter:card\" content=\"summary_large_image\" \/>\n<meta name=\"twitter:label1\" content=\"Napisane przez\" \/>\n\t<meta name=\"twitter:data1\" content=\"Ks. Jacek\" \/>\n\t<meta name=\"twitter:label2\" content=\"Szacowany czas czytania\" \/>\n\t<meta name=\"twitter:data2\" content=\"12 minut\" \/>\n<script type=\"application\/ld+json\" class=\"yoast-schema-graph\">{\"@context\":\"https:\/\/schema.org\",\"@graph\":[{\"@type\":\"WebPage\",\"@id\":\"https:\/\/gaudiumetspes-blog.pl\/index.php\/2020\/12\/14\/nieraz-trzeba-poczekac\/\",\"url\":\"https:\/\/gaudiumetspes-blog.pl\/index.php\/2020\/12\/14\/nieraz-trzeba-poczekac\/\",\"name\":\"Nieraz trzeba poczeka\u0107... - Gaudium Et Spes\",\"isPartOf\":{\"@id\":\"https:\/\/gaudiumetspes-blog.pl\/#website\"},\"datePublished\":\"2020-12-14T08:08:05+00:00\",\"author\":{\"@id\":\"https:\/\/gaudiumetspes-blog.pl\/#\/schema\/person\/1661982992b752dea8dff0d4ed845a65\"},\"breadcrumb\":{\"@id\":\"https:\/\/gaudiumetspes-blog.pl\/index.php\/2020\/12\/14\/nieraz-trzeba-poczekac\/#breadcrumb\"},\"inLanguage\":\"pl-PL\",\"potentialAction\":[{\"@type\":\"ReadAction\",\"target\":[\"https:\/\/gaudiumetspes-blog.pl\/index.php\/2020\/12\/14\/nieraz-trzeba-poczekac\/\"]}]},{\"@type\":\"BreadcrumbList\",\"@id\":\"https:\/\/gaudiumetspes-blog.pl\/index.php\/2020\/12\/14\/nieraz-trzeba-poczekac\/#breadcrumb\",\"itemListElement\":[{\"@type\":\"ListItem\",\"position\":1,\"name\":\"Strona g\u0142\u00f3wna\",\"item\":\"https:\/\/gaudiumetspes-blog.pl\/\"},{\"@type\":\"ListItem\",\"position\":2,\"name\":\"Nieraz trzeba poczeka\u0107&#8230;\"}]},{\"@type\":\"WebSite\",\"@id\":\"https:\/\/gaudiumetspes-blog.pl\/#website\",\"url\":\"https:\/\/gaudiumetspes-blog.pl\/\",\"name\":\"Gaudium Et Spes\",\"description\":\"Blog Ks. Jacka Ja\u015bkowskiego\",\"potentialAction\":[{\"@type\":\"SearchAction\",\"target\":{\"@type\":\"EntryPoint\",\"urlTemplate\":\"https:\/\/gaudiumetspes-blog.pl\/?s={search_term_string}\"},\"query-input\":{\"@type\":\"PropertyValueSpecification\",\"valueRequired\":true,\"valueName\":\"search_term_string\"}}],\"inLanguage\":\"pl-PL\"},{\"@type\":\"Person\",\"@id\":\"https:\/\/gaudiumetspes-blog.pl\/#\/schema\/person\/1661982992b752dea8dff0d4ed845a65\",\"name\":\"Ks. Jacek\",\"image\":{\"@type\":\"ImageObject\",\"inLanguage\":\"pl-PL\",\"@id\":\"https:\/\/gaudiumetspes-blog.pl\/#\/schema\/person\/image\/\",\"url\":\"https:\/\/gaudiumetspes-blog.pl\/wp-content\/uploads\/2019\/07\/avatar-JJ-150x150.jpg\",\"contentUrl\":\"https:\/\/gaudiumetspes-blog.pl\/wp-content\/uploads\/2019\/07\/avatar-JJ-150x150.jpg\",\"caption\":\"Ks. Jacek\"},\"description\":\"Witam serdecznie! K\u0142ania si\u0119 Ks. Jacek Ja\u015bkowski. Nie jestem ani kim\u015b wa\u017cnym, ani kim\u015b znanym. Jestem ksi\u0119dzem, kt\u00f3ry po prostu chce rozmawia\u0107. Codzienna kap\u0142a\u0144ska pos\u0142uga pokazuje mi, \u017ce temat\u00f3w do rozm\u00f3w z ksi\u0119dzem jest coraz wi\u0119cej i dzisiaj \u017caden ksi\u0105dz nie mo\u017ce od nich ucieka\u0107, ale - wprost przeciwnie - podejmowa\u0107 nowe wyzwania. To przekonanie sk\u0142oni\u0142o mnie do pr\u00f3by otwarcia tego\u017c bloga, chocia\u017c okazji do rozm\u00f3w na co dzie\u0144 - w konfesjonale i poza nim - na szcz\u0119\u015bcie nie brakuje. My\u015bl\u0119 jednak, \u017ce ten blog b\u0119dzie jeszcze jednym sposobem i przestrzeni\u0105 nawi\u0105zania kontaktu z lud\u017ami dobrej woli, otwartymi na dialog.\",\"url\":\"https:\/\/gaudiumetspes-blog.pl\/index.php\/author\/ks-jacek\/\"}]}<\/script>\n<!-- \/ Yoast SEO plugin. -->","yoast_head_json":{"title":"Nieraz trzeba poczeka\u0107... - Gaudium Et Spes","robots":{"index":"index","follow":"follow","max-snippet":"max-snippet:-1","max-image-preview":"max-image-preview:large","max-video-preview":"max-video-preview:-1"},"canonical":"https:\/\/gaudiumetspes-blog.pl\/index.php\/2020\/12\/14\/nieraz-trzeba-poczekac\/","og_locale":"pl_PL","og_type":"article","og_title":"Nieraz trzeba poczeka\u0107... - Gaudium Et Spes","og_description":"Szcz\u0119\u015b\u0107 Bo\u017ce! Moi Drodzy, w dniu dzisiejszym urodziny prze\u017cywaj\u0105: \u25baKsi\u0105dz Andrzej Duklewski, Proboszcz Parafii w Sz\u00f3stce, w Diecezji siedleckiej, a przez wiele lat \u2013 Proboszcz w Tomsku na Syberii i Proboszcz mojego Brata, Ksi\u0119dza Marka; \u25baMariusz K\u0142usek, mieszkaj\u0105cy obecnie z Rodzin\u0105 w Warszawie, a za czas\u00f3w mojego pierwszego wikariatu \u2013 Szef S\u0142u\u017cby liturgicznej. Obu \u015bwi\u0119tuj\u0105cym [&hellip;]","og_url":"https:\/\/gaudiumetspes-blog.pl\/index.php\/2020\/12\/14\/nieraz-trzeba-poczekac\/","og_site_name":"Gaudium Et Spes","article_published_time":"2020-12-14T08:08:05+00:00","author":"Ks. Jacek","twitter_card":"summary_large_image","twitter_misc":{"Napisane przez":"Ks. Jacek","Szacowany czas czytania":"12 minut"},"schema":{"@context":"https:\/\/schema.org","@graph":[{"@type":"WebPage","@id":"https:\/\/gaudiumetspes-blog.pl\/index.php\/2020\/12\/14\/nieraz-trzeba-poczekac\/","url":"https:\/\/gaudiumetspes-blog.pl\/index.php\/2020\/12\/14\/nieraz-trzeba-poczekac\/","name":"Nieraz trzeba poczeka\u0107... - Gaudium Et Spes","isPartOf":{"@id":"https:\/\/gaudiumetspes-blog.pl\/#website"},"datePublished":"2020-12-14T08:08:05+00:00","author":{"@id":"https:\/\/gaudiumetspes-blog.pl\/#\/schema\/person\/1661982992b752dea8dff0d4ed845a65"},"breadcrumb":{"@id":"https:\/\/gaudiumetspes-blog.pl\/index.php\/2020\/12\/14\/nieraz-trzeba-poczekac\/#breadcrumb"},"inLanguage":"pl-PL","potentialAction":[{"@type":"ReadAction","target":["https:\/\/gaudiumetspes-blog.pl\/index.php\/2020\/12\/14\/nieraz-trzeba-poczekac\/"]}]},{"@type":"BreadcrumbList","@id":"https:\/\/gaudiumetspes-blog.pl\/index.php\/2020\/12\/14\/nieraz-trzeba-poczekac\/#breadcrumb","itemListElement":[{"@type":"ListItem","position":1,"name":"Strona g\u0142\u00f3wna","item":"https:\/\/gaudiumetspes-blog.pl\/"},{"@type":"ListItem","position":2,"name":"Nieraz trzeba poczeka\u0107&#8230;"}]},{"@type":"WebSite","@id":"https:\/\/gaudiumetspes-blog.pl\/#website","url":"https:\/\/gaudiumetspes-blog.pl\/","name":"Gaudium Et Spes","description":"Blog Ks. Jacka Ja\u015bkowskiego","potentialAction":[{"@type":"SearchAction","target":{"@type":"EntryPoint","urlTemplate":"https:\/\/gaudiumetspes-blog.pl\/?s={search_term_string}"},"query-input":{"@type":"PropertyValueSpecification","valueRequired":true,"valueName":"search_term_string"}}],"inLanguage":"pl-PL"},{"@type":"Person","@id":"https:\/\/gaudiumetspes-blog.pl\/#\/schema\/person\/1661982992b752dea8dff0d4ed845a65","name":"Ks. Jacek","image":{"@type":"ImageObject","inLanguage":"pl-PL","@id":"https:\/\/gaudiumetspes-blog.pl\/#\/schema\/person\/image\/","url":"https:\/\/gaudiumetspes-blog.pl\/wp-content\/uploads\/2019\/07\/avatar-JJ-150x150.jpg","contentUrl":"https:\/\/gaudiumetspes-blog.pl\/wp-content\/uploads\/2019\/07\/avatar-JJ-150x150.jpg","caption":"Ks. Jacek"},"description":"Witam serdecznie! K\u0142ania si\u0119 Ks. Jacek Ja\u015bkowski. Nie jestem ani kim\u015b wa\u017cnym, ani kim\u015b znanym. Jestem ksi\u0119dzem, kt\u00f3ry po prostu chce rozmawia\u0107. Codzienna kap\u0142a\u0144ska pos\u0142uga pokazuje mi, \u017ce temat\u00f3w do rozm\u00f3w z ksi\u0119dzem jest coraz wi\u0119cej i dzisiaj \u017caden ksi\u0105dz nie mo\u017ce od nich ucieka\u0107, ale - wprost przeciwnie - podejmowa\u0107 nowe wyzwania. To przekonanie sk\u0142oni\u0142o mnie do pr\u00f3by otwarcia tego\u017c bloga, chocia\u017c okazji do rozm\u00f3w na co dzie\u0144 - w konfesjonale i poza nim - na szcz\u0119\u015bcie nie brakuje. My\u015bl\u0119 jednak, \u017ce ten blog b\u0119dzie jeszcze jednym sposobem i przestrzeni\u0105 nawi\u0105zania kontaktu z lud\u017ami dobrej woli, otwartymi na dialog.","url":"https:\/\/gaudiumetspes-blog.pl\/index.php\/author\/ks-jacek\/"}]}},"jetpack_featured_media_url":"","jetpack_sharing_enabled":true,"_links":{"self":[{"href":"https:\/\/gaudiumetspes-blog.pl\/index.php\/wp-json\/wp\/v2\/posts\/18292","targetHints":{"allow":["GET"]}}],"collection":[{"href":"https:\/\/gaudiumetspes-blog.pl\/index.php\/wp-json\/wp\/v2\/posts"}],"about":[{"href":"https:\/\/gaudiumetspes-blog.pl\/index.php\/wp-json\/wp\/v2\/types\/post"}],"author":[{"embeddable":true,"href":"https:\/\/gaudiumetspes-blog.pl\/index.php\/wp-json\/wp\/v2\/users\/1"}],"replies":[{"embeddable":true,"href":"https:\/\/gaudiumetspes-blog.pl\/index.php\/wp-json\/wp\/v2\/comments?post=18292"}],"version-history":[{"count":1,"href":"https:\/\/gaudiumetspes-blog.pl\/index.php\/wp-json\/wp\/v2\/posts\/18292\/revisions"}],"predecessor-version":[{"id":18293,"href":"https:\/\/gaudiumetspes-blog.pl\/index.php\/wp-json\/wp\/v2\/posts\/18292\/revisions\/18293"}],"wp:attachment":[{"href":"https:\/\/gaudiumetspes-blog.pl\/index.php\/wp-json\/wp\/v2\/media?parent=18292"}],"wp:term":[{"taxonomy":"category","embeddable":true,"href":"https:\/\/gaudiumetspes-blog.pl\/index.php\/wp-json\/wp\/v2\/categories?post=18292"},{"taxonomy":"post_tag","embeddable":true,"href":"https:\/\/gaudiumetspes-blog.pl\/index.php\/wp-json\/wp\/v2\/tags?post=18292"}],"curies":[{"name":"wp","href":"https:\/\/api.w.org\/{rel}","templated":true}]}}