{"id":18294,"date":"2020-12-15T08:01:28","date_gmt":"2020-12-15T07:01:28","guid":{"rendered":"https:\/\/gaudiumetspes-blog.pl\/?p=18294"},"modified":"2020-12-15T08:01:28","modified_gmt":"2020-12-15T07:01:28","slug":"opamietal-sie-i-poszedl","status":"publish","type":"post","link":"https:\/\/gaudiumetspes-blog.pl\/index.php\/2020\/12\/15\/opamietal-sie-i-poszedl\/","title":{"rendered":"Opami\u0119ta\u0142 si\u0119 &#8211; i poszed\u0142!"},"content":{"rendered":"<p align=\"justify\"><span style=\"color: #000000;\"><span style=\"font-family: Book Antiqua, serif;\"><span style=\"font-size: large;\">Szcz\u0119\u015b\u0107 Bo\u017ce! Moi Drodzy, w dniu dzisiejszym <b>urodziny prze\u017cywa Tomasz Szel\u0105g, za moich czas\u00f3w \u2013 Lektor w Celestynowie. \u017bycz\u0119 Mu nieustannej opieki Bo\u017cej i czerpania pe\u0142nymi gar\u015bciami z duchowego bogactwa wspania\u0142ej Rodziny, z kt\u00f3rej pochodzi. Zapewniam o modlitwie!<\/b><\/span><\/span><\/span><\/p>\n<p align=\"justify\"><span style=\"color: #000000;\"><span style=\"font-family: Book Antiqua, serif;\"><span style=\"font-size: large;\">Moi Drodzy, bardzo zach\u0119cam Was wszystkich \u2013 je\u015bli to zgadza si\u0119 z przekonaniem Waszego sumienia \u2013 do poparcia inicjatywy:<\/span><\/span><\/span><\/p>\n<p align=\"justify\"><span style=\"color: #000000;\"><span style=\"font-family: Book Antiqua, serif;\"><span style=\"font-size: medium;\"><span style=\"font-size: large;\"><a href=\"https:\/\/www.protestuj.pl\/odzyskajmy-boze-narodzenie-,112,k.html\/?ka=004204\">https:\/\/www.protestuj.pl\/odzyskajmy-boze-narodzenie-,112,k.html\/?ka=004204<\/a> <\/span><\/span><\/span><\/span><\/p>\n<p align=\"justify\"><span style=\"color: #000000;\"><span style=\"font-family: Book Antiqua, serif;\"><span style=\"font-size: large;\">Ja ju\u017c podpisa\u0142em. Wczoraj liczba podpisuj\u0105cych ros\u0142a bardzo szybko \u2013 ze zwyk\u0142ej ciekawo\u015bci, zagl\u0105da\u0142em co jaki\u015b czas i bardzo mnie cieszy\u0142o, \u017ce naprawd\u0119 szybko liczba podpis\u00f3w wzrasta\u0142a. Ja podpisa\u0142em jako czterdziesty \u00f3smy. By\u0142o to wczesnym popo\u0142udniem, nie pami\u0119tam godziny. Zobaczcie, ile podpis\u00f3w jest teraz. Zach\u0119cam do poparcia tego ze wszech miar s\u0142usznego \u017c\u0105dania!<\/span><\/span><\/span><\/p>\n<p align=\"justify\"><span style=\"color: #000000;\"><span style=\"font-family: Book Antiqua, serif;\"><span style=\"font-size: large;\">A teraz ju\u017c zapraszam do pochylenia si\u0119 nad Bo\u017cym s\u0142owem dzisiejszej liturgii, aby odczyta\u0107, <b>co Pan do mnie konkretnie osobi\u015bcie m\u00f3wi.<\/b><\/span><\/span><\/span><\/p>\n<p align=\"justify\"><span style=\"color: #000000;\"><span style=\"font-family: Book Antiqua, serif;\"><span style=\"font-size: large;\"><b>Niech Was b\u0142ogos\u0142awi B\u00f3g Wszechmog\u0105cy: Ojciec + i Syn, i Duch \u015awi\u0119ty. Amen<\/b><\/span><\/span><\/span><\/p>\n<p align=\"center\"><span style=\"color: #000000;\"><span style=\"font-family: Book Antiqua, serif;\"><span style=\"font-size: large;\">Gaudium et spes! Ks. Jacek<\/span><\/span><\/span><\/p>\n<p align=\"center\">\n<p align=\"center\">\n<p align=\"center\">\n<p align=\"center\">\n<p align=\"center\">\n<p align=\"justify\"><span style=\"color: #000000;\"><span style=\"font-family: Book Antiqua, serif;\"><span style=\"font-size: large;\"><b>Wtorek 3 Tygodnia Adwentu,<\/b><\/span><\/span><\/span><\/p>\n<p align=\"justify\"><span style=\"color: #000000;\"><span style=\"font-family: Book Antiqua, serif;\"><span style=\"font-size: large;\"><b>15 grudnia 2020.,<\/b><\/span><\/span><\/span><\/p>\n<p align=\"justify\"><span style=\"color: #000000;\"><span style=\"font-family: Book Antiqua, serif;\"><span style=\"font-size: large;\"><b>do czyta\u0144: So 3,1\u20132.9\u201313; Mt 21,28\u201332<\/b><\/span><\/span><\/span><\/p>\n<p align=\"justify\">\n<p align=\"justify\">\n<p align=\"justify\">\n<p align=\"justify\">\n<p align=\"justify\">\n<p align=\"justify\"><span style=\"color: #000000;\"><span style=\"font-family: Book Antiqua, serif;\"><span style=\"font-size: large;\"><b>CZYTANIE Z KSI\u0118GI PROROKA SOFONIASZA: <\/b><\/span><\/span><\/span><\/p>\n<p align=\"justify\"><span style=\"color: #000000;\"><span style=\"font-family: Book Antiqua, serif;\"><span style=\"font-size: large;\"><b>Biada buntowniczemu i splugawionemu miastu, <\/b><\/span><\/span><\/span><\/p>\n<p align=\"justify\"><span style=\"color: #000000;\"><span style=\"font-family: Book Antiqua, serif;\"><span style=\"font-size: large;\"><b>co stosuje ucisk! <\/b><\/span><\/span><\/span><\/p>\n<p align=\"justify\"><span style=\"color: #000000;\"><span style=\"font-family: Book Antiqua, serif;\"><span style=\"font-size: large;\"><b>Nie s\u0142ucha g\u0142osu i nie przyjmuje ostrze\u017cenia, <\/b><\/span><\/span><\/span><\/p>\n<p align=\"justify\"><span style=\"color: #000000;\"><span style=\"font-family: Book Antiqua, serif;\"><span style=\"font-size: large;\"><b>nie ufa Panu <\/b><\/span><\/span><\/span><\/p>\n<p align=\"justify\"><span style=\"color: #000000;\"><span style=\"font-family: Book Antiqua, serif;\"><span style=\"font-size: large;\"><b>i nie przybli\u017ca si\u0119 do swego Boga. <\/b><\/span><\/span><\/span><\/p>\n<p align=\"justify\"><span style=\"color: #000000;\"><span style=\"font-family: Book Antiqua, serif;\"><span style=\"font-size: large;\"><b>Wtedy przywr\u00f3c\u0119 narodom wargi czyste, <\/b><\/span><\/span><\/span><\/p>\n<p align=\"justify\"><span style=\"color: #000000;\"><span style=\"font-family: Book Antiqua, serif;\"><span style=\"font-size: large;\"><b>aby wszyscy wzywali imienia Pana <\/b><\/span><\/span><\/span><\/p>\n<p align=\"justify\"><span style=\"color: #000000;\"><span style=\"font-family: Book Antiqua, serif;\"><span style=\"font-size: large;\"><b>i s\u0142u\u017cyli Mu jednomy\u015blnie. <\/b><\/span><\/span><\/span><\/p>\n<p align=\"justify\"><span style=\"color: #000000;\"><span style=\"font-family: Book Antiqua, serif;\"><span style=\"font-size: large;\"><b>Z tamtej strony rzek Etiopii <\/b><\/span><\/span><\/span><\/p>\n<p align=\"justify\"><span style=\"color: #000000;\"><span style=\"font-family: Book Antiqua, serif;\"><span style=\"font-size: large;\"><b>wielbiciele moi, C\u00f3ra z moimi rozproszonymi, przynios\u0105 Mi dar.<\/b><\/span><\/span><\/span><\/p>\n<p align=\"justify\"><span style=\"color: #000000;\"><span style=\"font-family: Book Antiqua, serif;\"><span style=\"font-size: large;\"><b>W tym dniu <\/b><\/span><\/span><\/span><\/p>\n<p align=\"justify\"><span style=\"color: #000000;\"><span style=\"font-family: Book Antiqua, serif;\"><span style=\"font-size: large;\"><b>nie b\u0119dziesz si\u0119 wstydzi\u0107 wszystkich twoich uczynk\u00f3w, <\/b><\/span><\/span><\/span><\/p>\n<p align=\"justify\"><span style=\"color: #000000;\"><span style=\"font-family: Book Antiqua, serif;\"><span style=\"font-size: large;\"><b>przez kt\u00f3re dopu\u015bci\u0142a\u015b si\u0119 wzgl\u0119dem Mnie niewierno\u015bci; <\/b><\/span><\/span><\/span><\/p>\n<p align=\"justify\"><span style=\"color: #000000;\"><span style=\"font-family: Book Antiqua, serif;\"><span style=\"font-size: large;\"><b>usun\u0119 bowiem wtedy spo\u015br\u00f3d ciebie <\/b><\/span><\/span><\/span><\/p>\n<p align=\"justify\"><span style=\"color: #000000;\"><span style=\"font-family: Book Antiqua, serif;\"><span style=\"font-size: large;\"><b>pysznych samochwalc\u00f3w twoich <\/b><\/span><\/span><\/span><\/p>\n<p align=\"justify\"><span style=\"color: #000000;\"><span style=\"font-family: Book Antiqua, serif;\"><span style=\"font-size: large;\"><b>i nie b\u0119dziesz si\u0119 wi\u0119cej wywy\u017csza\u0107 <\/b><\/span><\/span><\/span><\/p>\n<p align=\"justify\"><span style=\"color: #000000;\"><span style=\"font-family: Book Antiqua, serif;\"><span style=\"font-size: large;\"><b>na \u015bwi\u0119tej mej g\u00f3rze. <\/b><\/span><\/span><\/span><\/p>\n<p align=\"justify\"><span style=\"color: #000000;\"><span style=\"font-family: Book Antiqua, serif;\"><span style=\"font-size: large;\"><b>I zostawi\u0119 po\u015br\u00f3d ciebie lud pokorny i biedny, <\/b><\/span><\/span><\/span><\/p>\n<p align=\"justify\"><span style=\"color: #000000;\"><span style=\"font-family: Book Antiqua, serif;\"><span style=\"font-size: large;\"><b>a szuka\u0107 b\u0119d\u0105 schronienia w imieniu Pana.<\/b><\/span><\/span><\/span><\/p>\n<p align=\"justify\"><span style=\"color: #000000;\"><span style=\"font-family: Book Antiqua, serif;\"><span style=\"font-size: large;\"><b>Reszta Izraela nie b\u0119dzie czyni\u0107 nieprawo\u015bci <\/b><\/span><\/span><\/span><\/p>\n<p align=\"justify\"><span style=\"color: #000000;\"><span style=\"font-family: Book Antiqua, serif;\"><span style=\"font-size: large;\"><b>ani m\u00f3wi\u0107 k\u0142amstwa. <\/b><\/span><\/span><\/span><\/p>\n<p align=\"justify\"><span style=\"color: #000000;\"><span style=\"font-family: Book Antiqua, serif;\"><span style=\"font-size: large;\"><b>I nie znajdzie si\u0119 w ich ustach zwodniczy j\u0119zyk, <\/b><\/span><\/span><\/span><\/p>\n<p align=\"justify\"><span style=\"color: #000000;\"><span style=\"font-family: Book Antiqua, serif;\"><span style=\"font-size: large;\"><b>gdy pa\u015b\u0107 si\u0119 b\u0119d\u0105 i wylegiwa\u0107, <\/b><\/span><\/span><\/span><\/p>\n<p align=\"justify\"><span style=\"color: #000000;\"><span style=\"font-family: Book Antiqua, serif;\"><span style=\"font-size: large;\"><b>a nie b\u0119dzie nikogo, kto by ich przestraszy\u0142.<\/b><\/span><\/span><\/span><\/p>\n<p align=\"justify\">\n<p align=\"justify\">\n<p align=\"justify\">\n<p align=\"justify\">\n<p align=\"justify\">\n<p align=\"justify\"><span style=\"color: #000000;\"><span style=\"font-family: Book Antiqua, serif;\"><span style=\"font-size: large;\"><b>S\u0141OWA EWANGELII WED\u0141UG \u015aWI\u0118TEGO MATEUSZA:<\/b><\/span><\/span><\/span><\/p>\n<p align=\"justify\"><span style=\"color: #000000;\"><span style=\"font-family: Book Antiqua, serif;\"><span style=\"font-size: large;\"><b>Jezus powiedzia\u0142 do arcykap\u0142an\u00f3w i starszych ludu: \u201eCo my\u015blicie? Pewien cz\u0142owiek mia\u0142 dw\u00f3ch syn\u00f3w. Zwr\u00f3ci\u0142 si\u0119 do pierwszego i rzek\u0142: \u00abDziecko, id\u017a dzisiaj i pracuj w winnicy\u00bb. Ten odpowiedzia\u0142: \u00abId\u0119, panie\u00bb, lecz nie poszed\u0142. Zwr\u00f3ci\u0142 si\u0119 do drugiego i to samo powiedzia\u0142. Ten odpar\u0142: \u00abNie chc\u0119\u00bb. P\u00f3\u017aniej jednak opami\u0119ta\u0142 si\u0119 i poszed\u0142. Kt\u00f3ry\u017c z tych dw\u00f3ch spe\u0142ni\u0142 wol\u0119 ojca?\u201d M\u00f3wi\u0105 Mu: \u201eTen drugi\u201d.<\/b><\/span><\/span><\/span><\/p>\n<p align=\"justify\"><span style=\"color: #000000;\"><span style=\"font-family: Book Antiqua, serif;\"><span style=\"font-size: large;\"><b>Wtedy Jezus rzek\u0142 do nich: \u201eZaprawd\u0119, powiadam wam: Celnicy i nierz\u0105dnice wchodz\u0105 przed wami do kr\u00f3lestwa niebieskiego. Przyszed\u0142 bowiem do was Jan drog\u0105 sprawiedliwo\u015bci, a wy\u015bcie mu nie uwierzyli. Celnicy za\u015b i nierz\u0105dnice uwierzyli mu. Wy patrzyli\u015bcie na to, ale nawet p\u00f3\u017aniej nie opami\u0119tali\u015bcie si\u0119, \u017ceby mu uwierzy\u0107\u201d.<\/b><\/span><\/span><\/span><\/p>\n<p align=\"justify\">\n<p align=\"justify\">\n<p align=\"justify\">\n<p align=\"justify\">\n<p align=\"justify\">\n<p align=\"justify\"><span style=\"color: #000000;\"><span style=\"font-family: Book Antiqua, serif;\"><span style=\"font-size: large;\">Pierwsze zdania dzisiejszego pierwszego czytania to prorockie <i><b>Biada!<\/b><\/i> nad grzesznym miastem, dopuszczaj\u0105cym si\u0119 nieprawo\u015bci. I chocia\u017c nazwa tego miasta nie pada, nie ma w\u0105tpliwo\u015bci, \u017ce <b>chodzi o Jerozolim\u0119. <\/b>W\u015br\u00f3d zarzut\u00f3w, jakie Prorok stawia, s\u0142yszymy \u017ce <i><b>nie s\u0142ucha<\/b><\/i><b> <\/b>[ona]<b> <\/b><i><b>g\u0142osu i nie przyjmuje ostrze\u017cenia, <\/b><\/i><i><b>nie ufa Panu <\/b><\/i><i><b>i nie przybli\u017ca si\u0119 do swego Boga.<\/b><\/i><b> <\/b><\/span><\/span><\/span><\/p>\n<p align=\"justify\"><span style=\"color: #000000;\"><span style=\"font-family: Book Antiqua, serif;\"><span style=\"font-size: large;\">W dalszej cz\u0119\u015bci Ksi\u0119gi wyszczeg\u00f3lnione s\u0105 <b>r\u00f3\u017cne grupy spo\u0142eczne<\/b> i to im z kolei postawione s\u0105 konkretne zarzuty. Tego jednak dzisiaj nie s\u0142yszymy, bo nie zosta\u0142o to w\u0142\u0105czone do tre\u015bci czytania. W kolejnych natomiast zdaniach, kt\u00f3re ju\u017c s\u0142yszymy, nast\u0119puje diametralna zmiana tonu! Prorok stwierdza: <i><b>Wtedy przywr\u00f3c\u0119 narodom wargi czyste, <\/b><\/i><i><b>aby wszyscy wzywali imienia Pana <\/b><\/i><i><b>i<\/b><\/i><i><b> s\u0142u\u017cyli Mu jednomy\u015blnie.<\/b><\/i> Do\u015b\u0107 radykalne przej\u015bcie: ze zdecydowanej i ostrej krytyki do mocnego przes\u0142ania nadziei i zapowiedzi odmiany losu. <\/span><\/span><\/span><\/p>\n<p align=\"justify\"><span style=\"color: #000000;\"><span style=\"font-family: Book Antiqua, serif;\"><span style=\"font-size: large;\">W ten spos\u00f3b Prorok u\u015bwiadamia nam, \u017ce celem kary, zes\u0142anej przez Boga, nie jest poni\u017cenie, czy wr\u0119cz unicestwienie narodu, <b>ale jego przemiana, nawr\u00f3cenie. <\/b>Kara ma s\u0142u\u017cy\u0107 swoistemu <b>oczyszczeniu narodu,<\/b> jego zamiar\u00f3w, intencji, d\u0105\u017ce\u0144\u2026 I je\u017celi ten proces si\u0119 dokona \u2013 albo przynajmniej zacznie si\u0119 dokonywa\u0107 \u2013 w\u00f3wczas <b>Pan b\u0119dzie m\u00f3g\u0142 dzia\u0142a\u0107,<\/b> b\u0119dzie m\u00f3g\u0142 sw\u00f3j lud ratowa\u0107, d\u017awiga\u0107 z upadku. <\/span><\/span><\/span><\/p>\n<p align=\"justify\"><span style=\"color: #000000;\"><span style=\"font-family: Book Antiqua, serif;\"><span style=\"font-size: large;\">Prorok wprost stwierdza: <i><b>W tym dniu <\/b><\/i><i><b>nie b\u0119dziesz si\u0119 wstydzi\u0107 wszystkich twoich uczynk\u00f3w, przez kt\u00f3re dopu\u015bci\u0142a\u015b si\u0119 wzgl\u0119dem Mnie niewierno\u015bci; usun\u0119 bowiem wtedy spo\u015br\u00f3d ciebie pysznych samochwalc\u00f3w twoich i nie b\u0119dziesz si\u0119 wi\u0119cej wywy\u017csza\u0107 <\/b><\/i><i><b>na \u015bwi\u0119tej mej g\u00f3rze.<\/b><\/i><b> <\/b>Tak, bo B\u00f3g przebaczy grzechy swego ludu i wejrzy \u2013 jak dalej s\u0142yszymy \u2013 na <i><b>lud pokorny i biedny, <\/b><\/i>kt\u00f3ry b\u0119dzie szuka\u0142 <i><b>schronienia w imieniu Pana.<\/b><\/i><i> <\/i><\/span><\/span><\/span><\/p>\n<p align=\"justify\"><span style=\"color: #000000;\"><span style=\"font-family: Book Antiqua, serif;\"><span style=\"font-size: large;\">Warunkiem odmiany losu narodu jest wi\u0119c odwr\u00f3cenie si\u0119 od w\u0142asnych grzech\u00f3w, a zwr\u00f3cenie si\u0119 ku Panu. A w\u00f3wczas <i><b>Reszta Izraela nie b\u0119dzie czyni\u0107 nieprawo\u015bci <\/b><\/i><i><b>ani m\u00f3wi\u0107 k\u0142amstwa. I nie znajdzie si\u0119 w ich ustach zwodniczy j\u0119zyk, gdy pa\u015b\u0107 si\u0119 b\u0119d\u0105 i wylegiwa\u0107, <\/b><\/i><i><b>a nie b\u0119dzie nikogo, kto by ich przestraszy\u0142.<\/b><\/i> <\/span><\/span><\/span><\/p>\n<p align=\"justify\"><span style=\"color: #000000;\"><span style=\"font-family: Book Antiqua, serif;\"><span style=\"font-size: large;\">Jak\u017ce wi\u0119c wiele zale\u017cy od konkretnej postawy cz\u0142owieka! Pojedynczego cz\u0142owieka, ale i ca\u0142ego narodu! Jak bardzo B\u00f3g <b>oczekuje znaku dobrej woli, <\/b>znaku nawr\u00f3cenia, przemiany, powrotu do Niego! Ale nie wyra\u017conego w s\u0142owach i obietnicach, a <b>w konkretnej postawie.<\/b> <\/span><\/span><\/span><\/p>\n<p align=\"justify\"><span style=\"color: #000000;\"><span style=\"font-family: Book Antiqua, serif;\"><span style=\"font-size: large;\">Bardzo mocno podkre\u015bla to Jezus w dzisiejszej Ewangelii, ukazuj\u0105c obraz dw\u00f3ch syn\u00f3w, z kt\u00f3rych jeden, poproszony przez ojca o prac\u0119 w winnicy, ch\u0119tnie zgodzi\u0142 si\u0119 na to, ale <b>ostatecznie nie poszed\u0142,<\/b> podczas gdy drugi zbuntowa\u0142 si\u0119 i powiedzia\u0142, \u017ce nie p\u00f3jdzie, <b>ale w ko\u0144cu poszed\u0142<\/b> i pracowa\u0142. Ten drugi \u2013 co oczywiste \u2013 zosta\u0142 oceniony pozytywnie, a nie ten, kt\u00f3ry jedynie obieca\u0142. <\/span><\/span><\/span><\/p>\n<p align=\"justify\"><span style=\"color: #000000;\"><span style=\"font-family: Book Antiqua, serif;\"><span style=\"font-size: large;\">Na kanwie tego por\u00f3wnania, Jezus ostrzega swoich rodak\u00f3w, \u017ce samo przyznawanie si\u0119 do Boga, czy <b>przynale\u017cno\u015b\u0107 do okre\u015blonego narodu,<\/b> to za ma\u0142o, by wej\u015b\u0107 do Kr\u00f3lestwa niebieskiego. Wejd\u0105 tam bowiem ci, kt\u00f3rzy <b>s\u0142uchaj\u0105 <\/b><b>s\u0142owa<\/b><b> Bo\u017cego i nawracaj\u0105 si\u0119, <\/b>kt\u00f3rzy podejmuj\u0105 konkretne dzia\u0142ania. Kt\u00f3rzy s\u0105 w\u0142a\u015bnie owym <b>\u00ab<\/b><b>ludem pokornym i biednym<\/b><b>\u00bb<\/b> \u2013 czy, jak jest to uj\u0119te w innym t\u0142umaczeniu: <b>\u00ab<\/b><b>ludem pokornym i ubogim<\/b><b>\u00bb<\/b><b> <\/b>\u2013 a wi\u0119c zdanym ca\u0142kowicie na Boga, ufaj\u0105cym Mu bezgranicznie i pe\u0142ni\u0105cym Jego wol\u0119. <\/span><\/span><\/span><\/p>\n<p align=\"justify\"><span style=\"color: #000000;\"><span style=\"font-family: Book Antiqua, serif;\"><span style=\"font-size: large;\">Moi Drodzy, w naszym \u017cyciu tak\u017ce mo\u017ce i powinna dokonywa\u0107 si\u0119 stale przemiana \u2013 <b>radykalna przemiana<\/b> ze z\u0142ej drogi na dobr\u0105. Odwracanie si\u0119 od naszych grzech\u00f3w i z\u0142ych przyzwyczaje\u0144. A w\u00f3wczas Pan b\u0119dzie m\u00f3g\u0142 dokonywa\u0107 <b>wiele dobrego w naszej codzienno\u015bci<\/b> \u2013 rozwi\u0105zywa\u0107 nasze problemy, podtrzymywa\u0107 nas na duchu, prowadzi\u0107 prost\u0105 drog\u0105\u2026 <\/span><\/span><\/span><\/p>\n<p align=\"justify\"><span style=\"color: #000000;\"><span style=\"font-family: Book Antiqua, serif;\"><span style=\"font-size: large;\">Co zatem konkretnie powinienem \u2013 i chc\u0119 \u2013 <b>zmieni\u0107 w swoim post\u0119powaniu ju\u017c teraz,<\/b> w czasie tego Adwentu?\u2026<\/span><\/span><\/span><\/p>\n","protected":false},"excerpt":{"rendered":"<p>Szcz\u0119\u015b\u0107 Bo\u017ce! Moi Drodzy, w dniu dzisiejszym urodziny prze\u017cywa Tomasz Szel\u0105g, za moich czas\u00f3w \u2013 Lektor w Celestynowie. \u017bycz\u0119 Mu nieustannej opieki Bo\u017cej i czerpania pe\u0142nymi gar\u015bciami z duchowego bogactwa wspania\u0142ej Rodziny, z kt\u00f3rej pochodzi. Zapewniam o modlitwie! Moi Drodzy, bardzo zach\u0119cam Was wszystkich \u2013 je\u015bli to zgadza si\u0119 z przekonaniem Waszego sumienia \u2013 do [&hellip;]<\/p>\n","protected":false},"author":1,"featured_media":0,"comment_status":"open","ping_status":"open","sticky":false,"template":"","format":"standard","meta":{"jetpack_post_was_ever_published":false,"_jetpack_newsletter_access":"","_jetpack_dont_email_post_to_subs":false,"_jetpack_newsletter_tier_id":0,"_jetpack_memberships_contains_paywalled_content":false,"_jetpack_memberships_contains_paid_content":false,"footnotes":""},"categories":[1],"tags":[],"class_list":["post-18294","post","type-post","status-publish","format-standard","hentry","category-bez-kategorii"],"yoast_head":"<!-- This site is optimized with the Yoast SEO plugin v25.1 - https:\/\/yoast.com\/wordpress\/plugins\/seo\/ -->\n<title>Opami\u0119ta\u0142 si\u0119 - i poszed\u0142! - Gaudium Et Spes<\/title>\n<meta name=\"robots\" content=\"index, follow, max-snippet:-1, max-image-preview:large, max-video-preview:-1\" \/>\n<link rel=\"canonical\" href=\"https:\/\/gaudiumetspes-blog.pl\/index.php\/2020\/12\/15\/opamietal-sie-i-poszedl\/\" \/>\n<meta property=\"og:locale\" content=\"pl_PL\" \/>\n<meta property=\"og:type\" content=\"article\" \/>\n<meta property=\"og:title\" content=\"Opami\u0119ta\u0142 si\u0119 - i poszed\u0142! - Gaudium Et Spes\" \/>\n<meta property=\"og:description\" content=\"Szcz\u0119\u015b\u0107 Bo\u017ce! Moi Drodzy, w dniu dzisiejszym urodziny prze\u017cywa Tomasz Szel\u0105g, za moich czas\u00f3w \u2013 Lektor w Celestynowie. \u017bycz\u0119 Mu nieustannej opieki Bo\u017cej i czerpania pe\u0142nymi gar\u015bciami z duchowego bogactwa wspania\u0142ej Rodziny, z kt\u00f3rej pochodzi. Zapewniam o modlitwie! Moi Drodzy, bardzo zach\u0119cam Was wszystkich \u2013 je\u015bli to zgadza si\u0119 z przekonaniem Waszego sumienia \u2013 do [&hellip;]\" \/>\n<meta property=\"og:url\" content=\"https:\/\/gaudiumetspes-blog.pl\/index.php\/2020\/12\/15\/opamietal-sie-i-poszedl\/\" \/>\n<meta property=\"og:site_name\" content=\"Gaudium Et Spes\" \/>\n<meta property=\"article:published_time\" content=\"2020-12-15T07:01:28+00:00\" \/>\n<meta name=\"author\" content=\"Ks. Jacek\" \/>\n<meta name=\"twitter:card\" content=\"summary_large_image\" \/>\n<meta name=\"twitter:label1\" content=\"Napisane przez\" \/>\n\t<meta name=\"twitter:data1\" content=\"Ks. Jacek\" \/>\n\t<meta name=\"twitter:label2\" content=\"Szacowany czas czytania\" \/>\n\t<meta name=\"twitter:data2\" content=\"6 minut\" \/>\n<script type=\"application\/ld+json\" class=\"yoast-schema-graph\">{\"@context\":\"https:\/\/schema.org\",\"@graph\":[{\"@type\":\"WebPage\",\"@id\":\"https:\/\/gaudiumetspes-blog.pl\/index.php\/2020\/12\/15\/opamietal-sie-i-poszedl\/\",\"url\":\"https:\/\/gaudiumetspes-blog.pl\/index.php\/2020\/12\/15\/opamietal-sie-i-poszedl\/\",\"name\":\"Opami\u0119ta\u0142 si\u0119 - i poszed\u0142! - Gaudium Et Spes\",\"isPartOf\":{\"@id\":\"https:\/\/gaudiumetspes-blog.pl\/#website\"},\"datePublished\":\"2020-12-15T07:01:28+00:00\",\"author\":{\"@id\":\"https:\/\/gaudiumetspes-blog.pl\/#\/schema\/person\/1661982992b752dea8dff0d4ed845a65\"},\"breadcrumb\":{\"@id\":\"https:\/\/gaudiumetspes-blog.pl\/index.php\/2020\/12\/15\/opamietal-sie-i-poszedl\/#breadcrumb\"},\"inLanguage\":\"pl-PL\",\"potentialAction\":[{\"@type\":\"ReadAction\",\"target\":[\"https:\/\/gaudiumetspes-blog.pl\/index.php\/2020\/12\/15\/opamietal-sie-i-poszedl\/\"]}]},{\"@type\":\"BreadcrumbList\",\"@id\":\"https:\/\/gaudiumetspes-blog.pl\/index.php\/2020\/12\/15\/opamietal-sie-i-poszedl\/#breadcrumb\",\"itemListElement\":[{\"@type\":\"ListItem\",\"position\":1,\"name\":\"Strona g\u0142\u00f3wna\",\"item\":\"https:\/\/gaudiumetspes-blog.pl\/\"},{\"@type\":\"ListItem\",\"position\":2,\"name\":\"Opami\u0119ta\u0142 si\u0119 &#8211; i&nbsp;poszed\u0142!\"}]},{\"@type\":\"WebSite\",\"@id\":\"https:\/\/gaudiumetspes-blog.pl\/#website\",\"url\":\"https:\/\/gaudiumetspes-blog.pl\/\",\"name\":\"Gaudium Et Spes\",\"description\":\"Blog Ks. Jacka Ja\u015bkowskiego\",\"potentialAction\":[{\"@type\":\"SearchAction\",\"target\":{\"@type\":\"EntryPoint\",\"urlTemplate\":\"https:\/\/gaudiumetspes-blog.pl\/?s={search_term_string}\"},\"query-input\":{\"@type\":\"PropertyValueSpecification\",\"valueRequired\":true,\"valueName\":\"search_term_string\"}}],\"inLanguage\":\"pl-PL\"},{\"@type\":\"Person\",\"@id\":\"https:\/\/gaudiumetspes-blog.pl\/#\/schema\/person\/1661982992b752dea8dff0d4ed845a65\",\"name\":\"Ks. Jacek\",\"image\":{\"@type\":\"ImageObject\",\"inLanguage\":\"pl-PL\",\"@id\":\"https:\/\/gaudiumetspes-blog.pl\/#\/schema\/person\/image\/\",\"url\":\"https:\/\/gaudiumetspes-blog.pl\/wp-content\/uploads\/2019\/07\/avatar-JJ-150x150.jpg\",\"contentUrl\":\"https:\/\/gaudiumetspes-blog.pl\/wp-content\/uploads\/2019\/07\/avatar-JJ-150x150.jpg\",\"caption\":\"Ks. Jacek\"},\"description\":\"Witam serdecznie! K\u0142ania si\u0119 Ks. Jacek Ja\u015bkowski. Nie jestem ani kim\u015b wa\u017cnym, ani kim\u015b znanym. Jestem ksi\u0119dzem, kt\u00f3ry po prostu chce rozmawia\u0107. Codzienna kap\u0142a\u0144ska pos\u0142uga pokazuje mi, \u017ce temat\u00f3w do rozm\u00f3w z ksi\u0119dzem jest coraz wi\u0119cej i dzisiaj \u017caden ksi\u0105dz nie mo\u017ce od nich ucieka\u0107, ale - wprost przeciwnie - podejmowa\u0107 nowe wyzwania. To przekonanie sk\u0142oni\u0142o mnie do pr\u00f3by otwarcia tego\u017c bloga, chocia\u017c okazji do rozm\u00f3w na co dzie\u0144 - w konfesjonale i poza nim - na szcz\u0119\u015bcie nie brakuje. My\u015bl\u0119 jednak, \u017ce ten blog b\u0119dzie jeszcze jednym sposobem i przestrzeni\u0105 nawi\u0105zania kontaktu z lud\u017ami dobrej woli, otwartymi na dialog.\",\"url\":\"https:\/\/gaudiumetspes-blog.pl\/index.php\/author\/ks-jacek\/\"}]}<\/script>\n<!-- \/ Yoast SEO plugin. -->","yoast_head_json":{"title":"Opami\u0119ta\u0142 si\u0119 - i poszed\u0142! - Gaudium Et Spes","robots":{"index":"index","follow":"follow","max-snippet":"max-snippet:-1","max-image-preview":"max-image-preview:large","max-video-preview":"max-video-preview:-1"},"canonical":"https:\/\/gaudiumetspes-blog.pl\/index.php\/2020\/12\/15\/opamietal-sie-i-poszedl\/","og_locale":"pl_PL","og_type":"article","og_title":"Opami\u0119ta\u0142 si\u0119 - i poszed\u0142! - Gaudium Et Spes","og_description":"Szcz\u0119\u015b\u0107 Bo\u017ce! Moi Drodzy, w dniu dzisiejszym urodziny prze\u017cywa Tomasz Szel\u0105g, za moich czas\u00f3w \u2013 Lektor w Celestynowie. \u017bycz\u0119 Mu nieustannej opieki Bo\u017cej i czerpania pe\u0142nymi gar\u015bciami z duchowego bogactwa wspania\u0142ej Rodziny, z kt\u00f3rej pochodzi. Zapewniam o modlitwie! Moi Drodzy, bardzo zach\u0119cam Was wszystkich \u2013 je\u015bli to zgadza si\u0119 z przekonaniem Waszego sumienia \u2013 do [&hellip;]","og_url":"https:\/\/gaudiumetspes-blog.pl\/index.php\/2020\/12\/15\/opamietal-sie-i-poszedl\/","og_site_name":"Gaudium Et Spes","article_published_time":"2020-12-15T07:01:28+00:00","author":"Ks. Jacek","twitter_card":"summary_large_image","twitter_misc":{"Napisane przez":"Ks. Jacek","Szacowany czas czytania":"6 minut"},"schema":{"@context":"https:\/\/schema.org","@graph":[{"@type":"WebPage","@id":"https:\/\/gaudiumetspes-blog.pl\/index.php\/2020\/12\/15\/opamietal-sie-i-poszedl\/","url":"https:\/\/gaudiumetspes-blog.pl\/index.php\/2020\/12\/15\/opamietal-sie-i-poszedl\/","name":"Opami\u0119ta\u0142 si\u0119 - i poszed\u0142! - Gaudium Et Spes","isPartOf":{"@id":"https:\/\/gaudiumetspes-blog.pl\/#website"},"datePublished":"2020-12-15T07:01:28+00:00","author":{"@id":"https:\/\/gaudiumetspes-blog.pl\/#\/schema\/person\/1661982992b752dea8dff0d4ed845a65"},"breadcrumb":{"@id":"https:\/\/gaudiumetspes-blog.pl\/index.php\/2020\/12\/15\/opamietal-sie-i-poszedl\/#breadcrumb"},"inLanguage":"pl-PL","potentialAction":[{"@type":"ReadAction","target":["https:\/\/gaudiumetspes-blog.pl\/index.php\/2020\/12\/15\/opamietal-sie-i-poszedl\/"]}]},{"@type":"BreadcrumbList","@id":"https:\/\/gaudiumetspes-blog.pl\/index.php\/2020\/12\/15\/opamietal-sie-i-poszedl\/#breadcrumb","itemListElement":[{"@type":"ListItem","position":1,"name":"Strona g\u0142\u00f3wna","item":"https:\/\/gaudiumetspes-blog.pl\/"},{"@type":"ListItem","position":2,"name":"Opami\u0119ta\u0142 si\u0119 &#8211; i&nbsp;poszed\u0142!"}]},{"@type":"WebSite","@id":"https:\/\/gaudiumetspes-blog.pl\/#website","url":"https:\/\/gaudiumetspes-blog.pl\/","name":"Gaudium Et Spes","description":"Blog Ks. Jacka Ja\u015bkowskiego","potentialAction":[{"@type":"SearchAction","target":{"@type":"EntryPoint","urlTemplate":"https:\/\/gaudiumetspes-blog.pl\/?s={search_term_string}"},"query-input":{"@type":"PropertyValueSpecification","valueRequired":true,"valueName":"search_term_string"}}],"inLanguage":"pl-PL"},{"@type":"Person","@id":"https:\/\/gaudiumetspes-blog.pl\/#\/schema\/person\/1661982992b752dea8dff0d4ed845a65","name":"Ks. Jacek","image":{"@type":"ImageObject","inLanguage":"pl-PL","@id":"https:\/\/gaudiumetspes-blog.pl\/#\/schema\/person\/image\/","url":"https:\/\/gaudiumetspes-blog.pl\/wp-content\/uploads\/2019\/07\/avatar-JJ-150x150.jpg","contentUrl":"https:\/\/gaudiumetspes-blog.pl\/wp-content\/uploads\/2019\/07\/avatar-JJ-150x150.jpg","caption":"Ks. Jacek"},"description":"Witam serdecznie! K\u0142ania si\u0119 Ks. Jacek Ja\u015bkowski. Nie jestem ani kim\u015b wa\u017cnym, ani kim\u015b znanym. Jestem ksi\u0119dzem, kt\u00f3ry po prostu chce rozmawia\u0107. Codzienna kap\u0142a\u0144ska pos\u0142uga pokazuje mi, \u017ce temat\u00f3w do rozm\u00f3w z ksi\u0119dzem jest coraz wi\u0119cej i dzisiaj \u017caden ksi\u0105dz nie mo\u017ce od nich ucieka\u0107, ale - wprost przeciwnie - podejmowa\u0107 nowe wyzwania. To przekonanie sk\u0142oni\u0142o mnie do pr\u00f3by otwarcia tego\u017c bloga, chocia\u017c okazji do rozm\u00f3w na co dzie\u0144 - w konfesjonale i poza nim - na szcz\u0119\u015bcie nie brakuje. My\u015bl\u0119 jednak, \u017ce ten blog b\u0119dzie jeszcze jednym sposobem i przestrzeni\u0105 nawi\u0105zania kontaktu z lud\u017ami dobrej woli, otwartymi na dialog.","url":"https:\/\/gaudiumetspes-blog.pl\/index.php\/author\/ks-jacek\/"}]}},"jetpack_featured_media_url":"","jetpack_sharing_enabled":true,"_links":{"self":[{"href":"https:\/\/gaudiumetspes-blog.pl\/index.php\/wp-json\/wp\/v2\/posts\/18294","targetHints":{"allow":["GET"]}}],"collection":[{"href":"https:\/\/gaudiumetspes-blog.pl\/index.php\/wp-json\/wp\/v2\/posts"}],"about":[{"href":"https:\/\/gaudiumetspes-blog.pl\/index.php\/wp-json\/wp\/v2\/types\/post"}],"author":[{"embeddable":true,"href":"https:\/\/gaudiumetspes-blog.pl\/index.php\/wp-json\/wp\/v2\/users\/1"}],"replies":[{"embeddable":true,"href":"https:\/\/gaudiumetspes-blog.pl\/index.php\/wp-json\/wp\/v2\/comments?post=18294"}],"version-history":[{"count":1,"href":"https:\/\/gaudiumetspes-blog.pl\/index.php\/wp-json\/wp\/v2\/posts\/18294\/revisions"}],"predecessor-version":[{"id":18295,"href":"https:\/\/gaudiumetspes-blog.pl\/index.php\/wp-json\/wp\/v2\/posts\/18294\/revisions\/18295"}],"wp:attachment":[{"href":"https:\/\/gaudiumetspes-blog.pl\/index.php\/wp-json\/wp\/v2\/media?parent=18294"}],"wp:term":[{"taxonomy":"category","embeddable":true,"href":"https:\/\/gaudiumetspes-blog.pl\/index.php\/wp-json\/wp\/v2\/categories?post=18294"},{"taxonomy":"post_tag","embeddable":true,"href":"https:\/\/gaudiumetspes-blog.pl\/index.php\/wp-json\/wp\/v2\/tags?post=18294"}],"curies":[{"name":"wp","href":"https:\/\/api.w.org\/{rel}","templated":true}]}}