{"id":18300,"date":"2020-12-17T05:38:31","date_gmt":"2020-12-17T04:38:31","guid":{"rendered":"https:\/\/gaudiumetspes-blog.pl\/?p=18300"},"modified":"2020-12-17T00:41:30","modified_gmt":"2020-12-16T23:41:30","slug":"jezus-w-naszym-tu-i-teraz","status":"publish","type":"post","link":"https:\/\/gaudiumetspes-blog.pl\/index.php\/2020\/12\/17\/jezus-w-naszym-tu-i-teraz\/","title":{"rendered":"Jezus w naszym \u00abtu i teraz\u00bb&#8230;"},"content":{"rendered":"<p align=\"justify\"><span style=\"color: #000000;\"><span style=\"font-family: Book Antiqua, serif;\"><span style=\"font-size: large;\">Szcz\u0119\u015b\u0107 Bo\u017ce! Moi Drodzy, w dniu dzisiejszym <b>urodziny prze\u017cywa Ojciec \u015awi\u0119ty Franciszek. <\/b><b>Pami\u0119tajmy w modlitwie o Jubilacie i pro\u015bmy dla Niego o si\u0142\u0119 i moc, natchnienie i \u015bwiat\u0142o do prowadzenia Ko\u015bcio\u0142a prostymi drogami przez dzieje \u015bwiata. Ja ze swej strony zapewniam o modlitwie!<\/b><\/span><\/span><\/span><\/p>\n<p align=\"justify\"><span style=\"color: #000000;\"><span style=\"font-family: Book Antiqua, serif;\"><span style=\"font-size: large;\">Moi Drodzy, jutro wieczorem, o godzinie 21:40, na falach Katolickiego Radia Podlasia w Siedlcach, w ramach audycji \u201eDrogami m\u0142odo\u015bci \u2013 kolejne nasze wyst\u0105pienie. Nasze, to znaczy Duszpasterstwa Akademickiego w Siedlcach. A poniewa\u017c mamy sytuacj\u0119, jak\u0105 mamy, wi\u0119c na razie jest ze mn\u0105 sta\u0142e i niewielkie grono Os\u00f3b, ale wierzymy \u2013 i modlimy si\u0119 o to \u2013 \u017ce Pan zmi\u0142uje si\u0119 nad nami i b\u0119dziemy mogli funkcjonowa\u0107 normalnie. A to oznacza, \u017ce b\u0119dziemy mogli przychodzi\u0107 w wi\u0119kszym grupie.<\/span><\/span><\/span><\/p>\n<p align=\"justify\"><span style=\"color: #000000;\"><span style=\"font-family: Book Antiqua, serif;\"><span style=\"font-size: large;\">Tematem naszej jutrzejszej rozmowy b\u0119dzie: <i><b>Panie, naucz nas si\u0119 modli\u0107. <\/b><\/i><b>(\u0141k 11,1b) <\/b><b>Czy m\u0142odemu cz\u0142owiekowi w og\u00f3le potrzebna jest modlitwa? <\/b>Je\u017celi znajdziecie troch\u0119 czasu i nie b\u0119dzie Wam si\u0119 chcia\u0142o spa\u0107, to pos\u0142uchajcie naszej rozmowy. A mo\u017ce zadzwonicie do studia? A mo\u017ce napiszecie smsa?<\/span><\/span><\/span><\/p>\n<p align=\"justify\"><span style=\"color: #000000;\"><span style=\"font-family: Book Antiqua, serif;\"><span style=\"font-size: large;\">Wspominam o tym ju\u017c dzisiaj, bo jutro \u2013 s\u0142\u00f3wko z Syberii. A u nas dzisiaj, o 6;30, Roraty. <\/span><\/span><\/span><\/p>\n<p align=\"justify\"><span style=\"color: #000000;\"><span style=\"font-family: Book Antiqua, serif;\"><span style=\"font-size: large;\">Teraz za\u015b zapraszam do ws\u0142uchania si\u0119 w Bo\u017ce s\u0142owo dzisiejszego dnia i znalezienia tego <b>jednego, najwa\u017cniejszego przes\u0142ania, z jakim Pan dzisiaj si\u0119 do nas zwraca.<\/b><\/span><\/span><\/span><\/p>\n<p align=\"justify\"><span style=\"color: #000000;\"><span style=\"font-family: Book Antiqua, serif;\"><span style=\"font-size: large;\"><b>Niech Was b\u0142ogos\u0142awi B\u00f3g Wszechmog\u0105cy: Ojciec + i Syn, i Duch \u015awi\u0119ty. Amen<\/b><\/span><\/span><\/span><\/p>\n<p align=\"center\"><span style=\"color: #000000;\"><span style=\"font-family: Book Antiqua, serif;\"><span style=\"font-size: large;\">Gaudium et spes! Ks. Jacek<\/span><\/span><\/span><\/p>\n<p align=\"center\">\n<p align=\"center\">\n<p align=\"center\">\n<p align=\"center\">\n<p align=\"center\">\n<p><span style=\"color: #000000;\"><span style=\"font-family: Book Antiqua, serif;\"><span style=\"font-size: large;\"><b>17 grudnia 2020.,<\/b><\/span><\/span><\/span><\/p>\n<p><span style=\"color: #000000;\"><span style=\"font-family: Book Antiqua, serif;\"><span style=\"font-size: large;\"><b>do czyta\u0144: Rdz 49,2.8\u201310; Mt 1,1\u201317<\/b><\/span><\/span><\/span><\/p>\n<p>&nbsp;<\/p>\n<p>&nbsp;<\/p>\n<p>&nbsp;<\/p>\n<p>&nbsp;<\/p>\n<p>&nbsp;<\/p>\n<p><span style=\"color: #000000;\"><span style=\"font-family: Book Antiqua, serif;\"><span style=\"font-size: large;\"><b>CZYTANIE Z KSI\u0118GI RODZAJU:<\/b><\/span><\/span><\/span><\/p>\n<p align=\"justify\"><span style=\"color: #000000;\"><span style=\"font-family: Book Antiqua, serif;\"><span style=\"font-size: large;\"><b>Jakub zwo\u0142a\u0142 swoich syn\u00f3w i powiedzia\u0142 do nich: <\/b><\/span><\/span><\/span><\/p>\n<p align=\"justify\"><span style=\"color: #000000;\">\u201e<span style=\"font-family: Book Antiqua, serif;\"><span style=\"font-size: large;\"><b>Zbierzcie si\u0119 i s\u0142uchajcie, synowie Jakuba, <\/b><\/span><\/span><\/span><\/p>\n<p align=\"justify\"><span style=\"color: #000000;\"><span style=\"font-family: Book Antiqua, serif;\"><span style=\"font-size: large;\"><b>s\u0142uchajcie Izraela, ojca waszego!<\/b><\/span><\/span><\/span><\/p>\n<p align=\"justify\"><span style=\"color: #000000;\"><span style=\"font-family: Book Antiqua, serif;\"><span style=\"font-size: large;\"><b>Judo, ciebie s\u0142awi\u0107 b\u0119d\u0105 twoi bracia, <\/b><\/span><\/span><\/span><\/p>\n<p align=\"justify\"><span style=\"color: #000000;\"><span style=\"font-family: Book Antiqua, serif;\"><span style=\"font-size: large;\"><b>twoja bowiem r\u0119ka na karku twych wrog\u00f3w! <\/b><\/span><\/span><\/span><\/p>\n<p align=\"justify\"><span style=\"color: #000000;\"><span style=\"font-family: Book Antiqua, serif;\"><span style=\"font-size: large;\"><b>Synowie twego ojca b\u0119d\u0105 ci oddawa\u0107 pok\u0142on!<\/b><\/span><\/span><\/span><\/p>\n<p align=\"justify\"><span style=\"color: #000000;\"><span style=\"font-family: Book Antiqua, serif;\"><span style=\"font-size: large;\"><b>Judo, m\u0142ody lwie, na zdobycz r\u00f3\u015b\u0107 b\u0119dziesz, m\u00f3j synu: <\/b><\/span><\/span><\/span><\/p>\n<p align=\"justify\"><span style=\"color: #000000;\"><span style=\"font-family: Book Antiqua, serif;\"><span style=\"font-size: large;\"><b>jak lew czai si\u0119, gotuje do skoku, <\/b><\/span><\/span><\/span><\/p>\n<p align=\"justify\"><span style=\"color: #000000;\"><span style=\"font-family: Book Antiqua, serif;\"><span style=\"font-size: large;\"><b>do lwicy podobny, kt\u00f3\u017c si\u0119 o\u015bmieli go dra\u017cni\u0107?<\/b><\/span><\/span><\/span><\/p>\n<p align=\"justify\"><span style=\"color: #000000;\"><span style=\"font-family: Book Antiqua, serif;\"><span style=\"font-size: large;\"><b>Nie zostanie odj\u0119te ber\u0142o od Judy <\/b><\/span><\/span><\/span><\/p>\n<p align=\"justify\"><span style=\"color: #000000;\"><span style=\"font-family: Book Antiqua, serif;\"><span style=\"font-size: large;\"><b>ani laska pasterska spo\u015br\u00f3d jego kolan, <\/b><\/span><\/span><\/span><\/p>\n<p align=\"justify\"><span style=\"color: #000000;\"><span style=\"font-family: Book Antiqua, serif;\"><span style=\"font-size: large;\"><b>a\u017c przyjdzie Ten, do kt\u00f3rego ono nale\u017cy, <\/b><\/span><\/span><\/span><\/p>\n<p align=\"justify\"><span style=\"color: #000000;\"><span style=\"font-family: Book Antiqua, serif;\"><span style=\"font-size: large;\"><b>i zdob\u0119dzie pos\u0142uch u narod\u00f3w!\u201d<\/b><\/span><\/span><\/span><\/p>\n<p align=\"justify\">\n<p align=\"justify\">\n<p align=\"justify\">\n<p align=\"justify\">\n<p align=\"justify\">\n<p align=\"justify\"><span style=\"color: #000000;\"><span style=\"font-family: Book Antiqua, serif;\"><span style=\"font-size: large;\"><b>S\u0141OWA EWANGELII WED\u0141UG \u015aWI\u0118TEGO MATEUSZA:<\/b><\/span><\/span><\/span><\/p>\n<p align=\"justify\"><span style=\"color: #000000;\"><span style=\"font-family: Book Antiqua, serif;\"><span style=\"font-size: large;\"><b>Rodow\u00f3d Jezusa Chrystusa, syna Dawida, syna Abrahama.<\/b><\/span><\/span><\/span><\/p>\n<p align=\"justify\"><span style=\"color: #000000;\"><span style=\"font-family: Book Antiqua, serif;\"><span style=\"font-size: large;\"><b>Abraham by\u0142 ojcem Izaaka; Izaak ojcem Jakuba; Jakub ojcem Judy i jego braci; Juda za\u015b by\u0142 ojcem Faresa i Zary, kt\u00f3rych matk\u0105 by\u0142a Tamar. Fares by\u0142 ojcem Ezrona; Ezron ojcem Arama; Aram ojcem Aminadaba; Aminadab ojcem Naassona; Naasson ojcem Salmona; Salmon ojcem Booza, a matk\u0105 by\u0142a Rachab. Booz by\u0142 ojcem Obeda, a matk\u0105 by\u0142a Rut. Obed by\u0142 ojcem Jessego, a Jesse by\u0142 ojcem kr\u00f3la Dawida.<\/b><\/span><\/span><\/span><\/p>\n<p align=\"justify\"><span style=\"color: #000000;\"><span style=\"font-family: Book Antiqua, serif;\"><span style=\"font-size: large;\"><b>Dawid by\u0142 ojcem Salomona, a matk\u0105 by\u0142a dawna \u017cona Uriasza. Salomon by\u0142 ojcem Roboama; Roboam ojcem Abiasza; Abiasz ojcem Asy; Asa ojcem Jozafata; Jozafat ojcem Jorama; Joram ojcem Ozjasza; Ozjasz ojcem Joatama; Joatam ojcem Achaza; Achaz ojcem Ezechiasza; Ezechiasz ojcem Manassesa; Manasses ojcem Amosa; Amos ojcem Jozjasza; Jozjasz ojcem Jechoniasza i jego braci w czasie przesiedlenia babilo\u0144skiego.<\/b><\/span><\/span><\/span><\/p>\n<p align=\"justify\"><span style=\"color: #000000;\"><span style=\"font-family: Book Antiqua, serif;\"><span style=\"font-size: large;\"><b>Po przesiedleniu babilo\u0144skim Jechoniasz by\u0142 ojcem Salatiela; Salatiel ojcem Zorobabela; Zorobabel ojcem Abiuda; Abiud ojcem Eliakima; Eliakim ojcem Azora; Azor ojcem Sadoka; Sadok ojcem Achima; Achim ojcem Eliuda; Eliud ojcem Eleazara; Eleazar ojcem Mattana; Mattan ojcem Jakuba; Jakub ojcem J\u00f3zefa, m\u0119\u017ca Maryi, z kt\u00f3rej narodzi\u0142 si\u0119 Jezus, zwany Chrystusem.<\/b><\/span><\/span><\/span><\/p>\n<p align=\"justify\"><span style=\"color: #000000;\"><span style=\"font-family: Book Antiqua, serif;\"><span style=\"font-size: large;\"><b>Tak wi\u0119c w ca\u0142o\u015bci od Abrahama do Dawida jest czterna\u015bcie pokole\u0144; od Dawida do przesiedlenia babilo\u0144skiego czterna\u015bcie pokole\u0144; od przesiedlenia babilo\u0144skiego do Chrystusa czterna\u015bcie pokole\u0144.<\/b><\/span><\/span><\/span><\/p>\n<p align=\"justify\">\n<p align=\"justify\">\n<p align=\"justify\">\n<p align=\"justify\">\n<p align=\"justify\">\n<p align=\"justify\"><span style=\"color: #000000;\"><span style=\"font-family: Book Antiqua, serif;\"><span style=\"font-size: large;\">Rozpoczynamy dzi\u015b <b>drug\u0105 cz\u0119\u015b\u0107 Adwentu,<\/b> bezpo\u015brednio przygotowuj\u0105c\u0105 nas do Uroczysto\u015bci Bo\u017cego Narodzenia. W tych dniach \u2013 od dzisiaj do 24 grudnia \u2013 czytania i formularze mszalne <b>s\u0105<\/b><b> oznaczon<\/b><b>e<\/b><b> konkretn\u0105 dat\u0105,<\/b> na przyk\u0142ad: 17 grudnia, a nie kolejnym dniem tygodnia, na przyk\u0142ad: czwartek 3 Tygodnia Adwentu. Jest to zatem bardzo <b>skondensowany czas przygotowania,<\/b> a tre\u015bci, zawarte w liturgii, maj\u0105 nas wewn\u0119trznie usposobi\u0107 na spotkanie z Panem. <\/span><\/span><\/span><\/p>\n<p align=\"justify\"><span style=\"color: #000000;\"><span style=\"font-family: Book Antiqua, serif;\"><span style=\"font-size: large;\">I oto dzisiaj otrzymujemy pouczenie, dotycz\u0105ce <b>pochodzenia Jezusa jako Cz\u0142owieka,<\/b> kt\u00f3ry przyszed\u0142 w okre\u015blonym czasie i miejscu, w konkretnym historycznym kontek\u015bcie. Szczeg\u00f3lnie mocno wybrzmiewa to w Ewangelii, w kt\u00f3rej dzisiaj s\u0142yszymy <b>rodow\u00f3d Jezusa,<\/b> a dok\u0142adnie: <b>rodow\u00f3d J\u00f3zefa,<\/b> ziemskiego i prawnego Jego Ojca. Skoro tak w\u0142a\u015bnie przedstawia si\u0119 rodow\u00f3d J\u00f3zefa, a Jezus jest \u2013 zgodnie z Prawem Starego Testamentu \u2013 <b>Jego Synem,<\/b> to jest to tym samym <b>ziemski rodow\u00f3d Jezusa.<\/b> <\/span><\/span><\/span><\/p>\n<p align=\"justify\"><span style=\"color: #000000;\"><span style=\"font-family: Book Antiqua, serif;\"><span style=\"font-size: large;\">Rzecz jasna, nie jest on pe\u0142ny, bo takowego zapewne trudno by\u0142oby oczekiwa\u0107, ale ju\u017c w tej formie, w jakiej go otrzymujemy, wskazuje na <b>miejsce Jezusa w historii \u015bwiata i w historii zbawienia.<\/b> A to oznacza, \u017ce Bo\u017cy Syn wszed\u0142 w t\u0119 histori\u0119 w spos\u00f3b <b>bardzo realny, bardzo konkretny i widzialny.<\/b> Nie by\u0142 postaci\u0105 z legend czy historycznych przekaz\u00f3w, kt\u00f3ra to posta\u0107 <b>podobno kiedy\u015b \u017cy\u0142a<\/b> i chodzi\u0142a po \u015bwiecie, ale tak naprawd\u0119 to trudno to tak na sto procent stwierdzi\u0107, bo nie wiadomo, kiedy i gdzie \u017cy\u0142a, czego dokona\u0142a, kim w og\u00f3le by\u0142a\u2026 <\/span><\/span><\/span><\/p>\n<p align=\"justify\"><span style=\"color: #000000;\"><span style=\"font-family: Book Antiqua, serif;\"><span style=\"font-size: large;\">Nie, co do Jezusa nie musimy mie\u0107 takich obaw, bo o Nim akurat wiemy nie tylko to, co s\u0142yszymy z Jego w\u0142asnego nauczania, ale te\u017c wiemy,<b> w jakim czasie i miejscu \u017cy\u0142 i dzia\u0142a\u0142. <\/b>A wiemy to nie tylko z przekaz\u00f3w biblijnych, ale i <b>z <\/b><b>innych zapis\u00f3w historycznych<\/b> z tamtych czas\u00f3w, kt\u00f3re nie wskazywa\u0142y na Jezusa jako Syna Bo\u017cego, Mesjasza, ale <b>potwie<\/b><b>rdza\u0142y fakt Jego istnienia<\/b> oraz wspomina\u0142y, \u017ce by\u0142 w\u0119drownym Nauczycielem, gromadz\u0105cym przy sobie uczni\u00f3w. <\/span><\/span><\/span><\/p>\n<p align=\"justify\"><span style=\"color: #000000;\"><span style=\"font-family: Book Antiqua, serif;\"><span style=\"font-size: large;\">Pierwsze dzisiejsze czytanie natomiast wskazuje, i\u017c spo\u015br\u00f3d dwunastu pokole\u0144 izraelskich, <b>Jezus <\/b><b>pochodzi\u0142 z pokolenia Judy.<\/b> Dzisiaj jeste\u015bmy \u015bwiadkami b\u0142ogos\u0142awie\u0144stwa, jakiego s\u0119dziwy Jakub <b>udziela na \u0142o\u017cu \u015bmierci<\/b> swoim synom. Z d\u0142ugiego opisu tego wydarzenia i d\u0142ugiej przemowy Jakuba, dotycz\u0105cej przecie\u017c po kolei ka\u017cdego z potomk\u00f3w, dzisiaj s\u0142yszymy <b>jedynie<\/b> <b>b\u0142ogos\u0142awie\u0144stwo<\/b> <b>udzielone Judzie.<\/b> <\/span><\/span><\/span><\/p>\n<p align=\"justify\"><span style=\"color: #000000;\"><span style=\"font-family: Book Antiqua, serif;\"><span style=\"font-size: large;\">Co ciekawe, nie by\u0142 on najstarszym ze swoich braci, ani najsilniejszym z nich, a to w\u0142a\u015bnie do niego skierowane zosta\u0142o <b>s\u0142owo najbardziej pomy\u015blne!<\/b> Podczas, kiedy niekt\u00f3rym z pozosta\u0142ych syn\u00f3w umieraj\u0105cy ojciec wprost przepowiedzia\u0142 <b>niepowodzenia i trudne do\u015bwiadczenia,<\/b> to w\u0142a\u015bnie do Judy skierowa\u0142 \u2013 mi\u0119dzy innymi \u2013 s\u0142owa, kt\u00f3re przed chwil\u0105 us\u0142yszeli\u015bmy: <i><b>Zbierzcie si\u0119 i s\u0142uchajcie, synowie Jakuba, s\u0142uchajcie Izraela, ojca waszego!<\/b><\/i><i><b>Judo, ciebie s\u0142awi\u0107 b\u0119d\u0105 twoi bracia, twoja bowiem r\u0119ka na karku twych wrog\u00f3w! <\/b><\/i><i><b>Synowie twego ojca b\u0119d\u0105 ci oddawa\u0107 pok\u0142on!<\/b><\/i><b> <\/b><\/span><\/span><\/span><\/p>\n<p align=\"justify\"><span style=\"color: #000000;\"><span style=\"font-family: Book Antiqua, serif;\"><span style=\"font-size: large;\">Jeszcze raz podkre\u015blmy: Juda nie by\u0142 synem pierworodnym! A to w\u0142a\u015bnie jemu przypad\u0142o takie b\u0142ogos\u0142awie\u0144stwo. I to w\u0142a\u015bnie do niego ojciec skierowa\u0142 i te s\u0142owa: <i><b>Nie zostanie odj\u0119te ber\u0142o od Judy <\/b><\/i><i><b>ani laska pasterska spo\u015br\u00f3d jego kolan, a\u017c przyjdzie Ten, do kt\u00f3rego ono nale\u017cy, <\/b><\/i><i><b>i zdob\u0119dzie pos\u0142uch u narod\u00f3w!<\/b><\/i><i> <\/i><\/span><\/span><\/span><\/p>\n<p align=\"justify\"><span style=\"color: #000000;\"><span style=\"font-family: Book Antiqua, serif;\"><span style=\"font-size: large;\">Tym kim\u015b b\u0119dzie \u2013 rzecz jasna \u2013 Bo\u017cy Syn, Mesjasz, <b>Jezus Chrystus.<\/b> Przyb\u0119dzie w okre\u015blonym pokoleniu, jednym z dwunastu \u2013 i mo\u017ce w\u0142a\u015bnie dlatego <b>p<\/b><b>rotoplasta tego<\/b><b>\u017c<\/b><b> pokolenia<\/b> otrzyma\u0142 dzi\u015b tak wielkie b\u0142ogos\u0142awie\u0144stwo i tak znacz\u0105ce obietnice od swego ojca. Przysz\u0142e pojawienie si\u0119 tak wielkiego W\u0142adcy podnios\u0142o niejako <b>presti\u017c Judy i ca\u0142ego jego pokolenia! <\/b><\/span><\/span><\/span><\/p>\n<p align=\"justify\"><span style=\"color: #000000;\"><span style=\"font-family: Book Antiqua, serif;\"><span style=\"font-size: large;\">My dzisiaj, jako wsp\u00f3lnota Ko\u015bcio\u0142a, nie akcentujemy na co dzie\u0144 tak bardzo, z jakiego to pokolenia pochodzi\u0142 na ziemi Jezus, poniewa\u017c <b>wszyscy jeste\u015bmy obecnie Jego pokoleniem.<\/b> On przyszed\u0142 do nas wszystkich, a swoim przyj\u015bciem <b>u\u015bwi\u0119ci\u0142 nasz czas.<\/b> Dlatego to w\u0142a\u015bnie wszystkie te pokolenia i wieki, jakie up\u0142ywaj\u0105 od dnia Jego pojawienia si\u0119 w\u015br\u00f3d ludzi i prowadzenia dzia\u0142alno\u015bci, zwykli\u015bmy okre\u015bla\u0107 <b>\u00ab<\/b><b>czasami mesja\u0144skimi<\/b><b>\u00bb<\/b><b>.<\/b> Albo te\u017c \u2013 <b>\u00ab<\/b><b>czasami ostatecznymi<\/b><b>\u00bb<\/b><b>. <\/b><\/span><\/span><\/span><\/p>\n<p align=\"justify\"><span style=\"color: #000000;\"><span style=\"font-family: Book Antiqua, serif;\"><span style=\"font-size: large;\">Jest to bowiem <b>czas wype\u0142nienia si\u0119 Bo\u017cych obietnic, <\/b>wielokrotnie sk\u0142adanych przez Prorok\u00f3w, albo i innych, wielkich ludzi w narodzie, a dotycz\u0105cych przyj\u015bcia Zbawiciela. Tak\u017ce i dzisiaj s\u0142yszymy takow\u0105 zapowied\u017a, z ust Jakuba. Wszystkie proroctwa i zapowiedzi <b>wype\u0142niaj\u0105 si\u0119 w naszym czasie.<\/b> Jezus u\u015bwi\u0119ca \u2013 raz jeszcze podkre\u015blmy \u2013 nasz czas! <b>U\u015bwi\u0119ca i b\u0142ogos\u0142awi nasz\u0105 rzeczywisto\u015b\u0107,<\/b> nasz\u0105 prac\u0119, nasze codzienne zmagania. <\/span><\/span><\/span><\/p>\n<p align=\"justify\"><span style=\"color: #000000;\"><span style=\"font-family: Book Antiqua, serif;\"><span style=\"font-size: large;\">Mo\u017ce to jednak robi\u0107 w takim stopniu, w jakim my Mu na to pozwolimy \u2013 na ile szeroko otworzymy przed Nim nasze serca. Na ile <b>szczerze i serdecznie Go przyjmiemy.<\/b> I czy Jego obecno\u015b\u0107 w naszym \u017cyciu i w naszej codziennej rzeczywisto\u015bci b\u0119dzie <b>realna, konkretna, wr\u0119cz namacalna<\/b> \u2013 czy jedynie teoretyczna, zwyczajowa, okre\u015blona tradycj\u0105\u2026 I czy b\u0119dzie mia\u0142a wp\u0142yw na kszta\u0142t naszej codzienno\u015bci, czy pozostanie jedynie wzruszaj\u0105c\u0105 legend\u0105\u2026<\/span><\/span><\/span><\/p>\n<p align=\"justify\"><span style=\"color: #000000;\"><span style=\"font-family: Book Antiqua, serif;\"><span style=\"font-size: large;\">Oby Jezus Chrystus, jedyny i prawdziwy Pan i Zbawiciel, by\u0142 <b>tak bardzo realnie obecny w naszym <\/b><b>\u00ab<\/b><b>tu i teraz<\/b><b>\u00bb<\/b><b>,<\/b> jak w\u00f3wczas, kiedy chodzi\u0142 po palesty\u0144skiej ziemi\u2026<\/span><\/span><\/span><\/p>\n","protected":false},"excerpt":{"rendered":"<p>Szcz\u0119\u015b\u0107 Bo\u017ce! Moi Drodzy, w dniu dzisiejszym urodziny prze\u017cywa Ojciec \u015awi\u0119ty Franciszek. Pami\u0119tajmy w modlitwie o Jubilacie i pro\u015bmy dla Niego o si\u0142\u0119 i moc, natchnienie i \u015bwiat\u0142o do prowadzenia Ko\u015bcio\u0142a prostymi drogami przez dzieje \u015bwiata. Ja ze swej strony zapewniam o modlitwie! Moi Drodzy, jutro wieczorem, o godzinie 21:40, na falach Katolickiego Radia Podlasia [&hellip;]<\/p>\n","protected":false},"author":1,"featured_media":0,"comment_status":"open","ping_status":"open","sticky":false,"template":"","format":"standard","meta":{"jetpack_post_was_ever_published":false,"_jetpack_newsletter_access":"","_jetpack_dont_email_post_to_subs":false,"_jetpack_newsletter_tier_id":0,"_jetpack_memberships_contains_paywalled_content":false,"_jetpack_memberships_contains_paid_content":false,"footnotes":""},"categories":[1],"tags":[],"class_list":["post-18300","post","type-post","status-publish","format-standard","hentry","category-bez-kategorii"],"yoast_head":"<!-- This site is optimized with the Yoast SEO plugin v25.1 - https:\/\/yoast.com\/wordpress\/plugins\/seo\/ -->\n<title>Jezus w naszym \u00abtu i teraz\u00bb... - Gaudium Et Spes<\/title>\n<meta name=\"robots\" content=\"index, follow, max-snippet:-1, max-image-preview:large, max-video-preview:-1\" \/>\n<link rel=\"canonical\" href=\"https:\/\/gaudiumetspes-blog.pl\/index.php\/2020\/12\/17\/jezus-w-naszym-tu-i-teraz\/\" \/>\n<meta property=\"og:locale\" content=\"pl_PL\" \/>\n<meta property=\"og:type\" content=\"article\" \/>\n<meta property=\"og:title\" content=\"Jezus w naszym \u00abtu i teraz\u00bb... - Gaudium Et Spes\" \/>\n<meta property=\"og:description\" content=\"Szcz\u0119\u015b\u0107 Bo\u017ce! Moi Drodzy, w dniu dzisiejszym urodziny prze\u017cywa Ojciec \u015awi\u0119ty Franciszek. Pami\u0119tajmy w modlitwie o Jubilacie i pro\u015bmy dla Niego o si\u0142\u0119 i moc, natchnienie i \u015bwiat\u0142o do prowadzenia Ko\u015bcio\u0142a prostymi drogami przez dzieje \u015bwiata. Ja ze swej strony zapewniam o modlitwie! Moi Drodzy, jutro wieczorem, o godzinie 21:40, na falach Katolickiego Radia Podlasia [&hellip;]\" \/>\n<meta property=\"og:url\" content=\"https:\/\/gaudiumetspes-blog.pl\/index.php\/2020\/12\/17\/jezus-w-naszym-tu-i-teraz\/\" \/>\n<meta property=\"og:site_name\" content=\"Gaudium Et Spes\" \/>\n<meta property=\"article:published_time\" content=\"2020-12-17T04:38:31+00:00\" \/>\n<meta name=\"author\" content=\"Ks. Jacek\" \/>\n<meta name=\"twitter:card\" content=\"summary_large_image\" \/>\n<meta name=\"twitter:label1\" content=\"Napisane przez\" \/>\n\t<meta name=\"twitter:data1\" content=\"Ks. Jacek\" \/>\n\t<meta name=\"twitter:label2\" content=\"Szacowany czas czytania\" \/>\n\t<meta name=\"twitter:data2\" content=\"8 minut\" \/>\n<script type=\"application\/ld+json\" class=\"yoast-schema-graph\">{\"@context\":\"https:\/\/schema.org\",\"@graph\":[{\"@type\":\"WebPage\",\"@id\":\"https:\/\/gaudiumetspes-blog.pl\/index.php\/2020\/12\/17\/jezus-w-naszym-tu-i-teraz\/\",\"url\":\"https:\/\/gaudiumetspes-blog.pl\/index.php\/2020\/12\/17\/jezus-w-naszym-tu-i-teraz\/\",\"name\":\"Jezus w naszym \u00abtu i teraz\u00bb... - Gaudium Et Spes\",\"isPartOf\":{\"@id\":\"https:\/\/gaudiumetspes-blog.pl\/#website\"},\"datePublished\":\"2020-12-17T04:38:31+00:00\",\"author\":{\"@id\":\"https:\/\/gaudiumetspes-blog.pl\/#\/schema\/person\/1661982992b752dea8dff0d4ed845a65\"},\"breadcrumb\":{\"@id\":\"https:\/\/gaudiumetspes-blog.pl\/index.php\/2020\/12\/17\/jezus-w-naszym-tu-i-teraz\/#breadcrumb\"},\"inLanguage\":\"pl-PL\",\"potentialAction\":[{\"@type\":\"ReadAction\",\"target\":[\"https:\/\/gaudiumetspes-blog.pl\/index.php\/2020\/12\/17\/jezus-w-naszym-tu-i-teraz\/\"]}]},{\"@type\":\"BreadcrumbList\",\"@id\":\"https:\/\/gaudiumetspes-blog.pl\/index.php\/2020\/12\/17\/jezus-w-naszym-tu-i-teraz\/#breadcrumb\",\"itemListElement\":[{\"@type\":\"ListItem\",\"position\":1,\"name\":\"Strona g\u0142\u00f3wna\",\"item\":\"https:\/\/gaudiumetspes-blog.pl\/\"},{\"@type\":\"ListItem\",\"position\":2,\"name\":\"Jezus w&nbsp;naszym \u00abtu i&nbsp;teraz\u00bb&#8230;\"}]},{\"@type\":\"WebSite\",\"@id\":\"https:\/\/gaudiumetspes-blog.pl\/#website\",\"url\":\"https:\/\/gaudiumetspes-blog.pl\/\",\"name\":\"Gaudium Et Spes\",\"description\":\"Blog Ks. Jacka Ja\u015bkowskiego\",\"potentialAction\":[{\"@type\":\"SearchAction\",\"target\":{\"@type\":\"EntryPoint\",\"urlTemplate\":\"https:\/\/gaudiumetspes-blog.pl\/?s={search_term_string}\"},\"query-input\":{\"@type\":\"PropertyValueSpecification\",\"valueRequired\":true,\"valueName\":\"search_term_string\"}}],\"inLanguage\":\"pl-PL\"},{\"@type\":\"Person\",\"@id\":\"https:\/\/gaudiumetspes-blog.pl\/#\/schema\/person\/1661982992b752dea8dff0d4ed845a65\",\"name\":\"Ks. Jacek\",\"image\":{\"@type\":\"ImageObject\",\"inLanguage\":\"pl-PL\",\"@id\":\"https:\/\/gaudiumetspes-blog.pl\/#\/schema\/person\/image\/\",\"url\":\"https:\/\/gaudiumetspes-blog.pl\/wp-content\/uploads\/2019\/07\/avatar-JJ-150x150.jpg\",\"contentUrl\":\"https:\/\/gaudiumetspes-blog.pl\/wp-content\/uploads\/2019\/07\/avatar-JJ-150x150.jpg\",\"caption\":\"Ks. Jacek\"},\"description\":\"Witam serdecznie! K\u0142ania si\u0119 Ks. Jacek Ja\u015bkowski. Nie jestem ani kim\u015b wa\u017cnym, ani kim\u015b znanym. Jestem ksi\u0119dzem, kt\u00f3ry po prostu chce rozmawia\u0107. Codzienna kap\u0142a\u0144ska pos\u0142uga pokazuje mi, \u017ce temat\u00f3w do rozm\u00f3w z ksi\u0119dzem jest coraz wi\u0119cej i dzisiaj \u017caden ksi\u0105dz nie mo\u017ce od nich ucieka\u0107, ale - wprost przeciwnie - podejmowa\u0107 nowe wyzwania. To przekonanie sk\u0142oni\u0142o mnie do pr\u00f3by otwarcia tego\u017c bloga, chocia\u017c okazji do rozm\u00f3w na co dzie\u0144 - w konfesjonale i poza nim - na szcz\u0119\u015bcie nie brakuje. My\u015bl\u0119 jednak, \u017ce ten blog b\u0119dzie jeszcze jednym sposobem i przestrzeni\u0105 nawi\u0105zania kontaktu z lud\u017ami dobrej woli, otwartymi na dialog.\",\"url\":\"https:\/\/gaudiumetspes-blog.pl\/index.php\/author\/ks-jacek\/\"}]}<\/script>\n<!-- \/ Yoast SEO plugin. -->","yoast_head_json":{"title":"Jezus w naszym \u00abtu i teraz\u00bb... - Gaudium Et Spes","robots":{"index":"index","follow":"follow","max-snippet":"max-snippet:-1","max-image-preview":"max-image-preview:large","max-video-preview":"max-video-preview:-1"},"canonical":"https:\/\/gaudiumetspes-blog.pl\/index.php\/2020\/12\/17\/jezus-w-naszym-tu-i-teraz\/","og_locale":"pl_PL","og_type":"article","og_title":"Jezus w naszym \u00abtu i teraz\u00bb... - Gaudium Et Spes","og_description":"Szcz\u0119\u015b\u0107 Bo\u017ce! Moi Drodzy, w dniu dzisiejszym urodziny prze\u017cywa Ojciec \u015awi\u0119ty Franciszek. Pami\u0119tajmy w modlitwie o Jubilacie i pro\u015bmy dla Niego o si\u0142\u0119 i moc, natchnienie i \u015bwiat\u0142o do prowadzenia Ko\u015bcio\u0142a prostymi drogami przez dzieje \u015bwiata. Ja ze swej strony zapewniam o modlitwie! Moi Drodzy, jutro wieczorem, o godzinie 21:40, na falach Katolickiego Radia Podlasia [&hellip;]","og_url":"https:\/\/gaudiumetspes-blog.pl\/index.php\/2020\/12\/17\/jezus-w-naszym-tu-i-teraz\/","og_site_name":"Gaudium Et Spes","article_published_time":"2020-12-17T04:38:31+00:00","author":"Ks. Jacek","twitter_card":"summary_large_image","twitter_misc":{"Napisane przez":"Ks. Jacek","Szacowany czas czytania":"8 minut"},"schema":{"@context":"https:\/\/schema.org","@graph":[{"@type":"WebPage","@id":"https:\/\/gaudiumetspes-blog.pl\/index.php\/2020\/12\/17\/jezus-w-naszym-tu-i-teraz\/","url":"https:\/\/gaudiumetspes-blog.pl\/index.php\/2020\/12\/17\/jezus-w-naszym-tu-i-teraz\/","name":"Jezus w naszym \u00abtu i teraz\u00bb... - Gaudium Et Spes","isPartOf":{"@id":"https:\/\/gaudiumetspes-blog.pl\/#website"},"datePublished":"2020-12-17T04:38:31+00:00","author":{"@id":"https:\/\/gaudiumetspes-blog.pl\/#\/schema\/person\/1661982992b752dea8dff0d4ed845a65"},"breadcrumb":{"@id":"https:\/\/gaudiumetspes-blog.pl\/index.php\/2020\/12\/17\/jezus-w-naszym-tu-i-teraz\/#breadcrumb"},"inLanguage":"pl-PL","potentialAction":[{"@type":"ReadAction","target":["https:\/\/gaudiumetspes-blog.pl\/index.php\/2020\/12\/17\/jezus-w-naszym-tu-i-teraz\/"]}]},{"@type":"BreadcrumbList","@id":"https:\/\/gaudiumetspes-blog.pl\/index.php\/2020\/12\/17\/jezus-w-naszym-tu-i-teraz\/#breadcrumb","itemListElement":[{"@type":"ListItem","position":1,"name":"Strona g\u0142\u00f3wna","item":"https:\/\/gaudiumetspes-blog.pl\/"},{"@type":"ListItem","position":2,"name":"Jezus w&nbsp;naszym \u00abtu i&nbsp;teraz\u00bb&#8230;"}]},{"@type":"WebSite","@id":"https:\/\/gaudiumetspes-blog.pl\/#website","url":"https:\/\/gaudiumetspes-blog.pl\/","name":"Gaudium Et Spes","description":"Blog Ks. Jacka Ja\u015bkowskiego","potentialAction":[{"@type":"SearchAction","target":{"@type":"EntryPoint","urlTemplate":"https:\/\/gaudiumetspes-blog.pl\/?s={search_term_string}"},"query-input":{"@type":"PropertyValueSpecification","valueRequired":true,"valueName":"search_term_string"}}],"inLanguage":"pl-PL"},{"@type":"Person","@id":"https:\/\/gaudiumetspes-blog.pl\/#\/schema\/person\/1661982992b752dea8dff0d4ed845a65","name":"Ks. Jacek","image":{"@type":"ImageObject","inLanguage":"pl-PL","@id":"https:\/\/gaudiumetspes-blog.pl\/#\/schema\/person\/image\/","url":"https:\/\/gaudiumetspes-blog.pl\/wp-content\/uploads\/2019\/07\/avatar-JJ-150x150.jpg","contentUrl":"https:\/\/gaudiumetspes-blog.pl\/wp-content\/uploads\/2019\/07\/avatar-JJ-150x150.jpg","caption":"Ks. Jacek"},"description":"Witam serdecznie! K\u0142ania si\u0119 Ks. Jacek Ja\u015bkowski. Nie jestem ani kim\u015b wa\u017cnym, ani kim\u015b znanym. Jestem ksi\u0119dzem, kt\u00f3ry po prostu chce rozmawia\u0107. Codzienna kap\u0142a\u0144ska pos\u0142uga pokazuje mi, \u017ce temat\u00f3w do rozm\u00f3w z ksi\u0119dzem jest coraz wi\u0119cej i dzisiaj \u017caden ksi\u0105dz nie mo\u017ce od nich ucieka\u0107, ale - wprost przeciwnie - podejmowa\u0107 nowe wyzwania. To przekonanie sk\u0142oni\u0142o mnie do pr\u00f3by otwarcia tego\u017c bloga, chocia\u017c okazji do rozm\u00f3w na co dzie\u0144 - w konfesjonale i poza nim - na szcz\u0119\u015bcie nie brakuje. My\u015bl\u0119 jednak, \u017ce ten blog b\u0119dzie jeszcze jednym sposobem i przestrzeni\u0105 nawi\u0105zania kontaktu z lud\u017ami dobrej woli, otwartymi na dialog.","url":"https:\/\/gaudiumetspes-blog.pl\/index.php\/author\/ks-jacek\/"}]}},"jetpack_featured_media_url":"","jetpack_sharing_enabled":true,"_links":{"self":[{"href":"https:\/\/gaudiumetspes-blog.pl\/index.php\/wp-json\/wp\/v2\/posts\/18300","targetHints":{"allow":["GET"]}}],"collection":[{"href":"https:\/\/gaudiumetspes-blog.pl\/index.php\/wp-json\/wp\/v2\/posts"}],"about":[{"href":"https:\/\/gaudiumetspes-blog.pl\/index.php\/wp-json\/wp\/v2\/types\/post"}],"author":[{"embeddable":true,"href":"https:\/\/gaudiumetspes-blog.pl\/index.php\/wp-json\/wp\/v2\/users\/1"}],"replies":[{"embeddable":true,"href":"https:\/\/gaudiumetspes-blog.pl\/index.php\/wp-json\/wp\/v2\/comments?post=18300"}],"version-history":[{"count":2,"href":"https:\/\/gaudiumetspes-blog.pl\/index.php\/wp-json\/wp\/v2\/posts\/18300\/revisions"}],"predecessor-version":[{"id":18302,"href":"https:\/\/gaudiumetspes-blog.pl\/index.php\/wp-json\/wp\/v2\/posts\/18300\/revisions\/18302"}],"wp:attachment":[{"href":"https:\/\/gaudiumetspes-blog.pl\/index.php\/wp-json\/wp\/v2\/media?parent=18300"}],"wp:term":[{"taxonomy":"category","embeddable":true,"href":"https:\/\/gaudiumetspes-blog.pl\/index.php\/wp-json\/wp\/v2\/categories?post=18300"},{"taxonomy":"post_tag","embeddable":true,"href":"https:\/\/gaudiumetspes-blog.pl\/index.php\/wp-json\/wp\/v2\/tags?post=18300"}],"curies":[{"name":"wp","href":"https:\/\/api.w.org\/{rel}","templated":true}]}}