{"id":18313,"date":"2020-12-21T08:59:11","date_gmt":"2020-12-21T07:59:11","guid":{"rendered":"https:\/\/gaudiumetspes-blog.pl\/?p=18313"},"modified":"2020-12-21T08:59:11","modified_gmt":"2020-12-21T07:59:11","slug":"ciesz-sie-i-wesel-z-calego-serca","status":"publish","type":"post","link":"https:\/\/gaudiumetspes-blog.pl\/index.php\/2020\/12\/21\/ciesz-sie-i-wesel-z-calego-serca\/","title":{"rendered":"Ciesz si\u0119 i wesel z ca\u0142ego serca!"},"content":{"rendered":"<p align=\"justify\"><span style=\"color: #000000;\"><span style=\"font-family: Book Antiqua, serif;\"><span style=\"font-size: large;\">Szcz\u0119\u015b\u0107 Bo\u017ce! Moi Drodzy, w dniu dzisiejszym <b>urodziny prze\u017cywa Dominik K\u0142usek, Syn Tatiany i Mariusza, kt\u00f3rzy za czas\u00f3w mojego pierwszego wikariatu byli zaanga\u017cowani w dzia\u0142alno\u015b\u0107 m\u0142odzie\u017cow\u0105. Dzisiaj \u2013 jako Rodzina \u2013 mieszkaj\u0105 w Warszawie i tam posy\u0142am moje \u017cyczenia Bo\u017cego b\u0142ogos\u0142awie\u0144stwa dla Jubilata, wraz z zapewnieniem o modlitwie.<\/b><\/span><\/span><\/span><\/p>\n<p align=\"justify\"><span style=\"color: #000000;\"><span style=\"font-family: Book Antiqua, serif;\"><span style=\"font-size: large;\">A w naszym O\u015brodku Duszpasterstwa Akademickiego \u2013 drugi dzie\u0144 Rekolekcji adwentowych: Msza \u015awi\u0119ta o 19:00 i nabo\u017ce\u0144stwo adoracyjne, po\u0142\u0105czone ze \u015bwiadectwami Os\u00f3b, pos\u0142uguj\u0105cych w Hospicjum dla Dzieci, kt\u00f3rego Dyrektorem jest Ksi\u0105dz Pawe\u0142 Siedlanowski, nasz Rekolekcjonista. Niech Duch \u015awi\u0119ty tchnie i nape\u0142nia nas wszystkich swoj\u0105 moc\u0105! Wczorajsze, pierwsze spotkanie, przebieg\u0142o naprawd\u0119 w pi\u0119knej, Bo\u017cej atmosferze.<\/span><\/span><\/span><\/p>\n<p align=\"justify\"><span style=\"color: #000000;\"><span style=\"font-family: Book Antiqua, serif;\"><span style=\"font-size: large;\">Teraz natomiast wzywajmy Ducha \u015awi\u0119tego, aby pom\u00f3g\u0142 nam zg\u0142\u0119bi\u0107 dzisiejszego Bo\u017ce s\u0142owo i odnale\u017a\u0107 <b>przes\u0142anie, z jakim Pan zwraca si\u0119 do ka\u017cdej i ka\u017cdego z nas \u2013 indywidualnie.<\/b><\/span><\/span><\/span><\/p>\n<p align=\"justify\"><span style=\"color: #000000;\"><span style=\"font-family: Book Antiqua, serif;\"><span style=\"font-size: large;\"><b>Niech Was b\u0142ogos\u0142awi B\u00f3g Wszechmog\u0105cy: Ojciec + i Syn, i Duch \u015awi\u0119ty. Amen<\/b><\/span><\/span><\/span><\/p>\n<p align=\"center\"><span style=\"color: #000000;\"><span style=\"font-family: Book Antiqua, serif;\"><span style=\"font-size: large;\">Gaudium et spes! Ks. Jacek<\/span><\/span><\/span><\/p>\n<p align=\"center\">\n<p align=\"center\">\n<p align=\"center\">\n<p align=\"center\">\n<p align=\"center\">\n<p align=\"justify\"><span style=\"color: #000000;\"><span style=\"font-family: Book Antiqua, serif;\"><span style=\"font-size: large;\"><b>21 grudnia 2020., Siedlce,<\/b><\/span><\/span><\/span><\/p>\n<p align=\"justify\"><span style=\"color: #000000;\"><span style=\"font-family: Book Antiqua, serif;\"><span style=\"font-size: large;\"><b>do czyta\u0144: Pnp 2,8\u201314; albo: So 3,14\u201318a; \u0141k 1,39\u201345<\/b><\/span><\/span><\/span><\/p>\n<p align=\"justify\">\n<p align=\"justify\">\n<p align=\"justify\">\n<p align=\"justify\">\n<p align=\"justify\">\n<p align=\"justify\"><span style=\"color: #000000;\"><span style=\"font-family: Book Antiqua, serif;\"><span style=\"font-size: large;\"><b>CZYTANIE Z PIE\u015aNI NAD PIE\u015aNIAMI:<\/b><\/span><\/span><\/span><\/p>\n<p align=\"justify\"><span style=\"color: #000000;\"><span style=\"font-family: Book Antiqua, serif;\"><span style=\"font-size: large;\"><b>Cicho! Ukochany m\u00f3j! <\/b><\/span><\/span><\/span><\/p>\n<p align=\"justify\"><span style=\"color: #000000;\"><span style=\"font-family: Book Antiqua, serif;\"><span style=\"font-size: large;\"><b>Oto on! Oto nadchodzi! <\/b><\/span><\/span><\/span><\/p>\n<p align=\"justify\"><span style=\"color: #000000;\"><span style=\"font-family: Book Antiqua, serif;\"><span style=\"font-size: large;\"><b>Biegnie przez g\u00f3ry, <\/b><\/span><\/span><\/span><\/p>\n<p align=\"justify\"><span style=\"color: #000000;\"><span style=\"font-family: Book Antiqua, serif;\"><span style=\"font-size: large;\"><b>skacze po pag\u00f3rkach. <\/b><\/span><\/span><\/span><\/p>\n<p align=\"justify\"><span style=\"color: #000000;\"><span style=\"font-family: Book Antiqua, serif;\"><span style=\"font-size: large;\"><b>Umi\u0142owany m\u00f3j podobny do gazeli, <\/b><\/span><\/span><\/span><\/p>\n<p align=\"justify\"><span style=\"color: #000000;\"><span style=\"font-family: Book Antiqua, serif;\"><span style=\"font-size: large;\"><b>do m\u0142odego jelenia. <\/b><\/span><\/span><\/span><\/p>\n<p align=\"justify\"><span style=\"color: #000000;\"><span style=\"font-family: Book Antiqua, serif;\"><span style=\"font-size: large;\"><b>Oto stoi za naszym murem, <\/b><\/span><\/span><\/span><\/p>\n<p align=\"justify\"><span style=\"color: #000000;\"><span style=\"font-family: Book Antiqua, serif;\"><span style=\"font-size: large;\"><b>patrzy przez okno, <\/b><\/span><\/span><\/span><\/p>\n<p align=\"justify\"><span style=\"color: #000000;\"><span style=\"font-family: Book Antiqua, serif;\"><span style=\"font-size: large;\"><b>zagl\u0105da przez kraty.<\/b><\/span><\/span><\/span><\/p>\n<p align=\"justify\"><span style=\"color: #000000;\"><span style=\"font-family: Book Antiqua, serif;\"><span style=\"font-size: large;\"><b>Mi\u0142y m\u00f3j odzywa si\u0119 <\/b><\/span><\/span><\/span><\/p>\n<p align=\"justify\"><span style=\"color: #000000;\"><span style=\"font-family: Book Antiqua, serif;\"><span style=\"font-size: large;\"><b>i m\u00f3wi do mnie: <\/b><\/span><\/span><\/span><\/p>\n<p align=\"justify\"><span style=\"color: #000000;\">\u201e<span style=\"font-family: Book Antiqua, serif;\"><span style=\"font-size: large;\"><b>Powsta\u0144, przyjaci\u00f3\u0142ko moja, <\/b><\/span><\/span><\/span><\/p>\n<p align=\"justify\"><span style=\"color: #000000;\"><span style=\"font-family: Book Antiqua, serif;\"><span style=\"font-size: large;\"><b>pi\u0119kna moja, i p\u00f3jd\u017a! <\/b><\/span><\/span><\/span><\/p>\n<p align=\"justify\"><span style=\"color: #000000;\"><span style=\"font-family: Book Antiqua, serif;\"><span style=\"font-size: large;\"><b>Bo oto min\u0119\u0142a ju\u017c zima, <\/b><\/span><\/span><\/span><\/p>\n<p align=\"justify\"><span style=\"color: #000000;\"><span style=\"font-family: Book Antiqua, serif;\"><span style=\"font-size: large;\"><b>deszcz usta\u0142 i przeszed\u0142. <\/b><\/span><\/span><\/span><\/p>\n<p align=\"justify\"><span style=\"color: #000000;\"><span style=\"font-family: Book Antiqua, serif;\"><span style=\"font-size: large;\"><b>Na ziemi wida\u0107 ju\u017c kwiaty, <\/b><\/span><\/span><\/span><\/p>\n<p align=\"justify\"><span style=\"color: #000000;\"><span style=\"font-family: Book Antiqua, serif;\"><span style=\"font-size: large;\"><b>nadszed\u0142 czas przycinania winnic, <\/b><\/span><\/span><\/span><\/p>\n<p align=\"justify\"><span style=\"color: #000000;\"><span style=\"font-family: Book Antiqua, serif;\"><span style=\"font-size: large;\"><b>i g\u0142os synogarlicy ju\u017c s\u0142ycha\u0107 <\/b><\/span><\/span><\/span><\/p>\n<p align=\"justify\"><span style=\"color: #000000;\"><span style=\"font-family: Book Antiqua, serif;\"><span style=\"font-size: large;\"><b>w naszej krainie. <\/b><\/span><\/span><\/span><\/p>\n<p align=\"justify\"><span style=\"color: #000000;\"><span style=\"font-family: Book Antiqua, serif;\"><span style=\"font-size: large;\"><b>Drzewo figowe wyda\u0142o zawi\u0105zki owoc\u00f3w <\/b><\/span><\/span><\/span><\/p>\n<p align=\"justify\"><span style=\"color: #000000;\"><span style=\"font-family: Book Antiqua, serif;\"><span style=\"font-size: large;\"><b>i winne krzewy kwitn\u0105ce ju\u017c pachn\u0105.<\/b><\/span><\/span><\/span><\/p>\n<p align=\"justify\"><span style=\"color: #000000;\"><span style=\"font-family: Book Antiqua, serif;\"><span style=\"font-size: large;\"><b>Powsta\u0144, przyjaci\u00f3\u0142ko moja, <\/b><\/span><\/span><\/span><\/p>\n<p align=\"justify\"><span style=\"color: #000000;\"><span style=\"font-family: Book Antiqua, serif;\"><span style=\"font-size: large;\"><b>pi\u0119kna moja, i p\u00f3jd\u017a! <\/b><\/span><\/span><\/span><\/p>\n<p align=\"justify\"><span style=\"color: #000000;\"><span style=\"font-family: Book Antiqua, serif;\"><span style=\"font-size: large;\"><b>Go\u0142\u0105bko ma, ukryta w zag\u0142\u0119bieniach ska\u0142y, <\/b><\/span><\/span><\/span><\/p>\n<p align=\"justify\"><span style=\"color: #000000;\"><span style=\"font-family: Book Antiqua, serif;\"><span style=\"font-size: large;\"><b>w szczelinach przepa\u015bci, <\/b><\/span><\/span><\/span><\/p>\n<p align=\"justify\"><span style=\"color: #000000;\"><span style=\"font-family: Book Antiqua, serif;\"><span style=\"font-size: large;\"><b>uka\u017c mi sw\u0105 twarz, <\/b><\/span><\/span><\/span><\/p>\n<p align=\"justify\"><span style=\"color: #000000;\"><span style=\"font-family: Book Antiqua, serif;\"><span style=\"font-size: large;\"><b>daj mi us\u0142ysze\u0107 sw\u00f3j g\u0142os! <\/b><\/span><\/span><\/span><\/p>\n<p align=\"justify\"><span style=\"color: #000000;\"><span style=\"font-family: Book Antiqua, serif;\"><span style=\"font-size: large;\"><b>Bo s\u0142odki jest g\u0142os tw\u00f3j <\/b><\/span><\/span><\/span><\/p>\n<p align=\"justify\"><span style=\"color: #000000;\"><span style=\"font-family: Book Antiqua, serif;\"><span style=\"font-size: large;\"><b>i twarz pe\u0142na wdzi\u0119ku\u201d.<\/b><\/span><\/span><\/span><\/p>\n<p align=\"justify\">\n<p align=\"justify\">\n<p align=\"justify\">\n<p align=\"justify\">\n<p align=\"justify\">\n<p align=\"center\"><span style=\"color: #000000;\"><span style=\"font-size: large;\"><br \/>\n<span style=\"font-family: Book Antiqua, serif;\"><b>ALBO:<\/b><\/span><\/span><\/span><\/p>\n<p align=\"center\">\n<p align=\"center\">\n<p align=\"center\">\n<p align=\"center\">\n<p align=\"center\">\n<p align=\"justify\"><span style=\"color: #000000;\"><span style=\"font-family: Book Antiqua, serif;\"><span style=\"font-size: large;\"><b>CZYTANIE Z KSI\u0118GI PROROKA SOFONIASZA: <\/b><\/span><\/span><\/span><\/p>\n<p align=\"justify\"><span style=\"color: #000000;\"><span style=\"font-family: Book Antiqua, serif;\"><span style=\"font-size: large;\"><b>Wy\u015bpiewuj, C\u00f3ro Syjo\u0144ska, <\/b><\/span><\/span><\/span><\/p>\n<p align=\"justify\"><span style=\"color: #000000;\"><span style=\"font-family: Book Antiqua, serif;\"><span style=\"font-size: large;\"><b>podnie\u015b radosny okrzyk, Izraelu! <\/b><\/span><\/span><\/span><\/p>\n<p align=\"justify\"><span style=\"color: #000000;\"><span style=\"font-family: Book Antiqua, serif;\"><span style=\"font-size: large;\"><b>Ciesz si\u0119 i wesel z ca\u0142ego serca, <\/b><\/span><\/span><\/span><\/p>\n<p align=\"justify\"><span style=\"color: #000000;\"><span style=\"font-family: Book Antiqua, serif;\"><span style=\"font-size: large;\"><b>C\u00f3ro Jeruzalem! <\/b><\/span><\/span><\/span><\/p>\n<p align=\"justify\"><span style=\"color: #000000;\"><span style=\"font-family: Book Antiqua, serif;\"><span style=\"font-size: large;\"><b>Pan oddali\u0142 wyroki na ciebie, <\/b><\/span><\/span><\/span><\/p>\n<p align=\"justify\"><span style=\"color: #000000;\"><span style=\"font-family: Book Antiqua, serif;\"><span style=\"font-size: large;\"><b>usun\u0105\u0142 twego nieprzyjaciela: <\/b><\/span><\/span><\/span><\/p>\n<p align=\"justify\"><span style=\"color: #000000;\"><span style=\"font-family: Book Antiqua, serif;\"><span style=\"font-size: large;\"><b>Kr\u00f3l Izraela, Pan, jest po\u015br\u00f3d ciebie, <\/b><\/span><\/span><\/span><\/p>\n<p align=\"justify\"><span style=\"color: #000000;\"><span style=\"font-family: Book Antiqua, serif;\"><span style=\"font-size: large;\"><b>ju\u017c nie b\u0119dziesz ba\u0142a si\u0119 z\u0142ego. <\/b><\/span><\/span><\/span><\/p>\n<p align=\"justify\"><span style=\"color: #000000;\"><span style=\"font-family: Book Antiqua, serif;\"><span style=\"font-size: large;\"><b>Owego dnia powiedz\u0105 Jerozolimie: <\/b><\/span><\/span><\/span><\/p>\n<p align=\"justify\"><span style=\"color: #000000;\">\u201e<span style=\"font-family: Book Antiqua, serif;\"><span style=\"font-size: large;\"><b>Nie b\u00f3j si\u0119, Syjonie! <\/b><\/span><\/span><\/span><\/p>\n<p align=\"justify\"><span style=\"color: #000000;\"><span style=\"font-family: Book Antiqua, serif;\"><span style=\"font-size: large;\"><b>Niech nie s\u0142abn\u0105 twe r\u0119ce!\u201d <\/b><\/span><\/span><\/span><\/p>\n<p align=\"justify\"><span style=\"color: #000000;\"><span style=\"font-family: Book Antiqua, serif;\"><span style=\"font-size: large;\"><b>Pan, tw\u00f3j B\u00f3g jest po\u015br\u00f3d ciebie, <\/b><\/span><\/span><\/span><\/p>\n<p align=\"justify\"><span style=\"color: #000000;\"><span style=\"font-family: Book Antiqua, serif;\"><span style=\"font-size: large;\"><b>Mocarz, kt\u00f3ry daje zbawienie. <\/b><\/span><\/span><\/span><\/p>\n<p align=\"justify\"><span style=\"color: #000000;\"><span style=\"font-family: Book Antiqua, serif;\"><span style=\"font-size: large;\"><b>On uniesie si\u0119 weselem nad tob\u0105, <\/b><\/span><\/span><\/span><\/p>\n<p align=\"justify\"><span style=\"color: #000000;\"><span style=\"font-family: Book Antiqua, serif;\"><span style=\"font-size: large;\"><b>odnowi sw\u0105 mi\u0142o\u015b\u0107, <\/b><\/span><\/span><\/span><\/p>\n<p align=\"justify\"><span style=\"color: #000000;\"><span style=\"font-family: Book Antiqua, serif;\"><span style=\"font-size: large;\"><b>wzniesie okrzyk rado\u015bci, <\/b><\/span><\/span><\/span><\/p>\n<p align=\"justify\"><span style=\"color: #000000;\"><span style=\"font-family: Book Antiqua, serif;\"><span style=\"font-size: large;\"><b>jak w dniu uroczystego \u015bwi\u0119ta.<\/b><\/span><\/span><\/span><\/p>\n<p align=\"justify\">\n<p align=\"justify\">\n<p align=\"justify\">\n<p align=\"justify\">\n<p align=\"justify\">\n<p align=\"justify\"><span style=\"color: #000000;\"><span style=\"font-family: Book Antiqua, serif;\"><span style=\"font-size: large;\"><b>S\u0141OWA EWANGELII WED\u0141UG \u015aWI\u0118TEGO \u0141UKASZA: <\/b><\/span><\/span><\/span><\/p>\n<p align=\"justify\"><span style=\"color: #000000;\"><span style=\"font-family: Book Antiqua, serif;\"><span style=\"font-size: large;\"><b>W tym czasie Maryja wybra\u0142a si\u0119 i posz\u0142a z po\u015bpiechem w g\u00f3ry do pewnego miasta w pokoleniu Judy. Wesz\u0142a do domu Zachariasza i pozdrowi\u0142a El\u017cbiet\u0119. <\/b><\/span><\/span><\/span><\/p>\n<p align=\"justify\"><span style=\"color: #000000;\"><span style=\"font-family: Book Antiqua, serif;\"><span style=\"font-size: large;\"><b>Gdy El\u017cbieta us\u0142ysza\u0142a pozdrowienie Maryi, poruszy\u0142o si\u0119 dzieci\u0105tko w jej \u0142onie, a Duch \u015awi\u0119ty nape\u0142ni\u0142 El\u017cbiet\u0119. Wyda\u0142a ona okrzyk i powiedzia\u0142a: <\/b><\/span><\/span><\/span><\/p>\n<p align=\"justify\"><span style=\"color: #000000;\">\u201e<span style=\"font-family: Book Antiqua, serif;\"><span style=\"font-size: large;\"><b>B\u0142ogos\u0142awiona jeste\u015b mi\u0119dzy niewiastami i b\u0142ogos\u0142awiony jest owoc Twojego \u0142ona. A sk\u0105d\u017ce mi to, \u017ce Matka mojego Pana przychodzi do mnie? Oto, skoro g\u0142os Twego pozdrowienia zabrzmia\u0142 w moich uszach, poruszy\u0142o si\u0119 z rado\u015bci dzieci\u0105tko w \u0142onie moim. B\u0142ogos\u0142awiona jeste\u015b, kt\u00f3ra\u015b uwierzy\u0142a, \u017ce spe\u0142ni\u0105 si\u0119 s\u0142owa powiedziane Ci od Pana\u201d.<\/b><\/span><\/span><\/span><\/p>\n<p align=\"justify\">\n<p align=\"justify\">\n<p align=\"justify\">\n<p align=\"justify\">\n<p align=\"justify\">\n<p align=\"justify\"><span style=\"color: #000000;\"><span style=\"font-family: Book Antiqua, serif;\"><span style=\"font-size: large;\">Jaka\u015b <b>podnios\u0142a atmosfera<\/b> promieniuje z dzisiejszych czyta\u0144. Mamy dzi\u015b do wyboru trzy testy, bowiem <b>pierwsze czytanie mo\u017cemy wybra\u0107 <\/b>spo\u015br\u00f3d dw\u00f3ch fragment\u00f3w: b\u0105d\u017a to z Ksi\u0119gi Pie\u015bni nad Pie\u015bniami, b\u0105d\u017a z Proroctwa Sofoniasza. <\/span><\/span><\/span><\/p>\n<p align=\"justify\"><span style=\"color: #000000;\"> <span style=\"font-family: Book Antiqua, serif;\"><span style=\"font-size: large;\">Pierwsze z tych dw\u00f3ch tekst\u00f3w \u2013 to <b>poemat mi\u0142osny,<\/b> bardzo specyficzny na tle ca\u0142ego Pisma \u015awi\u0119tego. W \u017cadnym miejscu tej Ksi\u0119gi <b>nie znajdziemy s\u0142owa: <\/b><b>\u00ab<\/b><b>B\u00f3g<\/b><b>\u00bb<\/b><b>,<\/b> ani bezpo\u015bredniego odniesienia do Niego, natomiast Jego obecno\u015b\u0107 si\u0119 tam odczuwa, ona jest <b>w jaki\u015b spos\u00f3b oczywista<\/b> i nie budzi w\u0105tpliwo\u015bci. Owo zbli\u017canie si\u0119 oblubie\u0144ca, o kt\u00f3rym s\u0142yszymy dzisiaj \u2013 takie ciche, subtelne, wr\u0119cz liryczne \u2013 jako \u017cywo przypomina <b>zbli\u017canie si\u0119 zapowiedzianego Mesjasza, <\/b>Zbawiciela, kt\u00f3rego p\u00f3\u017aniej b\u0119dzie si\u0119 przedstawia\u0142o jako Oblubie\u0144ca Ko\u015bcio\u0142a. <\/span><\/span><\/span><\/p>\n<p align=\"justify\"><span style=\"color: #000000;\"><span style=\"font-family: Book Antiqua, serif;\"><span style=\"font-size: large;\">S\u0142owa, kt\u00f3re dzi\u015b s\u0142yszymy z ust oblubie\u0144ca, witaj\u0105cego swoj\u0105 umi\u0142owan\u0105, brzmi\u0105 wielkim pokojem, pocieszeniem i rado\u015bci\u0105: <i><b>Powsta\u0144, przyjaci\u00f3\u0142ko m<\/b><\/i><i><b>oj<\/b><\/i><i><b>a, <\/b><\/i><i><b>pi\u0119kna moja, i p\u00f3jd\u017a! Bo oto min\u0119\u0142a ju\u017c zima, deszcz usta\u0142 i przeszed\u0142. Na ziemi wida\u0107 ju\u017c kwiaty, nadszed\u0142 czas przycinania <\/b><\/i><i><b>winnic<\/b><\/i><i><b>, i g\u0142os synogarlicy ju\u017c s\u0142ycha\u0107 w naszej krainie. <\/b><\/i><i><b>Drzewo f<\/b><\/i><i><b>igowe wyda\u0142<\/b><\/i><i><b>o<\/b><\/i><i><b> zawi\u0105zki owoc\u00f3w i winne krzewy kwitn\u0105ce ju\u017c pachn\u0105. Powsta\u0144, przyjaci\u00f3\u0142ko m<\/b><\/i><i><b>oj<\/b><\/i><i><b>a, pi\u0119kna m<\/b><\/i><i><b>oj<\/b><\/i><i><b>a, i p\u00f3jd\u017a! <\/b><\/i><b>[\u2026] <\/b><i><b>Bo s\u0142odki jest g\u0142os tw\u00f3j <\/b><\/i><i><b>i twarz pe\u0142na wdzi\u0119ku.<\/b><\/i><b> <\/b>Nadej\u015bciu oblubie\u0144ca towarzyszy odrodzenie si\u0119 przyrody, wiosenny rozkwit kwiat\u00f3w! Wszystko tchnie \u015bwie\u017co\u015bci\u0105 i wielk\u0105 rado\u015bci\u0105.<\/span><\/span><\/span><\/p>\n<p align=\"justify\"><span style=\"color: #000000;\"><span style=\"font-family: Book Antiqua, serif;\"><span style=\"font-size: large;\">I taki sam to pobrzmiewa z Proroctwa Sofoniasz, w kt\u00f3rym wprost wzywa on do wielkiej rado\u015bci: <i><b>Wy\u015bpiewuj, C\u00f3ro Syjo\u0144ska, podnie\u015b radosny okrzyk, Izraelu! Ciesz si\u0119 i wesel z ca\u0142ego serca,<\/b><\/i><b> <\/b><i><b>C\u00f3ro Jeruzalem! <\/b><\/i><i><b>Pan oddali\u0142 wyroki na ciebie, usun\u0105\u0142 twego nieprzyjaciela: <\/b><\/i><i><b>Kr\u00f3l Izraela, Pan, jest po\u015br\u00f3d ciebie! <\/b><\/i>Zobaczmy, jak mocno \u2013 w tym kr\u00f3tkim w sumie tek\u015bcie \u2013 podkre\u015blona zosta\u0142a <b>rado\u015b\u0107 i pocieszenie, p\u0142yn\u0105ce od Boga. <\/b>W\u0142a\u015bciwie z ka\u017cdego wersu przebija takie przes\u0142anie. <\/span><\/span><\/span><\/p>\n<p align=\"justify\"><span style=\"color: #000000;\"><span style=\"font-family: Book Antiqua, serif;\"><span style=\"font-size: large;\">I nie jest to jaka\u015b <b>rado\u015b\u0107 naiwna,<\/b> tania weso\u0142kowato\u015b\u0107, gra pozor\u00f3w \u2013 nie! Prorok wyra\u017anie wskazuje <b>\u017ar\u00f3d\u0142o i motyw tej rado\u015bci <\/b>\u2013 pow\u00f3d, dla kt\u00f3rego mo\u017cna, a nawet nale\u017cy si\u0119 cieszy\u0107. To przyj\u015bcie Pana, <b>Jego obecno\u015b\u0107 w\u015br\u00f3d ludu<\/b> \u2013 jego odnawiaj\u0105ca obecno\u015b\u0107! <\/span><\/span><\/span><\/p>\n<p align=\"justify\"><span style=\"color: #000000;\"><span style=\"font-family: Book Antiqua, serif;\"><span style=\"font-size: large;\">Dok\u0142adnie takie samo przes\u0142anie odnajdujemy w Ewangelii. Witaj\u0105c w swoim domu Maryj\u0119, El\u017cbieta powita\u0142a tak\u017ce przychodz\u0105cego wraz z Ni\u0105 <b>\u00ab<\/b><b>swojego Pana<\/b><b>\u00bb<\/b><b> \u2013 Zbawiciela \u015bwiata. <\/b>Z pewno\u015bci\u0105, ta jej reakcja by\u0142a wynikiem jakiego\u015b szczeg\u00f3lnego natchnienia przez Ducha \u015awi\u0119tego. I dlatego tak\u017ce <b>wyczuwamy ogromn\u0105 rado\u015b\u0107, <\/b>jaka temu spotkaniu towarzyszy\u0142a \u2013 rado\u015b\u0107, kt\u00f3ra w nast\u0119pnych wersach \u0141ukaszowej Ewangelii zostanie uj\u0119ta w formie hymnu Magnificat, wy\u015bpiewanego przez Maryj\u0119. <\/span><\/span><\/span><\/p>\n<p align=\"justify\"><span style=\"color: #000000;\"><span style=\"font-family: Book Antiqua, serif;\"><span style=\"font-size: large;\">Dzisiaj natomiast s\u0142yszymy tylko s\u0142owa El\u017cbiety, ale <b>one wyja\u015bniaj\u0105 nam wszystko.<\/b> Dok\u0142adnie pokazuj\u0105, jakie to spotkanie si\u0119 akurat dokona\u0142o: nie tylko spotkanie dw\u00f3ch Matek, ale te\u017c i <b>dw\u00f3ch Syn\u00f3w: <\/b>przychodz\u0105cego Zbawiciela ze swoim Poprzednikiem. <\/span><\/span><\/span><\/p>\n<p align=\"justify\"><span style=\"color: #000000;\"><span style=\"font-family: Book Antiqua, serif;\"><span style=\"font-size: large;\">Widzimy zatem, moi Drodzy, jak mocno dzisiaj Bo\u017ce s\u0142owo <b>podnosi nas na duchu, jak\u0105 nam niesie rado\u015b\u0107. <\/b>By\u0107 mo\u017ce, w naszych sercach rodzi si\u0119 teraz pytanie, jak si\u0119 to ma do tego wszystkiego, co aktualnie prze\u017cywamy? W s\u0142owie Bo\u017cym mowa o rado\u015bci, <b>a my mamy taki trudny czas,<\/b> kt\u00f3ry w tak wielu sercach rodzi wszystkie inne uczucia, poza rado\u015bci\u0105. Przede wszystkim \u2013 strach, obawy, jaki\u015b smutek, przygn\u0119bienie\u2026 <\/span><\/span><\/span><\/p>\n<p align=\"justify\"><span style=\"color: #000000;\"><span style=\"font-family: Book Antiqua, serif;\"><span style=\"font-size: large;\">Nie mo\u017cemy jednak zapomina\u0107, \u017ce <b>Bo\u017ce s\u0142owo jest zawsze \u017cywe i zawsze aktualne, <\/b>a skierowane do nas w liturgii Ko\u015bcio\u0142a dzisiaj \u2013 jest dla nas <b>przes\u0142aniem Boga w\u0142a\u015bnie na dzisiaj!<\/b> Tak, to dzisiaj \u2013 w kontek\u015bcie tego wszystkiego, co aktualnie prze\u017cywamy \u2013 <b>B\u00f3g wzywa nas do rado\u015bci, do nadziei, do wzniesienia serca!<\/b> I m\u00f3wi to z tak\u0105 moc\u0105, z takim przekonaniem. <\/span><\/span><\/span><\/p>\n<p align=\"justify\"><span style=\"color: #000000;\"><span style=\"font-family: Book Antiqua, serif;\"><span style=\"font-size: large;\">Moi Drodzy, to nie jest przypadek. To jest przes\u0142anie Boga do nas na dzisiaj, na teraz. Pomimo tego, \u017ce te same czytania us\u0142yszymy za rok, 21 grudnia, a i rok temu je s\u0142yszeli\u015bmy. Rok temu odbierali\u015bmy je inaczej \u2013 <b>w tym roku inaczej.<\/b> Wa\u017cne jest, by\u015bmy otworzyli szeroko serce i umys\u0142, wezwali pomocy Ducha \u015awi\u0119tego \u2013 i i <b>przyj\u0119li do siebie<\/b><b> te Bo\u017ce s\u0142owa.<\/b> Aby rado\u015b\u0107 i nadzieja, kt\u00f3re <b>On sam chce nam da\u0107, <\/b>naprawd\u0119 mog\u0142y nas ogarn\u0105\u0107 i podnie\u015b\u0107 na duchu. <\/span><\/span><\/span><\/p>\n<p align=\"justify\"><span style=\"color: #000000;\"><span style=\"font-family: Book Antiqua, serif;\"><span style=\"font-size: large;\">Dlatego z uwag\u0105 odczytujmy dzisiejsze teksty i pro\u015bmy Ducha \u015awi\u0119tego, aby <b>mocno przem\u00f3wi\u0142y one do nas, <\/b>przekona\u0142y nas, uradowa\u0142y nasze serca! I wzmocni\u0142y nasz\u0105 nadziej\u0119!<\/span><\/span><\/span><\/p>\n<p align=\"justify\"><span style=\"color: #000000;\"><span style=\"font-family: Book Antiqua, serif;\"><span style=\"font-size: large;\">Bo Pan jest z nami! <b>Ci\u0105gle przychodzi do nas \u2013 nie zapomnia\u0142 o nas ani na chwil\u0119. <\/b>My te\u017c nie zapominajmy o Nim. B\u0105d\u017amy z Nim bardzo blisko, w pe\u0142nej jedno\u015bci! Aby On m\u00f3g\u0142 nas <b>pociesza\u0107 i podtrzymywa\u0107 na duchu\u2026<\/b><\/span><\/span><\/span><\/p>\n","protected":false},"excerpt":{"rendered":"<p>Szcz\u0119\u015b\u0107 Bo\u017ce! Moi Drodzy, w dniu dzisiejszym urodziny prze\u017cywa Dominik K\u0142usek, Syn Tatiany i Mariusza, kt\u00f3rzy za czas\u00f3w mojego pierwszego wikariatu byli zaanga\u017cowani w dzia\u0142alno\u015b\u0107 m\u0142odzie\u017cow\u0105. Dzisiaj \u2013 jako Rodzina \u2013 mieszkaj\u0105 w Warszawie i tam posy\u0142am moje \u017cyczenia Bo\u017cego b\u0142ogos\u0142awie\u0144stwa dla Jubilata, wraz z zapewnieniem o modlitwie. A w naszym O\u015brodku Duszpasterstwa Akademickiego \u2013 [&hellip;]<\/p>\n","protected":false},"author":1,"featured_media":0,"comment_status":"open","ping_status":"open","sticky":false,"template":"","format":"standard","meta":{"jetpack_post_was_ever_published":false,"_jetpack_newsletter_access":"","_jetpack_dont_email_post_to_subs":false,"_jetpack_newsletter_tier_id":0,"_jetpack_memberships_contains_paywalled_content":false,"_jetpack_memberships_contains_paid_content":false,"footnotes":""},"categories":[1],"tags":[],"class_list":["post-18313","post","type-post","status-publish","format-standard","hentry","category-bez-kategorii"],"yoast_head":"<!-- This site is optimized with the Yoast SEO plugin v25.1 - https:\/\/yoast.com\/wordpress\/plugins\/seo\/ -->\n<title>Ciesz si\u0119 i wesel z ca\u0142ego serca! - Gaudium Et Spes<\/title>\n<meta name=\"robots\" content=\"index, follow, max-snippet:-1, max-image-preview:large, max-video-preview:-1\" \/>\n<link rel=\"canonical\" href=\"https:\/\/gaudiumetspes-blog.pl\/index.php\/2020\/12\/21\/ciesz-sie-i-wesel-z-calego-serca\/\" \/>\n<meta property=\"og:locale\" content=\"pl_PL\" \/>\n<meta property=\"og:type\" content=\"article\" \/>\n<meta property=\"og:title\" content=\"Ciesz si\u0119 i wesel z ca\u0142ego serca! - Gaudium Et Spes\" \/>\n<meta property=\"og:description\" content=\"Szcz\u0119\u015b\u0107 Bo\u017ce! Moi Drodzy, w dniu dzisiejszym urodziny prze\u017cywa Dominik K\u0142usek, Syn Tatiany i Mariusza, kt\u00f3rzy za czas\u00f3w mojego pierwszego wikariatu byli zaanga\u017cowani w dzia\u0142alno\u015b\u0107 m\u0142odzie\u017cow\u0105. Dzisiaj \u2013 jako Rodzina \u2013 mieszkaj\u0105 w Warszawie i tam posy\u0142am moje \u017cyczenia Bo\u017cego b\u0142ogos\u0142awie\u0144stwa dla Jubilata, wraz z zapewnieniem o modlitwie. A w naszym O\u015brodku Duszpasterstwa Akademickiego \u2013 [&hellip;]\" \/>\n<meta property=\"og:url\" content=\"https:\/\/gaudiumetspes-blog.pl\/index.php\/2020\/12\/21\/ciesz-sie-i-wesel-z-calego-serca\/\" \/>\n<meta property=\"og:site_name\" content=\"Gaudium Et Spes\" \/>\n<meta property=\"article:published_time\" content=\"2020-12-21T07:59:11+00:00\" \/>\n<meta name=\"author\" content=\"Ks. Jacek\" \/>\n<meta name=\"twitter:card\" content=\"summary_large_image\" \/>\n<meta name=\"twitter:label1\" content=\"Napisane przez\" \/>\n\t<meta name=\"twitter:data1\" content=\"Ks. Jacek\" \/>\n\t<meta name=\"twitter:label2\" content=\"Szacowany czas czytania\" \/>\n\t<meta name=\"twitter:data2\" content=\"7 minut\" \/>\n<script type=\"application\/ld+json\" class=\"yoast-schema-graph\">{\"@context\":\"https:\/\/schema.org\",\"@graph\":[{\"@type\":\"WebPage\",\"@id\":\"https:\/\/gaudiumetspes-blog.pl\/index.php\/2020\/12\/21\/ciesz-sie-i-wesel-z-calego-serca\/\",\"url\":\"https:\/\/gaudiumetspes-blog.pl\/index.php\/2020\/12\/21\/ciesz-sie-i-wesel-z-calego-serca\/\",\"name\":\"Ciesz si\u0119 i wesel z ca\u0142ego serca! - Gaudium Et Spes\",\"isPartOf\":{\"@id\":\"https:\/\/gaudiumetspes-blog.pl\/#website\"},\"datePublished\":\"2020-12-21T07:59:11+00:00\",\"author\":{\"@id\":\"https:\/\/gaudiumetspes-blog.pl\/#\/schema\/person\/1661982992b752dea8dff0d4ed845a65\"},\"breadcrumb\":{\"@id\":\"https:\/\/gaudiumetspes-blog.pl\/index.php\/2020\/12\/21\/ciesz-sie-i-wesel-z-calego-serca\/#breadcrumb\"},\"inLanguage\":\"pl-PL\",\"potentialAction\":[{\"@type\":\"ReadAction\",\"target\":[\"https:\/\/gaudiumetspes-blog.pl\/index.php\/2020\/12\/21\/ciesz-sie-i-wesel-z-calego-serca\/\"]}]},{\"@type\":\"BreadcrumbList\",\"@id\":\"https:\/\/gaudiumetspes-blog.pl\/index.php\/2020\/12\/21\/ciesz-sie-i-wesel-z-calego-serca\/#breadcrumb\",\"itemListElement\":[{\"@type\":\"ListItem\",\"position\":1,\"name\":\"Strona g\u0142\u00f3wna\",\"item\":\"https:\/\/gaudiumetspes-blog.pl\/\"},{\"@type\":\"ListItem\",\"position\":2,\"name\":\"Ciesz si\u0119 i&nbsp;wesel z&nbsp;ca\u0142ego serca!\"}]},{\"@type\":\"WebSite\",\"@id\":\"https:\/\/gaudiumetspes-blog.pl\/#website\",\"url\":\"https:\/\/gaudiumetspes-blog.pl\/\",\"name\":\"Gaudium Et Spes\",\"description\":\"Blog Ks. Jacka Ja\u015bkowskiego\",\"potentialAction\":[{\"@type\":\"SearchAction\",\"target\":{\"@type\":\"EntryPoint\",\"urlTemplate\":\"https:\/\/gaudiumetspes-blog.pl\/?s={search_term_string}\"},\"query-input\":{\"@type\":\"PropertyValueSpecification\",\"valueRequired\":true,\"valueName\":\"search_term_string\"}}],\"inLanguage\":\"pl-PL\"},{\"@type\":\"Person\",\"@id\":\"https:\/\/gaudiumetspes-blog.pl\/#\/schema\/person\/1661982992b752dea8dff0d4ed845a65\",\"name\":\"Ks. Jacek\",\"image\":{\"@type\":\"ImageObject\",\"inLanguage\":\"pl-PL\",\"@id\":\"https:\/\/gaudiumetspes-blog.pl\/#\/schema\/person\/image\/\",\"url\":\"https:\/\/gaudiumetspes-blog.pl\/wp-content\/uploads\/2019\/07\/avatar-JJ-150x150.jpg\",\"contentUrl\":\"https:\/\/gaudiumetspes-blog.pl\/wp-content\/uploads\/2019\/07\/avatar-JJ-150x150.jpg\",\"caption\":\"Ks. Jacek\"},\"description\":\"Witam serdecznie! K\u0142ania si\u0119 Ks. Jacek Ja\u015bkowski. Nie jestem ani kim\u015b wa\u017cnym, ani kim\u015b znanym. Jestem ksi\u0119dzem, kt\u00f3ry po prostu chce rozmawia\u0107. Codzienna kap\u0142a\u0144ska pos\u0142uga pokazuje mi, \u017ce temat\u00f3w do rozm\u00f3w z ksi\u0119dzem jest coraz wi\u0119cej i dzisiaj \u017caden ksi\u0105dz nie mo\u017ce od nich ucieka\u0107, ale - wprost przeciwnie - podejmowa\u0107 nowe wyzwania. To przekonanie sk\u0142oni\u0142o mnie do pr\u00f3by otwarcia tego\u017c bloga, chocia\u017c okazji do rozm\u00f3w na co dzie\u0144 - w konfesjonale i poza nim - na szcz\u0119\u015bcie nie brakuje. My\u015bl\u0119 jednak, \u017ce ten blog b\u0119dzie jeszcze jednym sposobem i przestrzeni\u0105 nawi\u0105zania kontaktu z lud\u017ami dobrej woli, otwartymi na dialog.\",\"url\":\"https:\/\/gaudiumetspes-blog.pl\/index.php\/author\/ks-jacek\/\"}]}<\/script>\n<!-- \/ Yoast SEO plugin. -->","yoast_head_json":{"title":"Ciesz si\u0119 i wesel z ca\u0142ego serca! - Gaudium Et Spes","robots":{"index":"index","follow":"follow","max-snippet":"max-snippet:-1","max-image-preview":"max-image-preview:large","max-video-preview":"max-video-preview:-1"},"canonical":"https:\/\/gaudiumetspes-blog.pl\/index.php\/2020\/12\/21\/ciesz-sie-i-wesel-z-calego-serca\/","og_locale":"pl_PL","og_type":"article","og_title":"Ciesz si\u0119 i wesel z ca\u0142ego serca! - Gaudium Et Spes","og_description":"Szcz\u0119\u015b\u0107 Bo\u017ce! Moi Drodzy, w dniu dzisiejszym urodziny prze\u017cywa Dominik K\u0142usek, Syn Tatiany i Mariusza, kt\u00f3rzy za czas\u00f3w mojego pierwszego wikariatu byli zaanga\u017cowani w dzia\u0142alno\u015b\u0107 m\u0142odzie\u017cow\u0105. Dzisiaj \u2013 jako Rodzina \u2013 mieszkaj\u0105 w Warszawie i tam posy\u0142am moje \u017cyczenia Bo\u017cego b\u0142ogos\u0142awie\u0144stwa dla Jubilata, wraz z zapewnieniem o modlitwie. A w naszym O\u015brodku Duszpasterstwa Akademickiego \u2013 [&hellip;]","og_url":"https:\/\/gaudiumetspes-blog.pl\/index.php\/2020\/12\/21\/ciesz-sie-i-wesel-z-calego-serca\/","og_site_name":"Gaudium Et Spes","article_published_time":"2020-12-21T07:59:11+00:00","author":"Ks. Jacek","twitter_card":"summary_large_image","twitter_misc":{"Napisane przez":"Ks. Jacek","Szacowany czas czytania":"7 minut"},"schema":{"@context":"https:\/\/schema.org","@graph":[{"@type":"WebPage","@id":"https:\/\/gaudiumetspes-blog.pl\/index.php\/2020\/12\/21\/ciesz-sie-i-wesel-z-calego-serca\/","url":"https:\/\/gaudiumetspes-blog.pl\/index.php\/2020\/12\/21\/ciesz-sie-i-wesel-z-calego-serca\/","name":"Ciesz si\u0119 i wesel z ca\u0142ego serca! - Gaudium Et Spes","isPartOf":{"@id":"https:\/\/gaudiumetspes-blog.pl\/#website"},"datePublished":"2020-12-21T07:59:11+00:00","author":{"@id":"https:\/\/gaudiumetspes-blog.pl\/#\/schema\/person\/1661982992b752dea8dff0d4ed845a65"},"breadcrumb":{"@id":"https:\/\/gaudiumetspes-blog.pl\/index.php\/2020\/12\/21\/ciesz-sie-i-wesel-z-calego-serca\/#breadcrumb"},"inLanguage":"pl-PL","potentialAction":[{"@type":"ReadAction","target":["https:\/\/gaudiumetspes-blog.pl\/index.php\/2020\/12\/21\/ciesz-sie-i-wesel-z-calego-serca\/"]}]},{"@type":"BreadcrumbList","@id":"https:\/\/gaudiumetspes-blog.pl\/index.php\/2020\/12\/21\/ciesz-sie-i-wesel-z-calego-serca\/#breadcrumb","itemListElement":[{"@type":"ListItem","position":1,"name":"Strona g\u0142\u00f3wna","item":"https:\/\/gaudiumetspes-blog.pl\/"},{"@type":"ListItem","position":2,"name":"Ciesz si\u0119 i&nbsp;wesel z&nbsp;ca\u0142ego serca!"}]},{"@type":"WebSite","@id":"https:\/\/gaudiumetspes-blog.pl\/#website","url":"https:\/\/gaudiumetspes-blog.pl\/","name":"Gaudium Et Spes","description":"Blog Ks. Jacka Ja\u015bkowskiego","potentialAction":[{"@type":"SearchAction","target":{"@type":"EntryPoint","urlTemplate":"https:\/\/gaudiumetspes-blog.pl\/?s={search_term_string}"},"query-input":{"@type":"PropertyValueSpecification","valueRequired":true,"valueName":"search_term_string"}}],"inLanguage":"pl-PL"},{"@type":"Person","@id":"https:\/\/gaudiumetspes-blog.pl\/#\/schema\/person\/1661982992b752dea8dff0d4ed845a65","name":"Ks. Jacek","image":{"@type":"ImageObject","inLanguage":"pl-PL","@id":"https:\/\/gaudiumetspes-blog.pl\/#\/schema\/person\/image\/","url":"https:\/\/gaudiumetspes-blog.pl\/wp-content\/uploads\/2019\/07\/avatar-JJ-150x150.jpg","contentUrl":"https:\/\/gaudiumetspes-blog.pl\/wp-content\/uploads\/2019\/07\/avatar-JJ-150x150.jpg","caption":"Ks. Jacek"},"description":"Witam serdecznie! K\u0142ania si\u0119 Ks. Jacek Ja\u015bkowski. Nie jestem ani kim\u015b wa\u017cnym, ani kim\u015b znanym. Jestem ksi\u0119dzem, kt\u00f3ry po prostu chce rozmawia\u0107. Codzienna kap\u0142a\u0144ska pos\u0142uga pokazuje mi, \u017ce temat\u00f3w do rozm\u00f3w z ksi\u0119dzem jest coraz wi\u0119cej i dzisiaj \u017caden ksi\u0105dz nie mo\u017ce od nich ucieka\u0107, ale - wprost przeciwnie - podejmowa\u0107 nowe wyzwania. To przekonanie sk\u0142oni\u0142o mnie do pr\u00f3by otwarcia tego\u017c bloga, chocia\u017c okazji do rozm\u00f3w na co dzie\u0144 - w konfesjonale i poza nim - na szcz\u0119\u015bcie nie brakuje. My\u015bl\u0119 jednak, \u017ce ten blog b\u0119dzie jeszcze jednym sposobem i przestrzeni\u0105 nawi\u0105zania kontaktu z lud\u017ami dobrej woli, otwartymi na dialog.","url":"https:\/\/gaudiumetspes-blog.pl\/index.php\/author\/ks-jacek\/"}]}},"jetpack_featured_media_url":"","jetpack_sharing_enabled":true,"_links":{"self":[{"href":"https:\/\/gaudiumetspes-blog.pl\/index.php\/wp-json\/wp\/v2\/posts\/18313","targetHints":{"allow":["GET"]}}],"collection":[{"href":"https:\/\/gaudiumetspes-blog.pl\/index.php\/wp-json\/wp\/v2\/posts"}],"about":[{"href":"https:\/\/gaudiumetspes-blog.pl\/index.php\/wp-json\/wp\/v2\/types\/post"}],"author":[{"embeddable":true,"href":"https:\/\/gaudiumetspes-blog.pl\/index.php\/wp-json\/wp\/v2\/users\/1"}],"replies":[{"embeddable":true,"href":"https:\/\/gaudiumetspes-blog.pl\/index.php\/wp-json\/wp\/v2\/comments?post=18313"}],"version-history":[{"count":1,"href":"https:\/\/gaudiumetspes-blog.pl\/index.php\/wp-json\/wp\/v2\/posts\/18313\/revisions"}],"predecessor-version":[{"id":18314,"href":"https:\/\/gaudiumetspes-blog.pl\/index.php\/wp-json\/wp\/v2\/posts\/18313\/revisions\/18314"}],"wp:attachment":[{"href":"https:\/\/gaudiumetspes-blog.pl\/index.php\/wp-json\/wp\/v2\/media?parent=18313"}],"wp:term":[{"taxonomy":"category","embeddable":true,"href":"https:\/\/gaudiumetspes-blog.pl\/index.php\/wp-json\/wp\/v2\/categories?post=18313"},{"taxonomy":"post_tag","embeddable":true,"href":"https:\/\/gaudiumetspes-blog.pl\/index.php\/wp-json\/wp\/v2\/tags?post=18313"}],"curies":[{"name":"wp","href":"https:\/\/api.w.org\/{rel}","templated":true}]}}