{"id":18336,"date":"2020-12-28T09:05:55","date_gmt":"2020-12-28T08:05:55","guid":{"rendered":"https:\/\/gaudiumetspes-blog.pl\/?p=18336"},"modified":"2020-12-28T09:05:55","modified_gmt":"2020-12-28T08:05:55","slug":"droga-swiatlosci","status":"publish","type":"post","link":"https:\/\/gaudiumetspes-blog.pl\/index.php\/2020\/12\/28\/droga-swiatlosci\/","title":{"rendered":"Droga \u015bwiat\u0142o\u015bci"},"content":{"rendered":"<p align=\"justify\"><span style=\"color: #000000;\"><span style=\"font-family: Book Antiqua, serif;\"><span style=\"font-size: large;\">Szcz\u0119\u015b\u0107 Bo\u017ce! Moi Drodzy, w dniu dzisiejszym <b>imieniny prze\u017cywa Ojciec Cezary Szcze\u015bniak, kapucyn, nale\u017c\u0105cy w swoim czasie do jednej z <\/b><b>moich <\/b><b>m\u0142odzie\u017cowych Wsp\u00f3lnot. \u017bycz\u0119 <\/b><b>Solenizantowi post\u0119powania przez ca\u0142e \u017cycie tylko drog\u0105 \u015bwiat\u0142o\u015bci. I zapewniam o modlitwie!<\/b><\/span><\/span><\/span><\/p>\n<p align=\"justify\"><span style=\"color: #000000;\"><span style=\"font-family: Book Antiqua, serif;\"><span style=\"font-size: large;\">A ja dzisiaj wieczorem udam si\u0119 do Kodnia, gdzie zamierzam \u201epomieszka\u0107\u201d do Sylwestra. Oczywi\u015bcie, b\u0119d\u0119 normalnie funkcjonowa\u0142 \u2013 to nie b\u0119d\u0105 \u017cadne rekolekcje \u2013 dlatego pojad\u0119 na dy\u017cur spowiedniczy do Katedry i inne zadania b\u0119d\u0119 wype\u0142nia\u0142, ale moj\u0105 baz\u0105 pozostanie Kode\u0144. Tam codziennie \u2013 szczeg\u00f3lnie w czasie nocnych rozm\u00f3w z Matk\u0105 w klasztornej Kaplicy \u2013 b\u0119d\u0119 pami\u0119ta\u0142 tak\u017ce o Was. W tych dniach tak\u017ce odprawi\u0119 Msz\u0119 \u015awi\u0119t\u0105 w intencji Wszystkich \u017cyczliwych, kt\u00f3rzy przy okazji \u015awi\u0105t pospieszyli z \u017cyczeniami i modlitw\u0105. <\/span><\/span><\/span><\/p>\n<p align=\"justify\"><span style=\"color: #000000;\"><span style=\"font-family: Book Antiqua, serif;\"><span style=\"font-size: large;\">Teraz za\u015b zapraszam do pochylenia si\u0119 nad dzisiejszym Bo\u017cym s\u0142owem. Niech Duch \u015awi\u0119ty o\u015bwieci nas i natchnie, by\u015bmy odkryli to<b> jedyne i konkretne przes\u0142anie, z jakim Pan zwraca si\u0119 do mnie osobi\u015bcie.<\/b><\/span><\/span><\/span><\/p>\n<p align=\"justify\"><span style=\"color: #000000;\"><span style=\"font-family: Book Antiqua, serif;\"><span style=\"font-size: large;\"><b>Niech Was b\u0142ogos\u0142awi B\u00f3g Wszechmog\u0105cy: Ojciec + i Syn, i Duch \u015awi\u0119ty. Amen<\/b><\/span><\/span><\/span><\/p>\n<p align=\"center\"><span style=\"color: #000000;\"><span style=\"font-family: Book Antiqua, serif;\"><span style=\"font-size: large;\">Gaudium et spes! Ks. Jacek<\/span><\/span><\/span><\/p>\n<p align=\"center\">\n<p align=\"center\">\n<p align=\"center\">\n<p align=\"center\">\n<p align=\"center\">\n<p align=\"justify\"><span style=\"color: #000000;\"><span style=\"font-family: Book Antiqua, serif;\"><span style=\"font-size: large;\"><b>\u015awi\u0119to \u015awi\u0119tych M\u0142odziank\u00f3w, M\u0119czennik\u00f3w,<\/b><\/span><\/span><\/span><\/p>\n<p align=\"justify\"><span style=\"color: #000000;\"><span style=\"font-family: Book Antiqua, serif;\"><span style=\"font-size: large;\"><b>28 grudnia 2020.,<\/b><\/span><\/span><\/span><\/p>\n<p align=\"justify\"><span style=\"color: #000000;\"><span style=\"font-family: Book Antiqua, serif;\"><span style=\"font-size: large;\"><b>do czyta\u0144 z t. VI Lekcjonarza: 1 J 1,5\u20132,2; Mt 2,13\u201318<\/b><\/span><\/span><\/span><\/p>\n<p align=\"justify\">\n<p align=\"justify\">\n<p align=\"justify\">\n<p align=\"justify\">\n<p align=\"justify\">\n<p align=\"justify\"><span style=\"color: #000000;\"><span style=\"font-family: Book Antiqua, serif;\"><span style=\"font-size: large;\"><b>CZYTANIE Z PIERWSZEGO LISTU \u015aWI\u0118TEGO JANA APOSTO\u0141A: <\/b><\/span><\/span><\/span><\/p>\n<p align=\"justify\"><span style=\"color: #000000;\"><span style=\"font-family: Book Antiqua, serif;\"><span style=\"font-size: large;\"><b>Umi\u0142owani: Nowina, kt\u00f3r\u0105 us\u0142yszeli\u015bmy od Jezusa Chrystusa i kt\u00f3r\u0105 wam g\u0142osimy, jest taka: B\u00f3g jest \u015bwiat\u0142o\u015bci\u0105, a nie ma w Nim \u017cadnej ciemno\u015bci. Je\u017celi m\u00f3wimy, \u017ce mamy z Nim wsp\u00f3\u0142uczestnictwo, a chodzimy w ciemno\u015bci, k\u0142amiemy i nie post\u0119pujemy zgodnie z prawd\u0105. Je\u017celi za\u015b chodzimy w \u015bwiat\u0142o\u015bci, tak jak On sam trwa w \u015bwiat\u0142o\u015bci, wtedy mamy jedni z drugimi wsp\u00f3\u0142uczestnictwo, a krew Jezusa, Syna Jego, oczyszcza nas z wszelkiego grzechu. <\/b><\/span><\/span><\/span><\/p>\n<p align=\"justify\"><span style=\"color: #000000;\"><span style=\"font-family: Book Antiqua, serif;\"><span style=\"font-size: large;\"><b>Je\u015bli m\u00f3wimy, \u017ce nie mamy grzechu, to samych siebie oszukujemy i nie ma w nas prawdy. Je\u017celi wyznajemy nasze grzechy, B\u00f3g b\u0119d\u0105c wiernym i sprawiedliwym odpu\u015bci je nam i oczy\u015bci nas z wszelkiej nieprawo\u015bci. Je\u015bli powiemy, \u017ce nie zgrzeszyli\u015bmy, czynimy Go k\u0142amc\u0105 i nie ma w nas Jego nauki. <\/b><\/span><\/span><\/span><\/p>\n<p align=\"justify\"><span style=\"color: #000000;\"><span style=\"font-family: Book Antiqua, serif;\"><span style=\"font-size: large;\"><b>Dzieci moje, pisz\u0119 wam to dlatego, \u017ceby\u015bcie nie grzeszyli. Je\u015bliby nawet kto\u015b zgrzeszy\u0142, mamy Rzecznika wobec Ojca, Jezusa Chrystusa sprawiedliwego. On bowiem jest ofiar\u0105 przeb\u0142agaln\u0105 za nasze grzechy, i nie tylko za nasze, lecz r\u00f3wnie\u017c za grzechy ca\u0142ego \u015bwiata.<\/b><\/span><\/span><\/span><\/p>\n<p align=\"justify\">\n<p align=\"justify\">\n<p align=\"justify\">\n<p align=\"justify\">\n<p align=\"justify\">\n<p align=\"justify\"><span style=\"color: #000000;\"><span style=\"font-family: Book Antiqua, serif;\"><span style=\"font-size: large;\"><b>S\u0141OWA EWANGELII WED\u0141UG \u015aWI\u0118TEGO MATEUSZA: <\/b><\/span><\/span><\/span><\/p>\n<p align=\"justify\"><span style=\"color: #000000;\"><span style=\"font-family: Book Antiqua, serif;\"><span style=\"font-size: large;\"><b>Gdy M\u0119drcy odjechali, oto anio\u0142 Pa\u0144ski ukaza\u0142 si\u0119 J\u00f3zefowi we \u015bnie i rzek\u0142: \u201eWsta\u0144, we\u017a Dzieci\u0119 i Jego Matk\u0119 i uchod\u017a do Egiptu; pozosta\u0144 tam, a\u017c ci powiem; bo Herod b\u0119dzie szuka\u0142 Dzieci\u0119cia, aby Je zg\u0142adzi\u0107\u201d. <\/b><\/span><\/span><\/span><\/p>\n<p align=\"justify\"><span style=\"color: #000000;\"><span style=\"font-family: Book Antiqua, serif;\"><span style=\"font-size: large;\"><b>On wsta\u0142, wzi\u0105\u0142 w nocy Dzieci\u0119 i Jego Matk\u0119 i uda\u0142 si\u0119 do Egiptu; tam pozosta\u0142 a\u017c do \u015bmierci Heroda. Tak mia\u0142o si\u0119 spe\u0142ni\u0107 s\u0142owo, kt\u00f3re Pan powiedzia\u0142 przez Proroka: \u201eZ Egiptu wezwa\u0142em Syna mego\u201d. <\/b><\/span><\/span><\/span><\/p>\n<p align=\"justify\"><span style=\"color: #000000;\"><span style=\"font-family: Book Antiqua, serif;\"><span style=\"font-size: large;\"><b>Wtedy Herod widz\u0105c, \u017ce go M\u0119drcy zawiedli, wpad\u0142 w straszny gniew. Pos\u0142a\u0142 oprawc\u00f3w do Betlejem i ca\u0142ej okolicy i kaza\u0142 pozabija\u0107 wszystkich ch\u0142opc\u00f3w w wieku do dw\u00f3ch lat, stosownie do czasu, o kt\u00f3rym si\u0119 dowiedzia\u0142 od M\u0119drc\u00f3w. <\/b><\/span><\/span><\/span><\/p>\n<p align=\"justify\"><span style=\"color: #000000;\"><span style=\"font-family: Book Antiqua, serif;\"><span style=\"font-size: large;\"><b>Wtedy spe\u0142ni\u0142y si\u0119 s\u0142owa proroka Jeremiasza: \u201eKrzyk us\u0142yszano w Rama, p\u0142acz i j\u0119k wielki. Rachel op\u0142akuje swe dzieci i nie chce utuli\u0107 si\u0119 w \u017calu, bo ich ju\u017c nie ma\u201d.<\/b><\/span><\/span><\/span><\/p>\n<p align=\"justify\">\n<p align=\"justify\">\n<p align=\"justify\">\n<p align=\"justify\">\n<p align=\"justify\">\n<p align=\"justify\"><span style=\"color: #000000;\"><span style=\"font-size: large;\"><span style=\"font-family: Book Antiqua, serif;\">Dwuletnim, a nawet m\u0142odszym ch\u0142opcom, zamordowanym w Betlejem i okolicy na rozkaz kr\u00f3la Heroda, \u015awi\u0119ci Ireneusz, Cyprian i Augustyn oraz inni Ojcowie Ko\u015bcio\u0142a <\/span><span style=\"font-family: Book Antiqua, serif;\"><b>nadali tytu\u0142 M\u0119czennik\u00f3w. <\/b><\/span><span style=\"font-family: Book Antiqua, serif;\">Ich kult datuje si\u0119 od I wieku po narodzinach Chrystusa. <\/span><\/span><\/span><\/p>\n<p align=\"justify\"><span style=\"color: #000000;\"><span style=\"font-size: large;\"><span style=\"font-family: Book Antiqua, serif;\">W\u015br\u00f3d Ewangelist\u00f3w jedynie \u015awi\u0119ty Mateusz przekaza\u0142 nam informacj\u0119 o tym wydarzeniu. Dekret \u015bmierci dla Niemowl\u0105t wyda\u0142 Herod Wielki, kr\u00f3l \u017cydowski, <\/span><span style=\"font-family: Book Antiqua, serif;\"><b>kiedy dowiedzia\u0142 si\u0119 od Mag\u00f3w, \u017ce narodzi\u0142 si\u0119 Mesjasz,<\/b><\/span><span style=\"font-family: Book Antiqua, serif;\"> oczekiwany przez nar\u00f3d \u017cydowski. <\/span><span style=\"font-family: Book Antiqua, serif;\">W obawie, by Jezus nie odebra\u0142 mu i jego potomkom panowania, chcia\u0142 <\/span><span style=\"font-family: Book Antiqua, serif;\">si\u0119 Go <\/span><span style=\"font-family: Book Antiqua, serif;\">w tak podst\u0119pny spos\u00f3b pozby\u0107.<\/span><\/span><\/span><\/p>\n<p align=\"justify\"><span style=\"color: #000000;\"><span style=\"font-size: large;\"><span style=\"font-family: Book Antiqua, serif;\">Za czas\u00f3w Heroda panowa\u0142o bowiem przekonanie, \u017ce <\/span><span style=\"font-family: Book Antiqua, serif;\"><b>wszystko w pa\u0144stwie jest w\u0142asno\u015bci\u0105 w\u0142adcy, tak\u017ce ludzie, nad kt\u00f3rymi ma prawo \u017cycia i \u015bmierci.<\/b><\/span><span style=\"font-family: Book Antiqua, serif;\"> Je\u015bli mu stoj\u0105 na przeszkodzie, zagra\u017caj\u0105 jego \u017cyciu lub panowaniu, mo\u017ce bez skrupu\u0142\u00f3w, w spos\u00f3b gwa\u0142towny, pozby\u0107 si\u0119 ich. A historia potwierdza, \u017ce <\/span><span style=\"font-family: Book Antiqua, serif;\"><b>Herod by\u0142 wyj\u0105tkowo ambitny, chciwy w\u0142adzy i podejrzliwy. <\/b><\/span><span style=\"font-family: Book Antiqua, serif;\">Sam bowiem doszed\u0142 do tronu \u201epo trupach\u201d i tylko dzi\u0119ki terrorowi utrzymywa\u0142 si\u0119 u w\u0142adzy. <\/span><\/span><\/span><\/p>\n<p align=\"justify\"><span style=\"color: #000000;\"><span style=\"font-size: large;\"><span style=\"font-family: Book Antiqua, serif;\">By\u0142 synem Antypatra, wodza Idumei. <\/span><span style=\"font-family: Book Antiqua, serif;\"><b>Za cel postawi\u0142 sobie panowanie.<\/b><\/span><span style=\"font-family: Book Antiqua, serif;\"> Dlatego odda\u0142 si\u0119 w ca\u0142kowit\u0105 s\u0142u\u017cb\u0119 Rzymianom. Dzi\u0119ki nim, jako poganin, otrzyma\u0142 <\/span><span style=\"font-family: Book Antiqua, serif;\">w\u0142adz\u0119<\/span><span style=\"font-family: Book Antiqua, serif;\"> nad Ziemi\u0105 \u015awi\u0119t\u0105 i narodem \u017cydowskim z tytu\u0142em kr\u00f3la. <\/span><span style=\"font-family: Book Antiqua, serif;\"><b>Wymordowa\u0142 \u017cydowsk\u0105 rodzin\u0119 kr\u00f3lewsk\u0105, kt\u00f3ra panowa\u0142a nad narodem przed nim:<\/b><\/span><span style=\"font-family: Book Antiqua, serif;\"> Hirkana II, swojego te\u015bcia, a tak\u017ce swoj\u0105 \u017con\u0119, szwagra, trzech swoich syn\u00f3w i wielu innych, jak to szczeg\u00f3\u0142owo opisuje \u017cyj\u0105cy oko\u0142o siedemdziesi\u0105t lat po nim <\/span><span style=\"font-family: Book Antiqua, serif;\"><b>historyk \u017cydowski, J\u00f3zef Flawiusz,<\/b><\/span><span style=\"font-family: Book Antiqua, serif;\"> w dziele pod tytu\u0142em \u201eDawne dzieje Izraela\u201d. <\/span><\/span><\/span><\/p>\n<p align=\"justify\"><span style=\"color: #000000;\"><span style=\"font-size: large;\"><span style=\"font-family: Book Antiqua, serif;\">Jeszcze przed sam\u0105 swoj\u0105 \u015bmierci\u0105, <\/span><span style=\"font-family: Book Antiqua, serif;\"><b>by nie da\u0107 \u017bydom powodu do rado\u015bci,<\/b><\/span><span style=\"font-family: Book Antiqua, serif;\"> ale by im wycisn\u0105\u0107 \u0142zy i upami\u0119tni\u0107 w ten spos\u00f3b sw\u00f3j zgon, rozkaza\u0142 Herod dow\u00f3dcy wojska zebra\u0107 na stadionie sportowym w Jerychu najprzedniejszych obywateli \u017cydowskich i na wiadomo\u015b\u0107 o jego \u015bmierci, wszystkich zg\u0142adzi\u0107. <\/span><span style=\"font-family: Book Antiqua, serif;\"><b>Nie wykonano \u2013 na<\/b><\/span> <span style=\"font-family: Book Antiqua, serif;\"><b>szcz\u0119\u015bcie \u2013 tego polecenia.<\/b><\/span><span style=\"font-family: Book Antiqua, serif;\"> Te fakty i wiele innych wskazuj\u0105, kim by\u0142 Herod i czym by\u0142o dla takiego okrutnika pozbawienie \u017cycia kilkudziesi\u0119ciu niemowl\u0105t. To chyba o takich, jak on, \u015awi\u0119ty Jan m\u00f3wi dzi\u015b w pierwszym czytaniu jako o tych, <\/span><span style=\"font-family: Book Antiqua, serif;\"><b>kt\u00f3rzy post\u0119puj\u0105 w ciemno\u015bci. <\/b><\/span><\/span><\/span><\/p>\n<p align=\"justify\"><span style=\"color: #000000;\"><span style=\"font-size: large;\"><span style=\"font-family: Book Antiqua, serif;\">Tymczasem bibli\u015bci zastanawiaj\u0105 si\u0119 nad tym, <\/span><span style=\"font-family: Book Antiqua, serif;\"><b>ile mog\u0142o by\u0107 owych ma\u0142ych dzieci?<\/b><\/span><span style=\"font-family: Book Antiqua, serif;\"> Betlejem w owych czasach mog\u0142o liczy\u0107 oko\u0142o tysi\u0105ca mieszka\u0144c\u00f3w. Niemowl\u0105t do dw\u00f3ch lat w takiej sytuacji mog\u0142o by\u0107 najwy\u017cej oko\u0142o stu \u2013 <\/span><span style=\"font-family: Book Antiqua, serif;\"><b>ch\u0142opc\u00f3w zatem oko\u0142o pi\u0119\u0107dziesi\u0119ciu.<\/b><\/span><span style=\"font-family: Book Antiqua, serif;\"> Jest to cyfra raczej maksymalna i trzeba j\u0105 prawdopodobnie zani\u017cy\u0107. Szczeg\u00f3\u0142, \u017ce Herod oznaczy\u0142 wiek Niemowl\u0105t skazanych na \u015bmier\u0107, jest dla nas o tyle cenny, \u017ce <\/span><span style=\"font-family: Book Antiqua, serif;\"><b>pozwala nam w przybli\u017ceniu okre\u015bli\u0107 czas narodzenia Pana Jezusa. <\/b><\/span><span style=\"font-family: Book Antiqua, serif;\">Pan Jezus m\u00f3g\u0142 mie\u0107 ju\u017c oko\u0142o roku. Herod wola\u0142 dla wszelkiej pewno\u015bci <\/span><span style=\"font-family: Book Antiqua, serif;\"><b>zawy\u017cy\u0107 wiek ofiar.<\/b><\/span><\/span><\/span><\/p>\n<p align=\"justify\"><span style=\"color: #000000;\"><span style=\"font-size: large;\"><span style=\"font-family: Book Antiqua, serif;\">Czczeni jako <\/span><span style=\"font-family: Book Antiqua, serif;\">\u201e<\/span><span style=\"font-family: Book Antiqua, serif;\">pierwiosnki m\u0119cze\u0144stwa\u201d M\u0142odziankowie nie z\u0142o\u017cyli \u017cycia <\/span><span style=\"font-family: Book Antiqua, serif;\"><b>za Chrystusa, ale niew\u0105tpliwie z Jego powodu.<\/b><\/span><span style=\"font-family: Book Antiqua, serif;\"> Zatriumfowali nad \u015bwiatem i zyskali koron\u0119 m\u0119cze\u0144stwa, nie do\u015bwiadczywszy z\u0142a tego \u015bwiata, pokus cia\u0142a i podszept\u00f3w szatana.<\/span><\/span><\/span><\/p>\n<p align=\"justify\"><span style=\"color: #000000;\"><span style=\"font-size: large;\"><span style=\"font-family: Book Antiqua, serif;\">A <\/span><span style=\"font-family: Book Antiqua, serif;\">w\u0142a\u015bnie o takim <\/span><span style=\"font-family: Book Antiqua, serif;\"><b>zmaganiu si\u0119 z szatanem<\/b><\/span><span style=\"font-family: Book Antiqua, serif;\"> i jego zakusami, s\u0142yszymy w pierwszym dzisiejszym czytaniu. \u015awi\u0119ty Jan Aposto\u0142 ukazuje nam swoiste zderzenie \u015bwiat\u0142a z ciemno\u015bci\u0105, gdy pisze: <\/span><span style=\"font-family: Book Antiqua, serif;\"><i><b>B\u00f3g jest \u015bwiat\u0142o\u015bci\u0105, a nie ma w Nim \u017cadnej ciemno\u015bci. Je\u017celi m\u00f3wimy, \u017ce mamy z Nim wsp\u00f3\u0142uczestnictwo, a chodzimy w ciemno\u015bci, k\u0142amiemy i nie post\u0119pujemy zgodnie z prawd\u0105. Je\u017celi za\u015b chodzimy w \u015bwiat\u0142o\u015bci, tak jak On sam trwa w \u015bwiat\u0142o\u015bci, wtedy mamy jedni z drugimi wsp\u00f3\u0142uczestnictwo, a krew Jezusa, Syna Jego, oczyszcza nas z wszelkiego grzechu.<\/b><\/i><\/span><b> <\/b><\/span><\/span><\/p>\n<p align=\"justify\"><span style=\"color: #000000;\"><span style=\"font-size: large;\"><span style=\"font-family: Book Antiqua, serif;\">Zatem, to B\u00f3g jedyny jest prawdziw\u0105 \u015bwiat\u0142o\u015bci\u0105, dlatego \u017cyj\u0105 i post\u0119puj\u0105 w \u015bwiat\u0142o\u015bci<\/span><span style=\"font-family: Book Antiqua, serif;\"><b> jedynie ci, kt\u00f3rzy \u017cyj\u0105 w Bogu.<\/b><\/span><span style=\"font-family: Book Antiqua, serif;\"> Poza Bogiem \u2013 nie da si\u0119 \u017cy\u0107 w \u015bwiat\u0142o\u015bci, bo tam panuje <\/span><span style=\"font-family: Book Antiqua, serif;\"><b>tylko<\/b><\/span><span style=\"font-family: Book Antiqua, serif;\"><b> ciemno\u015b\u0107,<\/b><\/span><span style=\"font-family: Book Antiqua, serif;\"> kt\u00f3rego czytelnym znakiem i wyrazem <\/span><span style=\"font-family: Book Antiqua, serif;\"><b>jest grzech.<\/b><\/span><span style=\"font-family: Book Antiqua, serif;\"> Jan Aposto\u0142 stwierdza dobitnie i kategorycznie: <\/span><span style=\"font-family: Book Antiqua, serif;\"><i><b>Je\u015bli m\u00f3wimy, \u017ce nie mamy grzechu, to samych siebie oszukujemy i nie ma w nas prawdy. Je\u017celi wyznajemy nasze grzechy, B\u00f3g b\u0119d\u0105c wiernym i sprawiedliwym odpu\u015bci je nam i oczy\u015bci nas z wszelkiej nieprawo\u015bci. Je\u015bli powiemy, \u017ce nie zgrzeszyli\u015bmy, czynimy Go k\u0142amc\u0105 i nie ma w nas Jego nauki.<\/b><\/i><\/span><b> <\/b><\/span><\/span><\/p>\n<p align=\"justify\"><span style=\"color: #000000;\"><span style=\"font-size: large;\"><span style=\"font-family: Book Antiqua, serif;\">Mowa <\/span><span style=\"font-family: Book Antiqua, serif;\">tu <\/span><span style=\"font-family: Book Antiqua, serif;\">zatem o ci\u0105g\u0142ym naszym <\/span><span style=\"font-family: Book Antiqua, serif;\"><b>d\u0105\u017ceniu do \u015bwiat\u0142a<\/b><\/span><span style=\"font-family: Book Antiqua, serif;\"> \u2013 poprzez uznawanie w sobie grzechu, przyznawanie si\u0119 do niego i pokonywanie go w sobie. Je\u017celi natomiast kto\u015b uwa\u017ca\u0142by, \u017ce \u017cadnego grzechu nie pope\u0142ni\u0142 i nie pope\u0142nia, <\/span><span style=\"font-family: Book Antiqua, serif;\"><b>jest po prostu k\u0142amc\u0105. I trwa w ciemno\u015bci.<\/b><\/span> <\/span><\/span><\/p>\n<p align=\"justify\"><span style=\"color: #000000;\"><span style=\"font-size: large;\"><span style=\"font-family: Book Antiqua, serif;\">Oczywi\u015bcie, cz\u0142owiekowi z regu\u0142y \u0142atwiej jest <\/span><span style=\"font-family: Book Antiqua, serif;\"><b>udawa\u0107 doskona\u0142ego<\/b><\/span><span style=\"font-family: Book Antiqua, serif;\"> i wmawia\u0107 sobie samemu i wszystkim wok\u00f3\u0142, \u017ce jest wr\u0119cz doskona\u0142ym, t\u0142umacz\u0105c r\u00f3\u017cne swoje ciemne sprawki na tysi\u0105c sposob\u00f3w. Tymczasem <\/span><span style=\"font-family: Book Antiqua, serif;\"><b>o wiele prostszym i skuteczniejszym<\/b><\/span><span style=\"font-family: Book Antiqua, serif;\"> jest rozwi\u0105zanie, kt\u00f3re proponuje nam Aposto\u0142: przyzna\u0107 si\u0119 do grzechu, wyzna\u0107 go, pozby\u0107 si\u0119 go \u2013 <\/span><span style=\"font-family: Book Antiqua, serif;\"><b>i \u017cy\u0107 w \u015bwiat\u0142o\u015bci. <\/b><\/span><span style=\"font-family: Book Antiqua, serif;\">Proste i jasne rozwi\u0105zanie! Czemu zatem <\/span><span style=\"font-family: Book Antiqua, serif;\"><b>takie trudne<\/b><\/span><span style=\"font-family: Book Antiqua, serif;\"> do zastosowania dla wielu z nas?\u2026 <\/span><\/span><\/span><\/p>\n<p align=\"justify\"><span style=\"color: #000000;\"><span style=\"font-size: large;\"><span style=\"font-family: Book Antiqua, serif;\">A przecie\u017c, kiedy si\u0119 brnie w grzech, to sytuacja <\/span><span style=\"font-family: Book Antiqua, serif;\">jedynie si\u0119 pogarsza i <\/span><span style=\"font-family: Book Antiqua, serif;\"><b>cz\u0142owiek coraz bardziej si\u0119 pogr\u0105\u017ca,<\/b><\/span><span style=\"font-family: Book Antiqua, serif;\"> bo jedno z\u0142o poci\u0105ga zaraz nast\u0119pne i dlatego \u2013 nie chc\u0105c si\u0119 z tego wycofa\u0107 \u2013 musi <\/span><span style=\"font-family: Book Antiqua, serif;\">on <\/span><span style=\"font-family: Book Antiqua, serif;\">pope\u0142nia\u0107 on kolejne z\u0142o, <\/span><span style=\"font-family: Book Antiqua, serif;\"><b>brn\u0105c coraz bardziej w absurd! <\/b><\/span><span style=\"font-family: Book Antiqua, serif;\">Doskonale widzimy to na przyk\u0142adzie <\/span><span style=\"font-family: Book Antiqua, serif;\"><b>postawy Heroda, <\/b><\/span><span style=\"font-family: Book Antiqua, serif;\">ukazanej w kr\u00f3tkim \u017cyciorysie, a szczeg\u00f3lnie \u2013 w dzisiejszej Ewangelii, opisuj\u0105cej dramatyczne wydarzenia, kt\u00f3re dzi\u015b wspominamy. <\/span><\/span><\/span><\/p>\n<p align=\"justify\"><span style=\"color: #000000;\"><span style=\"font-size: large;\"><span style=\"font-family: Book Antiqua, serif;\">Herod m\u00f3g\u0142 ca\u0142\u0105 spraw\u0119 rozegra\u0107 zupe\u0142nie inaczej. No tak, ale wtedy musia\u0142by <\/span><span style=\"font-family: Book Antiqua, serif;\"><b>uzna\u0107, \u017ce nie jest pe\u0142ni\u0105 wszystkiego<\/b><\/span><span style=\"font-family: Book Antiqua, serif;\"> i \u017ce jest kto\u015b nad nim. Chocia\u017cby B\u00f3g\u2026 Herod jednak nikogo nad sob\u0105 nie uznawa\u0142 i dlatego doprowadzi\u0142 do tak dramatycznych rozstrzygni\u0119\u0107. <\/span><\/span><\/span><\/p>\n<p align=\"justify\"><span style=\"color: #000000;\"><span style=\"font-size: large;\"><span style=\"font-family: Book Antiqua, serif;\">Moi Drodzy, jest to dla nas jasne wskazanie i mocna zach\u0119ta, \u017ceby\u015bmy si\u0119 <\/span><span style=\"font-family: Book Antiqua, serif;\"><b>jak najszybciej wycofywali ze z\u0142a i grzechu, <\/b><\/span><span style=\"font-family: Book Antiqua, serif;\">w jakie przydarzy\u0142o nam si\u0119 wej\u015b\u0107 <\/span><span style=\"font-family: Book Antiqua, serif;\">(\u017ceby nie powiedzie\u0107: wdepn\u0105\u0107) <\/span><span style=\"font-family: Book Antiqua, serif;\">\u2013 \u017ceby\u015bmy <\/span><span style=\"font-family: Book Antiqua, serif;\"><b>nie oszukiwali samych siebie,<\/b><\/span><span style=\"font-family: Book Antiqua, serif;\"> t\u0142umacz\u0105c swoje niegodziwo\u015bci na tysi\u0105c sposob\u00f3w (bo, rzecz jasna, wszystko da si\u0119 jako\u015b wyt\u0142umaczy\u0107, tylko czy o to akurat na pewno chodzi?\u2026), ale jak najszybciej <\/span><span style=\"font-family: Book Antiqua, serif;\"><b>ratowali si\u0119 <\/b><\/span><span style=\"font-family: Book Antiqua, serif;\"><b>od<\/b><\/span><span style=\"font-family: Book Antiqua, serif;\"><b> z\u0142a! Uciekali od niego! <\/b><\/span><span style=\"font-family: Book Antiqua, serif;\">Ratowali swoj\u0105 dusz\u0119! <\/span><\/span><\/span><\/p>\n<p align=\"justify\"><span style=\"color: #000000;\"><span style=\"font-size: large;\"><span style=\"font-family: Book Antiqua, serif;\">Bo ze z\u0142em nie mo\u017cna paktowa\u0107! Z grzechem nie ma \u017cadnych kompromis\u00f3w! \u017badnych! <\/span><span style=\"font-family: Book Antiqua, serif;\"><b>Z szatanem \u2013 \u017cadnych uk\u0142ad\u00f3w!<\/b><\/span><span style=\"font-family: Book Antiqua, serif;\"><b> Nigdy i pod \u017cadnym pozorem!<\/b><\/span> <span style=\"font-family: Book Antiqua, serif;\">Dramat Dzieci betlejemskich \u2013 a tak naprawd\u0119: dramat Heroda \u2013 pokazuje nam, \u017ce jedyn\u0105 sensown\u0105 drog\u0105 przez \u017cycie jest <\/span><span style=\"font-family: Book Antiqua, serif;\"><b>droga \u015bwiat\u0142o\u015bci,<\/b><\/span><span style=\"font-family: Book Antiqua, serif;\"> kt\u00f3ra domaga si\u0119 pokory w przyznaniu si\u0119 do pope\u0142nianego przez siebie grzechu, ale potem jest ju\u017c tylko <\/span><span style=\"font-family: Book Antiqua, serif;\"><b>drog\u0105 szcz\u0119\u015bcia i rado\u015bci.<\/b><\/span><span style=\"font-family: Book Antiqua, serif;\"> Brni\u0119cie za\u015b w grzech i t\u0142umaczenie go na tysi\u0105c sposob\u00f3w \u2013 prowadzi do nieszcz\u0119\u015bcia. <\/span><\/span><\/span><\/p>\n<p align=\"justify\"><span style=\"color: #000000;\"><span style=\"font-size: large;\"><span style=\"font-family: Book Antiqua, serif;\">C<\/span><span style=\"font-family: Book Antiqua, serif;\">zy mam odwag\u0119 szybko i zdecydowanie pokonywa\u0107 w sobie z\u0142o i <\/span><span style=\"font-family: Book Antiqua, serif;\"><b>kierowa\u0107 ca\u0142e swoje serce ku \u015bwiat\u0142u?\u2026<\/b><\/span><\/span><\/span><\/p>\n","protected":false},"excerpt":{"rendered":"<p>Szcz\u0119\u015b\u0107 Bo\u017ce! Moi Drodzy, w dniu dzisiejszym imieniny prze\u017cywa Ojciec Cezary Szcze\u015bniak, kapucyn, nale\u017c\u0105cy w swoim czasie do jednej z moich m\u0142odzie\u017cowych Wsp\u00f3lnot. \u017bycz\u0119 Solenizantowi post\u0119powania przez ca\u0142e \u017cycie tylko drog\u0105 \u015bwiat\u0142o\u015bci. I zapewniam o modlitwie! A ja dzisiaj wieczorem udam si\u0119 do Kodnia, gdzie zamierzam \u201epomieszka\u0107\u201d do Sylwestra. Oczywi\u015bcie, b\u0119d\u0119 normalnie funkcjonowa\u0142 \u2013 to [&hellip;]<\/p>\n","protected":false},"author":1,"featured_media":0,"comment_status":"open","ping_status":"open","sticky":false,"template":"","format":"standard","meta":{"jetpack_post_was_ever_published":false,"_jetpack_newsletter_access":"","_jetpack_dont_email_post_to_subs":false,"_jetpack_newsletter_tier_id":0,"_jetpack_memberships_contains_paywalled_content":false,"_jetpack_memberships_contains_paid_content":false,"footnotes":""},"categories":[1],"tags":[],"class_list":["post-18336","post","type-post","status-publish","format-standard","hentry","category-bez-kategorii"],"yoast_head":"<!-- This site is optimized with the Yoast SEO plugin v25.1 - https:\/\/yoast.com\/wordpress\/plugins\/seo\/ -->\n<title>Droga \u015bwiat\u0142o\u015bci - Gaudium Et Spes<\/title>\n<meta name=\"robots\" content=\"index, follow, max-snippet:-1, max-image-preview:large, max-video-preview:-1\" \/>\n<link rel=\"canonical\" href=\"https:\/\/gaudiumetspes-blog.pl\/index.php\/2020\/12\/28\/droga-swiatlosci\/\" \/>\n<meta property=\"og:locale\" content=\"pl_PL\" \/>\n<meta property=\"og:type\" content=\"article\" \/>\n<meta property=\"og:title\" content=\"Droga \u015bwiat\u0142o\u015bci - Gaudium Et Spes\" \/>\n<meta property=\"og:description\" content=\"Szcz\u0119\u015b\u0107 Bo\u017ce! Moi Drodzy, w dniu dzisiejszym imieniny prze\u017cywa Ojciec Cezary Szcze\u015bniak, kapucyn, nale\u017c\u0105cy w swoim czasie do jednej z moich m\u0142odzie\u017cowych Wsp\u00f3lnot. \u017bycz\u0119 Solenizantowi post\u0119powania przez ca\u0142e \u017cycie tylko drog\u0105 \u015bwiat\u0142o\u015bci. I zapewniam o modlitwie! A ja dzisiaj wieczorem udam si\u0119 do Kodnia, gdzie zamierzam \u201epomieszka\u0107\u201d do Sylwestra. Oczywi\u015bcie, b\u0119d\u0119 normalnie funkcjonowa\u0142 \u2013 to [&hellip;]\" \/>\n<meta property=\"og:url\" content=\"https:\/\/gaudiumetspes-blog.pl\/index.php\/2020\/12\/28\/droga-swiatlosci\/\" \/>\n<meta property=\"og:site_name\" content=\"Gaudium Et Spes\" \/>\n<meta property=\"article:published_time\" content=\"2020-12-28T08:05:55+00:00\" \/>\n<meta name=\"author\" content=\"Ks. Jacek\" \/>\n<meta name=\"twitter:card\" content=\"summary_large_image\" \/>\n<meta name=\"twitter:label1\" content=\"Napisane przez\" \/>\n\t<meta name=\"twitter:data1\" content=\"Ks. Jacek\" \/>\n\t<meta name=\"twitter:label2\" content=\"Szacowany czas czytania\" \/>\n\t<meta name=\"twitter:data2\" content=\"9 minut\" \/>\n<script type=\"application\/ld+json\" class=\"yoast-schema-graph\">{\"@context\":\"https:\/\/schema.org\",\"@graph\":[{\"@type\":\"WebPage\",\"@id\":\"https:\/\/gaudiumetspes-blog.pl\/index.php\/2020\/12\/28\/droga-swiatlosci\/\",\"url\":\"https:\/\/gaudiumetspes-blog.pl\/index.php\/2020\/12\/28\/droga-swiatlosci\/\",\"name\":\"Droga \u015bwiat\u0142o\u015bci - Gaudium Et Spes\",\"isPartOf\":{\"@id\":\"https:\/\/gaudiumetspes-blog.pl\/#website\"},\"datePublished\":\"2020-12-28T08:05:55+00:00\",\"author\":{\"@id\":\"https:\/\/gaudiumetspes-blog.pl\/#\/schema\/person\/1661982992b752dea8dff0d4ed845a65\"},\"breadcrumb\":{\"@id\":\"https:\/\/gaudiumetspes-blog.pl\/index.php\/2020\/12\/28\/droga-swiatlosci\/#breadcrumb\"},\"inLanguage\":\"pl-PL\",\"potentialAction\":[{\"@type\":\"ReadAction\",\"target\":[\"https:\/\/gaudiumetspes-blog.pl\/index.php\/2020\/12\/28\/droga-swiatlosci\/\"]}]},{\"@type\":\"BreadcrumbList\",\"@id\":\"https:\/\/gaudiumetspes-blog.pl\/index.php\/2020\/12\/28\/droga-swiatlosci\/#breadcrumb\",\"itemListElement\":[{\"@type\":\"ListItem\",\"position\":1,\"name\":\"Strona g\u0142\u00f3wna\",\"item\":\"https:\/\/gaudiumetspes-blog.pl\/\"},{\"@type\":\"ListItem\",\"position\":2,\"name\":\"Droga \u015bwiat\u0142o\u015bci\"}]},{\"@type\":\"WebSite\",\"@id\":\"https:\/\/gaudiumetspes-blog.pl\/#website\",\"url\":\"https:\/\/gaudiumetspes-blog.pl\/\",\"name\":\"Gaudium Et Spes\",\"description\":\"Blog Ks. Jacka Ja\u015bkowskiego\",\"potentialAction\":[{\"@type\":\"SearchAction\",\"target\":{\"@type\":\"EntryPoint\",\"urlTemplate\":\"https:\/\/gaudiumetspes-blog.pl\/?s={search_term_string}\"},\"query-input\":{\"@type\":\"PropertyValueSpecification\",\"valueRequired\":true,\"valueName\":\"search_term_string\"}}],\"inLanguage\":\"pl-PL\"},{\"@type\":\"Person\",\"@id\":\"https:\/\/gaudiumetspes-blog.pl\/#\/schema\/person\/1661982992b752dea8dff0d4ed845a65\",\"name\":\"Ks. Jacek\",\"image\":{\"@type\":\"ImageObject\",\"inLanguage\":\"pl-PL\",\"@id\":\"https:\/\/gaudiumetspes-blog.pl\/#\/schema\/person\/image\/\",\"url\":\"https:\/\/gaudiumetspes-blog.pl\/wp-content\/uploads\/2019\/07\/avatar-JJ-150x150.jpg\",\"contentUrl\":\"https:\/\/gaudiumetspes-blog.pl\/wp-content\/uploads\/2019\/07\/avatar-JJ-150x150.jpg\",\"caption\":\"Ks. Jacek\"},\"description\":\"Witam serdecznie! K\u0142ania si\u0119 Ks. Jacek Ja\u015bkowski. Nie jestem ani kim\u015b wa\u017cnym, ani kim\u015b znanym. Jestem ksi\u0119dzem, kt\u00f3ry po prostu chce rozmawia\u0107. Codzienna kap\u0142a\u0144ska pos\u0142uga pokazuje mi, \u017ce temat\u00f3w do rozm\u00f3w z ksi\u0119dzem jest coraz wi\u0119cej i dzisiaj \u017caden ksi\u0105dz nie mo\u017ce od nich ucieka\u0107, ale - wprost przeciwnie - podejmowa\u0107 nowe wyzwania. To przekonanie sk\u0142oni\u0142o mnie do pr\u00f3by otwarcia tego\u017c bloga, chocia\u017c okazji do rozm\u00f3w na co dzie\u0144 - w konfesjonale i poza nim - na szcz\u0119\u015bcie nie brakuje. My\u015bl\u0119 jednak, \u017ce ten blog b\u0119dzie jeszcze jednym sposobem i przestrzeni\u0105 nawi\u0105zania kontaktu z lud\u017ami dobrej woli, otwartymi na dialog.\",\"url\":\"https:\/\/gaudiumetspes-blog.pl\/index.php\/author\/ks-jacek\/\"}]}<\/script>\n<!-- \/ Yoast SEO plugin. -->","yoast_head_json":{"title":"Droga \u015bwiat\u0142o\u015bci - Gaudium Et Spes","robots":{"index":"index","follow":"follow","max-snippet":"max-snippet:-1","max-image-preview":"max-image-preview:large","max-video-preview":"max-video-preview:-1"},"canonical":"https:\/\/gaudiumetspes-blog.pl\/index.php\/2020\/12\/28\/droga-swiatlosci\/","og_locale":"pl_PL","og_type":"article","og_title":"Droga \u015bwiat\u0142o\u015bci - Gaudium Et Spes","og_description":"Szcz\u0119\u015b\u0107 Bo\u017ce! Moi Drodzy, w dniu dzisiejszym imieniny prze\u017cywa Ojciec Cezary Szcze\u015bniak, kapucyn, nale\u017c\u0105cy w swoim czasie do jednej z moich m\u0142odzie\u017cowych Wsp\u00f3lnot. \u017bycz\u0119 Solenizantowi post\u0119powania przez ca\u0142e \u017cycie tylko drog\u0105 \u015bwiat\u0142o\u015bci. I zapewniam o modlitwie! A ja dzisiaj wieczorem udam si\u0119 do Kodnia, gdzie zamierzam \u201epomieszka\u0107\u201d do Sylwestra. Oczywi\u015bcie, b\u0119d\u0119 normalnie funkcjonowa\u0142 \u2013 to [&hellip;]","og_url":"https:\/\/gaudiumetspes-blog.pl\/index.php\/2020\/12\/28\/droga-swiatlosci\/","og_site_name":"Gaudium Et Spes","article_published_time":"2020-12-28T08:05:55+00:00","author":"Ks. Jacek","twitter_card":"summary_large_image","twitter_misc":{"Napisane przez":"Ks. Jacek","Szacowany czas czytania":"9 minut"},"schema":{"@context":"https:\/\/schema.org","@graph":[{"@type":"WebPage","@id":"https:\/\/gaudiumetspes-blog.pl\/index.php\/2020\/12\/28\/droga-swiatlosci\/","url":"https:\/\/gaudiumetspes-blog.pl\/index.php\/2020\/12\/28\/droga-swiatlosci\/","name":"Droga \u015bwiat\u0142o\u015bci - Gaudium Et Spes","isPartOf":{"@id":"https:\/\/gaudiumetspes-blog.pl\/#website"},"datePublished":"2020-12-28T08:05:55+00:00","author":{"@id":"https:\/\/gaudiumetspes-blog.pl\/#\/schema\/person\/1661982992b752dea8dff0d4ed845a65"},"breadcrumb":{"@id":"https:\/\/gaudiumetspes-blog.pl\/index.php\/2020\/12\/28\/droga-swiatlosci\/#breadcrumb"},"inLanguage":"pl-PL","potentialAction":[{"@type":"ReadAction","target":["https:\/\/gaudiumetspes-blog.pl\/index.php\/2020\/12\/28\/droga-swiatlosci\/"]}]},{"@type":"BreadcrumbList","@id":"https:\/\/gaudiumetspes-blog.pl\/index.php\/2020\/12\/28\/droga-swiatlosci\/#breadcrumb","itemListElement":[{"@type":"ListItem","position":1,"name":"Strona g\u0142\u00f3wna","item":"https:\/\/gaudiumetspes-blog.pl\/"},{"@type":"ListItem","position":2,"name":"Droga \u015bwiat\u0142o\u015bci"}]},{"@type":"WebSite","@id":"https:\/\/gaudiumetspes-blog.pl\/#website","url":"https:\/\/gaudiumetspes-blog.pl\/","name":"Gaudium Et Spes","description":"Blog Ks. Jacka Ja\u015bkowskiego","potentialAction":[{"@type":"SearchAction","target":{"@type":"EntryPoint","urlTemplate":"https:\/\/gaudiumetspes-blog.pl\/?s={search_term_string}"},"query-input":{"@type":"PropertyValueSpecification","valueRequired":true,"valueName":"search_term_string"}}],"inLanguage":"pl-PL"},{"@type":"Person","@id":"https:\/\/gaudiumetspes-blog.pl\/#\/schema\/person\/1661982992b752dea8dff0d4ed845a65","name":"Ks. Jacek","image":{"@type":"ImageObject","inLanguage":"pl-PL","@id":"https:\/\/gaudiumetspes-blog.pl\/#\/schema\/person\/image\/","url":"https:\/\/gaudiumetspes-blog.pl\/wp-content\/uploads\/2019\/07\/avatar-JJ-150x150.jpg","contentUrl":"https:\/\/gaudiumetspes-blog.pl\/wp-content\/uploads\/2019\/07\/avatar-JJ-150x150.jpg","caption":"Ks. Jacek"},"description":"Witam serdecznie! K\u0142ania si\u0119 Ks. Jacek Ja\u015bkowski. Nie jestem ani kim\u015b wa\u017cnym, ani kim\u015b znanym. Jestem ksi\u0119dzem, kt\u00f3ry po prostu chce rozmawia\u0107. Codzienna kap\u0142a\u0144ska pos\u0142uga pokazuje mi, \u017ce temat\u00f3w do rozm\u00f3w z ksi\u0119dzem jest coraz wi\u0119cej i dzisiaj \u017caden ksi\u0105dz nie mo\u017ce od nich ucieka\u0107, ale - wprost przeciwnie - podejmowa\u0107 nowe wyzwania. To przekonanie sk\u0142oni\u0142o mnie do pr\u00f3by otwarcia tego\u017c bloga, chocia\u017c okazji do rozm\u00f3w na co dzie\u0144 - w konfesjonale i poza nim - na szcz\u0119\u015bcie nie brakuje. My\u015bl\u0119 jednak, \u017ce ten blog b\u0119dzie jeszcze jednym sposobem i przestrzeni\u0105 nawi\u0105zania kontaktu z lud\u017ami dobrej woli, otwartymi na dialog.","url":"https:\/\/gaudiumetspes-blog.pl\/index.php\/author\/ks-jacek\/"}]}},"jetpack_featured_media_url":"","jetpack_sharing_enabled":true,"_links":{"self":[{"href":"https:\/\/gaudiumetspes-blog.pl\/index.php\/wp-json\/wp\/v2\/posts\/18336","targetHints":{"allow":["GET"]}}],"collection":[{"href":"https:\/\/gaudiumetspes-blog.pl\/index.php\/wp-json\/wp\/v2\/posts"}],"about":[{"href":"https:\/\/gaudiumetspes-blog.pl\/index.php\/wp-json\/wp\/v2\/types\/post"}],"author":[{"embeddable":true,"href":"https:\/\/gaudiumetspes-blog.pl\/index.php\/wp-json\/wp\/v2\/users\/1"}],"replies":[{"embeddable":true,"href":"https:\/\/gaudiumetspes-blog.pl\/index.php\/wp-json\/wp\/v2\/comments?post=18336"}],"version-history":[{"count":1,"href":"https:\/\/gaudiumetspes-blog.pl\/index.php\/wp-json\/wp\/v2\/posts\/18336\/revisions"}],"predecessor-version":[{"id":18337,"href":"https:\/\/gaudiumetspes-blog.pl\/index.php\/wp-json\/wp\/v2\/posts\/18336\/revisions\/18337"}],"wp:attachment":[{"href":"https:\/\/gaudiumetspes-blog.pl\/index.php\/wp-json\/wp\/v2\/media?parent=18336"}],"wp:term":[{"taxonomy":"category","embeddable":true,"href":"https:\/\/gaudiumetspes-blog.pl\/index.php\/wp-json\/wp\/v2\/categories?post=18336"},{"taxonomy":"post_tag","embeddable":true,"href":"https:\/\/gaudiumetspes-blog.pl\/index.php\/wp-json\/wp\/v2\/tags?post=18336"}],"curies":[{"name":"wp","href":"https:\/\/api.w.org\/{rel}","templated":true}]}}