{"id":18368,"date":"2021-01-03T05:37:44","date_gmt":"2021-01-03T04:37:44","guid":{"rendered":"https:\/\/gaudiumetspes-blog.pl\/?p=18368"},"modified":"2021-01-02T17:33:20","modified_gmt":"2021-01-02T16:33:20","slug":"na-poczatku-bylo-slowo","status":"publish","type":"post","link":"https:\/\/gaudiumetspes-blog.pl\/index.php\/2021\/01\/03\/na-poczatku-bylo-slowo\/","title":{"rendered":"Na pocz\u0105tku by\u0142o S\u0142owo&#8230;"},"content":{"rendered":"<p align=\"justify\"><span style=\"color: #000000;\"><span style=\"font-family: Book Antiqua, serif;\"><span style=\"font-size: large;\">Niech b\u0119dzie pochwalony Jezus Chrystus! Moi Drodzy, w dniu dzisiejszym <b>imieniny prze\u017cywa nasza Mama, Danuta Ja\u015bkowska. Dzi\u0119kuj\u0105c \u2013 jak czyni\u0119 to przy ka\u017cdej okazji, tak\u017ce w czasie ostatniej Wigilii \u2013 za atmosfer\u0119 naszego rodzinnego Domu, kt\u00f3ry Solenizantka ogarnia swoim dobrym sercem i \u017cyciow\u0105 energi\u0105, pomimo choroby, \u017cyczymy i modlimy si\u0119 ca\u0142\u0105 Rodzin\u0105 o wszelkie dary z Nieba i moc Bo\u017cego b\u0142ogos\u0142awie\u0144stwa! Niech nigdy nie zabraknie tego pogodnego spojrzenia na wszystkich i wszystko, kt\u00f3re nasz\u0105 Mam\u0119 zawsze charakteryzowa\u0142o! A i zdrowia \u2013 niechby by\u0142o troszk\u0119 wi\u0119cej\u2026 O te wszystkie dary prosimy Pana w naszych modlitwach \u2013 nie tylko dzisiaj.<\/b><\/span><\/span><\/span><\/p>\n<p align=\"justify\"><span style=\"color: #000000;\"><span style=\"font-family: Book Antiqua, serif;\"><span style=\"font-size: large;\">Moi Drodzy, dzisiaj prze\u017cywamy pierwsz\u0105 niedziel\u0119 miesi\u0105ca. Dzi\u0119kujmy Jezusowi za Jego eucharystyczn\u0105 obecno\u015b\u0107. Zaraz wyruszam do Ciepielowa, na kap\u0142a\u0144sk\u0105 niedzieln\u0105 pos\u0142ug\u0119, po czym przeje\u017cd\u017cam do Siedlec, gdzie w naszym O\u015brodku Akademickim \u2013 jak co niedziel\u0119 \u2013 Msza \u015awi\u0119ta o godzinie 20.00.<\/span><\/span><\/span><\/p>\n<p align=\"justify\"><span style=\"color: #000000;\"><span style=\"font-family: Book Antiqua, serif;\"><span style=\"font-size: large;\">Zapraszam teraz do pochylenia si\u0119 nad Bo\u017cym s\u0142owem, aby odczyta\u0107 to <b>osobiste przes\u0142anie, z jakim Pan dzisiaj zwraca si\u0119 do mnie.<\/b> Niech Duch \u015awi\u0119ty przyjdzie ze swoim \u015bwiat\u0142em i natchnieniem.<\/span><\/span><\/span><\/p>\n<p align=\"justify\"><span style=\"color: #000000;\"><span style=\"font-family: Book Antiqua, serif;\"><span style=\"font-size: large;\"><b>Niech Was b\u0142ogos\u0142awi B\u00f3g Wszechmog\u0105cy: Ojciec + i Syn, i Duch \u015awi\u0119ty. Amen<\/b><\/span><\/span><\/span><\/p>\n<p align=\"center\"><span style=\"color: #000000;\"><span style=\"font-family: Book Antiqua, serif;\"><span style=\"font-size: large;\">Gaudium et spes! Ks. Jacek<\/span><\/span><\/span><\/p>\n<p align=\"center\">\n<p align=\"center\">\n<p align=\"center\">\n<p align=\"center\">\n<p align=\"center\">\n<p align=\"justify\"><span style=\"color: #000000;\"><span style=\"font-family: Book Antiqua, serif;\"><span style=\"font-size: large;\"><b>Druga Niedziela po Narodzeniu Pa\u0144skim,<\/b><\/span><\/span><\/span><\/p>\n<p align=\"justify\"><span style=\"color: #000000;\"><span style=\"font-family: Book Antiqua, serif;\"><span style=\"font-size: large;\"><b>3 stycznia 2021.,<\/b><\/span><\/span><\/span><\/p>\n<p align=\"justify\"><span style=\"color: #000000;\"><span style=\"font-family: Book Antiqua, serif;\"><span style=\"font-size: large;\"><b>do czyta\u0144: Syr 24,1\u20132.8\u201312; Ef 1,3\u20136.15\u201318; J 1,1\u201318<\/b><\/span><\/span><\/span><\/p>\n<p align=\"justify\">\n<p align=\"justify\">\n<p align=\"justify\">\n<p align=\"justify\">\n<p align=\"justify\">\n<p align=\"justify\"><span style=\"color: #000000;\"><span style=\"font-family: Book Antiqua, serif;\"><span style=\"font-size: large;\"><b>CZYTANIE Z KSI\u0118GI SYRACYDESA: <\/b><\/span><\/span><\/span><\/p>\n<p align=\"justify\"><span style=\"color: #000000;\"><span style=\"font-family: Book Antiqua, serif;\"><span style=\"font-size: large;\"><b>M\u0105dro\u015b\u0107 wychwala sama siebie, <\/b><\/span><\/span><\/span><\/p>\n<p align=\"justify\"><span style=\"color: #000000;\"><span style=\"font-family: Book Antiqua, serif;\"><span style=\"font-size: large;\"><b>chlubi si\u0119 po\u015br\u00f3d swego ludu. <\/b><\/span><\/span><\/span><\/p>\n<p align=\"justify\"><span style=\"color: #000000;\"><span style=\"font-family: Book Antiqua, serif;\"><span style=\"font-size: large;\"><b>Otwiera swe usta na zgromadzeniu Najwy\u017cszego <\/b><\/span><\/span><\/span><\/p>\n<p align=\"justify\"><span style=\"color: #000000;\"><span style=\"font-family: Book Antiqua, serif;\"><span style=\"font-size: large;\"><b>i ukazuje si\u0119 dumnie przed Jego pot\u0119g\u0105: <\/b><\/span><\/span><\/span><\/p>\n<p align=\"justify\"><span style=\"color: #000000;\"><span style=\"font-family: Book Antiqua, serif;\"><span style=\"font-size: large;\"><b>Wtedy przykaza\u0142 mi Stw\u00f3rca wszystkiego, <\/b><\/span><\/span><\/span><\/p>\n<p align=\"justify\"><span style=\"color: #000000;\"><span style=\"font-family: Book Antiqua, serif;\"><span style=\"font-size: large;\"><b>Ten, co mnie stworzy\u0142, wyznaczy\u0142 mi mieszkanie <\/b><\/span><\/span><\/span><\/p>\n<p align=\"justify\"><span style=\"color: #000000;\"><span style=\"font-family: Book Antiqua, serif;\"><span style=\"font-size: large;\"><b>i rzek\u0142: \u201eW Jakubie rozbij namiot <\/b><\/span><\/span><\/span><\/p>\n<p align=\"justify\"><span style=\"color: #000000;\"><span style=\"font-family: Book Antiqua, serif;\"><span style=\"font-size: large;\"><b>i w Izraelu obejmij dziedzictwo\u201d. <\/b><\/span><\/span><\/span><\/p>\n<p align=\"justify\"><span style=\"color: #000000;\"><span style=\"font-family: Book Antiqua, serif;\"><span style=\"font-size: large;\"><b>Przed wiekami, na samym pocz\u0105tku mnie stworzy\u0142 <\/b><\/span><\/span><\/span><\/p>\n<p align=\"justify\"><span style=\"color: #000000;\"><span style=\"font-family: Book Antiqua, serif;\"><span style=\"font-size: large;\"><b>i ju\u017c nigdy istnie\u0107 nie przestan\u0119. <\/b><\/span><\/span><\/span><\/p>\n<p align=\"justify\"><span style=\"color: #000000;\"><span style=\"font-family: Book Antiqua, serif;\"><span style=\"font-size: large;\"><b>W \u015bwi\u0119tym przybytku, w Jego obecno\u015bci, <\/b><\/span><\/span><\/span><\/p>\n<p align=\"justify\"><span style=\"color: #000000;\"><span style=\"font-family: Book Antiqua, serif;\"><span style=\"font-size: large;\"><b>zacz\u0119\u0142am pe\u0142ni\u0107 \u015bwi\u0119t\u0105 s\u0142u\u017cb\u0119 <\/b><\/span><\/span><\/span><\/p>\n<p align=\"justify\"><span style=\"color: #000000;\"><span style=\"font-family: Book Antiqua, serif;\"><span style=\"font-size: large;\"><b>i przez to na Syjonie mocno stan\u0119\u0142am. <\/b><\/span><\/span><\/span><\/p>\n<p align=\"justify\"><span style=\"color: #000000;\"><span style=\"font-family: Book Antiqua, serif;\"><span style=\"font-size: large;\"><b>Podobnie w mie\u015bcie umi\u0142owanym da\u0142 mi odpoczynek, <\/b><\/span><\/span><\/span><\/p>\n<p align=\"justify\"><span style=\"color: #000000;\"><span style=\"font-family: Book Antiqua, serif;\"><span style=\"font-size: large;\"><b>w Jeruzalem jest moja w\u0142adza. <\/b><\/span><\/span><\/span><\/p>\n<p align=\"justify\"><span style=\"color: #000000;\"><span style=\"font-family: Book Antiqua, serif;\"><span style=\"font-size: large;\"><b>Zapu\u015bci\u0142am korzenie w s\u0142awnym narodzie, <\/b><\/span><\/span><\/span><\/p>\n<p align=\"justify\"><span style=\"color: #000000;\"><span style=\"font-family: Book Antiqua, serif;\"><span style=\"font-size: large;\"><b>w posiad\u0142o\u015bci Pana, w Jego dziedzictwie.<\/b><\/span><\/span><\/span><\/p>\n<p align=\"justify\">\n<p align=\"justify\">\n<p align=\"justify\">\n<p align=\"justify\">\n<p align=\"justify\">\n<p align=\"justify\"><span style=\"color: #000000;\"><span style=\"font-family: Book Antiqua, serif;\"><span style=\"font-size: large;\"><b>CZYTANIE Z LISTU \u015aWI\u0118TEGO PAW\u0141A APOSTO\u0141A DO EFEZJAN: <\/b><\/span><\/span><\/span><\/p>\n<p align=\"justify\"><span style=\"color: #000000;\"><span style=\"font-family: Book Antiqua, serif;\"><span style=\"font-size: large;\"><b>Niech b\u0119dzie b\u0142ogos\u0142awiony B\u00f3g i Ojciec <\/b><\/span><\/span><\/span><\/p>\n<p align=\"justify\"><span style=\"color: #000000;\"><span style=\"font-family: Book Antiqua, serif;\"><span style=\"font-size: large;\"><b>Pana naszego Jezusa Chrystusa, <\/b><\/span><\/span><\/span><\/p>\n<p align=\"justify\"><span style=\"color: #000000;\"><span style=\"font-family: Book Antiqua, serif;\"><span style=\"font-size: large;\"><b>kt\u00f3ry nape\u0142ni\u0142 nas <\/b><\/span><\/span><\/span><\/p>\n<p align=\"justify\"><span style=\"color: #000000;\"><span style=\"font-family: Book Antiqua, serif;\"><span style=\"font-size: large;\"><b>wszelkim b\u0142ogos\u0142awie\u0144stwem duchowym <\/b><\/span><\/span><\/span><\/p>\n<p align=\"justify\"><span style=\"color: #000000;\"><span style=\"font-family: Book Antiqua, serif;\"><span style=\"font-size: large;\"><b>na wy\u017cynach niebieskich w Chrystusie. <\/b><\/span><\/span><\/span><\/p>\n<p align=\"justify\"><span style=\"color: #000000;\"><span style=\"font-family: Book Antiqua, serif;\"><span style=\"font-size: large;\"><b>W Nim bowiem wybra\u0142 nas <\/b><\/span><\/span><\/span><\/p>\n<p align=\"justify\"><span style=\"color: #000000;\"><span style=\"font-family: Book Antiqua, serif;\"><span style=\"font-size: large;\"><b>przed za\u0142o\u017ceniem \u015bwiata, <\/b><\/span><\/span><\/span><\/p>\n<p align=\"justify\"><span style=\"color: #000000;\"><span style=\"font-family: Book Antiqua, serif;\"><span style=\"font-size: large;\"><b>aby\u015bmy byli \u015bwi\u0119ci i nieskalani <\/b><\/span><\/span><\/span><\/p>\n<p align=\"justify\"><span style=\"color: #000000;\"><span style=\"font-family: Book Antiqua, serif;\"><span style=\"font-size: large;\"><b>przed Jego obliczem. <\/b><\/span><\/span><\/span><\/p>\n<p align=\"justify\"><span style=\"color: #000000;\"><span style=\"font-family: Book Antiqua, serif;\"><span style=\"font-size: large;\"><b>Z mi\u0142o\u015bci przeznaczy\u0142 nas dla siebie <\/b><\/span><\/span><\/span><\/p>\n<p align=\"justify\"><span style=\"color: #000000;\"><span style=\"font-family: Book Antiqua, serif;\"><span style=\"font-size: large;\"><b>jako przybranych syn\u00f3w przez Jezusa Chrystusa, <\/b><\/span><\/span><\/span><\/p>\n<p align=\"justify\"><span style=\"color: #000000;\"><span style=\"font-family: Book Antiqua, serif;\"><span style=\"font-size: large;\"><b>wed\u0142ug postanowienia swej woli, <\/b><\/span><\/span><\/span><\/p>\n<p align=\"justify\"><span style=\"color: #000000;\"><span style=\"font-family: Book Antiqua, serif;\"><span style=\"font-size: large;\"><b>ku chwale majestatu swej \u0142aski, <\/b><\/span><\/span><\/span><\/p>\n<p align=\"justify\"><span style=\"color: #000000;\"><span style=\"font-family: Book Antiqua, serif;\"><span style=\"font-size: large;\"><b>kt\u00f3r\u0105 obdarzy\u0142 nas w Umi\u0142owanym. <\/b><\/span><\/span><\/span><\/p>\n<p align=\"justify\"><span style=\"color: #000000;\"><span style=\"font-family: Book Antiqua, serif;\"><span style=\"font-size: large;\"><b>Przeto i ja us\u0142yszawszy o waszej wierze w Pana Jezusa i o mi\u0142o\u015bci wzgl\u0119dem wszystkich \u015bwi\u0119tych, nie zaprzestaj\u0119 dzi\u0119kczynienia, wspominaj\u0105c was w moich modlitwach. Prosz\u0119 w nich, aby B\u00f3g Pana naszego Jezusa Chrystusa, Ojciec chwa\u0142y, da\u0142 wam ducha m\u0105dro\u015bci i objawienia w g\u0142\u0119bszym poznawaniu Jego samego. Niech da wam \u015bwiat\u0142e oczy serca, tak by\u015bcie wiedzieli, czym jest nadzieja waszego powo\u0142ania, czym bogactwo chwa\u0142y Jego dziedzictwa w\u015br\u00f3d \u015bwi\u0119tych.<\/b><\/span><\/span><\/span><\/p>\n<p align=\"justify\">\n<p align=\"justify\">\n<p align=\"justify\">\n<p align=\"justify\">\n<p align=\"justify\">\n<p align=\"justify\"><span style=\"color: #000000;\"><span style=\"font-family: Book Antiqua, serif;\"><span style=\"font-size: large;\"><b>S\u0141OWA EWANGELII WED\u0141UG \u015aWI\u0118TEGO JANA: <\/b><\/span><\/span><\/span><\/p>\n<p align=\"justify\"><span style=\"color: #000000;\"><span style=\"font-family: Book Antiqua, serif;\"><span style=\"font-size: large;\"><b>Na pocz\u0105tku by\u0142o S\u0142owo, <\/b><\/span><\/span><\/span><\/p>\n<p align=\"justify\"><span style=\"color: #000000;\"><span style=\"font-family: Book Antiqua, serif;\"><span style=\"font-size: large;\"><b>a S\u0142owo by\u0142o u Boga, <\/b><\/span><\/span><\/span><\/p>\n<p align=\"justify\"><span style=\"color: #000000;\"><span style=\"font-family: Book Antiqua, serif;\"><span style=\"font-size: large;\"><b>i Bogiem by\u0142o S\u0142owo. <\/b><\/span><\/span><\/span><\/p>\n<p align=\"justify\"><span style=\"color: #000000;\"><span style=\"font-family: Book Antiqua, serif;\"><span style=\"font-size: large;\"><b>Ono by\u0142o na pocz\u0105tku u Boga. <\/b><\/span><\/span><\/span><\/p>\n<p align=\"justify\"><span style=\"color: #000000;\"><span style=\"font-family: Book Antiqua, serif;\"><span style=\"font-size: large;\"><b>Wszystko przez Nie si\u0119 sta\u0142o, <\/b><\/span><\/span><\/span><\/p>\n<p align=\"justify\"><span style=\"color: #000000;\"><span style=\"font-family: Book Antiqua, serif;\"><span style=\"font-size: large;\"><b>a bez Niego nic si\u0119 nie sta\u0142o, <\/b><\/span><\/span><\/span><\/p>\n<p align=\"justify\"><span style=\"color: #000000;\"><span style=\"font-family: Book Antiqua, serif;\"><span style=\"font-size: large;\"><b>co si\u0119 sta\u0142o. <\/b><\/span><\/span><\/span><\/p>\n<p align=\"justify\"><span style=\"color: #000000;\"><span style=\"font-family: Book Antiqua, serif;\"><span style=\"font-size: large;\"><b>W Nim by\u0142o \u017cycie, <\/b><\/span><\/span><\/span><\/p>\n<p align=\"justify\"><span style=\"color: #000000;\"><span style=\"font-family: Book Antiqua, serif;\"><span style=\"font-size: large;\"><b>a \u017cycie by\u0142o \u015bwiat\u0142o\u015bci\u0105 ludzi, <\/b><\/span><\/span><\/span><\/p>\n<p align=\"justify\"><span style=\"color: #000000;\"><span style=\"font-family: Book Antiqua, serif;\"><span style=\"font-size: large;\"><b>a \u015bwiat\u0142o\u015b\u0107 w ciemno\u015bci \u015bwieci <\/b><\/span><\/span><\/span><\/p>\n<p align=\"justify\"><span style=\"color: #000000;\"><span style=\"font-family: Book Antiqua, serif;\"><span style=\"font-size: large;\"><b>i ciemno\u015b\u0107 jej nie ogarn\u0119\u0142a. <\/b><\/span><\/span><\/span><\/p>\n<p align=\"justify\"><span style=\"color: #000000;\"><span style=\"font-family: Book Antiqua, serif;\"><span style=\"font-size: large;\"><b>Pojawi\u0142 si\u0119 cz\u0142owiek pos\u0142any przez Boga, <\/b><\/span><\/span><\/span><\/p>\n<p align=\"justify\"><span style=\"color: #000000;\"><span style=\"font-family: Book Antiqua, serif;\"><span style=\"font-size: large;\"><b>Jan mu by\u0142o na imi\u0119. <\/b><\/span><\/span><\/span><\/p>\n<p align=\"justify\"><span style=\"color: #000000;\"><span style=\"font-family: Book Antiqua, serif;\"><span style=\"font-size: large;\"><b>Przyszed\u0142 on na \u015bwiadectwo, <\/b><\/span><\/span><\/span><\/p>\n<p align=\"justify\"><span style=\"color: #000000;\"><span style=\"font-family: Book Antiqua, serif;\"><span style=\"font-size: large;\"><b>aby za\u015bwiadczy\u0107 o \u015bwiat\u0142o\u015bci, <\/b><\/span><\/span><\/span><\/p>\n<p align=\"justify\"><span style=\"color: #000000;\"><span style=\"font-family: Book Antiqua, serif;\"><span style=\"font-size: large;\"><b>by wszyscy uwierzyli przez niego. <\/b><\/span><\/span><\/span><\/p>\n<p align=\"justify\"><span style=\"color: #000000;\"><span style=\"font-family: Book Antiqua, serif;\"><span style=\"font-size: large;\"><b>Nie by\u0142 on \u015bwiat\u0142o\u015bci\u0105, <\/b><\/span><\/span><\/span><\/p>\n<p align=\"justify\"><span style=\"color: #000000;\"><span style=\"font-family: Book Antiqua, serif;\"><span style=\"font-size: large;\"><b>lecz pos\u0142anym, aby za\u015bwiadczy\u0107 o \u015bwiat\u0142o\u015bci. <\/b><\/span><\/span><\/span><\/p>\n<p align=\"justify\"><span style=\"color: #000000;\"><span style=\"font-family: Book Antiqua, serif;\"><span style=\"font-size: large;\"><b>By\u0142a \u015bwiat\u0142o\u015b\u0107 prawdziwa, <\/b><\/span><\/span><\/span><\/p>\n<p align=\"justify\"><span style=\"color: #000000;\"><span style=\"font-family: Book Antiqua, serif;\"><span style=\"font-size: large;\"><b>kt\u00f3ra o\u015bwieca ka\u017cdego cz\u0142owieka, <\/b><\/span><\/span><\/span><\/p>\n<p align=\"justify\"><span style=\"color: #000000;\"><span style=\"font-family: Book Antiqua, serif;\"><span style=\"font-size: large;\"><b>gdy na \u015bwiat przychodzi. <\/b><\/span><\/span><\/span><\/p>\n<p align=\"justify\"><span style=\"color: #000000;\"><span style=\"font-family: Book Antiqua, serif;\"><span style=\"font-size: large;\"><b>Na \u015bwiecie by\u0142o S\u0142owo, <\/b><\/span><\/span><\/span><\/p>\n<p align=\"justify\"><span style=\"color: #000000;\"><span style=\"font-family: Book Antiqua, serif;\"><span style=\"font-size: large;\"><b>a \u015bwiat sta\u0142 si\u0119 przez Nie, <\/b><\/span><\/span><\/span><\/p>\n<p align=\"justify\"><span style=\"color: #000000;\"><span style=\"font-family: Book Antiqua, serif;\"><span style=\"font-size: large;\"><b>lecz \u015bwiat Go nie pozna\u0142. <\/b><\/span><\/span><\/span><\/p>\n<p align=\"justify\"><span style=\"color: #000000;\"><span style=\"font-family: Book Antiqua, serif;\"><span style=\"font-size: large;\"><b>Przysz\u0142o do swojej w\u0142asno\u015bci, <\/b><\/span><\/span><\/span><\/p>\n<p align=\"justify\"><span style=\"color: #000000;\"><span style=\"font-family: Book Antiqua, serif;\"><span style=\"font-size: large;\"><b>a swoi Go nie przyj\u0119li. <\/b><\/span><\/span><\/span><\/p>\n<p align=\"justify\"><span style=\"color: #000000;\"><span style=\"font-family: Book Antiqua, serif;\"><span style=\"font-size: large;\"><b>Wszystkim tym jednak, kt\u00f3rzy Je przyj\u0119li, <\/b><\/span><\/span><\/span><\/p>\n<p align=\"justify\"><span style=\"color: #000000;\"><span style=\"font-family: Book Antiqua, serif;\"><span style=\"font-size: large;\"><b>da\u0142o moc, aby si\u0119 stali dzie\u0107mi Bo\u017cymi, <\/b><\/span><\/span><\/span><\/p>\n<p align=\"justify\"><span style=\"color: #000000;\"><span style=\"font-family: Book Antiqua, serif;\"><span style=\"font-size: large;\"><b>tym, kt\u00f3rzy wierz\u0105 w imi\u0119 Jego, <\/b><\/span><\/span><\/span><\/p>\n<p align=\"justify\"><span style=\"color: #000000;\"><span style=\"font-family: Book Antiqua, serif;\"><span style=\"font-size: large;\"><b>kt\u00f3rzy ani z krwi, <\/b><\/span><\/span><\/span><\/p>\n<p align=\"justify\"><span style=\"color: #000000;\"><span style=\"font-family: Book Antiqua, serif;\"><span style=\"font-size: large;\"><b>ani z \u017c\u0105dzy cia\u0142a, <\/b><\/span><\/span><\/span><\/p>\n<p align=\"justify\"><span style=\"color: #000000;\"><span style=\"font-family: Book Antiqua, serif;\"><span style=\"font-size: large;\"><b>ani z woli m\u0119\u017ca, <\/b><\/span><\/span><\/span><\/p>\n<p align=\"justify\"><span style=\"color: #000000;\"><span style=\"font-family: Book Antiqua, serif;\"><span style=\"font-size: large;\"><b>ale z Boga si\u0119 narodzili. <\/b><\/span><\/span><\/span><\/p>\n<p align=\"justify\"><span style=\"color: #000000;\"><span style=\"font-family: Book Antiqua, serif;\"><span style=\"font-size: large;\"><b>S\u0142owo sta\u0142o si\u0119 cia\u0142em <\/b><\/span><\/span><\/span><\/p>\n<p align=\"justify\"><span style=\"color: #000000;\"><span style=\"font-family: Book Antiqua, serif;\"><span style=\"font-size: large;\"><b>i zamieszka\u0142o w\u015br\u00f3d nas. <\/b><\/span><\/span><\/span><\/p>\n<p align=\"justify\"><span style=\"color: #000000;\"><span style=\"font-family: Book Antiqua, serif;\"><span style=\"font-size: large;\"><b>I ogl\u0105dali\u015bmy Jego chwa\u0142\u0119, <\/b><\/span><\/span><\/span><\/p>\n<p align=\"justify\"><span style=\"color: #000000;\"><span style=\"font-family: Book Antiqua, serif;\"><span style=\"font-size: large;\"><b>chwa\u0142\u0119, jak\u0105 Jednorodzony otrzymuje od Ojca, <\/b><\/span><\/span><\/span><\/p>\n<p align=\"justify\"><span style=\"color: #000000;\"><span style=\"font-family: Book Antiqua, serif;\"><span style=\"font-size: large;\"><b>pe\u0142en \u0142aski i prawdy. <\/b><\/span><\/span><\/span><\/p>\n<p align=\"justify\"><span style=\"color: #000000;\"><span style=\"font-family: Book Antiqua, serif;\"><span style=\"font-size: large;\"><b>Jan daje o Nim \u015bwiadectwo i g\u0142o\u015bno wo\u0142a w s\u0142owach: \u201eTen by\u0142, o kt\u00f3rym powiedzia\u0142em: Ten, kt\u00f3ry po mnie idzie, przewy\u017cszy\u0142 mnie godno\u015bci\u0105, gdy\u017c by\u0142 wcze\u015bniej ode mnie\u201d. Z Jego pe\u0142no\u015bci wszyscy\u015bmy otrzymali \u0142ask\u0119 po \u0142asce. Podczas gdy Prawo zosta\u0142o nadane przez Moj\u017cesza, \u0142aska i prawda przysz\u0142y przez Jezusa Chrystusa. Boga nikt nigdy nie widzia\u0142. Jednorodzony B\u00f3g, kt\u00f3ry jest w \u0142onie Ojca, o Nim pouczy\u0142.<\/b><\/span><\/span><\/span><\/p>\n<p align=\"justify\">\n<p align=\"justify\">\n<p align=\"justify\">\n<p align=\"justify\">\n<p align=\"justify\">\n<p align=\"justify\"><span style=\"color: #000000;\"><span style=\"font-family: Book Antiqua, serif;\"><span style=\"font-size: large;\">Kiedy s\u0142yszymy w dzisiejszej Ewangelii zdanie: <i><b>Na pocz\u0105tku by\u0142o S\u0142owo,<\/b><\/i><b> <\/b>to musimy przyzna\u0107, \u017ce do\u015b\u0107 wyj\u0105tkowo brzmi sformu\u0142owanie: <i><b>Na pocz\u0105tku <\/b><\/i>\u2013 w Nowym Testamencie. <\/span><\/span><\/span><\/p>\n<p align=\"justify\"><span style=\"color: #000000;\"><span style=\"font-family: Book Antiqua, serif;\"><span style=\"font-size: large;\">Jak pami\u0119tamy, od tego sformu\u0142owania rozpoczyna si\u0119 Stary Testament, a tym samym ca\u0142e Pismo \u015awi\u0119te \u2013 tyle, \u017ce tam, w zdaniu: <i><b>Na pocz\u0105tku B\u00f3g stworzy\u0142 niebo i ziemi\u0119,<\/b><\/i> dotykamy <b>pocz\u0105tku istnienia \u015bwiata.<\/b> Natomiast zdanie, wypowiedziane dzisiaj przez Jana Ewangelist\u0119, si\u0119ga jeszcze dalej, a w\u0142a\u015bciwie: <b>jeszcze wcze\u015bniej!<\/b> Si\u0119ga do <b>prapocz\u0105tku wszystkiego<\/b> \u2013 do tego pocz\u0105tku, kt\u00f3rego <b>tak naprawd\u0119 nie by\u0142o,<\/b> bo B\u00f3g w swym istnieniu nie mia\u0142 nigdy pocz\u0105tku i nie b\u0119dzie mia\u0142 ko\u0144ca. <\/span><\/span><\/span><\/p>\n<p align=\"justify\"><span style=\"color: #000000;\"><span style=\"font-family: Book Antiqua, serif;\"><span style=\"font-size: large;\">Dlatego Ko\u015bci\u00f3\u0142 naucza, \u017ce przedwiecznie <b>wypowiada On S\u0142owo,<\/b> rodzi to S\u0142owo \u2013 i tym <b>S\u0142owem jest Jego Syn,<\/b> kt\u00f3ry przychodzi na \u015bwiat, staj\u0105c si\u0119 cz\u0142owiekiem. <\/span><\/span><\/span><\/p>\n<p align=\"justify\"><span style=\"color: #000000;\"><span style=\"font-family: Book Antiqua, serif;\"><span style=\"font-size: large;\">Bardzo to zawi\u0142e kwestie i niezwykle trudno je zrozumie\u0107, a w\u0142a\u015bciwie trzeba jasno powiedzie\u0107, \u017ce <b>nie spos\u00f3b ich zrozumie\u0107,<\/b> bo to tak, jak by\u015bmy chcieli zrozumie\u0107 istot\u0119 Boga. Jest to dla nas nieosi\u0105galne. Ju\u017c sama <b>pr\u00f3ba \u201ezr<\/b><b>ozumieni<\/b><b>a\u201d<\/b><b> wieczno\u015bci, <\/b>ogarni\u0119cia jej my\u015bl\u0105, powoduje od razu b\u00f3l g\u0142owy. Pr\u00f3bowali\u015bmy kiedy\u015b <b>wyobrazi\u0107 sobie wieczno\u015b\u0107?<\/b> Czyli, taki spos\u00f3b istnienia, kt\u00f3ry nie b\u0119dzie mia\u0142 ko\u0144ca? <\/span><\/span><\/span><\/p>\n<p align=\"justify\"><span style=\"color: #000000;\"><span style=\"font-family: Book Antiqua, serif;\"><span style=\"font-size: large;\">Spr\u00f3bujmy kiedy\u015b \u2013 mo\u017ce nawet dzisiaj, w nocy \u2013 tak na spokojnie, w zupe\u0142nej ciszy, wyobrazi\u0107 sobie chocia\u017cby <b>nasze wieczne trwanie w Niebie.<\/b> To znaczy, \u017ce istniejemy, istniejemy, istniejemy \u2013 ci\u0105gle i ci\u0105gle, i ci\u0105gle\u2026 W kt\u00f3rym\u015b momencie stwierdzamy, \u017ce nasz rozum wr\u0119cz domaga si\u0119, wr\u0119cz <b>dopomina si\u0119 o jaki\u015b koniec, <\/b>o jak\u0105\u015b zmian\u0119, o przej\u015bcie w jaki\u015b inny stan, a tymczasem \u2013 nie! B\u0119dziemy nadal i nadal trwali \u2013 <b>i tak bez ko\u0144ca\u2026 <\/b><\/span><\/span><\/span><\/p>\n<p align=\"justify\"><span style=\"color: #000000;\"><span style=\"font-family: Book Antiqua, serif;\"><span style=\"font-size: large;\">Nie, tego si\u0119 nie da wyobrazi\u0107! To jest tak niesamowita tajemnica, \u017ce wr\u0119cz <b>mo\u017cna si\u0119 jej przestraszy\u0107! <\/b>Gdyby nie to, \u017ce wierzymy, i\u017c ta nasza wieczno\u015b\u0107 <b>b\u0119dzie szcz\u0119\u015bliwa i pe\u0142na rado\u015bci,<\/b> to samej wieczno\u015bci \u2013 jako takiej \u2013 mo\u017cna si\u0119 przestraszy\u0107. Jest to tak wielka i niezmierzona rzeczywisto\u015b\u0107! <\/span><\/span><\/span><\/p>\n<p align=\"justify\"><span style=\"color: #000000;\"><span style=\"font-family: Book Antiqua, serif;\"><span style=\"font-size: large;\">B\u00f3g za\u015b w swym istnieniu nie tylko nie b\u0119dzie mia\u0142 ko\u0144ca \u2013 kt\u00f3rym to przywilejem podzieli\u0142 si\u0119 z nami \u2013 ale te\u017c <b>nie mia\u0142 pocz\u0105tku.<\/b> A to w\u0142a\u015bnie \u2013 jak stwierdza Jan \u2013 <i><b>n<\/b><\/i><i><b>a pocz\u0105tku by\u0142o S\u0142owo. <\/b><\/i>Na pocz\u0105tku \u2013 czyli bez pocz\u0105tku. Od zawsze by\u0142o S\u0142owo. <i><b>Ono by\u0142o na pocz\u0105tku<\/b><\/i><b> <\/b>[czyli bez pocz\u0105tku, od zawsze]<b> <\/b><i><b>u Boga. Wszystko przez Nie si\u0119 sta\u0142o, a bez Niego nic si\u0119 nie sta\u0142o, <\/b><\/i><i><b>co si\u0119 sta\u0142o.<\/b><\/i><b> <\/b>Czyli, przez to S\u0142owo B\u00f3g dokona\u0142 stworzenia \u015bwiata i cz\u0142owieka, stworzenia wszystkiego! <\/span><\/span><\/span><\/p>\n<p align=\"justify\"><span style=\"color: #000000;\"><span style=\"font-family: Book Antiqua, serif;\"><span style=\"font-size: large;\">W pierwszym czytaniu, w tej roli wyst\u0119puje <b>przedwieczna M\u0105dro\u015b\u0107. <\/b>Jak s\u0142yszymy we fragmencie Ksi\u0119gi Syracydesa, <i><b>M\u0105dro\u015b\u0107 wychwala sama siebie, chlubi si\u0119 po\u015br\u00f3d swego ludu.<\/b><\/i><b> <\/b>I c\u00f3\u017c m\u00f3wi ona o sobie? <i><b>Przed wiekami, na samym pocz\u0105tku mnie stworzy\u0142 i ju\u017c nigdy istnie\u0107 nie przestan\u0119.<\/b><\/i><i> <\/i>A zatem M\u0105dro\u015b\u0107 \u2013 i S\u0142owo.<\/span><\/span><\/span><\/p>\n<p align=\"justify\"><span style=\"color: #000000;\"><span style=\"font-family: Book Antiqua, serif;\"><span style=\"font-size: large;\">To S\u0142owo, wypowiedziane przez Boga, samo te\u017c \u2013 jak s\u0142yszeli\u015bmy w Ewangelii \u2013 by\u0142o i jest Bogiem. Aposto\u0142 stwierdza: <i><b>W Nim<\/b><\/i><b> <\/b>[czyli w tym S\u0142owie]<b> <\/b><i><b>by\u0142o \u017cycie, a \u017cycie by\u0142o \u015bwiat\u0142o\u015bci\u0105 ludzi, a \u015bwiat\u0142o\u015b\u0107 w ciemno\u015bci \u015bwieci <\/b><\/i><i><b>i ciemno\u015b\u0107 jej nie ogarn\u0119\u0142a.<\/b><\/i><b> <\/b>Takie poj\u0119cia, jak <b>\u00ab<\/b><b>\u017cycie<\/b><b>\u00bb<\/b> i <b>\u00ab<\/b><b>\u015bwiat\u0142o\u015b\u0107<\/b><b>\u00bb<\/b><b> <\/b>\u2013 to biblijne atrybuty Boga, Jego znaki rozpoznawcze i symbole ofiarowanego przeze\u0144 zbawienia. <\/span><\/span><\/span><\/p>\n<p align=\"justify\"><span style=\"color: #000000;\"><span style=\"font-family: Book Antiqua, serif;\"><span style=\"font-size: large;\">Jak dalej naucza \u015awi\u0119ty Jan, \u015bwiat\u0142o\u015b\u0107, kt\u00f3r\u0105 zawiera w sobie S\u0142owo, to <i><b>\u015bwiat\u0142o\u015b\u0107<\/b><\/i><i> <\/i><i><b>prawdziwa, <\/b><\/i><i><b>kt\u00f3ra o\u015bwieca ka\u017cdego cz\u0142owieka, <\/b><\/i><i><b>gdy na \u015bwiat przychodzi.<\/b><\/i><b> <\/b>Czyli, ka\u017cdy z nas jest tym \u015bwiat\u0142em obj\u0119ty, nikt nie jest z niego wy\u0142\u0105czony, nikt nie jest pozbawiony \u0142aski zbawienia. O ile tylko je przyjmie\u2026<\/span><\/span><\/span><\/p>\n<p align=\"justify\"><span style=\"color: #000000;\"><span style=\"font-family: Book Antiqua, serif;\"><span style=\"font-size: large;\">Aposto\u0142 bowiem m\u00f3wi: <i><b>Na \u015bwiecie by\u0142o S\u0142owo, <\/b><\/i><i><b>a \u015bwiat sta\u0142 si\u0119 przez Nie, lecz \u015bwiat Go nie pozna\u0142. Przysz\u0142o do swojej w\u0142asno\u015bci, <\/b><\/i><i><b>a swoi Go nie przyj\u0119li.<\/b><\/i><b> <\/b>Ot\u00f3\u017c, w\u0142a\u015bnie! Ludzie nie chcieli przyj\u0105\u0107 \u015bwiat\u0142o\u015bci. Do dzi\u015b wielu nie chce. Do dzi\u015b wielu widzi <b>\u015bwiat jako w\u0142asno\u015b\u0107 szatana<\/b> \u2013 zreszt\u0105, on sam postrzega siebie jako panuj\u0105cego nad \u015bwiatem. A tymczasem, <b>\u015bwiat sta\u0142 si\u0119 przez S\u0142owo Boga,<\/b> dlatego <b>tylko B\u00f3g jest jego Panem<\/b> \u2013 Jego panowanie nie podlega w og\u00f3le dyskusji! <\/span><\/span><\/span><\/p>\n<p align=\"justify\"><span style=\"color: #000000;\"><span style=\"font-family: Book Antiqua, serif;\"><span style=\"font-size: large;\">Cz\u0142owiek jednak <b>ma woln\u0105 wol\u0119,<\/b> po kt\u00f3rej stronie si\u0119 opowie, czyjej w\u0142adzy si\u0119 podda: czy prawdziwego W\u0142adcy, czy fa\u0142szywego, kt\u00f3ry jedynie uzurpuje sobie prawo do rz\u0105d\u00f3w nad \u015bwiatem. Jak s\u0142yszymy, wielu nie przyj\u0119\u0142o S\u0142owa. <i><b>Przysz\u0142o ono do swojej w\u0142asno\u015bci, a swoi Go nie przyj\u0119li!<\/b><\/i> Na szcz\u0119\u015bcie \u2013 <b>nie wszyscy. <\/b><\/span><\/span><\/span><\/p>\n<p align=\"justify\"><span style=\"color: #000000;\"><span style=\"font-family: Book Antiqua, serif;\"><span style=\"font-size: large;\">Nie zabrak\u0142o bowiem tych, kt\u00f3rzy jednak przyj\u0119li. I to o nich wszystkich Jan Aposto\u0142 wypowiada pi\u0119kne s\u0142owa: <i><b>Wszystkim tym jednak, kt\u00f3rzy Je przyj\u0119li, <\/b><\/i><i><b>da\u0142o moc, aby si\u0119 stali dzie\u0107mi Bo\u017cymi, tym, kt\u00f3rzy wierz\u0105 w imi\u0119 Jego, kt\u00f3rzy<\/b><\/i><b> <\/b><b>[\u2026]<\/b> <i><b>z Boga si\u0119 narodzili. <\/b><\/i><\/span><\/span><\/span><\/p>\n<p align=\"justify\"><span style=\"color: #000000;\"><span style=\"font-family: Book Antiqua, serif;\"><span style=\"font-size: large;\">W\u015br\u00f3d tych wszystkich, niew\u0105tpliwie na pierwszym miejscu jawi si\u0119 cz\u0142owiek, o kt\u00f3rym Ewangelista m\u00f3wi, i\u017c zosta\u0142<b> <\/b><i><b>pos\u0142any przez Boga, <\/b><\/i><i><b>Jan mu by\u0142o na imi\u0119. Przyszed\u0142 on na \u015bwiadectwo, aby za\u015bwiadczy\u0107 o \u015bwiat\u0142o\u015bci, by wszyscy uwierzyli przez niego. Nie by\u0142 on \u015bwiat\u0142o\u015bci\u0105, <\/b><\/i><i><b>lecz pos\u0142anym, aby za\u015bwiadczy\u0107 o \u015bwiat\u0142o\u015bci.<\/b><\/i><b> <\/b><\/span><\/span><\/span><\/p>\n<p align=\"justify\"><span style=\"color: #000000;\"><span style=\"font-family: Book Antiqua, serif;\"><span style=\"font-size: large;\">Jak ju\u017c wielokrotnie m\u00f3wili\u015bmy sobie i rozwa\u017cali\u015bmy \u2013 tak w czasie Adwentu, jak i w Okresie Bo\u017cego Narodzenia \u2013 Jan to posta\u0107 ze wszech miar jedyna w swoim rodzaju, <b>wyj\u0105tkowa i niezwyk\u0142a.<\/b> Tak ze wzgl\u0119du <b>na misj\u0119,<\/b> jak\u0105 mia\u0142 do spe\u0142nienia, jak i ze wzgl\u0119du <b>na styl \u017cycia,<\/b> jaki prowadzi\u0142, jak wreszcie ze wzgl\u0119du na <b>wyj\u0105tkow\u0105 blisko\u015b\u0107,<\/b> jaka \u0142\u0105czy\u0142a go z Jezusem: i przez pokrewie\u0144stwo, i przez narodzenie si\u0119 w jednym czasie, i przez wiele jeszcze innych spraw. <\/span><\/span><\/span><\/p>\n<p align=\"justify\"><span style=\"color: #000000;\"><span style=\"font-family: Book Antiqua, serif;\"><span style=\"font-size: large;\">Jan Chrzciciel to cz\u0142owiek wyj\u0105tkowy \u2013 a przecie\u017c to <b>nie on by\u0142 \u015bwiat\u0142o\u015bci\u0105, <\/b>o czym dzisiaj m\u00f3wi nam Jan Ewangelista, a o czym Jan Chrzciciel niejednokrotnie tak\u017ce sam zapewnia\u0142. Nie by\u0142 on \u015bwiat\u0142o\u015bci\u0105, ale <b>\u015bwiadkiem \u015bwiat\u0142o\u015bci. S\u0142ug\u0105 \u015bwiat\u0142o\u015bci! <\/b>Przekazicielem \u015bwiat\u0142o\u015bci. Nigdy nie si\u0119ga\u0142 po nic wi\u0119cej \u2013 a przecie\u017c bardzo \u0142atwo zosta\u0142by okrzykni\u0119ty nawet Mesjaszem, <b>gdyby tylko chcia\u0142.<\/b> Gdyby powiedzia\u0142 tylko jedno zdanie, albo nawet nie zaprzeczy\u0142by, kiedy ludzie gotowi byli uzna\u0107 go za Mesjasza \u2013 wystarczy\u0142o, \u017ce by nie zaprzeczy\u0142. <\/span><\/span><\/span><\/p>\n<p align=\"justify\"><span style=\"color: #000000;\"><span style=\"font-family: Book Antiqua, serif;\"><span style=\"font-size: large;\">On jednak zaprzeczy\u0142, bo wiedzia\u0142, <b>gdzie jest prawdziwa \u015awiat\u0142o\u015b\u0107 i kto ni\u0105 jest.<\/b> On pozosta\u0142 s\u0142ug\u0105 \u015bwiat\u0142o\u015bci, pierwszym \u015bwiadkiem \u015awiat\u0142o\u015bci \u2013 Jezusa Chrystusa, Syna Bo\u017cego, S\u0142owa Ojca Przedwiecznego. Tego S\u0142owa, kt\u00f3re <i><b>sta\u0142o si\u0119 cia\u0142em <\/b><\/i><i><b>i zamieszka\u0142o w\u015br\u00f3d nas. I ogl\u0105dali\u015bmy Jego chwa\u0142\u0119, chwa\u0142\u0119, jak\u0105 Jednorodzony otrzymuje od Ojca, <\/b><\/i><i><b>pe\u0142en \u0142aski i prawdy.<\/b><\/i><b> <\/b><\/span><\/span><\/span><\/p>\n<p align=\"justify\"><span style=\"color: #000000;\"><span style=\"font-family: Book Antiqua, serif;\"><span style=\"font-size: large;\">W ostatnim zdaniu dzisiejszej Ewangelii pada nawet stwierdzenie, \u017ce to S\u0142owo, Jednorodzony B\u00f3g \u2013 <i><b>jest w \u0142onie Ojca.<\/b><\/i> Zobaczmy, o jakiej wi\u0119c <b>jedno\u015bci i blisko\u015bci m\u00f3wimy!<\/b> Jak bardzo jest to mocna, wr\u0119cz <b>intymna jedno\u015b\u0107 \u2013 <\/b><b>wi\u0119\u017a<\/b><b> nierozerwalna!<\/b> Taka w\u0142a\u015bnie \u0142\u0105czy Ojca z Synem. <\/span><\/span><\/span><\/p>\n<p align=\"justify\"><span style=\"color: #000000;\"><span style=\"font-family: Book Antiqua, serif;\"><span style=\"font-size: large;\">I tak\u0105 jedno\u015b\u0107 \u2013 oczywi\u015bcie, nie a\u017c tak siln\u0105, bo takiej nie jeste\u015bmy w stanie osi\u0105gn\u0105\u0107, ale jak najmocniejsz\u0105, na jak\u0105 nas tylko sta\u0107 \u2013 <b>chcemy i my tworzy\u0107 z <\/b><b>Jezusem<\/b><b>. <\/b>Po prze\u017cyciach \u015awi\u0105t Narodzenia Pa\u0144skiego, ci\u0105gle jeszcze rozwa\u017camy t\u0119 tajemnic\u0119 w swoim sercu. \u015apiewamy kol\u0119dy, a w nich pojawiaj\u0105cy si\u0119 \u00f3w motyw <b>S\u0142owa, kt\u00f3re sta\u0142o si\u0119 cia\u0142em.<\/b> Czy zastanawiamy si\u0119, co \u015bpiewamy? <\/span><\/span><\/span><\/p>\n<p align=\"justify\"><span style=\"color: #000000;\"><span style=\"font-family: Book Antiqua, serif;\"><span style=\"font-size: large;\">Czy dopuszczamy do swojej \u015bwiadomo\u015bci t\u0119 prawd\u0119, \u017ce \u2013 i jak bardzo \u2013 <b>umi\u0142owa\u0142 nas B\u00f3g,<\/b> skoro zaplanowa\u0142 dla nas tak <b>mocn\u0105 wi\u0119\u017a, tak siln\u0105 jedno\u015b\u0107, z sob\u0105 samym,<\/b> i\u017c swego jedynego i jednorodzonego Syna pos\u0142a\u0142 do nas, aby Ten odda\u0142 za nas swoje \u017cycie i przez to wybawi\u0142 nas od wiecznego pot\u0119pienia? <\/span><\/span><\/span><\/p>\n<p align=\"justify\"><span style=\"color: #000000;\"><span style=\"font-family: Book Antiqua, serif;\"><span style=\"font-size: large;\">\u015awi\u0119ty Pawe\u0142 tak o tym m\u00f3wi w drugim czytaniu: <i><b>W Nim<\/b><\/i><b> <\/b>[czyli w Jezusie] <i><b>wybra\u0142 nas <\/b><\/i>[B\u00f3g]<b> <\/b><i><b>przed za\u0142o\u017ceniem \u015bwiata, aby\u015bmy byli \u015bwi\u0119ci i nieskalani przed Jego obliczem. Z mi\u0142o\u015bci przeznaczy\u0142 nas dla siebie jako przybranych syn\u00f3w przez Jezusa Chrystusa, wed\u0142ug postanowienia swej woli, ku chwale majestatu swej \u0142aski, kt\u00f3r\u0105 obdarzy\u0142 nas w Umi\u0142owanym.<\/b><\/i><b> <\/b><\/span><\/span><\/span><\/p>\n<p align=\"justify\"><span style=\"color: #000000;\"><span style=\"font-family: Book Antiqua, serif;\"><span style=\"font-size: large;\">Czy us\u0142yszeli\u015bmy dok\u0142adnie te s\u0142owa? B\u00f3g wybra\u0142 nas i ukocha\u0142 <b>ju\u017c przed za\u0142o\u017ceniem \u015bwiata! <\/b>Widzia\u0142 nas wszystkich w swoim Synu \u2013 zanim nas jeszcze powo\u0142a\u0142 do istnienia! Tak bardzo jeste\u015bmy dla Niego wa\u017cni \u2013<b> od pocz\u0105tku, <\/b>a wr\u0119cz: <b>bez pocz\u0105tku!<\/b><\/span><\/span><\/span><\/p>\n<p align=\"justify\"><span style=\"color: #000000;\"><span style=\"font-family: Book Antiqua, serif;\"><span style=\"font-size: large;\">Moi Drodzy, czy my si\u0119 nad tym w og\u00f3le kiedykolwiek zastanawiamy? Czy te\u017c traktujemy to jako <b>odleg\u0142\u0105 teori\u0119, <\/b>oderwan\u0105 zupe\u0142nie od naszego \u017cycia, dobr\u0105 dla ksi\u0119\u017cy, albo profesor\u00f3w teologii, kt\u00f3rzy na ten temat b\u0119d\u0105 sobie <b>snuli zawi\u0142e rozwa\u017cania<\/b> i prowadzili dysputy. A my mamy <b>na co dzie\u0144 inne problemy,<\/b> mamy swoje osobiste zmartwienia, ale i te k\u0142opoty, z kt\u00f3rymi boryka si\u0119 \u015bwiat, wi\u0119c je\u015bli si\u0119 ju\u017c modlimy, czy my\u015blimy o Bogu, to <b>jedynie o tym,<\/b> \u017ceby nam pom\u00f3g\u0142 <b>te problemy rozwi\u0105za<\/b><b>\u0107<\/b><b>,<\/b> ale ju\u017c nie ma dla nas znaczenia, czy to S\u0142owo by\u0142o na pocz\u0105tku, czy bez pocz\u0105tku; czy i jak wsp\u00f3\u0142istnia\u0142o z Ojcem?\u2026 <\/span><\/span><\/span><\/p>\n<p align=\"justify\"><span style=\"color: #000000;\"><span style=\"font-family: Book Antiqua, serif;\"><span style=\"font-size: large;\">Mo\u017ce nazbyt trywializuj\u0119 w tej chwili ca\u0142\u0105 spraw\u0119, ale przyznajmy, moi Drodzy, \u017ce <b>a\u017c tak bardzo nie roztrz\u0105samy<\/b> spraw relacji, \u0142\u0105cz\u0105cych Ojca z Synem, czy potem jeszcze \u2013 Ojca i Syna z Duchem \u015awi\u0119tym. A chyba jednak warto, bo jest to <b>doskona\u0142y wz\u00f3r i \u017ar\u00f3d\u0142o natchnienia<\/b> do budowania naszych relacji z Bogiem i naszych relacji pomi\u0119dzy sob\u0105. Aby sprawy wiary, sprawy Bo\u017ce, nie by\u0142y dla nas <b>dodatkiem do rzeczywisto\u015bci <\/b>\u2013 jedynie \u015bwi\u0105tecznym, albo na szczeg\u00f3lne okazje \u2013 ale by stanowi\u0142y <b>zasadnicz\u0105 tre\u015b\u0107<\/b> naszego \u017cycia. <\/span><\/span><\/span><\/p>\n<p align=\"justify\"><span style=\"color: #000000;\"><span style=\"font-family: Book Antiqua, serif;\"><span style=\"font-size: large;\">A sam Jezus by\u0142 dla nas <b>kim\u015b naprawd\u0119 wa\u017cnym,<\/b> kim\u015b tak bardzo bliskim, \u017ce b\u0119dziemy z Nim tworzy\u0107 <b>najg\u0142\u0119bsz\u0105 i najbardziej intymn\u0105, duchow\u0105 wi\u0119\u017a<\/b> \u2013 na wz\u00f3r tej, kt\u00f3r\u0105 On tworzy\u0142 ze swoim Ojcem. I \u017ce dzi\u0119ki temu b\u0119dziemy \u2013 jak Jan Chrzciciel \u2013 <b>s\u0142ugami \u015awiat\u0142o\u015bci! \u015awiadkami \u015awiat\u0142o\u015bci!<\/b> <\/span><\/span><\/span><\/p>\n<p align=\"justify\"><span style=\"color: #000000;\"><span style=\"font-family: Book Antiqua, serif;\"><span style=\"font-size: large;\">Nie b\u0119dziemy udawali, ani wmawiali sobie, \u017ce to my jeste\u015bmy \u015bwiat\u0142o\u015bci\u0105 i \u017ce sami dla siebie jeste\u015bmy punktem odniesienia i najwy\u017cszymi autorytetami, ale b\u0119dziemy tego <b>odniesienia szukali w Jezusie.<\/b> I to On pozostanie dla nas najwy\u017cszym <b>Autorytetem,<\/b> jedynym <b>Celem i Pragnieniem<\/b> naszego \u017cycia. <\/span><\/span><\/span><\/p>\n<p align=\"justify\"><span style=\"color: #000000;\"><span style=\"font-family: Book Antiqua, serif;\"><span style=\"font-size: large;\">W tym duchu, m\u00f3dlmy si\u0119 za siebie nawzajem \u2013 razem ze \u015awi\u0119tym Paw\u0142em \u2013 by <i><b>B\u00f3g Pana naszego Jezusa Chrystusa, Ojciec chwa\u0142y, da\u0142<\/b><\/i><b> [<\/b>nam]<b> <\/b><i><b>ducha m\u0105dro\u015bci i objawienia w g\u0142\u0119bszym poznawaniu Jego samego. Niech da<\/b><\/i><b> <\/b>[nam]<b> <\/b><i><b>\u015bwiat\u0142e oczy serca, tak<\/b><\/i><b> <\/b>[by\u015bmy]<b> <\/b><i><b>wiedzieli, czym jest nadzieja<\/b><\/i><b> <\/b>[naszego]<b> <\/b><i><b>powo\u0142ania<\/b><\/i><b> \u2013 <\/b>oczywi\u015bcie, tego najwa\u017cniejszego powo\u0142ania: <b>do \u015bwi\u0119to\u015bci. <\/b><\/span><\/span><\/span><\/p>\n<p align=\"justify\"><span style=\"color: #000000;\"><span style=\"font-family: Book Antiqua, serif;\"><span style=\"font-size: large;\">Niech da nam <i><b>\u015bwiat\u0142e oczy serca <\/b><\/i>\u2013 bardzo ciekawe sformu\u0142owanie. Ale o to w\u0142a\u015bnie prosimy: <b>o g\u0142\u0119bokie, wewn\u0119trzne spojrzenie<\/b> na Boga, na ca\u0142y otaczaj\u0105cy \u015bwiat, na ludzi, na samych siebie, na nasze \u017cycie\u2026 Aby\u015bmy <b>nie byli lud\u017ami pustymi,<\/b> wiecznie zap\u0119dzonymi, odbieraj\u0105cymi \u017cycie \u201epo \u0142ebkach\u201d, pospiesznie i pobie\u017cnie, ale by\u015bmy <b>\u017cyli g\u0142\u0119bi\u0105\u2026<\/b> A w tej g\u0142\u0119bi \u2013 budowali najg\u0142\u0119bsz\u0105, osobist\u0105, intymn\u0105, nierozerwaln\u0105 <b>wie\u017a z Jezusem Chrystusem. <\/b><\/span><\/span><\/span><\/p>\n<p align=\"justify\"><span style=\"color: #000000;\"><span style=\"font-family: Book Antiqua, serif;\"><span style=\"font-size: large;\">Bo On po to przyszed\u0142, aby tak\u0105 wi\u0119\u017a ze mn\u0105 osobi\u015bcie stworzy\u0107. On takiej wi\u0119zi ze mn\u0105 \u2013 jak najg\u0142\u0119bszej i jak najmocniejszej \u2013 bardzo chce. <b>Czy i ja jej chc\u0119? <\/b>Czy mam \u015bwiadomo\u015b\u0107, \u017ce taka w\u0142a\u015bnie wi\u0119\u017a przyniesie mi poczucie prawdziwego, <b>duchowego bezpiecze\u0144stwa i pokoju w sercu,<\/b> wobec tego wszystkiego, co si\u0119 wok\u00f3\u0142 mnie dzieje?\u2026 Co zrobi\u0119 <b>jeszcze dzisiaj, <\/b><b>ju\u017c teraz, <\/b>aby t\u0119 wi\u0119\u017a zbudowa\u0107, by j\u0105 jak najbardziej wzmocni\u0107?\u2026<\/span><\/span><\/span><\/p>\n","protected":false},"excerpt":{"rendered":"<p>Niech b\u0119dzie pochwalony Jezus Chrystus! Moi Drodzy, w dniu dzisiejszym imieniny prze\u017cywa nasza Mama, Danuta Ja\u015bkowska. Dzi\u0119kuj\u0105c \u2013 jak czyni\u0119 to przy ka\u017cdej okazji, tak\u017ce w czasie ostatniej Wigilii \u2013 za atmosfer\u0119 naszego rodzinnego Domu, kt\u00f3ry Solenizantka ogarnia swoim dobrym sercem i \u017cyciow\u0105 energi\u0105, pomimo choroby, \u017cyczymy i modlimy si\u0119 ca\u0142\u0105 Rodzin\u0105 o wszelkie dary [&hellip;]<\/p>\n","protected":false},"author":1,"featured_media":0,"comment_status":"open","ping_status":"open","sticky":false,"template":"","format":"standard","meta":{"jetpack_post_was_ever_published":false,"_jetpack_newsletter_access":"","_jetpack_dont_email_post_to_subs":false,"_jetpack_newsletter_tier_id":0,"_jetpack_memberships_contains_paywalled_content":false,"_jetpack_memberships_contains_paid_content":false,"footnotes":""},"categories":[1],"tags":[],"class_list":["post-18368","post","type-post","status-publish","format-standard","hentry","category-bez-kategorii"],"yoast_head":"<!-- This site is optimized with the Yoast SEO plugin v25.1 - https:\/\/yoast.com\/wordpress\/plugins\/seo\/ -->\n<title>Na pocz\u0105tku by\u0142o S\u0142owo... - Gaudium Et Spes<\/title>\n<meta name=\"robots\" content=\"index, follow, max-snippet:-1, max-image-preview:large, max-video-preview:-1\" \/>\n<link rel=\"canonical\" href=\"https:\/\/gaudiumetspes-blog.pl\/index.php\/2021\/01\/03\/na-poczatku-bylo-slowo\/\" \/>\n<meta property=\"og:locale\" content=\"pl_PL\" \/>\n<meta property=\"og:type\" content=\"article\" \/>\n<meta property=\"og:title\" content=\"Na pocz\u0105tku by\u0142o S\u0142owo... - Gaudium Et Spes\" \/>\n<meta property=\"og:description\" content=\"Niech b\u0119dzie pochwalony Jezus Chrystus! Moi Drodzy, w dniu dzisiejszym imieniny prze\u017cywa nasza Mama, Danuta Ja\u015bkowska. Dzi\u0119kuj\u0105c \u2013 jak czyni\u0119 to przy ka\u017cdej okazji, tak\u017ce w czasie ostatniej Wigilii \u2013 za atmosfer\u0119 naszego rodzinnego Domu, kt\u00f3ry Solenizantka ogarnia swoim dobrym sercem i \u017cyciow\u0105 energi\u0105, pomimo choroby, \u017cyczymy i modlimy si\u0119 ca\u0142\u0105 Rodzin\u0105 o wszelkie dary [&hellip;]\" \/>\n<meta property=\"og:url\" content=\"https:\/\/gaudiumetspes-blog.pl\/index.php\/2021\/01\/03\/na-poczatku-bylo-slowo\/\" \/>\n<meta property=\"og:site_name\" content=\"Gaudium Et Spes\" \/>\n<meta property=\"article:published_time\" content=\"2021-01-03T04:37:44+00:00\" \/>\n<meta name=\"author\" content=\"Ks. Jacek\" \/>\n<meta name=\"twitter:card\" content=\"summary_large_image\" \/>\n<meta name=\"twitter:label1\" content=\"Napisane przez\" \/>\n\t<meta name=\"twitter:data1\" content=\"Ks. Jacek\" \/>\n\t<meta name=\"twitter:label2\" content=\"Szacowany czas czytania\" \/>\n\t<meta name=\"twitter:data2\" content=\"15 minut\" \/>\n<script type=\"application\/ld+json\" class=\"yoast-schema-graph\">{\"@context\":\"https:\/\/schema.org\",\"@graph\":[{\"@type\":\"WebPage\",\"@id\":\"https:\/\/gaudiumetspes-blog.pl\/index.php\/2021\/01\/03\/na-poczatku-bylo-slowo\/\",\"url\":\"https:\/\/gaudiumetspes-blog.pl\/index.php\/2021\/01\/03\/na-poczatku-bylo-slowo\/\",\"name\":\"Na pocz\u0105tku by\u0142o S\u0142owo... - Gaudium Et Spes\",\"isPartOf\":{\"@id\":\"https:\/\/gaudiumetspes-blog.pl\/#website\"},\"datePublished\":\"2021-01-03T04:37:44+00:00\",\"author\":{\"@id\":\"https:\/\/gaudiumetspes-blog.pl\/#\/schema\/person\/1661982992b752dea8dff0d4ed845a65\"},\"breadcrumb\":{\"@id\":\"https:\/\/gaudiumetspes-blog.pl\/index.php\/2021\/01\/03\/na-poczatku-bylo-slowo\/#breadcrumb\"},\"inLanguage\":\"pl-PL\",\"potentialAction\":[{\"@type\":\"ReadAction\",\"target\":[\"https:\/\/gaudiumetspes-blog.pl\/index.php\/2021\/01\/03\/na-poczatku-bylo-slowo\/\"]}]},{\"@type\":\"BreadcrumbList\",\"@id\":\"https:\/\/gaudiumetspes-blog.pl\/index.php\/2021\/01\/03\/na-poczatku-bylo-slowo\/#breadcrumb\",\"itemListElement\":[{\"@type\":\"ListItem\",\"position\":1,\"name\":\"Strona g\u0142\u00f3wna\",\"item\":\"https:\/\/gaudiumetspes-blog.pl\/\"},{\"@type\":\"ListItem\",\"position\":2,\"name\":\"Na&nbsp;pocz\u0105tku by\u0142o S\u0142owo&#8230;\"}]},{\"@type\":\"WebSite\",\"@id\":\"https:\/\/gaudiumetspes-blog.pl\/#website\",\"url\":\"https:\/\/gaudiumetspes-blog.pl\/\",\"name\":\"Gaudium Et Spes\",\"description\":\"Blog Ks. Jacka Ja\u015bkowskiego\",\"potentialAction\":[{\"@type\":\"SearchAction\",\"target\":{\"@type\":\"EntryPoint\",\"urlTemplate\":\"https:\/\/gaudiumetspes-blog.pl\/?s={search_term_string}\"},\"query-input\":{\"@type\":\"PropertyValueSpecification\",\"valueRequired\":true,\"valueName\":\"search_term_string\"}}],\"inLanguage\":\"pl-PL\"},{\"@type\":\"Person\",\"@id\":\"https:\/\/gaudiumetspes-blog.pl\/#\/schema\/person\/1661982992b752dea8dff0d4ed845a65\",\"name\":\"Ks. Jacek\",\"image\":{\"@type\":\"ImageObject\",\"inLanguage\":\"pl-PL\",\"@id\":\"https:\/\/gaudiumetspes-blog.pl\/#\/schema\/person\/image\/\",\"url\":\"https:\/\/gaudiumetspes-blog.pl\/wp-content\/uploads\/2019\/07\/avatar-JJ-150x150.jpg\",\"contentUrl\":\"https:\/\/gaudiumetspes-blog.pl\/wp-content\/uploads\/2019\/07\/avatar-JJ-150x150.jpg\",\"caption\":\"Ks. Jacek\"},\"description\":\"Witam serdecznie! K\u0142ania si\u0119 Ks. Jacek Ja\u015bkowski. Nie jestem ani kim\u015b wa\u017cnym, ani kim\u015b znanym. Jestem ksi\u0119dzem, kt\u00f3ry po prostu chce rozmawia\u0107. Codzienna kap\u0142a\u0144ska pos\u0142uga pokazuje mi, \u017ce temat\u00f3w do rozm\u00f3w z ksi\u0119dzem jest coraz wi\u0119cej i dzisiaj \u017caden ksi\u0105dz nie mo\u017ce od nich ucieka\u0107, ale - wprost przeciwnie - podejmowa\u0107 nowe wyzwania. To przekonanie sk\u0142oni\u0142o mnie do pr\u00f3by otwarcia tego\u017c bloga, chocia\u017c okazji do rozm\u00f3w na co dzie\u0144 - w konfesjonale i poza nim - na szcz\u0119\u015bcie nie brakuje. My\u015bl\u0119 jednak, \u017ce ten blog b\u0119dzie jeszcze jednym sposobem i przestrzeni\u0105 nawi\u0105zania kontaktu z lud\u017ami dobrej woli, otwartymi na dialog.\",\"url\":\"https:\/\/gaudiumetspes-blog.pl\/index.php\/author\/ks-jacek\/\"}]}<\/script>\n<!-- \/ Yoast SEO plugin. -->","yoast_head_json":{"title":"Na pocz\u0105tku by\u0142o S\u0142owo... - Gaudium Et Spes","robots":{"index":"index","follow":"follow","max-snippet":"max-snippet:-1","max-image-preview":"max-image-preview:large","max-video-preview":"max-video-preview:-1"},"canonical":"https:\/\/gaudiumetspes-blog.pl\/index.php\/2021\/01\/03\/na-poczatku-bylo-slowo\/","og_locale":"pl_PL","og_type":"article","og_title":"Na pocz\u0105tku by\u0142o S\u0142owo... - Gaudium Et Spes","og_description":"Niech b\u0119dzie pochwalony Jezus Chrystus! Moi Drodzy, w dniu dzisiejszym imieniny prze\u017cywa nasza Mama, Danuta Ja\u015bkowska. Dzi\u0119kuj\u0105c \u2013 jak czyni\u0119 to przy ka\u017cdej okazji, tak\u017ce w czasie ostatniej Wigilii \u2013 za atmosfer\u0119 naszego rodzinnego Domu, kt\u00f3ry Solenizantka ogarnia swoim dobrym sercem i \u017cyciow\u0105 energi\u0105, pomimo choroby, \u017cyczymy i modlimy si\u0119 ca\u0142\u0105 Rodzin\u0105 o wszelkie dary [&hellip;]","og_url":"https:\/\/gaudiumetspes-blog.pl\/index.php\/2021\/01\/03\/na-poczatku-bylo-slowo\/","og_site_name":"Gaudium Et Spes","article_published_time":"2021-01-03T04:37:44+00:00","author":"Ks. Jacek","twitter_card":"summary_large_image","twitter_misc":{"Napisane przez":"Ks. Jacek","Szacowany czas czytania":"15 minut"},"schema":{"@context":"https:\/\/schema.org","@graph":[{"@type":"WebPage","@id":"https:\/\/gaudiumetspes-blog.pl\/index.php\/2021\/01\/03\/na-poczatku-bylo-slowo\/","url":"https:\/\/gaudiumetspes-blog.pl\/index.php\/2021\/01\/03\/na-poczatku-bylo-slowo\/","name":"Na pocz\u0105tku by\u0142o S\u0142owo... - Gaudium Et Spes","isPartOf":{"@id":"https:\/\/gaudiumetspes-blog.pl\/#website"},"datePublished":"2021-01-03T04:37:44+00:00","author":{"@id":"https:\/\/gaudiumetspes-blog.pl\/#\/schema\/person\/1661982992b752dea8dff0d4ed845a65"},"breadcrumb":{"@id":"https:\/\/gaudiumetspes-blog.pl\/index.php\/2021\/01\/03\/na-poczatku-bylo-slowo\/#breadcrumb"},"inLanguage":"pl-PL","potentialAction":[{"@type":"ReadAction","target":["https:\/\/gaudiumetspes-blog.pl\/index.php\/2021\/01\/03\/na-poczatku-bylo-slowo\/"]}]},{"@type":"BreadcrumbList","@id":"https:\/\/gaudiumetspes-blog.pl\/index.php\/2021\/01\/03\/na-poczatku-bylo-slowo\/#breadcrumb","itemListElement":[{"@type":"ListItem","position":1,"name":"Strona g\u0142\u00f3wna","item":"https:\/\/gaudiumetspes-blog.pl\/"},{"@type":"ListItem","position":2,"name":"Na&nbsp;pocz\u0105tku by\u0142o S\u0142owo&#8230;"}]},{"@type":"WebSite","@id":"https:\/\/gaudiumetspes-blog.pl\/#website","url":"https:\/\/gaudiumetspes-blog.pl\/","name":"Gaudium Et Spes","description":"Blog Ks. Jacka Ja\u015bkowskiego","potentialAction":[{"@type":"SearchAction","target":{"@type":"EntryPoint","urlTemplate":"https:\/\/gaudiumetspes-blog.pl\/?s={search_term_string}"},"query-input":{"@type":"PropertyValueSpecification","valueRequired":true,"valueName":"search_term_string"}}],"inLanguage":"pl-PL"},{"@type":"Person","@id":"https:\/\/gaudiumetspes-blog.pl\/#\/schema\/person\/1661982992b752dea8dff0d4ed845a65","name":"Ks. Jacek","image":{"@type":"ImageObject","inLanguage":"pl-PL","@id":"https:\/\/gaudiumetspes-blog.pl\/#\/schema\/person\/image\/","url":"https:\/\/gaudiumetspes-blog.pl\/wp-content\/uploads\/2019\/07\/avatar-JJ-150x150.jpg","contentUrl":"https:\/\/gaudiumetspes-blog.pl\/wp-content\/uploads\/2019\/07\/avatar-JJ-150x150.jpg","caption":"Ks. Jacek"},"description":"Witam serdecznie! K\u0142ania si\u0119 Ks. Jacek Ja\u015bkowski. Nie jestem ani kim\u015b wa\u017cnym, ani kim\u015b znanym. Jestem ksi\u0119dzem, kt\u00f3ry po prostu chce rozmawia\u0107. Codzienna kap\u0142a\u0144ska pos\u0142uga pokazuje mi, \u017ce temat\u00f3w do rozm\u00f3w z ksi\u0119dzem jest coraz wi\u0119cej i dzisiaj \u017caden ksi\u0105dz nie mo\u017ce od nich ucieka\u0107, ale - wprost przeciwnie - podejmowa\u0107 nowe wyzwania. To przekonanie sk\u0142oni\u0142o mnie do pr\u00f3by otwarcia tego\u017c bloga, chocia\u017c okazji do rozm\u00f3w na co dzie\u0144 - w konfesjonale i poza nim - na szcz\u0119\u015bcie nie brakuje. My\u015bl\u0119 jednak, \u017ce ten blog b\u0119dzie jeszcze jednym sposobem i przestrzeni\u0105 nawi\u0105zania kontaktu z lud\u017ami dobrej woli, otwartymi na dialog.","url":"https:\/\/gaudiumetspes-blog.pl\/index.php\/author\/ks-jacek\/"}]}},"jetpack_featured_media_url":"","jetpack_sharing_enabled":true,"_links":{"self":[{"href":"https:\/\/gaudiumetspes-blog.pl\/index.php\/wp-json\/wp\/v2\/posts\/18368","targetHints":{"allow":["GET"]}}],"collection":[{"href":"https:\/\/gaudiumetspes-blog.pl\/index.php\/wp-json\/wp\/v2\/posts"}],"about":[{"href":"https:\/\/gaudiumetspes-blog.pl\/index.php\/wp-json\/wp\/v2\/types\/post"}],"author":[{"embeddable":true,"href":"https:\/\/gaudiumetspes-blog.pl\/index.php\/wp-json\/wp\/v2\/users\/1"}],"replies":[{"embeddable":true,"href":"https:\/\/gaudiumetspes-blog.pl\/index.php\/wp-json\/wp\/v2\/comments?post=18368"}],"version-history":[{"count":1,"href":"https:\/\/gaudiumetspes-blog.pl\/index.php\/wp-json\/wp\/v2\/posts\/18368\/revisions"}],"predecessor-version":[{"id":18369,"href":"https:\/\/gaudiumetspes-blog.pl\/index.php\/wp-json\/wp\/v2\/posts\/18368\/revisions\/18369"}],"wp:attachment":[{"href":"https:\/\/gaudiumetspes-blog.pl\/index.php\/wp-json\/wp\/v2\/media?parent=18368"}],"wp:term":[{"taxonomy":"category","embeddable":true,"href":"https:\/\/gaudiumetspes-blog.pl\/index.php\/wp-json\/wp\/v2\/categories?post=18368"},{"taxonomy":"post_tag","embeddable":true,"href":"https:\/\/gaudiumetspes-blog.pl\/index.php\/wp-json\/wp\/v2\/tags?post=18368"}],"curies":[{"name":"wp","href":"https:\/\/api.w.org\/{rel}","templated":true}]}}