{"id":18370,"date":"2021-01-04T05:27:20","date_gmt":"2021-01-04T04:27:20","guid":{"rendered":"https:\/\/gaudiumetspes-blog.pl\/?p=18370"},"modified":"2021-01-04T00:28:43","modified_gmt":"2021-01-03T23:28:43","slug":"nauczycielu-gdzie-mieszkasz","status":"publish","type":"post","link":"https:\/\/gaudiumetspes-blog.pl\/index.php\/2021\/01\/04\/nauczycielu-gdzie-mieszkasz\/","title":{"rendered":"Nauczycielu, gdzie mieszkasz?&#8230;"},"content":{"rendered":"<p align=\"justify\"><span style=\"color: #000000;\"><span style=\"font-family: Book Antiqua, serif;\"><span style=\"font-size: large;\">Szcz\u0119\u015b\u0107 Bo\u017ce! Moi Drodzy, kolejna nowo\u015b\u0107 na naszym forum. Od dzisiaj, w poniedzia\u0142ki \u2013 o ile nie zajd\u0105 jakie\u015b nieprzewidziane okoliczno\u015bci \u2013 rozwa\u017cania b\u0119dzie przygotowywa\u0142 <b>Janek Kondej, Lektor <\/b><b>w<\/b><b> Samogoszczy,<\/b> czyli w Parafii, w kt\u00f3rej w zesz\u0142ym roku pomaga\u0142em duszpastersko.<\/span><\/span><\/span><\/p>\n<p align=\"justify\"><span style=\"color: #000000;\"><span style=\"font-family: Book Antiqua, serif;\"><span style=\"font-size: large;\">Po tym, jak zako\u0144czy\u0142em tam pos\u0142ug\u0119, Janek utrzymywa\u0142 ze mn\u0105 kontakt telefoniczny, smsowy, mailowy i na skype \u2013 przez ca\u0142y czas. To On dba\u0142 o jego utrzymanie, kiedy ja nie zawsze \u201enad\u0105\u017ca\u0142em\u201d. Niejednokrotnie zaskakiwa\u0142 mnie g\u0142\u0119bi\u0105 swojej wiary i trafno\u015bci\u0105 spostrze\u017ce\u0144 w r\u00f3\u017cnych \u017cyciowych kwestiach \u2013 chocia\u017c nie sko\u0144czy\u0142 \u017cadnej teologii, a jest uczniem technikum. <\/span><\/span><\/span><\/p>\n<p align=\"justify\"><span style=\"color: #000000;\"><span style=\"font-family: Book Antiqua, serif;\"><span style=\"font-size: large;\">Z Jego opiniami mogli\u015bmy si\u0119 niejednokrotnie spotka\u0107 na naszym forum, albo w czasie audycji w Katolickim Radiu Podlasie, w trakcie kt\u00f3rych zwykle mia\u0142em przyjemno\u015b\u0107 odczytywa\u0107 refleksje, jakie do nas przesy\u0142a\u0142. <\/span><\/span><\/span><\/p>\n<p align=\"justify\"><span style=\"color: #000000;\"><span style=\"font-family: Book Antiqua, serif;\"><span style=\"font-size: large;\">W swojej Parafii, w Samogoszczy, jest \u201epraw\u0105 r\u0119k\u0105\u201d Ksi\u0119dza Proboszcza, pomagaj\u0105c w liturgii i w pracach porz\u0105dkowych, lub dekoracyjnych. <\/span><\/span><\/span><\/p>\n<p align=\"justify\"><span style=\"color: #000000;\"><span style=\"font-family: Book Antiqua, serif;\"><span style=\"font-size: large;\">Bardzo si\u0119 ciesz\u0119, \u017ce zgodzi\u0142 si\u0119 \u2013 dodam, \u017ce bardzo ch\u0119tnie i z otwartym sercem \u2013 na t\u0119 nasz\u0105 wsp\u00f3\u0142prac\u0119 na blogu. Dzi\u0119kuj\u0119 Mu za to serdecznie! Janek jest naszym sta\u0142ym Czytelnikiem i Komentatorem, dobrze wi\u0119c, \u017ce b\u0119dzie jednym z Autor\u00f3w. Uwa\u017cam, \u017ce wielkim ubogaceniem tego forum b\u0119d\u0105 refleksje na temat Bo\u017cego s\u0142owa, pisane przez Cz\u0142owieka \u015bwieckiego i m\u0142odego, \u015bwiadomego swojej wiary i zaanga\u017cowanego w \u017cycie Ko\u015bcio\u0142a, a do tego \u2013 trze\u017awo my\u015bl\u0105cego i \u017cyj\u0105cego modlitw\u0105.<\/span><\/span><\/span><\/p>\n<p align=\"justify\"><span style=\"color: #000000;\"><span style=\"font-family: Book Antiqua, serif;\"><span style=\"font-size: large;\">Ze swej strony, zapewniam, \u017ce b\u0119d\u0119 przegl\u0105da\u0142 \u2013 od strony teologicznej \u2013 tre\u015b\u0107 rozwa\u017ca\u0144, ewentualnie poprawi\u0119 niejasne sformu\u0142owania. Natomiast b\u0119d\u0119 si\u0119 stara\u0142 jak najmniej ingerowa\u0107 w spos\u00f3b my\u015blenia Janka i w tre\u015b\u0107 Jego przes\u0142ania. Licz\u0119, \u017ce w swoich komentarzach b\u0119dziecie odnosi\u0107 si\u0119 do tego, co Janek b\u0119dzie nam chcia\u0142 ka\u017cdorazowo podarowa\u0107.<\/span><\/span><\/span><\/p>\n<p align=\"justify\"><span style=\"color: #000000;\"><span style=\"font-family: Book Antiqua, serif;\"><span style=\"font-size: large;\">Zapraszam zatem do pochylenia si\u0119 nad Bo\u017cym s\u0142owem dzisiejszego dnia, aby odnale\u017a\u0107 to <b>jedno osobiste przes\u0142anie, z jakim Pan zwraca si\u0119 do mnie dzisiaj.<\/b><\/span><\/span><\/span><\/p>\n<p align=\"justify\"><span style=\"color: #000000;\"><span style=\"font-family: Book Antiqua, serif;\"><span style=\"font-size: large;\"><b>Niech Was b\u0142ogos\u0142awi B\u00f3g Wszechmog\u0105cy: Ojciec + i Syn, i Duch \u015awi\u0119ty. Amen<\/b><\/span><\/span><\/span><\/p>\n<p align=\"center\"><span style=\"color: #000000;\"><span style=\"font-family: Book Antiqua, serif;\"><span style=\"font-size: large;\">Gaudium et spes! Ks. Jacek<\/span><\/span><\/span><\/p>\n<p align=\"center\">\n<p align=\"center\">\n<p align=\"center\">\n<p align=\"center\">\n<p align=\"center\">\n<p align=\"justify\"><span style=\"color: #000000;\"><span style=\"font-family: Book Antiqua, serif;\"><span style=\"font-size: large;\"><b>4 stycznia 2021.,<\/b><\/span><\/span><\/span><\/p>\n<p align=\"justify\"><span style=\"color: #000000;\"><span style=\"font-family: Book Antiqua, serif;\"><span style=\"font-size: large;\"><b>do czyta\u0144: 1 J 3,7\u201310; J 1,35\u201342<\/b><\/span><\/span><\/span><\/p>\n<p align=\"justify\">\n<p align=\"justify\">\n<p align=\"justify\">\n<p align=\"justify\">\n<p align=\"justify\">\n<p align=\"justify\"><span style=\"color: #000000;\"><span style=\"font-family: Book Antiqua, serif;\"><span style=\"font-size: large;\"><b>CZYTANIE Z PIERWSZEGO LISTU \u015aWI\u0118TEGO JANA APOSTO\u0141A:<\/b><\/span><\/span><\/span><\/p>\n<p align=\"justify\"><span style=\"color: #000000;\"><span style=\"font-family: Book Antiqua, serif;\"><span style=\"font-size: large;\"><b>Dzieci, nie dajcie si\u0119 zwodzi\u0107 nikomu; <\/b><\/span><\/span><\/span><\/p>\n<p align=\"justify\"><span style=\"color: #000000;\"><span style=\"font-family: Book Antiqua, serif;\"><span style=\"font-size: large;\"><b>kto post\u0119puje sprawiedliwie, <\/b><\/span><\/span><\/span><\/p>\n<p align=\"justify\"><span style=\"color: #000000;\"><span style=\"font-family: Book Antiqua, serif;\"><span style=\"font-size: large;\"><b>jest sprawiedliwy, <\/b><\/span><\/span><\/span><\/p>\n<p align=\"justify\"><span style=\"color: #000000;\"><span style=\"font-family: Book Antiqua, serif;\"><span style=\"font-size: large;\"><b>tak jak On jest sprawiedliwy.<\/b><\/span><\/span><\/span><\/p>\n<p align=\"justify\"><span style=\"color: #000000;\"><span style=\"font-family: Book Antiqua, serif;\"><span style=\"font-size: large;\"><b>Kto grzeszy, jest dzieckiem diab\u0142a, <\/b><\/span><\/span><\/span><\/p>\n<p align=\"justify\"><span style=\"color: #000000;\"><span style=\"font-family: Book Antiqua, serif;\"><span style=\"font-size: large;\"><b>poniewa\u017c diabe\u0142 trwa w grzechu od pocz\u0105tku. <\/b><\/span><\/span><\/span><\/p>\n<p align=\"justify\"><span style=\"color: #000000;\"><span style=\"font-family: Book Antiqua, serif;\"><span style=\"font-size: large;\"><b>Syn Bo\u017cy objawi\u0142 si\u0119 po to, <\/b><\/span><\/span><\/span><\/p>\n<p align=\"justify\"><span style=\"color: #000000;\"><span style=\"font-family: Book Antiqua, serif;\"><span style=\"font-size: large;\"><b>aby zniszczy\u0107 dzie\u0142a diab\u0142a. <\/b><\/span><\/span><\/span><\/p>\n<p align=\"justify\"><span style=\"color: #000000;\"><span style=\"font-family: Book Antiqua, serif;\"><span style=\"font-size: large;\"><b>Ka\u017cdy, kto narodzi\u0142 si\u0119 z Boga, <\/b><\/span><\/span><\/span><\/p>\n<p align=\"justify\"><span style=\"color: #000000;\"><span style=\"font-family: Book Antiqua, serif;\"><span style=\"font-size: large;\"><b>nie grzeszy, <\/b><\/span><\/span><\/span><\/p>\n<p align=\"justify\"><span style=\"color: #000000;\"><span style=\"font-family: Book Antiqua, serif;\"><span style=\"font-size: large;\"><b>gdy\u017c trwa w nim nasienie Bo\u017ce; <\/b><\/span><\/span><\/span><\/p>\n<p align=\"justify\"><span style=\"color: #000000;\"><span style=\"font-family: Book Antiqua, serif;\"><span style=\"font-size: large;\"><b>taki nie mo\u017ce grzeszy\u0107, <\/b><\/span><\/span><\/span><\/p>\n<p align=\"justify\"><span style=\"color: #000000;\"><span style=\"font-family: Book Antiqua, serif;\"><span style=\"font-size: large;\"><b>bo narodzi\u0142 si\u0119 z Boga.<\/b><\/span><\/span><\/span><\/p>\n<p align=\"justify\"><span style=\"color: #000000;\"><span style=\"font-family: Book Antiqua, serif;\"><span style=\"font-size: large;\"><b>Dzi\u0119ki temu mo\u017cna rozpozna\u0107 <\/b><\/span><\/span><\/span><\/p>\n<p align=\"justify\"><span style=\"color: #000000;\"><span style=\"font-family: Book Antiqua, serif;\"><span style=\"font-size: large;\"><b>dzieci Boga i dzieci diab\u0142a: <\/b><\/span><\/span><\/span><\/p>\n<p align=\"justify\"><span style=\"color: #000000;\"><span style=\"font-family: Book Antiqua, serif;\"><span style=\"font-size: large;\"><b>ka\u017cdy, kto post\u0119puje niesprawiedliwie, <\/b><\/span><\/span><\/span><\/p>\n<p align=\"justify\"><span style=\"color: #000000;\"><span style=\"font-family: Book Antiqua, serif;\"><span style=\"font-size: large;\"><b>nie jest z Boga, <\/b><\/span><\/span><\/span><\/p>\n<p align=\"justify\"><span style=\"color: #000000;\"><span style=\"font-family: Book Antiqua, serif;\"><span style=\"font-size: large;\"><b>jak i ten, kto nie mi\u0142uje swego brata.<\/b><\/span><\/span><\/span><\/p>\n<p align=\"justify\">\n<p align=\"justify\">\n<p align=\"justify\">\n<p align=\"justify\">\n<p align=\"justify\">\n<p align=\"justify\"><span style=\"color: #000000;\"><span style=\"font-family: Book Antiqua, serif;\"><span style=\"font-size: large;\"><b>S\u0141OWA EWANGELII WED\u0141UG \u015aWI\u0118TEGO JANA:<\/b><\/span><\/span><\/span><\/p>\n<p align=\"justify\"><span style=\"color: #000000;\"><span style=\"font-family: Book Antiqua, serif;\"><span style=\"font-size: large;\"><b>Jan Chrzciciel sta\u0142 wraz z dwoma swoimi uczniami i gdy zobaczy\u0142 przechodz\u0105cego Jezusa, rzek\u0142: \u201eOto Baranek Bo\u017cy\u201d. Dwaj uczniowie us\u0142yszeli, jak m\u00f3wi\u0142, i poszli za Jezusem.<\/b><\/span><\/span><\/span><\/p>\n<p align=\"justify\"><span style=\"color: #000000;\"><span style=\"font-family: Book Antiqua, serif;\"><span style=\"font-size: large;\"><b>Jezus za\u015b odwr\u00f3ciwszy si\u0119 i ujrzawszy, \u017ce oni id\u0105 za Nim, rzek\u0142 do nich: \u201eCzego szukacie?\u201d <\/b><\/span><\/span><\/span><\/p>\n<p align=\"justify\"><span style=\"color: #000000;\"><span style=\"font-family: Book Antiqua, serif;\"><span style=\"font-size: large;\"><b>Oni powiedzieli do Niego: \u201eRabbi! (to znaczy: Nauczycielu), gdzie mieszkasz?\u201d <\/b><\/span><\/span><\/span><\/p>\n<p align=\"justify\"><span style=\"color: #000000;\"><span style=\"font-family: Book Antiqua, serif;\"><span style=\"font-size: large;\"><b>Odpowiedzia\u0142 im: \u201eChod\u017acie, a zobaczycie\u201d. Poszli wi\u0119c i zobaczyli, gdzie mieszka, i tego dnia pozostali u Niego. By\u0142o to oko\u0142o godziny dziesi\u0105tej.<\/b><\/span><\/span><\/span><\/p>\n<p align=\"justify\"><span style=\"color: #000000;\"><span style=\"font-family: Book Antiqua, serif;\"><span style=\"font-size: large;\"><b>Jednym z dw\u00f3ch, kt\u00f3rzy to us\u0142yszeli od Jana i poszli za nim, by\u0142 Andrzej, brat Szymona Piotra. Ten spotka\u0142 najpierw swego brata i rzek\u0142 do niego: \u201eZnale\u017ali\u015bmy Mesjasza\u201d (to znaczy: Chrystusa). I przyprowadzi\u0142 go do Jezusa. A Jezus wejrzawszy na niego rzek\u0142: \u201eTy jeste\u015b Szymon, syn Jana, ty b\u0119dziesz nazywa\u0142 si\u0119 Kefas\u201d (to znaczy: Piotr).<\/b><\/span><\/span><\/span><\/p>\n<p align=\"justify\">\n<p align=\"justify\">\n<p align=\"justify\">\n<p align=\"justify\">\n<p align=\"justify\">\n<p align=\"center\"><span style=\"color: #000000;\"><span style=\"font-family: Book Antiqua, serif;\"><span style=\"font-size: large;\"><b>A <\/b><b>OTO S\u0141\u00d3WKO JANKA:<\/b><\/span><\/span><\/span><\/p>\n<p align=\"center\">\n<p align=\"center\">\n<p align=\"center\">\n<p align=\"center\">\n<p align=\"center\">\n<p align=\"justify\"><span style=\"font-family: Book Antiqua, serif;\"><span style=\"font-size: large;\">W dzisiejszym czytaniu, \u015awi\u0119ty Jan napisa\u0142 bardzo mocne zdanie: <i><b>Kto grzeszy, jest dzieckiem diab\u0142a, poniewa\u017c diabe\u0142 trwa w grzechu od pocz\u0105tku.<\/b><\/i> To jest szczera prawda. Ludzie teraz mog\u0105 powiedzie\u0107 ,,Ale jak, my, osoby wierz\u0105ce w Boga, chodz\u0105ce do ko\u015bcio\u0142a, jeste\u015bmy dzie\u0107mi diab\u0142a?\u201d<\/span><\/span><\/p>\n<p align=\"justify\"><span style=\"font-family: Book Antiqua, serif;\"><span style=\"font-size: large;\">Kiedy\u015b na facebooku widzia\u0142em takie mocne zdj\u0119cie, na kt\u00f3rym by\u0142o napisane tak: ,,Ko\u015bci\u00f3\u0142 jest szpitalem dla grzesznik\u00f3w, a nie muzeum dla \u015awi\u0119tych!\u201d I w\u0142a\u015bnie dlatego Jezus ustanowi\u0142 Sakrament Pokuty i Pojednania, by\u015bmy mimo tego grzechu kt\u00f3ry pope\u0142niamy, wyrywali si\u0119 z r\u0105k diab\u0142a i zn\u00f3w byli blisko Boga. <\/span><\/span><\/p>\n<p align=\"justify\"><span style=\"font-family: Book Antiqua, serif;\"><span style=\"font-size: large;\">\u0141atwiej jest ludziom grzeszy\u0107, ni\u017c robi\u0107 dobre uczynki. Dlatego m\u00f3wi si\u0119, \u017ce do piek\u0142a prowadzi autostrada, a do Nieba \u2013 w\u0105skie i strome schody. Powinni\u015bmy \u2013 po wys\u0142uchaniu tego czytania \u2013 zada\u0107 sobie pytanie: Jak wygl\u0105da nasze ziemskie \u017cycie? Czy staramy si\u0119 tego grzechu jak najbardziej unika\u0107, czy jednak wchodzimy w ten grzech i nawet nie mamy wyrzut\u00f3w, \u017ce go pope\u0142niamy?<\/span><\/span><\/p>\n<p align=\"justify\"><span style=\"font-family: Book Antiqua, serif;\"><span style=\"font-size: large;\">W dzisiejszej Ewangelii s\u0142yszymy, jak \u015awi\u0119ty Jan Chrzciciel odda\u0142 swoich dw\u00f3ch uczni\u00f3w Jezusowi. Ci dwaj uczniowie, gdy us\u0142yszeli wypowiedziane przez Jana Chrzciciela s\u0142owa: <i><b>Oto Baranek Bo\u017cy,<\/b><\/i> bez zastanowienia poszli za Jezusem. P\u00f3\u017aniej zacz\u0119li coraz bardziej poznawa\u0107 Jezusa. <\/span><\/span><\/p>\n<p align=\"justify\"><span style=\"font-family: Book Antiqua, serif;\"><span style=\"font-size: medium;\"><span style=\"font-size: large;\">A <\/span><span style=\"font-size: large;\">Jezus, odwr\u00f3ciwszy si\u0119 i ujrzawszy, \u017ce oni id\u0105 za Nim, rzek\u0142 do nich: <\/span><span style=\"font-size: large;\"><i><b>Czego szukacie?<\/b><\/i><\/span><span style=\"font-size: large;\"> Oni powiedzieli do Niego: <\/span><span style=\"font-size: large;\"><i><b>Rabbi! <\/b><\/i><\/span><span style=\"font-size: large;\"><b>(to znaczy: Nauczycielu),<\/b><\/span><span style=\"font-size: large;\"><i><b> gdzie mieszkasz? <\/b><\/i><\/span><span style=\"color: #000000;\"><span style=\"font-size: large;\">I Jezus zaprosi\u0142 ich do swojego domu. <\/span><\/span><\/span><\/span><\/p>\n<p align=\"justify\"><span style=\"font-family: Book Antiqua, serif;\"><span style=\"font-size: medium;\"><span style=\"color: #000000;\"><span style=\"font-size: large;\">A <\/span><\/span><span style=\"color: #000000;\"><span style=\"font-size: large;\">gdy znale\u017ali ju\u017c Mesjasza, <\/span><\/span><span style=\"color: #000000;\"><span style=\"font-size: large;\">j<\/span><\/span><span style=\"color: #000000;\"><span style=\"font-size: large;\">eden <\/span><\/span><span style=\"color: #000000;\"><span style=\"font-size: large;\">z nich,<\/span><\/span><span style=\"color: #000000;\"><span style=\"font-size: large;\"> Andrzej, poszed\u0142 do Szymona Piotra, swojego brata. I przyprowadzi\u0142 <\/span><\/span><span style=\"color: #000000;\"><span style=\"font-size: large;\">g<\/span><\/span><span style=\"color: #000000;\"><span style=\"font-size: large;\">o do Jezusa. <\/span><\/span><\/span><\/span><\/p>\n<p align=\"justify\"><span style=\"font-family: Book Antiqua, serif;\"><span style=\"font-size: medium;\"><span style=\"color: #000000;\"><span style=\"font-size: large;\">A czy my \u2013 zwykli, \u015bwieccy ludzie \u2013 <\/span><\/span><span style=\"color: #000000;\"><span style=\"font-size: large;\">p<\/span><\/span><span style=\"color: #000000;\"><span style=\"font-size: large;\">otrafimy powiedzie\u0107 to, co powiedzia\u0142 Andrzej, do swojego brata: <\/span><\/span><span style=\"color: #000000;\"><span style=\"font-size: large;\">\u017c<\/span><\/span><span style=\"color: #000000;\"><span style=\"font-size: large;\">e znale\u017ali\u015bmy Chrystusa i poznali\u015bmy <\/span><\/span><span style=\"color: #000000;\"><span style=\"font-size: large;\">z Nim<\/span><\/span><span style=\"color: #000000;\"><span style=\"font-size: large;\"> osob<\/span><\/span><span style=\"color: #000000;\"><span style=\"font-size: large;\">\u0119,<\/span><\/span><span style=\"color: #000000;\"><span style=\"font-size: large;\"> kt\u00f3ra jeszcze nie znalaz\u0142a Chrystusa i nie pozna\u0142a Go? <\/span><\/span><\/span><\/span><\/p>\n<p align=\"justify\"><span style=\"font-family: Book Antiqua, serif;\"><span style=\"font-size: medium;\"><span style=\"color: #000000;\"><span style=\"font-size: large;\">Na ile to tylko <\/span><\/span><span style=\"color: #000000;\"><span style=\"font-size: large;\">mo\u017cliwe, dawajmy swoje \u015bwiadectwo odnalezienia w swoim \u017cyciu Jezusa Chrystusa innym! Nie trzeba by\u0107 ksi\u0119dzem, zakonnikiem czy <\/span><\/span><span style=\"color: #000000;\"><span style=\"font-size: large;\">w og\u00f3le<\/span><\/span><span style=\"color: #000000;\"><span style=\"font-size: large;\"> duchownym, by nawraca\u0107 ludzi na w\u0142a\u015bciw\u0105 drog\u0119. <\/span><\/span><\/span><\/span><\/p>\n<p align=\"justify\"><span style=\"font-family: Book Antiqua, serif;\"><span style=\"font-size: medium;\"><span style=\"color: #000000;\"><span style=\"font-size: large;\">Ale przed tym powinni\u015bmy sami postawi\u0107 sobie pytanie: Czy my odnale\u017ali\u015bmy prawdziwie Jezusa Chrystusa w swoim <\/span><\/span><span style=\"color: #000000;\"><span style=\"font-size: large;\">\u017cyciu?\u2026<\/span><\/span><\/span><\/span><\/p>\n","protected":false},"excerpt":{"rendered":"<p>Szcz\u0119\u015b\u0107 Bo\u017ce! Moi Drodzy, kolejna nowo\u015b\u0107 na naszym forum. Od dzisiaj, w poniedzia\u0142ki \u2013 o ile nie zajd\u0105 jakie\u015b nieprzewidziane okoliczno\u015bci \u2013 rozwa\u017cania b\u0119dzie przygotowywa\u0142 Janek Kondej, Lektor w Samogoszczy, czyli w Parafii, w kt\u00f3rej w zesz\u0142ym roku pomaga\u0142em duszpastersko. Po tym, jak zako\u0144czy\u0142em tam pos\u0142ug\u0119, Janek utrzymywa\u0142 ze mn\u0105 kontakt telefoniczny, smsowy, mailowy i [&hellip;]<\/p>\n","protected":false},"author":1,"featured_media":0,"comment_status":"open","ping_status":"open","sticky":false,"template":"","format":"standard","meta":{"jetpack_post_was_ever_published":false,"_jetpack_newsletter_access":"","_jetpack_dont_email_post_to_subs":false,"_jetpack_newsletter_tier_id":0,"_jetpack_memberships_contains_paywalled_content":false,"_jetpack_memberships_contains_paid_content":false,"footnotes":""},"categories":[1],"tags":[],"class_list":["post-18370","post","type-post","status-publish","format-standard","hentry","category-bez-kategorii"],"yoast_head":"<!-- This site is optimized with the Yoast SEO plugin v25.1 - https:\/\/yoast.com\/wordpress\/plugins\/seo\/ -->\n<title>Nauczycielu, gdzie mieszkasz?... - Gaudium Et Spes<\/title>\n<meta name=\"robots\" content=\"index, follow, max-snippet:-1, max-image-preview:large, max-video-preview:-1\" \/>\n<link rel=\"canonical\" href=\"https:\/\/gaudiumetspes-blog.pl\/index.php\/2021\/01\/04\/nauczycielu-gdzie-mieszkasz\/\" \/>\n<meta property=\"og:locale\" content=\"pl_PL\" \/>\n<meta property=\"og:type\" content=\"article\" \/>\n<meta property=\"og:title\" content=\"Nauczycielu, gdzie mieszkasz?... - Gaudium Et Spes\" \/>\n<meta property=\"og:description\" content=\"Szcz\u0119\u015b\u0107 Bo\u017ce! Moi Drodzy, kolejna nowo\u015b\u0107 na naszym forum. Od dzisiaj, w poniedzia\u0142ki \u2013 o ile nie zajd\u0105 jakie\u015b nieprzewidziane okoliczno\u015bci \u2013 rozwa\u017cania b\u0119dzie przygotowywa\u0142 Janek Kondej, Lektor w Samogoszczy, czyli w Parafii, w kt\u00f3rej w zesz\u0142ym roku pomaga\u0142em duszpastersko. Po tym, jak zako\u0144czy\u0142em tam pos\u0142ug\u0119, Janek utrzymywa\u0142 ze mn\u0105 kontakt telefoniczny, smsowy, mailowy i [&hellip;]\" \/>\n<meta property=\"og:url\" content=\"https:\/\/gaudiumetspes-blog.pl\/index.php\/2021\/01\/04\/nauczycielu-gdzie-mieszkasz\/\" \/>\n<meta property=\"og:site_name\" content=\"Gaudium Et Spes\" \/>\n<meta property=\"article:published_time\" content=\"2021-01-04T04:27:20+00:00\" \/>\n<meta name=\"author\" content=\"Ks. Jacek\" \/>\n<meta name=\"twitter:card\" content=\"summary_large_image\" \/>\n<meta name=\"twitter:label1\" content=\"Napisane przez\" \/>\n\t<meta name=\"twitter:data1\" content=\"Ks. Jacek\" \/>\n\t<meta name=\"twitter:label2\" content=\"Szacowany czas czytania\" \/>\n\t<meta name=\"twitter:data2\" content=\"5 minut\" \/>\n<script type=\"application\/ld+json\" class=\"yoast-schema-graph\">{\"@context\":\"https:\/\/schema.org\",\"@graph\":[{\"@type\":\"WebPage\",\"@id\":\"https:\/\/gaudiumetspes-blog.pl\/index.php\/2021\/01\/04\/nauczycielu-gdzie-mieszkasz\/\",\"url\":\"https:\/\/gaudiumetspes-blog.pl\/index.php\/2021\/01\/04\/nauczycielu-gdzie-mieszkasz\/\",\"name\":\"Nauczycielu, gdzie mieszkasz?... - Gaudium Et Spes\",\"isPartOf\":{\"@id\":\"https:\/\/gaudiumetspes-blog.pl\/#website\"},\"datePublished\":\"2021-01-04T04:27:20+00:00\",\"author\":{\"@id\":\"https:\/\/gaudiumetspes-blog.pl\/#\/schema\/person\/1661982992b752dea8dff0d4ed845a65\"},\"breadcrumb\":{\"@id\":\"https:\/\/gaudiumetspes-blog.pl\/index.php\/2021\/01\/04\/nauczycielu-gdzie-mieszkasz\/#breadcrumb\"},\"inLanguage\":\"pl-PL\",\"potentialAction\":[{\"@type\":\"ReadAction\",\"target\":[\"https:\/\/gaudiumetspes-blog.pl\/index.php\/2021\/01\/04\/nauczycielu-gdzie-mieszkasz\/\"]}]},{\"@type\":\"BreadcrumbList\",\"@id\":\"https:\/\/gaudiumetspes-blog.pl\/index.php\/2021\/01\/04\/nauczycielu-gdzie-mieszkasz\/#breadcrumb\",\"itemListElement\":[{\"@type\":\"ListItem\",\"position\":1,\"name\":\"Strona g\u0142\u00f3wna\",\"item\":\"https:\/\/gaudiumetspes-blog.pl\/\"},{\"@type\":\"ListItem\",\"position\":2,\"name\":\"Nauczycielu, gdzie mieszkasz?&#8230;\"}]},{\"@type\":\"WebSite\",\"@id\":\"https:\/\/gaudiumetspes-blog.pl\/#website\",\"url\":\"https:\/\/gaudiumetspes-blog.pl\/\",\"name\":\"Gaudium Et Spes\",\"description\":\"Blog Ks. Jacka Ja\u015bkowskiego\",\"potentialAction\":[{\"@type\":\"SearchAction\",\"target\":{\"@type\":\"EntryPoint\",\"urlTemplate\":\"https:\/\/gaudiumetspes-blog.pl\/?s={search_term_string}\"},\"query-input\":{\"@type\":\"PropertyValueSpecification\",\"valueRequired\":true,\"valueName\":\"search_term_string\"}}],\"inLanguage\":\"pl-PL\"},{\"@type\":\"Person\",\"@id\":\"https:\/\/gaudiumetspes-blog.pl\/#\/schema\/person\/1661982992b752dea8dff0d4ed845a65\",\"name\":\"Ks. Jacek\",\"image\":{\"@type\":\"ImageObject\",\"inLanguage\":\"pl-PL\",\"@id\":\"https:\/\/gaudiumetspes-blog.pl\/#\/schema\/person\/image\/\",\"url\":\"https:\/\/gaudiumetspes-blog.pl\/wp-content\/uploads\/2019\/07\/avatar-JJ-150x150.jpg\",\"contentUrl\":\"https:\/\/gaudiumetspes-blog.pl\/wp-content\/uploads\/2019\/07\/avatar-JJ-150x150.jpg\",\"caption\":\"Ks. Jacek\"},\"description\":\"Witam serdecznie! K\u0142ania si\u0119 Ks. Jacek Ja\u015bkowski. Nie jestem ani kim\u015b wa\u017cnym, ani kim\u015b znanym. Jestem ksi\u0119dzem, kt\u00f3ry po prostu chce rozmawia\u0107. Codzienna kap\u0142a\u0144ska pos\u0142uga pokazuje mi, \u017ce temat\u00f3w do rozm\u00f3w z ksi\u0119dzem jest coraz wi\u0119cej i dzisiaj \u017caden ksi\u0105dz nie mo\u017ce od nich ucieka\u0107, ale - wprost przeciwnie - podejmowa\u0107 nowe wyzwania. To przekonanie sk\u0142oni\u0142o mnie do pr\u00f3by otwarcia tego\u017c bloga, chocia\u017c okazji do rozm\u00f3w na co dzie\u0144 - w konfesjonale i poza nim - na szcz\u0119\u015bcie nie brakuje. My\u015bl\u0119 jednak, \u017ce ten blog b\u0119dzie jeszcze jednym sposobem i przestrzeni\u0105 nawi\u0105zania kontaktu z lud\u017ami dobrej woli, otwartymi na dialog.\",\"url\":\"https:\/\/gaudiumetspes-blog.pl\/index.php\/author\/ks-jacek\/\"}]}<\/script>\n<!-- \/ Yoast SEO plugin. -->","yoast_head_json":{"title":"Nauczycielu, gdzie mieszkasz?... - Gaudium Et Spes","robots":{"index":"index","follow":"follow","max-snippet":"max-snippet:-1","max-image-preview":"max-image-preview:large","max-video-preview":"max-video-preview:-1"},"canonical":"https:\/\/gaudiumetspes-blog.pl\/index.php\/2021\/01\/04\/nauczycielu-gdzie-mieszkasz\/","og_locale":"pl_PL","og_type":"article","og_title":"Nauczycielu, gdzie mieszkasz?... - Gaudium Et Spes","og_description":"Szcz\u0119\u015b\u0107 Bo\u017ce! Moi Drodzy, kolejna nowo\u015b\u0107 na naszym forum. Od dzisiaj, w poniedzia\u0142ki \u2013 o ile nie zajd\u0105 jakie\u015b nieprzewidziane okoliczno\u015bci \u2013 rozwa\u017cania b\u0119dzie przygotowywa\u0142 Janek Kondej, Lektor w Samogoszczy, czyli w Parafii, w kt\u00f3rej w zesz\u0142ym roku pomaga\u0142em duszpastersko. Po tym, jak zako\u0144czy\u0142em tam pos\u0142ug\u0119, Janek utrzymywa\u0142 ze mn\u0105 kontakt telefoniczny, smsowy, mailowy i [&hellip;]","og_url":"https:\/\/gaudiumetspes-blog.pl\/index.php\/2021\/01\/04\/nauczycielu-gdzie-mieszkasz\/","og_site_name":"Gaudium Et Spes","article_published_time":"2021-01-04T04:27:20+00:00","author":"Ks. Jacek","twitter_card":"summary_large_image","twitter_misc":{"Napisane przez":"Ks. Jacek","Szacowany czas czytania":"5 minut"},"schema":{"@context":"https:\/\/schema.org","@graph":[{"@type":"WebPage","@id":"https:\/\/gaudiumetspes-blog.pl\/index.php\/2021\/01\/04\/nauczycielu-gdzie-mieszkasz\/","url":"https:\/\/gaudiumetspes-blog.pl\/index.php\/2021\/01\/04\/nauczycielu-gdzie-mieszkasz\/","name":"Nauczycielu, gdzie mieszkasz?... - Gaudium Et Spes","isPartOf":{"@id":"https:\/\/gaudiumetspes-blog.pl\/#website"},"datePublished":"2021-01-04T04:27:20+00:00","author":{"@id":"https:\/\/gaudiumetspes-blog.pl\/#\/schema\/person\/1661982992b752dea8dff0d4ed845a65"},"breadcrumb":{"@id":"https:\/\/gaudiumetspes-blog.pl\/index.php\/2021\/01\/04\/nauczycielu-gdzie-mieszkasz\/#breadcrumb"},"inLanguage":"pl-PL","potentialAction":[{"@type":"ReadAction","target":["https:\/\/gaudiumetspes-blog.pl\/index.php\/2021\/01\/04\/nauczycielu-gdzie-mieszkasz\/"]}]},{"@type":"BreadcrumbList","@id":"https:\/\/gaudiumetspes-blog.pl\/index.php\/2021\/01\/04\/nauczycielu-gdzie-mieszkasz\/#breadcrumb","itemListElement":[{"@type":"ListItem","position":1,"name":"Strona g\u0142\u00f3wna","item":"https:\/\/gaudiumetspes-blog.pl\/"},{"@type":"ListItem","position":2,"name":"Nauczycielu, gdzie mieszkasz?&#8230;"}]},{"@type":"WebSite","@id":"https:\/\/gaudiumetspes-blog.pl\/#website","url":"https:\/\/gaudiumetspes-blog.pl\/","name":"Gaudium Et Spes","description":"Blog Ks. Jacka Ja\u015bkowskiego","potentialAction":[{"@type":"SearchAction","target":{"@type":"EntryPoint","urlTemplate":"https:\/\/gaudiumetspes-blog.pl\/?s={search_term_string}"},"query-input":{"@type":"PropertyValueSpecification","valueRequired":true,"valueName":"search_term_string"}}],"inLanguage":"pl-PL"},{"@type":"Person","@id":"https:\/\/gaudiumetspes-blog.pl\/#\/schema\/person\/1661982992b752dea8dff0d4ed845a65","name":"Ks. Jacek","image":{"@type":"ImageObject","inLanguage":"pl-PL","@id":"https:\/\/gaudiumetspes-blog.pl\/#\/schema\/person\/image\/","url":"https:\/\/gaudiumetspes-blog.pl\/wp-content\/uploads\/2019\/07\/avatar-JJ-150x150.jpg","contentUrl":"https:\/\/gaudiumetspes-blog.pl\/wp-content\/uploads\/2019\/07\/avatar-JJ-150x150.jpg","caption":"Ks. Jacek"},"description":"Witam serdecznie! K\u0142ania si\u0119 Ks. Jacek Ja\u015bkowski. Nie jestem ani kim\u015b wa\u017cnym, ani kim\u015b znanym. Jestem ksi\u0119dzem, kt\u00f3ry po prostu chce rozmawia\u0107. Codzienna kap\u0142a\u0144ska pos\u0142uga pokazuje mi, \u017ce temat\u00f3w do rozm\u00f3w z ksi\u0119dzem jest coraz wi\u0119cej i dzisiaj \u017caden ksi\u0105dz nie mo\u017ce od nich ucieka\u0107, ale - wprost przeciwnie - podejmowa\u0107 nowe wyzwania. To przekonanie sk\u0142oni\u0142o mnie do pr\u00f3by otwarcia tego\u017c bloga, chocia\u017c okazji do rozm\u00f3w na co dzie\u0144 - w konfesjonale i poza nim - na szcz\u0119\u015bcie nie brakuje. My\u015bl\u0119 jednak, \u017ce ten blog b\u0119dzie jeszcze jednym sposobem i przestrzeni\u0105 nawi\u0105zania kontaktu z lud\u017ami dobrej woli, otwartymi na dialog.","url":"https:\/\/gaudiumetspes-blog.pl\/index.php\/author\/ks-jacek\/"}]}},"jetpack_featured_media_url":"","jetpack_sharing_enabled":true,"_links":{"self":[{"href":"https:\/\/gaudiumetspes-blog.pl\/index.php\/wp-json\/wp\/v2\/posts\/18370","targetHints":{"allow":["GET"]}}],"collection":[{"href":"https:\/\/gaudiumetspes-blog.pl\/index.php\/wp-json\/wp\/v2\/posts"}],"about":[{"href":"https:\/\/gaudiumetspes-blog.pl\/index.php\/wp-json\/wp\/v2\/types\/post"}],"author":[{"embeddable":true,"href":"https:\/\/gaudiumetspes-blog.pl\/index.php\/wp-json\/wp\/v2\/users\/1"}],"replies":[{"embeddable":true,"href":"https:\/\/gaudiumetspes-blog.pl\/index.php\/wp-json\/wp\/v2\/comments?post=18370"}],"version-history":[{"count":1,"href":"https:\/\/gaudiumetspes-blog.pl\/index.php\/wp-json\/wp\/v2\/posts\/18370\/revisions"}],"predecessor-version":[{"id":18371,"href":"https:\/\/gaudiumetspes-blog.pl\/index.php\/wp-json\/wp\/v2\/posts\/18370\/revisions\/18371"}],"wp:attachment":[{"href":"https:\/\/gaudiumetspes-blog.pl\/index.php\/wp-json\/wp\/v2\/media?parent=18370"}],"wp:term":[{"taxonomy":"category","embeddable":true,"href":"https:\/\/gaudiumetspes-blog.pl\/index.php\/wp-json\/wp\/v2\/categories?post=18370"},{"taxonomy":"post_tag","embeddable":true,"href":"https:\/\/gaudiumetspes-blog.pl\/index.php\/wp-json\/wp\/v2\/tags?post=18370"}],"curies":[{"name":"wp","href":"https:\/\/api.w.org\/{rel}","templated":true}]}}