{"id":18410,"date":"2021-01-16T07:07:25","date_gmt":"2021-01-16T06:07:25","guid":{"rendered":"https:\/\/gaudiumetspes-blog.pl\/?p=18410"},"modified":"2021-01-16T07:08:14","modified_gmt":"2021-01-16T06:08:14","slug":"ktorzy-sie-zle-maja","status":"publish","type":"post","link":"https:\/\/gaudiumetspes-blog.pl\/index.php\/2021\/01\/16\/ktorzy-sie-zle-maja\/","title":{"rendered":"Kt\u00f3rzy si\u0119 \u017ale maj\u0105&#8230;"},"content":{"rendered":"<p align=\"justify\"><span style=\"color: #000000;\"><span style=\"font-family: Book Antiqua, serif;\"><span style=\"font-size: large;\">Szcz\u0119\u015b\u0107 Bo\u017ce! Moi Drodzy, <b>w dniu <\/b><b>dzisiejszym imieniny i urodziny prze\u017cywa W\u0142odzimierz Olender, bardzo \u017cyczliwy i dobry Cz\u0142owiek z Celestynowa, M\u0105\u017c Pani Ewy, a Ojciec Szymona, by\u0142ego Lektora z tamtejszej Parafii. Z Pa\u0144stwem Olendrami do dzi\u015b \u017cyj\u0119 jak z rodzin\u0105, utrzymuj\u0105c sta\u0142y, \u015bwietny kontakt. Dzi\u0119kuj\u0119 za to ca\u0142ej Rodzinie, a Panu W\u0142odzimierzowi \u017cycz\u0119 wszelkich dobrych natchnie\u0144 z Nieba i wielkiego Bo\u017cego b\u0142ogos\u0142awie\u0144stwa! Zapewniam o modlitwie!<\/b><\/span><\/span><\/span><\/p>\n<p align=\"justify\"><span style=\"color: #000000;\"><span style=\"font-family: Book Antiqua, serif;\"><span style=\"font-size: large;\">Moi Drodzy, dzi\u0119kuj\u0119 Wszystkim, kt\u00f3rzy byli z nami wczoraj, w czasie audycji radiowej, w ramach cyklu: DROGAMI M\u0141ODO\u015aCI. Wczoraj poszukiwali\u015bmy sposob\u00f3w odkrywania obecno\u015bci Pana w naszym \u017cyciu i us\u0142yszenia Jego g\u0142osu. Wielkie dzi\u0119ki za wsp\u00f3\u0142tworzenie tej audycji!<\/span><\/span><\/span><\/p>\n<p align=\"justify\"><span style=\"color: #000000;\"><span style=\"font-family: Book Antiqua, serif;\"><span style=\"font-size: large;\">A Ksi\u0119dzu Leszkowi \u2013 wielkie dzi\u0119ki za dzisiejsze s\u0142\u00f3wko, przygotowane jak w ka\u017cd\u0105 sobot\u0119. Niech Pan sam wynagrodzi t\u0119 gotowo\u015b\u0107 do s\u0142u\u017cby, poprzez dzielenie si\u0119 z nami g\u0142\u0119bok\u0105 refleksj\u0105.<\/span><\/span><\/span><\/p>\n<p align=\"justify\"><span style=\"color: #000000;\"><span style=\"font-family: Book Antiqua, serif;\"><span style=\"font-size: large;\">Zapraszam zatem do pochylenia si\u0119 nad Bo\u017cym s\u0142owem i <b>odkrycia tej jednej, konkretnej my\u015bli, z jak\u0105 Pan dzisiaj do ka\u017cdej i ka\u017cdego z nas przychodzi.<\/b> Niech Duch \u015awi\u0119ty nam w tym pomo\u017ce!<\/span><\/span><\/span><\/p>\n<p align=\"justify\"><span style=\"color: #000000;\"><span style=\"font-family: Book Antiqua, serif;\"><span style=\"font-size: large;\"><b>Niech Was b\u0142ogos\u0142awi B\u00f3g Wszechmog\u0105cy: Ojciec + i Syn, i Duch \u015awi\u0119ty. Amen<\/b><\/span><\/span><\/span><\/p>\n<p align=\"center\"><span style=\"color: #000000;\"><span style=\"font-family: Book Antiqua, serif;\"><span style=\"font-size: large;\">Gaudium et spes! Ks. Jacek<\/span><\/span><\/span><\/p>\n<p align=\"center\">\n<p align=\"center\">\n<p align=\"center\">\n<p align=\"center\">\n<p align=\"center\">\n<p align=\"justify\"><span style=\"color: #000000;\"><span style=\"font-family: Book Antiqua, serif;\"><span style=\"font-size: large;\"><b>Sobota 1 Tygodnia zwyk\u0142ego, rok I,<\/b><\/span><\/span><\/span><\/p>\n<p align=\"justify\"><span style=\"color: #000000;\"><span style=\"font-family: Book Antiqua, serif;\"><span style=\"font-size: large;\"><b>16 stycznia 2021.,<\/b><\/span><\/span><\/span><\/p>\n<p align=\"justify\"><span style=\"color: #000000;\"><span style=\"font-family: Book Antiqua, serif;\"><span style=\"font-size: large;\"><b>do czyta\u0144: Hbr 4,12\u201316; Mk 2,13\u201317<\/b><\/span><\/span><\/span><\/p>\n<p align=\"justify\">\n<p align=\"justify\">\n<p align=\"justify\">\n<p align=\"justify\">\n<p align=\"justify\">\n<p align=\"justify\"><span style=\"color: #000000;\"><span style=\"font-family: Book Antiqua, serif;\"><span style=\"font-size: large;\"><b>CZYTANIE Z LISTU DO HEBRAJCZYK\u00d3W:<\/b><\/span><\/span><\/span><\/p>\n<p align=\"justify\"><span style=\"color: #000000;\"><span style=\"font-family: Book Antiqua, serif;\"><span style=\"font-size: large;\"><b>Bracia: \u017bywe jest s\u0142owo Bo\u017ce, skuteczne i ostrzejsze ni\u017c wszelki miecz obosieczny, przenikaj\u0105ce a\u017c do rozdzielenia duszy i ducha, staw\u00f3w i szpiku, zdolne os\u0105dzi\u0107 pragnienia i my\u015bli serca. Nie ma stworzenia, kt\u00f3re by by\u0142o przed Nim niewidzialne, przeciwnie, wszystko odkryte i ods\u0142oni\u0119te jest przed oczami Tego, kt\u00f3remu musimy zda\u0107 rachunek.<\/b><\/span><\/span><\/span><\/p>\n<p align=\"justify\"><span style=\"color: #000000;\"><span style=\"font-family: Book Antiqua, serif;\"><span style=\"font-size: large;\"><b>Maj\u0105c wi\u0119c arcykap\u0142ana wielkiego, kt\u00f3ry przeszed\u0142 przez niebiosa, Jezusa, Syna Bo\u017cego, trwajmy mocno w wyznawaniu wiary. Nie takiego bowiem mamy arcykap\u0142ana, kt\u00f3ry by nie m\u00f3g\u0142 wsp\u00f3\u0142czu\u0107 naszym s\u0142abo\u015bciom, lecz do\u015bwiadczonego we wszystkim na nasze podobie\u0144stwo, z wyj\u0105tkiem grzechu.<\/b><\/span><\/span><\/span><\/p>\n<p align=\"justify\"><span style=\"color: #000000;\"><span style=\"font-family: Book Antiqua, serif;\"><span style=\"font-size: large;\"><b>Przybli\u017cmy si\u0119 wi\u0119c z ufno\u015bci\u0105 do tronu \u0142aski, aby\u015bmy otrzymali mi\u0142osierdzie i znale\u017ali \u0142ask\u0119 dla uzyskania pomocy w stosownej chwili.<\/b><\/span><\/span><\/span><\/p>\n<p align=\"justify\">\n<p align=\"justify\">\n<p align=\"justify\">\n<p align=\"justify\">\n<p align=\"justify\">\n<p align=\"justify\"><span style=\"color: #000000;\"><span style=\"font-family: Book Antiqua, serif;\"><span style=\"font-size: large;\"><b>S\u0141OWA EWANGELII WED\u0141UG \u015aWI\u0118TEGO MARKA:<\/b><\/span><\/span><\/span><\/p>\n<p align=\"justify\"><span style=\"color: #000000;\"><span style=\"font-family: Book Antiqua, serif;\"><span style=\"font-size: large;\"><b>Jezus wyszed\u0142 znowu nad jezioro. Ca\u0142y lud przychodzi\u0142 do Niego, a On go naucza\u0142. A przechodz\u0105c ujrza\u0142 Lewiego, syna Alfeusza, siedz\u0105cego w komorze celnej, i rzek\u0142 do niego: \u201eP\u00f3jd\u017a za Mn\u0105\u201d. On wsta\u0142 i poszed\u0142 za Nim.<\/b><\/span><\/span><\/span><\/p>\n<p align=\"justify\"><span style=\"color: #000000;\"><span style=\"font-family: Book Antiqua, serif;\"><span style=\"font-size: large;\"><b>Gdy Jezus siedzia\u0142 w jego domu przy stole, wielu celnik\u00f3w i grzesznik\u00f3w siedzia\u0142o razem z Jezusem i Jego uczniami. By\u0142o bowiem wielu, kt\u00f3rzy szli za Nim. Niekt\u00f3rzy uczeni w Pi\u015bmie spo\u015br\u00f3d faryzeusz\u00f3w widz\u0105c, \u017ce je z grzesznikami i celnikami, m\u00f3wili do Jego uczni\u00f3w: \u201eCzemu On je i pije z celnikami i grzesznikami?\u201d<\/b><\/span><\/span><\/span><\/p>\n<p align=\"justify\"><span style=\"color: #000000;\"><span style=\"font-family: Book Antiqua, serif;\"><span style=\"font-size: large;\"><b>Jezus us\u0142ysza\u0142 to i rzek\u0142 do nich: \u201eNie potrzebuj\u0105 lekarza zdrowi, lecz ci, kt\u00f3rzy si\u0119 \u017ale maj\u0105. Nie przyszed\u0142em powo\u0142a\u0107 sprawiedliwych, ale grzesznik\u00f3w\u201d.<\/b><\/span><\/span><\/span><\/p>\n<p align=\"justify\">\n<p align=\"justify\">\n<p align=\"justify\">\n<p align=\"justify\">\n<p align=\"justify\">\n<p align=\"center\"><span style=\"color: #000000;\"><span style=\"font-family: Book Antiqua, serif;\"><span style=\"font-size: large;\"><b>A OTO S\u0141\u00d3WKO KSI\u0118DZA LESZKA:<\/b><\/span><\/span><\/span><\/p>\n<p align=\"center\">\n<p align=\"center\">\n<p align=\"center\">\n<p align=\"center\">\n<p align=\"center\">\n<p align=\"justify\"><span style=\"color: #000000;\"><span style=\"font-family: Book Antiqua, serif;\"><span style=\"font-size: large;\">Dwie sceny w dzisiejszej Ewangelii m\u00f3wi\u0105 o tym, jaki stosunek ma do nas B\u00f3g. Jak na nas patrzy i co w nas widzi\u2026<\/span><\/span><\/span><\/p>\n<p align=\"justify\"><span style=\"color: #000000;\"><span style=\"font-family: Book Antiqua, serif;\"><span style=\"font-size: large;\">Na pocz\u0105tku widzimy scen\u0119 powo\u0142ania Mateusza. Jezus przechodz\u0105c nad jezioro, kiedy naucza\u0142 lud, UJRZA\u0141 Lewiego, zaj\u0119tego swoimi obowi\u0105zkami s\u0142u\u017cbowymi. On nie by\u0142 w t\u0142umie, kt\u00f3ry s\u0142ucha\u0142 nauk Jezusa. Lewi zaj\u0119ty by\u0142 po prostu swoj\u0105 prac\u0105. By\u0142 celnikiem, czyli poborc\u0105 c\u0142a. <\/span><\/span><\/span><\/p>\n<p align=\"justify\"><span style=\"color: #000000;\"><span style=\"font-family: Book Antiqua, serif;\"><span style=\"font-size: large;\">\u017bydzi nienawidzili celnik\u00f3w, byli oni dla nich lud\u017ami nieczystymi, kt\u00f3rzy zabierali im pieni\u0105dze dla Rzymian. Lewi by\u0142 zatem przez ludzi pogardzany. Widzieli w nim oszusta\u2026 Widzieli w nim z\u0142odzieja\u2026 Widzieli w nim grzesznika\u2026<\/span><\/span><\/span><\/p>\n<p align=\"justify\"><span style=\"color: #000000;\"><span style=\"font-family: Book Antiqua, serif;\"><span style=\"font-size: large;\">Natomiast Jezus ujrza\u0142 Lewiego \u2013 zupe\u0142nie inaczej ni\u017c ludzie\u2026<\/span><\/span><\/span><\/p>\n<p align=\"justify\"><span style=\"color: #000000;\"><span style=\"font-family: Book Antiqua, serif;\"><span style=\"font-size: large;\">Jezus patrzy na niego w zupe\u0142nie inny spos\u00f3b \u2013 bez przes\u0105dzaj\u0105cej z g\u00f3ry oceny, bez jakiegokolwiek uprzedzenia. Jezus widzi w nim cz\u0142owieka, kt\u00f3ry mo\u017ce sta\u0107 si\u0119 Jego umi\u0142owanym uczniem. Widzi w nim ogromne pok\u0142ady dobra; widzi to, \u017ce mo\u017ce g\u0142osi\u0107 Dobr\u0105 Nowin\u0119. Nie krytykuje go z powodu zawodu, kt\u00f3ry pe\u0142ni, nie os\u0105dza, a nade wszystko NIE PRZEKRE\u015aLA GO\u2026 <\/span><\/span><\/span><\/p>\n<p align=\"justify\"><span style=\"color: #000000;\"><span style=\"font-family: Book Antiqua, serif;\"><span style=\"font-size: large;\">On m\u00f3wi: <i><b>P\u00f3jd\u017a za Mn\u0105!<\/b><\/i> Spojrzenie pe\u0142ne mi\u0142o\u015bci zostaje dope\u0142nione S\u0142owem, kt\u00f3re stwarza nowego cz\u0142owieka \u2013 s\u0142owem, kt\u00f3re ma zdolno\u015b\u0107 przemienia\u0107 cz\u0142owieka. Jezus nie m\u00f3wi: \u201eNie nadajesz si\u0119 do niczego\u201d! On nas wzywa Lewiego \u2013 i nas wszystkich \u2013 \u017ceby\u015bmy powstali i za Nim szli. Tak po prostu \u2013 nie zwracaj\u0105c uwagi, na to co by\u0142o, co za nami\u2026 To przesz\u0142o\u015b\u0107 \u2026 Masz wsta\u0107 TERAZ i P\u00d3J\u015a\u0106 ZA NIM. To takie proste\u2026 <\/span><\/span><\/span><\/p>\n<p align=\"justify\"><span style=\"color: #000000;\"><span style=\"font-family: Book Antiqua, serif;\"><span style=\"font-size: large;\">Dobre spojrzenie i s\u0142owo Pana uczyni\u0142y zaj\u0119tego niegodziw\u0105 prac\u0105 celnika aposto\u0142em! Lewi zostawi\u0142 wszystko, wsta\u0142 i chodzi\u0142 za Nim! \u201eChodzi\u0142\u201d \u2013 mamy tu czas przesz\u0142y niedokonany. Przy powo\u0142aniu Szymona Piotra i towarzyszy \u015awiety \u0141ukasz pisze: <i><b>P<\/b><\/i><i><b>oszli za <\/b><\/i><i><b>N<\/b><\/i><i><b>im<\/b><\/i> (\u0141k 5,11) \u2013 czas przesz\u0142y dokonany. Dlaczego zwracam na to uwag\u0119? <\/span><\/span><\/span><\/p>\n<p align=\"justify\"><span style=\"color: #000000;\"><span style=\"font-family: Book Antiqua, serif;\"><span style=\"font-size: large;\">Poniewa\u017c ten zwrot: <i><b>chodzi\u0142<\/b><\/i> podkre\u015bla sta\u0142o\u015b\u0107 i ci\u0105g\u0142o\u015b\u0107 czynu. Lewi by\u0142 pe\u0142en stanowczo\u015bci, by\u0142 zdeterminowany i podj\u0105\u0142 drog\u0119 nawr\u00f3cenia. Wsta\u0142 i chodzi\u0142 za Panem, a przecie\u017c m\u00f3g\u0142 dalej zbiera\u0107 c\u0142o, liczy\u0107 pieni\u0105dze w swej komorze. S\u0142owa, kt\u00f3re us\u0142ysza\u0142, przecie\u017c nie musia\u0142y nic dla niego znaczy\u0107. <\/span><\/span><\/span><\/p>\n<p align=\"justify\"><span style=\"color: #000000;\"><span style=\"font-family: Book Antiqua, serif;\"><span style=\"font-size: large;\">Ale on pod ich wp\u0142ywem, podj\u0105\u0142 decyzj\u0119, by powsta\u0107\u2026 Dot\u0105d siedzia\u0142 wpatrzony w ziemi\u0119\u2026 Powo\u0142any przez Jezusa \u2013 zmartwychwsta\u0142! Porzuci\u0142 dotychczasowy schemat, opu\u015bci\u0142 miejsce, gdzie czu\u0142 si\u0119 na sw\u00f3j spos\u00f3b bezpieczny\u2026 Postanowi\u0142 to zmieni\u0107 \u2013 wyj\u015b\u0107 ze schematu, spojrze\u0107 w niebo \u2013 a nie w ziemi\u0119\u2026<\/span><\/span><\/span><\/p>\n<p align=\"justify\"><span style=\"color: #000000;\"><span style=\"font-family: Book Antiqua, serif;\"><span style=\"font-size: large;\">Drugi obraz to uczta u Lewiego, w kt\u00f3rej uczestniczy wielu celnik\u00f3w i grzesznik\u00f3w. Widzimy, \u017ce faryzeusze i uczeni w Pi\u015bmie szemraj\u0105. <i><b>On jada z grzesznikami\u2026<\/b><\/i> Jak\u017ce to dla nas, wsp\u00f3\u0142czesnych ludzi, charakterystyczny obrazek\u2026 Ile razy os\u0105dzamy, powtarzamy plotki, \u201es\u0142yszymy o tym, czy o tamtym\u201d\u2026, oceniamy\u2026 Wielu jest wsp\u00f3\u0142cze\u015bnie krzykaczy, \u015bwi\u0119tszych od samych \u015bwi\u0119tych\u2026 <\/span><\/span><\/span><\/p>\n<p align=\"justify\"><span style=\"color: #000000;\"><span style=\"font-family: Book Antiqua, serif;\"><span style=\"font-size: large;\">Tak samo by\u0142o i w czasach Jezusa. Ludzie uwa\u017cali si\u0119 za bardziej \u201eboskich\u201d od samego Boga. \u0141atwo jest krytykowa\u0107 innych\u2026 Pokazywa\u0107 innych b\u0142\u0119dy i zaniedbania\u2026 <\/span><\/span><\/span><\/p>\n<p align=\"justify\"><span style=\"color: #000000;\"><span style=\"font-family: Book Antiqua, serif;\"><span style=\"font-size: large;\">A my\u2026 Kim my jeste\u015bmy? Czy jeste\u015bmy lepsi i bez grzechu? Ka\u017cdy z nas \u2013 i Ty, i Ja \u2013 jeste\u015bmy grzesznikami, kt\u00f3rzy potrzebuj\u0105 zbawienia. Ale Jezus przyszed\u0142 w\u0142a\u015bnie dla nas. On przeszed\u0142, by spojrze\u0107 na mnie i na Ciebie z mi\u0142o\u015bci\u0105 \u2026 <\/span><\/span><\/span><\/p>\n<p align=\"justify\"><span style=\"color: #000000;\"><span style=\"font-family: Book Antiqua, serif;\"><span style=\"font-size: large;\">Jezus m\u00f3wi: <i><b>Nie<\/b><\/i><i><b> potrzebuj\u0105 lekarza zdrowi, ale ci, kt\u00f3rzy si\u0119 \u017ale maj\u0105.<\/b><\/i><b> <\/b><\/span><\/span><\/span><\/p>\n<p align=\"justify\"><span style=\"color: #000000;\"><span style=\"font-family: Book Antiqua, serif;\"><span style=\"font-size: large;\">Kto z nas jest doskona\u0142y w oczach Pana? Kto z nas nie grzeszy? Raczej nikt. A jednak Jezus przechodzi i powo\u0142uje ka\u017cdego z nas \u2013 codziennie \u2013 do bycia Jego uczniem\u2026 Mo\u017ce to powo\u0142anie nie jest a\u017c tak spektakularne, jak w przypadku Lewiego, kt\u00f3ry po prostu w jednej chwili zmieni\u0142 ca\u0142e swoje \u017cycie, ale przychodzi po cichu, ka\u017cdego dnia Twojego \u017cycia. Czy Go dostrzegasz?\u2026<\/span><\/span><\/span><\/p>\n<p align=\"justify\"><span style=\"color: #000000;\"><span style=\"font-family: Book Antiqua, serif;\"><span style=\"font-size: large;\">Obecno\u015b\u0107 Jezusa w \u017cyciu cz\u0142owieka jest przemieniaj\u0105ca. Jezus chce przemienia\u0107 nasze serca \u2013 chce z nami by\u0107 ka\u017cdego dnia, bowiem kto ma Boga, nigdy nie jest samotny\u2026 Oddaj mu swoje serce i pozw\u00f3l si\u0119 przemienia\u0107. Nie pozw\u00f3l sobie by\u0107 samotnym\u2026 <\/span><\/span><\/span><\/p>\n<p align=\"justify\"><span style=\"color: #000000;\"><span style=\"font-family: Book Antiqua, serif;\"><span style=\"font-size: large;\">Dzi\u015b tak, jak Lewi, zapro\u015b Jezusa do swojego domu, do swoich celnik\u00f3w i grzesznik\u00f3w\u2026 On ch\u0119tnie si\u0105dzie w\u015br\u00f3d ca\u0142ej tej biedy grzechu, ale nie po to, by kogokolwiek zniszczy\u0107, tylko \u2013 aby ukocha\u0107 to, co boli, by ukocha\u0107 cierpienie, by podnie\u015b\u0107 z grzechu\u2026 On si\u0105dzie i powoli zacznie leczy\u0107 Twoje rany, je\u015bli na to pozwolisz\u2026 <\/span><\/span><\/span><\/p>\n<p align=\"justify\"><span style=\"color: #000000;\"><span style=\"font-family: Book Antiqua, serif;\"><span style=\"font-size: large;\">Jezus m\u00f3wi: <i><b>Przyjd\u017acie do Mnie wy, kt\u00f3rzy jeste\u015bcie utrudzeni\u2026<\/b><\/i><\/span><\/span><\/span><\/p>\n<p align=\"justify\"><span style=\"color: #000000;\"><span style=\"font-family: Book Antiqua, serif;\"><span style=\"font-size: large;\">Wy , kt\u00f3rzy cierpicie, Wy, kt\u00f3rzy jeste\u015bcie s\u0142abi\u2026<\/span><\/span><\/span><\/p>\n<p align=\"justify\"><span style=\"color: #000000;\"><span style=\"font-family: Book Antiqua, serif;\"><span style=\"font-size: large;\">Wy, kt\u00f3rych zniewoli\u0142 grzech\u2026<\/span><\/span><\/span><\/p>\n<p align=\"justify\"><span style=\"color: #000000;\"><span style=\"font-family: Book Antiqua, serif;\"><span style=\"font-size: large;\">Ja przyszed\u0142em dla Was \u2013 szukam Was\u2026<\/span><\/span><\/span><\/p>\n<p align=\"justify\"><span style=\"color: #000000;\"><span style=\"font-family: Book Antiqua, serif;\"><span style=\"font-size: large;\">Bo lekarza nie potrzebuj\u0105 zdrowi, ale ci, kt\u00f3rzy cierpi\u0105\u2026<\/span><\/span><\/span><\/p>\n","protected":false},"excerpt":{"rendered":"<p>Szcz\u0119\u015b\u0107 Bo\u017ce! Moi Drodzy, w dniu dzisiejszym imieniny i urodziny prze\u017cywa W\u0142odzimierz Olender, bardzo \u017cyczliwy i dobry Cz\u0142owiek z Celestynowa, M\u0105\u017c Pani Ewy, a Ojciec Szymona, by\u0142ego Lektora z tamtejszej Parafii. Z Pa\u0144stwem Olendrami do dzi\u015b \u017cyj\u0119 jak z rodzin\u0105, utrzymuj\u0105c sta\u0142y, \u015bwietny kontakt. Dzi\u0119kuj\u0119 za to ca\u0142ej Rodzinie, a Panu W\u0142odzimierzowi \u017cycz\u0119 wszelkich dobrych [&hellip;]<\/p>\n","protected":false},"author":1,"featured_media":0,"comment_status":"open","ping_status":"open","sticky":false,"template":"","format":"standard","meta":{"jetpack_post_was_ever_published":false,"_jetpack_newsletter_access":"","_jetpack_dont_email_post_to_subs":false,"_jetpack_newsletter_tier_id":0,"_jetpack_memberships_contains_paywalled_content":false,"_jetpack_memberships_contains_paid_content":false,"footnotes":""},"categories":[1],"tags":[],"class_list":["post-18410","post","type-post","status-publish","format-standard","hentry","category-bez-kategorii"],"yoast_head":"<!-- This site is optimized with the Yoast SEO plugin v25.1 - https:\/\/yoast.com\/wordpress\/plugins\/seo\/ -->\n<title>Kt\u00f3rzy si\u0119 \u017ale maj\u0105... - Gaudium Et Spes<\/title>\n<meta name=\"robots\" content=\"index, follow, max-snippet:-1, max-image-preview:large, max-video-preview:-1\" \/>\n<link rel=\"canonical\" href=\"https:\/\/gaudiumetspes-blog.pl\/index.php\/2021\/01\/16\/ktorzy-sie-zle-maja\/\" \/>\n<meta property=\"og:locale\" content=\"pl_PL\" \/>\n<meta property=\"og:type\" content=\"article\" \/>\n<meta property=\"og:title\" content=\"Kt\u00f3rzy si\u0119 \u017ale maj\u0105... - Gaudium Et Spes\" \/>\n<meta property=\"og:description\" content=\"Szcz\u0119\u015b\u0107 Bo\u017ce! Moi Drodzy, w dniu dzisiejszym imieniny i urodziny prze\u017cywa W\u0142odzimierz Olender, bardzo \u017cyczliwy i dobry Cz\u0142owiek z Celestynowa, M\u0105\u017c Pani Ewy, a Ojciec Szymona, by\u0142ego Lektora z tamtejszej Parafii. Z Pa\u0144stwem Olendrami do dzi\u015b \u017cyj\u0119 jak z rodzin\u0105, utrzymuj\u0105c sta\u0142y, \u015bwietny kontakt. Dzi\u0119kuj\u0119 za to ca\u0142ej Rodzinie, a Panu W\u0142odzimierzowi \u017cycz\u0119 wszelkich dobrych [&hellip;]\" \/>\n<meta property=\"og:url\" content=\"https:\/\/gaudiumetspes-blog.pl\/index.php\/2021\/01\/16\/ktorzy-sie-zle-maja\/\" \/>\n<meta property=\"og:site_name\" content=\"Gaudium Et Spes\" \/>\n<meta property=\"article:published_time\" content=\"2021-01-16T06:07:25+00:00\" \/>\n<meta property=\"article:modified_time\" content=\"2021-01-16T06:08:14+00:00\" \/>\n<meta name=\"author\" content=\"Ks. Jacek\" \/>\n<meta name=\"twitter:card\" content=\"summary_large_image\" \/>\n<meta name=\"twitter:label1\" content=\"Napisane przez\" \/>\n\t<meta name=\"twitter:data1\" content=\"Ks. Jacek\" \/>\n\t<meta name=\"twitter:label2\" content=\"Szacowany czas czytania\" \/>\n\t<meta name=\"twitter:data2\" content=\"7 minut\" \/>\n<script type=\"application\/ld+json\" class=\"yoast-schema-graph\">{\"@context\":\"https:\/\/schema.org\",\"@graph\":[{\"@type\":\"WebPage\",\"@id\":\"https:\/\/gaudiumetspes-blog.pl\/index.php\/2021\/01\/16\/ktorzy-sie-zle-maja\/\",\"url\":\"https:\/\/gaudiumetspes-blog.pl\/index.php\/2021\/01\/16\/ktorzy-sie-zle-maja\/\",\"name\":\"Kt\u00f3rzy si\u0119 \u017ale maj\u0105... - Gaudium Et Spes\",\"isPartOf\":{\"@id\":\"https:\/\/gaudiumetspes-blog.pl\/#website\"},\"datePublished\":\"2021-01-16T06:07:25+00:00\",\"dateModified\":\"2021-01-16T06:08:14+00:00\",\"author\":{\"@id\":\"https:\/\/gaudiumetspes-blog.pl\/#\/schema\/person\/1661982992b752dea8dff0d4ed845a65\"},\"breadcrumb\":{\"@id\":\"https:\/\/gaudiumetspes-blog.pl\/index.php\/2021\/01\/16\/ktorzy-sie-zle-maja\/#breadcrumb\"},\"inLanguage\":\"pl-PL\",\"potentialAction\":[{\"@type\":\"ReadAction\",\"target\":[\"https:\/\/gaudiumetspes-blog.pl\/index.php\/2021\/01\/16\/ktorzy-sie-zle-maja\/\"]}]},{\"@type\":\"BreadcrumbList\",\"@id\":\"https:\/\/gaudiumetspes-blog.pl\/index.php\/2021\/01\/16\/ktorzy-sie-zle-maja\/#breadcrumb\",\"itemListElement\":[{\"@type\":\"ListItem\",\"position\":1,\"name\":\"Strona g\u0142\u00f3wna\",\"item\":\"https:\/\/gaudiumetspes-blog.pl\/\"},{\"@type\":\"ListItem\",\"position\":2,\"name\":\"Kt\u00f3rzy&nbsp;si\u0119 \u017ale maj\u0105&#8230;\"}]},{\"@type\":\"WebSite\",\"@id\":\"https:\/\/gaudiumetspes-blog.pl\/#website\",\"url\":\"https:\/\/gaudiumetspes-blog.pl\/\",\"name\":\"Gaudium Et Spes\",\"description\":\"Blog Ks. Jacka Ja\u015bkowskiego\",\"potentialAction\":[{\"@type\":\"SearchAction\",\"target\":{\"@type\":\"EntryPoint\",\"urlTemplate\":\"https:\/\/gaudiumetspes-blog.pl\/?s={search_term_string}\"},\"query-input\":{\"@type\":\"PropertyValueSpecification\",\"valueRequired\":true,\"valueName\":\"search_term_string\"}}],\"inLanguage\":\"pl-PL\"},{\"@type\":\"Person\",\"@id\":\"https:\/\/gaudiumetspes-blog.pl\/#\/schema\/person\/1661982992b752dea8dff0d4ed845a65\",\"name\":\"Ks. Jacek\",\"image\":{\"@type\":\"ImageObject\",\"inLanguage\":\"pl-PL\",\"@id\":\"https:\/\/gaudiumetspes-blog.pl\/#\/schema\/person\/image\/\",\"url\":\"https:\/\/gaudiumetspes-blog.pl\/wp-content\/uploads\/2019\/07\/avatar-JJ-150x150.jpg\",\"contentUrl\":\"https:\/\/gaudiumetspes-blog.pl\/wp-content\/uploads\/2019\/07\/avatar-JJ-150x150.jpg\",\"caption\":\"Ks. Jacek\"},\"description\":\"Witam serdecznie! K\u0142ania si\u0119 Ks. Jacek Ja\u015bkowski. Nie jestem ani kim\u015b wa\u017cnym, ani kim\u015b znanym. Jestem ksi\u0119dzem, kt\u00f3ry po prostu chce rozmawia\u0107. Codzienna kap\u0142a\u0144ska pos\u0142uga pokazuje mi, \u017ce temat\u00f3w do rozm\u00f3w z ksi\u0119dzem jest coraz wi\u0119cej i dzisiaj \u017caden ksi\u0105dz nie mo\u017ce od nich ucieka\u0107, ale - wprost przeciwnie - podejmowa\u0107 nowe wyzwania. To przekonanie sk\u0142oni\u0142o mnie do pr\u00f3by otwarcia tego\u017c bloga, chocia\u017c okazji do rozm\u00f3w na co dzie\u0144 - w konfesjonale i poza nim - na szcz\u0119\u015bcie nie brakuje. My\u015bl\u0119 jednak, \u017ce ten blog b\u0119dzie jeszcze jednym sposobem i przestrzeni\u0105 nawi\u0105zania kontaktu z lud\u017ami dobrej woli, otwartymi na dialog.\",\"url\":\"https:\/\/gaudiumetspes-blog.pl\/index.php\/author\/ks-jacek\/\"}]}<\/script>\n<!-- \/ Yoast SEO plugin. -->","yoast_head_json":{"title":"Kt\u00f3rzy si\u0119 \u017ale maj\u0105... - Gaudium Et Spes","robots":{"index":"index","follow":"follow","max-snippet":"max-snippet:-1","max-image-preview":"max-image-preview:large","max-video-preview":"max-video-preview:-1"},"canonical":"https:\/\/gaudiumetspes-blog.pl\/index.php\/2021\/01\/16\/ktorzy-sie-zle-maja\/","og_locale":"pl_PL","og_type":"article","og_title":"Kt\u00f3rzy si\u0119 \u017ale maj\u0105... - Gaudium Et Spes","og_description":"Szcz\u0119\u015b\u0107 Bo\u017ce! Moi Drodzy, w dniu dzisiejszym imieniny i urodziny prze\u017cywa W\u0142odzimierz Olender, bardzo \u017cyczliwy i dobry Cz\u0142owiek z Celestynowa, M\u0105\u017c Pani Ewy, a Ojciec Szymona, by\u0142ego Lektora z tamtejszej Parafii. Z Pa\u0144stwem Olendrami do dzi\u015b \u017cyj\u0119 jak z rodzin\u0105, utrzymuj\u0105c sta\u0142y, \u015bwietny kontakt. Dzi\u0119kuj\u0119 za to ca\u0142ej Rodzinie, a Panu W\u0142odzimierzowi \u017cycz\u0119 wszelkich dobrych [&hellip;]","og_url":"https:\/\/gaudiumetspes-blog.pl\/index.php\/2021\/01\/16\/ktorzy-sie-zle-maja\/","og_site_name":"Gaudium Et Spes","article_published_time":"2021-01-16T06:07:25+00:00","article_modified_time":"2021-01-16T06:08:14+00:00","author":"Ks. Jacek","twitter_card":"summary_large_image","twitter_misc":{"Napisane przez":"Ks. Jacek","Szacowany czas czytania":"7 minut"},"schema":{"@context":"https:\/\/schema.org","@graph":[{"@type":"WebPage","@id":"https:\/\/gaudiumetspes-blog.pl\/index.php\/2021\/01\/16\/ktorzy-sie-zle-maja\/","url":"https:\/\/gaudiumetspes-blog.pl\/index.php\/2021\/01\/16\/ktorzy-sie-zle-maja\/","name":"Kt\u00f3rzy si\u0119 \u017ale maj\u0105... - Gaudium Et Spes","isPartOf":{"@id":"https:\/\/gaudiumetspes-blog.pl\/#website"},"datePublished":"2021-01-16T06:07:25+00:00","dateModified":"2021-01-16T06:08:14+00:00","author":{"@id":"https:\/\/gaudiumetspes-blog.pl\/#\/schema\/person\/1661982992b752dea8dff0d4ed845a65"},"breadcrumb":{"@id":"https:\/\/gaudiumetspes-blog.pl\/index.php\/2021\/01\/16\/ktorzy-sie-zle-maja\/#breadcrumb"},"inLanguage":"pl-PL","potentialAction":[{"@type":"ReadAction","target":["https:\/\/gaudiumetspes-blog.pl\/index.php\/2021\/01\/16\/ktorzy-sie-zle-maja\/"]}]},{"@type":"BreadcrumbList","@id":"https:\/\/gaudiumetspes-blog.pl\/index.php\/2021\/01\/16\/ktorzy-sie-zle-maja\/#breadcrumb","itemListElement":[{"@type":"ListItem","position":1,"name":"Strona g\u0142\u00f3wna","item":"https:\/\/gaudiumetspes-blog.pl\/"},{"@type":"ListItem","position":2,"name":"Kt\u00f3rzy&nbsp;si\u0119 \u017ale maj\u0105&#8230;"}]},{"@type":"WebSite","@id":"https:\/\/gaudiumetspes-blog.pl\/#website","url":"https:\/\/gaudiumetspes-blog.pl\/","name":"Gaudium Et Spes","description":"Blog Ks. Jacka Ja\u015bkowskiego","potentialAction":[{"@type":"SearchAction","target":{"@type":"EntryPoint","urlTemplate":"https:\/\/gaudiumetspes-blog.pl\/?s={search_term_string}"},"query-input":{"@type":"PropertyValueSpecification","valueRequired":true,"valueName":"search_term_string"}}],"inLanguage":"pl-PL"},{"@type":"Person","@id":"https:\/\/gaudiumetspes-blog.pl\/#\/schema\/person\/1661982992b752dea8dff0d4ed845a65","name":"Ks. Jacek","image":{"@type":"ImageObject","inLanguage":"pl-PL","@id":"https:\/\/gaudiumetspes-blog.pl\/#\/schema\/person\/image\/","url":"https:\/\/gaudiumetspes-blog.pl\/wp-content\/uploads\/2019\/07\/avatar-JJ-150x150.jpg","contentUrl":"https:\/\/gaudiumetspes-blog.pl\/wp-content\/uploads\/2019\/07\/avatar-JJ-150x150.jpg","caption":"Ks. Jacek"},"description":"Witam serdecznie! K\u0142ania si\u0119 Ks. Jacek Ja\u015bkowski. Nie jestem ani kim\u015b wa\u017cnym, ani kim\u015b znanym. Jestem ksi\u0119dzem, kt\u00f3ry po prostu chce rozmawia\u0107. Codzienna kap\u0142a\u0144ska pos\u0142uga pokazuje mi, \u017ce temat\u00f3w do rozm\u00f3w z ksi\u0119dzem jest coraz wi\u0119cej i dzisiaj \u017caden ksi\u0105dz nie mo\u017ce od nich ucieka\u0107, ale - wprost przeciwnie - podejmowa\u0107 nowe wyzwania. To przekonanie sk\u0142oni\u0142o mnie do pr\u00f3by otwarcia tego\u017c bloga, chocia\u017c okazji do rozm\u00f3w na co dzie\u0144 - w konfesjonale i poza nim - na szcz\u0119\u015bcie nie brakuje. My\u015bl\u0119 jednak, \u017ce ten blog b\u0119dzie jeszcze jednym sposobem i przestrzeni\u0105 nawi\u0105zania kontaktu z lud\u017ami dobrej woli, otwartymi na dialog.","url":"https:\/\/gaudiumetspes-blog.pl\/index.php\/author\/ks-jacek\/"}]}},"jetpack_featured_media_url":"","jetpack_sharing_enabled":true,"_links":{"self":[{"href":"https:\/\/gaudiumetspes-blog.pl\/index.php\/wp-json\/wp\/v2\/posts\/18410","targetHints":{"allow":["GET"]}}],"collection":[{"href":"https:\/\/gaudiumetspes-blog.pl\/index.php\/wp-json\/wp\/v2\/posts"}],"about":[{"href":"https:\/\/gaudiumetspes-blog.pl\/index.php\/wp-json\/wp\/v2\/types\/post"}],"author":[{"embeddable":true,"href":"https:\/\/gaudiumetspes-blog.pl\/index.php\/wp-json\/wp\/v2\/users\/1"}],"replies":[{"embeddable":true,"href":"https:\/\/gaudiumetspes-blog.pl\/index.php\/wp-json\/wp\/v2\/comments?post=18410"}],"version-history":[{"count":2,"href":"https:\/\/gaudiumetspes-blog.pl\/index.php\/wp-json\/wp\/v2\/posts\/18410\/revisions"}],"predecessor-version":[{"id":18412,"href":"https:\/\/gaudiumetspes-blog.pl\/index.php\/wp-json\/wp\/v2\/posts\/18410\/revisions\/18412"}],"wp:attachment":[{"href":"https:\/\/gaudiumetspes-blog.pl\/index.php\/wp-json\/wp\/v2\/media?parent=18410"}],"wp:term":[{"taxonomy":"category","embeddable":true,"href":"https:\/\/gaudiumetspes-blog.pl\/index.php\/wp-json\/wp\/v2\/categories?post=18410"},{"taxonomy":"post_tag","embeddable":true,"href":"https:\/\/gaudiumetspes-blog.pl\/index.php\/wp-json\/wp\/v2\/tags?post=18410"}],"curies":[{"name":"wp","href":"https:\/\/api.w.org\/{rel}","templated":true}]}}