{"id":18413,"date":"2021-01-17T06:40:49","date_gmt":"2021-01-17T05:40:49","guid":{"rendered":"https:\/\/gaudiumetspes-blog.pl\/?p=18413"},"modified":"2021-01-17T06:40:49","modified_gmt":"2021-01-17T05:40:49","slug":"mow-panie-4","status":"publish","type":"post","link":"https:\/\/gaudiumetspes-blog.pl\/index.php\/2021\/01\/17\/mow-panie-4\/","title":{"rendered":"M\u00f3w, Panie&#8230;"},"content":{"rendered":"<p align=\"justify\"><span style=\"color: #000000;\"><span style=\"font-family: Book Antiqua, serif;\"><span style=\"font-size: large;\">Niech b\u0119dzie pochwalony Jezus Chrystus! Moi Drodzy, serdecznie pozdrawiam ju\u017c z Ciepielowa, gdzie jestem ju\u017c od wczorajszego wieczorem, bo\u2026 przestraszy\u0142em si\u0119 zimy. Jak zobaczy\u0142em przez okno \u015bnieg, intensywnie padaj\u0105cy w Lublinie oko\u0142o godziny osiemnastej, pomy\u015bla\u0142em sobie, \u017ce lepiej wyruszy\u0107 w drog\u0119 od razu, a nie w niedziel\u0119 rano. \u017beby nie by\u0142o jakiej\u015b niespodzianki\u2026 A jak Wy radzicie sobie z zim\u0105?<\/span><\/span><\/span><\/p>\n<p align=\"justify\"><span style=\"color: #000000;\"><span style=\"font-family: Book Antiqua, serif;\"><span style=\"font-size: large;\">Tylko nie m\u00f3wcie Ksi\u0119dzu Markowi, \u017ce u nas sroga zima, bo b\u0119dzie si\u0119 \u015bmia\u0142 \u2013 tak, jak zawsze si\u0119 \u015bmieje, gdy s\u0142yszy informacje z Polski, ostrzegaj\u0105ce przed srog\u0105 zim\u0105 przy temperaturze \u2013 na przyk\u0142ad \u2013 minus siedem stopni\u2026 Ale dla nas to ju\u017c mr\u00f3z, bo odzwyczaili\u015bmy si\u0119 od prawdziwych zim. <\/span><\/span><\/span><\/p>\n<p align=\"justify\"><span style=\"color: #000000;\"><span style=\"font-family: Book Antiqua, serif;\"><span style=\"font-size: large;\">Zreszt\u0105, szczerze m\u00f3wi\u0105c, jako kierowca wcale si\u0119 za tak\u0105 prawdziw\u0105 zim\u0105 nie ogl\u0105dam. Bo fajnie patrzy si\u0119 na pi\u0119knie spadaj\u0105cy \u015bnieg i na pi\u0119kne zimowe krajobrazy przez okno \u2013 pod warunkiem, \u017ce nie jest to okno samochodu. Ale to takie lu\u017ane my\u015bli na pocz\u0105tek dnia.<\/span><\/span><\/span><\/p>\n<p align=\"justify\"><span style=\"color: #000000;\"><span style=\"font-family: Book Antiqua, serif;\"><span style=\"font-size: large;\">A teraz \u2013 my\u015bli g\u0142\u0119bsze i powa\u017cniejsze, jakie z pewno\u015bci\u0105 wzbudzi w nas Bo\u017ce s\u0142owo dzisiejszej liturgii. Zach\u0119cam do jego zg\u0142\u0119bienia. Niech Duch \u015awi\u0119ty nas o\u015bwieci i natchnie, aby\u015bmy <b>odkryli przes\u0142anie, jakie Pan kieruje do nas osobi\u015bcie.<\/b><\/span><\/span><\/span><\/p>\n<p align=\"justify\"><span style=\"color: #000000;\"><span style=\"font-family: Book Antiqua, serif;\"><span style=\"font-size: large;\">Na dzisiejszy dzie\u0144, na ca\u0142y tydzie\u0144 i na ca\u0142e nasze \u017cycie \u2013 <b>niech Was b\u0142ogos\u0142awi B\u00f3g Wszechmog\u0105cy: Ojciec + i Syn, i Duch \u015awi\u0119ty. Amen<\/b><\/span><\/span><\/span><\/p>\n<p align=\"center\"><span style=\"color: #000000;\"><span style=\"font-family: Book Antiqua, serif;\"><span style=\"font-size: large;\">Gaudium et spes! Ks. Jacek<\/span><\/span><\/span><\/p>\n<p align=\"center\">\n<p align=\"center\">\n<p align=\"center\">\n<p align=\"center\">\n<p align=\"center\">\n<p align=\"justify\"><span style=\"color: #000000;\"><span style=\"font-family: Book Antiqua, serif;\"><span style=\"font-size: large;\"><b>2 Niedziela zwyk\u0142a, B,<\/b><\/span><\/span><\/span><\/p>\n<p align=\"justify\"><span style=\"color: #000000;\"><span style=\"font-family: Book Antiqua, serif;\"><span style=\"font-size: large;\"><b>17 stycznia 2021.,<\/b><\/span><\/span><\/span><\/p>\n<p align=\"justify\"><span style=\"color: #000000;\"><span style=\"font-family: Book Antiqua, serif;\"><span style=\"font-size: large;\"><b>do czyta\u0144: 1 Sm 3,3b\u201310.19; 1 Kor 6,13c\u201315a.17\u201320; J 1,35\u201342<\/b><\/span><\/span><\/span><\/p>\n<p align=\"justify\">\n<p align=\"justify\">\n<p align=\"justify\">\n<p align=\"justify\">\n<p align=\"justify\">\n<p align=\"justify\"><span style=\"color: #000000;\"><span style=\"font-family: Book Antiqua, serif;\"><span style=\"font-size: large;\"><b>CZYTANIE Z PIERWSZEJ KSI\u0118GI SAMUELA:<\/b><\/span><\/span><\/span><\/p>\n<p align=\"justify\"><span style=\"color: #000000;\"><span style=\"font-family: Book Antiqua, serif;\"><span style=\"font-size: large;\"><b>Samuel spa\u0142 w przybytku Pana, gdzie znajdowa\u0142a si\u0119 Arka Przymierza. Wtedy Pan zawo\u0142a\u0142 Samuela, a ten odpowiedzia\u0142: \u201eOto jestem\u201d. Pobieg\u0142 do Helego, m\u00f3wi\u0105c mu: \u201eOto jestem: przecie\u017c mnie wo\u0142a\u0142e\u015b\u201d. Heli odrzek\u0142: \u201eNie wo\u0142a\u0142em ci\u0119, wr\u00f3\u0107 i po\u0142\u00f3\u017c si\u0119 spa\u0107\u201d. Po\u0142o\u017cy\u0142 si\u0119 zatem spa\u0107.<\/b><\/span><\/span><\/span><\/p>\n<p align=\"justify\"><span style=\"color: #000000;\"><span style=\"font-family: Book Antiqua, serif;\"><span style=\"font-size: large;\"><b>Lecz Pan powt\u00f3rzy\u0142 wo\u0142anie: \u201eSamuelu!\u201d Wsta\u0142 Samuel i pobieg\u0142 do Helego, m\u00f3wi\u0105c: \u201eOto jestem: przecie\u017c mnie wo\u0142a\u0142e\u015b\u201d. Odrzek\u0142 mu: \u201eNie wo\u0142a\u0142em ci\u0119, synu. Wr\u00f3\u0107 i po\u0142\u00f3\u017c si\u0119 spa\u0107\u201d. Samuel bowiem jeszcze nie zna\u0142 Pana, a s\u0142owo Pana nie by\u0142o mu jeszcze objawione.<\/b><\/span><\/span><\/span><\/p>\n<p align=\"justify\"><span style=\"color: #000000;\"><span style=\"font-family: Book Antiqua, serif;\"><span style=\"font-size: large;\"><b>I zn\u00f3w Pan powt\u00f3rzy\u0142 po raz trzeci swe wo\u0142anie: \u201eSamuelu!\u201d. Wsta\u0142 wi\u0119c i poszed\u0142 do Helego, m\u00f3wi\u0105c: \u201eOto jestem: przecie\u017c mnie wo\u0142a\u0142e\u015b\u201d. Heli spostrzeg\u0142 si\u0119, \u017ce to Pan wo\u0142a ch\u0142opca. Rzek\u0142 wi\u0119c Heli do Samuela: \u201eId\u017a spa\u0107. Gdyby jednak kto ci\u0119 wo\u0142a\u0142, odpowiedz: \u00abM\u00f3w, Panie, bo s\u0142uga Tw\u00f3j s\u0142ucha\u00bb\u201d. Odszed\u0142 Samuel i po\u0142o\u017cy\u0142 si\u0119 spa\u0107 na swoim miejscu.<\/b><\/span><\/span><\/span><\/p>\n<p align=\"justify\"><span style=\"color: #000000;\"><span style=\"font-family: Book Antiqua, serif;\"><span style=\"font-size: large;\"><b>Przyby\u0142 Pan i stan\u0105wszy zawo\u0142a\u0142 jak poprzednim razem: \u201eSamuelu, Samuelu!\u201d Samuel odpowiedzia\u0142: \u201eM\u00f3w, bo s\u0142uga Tw\u00f3j s\u0142ucha\u201d. <\/b><\/span><\/span><\/span><\/p>\n<p align=\"justify\"><span style=\"color: #000000;\"><span style=\"font-family: Book Antiqua, serif;\"><span style=\"font-size: large;\"><b>Samuel dorasta\u0142, a Pan by\u0142 z nim. Nie pozwoli\u0142 upa\u015b\u0107 \u017cadnemu jego s\u0142owu na ziemi\u0119.<\/b><\/span><\/span><\/span><\/p>\n<p align=\"justify\">\n<p align=\"justify\">\n<p align=\"justify\">\n<p align=\"justify\">\n<p align=\"justify\">\n<p align=\"justify\"><span style=\"color: #000000;\"><span style=\"font-family: Book Antiqua, serif;\"><span style=\"font-size: large;\"><b>CZYTANIE Z PIERWSZEGO LISTU \u015aWI\u0118TEGO PAW\u0141A APOSTO\u0141A DO KORYNTIAN:<\/b><\/span><\/span><\/span><\/p>\n<p align=\"justify\"><span style=\"color: #000000;\"><span style=\"font-family: Book Antiqua, serif;\"><span style=\"font-size: large;\"><b>Bracia: Cia\u0142o nie jest dla rozpusty, ale dla Pana, a Pan dla cia\u0142a. B\u00f3g za\u015b i Pana wskrzesi\u0142, i nas r\u00f3wnie\u017c sw\u0105 moc\u0105 wskrzesi\u0142 z martwych. <\/b><\/span><\/span><\/span><\/p>\n<p align=\"justify\"><span style=\"color: #000000;\"><span style=\"font-family: Book Antiqua, serif;\"><span style=\"font-size: large;\"><b>Czy\u017c nie wiecie, \u017ce wasze cia\u0142a s\u0105 cz\u0142onkami Chrystusa? Ten za\u015b, kto si\u0119 \u0142\u0105czy z Panem, jest z Nim jednym duchem. <\/b><\/span><\/span><\/span><\/p>\n<p align=\"justify\"><span style=\"color: #000000;\"><span style=\"font-family: Book Antiqua, serif;\"><span style=\"font-size: large;\"><b>Strze\u017ccie si\u0119 rozpusty; wszelki grzech pope\u0142niony przez cz\u0142owieka jest na zewn\u0105trz cia\u0142a; kto za\u015b grzeszy rozpust\u0105, przeciwko w\u0142asnemu cia\u0142u grzeszy. <\/b><\/span><\/span><\/span><\/p>\n<p align=\"justify\"><span style=\"color: #000000;\"><span style=\"font-family: Book Antiqua, serif;\"><span style=\"font-size: large;\"><b>Czy\u017c nie wiecie, \u017ce cia\u0142o wasze jest przybytkiem Ducha \u015awi\u0119tego, kt\u00f3ry w was jest, a kt\u00f3rego macie od Boga, i \u017ce ju\u017c nie nale\u017cycie do samych siebie? Za wielk\u0105 bowiem cen\u0119 zostali\u015bcie nabyci. Chwalcie wi\u0119c Boga w waszym ciele!<\/b><\/span><\/span><\/span><\/p>\n<p align=\"justify\">\n<p align=\"justify\">\n<p align=\"justify\">\n<p align=\"justify\">\n<p align=\"justify\">\n<p align=\"justify\"><span style=\"color: #000000;\"><span style=\"font-family: Book Antiqua, serif;\"><span style=\"font-size: large;\"><b>S\u0141OWA EWANGELII WED\u0141UG \u015aWI\u0118TEGO JANA:<\/b><\/span><\/span><\/span><\/p>\n<p align=\"justify\"><span style=\"color: #000000;\"><span style=\"font-family: Book Antiqua, serif;\"><span style=\"font-size: large;\"><b>Jan sta\u0142 wraz z dwoma swoimi uczniami i gdy zobaczy\u0142 przechodz\u0105cego Jezusa, rzek\u0142: \u201eOto Baranek Bo\u017cy\u201d. Dwaj uczniowie us\u0142yszeli, jak m\u00f3wi\u0142, i poszli za Jezusem. Jezus za\u015b odwr\u00f3ciwszy si\u0119 i ujrzawszy, \u017ce oni id\u0105 za Nim, rzek\u0142 do nich: \u201eCzego szukacie?\u201d <\/b><\/span><\/span><\/span><\/p>\n<p align=\"justify\"><span style=\"color: #000000;\"><span style=\"font-family: Book Antiqua, serif;\"><span style=\"font-size: large;\"><b>Oni powiedzieli do Niego: \u201eRabbi, to znaczy: Nauczycielu, gdzie mieszkasz?\u201d <\/b><\/span><\/span><\/span><\/p>\n<p align=\"justify\"><span style=\"color: #000000;\"><span style=\"font-family: Book Antiqua, serif;\"><span style=\"font-size: large;\"><b>Odpowiedzia\u0142 im: \u201eChod\u017acie, a zobaczycie\u201d. Poszli wi\u0119c i zobaczyli, gdzie mieszka, i tego dnia pozostali u Niego. By\u0142o to oko\u0142o godziny dziesi\u0105tej.<\/b><\/span><\/span><\/span><\/p>\n<p align=\"justify\"><span style=\"color: #000000;\"><span style=\"font-family: Book Antiqua, serif;\"><span style=\"font-size: large;\"><b>Jednym z dw\u00f3ch, kt\u00f3rzy to us\u0142yszeli od Jana i poszli za Nim, by\u0142 Andrzej, brat Szymona Piotra. Ten spotka\u0142 najpierw swego brata i rzek\u0142 do niego: \u201eZnale\u017ali\u015bmy Mesjasza\u201d, to znaczy: Chrystusa. I przyprowadzi\u0142 go do Jezusa. <\/b><\/span><\/span><\/span><\/p>\n<p align=\"justify\"><span style=\"color: #000000;\"><span style=\"font-family: Book Antiqua, serif;\"><span style=\"font-size: large;\"><b>A Jezus wejrzawszy na niego rzek\u0142: \u201eTy jeste\u015b Szymon, syn Jana, ty b\u0119dziesz si\u0119 nazywa\u0142 Kefas\u201d, to znaczy: Piotr.<\/b><\/span><\/span><\/span><\/p>\n<p align=\"justify\">\n<p align=\"justify\">\n<p align=\"justify\">\n<p align=\"justify\">\n<p align=\"justify\">\n<p align=\"justify\"><span style=\"color: #000000;\"><span style=\"font-family: Book Antiqua, serif;\"><span style=\"font-size: large;\">Pierwsze czytanie to zapis wytrwa\u0142ego <b>poszukiwania cz\u0142owieka przez Boga.<\/b> B\u00f3g przychodzi do m\u0142odego Samuela i przemawia do niego, chocia\u017c ten nawet <b>nie domy\u015bla si\u0119, kto do niego m\u00f3wi.<\/b> Jest wszak jeszcze bardzo m\u0142odym cz\u0142owiekiem, wr\u0119cz dzieckiem, dlatego <b>nie ma \u017cadnego do\u015bwiadczenia<\/b> w kwestiach relacji z Bogiem. B\u0119dzie si\u0119 dopiero tego uczy\u0142, mieszkaj\u0105c w \u015bwi\u0105tyni, pod okiem kap\u0142ana Helego. <\/span><\/span><\/span><\/p>\n<p align=\"justify\"><span style=\"color: #000000;\"><span style=\"font-family: Book Antiqua, serif;\"><span style=\"font-size: large;\">Jednak B\u00f3g wybiera nie Helego, s\u0119dziwego ju\u017c kap\u0142ana,<b> a w\u0142a\u015bnie ma\u0142ego ch\u0142opca, <\/b>aby objawi\u0107 swoj\u0105 wol\u0119, dotycz\u0105c\u0105 syn\u00f3w Helego i jego samego. Okazuje si\u0119 bowiem, \u017ce synowie ci <b>bardzo arogancko zachowywali si\u0119<\/b> wobec Boga i wobec kultu, jaki mieli przed Nim sprawowa\u0107, za\u015b <b>ich ojciec przyzwala\u0142 na to, <\/b>nie upominaj\u0105c ostro za tego typu post\u0119pki. To spowodowa\u0142o, \u017ce B\u00f3g ostatecznie odwr\u00f3ci\u0142 si\u0119 od Helego i postanowi\u0142 <b>zwr\u00f3ci\u0107 si\u0119 do Samuela.<\/b> <\/span><\/span><\/span><\/p>\n<p align=\"justify\"><span style=\"color: #000000;\"><span style=\"font-family: Book Antiqua, serif;\"><span style=\"font-size: large;\">Zauwa\u017cmy, \u017ce Heli pom\u00f3g\u0142 ch\u0142opcu rozpozna\u0107, kto do niego m\u00f3wi. Zatem, <b>mia\u0142 du\u017ce do\u015bwiadczenie<\/b> w tych sprawach i zapewne \u017cywi\u0142 <b>szczery szacunek do Boga, <\/b>mia\u0142 z Nim jak\u0105\u015b osobist\u0105 relacj\u0119. Jednak to wszystko, wobec bezece\u0144stw, czynionych przez syn\u00f3w \u2013 w po\u0142\u0105czeniu z bierno\u015bci\u0105 jego samego \u2013 <b>straci\u0142o na znaczeniu,<\/b> st\u0105d taka, a nie inna, reakcja Boga. <\/span><\/span><\/span><\/p>\n<p align=\"justify\"><span style=\"color: #000000;\"><span style=\"font-family: Book Antiqua, serif;\"><span style=\"font-size: large;\">Oto B\u00f3g pomin\u0105\u0142 kap\u0142ana i <b>zwr\u00f3ci\u0142 si\u0119 bezpo\u015brednio do dziecka,<\/b> do ma\u0142ego ch\u0142opca. Z ostatniego zdania dzisiejszego pierwszego czytania dowiadujemy si\u0119, \u017ce owo <b>usi\u0142owanie Boga,<\/b> aby porozmawia\u0107 z Samuelem, to nie by\u0142o tylko takie sobie \u201epogadanie o tym i o tamtym\u201d, ale pocz\u0105tek powo\u0142ywania go do misji prorockiej. Zdanie: <i><b>Samuel dorasta\u0142, a Pan by\u0142 z nim. Nie pozwoli\u0142 upa\u015b\u0107 \u017cadnemu jego s\u0142owu na ziemi\u0119,<\/b><\/i><b> <\/b>kt\u00f3re w innym t\u0142umaczeniu brzmi: <i><b>Samuel dorasta\u0142, a Pan by\u0142 z nim i sprawia\u0142, \u017ce wszystko, co powiedzia\u0142, spe\u0142nia\u0142o si\u0119<\/b><\/i> \u2013 jest wyra\u017anym potwierdzeniem wyboru, dokonanego przez Boga. Wyboru na Proroka.<\/span><\/span><\/span><\/p>\n<p align=\"justify\"><span style=\"color: #000000;\"><span style=\"font-family: Book Antiqua, serif;\"><span style=\"font-size: large;\">Ale i ten wyb\u00f3r, dokonany przez Boga, pozosta\u0142by bez \u017cadnego odzewu i skutku, gdyby Samuel nie powiedzia\u0142 tego, co powiedzia\u0142 z ca\u0142\u0105 \u015bwiadomo\u015bci\u0105 \u2013 zreszt\u0105, za rad\u0105 Helego: <i><b>M\u00f3w,<\/b><\/i><b> <\/b><i><b>Panie<\/b><\/i><b>, <\/b><i><b>bo s\u0142uga Tw\u00f3j s\u0142ucha! <\/b><\/i>Mo\u017cna powiedzie\u0107, \u017ce poszukiwanie cz\u0142owieka, jakie podj\u0105\u0142 B\u00f3g, tym razem <b>przynios\u0142o dobry skutek. <\/b><\/span><\/span><\/span><\/p>\n<p align=\"justify\"><span style=\"color: #000000;\"><span style=\"font-family: Book Antiqua, serif;\"><span style=\"font-size: large;\">Niestety, tego samego nie mo\u017cna powiedzie\u0107 o kap\u0142anie Helim, kt\u00f3ry <b>dobrze wiedzia\u0142, <\/b>w jaki spos\u00f3b B\u00f3g przemawia i czego oczekuje, a przecie\u017c <b>post\u0119powa\u0142 zupe\u0142nie inaczej. <\/b>Uczy\u0142 ma\u0142ego Samuela, jak s\u0142ucha\u0107 Boga, ale sam Go nie s\u0142ucha\u0142. <\/span><\/span><\/span><\/p>\n<p align=\"justify\"><span style=\"color: #000000;\"><span style=\"font-family: Book Antiqua, serif;\"><span style=\"font-size: large;\">Samuel za\u015b pos\u0142ucha\u0142, co pozwoli\u0142o Bogu <b>powo\u0142a\u0107 go do misji prorockiej<\/b> i od tego czasu B\u00f3g \u2013 przez wiele wiek\u00f3w \u2013 b\u0119dzie przemawia\u0142 do swego ludu <b>w\u0142a\u015bnie przez Prorok\u00f3w.<\/b> Zar\u00f3wno bowiem Samuel, jak i ka\u017cdy nast\u0119pny, pozytywnie odpowiedzia\u0142 Bogu na Jego <b>poszukiwanie wsp\u00f3\u0142pracownik\u00f3w \u2013<\/b> na Jego poszukiwanie blisko\u015bci cz\u0142owieka\u2026 O tym poszukiwaniu m\u00f3wi dzisiejsze pierwsze czytanie. <\/span><\/span><\/span><\/p>\n<p align=\"justify\"><span style=\"color: #000000;\"><span style=\"font-family: Book Antiqua, serif;\"><span style=\"font-size: large;\">Ewangelia za\u015b pokazuje proces odwrotny: tutaj <b>cz\u0142owiek poszukuje Boga.<\/b> Dwaj uczniowie Jana, us\u0142yszawszy od swego Nauczyciela s\u0142owa: <i><b>Oto Baranek Bo\u017cy,<\/b><\/i><b> <\/b>jakimi okre\u015bli\u0142 on Jezusa, posz\u0142o w\u0142a\u015bnie za Jezusem. Zostawili swego Mistrza, a <b>poszli za nowym Mistrzem. <\/b>Do\u015b\u0107 ciekawie si\u0119 to odby\u0142o, bo nie pytaj\u0105c o nic, <b>po prostu poszli za Nim. <\/b>Krok w krok. Zobaczywszy to, Jezus zainteresowa\u0142 si\u0119 nimi i ostatecznie zaprosi\u0142 do siebie. <\/span><\/span><\/span><\/p>\n<p align=\"justify\"><span style=\"color: #000000;\"><span style=\"font-family: Book Antiqua, serif;\"><span style=\"font-size: large;\">Oczywi\u015bcie, okre\u015blenie <b>\u00ab<\/b><b>do siebie<\/b><b>\u00bb<\/b> jest nieco na wyrost, bo Jezus na tej ziemi <b>nie mia\u0142 \u017cadnego <\/b><b>\u00ab<\/b><b>u siebie<\/b><b>\u00bb<\/b><b>.<\/b> By\u0142 dom Jego Matki, ale go opu\u015bci\u0142, gdy rozpocz\u0105\u0142 publiczn\u0105 dzia\u0142alno\u015b\u0107. Pomieszkiwa\u0142 zatem to tu, to tam \u2013 uwa\u017ca si\u0119, \u017ce najcz\u0119\u015bciej bywa\u0142 <b>w domu Andrzeja i Piotra, <\/b>w Kafarnaum. Ale te\u017c odwiedza\u0142 swoich przyjaci\u00f3\u0142 \u2013 tr\u00f3jk\u0119 rodze\u0144stwa z Betanii: Mart\u0119, Mari\u0119 i \u0141azarza; i jeszcze w innych miejscach bywa\u0142. <b>Nie mia\u0142 za\u015b takiego miejsca,<\/b> o kt\u00f3rym m\u00f3g\u0142by powiedzie\u0107, i\u017c jest to Jego i tylko Jego dom\u2026<\/span><\/span><\/span><\/p>\n<p align=\"justify\"><span style=\"color: #000000;\"><span style=\"font-family: Book Antiqua, serif;\"><span style=\"font-size: large;\">Swoj\u0105 drog\u0105, to bardzo ciekawe: Pan i W\u0142adca \u015bwiata i wszech\u015bwiata \u2013 <b>nie mia\u0142 na tym \u015bwiecie \u017cadnego w\u0142asnego k\u0105cika,<\/b> \u017cadnej swojej izdebki. Zatem, dzisiejsza informacja, \u017ce Jezus zaprosi\u0142 dw\u00f3ch uczni\u00f3w <b>\u00ab<\/b><b>do siebie<\/b><b>\u00bb<\/b><b> i tam pozostali <\/b>\u2013 oznacza w praktyce, \u017ce zaprosi\u0142 ich do jakiego\u015b miejsca, w kt\u00f3rym tymczasowo przebywa\u0142, albo w kt\u00f3rym udzielono Mu go\u015bciny. <\/span><\/span><\/span><\/p>\n<p align=\"justify\"><span style=\"color: #000000;\"><span style=\"font-family: Book Antiqua, serif;\"><span style=\"font-size: large;\">Uczniowie jednak \u2013 jak si\u0119 wydaje \u2013 tym pytaniem: <i><b>Nauczycielu, gdzie mieszkasz?,<\/b><\/i><b> <\/b>wyrazili znacznie wi\u0119cej, ani\u017celi wynika\u0142oby to z tre\u015bci samego pytania. Oni chcieli w ten spos\u00f3b jako\u015b <b>bli\u017cej pozna\u0107 nowego Mistrza<\/b> \u2013 tego, kt\u00f3rego Jan zapowiada\u0142, na kt\u00f3rego przyj\u015bcie przygotowywa\u0142, a kt\u00f3rego ostatecznie okre\u015bli\u0142 mianem: <i><b>Oto Baranek Bo\u017cy.<\/b><\/i> Oni chcieli wej\u015b\u0107 we wsp\u00f3lnot\u0119 z Jezusem, stworzy\u0107 z Nim jedno\u015b\u0107. <\/span><\/span><\/span><\/p>\n<p align=\"justify\"><span style=\"color: #000000;\"><span style=\"font-family: Book Antiqua, serif;\"><span style=\"font-size: large;\">Byli bardzo ciekawi tego nowego Nauczyciela, o kt\u00f3rym jeszcze niewiele, albo i nic nie wiedzieli, ale kt\u00f3ry <b>w jaki\u015b tajemniczy spos\u00f3b poci\u0105gn\u0105\u0142 ich do siebie<\/b> i poprowadzi\u0142. Najpierw do tego miejsca, w kt\u00f3rym mieszka\u0142 tu, na ziemi, aby ostatecznie doprowadzi\u0107 do <b>miejsca, gdzie mieszka na wieki <\/b>\u2013 a to ju\u017c z ca\u0142\u0105 pewno\u015bci\u0105 jest Jego mieszkanie i do tego mieszkania nas wszystkich, bez wyj\u0105tku, zaprasza. Wystarczy da\u0107 si\u0119 zaprosi\u0107. <\/span><\/span><\/span><\/p>\n<p align=\"justify\"><span style=\"color: #000000;\"><span style=\"font-family: Book Antiqua, serif;\"><span style=\"font-size: large;\">I p\u00f3j\u015b\u0107 za Jezusem, wykazuj\u0105c si\u0119 <b>szlachetn\u0105 ciekawo\u015bci\u0105, ch\u0119ci\u0105 zbli\u017cenia si\u0119<\/b> do Niego, poznania Go, czym wykazali si\u0119 Andrzej i drugi ucze\u0144, ale te\u017c <b>prawdziw\u0105<\/b> <b>fascynacj\u0105 <\/b><b>Jezusem<\/b><b> \u2013<\/b> tak\u0105 fascynacj\u0105, kt\u00f3ra kaza\u0142a Andrzejowi przyprowadzi\u0107 do Niego swego brata Szymona, kt\u00f3rego z kolei Jezus, ju\u017c przy tym pierwszym spotkaniu, <b>uczyni\u0142 Piotrem \u2013 Ska\u0142\u0105 \u2013 fundamentem swego Ko\u015bcio\u0142a.<\/b> Mo\u017cna powiedzie\u0107, \u017ce i to poszukiwanie \u2013 poszukiwanie Boga przez cz\u0142owieka \u2013 zako\u0144czy\u0142o si\u0119 sukcesem. <\/span><\/span><\/span><\/p>\n<p align=\"justify\"><span style=\"color: #000000;\"><span style=\"font-family: Book Antiqua, serif;\"><span style=\"font-size: large;\">To chyba dobrze \u2013 a nawet bardzo dobrze \u2013 kiedy <b>spotykaj\u0105 si\u0119 ze sob\u0105 dwa pragnienia,<\/b> dwa d\u0105\u017cenia: kiedy pragnienie Boga, by spotka\u0107 i zaprosi\u0107 do siebie cz\u0142owieka, spotka si\u0119 <b>z pozytywnym odzewem cz\u0142owieka i pragnieniem, <\/b>by spotka\u0107 swego Boga. Kiedy B\u00f3g chce m\u00f3wi\u0107 do cz\u0142owieka, a cz\u0142owiek reaguje na to otwartym sercem: <b>Tak, Panie, m\u00f3w, <\/b><i><b>bo s\u0142uga Tw\u00f3j s\u0142ucha.<\/b><\/i><i> <\/i><\/span><\/span><\/span><\/p>\n<p align=\"justify\"><span style=\"color: #000000;\"><span style=\"font-family: Book Antiqua, serif;\"><span style=\"font-size: large;\">I kiedy cz\u0142owiek rusza w drog\u0119 za swoim Bogiem, pytaj\u0105c:<b> <\/b><i><b>Gdzie mieszkasz?<\/b><\/i> Gdzie Ci\u0119 mo\u017cna najpewniej spotka\u0107? Gdzie na mnie czekasz? A B\u00f3g zaprasza do siebie i <b>otwiera przed cz\u0142owiekiem <\/b>drzwi swego domu\u2026 Wtedy dochodzi do spotkania, do zjednoczenia, do <b>mocnej duchowej wi\u0119zi,<\/b> kt\u00f3rej niestraszne s\u0105 \u017cadne zewn\u0119trzne okoliczno\u015bci. <\/span><\/span><\/span><\/p>\n<p align=\"justify\"><span style=\"color: #000000;\"><span style=\"font-family: Book Antiqua, serif;\"><span style=\"font-size: large;\">Kiedy B\u00f3g <b>przejmuje kierowanie \u017cyciem cz\u0142owieka \u2013<\/b> tak, jak przej\u0105\u0142 w przypadku Aposto\u0142\u00f3w. Zauwa\u017cmy, \u017ce fakt zmiany imienia dopiero co napotkanego Szymona jest takim w\u0142a\u015bnie znakiem \u2013 <b>znakiem Boskiej w\u0142adzy,<\/b> jak\u0105 Jezus nad nim roztoczy\u0142. I nad pozosta\u0142ymi Aposto\u0142ami tak\u017ce. <b>I nad ca\u0142ym Ko\u015bcio\u0142em.<\/b> <\/span><\/span><\/span><\/p>\n<p align=\"justify\"><span style=\"color: #000000;\"><span style=\"font-family: Book Antiqua, serif;\"><span style=\"font-size: large;\">Podobnie, jak w Starym Testamencie, B\u00f3g roztacza\u0142 <b>swoj\u0105 Bosk\u0105 w\u0142adz\u0119 nad Samuelem<\/b> i innymi Prorokami, kt\u00f3rzy w ten spos\u00f3b stawali si\u0119 narz\u0119dziami w Jego r\u0119ku i wykonawcami Jego dzie\u0142a; stawali si\u0119 Jego g\u0142osem dla ludzi. <\/span><\/span><\/span><\/p>\n<p align=\"justify\"><span style=\"color: #000000;\"><span style=\"font-family: Book Antiqua, serif;\"><span style=\"font-size: large;\">I \u2013 \u017ceby to jasno stwierdzi\u0107 \u2013 w niczym to <b>nie umniejszy\u0142o czci i godno\u015bci <\/b>Aposto\u0142\u00f3w, ani Prorok\u00f3w, ani nikogo, kto odda\u0142 si\u0119 na s\u0142u\u017cb\u0119 Bogu, kto Jego wol\u0119 wype\u0142nia\u0142, kto Jego s\u0142owa s\u0142ucha\u0142 i innym je g\u0142osi\u0142. Wprost przeciwnie \u2013 bo zawsze ten, kto Bogu s\u0142u\u017cy, <b>sam na tym najwi\u0119cej zyskuje i staje si\u0119 wielki.<\/b> Staje si\u0119 wielki poprzez to, \u017ce uni\u017ca si\u0119 przed Bogiem, \u017ce wobec Boga jest pokorny. <\/span><\/span><\/span><\/p>\n<p align=\"justify\"><span style=\"color: #000000;\"><span style=\"font-family: Book Antiqua, serif;\"><span style=\"font-size: large;\">Ka\u017cdy, kto s\u0142u\u017cy Bogu ca\u0142\u0105 swoj\u0105 dusz\u0105, ca\u0142ym swoim sercem, a \u015awi\u0119ty Pawe\u0142 dopowie dzisiaj w drugim czytaniu, \u017ce tak\u017ce \u2013 <b>ca\u0142ym swoim cia\u0142em.<\/b> Tak, bo to wszystko, co tu sobie m\u00f3wimy, a co brzmi mo\u017ce nawet do\u015b\u0107 g\u00f3rnolotnie, w rzeczywisto\u015bci dotyczy <b>naszej codzienno\u015bci. <\/b>Naszej doczesno\u015bci. <b>Naszej cielesno\u015bci.<\/b> <\/span><\/span><\/span><\/p>\n<p align=\"justify\"><span style=\"color: #000000;\"><span style=\"font-family: Book Antiqua, serif;\"><span style=\"font-size: large;\">Nasze bowiem \u017cycie tu, na ziemi, nie jest dla Boga niewa\u017cne, nieistotne. Gdyby tak by\u0142o, to <b>nie dawa\u0142by nam tych lat <\/b>na ziemi, kt\u00f3re nam daje i w ci\u0105gu kt\u00f3rych opiekuje si\u0119 nami i prowadzi nas za r\u0119k\u0119. Owszem, celem naszych d\u0105\u017ce\u0144 jest Niebo, ale <b>droga do niego prowadzi przez ziemi\u0119,<\/b> a na ziemi \u2013 poprzez zmaganie si\u0119 z naszymi ludzkimi s\u0142abo\u015bciami. <\/span><\/span><\/span><\/p>\n<p align=\"justify\"><span style=\"color: #000000;\"><span style=\"font-family: Book Antiqua, serif;\"><span style=\"font-size: large;\">Tak\u017ce tymi cielesnymi s\u0142abo\u015bciami i pokusami, przed kt\u00f3rymi ostrzega dzi\u015b Pawe\u0142 Aposto\u0142, pisz\u0105c o grzechu rozpusty. W tym kontek\u015bcie pyta retorycznie: <i><b>Czy\u017c nie wiecie, \u017ce cia\u0142o wasze jest przybytkiem Ducha \u015awi\u0119tego, kt\u00f3ry w was jest, a kt\u00f3rego macie od Boga, i \u017ce ju\u017c nie nale\u017cycie do samych siebie? Za wielk\u0105 bowiem cen\u0119 zostali\u015bcie nabyci.<\/b><\/i><b> <\/b>Tak, za wielk\u0105 cen\u0119 \u2013 za cen\u0119 Krwi Jezusa Chrystusa. <\/span><\/span><\/span><\/p>\n<p align=\"justify\"><span style=\"color: #000000;\"><span style=\"font-family: Book Antiqua, serif;\"><span style=\"font-size: large;\">Mamy wi\u0119c ca\u0142ych siebie odda\u0107 Bogu na s\u0142u\u017cb\u0119 \u2013 <b>ca\u0142ych siebie!<\/b> S\u0142ucha\u0107 Jego s\u0142owa, wype\u0142nia\u0107 Jego wol\u0119, czego pierwszym znakiem b\u0119dzie to w\u0142a\u015bnie, \u017ce <b>nie b\u0119dziemy ulega\u0107 ludzkim zachciankom i pokusom,<\/b> w tym szczeg\u00f3lnie: pokusom do grzech\u00f3w nieczystych. Bo one mocno bezczeszcz\u0105 \u015bwi\u0105tyni\u0119 Ducha \u015awi\u0119tego, kt\u00f3r\u0105 jest nasze ludzkie cia\u0142o. <\/span><\/span><\/span><\/p>\n<p align=\"justify\"><span style=\"color: #000000;\"><span style=\"font-family: Book Antiqua, serif;\"><span style=\"font-size: large;\">Ale i inne grzechy <b>nie s\u0105 w niczym \u201elepsze\u201d czy \u201e\u0142agodniejsze\u201d.<\/b> Ka\u017cdy grzech jest niepos\u0142usze\u0144stwem Bogu, a je\u017celi jest niepos\u0142usze\u0144stwem, to znaczy, \u017ce nawet pomimo tego, i\u017c m\u00f3wimy: <i><b>M\u00f3w,<\/b><\/i> <i><b>Panie, bo s\u0142uga Tw\u00f3j s\u0142ucha! <\/b><\/i>\u2013 to i tak Go nie s\u0142uchamy. Bo nasze czyny to pokazuj\u0105. <\/span><\/span><\/span><\/p>\n<p align=\"justify\"><span style=\"color: #000000;\"><span style=\"font-family: Book Antiqua, serif;\"><span style=\"font-size: large;\">Niech wi\u0119c nasze dobre i czyste <b>my\u015bli,<\/b> nasze m\u0105dre i przemy\u015blane <b>s\u0142owa,<\/b> oraz nasze szlachetne <b>uczynki<\/b> potwierdzaj\u0105, \u017ce naprawd\u0119 <b>oddali\u015bmy si\u0119 cali na s\u0142u\u017cb\u0119 Bogu.<\/b> I \u017ce On mo\u017ce w nas i przez nas \u2013 czyni\u0107 wszystko, co tylko chce. A to jest przecie\u017c <b>najwi\u0119kszym dobrem dla nas,<\/b> bo B\u00f3g chce dla nas tylko dobra! <\/span><\/span><\/span><\/p>\n<p align=\"justify\"><span style=\"color: #000000;\"><span style=\"font-family: Book Antiqua, serif;\"><span style=\"font-size: large;\">St\u0105d te\u017c warto ci\u0105gle kszta\u0142towa\u0107 w sobie, moi Drodzy, <b>postaw\u0119 s\u0142uchania\u2026<\/b> S\u0142uchania Boga\u2026 A mo\u017ce lepiej powiedzie\u0107: postaw\u0119 <b>nas\u0142uchiwania\u2026<\/b> Takiej sta\u0142ej gotowo\u015bci i czujno\u015bci, aby nie przegapi\u0107, nie przeoczy\u0107 ani jednego Jego s\u0142owa, ani jednego znaku, jaki nam da, albo sygna\u0142u, kt\u00f3ry do nas wy\u015ble. <\/span><\/span><\/span><\/p>\n<p align=\"justify\"><span style=\"color: #000000;\"><span style=\"font-family: Book Antiqua, serif;\"><span style=\"font-size: large;\">Dlatego uczy\u0144my swoim to wezwanie, z jakim m\u0142ody Samuel zwr\u00f3ci\u0142 si\u0119 do Boga: <i><b>M\u00f3w, Panie, bo s\u0142uga Tw\u00f3j s\u0142ucha! <\/b><\/i>Niech to zdanie \u2013 dos\u0142ownie powt\u00f3rzone \u2013 cz\u0119sto pojawia si\u0119 <b>w naszych modlitwach.<\/b> Niech b\u0119dzie naszym <b>aktem strzelistym,<\/b> z jakim \u2013 z g\u0142\u0119bi serca \u2013 cz\u0119sto b\u0119dziemy si\u0119 do Niego zwracali, szczeg\u00f3lnie przed czytaniem lub s\u0142uchaniem Pisma \u015awi\u0119tego. Ale te\u017c niech <b>okre\u015bla ca\u0142\u0105 nasz\u0105 postaw\u0119<\/b> \u2013 postaw\u0119 otwarto\u015bci i zaciekawienia, a wr\u0119cz zafascynowania wszystkim, co tylko B\u00f3g chce nam powiedzie\u0107. <\/span><\/span><\/span><\/p>\n<p align=\"justify\"><span style=\"color: #000000;\"><span style=\"font-family: Book Antiqua, serif;\"><span style=\"font-size: large;\">Niech nie tylko samo zdanie, wypowiadane na modlitwie, ale nasz styl \u017cycia potwierdza to dobre nastawienie \u2013 i\u017c <b>cali jeste\u015bmy otwarci na Boga,<\/b> na ka\u017cde Jego s\u0142owo; wychwytujemy je, bierzemy do serca, aby je potem dok\u0142adnie wype\u0142ni\u0107 w swoim codziennym \u017cyciu. <\/span><\/span><\/span><\/p>\n<p align=\"justify\"><span style=\"color: #000000;\"><span style=\"font-family: Book Antiqua, serif;\"><span style=\"font-size: large;\">Zatem,<i> <\/i><i><b>m\u00f3w, Panie, bo s\u0142uga Tw\u00f3j s\u0142ucha!<\/b><\/i><b> \u2013 <\/b>kiedy kierujesz do mnie swoje s\u0142owo z kart Pisma \u015awi\u0119tego, s\u0142uchanego w czasie Mszy \u015awi\u0119tej i czytanego w domu. <i><b>M\u00f3w, Panie, bo s\u0142uga Tw\u00f3j s\u0142ucha!<\/b><\/i><b> \u2013 <\/b>kiedy m\u00f3wisz do mnie przez Spowiednika, lub kap\u0142ana, g\u0142osz\u0105cego homili\u0119. <i><b>M\u00f3w, Panie, bo s\u0142uga Tw\u00f3j s\u0142ucha!<\/b><\/i><b> \u2013 <\/b>kiedy m\u00f3wisz do mnie przez nauczanie Ko\u015bcio\u0142a i wypowiedzi Jego Pasterzy. <\/span><\/span><\/span><\/p>\n<p align=\"justify\"><span style=\"color: #000000;\"><span style=\"font-family: Book Antiqua, serif;\"><span style=\"font-size: large;\"><i><b>M\u00f3w, Panie, bo s\u0142uga Tw\u00f3j s\u0142ucha!<\/b><\/i><b> \u2013 <\/b>kiedy przemawiasz do mnie przez moich najbli\u017cszych, cz\u0142onk\u00f3w mojej rodziny, moich s\u0105siad\u00f3w, czy koleg\u00f3w ze szko\u0142y, lub z pracy. <i><b>M\u00f3w, Panie, bo s\u0142uga Tw\u00f3j s\u0142ucha!<\/b><\/i><b> \u2013 <\/b>kiedy wysy\u0142asz do mnie wyra\u017ane sygna\u0142y poprzez r\u00f3\u017cne sytuacje, sploty wydarze\u0144, co do kt\u00f3rych jestem przekonany, i\u017c nie u\u0142o\u017cy\u0142y si\u0119 jakim\u015b dziwnym \u201eprzypadkiem\u201d, ale czyja\u015b dobra r\u0119ka wszystko poprowadzi\u0142a i u\u0142o\u017cy\u0142a\u2026 <\/span><\/span><\/span><\/p>\n<p align=\"justify\"><span style=\"color: #000000;\"><span style=\"font-family: Book Antiqua, serif;\"><span style=\"font-size: large;\"><i><b>M\u00f3w, Panie, bo s\u0142uga Tw\u00f3j s\u0142ucha!<\/b><\/i><b> \u2013 <\/b>kiedy w moim sercu rodz\u0105 si\u0119 nowe my\u015bli, kt\u00f3rych nigdy wcze\u015bniej nie mia\u0142em, kt\u00f3re mnie wprost zaskakuj\u0105, a co do kt\u00f3rych nie mam w\u0105tpliwo\u015bci, sk\u0105d do mnie przysz\u0142y, skoro nie ode mnie samego\u2026 <\/span><\/span><\/span><\/p>\n<p align=\"justify\"><span style=\"color: #000000;\"><span style=\"font-family: Book Antiqua, serif;\"><span style=\"font-size: large;\">Wreszcie, tak\u017ce <i><b>m\u00f3w, Panie, bo s\u0142uga Tw\u00f3j s\u0142ucha <\/b><\/i><b>\u2013 <\/b>kiedy przemawiasz do mnie przez sytuacje trudne, nawet bolesne; przez sytuacje, kt\u00f3rych pocz\u0105tkowo nie rozumiem, ale kt\u00f3re \u2013 prze\u017cyte w \u0142\u0105czno\u015bci z Tob\u0105 i pod Twoj\u0105 opiek\u0105 \u2013 jeszcze bardziej <b>zbli\u017c\u0105 mnie do Ciebie <\/b>i uczyni\u0105 m\u0105drzejszym cz\u0142owiekiem\u2026<\/span><\/span><\/span><\/p>\n<p align=\"justify\"><span style=\"color: #000000;\"><span style=\"font-family: Book Antiqua, serif;\"><span style=\"font-size: large;\">Przez te wszystkie okoliczno\u015bci i sytuacje, s\u0142owa i my\u015bli, znaki i sygna\u0142y \u2013 <b>m\u00f3w do mnie, Panie!<\/b> M\u00f3w do mnie codziennie, m\u00f3w do mnie stale! A ja zrobi\u0119 wszystko, by nawet jednego Twego s\u0142owa nie straci\u0107, nie przegapi\u0107, nie pomin\u0105\u0107\u2026 <\/span><\/span><\/span><\/p>\n<p align=\"justify\"><span style=\"color: #000000;\"><span style=\"font-family: Book Antiqua, serif;\"><span style=\"font-size: large;\"><i><b>M\u00f3w, Panie, bo s\u0142uga Tw\u00f3j s\u0142ucha\u2026<\/b><\/i><b> <\/b>Naucz mnie \u2013 s\u0142ucha\u0107\u2026 Pom\u00f3\u017c mi\u2026<\/span><\/span><\/span><\/p>\n","protected":false},"excerpt":{"rendered":"<p>Niech b\u0119dzie pochwalony Jezus Chrystus! Moi Drodzy, serdecznie pozdrawiam ju\u017c z Ciepielowa, gdzie jestem ju\u017c od wczorajszego wieczorem, bo\u2026 przestraszy\u0142em si\u0119 zimy. Jak zobaczy\u0142em przez okno \u015bnieg, intensywnie padaj\u0105cy w Lublinie oko\u0142o godziny osiemnastej, pomy\u015bla\u0142em sobie, \u017ce lepiej wyruszy\u0107 w drog\u0119 od razu, a nie w niedziel\u0119 rano. \u017beby nie by\u0142o jakiej\u015b niespodzianki\u2026 A jak [&hellip;]<\/p>\n","protected":false},"author":1,"featured_media":0,"comment_status":"open","ping_status":"open","sticky":false,"template":"","format":"standard","meta":{"jetpack_post_was_ever_published":false,"_jetpack_newsletter_access":"","_jetpack_dont_email_post_to_subs":false,"_jetpack_newsletter_tier_id":0,"_jetpack_memberships_contains_paywalled_content":false,"_jetpack_memberships_contains_paid_content":false,"footnotes":""},"categories":[1],"tags":[],"class_list":["post-18413","post","type-post","status-publish","format-standard","hentry","category-bez-kategorii"],"yoast_head":"<!-- This site is optimized with the Yoast SEO plugin v25.1 - https:\/\/yoast.com\/wordpress\/plugins\/seo\/ -->\n<title>M\u00f3w, Panie... - Gaudium Et Spes<\/title>\n<meta name=\"robots\" content=\"index, follow, max-snippet:-1, max-image-preview:large, max-video-preview:-1\" \/>\n<link rel=\"canonical\" href=\"https:\/\/gaudiumetspes-blog.pl\/index.php\/2021\/01\/17\/mow-panie-4\/\" \/>\n<meta property=\"og:locale\" content=\"pl_PL\" \/>\n<meta property=\"og:type\" content=\"article\" \/>\n<meta property=\"og:title\" content=\"M\u00f3w, Panie... - Gaudium Et Spes\" \/>\n<meta property=\"og:description\" content=\"Niech b\u0119dzie pochwalony Jezus Chrystus! Moi Drodzy, serdecznie pozdrawiam ju\u017c z Ciepielowa, gdzie jestem ju\u017c od wczorajszego wieczorem, bo\u2026 przestraszy\u0142em si\u0119 zimy. Jak zobaczy\u0142em przez okno \u015bnieg, intensywnie padaj\u0105cy w Lublinie oko\u0142o godziny osiemnastej, pomy\u015bla\u0142em sobie, \u017ce lepiej wyruszy\u0107 w drog\u0119 od razu, a nie w niedziel\u0119 rano. \u017beby nie by\u0142o jakiej\u015b niespodzianki\u2026 A jak [&hellip;]\" \/>\n<meta property=\"og:url\" content=\"https:\/\/gaudiumetspes-blog.pl\/index.php\/2021\/01\/17\/mow-panie-4\/\" \/>\n<meta property=\"og:site_name\" content=\"Gaudium Et Spes\" \/>\n<meta property=\"article:published_time\" content=\"2021-01-17T05:40:49+00:00\" \/>\n<meta name=\"author\" content=\"Ks. Jacek\" \/>\n<meta name=\"twitter:card\" content=\"summary_large_image\" \/>\n<meta name=\"twitter:label1\" content=\"Napisane przez\" \/>\n\t<meta name=\"twitter:data1\" content=\"Ks. Jacek\" \/>\n\t<meta name=\"twitter:label2\" content=\"Szacowany czas czytania\" \/>\n\t<meta name=\"twitter:data2\" content=\"15 minut\" \/>\n<script type=\"application\/ld+json\" class=\"yoast-schema-graph\">{\"@context\":\"https:\/\/schema.org\",\"@graph\":[{\"@type\":\"WebPage\",\"@id\":\"https:\/\/gaudiumetspes-blog.pl\/index.php\/2021\/01\/17\/mow-panie-4\/\",\"url\":\"https:\/\/gaudiumetspes-blog.pl\/index.php\/2021\/01\/17\/mow-panie-4\/\",\"name\":\"M\u00f3w, Panie... - Gaudium Et Spes\",\"isPartOf\":{\"@id\":\"https:\/\/gaudiumetspes-blog.pl\/#website\"},\"datePublished\":\"2021-01-17T05:40:49+00:00\",\"author\":{\"@id\":\"https:\/\/gaudiumetspes-blog.pl\/#\/schema\/person\/1661982992b752dea8dff0d4ed845a65\"},\"breadcrumb\":{\"@id\":\"https:\/\/gaudiumetspes-blog.pl\/index.php\/2021\/01\/17\/mow-panie-4\/#breadcrumb\"},\"inLanguage\":\"pl-PL\",\"potentialAction\":[{\"@type\":\"ReadAction\",\"target\":[\"https:\/\/gaudiumetspes-blog.pl\/index.php\/2021\/01\/17\/mow-panie-4\/\"]}]},{\"@type\":\"BreadcrumbList\",\"@id\":\"https:\/\/gaudiumetspes-blog.pl\/index.php\/2021\/01\/17\/mow-panie-4\/#breadcrumb\",\"itemListElement\":[{\"@type\":\"ListItem\",\"position\":1,\"name\":\"Strona g\u0142\u00f3wna\",\"item\":\"https:\/\/gaudiumetspes-blog.pl\/\"},{\"@type\":\"ListItem\",\"position\":2,\"name\":\"M\u00f3w, Panie&#8230;\"}]},{\"@type\":\"WebSite\",\"@id\":\"https:\/\/gaudiumetspes-blog.pl\/#website\",\"url\":\"https:\/\/gaudiumetspes-blog.pl\/\",\"name\":\"Gaudium Et Spes\",\"description\":\"Blog Ks. Jacka Ja\u015bkowskiego\",\"potentialAction\":[{\"@type\":\"SearchAction\",\"target\":{\"@type\":\"EntryPoint\",\"urlTemplate\":\"https:\/\/gaudiumetspes-blog.pl\/?s={search_term_string}\"},\"query-input\":{\"@type\":\"PropertyValueSpecification\",\"valueRequired\":true,\"valueName\":\"search_term_string\"}}],\"inLanguage\":\"pl-PL\"},{\"@type\":\"Person\",\"@id\":\"https:\/\/gaudiumetspes-blog.pl\/#\/schema\/person\/1661982992b752dea8dff0d4ed845a65\",\"name\":\"Ks. Jacek\",\"image\":{\"@type\":\"ImageObject\",\"inLanguage\":\"pl-PL\",\"@id\":\"https:\/\/gaudiumetspes-blog.pl\/#\/schema\/person\/image\/\",\"url\":\"https:\/\/gaudiumetspes-blog.pl\/wp-content\/uploads\/2019\/07\/avatar-JJ-150x150.jpg\",\"contentUrl\":\"https:\/\/gaudiumetspes-blog.pl\/wp-content\/uploads\/2019\/07\/avatar-JJ-150x150.jpg\",\"caption\":\"Ks. Jacek\"},\"description\":\"Witam serdecznie! K\u0142ania si\u0119 Ks. Jacek Ja\u015bkowski. Nie jestem ani kim\u015b wa\u017cnym, ani kim\u015b znanym. Jestem ksi\u0119dzem, kt\u00f3ry po prostu chce rozmawia\u0107. Codzienna kap\u0142a\u0144ska pos\u0142uga pokazuje mi, \u017ce temat\u00f3w do rozm\u00f3w z ksi\u0119dzem jest coraz wi\u0119cej i dzisiaj \u017caden ksi\u0105dz nie mo\u017ce od nich ucieka\u0107, ale - wprost przeciwnie - podejmowa\u0107 nowe wyzwania. To przekonanie sk\u0142oni\u0142o mnie do pr\u00f3by otwarcia tego\u017c bloga, chocia\u017c okazji do rozm\u00f3w na co dzie\u0144 - w konfesjonale i poza nim - na szcz\u0119\u015bcie nie brakuje. My\u015bl\u0119 jednak, \u017ce ten blog b\u0119dzie jeszcze jednym sposobem i przestrzeni\u0105 nawi\u0105zania kontaktu z lud\u017ami dobrej woli, otwartymi na dialog.\",\"url\":\"https:\/\/gaudiumetspes-blog.pl\/index.php\/author\/ks-jacek\/\"}]}<\/script>\n<!-- \/ Yoast SEO plugin. -->","yoast_head_json":{"title":"M\u00f3w, Panie... - Gaudium Et Spes","robots":{"index":"index","follow":"follow","max-snippet":"max-snippet:-1","max-image-preview":"max-image-preview:large","max-video-preview":"max-video-preview:-1"},"canonical":"https:\/\/gaudiumetspes-blog.pl\/index.php\/2021\/01\/17\/mow-panie-4\/","og_locale":"pl_PL","og_type":"article","og_title":"M\u00f3w, Panie... - Gaudium Et Spes","og_description":"Niech b\u0119dzie pochwalony Jezus Chrystus! Moi Drodzy, serdecznie pozdrawiam ju\u017c z Ciepielowa, gdzie jestem ju\u017c od wczorajszego wieczorem, bo\u2026 przestraszy\u0142em si\u0119 zimy. Jak zobaczy\u0142em przez okno \u015bnieg, intensywnie padaj\u0105cy w Lublinie oko\u0142o godziny osiemnastej, pomy\u015bla\u0142em sobie, \u017ce lepiej wyruszy\u0107 w drog\u0119 od razu, a nie w niedziel\u0119 rano. \u017beby nie by\u0142o jakiej\u015b niespodzianki\u2026 A jak [&hellip;]","og_url":"https:\/\/gaudiumetspes-blog.pl\/index.php\/2021\/01\/17\/mow-panie-4\/","og_site_name":"Gaudium Et Spes","article_published_time":"2021-01-17T05:40:49+00:00","author":"Ks. Jacek","twitter_card":"summary_large_image","twitter_misc":{"Napisane przez":"Ks. Jacek","Szacowany czas czytania":"15 minut"},"schema":{"@context":"https:\/\/schema.org","@graph":[{"@type":"WebPage","@id":"https:\/\/gaudiumetspes-blog.pl\/index.php\/2021\/01\/17\/mow-panie-4\/","url":"https:\/\/gaudiumetspes-blog.pl\/index.php\/2021\/01\/17\/mow-panie-4\/","name":"M\u00f3w, Panie... - Gaudium Et Spes","isPartOf":{"@id":"https:\/\/gaudiumetspes-blog.pl\/#website"},"datePublished":"2021-01-17T05:40:49+00:00","author":{"@id":"https:\/\/gaudiumetspes-blog.pl\/#\/schema\/person\/1661982992b752dea8dff0d4ed845a65"},"breadcrumb":{"@id":"https:\/\/gaudiumetspes-blog.pl\/index.php\/2021\/01\/17\/mow-panie-4\/#breadcrumb"},"inLanguage":"pl-PL","potentialAction":[{"@type":"ReadAction","target":["https:\/\/gaudiumetspes-blog.pl\/index.php\/2021\/01\/17\/mow-panie-4\/"]}]},{"@type":"BreadcrumbList","@id":"https:\/\/gaudiumetspes-blog.pl\/index.php\/2021\/01\/17\/mow-panie-4\/#breadcrumb","itemListElement":[{"@type":"ListItem","position":1,"name":"Strona g\u0142\u00f3wna","item":"https:\/\/gaudiumetspes-blog.pl\/"},{"@type":"ListItem","position":2,"name":"M\u00f3w, Panie&#8230;"}]},{"@type":"WebSite","@id":"https:\/\/gaudiumetspes-blog.pl\/#website","url":"https:\/\/gaudiumetspes-blog.pl\/","name":"Gaudium Et Spes","description":"Blog Ks. Jacka Ja\u015bkowskiego","potentialAction":[{"@type":"SearchAction","target":{"@type":"EntryPoint","urlTemplate":"https:\/\/gaudiumetspes-blog.pl\/?s={search_term_string}"},"query-input":{"@type":"PropertyValueSpecification","valueRequired":true,"valueName":"search_term_string"}}],"inLanguage":"pl-PL"},{"@type":"Person","@id":"https:\/\/gaudiumetspes-blog.pl\/#\/schema\/person\/1661982992b752dea8dff0d4ed845a65","name":"Ks. Jacek","image":{"@type":"ImageObject","inLanguage":"pl-PL","@id":"https:\/\/gaudiumetspes-blog.pl\/#\/schema\/person\/image\/","url":"https:\/\/gaudiumetspes-blog.pl\/wp-content\/uploads\/2019\/07\/avatar-JJ-150x150.jpg","contentUrl":"https:\/\/gaudiumetspes-blog.pl\/wp-content\/uploads\/2019\/07\/avatar-JJ-150x150.jpg","caption":"Ks. Jacek"},"description":"Witam serdecznie! K\u0142ania si\u0119 Ks. Jacek Ja\u015bkowski. Nie jestem ani kim\u015b wa\u017cnym, ani kim\u015b znanym. Jestem ksi\u0119dzem, kt\u00f3ry po prostu chce rozmawia\u0107. Codzienna kap\u0142a\u0144ska pos\u0142uga pokazuje mi, \u017ce temat\u00f3w do rozm\u00f3w z ksi\u0119dzem jest coraz wi\u0119cej i dzisiaj \u017caden ksi\u0105dz nie mo\u017ce od nich ucieka\u0107, ale - wprost przeciwnie - podejmowa\u0107 nowe wyzwania. To przekonanie sk\u0142oni\u0142o mnie do pr\u00f3by otwarcia tego\u017c bloga, chocia\u017c okazji do rozm\u00f3w na co dzie\u0144 - w konfesjonale i poza nim - na szcz\u0119\u015bcie nie brakuje. My\u015bl\u0119 jednak, \u017ce ten blog b\u0119dzie jeszcze jednym sposobem i przestrzeni\u0105 nawi\u0105zania kontaktu z lud\u017ami dobrej woli, otwartymi na dialog.","url":"https:\/\/gaudiumetspes-blog.pl\/index.php\/author\/ks-jacek\/"}]}},"jetpack_featured_media_url":"","jetpack_sharing_enabled":true,"_links":{"self":[{"href":"https:\/\/gaudiumetspes-blog.pl\/index.php\/wp-json\/wp\/v2\/posts\/18413","targetHints":{"allow":["GET"]}}],"collection":[{"href":"https:\/\/gaudiumetspes-blog.pl\/index.php\/wp-json\/wp\/v2\/posts"}],"about":[{"href":"https:\/\/gaudiumetspes-blog.pl\/index.php\/wp-json\/wp\/v2\/types\/post"}],"author":[{"embeddable":true,"href":"https:\/\/gaudiumetspes-blog.pl\/index.php\/wp-json\/wp\/v2\/users\/1"}],"replies":[{"embeddable":true,"href":"https:\/\/gaudiumetspes-blog.pl\/index.php\/wp-json\/wp\/v2\/comments?post=18413"}],"version-history":[{"count":1,"href":"https:\/\/gaudiumetspes-blog.pl\/index.php\/wp-json\/wp\/v2\/posts\/18413\/revisions"}],"predecessor-version":[{"id":18414,"href":"https:\/\/gaudiumetspes-blog.pl\/index.php\/wp-json\/wp\/v2\/posts\/18413\/revisions\/18414"}],"wp:attachment":[{"href":"https:\/\/gaudiumetspes-blog.pl\/index.php\/wp-json\/wp\/v2\/media?parent=18413"}],"wp:term":[{"taxonomy":"category","embeddable":true,"href":"https:\/\/gaudiumetspes-blog.pl\/index.php\/wp-json\/wp\/v2\/categories?post=18413"},{"taxonomy":"post_tag","embeddable":true,"href":"https:\/\/gaudiumetspes-blog.pl\/index.php\/wp-json\/wp\/v2\/tags?post=18413"}],"curies":[{"name":"wp","href":"https:\/\/api.w.org\/{rel}","templated":true}]}}