{"id":18415,"date":"2021-01-18T07:52:17","date_gmt":"2021-01-18T06:52:17","guid":{"rendered":"https:\/\/gaudiumetspes-blog.pl\/?p=18415"},"modified":"2021-01-18T07:57:58","modified_gmt":"2021-01-18T06:57:58","slug":"dopoki-pan-mlody-jest-z-nimi","status":"publish","type":"post","link":"https:\/\/gaudiumetspes-blog.pl\/index.php\/2021\/01\/18\/dopoki-pan-mlody-jest-z-nimi\/","title":{"rendered":"Dop\u00f3ki pan m\u0142ody jest z nimi&#8230;"},"content":{"rendered":"<p align=\"justify\"><span style=\"color: #000000;\"><span style=\"font-family: Book Antiqua, serif;\"><span style=\"font-size: large;\">Szcz\u0119\u015b\u0107 Bo\u017ce! Moi Drodzy, w dniu dzisiejszym <b>imieniny <\/b><b>i urodziny prze\u017cywa Ma\u0142gorzata Wasilewska, kt\u00f3ra jako Ma\u0142gorzata Grzechnik nale\u017ca\u0142a do jednej z m\u0142odzie\u017cowych Wsp\u00f3lnot. \u017bycz\u0119 Solenizantce i jednocze\u015bnie Jubilatce, aby <\/b><b>zawsze trwa\u0142a w blisko\u015bci Pana. Zapewniam o modlitwie.<\/b><\/span><\/span><\/span><\/p>\n<p align=\"justify\"><span style=\"color: #000000;\"><span style=\"font-family: Book Antiqua, serif;\"><span style=\"font-size: large;\">A Jankowi dzi\u0119kuj\u0119 za dzisiejsze s\u0142\u00f3wko. Oczywi\u015bcie, przejrza\u0142em je i troszk\u0119 \u201edoprawi\u0142em\u201d t\u0119 smakowit\u0105 potraw\u0119, ale zasadnicza my\u015bl pochodzi od Autora. Bardzo Mu za to dzi\u0119kuj\u0119!<\/span><\/span><\/span><\/p>\n<p align=\"justify\"><span style=\"color: #000000;\"><span style=\"font-family: Book Antiqua, serif;\"><span style=\"font-size: large;\">Pochylmy si\u0119 zatem nad Bo\u017cym s\u0142owem i <b>odnajd\u017amy my\u015bl, kt\u00f3r\u0105 Pan do nas dzisiaj osobi\u015bcie kieruje. <\/b>Niech Duch \u015awi\u0119ty b\u0119dzie nam pomoc\u0105 i natchnieniem.<\/span><\/span><\/span><\/p>\n<p align=\"justify\"><span style=\"color: #000000;\"><span style=\"font-family: Book Antiqua, serif;\"><span style=\"font-size: large;\"><b>Niech Was b\u0142ogos\u0142awi B\u00f3g Wszechmog\u0105cy: Ojciec + i Syn, i Duch \u015awi\u0119ty. Amen<\/b><\/span><\/span><\/span><\/p>\n<p align=\"center\"><span style=\"color: #000000;\"><span style=\"font-family: Book Antiqua, serif;\"><span style=\"font-size: large;\">Gaudium et spes! Ks. Jacek<\/span><\/span><\/span><\/p>\n<p align=\"center\">\n<p align=\"center\">\n<p align=\"center\">\n<p align=\"center\">\n<p align=\"center\">\n<p align=\"justify\"><span style=\"color: #000000;\"><span style=\"font-family: Book Antiqua, serif;\"><span style=\"font-size: large;\"><b>Poniedzia\u0142ek 2 Tygodnia zwyk\u0142ego, rok I,<\/b><\/span><\/span><\/span><\/p>\n<p align=\"justify\"><span style=\"color: #000000;\"><span style=\"font-family: Book Antiqua, serif;\"><span style=\"font-size: large;\"><b>18 stycznia 2021.,<\/b><\/span><\/span><\/span><\/p>\n<p align=\"justify\"><span style=\"color: #000000;\"><span style=\"font-family: Book Antiqua, serif;\"><span style=\"font-size: large;\"><b>do czyta\u0144: Hbr 5,1\u201310; Mk 2,18\u201322<\/b><\/span><\/span><\/span><\/p>\n<p align=\"justify\">\n<p align=\"justify\">\n<p align=\"justify\">\n<p align=\"justify\">\n<p align=\"justify\">\n<p align=\"justify\"><span style=\"color: #000000;\"><span style=\"font-family: Book Antiqua, serif;\"><span style=\"font-size: large;\"><b>CZYTANIE Z LISTU DO HEBRAJCZYK\u00d3W:<\/b><\/span><\/span><\/span><\/p>\n<p align=\"justify\"><span style=\"color: #000000;\"><span style=\"font-family: Book Antiqua, serif;\"><span style=\"font-size: large;\"><b>Ka\u017cdy arcykap\u0142an z ludzi brany, dla ludzi bywa ustanawiany w sprawach odnosz\u0105cych si\u0119 do Boga, aby sk\u0142ada\u0142 dary i ofiary za grzechy. Mo\u017ce on wsp\u00f3\u0142czu\u0107 z tymi, kt\u00f3rzy nie wiedz\u0105 i b\u0142\u0105dz\u0105, poniewa\u017c sam podlega s\u0142abo\u015bci. Powinien przeto jak za lud, tak i za samego siebie sk\u0142ada\u0107 ofiary za grzechy. I nikt sam sobie nie bierze tej godno\u015bci, lecz tylko ten, kto jest powo\u0142any przez Boga jak Aaron.<\/b><\/span><\/span><\/span><\/p>\n<p align=\"justify\"><span style=\"color: #000000;\"><span style=\"font-family: Book Antiqua, serif;\"><span style=\"font-size: large;\"><b>Podobnie i Chrystus nie sam siebie okry\u0142 s\u0142aw\u0105 przez to, i\u017c sta\u0142 si\u0119 arcykap\u0142anem, ale uczyni\u0142 to Ten, kt\u00f3ry powiedzia\u0142 do Niego: \u201eTy jeste\u015b moim Synem, Jam Ci\u0119 dzi\u015b zrodzi\u0142\u201d, jak i w innym miejscu: \u201eTy\u015b kap\u0142anem na wieki na wz\u00f3r Melchizedeka\u201d.<\/b><\/span><\/span><\/span><\/p>\n<p align=\"justify\"><span style=\"color: #000000;\"><span style=\"font-family: Book Antiqua, serif;\"><span style=\"font-size: large;\"><b>Z g\u0142o\u015bnym wo\u0142aniem i p\u0142aczem za dni cia\u0142a swego zanosi\u0142 On gor\u0105ce pro\u015bby i b\u0142agania do Tego, kt\u00f3ry m\u00f3g\u0142 Go wybawi\u0107 od \u015bmierci, i zosta\u0142 wys\u0142uchany dzi\u0119ki swej uleg\u0142o\u015bci. <\/b><\/span><\/span><\/span><\/p>\n<p align=\"justify\"><span style=\"color: #000000;\"><span style=\"font-family: Book Antiqua, serif;\"><span style=\"font-size: large;\"><b>A chocia\u017c by\u0142 Synem, nauczy\u0142 si\u0119 pos\u0142usze\u0144stwa przez to, co wycierpia\u0142. A gdy wszystko wykona\u0142, sta\u0142 si\u0119 sprawc\u0105 zbawienia wiecznego dla wszystkich, kt\u00f3rzy Go s\u0142uchaj\u0105, nazwany przez Boga kap\u0142anem na wz\u00f3r Melchizedeka.<\/b><\/span><\/span><\/span><\/p>\n<p align=\"justify\">\n<p align=\"justify\">\n<p align=\"justify\">\n<p align=\"justify\">\n<p align=\"justify\">\n<p align=\"justify\"><span style=\"color: #000000;\"><span style=\"font-family: Book Antiqua, serif;\"><span style=\"font-size: large;\"><b>S\u0141OWA EWANGELII WED\u0141UG \u015aWI\u0118TEGO MARKA:<\/b><\/span><\/span><\/span><\/p>\n<p align=\"justify\"><span style=\"color: #000000;\"><span style=\"font-family: Book Antiqua, serif;\"><span style=\"font-size: large;\"><b>Uczniowie Jana i faryzeusze mieli w\u0142a\u015bnie post. Przyszli wi\u0119c do Jezusa i pytali: \u201eDlaczego uczniowie Jana i uczniowie faryzeusz\u00f3w poszcz\u0105, a Twoi uczniowie nie poszcz\u0105?\u201d<\/b><\/span><\/span><\/span><\/p>\n<p align=\"justify\"><span style=\"color: #000000;\"><span style=\"font-family: Book Antiqua, serif;\"><span style=\"font-size: large;\"><b>Jezus im odpowiedzia\u0142: \u201eCzy go\u015bcie weselni mog\u0105 po\u015bci\u0107, dop\u00f3ki pan m\u0142ody jest z nimi? Nie mog\u0105 po\u015bci\u0107, jak d\u0142ugo pana m\u0142odego maj\u0105 u siebie. Lecz przyjdzie czas, kiedy zabior\u0105 im pana m\u0142odego, a wtedy, w \u00f3w dzie\u0144, b\u0119d\u0105 po\u015bci\u0107.<\/b><\/span><\/span><\/span><\/p>\n<p align=\"justify\"><span style=\"color: #000000;\"><span style=\"font-family: Book Antiqua, serif;\"><span style=\"font-size: large;\"><b>Nikt nie przyszywa \u0142aty z surowego sukna do starego ubrania. W przeciwnym razie nowa \u0142ata obrywa jeszcze cz\u0119\u015b\u0107 ze starego ubrania i robi si\u0119 gorsze przedarcie. Nikt te\u017c m\u0142odego wina nie wlewa do starych buk\u0142ak\u00f3w. W przeciwnym razie wino rozerwie buk\u0142aki; i wino przepadnie, i buk\u0142aki. Lecz m\u0142ode wino nale\u017cy la\u0107 do nowych buk\u0142ak\u00f3w\u201d.<\/b><\/span><\/span><\/span><\/p>\n<p align=\"justify\">\n<p align=\"justify\">\n<p align=\"justify\">\n<p align=\"justify\">\n<p align=\"justify\">\n<p align=\"center\"><span style=\"color: #000000;\"><span style=\"font-size: large;\"><b><span style=\"font-family: Book Antiqua, serif;\">A <\/span><span style=\"font-family: Book Antiqua, serif;\">OTO S\u0141\u00d3WKO JANKA:<\/span><\/b><\/span><\/span><\/p>\n<p align=\"center\">\n<p align=\"center\">\n<p align=\"center\">\n<p align=\"center\">\n<p align=\"center\">\n<p align=\"justify\"><span style=\"color: #000000;\"><span style=\"font-family: Book Antiqua, serif;\"><span style=\"font-size: large;\">Wielu ludzi s\u0105dzi, \u017ce kap\u0142an nie ma nigdy s\u0142abo\u015bci. \u017be on nie pope\u0142nia grzech\u00f3w. \u017be kap\u0142an nie p\u0142acze po \u015bmierci kogo\u015b bliskiego, bo przyzwyczai\u0142 si\u0119 do tego. Kap\u0142an to te\u017c cz\u0142owiek, ma r\u00f3wnie\u017c swoje s\u0142abo\u015bci, te\u017c pope\u0142nia grzechy. Bo jest cz\u0142owiekiem. Cz\u0142owiekiem jak ka\u017cdy z nas. <\/span><\/span><\/span><\/p>\n<p align=\"justify\"><span style=\"color: #000000;\"><span style=\"font-family: Book Antiqua, serif;\"><span style=\"font-size: large;\">Wielu ludzi przez te s\u0142abo\u015bci kap\u0142an\u00f3w odchodzi od Ko\u015bcio\u0142a. Smutne jest to, poniewa\u017c wtedy wida\u0107, kto jest wa\u017cniejszy dla tych ludzi \u2013 czy kap\u0142an, czy B\u00f3g. Lecz B\u00f3g nigdy si\u0119 nie myli w tym, kogo powo\u0142uje do kap\u0142a\u0144stwa. <\/span><\/span><\/span><\/p>\n<p align=\"justify\"><span style=\"color: #000000;\"><span style=\"font-family: Book Antiqua, serif;\"><span style=\"font-size: large;\">Bo ka\u017cdy z nas jest grzesznikiem, nie ma ludzi \u015bwi\u0119tych tu, na ziemi. Ale dla Boga liczy si\u0119 to, czy dany cz\u0142owiek chce porzuci\u0107 te swoje grzechy i by\u0107 bli\u017cej Niego. Czy chce wyrzec si\u0119 z\u0142ego ducha i d\u0105\u017cy\u0107 do \u015bwi\u0119to\u015bci. Bo B\u00f3g wybra\u0142 tego grzesznego cz\u0142owieka, by zosta\u0142 kap\u0142anem i g\u0142osi\u0142 ludziom Chrystusa. I by B\u00f3g odpuszcza\u0142 przez niego nasze grzechy. Taki wielki jest B\u00f3g! <\/span><\/span><\/span><\/p>\n<p align=\"justify\"><span style=\"color: #000000;\"><span style=\"font-family: Book Antiqua, serif;\"><span style=\"font-size: large;\">M\u00f3dlmy si\u0119 o nowych kap\u0142an\u00f3w! Bo jest ich niestety coraz mniej. I to nie dlatego, \u017ce B\u00f3g nie powo\u0142uje nowych ludzi do kap\u0142a\u0144stwa, lecz dlatego, \u017ce wielu ludzi m\u0142odych nie rozpoznaje tego powo\u0142ania i brak wielu m\u0142odym ludziom odwagi do tego. M\u00f3dlmy si\u0119 o to, by umieli dobrze rozpozna\u0107 swoje powo\u0142anie, jak i r\u00f3wnie\u017c o to, \u017ceby mieli odwag\u0119 odpowiedzie\u0107 z rado\u015bci\u0105 TAK na g\u0142os Boga.<\/span><\/span><\/span><\/p>\n<p align=\"justify\"><span style=\"color: #000000;\"><span style=\"font-family: Book Antiqua, serif;\"><span style=\"font-size: large;\">W Ewangelii natomiast s\u0142yszymy o tym jak uczniowie Jana i faryzeusze przyszli do Jezusa i zapytali, czemu to Jego uczniowie nie poszcz\u0105? I Jezus daje nam bardzo m\u0105dr\u0105 odpowied\u017a. M\u00f3wi o rado\u015bci przebywania w obecno\u015bci pana m\u0142odego, oraz o smutku, kiedy nie ma go w pobli\u017cu\u2026<\/span><\/span><\/span><\/p>\n<p align=\"justify\"><span style=\"color: #000000;\"><span style=\"font-family: Book Antiqua, serif;\"><span style=\"font-size: large;\">Ta Ewangelia przypomina mi cz\u0142owieka, kt\u00f3ry na pocz\u0105tku by\u0142 blisko Boga i by\u0142 bardzo szcz\u0119\u015bliwy z tego powodu. Nast\u0119pnie z biegiem lat ten cz\u0142owiek oddala\u0142 si\u0119 od Boga, poniewa\u017c wszed\u0142 w grzech, kt\u00f3ry pcha\u0142 go do tego, by po raz kolejny zgrzeszy\u0107 \u2013 a\u017c do tego momentu, \u017ce rado\u015b\u0107 i szcz\u0119\u015bcie zamieni\u0142y si\u0119 w smutek i nieszcz\u0119\u015bcie. <\/span><\/span><\/span><\/p>\n<p align=\"justify\"><span style=\"color: #000000;\"><span style=\"font-family: Book Antiqua, serif;\"><span style=\"font-size: large;\">Gdy czyta\u0142em te por\u00f3wnania, kt\u00f3rych u\u017cy\u0142 Jezus, od razu pomy\u015bla\u0142em o Sakramencie Pokuty i Pojednania. Nikt z nas, bez pomocy tego Sakramentu, nie da rady unika\u0107 grzechu. Grzech, z kt\u00f3rego si\u0119 nie wyspowiadamy, b\u0119dzie coraz bardziej ci\u0105\u017cy\u0142 i rodzi\u0142 nowe grzechy. Radzenie sobie bez Spowiedzi \u2013 to b\u0119dzie przyszywanie \u0142at do starego ubrania. A Spowied\u017a \u2013 to jest za\u0142o\u017cenie nowej, czystej szaty. I ponowne spotkanie z Panem m\u0142odym, kt\u00f3ry w tej przypowie\u015bci symbolizuje oczywi\u015bcie Jezusa.<\/span><\/span><\/span><\/p>\n<p align=\"justify\"><span style=\"color: #000000;\"><span style=\"font-family: Book Antiqua, serif;\"><span style=\"font-size: large;\">Bez Spowiedzi, gdy b\u0119dziemy my\u015bleli, \u017ce jest ju\u017c dobrze, \u017ce wyszli\u015bmy z grzechu, \u017ce ju\u017c sobie poradzili\u015bmy \u2013 szybko oka\u017ce si\u0119, \u017ce jeszcze gorzej w ten grzech wpadniemy i jeszcze bardziej oddalimy si\u0119 od Boga\u2026<\/span><\/span><\/span><\/p>\n","protected":false},"excerpt":{"rendered":"<p>Szcz\u0119\u015b\u0107 Bo\u017ce! Moi Drodzy, w dniu dzisiejszym imieniny i urodziny prze\u017cywa Ma\u0142gorzata Wasilewska, kt\u00f3ra jako Ma\u0142gorzata Grzechnik nale\u017ca\u0142a do jednej z m\u0142odzie\u017cowych Wsp\u00f3lnot. \u017bycz\u0119 Solenizantce i jednocze\u015bnie Jubilatce, aby zawsze trwa\u0142a w blisko\u015bci Pana. Zapewniam o modlitwie. A Jankowi dzi\u0119kuj\u0119 za dzisiejsze s\u0142\u00f3wko. Oczywi\u015bcie, przejrza\u0142em je i troszk\u0119 \u201edoprawi\u0142em\u201d t\u0119 smakowit\u0105 potraw\u0119, ale zasadnicza my\u015bl [&hellip;]<\/p>\n","protected":false},"author":1,"featured_media":0,"comment_status":"open","ping_status":"open","sticky":false,"template":"","format":"standard","meta":{"jetpack_post_was_ever_published":false,"_jetpack_newsletter_access":"","_jetpack_dont_email_post_to_subs":false,"_jetpack_newsletter_tier_id":0,"_jetpack_memberships_contains_paywalled_content":false,"_jetpack_memberships_contains_paid_content":false,"footnotes":""},"categories":[1],"tags":[],"class_list":["post-18415","post","type-post","status-publish","format-standard","hentry","category-bez-kategorii"],"yoast_head":"<!-- This site is optimized with the Yoast SEO plugin v25.1 - https:\/\/yoast.com\/wordpress\/plugins\/seo\/ -->\n<title>Dop\u00f3ki pan m\u0142ody jest z nimi... - Gaudium Et Spes<\/title>\n<meta name=\"robots\" content=\"index, follow, max-snippet:-1, max-image-preview:large, max-video-preview:-1\" \/>\n<link rel=\"canonical\" href=\"https:\/\/gaudiumetspes-blog.pl\/index.php\/2021\/01\/18\/dopoki-pan-mlody-jest-z-nimi\/\" \/>\n<meta property=\"og:locale\" content=\"pl_PL\" \/>\n<meta property=\"og:type\" content=\"article\" \/>\n<meta property=\"og:title\" content=\"Dop\u00f3ki pan m\u0142ody jest z nimi... - Gaudium Et Spes\" \/>\n<meta property=\"og:description\" content=\"Szcz\u0119\u015b\u0107 Bo\u017ce! Moi Drodzy, w dniu dzisiejszym imieniny i urodziny prze\u017cywa Ma\u0142gorzata Wasilewska, kt\u00f3ra jako Ma\u0142gorzata Grzechnik nale\u017ca\u0142a do jednej z m\u0142odzie\u017cowych Wsp\u00f3lnot. \u017bycz\u0119 Solenizantce i jednocze\u015bnie Jubilatce, aby zawsze trwa\u0142a w blisko\u015bci Pana. Zapewniam o modlitwie. A Jankowi dzi\u0119kuj\u0119 za dzisiejsze s\u0142\u00f3wko. Oczywi\u015bcie, przejrza\u0142em je i troszk\u0119 \u201edoprawi\u0142em\u201d t\u0119 smakowit\u0105 potraw\u0119, ale zasadnicza my\u015bl [&hellip;]\" \/>\n<meta property=\"og:url\" content=\"https:\/\/gaudiumetspes-blog.pl\/index.php\/2021\/01\/18\/dopoki-pan-mlody-jest-z-nimi\/\" \/>\n<meta property=\"og:site_name\" content=\"Gaudium Et Spes\" \/>\n<meta property=\"article:published_time\" content=\"2021-01-18T06:52:17+00:00\" \/>\n<meta property=\"article:modified_time\" content=\"2021-01-18T06:57:58+00:00\" \/>\n<meta name=\"author\" content=\"Ks. Jacek\" \/>\n<meta name=\"twitter:card\" content=\"summary_large_image\" \/>\n<meta name=\"twitter:label1\" content=\"Napisane przez\" \/>\n\t<meta name=\"twitter:data1\" content=\"Ks. Jacek\" \/>\n\t<meta name=\"twitter:label2\" content=\"Szacowany czas czytania\" \/>\n\t<meta name=\"twitter:data2\" content=\"5 minut\" \/>\n<script type=\"application\/ld+json\" class=\"yoast-schema-graph\">{\"@context\":\"https:\/\/schema.org\",\"@graph\":[{\"@type\":\"WebPage\",\"@id\":\"https:\/\/gaudiumetspes-blog.pl\/index.php\/2021\/01\/18\/dopoki-pan-mlody-jest-z-nimi\/\",\"url\":\"https:\/\/gaudiumetspes-blog.pl\/index.php\/2021\/01\/18\/dopoki-pan-mlody-jest-z-nimi\/\",\"name\":\"Dop\u00f3ki pan m\u0142ody jest z nimi... - Gaudium Et Spes\",\"isPartOf\":{\"@id\":\"https:\/\/gaudiumetspes-blog.pl\/#website\"},\"datePublished\":\"2021-01-18T06:52:17+00:00\",\"dateModified\":\"2021-01-18T06:57:58+00:00\",\"author\":{\"@id\":\"https:\/\/gaudiumetspes-blog.pl\/#\/schema\/person\/1661982992b752dea8dff0d4ed845a65\"},\"breadcrumb\":{\"@id\":\"https:\/\/gaudiumetspes-blog.pl\/index.php\/2021\/01\/18\/dopoki-pan-mlody-jest-z-nimi\/#breadcrumb\"},\"inLanguage\":\"pl-PL\",\"potentialAction\":[{\"@type\":\"ReadAction\",\"target\":[\"https:\/\/gaudiumetspes-blog.pl\/index.php\/2021\/01\/18\/dopoki-pan-mlody-jest-z-nimi\/\"]}]},{\"@type\":\"BreadcrumbList\",\"@id\":\"https:\/\/gaudiumetspes-blog.pl\/index.php\/2021\/01\/18\/dopoki-pan-mlody-jest-z-nimi\/#breadcrumb\",\"itemListElement\":[{\"@type\":\"ListItem\",\"position\":1,\"name\":\"Strona g\u0142\u00f3wna\",\"item\":\"https:\/\/gaudiumetspes-blog.pl\/\"},{\"@type\":\"ListItem\",\"position\":2,\"name\":\"Dop\u00f3ki pan m\u0142ody jest z&nbsp;nimi&#8230;\"}]},{\"@type\":\"WebSite\",\"@id\":\"https:\/\/gaudiumetspes-blog.pl\/#website\",\"url\":\"https:\/\/gaudiumetspes-blog.pl\/\",\"name\":\"Gaudium Et Spes\",\"description\":\"Blog Ks. Jacka Ja\u015bkowskiego\",\"potentialAction\":[{\"@type\":\"SearchAction\",\"target\":{\"@type\":\"EntryPoint\",\"urlTemplate\":\"https:\/\/gaudiumetspes-blog.pl\/?s={search_term_string}\"},\"query-input\":{\"@type\":\"PropertyValueSpecification\",\"valueRequired\":true,\"valueName\":\"search_term_string\"}}],\"inLanguage\":\"pl-PL\"},{\"@type\":\"Person\",\"@id\":\"https:\/\/gaudiumetspes-blog.pl\/#\/schema\/person\/1661982992b752dea8dff0d4ed845a65\",\"name\":\"Ks. Jacek\",\"image\":{\"@type\":\"ImageObject\",\"inLanguage\":\"pl-PL\",\"@id\":\"https:\/\/gaudiumetspes-blog.pl\/#\/schema\/person\/image\/\",\"url\":\"https:\/\/gaudiumetspes-blog.pl\/wp-content\/uploads\/2019\/07\/avatar-JJ-150x150.jpg\",\"contentUrl\":\"https:\/\/gaudiumetspes-blog.pl\/wp-content\/uploads\/2019\/07\/avatar-JJ-150x150.jpg\",\"caption\":\"Ks. Jacek\"},\"description\":\"Witam serdecznie! K\u0142ania si\u0119 Ks. Jacek Ja\u015bkowski. Nie jestem ani kim\u015b wa\u017cnym, ani kim\u015b znanym. Jestem ksi\u0119dzem, kt\u00f3ry po prostu chce rozmawia\u0107. Codzienna kap\u0142a\u0144ska pos\u0142uga pokazuje mi, \u017ce temat\u00f3w do rozm\u00f3w z ksi\u0119dzem jest coraz wi\u0119cej i dzisiaj \u017caden ksi\u0105dz nie mo\u017ce od nich ucieka\u0107, ale - wprost przeciwnie - podejmowa\u0107 nowe wyzwania. To przekonanie sk\u0142oni\u0142o mnie do pr\u00f3by otwarcia tego\u017c bloga, chocia\u017c okazji do rozm\u00f3w na co dzie\u0144 - w konfesjonale i poza nim - na szcz\u0119\u015bcie nie brakuje. My\u015bl\u0119 jednak, \u017ce ten blog b\u0119dzie jeszcze jednym sposobem i przestrzeni\u0105 nawi\u0105zania kontaktu z lud\u017ami dobrej woli, otwartymi na dialog.\",\"url\":\"https:\/\/gaudiumetspes-blog.pl\/index.php\/author\/ks-jacek\/\"}]}<\/script>\n<!-- \/ Yoast SEO plugin. -->","yoast_head_json":{"title":"Dop\u00f3ki pan m\u0142ody jest z nimi... - Gaudium Et Spes","robots":{"index":"index","follow":"follow","max-snippet":"max-snippet:-1","max-image-preview":"max-image-preview:large","max-video-preview":"max-video-preview:-1"},"canonical":"https:\/\/gaudiumetspes-blog.pl\/index.php\/2021\/01\/18\/dopoki-pan-mlody-jest-z-nimi\/","og_locale":"pl_PL","og_type":"article","og_title":"Dop\u00f3ki pan m\u0142ody jest z nimi... - Gaudium Et Spes","og_description":"Szcz\u0119\u015b\u0107 Bo\u017ce! Moi Drodzy, w dniu dzisiejszym imieniny i urodziny prze\u017cywa Ma\u0142gorzata Wasilewska, kt\u00f3ra jako Ma\u0142gorzata Grzechnik nale\u017ca\u0142a do jednej z m\u0142odzie\u017cowych Wsp\u00f3lnot. \u017bycz\u0119 Solenizantce i jednocze\u015bnie Jubilatce, aby zawsze trwa\u0142a w blisko\u015bci Pana. Zapewniam o modlitwie. A Jankowi dzi\u0119kuj\u0119 za dzisiejsze s\u0142\u00f3wko. Oczywi\u015bcie, przejrza\u0142em je i troszk\u0119 \u201edoprawi\u0142em\u201d t\u0119 smakowit\u0105 potraw\u0119, ale zasadnicza my\u015bl [&hellip;]","og_url":"https:\/\/gaudiumetspes-blog.pl\/index.php\/2021\/01\/18\/dopoki-pan-mlody-jest-z-nimi\/","og_site_name":"Gaudium Et Spes","article_published_time":"2021-01-18T06:52:17+00:00","article_modified_time":"2021-01-18T06:57:58+00:00","author":"Ks. Jacek","twitter_card":"summary_large_image","twitter_misc":{"Napisane przez":"Ks. Jacek","Szacowany czas czytania":"5 minut"},"schema":{"@context":"https:\/\/schema.org","@graph":[{"@type":"WebPage","@id":"https:\/\/gaudiumetspes-blog.pl\/index.php\/2021\/01\/18\/dopoki-pan-mlody-jest-z-nimi\/","url":"https:\/\/gaudiumetspes-blog.pl\/index.php\/2021\/01\/18\/dopoki-pan-mlody-jest-z-nimi\/","name":"Dop\u00f3ki pan m\u0142ody jest z nimi... - Gaudium Et Spes","isPartOf":{"@id":"https:\/\/gaudiumetspes-blog.pl\/#website"},"datePublished":"2021-01-18T06:52:17+00:00","dateModified":"2021-01-18T06:57:58+00:00","author":{"@id":"https:\/\/gaudiumetspes-blog.pl\/#\/schema\/person\/1661982992b752dea8dff0d4ed845a65"},"breadcrumb":{"@id":"https:\/\/gaudiumetspes-blog.pl\/index.php\/2021\/01\/18\/dopoki-pan-mlody-jest-z-nimi\/#breadcrumb"},"inLanguage":"pl-PL","potentialAction":[{"@type":"ReadAction","target":["https:\/\/gaudiumetspes-blog.pl\/index.php\/2021\/01\/18\/dopoki-pan-mlody-jest-z-nimi\/"]}]},{"@type":"BreadcrumbList","@id":"https:\/\/gaudiumetspes-blog.pl\/index.php\/2021\/01\/18\/dopoki-pan-mlody-jest-z-nimi\/#breadcrumb","itemListElement":[{"@type":"ListItem","position":1,"name":"Strona g\u0142\u00f3wna","item":"https:\/\/gaudiumetspes-blog.pl\/"},{"@type":"ListItem","position":2,"name":"Dop\u00f3ki pan m\u0142ody jest z&nbsp;nimi&#8230;"}]},{"@type":"WebSite","@id":"https:\/\/gaudiumetspes-blog.pl\/#website","url":"https:\/\/gaudiumetspes-blog.pl\/","name":"Gaudium Et Spes","description":"Blog Ks. Jacka Ja\u015bkowskiego","potentialAction":[{"@type":"SearchAction","target":{"@type":"EntryPoint","urlTemplate":"https:\/\/gaudiumetspes-blog.pl\/?s={search_term_string}"},"query-input":{"@type":"PropertyValueSpecification","valueRequired":true,"valueName":"search_term_string"}}],"inLanguage":"pl-PL"},{"@type":"Person","@id":"https:\/\/gaudiumetspes-blog.pl\/#\/schema\/person\/1661982992b752dea8dff0d4ed845a65","name":"Ks. Jacek","image":{"@type":"ImageObject","inLanguage":"pl-PL","@id":"https:\/\/gaudiumetspes-blog.pl\/#\/schema\/person\/image\/","url":"https:\/\/gaudiumetspes-blog.pl\/wp-content\/uploads\/2019\/07\/avatar-JJ-150x150.jpg","contentUrl":"https:\/\/gaudiumetspes-blog.pl\/wp-content\/uploads\/2019\/07\/avatar-JJ-150x150.jpg","caption":"Ks. Jacek"},"description":"Witam serdecznie! K\u0142ania si\u0119 Ks. Jacek Ja\u015bkowski. Nie jestem ani kim\u015b wa\u017cnym, ani kim\u015b znanym. Jestem ksi\u0119dzem, kt\u00f3ry po prostu chce rozmawia\u0107. Codzienna kap\u0142a\u0144ska pos\u0142uga pokazuje mi, \u017ce temat\u00f3w do rozm\u00f3w z ksi\u0119dzem jest coraz wi\u0119cej i dzisiaj \u017caden ksi\u0105dz nie mo\u017ce od nich ucieka\u0107, ale - wprost przeciwnie - podejmowa\u0107 nowe wyzwania. To przekonanie sk\u0142oni\u0142o mnie do pr\u00f3by otwarcia tego\u017c bloga, chocia\u017c okazji do rozm\u00f3w na co dzie\u0144 - w konfesjonale i poza nim - na szcz\u0119\u015bcie nie brakuje. My\u015bl\u0119 jednak, \u017ce ten blog b\u0119dzie jeszcze jednym sposobem i przestrzeni\u0105 nawi\u0105zania kontaktu z lud\u017ami dobrej woli, otwartymi na dialog.","url":"https:\/\/gaudiumetspes-blog.pl\/index.php\/author\/ks-jacek\/"}]}},"jetpack_featured_media_url":"","jetpack_sharing_enabled":true,"_links":{"self":[{"href":"https:\/\/gaudiumetspes-blog.pl\/index.php\/wp-json\/wp\/v2\/posts\/18415","targetHints":{"allow":["GET"]}}],"collection":[{"href":"https:\/\/gaudiumetspes-blog.pl\/index.php\/wp-json\/wp\/v2\/posts"}],"about":[{"href":"https:\/\/gaudiumetspes-blog.pl\/index.php\/wp-json\/wp\/v2\/types\/post"}],"author":[{"embeddable":true,"href":"https:\/\/gaudiumetspes-blog.pl\/index.php\/wp-json\/wp\/v2\/users\/1"}],"replies":[{"embeddable":true,"href":"https:\/\/gaudiumetspes-blog.pl\/index.php\/wp-json\/wp\/v2\/comments?post=18415"}],"version-history":[{"count":4,"href":"https:\/\/gaudiumetspes-blog.pl\/index.php\/wp-json\/wp\/v2\/posts\/18415\/revisions"}],"predecessor-version":[{"id":18419,"href":"https:\/\/gaudiumetspes-blog.pl\/index.php\/wp-json\/wp\/v2\/posts\/18415\/revisions\/18419"}],"wp:attachment":[{"href":"https:\/\/gaudiumetspes-blog.pl\/index.php\/wp-json\/wp\/v2\/media?parent=18415"}],"wp:term":[{"taxonomy":"category","embeddable":true,"href":"https:\/\/gaudiumetspes-blog.pl\/index.php\/wp-json\/wp\/v2\/categories?post=18415"},{"taxonomy":"post_tag","embeddable":true,"href":"https:\/\/gaudiumetspes-blog.pl\/index.php\/wp-json\/wp\/v2\/tags?post=18415"}],"curies":[{"name":"wp","href":"https:\/\/api.w.org\/{rel}","templated":true}]}}