{"id":18421,"date":"2021-01-19T09:20:37","date_gmt":"2021-01-19T08:20:37","guid":{"rendered":"https:\/\/gaudiumetspes-blog.pl\/?p=18421"},"modified":"2021-01-19T09:20:37","modified_gmt":"2021-01-19T08:20:37","slug":"silna-kotwica-duszy","status":"publish","type":"post","link":"https:\/\/gaudiumetspes-blog.pl\/index.php\/2021\/01\/19\/silna-kotwica-duszy\/","title":{"rendered":"Silna kotwica duszy"},"content":{"rendered":"<p align=\"justify\"><span style=\"color: #000000;\"><span style=\"font-family: Book Antiqua, serif;\"><span style=\"font-size: large;\">Szcz\u0119\u015b\u0107 Bo\u017ce, moi Drodzy, w dniu dzisiejszym<b> imieniny obchodz\u0105:<\/b><\/span><\/span><\/span><\/p>\n<p align=\"justify\"><span style=\"color: #000000;\">\u25ba<span style=\"font-family: Book Antiqua, serif;\"><span style=\"font-size: large;\"><b>Ksi\u0105dz Mariusz Szyszko \u2013 m\u00f3j serdeczny i oddany Przyjaciel jeszcze z czas\u00f3w wsp\u00f3lnej s\u0142u\u017cby ministranckiej w naszej rodzinnej Parafii; Cz\u0142owiek, kt\u00f3remu bardzo wiele zawdzi\u0119czam i kt\u00f3ry zawsze jest blisko, aby wspiera\u0107 i pomaga\u0107;<\/b><\/span><\/span><\/span><\/p>\n<p align=\"justify\"><span style=\"color: #000000;\">\u25ba<span style=\"font-family: Book Antiqua, serif;\"><span style=\"font-size: large;\"><b>Ojciec Mariusz Rudzki, <\/b><b>S<\/b><b>alezjanin, tak\u017ce pochodz\u0105cy z naszej rodzinnej Parafii;<\/b><\/span><\/span><\/span><\/p>\n<p align=\"justify\"><span style=\"color: #000000;\">\u25ba<span style=\"font-family: Book Antiqua, serif;\"><span style=\"font-size: large;\"><b>Ksi\u0105dz Biskup Henryk Tomasik \u2013 <\/b><b>do niedawna:<\/b><b> Biskup radomski, a wcze\u015bniej: Biskup Pomocniczy siedlecki, udzielaj\u0105cy mi w swoim czasie \u015bwi\u0119ce\u0144 diakonatu i m\u00f3j Profesor w Seminarium;<\/b><\/span><\/span><\/span><\/p>\n<p align=\"justify\"><span style=\"color: #000000;\">\u25ba <span style=\"font-family: Book Antiqua, serif;\"><span style=\"font-size: large;\"><b>Kap\u0142ani znajomi i z r\u00f3\u017cnych wzgl\u0119d\u00f3w mi bliscy:<\/b><\/span><\/span><\/span><\/p>\n<p align=\"justify\"><span style=\"color: #000000;\"><span style=\"font-family: Book Antiqua, serif;\"><span style=\"font-size: large;\"><b>* Ksi\u0105dz Mariusz Zaniewicz, <\/b><\/span><\/span><\/span><\/p>\n<p align=\"justify\"><span style=\"color: #000000;\"><span style=\"font-family: Book Antiqua, serif;\"><span style=\"font-size: large;\"><b>* Ksi\u0105dz Mariusz Korzenecki, <\/b><\/span><\/span><\/span><\/p>\n<p align=\"justify\"><span style=\"color: #000000;\"><span style=\"font-family: Book Antiqua, serif;\"><span style=\"font-size: large;\"><b>* Ksi\u0105dz Mariusz Lech ;<\/b><\/span><\/span><\/span><\/p>\n<p align=\"justify\"><span style=\"color: #000000;\">\u25ba<span style=\"font-family: Book Antiqua, serif;\"><span style=\"font-size: large;\"><b>Mariusz Koz\u0142owski \u2013 m\u00f3j Kolega z Klasy ze szko\u0142y podstawowej;<\/b><\/span><\/span><\/span><\/p>\n<p align=\"justify\"><span style=\"color: #000000;\">\u25ba <span style=\"font-family: Book Antiqua, serif;\"><span style=\"font-size: large;\"><b>M\u0119\u017cowie i Ojcowie trzech Rodzin, z kt\u00f3rymi przyja\u017a\u0144 si\u0119ga jeszcze czas\u00f3w pierwszego mojego wikariatu, w Radory\u017cu Ko\u015bcielnym:<\/b><\/span><\/span><\/span><\/p>\n<p align=\"justify\"><span style=\"color: #000000;\"><span style=\"font-family: Book Antiqua, serif;\"><span style=\"font-size: large;\"><b>* Mariusz Niedzia\u0142kowski, <\/b><\/span><\/span><\/span><\/p>\n<p align=\"justify\"><span style=\"color: #000000;\"><span style=\"font-family: Book Antiqua, serif;\"><span style=\"font-size: large;\"><b>* Mariusz K\u0142usek,<\/b><\/span><\/span><\/span><\/p>\n<p align=\"justify\"><span style=\"color: #000000;\"><span style=\"font-family: Book Antiqua, serif;\"><span style=\"font-size: large;\"><b>* Mariusz Chmielewski;<\/b><\/span><\/span><\/span><\/p>\n<p align=\"justify\"><span style=\"color: #000000;\">\u25ba<span style=\"font-family: Book Antiqua, serif;\"><span style=\"font-size: large;\"><b>Mariusz Kozak \u2013 \u017cyczliwy Cz\u0142owiek, znany od lat.<\/b><\/span><\/span><\/span><\/p>\n<p align=\"justify\"><span style=\"color: #000000;\"><span style=\"font-family: Book Antiqua, serif;\"><span style=\"font-size: large;\"><b>\u017bycz\u0119 Solenizantom, aby z rado\u015bci\u0105 i nadziej\u0105 trwali przy Panu \u2013 i odwa\u017cnie o Nim \u015bwiadczyli. Ze swej strony \u2013 zapewniam o modlitwie.<\/b><\/span><\/span><\/span><\/p>\n<p align=\"justify\"><span style=\"color: #000000;\"><span style=\"font-family: Book Antiqua, serif;\"><span style=\"font-size: large;\">Moi Drodzy, przepraszam za op\u00f3\u017anienie w zamieszczeniu s\u0142\u00f3wka, ale w Kaplicy naszego O\u015brodka rozpocz\u0119li\u015bmy wczoraj remont i w zwi\u0105zku z tym od samego rana by\u0142y r\u00f3\u017cne sprawy. Wierz\u0119, \u017ce za dwa tygodnie w naszej Kaplicy b\u0119dzie i czy\u015bciej, i ja\u015bniej, i cieplej\u2026 <\/span><\/span><\/span><\/p>\n<p align=\"justify\"><span style=\"color: #000000;\"><span style=\"font-family: Book Antiqua, serif;\"><span style=\"font-size: large;\">Teraz za\u015b zapraszam do ws\u0142uchania si\u0119 w Bo\u017ce s\u0142owo, aby odkry\u0107, <b>co<\/b> <b>Pan chce nam tak bardzo konkretnie powiedzie\u0107, jak\u0105 drog\u0119 nam wskaza\u0107. <\/b>Niech Duch \u015awi\u0119ty b\u0119dzie naszym \u015bwiat\u0142em i natchnieniem.<\/span><\/span><\/span><\/p>\n<p align=\"justify\"><span style=\"color: #000000;\"><span style=\"font-family: Book Antiqua, serif;\"><span style=\"font-size: large;\"><b>Niech Was b\u0142ogos\u0142awi B\u00f3g Wszechmog\u0105cy: Ojciec + i Syn, i Duch \u015awi\u0119ty. Amen<\/b><\/span><\/span><\/span><\/p>\n<p align=\"center\"><span style=\"color: #000000;\"><span style=\"font-family: Book Antiqua, serif;\"><span style=\"font-size: large;\">Gaudium et spes! Ks. Jacek<\/span><\/span><\/span><\/p>\n<p align=\"center\">\n<p align=\"center\">\n<p align=\"center\">\n<p align=\"center\">\n<p align=\"center\">\n<p align=\"justify\"><span style=\"color: #000000;\"><span style=\"font-family: Book Antiqua, serif;\"><span style=\"font-size: large;\"><b>Wtorek 2 Tygodnia zwyk\u0142ego, rok I,<\/b><\/span><\/span><\/span><\/p>\n<p align=\"justify\"><span style=\"color: #000000;\"><span style=\"font-family: Book Antiqua, serif;\"><span style=\"font-size: large;\"><b>Wspomnienie \u015aw. J\u00f3zefa Sebastiana Pelczara, Biskupa,<\/b><\/span><\/span><\/span><\/p>\n<p align=\"justify\"><span style=\"color: #000000;\"><span style=\"font-family: Book Antiqua, serif;\"><span style=\"font-size: large;\"><b>19 stycznia 2021.,<\/b><\/span><\/span><\/span><\/p>\n<p align=\"justify\"><span style=\"color: #000000;\"><span style=\"font-family: Book Antiqua, serif;\"><span style=\"font-size: large;\"><b>do czyta\u0144: Hbr 6,10\u201320; Mk 2,23\u201328<\/b><\/span><\/span><\/span><\/p>\n<p align=\"justify\">\n<p align=\"justify\">\n<p align=\"justify\">\n<p align=\"justify\">\n<p align=\"justify\">\n<p align=\"justify\"><span style=\"color: #000000;\"><span style=\"font-family: Book Antiqua, serif;\"><span style=\"font-size: large;\"><b>CZYTANIE Z LISTU DO HEBRAJCZYK\u00d3W:<\/b><\/span><\/span><\/span><\/p>\n<p align=\"justify\"><span style=\"color: #000000;\"><span style=\"font-family: Book Antiqua, serif;\"><span style=\"font-size: large;\"><b>Bracia: Nie jest B\u00f3g niesprawiedliwy, aby zapomnia\u0142 o czynie waszym i mi\u0142o\u015bci, kt\u00f3r\u0105 okazali\u015bcie dla imienia Jego, gdy\u015bcie us\u0142ugiwali \u015bwi\u0119tym i jeszcze us\u0142ugujecie. Pragniemy za\u015b, aby ka\u017cdy z was okazywa\u0142 t\u0119 sam\u0105 gorliwo\u015b\u0107 w doskonaleniu nadziei a\u017c do ko\u0144ca, aby\u015bcie nie stali si\u0119 ospa\u0142ymi, ale na\u015bladowali tych, kt\u00f3rzy przez wiar\u0119 i cierpliwo\u015b\u0107 staj\u0105 si\u0119 dziedzicami obietnic.<\/b><\/span><\/span><\/span><\/p>\n<p align=\"justify\"><span style=\"color: #000000;\"><span style=\"font-family: Book Antiqua, serif;\"><span style=\"font-size: large;\"><b>Albowiem gdy B\u00f3g Abrahamowi uczyni\u0142 obietnic\u0119 nie maj\u0105c nikogo wi\u0119kszego, na kogo m\u00f3g\u0142by przysi\u0105c, przysi\u0105g\u0142 na samego siebie, m\u00f3wi\u0105c: \u201eZaiste, hojnie ci\u0119 pob\u0142ogos\u0142awi\u0119 i ponad miar\u0119 rozmno\u017c\u0119\u201d. A poniewa\u017c tak cierpliwie oczekiwa\u0142, otrzyma\u0142 to, co by\u0142o obiecane. Ludzie przysi\u0119gaj\u0105 na kogo\u015b wy\u017cszego, a przysi\u0119ga dla stwierdzenia prawdy jest zako\u0144czeniem ka\u017cdego sporu mi\u0119dzy nimi.<\/b><\/span><\/span><\/span><\/p>\n<p align=\"justify\"><span style=\"color: #000000;\"><span style=\"font-family: Book Antiqua, serif;\"><span style=\"font-size: large;\"><b>Dlatego B\u00f3g pragn\u0105c okaza\u0107 ponad wszelk\u0105 miar\u0119 dziedzicom obietnicy niezmienno\u015b\u0107 swego postanowienia, wzmocni\u0142 je przysi\u0119g\u0105, aby\u015bmy przez dwie rzeczy niezmienne, co do kt\u00f3rych niemo\u017cliwe jest, by sk\u0142ama\u0142 B\u00f3g, mieli trwa\u0142\u0105 pociech\u0119, my, kt\u00f3rzy\u015bmy si\u0119 uciekli do uchwycenia zaofiarowanej nadziei. Trzymajmy si\u0119 jej jako bezpiecznej i silnej kotwicy duszy, kotwicy, kt\u00f3ra przenika poza zas\u0142on\u0119, gdzie Jezus poprzednik wszed\u0142 za nas, stawszy si\u0119 arcykap\u0142anem na wieki na wz\u00f3r Melchizedeka.<\/b><\/span><\/span><\/span><\/p>\n<p align=\"justify\">\n<p align=\"justify\">\n<p align=\"justify\">\n<p align=\"justify\">\n<p align=\"justify\">\n<p align=\"justify\"><span style=\"color: #000000;\"><span style=\"font-family: Book Antiqua, serif;\"><span style=\"font-size: large;\"><b>S\u0141OWA EWANGELII WED\u0141UG \u015aWI\u0118TEGO MARKA:<\/b><\/span><\/span><\/span><\/p>\n<p align=\"justify\"><span style=\"color: #000000;\"><span style=\"font-family: Book Antiqua, serif;\"><span style=\"font-size: large;\"><b>Pewnego razu, gdy Jezus przechodzi\u0142 w szabat w\u015br\u00f3d zb\u00f3\u017c, uczniowie Jego zacz\u0119li po drodze zrywa\u0107 k\u0142osy. Na to faryzeusze rzekli do Niego: \u201ePatrz, czemu oni robi\u0105 w szabat to, czego nie wolno?\u201d <\/b><\/span><\/span><\/span><\/p>\n<p align=\"justify\"><span style=\"color: #000000;\"><span style=\"font-family: Book Antiqua, serif;\"><span style=\"font-size: large;\"><b>On im odpowiedzia\u0142: \u201eCzy nigdy nie czytali\u015bcie, co uczyni\u0142 Dawid, kiedy znalaz\u0142 si\u0119 w potrzebie, i by\u0142 g\u0142odny on i jego towarzysze? Jak wszed\u0142 do domu Bo\u017cego za Abiatara, najwy\u017cszego kap\u0142ana, i jad\u0142 chleby pok\u0142adne, kt\u00f3re tylko kap\u0142anom je\u015b\u0107 wolno; i da\u0142 r\u00f3wnie\u017c swoim towarzyszom\u201d.<\/b><\/span><\/span><\/span><\/p>\n<p align=\"justify\"><span style=\"color: #000000;\"><span style=\"font-family: Book Antiqua, serif;\"><span style=\"font-size: large;\"><b>I doda\u0142: \u201eTo szabat zosta\u0142 ustanowiony dla cz\u0142owieka, a nie cz\u0142owiek dla szabatu. Zatem Syn Cz\u0142owieczy jest panem szabatu\u201d.<\/b><\/span><\/span><\/span><\/p>\n<p align=\"justify\">\n<p align=\"justify\">\n<p align=\"justify\">\n<p align=\"justify\">\n<p align=\"justify\">\n<p align=\"justify\"><span style=\"color: #000000;\"><span style=\"font-family: Book Antiqua, serif;\"><span style=\"font-size: large;\">Zapewne od tych s\u0142\u00f3w, jakie us\u0142yszeli\u015bmy w dzisiejszym pierwszym czytaniu: <i><b>M<\/b><\/i><i><b>y, kt\u00f3rzy\u015bmy si\u0119 uciekli do uchwycenia zaofiarowanej nadziei; trzymajmy si\u0119 jej jako bezpiecznej i silnej kotwicy duszy <\/b><\/i><b>\u2013<\/b> zacz\u0119to u\u017cywa\u0107 obrazu kotwicy jako <b>symbolu nadziei.<\/b> Przypominaj\u0105 si\u0119 nam zapewne \u2013 w tym kontek\u015bcie \u2013 symbole Polski walcz\u0105cej, z okresu Drugiej Wojny \u015bwiatowej, czy okresu walki z komun\u0105 w naszej Ojczy\u017anie. Symbole te zawiera\u0142y w sobie w\u0142a\u015bnie kotwic\u0119 jako znak nadziei \u2013 nadziei na wolno\u015b\u0107. <\/span><\/span><\/span><\/p>\n<p align=\"justify\"><span style=\"color: #000000;\"><span style=\"font-family: Book Antiqua, serif;\"><span style=\"font-size: large;\">Takim bowiem symbolem pos\u0142u\u017cy\u0142 si\u0119 Autor Listu do Hebrajczyk\u00f3w, pisz\u0105c: <i><b>Trzymajmy si\u0119 jej <\/b><\/i><i><b>[czyli nadziei] <\/b><\/i><i><b>jako bezpiecznej i silnej kotwicy duszy, kotwicy, kt\u00f3ra przenika poza zas\u0142on\u0119, gdzie Jezus poprzednik wszed\u0142 za nas, stawszy si\u0119 arcykap\u0142anem na wieki na wz\u00f3r Melchizedeka.<\/b><\/i><b> <\/b>Obraz ten zawiera w sobie g\u0142\u0119bok\u0105 symbolik\u0119. <\/span><\/span><\/span><\/p>\n<p align=\"justify\"><span style=\"color: #000000;\"><span style=\"font-family: Book Antiqua, serif;\"><span style=\"font-size: large;\">Zas\u0142ona, o kt\u00f3rej mowa, przywodzi na my\u015bl zas\u0142on\u0119, oddzielaj\u0105c\u0105 w \u015bwi\u0105tyni jerozolimskiej <b>naj\u015bwi\u0119tsze miejsce obecno\u015bci Boga.<\/b> Wchodzi\u0142 tak tylko najwy\u017cszy kap\u0142an \u2013 i to raz w roku \u2013 aby uzyska\u0107 dla ludzi pojednanie. <\/span><\/span><\/span><\/p>\n<p align=\"justify\"><span style=\"color: #000000;\"><span style=\"font-family: Book Antiqua, serif;\"><span style=\"font-size: large;\">Autor dzisiejszego pierwszego czytania pos\u0142uguje si\u0119 tym obrazem, aby pokaza\u0107, \u017ce nasza kotwica zarzucona jest <b>poza zas\u0142on\u0119 Nieba<\/b> \u2013 miejsca naj\u015bwi\u0119tszego ze \u015bwi\u0119tych \u2013 gdzie <b>Jezus, Jedyny i Najwy\u017cszy Kap\u0142an, wszed\u0142,<\/b> aby przygotowa\u0107 nam tam miejsce, aby w ten spos\u00f3b wype\u0142ni\u0142y si\u0119 nasze nadzieje. Aby uzyska\u0107 dla nas pojednanie z Bogiem i wieczn\u0105 szcz\u0119\u015bliwo\u015b\u0107. Pi\u0119kny i wielowymiarowy obraz! <\/span><\/span><\/span><\/p>\n<p align=\"justify\"><span style=\"color: #000000;\"><span style=\"font-family: Book Antiqua, serif;\"><span style=\"font-size: large;\">Trzeba jednak zauwa\u017cy\u0107, \u017ce ju\u017c wcze\u015bniej Autor biblijny du\u017co powiedzia\u0142 <b>o wiarygodno\u015bci Boga,<\/b> kt\u00f3ry jest wierny danym przez siebie obietnicom, a \u017ceby je jeszcze bardziej potwierdzi\u0107 i uwiarygodni\u0107, <b>wzmocni\u0142 je przysi\u0119g\u0105, <\/b>z\u0142o\u017con\u0105 na samego siebie. Bo na kog\u00f3\u017c innego mia\u0142by przysi\u0119ga\u0107 \u2013 je\u017celi ju\u017c mia\u0142 przysi\u0119ga\u0107?\u2026 A w\u0142a\u015bnie <b>chcia\u0142 to uczyni\u0107, <\/b>aby\u015bmy byli pewni, \u017ce dotrzyma tego wszystkiego, co nam obieca\u0142 i nigdy nas nie zostawi. <\/span><\/span><\/span><\/p>\n<p align=\"justify\"><span style=\"color: #000000;\"><span style=\"font-family: Book Antiqua, serif;\"><span style=\"font-size: large;\">Autor natchniony tak o tym m\u00f3wi: <i><b>B\u00f3g pragn\u0105c okaza\u0107 ponad wszelk\u0105 miar\u0119 dziedzicom obietnicy niezmienno\u015b\u0107 swego postanowienia, wzmocni\u0142 je przysi\u0119g\u0105.<\/b><\/i><b> <\/b>Nie musia\u0142 tego robi\u0107, bo w ko\u0144cu jest Bogiem i powinno nam wystarczy\u0107 jedno Jego s\u0142owo. To i tak bardzo du\u017co! On jednak chcia\u0142 uczyni\u0107 tak\u017ce ten gest, b\u0119d\u0105cy <b>czytelnym znakiem Jego mi\u0142o\u015bci i troski o nas. <\/b><\/span><\/span><\/span><\/p>\n<p align=\"justify\"><span style=\"color: #000000;\"><span style=\"font-family: Book Antiqua, serif;\"><span style=\"font-size: large;\">Oczywi\u015bcie, najwi\u0119kszym znakiem tej Jego mi\u0142o\u015bci i troski by\u0142o i jest <b>pos\u0142anie na \u015bwiat swego Syna,<\/b> aby dokona\u0142 zbawienia cz\u0142owieka. I aby przyni\u00f3s\u0142 mu nadziej\u0119 \u2013 niczym kotwic\u0119, zarzucon\u0105 poza zas\u0142on\u0119 Nieba. Znaczy to, \u017ce nasza nadzieja jest <b>w ca\u0142o\u015bci oparta na Bogu<\/b> i w Nim ma swoje \u017ar\u00f3d\u0142o i swoje umocowanie. A jej potwierdzeniem s\u0105 nie tylko zapowiedzi i obietnice Boga, dotycz\u0105ce szcz\u0119\u015bliwej wieczno\u015bci dla tych, kt\u00f3rzy Mu ufaj\u0105, ale tak\u017ce <b>tak wiele znak\u00f3w troski Boga o nas,<\/b> jakie widzimy praktycznie na co dzie\u0144. <\/span><\/span><\/span><\/p>\n<p align=\"justify\"><span style=\"color: #000000;\"><span style=\"font-family: Book Antiqua, serif;\"><span style=\"font-size: large;\">Troski, kt\u00f3ra kaza\u0142a Jezusowi dzisiaj stanowczo odpowiedzie\u0107 na zarzuty faryzeuszy stwierdzeniem: <i><b>To szabat zosta\u0142 ustanowiony dla cz\u0142owieka, a nie cz\u0142owiek dla szabatu. Zatem Syn Cz\u0142owieczy jest panem szabatu.<\/b><\/i><b> <\/b>S\u0142yszeli\u015bmy w Ewangelii, czego dotyczy\u0142a ca\u0142a sprawa. Chodzi\u0142o o zrywanie k\u0142os\u00f3w zbo\u017ca przez wyg\u0142odnia\u0142ych Aposto\u0142\u00f3w, co faryzeusze ocenili jako \u0142amanie Bo\u017cego Prawa. <\/span><\/span><\/span><\/p>\n<p align=\"justify\"><span style=\"color: #000000;\"><span style=\"font-family: Book Antiqua, serif;\"><span style=\"font-size: large;\"><b>Jezus jasno \u201eustawi\u0142\u201d ca\u0142\u0105 spraw\u0119,<\/b> stwierdzaj\u0105c, \u017ce przepisy te maj\u0105 s\u0142u\u017cy\u0107 cz\u0142owiekowi, jego prawdziwemu dobru, a nie by\u0107 tylko zapisami dla samych zapis\u00f3w. Na pewno, w \u017caden spos\u00f3b <b>nie mog\u0105 cz\u0142owiekowi szkodzi\u0107 <\/b>\u2013 nie to by\u0142o prawdziw\u0105 intencj\u0105 Boga, kiedy je ustanawia\u0142. <\/span><\/span><\/span><\/p>\n<p align=\"justify\"><span style=\"color: #000000;\"><span style=\"font-family: Book Antiqua, serif;\"><span style=\"font-size: large;\">Wszystko bowiem, co B\u00f3g postanowi\u0142, powiedzia\u0142, uczyni\u0142, a nawet pomy\u015bla\u0142 \u2013 chocia\u017c tego akurat nie jeste\u015bmy w stanie stwierdzi\u0107, bo nie znamy my\u015bli Boga, ale mo\u017cemy by\u0107 tego pewni \u2013 <b>s\u0142u\u017cy tylko i wy\u0142\u0105cznie dobru cz\u0142owieka.<\/b> Temu prawdziwemu i trwa\u0142emu dobru, jakim jest \u2013 w ostatecznym wymiarze \u2013 <b>wieczne zbawienie,<\/b> a wcze\u015bniej: tak\u017ce <b>wiele dobra ju\u017c tu na ziemi<\/b> i szcz\u0119\u015bcia, kt\u00f3rego przecie\u017c nie tak rzadko do\u015bwiadczamy. <\/span><\/span><\/span><\/p>\n<p align=\"justify\"><span style=\"color: #000000;\"><span style=\"font-family: Book Antiqua, serif;\"><span style=\"font-size: large;\">W\u0142a\u015bciwie, to trzeba powiedzie\u0107, \u017ce kiedy cz\u0142owiek zachowuje stan \u0142aski u\u015bwi\u0119caj\u0105cej, czyli <b>jest blisko Jezusa, a wr\u0119cz jedno z Nim,<\/b> przyjmuj\u0105c Go w Komunii \u015awi\u0119tej, to tak naprawd\u0119 zawsze jest <b>szcz\u0119\u015bliwy i spe\u0142niony.<\/b> Cho\u0107by nawet do\u015bwiadcza\u0142 trudno\u015bci i przeciwno\u015bci, kt\u00f3re porusz\u0105 jego serce, a wr\u0119cz wycisn\u0105 \u0142zy, to nigdy taki cz\u0142owiek <b>nie za\u0142amie si\u0119, nie podda rozpaczy,<\/b> nie zrezygnuje z dobra, jakie czyni wszystkim wok\u00f3\u0142. Dlaczego tak b\u0119dzie? Bo <b>jego nadzieja b\u0119dzie ulokowana w Niebie, w Jezusie <\/b>\u2013 niczym kotwica, zarzucona za zas\u0142on\u0119 niebiesk\u0105. <\/span><\/span><\/span><\/p>\n<p align=\"justify\"><span style=\"color: #000000;\"><span style=\"font-family: Book Antiqua, serif;\"><span style=\"font-size: large;\">Z pewno\u015bci\u0105, jest czym\u015b naprawd\u0119 wa\u017cnym i potrzebnym, aby\u015bmy jak najcz\u0119\u015bciej \u2013 codziennie, w ramach swoich modlitw \u2013 <b>zarzuca<\/b><b>li<\/b><b> ow\u0105 kotwic\u0119 za zas\u0142on\u0119 Nieba,<\/b> czyli oddawali swoje \u017cycie i siebie samych Jezusowi, aby On m\u00f3g\u0142 si\u0119 nami troszczy\u0107, zajmowa\u0107, prowadzi\u0107 nas\u2026 <\/span><\/span><\/span><\/p>\n<p align=\"justify\"><span style=\"color: #000000;\"><span style=\"font-size: large;\"><span style=\"font-family: Book Antiqua, serif;\">Przyk\u0142ad takiej w\u0142a\u015bnie postawy, takiego zaufania, odnajdujemy w \u015bwiadectwie \u017cycia Patrona dnia dzisiejszego, <\/span><span style=\"font-family: Book Antiqua, serif;\"><b>\u015awi\u0119tego J\u00f3zefa Sebastiana Pelczara, Biskupa.<\/b><\/span><\/span><\/span><\/p>\n<p align=\"justify\"><span style=\"color: #000000;\"><span style=\"font-size: large;\"><span style=\"font-family: Book Antiqua, serif;\">Urodzi\u0142 si\u0119 17 stycznia 1842 roku w Korczynie ko\u0142o Krosna. <\/span><span style=\"font-family: Book Antiqua, serif;\">Jeszcze przed urodzeniem <\/span><span style=\"font-family: Book Antiqua, serif;\"><b>zosta\u0142 ofiarowany Naj\u015bwi\u0119tszej Maryi Pannie przez swoj\u0105 pobo\u017cn\u0105 matk\u0119.<\/b><\/span><span style=\"font-family: Book Antiqua, serif;\"> Ochrzczony dwa dni po urodzeniu, wzrasta\u0142 w g\u0142\u0119boko religijnej atmosferze. Od sz\u00f3stego roku \u017cycia by\u0142 ministrantem w parafialnym ko\u015bciele. Po uko\u0144czeniu szko\u0142y w Korczynie, kontynuowa\u0142 nauk\u0119 w Rzeszowie. Zda\u0142 egzamin dojrza\u0142o\u015bci w 1860 roku i wst\u0105pi\u0142 do Seminarium Duchownego w Przemy\u015blu. <\/span><span style=\"font-family: Book Antiqua, serif;\"><b>17 lipca 1864 roku, przyj\u0105\u0142 \u015bwi\u0119cenia kap\u0142a\u0144skie. <\/b><\/span><\/span><\/span><\/p>\n<p align=\"justify\"><span style=\"color: #000000;\"><span style=\"font-size: large;\"><span style=\"font-family: Book Antiqua, serif;\">Podj\u0105\u0142 prac\u0119 jako wikariusz w Samborze, jednak nied\u0142ugo potem zosta\u0142 skierowany na studia w Kolegium Polskim w Rzymie, na kt\u00f3rych uzyska\u0142 <\/span><span style=\"font-family: Book Antiqua, serif;\"><b>doktoraty z teologii i prawa kanonicznego.<\/b><\/span><span style=\"font-family: Book Antiqua, serif;\"> Oddawa\u0142 si\u0119 w tym czasie g\u0142\u0119bokiemu \u017cyciu wewn\u0119trznemu i zg\u0142\u0119bia\u0142 dzie\u0142a ascetyk\u00f3w. Owocem tego sta\u0142a si\u0119 jego praca zatytu\u0142owana <\/span><span style=\"font-family: Book Antiqua, serif;\"><i><b>\u017bycie duchowe czyli doskona\u0142o\u015b\u0107 chrze\u015bcija\u0144ska.<\/b><\/i><\/span><span style=\"font-family: Book Antiqua, serif;\"> Przez dziesi\u0105tki lat s\u0142u\u017cy\u0142a ona zar\u00f3wno kap\u0142anom, jak i osobom \u015bwieckim.<\/span><\/span><\/span><\/p>\n<p align=\"justify\"><span style=\"color: #000000;\"><span style=\"font-size: large;\"><span style=\"font-family: Book Antiqua, serif;\">Po powrocie do kraju, w pa\u017adzierniku 1869 roku, zosta\u0142 wyk\u0142adowc\u0105 teologii pastoralnej i prawa ko\u015bcielnego w seminarium przemyskim, <\/span><span style=\"font-family: Book Antiqua, serif;\"><b>a w latach 1877 \u2013 1899 by\u0142 profesorem i rektorem Uniwersytetu Jagiello\u0144skiego.<\/b><\/span><span style=\"font-family: Book Antiqua, serif;\"> Obok zaj\u0119\u0107 uniwersyteckich by\u0142 r\u00f3wnie\u017c znakomitym kaznodziej\u0105, zajmowa\u0142 si\u0119 te\u017c dzia\u0142alno\u015bci\u0105 ko\u015bcielno \u2013 spo\u0142eczn\u0105. <\/span><\/span><\/span><\/p>\n<p align=\"justify\"><span style=\"color: #000000;\"><span style=\"font-size: large;\"><span style=\"font-family: Book Antiqua, serif;\">Odznacza\u0142 si\u0119 gorliwo\u015bci\u0105 i <\/span><span style=\"font-family: Book Antiqua, serif;\"><b>szczeg\u00f3lnym nabo\u017ce\u0144stwem do Naj\u015bwi\u0119tszego Sakramentu, do Serca Bo\u017cego i Naj\u015bwi\u0119tszej Maryi Panny, <\/b><\/span><span style=\"font-family: Book Antiqua, serif;\">czemu dawa\u0142 wyraz w swej bogatej pracy pisarskiej i kaznodziejskiej. W trosce o najbardziej potrzebuj\u0105cych oraz o rozszerzenie Kr\u00f3lestwa Serca Bo\u017cego w \u015bwiecie, za\u0142o\u017cy\u0142 w Krakowie, w 1894 roku<\/span><span style=\"font-family: Book Antiqua, serif;\">,<\/span><span style=\"font-family: Book Antiqua, serif;\"> Zgromadzenie S\u0142u\u017cebnic Naj\u015bwi\u0119tszego Serca Jezusowego , <\/span><span style=\"font-family: Book Antiqua, serif;\"><b>czyli Sercanek.<\/b><\/span><\/span><\/span><\/p>\n<p align=\"justify\"><span style=\"color: #000000;\"><span style=\"font-size: large;\"><span style=\"font-family: Book Antiqua, serif;\">W 1899 roku, zosta\u0142 biskupem pomocniczym, a 17 grudnia 1900 roku biskupem diecezjalnym diecezji przemyskiej. <\/span><span style=\"font-family: Book Antiqua, serif;\"><b>Jako gorliwy pasterz dba\u0142 o \u015bwi\u0119to\u015b\u0107 diecezji.<\/b><\/span><span style=\"font-family: Book Antiqua, serif;\"> Swoj\u0105 pos\u0142ug\u0119 opiera\u0142 w wielkiej mierze na modlitwie, z kt\u00f3rej czerpa\u0142 natchnienie i moc do pracy apostolskiej. <\/span><span style=\"font-family: Book Antiqua, serif;\"><b>Ubodzy i chorzy byli zawsze przedmiotem jego szczeg\u00f3lnej troski.<\/b><\/span><span style=\"font-family: Book Antiqua, serif;\"> Jego rz\u0105dy by\u0142y czasem wielkiej troski o podniesienie poziomu wiedzy duchowie\u0144stwa i wiernych. W tym celu <\/span><span style=\"font-family: Book Antiqua, serif;\">cz\u0119sto gromadzi\u0142 ksi\u0119\u017cy <\/span><span style=\"font-family: Book Antiqua, serif;\"><b>na zebrania i konferencje oraz pisa\u0142 wiele list\u00f3w pasterskich. <\/b><\/span><span style=\"font-family: Book Antiqua, serif;\">Popiera\u0142 bractwa i sodalicj\u0119 maria\u0144sk\u0105. Przeprowadzi\u0142 tak\u017ce reform\u0119 nauczania religii w szko\u0142ach podstawowych. Z jego inicjatywy powsta\u0142 w diecezji Zwi\u0105zek Katolicko \u2013 Spo\u0142eczny. Zwi\u0119kszy\u0142 o pi\u0119\u0107dziesi\u0105t siedem liczb\u0119 plac\u00f3wek duszpasterskich. <\/span><\/span><\/span><\/p>\n<p align=\"justify\"><span style=\"color: #000000;\"><span style=\"font-size: large;\"><span style=\"font-family: Book Antiqua, serif;\"><b>Cz\u0119sto przeprowadza\u0142 wizytacje kanoniczne w parafiach.<\/b><\/span><span style=\"font-family: Book Antiqua, serif;\"> W 1901 roku powo\u0142a\u0142 do \u017cycia redakcj\u0119 miesi\u0119cznika \u201e<\/span><span style=\"font-family: Book Antiqua, serif;\">Kronika Diecezji Przemyskiej\u201d. <\/span><span style=\"font-family: Book Antiqua, serif;\">W 1902 roku urz\u0105dzi\u0142 bibliotek\u0119 i muzeum diecezjalne, za\u0142o\u017cy\u0142 Ma\u0142e Seminarium i odnowi\u0142 katedr\u0119 przemysk\u0105. <\/span><span style=\"font-family: Book Antiqua, serif;\"><b>Jako jedyny biskup w tamtych czasach, <\/b><\/span><span style=\"font-family: Book Antiqua, serif;\">pomimo zabor\u00f3w, odwa\u017cy\u0142 si\u0119 w 1902 roku <\/span><span style=\"font-family: Book Antiqua, serif;\"><b>zwo\u0142a\u0107 Synod diecezjalny<\/b><\/span><span style=\"font-family: Book Antiqua, serif;\"> \u2013 po stu siedemdziesi\u0119ciu dziewi\u0119ciu latach przerwy \u2013 aby oprze\u0107 dzia\u0142alno\u015b\u0107 duszpastersk\u0105 na mocnym fundamencie prawa ko\u015bcielnego. W\u015br\u00f3d tych wszechstronnych zaj\u0119\u0107 przez ca\u0142y czas prowadzi\u0142 tak\u017ce dzia\u0142alno\u015b\u0107 pisarsk\u0105. <\/span><\/span><\/span><\/p>\n<p align=\"justify\"><span style=\"color: #000000;\"><span style=\"font-size: large;\"><span style=\"font-family: Book Antiqua, serif;\">Posiada\u0142 rzadk\u0105 umiej\u0119tno\u015b\u0107 <\/span><span style=\"font-family: Book Antiqua, serif;\"><b>doskona\u0142ego wykorzystywania czasu. <\/b><\/span><span style=\"font-family: Book Antiqua, serif;\">Ka\u017cd\u0105 chwil\u0119 umia\u0142 po\u015bwi\u0119ci\u0107 dla chwa\u0142y Bo\u017cej i zbawienia dusz. <\/span><span style=\"font-family: Book Antiqua, serif;\"><b>By\u0142 ogromnie pracowity, systematyczny i roztropny <\/b><\/span><span style=\"font-family: Book Antiqua, serif;\">w podejmowaniu wa\u017cnych przedsi\u0119wzi\u0119\u0107, mia\u0142 doskona\u0142\u0105 pami\u0119\u0107. <\/span><span style=\"font-family: Book Antiqua, serif;\">Oszcz\u0119dny dla siebie, hojnie wspiera\u0142 wszelkie dobre i potrzebne inicjatywy. <\/span><\/span><\/span><\/p>\n<p align=\"justify\"><span style=\"color: #000000;\"><span style=\"font-size: large;\"><span style=\"font-family: Book Antiqua, serif;\">Zmar\u0142 w Przemy\u015blu, 28 marca 1924 roku, w opinii \u015bwi\u0119to\u015bci. Beatyfikowany zosta\u0142 w Rzeszowie 2 czerwca 1991 roku, przez Jana Paw\u0142a II. A ju\u017c 18 maja 2003 roku, Jan Pawe\u0142 II, <\/span><span style=\"font-family: Book Antiqua, serif;\">og\u0142osi\u0142 go \u015awi\u0119tym<\/span><span style=\"font-family: Book Antiqua, serif;\">. <\/span><\/span><\/span><\/p>\n<p align=\"justify\"><span style=\"color: #000000;\"><span style=\"font-size: large;\"><span style=\"font-family: Book Antiqua, serif;\">W homilii powiedzia\u0142 wtedy: <\/span><span style=\"font-family: Book Antiqua, serif;\"><b>\u201e<\/b><\/span><span style=\"font-family: Book Antiqua, serif;\"><b>Dewiz\u0105 \u017cycia Biskupa Pelczara by\u0142o zawo\u0142anie: <\/b><\/span><span style=\"font-family: Book Antiqua, serif;\"><b>\u00ab<\/b><\/span><span style=\"font-family: Book Antiqua, serif;\"><b>Wszystko dla Naj\u015bwi\u0119tszego Serca Jezusowego przez Niepokalane R\u0119ce Naj\u015bwi\u0119tszej Maryi Panny<\/b><\/span><span style=\"font-family: Book Antiqua, serif;\"><b>\u00bb<\/b><\/span><span style=\"font-family: Book Antiqua, serif;\"><b>.<\/b><\/span><span style=\"font-family: Book Antiqua, serif;\"> To ono kszta\u0142towa\u0142o jego duchow\u0105 sylwetk\u0119, kt\u00f3rej charakterystycznym rysem jest zawierzenie siebie, ca\u0142ego \u017cycia i pos\u0142ugi, <\/span><span style=\"font-family: Book Antiqua, serif;\"><b>Chrystusowi przez Maryj\u0119.<\/b><\/span><span style=\"font-family: Book Antiqua, serif;\"> Swoje oddanie Chrystusowi pojmowa\u0142 nade wszystko jako odpowied\u017a na Jego mi\u0142o\u015b\u0107, jak\u0105 zawar\u0142 i objawi\u0142 w sakramencie Eucharystii.\u201d<\/span><b> <\/b><\/span><\/span><\/p>\n<p align=\"justify\"><span style=\"color: #000000;\"><span style=\"font-size: large;\"><span style=\"font-family: Book Antiqua, serif;\">Tyle Jan Pawe\u0142 II. A sam \u015awi\u0119ty Biskup J\u00f3zef Sebastian, w swoim dziele <\/span><span style=\"font-family: Book Antiqua, serif;\"><b>\u201e\u017bycie duchowne, czyli doskona\u0142o\u015b\u0107 chrze\u015bcija\u0144ska\u201d,<\/b><\/span><span style=\"font-family: Book Antiqua, serif;\"> tak pisa\u0142: \u201e<\/span><span style=\"font-family: Book Antiqua, serif;\">Jaka to chwa\u0142a, jakie szcz\u0119\u015bcie dla nas, i\u017c Pan B\u00f3g pozwala mi\u0142owa\u0107 siebie, i\u017c nas przypuszcza do s\u0142odkiej poufa\u0142o\u015bci z sob\u0105 i przyjaci\u00f3\u0142mi nawet swoimi nazywa. [\u2026] Je\u015bli chcesz pozna\u0107 ogrom tej mi\u0142o\u015bci, <\/span><span style=\"font-family: Book Antiqua, serif;\"><b>rozwa\u017caj dzie\u0142a Bo\u017ce, spe\u0142nione dla cz\u0142owieka, <\/b><\/span><span style=\"font-family: Book Antiqua, serif;\">a mianowicie trzy wieczne pomniki mi\u0142o\u015bci:<\/span><span style=\"font-family: Book Antiqua, serif;\"><b> \u017c\u0142\u00f3bek, krzy\u017c i o\u0142tarz.<\/b><\/span> <\/span><\/span><\/p>\n<p align=\"justify\"><span style=\"color: #000000;\"><span style=\"font-size: large;\"><span style=\"font-family: Book Antiqua, serif;\">Szczeg\u00f3lnie sta\u0144 pod krzy\u017cem i przypatrz si\u0119 mi\u0142o\u015bci Ukrzy\u017cowanego, przypatrz si\u0119 Ukrzy\u017cowanemu. <\/span><span style=\"font-family: Book Antiqua, serif;\"><b>Sta\u0144 przed Przenaj\u015bwi\u0119tszym Sakramentem <\/b><\/span><span style=\"font-family: Book Antiqua, serif;\">i rozwa\u017c to niezmierne wyniszczenie si\u0119 Boga utajonego,<\/span><span style=\"font-family: Book Antiqua, serif;\"> t\u0119 ogromn\u0105 ofiar\u0119 z siebie, to ca\u0142kowite oddanie si\u0119 cz\u0142owiekowi z mi\u0142o\u015bci bez granic. Wniknij potem do Serca Jezusowego i przypatrz si\u0119 Jego mi\u0142o\u015bci. <\/span><\/span><\/span><\/p>\n<p align=\"justify\"><span style=\"color: #000000;\"><span style=\"font-size: large;\"><span style=\"font-family: Book Antiqua, serif;\">Zaprawd\u0119, \u017caden rozum nie zdo\u0142a poj\u0105\u0107, jak wielki p\u0142omie\u0144 trawi to Serce Najmi\u0142o\u015bciwsze. Gdyby Mu by\u0142o polecone <\/span><span style=\"font-family: Book Antiqua, serif;\"><b>nie raz, ale tysi\u0105c razy za nas umrze\u0107,<\/b><\/span><span style=\"font-family: Book Antiqua, serif;\"> albo za jednego cz\u0142owieka to samo wycierpie\u0107, co wycierpia\u0142 za wszystkich, mi\u0142o\u015b\u0107 Jego by\u0142aby t\u0119 \u015bmier\u0107 tysi\u0105ckrotn\u0105 ch\u0119tnie przyj\u0119\u0142a <\/span><span style=\"font-family: Book Antiqua, serif;\"><b>i tyle cierpia\u0142a dla jednego, ile dla wszystkich. <\/b><\/span><span style=\"font-family: Book Antiqua, serif;\">Gdyby by\u0142o potrzebne, aby Pan zamiast trzech godzin \u2013 a\u017c do s\u0105dnego dnia na krzy\u017cu wisia\u0142, mi\u0142o\u015b\u0107 Jego niewyczerpana i to by\u0142aby spe\u0142ni\u0142a. A wi\u0119c Jezus wi\u0119cej nas mi\u0142owa\u0142, ani\u017celi dla nas wycierpia\u0142.\u201d Tyle nasz dzisiejszy Patron.<\/span><\/span><\/span><\/p>\n<p align=\"justify\"><span style=\"color: #000000;\"><span style=\"font-family: Book Antiqua, serif;\"><span style=\"font-size: large;\">A my, s\u0142uchaj\u0105c <b>jego s\u0142\u00f3w i s\u0142\u00f3w Jana Paw\u0142a II o nim,<\/b> wpatruj\u0105c si\u0119 w jego postaw\u0119, ale przede wszystkim <b>s\u0142uchaj\u0105c Bo\u017cego s\u0142owa <\/b>dzisiejszej liturgii, raz jeszcze odpowiedzmy sobie szczerze, czy <b>ca\u0142\u0105 nasz\u0105 nadziej\u0119 naprawd\u0119 pok\u0142adamy w <\/b><b>Jezusie Chrystusie<\/b><b>,<\/b> czy t\u0119 nasz\u0105 kotwic\u0119 zarzucamy gdzie indziej \u2013 w ludzkie uk\u0142ady, czy za zas\u0142on\u0119 ludzkich jedynie mo\u017cliwo\u015bci: swoich lub czyich\u015b?\u2026 Czy mamy odwag\u0119 <b>tylko Jezusowi<\/b> tak naprawd\u0119 i bezgranicznie zaufa\u0107?\u2026<\/span><\/span><\/span><\/p>\n","protected":false},"excerpt":{"rendered":"<p>Szcz\u0119\u015b\u0107 Bo\u017ce, moi Drodzy, w dniu dzisiejszym imieniny obchodz\u0105: \u25baKsi\u0105dz Mariusz Szyszko \u2013 m\u00f3j serdeczny i oddany Przyjaciel jeszcze z czas\u00f3w wsp\u00f3lnej s\u0142u\u017cby ministranckiej w naszej rodzinnej Parafii; Cz\u0142owiek, kt\u00f3remu bardzo wiele zawdzi\u0119czam i kt\u00f3ry zawsze jest blisko, aby wspiera\u0107 i pomaga\u0107; \u25baOjciec Mariusz Rudzki, Salezjanin, tak\u017ce pochodz\u0105cy z naszej rodzinnej Parafii; \u25baKsi\u0105dz Biskup Henryk [&hellip;]<\/p>\n","protected":false},"author":1,"featured_media":0,"comment_status":"open","ping_status":"open","sticky":false,"template":"","format":"standard","meta":{"jetpack_post_was_ever_published":false,"_jetpack_newsletter_access":"","_jetpack_dont_email_post_to_subs":false,"_jetpack_newsletter_tier_id":0,"_jetpack_memberships_contains_paywalled_content":false,"_jetpack_memberships_contains_paid_content":false,"footnotes":""},"categories":[1],"tags":[],"class_list":["post-18421","post","type-post","status-publish","format-standard","hentry","category-bez-kategorii"],"yoast_head":"<!-- This site is optimized with the Yoast SEO plugin v25.1 - https:\/\/yoast.com\/wordpress\/plugins\/seo\/ -->\n<title>Silna kotwica duszy - Gaudium Et Spes<\/title>\n<meta name=\"robots\" content=\"index, follow, max-snippet:-1, max-image-preview:large, max-video-preview:-1\" \/>\n<link rel=\"canonical\" href=\"https:\/\/gaudiumetspes-blog.pl\/index.php\/2021\/01\/19\/silna-kotwica-duszy\/\" \/>\n<meta property=\"og:locale\" content=\"pl_PL\" \/>\n<meta property=\"og:type\" content=\"article\" \/>\n<meta property=\"og:title\" content=\"Silna kotwica duszy - Gaudium Et Spes\" \/>\n<meta property=\"og:description\" content=\"Szcz\u0119\u015b\u0107 Bo\u017ce, moi Drodzy, w dniu dzisiejszym imieniny obchodz\u0105: \u25baKsi\u0105dz Mariusz Szyszko \u2013 m\u00f3j serdeczny i oddany Przyjaciel jeszcze z czas\u00f3w wsp\u00f3lnej s\u0142u\u017cby ministranckiej w naszej rodzinnej Parafii; Cz\u0142owiek, kt\u00f3remu bardzo wiele zawdzi\u0119czam i kt\u00f3ry zawsze jest blisko, aby wspiera\u0107 i pomaga\u0107; \u25baOjciec Mariusz Rudzki, Salezjanin, tak\u017ce pochodz\u0105cy z naszej rodzinnej Parafii; \u25baKsi\u0105dz Biskup Henryk [&hellip;]\" \/>\n<meta property=\"og:url\" content=\"https:\/\/gaudiumetspes-blog.pl\/index.php\/2021\/01\/19\/silna-kotwica-duszy\/\" \/>\n<meta property=\"og:site_name\" content=\"Gaudium Et Spes\" \/>\n<meta property=\"article:published_time\" content=\"2021-01-19T08:20:37+00:00\" \/>\n<meta name=\"author\" content=\"Ks. Jacek\" \/>\n<meta name=\"twitter:card\" content=\"summary_large_image\" \/>\n<meta name=\"twitter:label1\" content=\"Napisane przez\" \/>\n\t<meta name=\"twitter:data1\" content=\"Ks. Jacek\" \/>\n\t<meta name=\"twitter:label2\" content=\"Szacowany czas czytania\" \/>\n\t<meta name=\"twitter:data2\" content=\"13 minut\" \/>\n<script type=\"application\/ld+json\" class=\"yoast-schema-graph\">{\"@context\":\"https:\/\/schema.org\",\"@graph\":[{\"@type\":\"WebPage\",\"@id\":\"https:\/\/gaudiumetspes-blog.pl\/index.php\/2021\/01\/19\/silna-kotwica-duszy\/\",\"url\":\"https:\/\/gaudiumetspes-blog.pl\/index.php\/2021\/01\/19\/silna-kotwica-duszy\/\",\"name\":\"Silna kotwica duszy - Gaudium Et Spes\",\"isPartOf\":{\"@id\":\"https:\/\/gaudiumetspes-blog.pl\/#website\"},\"datePublished\":\"2021-01-19T08:20:37+00:00\",\"author\":{\"@id\":\"https:\/\/gaudiumetspes-blog.pl\/#\/schema\/person\/1661982992b752dea8dff0d4ed845a65\"},\"breadcrumb\":{\"@id\":\"https:\/\/gaudiumetspes-blog.pl\/index.php\/2021\/01\/19\/silna-kotwica-duszy\/#breadcrumb\"},\"inLanguage\":\"pl-PL\",\"potentialAction\":[{\"@type\":\"ReadAction\",\"target\":[\"https:\/\/gaudiumetspes-blog.pl\/index.php\/2021\/01\/19\/silna-kotwica-duszy\/\"]}]},{\"@type\":\"BreadcrumbList\",\"@id\":\"https:\/\/gaudiumetspes-blog.pl\/index.php\/2021\/01\/19\/silna-kotwica-duszy\/#breadcrumb\",\"itemListElement\":[{\"@type\":\"ListItem\",\"position\":1,\"name\":\"Strona g\u0142\u00f3wna\",\"item\":\"https:\/\/gaudiumetspes-blog.pl\/\"},{\"@type\":\"ListItem\",\"position\":2,\"name\":\"Silna kotwica duszy\"}]},{\"@type\":\"WebSite\",\"@id\":\"https:\/\/gaudiumetspes-blog.pl\/#website\",\"url\":\"https:\/\/gaudiumetspes-blog.pl\/\",\"name\":\"Gaudium Et Spes\",\"description\":\"Blog Ks. Jacka Ja\u015bkowskiego\",\"potentialAction\":[{\"@type\":\"SearchAction\",\"target\":{\"@type\":\"EntryPoint\",\"urlTemplate\":\"https:\/\/gaudiumetspes-blog.pl\/?s={search_term_string}\"},\"query-input\":{\"@type\":\"PropertyValueSpecification\",\"valueRequired\":true,\"valueName\":\"search_term_string\"}}],\"inLanguage\":\"pl-PL\"},{\"@type\":\"Person\",\"@id\":\"https:\/\/gaudiumetspes-blog.pl\/#\/schema\/person\/1661982992b752dea8dff0d4ed845a65\",\"name\":\"Ks. Jacek\",\"image\":{\"@type\":\"ImageObject\",\"inLanguage\":\"pl-PL\",\"@id\":\"https:\/\/gaudiumetspes-blog.pl\/#\/schema\/person\/image\/\",\"url\":\"https:\/\/gaudiumetspes-blog.pl\/wp-content\/uploads\/2019\/07\/avatar-JJ-150x150.jpg\",\"contentUrl\":\"https:\/\/gaudiumetspes-blog.pl\/wp-content\/uploads\/2019\/07\/avatar-JJ-150x150.jpg\",\"caption\":\"Ks. Jacek\"},\"description\":\"Witam serdecznie! K\u0142ania si\u0119 Ks. Jacek Ja\u015bkowski. Nie jestem ani kim\u015b wa\u017cnym, ani kim\u015b znanym. Jestem ksi\u0119dzem, kt\u00f3ry po prostu chce rozmawia\u0107. Codzienna kap\u0142a\u0144ska pos\u0142uga pokazuje mi, \u017ce temat\u00f3w do rozm\u00f3w z ksi\u0119dzem jest coraz wi\u0119cej i dzisiaj \u017caden ksi\u0105dz nie mo\u017ce od nich ucieka\u0107, ale - wprost przeciwnie - podejmowa\u0107 nowe wyzwania. To przekonanie sk\u0142oni\u0142o mnie do pr\u00f3by otwarcia tego\u017c bloga, chocia\u017c okazji do rozm\u00f3w na co dzie\u0144 - w konfesjonale i poza nim - na szcz\u0119\u015bcie nie brakuje. My\u015bl\u0119 jednak, \u017ce ten blog b\u0119dzie jeszcze jednym sposobem i przestrzeni\u0105 nawi\u0105zania kontaktu z lud\u017ami dobrej woli, otwartymi na dialog.\",\"url\":\"https:\/\/gaudiumetspes-blog.pl\/index.php\/author\/ks-jacek\/\"}]}<\/script>\n<!-- \/ Yoast SEO plugin. -->","yoast_head_json":{"title":"Silna kotwica duszy - Gaudium Et Spes","robots":{"index":"index","follow":"follow","max-snippet":"max-snippet:-1","max-image-preview":"max-image-preview:large","max-video-preview":"max-video-preview:-1"},"canonical":"https:\/\/gaudiumetspes-blog.pl\/index.php\/2021\/01\/19\/silna-kotwica-duszy\/","og_locale":"pl_PL","og_type":"article","og_title":"Silna kotwica duszy - Gaudium Et Spes","og_description":"Szcz\u0119\u015b\u0107 Bo\u017ce, moi Drodzy, w dniu dzisiejszym imieniny obchodz\u0105: \u25baKsi\u0105dz Mariusz Szyszko \u2013 m\u00f3j serdeczny i oddany Przyjaciel jeszcze z czas\u00f3w wsp\u00f3lnej s\u0142u\u017cby ministranckiej w naszej rodzinnej Parafii; Cz\u0142owiek, kt\u00f3remu bardzo wiele zawdzi\u0119czam i kt\u00f3ry zawsze jest blisko, aby wspiera\u0107 i pomaga\u0107; \u25baOjciec Mariusz Rudzki, Salezjanin, tak\u017ce pochodz\u0105cy z naszej rodzinnej Parafii; \u25baKsi\u0105dz Biskup Henryk [&hellip;]","og_url":"https:\/\/gaudiumetspes-blog.pl\/index.php\/2021\/01\/19\/silna-kotwica-duszy\/","og_site_name":"Gaudium Et Spes","article_published_time":"2021-01-19T08:20:37+00:00","author":"Ks. Jacek","twitter_card":"summary_large_image","twitter_misc":{"Napisane przez":"Ks. Jacek","Szacowany czas czytania":"13 minut"},"schema":{"@context":"https:\/\/schema.org","@graph":[{"@type":"WebPage","@id":"https:\/\/gaudiumetspes-blog.pl\/index.php\/2021\/01\/19\/silna-kotwica-duszy\/","url":"https:\/\/gaudiumetspes-blog.pl\/index.php\/2021\/01\/19\/silna-kotwica-duszy\/","name":"Silna kotwica duszy - Gaudium Et Spes","isPartOf":{"@id":"https:\/\/gaudiumetspes-blog.pl\/#website"},"datePublished":"2021-01-19T08:20:37+00:00","author":{"@id":"https:\/\/gaudiumetspes-blog.pl\/#\/schema\/person\/1661982992b752dea8dff0d4ed845a65"},"breadcrumb":{"@id":"https:\/\/gaudiumetspes-blog.pl\/index.php\/2021\/01\/19\/silna-kotwica-duszy\/#breadcrumb"},"inLanguage":"pl-PL","potentialAction":[{"@type":"ReadAction","target":["https:\/\/gaudiumetspes-blog.pl\/index.php\/2021\/01\/19\/silna-kotwica-duszy\/"]}]},{"@type":"BreadcrumbList","@id":"https:\/\/gaudiumetspes-blog.pl\/index.php\/2021\/01\/19\/silna-kotwica-duszy\/#breadcrumb","itemListElement":[{"@type":"ListItem","position":1,"name":"Strona g\u0142\u00f3wna","item":"https:\/\/gaudiumetspes-blog.pl\/"},{"@type":"ListItem","position":2,"name":"Silna kotwica duszy"}]},{"@type":"WebSite","@id":"https:\/\/gaudiumetspes-blog.pl\/#website","url":"https:\/\/gaudiumetspes-blog.pl\/","name":"Gaudium Et Spes","description":"Blog Ks. Jacka Ja\u015bkowskiego","potentialAction":[{"@type":"SearchAction","target":{"@type":"EntryPoint","urlTemplate":"https:\/\/gaudiumetspes-blog.pl\/?s={search_term_string}"},"query-input":{"@type":"PropertyValueSpecification","valueRequired":true,"valueName":"search_term_string"}}],"inLanguage":"pl-PL"},{"@type":"Person","@id":"https:\/\/gaudiumetspes-blog.pl\/#\/schema\/person\/1661982992b752dea8dff0d4ed845a65","name":"Ks. Jacek","image":{"@type":"ImageObject","inLanguage":"pl-PL","@id":"https:\/\/gaudiumetspes-blog.pl\/#\/schema\/person\/image\/","url":"https:\/\/gaudiumetspes-blog.pl\/wp-content\/uploads\/2019\/07\/avatar-JJ-150x150.jpg","contentUrl":"https:\/\/gaudiumetspes-blog.pl\/wp-content\/uploads\/2019\/07\/avatar-JJ-150x150.jpg","caption":"Ks. Jacek"},"description":"Witam serdecznie! K\u0142ania si\u0119 Ks. Jacek Ja\u015bkowski. Nie jestem ani kim\u015b wa\u017cnym, ani kim\u015b znanym. Jestem ksi\u0119dzem, kt\u00f3ry po prostu chce rozmawia\u0107. Codzienna kap\u0142a\u0144ska pos\u0142uga pokazuje mi, \u017ce temat\u00f3w do rozm\u00f3w z ksi\u0119dzem jest coraz wi\u0119cej i dzisiaj \u017caden ksi\u0105dz nie mo\u017ce od nich ucieka\u0107, ale - wprost przeciwnie - podejmowa\u0107 nowe wyzwania. To przekonanie sk\u0142oni\u0142o mnie do pr\u00f3by otwarcia tego\u017c bloga, chocia\u017c okazji do rozm\u00f3w na co dzie\u0144 - w konfesjonale i poza nim - na szcz\u0119\u015bcie nie brakuje. My\u015bl\u0119 jednak, \u017ce ten blog b\u0119dzie jeszcze jednym sposobem i przestrzeni\u0105 nawi\u0105zania kontaktu z lud\u017ami dobrej woli, otwartymi na dialog.","url":"https:\/\/gaudiumetspes-blog.pl\/index.php\/author\/ks-jacek\/"}]}},"jetpack_featured_media_url":"","jetpack_sharing_enabled":true,"_links":{"self":[{"href":"https:\/\/gaudiumetspes-blog.pl\/index.php\/wp-json\/wp\/v2\/posts\/18421","targetHints":{"allow":["GET"]}}],"collection":[{"href":"https:\/\/gaudiumetspes-blog.pl\/index.php\/wp-json\/wp\/v2\/posts"}],"about":[{"href":"https:\/\/gaudiumetspes-blog.pl\/index.php\/wp-json\/wp\/v2\/types\/post"}],"author":[{"embeddable":true,"href":"https:\/\/gaudiumetspes-blog.pl\/index.php\/wp-json\/wp\/v2\/users\/1"}],"replies":[{"embeddable":true,"href":"https:\/\/gaudiumetspes-blog.pl\/index.php\/wp-json\/wp\/v2\/comments?post=18421"}],"version-history":[{"count":1,"href":"https:\/\/gaudiumetspes-blog.pl\/index.php\/wp-json\/wp\/v2\/posts\/18421\/revisions"}],"predecessor-version":[{"id":18422,"href":"https:\/\/gaudiumetspes-blog.pl\/index.php\/wp-json\/wp\/v2\/posts\/18421\/revisions\/18422"}],"wp:attachment":[{"href":"https:\/\/gaudiumetspes-blog.pl\/index.php\/wp-json\/wp\/v2\/media?parent=18421"}],"wp:term":[{"taxonomy":"category","embeddable":true,"href":"https:\/\/gaudiumetspes-blog.pl\/index.php\/wp-json\/wp\/v2\/categories?post=18421"},{"taxonomy":"post_tag","embeddable":true,"href":"https:\/\/gaudiumetspes-blog.pl\/index.php\/wp-json\/wp\/v2\/tags?post=18421"}],"curies":[{"name":"wp","href":"https:\/\/api.w.org\/{rel}","templated":true}]}}