{"id":18461,"date":"2021-01-23T08:42:14","date_gmt":"2021-01-23T07:42:14","guid":{"rendered":"https:\/\/gaudiumetspes-blog.pl\/?p=18461"},"modified":"2021-01-23T08:42:14","modified_gmt":"2021-01-23T07:42:14","slug":"naprawde-odszedl-od-zmyslow","status":"publish","type":"post","link":"https:\/\/gaudiumetspes-blog.pl\/index.php\/2021\/01\/23\/naprawde-odszedl-od-zmyslow\/","title":{"rendered":"Naprawd\u0119 &#8211; odszed\u0142 od zmys\u0142\u00f3w?&#8230;"},"content":{"rendered":"<p align=\"justify\"><span style=\"color: #000000;\"><span style=\"font-family: Book Antiqua, serif;\"><span style=\"font-size: large;\">Szcz\u0119\u015b\u0107 Bo\u017ce! Moi Drodzy, wymieniaj\u0105c Solenizant\u00f3w we wtorek i \u015brod\u0119, jakim\u015b dziwnym trafem przeoczy\u0142em dwie wa\u017cne Persony. <\/span><\/span><\/span><\/p>\n<p align=\"justify\"><span style=\"color: #000000;\"><span style=\"font-family: Book Antiqua, serif;\"><span style=\"font-size: large;\">Ot\u00f3\u017c, <b>we wtorek prze\u017cywa\u0142 imieniny Brat Mariusz Wojdowski, Oblat, Szef Jad\u0142odajni \u201eU Oblat\u00f3w\u201d w Kodniu, doskona\u0142y Kucharz, ale przede wszystkim wspania\u0142y Cz\u0142owiek i gorliwy Zakonnik.<\/b><\/span><\/span><\/span><\/p>\n<p align=\"justify\"><span style=\"color: #000000;\"><span style=\"font-family: Book Antiqua, serif;\"><span style=\"font-size: large;\"><b>W \u015brod\u0119 natomiast imieniny prze\u017cywa\u0142 Ksi\u0105dz Sebastian Bisek, m\u00f3j by\u0142y Ucze\u0144, kt\u00f3remu mia\u0142em przyjemno\u015b\u0107 pisa\u0107 opini\u0119 katechetyczn\u0105, kiedy szed\u0142 do Seminarium \u2013 obecnie odbywaj\u0105cy studia specjalistyczne na KUL. <\/b><\/span><\/span><\/span><\/p>\n<p align=\"justify\"><span style=\"color: #000000;\"><span style=\"font-family: Book Antiqua, serif;\"><span style=\"font-size: large;\"><b>W czwartek natomiast imieniny prze\u017cywa\u0142y:<\/b><\/span><\/span><\/span><\/p>\n<p align=\"justify\"><span style=\"color: #000000;\">\u25ba<span style=\"font-family: Book Antiqua, serif;\"><span style=\"font-size: large;\"><b>Agnieszka Niedzia\u0142kowska, znana wszystkim jako \u201eSiwa\u201d (od nazwiska panie\u0144skiego), z kt\u00f3r\u0105 znam si\u0119 od pocz\u0105tku kap\u0142a\u0144stwa, z pierwszej Parafii, w kt\u00f3rej czynnie w\u0142\u0105cza\u0142a si\u0119 w dzia\u0142alno\u015b\u0107 KSM; obecnie \u017bona i Matka;<\/b><\/span><\/span><\/span><\/p>\n<p align=\"justify\"><span style=\"color: #000000;\">\u25ba<span style=\"font-family: Book Antiqua, serif;\"><span style=\"font-size: large;\"><b>Agnieszka Osial \u2013 Nauczycielka w Liceum im. Lelewela w \u017belechowie, w kt\u00f3rym razem pracowali\u015bmy;<\/b><\/span><\/span><\/span><\/p>\n<p align=\"justify\"><span style=\"color: #000000;\">\u25ba<span style=\"font-family: Book Antiqua, serif;\"><span style=\"font-size: large;\"><b>Agnieszka Szel\u0105g \u2013 bardzo \u017cyczliwa i pobo\u017cna Osoba z Parafii w Celestynowie.<\/b><\/span><\/span><\/span><\/p>\n<p align=\"justify\"><span style=\"color: #000000;\"><span style=\"font-family: Book Antiqua, serif;\"><span style=\"font-size: large;\"><b>Z kolei, wczoraj, czyli w pi\u0105tek, urodziny prze\u017cywali:<\/b><\/span><\/span><\/span><\/p>\n<p align=\"justify\"><span style=\"color: #000000;\">\u25ba<span style=\"font-family: Book Antiqua, serif;\"><span style=\"font-size: large;\"><b>Ksi\u0105dz Jan Miedzianowski, m\u00f3j Kolega z roku \u015bwi\u0119ce\u0144, obecnie Misjonarz, pracuj\u0105cy w Peru;<\/b><\/span><\/span><\/span><\/p>\n<p align=\"justify\"><span style=\"color: #000000;\">\u25ba<span style=\"font-family: Book Antiqua, serif;\"><span style=\"font-size: large;\"><b>Maga Sosnowska, Znajoma sprzed lat.<\/b><\/span><\/span><\/span><\/p>\n<p align=\"justify\"><span style=\"color: #000000;\"><span style=\"font-family: Book Antiqua, serif;\"><span style=\"font-size: large;\"><b>Imieniny natomiast prze\u017cywa\u0142a Siostra Laura Wysocka, Benedyktynka Misjonarka, z kt\u00f3r\u0105 mia\u0142em przyjemno\u015b\u0107 wsp\u00f3\u0142pracowa\u0107 w Parafii w Tr\u0105bkach \u2013 wsp\u00f3lnie prowadzili\u015bmy Wsp\u00f3lnot\u0119 m\u0142odzie\u017cow\u0105, zar\u00f3wno na miejscu, w Parafii, jak i na licznych wyjazdach.<\/b><\/span><\/span><\/span><\/p>\n<p align=\"justify\"><span style=\"color: #000000;\"><span style=\"font-family: Book Antiqua, serif;\"><span style=\"font-size: large;\"><b>Urodziny prze\u017cywa\u0142 wczoraj tak\u017ce Ksi\u0105dz Leszek Mu\u0107ka, Autor dzisiejszego rozwa\u017cania i innych sobotnich rozwa\u017ca\u0144, Cz\u0142owiek mi niezwykle bliski, oddany i \u017cyczliwy. Pozna\u0142em Go, kiedy mia\u0142 pi\u0119tna\u015bcie lat \u2013 dzisiaj ma trzydzie\u015bci osiem. Bardzo ciesz\u0119 si\u0119 Jego pi\u0119knym kap\u0142a\u0144stwem, ale te\u017c podziwiam ogromn\u0105 wiar\u0119, z jak\u0105 prze\u017cywa bardzo ci\u0119\u017ckie do\u015bwiadczenia, kt\u00f3re szczeg\u00f3lnie ostatnio sta\u0142y si\u0119 Jego udzia\u0142em.<\/b><\/span><\/span><\/span><\/p>\n<p align=\"justify\"><span style=\"color: #000000;\"><span style=\"font-family: Book Antiqua, serif;\"><span style=\"font-size: large;\"><b>Ca\u0142ym sercem wspieram modlitw\u0105 Ksi\u0119dza Leszka i Wszystkich \u015bwi\u0119tuj\u0105cych, wymienionych powy\u017cej. Niech Pan Im<\/b> <b>wszystkim udziela z obfito\u015bci swego serca!<\/b><\/span><\/span><\/span><\/p>\n<p align=\"justify\"><span style=\"color: #000000;\"><span style=\"font-family: Book Antiqua, serif;\"><span style=\"font-size: large;\"><b>Modlitw\u0105 ogarniamy tak\u017ce nasze Babcie i naszych Dziadk\u00f3w \u2013 wszak wczoraj i przedwczoraj by\u0142y Ich \u015bwi\u0119ta. Niech \u017cyj\u0105cym B\u00f3g udziela wszystkich swoich dar\u00f3w, a Zmar\u0142ych \u2013 przyjmie do swego Kr\u00f3lestwa. Niech wynagrodzi Im to, \u017ce zwykle to Oni w\u0142a\u015bnie uczyli nas wiary.<\/b><\/span><\/span><\/span><\/p>\n<p align=\"justify\"><span style=\"color: #000000;\"><span style=\"font-family: Book Antiqua, serif;\"><span style=\"font-size: large;\">Moi Drodzy, bardzo serdecznie dzi\u0119kujemy Ksi\u0119dzu Markowi za wczorajsze i przedwczorajsze s\u0142\u00f3wko z Syberii! Za s\u0142owo pisane i m\u00f3wione, tak\u017ce za ciekawy wywiad! Modlitw\u0105 wspieramy ca\u0142e to ogromne dobro, jakie wci\u0105\u017c dokonuje si\u0119 na mro\u017anej Syberii. Niech wszyscy \u2013 jak to napisa\u0142 Ksi\u0105dz Marek \u2013 zawsze \u00abcisn\u0105 si\u0119\u00bb tam do Jezusa! I niech do\u015bwiadczaj\u0105 Jego blisko\u015bci.<\/span><\/span><\/span><\/p>\n<p align=\"justify\"><span style=\"color: #000000;\"><span style=\"font-family: Book Antiqua, serif;\"><span style=\"font-size: large;\">Serdecznie pozdrawiam Was, moi Drodzy, z Kodnia, gdzie od czwartkowej nocy jestem. Dzisiaj wyje\u017cd\u017cam, a jutro \u2013 jak w ka\u017cd\u0105 niedziel\u0119 \u2013 Ciepiel\u00f3w, a potem, o 20:00, Msza \u015awi\u0119ta w naszym O\u015brodku.<\/span><\/span><\/span><\/p>\n<p align=\"justify\"><span style=\"color: #000000;\"><span style=\"font-family: Book Antiqua, serif;\"><span style=\"font-size: large;\">Dzisiaj, w Diecezji siedleckiej, prze\u017cywamy liturgiczne wspomnienie B\u0142ogos\u0142awionego Wincentego Lewoniuka i dwunastu Towarzyszy, M\u0119czennik\u00f3w \u2013 Unit\u00f3w z Pratulina. Jak wielokrotnie wspomina\u0142em, jestem osobi\u015bcie g\u0142\u0119boko z Nimi zwi\u0105zany \u2013 od czas\u00f3w przygotowania do Beatyfikacji, jak i z czasu samej Beatyfikacji i czasu po niej. Ju\u017c nie b\u0119d\u0119 dzisiaj rozwija\u0142 tego w\u0105tku, pisa\u0142em o tym w poprzednich latach.<\/span><\/span><\/span><\/p>\n<p align=\"justify\"><span style=\"color: #000000;\"><span style=\"font-family: Book Antiqua, serif;\"><span style=\"font-size: large;\">A teraz ju\u017c zapraszam do pochylenia si\u0119 nad Bo\u017cym s\u0142owem dzisiejszej liturgii. Z pomoc\u0105 Ducha \u015awi\u0119tego spr\u00f3bujmy rozpozna\u0107, <b>co Pan tak konkretnie i osobi\u015bcie do ka\u017cdej i ka\u017cdego z nas m\u00f3wi.<\/b><\/span><\/span><\/span><\/p>\n<p align=\"justify\"><span style=\"color: #000000;\"><span style=\"font-family: Book Antiqua, serif;\"><span style=\"font-size: large;\"><b>Niech Was b\u0142ogos\u0142awi B\u00f3g Wszechmog\u0105cy: Ojciec + i Syn, i Duch \u015awi\u0119ty. Amen<\/b><\/span><\/span><\/span><\/p>\n<p align=\"center\"><span style=\"color: #000000;\"><span style=\"font-family: Book Antiqua, serif;\"><span style=\"font-size: large;\">Gaudium et spes! Ks. Jacek<\/span><\/span><\/span><\/p>\n<p align=\"center\">\n<p align=\"center\">\n<p align=\"center\">\n<p align=\"center\">\n<p align=\"center\">\n<p align=\"justify\"><span style=\"color: #000000;\"><span style=\"font-family: Book Antiqua, serif;\"><span style=\"font-size: large;\"><b>Sobota 2 Tygodnia zwyk\u0142ego, rok I,<\/b><\/span><\/span><\/span><\/p>\n<p align=\"justify\"><span style=\"color: #000000;\"><span style=\"font-family: Book Antiqua, serif;\"><span style=\"font-size: large;\"><b>Wspomnienie B\u0142. Wincentego Lewoniuka i Towarzyszy, <\/b><\/span><\/span><\/span><\/p>\n<p align=\"justify\"><span style=\"color: #000000;\"><span style=\"font-family: Book Antiqua, serif;\"><span style=\"font-size: large;\"><b>M\u0119czennik\u00f3w z Pratulina,<\/b><\/span><\/span><\/span><\/p>\n<p align=\"justify\"><span style=\"color: #000000;\"><span style=\"font-family: Book Antiqua, serif;\"><span style=\"font-size: large;\"><b>23 stycznia 2021.,<\/b><\/span><\/span><\/span><\/p>\n<p align=\"justify\"><span style=\"color: #000000;\"><span style=\"font-family: Book Antiqua, serif;\"><span style=\"font-size: large;\"><b>do czyta\u0144: Hbr 9,1\u20133.11\u201314; Mk 3,20\u201321<\/b><\/span><\/span><\/span><\/p>\n<p align=\"justify\">\n<p align=\"justify\">\n<p align=\"justify\">\n<p align=\"justify\">\n<p align=\"justify\">\n<p align=\"justify\"><span style=\"color: #000000;\"><span style=\"font-family: Book Antiqua, serif;\"><span style=\"font-size: large;\"><b>CZYTANIE Z LISTU DO HEBRAJCZYK\u00d3W:<\/b><\/span><\/span><\/span><\/p>\n<p align=\"justify\"><span style=\"color: #000000;\"><span style=\"font-family: Book Antiqua, serif;\"><span style=\"font-size: large;\"><b>Bracia: Pierwsze przymierze mia\u0142o przepisy s\u0142u\u017cby Bo\u017cej oraz ziemski przybytek. By\u0142 to namiot, w kt\u00f3rego pierwszej cz\u0119\u015bci, zwanej Miejscem \u015awi\u0119tym, znajdowa\u0142 si\u0119 \u015bwiecznik, st\u00f3\u0142 i chleby pok\u0142adne. Za drug\u0105 za\u015b zas\u0142on\u0105 by\u0142 przybytek, kt\u00f3ry nosi\u0142 nazw\u0119 \u201e\u015awi\u0119te \u015awi\u0119tych\u201d.<\/b><\/span><\/span><\/span><\/p>\n<p align=\"justify\"><span style=\"color: #000000;\"><span style=\"font-family: Book Antiqua, serif;\"><span style=\"font-size: large;\"><b>Ale Chrystus, zjawiwszy si\u0119 jako arcykap\u0142an d\u00f3br przysz\u0142ych, przez wy\u017cszy i doskonalszy, i nie r\u0119k\u0105, to jest nie na tym \u015bwiecie, uczyniony przybytek, ani przez krew koz\u0142\u00f3w i cielc\u00f3w, lecz przez w\u0142asn\u0105 krew wszed\u0142 raz na zawsze do Miejsca \u015awi\u0119tego, zdobywszy wieczne odkupienie.<\/b><\/span><\/span><\/span><\/p>\n<p align=\"justify\"><span style=\"color: #000000;\"><span style=\"font-family: Book Antiqua, serif;\"><span style=\"font-size: large;\"><b>Je\u015bli bowiem krew koz\u0142\u00f3w i cielc\u00f3w oraz popi\u00f3\u0142 z krowy, kt\u00f3rymi skrapia si\u0119 zanieczyszczonych, sprawiaj\u0105 oczyszczenie cia\u0142a, to o ile bardziej krew Chrystusa, kt\u00f3ry przez Ducha wiecznego z\u0142o\u017cy\u0142 Bogu samego siebie jako nieskalan\u0105 ofiar\u0119, oczy\u015bci wasze sumienia z martwych uczynk\u00f3w, aby\u015bcie s\u0142u\u017cy\u0107 mogli Bogu \u017cywemu.<\/b><\/span><\/span><\/span><\/p>\n<p align=\"justify\">\n<p align=\"justify\">\n<p align=\"justify\">\n<p align=\"justify\">\n<p align=\"justify\">\n<p align=\"justify\"><span style=\"color: #000000;\"><span style=\"font-family: Book Antiqua, serif;\"><span style=\"font-size: large;\"><b>S\u0141OWA EWANGELII WED\u0141UG \u015aWI\u0118TEGO MARKA:<\/b><\/span><\/span><\/span><\/p>\n<p align=\"justify\"><span style=\"color: #000000;\"><span style=\"font-family: Book Antiqua, serif;\"><span style=\"font-size: large;\"><b>Jezus przyszed\u0142 do domu, a t\u0142um zn\u00f3w si\u0119 zbiera\u0142, tak \u017ce nawet posili\u0107 si\u0119 nie mogli. Gdy to pos\u0142yszeli Jego bliscy, wybrali si\u0119, \u017ceby Go powstrzyma\u0107. M\u00f3wiono bowiem: \u201eOdszed\u0142 od zmys\u0142\u00f3w\u201d.<\/b><\/span><\/span><\/span><\/p>\n<p align=\"justify\">\n<p align=\"justify\">\n<p align=\"justify\">\n<p align=\"justify\">\n<p align=\"justify\">\n<p align=\"center\"><span style=\"color: #000000;\"><span style=\"font-family: Book Antiqua, serif;\"><span style=\"font-size: large;\"><b>A OTO S\u0141\u00d3WKO KSI\u0118DZA LESZKA:<\/b><\/span><\/span><\/span><\/p>\n<p align=\"center\">\n<p align=\"center\">\n<p align=\"center\">\n<p align=\"center\">\n<p align=\"center\">\n<p align=\"justify\"><span style=\"color: #000000;\"><span style=\"font-family: Lato, sans-serif;\"><span style=\"font-size: large;\"><span style=\"font-family: Book Antiqua, serif;\">Pierwsze zdanie Ewangelii m\u00f3wi nam, \u017ce Pan Jezus jest w domu. Jezus wr\u00f3ci\u0142 do domu z wyprawy misyjnej. <\/span><\/span><\/span><\/span><\/p>\n<p align=\"justify\"><span style=\"color: #000000;\"><span style=\"font-family: Lato, sans-serif;\"><span style=\"font-size: large;\"><span style=\"font-family: Book Antiqua, serif;\">Co dla nas oznacza by\u0107 w domu? Co symbolizuje \u201edom\u201d?<\/span><\/span><\/span><\/span><\/p>\n<p align=\"justify\"><span style=\"color: #000000;\"><span style=\"font-family: Lato, sans-serif;\"><span style=\"font-size: large;\"><span style=\"font-family: Book Antiqua, serif;\">Dla mnie <\/span><span style=\"font-family: Book Antiqua, serif;\">poj\u0119cie:<\/span><span style=\"font-family: Book Antiqua, serif;\"> \u201eDom rodzinny\u201d symbolizuje ciep\u0142o, wsparcie, schronienie i spok\u00f3j\u2026 A Jezus nie zaznaje spokoju\u2026 Wok\u00f3\u0142 zbieraj\u0105 si\u0119 ludzie, gromadzi si\u0119 wielki t\u0142um\u2026 Przychodz\u0105 osoby potrzebuj\u0105ce wsparcia, rozmowy, pocieszenia czy te\u017c uzdrowienia\u2026 <\/span><\/span><\/span><\/span><\/p>\n<p align=\"justify\"><span style=\"color: #000000;\"><span style=\"font-family: Lato, sans-serif;\"><span style=\"font-size: large;\"><span style=\"font-family: Book Antiqua, serif;\">Jezus wie, \u017ce najg\u0142\u0119bsz\u0105 potrzeb\u0105 cz\u0142owieka jest mi\u0142o\u015b\u0107. On w swojej mi\u0142o\u015bci do ludzi zatapia si\u0119 tak, \u017ce pragnie w tym momencie, tu i teraz, zmienia\u0107 i naprawia\u0107 wszystko, co trudne i skomplikowane. Pomimo zm\u0119czenia, nie odpoczywa, tylko realizuje swoj\u0105 \u201epasj\u0119\u201d. W\u0142a\u015bnie w tej scenie urzeczywistnia si\u0119 proegzystencja Pana Jezusa, czyli to, \u017ce nie \u017cyje dla siebie, ale \u017cyje dla innych. My\u015bl\u0119, <\/span><span style=\"font-family: Book Antiqua, serif;\">\u017c<\/span><span style=\"font-family: Book Antiqua, serif;\">e ka\u017cdy z nas zna to uczucie mi\u0142o\u015bci, w kt\u00f3rym zapomina si\u0119 o g\u0142odzie\u2026 Jezus te\u017c z mi\u0142o\u015bci do ludzi zapomnia\u0142 o g\u0142odzie!<\/span><\/span><\/span><\/span><\/p>\n<p align=\"justify\"><span style=\"color: #000000;\"><span style=\"font-family: Lato, sans-serif;\"><span style=\"font-size: large;\"><span style=\"font-family: Book Antiqua, serif;\">W tym t\u0142umie znajduj\u0105 si\u0119 r\u00f3wnie\u017c bliscy z rodziny i krewni. Oni to zaczynaj\u0105 si\u0119 niepokoi\u0107 o Jezusa, chc\u0105 wywrze\u0107 na Ni<\/span><span style=\"font-family: Book Antiqua, serif;\">ego<\/span><span style=\"font-family: Book Antiqua, serif;\"> nacisk, aby zaprzesta\u0142 dzia\u0142alno\u015bci, chc\u0105 Go powstrzyma\u0107\u2026 Dlaczego chc\u0105 Go powstrzyma\u0107? <\/span><\/span><\/span><\/span><\/p>\n<p align=\"justify\"><span style=\"color: #000000;\"><span style=\"font-family: Lato, sans-serif;\"><span style=\"font-size: large;\"><span style=\"font-family: Book Antiqua, serif;\">A to dlatego, \u017ce ludzie <\/span><span style=\"font-family: Book Antiqua, serif;\">c<\/span><span style=\"font-family: Book Antiqua, serif;\">i, w swoim postrzeganiu Jego zachowa\u0144 i praktyk, czuli si\u0119 nieswojo, po prostu tych zachowa\u0144 si\u0119 wstydzili\u2026 Niekt\u00f3rzy, obserwuj\u0105c takie zachowania, maj\u0105 swoj\u0105 \u201esiatk\u0119 my\u015blow\u0105\u201d i to, co widz\u0105, rozumiej\u0105 po swojemu, wed\u0142ug swojej kategorii my\u015blowej i w taki spos\u00f3b przekazuj\u0105 to dalej\u2026<\/span><\/span><\/span><\/span><\/p>\n<p align=\"justify\"><span style=\"color: #000000;\"><span style=\"font-family: Lato, sans-serif;\"><span style=\"font-size: large;\"><span style=\"font-family: Book Antiqua, serif;\">Zauwa\u017cmy, jak wa\u017cna jest dla nas opinia publiczna. Z tego wzgl\u0119du krewni Jezusa boj\u0105 si\u0119 upokorzenia ca\u0142ej rodziny. Boj\u0105 si\u0119, \u017ce cz\u0142owiekowi, czyni\u0105cemu dobro ponad wszystko, b\u0119d\u0105 towarzyszy\u0107 plotki i obmowy. <\/span><\/span><\/span><\/span><\/p>\n<p align=\"justify\"><span style=\"color: #000000;\"><span style=\"font-family: Lato, sans-serif;\"><span style=\"font-size: large;\"><span style=\"font-family: Book Antiqua, serif;\">Dla tego \u015brodowiska dzia\u0142alno\u015b\u0107 Jezusa by\u0142a <\/span><span style=\"font-family: Book Antiqua, serif;\">tak <\/span><span style=\"font-family: Book Antiqua, serif;\">bardzo niezrozumia\u0142a i nierozs\u0105dna w swoim \u201ewyniszczaniu\u201d si\u0119 dla innych, \u017ce znalaz\u0142a sw\u00f3j komentarz w obra\u017aliwych s\u0142owach: <\/span><span style=\"font-family: Book Antiqua, serif;\"><i><b>Odszed\u0142 od zmys\u0142\u00f3w! <\/b><\/i><\/span><span style=\"font-family: Book Antiqua, serif;\">Oni na dzia\u0142alno\u015b\u0107 Jezus<\/span><span style=\"font-family: Book Antiqua, serif;\">a<\/span><span style=\"font-family: Book Antiqua, serif;\"> patrzyli innymi kategoriami\u2026<\/span><span style=\"font-family: Book Antiqua, serif;\">D<\/span><span style=\"font-family: Book Antiqua, serif;\">ziwili si\u0119 \u017ce, nie dba o siebie, rezygnuje z posi\u0142ku, z wolnego czasu, nie pobiera zap\u0142aty\u2026<\/span><\/span><\/span><\/span><\/p>\n<p align=\"justify\"><span style=\"color: #000000;\"><span style=\"font-family: Lato, sans-serif;\"><span style=\"font-size: large;\"><span style=\"font-family: Book Antiqua, serif;\">Zastan\u00f3wmy si\u0119, jak my patrzymy dzi\u015b na swoich przyjaci\u00f3\u0142 czy innych ludzi, kt\u00f3rzy ci\u0119\u017cko pracuj\u0105, aby zarobi\u0107 tylko na jedzenie, nic poza tym z tego nie maj\u0105c? Z regu\u0142y, taki cz\u0142owiek postrzegany jest jako wariat i frajer. Cz\u0142owiek, kt\u00f3ry pomaga, a nic z tego nie ma, jest traktowany jak g\u0142upek, nierozs\u0105dny, niezaradny\u2026 Ci\u0119\u017cko jest uwierzy\u0107 wsp\u00f3\u0142czesnemu cz\u0142owiekowi, <\/span><span style=\"font-family: Book Antiqua, serif;\">\u017c<\/span><span style=\"font-family: Book Antiqua, serif;\">e mo\u017cna co\u015b zrobi\u0107 drugiemu gratis, za u\u015bmiech, za s\u0142owo wsparcia, za przyja\u017a\u0144, b\u0105d\u017a za pi\u0119kne relacje\u2026<\/span><\/span><\/span><\/span><\/p>\n<p align=\"justify\"><span style=\"color: #000000;\"><span style=\"font-family: Lato, sans-serif;\"><span style=\"font-size: large;\"><span style=\"font-family: Book Antiqua, serif;\">A przecie\u017c cz\u0142owiek potrzebuje cz\u0142owieka, potrzebuje relacji, a ona nie ma ceny, ona jest bezcenn<\/span><span style=\"font-family: Book Antiqua, serif;\">a!<\/span><span style=\"font-family: Book Antiqua, serif;\"> Ludzie oddani drugiemu sercem uwa\u017cani s\u0105 za dziwnych, chorych psychicznie, bo patrzymy na wszystko w kategoriach \u201eceny\u201d. W zwi\u0105zku z tym, doszukujemy si\u0119 drugiego dna \u2013 tylko dlatego, <\/span><span style=\"font-family: Book Antiqua, serif;\">\u017c<\/span><span style=\"font-family: Book Antiqua, serif;\">e <\/span><span style=\"font-family: Book Antiqua, serif;\">c<\/span><span style=\"font-family: Book Antiqua, serif;\">i ludzie s\u0105 inni od wszystkich, a ich zachowanie wydaje si\u0119 nam nierealne.<\/span><\/span><\/span><\/span><\/p>\n<p align=\"justify\"><span style=\"color: #000000;\"><span style=\"font-family: Lato, sans-serif;\"><span style=\"font-size: large;\"><span style=\"font-family: Book Antiqua, serif;\">Drugi aspekt dotyczy wiary. W czasach wsp\u00f3\u0142czesnych wiara jest niemodna, dlatego te\u017c r\u00f3wnie\u017c ludzie, \u017cyj\u0105cy Ewangeli\u0105, musz\u0105 by\u0107 przygotowani na ryzyko pom\u00f3wie\u0144 i niezrozumienia. Jezus nie pod\u0105\u017ca za trendami mody, nie m\u00f3wi do nas tego, co chcieliby\u015bmy us\u0142ysze\u0107, a wr\u0119cz m\u00f3wi s\u0142owa niewygodne, burzy schematy, naciska na wiele \u017cyciowych ran. Przestrzega nas przed zabijaj\u0105c\u0105 rutyn\u0105 i prosi, aby gorliwie trzyma\u0107 si\u0119 S\u0142owa Bo\u017cego, a nie ludzkiej opinii, poniewa\u017c ona jest czym\u015b, co zawodzi. Nawet opinia najbli\u017cszych mo\u017cne by\u0107 destrukcyjna i mo\u017ce nas zwie\u015b\u0107 z drogi powo\u0142ania\u2026<\/span><\/span><\/span><\/span><\/p>\n<p align=\"justify\"><span style=\"color: #000000;\"><span style=\"font-family: Lato, sans-serif;\"><span style=\"font-size: large;\"><span style=\"font-family: Book Antiqua, serif;\">Ludzie niewierz\u0105cy postrzegaj\u0105 cz\u0142owieka wierz\u0105cego, oddanego Bogu i Jego dzie\u0142u, jako kogo\u015b dziwnego, nie pasuj\u0105cego do \u015bwiata. W zwi\u0105zku z tym, na tych, kt\u00f3rzy trwaj\u0105 przy Chrystusie, cz\u0119sto padaj\u0105 wyzwiska: \u201eg\u0142upi\u201d, \u201eoszo\u0142om\u201d, \u201edziwak\u201d\u2026<\/span><\/span><\/span><\/span><\/p>\n<p align=\"justify\"><span style=\"color: #000000;\"><span style=\"font-family: Lato, sans-serif;\"><span style=\"font-size: large;\"><span style=\"font-family: Book Antiqua, serif;\">A jak reaguj\u0105 nasi krewni, czy znajomi, na nasze zaanga\u017cowanie w Ko\u015bciele? Czy nas wspieraj\u0105? Czy raczej m\u00f3wi\u0105 \u201edaj sobie spok\u00f3j\u201d, \u201ejaki\u015b nawiedzony jeste\u015b\u201d. <\/span><\/span><\/span><\/span><\/p>\n<p align=\"justify\"><span style=\"color: #000000;\"><span style=\"font-family: Lato, sans-serif;\"><span style=\"font-size: large;\"><span style=\"font-family: Book Antiqua, serif;\">A mo\u017ce to my jeste\u015bmy tymi, prze\u015bmiewcami, kt\u00f3rzy obmawiaj\u0105 i oceniaj\u0105 kogo\u015b, dla kt\u00f3rego B\u00f3g i wiara jest sensem ca\u0142ego \u017cycia.<\/span><\/span><\/span><\/span><\/p>\n<p align=\"justify\"><span style=\"color: #000000;\"><span style=\"font-family: Lato, sans-serif;\"><span style=\"font-size: large;\"><span style=\"font-family: Book Antiqua, serif;\">W tym kontek\u015bcie my\u015bl\u0119, <\/span><span style=\"font-family: Book Antiqua, serif;\">\u017c<\/span><span style=\"font-family: Book Antiqua, serif;\">e ka\u017cdy z nas powinien odnale\u017a\u0107 siebie w tym t\u0142umie i odpowiedzie\u0107 na kilka pyta\u0144: Dlaczego tam jestem? Czego ja tam szukam? Czy chce do\u015bwiadczy\u0107, czy tylko zobaczy\u0107 Jezusa? Czy poci\u0105ga mnie Jego mi\u0142o\u015b\u0107 i otwarto\u015b\u0107, czy mo\u017ce tylko ch\u0119\u0107 realizacji swoich w\u0142asnych zachcianek?<\/span><\/span><\/span><\/span><\/p>\n<p align=\"justify\"><span style=\"color: #000000;\"><span style=\"font-family: Lato, sans-serif;\"><span style=\"font-size: large;\"><span style=\"font-family: Book Antiqua, serif;\">Zastan\u00f3w si\u0119, czy wszed\u0142e\u015b kiedy\u015b w tak blisk\u0105 relacj\u0119 z Bogiem, <\/span><span style=\"font-family: Book Antiqua, serif;\">\u017c<\/span><span style=\"font-family: Book Antiqua, serif;\">e patrzono na Ciebie, jak na dziwaka? Czy dla spraw Bo\u017cych pos\u0105dzono Ci\u0119 o szale\u0144stwo? Gdzie w tym fragmencie Ewangelii widzisz siebie?<\/span><\/span><\/span><\/span><\/p>\n<p align=\"justify\"><span style=\"color: #000000;\"><span style=\"font-family: Lato, sans-serif;\"><span style=\"font-size: large;\"><span style=\"font-family: Book Antiqua, serif;\">U\u015bwiadom sobie, ze Jezus codziennie do Ciebie przemawia, <\/span><span style=\"font-family: Book Antiqua, serif;\">\u017c<\/span><span style=\"font-family: Book Antiqua, serif;\">e zawsze ma dla Ciebie czas, <\/span><span style=\"font-family: Book Antiqua, serif;\">\u017c<\/span><span style=\"font-family: Book Antiqua, serif;\">e ka\u017cdego dnia mo\u017cesz nasyca\u0107 si\u0119 S\u0142owem Bo\u017cym \u2013 Ewangeli\u0105. On przychodzi do Twojego domu i siada obok Ciebie, pomimo Twojego zm\u0119czenia, pomimo wszystko\u2026<\/span><\/span><\/span><\/span><\/p>\n<p align=\"justify\"><span style=\"color: #000000;\"><span style=\"font-family: Book Antiqua, serif;\"><span style=\"font-size: large;\">W za\u0142\u0105czeniu filmik o wielkiej mi\u0142o\u015bci Boga do cz\u0142owieka.<\/span><\/span><\/span><\/p>\n<p align=\"justify\"><span style=\"font-family: Arial, sans-serif;\"><span style=\"font-size: medium;\"><a href=\"https:\/\/www.youtube.com\/watch?v=kzgwdGACs7g&amp;feature=emb_logo\"><span style=\"color: #000000;\"><span style=\"font-family: Book Antiqua, serif;\"><span style=\"font-size: large;\"><span style=\"color: #292929;\">https:\/\/www.youtube.comwatchv=kzgwdGACs7g&amp;feature=emb_logo<\/span><\/span><\/span><\/span><\/a><\/span><\/span><\/p>\n<p align=\"justify\">\n","protected":false},"excerpt":{"rendered":"<p>Szcz\u0119\u015b\u0107 Bo\u017ce! Moi Drodzy, wymieniaj\u0105c Solenizant\u00f3w we wtorek i \u015brod\u0119, jakim\u015b dziwnym trafem przeoczy\u0142em dwie wa\u017cne Persony. Ot\u00f3\u017c, we wtorek prze\u017cywa\u0142 imieniny Brat Mariusz Wojdowski, Oblat, Szef Jad\u0142odajni \u201eU Oblat\u00f3w\u201d w Kodniu, doskona\u0142y Kucharz, ale przede wszystkim wspania\u0142y Cz\u0142owiek i gorliwy Zakonnik. W \u015brod\u0119 natomiast imieniny prze\u017cywa\u0142 Ksi\u0105dz Sebastian Bisek, m\u00f3j by\u0142y Ucze\u0144, kt\u00f3remu mia\u0142em [&hellip;]<\/p>\n","protected":false},"author":1,"featured_media":0,"comment_status":"open","ping_status":"open","sticky":false,"template":"","format":"standard","meta":{"jetpack_post_was_ever_published":false,"_jetpack_newsletter_access":"","_jetpack_dont_email_post_to_subs":false,"_jetpack_newsletter_tier_id":0,"_jetpack_memberships_contains_paywalled_content":false,"_jetpack_memberships_contains_paid_content":false,"footnotes":""},"categories":[1],"tags":[],"class_list":["post-18461","post","type-post","status-publish","format-standard","hentry","category-bez-kategorii"],"yoast_head":"<!-- This site is optimized with the Yoast SEO plugin v25.1 - https:\/\/yoast.com\/wordpress\/plugins\/seo\/ -->\n<title>Naprawd\u0119 - odszed\u0142 od zmys\u0142\u00f3w?... - Gaudium Et Spes<\/title>\n<meta name=\"robots\" content=\"index, follow, max-snippet:-1, max-image-preview:large, max-video-preview:-1\" \/>\n<link rel=\"canonical\" href=\"https:\/\/gaudiumetspes-blog.pl\/index.php\/2021\/01\/23\/naprawde-odszedl-od-zmyslow\/\" \/>\n<meta property=\"og:locale\" content=\"pl_PL\" \/>\n<meta property=\"og:type\" content=\"article\" \/>\n<meta property=\"og:title\" content=\"Naprawd\u0119 - odszed\u0142 od zmys\u0142\u00f3w?... - Gaudium Et Spes\" \/>\n<meta property=\"og:description\" content=\"Szcz\u0119\u015b\u0107 Bo\u017ce! Moi Drodzy, wymieniaj\u0105c Solenizant\u00f3w we wtorek i \u015brod\u0119, jakim\u015b dziwnym trafem przeoczy\u0142em dwie wa\u017cne Persony. Ot\u00f3\u017c, we wtorek prze\u017cywa\u0142 imieniny Brat Mariusz Wojdowski, Oblat, Szef Jad\u0142odajni \u201eU Oblat\u00f3w\u201d w Kodniu, doskona\u0142y Kucharz, ale przede wszystkim wspania\u0142y Cz\u0142owiek i gorliwy Zakonnik. W \u015brod\u0119 natomiast imieniny prze\u017cywa\u0142 Ksi\u0105dz Sebastian Bisek, m\u00f3j by\u0142y Ucze\u0144, kt\u00f3remu mia\u0142em [&hellip;]\" \/>\n<meta property=\"og:url\" content=\"https:\/\/gaudiumetspes-blog.pl\/index.php\/2021\/01\/23\/naprawde-odszedl-od-zmyslow\/\" \/>\n<meta property=\"og:site_name\" content=\"Gaudium Et Spes\" \/>\n<meta property=\"article:published_time\" content=\"2021-01-23T07:42:14+00:00\" \/>\n<meta name=\"author\" content=\"Ks. Jacek\" \/>\n<meta name=\"twitter:card\" content=\"summary_large_image\" \/>\n<meta name=\"twitter:label1\" content=\"Napisane przez\" \/>\n\t<meta name=\"twitter:data1\" content=\"Ks. Jacek\" \/>\n\t<meta name=\"twitter:label2\" content=\"Szacowany czas czytania\" \/>\n\t<meta name=\"twitter:data2\" content=\"9 minut\" \/>\n<script type=\"application\/ld+json\" class=\"yoast-schema-graph\">{\"@context\":\"https:\/\/schema.org\",\"@graph\":[{\"@type\":\"WebPage\",\"@id\":\"https:\/\/gaudiumetspes-blog.pl\/index.php\/2021\/01\/23\/naprawde-odszedl-od-zmyslow\/\",\"url\":\"https:\/\/gaudiumetspes-blog.pl\/index.php\/2021\/01\/23\/naprawde-odszedl-od-zmyslow\/\",\"name\":\"Naprawd\u0119 - odszed\u0142 od zmys\u0142\u00f3w?... - Gaudium Et Spes\",\"isPartOf\":{\"@id\":\"https:\/\/gaudiumetspes-blog.pl\/#website\"},\"datePublished\":\"2021-01-23T07:42:14+00:00\",\"author\":{\"@id\":\"https:\/\/gaudiumetspes-blog.pl\/#\/schema\/person\/1661982992b752dea8dff0d4ed845a65\"},\"breadcrumb\":{\"@id\":\"https:\/\/gaudiumetspes-blog.pl\/index.php\/2021\/01\/23\/naprawde-odszedl-od-zmyslow\/#breadcrumb\"},\"inLanguage\":\"pl-PL\",\"potentialAction\":[{\"@type\":\"ReadAction\",\"target\":[\"https:\/\/gaudiumetspes-blog.pl\/index.php\/2021\/01\/23\/naprawde-odszedl-od-zmyslow\/\"]}]},{\"@type\":\"BreadcrumbList\",\"@id\":\"https:\/\/gaudiumetspes-blog.pl\/index.php\/2021\/01\/23\/naprawde-odszedl-od-zmyslow\/#breadcrumb\",\"itemListElement\":[{\"@type\":\"ListItem\",\"position\":1,\"name\":\"Strona g\u0142\u00f3wna\",\"item\":\"https:\/\/gaudiumetspes-blog.pl\/\"},{\"@type\":\"ListItem\",\"position\":2,\"name\":\"Naprawd\u0119 &#8211; odszed\u0142 od&nbsp;zmys\u0142\u00f3w?&#8230;\"}]},{\"@type\":\"WebSite\",\"@id\":\"https:\/\/gaudiumetspes-blog.pl\/#website\",\"url\":\"https:\/\/gaudiumetspes-blog.pl\/\",\"name\":\"Gaudium Et Spes\",\"description\":\"Blog Ks. Jacka Ja\u015bkowskiego\",\"potentialAction\":[{\"@type\":\"SearchAction\",\"target\":{\"@type\":\"EntryPoint\",\"urlTemplate\":\"https:\/\/gaudiumetspes-blog.pl\/?s={search_term_string}\"},\"query-input\":{\"@type\":\"PropertyValueSpecification\",\"valueRequired\":true,\"valueName\":\"search_term_string\"}}],\"inLanguage\":\"pl-PL\"},{\"@type\":\"Person\",\"@id\":\"https:\/\/gaudiumetspes-blog.pl\/#\/schema\/person\/1661982992b752dea8dff0d4ed845a65\",\"name\":\"Ks. Jacek\",\"image\":{\"@type\":\"ImageObject\",\"inLanguage\":\"pl-PL\",\"@id\":\"https:\/\/gaudiumetspes-blog.pl\/#\/schema\/person\/image\/\",\"url\":\"https:\/\/gaudiumetspes-blog.pl\/wp-content\/uploads\/2019\/07\/avatar-JJ-150x150.jpg\",\"contentUrl\":\"https:\/\/gaudiumetspes-blog.pl\/wp-content\/uploads\/2019\/07\/avatar-JJ-150x150.jpg\",\"caption\":\"Ks. Jacek\"},\"description\":\"Witam serdecznie! K\u0142ania si\u0119 Ks. Jacek Ja\u015bkowski. Nie jestem ani kim\u015b wa\u017cnym, ani kim\u015b znanym. Jestem ksi\u0119dzem, kt\u00f3ry po prostu chce rozmawia\u0107. Codzienna kap\u0142a\u0144ska pos\u0142uga pokazuje mi, \u017ce temat\u00f3w do rozm\u00f3w z ksi\u0119dzem jest coraz wi\u0119cej i dzisiaj \u017caden ksi\u0105dz nie mo\u017ce od nich ucieka\u0107, ale - wprost przeciwnie - podejmowa\u0107 nowe wyzwania. To przekonanie sk\u0142oni\u0142o mnie do pr\u00f3by otwarcia tego\u017c bloga, chocia\u017c okazji do rozm\u00f3w na co dzie\u0144 - w konfesjonale i poza nim - na szcz\u0119\u015bcie nie brakuje. My\u015bl\u0119 jednak, \u017ce ten blog b\u0119dzie jeszcze jednym sposobem i przestrzeni\u0105 nawi\u0105zania kontaktu z lud\u017ami dobrej woli, otwartymi na dialog.\",\"url\":\"https:\/\/gaudiumetspes-blog.pl\/index.php\/author\/ks-jacek\/\"}]}<\/script>\n<!-- \/ Yoast SEO plugin. -->","yoast_head_json":{"title":"Naprawd\u0119 - odszed\u0142 od zmys\u0142\u00f3w?... - Gaudium Et Spes","robots":{"index":"index","follow":"follow","max-snippet":"max-snippet:-1","max-image-preview":"max-image-preview:large","max-video-preview":"max-video-preview:-1"},"canonical":"https:\/\/gaudiumetspes-blog.pl\/index.php\/2021\/01\/23\/naprawde-odszedl-od-zmyslow\/","og_locale":"pl_PL","og_type":"article","og_title":"Naprawd\u0119 - odszed\u0142 od zmys\u0142\u00f3w?... - Gaudium Et Spes","og_description":"Szcz\u0119\u015b\u0107 Bo\u017ce! Moi Drodzy, wymieniaj\u0105c Solenizant\u00f3w we wtorek i \u015brod\u0119, jakim\u015b dziwnym trafem przeoczy\u0142em dwie wa\u017cne Persony. Ot\u00f3\u017c, we wtorek prze\u017cywa\u0142 imieniny Brat Mariusz Wojdowski, Oblat, Szef Jad\u0142odajni \u201eU Oblat\u00f3w\u201d w Kodniu, doskona\u0142y Kucharz, ale przede wszystkim wspania\u0142y Cz\u0142owiek i gorliwy Zakonnik. W \u015brod\u0119 natomiast imieniny prze\u017cywa\u0142 Ksi\u0105dz Sebastian Bisek, m\u00f3j by\u0142y Ucze\u0144, kt\u00f3remu mia\u0142em [&hellip;]","og_url":"https:\/\/gaudiumetspes-blog.pl\/index.php\/2021\/01\/23\/naprawde-odszedl-od-zmyslow\/","og_site_name":"Gaudium Et Spes","article_published_time":"2021-01-23T07:42:14+00:00","author":"Ks. Jacek","twitter_card":"summary_large_image","twitter_misc":{"Napisane przez":"Ks. Jacek","Szacowany czas czytania":"9 minut"},"schema":{"@context":"https:\/\/schema.org","@graph":[{"@type":"WebPage","@id":"https:\/\/gaudiumetspes-blog.pl\/index.php\/2021\/01\/23\/naprawde-odszedl-od-zmyslow\/","url":"https:\/\/gaudiumetspes-blog.pl\/index.php\/2021\/01\/23\/naprawde-odszedl-od-zmyslow\/","name":"Naprawd\u0119 - odszed\u0142 od zmys\u0142\u00f3w?... - Gaudium Et Spes","isPartOf":{"@id":"https:\/\/gaudiumetspes-blog.pl\/#website"},"datePublished":"2021-01-23T07:42:14+00:00","author":{"@id":"https:\/\/gaudiumetspes-blog.pl\/#\/schema\/person\/1661982992b752dea8dff0d4ed845a65"},"breadcrumb":{"@id":"https:\/\/gaudiumetspes-blog.pl\/index.php\/2021\/01\/23\/naprawde-odszedl-od-zmyslow\/#breadcrumb"},"inLanguage":"pl-PL","potentialAction":[{"@type":"ReadAction","target":["https:\/\/gaudiumetspes-blog.pl\/index.php\/2021\/01\/23\/naprawde-odszedl-od-zmyslow\/"]}]},{"@type":"BreadcrumbList","@id":"https:\/\/gaudiumetspes-blog.pl\/index.php\/2021\/01\/23\/naprawde-odszedl-od-zmyslow\/#breadcrumb","itemListElement":[{"@type":"ListItem","position":1,"name":"Strona g\u0142\u00f3wna","item":"https:\/\/gaudiumetspes-blog.pl\/"},{"@type":"ListItem","position":2,"name":"Naprawd\u0119 &#8211; odszed\u0142 od&nbsp;zmys\u0142\u00f3w?&#8230;"}]},{"@type":"WebSite","@id":"https:\/\/gaudiumetspes-blog.pl\/#website","url":"https:\/\/gaudiumetspes-blog.pl\/","name":"Gaudium Et Spes","description":"Blog Ks. Jacka Ja\u015bkowskiego","potentialAction":[{"@type":"SearchAction","target":{"@type":"EntryPoint","urlTemplate":"https:\/\/gaudiumetspes-blog.pl\/?s={search_term_string}"},"query-input":{"@type":"PropertyValueSpecification","valueRequired":true,"valueName":"search_term_string"}}],"inLanguage":"pl-PL"},{"@type":"Person","@id":"https:\/\/gaudiumetspes-blog.pl\/#\/schema\/person\/1661982992b752dea8dff0d4ed845a65","name":"Ks. Jacek","image":{"@type":"ImageObject","inLanguage":"pl-PL","@id":"https:\/\/gaudiumetspes-blog.pl\/#\/schema\/person\/image\/","url":"https:\/\/gaudiumetspes-blog.pl\/wp-content\/uploads\/2019\/07\/avatar-JJ-150x150.jpg","contentUrl":"https:\/\/gaudiumetspes-blog.pl\/wp-content\/uploads\/2019\/07\/avatar-JJ-150x150.jpg","caption":"Ks. Jacek"},"description":"Witam serdecznie! K\u0142ania si\u0119 Ks. Jacek Ja\u015bkowski. Nie jestem ani kim\u015b wa\u017cnym, ani kim\u015b znanym. Jestem ksi\u0119dzem, kt\u00f3ry po prostu chce rozmawia\u0107. Codzienna kap\u0142a\u0144ska pos\u0142uga pokazuje mi, \u017ce temat\u00f3w do rozm\u00f3w z ksi\u0119dzem jest coraz wi\u0119cej i dzisiaj \u017caden ksi\u0105dz nie mo\u017ce od nich ucieka\u0107, ale - wprost przeciwnie - podejmowa\u0107 nowe wyzwania. To przekonanie sk\u0142oni\u0142o mnie do pr\u00f3by otwarcia tego\u017c bloga, chocia\u017c okazji do rozm\u00f3w na co dzie\u0144 - w konfesjonale i poza nim - na szcz\u0119\u015bcie nie brakuje. My\u015bl\u0119 jednak, \u017ce ten blog b\u0119dzie jeszcze jednym sposobem i przestrzeni\u0105 nawi\u0105zania kontaktu z lud\u017ami dobrej woli, otwartymi na dialog.","url":"https:\/\/gaudiumetspes-blog.pl\/index.php\/author\/ks-jacek\/"}]}},"jetpack_featured_media_url":"","jetpack_sharing_enabled":true,"_links":{"self":[{"href":"https:\/\/gaudiumetspes-blog.pl\/index.php\/wp-json\/wp\/v2\/posts\/18461","targetHints":{"allow":["GET"]}}],"collection":[{"href":"https:\/\/gaudiumetspes-blog.pl\/index.php\/wp-json\/wp\/v2\/posts"}],"about":[{"href":"https:\/\/gaudiumetspes-blog.pl\/index.php\/wp-json\/wp\/v2\/types\/post"}],"author":[{"embeddable":true,"href":"https:\/\/gaudiumetspes-blog.pl\/index.php\/wp-json\/wp\/v2\/users\/1"}],"replies":[{"embeddable":true,"href":"https:\/\/gaudiumetspes-blog.pl\/index.php\/wp-json\/wp\/v2\/comments?post=18461"}],"version-history":[{"count":1,"href":"https:\/\/gaudiumetspes-blog.pl\/index.php\/wp-json\/wp\/v2\/posts\/18461\/revisions"}],"predecessor-version":[{"id":18462,"href":"https:\/\/gaudiumetspes-blog.pl\/index.php\/wp-json\/wp\/v2\/posts\/18461\/revisions\/18462"}],"wp:attachment":[{"href":"https:\/\/gaudiumetspes-blog.pl\/index.php\/wp-json\/wp\/v2\/media?parent=18461"}],"wp:term":[{"taxonomy":"category","embeddable":true,"href":"https:\/\/gaudiumetspes-blog.pl\/index.php\/wp-json\/wp\/v2\/categories?post=18461"},{"taxonomy":"post_tag","embeddable":true,"href":"https:\/\/gaudiumetspes-blog.pl\/index.php\/wp-json\/wp\/v2\/tags?post=18461"}],"curies":[{"name":"wp","href":"https:\/\/api.w.org\/{rel}","templated":true}]}}