{"id":18463,"date":"2021-01-24T05:37:24","date_gmt":"2021-01-24T04:37:24","guid":{"rendered":"https:\/\/gaudiumetspes-blog.pl\/?p=18463"},"modified":"2021-01-23T21:12:00","modified_gmt":"2021-01-23T20:12:00","slug":"czas-jest-krotki-2","status":"publish","type":"post","link":"https:\/\/gaudiumetspes-blog.pl\/index.php\/2021\/01\/24\/czas-jest-krotki-2\/","title":{"rendered":"Czas jest kr\u00f3tki?&#8230;"},"content":{"rendered":"<p align=\"justify\"><span style=\"color: #000000;\"><span style=\"font-family: Book Antiqua, serif;\"><span style=\"font-size: large;\">Niech b\u0119dzie pochwalony Jezus Chrystus! Moi Drodzy, chc\u0119 poinformowa\u0107 kr\u00f3tko, \u017ce remont naszej Kaplicy w O\u015brodku Duszpasterstwa Akademickiego przebiega sprawnie i wida\u0107 ju\u017c efekty. Oczywi\u015bcie, na ostateczny efekt trzeba poczeka\u0107 do zako\u0144czenia prac, co prawdopodobnie nast\u0105pi w tym tygodniu. Chocia\u017c \u2013 ju\u017c w trakcie remontu \u2013 zwi\u0119kszyli\u015bmy zakres zaplanowanych dzia\u0142a\u0144 o wymian\u0119 okien, bo te stare nie zabezpiecza\u0142y przed wiatrem i mrozem, pomimo innych dzia\u0142a\u0144 \u201euszczelniaj\u0105cych\u201d w Kaplicy. Dlatego podj\u0105\u0142em decyzj\u0119 jeszcze o tej pracy. <\/span><\/span><\/span><\/p>\n<p align=\"justify\"><span style=\"color: #000000;\"><span style=\"font-family: Book Antiqua, serif;\"><span style=\"font-size: large;\">Ale jest nadzieja, \u017ce w tym tygodniu sko\u0144czymy i w nast\u0119pnym zostan\u0105 odnowione inne pomieszczenia w O\u015brodku. W zwi\u0105zku z remontem, tymczasow\u0105 Kaplic\u0119 urz\u0105dzili\u015bmy w salce i tam si\u0119 obecnie modlimy. Tak\u017ce dzisiaj, na Mszy \u015awi\u0119tej, o godzinie 20:00.<\/span><\/span><\/span><\/p>\n<p align=\"justify\"><span style=\"color: #000000;\"><span style=\"font-family: Book Antiqua, serif;\"><span style=\"font-size: large;\">Zapraszam tymczasem do pochylenia si\u0119 nad Bo\u017cym s\u0142owem dzisiejszej liturgii, aby pod natchnieniem Ducha \u015awi\u0119tego i z Jego pomoc\u0105, odnale\u017a\u0107 to <b>jedno, wyra\u017ane wskazanie, z jakim Pan dzisiaj do ka\u017cdej i ka\u017cdego z nas si\u0119 zwraca!<\/b><\/span><\/span><\/span><\/p>\n<p align=\"justify\"><span style=\"color: #000000;\"><span style=\"font-family: Book Antiqua, serif;\"><span style=\"font-size: large;\"><b>Niech Was b\u0142ogos\u0142awi B\u00f3g Wszechmog\u0105cy: Ojciec + i Syn, i Duch \u015awi\u0119ty. Amen<\/b><\/span><\/span><\/span><\/p>\n<p align=\"center\"><span style=\"color: #000000;\"><span style=\"font-family: Book Antiqua, serif;\"><span style=\"font-size: large;\">Gaudium et spes! Ks. Jacek<\/span><\/span><\/span><\/p>\n<p align=\"center\">\n<p align=\"center\">\n<p align=\"center\">\n<p align=\"center\">\n<p align=\"center\">\n<p align=\"justify\"><span style=\"color: #000000;\"><span style=\"font-family: Book Antiqua, serif;\"><span style=\"font-size: large;\"><b>3 Niedziela zwyk\u0142a, B,<\/b><\/span><\/span><\/span><\/p>\n<p align=\"justify\"><span style=\"color: #000000;\"><span style=\"font-family: Book Antiqua, serif;\"><span style=\"font-size: large;\"><b>24 stycznia 2021.,<\/b><\/span><\/span><\/span><\/p>\n<p align=\"justify\"><span style=\"color: #000000;\"><span style=\"font-family: Book Antiqua, serif;\"><span style=\"font-size: large;\"><b>do czyta\u0144: Jon 3,1\u20135.10; 1 Kor 7,29\u201331; Mk 1,14\u201320<\/b><\/span><\/span><\/span><\/p>\n<p align=\"justify\">\n<p align=\"justify\">\n<p align=\"justify\">\n<p align=\"justify\">\n<p align=\"justify\">\n<p align=\"justify\"><span style=\"color: #000000;\"><span style=\"font-family: Book Antiqua, serif;\"><span style=\"font-size: large;\"><b>CZYTANIE Z KSI\u0118GI PROROKA JONASZA:<\/b><\/span><\/span><\/span><\/p>\n<p align=\"justify\"><span style=\"color: #000000;\"><span style=\"font-family: Book Antiqua, serif;\"><span style=\"font-size: large;\"><b>Pan przem\u00f3wi\u0142 do Jonasza po raz drugi tymi s\u0142owami: \u201eWsta\u0144, id\u017a do Niniwy, wielkiego miasta, i g\u0142o\u015b jej upomnienie, kt\u00f3re Ja ci zlecam\u201d. Jonasz wsta\u0142 i poszed\u0142 do Niniwy, jak Pan powiedzia\u0142. <\/b><\/span><\/span><\/span><\/p>\n<p align=\"justify\"><span style=\"color: #000000;\"><span style=\"font-family: Book Antiqua, serif;\"><span style=\"font-size: large;\"><b>Niniwa by\u0142a miastem bardzo rozleg\u0142ym \u2013 na trzy dni drogi. Pocz\u0105\u0142 wi\u0119c Jonasz i\u015b\u0107 przez miasto jeden dzie\u0144 drogi i wo\u0142a\u0142, i g\u0142osi\u0142: \u201eJeszcze czterdzie\u015bci dni, a Niniwa zostanie zburzona\u201d. <\/b><\/span><\/span><\/span><\/p>\n<p align=\"justify\"><span style=\"color: #000000;\"><span style=\"font-family: Book Antiqua, serif;\"><span style=\"font-size: large;\"><b>I uwierzyli mieszka\u0144cy Niniwy Bogu, og\u0142osili post i oblekli si\u0119 w wory od najwi\u0119kszego do najmniejszego. <\/b><\/span><\/span><\/span><\/p>\n<p align=\"justify\"><span style=\"color: #000000;\"><span style=\"font-family: Book Antiqua, serif;\"><span style=\"font-size: large;\"><b>Zobaczy\u0142 B\u00f3g czyny ich, \u017ce odwr\u00f3cili si\u0119 od swojego z\u0142ego post\u0119powania. I ulitowa\u0142 si\u0119 B\u00f3g nad niedol\u0105, kt\u00f3r\u0105 postanowi\u0142 na nich sprowadzi\u0107, i nie zes\u0142a\u0142 jej.<\/b><\/span><\/span><\/span><\/p>\n<p align=\"justify\">\n<p align=\"justify\">\n<p align=\"justify\">\n<p align=\"justify\">\n<p align=\"justify\">\n<p align=\"justify\"><span style=\"color: #000000;\"><span style=\"font-family: Book Antiqua, serif;\"><span style=\"font-size: large;\"><b>CZYTANIE Z PIERWSZEGO LISTU \u015aWI\u0118TEGO PAW\u0141A APOSTO\u0141A DO KORYNTIAN:<\/b><\/span><\/span><\/span><\/p>\n<p align=\"justify\"><span style=\"color: #000000;\"><span style=\"font-family: Book Antiqua, serif;\"><span style=\"font-size: large;\"><b>M\u00f3wi\u0119 wam, bracia, czas jest kr\u00f3tki. <\/b><\/span><\/span><\/span><\/p>\n<p align=\"justify\"><span style=\"color: #000000;\"><span style=\"font-family: Book Antiqua, serif;\"><span style=\"font-size: large;\"><b>Trzeba wi\u0119c, aby ci, co maj\u0105 \u017cony, tak \u017cyli, jakby byli nie\u017conaci, a ci, co p\u0142acz\u0105, tak jakby nie p\u0142akali, ci za\u015b, co si\u0119 raduj\u0105, tak jakby si\u0119 nie radowali; ci, co nabywaj\u0105, jak gdyby nie posiadali; ci, co u\u017cywaj\u0105 tego \u015bwiata, tak jakby z niego nie korzystali. <\/b><\/span><\/span><\/span><\/p>\n<p align=\"justify\"><span style=\"color: #000000;\"><span style=\"font-family: Book Antiqua, serif;\"><span style=\"font-size: large;\"><b>Przemija bowiem posta\u0107 tego \u015bwiata.<\/b><\/span><\/span><\/span><\/p>\n<p align=\"justify\">\n<p align=\"justify\">\n<p align=\"justify\">\n<p align=\"justify\">\n<p align=\"justify\">\n<p align=\"justify\"><span style=\"color: #000000;\"><span style=\"font-family: Book Antiqua, serif;\"><span style=\"font-size: large;\"><b>S\u0141OWA EWANGELII WED\u0141UG \u015aWI\u0118TEGO MARKA:<\/b><\/span><\/span><\/span><\/p>\n<p align=\"justify\"><span style=\"color: #000000;\"><span style=\"font-family: Book Antiqua, serif;\"><span style=\"font-size: large;\"><b>Gdy Jan zosta\u0142 uwi\u0119ziony, przyszed\u0142 Jezus do Galilei i g\u0142osi\u0142 Ewangeli\u0119 Bo\u017c\u0105. M\u00f3wi\u0142: \u201eCzas si\u0119 wype\u0142ni\u0142 i bliskie jest kr\u00f3lestwo Bo\u017ce. Nawracajcie si\u0119 i wierzcie w Ewangeli\u0119\u201d.<\/b><\/span><\/span><\/span><\/p>\n<p align=\"justify\"><span style=\"color: #000000;\"><span style=\"font-family: Book Antiqua, serif;\"><span style=\"font-size: large;\"><b>Przechodz\u0105c obok Jeziora Galilejskiego, ujrza\u0142 Szymona i brata Szymonowego, Andrzeja, jak zarzucali sie\u0107 w jezioro; byli bowiem rybakami. Jezus rzek\u0142 do nich: \u201eP\u00f3jd\u017acie za Mn\u0105, a sprawi\u0119, \u017ce si\u0119 staniecie rybakami ludzi\u201d. I natychmiast zostawili sieci i poszli za Nim.<\/b><\/span><\/span><\/span><\/p>\n<p align=\"justify\"><span style=\"color: #000000;\"><span style=\"font-family: Book Antiqua, serif;\"><span style=\"font-size: large;\"><b>Id\u0105c nieco dalej, ujrza\u0142 Jakuba, syna Zebedeusza, i brata jego, Jana, kt\u00f3rzy te\u017c byli w \u0142odzi i naprawiali sieci. Zaraz ich powo\u0142a\u0142, a oni zostawili ojca swego, Zebedeusza, razem z najemnikami w \u0142odzi i poszli za Nim.<\/b><\/span><\/span><\/span><\/p>\n<p align=\"justify\">\n<p align=\"justify\">\n<p align=\"justify\">\n<p align=\"justify\">\n<p align=\"justify\">\n<p align=\"justify\"><span style=\"color: #000000;\"><span style=\"font-family: Book Antiqua, serif;\"><span style=\"font-size: large;\">Motywem, kt\u00f3ry \u0142\u0105czy dzisiejsze teksty biblijne, jakich przed chwil\u0105 wys\u0142uchali\u015bmy, jest \u2013 by tak to okre\u015bli\u0107 \u2013 wezwanie <b>do natychmiastowego dzia\u0142ania. <\/b>W pewnym sensie \u2013 <b>nawet <\/b><b>d<\/b><b>o po\u015bpiechu,<\/b> chocia\u017c nie chodzi o dzia\u0142anie pobie\u017cne, chaotyczne, \u201epo \u0142ebkach\u201d, ale jednak dzia\u0142anie <b>dynamiczne i zdecydowane.<\/b> <\/span><\/span><\/span><\/p>\n<p align=\"justify\"><span style=\"color: #000000;\"><span style=\"font-family: Book Antiqua, serif;\"><span style=\"font-size: large;\">W pierwszym czytaniu, czas do podj\u0119cia dzia\u0142ania zosta\u0142 wyra\u017anie okre\u015blony: <i><b>Jeszcze czterdzie\u015bci dni, a Niniwa zostanie zburzona.<\/b><\/i><b> <\/b>Tak\u0105 zapowied\u017a wyg\u0142osi\u0142 Jonasz, na polecenie Boga i \u2013 jak s\u0142yszymy \u2013 spotka\u0142o si\u0119 to ze zrozumieniem. Jak bowiem dalej informuje nas Autor natchniony, <i><b>uwierzyli mieszka\u0144cy Niniwy Bogu, og\u0142osili post i oblekli si\u0119 w wory od najwi\u0119kszego do najmniejszego.<\/b><\/i><b> <\/b>I to ich uratowa\u0142o, gdy\u017c <i><b>z<\/b><\/i><i><b>obaczy\u0142 B\u00f3g czyny ich, \u017ce odwr\u00f3cili si\u0119 od swojego z\u0142ego post\u0119powania. I ulitowa\u0142 si\u0119 B\u00f3g nad niedol\u0105, kt\u00f3r\u0105 postanowi\u0142 na nich sprowadzi\u0107, i nie zes\u0142a\u0142 jej.<\/b><\/i><b> <\/b><\/span><\/span><\/span><\/p>\n<p align=\"justify\"><span style=\"color: #000000;\"><span style=\"font-family: Book Antiqua, serif;\"><span style=\"font-size: large;\">Zatem, te czterdzie\u015bci dni okaza\u0142y si\u0119 dobrym czasem do podj\u0119cia nawr\u00f3cenia, do ca\u0142kowitej przemiany post\u0119powania. <\/span><\/span><\/span><\/p>\n<p align=\"justify\"><span style=\"color: #000000;\"><span style=\"font-family: Book Antiqua, serif;\"><span style=\"font-size: large;\">W drugim czytaniu s\u0142yszymy: <i><b>M\u00f3wi\u0119 wam, bracia, czas jest kr\u00f3tki. <\/b><\/i>Tutaj akurat nie wiemy, co w praktyce oznacza stwierdzenie: <i><b>czas jest kr\u00f3tki. <\/b><\/i>I nie wyja\u015bnia nam tego dalszy ci\u0105g czytania, w kt\u00f3rym \u015awi\u0119ty Pawe\u0142 wzywa: <i><b>Trzeba wi\u0119c, aby ci, co maj\u0105 \u017cony, tak \u017cyli, jakby byli nie\u017conaci, a ci, co p\u0142acz\u0105, tak jakby nie p\u0142akali, ci za\u015b, co si\u0119 raduj\u0105, tak jakby si\u0119 nie radowali; ci, co nabywaj\u0105, jak gdyby nie posiadali; ci, co u\u017cywaj\u0105 tego \u015bwiata, tak jakby z niego nie korzystali.<\/b><\/i><b> <\/b>Tak\u017ce ostatnie zdanie, w kt\u00f3rym Pawe\u0142 niejako dopowiada: <i><b>Przemija bowiem posta\u0107 tego \u015bwiata,<\/b><\/i><b> <\/b>nie wskazuje na \u017cadne konkretne dni ani daty.<\/span><\/span><\/span><\/p>\n<p align=\"justify\"><span style=\"color: #000000;\"><span style=\"font-family: Book Antiqua, serif;\"><span style=\"font-size: large;\">Podobnie zreszt\u0105, jak s\u0142owa Jezusa z dzisiejszej Ewangelii: <i><b>Czas si\u0119 wype\u0142ni\u0142 i bliskie jest kr\u00f3lestwo Bo\u017ce. Nawracajcie si\u0119 i wierzcie w Ewangeli\u0119.<\/b><\/i><b> <\/b>Z lektury dalszej tre\u015bci dowiadujemy si\u0119, \u017ce s\u0142owa te Jezus wypowiedzia\u0142 <b>na pocz\u0105tku publicznej dzia\u0142alno\u015bci,<\/b> kiedy powo\u0142ywa\u0142 pierwszych czterech Aposto\u0142\u00f3w. Potem by\u0142a Jego trzyletnia dzia\u0142alno\u015b\u0107, a potem <b>dwa tysi\u0105ce lat<\/b> istnienia Ko\u015bcio\u0142a \u2013 i to wszystko zosta\u0142o obj\u0119te Jezusowym stwierdzeniem: <i><b>Czas si\u0119 wype\u0142ni\u0142 i bliskie<\/b><\/i><b> <\/b><i><b>jest kr\u00f3lestwo Bo\u017ce, <\/b><\/i>oraz Paw\u0142owym: <i><b>M\u00f3wi\u0119 wam, bracia, czas jest kr\u00f3tki.<\/b><\/i><b> <\/b><\/span><\/span><\/span><\/p>\n<p align=\"justify\"><span style=\"color: #000000;\"><span style=\"font-family: Book Antiqua, serif;\"><span style=\"font-size: large;\">My dzisiaj wiemy, \u017ce kiedy Jezus m\u00f3wi\u0142 <b>o swoim bliskim ponownym przyj\u015bciu<\/b> na \u015bwiat, to nie nale\u017ca\u0142o tego rozumie\u0107 w taki spos\u00f3b, w jaki pocz\u0105tkowo rozumieli Aposto\u0142owie i inni chrze\u015bcijanie, i\u017c dokona si\u0119 to wr\u0119cz \u201ena dniach\u201d. Nawet w momencie Wniebowst\u0105pienia Jezusa, wys\u0142annik z Nieba <b>musia\u0142 ich wybudzi\u0107 z<\/b><b>e swoistego<\/b><b> letargu<\/b> i pos\u0142a\u0107 do codziennej pracy, bo inaczej staliby, jak skamieniali, i wpatrywali si\u0119 w Niebo, oczekuj\u0105c <b>natychmiastowego powrotu<\/b> swego Pana. No, mo\u017ce ewentualnie za dwa, albo trzy dni\u2026 <\/span><\/span><\/span><\/p>\n<p align=\"justify\"><span style=\"color: #000000;\"><span style=\"font-family: Book Antiqua, serif;\"><span style=\"font-size: large;\">Tymczasem, to nie tak. Wszelkie bowiem okre\u015blenia czasowe, postrzegane wed\u0142ug naszego sposobu rozumienia, nijak maj\u0105 si\u0119 do rozumienia Jezusa, <b>do rozumienia ewangelicznego.<\/b> O ile jeszcze w pierwszym czytaniu, czas wyznaczony przez Boga zosta\u0142 przez Niego dok\u0142adnie okre\u015blony \u2013 co do dnia \u2013 o tyle ju\u017c w Nowym Testamencie takie okre\u015blenia, jak: <b>\u00ab<\/b><b>czas si\u0119 wype\u0142ni\u0142<\/b><b>\u00bb<\/b><b>,<\/b> \u00abczas jest bliski\u00bb, \u00abczas kr\u00f3tki\u00bb, \u00abpe\u0142nia czasu\u00bb, \u00abczas ostateczny\u00bb \u2013 <b>zyskuj\u0105 zupe\u0142nie nowe znaczenie.<\/b> <\/span><\/span><\/span><\/p>\n<p align=\"justify\"><span style=\"color: #000000;\"><span style=\"font-family: Book Antiqua, serif;\"><span style=\"font-size: large;\">Oto bowiem, wraz z przyj\u015bciem Jezusa,<b> czas rzeczywi\u015bcie si\u0119 wype\u0142ni\u0142.<\/b> Dope\u0142ni\u0142y si\u0119 obietnice, sk\u0142adane przez Prorok\u00f3w w Starym Testamencie, a zapowiadaj\u0105ce przyj\u015bcie Mesjasza, kt\u00f3ry <b>dokona zbawienia rodzaju ludzkiego.<\/b> Te obietnice si\u0119 wype\u0142ni\u0142y, spe\u0142ni\u0142y si\u0119 nadzieje i oczekiwania, pragnienia ludzi. W tym sensie, mo\u017cemy m\u00f3wi\u0107 o wype\u0142nieniu si\u0119 czasu. <\/span><\/span><\/span><\/p>\n<p align=\"justify\"><span style=\"color: #000000;\"><span style=\"font-family: Book Antiqua, serif;\"><span style=\"font-size: large;\">Nie oznacza\u0142o to jednak \u2013 jak my\u015blano ju\u017c za czas\u00f3w Jezusa \u2013 \u017ce powt\u00f3rne przyj\u015bcie Pana <b>nast\u0105pi natychmiast.<\/b> Okre\u015ble\u0144, dotycz\u0105cych wype\u0142niania si\u0119 czasu, nie powinni\u015bmy odczytywa\u0107 <b>dos\u0142ownie, literalnie.<\/b> Co nie znaczy, \u017ce nie powinni\u015bmy si\u0119 nimi w og\u00f3le przejmowa\u0107. <\/span><\/span><\/span><\/p>\n<p align=\"justify\"><span style=\"color: #000000;\"><span style=\"font-family: Book Antiqua, serif;\"><span style=\"font-size: large;\">Ka\u017cda i ka\u017cdy z nas bowiem do\u015bwiadcza zapewne, \u017ce <b>nasz czas<\/b> \u2013 ten, kt\u00f3ry zosta\u0142 nam dany przez Boga, kt\u00f3ry prze\u017cywamy na ziemi \u2013 jest <b>naprawd\u0119 bardzo kr\u00f3tki.<\/b> Czy mo\u017ce mamy wra\u017cenie, \u017ce <b>d\u0142u\u017cy si\u0119 on nam,<\/b> \u017ce rok za rokiem, a nawet dzie\u0144 za dniem, nast\u0119puje tak bardzo wolno, \u015blamazarnie, nu\u017c\u0105co wr\u0119cz i ospale, powoduj\u0105c og\u00f3lne zm\u0119czenie \u017cyciem, znudzenie, brak motywacji do \u017cycia \u2013 czy jednak <b>dostrzegamy bardzo szybki up\u0142yw tego\u017c czasu,<\/b> jego niemal\u017ce <b>p\u0119dzenie, przemykanie<\/b> kolejnych dni i lat w takim tempie, \u017ce nie spostrzegamy si\u0119, jak nam one <b>uciekaj\u0105,<\/b> my stajemy si\u0119 coraz starsi, pewnie te\u017c i bardziej do\u015bwiadczeni, a z naszego otoczenia <b>odchodz\u0105 ludzie nam bliscy,<\/b> z kt\u00f3rymi dzielili\u015bmy trudy codzienno\u015bci: cz\u0142onkowie rodziny, s\u0105siedzi, koledzy i kole\u017canki z pracy\u2026 <\/span><\/span><\/span><\/p>\n<p align=\"justify\"><span style=\"color: #000000;\"><span style=\"font-family: Book Antiqua, serif;\"><span style=\"font-size: large;\">I czy w takiej sytuacji nie podpiszemy si\u0119 pod s\u0142owami Aposto\u0142a Paw\u0142a, \u017ce <i><b>czas jest kr\u00f3tki<\/b><\/i> \u2013 naprawd\u0119, bardzo kr\u00f3tki \u2013 dlatego ci, co p\u0142acz\u0105, mog\u0105 przesta\u0107 p\u0142aka\u0107, bo <b>zaraz ustanie pow\u00f3d do p\u0142aczu,<\/b> bo zmartwienie minie, zapomni si\u0119 o nim, a przyjd\u0105 nast\u0119pne?\u2026 I ci, kt\u00f3rzy si\u0119 raduj\u0105 z powodu r\u00f3\u017cnych ziemskich okoliczno\u015bci, te\u017c zauwa\u017c\u0105, \u017ce te okoliczno\u015bci <b>szybko si\u0119 zmieniaj\u0105<\/b> i ju\u017c nast\u0119pnego dnia po jakiej\u015b wielkiej rado\u015bci \u2013 <b>dopadaj\u0105 codzienne zmartwienia?\u2026 <\/b>Tak szybko si\u0119 wszystko zmienia, tak szybko!<\/span><\/span><\/span><\/p>\n<p align=\"justify\"><span style=\"color: #000000;\"><span style=\"font-family: Book Antiqua, serif;\"><span style=\"font-size: large;\">Owszem, my ten czas liczymy, mierzymy zegarkami i kalendarzami, ale musimy przyzna\u0107, \u017ce<b> up\u0142ywa <\/b><b>niesamowicie<\/b><b> szybko\u2026<\/b> Wr\u0119cz si\u0119 nam wymyka! <\/span><\/span><\/span><\/p>\n<p align=\"justify\"><span style=\"color: #000000;\"><span style=\"font-family: Book Antiqua, serif;\"><span style=\"font-size: large;\">Zobaczmy, dopiero by\u0142y \u015awi\u0119ta, dopiero Nowy Rok, a ju\u017c <b>stycze\u0144 powoli dobiega ko\u0144ca\u2026<\/b> Za tydzie\u0144, b\u0119dzie ju\u017c ostatni dzie\u0144 stycznia, a przecie\u017c ten tydzie\u0144 te\u017c minie nam tak szybko, jak min\u0105\u0142 poprzedni\u2026 Tak szybko, tak bardzo szybko \u2013 <i><b>przemija posta\u0107 tego \u015bwiata.<\/b><\/i> Czas jest naprawd\u0119 kr\u00f3tki\u2026<\/span><\/span><\/span><\/p>\n<p align=\"justify\"><span style=\"color: #000000;\"><span style=\"font-family: Book Antiqua, serif;\"><span style=\"font-size: large;\">Ale nie m\u00f3wimy sobie tego tutaj po to, aby narzeka\u0107, u\u017cala\u0107 si\u0119, biadoli\u0107, czy za\u0142amywa\u0107 r\u0119ce. Wprost przeciwnie, w\u0142a\u015bnie ta okoliczno\u015b\u0107 winna nas <b>jeszcze bardzie mobilizowa\u0107 do dzia\u0142ania,<\/b> do realizacji konkretnego, dobrego planu. <\/span><\/span><\/span><\/p>\n<p align=\"justify\"><span style=\"color: #000000;\"><span style=\"font-family: Book Antiqua, serif;\"><span style=\"font-size: large;\">Zauwa\u017cmy, \u017ce kiedy mieszka\u0144cy Niniwy dowiedzieli si\u0119, ile konkretnie maj\u0105 czasu na zmian\u0119 sytuacji, w jakiej \u017cyli \u2013 jak\u0105 zreszt\u0105 sami wytworzyli \u2013 <b>natychmiast podj\u0119li kroki<\/b> w kierunku jej zmiany. <\/span><\/span><\/span><\/p>\n<p align=\"justify\"><span style=\"color: #000000;\"><span style=\"font-family: Book Antiqua, serif;\"><span style=\"font-size: large;\">Jezus, og\u0142aszaj\u0105c wype\u0142nienie si\u0119 czasu i blisko\u015b\u0107 Bo\u017cego kr\u00f3lestwa, <b>wezwa\u0142 do nawr\u00f3cenia, <\/b>ale jednocze\u015bnie <b>sam da\u0142 przyk\u0142ad <\/b>konkretnego dzia\u0142ania: powo\u0142a\u0142 pierwszych Aposto\u0142\u00f3w, potem nast\u0119pnych \u2013 i zacz\u0105\u0142 publiczn\u0105 dzia\u0142alno\u015b\u0107. W\u0142a\u015bnie po to, aby czas, jaki by\u0142 Mu dany na tym \u015bwiecie, <b>wykorzysta\u0107 w pe\u0142ni.<\/b> <\/span><\/span><\/span><\/p>\n<p align=\"justify\"><span style=\"color: #000000;\"><span style=\"font-family: Book Antiqua, serif;\"><span style=\"font-size: large;\">Pawe\u0142 Aposto\u0142 tak\u017ce zach\u0119ca do tego, aby dostrzega\u0107 zmienno\u015b\u0107 okoliczno\u015bci i <b>nie przywi\u0105zywa\u0107 zbytniej wagi <\/b>do aktualnego stanu ducha \u2013 \u017ceby nie powiedzie\u0107: nastroju czy humoru \u2013 bo to si\u0119 i tak b\u0119dzie zmienia\u0142o. Trzeba wytyczy\u0107 sobie<b> jaki\u015b jeden, <\/b><b>zasadniczy<\/b> <b>kierunek<\/b> i w tym kierunku konsekwentnie zmierza\u0107, by up\u0142ywaj\u0105cy szybko czas i szybko dokonuj\u0105ce si\u0119 w nas i wok\u00f3\u0142 nas zmiany sytuacji, okoliczno\u015bci i stanu ducha \u2013 nie powodowa\u0142y <b>zawirowa\u0144 w naszych umys\u0142ach i sercach,<\/b> nie powodowa\u0142y jakich\u015b psychicznych za\u0142ama\u0144. Po prostu, trzeba <b>\u201echwyta\u0107\u201d czas,<\/b> trzeba go dobrze wykorzystywa\u0107, co\u015b dobrego zawsze robi\u0107, do czego\u015b d\u0105\u017cy\u0107, jakie\u015b konkretne cele osi\u0105ga\u0107! <\/span><\/span><\/span><\/p>\n<p align=\"justify\"><span style=\"color: #000000;\"><span style=\"font-family: Book Antiqua, serif;\"><span style=\"font-size: large;\">Jezus \u2013 jeszcze raz to podkre\u015blmy \u2013 og\u0142aszaj\u0105c wype\u0142nienie si\u0119 czasu i blisko\u015b\u0107 Kr\u00f3lestwa, <b>rozpocz\u0105\u0142 ca\u0142\u0105 publiczn\u0105 dzia\u0142alno\u015b\u0107. <\/b>W\u0142a\u015bnie w tym momencie, kiedy o tym m\u00f3wi\u0142. W ten spos\u00f3b wykorzysta\u0142 ten dope\u0142niaj\u0105cy si\u0119 czas. <b>Nie usiad\u0142 i nie poczeka\u0142,<\/b> a\u017c przyjdzie koniec \u015bwiata, a ludzie jako\u015b tam sobie dojd\u0105 do Nieba, tylko zacz\u0105\u0142 ich do tego przygotowywa\u0107. <b>\u017by\u0142 tera\u017aniejszo\u015bci\u0105,<\/b> kt\u00f3ra zosta\u0142a Mu dana \u2013 i zrobi\u0142 z niej najlepszy u\u017cytek. <\/span><\/span><\/span><\/p>\n<p align=\"justify\"><span style=\"color: #000000;\"><span style=\"font-family: Book Antiqua, serif;\"><span style=\"font-size: large;\">Chocia\u017c by\u0142 Synem Bo\u017cym i tak naprawd\u0119 nic nie musia\u0142, ale w\u0142a\u015bnie po to przyszed\u0142 na \u015bwiat w okre\u015blonym czasie, <b>aby ten czas wykorzysta\u0107 w ca\u0142ej pe\u0142ni <\/b>\u2013 dla naszego zbawienia. Dlatego po trzydziestoletnim pobycie w rodzinnym Domu, wraz ze sw\u0105 Matk\u0105, a do pewnego czasu tak\u017ce z przybranym Ojcem, przez trzy lata publicznej dzia\u0142alno\u015bci naprawd\u0119 <b>nie ustawa\u0142 w intensywnej pracy. <\/b>Nawet w ostatnich dniach s\u0142yszeli\u015bmy w Ewangelii s\u0142owa, wypowiedziane przez ludzi, obserwuj\u0105cych Jego prac\u0119 i po\u015bwi\u0119cenie, \u017ce <i><b>odszed\u0142 od zmys\u0142\u00f3w!<\/b><\/i> W innym miejscu Ewangeli\u015bci zapisali informacj\u0119, \u017ce niekiedy <b>nawet na posi\u0142ek nie mia\u0142 czasu.<\/b> <\/span><\/span><\/span><\/p>\n<p align=\"justify\"><span style=\"color: #000000;\"><span style=\"font-family: Book Antiqua, serif;\"><span style=\"font-size: large;\">Oczywi\u015bcie, my nie musimy akurat w tym aspekcie na\u015bladowa\u0107 naszego Mistrza i Nauczyciela, <b>by\u015bmy mieli si\u0119 zatraci\u0107 w pracy,<\/b> nie maj\u0105c czasu na posi\u0142ek, na odpoczynek, na modlitw\u0119, czy te\u017c \u2013 czasu dla rodziny, dla najbli\u017cszych\u2026 Jezus zreszt\u0105 tak\u017ce <b>poszukiwa\u0142 czasu odosobnienia,<\/b> odchodzi\u0142 na miejsca pustynne, aby si\u0119 modli\u0107\u2026 I spo\u017cywa\u0142 posi\u0142ki, i spa\u0142 w nocy \u2013 owszem. <\/span><\/span><\/span><\/p>\n<p align=\"justify\"><span style=\"color: #000000;\"><span style=\"font-family: Book Antiqua, serif;\"><span style=\"font-size: large;\">Natomiast by\u0142y <b>takie dni, \u017ce pracy by\u0142o wi\u0119cej,<\/b> bo i wi\u0119cej ludzi przysz\u0142o, i ludzkiej biedy, kt\u00f3rej trzeba by\u0142o zaradzi\u0107, by\u0142o jakby wi\u0119cej\u2026 Wtedy nie patrzy\u0142 na zm\u0119czenie, tylko <b>ca\u0142e swoje serce oddawa\u0142 ludziom. <\/b>Jak zreszt\u0105 zawsze\u2026 <\/span><\/span><\/span><\/p>\n<p align=\"justify\"><span style=\"color: #000000;\"><span style=\"font-family: Book Antiqua, serif;\"><span style=\"font-size: large;\">I nas tego uczy, aby\u015bmy<b> ca\u0142e serce wk\u0142adali<\/b> w to, co jest naszym \u017cyciowym powo\u0142aniem, co jest naszym \u017cyciowym zadaniem, co jest nasz\u0105 powinno\u015bci\u0105. To mamy wykonywa\u0107 \u2013 <b>codziennie.<\/b> I najlepiej, jak potrafimy. Nie zam\u0119cza\u0107 si\u0119, nie popada\u0107 zgubny, <b>tak zwany \u201epracoholizm\u201d; <\/b>nie nadwyr\u0119\u017ca\u0107 \u017cycia i zdrowia, nie zarywa\u0107 nocy bez potrzeby, nie zaniedbywa\u0107 odpoczynku\u2026 W ko\u0144cu, pi\u0105te przykazanie Dekalogu<b> nie przesta\u0142o obowi\u0105zywa\u0107.<\/b> <\/span><\/span><\/span><\/p>\n<p align=\"justify\"><span style=\"color: #000000;\"><span style=\"font-family: Book Antiqua, serif;\"><span style=\"font-size: large;\">Natomiast \u2013 z ca\u0142\u0105 pewno\u015bci\u0105 \u2013 nie marnowa\u0107 czasu, nie czeka\u0107 <b>na tak zwan<\/b><b>y<\/b><b> \u201elepsz<\/b><b>y<\/b><b> <\/b><b>czas<\/b><b>\u201d,<\/b> <b>\u201elepsz\u0105 okazj\u0119\u201d,<\/b> kiedy si\u0119 mo\u017ce humor poprawi, albo okoliczno\u015bci jako\u015b si\u0119 poprawi\u0105, albo co\u015b tam si\u0119 jeszcze poprawi, co dzisiaj jako\u015b tak nam utrudnia dzia\u0142anie\u2026 Nie, ju\u017c teraz, ju\u017c dzisiaj, <b>trzeba si\u0119 bra\u0107 do pracy! <\/b>Bra\u0107 si\u0119 za to, co po prostu do nas nale\u017cy. <\/span><\/span><\/span><\/p>\n<p align=\"justify\"><span style=\"color: #000000;\"><span style=\"font-family: Book Antiqua, serif;\"><span style=\"font-size: large;\">Nie wolno nam ho\u0142dowa\u0107 zasadzie, \u017ce <b>\u201eco masz zrobi\u0107 dzisiaj \u2013 zr\u00f3b pojutrze, a b\u0119dziesz mia\u0142 dwa dni wolnego.\u201d<\/b> My, chrze\u015bcijanie, przyjaciele Jezusa, wiemy dobrze, \u017ce <b>otrzymali\u015bmy nasz czas od Boga <\/b>i mamy zrobi\u0107 z niego dobry u\u017cytek. Nie wiemy, ile tego czasu mamy na tej ziemi, ale wiemy, \u017ce <b>mamy t\u0119 chwil<\/b><b>\u0119<\/b><b> obecn\u0105, <\/b>dlatego w tej obecnej chwili mamy dawa\u0107 z siebie wszystko, co tylko mo\u017cemy, \u017ceby jej nie zmarnowa\u0107 dla Kr\u00f3lestwa niebieskiego. <\/span><\/span><\/span><\/p>\n<p align=\"justify\"><span style=\"color: #000000;\"><span style=\"font-family: Book Antiqua, serif;\"><span style=\"font-size: large;\">Przesz\u0142o\u015b\u0107 <b>ju\u017c<\/b> nie nale\u017cy do nas, przysz\u0142o\u015b\u0107 <b>jeszcze<\/b> nie nale\u017cy do nas. Jedna i druga jest w r\u0119kach Boga. <b>Nasza jest tera\u017aniejszo\u015b\u0107. <\/b>Oczywi\u015bcie, z Bo\u017c\u0105 pomoc\u0105, ale ta chwila, kt\u00f3r\u0105 mamy teraz, <b>jest nam dana<\/b> na konkretne dobre dzia\u0142anie \u2013<b> w\u0142a\u015bnie teraz. <\/b>Nie jutro, nie pojutrze, nie za tydzie\u0144, nie \u201epo \u015bwi\u0119tach\u201d\u2026 Teraz! Bo czas jest kr\u00f3tki. <\/span><\/span><\/span><\/p>\n<p align=\"justify\"><span style=\"color: #000000;\"><span style=\"font-family: Book Antiqua, serif;\"><span style=\"font-size: large;\"><b>Jak sobie radz\u0119<\/b> z tym tak bardzo szybko uciekaj\u0105cym czasem?\u2026 <\/span><\/span><\/span><\/p>\n","protected":false},"excerpt":{"rendered":"<p>Niech b\u0119dzie pochwalony Jezus Chrystus! Moi Drodzy, chc\u0119 poinformowa\u0107 kr\u00f3tko, \u017ce remont naszej Kaplicy w O\u015brodku Duszpasterstwa Akademickiego przebiega sprawnie i wida\u0107 ju\u017c efekty. Oczywi\u015bcie, na ostateczny efekt trzeba poczeka\u0107 do zako\u0144czenia prac, co prawdopodobnie nast\u0105pi w tym tygodniu. Chocia\u017c \u2013 ju\u017c w trakcie remontu \u2013 zwi\u0119kszyli\u015bmy zakres zaplanowanych dzia\u0142a\u0144 o wymian\u0119 okien, bo te [&hellip;]<\/p>\n","protected":false},"author":1,"featured_media":0,"comment_status":"open","ping_status":"open","sticky":false,"template":"","format":"standard","meta":{"jetpack_post_was_ever_published":false,"_jetpack_newsletter_access":"","_jetpack_dont_email_post_to_subs":false,"_jetpack_newsletter_tier_id":0,"_jetpack_memberships_contains_paywalled_content":false,"_jetpack_memberships_contains_paid_content":false,"footnotes":""},"categories":[1],"tags":[],"class_list":["post-18463","post","type-post","status-publish","format-standard","hentry","category-bez-kategorii"],"yoast_head":"<!-- This site is optimized with the Yoast SEO plugin v25.1 - https:\/\/yoast.com\/wordpress\/plugins\/seo\/ -->\n<title>Czas jest kr\u00f3tki?... - Gaudium Et Spes<\/title>\n<meta name=\"robots\" content=\"index, follow, max-snippet:-1, max-image-preview:large, max-video-preview:-1\" \/>\n<link rel=\"canonical\" href=\"https:\/\/gaudiumetspes-blog.pl\/index.php\/2021\/01\/24\/czas-jest-krotki-2\/\" \/>\n<meta property=\"og:locale\" content=\"pl_PL\" \/>\n<meta property=\"og:type\" content=\"article\" \/>\n<meta property=\"og:title\" content=\"Czas jest kr\u00f3tki?... - Gaudium Et Spes\" \/>\n<meta property=\"og:description\" content=\"Niech b\u0119dzie pochwalony Jezus Chrystus! Moi Drodzy, chc\u0119 poinformowa\u0107 kr\u00f3tko, \u017ce remont naszej Kaplicy w O\u015brodku Duszpasterstwa Akademickiego przebiega sprawnie i wida\u0107 ju\u017c efekty. Oczywi\u015bcie, na ostateczny efekt trzeba poczeka\u0107 do zako\u0144czenia prac, co prawdopodobnie nast\u0105pi w tym tygodniu. Chocia\u017c \u2013 ju\u017c w trakcie remontu \u2013 zwi\u0119kszyli\u015bmy zakres zaplanowanych dzia\u0142a\u0144 o wymian\u0119 okien, bo te [&hellip;]\" \/>\n<meta property=\"og:url\" content=\"https:\/\/gaudiumetspes-blog.pl\/index.php\/2021\/01\/24\/czas-jest-krotki-2\/\" \/>\n<meta property=\"og:site_name\" content=\"Gaudium Et Spes\" \/>\n<meta property=\"article:published_time\" content=\"2021-01-24T04:37:24+00:00\" \/>\n<meta name=\"author\" content=\"Ks. Jacek\" \/>\n<meta name=\"twitter:card\" content=\"summary_large_image\" \/>\n<meta name=\"twitter:label1\" content=\"Napisane przez\" \/>\n\t<meta name=\"twitter:data1\" content=\"Ks. Jacek\" \/>\n\t<meta name=\"twitter:label2\" content=\"Szacowany czas czytania\" \/>\n\t<meta name=\"twitter:data2\" content=\"12 minut\" \/>\n<script type=\"application\/ld+json\" class=\"yoast-schema-graph\">{\"@context\":\"https:\/\/schema.org\",\"@graph\":[{\"@type\":\"WebPage\",\"@id\":\"https:\/\/gaudiumetspes-blog.pl\/index.php\/2021\/01\/24\/czas-jest-krotki-2\/\",\"url\":\"https:\/\/gaudiumetspes-blog.pl\/index.php\/2021\/01\/24\/czas-jest-krotki-2\/\",\"name\":\"Czas jest kr\u00f3tki?... - Gaudium Et Spes\",\"isPartOf\":{\"@id\":\"https:\/\/gaudiumetspes-blog.pl\/#website\"},\"datePublished\":\"2021-01-24T04:37:24+00:00\",\"author\":{\"@id\":\"https:\/\/gaudiumetspes-blog.pl\/#\/schema\/person\/1661982992b752dea8dff0d4ed845a65\"},\"breadcrumb\":{\"@id\":\"https:\/\/gaudiumetspes-blog.pl\/index.php\/2021\/01\/24\/czas-jest-krotki-2\/#breadcrumb\"},\"inLanguage\":\"pl-PL\",\"potentialAction\":[{\"@type\":\"ReadAction\",\"target\":[\"https:\/\/gaudiumetspes-blog.pl\/index.php\/2021\/01\/24\/czas-jest-krotki-2\/\"]}]},{\"@type\":\"BreadcrumbList\",\"@id\":\"https:\/\/gaudiumetspes-blog.pl\/index.php\/2021\/01\/24\/czas-jest-krotki-2\/#breadcrumb\",\"itemListElement\":[{\"@type\":\"ListItem\",\"position\":1,\"name\":\"Strona g\u0142\u00f3wna\",\"item\":\"https:\/\/gaudiumetspes-blog.pl\/\"},{\"@type\":\"ListItem\",\"position\":2,\"name\":\"Czas jest kr\u00f3tki?&#8230;\"}]},{\"@type\":\"WebSite\",\"@id\":\"https:\/\/gaudiumetspes-blog.pl\/#website\",\"url\":\"https:\/\/gaudiumetspes-blog.pl\/\",\"name\":\"Gaudium Et Spes\",\"description\":\"Blog Ks. Jacka Ja\u015bkowskiego\",\"potentialAction\":[{\"@type\":\"SearchAction\",\"target\":{\"@type\":\"EntryPoint\",\"urlTemplate\":\"https:\/\/gaudiumetspes-blog.pl\/?s={search_term_string}\"},\"query-input\":{\"@type\":\"PropertyValueSpecification\",\"valueRequired\":true,\"valueName\":\"search_term_string\"}}],\"inLanguage\":\"pl-PL\"},{\"@type\":\"Person\",\"@id\":\"https:\/\/gaudiumetspes-blog.pl\/#\/schema\/person\/1661982992b752dea8dff0d4ed845a65\",\"name\":\"Ks. Jacek\",\"image\":{\"@type\":\"ImageObject\",\"inLanguage\":\"pl-PL\",\"@id\":\"https:\/\/gaudiumetspes-blog.pl\/#\/schema\/person\/image\/\",\"url\":\"https:\/\/gaudiumetspes-blog.pl\/wp-content\/uploads\/2019\/07\/avatar-JJ-150x150.jpg\",\"contentUrl\":\"https:\/\/gaudiumetspes-blog.pl\/wp-content\/uploads\/2019\/07\/avatar-JJ-150x150.jpg\",\"caption\":\"Ks. Jacek\"},\"description\":\"Witam serdecznie! K\u0142ania si\u0119 Ks. Jacek Ja\u015bkowski. Nie jestem ani kim\u015b wa\u017cnym, ani kim\u015b znanym. Jestem ksi\u0119dzem, kt\u00f3ry po prostu chce rozmawia\u0107. Codzienna kap\u0142a\u0144ska pos\u0142uga pokazuje mi, \u017ce temat\u00f3w do rozm\u00f3w z ksi\u0119dzem jest coraz wi\u0119cej i dzisiaj \u017caden ksi\u0105dz nie mo\u017ce od nich ucieka\u0107, ale - wprost przeciwnie - podejmowa\u0107 nowe wyzwania. To przekonanie sk\u0142oni\u0142o mnie do pr\u00f3by otwarcia tego\u017c bloga, chocia\u017c okazji do rozm\u00f3w na co dzie\u0144 - w konfesjonale i poza nim - na szcz\u0119\u015bcie nie brakuje. My\u015bl\u0119 jednak, \u017ce ten blog b\u0119dzie jeszcze jednym sposobem i przestrzeni\u0105 nawi\u0105zania kontaktu z lud\u017ami dobrej woli, otwartymi na dialog.\",\"url\":\"https:\/\/gaudiumetspes-blog.pl\/index.php\/author\/ks-jacek\/\"}]}<\/script>\n<!-- \/ Yoast SEO plugin. -->","yoast_head_json":{"title":"Czas jest kr\u00f3tki?... - Gaudium Et Spes","robots":{"index":"index","follow":"follow","max-snippet":"max-snippet:-1","max-image-preview":"max-image-preview:large","max-video-preview":"max-video-preview:-1"},"canonical":"https:\/\/gaudiumetspes-blog.pl\/index.php\/2021\/01\/24\/czas-jest-krotki-2\/","og_locale":"pl_PL","og_type":"article","og_title":"Czas jest kr\u00f3tki?... - Gaudium Et Spes","og_description":"Niech b\u0119dzie pochwalony Jezus Chrystus! Moi Drodzy, chc\u0119 poinformowa\u0107 kr\u00f3tko, \u017ce remont naszej Kaplicy w O\u015brodku Duszpasterstwa Akademickiego przebiega sprawnie i wida\u0107 ju\u017c efekty. Oczywi\u015bcie, na ostateczny efekt trzeba poczeka\u0107 do zako\u0144czenia prac, co prawdopodobnie nast\u0105pi w tym tygodniu. Chocia\u017c \u2013 ju\u017c w trakcie remontu \u2013 zwi\u0119kszyli\u015bmy zakres zaplanowanych dzia\u0142a\u0144 o wymian\u0119 okien, bo te [&hellip;]","og_url":"https:\/\/gaudiumetspes-blog.pl\/index.php\/2021\/01\/24\/czas-jest-krotki-2\/","og_site_name":"Gaudium Et Spes","article_published_time":"2021-01-24T04:37:24+00:00","author":"Ks. Jacek","twitter_card":"summary_large_image","twitter_misc":{"Napisane przez":"Ks. Jacek","Szacowany czas czytania":"12 minut"},"schema":{"@context":"https:\/\/schema.org","@graph":[{"@type":"WebPage","@id":"https:\/\/gaudiumetspes-blog.pl\/index.php\/2021\/01\/24\/czas-jest-krotki-2\/","url":"https:\/\/gaudiumetspes-blog.pl\/index.php\/2021\/01\/24\/czas-jest-krotki-2\/","name":"Czas jest kr\u00f3tki?... - Gaudium Et Spes","isPartOf":{"@id":"https:\/\/gaudiumetspes-blog.pl\/#website"},"datePublished":"2021-01-24T04:37:24+00:00","author":{"@id":"https:\/\/gaudiumetspes-blog.pl\/#\/schema\/person\/1661982992b752dea8dff0d4ed845a65"},"breadcrumb":{"@id":"https:\/\/gaudiumetspes-blog.pl\/index.php\/2021\/01\/24\/czas-jest-krotki-2\/#breadcrumb"},"inLanguage":"pl-PL","potentialAction":[{"@type":"ReadAction","target":["https:\/\/gaudiumetspes-blog.pl\/index.php\/2021\/01\/24\/czas-jest-krotki-2\/"]}]},{"@type":"BreadcrumbList","@id":"https:\/\/gaudiumetspes-blog.pl\/index.php\/2021\/01\/24\/czas-jest-krotki-2\/#breadcrumb","itemListElement":[{"@type":"ListItem","position":1,"name":"Strona g\u0142\u00f3wna","item":"https:\/\/gaudiumetspes-blog.pl\/"},{"@type":"ListItem","position":2,"name":"Czas jest kr\u00f3tki?&#8230;"}]},{"@type":"WebSite","@id":"https:\/\/gaudiumetspes-blog.pl\/#website","url":"https:\/\/gaudiumetspes-blog.pl\/","name":"Gaudium Et Spes","description":"Blog Ks. Jacka Ja\u015bkowskiego","potentialAction":[{"@type":"SearchAction","target":{"@type":"EntryPoint","urlTemplate":"https:\/\/gaudiumetspes-blog.pl\/?s={search_term_string}"},"query-input":{"@type":"PropertyValueSpecification","valueRequired":true,"valueName":"search_term_string"}}],"inLanguage":"pl-PL"},{"@type":"Person","@id":"https:\/\/gaudiumetspes-blog.pl\/#\/schema\/person\/1661982992b752dea8dff0d4ed845a65","name":"Ks. Jacek","image":{"@type":"ImageObject","inLanguage":"pl-PL","@id":"https:\/\/gaudiumetspes-blog.pl\/#\/schema\/person\/image\/","url":"https:\/\/gaudiumetspes-blog.pl\/wp-content\/uploads\/2019\/07\/avatar-JJ-150x150.jpg","contentUrl":"https:\/\/gaudiumetspes-blog.pl\/wp-content\/uploads\/2019\/07\/avatar-JJ-150x150.jpg","caption":"Ks. Jacek"},"description":"Witam serdecznie! K\u0142ania si\u0119 Ks. Jacek Ja\u015bkowski. Nie jestem ani kim\u015b wa\u017cnym, ani kim\u015b znanym. Jestem ksi\u0119dzem, kt\u00f3ry po prostu chce rozmawia\u0107. Codzienna kap\u0142a\u0144ska pos\u0142uga pokazuje mi, \u017ce temat\u00f3w do rozm\u00f3w z ksi\u0119dzem jest coraz wi\u0119cej i dzisiaj \u017caden ksi\u0105dz nie mo\u017ce od nich ucieka\u0107, ale - wprost przeciwnie - podejmowa\u0107 nowe wyzwania. To przekonanie sk\u0142oni\u0142o mnie do pr\u00f3by otwarcia tego\u017c bloga, chocia\u017c okazji do rozm\u00f3w na co dzie\u0144 - w konfesjonale i poza nim - na szcz\u0119\u015bcie nie brakuje. My\u015bl\u0119 jednak, \u017ce ten blog b\u0119dzie jeszcze jednym sposobem i przestrzeni\u0105 nawi\u0105zania kontaktu z lud\u017ami dobrej woli, otwartymi na dialog.","url":"https:\/\/gaudiumetspes-blog.pl\/index.php\/author\/ks-jacek\/"}]}},"jetpack_featured_media_url":"","jetpack_sharing_enabled":true,"_links":{"self":[{"href":"https:\/\/gaudiumetspes-blog.pl\/index.php\/wp-json\/wp\/v2\/posts\/18463","targetHints":{"allow":["GET"]}}],"collection":[{"href":"https:\/\/gaudiumetspes-blog.pl\/index.php\/wp-json\/wp\/v2\/posts"}],"about":[{"href":"https:\/\/gaudiumetspes-blog.pl\/index.php\/wp-json\/wp\/v2\/types\/post"}],"author":[{"embeddable":true,"href":"https:\/\/gaudiumetspes-blog.pl\/index.php\/wp-json\/wp\/v2\/users\/1"}],"replies":[{"embeddable":true,"href":"https:\/\/gaudiumetspes-blog.pl\/index.php\/wp-json\/wp\/v2\/comments?post=18463"}],"version-history":[{"count":1,"href":"https:\/\/gaudiumetspes-blog.pl\/index.php\/wp-json\/wp\/v2\/posts\/18463\/revisions"}],"predecessor-version":[{"id":18464,"href":"https:\/\/gaudiumetspes-blog.pl\/index.php\/wp-json\/wp\/v2\/posts\/18463\/revisions\/18464"}],"wp:attachment":[{"href":"https:\/\/gaudiumetspes-blog.pl\/index.php\/wp-json\/wp\/v2\/media?parent=18463"}],"wp:term":[{"taxonomy":"category","embeddable":true,"href":"https:\/\/gaudiumetspes-blog.pl\/index.php\/wp-json\/wp\/v2\/categories?post=18463"},{"taxonomy":"post_tag","embeddable":true,"href":"https:\/\/gaudiumetspes-blog.pl\/index.php\/wp-json\/wp\/v2\/tags?post=18463"}],"curies":[{"name":"wp","href":"https:\/\/api.w.org\/{rel}","templated":true}]}}