{"id":18465,"date":"2021-01-25T08:04:08","date_gmt":"2021-01-25T07:04:08","guid":{"rendered":"https:\/\/gaudiumetspes-blog.pl\/?p=18465"},"modified":"2021-01-25T08:05:51","modified_gmt":"2021-01-25T07:05:51","slug":"ochrzcij-sie-i-obmyj-z-grzechow","status":"publish","type":"post","link":"https:\/\/gaudiumetspes-blog.pl\/index.php\/2021\/01\/25\/ochrzcij-sie-i-obmyj-z-grzechow\/","title":{"rendered":"Ochrzcij si\u0119 i obmyj z grzech\u00f3w!"},"content":{"rendered":"<p align=\"justify\"><span style=\"color: #000000;\"><span style=\"font-family: Book Antiqua, serif;\"><span style=\"font-size: large;\">Szcz\u0119\u015b\u0107 Bo\u017ce! Moi Drodzy, w dniu dzisiejszym <b>urodziny prze\u017cywa<\/b><b>j\u0105:<\/b><\/span><\/span><\/span><\/p>\n<p align=\"justify\"><span style=\"color: #000000;\">\u25ba<span style=\"font-family: Book Antiqua, serif;\"><span style=\"font-size: large;\"><b>Pawe\u0142 R\u0119kawek, w swoim czasie \u2013 Szef Wsp\u00f3lnoty m\u0142odzie\u017cowej w Tr\u0105bkach<\/b><\/span><\/span><\/span><\/p>\n<p align=\"justify\"><span style=\"color: #000000;\">\u25ba<span style=\"font-family: Book Antiqua, serif;\"><span style=\"font-size: large;\"><b>Rafa\u0142 Suchodolski, nasz Komentator na blogu, Cz\u0142owiek wielkiej \u017cyczliwo\u015bci i otwarto\u015bci, cz\u0119sto uczestnicz\u0105cy we Mszy \u015awi\u0119tej w naszym O\u015brodku Duszpasterstwa Akademickiego i wspieraj\u0105cy moj\u0105 dzia\u0142alno\u015b\u0107.<\/b><\/span><\/span><\/span><\/p>\n<p align=\"justify\"><span style=\"color: #000000;\"><span style=\"font-family: Book Antiqua, serif;\"><span style=\"font-size: large;\"><b>Imieniny natomiast prze\u017cywa Tatiana K\u0142usek, za moich czas\u00f3w w Radory\u017cu Ko\u015bcielnym: czynnie zaanga\u017cowana w dzia\u0142alno\u015b\u0107 tamtejszego KSM. <\/b><\/span><\/span><\/span><\/p>\n<p align=\"justify\"><span style=\"color: #000000;\"><span style=\"font-family: Book Antiqua, serif;\"><span style=\"font-size: large;\"><b>\u017bycz\u0119 \u015awi\u0119tuj\u0105cym, aby zawsze \u017cyli w blisko\u015bci Pana, w jakiej od chwili swego nawr\u00f3cenia \u017cy\u0142 \u015awi\u0119ty Pawe\u0142. Zapewniam o modlitwie \u2013 tak\u017ce przez jego wstawiennictwo.<\/b><\/span><\/span><\/span><\/p>\n<p align=\"justify\"><span style=\"color: #000000;\"><span style=\"font-family: Book Antiqua, serif;\"><span style=\"font-size: large;\">Dzisiejszy dzie\u0144 jest jako\u015b mocno zwi\u0105zany z pos\u0142ug\u0105 Ksi\u0119dza Marka \u2013 w tym sensie, \u017ce sam jest takim Aposto\u0142em narod\u00f3w, jak \u015awi\u0119ty Pawe\u0142, przemierzaj\u0105c du\u017ce odleg\u0142o\u015bci dla g\u0142oszenia Ewangelii, ale te\u017c dlatego, \u017ce dzisiaj uroczysto\u015bci odpustowe prze\u017cywaj\u0105 dwie Parafie, z kt\u00f3rymi jest zwi\u0105zany: Parafia Nawr\u00f3cenia \u015awi\u0119tego Paw\u0142a w Warszawie, przy kt\u00f3rej pomieszkuje, kiedy jest w\u0142a\u015bnie w Warszawie, oraz Parafia w Nojabrsku, wydzielaj\u0105ca si\u0119 z Parafii w Surgucie. <\/span><\/span><\/span><\/p>\n<p align=\"justify\"><span style=\"color: #000000;\"><span style=\"font-family: Book Antiqua, serif;\"><span style=\"font-size: large;\">Niech ten dzie\u0144 b\u0119dzie zatem tak\u017ce okazj\u0105 do modlitwy w intencji pos\u0142ugi Ksi\u0119dza Marka oraz ca\u0142ej syberyjskiej Ekipy.<\/span><\/span><\/span><\/p>\n<p align=\"justify\"><span style=\"color: #000000;\"><span style=\"font-family: Book Antiqua, serif;\"><span style=\"font-size: large;\">A oto dzisiaj \u2013 jak w ka\u017cdy poniedzia\u0142ek \u2013 swoje s\u0142\u00f3wko podarowa\u0142 nam Janek Kondej, Lektor z Parafii w Samogoszczy, od kilku tygodni \u2013 Wsp\u00f3\u0142autor tego bloga. Dzi\u0119kuj\u0119 serdecznie za proste, ale szczere i pe\u0142ne wiary rozwa\u017canie Bo\u017cego s\u0142owa i postawy naszego dzisiejszego Patrona. <\/span><\/span><\/span><\/p>\n<p align=\"justify\"><span style=\"color: #000000;\"><span style=\"font-family: Book Antiqua, serif;\"><span style=\"font-size: large;\">Zapraszam Wszystkich do pochylenia si\u0119 nad Bo\u017cym s\u0142owem dzisiejszej liturgii, by m\u00f3c odnale\u017a\u0107 to <b>jedno, jedyne przes\u0142anie, bezpo\u015brednio do nas skierowane.<\/b> Niech Duch \u015awi\u0119ty b\u0119dzie \u015bwiat\u0142em i natchnieniem!<\/span><\/span><\/span><\/p>\n<p align=\"justify\"><span style=\"color: #000000;\"><span style=\"font-family: Book Antiqua, serif;\"><span style=\"font-size: large;\"><b>Niech Was b\u0142ogos\u0142awi B\u00f3g Wszechmog\u0105cy: Ojciec + i Syn, i Duch \u015awi\u0119ty. Amen<\/b><\/span><\/span><\/span><\/p>\n<p align=\"center\"><span style=\"color: #000000;\"><span style=\"font-family: Book Antiqua, serif;\"><span style=\"font-size: large;\">Gaudium et spes! Ks. Jacek<\/span><\/span><\/span><\/p>\n<p align=\"center\">\n<p align=\"center\">\n<p align=\"center\">\n<p align=\"center\">\n<p align=\"center\">\n<p align=\"justify\"><span style=\"color: #000000;\"><span style=\"font-family: Book Antiqua, serif;\"><span style=\"font-size: large;\"><b>\u015awi\u0119to Nawr\u00f3cenia \u015aw. Paw\u0142a Aposto\u0142a, <\/b><\/span><\/span><\/span><\/p>\n<p align=\"justify\"><span style=\"color: #000000;\"><span style=\"font-family: Book Antiqua, serif;\"><span style=\"font-size: large;\"><b>25 stycznia 2021.,<\/b><\/span><\/span><\/span><\/p>\n<p align=\"justify\"><span style=\"color: #000000;\"><span style=\"font-family: Book Antiqua, serif;\"><span style=\"font-size: large;\"><b>do czyta\u0144 z t. VI Lekcjonarza: <\/b><\/span><\/span><\/span><\/p>\n<p align=\"justify\"><span style=\"color: #000000;\"><span style=\"font-family: Book Antiqua, serif;\"><span style=\"font-size: large;\"><b>Dz 22,3\u201316 lub Dz 9,1\u201322; Mk 16,15\u201318<\/b><\/span><\/span><\/span><\/p>\n<p align=\"justify\">\n<p align=\"justify\">\n<p align=\"justify\">\n<p align=\"justify\">\n<p align=\"justify\">\n<p align=\"justify\"><span style=\"color: #000000;\"><span style=\"font-family: Book Antiqua, serif;\"><span style=\"font-size: large;\"><b>CZYTANIE Z DZIEJ\u00d3W APOSTOLSKICH:<\/b><\/span><\/span><\/span><\/p>\n<p align=\"justify\"><span style=\"color: #000000;\"><span style=\"font-family: Book Antiqua, serif;\"><span style=\"font-size: large;\"><b>Pawe\u0142 powiedzia\u0142 do ludu: \u201eJa jestem \u017bydem, urodzonym w Tarsie w Cylicji. Wychowa\u0142em si\u0119 jednak w tym mie\u015bcie, u st\u00f3p Gamaliela otrzyma\u0142em staranne wykszta\u0142cenie w Prawie ojczystym. Gorliwie s\u0142u\u017cy\u0142em Bogu, jak wy wszyscy dzisiaj s\u0142u\u017cycie. Prze\u015bladowa\u0142em t\u0119 drog\u0119, g\u0142osuj\u0105c nawet za kar\u0105 \u015bmierci, wi\u0105\u017c\u0105c i wtr\u0105caj\u0105c do wi\u0119zienia m\u0119\u017cczyzn i kobiety, co mo\u017ce po\u015bwiadczy\u0107 zar\u00f3wno arcykap\u0142an, jak ca\u0142a starszyzna. Od nich otrzyma\u0142em te\u017c listy do braci i uda\u0142em si\u0119 do Damaszku z zamiarem uwi\u0119zienia tych, kt\u00f3rzy tam byli, i przyprowadzenia do Jerozolimy dla wymierzenia kary.<\/b><\/span><\/span><\/span><\/p>\n<p align=\"justify\"><span style=\"color: #000000;\"><span style=\"font-family: Book Antiqua, serif;\"><span style=\"font-size: large;\"><b>W drodze, gdy zbli\u017ca\u0142em si\u0119 do Damaszku, nagle oko\u0142o po\u0142udnia otoczy\u0142a mnie wielka jasno\u015b\u0107 z nieba. Upad\u0142em na ziemi\u0119 i pos\u0142ysza\u0142em g\u0142os, kt\u00f3ry m\u00f3wi\u0142 do mnie: \u00abSzawle, Szawle, dlaczego Mnie prze\u015bladujesz?\u00bb<\/b><\/span><\/span><\/span><\/p>\n<p align=\"justify\"><span style=\"color: #000000;\"><span style=\"font-family: Book Antiqua, serif;\"><span style=\"font-size: large;\"><b>Odpowiedzia\u0142em: \u00abKto jeste\u015b, Panie?\u00bb<\/b><\/span><\/span><\/span><\/p>\n<p align=\"justify\"><span style=\"color: #000000;\"><span style=\"font-family: Book Antiqua, serif;\"><span style=\"font-size: large;\"><b>Rzek\u0142 do mnie: \u00abJa jestem Jezus Nazarejczyk, kt\u00f3rego ty prze\u015bladujesz\u00bb.<\/b><\/span><\/span><\/span><\/p>\n<p align=\"justify\"><span style=\"color: #000000;\"><span style=\"font-family: Book Antiqua, serif;\"><span style=\"font-size: large;\"><b>Towarzysze za\u015b moi widzieli \u015bwiat\u0142o, ale g\u0142osu, kt\u00f3ry do mnie m\u00f3wi\u0142, nie s\u0142yszeli.<\/b><\/span><\/span><\/span><\/p>\n<p align=\"justify\"><span style=\"color: #000000;\"><span style=\"font-family: Book Antiqua, serif;\"><span style=\"font-size: large;\"><b>Powiedzia\u0142em wi\u0119c: \u00abCo mam czyni\u0107, Panie?\u00bb<\/b><\/span><\/span><\/span><\/p>\n<p align=\"justify\"><span style=\"color: #000000;\"><span style=\"font-family: Book Antiqua, serif;\"><span style=\"font-size: large;\"><b>A Pan powiedzia\u0142 do mnie: \u00abWsta\u0144, id\u017a do Damaszku, tam ci powiedz\u0105 wszystko, co masz czyni\u0107\u00bb.<\/b><\/span><\/span><\/span><\/p>\n<p align=\"justify\"><span style=\"color: #000000;\"><span style=\"font-family: Book Antiqua, serif;\"><span style=\"font-size: large;\"><b>Poniewa\u017c zaniewidzia\u0142em od blasku owego \u015bwiat\u0142a, przyszed\u0142em do Damaszku prowadzony za r\u0119k\u0119 przez moich towarzyszy.<\/b><\/span><\/span><\/span><\/p>\n<p align=\"justify\"><span style=\"color: #000000;\"><span style=\"font-family: Book Antiqua, serif;\"><span style=\"font-size: large;\"><b>Niejaki Ananiasz, cz\u0142owiek przestrzegaj\u0105cy wiernie Prawa, o kt\u00f3rym wszyscy tamtejsi \u017bydzi wydawali dobre \u015bwiadectwo, przyszed\u0142, przyst\u0105pi\u0142 do mnie i powiedzia\u0142: \u00abSzawle, bracie, przejrzyj!\u00bb W tej\u017ce chwili spojrza\u0142em na niego.<\/b><\/span><\/span><\/span><\/p>\n<p align=\"justify\"><span style=\"color: #000000;\"><span style=\"font-family: Book Antiqua, serif;\"><span style=\"font-size: large;\"><b>On za\u015b powiedzia\u0142: \u00abB\u00f3g naszych ojc\u00f3w wybra\u0142 ci\u0119, aby\u015b pozna\u0142 Jego wol\u0119 i ujrza\u0142 Sprawiedliwego, i Jego w\u0142asny g\u0142os us\u0142ysza\u0142. Bo wobec wszystkich ludzi b\u0119dziesz \u015bwiadczy\u0142 o tym, co widzia\u0142e\u015b i s\u0142ysza\u0142e\u015b. Dlaczego teraz zwlekasz? Ochrzcij si\u0119 i obmyj z twoich grzech\u00f3w, wzywaj\u0105c Jego imienia!\u00bb\u201d<\/b><\/span><\/span><\/span><\/p>\n<p align=\"justify\">\n<p align=\"justify\">\n<p align=\"justify\">\n<p align=\"justify\">\n<p align=\"justify\">\n<p align=\"center\"><span style=\"color: #000000;\"><span style=\"font-family: Book Antiqua, serif;\"><span style=\"font-size: large;\"><b>ALBO:<\/b><\/span><\/span><\/span><\/p>\n<p align=\"center\">\n<p align=\"center\">\n<p align=\"center\">\n<p align=\"center\">\n<p align=\"center\">\n<p align=\"justify\"><span style=\"color: #000000;\"><span style=\"font-family: Book Antiqua, serif;\"><span style=\"font-size: large;\"><b>CZYTANIE Z DZIEJ\u00d3W APOSTOLSKICH: <\/b><\/span><\/span><\/span><\/p>\n<p align=\"justify\"><span style=\"color: #000000;\"><span style=\"font-family: Book Antiqua, serif;\"><span style=\"font-size: large;\"><b>Szawe\u0142 ci\u0105gle jeszcze sia\u0142 groz\u0119 i dysza\u0142 \u017c\u0105dz\u0105 zabijania uczni\u00f3w Pa\u0144skich. Uda\u0142 si\u0119 do arcykap\u0142ana i poprosi\u0142 go o listy do synagog w Damaszku, aby m\u00f3g\u0142 uwi\u0119zi\u0107 i przyprowadzi\u0107 do Jerozolimy m\u0119\u017cczyzn i kobiety, zwolennik\u00f3w tej drogi, je\u015bliby jakich\u015b znalaz\u0142. <\/b><\/span><\/span><\/span><\/p>\n<p align=\"justify\"><span style=\"color: #000000;\"><span style=\"font-family: Book Antiqua, serif;\"><span style=\"font-size: large;\"><b>Gdy zbli\u017ca\u0142 si\u0119 ju\u017c w swojej podr\u00f3\u017cy do Damaszku, ol\u015bni\u0142a go nagle \u015bwiat\u0142o\u015b\u0107 z nieba. A gdy upad\u0142 na ziemi\u0119, us\u0142ysza\u0142 g\u0142os, kt\u00f3ry m\u00f3wi\u0142: \u201eSzawle, Szawle, dlaczego Mnie prze\u015bladujesz?\u201d <\/b><\/span><\/span><\/span><\/p>\n<p align=\"justify\"><span style=\"color: #000000;\"><span style=\"font-family: Book Antiqua, serif;\"><span style=\"font-size: large;\"><b>Powiedzia\u0142: \u201eKto jeste\u015b, Panie?\u201d <\/b><\/span><\/span><\/span><\/p>\n<p align=\"justify\"><span style=\"color: #000000;\"><span style=\"font-family: Book Antiqua, serif;\"><span style=\"font-size: large;\"><b>A On: \u201eJa jestem Jezus, kt\u00f3rego ty prze\u015bladujesz. Wsta\u0144 i wejd\u017a do miasta, tam ci powiedz\u0105, co masz czyni\u0107\u201d. <\/b><\/span><\/span><\/span><\/p>\n<p align=\"justify\"><span style=\"color: #000000;\"><span style=\"font-family: Book Antiqua, serif;\"><span style=\"font-size: large;\"><b>Ludzie, kt\u00f3rzy mu towarzyszyli w drodze, oniemieli ze zdumienia, s\u0142yszeli bowiem g\u0142os, lecz nie widzieli nikogo. Szawe\u0142 podni\u00f3s\u0142 si\u0119 z ziemi, a kiedy otworzy\u0142 oczy, nic nie widzia\u0142. Wprowadzili go wi\u0119c do Damaszku, trzymaj\u0105c za r\u0119ce. Przez trzy dni nic nie widzia\u0142 i ani nie jad\u0142, ani nie pi\u0142. <\/b><\/span><\/span><\/span><\/p>\n<p align=\"justify\"><span style=\"color: #000000;\"><span style=\"font-family: Book Antiqua, serif;\"><span style=\"font-size: large;\"><b>W Damaszku znajdowa\u0142 si\u0119 pewien ucze\u0144, imieniem Ananiasz. Pan przem\u00f3wi\u0142 do niego w widzeniu: \u201eAnaniaszu!\u201d <\/b><\/span><\/span><\/span><\/p>\n<p align=\"justify\"><span style=\"color: #000000;\"><span style=\"font-family: Book Antiqua, serif;\"><span style=\"font-size: large;\"><b>A on odrzek\u0142: \u201eJestem, Panie!\u201d <\/b><\/span><\/span><\/span><\/p>\n<p align=\"justify\"><span style=\"color: #000000;\"><span style=\"font-family: Book Antiqua, serif;\"><span style=\"font-size: large;\"><b>A Pan do niego: \u201eId\u017a na ulic\u0119 Prost\u0105 i zapytaj w domu Judy o Szaw\u0142a z Tarsu, bo w\u0142a\u015bnie si\u0119 modli\u201d. (I ujrza\u0142 Szawe\u0142 w widzeniu, jak cz\u0142owiek imieniem Ananiasz wszed\u0142 i po\u0142o\u017cy\u0142 na nim r\u0119ce, aby przejrza\u0142).<\/b><\/span><\/span><\/span><\/p>\n<p align=\"justify\"><span style=\"color: #000000;\"><span style=\"font-family: Book Antiqua, serif;\"><span style=\"font-size: large;\"><b>Odpowiedzia\u0142 Ananiasz: \u201ePanie, s\u0142ysza\u0142em z wielu stron jak du\u017co z\u0142ego wyrz\u0105dzi\u0142 ten cz\u0142owiek \u015bwi\u0119tym Twoim w Jerozolimie. I ma on tak\u017ce w\u0142adz\u0119 od arcykap\u0142an\u00f3w wi\u0119zi\u0107 tutaj wszystkich, kt\u00f3rzy wzywaj\u0105 Twego imienia\u201d. <\/b><\/span><\/span><\/span><\/p>\n<p align=\"justify\"><span style=\"color: #000000;\"><span style=\"font-family: Book Antiqua, serif;\"><span style=\"font-size: large;\"><b>Odpowiedzia\u0142 mu Pan: \u201eId\u017a, bo wybra\u0142em sobie tego cz\u0142owieka za narz\u0119dzie. On zaniesie imi\u0119 moje do pogan i kr\u00f3l\u00f3w i do syn\u00f3w Izraela. I poka\u017c\u0119 mu, jak wiele b\u0119dzie musia\u0142 wycierpie\u0107 dla mego imienia\u201d. <\/b><\/span><\/span><\/span><\/p>\n<p align=\"justify\"><span style=\"color: #000000;\"><span style=\"font-family: Book Antiqua, serif;\"><span style=\"font-size: large;\"><b>Wtedy Ananiasz poszed\u0142. Wszed\u0142 do domu, po\u0142o\u017cy\u0142 na nim r\u0119ce i powiedzia\u0142: \u201eSzawle, bracie, Pan Jezus, kt\u00f3ry ukaza\u0142 ci si\u0119 na drodze, kt\u00f3r\u0105 szed\u0142e\u015b, przys\u0142a\u0142 mnie, aby\u015b przejrza\u0142 i zosta\u0142 nape\u0142niony Duchem \u015awi\u0119tym\u201d. Natychmiast jakby \u0142uski spad\u0142y z jego oczu i odzyska\u0142 wzrok, i zosta\u0142 ochrzczony. A gdy go nakarmiono, odzyska\u0142 si\u0142y. <\/b><\/span><\/span><\/span><\/p>\n<p align=\"justify\"><span style=\"color: #000000;\"><span style=\"font-family: Book Antiqua, serif;\"><span style=\"font-size: large;\"><b>Jaki\u015b czas sp\u0119dzi\u0142 z uczniami w Damaszku i zaraz zacz\u0105\u0142 g\u0142osi\u0107 w synagogach, \u017ce Jezus jest Synem Bo\u017cym. <\/b><\/span><\/span><\/span><\/p>\n<p align=\"justify\"><span style=\"color: #000000;\"><span style=\"font-family: Book Antiqua, serif;\"><span style=\"font-size: large;\"><b>Wszyscy, kt\u00f3rzy go s\u0142yszeli, m\u00f3wili zdumieni: \u201eCzy to nie ten sam, kt\u00f3ry w Jerozolimie prze\u015bladowa\u0142 wyznawc\u00f3w tego imienia i po to tu przyby\u0142, aby ich uwi\u0119zi\u0107 i zaprowadzi\u0107 do arcykap\u0142ana?\u201d A Szawe\u0142 wyst\u0119powa\u0142 coraz odwa\u017cniej, dowodz\u0105c, \u017ce Ten jest Mesjaszem, i szerzy\u0142 zamieszanie w\u015br\u00f3d \u017byd\u00f3w mieszkaj\u0105cych w Damaszku.<\/b><\/span><\/span><\/span><\/p>\n<p align=\"justify\">\n<p align=\"justify\">\n<p align=\"justify\">\n<p align=\"justify\">\n<p align=\"justify\">\n<p align=\"justify\"><span style=\"color: #000000;\"><span style=\"font-family: Book Antiqua, serif;\"><span style=\"font-size: large;\"><b>S\u0141OWA EWANGELII WED\u0141UG \u015aWI\u0118TEGO MARKA: <\/b><\/span><\/span><\/span><\/p>\n<p align=\"justify\"><span style=\"color: #000000;\"><span style=\"font-family: Book Antiqua, serif;\"><span style=\"font-size: large;\"><b>Po swoim zmartwychwstaniu Jezus ukaza\u0142 si\u0119 Jedenastu i powiedzia\u0142 do nich: <\/b><\/span><\/span><\/span><\/p>\n<p align=\"justify\"><span style=\"color: #000000;\">\u201e<span style=\"font-family: Book Antiqua, serif;\"><span style=\"font-size: large;\"><b>Id\u017acie na ca\u0142y \u015bwiat i g\u0142o\u015bcie Ewangeli\u0119 wszelkiemu stworzeniu. Kto uwierzy i przyjmie chrzest, b\u0119dzie zbawiony; a kto nie uwierzy, b\u0119dzie pot\u0119piony. <\/b><\/span><\/span><\/span><\/p>\n<p align=\"justify\"><span style=\"color: #000000;\"><span style=\"font-family: Book Antiqua, serif;\"><span style=\"font-size: large;\"><b>Tym za\u015b, kt\u00f3rzy uwierz\u0105, te znaki towarzyszy\u0107 b\u0119d\u0105: W Imi\u0119 moje z\u0142e duchy b\u0119d\u0105 wyrzuca\u0107, nowymi j\u0119zykami m\u00f3wi\u0107 b\u0119d\u0105; w\u0119\u017ce bra\u0107 b\u0119d\u0105 do r\u0105k, i je\u015bliby co zatrutego wypili, nie b\u0119dzie im szkodzi\u0107. Na chorych r\u0119ce k\u0142a\u015b\u0107 b\u0119d\u0105 i ci odzyskaj\u0105 zdrowie\u201d.<\/b><\/span><\/span><\/span><\/p>\n<p align=\"justify\">\n<p align=\"justify\">\n<p align=\"justify\">\n<p align=\"justify\">\n<p align=\"justify\">\n<p align=\"center\"><span style=\"color: #000000;\"><span style=\"font-family: Book Antiqua, serif;\"><span style=\"font-size: large;\"><b>A OTO S\u0141\u00d3WKO JANKA:<\/b><\/span><\/span><\/span><\/p>\n<p align=\"center\">\n<p align=\"center\">\n<p align=\"center\">\n<p align=\"center\">\n<p align=\"center\">\n<p align=\"justify\"><span style=\"color: #000000;\"><span style=\"font-family: Book Antiqua, serif;\"><span style=\"font-size: large;\">W dzisiejszym czytani, oraz w Ewangelii, B\u00f3g zwraca uwag\u0119 na Sakrament Chrztu \u015awi\u0119tego. W pierwszym czytaniu s\u0142yszymy o tym wspania\u0142ym sakramencie pi\u0119kne s\u0142owa, kt\u00f3re Ananiasz powiedzia\u0142 do Paw\u0142a: <i><b>Dlaczego teraz zwlekasz? Ochrzcij si\u0119 i obmyj z twoich grzech\u00f3w, wzywaj\u0105c Jego imienia! <\/b><\/i>Natomiast w Ewangelii Jezus m\u00f3wi nam: <i><b>Kto uwierzy i przyjmie chrzest, b\u0119dzie zbawiony; a kto nie uwierzy, b\u0119dzie pot\u0119piony Tym za\u015b, kt\u00f3rzy uwierz\u0105, te znaki towarzyszy\u0107 b\u0119d\u0105: W imi\u0119 moje z\u0142e duchy b\u0119d\u0105 wyrzuca\u0107, nowymi j\u0119zykami m\u00f3wi\u0107 b\u0119d\u0105; w\u0119\u017ce bra\u0107 b\u0119d\u0105 do r\u0105k, i je\u015bliby co zatrutego wypili, nie b\u0119dzie im szkodzi\u0107. Na chorych r\u0119ce k\u0142a\u015b\u0107 b\u0119d\u0105, i ci odzyskaj\u0105 zdrowie.<\/b><\/i> <\/span><\/span><\/span><\/p>\n<p align=\"justify\"><span style=\"color: #000000;\"><span style=\"font-family: Book Antiqua, serif;\"><span style=\"font-size: large;\">Te zdania pokazuj\u0105 nam, jak\u0105 moc ma Chrzest \u015awi\u0119ty. Tylko ten sakrament ma moc zmy\u0107 z nas grzech pierworodny i zbli\u017cy\u0107 nas do Boga. I to jest co\u015b niesamowitego, ile B\u00f3g mo\u017ce uczyni\u0107 przez polanie g\u0142owy cz\u0142owieka kilkoma kroplami zwyk\u0142ej wody! Ka\u017cde \u017cycie ma pocz\u0105tek, ludzkie \u017cycie ma pocz\u0105tek w \u0142onie matki, a to duchowe \u017cycie zaczyna si\u0119 z Chrztem \u015awi\u0119tym. <\/span><\/span><\/span><\/p>\n<p align=\"justify\"><span style=\"color: #000000;\"><span style=\"font-family: Book Antiqua, serif;\"><span style=\"font-size: large;\">I to ludzkie \u017cycie pr\u0119dzej czy p\u00f3\u017aniej si\u0119 sko\u0144czy, ale nie to duchowne. Ono b\u0119dzie trwa\u0142o wiecznie. Tylko to od nas zale\u017cy, gdzie b\u0119dziemy chcieli by\u0107 po \u015bmierci: czy w Niebie, czy w piekle. Lecz samo przyj\u0119cie Chrztu jeszcze nie gwarantuje nam tego, \u017ce w Niebie si\u0119 znajdziemy. Musimy jeszcze na to Niebo zas\u0142u\u017cy\u0107. Mo\u017cemy by\u0107 wierni Bogu i jego przykazaniom przez ca\u0142e \u017cycie, albo tak, jak \u015awi\u0119ty Pawe\u0142, mo\u017cemy nawr\u00f3ci\u0107 si\u0119 ju\u017c w doros\u0142ym wieku \u2013 i te\u017c by\u0107 zbawionym. <\/span><\/span><\/span><\/p>\n<p align=\"justify\"><span style=\"color: #000000;\"><span style=\"font-family: Book Antiqua, serif;\"><span style=\"font-size: large;\">Bo Bogu nie chodzi oto, ile czasu tu na ziemi cz\u0142owiek w Niego nie wierzy\u0142, lecz chodzi oto, \u017ce ten cz\u0142owiek Go odnalaz\u0142 i pokocha\u0142. Zawsz\u0119, gdy s\u0142ysz\u0119 jakie\u015b \u015bwiadectwo nawr\u00f3cenia, to przypominam sobie fragment z Ewangelii \u015awi\u0119tego Mateusza: <i><b>Jak wam si\u0119 wydaje? Gdyby jaki\u015b cz\u0142owiek mia\u0142 sto owiec, a jedna z nich zab\u0142\u0105ka\u0142aby si\u0119, czy\u017c nie zostawi tych dziewi\u0119\u0107dziesi\u0119ciu dziewi\u0119ciu i nie p\u00f3jdzie w g\u00f3ry szuka\u0107 zab\u0142\u0105kanej? A je\u015bli uda mu si\u0119 j\u0105 znale\u017a\u0107, zaprawd\u0119 powiadam wam, \u017ce cieszy si\u0119 z niej bardziej ni\u017c z tych dziewi\u0119\u0107dziesi\u0119ciu dziewi\u0119ciu, kt\u00f3re si\u0119 nie zab\u0142\u0105ka\u0142y. Tak te\u017c nie jest wol\u0105 waszego Ojca, kt\u00f3ry jest w niebie, aby zgin\u0105\u0142 jeden z tych ma\u0142ych.<\/b><\/i><\/span><\/span><\/span><\/p>\n<p align=\"justify\"><span style=\"color: #000000;\"><span style=\"font-family: Book Antiqua, serif;\"><span style=\"font-size: large;\">Tak samo B\u00f3g robi z ka\u017cdym cz\u0142owiekiem, kt\u00f3ry zab\u0142\u0105dzi\u0142, albo jeszcze Boga nie pozna\u0142. Bo Bogu zale\u017cy na wszystkich ludziach, lecz najbardziej na tych, kt\u00f3rzy w\u0142a\u015bnie jeszcze Go nie poznali lub gdzie\u015b oddalili si\u0119 od Niego. <\/span><\/span><\/span><\/p>\n<p align=\"justify\"><span style=\"color: #000000;\"><span style=\"font-family: Book Antiqua, serif;\"><span style=\"font-size: large;\">Jednak najbardziej zaskakuj\u0105 mnie zdania ludzi, kt\u00f3rzy m\u00f3wi\u0105: \u201eJeszcze mam czas, by p\u00f3j\u015b\u0107 do Spowiedzi\u201d; albo: \u201eJeszcze mam czas, by si\u0119 pomodli\u0107, czy p\u00f3j\u015b\u0107 do ko\u015bcio\u0142a\u201d. Przecie\u017c nikt z nas nie zna dnia ani godziny, kiedy B\u00f3g po nas przyjdzie i zabierze nas przed swoje oblicze! To co taki cz\u0142owiek wtedy powie Bogu? \u017be my\u015bla\u0142, \u017ce ma jeszcze czas? B\u00f3g Mu w\u00f3wczas odpowie: \u201eDa\u0142em Ci tyle czasu, ile potrzebowa\u0142e\u015b, by si\u0119 nawr\u00f3ci\u0107. Lecz Ty z niego nie skorzysta\u0142e\u015b\u2026\u201d. <\/span><\/span><\/span><\/p>\n<p align=\"justify\"><span style=\"color: #000000;\"><span style=\"font-family: Book Antiqua, serif;\"><span style=\"font-size: large;\">B\u0105d\u017amy jak \u015awi\u0119ty Pawe\u0142, kt\u00f3ry odnalaz\u0142 Boga i Go pokocha\u0142. My r\u00f3wnie\u017c kochajmy Boga i nie tra\u0107my nigdy czasu, by si\u0119 do Niego nawr\u00f3ci\u0107\u2026<\/span><\/span><\/span><\/p>\n","protected":false},"excerpt":{"rendered":"<p>Szcz\u0119\u015b\u0107 Bo\u017ce! Moi Drodzy, w dniu dzisiejszym urodziny prze\u017cywaj\u0105: \u25baPawe\u0142 R\u0119kawek, w swoim czasie \u2013 Szef Wsp\u00f3lnoty m\u0142odzie\u017cowej w Tr\u0105bkach \u25baRafa\u0142 Suchodolski, nasz Komentator na blogu, Cz\u0142owiek wielkiej \u017cyczliwo\u015bci i otwarto\u015bci, cz\u0119sto uczestnicz\u0105cy we Mszy \u015awi\u0119tej w naszym O\u015brodku Duszpasterstwa Akademickiego i wspieraj\u0105cy moj\u0105 dzia\u0142alno\u015b\u0107. Imieniny natomiast prze\u017cywa Tatiana K\u0142usek, za moich czas\u00f3w w Radory\u017cu [&hellip;]<\/p>\n","protected":false},"author":1,"featured_media":0,"comment_status":"open","ping_status":"open","sticky":false,"template":"","format":"standard","meta":{"jetpack_post_was_ever_published":false,"_jetpack_newsletter_access":"","_jetpack_dont_email_post_to_subs":false,"_jetpack_newsletter_tier_id":0,"_jetpack_memberships_contains_paywalled_content":false,"_jetpack_memberships_contains_paid_content":false,"footnotes":""},"categories":[1],"tags":[],"class_list":["post-18465","post","type-post","status-publish","format-standard","hentry","category-bez-kategorii"],"yoast_head":"<!-- This site is optimized with the Yoast SEO plugin v25.1 - https:\/\/yoast.com\/wordpress\/plugins\/seo\/ -->\n<title>Ochrzcij si\u0119 i obmyj z grzech\u00f3w! - Gaudium Et Spes<\/title>\n<meta name=\"robots\" content=\"index, follow, max-snippet:-1, max-image-preview:large, max-video-preview:-1\" \/>\n<link rel=\"canonical\" href=\"https:\/\/gaudiumetspes-blog.pl\/index.php\/2021\/01\/25\/ochrzcij-sie-i-obmyj-z-grzechow\/\" \/>\n<meta property=\"og:locale\" content=\"pl_PL\" \/>\n<meta property=\"og:type\" content=\"article\" \/>\n<meta property=\"og:title\" content=\"Ochrzcij si\u0119 i obmyj z grzech\u00f3w! - Gaudium Et Spes\" \/>\n<meta property=\"og:description\" content=\"Szcz\u0119\u015b\u0107 Bo\u017ce! Moi Drodzy, w dniu dzisiejszym urodziny prze\u017cywaj\u0105: \u25baPawe\u0142 R\u0119kawek, w swoim czasie \u2013 Szef Wsp\u00f3lnoty m\u0142odzie\u017cowej w Tr\u0105bkach \u25baRafa\u0142 Suchodolski, nasz Komentator na blogu, Cz\u0142owiek wielkiej \u017cyczliwo\u015bci i otwarto\u015bci, cz\u0119sto uczestnicz\u0105cy we Mszy \u015awi\u0119tej w naszym O\u015brodku Duszpasterstwa Akademickiego i wspieraj\u0105cy moj\u0105 dzia\u0142alno\u015b\u0107. Imieniny natomiast prze\u017cywa Tatiana K\u0142usek, za moich czas\u00f3w w Radory\u017cu [&hellip;]\" \/>\n<meta property=\"og:url\" content=\"https:\/\/gaudiumetspes-blog.pl\/index.php\/2021\/01\/25\/ochrzcij-sie-i-obmyj-z-grzechow\/\" \/>\n<meta property=\"og:site_name\" content=\"Gaudium Et Spes\" \/>\n<meta property=\"article:published_time\" content=\"2021-01-25T07:04:08+00:00\" \/>\n<meta property=\"article:modified_time\" content=\"2021-01-25T07:05:51+00:00\" \/>\n<meta name=\"author\" content=\"Ks. Jacek\" \/>\n<meta name=\"twitter:card\" content=\"summary_large_image\" \/>\n<meta name=\"twitter:label1\" content=\"Napisane przez\" \/>\n\t<meta name=\"twitter:data1\" content=\"Ks. Jacek\" \/>\n\t<meta name=\"twitter:label2\" content=\"Szacowany czas czytania\" \/>\n\t<meta name=\"twitter:data2\" content=\"9 minut\" \/>\n<script type=\"application\/ld+json\" class=\"yoast-schema-graph\">{\"@context\":\"https:\/\/schema.org\",\"@graph\":[{\"@type\":\"WebPage\",\"@id\":\"https:\/\/gaudiumetspes-blog.pl\/index.php\/2021\/01\/25\/ochrzcij-sie-i-obmyj-z-grzechow\/\",\"url\":\"https:\/\/gaudiumetspes-blog.pl\/index.php\/2021\/01\/25\/ochrzcij-sie-i-obmyj-z-grzechow\/\",\"name\":\"Ochrzcij si\u0119 i obmyj z grzech\u00f3w! - Gaudium Et Spes\",\"isPartOf\":{\"@id\":\"https:\/\/gaudiumetspes-blog.pl\/#website\"},\"datePublished\":\"2021-01-25T07:04:08+00:00\",\"dateModified\":\"2021-01-25T07:05:51+00:00\",\"author\":{\"@id\":\"https:\/\/gaudiumetspes-blog.pl\/#\/schema\/person\/1661982992b752dea8dff0d4ed845a65\"},\"breadcrumb\":{\"@id\":\"https:\/\/gaudiumetspes-blog.pl\/index.php\/2021\/01\/25\/ochrzcij-sie-i-obmyj-z-grzechow\/#breadcrumb\"},\"inLanguage\":\"pl-PL\",\"potentialAction\":[{\"@type\":\"ReadAction\",\"target\":[\"https:\/\/gaudiumetspes-blog.pl\/index.php\/2021\/01\/25\/ochrzcij-sie-i-obmyj-z-grzechow\/\"]}]},{\"@type\":\"BreadcrumbList\",\"@id\":\"https:\/\/gaudiumetspes-blog.pl\/index.php\/2021\/01\/25\/ochrzcij-sie-i-obmyj-z-grzechow\/#breadcrumb\",\"itemListElement\":[{\"@type\":\"ListItem\",\"position\":1,\"name\":\"Strona g\u0142\u00f3wna\",\"item\":\"https:\/\/gaudiumetspes-blog.pl\/\"},{\"@type\":\"ListItem\",\"position\":2,\"name\":\"Ochrzcij si\u0119 i&nbsp;obmyj z&nbsp;grzech\u00f3w!\"}]},{\"@type\":\"WebSite\",\"@id\":\"https:\/\/gaudiumetspes-blog.pl\/#website\",\"url\":\"https:\/\/gaudiumetspes-blog.pl\/\",\"name\":\"Gaudium Et Spes\",\"description\":\"Blog Ks. Jacka Ja\u015bkowskiego\",\"potentialAction\":[{\"@type\":\"SearchAction\",\"target\":{\"@type\":\"EntryPoint\",\"urlTemplate\":\"https:\/\/gaudiumetspes-blog.pl\/?s={search_term_string}\"},\"query-input\":{\"@type\":\"PropertyValueSpecification\",\"valueRequired\":true,\"valueName\":\"search_term_string\"}}],\"inLanguage\":\"pl-PL\"},{\"@type\":\"Person\",\"@id\":\"https:\/\/gaudiumetspes-blog.pl\/#\/schema\/person\/1661982992b752dea8dff0d4ed845a65\",\"name\":\"Ks. Jacek\",\"image\":{\"@type\":\"ImageObject\",\"inLanguage\":\"pl-PL\",\"@id\":\"https:\/\/gaudiumetspes-blog.pl\/#\/schema\/person\/image\/\",\"url\":\"https:\/\/gaudiumetspes-blog.pl\/wp-content\/uploads\/2019\/07\/avatar-JJ-150x150.jpg\",\"contentUrl\":\"https:\/\/gaudiumetspes-blog.pl\/wp-content\/uploads\/2019\/07\/avatar-JJ-150x150.jpg\",\"caption\":\"Ks. Jacek\"},\"description\":\"Witam serdecznie! K\u0142ania si\u0119 Ks. Jacek Ja\u015bkowski. Nie jestem ani kim\u015b wa\u017cnym, ani kim\u015b znanym. Jestem ksi\u0119dzem, kt\u00f3ry po prostu chce rozmawia\u0107. Codzienna kap\u0142a\u0144ska pos\u0142uga pokazuje mi, \u017ce temat\u00f3w do rozm\u00f3w z ksi\u0119dzem jest coraz wi\u0119cej i dzisiaj \u017caden ksi\u0105dz nie mo\u017ce od nich ucieka\u0107, ale - wprost przeciwnie - podejmowa\u0107 nowe wyzwania. To przekonanie sk\u0142oni\u0142o mnie do pr\u00f3by otwarcia tego\u017c bloga, chocia\u017c okazji do rozm\u00f3w na co dzie\u0144 - w konfesjonale i poza nim - na szcz\u0119\u015bcie nie brakuje. My\u015bl\u0119 jednak, \u017ce ten blog b\u0119dzie jeszcze jednym sposobem i przestrzeni\u0105 nawi\u0105zania kontaktu z lud\u017ami dobrej woli, otwartymi na dialog.\",\"url\":\"https:\/\/gaudiumetspes-blog.pl\/index.php\/author\/ks-jacek\/\"}]}<\/script>\n<!-- \/ Yoast SEO plugin. -->","yoast_head_json":{"title":"Ochrzcij si\u0119 i obmyj z grzech\u00f3w! - Gaudium Et Spes","robots":{"index":"index","follow":"follow","max-snippet":"max-snippet:-1","max-image-preview":"max-image-preview:large","max-video-preview":"max-video-preview:-1"},"canonical":"https:\/\/gaudiumetspes-blog.pl\/index.php\/2021\/01\/25\/ochrzcij-sie-i-obmyj-z-grzechow\/","og_locale":"pl_PL","og_type":"article","og_title":"Ochrzcij si\u0119 i obmyj z grzech\u00f3w! - Gaudium Et Spes","og_description":"Szcz\u0119\u015b\u0107 Bo\u017ce! Moi Drodzy, w dniu dzisiejszym urodziny prze\u017cywaj\u0105: \u25baPawe\u0142 R\u0119kawek, w swoim czasie \u2013 Szef Wsp\u00f3lnoty m\u0142odzie\u017cowej w Tr\u0105bkach \u25baRafa\u0142 Suchodolski, nasz Komentator na blogu, Cz\u0142owiek wielkiej \u017cyczliwo\u015bci i otwarto\u015bci, cz\u0119sto uczestnicz\u0105cy we Mszy \u015awi\u0119tej w naszym O\u015brodku Duszpasterstwa Akademickiego i wspieraj\u0105cy moj\u0105 dzia\u0142alno\u015b\u0107. Imieniny natomiast prze\u017cywa Tatiana K\u0142usek, za moich czas\u00f3w w Radory\u017cu [&hellip;]","og_url":"https:\/\/gaudiumetspes-blog.pl\/index.php\/2021\/01\/25\/ochrzcij-sie-i-obmyj-z-grzechow\/","og_site_name":"Gaudium Et Spes","article_published_time":"2021-01-25T07:04:08+00:00","article_modified_time":"2021-01-25T07:05:51+00:00","author":"Ks. Jacek","twitter_card":"summary_large_image","twitter_misc":{"Napisane przez":"Ks. Jacek","Szacowany czas czytania":"9 minut"},"schema":{"@context":"https:\/\/schema.org","@graph":[{"@type":"WebPage","@id":"https:\/\/gaudiumetspes-blog.pl\/index.php\/2021\/01\/25\/ochrzcij-sie-i-obmyj-z-grzechow\/","url":"https:\/\/gaudiumetspes-blog.pl\/index.php\/2021\/01\/25\/ochrzcij-sie-i-obmyj-z-grzechow\/","name":"Ochrzcij si\u0119 i obmyj z grzech\u00f3w! - Gaudium Et Spes","isPartOf":{"@id":"https:\/\/gaudiumetspes-blog.pl\/#website"},"datePublished":"2021-01-25T07:04:08+00:00","dateModified":"2021-01-25T07:05:51+00:00","author":{"@id":"https:\/\/gaudiumetspes-blog.pl\/#\/schema\/person\/1661982992b752dea8dff0d4ed845a65"},"breadcrumb":{"@id":"https:\/\/gaudiumetspes-blog.pl\/index.php\/2021\/01\/25\/ochrzcij-sie-i-obmyj-z-grzechow\/#breadcrumb"},"inLanguage":"pl-PL","potentialAction":[{"@type":"ReadAction","target":["https:\/\/gaudiumetspes-blog.pl\/index.php\/2021\/01\/25\/ochrzcij-sie-i-obmyj-z-grzechow\/"]}]},{"@type":"BreadcrumbList","@id":"https:\/\/gaudiumetspes-blog.pl\/index.php\/2021\/01\/25\/ochrzcij-sie-i-obmyj-z-grzechow\/#breadcrumb","itemListElement":[{"@type":"ListItem","position":1,"name":"Strona g\u0142\u00f3wna","item":"https:\/\/gaudiumetspes-blog.pl\/"},{"@type":"ListItem","position":2,"name":"Ochrzcij si\u0119 i&nbsp;obmyj z&nbsp;grzech\u00f3w!"}]},{"@type":"WebSite","@id":"https:\/\/gaudiumetspes-blog.pl\/#website","url":"https:\/\/gaudiumetspes-blog.pl\/","name":"Gaudium Et Spes","description":"Blog Ks. Jacka Ja\u015bkowskiego","potentialAction":[{"@type":"SearchAction","target":{"@type":"EntryPoint","urlTemplate":"https:\/\/gaudiumetspes-blog.pl\/?s={search_term_string}"},"query-input":{"@type":"PropertyValueSpecification","valueRequired":true,"valueName":"search_term_string"}}],"inLanguage":"pl-PL"},{"@type":"Person","@id":"https:\/\/gaudiumetspes-blog.pl\/#\/schema\/person\/1661982992b752dea8dff0d4ed845a65","name":"Ks. Jacek","image":{"@type":"ImageObject","inLanguage":"pl-PL","@id":"https:\/\/gaudiumetspes-blog.pl\/#\/schema\/person\/image\/","url":"https:\/\/gaudiumetspes-blog.pl\/wp-content\/uploads\/2019\/07\/avatar-JJ-150x150.jpg","contentUrl":"https:\/\/gaudiumetspes-blog.pl\/wp-content\/uploads\/2019\/07\/avatar-JJ-150x150.jpg","caption":"Ks. Jacek"},"description":"Witam serdecznie! K\u0142ania si\u0119 Ks. Jacek Ja\u015bkowski. Nie jestem ani kim\u015b wa\u017cnym, ani kim\u015b znanym. Jestem ksi\u0119dzem, kt\u00f3ry po prostu chce rozmawia\u0107. Codzienna kap\u0142a\u0144ska pos\u0142uga pokazuje mi, \u017ce temat\u00f3w do rozm\u00f3w z ksi\u0119dzem jest coraz wi\u0119cej i dzisiaj \u017caden ksi\u0105dz nie mo\u017ce od nich ucieka\u0107, ale - wprost przeciwnie - podejmowa\u0107 nowe wyzwania. To przekonanie sk\u0142oni\u0142o mnie do pr\u00f3by otwarcia tego\u017c bloga, chocia\u017c okazji do rozm\u00f3w na co dzie\u0144 - w konfesjonale i poza nim - na szcz\u0119\u015bcie nie brakuje. My\u015bl\u0119 jednak, \u017ce ten blog b\u0119dzie jeszcze jednym sposobem i przestrzeni\u0105 nawi\u0105zania kontaktu z lud\u017ami dobrej woli, otwartymi na dialog.","url":"https:\/\/gaudiumetspes-blog.pl\/index.php\/author\/ks-jacek\/"}]}},"jetpack_featured_media_url":"","jetpack_sharing_enabled":true,"_links":{"self":[{"href":"https:\/\/gaudiumetspes-blog.pl\/index.php\/wp-json\/wp\/v2\/posts\/18465","targetHints":{"allow":["GET"]}}],"collection":[{"href":"https:\/\/gaudiumetspes-blog.pl\/index.php\/wp-json\/wp\/v2\/posts"}],"about":[{"href":"https:\/\/gaudiumetspes-blog.pl\/index.php\/wp-json\/wp\/v2\/types\/post"}],"author":[{"embeddable":true,"href":"https:\/\/gaudiumetspes-blog.pl\/index.php\/wp-json\/wp\/v2\/users\/1"}],"replies":[{"embeddable":true,"href":"https:\/\/gaudiumetspes-blog.pl\/index.php\/wp-json\/wp\/v2\/comments?post=18465"}],"version-history":[{"count":2,"href":"https:\/\/gaudiumetspes-blog.pl\/index.php\/wp-json\/wp\/v2\/posts\/18465\/revisions"}],"predecessor-version":[{"id":18467,"href":"https:\/\/gaudiumetspes-blog.pl\/index.php\/wp-json\/wp\/v2\/posts\/18465\/revisions\/18467"}],"wp:attachment":[{"href":"https:\/\/gaudiumetspes-blog.pl\/index.php\/wp-json\/wp\/v2\/media?parent=18465"}],"wp:term":[{"taxonomy":"category","embeddable":true,"href":"https:\/\/gaudiumetspes-blog.pl\/index.php\/wp-json\/wp\/v2\/categories?post=18465"},{"taxonomy":"post_tag","embeddable":true,"href":"https:\/\/gaudiumetspes-blog.pl\/index.php\/wp-json\/wp\/v2\/tags?post=18465"}],"curies":[{"name":"wp","href":"https:\/\/api.w.org\/{rel}","templated":true}]}}