{"id":18468,"date":"2021-01-26T07:48:19","date_gmt":"2021-01-26T06:48:19","guid":{"rendered":"https:\/\/gaudiumetspes-blog.pl\/?p=18468"},"modified":"2021-01-26T07:48:19","modified_gmt":"2021-01-26T06:48:19","slug":"duch-mocy-i-milosci-i-trzezwego-myslenia","status":"publish","type":"post","link":"https:\/\/gaudiumetspes-blog.pl\/index.php\/2021\/01\/26\/duch-mocy-i-milosci-i-trzezwego-myslenia\/","title":{"rendered":"Duch mocy i mi\u0142o\u015bci &#8211; i trze\u017awego my\u015blenia!"},"content":{"rendered":"<p align=\"justify\"><span style=\"color: #000000;\"><span style=\"font-family: Book Antiqua, serif;\"><span style=\"font-size: large;\">Szcz\u0119\u015b\u0107 Bo\u017ce! Moi Drodzy, wczorajszy dzie\u0144 ju\u017c pokaza\u0142 wyra\u017ane efekty prac remontowych w naszej Kaplicy. Jest pomalowana, na nowo porozmieszczane zosta\u0142y \u015bwiat\u0142a, pouszczelniane zosta\u0142y miejsca, przez kt\u00f3re wiatr hula\u0142 w spos\u00f3b niekontrolowany. Pozosta\u0142a wymiana okien, ale ona zacznie si\u0119 w czwartek. I tak \u2013 je\u015bli B\u00f3g pozwoli \u2013 ju\u017c w niedziel\u0119 celebrowa\u0107 b\u0119dziemy Msz\u0119 \u015awi\u0119t\u0105 w odnowionym miejscu \u015bwi\u0119tym. Bardzo dzi\u0119kuj\u0119 niezwykle sprawnej Ekipie, o kt\u00f3rej wi\u0119cej napisz\u0119 w\u0142a\u015bnie w niedziel\u0119.<\/span><\/span><\/span><\/p>\n<p align=\"justify\"><span style=\"color: #000000;\"><span style=\"font-family: Book Antiqua, serif;\"><span style=\"font-size: large;\">Tymczasem, zapraszam do ws\u0142uchania si\u0119 w Bo\u017ce s\u0142owo i <b>odkryci<\/b><b>a<\/b><b> przes\u0142ania, z jakim Pan zwraca si\u0119 osobi\u015bcie do mnie.<\/b> Niech Duch \u015awi\u0119ty natchnie i o\u015bwieci w tym poszukiwaniu!<\/span><\/span><\/span><\/p>\n<p align=\"justify\"><span style=\"color: #000000;\"><span style=\"font-family: Book Antiqua, serif;\"><span style=\"font-size: large;\"><b>Niech Was b\u0142ogos\u0142awi B\u00f3g Wszechmog\u0105cy: Ojciec + i Syn, i Duch \u015awi\u0119ty. Amen<\/b><\/span><\/span><\/span><\/p>\n<p align=\"center\"><span style=\"color: #000000;\"><span style=\"font-family: Book Antiqua, serif;\"><span style=\"font-size: large;\">Gaudium et spes! Ks. Jacek<\/span><\/span><\/span><\/p>\n<p align=\"center\">\n<p align=\"center\">\n<p align=\"center\">\n<p align=\"center\">\n<p align=\"center\">\n<p align=\"justify\"><span style=\"color: #000000;\"><span style=\"font-family: Book Antiqua, serif;\"><span style=\"font-size: large;\"><b>Wspomnienie \u015aw. Tymoteusza i Tytusa, Biskup\u00f3w,<\/b><\/span><\/span><\/span><\/p>\n<p align=\"justify\"><span style=\"color: #000000;\"><span style=\"font-family: Book Antiqua, serif;\"><span style=\"font-size: large;\"><b>26 stycznia 2021.,<\/b><\/span><\/span><\/span><\/p>\n<p align=\"justify\"><span style=\"color: #000000;\"><span style=\"font-family: Book Antiqua, serif;\"><span style=\"font-size: large;\"><b>do czyta\u0144 z t. VI Lekcjonarza: 2 Tm 1,1\u20138; albo: Tt 1,1\u20135; \u0141k 10,1\u20139<\/b><\/span><\/span><\/span><\/p>\n<p align=\"justify\">\n<p align=\"justify\">\n<p align=\"justify\">\n<p align=\"justify\">\n<p align=\"justify\">\n<p align=\"justify\"><span style=\"color: #000000;\"><span style=\"font-family: Book Antiqua, serif;\"><span style=\"font-size: large;\"><b>CZYTANIE Z DRUGIEGO LISTU \u015aWI\u0118TEGO PAW\u0141A APOSTO\u0141A DO TYMOTEUSZA:<\/b><\/span><\/span><\/span><\/p>\n<p align=\"justify\"><span style=\"color: #000000;\"><span style=\"font-family: Book Antiqua, serif;\"><span style=\"font-size: large;\"><b>Pawe\u0142, z woli Boga aposto\u0142 Chrystusa Jezusa, pos\u0142any dla g\u0142oszenia \u017cycia obiecanego w Chrystusie Jezusie, do Tymoteusza, swego umi\u0142owanego dziecka. \u0141aska, mi\u0142osierdzie, pok\u00f3j od Boga Ojca i Chrystusa Jezusa, naszego Pana.<\/b><\/span><\/span><\/span><\/p>\n<p align=\"justify\"><span style=\"color: #000000;\"><span style=\"font-family: Book Antiqua, serif;\"><span style=\"font-size: large;\"><b>Dzi\u0119kuj\u0119 Bogu, kt\u00f3remu s\u0142u\u017c\u0119 jak moi przodkowie z czystym sumieniem, gdy zachowuj\u0119 nieprzerwan\u0105 pami\u0119\u0107 o tobie w moich modlitwach. W nocy i we dnie pragn\u0119 ci\u0119 zobaczy\u0107, pomny na twoje \u0142zy, by nape\u0142ni\u0142a mnie rado\u015b\u0107 na wspomnienie wiary bez ob\u0142udy, jaka jest w tobie; ona to zamieszka\u0142a pierwej w twej babce Lois i w twej matce Eunice, a pewien jestem, \u017ce mieszka i w tobie.<\/b><\/span><\/span><\/span><\/p>\n<p align=\"justify\"><span style=\"color: #000000;\"><span style=\"font-family: Book Antiqua, serif;\"><span style=\"font-size: large;\"><b>Z tej w\u0142a\u015bnie przyczyny przypominam ci, aby\u015b rozpali\u0142 na nowo charyzmat Bo\u017cy, kt\u00f3ry jest w tobie przez w\u0142o\u017cenie moich r\u0105k. Albowiem nie da\u0142 nam B\u00f3g ducha boja\u017ani, ale mocy i mi\u0142o\u015bci, i trze\u017awego my\u015blenia. Nie wstyd\u017a si\u0119 zatem \u015bwiadectwa naszego Pana ani mnie, Jego wi\u0119\u017ania, lecz we\u017a udzia\u0142 w trudach i przeciwno\u015bciach znoszonych dla Ewangelii wed\u0142ug danej mocy Boga.<\/b><\/span><\/span><\/span><\/p>\n<p align=\"justify\">\n<p align=\"justify\">\n<p align=\"justify\">\n<p align=\"justify\">\n<p align=\"justify\">\n<p align=\"center\"><span style=\"color: #000000;\"><span style=\"font-family: Book Antiqua, serif;\"><span style=\"font-size: large;\"><b>ALBO:<\/b><\/span><\/span><\/span><\/p>\n<p align=\"center\">\n<p align=\"center\">\n<p align=\"center\">\n<p align=\"center\">\n<p align=\"center\">\n<p align=\"justify\"><span style=\"color: #000000;\"><span style=\"font-family: Book Antiqua, serif;\"><span style=\"font-size: large;\"><b>CZYTANIE Z LISTU \u015aWI\u0118TEGO PAW\u0141A APOSTO\u0141A DO TYTUSA:<\/b><\/span><\/span><\/span><\/p>\n<p align=\"justify\"><span style=\"color: #000000;\"><span style=\"font-family: Book Antiqua, serif;\"><span style=\"font-size: large;\"><b>Pawe\u0142, s\u0142uga Boga i aposto\u0142 Jezusa Chrystusa, pos\u0142any do szerzenia w\u015br\u00f3d wybranych Bo\u017cych wiary i poznania prawdy wiod\u0105cej do \u017cycia w pobo\u017cno\u015bci, w nadziei \u017cycia wiecznego, jakie przyobieca\u0142 przed wiekami prawdom\u00f3wny B\u00f3g, a we w\u0142a\u015bciwym czasie objawi\u0142 swe s\u0142owo przez nauczanie powierzone mi z rozkazu Boga, Zbawiciela naszego, do Tytusa, dziecka mego prawdziwego we wsp\u00f3lnej nam wierze. \u0141aska i pok\u00f3j od Boga Ojca i Chrystusa Jezusa, Zbawiciela naszego. <\/b><\/span><\/span><\/span><\/p>\n<p align=\"justify\"><span style=\"color: #000000;\"><span style=\"font-family: Book Antiqua, serif;\"><span style=\"font-size: large;\"><b>W tym celu zostawi\u0142em ci\u0119 na Krecie, by\u015b nale\u017cycie za\u0142atwia\u0142 zaleg\u0142e sprawy i ustanowi\u0142 w ka\u017cdym mie\u015bcie prezbiter\u00f3w, jak ci poleci\u0142em.<\/b><\/span><\/span><\/span><\/p>\n<p align=\"justify\">\n<p align=\"justify\">\n<p align=\"justify\">\n<p align=\"justify\">\n<p align=\"justify\">\n<p align=\"justify\"><span style=\"color: #000000;\"><span style=\"font-family: Book Antiqua, serif;\"><span style=\"font-size: large;\"><b>S\u0141OWA EWANGELII WED\u0141UG \u015aWI\u0118TEGO \u0141UKASZA:<\/b><\/span><\/span><\/span><\/p>\n<p align=\"justify\"><span style=\"color: #000000;\"><span style=\"font-family: Book Antiqua, serif;\"><span style=\"font-size: large;\"><b>Spo\u015br\u00f3d swoich uczni\u00f3w wyznaczy\u0142 Pan jeszcze innych, siedemdziesi\u0119ciu dw\u00f3ch, i wys\u0142a\u0142 ich po dw\u00f3ch przed sob\u0105 do ka\u017cdego miasta i miejscowo\u015bci, dok\u0105d sam przyj\u015b\u0107 zamierza\u0142. <\/b><\/span><\/span><\/span><\/p>\n<p align=\"justify\"><span style=\"color: #000000;\"><span style=\"font-family: Book Antiqua, serif;\"><span style=\"font-size: large;\"><b>Powiedzia\u0142 te\u017c do nich: \u201e\u017bniwo wprawdzie wielkie, ale robotnik\u00f3w ma\u0142o; pro\u015bcie wi\u0119c Pana \u017cniwa, \u017ceby wyprawi\u0142 robotnik\u00f3w na swoje \u017cniwo. Id\u017acie, oto was posy\u0142am jak owce mi\u0119dzy wilki. Nie no\u015bcie ze sob\u0105 trzosa ani torby, ani sanda\u0142\u00f3w; i nikogo w drodze nie pozdrawiajcie. <\/b><\/span><\/span><\/span><\/p>\n<p align=\"justify\"><span style=\"color: #000000;\"><span style=\"font-family: Book Antiqua, serif;\"><span style=\"font-size: large;\"><b>Gdy do jakiego domu wejdziecie, najpierw m\u00f3wcie: \u00abPok\u00f3j temu domowi!\u00bb Je\u015bli tam mieszka cz\u0142owiek godny pokoju, wasz pok\u00f3j spocznie na nim; je\u015bli nie, powr\u00f3ci do was. <\/b><\/span><\/span><\/span><\/p>\n<p align=\"justify\"><span style=\"color: #000000;\"><span style=\"font-family: Book Antiqua, serif;\"><span style=\"font-size: large;\"><b>W tym samym domu zosta\u0144cie, jedz\u0105c i pij\u0105c, co maj\u0105: bo zas\u0142uguje robotnik na sw\u0105 zap\u0142at\u0119.<\/b><\/span><\/span><\/span><\/p>\n<p align=\"justify\"><span style=\"color: #000000;\"><span style=\"font-family: Book Antiqua, serif;\"><span style=\"font-size: large;\"><b>Nie przechod\u017acie z domu do domu. Je\u015bli do jakiego miasta wejdziecie i przyjm\u0105 was, jedzcie, co wam podadz\u0105; uzdrawiajcie chorych, kt\u00f3rzy tam s\u0105, i m\u00f3wcie im: \u00abPrzybli\u017cy\u0142o si\u0119 do was kr\u00f3lestwo Bo\u017ce\u00bb\u201d.<\/b><\/span><\/span><\/span><\/p>\n<p align=\"justify\">\n<p align=\"justify\">\n<p align=\"justify\">\n<p align=\"justify\">\n<p align=\"justify\">\n<p align=\"justify\"><span style=\"color: #000000;\"><span style=\"font-family: Book Antiqua, serif;\"><span style=\"font-size: large;\">Pierwszy spo\u015br\u00f3d dzisiejszych Patron\u00f3w,<b> Tymoteusz<\/b> by\u0142 wiernym i oddanym uczniem oraz wsp\u00f3\u0142pracownikiem \u015awi\u0119tego Paw\u0142a. \u015awi\u0119ty Pawe\u0142 nazywa go <b>\u201enajdro\u017cszym synem\u201d, \u201ebratem\u201d, \u201epomocnikiem\u201d,<\/b> kt\u00f3rego wspomina ze \u0142zami. Kiedy Aposto\u0142 Narod\u00f3w zatrzyma\u0142 si\u0119 w czasie swojej drugiej podr\u00f3\u017cy w miasteczku Listra, nawr\u00f3ci\u0142 dwie \u017byd\u00f3wki: kobiet\u0119 imieniem Lois i jej c\u00f3rk\u0119, Eunik\u0119. <b>Synem tej\u017ce Euniki, a wnukiem Lois, by\u0142 \u015awi\u0119ty Tymoteusz.<\/b> Jego ojcem by\u0142 zamo\u017cny Grek, poganin, kt\u00f3ry jednak pozwoli\u0142 babce i matce wychowa\u0107 Tymoteusza w wierze moj\u017ceszowej. <\/span><\/span><\/span><\/p>\n<p align=\"justify\"><span style=\"color: #000000;\"><span style=\"font-family: Book Antiqua, serif;\"><span style=\"font-size: large;\">Tymoteusz by\u0142 cz\u0142owiekiem wykszta\u0142conym. <b>Zna\u0142 Pismo <\/b><b>\u015a<\/b><b>wi\u0119te <\/b>i cz\u0119sto si\u0119 w nim rozczytywa\u0142.<b> Wyr\u00f3\u017cnia\u0142 si\u0119 dobrymi obyczajami.<\/b> Chrzest przyj\u0105\u0142 z r\u0105k \u015awi\u0119tego Paw\u0142a. Dlatego s\u0142usznie Aposto\u0142 nazywa\u0142 go swoim synem. Dla u\u0142atwienia Tymoteuszowi pracy w\u015br\u00f3d rodak\u00f3w, podda\u0142 go Pawe\u0142 obrzezaniu. Cz\u0119sto Aposto\u0142 <b>zleca\u0142 Tymoteuszowi trudne i poufne sprawy <\/b>w poszczeg\u00f3lnych gminach, kt\u00f3re za\u0142o\u017cy\u0142. Jego te\u017c wyznaczy\u0142 Biskupem Efezu, \u00f3wczesnej metropolii Ma\u0142ej Azji i stolicy rzymskiej prowincji. <\/span><\/span><\/span><\/p>\n<p align=\"justify\"><span style=\"color: #000000;\"><span style=\"font-family: Book Antiqua, serif;\"><span style=\"font-size: large;\">W czasie swoich podr\u00f3\u017cy po Ma\u0142ej Azji, Grecji i do Jerozolimy, \u015awi\u0119ty Pawe\u0142 zabiera\u0142 ze sob\u0105 Tymoteusza do pomocy w pos\u0142udze apostolskiej. <b>Tymoteusz dzieli\u0142 tak\u017ce ze swoim mistrzem wi\u0119zienie w Rzymie.<\/b> Dwa Paw\u0142owe Listy, do niego skierowane, znajdujemy w\u015br\u00f3d ksi\u0105g Nowego Testamentu. Pawe\u0142 wydaje mu najpi\u0119kniejsze \u015bwiadectwo i daje pouczenia, jak ma rz\u0105dzi\u0107 Ko\u015bcio\u0142em w Efezie.<\/span><\/span><\/span><\/p>\n<p align=\"justify\"><span style=\"color: #000000;\"><span style=\"font-family: Book Antiqua, serif;\"><span style=\"font-size: large;\">Z kolei drugi dzisiejszy Patron, <b>Tytus,<\/b> znany jest wy\u0142\u0105cznie z List\u00f3w \u015awi\u0119tego Paw\u0142a. Pochodzi\u0142 z rodziny grecko\u2013rzymskiej, zamieszka\u0142ej w okolicy Antiochii Syryjskiej. Stamt\u0105d bowiem zabra\u0142 go Aposto\u0142 do Jerozolimy. <b>Zosta\u0142 ochrzczony przez \u015awi\u0119tego Paw\u0142a <\/b>przed Soborem apostolskim, w 49 roku. Obok Tymoteusza i \u0141ukasza Ewangelisty, Tytus nale\u017ca\u0142 <b>do najbli\u017cszych i najbardziej zaufanych uczni\u00f3w \u015awi\u0119tego Paw\u0142a Aposto\u0142a.<\/b> Towarzyszy\u0142 mu w podr\u00f3\u017cach i na Soborze Jerozolimskim. <\/span><\/span><\/span><\/p>\n<p align=\"justify\"><span style=\"color: #000000;\"><span style=\"font-family: Book Antiqua, serif;\"><span style=\"font-size: large;\">Dowodem wyj\u0105tkowego zaufania, jakim tak w ko\u0144cu m\u0142odego cz\u0142owieka darzy\u0142 \u015awi\u0119ty Pawe\u0142, by\u0142y <b>delikatne misje, jakie mu powierza\u0142.<\/b> Jego to w\u0142a\u015bnie wys\u0142a\u0142 do Koryntu. Nie pozwoli\u0142 go te\u017c obrzeza\u0107 w przekonaniu, \u017ce jego praca apostolska b\u0119dzie rozwija\u0107 si\u0119 nie w\u015br\u00f3d \u017byd\u00f3w, ale w\u015br\u00f3d pogan. <b>W swoich Listach Aposto\u0142 Narod\u00f3w oddaje Tytusowi najwy\u017csze pochwa\u0142y.<\/b> Jeden za\u015b List skierowa\u0142 wy\u0142\u0105cznie do niego \u2013 i ten List znalaz\u0142 si\u0119 w kanonie Nowego Testamentu. Oko\u0142o roku <b>63 Pawe\u0142 ustanowi\u0142 go <\/b><b>B<\/b><b>iskupem gminy chrze\u015bcija\u0144skiej na Krecie.<\/b><\/span><\/span><\/span><\/p>\n<p align=\"justify\"><span style=\"color: #000000;\"><span style=\"font-family: Book Antiqua, serif;\"><span style=\"font-size: large;\">S\u0142uchaj\u0105c czyta\u0144 mszalnych, przeznaczonych specjalnie na dzisiejsze wspomnienie, a wi\u0119c nie b\u0119d\u0105cych dalszym ci\u0105giem czyta\u0144 z Okresu Zwyk\u0142ego, <b>odnosimy te teksty w\u0142a\u015bnie do obu Biskup\u00f3w<\/b> m\u0142odego Ko\u015bcio\u0142a i wsp\u00f3\u0142pracownik\u00f3w Aposto\u0142a Paw\u0142a. Oni to bowiem stali si\u0119<b> adresatami bardzo konkretnych wskaza\u0144 i poucze\u0144,<\/b> jakie skierowa\u0142 do nich \u015awi\u0119ty Pawe\u0142 \u2013 w ramach prowadzonej tak owocnie wsp\u00f3\u0142pracy. Nie mo\u017cemy jednak nie zauwa\u017cy\u0107 bardzo du\u017cej dozy serdeczno\u015bci, z jak\u0105 zwraca si\u0119 do ka\u017cdego z nich.<\/span><\/span><\/span><\/p>\n<p align=\"justify\"><span style=\"color: #000000;\"><span style=\"font-family: Book Antiqua, serif;\"><span style=\"font-size: large;\">Do Tymoteusza &#8211; jako <i><b>swego umi\u0142owanego dziecka<\/b><\/i><b> \u2013<\/b> zwraca si\u0119 ze s\u0142owami: <i><b>\u0141aska, mi\u0142osierdzie, pok\u00f3j od Boga Ojca i Chrystusa<\/b><\/i><b> <\/b><i><b>Jezusa, naszego Pana. <\/b><\/i><i><b>Dzi\u0119kuj\u0119 Bogu, kt\u00f3remu s\u0142u\u017c\u0119 jak moi przodkowie z czystym sumieniem, gdy zachowuj\u0119 nieprzerwan\u0105 pami\u0119\u0107 o tobie w moich modlitwach.<\/b><\/i><\/span><\/span><\/span><\/p>\n<p align=\"justify\"><span style=\"color: #000000;\"><span style=\"font-family: Book Antiqua, serif;\"><span style=\"font-size: large;\">Natomiast do Tytusa zwraca si\u0119 jako do <i><b>dziecka<\/b><\/i><b> <\/b><b>[sw<\/b><b>ego<\/b><b>]<\/b><b> <\/b><i><b>prawdziwego we wsp\u00f3lnej nam wierze.<\/b><\/i><b> <\/b>I poleca mu: <i><b>W tym celu zostawi\u0142em ci\u0119 na Krecie, by\u015b nale\u017cycie za\u0142atwia\u0142 zaleg\u0142e sprawy i ustanowi\u0142 w ka\u017cdym mie\u015bcie prezbiter\u00f3w, jak ci poleci\u0142em.<\/b><\/i><b> <\/b>Jest to znakiem i dowodem owego \u2013 wspomnianego ju\u017c \u2013 wielkiego zaufania, jakie w nim pok\u0142ada\u0142. <\/span><\/span><\/span><\/p>\n<p align=\"justify\"><span style=\"color: #000000;\"><span style=\"font-family: Book Antiqua, serif;\"><span style=\"font-size: large;\">Ewangelia natomiast poszerza nasze spojrzenie na ca\u0142y problem powo\u0142ania apostolskiego. I chocia\u017c w stwierdzeniu Ewangelisty \u0141ukasza, i\u017c Pan <i><b>wys\u0142a\u0142 ich po dw\u00f3ch przed sob\u0105,<\/b><\/i><b> <\/b>mo\u017cemy \u2013 troch\u0119 tak na si\u0142\u0119 \u2013 zobaczy\u0107 analogi\u0119 do pos\u0142annictwa dw\u00f3ch dzisiejszych Patron\u00f3w, to jednak nie mamy w\u0105tpliwo\u015bci, \u017ce ca\u0142a sprawa dotyczy <b>wszystkich, kiedykolwiek pos\u0142anych<\/b> przez Jezusa, do pe\u0142nienia misji apostolskiej. <\/span><\/span><\/span><\/p>\n<p align=\"justify\"><span style=\"color: #000000;\"><span style=\"font-family: Book Antiqua, serif;\"><span style=\"font-size: large;\">Przede wszystkim, Jezus zach\u0119ca, aby modli\u0107 si\u0119 o nowych \u017cniwiarzy na Bo\u017c\u0105 rol\u0119. M\u00f3wi: <i><b>\u017bniwo wprawdzie wielkie, ale robotnik\u00f3w ma\u0142o; pro\u015bcie wi\u0119c Pana \u017cniwa, \u017ceby wyprawi\u0142 robotnik\u00f3w na swoje \u017cniwo.<\/b><\/i><i> <\/i>Mo\u017ce to nas nieco zaskakuje, bo to troch\u0119 wygl\u0105da tak, jakby nam, ludziom, mia\u0142o <b>bardziej zale\u017ce\u0107 <\/b>na dobru Ko\u015bcio\u0142a, ni\u017c Bogu, a przecie\u017c dobrze wiemy, i\u017c to Jemu zale\u017cy najbardziej. <\/span><\/span><\/span><\/p>\n<p align=\"justify\"><span style=\"color: #000000;\"><span style=\"font-family: Book Antiqua, serif;\"><span style=\"font-size: large;\">Mamy prosi\u0107 Pana \u017cniwa, \u017ceby pos\u0142a\u0142 robotnik\u00f3w na <b>swoje<\/b> \u017cniwo? <b>To On sam o tym nie wie?<\/b> To troch\u0119 tak, jakby pracownicy jakiej\u015b firmy mieli prosi\u0107 w\u0142a\u015bciciela, \u017ceby dba\u0142 o swoj\u0105 firm\u0119 \u2013 <b>ja<\/b><b>k gdyby<\/b><b> sam o tym nie wiedzia\u0142<\/b> i nie zamierza\u0142 o ni\u0105 dba\u0107. <\/span><\/span><\/span><\/p>\n<p align=\"justify\"><span style=\"color: #000000;\"><span style=\"font-family: Book Antiqua, serif;\"><span style=\"font-size: large;\">Tymczasem jednak, w tym pouczeniu Jezusa mamy widzie\u0107 tak\u0105 oto my\u015bl, i\u017c troska o Ko\u015bci\u00f3\u0142 ma by\u0107 <b>wsp\u00f3lnym dzie\u0142em \u2013 Boga i cz\u0142owieka.<\/b> I o ile co do troski Boga nie mo\u017cemy mie\u0107 w\u0105tpliwo\u015bci, o tyle je\u015bli idzie o nastawienie cz\u0142owieka, to nie zawsze jest to oczywiste. Dlatego nasz\u0105 trosk\u0119 o Ko\u015bci\u00f3\u0142 powinni\u015bmy wyra\u017ca\u0107 <b>tak\u017ce w modlitwie,<\/b> aby Pan posy\u0142a\u0142 dobrych robotnik\u00f3w na swoje \u017cniwo. Mamy pokaza\u0107, \u017ce nam na tym zale\u017cy \u2013 \u017ce si\u0119 <b>o nich<\/b> modlimy i \u017ce si\u0119 <b>za nich<\/b> modlimy, aby dobrze wype\u0142nili swoje zadanie. <\/span><\/span><\/span><\/p>\n<p align=\"justify\"><span style=\"color: #000000;\"><span style=\"font-family: Book Antiqua, serif;\"><span style=\"font-size: large;\">Do samych za\u015b powo\u0142anych i pos\u0142anych Jezus m\u00f3wi: <i><b>Id\u017acie, oto was posy\u0142am jak owce mi\u0119dzy wilki. Nie no\u015bcie ze sob\u0105 trzosa ani torby, ani sanda\u0142\u00f3w; i nikogo w drodze nie pozdrawiajcie.<\/b><\/i><b> <\/b>Po czym daje szczeg\u00f3\u0142owe wskazania, co i jak maj\u0105 robi\u0107 i m\u00f3wi\u0107, kiedy wejd\u0105 do konkretnych dom\u00f3w. <\/span><\/span><\/span><\/p>\n<p align=\"justify\"><span style=\"color: #000000;\"><span style=\"font-family: Book Antiqua, serif;\"><span style=\"font-size: large;\">W taki w\u0142a\u015bnie spos\u00f3b pos\u0142a\u0142 Tymoteusza i Tytusa, daj\u0105c im \u2013 przez Aposto\u0142a Paw\u0142a \u2013 jeszcze <b>wiele szczeg\u00f3\u0142owych wskaza\u0144,<\/b> dotycz\u0105cych ich pos\u0142ugi. I tak\u017ce nas posy\u0142a, aby\u015bmy jako Jego aposto\u0142owie \u2013 w naszej codzienno\u015bci, w\u015br\u00f3d swojego otoczenia \u2013 byli <b>\u017cniwiarzami na Jego roli,<\/b> Jego najbli\u017cszymi wsp\u00f3\u0142pracownikami i \u015bwiadkami. <\/span><\/span><\/span><\/p>\n<p align=\"justify\"><span style=\"color: #000000;\"><span style=\"font-family: Book Antiqua, serif;\"><span style=\"font-size: large;\">Naprawd\u0119, zaszczytne powo\u0142anie, kt\u00f3rymi obdarzeni zostali Tymoteusz i Tytus, <b>nie zosta\u0142o tylko im zarezerwowane<\/b> czy zastrze\u017cone. Oni w spos\u00f3b dla siebie w\u0142a\u015bciwy mieli je wype\u0142ni\u0107, my za\u015b \u2013 <b>odpowiednio do naszej sytuacji.<\/b> Ale i nas tak\u017ce Pan obdarza pe\u0142ni\u0105 swego zaufania, traktuje jak swoich przyjaci\u00f3\u0142, jak swoje umi\u0142owane dzieci, kt\u00f3rym <b>powierza wa\u017cne sprawy,<\/b> zwi\u0105zane ze swoim Ko\u015bcio\u0142em. Po prostu, liczy na nasze \u015bwiadectwo i nasze zaanga\u017cowanie.<\/span><\/span><\/span><\/p>\n<p align=\"justify\"><span style=\"color: #000000;\"><span style=\"font-family: Book Antiqua, serif;\"><span style=\"font-size: large;\">Nie mo\u017cemy wi\u0119c Go zawie\u015b\u0107! On nam pomo\u017ce, ale my mamy si\u0119 <b>zaanga\u017cowa\u0107 ca\u0142ym sercem,<\/b> ca\u0142\u0105 wol\u0105 i ca\u0142ym umys\u0142em, pami\u0119taj\u0105c, \u017ce \u2013 jak dzisiaj pisa\u0142 Pawe\u0142 do Tymoteusza \u2013 <i><b>nie da\u0142 nam B\u00f3g ducha boja\u017ani, ale mocy i mi\u0142o\u015bci, i trze\u017awego my\u015blenia.<\/b><\/i><b> <\/b>Zr\u00f3bmy z tego dobry u\u017cytek!<\/span><\/span><\/span><\/p>\n","protected":false},"excerpt":{"rendered":"<p>Szcz\u0119\u015b\u0107 Bo\u017ce! Moi Drodzy, wczorajszy dzie\u0144 ju\u017c pokaza\u0142 wyra\u017ane efekty prac remontowych w naszej Kaplicy. Jest pomalowana, na nowo porozmieszczane zosta\u0142y \u015bwiat\u0142a, pouszczelniane zosta\u0142y miejsca, przez kt\u00f3re wiatr hula\u0142 w spos\u00f3b niekontrolowany. Pozosta\u0142a wymiana okien, ale ona zacznie si\u0119 w czwartek. I tak \u2013 je\u015bli B\u00f3g pozwoli \u2013 ju\u017c w niedziel\u0119 celebrowa\u0107 b\u0119dziemy Msz\u0119 \u015awi\u0119t\u0105 [&hellip;]<\/p>\n","protected":false},"author":1,"featured_media":0,"comment_status":"open","ping_status":"open","sticky":false,"template":"","format":"standard","meta":{"jetpack_post_was_ever_published":false,"_jetpack_newsletter_access":"","_jetpack_dont_email_post_to_subs":false,"_jetpack_newsletter_tier_id":0,"_jetpack_memberships_contains_paywalled_content":false,"_jetpack_memberships_contains_paid_content":false,"footnotes":""},"categories":[1],"tags":[],"class_list":["post-18468","post","type-post","status-publish","format-standard","hentry","category-bez-kategorii"],"yoast_head":"<!-- This site is optimized with the Yoast SEO plugin v25.1 - https:\/\/yoast.com\/wordpress\/plugins\/seo\/ -->\n<title>Duch mocy i mi\u0142o\u015bci - i trze\u017awego my\u015blenia! - Gaudium Et Spes<\/title>\n<meta name=\"robots\" content=\"index, follow, max-snippet:-1, max-image-preview:large, max-video-preview:-1\" \/>\n<link rel=\"canonical\" href=\"https:\/\/gaudiumetspes-blog.pl\/index.php\/2021\/01\/26\/duch-mocy-i-milosci-i-trzezwego-myslenia\/\" \/>\n<meta property=\"og:locale\" content=\"pl_PL\" \/>\n<meta property=\"og:type\" content=\"article\" \/>\n<meta property=\"og:title\" content=\"Duch mocy i mi\u0142o\u015bci - i trze\u017awego my\u015blenia! - Gaudium Et Spes\" \/>\n<meta property=\"og:description\" content=\"Szcz\u0119\u015b\u0107 Bo\u017ce! Moi Drodzy, wczorajszy dzie\u0144 ju\u017c pokaza\u0142 wyra\u017ane efekty prac remontowych w naszej Kaplicy. Jest pomalowana, na nowo porozmieszczane zosta\u0142y \u015bwiat\u0142a, pouszczelniane zosta\u0142y miejsca, przez kt\u00f3re wiatr hula\u0142 w spos\u00f3b niekontrolowany. Pozosta\u0142a wymiana okien, ale ona zacznie si\u0119 w czwartek. I tak \u2013 je\u015bli B\u00f3g pozwoli \u2013 ju\u017c w niedziel\u0119 celebrowa\u0107 b\u0119dziemy Msz\u0119 \u015awi\u0119t\u0105 [&hellip;]\" \/>\n<meta property=\"og:url\" content=\"https:\/\/gaudiumetspes-blog.pl\/index.php\/2021\/01\/26\/duch-mocy-i-milosci-i-trzezwego-myslenia\/\" \/>\n<meta property=\"og:site_name\" content=\"Gaudium Et Spes\" \/>\n<meta property=\"article:published_time\" content=\"2021-01-26T06:48:19+00:00\" \/>\n<meta name=\"author\" content=\"Ks. Jacek\" \/>\n<meta name=\"twitter:card\" content=\"summary_large_image\" \/>\n<meta name=\"twitter:label1\" content=\"Napisane przez\" \/>\n\t<meta name=\"twitter:data1\" content=\"Ks. Jacek\" \/>\n\t<meta name=\"twitter:label2\" content=\"Szacowany czas czytania\" \/>\n\t<meta name=\"twitter:data2\" content=\"9 minut\" \/>\n<script type=\"application\/ld+json\" class=\"yoast-schema-graph\">{\"@context\":\"https:\/\/schema.org\",\"@graph\":[{\"@type\":\"WebPage\",\"@id\":\"https:\/\/gaudiumetspes-blog.pl\/index.php\/2021\/01\/26\/duch-mocy-i-milosci-i-trzezwego-myslenia\/\",\"url\":\"https:\/\/gaudiumetspes-blog.pl\/index.php\/2021\/01\/26\/duch-mocy-i-milosci-i-trzezwego-myslenia\/\",\"name\":\"Duch mocy i mi\u0142o\u015bci - i trze\u017awego my\u015blenia! - Gaudium Et Spes\",\"isPartOf\":{\"@id\":\"https:\/\/gaudiumetspes-blog.pl\/#website\"},\"datePublished\":\"2021-01-26T06:48:19+00:00\",\"author\":{\"@id\":\"https:\/\/gaudiumetspes-blog.pl\/#\/schema\/person\/1661982992b752dea8dff0d4ed845a65\"},\"breadcrumb\":{\"@id\":\"https:\/\/gaudiumetspes-blog.pl\/index.php\/2021\/01\/26\/duch-mocy-i-milosci-i-trzezwego-myslenia\/#breadcrumb\"},\"inLanguage\":\"pl-PL\",\"potentialAction\":[{\"@type\":\"ReadAction\",\"target\":[\"https:\/\/gaudiumetspes-blog.pl\/index.php\/2021\/01\/26\/duch-mocy-i-milosci-i-trzezwego-myslenia\/\"]}]},{\"@type\":\"BreadcrumbList\",\"@id\":\"https:\/\/gaudiumetspes-blog.pl\/index.php\/2021\/01\/26\/duch-mocy-i-milosci-i-trzezwego-myslenia\/#breadcrumb\",\"itemListElement\":[{\"@type\":\"ListItem\",\"position\":1,\"name\":\"Strona g\u0142\u00f3wna\",\"item\":\"https:\/\/gaudiumetspes-blog.pl\/\"},{\"@type\":\"ListItem\",\"position\":2,\"name\":\"Duch mocy i&nbsp;mi\u0142o\u015bci &#8211; i&nbsp;trze\u017awego my\u015blenia!\"}]},{\"@type\":\"WebSite\",\"@id\":\"https:\/\/gaudiumetspes-blog.pl\/#website\",\"url\":\"https:\/\/gaudiumetspes-blog.pl\/\",\"name\":\"Gaudium Et Spes\",\"description\":\"Blog Ks. Jacka Ja\u015bkowskiego\",\"potentialAction\":[{\"@type\":\"SearchAction\",\"target\":{\"@type\":\"EntryPoint\",\"urlTemplate\":\"https:\/\/gaudiumetspes-blog.pl\/?s={search_term_string}\"},\"query-input\":{\"@type\":\"PropertyValueSpecification\",\"valueRequired\":true,\"valueName\":\"search_term_string\"}}],\"inLanguage\":\"pl-PL\"},{\"@type\":\"Person\",\"@id\":\"https:\/\/gaudiumetspes-blog.pl\/#\/schema\/person\/1661982992b752dea8dff0d4ed845a65\",\"name\":\"Ks. Jacek\",\"image\":{\"@type\":\"ImageObject\",\"inLanguage\":\"pl-PL\",\"@id\":\"https:\/\/gaudiumetspes-blog.pl\/#\/schema\/person\/image\/\",\"url\":\"https:\/\/gaudiumetspes-blog.pl\/wp-content\/uploads\/2019\/07\/avatar-JJ-150x150.jpg\",\"contentUrl\":\"https:\/\/gaudiumetspes-blog.pl\/wp-content\/uploads\/2019\/07\/avatar-JJ-150x150.jpg\",\"caption\":\"Ks. Jacek\"},\"description\":\"Witam serdecznie! K\u0142ania si\u0119 Ks. Jacek Ja\u015bkowski. Nie jestem ani kim\u015b wa\u017cnym, ani kim\u015b znanym. Jestem ksi\u0119dzem, kt\u00f3ry po prostu chce rozmawia\u0107. Codzienna kap\u0142a\u0144ska pos\u0142uga pokazuje mi, \u017ce temat\u00f3w do rozm\u00f3w z ksi\u0119dzem jest coraz wi\u0119cej i dzisiaj \u017caden ksi\u0105dz nie mo\u017ce od nich ucieka\u0107, ale - wprost przeciwnie - podejmowa\u0107 nowe wyzwania. To przekonanie sk\u0142oni\u0142o mnie do pr\u00f3by otwarcia tego\u017c bloga, chocia\u017c okazji do rozm\u00f3w na co dzie\u0144 - w konfesjonale i poza nim - na szcz\u0119\u015bcie nie brakuje. My\u015bl\u0119 jednak, \u017ce ten blog b\u0119dzie jeszcze jednym sposobem i przestrzeni\u0105 nawi\u0105zania kontaktu z lud\u017ami dobrej woli, otwartymi na dialog.\",\"url\":\"https:\/\/gaudiumetspes-blog.pl\/index.php\/author\/ks-jacek\/\"}]}<\/script>\n<!-- \/ Yoast SEO plugin. -->","yoast_head_json":{"title":"Duch mocy i mi\u0142o\u015bci - i trze\u017awego my\u015blenia! - Gaudium Et Spes","robots":{"index":"index","follow":"follow","max-snippet":"max-snippet:-1","max-image-preview":"max-image-preview:large","max-video-preview":"max-video-preview:-1"},"canonical":"https:\/\/gaudiumetspes-blog.pl\/index.php\/2021\/01\/26\/duch-mocy-i-milosci-i-trzezwego-myslenia\/","og_locale":"pl_PL","og_type":"article","og_title":"Duch mocy i mi\u0142o\u015bci - i trze\u017awego my\u015blenia! - Gaudium Et Spes","og_description":"Szcz\u0119\u015b\u0107 Bo\u017ce! Moi Drodzy, wczorajszy dzie\u0144 ju\u017c pokaza\u0142 wyra\u017ane efekty prac remontowych w naszej Kaplicy. Jest pomalowana, na nowo porozmieszczane zosta\u0142y \u015bwiat\u0142a, pouszczelniane zosta\u0142y miejsca, przez kt\u00f3re wiatr hula\u0142 w spos\u00f3b niekontrolowany. Pozosta\u0142a wymiana okien, ale ona zacznie si\u0119 w czwartek. I tak \u2013 je\u015bli B\u00f3g pozwoli \u2013 ju\u017c w niedziel\u0119 celebrowa\u0107 b\u0119dziemy Msz\u0119 \u015awi\u0119t\u0105 [&hellip;]","og_url":"https:\/\/gaudiumetspes-blog.pl\/index.php\/2021\/01\/26\/duch-mocy-i-milosci-i-trzezwego-myslenia\/","og_site_name":"Gaudium Et Spes","article_published_time":"2021-01-26T06:48:19+00:00","author":"Ks. Jacek","twitter_card":"summary_large_image","twitter_misc":{"Napisane przez":"Ks. Jacek","Szacowany czas czytania":"9 minut"},"schema":{"@context":"https:\/\/schema.org","@graph":[{"@type":"WebPage","@id":"https:\/\/gaudiumetspes-blog.pl\/index.php\/2021\/01\/26\/duch-mocy-i-milosci-i-trzezwego-myslenia\/","url":"https:\/\/gaudiumetspes-blog.pl\/index.php\/2021\/01\/26\/duch-mocy-i-milosci-i-trzezwego-myslenia\/","name":"Duch mocy i mi\u0142o\u015bci - i trze\u017awego my\u015blenia! - Gaudium Et Spes","isPartOf":{"@id":"https:\/\/gaudiumetspes-blog.pl\/#website"},"datePublished":"2021-01-26T06:48:19+00:00","author":{"@id":"https:\/\/gaudiumetspes-blog.pl\/#\/schema\/person\/1661982992b752dea8dff0d4ed845a65"},"breadcrumb":{"@id":"https:\/\/gaudiumetspes-blog.pl\/index.php\/2021\/01\/26\/duch-mocy-i-milosci-i-trzezwego-myslenia\/#breadcrumb"},"inLanguage":"pl-PL","potentialAction":[{"@type":"ReadAction","target":["https:\/\/gaudiumetspes-blog.pl\/index.php\/2021\/01\/26\/duch-mocy-i-milosci-i-trzezwego-myslenia\/"]}]},{"@type":"BreadcrumbList","@id":"https:\/\/gaudiumetspes-blog.pl\/index.php\/2021\/01\/26\/duch-mocy-i-milosci-i-trzezwego-myslenia\/#breadcrumb","itemListElement":[{"@type":"ListItem","position":1,"name":"Strona g\u0142\u00f3wna","item":"https:\/\/gaudiumetspes-blog.pl\/"},{"@type":"ListItem","position":2,"name":"Duch mocy i&nbsp;mi\u0142o\u015bci &#8211; i&nbsp;trze\u017awego my\u015blenia!"}]},{"@type":"WebSite","@id":"https:\/\/gaudiumetspes-blog.pl\/#website","url":"https:\/\/gaudiumetspes-blog.pl\/","name":"Gaudium Et Spes","description":"Blog Ks. Jacka Ja\u015bkowskiego","potentialAction":[{"@type":"SearchAction","target":{"@type":"EntryPoint","urlTemplate":"https:\/\/gaudiumetspes-blog.pl\/?s={search_term_string}"},"query-input":{"@type":"PropertyValueSpecification","valueRequired":true,"valueName":"search_term_string"}}],"inLanguage":"pl-PL"},{"@type":"Person","@id":"https:\/\/gaudiumetspes-blog.pl\/#\/schema\/person\/1661982992b752dea8dff0d4ed845a65","name":"Ks. Jacek","image":{"@type":"ImageObject","inLanguage":"pl-PL","@id":"https:\/\/gaudiumetspes-blog.pl\/#\/schema\/person\/image\/","url":"https:\/\/gaudiumetspes-blog.pl\/wp-content\/uploads\/2019\/07\/avatar-JJ-150x150.jpg","contentUrl":"https:\/\/gaudiumetspes-blog.pl\/wp-content\/uploads\/2019\/07\/avatar-JJ-150x150.jpg","caption":"Ks. Jacek"},"description":"Witam serdecznie! K\u0142ania si\u0119 Ks. Jacek Ja\u015bkowski. Nie jestem ani kim\u015b wa\u017cnym, ani kim\u015b znanym. Jestem ksi\u0119dzem, kt\u00f3ry po prostu chce rozmawia\u0107. Codzienna kap\u0142a\u0144ska pos\u0142uga pokazuje mi, \u017ce temat\u00f3w do rozm\u00f3w z ksi\u0119dzem jest coraz wi\u0119cej i dzisiaj \u017caden ksi\u0105dz nie mo\u017ce od nich ucieka\u0107, ale - wprost przeciwnie - podejmowa\u0107 nowe wyzwania. To przekonanie sk\u0142oni\u0142o mnie do pr\u00f3by otwarcia tego\u017c bloga, chocia\u017c okazji do rozm\u00f3w na co dzie\u0144 - w konfesjonale i poza nim - na szcz\u0119\u015bcie nie brakuje. My\u015bl\u0119 jednak, \u017ce ten blog b\u0119dzie jeszcze jednym sposobem i przestrzeni\u0105 nawi\u0105zania kontaktu z lud\u017ami dobrej woli, otwartymi na dialog.","url":"https:\/\/gaudiumetspes-blog.pl\/index.php\/author\/ks-jacek\/"}]}},"jetpack_featured_media_url":"","jetpack_sharing_enabled":true,"_links":{"self":[{"href":"https:\/\/gaudiumetspes-blog.pl\/index.php\/wp-json\/wp\/v2\/posts\/18468","targetHints":{"allow":["GET"]}}],"collection":[{"href":"https:\/\/gaudiumetspes-blog.pl\/index.php\/wp-json\/wp\/v2\/posts"}],"about":[{"href":"https:\/\/gaudiumetspes-blog.pl\/index.php\/wp-json\/wp\/v2\/types\/post"}],"author":[{"embeddable":true,"href":"https:\/\/gaudiumetspes-blog.pl\/index.php\/wp-json\/wp\/v2\/users\/1"}],"replies":[{"embeddable":true,"href":"https:\/\/gaudiumetspes-blog.pl\/index.php\/wp-json\/wp\/v2\/comments?post=18468"}],"version-history":[{"count":1,"href":"https:\/\/gaudiumetspes-blog.pl\/index.php\/wp-json\/wp\/v2\/posts\/18468\/revisions"}],"predecessor-version":[{"id":18469,"href":"https:\/\/gaudiumetspes-blog.pl\/index.php\/wp-json\/wp\/v2\/posts\/18468\/revisions\/18469"}],"wp:attachment":[{"href":"https:\/\/gaudiumetspes-blog.pl\/index.php\/wp-json\/wp\/v2\/media?parent=18468"}],"wp:term":[{"taxonomy":"category","embeddable":true,"href":"https:\/\/gaudiumetspes-blog.pl\/index.php\/wp-json\/wp\/v2\/categories?post=18468"},{"taxonomy":"post_tag","embeddable":true,"href":"https:\/\/gaudiumetspes-blog.pl\/index.php\/wp-json\/wp\/v2\/tags?post=18468"}],"curies":[{"name":"wp","href":"https:\/\/api.w.org\/{rel}","templated":true}]}}