{"id":18470,"date":"2021-01-27T05:27:22","date_gmt":"2021-01-27T04:27:22","guid":{"rendered":"https:\/\/gaudiumetspes-blog.pl\/?p=18470"},"modified":"2021-01-26T17:31:24","modified_gmt":"2021-01-26T16:31:24","slug":"nie-rozumiecie-tej-przypowiesci","status":"publish","type":"post","link":"https:\/\/gaudiumetspes-blog.pl\/index.php\/2021\/01\/27\/nie-rozumiecie-tej-przypowiesci\/","title":{"rendered":"Nie rozumiecie tej przypowie\u015bci?&#8230;"},"content":{"rendered":"<p align=\"justify\"><span style=\"color: #000000;\"><span style=\"font-family: Book Antiqua, serif;\"><span style=\"font-size: large;\">Szcz\u0119\u015b\u0107 Bo\u017ce! Moi Drodzy, w dniu dzisiejszym <b>pierwsze urodziny prze\u017cywa Ignacy Sulowski, Syn \u017banny i \u0141ukasza, moich Przyjaci\u00f3\u0142 z Lublina. Niech dobry B\u00f3g b\u0142ogos\u0142awi ma\u0142emu Jubilatowi i Jego dumnym i szcz\u0119\u015bliwym Rodzicom. Ogarniam modlitw\u0105 ca\u0142\u0105 Rodzin\u0119, w tym tak\u017ce \u2013 starszego Syna, Cypriana. Modl\u0119 si\u0119 dla Nich o wszelkie \u0142aski.<\/b><\/span><\/span><\/span><\/p>\n<p align=\"justify\"><span style=\"color: #000000;\"><span style=\"font-family: Book Antiqua, serif;\"><span style=\"font-size: large;\">Zapraszam teraz do pochylenia si\u0119 nad Bo\u017cym s\u0142owem dzisiejszej liturgii, aby <b>odkry\u0107 Bo\u017ce przes\u0142anie, skierowane konkretnie do ka\u017cdej i ka\u017cdego z nas osobi\u015bcie.<\/b> Pro\u015bmy Ducha \u015awi\u0119tego o \u015bwiat\u0142o i natchnienie!<\/span><\/span><\/span><\/p>\n<p align=\"justify\"><span style=\"color: #000000;\"><span style=\"font-family: Book Antiqua, serif;\"><span style=\"font-size: large;\"><b>Niech Was b\u0142ogos\u0142awi B\u00f3g Wszechmog\u0105cy: Ojciec + i Syn, i Duch \u015awi\u0119ty. Amen<\/b><\/span><\/span><\/span><\/p>\n<p align=\"center\"><span style=\"color: #000000;\"><span style=\"font-family: Book Antiqua, serif;\"><span style=\"font-size: large;\">Gaudium et spes! Ks. Jacek<\/span><\/span><\/span><\/p>\n<p align=\"center\">\n<p align=\"center\">\n<p align=\"center\">\n<p align=\"center\">\n<p align=\"center\">\n<p align=\"justify\"><span style=\"color: #000000;\"><span style=\"font-family: Book Antiqua, serif;\"><span style=\"font-size: large;\"><b>\u015aroda 3 Tygodnia zwyk\u0142ego, rok I,<\/b><\/span><\/span><\/span><\/p>\n<p align=\"justify\"><span style=\"color: #000000;\"><span style=\"font-family: Book Antiqua, serif;\"><span style=\"font-size: large;\"><b>27 stycznia 2021.,<\/b><\/span><\/span><\/span><\/p>\n<p align=\"justify\"><span style=\"color: #000000;\"><span style=\"font-family: Book Antiqua, serif;\"><span style=\"font-size: large;\"><b>do czyta\u0144: Hbr 10,11\u201318; Mk 4,1\u201320<\/b><\/span><\/span><\/span><\/p>\n<p align=\"justify\">\n<p align=\"justify\">\n<p align=\"justify\">\n<p align=\"justify\">\n<p align=\"justify\">\n<p align=\"justify\"><span style=\"color: #000000;\"><span style=\"font-family: Book Antiqua, serif;\"><span style=\"font-size: large;\"><b>CZYTANIE Z LISTU DO HEBRAJCZYK\u00d3W:<\/b><\/span><\/span><\/span><\/p>\n<p align=\"justify\"><span style=\"color: #000000;\"><span style=\"font-family: Book Antiqua, serif;\"><span style=\"font-size: large;\"><b>Ka\u017cdy kap\u0142an Starego Przymierza staje codziennie do wykonywania swej s\u0142u\u017cby, wiele razy te same sk\u0142adaj\u0105c ofiary, kt\u00f3re \u017cadn\u0105 miar\u0105 nie mog\u0105 zg\u0142adzi\u0107 grzech\u00f3w. Jezus Chrystus przeciwnie, z\u0142o\u017cywszy raz na zawsze jedn\u0105 ofiar\u0119 za grzechy, zasiad\u0142 po prawicy Boga, oczekuj\u0105c tylko, \u201ea\u017c nieprzyjaciele Jego stan\u0105 si\u0119 podn\u00f3\u017ckiem n\u00f3g Jego\u201d. Jedn\u0105 bowiem ofiar\u0105 udoskonali\u0142 na wieki tych, kt\u00f3rzy s\u0105 u\u015bwi\u0119ceni.<\/b><\/span><\/span><\/span><\/p>\n<p align=\"justify\"><span style=\"color: #000000;\"><span style=\"font-family: Book Antiqua, serif;\"><span style=\"font-size: large;\"><b>Daje nam za\u015b \u015bwiadectwo Duch \u015awi\u0119ty, skoro powiedzia\u0142: \u201eTakie jest przymierze, kt\u00f3re zawr\u0119 z nimi w owych dniach, m\u00f3wi Pan: daj\u0105c prawa moje w ich serca, tak\u017ce w umy\u015ble ich wypisz\u0119 je. A grzech\u00f3w ich oraz ich nieprawo\u015bci wi\u0119cej ju\u017c wspomina\u0107 nie b\u0119d\u0119\u201d. <\/b><\/span><\/span><\/span><\/p>\n<p align=\"justify\"><span style=\"color: #000000;\"><span style=\"font-family: Book Antiqua, serif;\"><span style=\"font-size: large;\"><b>Gdzie za\u015b jest ich odpuszczenie, tam ju\u017c wi\u0119cej nie zachodzi potrzeba ofiary za grzechy.<\/b><\/span><\/span><\/span><\/p>\n<p align=\"justify\">\n<p align=\"justify\">\n<p align=\"justify\">\n<p align=\"justify\">\n<p align=\"justify\">\n<p align=\"justify\"><span style=\"color: #000000;\"><span style=\"font-family: Book Antiqua, serif;\"><span style=\"font-size: large;\"><b>S\u0141OWA EWANGELII WED\u0141UG \u015aWI\u0118TEGO MARKA:<\/b><\/span><\/span><\/span><\/p>\n<p align=\"justify\"><span style=\"color: #000000;\"><span style=\"font-family: Book Antiqua, serif;\"><span style=\"font-size: large;\"><b>Jezus znowu zacz\u0105\u0142 naucza\u0107 nad jeziorem i bardzo wielki t\u0142um ludzi zebra\u0142 si\u0119 przy Nim. Dlatego wszed\u0142 do \u0142odzi i usiad\u0142 w niej na jeziorze, a ca\u0142y lud sta\u0142 na brzegu jeziora. Uczy\u0142 ich wiele w przypowie\u015bciach i m\u00f3wi\u0142 im w swojej nauce:<\/b><\/span><\/span><\/span><\/p>\n<p align=\"justify\"><span style=\"color: #000000;\">\u201e<span style=\"font-family: Book Antiqua, serif;\"><span style=\"font-size: large;\"><b>S\u0142uchajcie: Oto siewca wyszed\u0142 sia\u0107. A gdy sia\u0142, jedno ziarno pad\u0142o na drog\u0119; i przylecia\u0142y ptaki, i wydzioba\u0142y je. Inne pad\u0142o na miejsce skaliste, gdzie nie mia\u0142o wiele ziemi, i wnet wzesz\u0142o, bo gleba nie by\u0142a g\u0142\u0119boka. Lecz po wschodzie s\u0142o\u0144ca przypali\u0142o si\u0119 i nie maj\u0105c korzenia, usch\u0142o. Inne zn\u00f3w pad\u0142o mi\u0119dzy ciernie, a ciernie wybuja\u0142y i zag\u0142uszy\u0142y je, tak \u017ce nie wyda\u0142o owocu. Inne w ko\u0144cu pad\u0142y na ziemi\u0119 \u017cyzn\u0105, wzesz\u0142y, wyros\u0142y i wyda\u0142y plon: trzydziestokrotny, sze\u015b\u0107dziesi\u0119ciokrotny i stukrotny\u201d. I doda\u0142: \u201eKto ma uszy do s\u0142uchania, niechaj s\u0142ucha\u201d.<\/b><\/span><\/span><\/span><\/p>\n<p align=\"justify\"><span style=\"color: #000000;\"><span style=\"font-family: Book Antiqua, serif;\"><span style=\"font-size: large;\"><b>A gdy by\u0142 sam, pytali Go ci, kt\u00f3rzy przy Nim byli razem z Dwunastoma, o przypowie\u015bci. On im odrzek\u0142: \u201eWam dana jest tajemnica kr\u00f3lestwa Bo\u017cego, dla tych za\u015b, kt\u00f3rzy s\u0105 poza wami, wszystko dzieje si\u0119 w przypowie\u015bciach, aby patrzyli oczami, a nie widzieli, s\u0142uchali uszami, a nie rozumieli, \u017ceby si\u0119 nie nawr\u00f3cili i nie by\u0142a im wydana tajemnica\u201d.<\/b><\/span><\/span><\/span><\/p>\n<p align=\"justify\"><span style=\"color: #000000;\"><span style=\"font-family: Book Antiqua, serif;\"><span style=\"font-size: large;\"><b>I m\u00f3wi\u0142 im: \u201eNie rozumiecie tej przypowie\u015bci? Jak\u017ce zrozumiecie inne przypowie\u015bci? <\/b><\/span><\/span><\/span><\/p>\n<p align=\"justify\"><span style=\"color: #000000;\"><span style=\"font-family: Book Antiqua, serif;\"><span style=\"font-size: large;\"><b>Siewca sieje s\u0142owo. A oto s\u0105 ci posiani na drodze: u nich sieje si\u0119 s\u0142owo, a skoro je us\u0142ysz\u0105, zaraz przychodzi szatan i porywa s\u0142owo zasiane w nich. Podobnie na miejscach skalistych posiani s\u0105 ci, kt\u00f3rzy gdy us\u0142ysz\u0105 s\u0142owo, natychmiast przyjmuj\u0105 je z rado\u015bci\u0105; lecz nie maj\u0105 w sobie korzenia i s\u0105 niestali. Gdy potem przyjdzie ucisk lub prze\u015bladowanie z powodu s\u0142owa, zaraz si\u0119 za\u0142amuj\u0105. S\u0105 inni, kt\u00f3rzy s\u0105 zasiani mi\u0119dzy ciernie: to s\u0105 ci, kt\u00f3rzy s\u0142uchaj\u0105 wprawdzie s\u0142owa, lecz troski tego \u015bwiata, u\u0142uda bogactwa i inne \u017c\u0105dze wciskaj\u0105 si\u0119 i zag\u0142uszaj\u0105 s\u0142owo, tak \u017ce zostaje bezowocne. W ko\u0144cu na ziemi\u0119 \u017cyzn\u0105 zostali posiani ci, kt\u00f3rzy s\u0142uchaj\u0105 s\u0142owa, przyjmuj\u0105 je i wydaj\u0105 owoc: trzydziestokrotny, sze\u015b\u0107dziesi\u0119ciokrotny i stokrotny\u201d.<\/b><\/span><\/span><\/span><\/p>\n<p align=\"justify\">\n<p align=\"justify\">\n<p align=\"justify\">\n<p align=\"justify\">\n<p align=\"justify\">\n<p align=\"justify\"><span style=\"color: #000000;\"><span style=\"font-family: Book Antiqua, serif;\"><span style=\"font-size: large;\">Nie ma w\u0142a\u015bciwie por\u00f3wnania pomi\u0119dzy kap\u0142a\u0144stwem Starego, a Nowego Testamentu. Jak s\u0142yszymy bowiem w dzisiejszym pierwszym czytaniu, <i><b>k<\/b><\/i><i><b>a\u017cdy kap\u0142an Starego Przymierza staje codziennie do wykonywania swej s\u0142u\u017cby, wiele razy te same sk\u0142adaj\u0105c ofiary, kt\u00f3re \u017cadn\u0105 miar\u0105 nie mog\u0105 zg\u0142adzi\u0107 grzech\u00f3w. Jezus Chrystus przeciwnie, z\u0142o\u017cywszy raz na zawsze jedn\u0105 ofiar\u0119 za grzechy,<\/b><\/i><b> <\/b><i><b>zasiad\u0142 po prawicy Boga, oczekuj\u0105c tylko, \u201ea\u017c nieprzyjaciele Jego stan\u0105 si\u0119 podn\u00f3\u017ckiem n\u00f3g Jego\u201d. Jedn\u0105 bowiem ofiar\u0105 udoskonali\u0142 na wieki tych, kt\u00f3rzy s\u0105 u\u015bwi\u0119ceni.<\/b><\/i><b> <\/b><\/span><\/span><\/span><\/p>\n<p align=\"justify\"><span style=\"color: #000000;\"><span style=\"font-family: Book Antiqua, serif;\"><span style=\"font-size: large;\">I chocia\u017c kap\u0142ani Starego Testamentu sk\u0142adali ofiary zgodnie z przepisami Prawa Moj\u017ceszowego, to jednak nie ma \u017cadnej w\u0105tpliwo\u015bci, \u017ce <b>by\u0142y one jedynie namiastk\u0105<\/b> tego, czego dokona\u0142 Jezus Chrystus, sk\u0142adaj\u0105c ofiar\u0119 z samego siebie. Ta Jego Ofiara jest <b>ostateczna i skuteczna,<\/b> nie trzeba jej w jaki\u015b spos\u00f3b poprawia\u0107, czy ulepsza\u0107. Ona naprawd\u0119 <b>g\u0142adzi wszystkie grzechy!<\/b> <\/span><\/span><\/span><\/p>\n<p align=\"justify\"><span style=\"color: #000000;\"><span style=\"font-family: Book Antiqua, serif;\"><span style=\"font-size: large;\">I teraz, ju\u017c tylko od ka\u017cdej i ka\u017cdego z nas zale\u017cy, na ile przejmiemy si\u0119 tym darem i <b>skorzystamy z ofiarowanego nam zbawienia.<\/b> Bo ze strony Boga \u2013 by tak rzec \u2013 wszystko zosta\u0142o dopracowane do ko\u0144ca, wszystko zosta\u0142o wykonane w stu procentach. Co jednak zrobi z tym cz\u0142owiek <b>i jak skorzysta z Bo\u017cych dar\u00f3w<\/b> \u2013 to ju\u017c zupe\u0142nie inna sprawa. <\/span><\/span><\/span><\/p>\n<p align=\"justify\"><span style=\"color: #000000;\"><span style=\"font-family: Book Antiqua, serif;\"><span style=\"font-size: large;\">Podobnie rzecz si\u0119 ma <b>ze s\u0142uchaniem Bo\u017cego s\u0142owa.<\/b> Oto Bo\u017cy Siewca obficie i hojnie \u2013 wr\u0119cz do rozrzutno\u015bci \u2013 posia\u0142 dobre ziarno S\u0142owa. Niestety, zaraz mia\u0142o si\u0119 okaza\u0107, \u017ce tak wiele si\u0119 go zmarnowa\u0142o\u2026 Bo<i> <\/i><i><b>jedno ziarno pad\u0142o na drog\u0119; i przylecia\u0142y ptaki, i wydzioba\u0142y je. Inne pad\u0142o na miejsce skaliste, gdzie nie mia\u0142o wiele ziemi, i wnet wzesz\u0142o, bo gleba nie by\u0142a g\u0142\u0119boka. Lecz po wschodzie s\u0142o\u0144ca przypali\u0142o si\u0119 i nie maj\u0105c korzenia, usch\u0142o. Inne zn\u00f3w pad\u0142o mi\u0119dzy ciernie, a ciernie wybuja\u0142y i zag\u0142uszy\u0142y je, tak \u017ce nie wyda\u0142o owocu. <\/b><\/i><\/span><\/span><\/span><\/p>\n<p align=\"justify\"><span style=\"color: #000000;\"><span style=\"font-family: Book Antiqua, serif;\"><span style=\"font-size: large;\">Jednak przes\u0142anie ewangeliczne \u2013 wbrew nawet temu, co tu sobie zacytowali\u015bmy \u2013 nie jest pesymistyczne. Chocia\u017c bowiem tyle \u2013 a\u017c tyle! \u2013 tego ziarna si\u0119 zmarnowa\u0142o, to jednak nie zabrak\u0142o tak\u017ce \u017cyznej gleby, na kt\u00f3rej wyda\u0142o ono <i><b>plon: trzydziestokrotny, sze\u015b\u0107dziesi\u0119ciokrotny i stukrotny! <\/b><\/i>A to oznacza, \u017ce nie brakuje tych, kt\u00f3rzy <b>naprawd\u0119 przej<\/b><b>muj\u0105<\/b><b> si\u0119 Bo\u017cym s\u0142owem i nim \u017cyj\u0105. <\/b>W ko\u0144cu, nawet ten plon trzydziestokrotny, kt\u00f3ry Jezus wymieni\u0142 dzi\u015b jako najmniejszy, w rzeczywisto\u015bci <b>jest wielkim plonem!<\/b> Nie m\u00f3wi\u0105c ju\u017c o sze\u015b\u0107dziesi\u0119ciokrotnym, czy stukrotnym! <\/span><\/span><\/span><\/p>\n<p align=\"justify\"><span style=\"color: #000000;\"><span style=\"font-family: Book Antiqua, serif;\"><span style=\"font-size: large;\">Nie mo\u017cna zatem m\u00f3wi\u0107, \u017ce dzie\u0142o zbawcze Chrystusa <b>ponosi na \u015bwiecie kl\u0119sk\u0119<\/b> \u2013 chocia\u017c czasami takie wra\u017cenie mo\u017cna odnie\u015b\u0107. To nie jest tak! Owszem, my tak\u017ce dzisiaj widzimy, jak wielu ludzi <b>nic sobie nie robi z Bo\u017cej woli,<\/b> Bo\u017cych przykaza\u0144, Bo\u017cego s\u0142owa\u2026 Wielu \u017cyje tak, <b>jakby Boga w og\u00f3le nie by\u0142o; <\/b>wielu z kolei tak, jakby by\u0142 jedynie jak\u0105\u015b odleg\u0142\u0105 rzeczywisto\u015bci\u0105, albo i bytem nierzeczywistym; jak\u0105\u015b ba\u015bni\u0105, mitem\u2026 <\/span><\/span><\/span><\/p>\n<p align=\"justify\"><span style=\"color: #000000;\"><span style=\"font-family: Book Antiqua, serif;\"><span style=\"font-size: large;\">A jednak, tylu ludzi <b>za te \u201eba\u015bnie\u201d i \u201emity\u201d \u2013 odda\u0142o \u017cycie!<\/b> W \u017cyciu wielu innych ludzi dokona\u0142y si\u0119 wielkie przemiany \u2013 i wci\u0105\u017c si\u0119 dokonuj\u0105! Nie brakuje tych, kt\u00f3rzy <b>wierz\u0105 z ca\u0142ego serca i \u017cyj\u0105 Bo\u017cym s\u0142owem, <\/b>przyjmuj\u0105 z r\u0119ki Jezusa wszystkie Jego zbawcze dary. <\/span><\/span><\/span><\/p>\n<p align=\"justify\"><span style=\"color: #000000;\"><span style=\"font-family: Book Antiqua, serif;\"><span style=\"font-size: large;\">C\u00f3\u017c wi\u0119c nam pozosta\u0142o, moi Drodzy? Czy <b>zastanawia\u0107 si\u0119 i docieka\u0107,<\/b> jak to jest z tym dzisiejszym \u015bwiatem \u2013 wierzy, czy nie wierzy w Jezusa? S\u0142ucha, czy nie s\u0142ucha Jego s\u0142owa? Zastanawia\u0107 si\u0119 nad tym, <b>prowadzi\u0107 jakie\u015b badania<\/b> statystyczne, socjologiczne, lub jeszcze inne; czy mo\u017ce odpowiedzie\u0107 na jedno tylko pytanie: <b>Jak to wygl\u0105da w moim przypadku? <\/b><\/span><\/span><\/span><\/p>\n<p align=\"justify\"><span style=\"color: #000000;\"><span style=\"font-family: Book Antiqua, serif;\"><span style=\"font-size: large;\">A tak bardziej konkretnie: <b>Jak\u0105 gleb\u0105<\/b> dla Bo\u017cego s\u0142owa jest moje serce? I <b>jaki plon<\/b> przynosi moje chrze\u015bcija\u0144skie \u017cycie?\u2026 Czy nie wracam do grzech\u00f3w, kt\u00f3re mi Pan w swoim mi\u0142osierdziu przebaczy\u0142?\u2026 <\/span><\/span><\/span><\/p>\n<p align=\"justify\"><span style=\"color: #000000;\"><span style=\"font-family: Book Antiqua, serif;\"><span style=\"font-size: large;\">Odpowiedzi na te pytania s\u0105 o wiele wa\u017cniejsze od tych, kt\u00f3re dotycz\u0105 ca\u0142ego \u015bwiata. Bo dla Jezusa <b>wa\u017cne jest ka\u017cde ludzkie serce.<\/b> Tak\u017ce moje.<\/span><\/span><\/span><\/p>\n","protected":false},"excerpt":{"rendered":"<p>Szcz\u0119\u015b\u0107 Bo\u017ce! Moi Drodzy, w dniu dzisiejszym pierwsze urodziny prze\u017cywa Ignacy Sulowski, Syn \u017banny i \u0141ukasza, moich Przyjaci\u00f3\u0142 z Lublina. Niech dobry B\u00f3g b\u0142ogos\u0142awi ma\u0142emu Jubilatowi i Jego dumnym i szcz\u0119\u015bliwym Rodzicom. Ogarniam modlitw\u0105 ca\u0142\u0105 Rodzin\u0119, w tym tak\u017ce \u2013 starszego Syna, Cypriana. Modl\u0119 si\u0119 dla Nich o wszelkie \u0142aski. Zapraszam teraz do pochylenia si\u0119 [&hellip;]<\/p>\n","protected":false},"author":1,"featured_media":0,"comment_status":"open","ping_status":"open","sticky":false,"template":"","format":"standard","meta":{"jetpack_post_was_ever_published":false,"_jetpack_newsletter_access":"","_jetpack_dont_email_post_to_subs":false,"_jetpack_newsletter_tier_id":0,"_jetpack_memberships_contains_paywalled_content":false,"_jetpack_memberships_contains_paid_content":false,"footnotes":""},"categories":[1],"tags":[],"class_list":["post-18470","post","type-post","status-publish","format-standard","hentry","category-bez-kategorii"],"yoast_head":"<!-- This site is optimized with the Yoast SEO plugin v25.1 - https:\/\/yoast.com\/wordpress\/plugins\/seo\/ -->\n<title>Nie rozumiecie tej przypowie\u015bci?... - Gaudium Et Spes<\/title>\n<meta name=\"robots\" content=\"index, follow, max-snippet:-1, max-image-preview:large, max-video-preview:-1\" \/>\n<link rel=\"canonical\" href=\"https:\/\/gaudiumetspes-blog.pl\/index.php\/2021\/01\/27\/nie-rozumiecie-tej-przypowiesci\/\" \/>\n<meta property=\"og:locale\" content=\"pl_PL\" \/>\n<meta property=\"og:type\" content=\"article\" \/>\n<meta property=\"og:title\" content=\"Nie rozumiecie tej przypowie\u015bci?... - Gaudium Et Spes\" \/>\n<meta property=\"og:description\" content=\"Szcz\u0119\u015b\u0107 Bo\u017ce! Moi Drodzy, w dniu dzisiejszym pierwsze urodziny prze\u017cywa Ignacy Sulowski, Syn \u017banny i \u0141ukasza, moich Przyjaci\u00f3\u0142 z Lublina. Niech dobry B\u00f3g b\u0142ogos\u0142awi ma\u0142emu Jubilatowi i Jego dumnym i szcz\u0119\u015bliwym Rodzicom. Ogarniam modlitw\u0105 ca\u0142\u0105 Rodzin\u0119, w tym tak\u017ce \u2013 starszego Syna, Cypriana. Modl\u0119 si\u0119 dla Nich o wszelkie \u0142aski. Zapraszam teraz do pochylenia si\u0119 [&hellip;]\" \/>\n<meta property=\"og:url\" content=\"https:\/\/gaudiumetspes-blog.pl\/index.php\/2021\/01\/27\/nie-rozumiecie-tej-przypowiesci\/\" \/>\n<meta property=\"og:site_name\" content=\"Gaudium Et Spes\" \/>\n<meta property=\"article:published_time\" content=\"2021-01-27T04:27:22+00:00\" \/>\n<meta name=\"author\" content=\"Ks. Jacek\" \/>\n<meta name=\"twitter:card\" content=\"summary_large_image\" \/>\n<meta name=\"twitter:label1\" content=\"Napisane przez\" \/>\n\t<meta name=\"twitter:data1\" content=\"Ks. Jacek\" \/>\n\t<meta name=\"twitter:label2\" content=\"Szacowany czas czytania\" \/>\n\t<meta name=\"twitter:data2\" content=\"7 minut\" \/>\n<script type=\"application\/ld+json\" class=\"yoast-schema-graph\">{\"@context\":\"https:\/\/schema.org\",\"@graph\":[{\"@type\":\"WebPage\",\"@id\":\"https:\/\/gaudiumetspes-blog.pl\/index.php\/2021\/01\/27\/nie-rozumiecie-tej-przypowiesci\/\",\"url\":\"https:\/\/gaudiumetspes-blog.pl\/index.php\/2021\/01\/27\/nie-rozumiecie-tej-przypowiesci\/\",\"name\":\"Nie rozumiecie tej przypowie\u015bci?... - Gaudium Et Spes\",\"isPartOf\":{\"@id\":\"https:\/\/gaudiumetspes-blog.pl\/#website\"},\"datePublished\":\"2021-01-27T04:27:22+00:00\",\"author\":{\"@id\":\"https:\/\/gaudiumetspes-blog.pl\/#\/schema\/person\/1661982992b752dea8dff0d4ed845a65\"},\"breadcrumb\":{\"@id\":\"https:\/\/gaudiumetspes-blog.pl\/index.php\/2021\/01\/27\/nie-rozumiecie-tej-przypowiesci\/#breadcrumb\"},\"inLanguage\":\"pl-PL\",\"potentialAction\":[{\"@type\":\"ReadAction\",\"target\":[\"https:\/\/gaudiumetspes-blog.pl\/index.php\/2021\/01\/27\/nie-rozumiecie-tej-przypowiesci\/\"]}]},{\"@type\":\"BreadcrumbList\",\"@id\":\"https:\/\/gaudiumetspes-blog.pl\/index.php\/2021\/01\/27\/nie-rozumiecie-tej-przypowiesci\/#breadcrumb\",\"itemListElement\":[{\"@type\":\"ListItem\",\"position\":1,\"name\":\"Strona g\u0142\u00f3wna\",\"item\":\"https:\/\/gaudiumetspes-blog.pl\/\"},{\"@type\":\"ListItem\",\"position\":2,\"name\":\"Nie&nbsp;rozumiecie tej&nbsp;przypowie\u015bci?&#8230;\"}]},{\"@type\":\"WebSite\",\"@id\":\"https:\/\/gaudiumetspes-blog.pl\/#website\",\"url\":\"https:\/\/gaudiumetspes-blog.pl\/\",\"name\":\"Gaudium Et Spes\",\"description\":\"Blog Ks. Jacka Ja\u015bkowskiego\",\"potentialAction\":[{\"@type\":\"SearchAction\",\"target\":{\"@type\":\"EntryPoint\",\"urlTemplate\":\"https:\/\/gaudiumetspes-blog.pl\/?s={search_term_string}\"},\"query-input\":{\"@type\":\"PropertyValueSpecification\",\"valueRequired\":true,\"valueName\":\"search_term_string\"}}],\"inLanguage\":\"pl-PL\"},{\"@type\":\"Person\",\"@id\":\"https:\/\/gaudiumetspes-blog.pl\/#\/schema\/person\/1661982992b752dea8dff0d4ed845a65\",\"name\":\"Ks. Jacek\",\"image\":{\"@type\":\"ImageObject\",\"inLanguage\":\"pl-PL\",\"@id\":\"https:\/\/gaudiumetspes-blog.pl\/#\/schema\/person\/image\/\",\"url\":\"https:\/\/gaudiumetspes-blog.pl\/wp-content\/uploads\/2019\/07\/avatar-JJ-150x150.jpg\",\"contentUrl\":\"https:\/\/gaudiumetspes-blog.pl\/wp-content\/uploads\/2019\/07\/avatar-JJ-150x150.jpg\",\"caption\":\"Ks. Jacek\"},\"description\":\"Witam serdecznie! K\u0142ania si\u0119 Ks. Jacek Ja\u015bkowski. Nie jestem ani kim\u015b wa\u017cnym, ani kim\u015b znanym. Jestem ksi\u0119dzem, kt\u00f3ry po prostu chce rozmawia\u0107. Codzienna kap\u0142a\u0144ska pos\u0142uga pokazuje mi, \u017ce temat\u00f3w do rozm\u00f3w z ksi\u0119dzem jest coraz wi\u0119cej i dzisiaj \u017caden ksi\u0105dz nie mo\u017ce od nich ucieka\u0107, ale - wprost przeciwnie - podejmowa\u0107 nowe wyzwania. To przekonanie sk\u0142oni\u0142o mnie do pr\u00f3by otwarcia tego\u017c bloga, chocia\u017c okazji do rozm\u00f3w na co dzie\u0144 - w konfesjonale i poza nim - na szcz\u0119\u015bcie nie brakuje. My\u015bl\u0119 jednak, \u017ce ten blog b\u0119dzie jeszcze jednym sposobem i przestrzeni\u0105 nawi\u0105zania kontaktu z lud\u017ami dobrej woli, otwartymi na dialog.\",\"url\":\"https:\/\/gaudiumetspes-blog.pl\/index.php\/author\/ks-jacek\/\"}]}<\/script>\n<!-- \/ Yoast SEO plugin. -->","yoast_head_json":{"title":"Nie rozumiecie tej przypowie\u015bci?... - Gaudium Et Spes","robots":{"index":"index","follow":"follow","max-snippet":"max-snippet:-1","max-image-preview":"max-image-preview:large","max-video-preview":"max-video-preview:-1"},"canonical":"https:\/\/gaudiumetspes-blog.pl\/index.php\/2021\/01\/27\/nie-rozumiecie-tej-przypowiesci\/","og_locale":"pl_PL","og_type":"article","og_title":"Nie rozumiecie tej przypowie\u015bci?... - Gaudium Et Spes","og_description":"Szcz\u0119\u015b\u0107 Bo\u017ce! Moi Drodzy, w dniu dzisiejszym pierwsze urodziny prze\u017cywa Ignacy Sulowski, Syn \u017banny i \u0141ukasza, moich Przyjaci\u00f3\u0142 z Lublina. Niech dobry B\u00f3g b\u0142ogos\u0142awi ma\u0142emu Jubilatowi i Jego dumnym i szcz\u0119\u015bliwym Rodzicom. Ogarniam modlitw\u0105 ca\u0142\u0105 Rodzin\u0119, w tym tak\u017ce \u2013 starszego Syna, Cypriana. Modl\u0119 si\u0119 dla Nich o wszelkie \u0142aski. Zapraszam teraz do pochylenia si\u0119 [&hellip;]","og_url":"https:\/\/gaudiumetspes-blog.pl\/index.php\/2021\/01\/27\/nie-rozumiecie-tej-przypowiesci\/","og_site_name":"Gaudium Et Spes","article_published_time":"2021-01-27T04:27:22+00:00","author":"Ks. Jacek","twitter_card":"summary_large_image","twitter_misc":{"Napisane przez":"Ks. Jacek","Szacowany czas czytania":"7 minut"},"schema":{"@context":"https:\/\/schema.org","@graph":[{"@type":"WebPage","@id":"https:\/\/gaudiumetspes-blog.pl\/index.php\/2021\/01\/27\/nie-rozumiecie-tej-przypowiesci\/","url":"https:\/\/gaudiumetspes-blog.pl\/index.php\/2021\/01\/27\/nie-rozumiecie-tej-przypowiesci\/","name":"Nie rozumiecie tej przypowie\u015bci?... - Gaudium Et Spes","isPartOf":{"@id":"https:\/\/gaudiumetspes-blog.pl\/#website"},"datePublished":"2021-01-27T04:27:22+00:00","author":{"@id":"https:\/\/gaudiumetspes-blog.pl\/#\/schema\/person\/1661982992b752dea8dff0d4ed845a65"},"breadcrumb":{"@id":"https:\/\/gaudiumetspes-blog.pl\/index.php\/2021\/01\/27\/nie-rozumiecie-tej-przypowiesci\/#breadcrumb"},"inLanguage":"pl-PL","potentialAction":[{"@type":"ReadAction","target":["https:\/\/gaudiumetspes-blog.pl\/index.php\/2021\/01\/27\/nie-rozumiecie-tej-przypowiesci\/"]}]},{"@type":"BreadcrumbList","@id":"https:\/\/gaudiumetspes-blog.pl\/index.php\/2021\/01\/27\/nie-rozumiecie-tej-przypowiesci\/#breadcrumb","itemListElement":[{"@type":"ListItem","position":1,"name":"Strona g\u0142\u00f3wna","item":"https:\/\/gaudiumetspes-blog.pl\/"},{"@type":"ListItem","position":2,"name":"Nie&nbsp;rozumiecie tej&nbsp;przypowie\u015bci?&#8230;"}]},{"@type":"WebSite","@id":"https:\/\/gaudiumetspes-blog.pl\/#website","url":"https:\/\/gaudiumetspes-blog.pl\/","name":"Gaudium Et Spes","description":"Blog Ks. Jacka Ja\u015bkowskiego","potentialAction":[{"@type":"SearchAction","target":{"@type":"EntryPoint","urlTemplate":"https:\/\/gaudiumetspes-blog.pl\/?s={search_term_string}"},"query-input":{"@type":"PropertyValueSpecification","valueRequired":true,"valueName":"search_term_string"}}],"inLanguage":"pl-PL"},{"@type":"Person","@id":"https:\/\/gaudiumetspes-blog.pl\/#\/schema\/person\/1661982992b752dea8dff0d4ed845a65","name":"Ks. Jacek","image":{"@type":"ImageObject","inLanguage":"pl-PL","@id":"https:\/\/gaudiumetspes-blog.pl\/#\/schema\/person\/image\/","url":"https:\/\/gaudiumetspes-blog.pl\/wp-content\/uploads\/2019\/07\/avatar-JJ-150x150.jpg","contentUrl":"https:\/\/gaudiumetspes-blog.pl\/wp-content\/uploads\/2019\/07\/avatar-JJ-150x150.jpg","caption":"Ks. Jacek"},"description":"Witam serdecznie! K\u0142ania si\u0119 Ks. Jacek Ja\u015bkowski. Nie jestem ani kim\u015b wa\u017cnym, ani kim\u015b znanym. Jestem ksi\u0119dzem, kt\u00f3ry po prostu chce rozmawia\u0107. Codzienna kap\u0142a\u0144ska pos\u0142uga pokazuje mi, \u017ce temat\u00f3w do rozm\u00f3w z ksi\u0119dzem jest coraz wi\u0119cej i dzisiaj \u017caden ksi\u0105dz nie mo\u017ce od nich ucieka\u0107, ale - wprost przeciwnie - podejmowa\u0107 nowe wyzwania. To przekonanie sk\u0142oni\u0142o mnie do pr\u00f3by otwarcia tego\u017c bloga, chocia\u017c okazji do rozm\u00f3w na co dzie\u0144 - w konfesjonale i poza nim - na szcz\u0119\u015bcie nie brakuje. My\u015bl\u0119 jednak, \u017ce ten blog b\u0119dzie jeszcze jednym sposobem i przestrzeni\u0105 nawi\u0105zania kontaktu z lud\u017ami dobrej woli, otwartymi na dialog.","url":"https:\/\/gaudiumetspes-blog.pl\/index.php\/author\/ks-jacek\/"}]}},"jetpack_featured_media_url":"","jetpack_sharing_enabled":true,"_links":{"self":[{"href":"https:\/\/gaudiumetspes-blog.pl\/index.php\/wp-json\/wp\/v2\/posts\/18470","targetHints":{"allow":["GET"]}}],"collection":[{"href":"https:\/\/gaudiumetspes-blog.pl\/index.php\/wp-json\/wp\/v2\/posts"}],"about":[{"href":"https:\/\/gaudiumetspes-blog.pl\/index.php\/wp-json\/wp\/v2\/types\/post"}],"author":[{"embeddable":true,"href":"https:\/\/gaudiumetspes-blog.pl\/index.php\/wp-json\/wp\/v2\/users\/1"}],"replies":[{"embeddable":true,"href":"https:\/\/gaudiumetspes-blog.pl\/index.php\/wp-json\/wp\/v2\/comments?post=18470"}],"version-history":[{"count":2,"href":"https:\/\/gaudiumetspes-blog.pl\/index.php\/wp-json\/wp\/v2\/posts\/18470\/revisions"}],"predecessor-version":[{"id":18472,"href":"https:\/\/gaudiumetspes-blog.pl\/index.php\/wp-json\/wp\/v2\/posts\/18470\/revisions\/18472"}],"wp:attachment":[{"href":"https:\/\/gaudiumetspes-blog.pl\/index.php\/wp-json\/wp\/v2\/media?parent=18470"}],"wp:term":[{"taxonomy":"category","embeddable":true,"href":"https:\/\/gaudiumetspes-blog.pl\/index.php\/wp-json\/wp\/v2\/categories?post=18470"},{"taxonomy":"post_tag","embeddable":true,"href":"https:\/\/gaudiumetspes-blog.pl\/index.php\/wp-json\/wp\/v2\/tags?post=18470"}],"curies":[{"name":"wp","href":"https:\/\/api.w.org\/{rel}","templated":true}]}}