{"id":18489,"date":"2021-01-31T05:28:45","date_gmt":"2021-01-31T04:28:45","guid":{"rendered":"https:\/\/gaudiumetspes-blog.pl\/?p=18489"},"modified":"2021-01-30T22:07:34","modified_gmt":"2021-01-30T21:07:34","slug":"nauka-nowa-nauka-z-moca-2","status":"publish","type":"post","link":"https:\/\/gaudiumetspes-blog.pl\/index.php\/2021\/01\/31\/nauka-nowa-nauka-z-moca-2\/","title":{"rendered":"Nauka nowa &#8211; nauka z moc\u0105!"},"content":{"rendered":"<p align=\"justify\"><span style=\"color: #000000;\"><span style=\"font-family: Book Antiqua, serif;\"><span style=\"font-size: large;\">Niech b\u0119dzie pochwalony Jezus Chrystus! Moi Drodzy, w dniu dzisiejszym <b>urodziny prze\u017cywa Ksi\u0105dz Jacek Wojdat, m\u00f3j Kolega z roku \u015bwi\u0119ce\u0144. \u017bycz\u0119 obfito\u015bci Bo\u017cego b\u0142ogos\u0142awie\u0144stwa i zapewniam o modlitwie!<\/b><\/span><\/span><\/span><\/p>\n<p align=\"justify\"><span style=\"color: #000000;\"><span style=\"font-family: Book Antiqua, serif;\"><span style=\"font-size: large;\">Moi Drodzy, wspomnia\u0142em kila dni temu, \u017ce dzisiaj napisz\u0119 wi\u0119cej o remoncie w Kaplicy i w O\u015brodku naszego Duszpasterstwa, oraz o \u015bwietnej Ekipie, kt\u00f3ra go wykonuje. Ale poniewa\u017c prace przed\u0142u\u017c\u0105 si\u0119 jeszcze o ten tydzie\u0144, wi\u0119c podsumowania dokonam za tydzie\u0144. <\/span><\/span><\/span><\/p>\n<p align=\"justify\"><span style=\"color: #000000;\"><span style=\"font-family: Book Antiqua, serif;\"><span style=\"font-size: large;\">Zaznaczam tylko, \u017ce przed\u0142u\u017cenie wysz\u0142o nie z winy Ekipy, kt\u00f3ra spisa\u0142a si\u0119 na medal i prace, pierwotnie zaplanowane, wykona\u0142a nawet przed czasem, ale dlatego, \u017ce to ja, odkrywaj\u0105c kolejne defekty i mo\u017cliwo\u015bci ich poprawienia, po prostu do\u0142o\u017cy\u0142em im pracy. Ale chc\u0119 dopi\u0105\u0107 wszystko, co tylko da si\u0119 dopi\u0105\u0107, bo jest to w ko\u0144cu praca na kilkana\u015bcie lat, wi\u0119c warto zrobi\u0107 to, co trzeba i co mo\u017cna, aby to nasze miejsce modlitwy i spotka\u0144 zyska\u0142o nieco \u0142adniejszy i schludniejszy wygl\u0105d. Kto widzia\u0142 stan dotychczasowy, na pewno zgodzi si\u0119 ze mn\u0105.<\/span><\/span><\/span><\/p>\n<p align=\"justify\"><span style=\"color: #000000;\"><span style=\"font-family: Book Antiqua, serif;\"><span style=\"font-size: large;\">Tymczasem, pozdrawiam Was ju\u017c z Ciepielowa, gdzie dotar\u0142em wczoraj, oko\u0142o 21:00. Droga by\u0142a zaskakuj\u0105co dobra \u2013 po tym, co dzia\u0142o si\u0119 w Lublinie przez ca\u0142y dzie\u0144. Nie ukrywam, \u017ce mia\u0142em ju\u017c na my\u015bli odwo\u0142anie przyjazdu. Ale jestem. A jak Wy radzicie sobie z zim\u0105?<\/span><\/span><\/span><\/p>\n<p align=\"justify\"><span style=\"color: #000000;\"><span style=\"font-family: Book Antiqua, serif;\"><span style=\"font-size: large;\">Teraz ju\u017c zapraszam do pochylenia si\u0119 nad Bo\u017cym s\u0142owem, aby <b>odkry\u0107 to jedno, konkretne przes\u0142anie, z jakim Pan dzi\u015b do ka\u017cdej i ka\u017cdego z nas si\u0119 zwraca.<\/b> Niech Duch \u015awi\u0119ty b\u0119dzie w tym poszukiwaniu \u015bwiat\u0142em i natchnieniem! Popro\u015bmy Go o to!<\/span><\/span><\/span><\/p>\n<p align=\"justify\"><span style=\"color: #000000;\"><span style=\"font-family: Book Antiqua, serif;\"><span style=\"font-size: large;\">Na radosne prze\u017cywanie Dnia Pa\u0144skiego i na ca\u0142e \u017cycie \u2013 <b>niech Was b\u0142ogos\u0142awi B\u00f3g Wszechmog\u0105cy: Ojciec + i Syn, i Duch \u015awi\u0119ty. Amen<\/b><\/span><\/span><\/span><\/p>\n<p align=\"center\"><span style=\"color: #000000;\"><span style=\"font-family: Book Antiqua, serif;\"><span style=\"font-size: large;\">Gaudium et spes! Ks. Jacek<\/span><\/span><\/span><\/p>\n<p align=\"center\">\n<p align=\"center\">\n<p align=\"center\">\n<p align=\"center\">\n<p align=\"center\">\n<p align=\"justify\"><span style=\"color: #000000;\"><span style=\"font-family: Book Antiqua, serif;\"><span style=\"font-size: large;\"><b>4 Niedziela zwyk\u0142a, B,<\/b><\/span><\/span><\/span><\/p>\n<p align=\"justify\"><span style=\"color: #000000;\"><span style=\"font-family: Book Antiqua, serif;\"><span style=\"font-size: large;\"><b>31 stycznia 2021.,<\/b><\/span><\/span><\/span><\/p>\n<p align=\"justify\"><span style=\"color: #000000;\"><span style=\"font-family: Book Antiqua, serif;\"><span style=\"font-size: large;\"><b>do czyta\u0144: Pwt 18,15\u201320; 1 Kor 7,32\u201335; Mk 1,21\u201328<\/b><\/span><\/span><\/span><\/p>\n<p align=\"justify\">\n<p align=\"justify\">\n<p align=\"justify\">\n<p align=\"justify\">\n<p align=\"justify\">\n<p align=\"justify\"><span style=\"color: #000000;\"><span style=\"font-family: Book Antiqua, serif;\"><span style=\"font-size: large;\"><b>CZYTANIE Z KSI\u0118GI POWT\u00d3RZONEGO PRAWA:<\/b><\/span><\/span><\/span><\/p>\n<p align=\"justify\"><span style=\"color: #000000;\"><span style=\"font-family: Book Antiqua, serif;\"><span style=\"font-size: large;\"><b>Moj\u017cesz tak przem\u00f3wi\u0142 do ludu: \u201ePan, B\u00f3g tw\u00f3j, wzbudzi ci proroka spo\u015br\u00f3d braci twoich, podobnego do mnie. Jego b\u0119dziesz s\u0142ucha\u0142. W\u0142a\u015bnie o to prosi\u0142e\u015b Pana, Boga swego, na Horebie, w dniu zgromadzenia: \u00abNiech wi\u0119cej nie s\u0142ucham g\u0142osu Pana, Boga mojego, i niech ju\u017c nie widz\u0119 tego wielkiego ognia, abym nie umar\u0142.\u00bb <\/b><\/span><\/span><\/span><\/p>\n<p align=\"justify\"><span style=\"color: #000000;\"><span style=\"font-family: Book Antiqua, serif;\"><span style=\"font-size: large;\"><b>I odrzek\u0142 mi Pan: \u00abDobrze powiedzieli. Wzbudz\u0119 im proroka spo\u015br\u00f3d ich braci, takiego jak ty, i w\u0142o\u017c\u0119 w jego usta moje s\u0142owa, b\u0119dzie im m\u00f3wi\u0142 wszystko, co rozka\u017c\u0119. <\/b><\/span><\/span><\/span><\/p>\n<p align=\"justify\"><span style=\"color: #000000;\"><span style=\"font-family: Book Antiqua, serif;\"><span style=\"font-size: large;\"><b>Je\u015bli kto\u015b nie b\u0119dzie s\u0142ucha\u0107 moich s\u0142\u00f3w, kt\u00f3re on wypowie w moim imieniu, Ja od niego za\u017c\u0105dam zdania sprawy. Lecz je\u015bli kt\u00f3ry prorok odwa\u017cy si\u0119 m\u00f3wi\u0107 w moim imieniu to, czego mu nie rozkaza\u0142em, albo wyst\u0105pi w imieniu bog\u00f3w obcych \u2013 taki prorok musi ponie\u015b\u0107 \u015bmier\u0107.\u00bb\u201d<\/b><\/span><\/span><\/span><\/p>\n<p align=\"justify\">\n<p align=\"justify\">\n<p align=\"justify\">\n<p align=\"justify\">\n<p align=\"justify\">\n<p align=\"justify\"><span style=\"color: #000000;\"><span style=\"font-family: Book Antiqua, serif;\"><span style=\"font-size: large;\"><b>CZYTANIE Z PIERWSZEGO LISTU \u015aWI\u0118TEGO PAW\u0141A APOSTO\u0141A DO KORYNTIAN:<\/b><\/span><\/span><\/span><\/p>\n<p align=\"justify\"><span style=\"color: #000000;\"><span style=\"font-family: Book Antiqua, serif;\"><span style=\"font-size: large;\"><b>Chcia\u0142bym, \u017ceby\u015bcie byli wolni od utrapie\u0144. <\/b><\/span><\/span><\/span><\/p>\n<p align=\"justify\"><span style=\"color: #000000;\"><span style=\"font-family: Book Antiqua, serif;\"><span style=\"font-size: large;\"><b>Cz\u0142owiek bez\u017cenny troszczy si\u0119 o sprawy Pana, o to, jak by si\u0119 przypodoba\u0107 Panu. Ten za\u015b, kto wst\u0105pi\u0142 w zwi\u0105zek ma\u0142\u017ce\u0144ski, zabiega o sprawy \u015bwiata, o to, jak by si\u0119 przypodoba\u0107 \u017conie. I doznaje rozterki. Podobnie i kobieta: niezam\u0119\u017cna i dziewica troszczy si\u0119 o sprawy Pana, o to, by by\u0142a \u015bwi\u0119ta i cia\u0142em i duchem. Ta za\u015b, kt\u00f3ra wysz\u0142a za m\u0105\u017c, zabiega o sprawy \u015bwiata, o to, jak by si\u0119 przypodoba\u0107 m\u0119\u017cowi. <\/b><\/span><\/span><\/span><\/p>\n<p align=\"justify\"><span style=\"color: #000000;\"><span style=\"font-family: Book Antiqua, serif;\"><span style=\"font-size: large;\"><b>M\u00f3wi\u0119 to dla waszego po\u017cytku, nie za\u015b, by zastawia\u0107 na was pu\u0142apk\u0119; po to, by\u015bcie godnie i z upodobaniem trwali przy Panu.<\/b><\/span><\/span><\/span><\/p>\n<p align=\"justify\">\n<p align=\"justify\">\n<p align=\"justify\">\n<p align=\"justify\">\n<p align=\"justify\">\n<p align=\"justify\"><span style=\"color: #000000;\"><span style=\"font-family: Book Antiqua, serif;\"><span style=\"font-size: large;\"><b>S\u0141OWA EWANGELII WED\u0141UG \u015aWI\u0118TEGO MARKA:<\/b><\/span><\/span><\/span><\/p>\n<p align=\"justify\"><span style=\"color: #000000;\"><span style=\"font-family: Book Antiqua, serif;\"><span style=\"font-size: large;\"><b>W mie\u015bcie Kafarnaum Jezus w szabat wszed\u0142 do synagogi i naucza\u0142. Zdumiewali si\u0119 Jego nauk\u0105: uczy\u0142 ich bowiem jak ten, kt\u00f3ry ma w\u0142adz\u0119, a nie jak uczeni w Pi\u015bmie. <\/b><\/span><\/span><\/span><\/p>\n<p align=\"justify\"><span style=\"color: #000000;\"><span style=\"font-family: Book Antiqua, serif;\"><span style=\"font-size: large;\"><b>By\u0142 w\u0142a\u015bnie w synagodze cz\u0142owiek op\u0119tany przez ducha nieczystego. Zacz\u0105\u0142 on wo\u0142a\u0107: \u201eCzego chcesz od nas, Jezusie Nazarejczyku? Przyszed\u0142e\u015b nas zgubi\u0107. Wiem, kto jeste\u015b: \u015awi\u0119ty Bo\u017cy.\u201d <\/b><\/span><\/span><\/span><\/p>\n<p align=\"justify\"><span style=\"color: #000000;\"><span style=\"font-family: Book Antiqua, serif;\"><span style=\"font-size: large;\"><b>Lecz Jezus rozkaza\u0142 mu surowo: \u201eMilcz i wyjd\u017a z niego\u201d. Wtedy duch nieczysty zacz\u0105\u0142 go targa\u0107 i z g\u0142o\u015bnym krzykiem wyszed\u0142 z niego. <\/b><\/span><\/span><\/span><\/p>\n<p align=\"justify\"><span style=\"color: #000000;\"><span style=\"font-family: Book Antiqua, serif;\"><span style=\"font-size: large;\"><b>A wszyscy si\u0119 zdumieli, tak \u017ce jeden drugiego pyta\u0142: \u201eCo to jest? Nowa jaka\u015b nauka z moc\u0105. Nawet duchom nieczystym rozkazuje i s\u0105 Mu pos\u0142uszne.\u201d I wnet rozesz\u0142a si\u0119 wie\u015b\u0107 o Nim wsz\u0119dzie po ca\u0142ej okolicznej krainie galilejskiej.<\/b><\/span><\/span><\/span><\/p>\n<p align=\"justify\">\n<p align=\"justify\">\n<p align=\"justify\">\n<p align=\"justify\">\n<p align=\"justify\">\n<p align=\"justify\"><span style=\"color: #000000;\"><span style=\"font-family: Book Antiqua, serif;\"><span style=\"font-size: large;\">B\u00f3g nie opuszcza swojego ludu. <b>Nigdy!<\/b> Opiekuje si\u0119 nim, prowadzi, poucza, w razie potrzeby pociesza, innym razem znowu \u2013 os\u0142ania i broni. I nawet, je\u017celi ludziom <b>wydaje si\u0119, \u017ce B\u00f3g o nich zapomnia\u0142,<\/b> \u017ce si\u0119 nimi nie interesuje, to przecie\u017c wiadomo, \u017ce naprawd\u0119 tak nie jest. <\/span><\/span><\/span><\/p>\n<p align=\"justify\"><span style=\"color: #000000;\"><span style=\"font-family: Book Antiqua, serif;\"><span style=\"font-size: large;\">A tak w\u0142a\u015bnie wydawa\u0142o si\u0119 cz\u0142onkom narodu wybranego, a wr\u0119cz byli oni o tym przekonani, \u017ce przez czterysta trzydzie\u015bci lat niewoli w Egipcie <b>B\u00f3g o nich zapomnia\u0142, pogniewa\u0142 si\u0119 na nich, <\/b>skoro musieli cierpie\u0107 takie poni\u017cenie i uciemi\u0119\u017cenie. Tylko jako\u015b nie bardzo dopuszczali do g\u0142osu t\u0119 oczywist\u0105 prawd\u0119, \u017ce ten los spotka\u0142 ich <b>za to, \u017ce to oni odwr\u00f3cili si\u0119 od Boga!<\/b> <\/span><\/span><\/span><\/p>\n<p align=\"justify\"><span style=\"color: #000000;\"><span style=\"font-family: Book Antiqua, serif;\"><span style=\"font-size: large;\">Kiedy bowiem On okazywa\u0142 im swoj\u0105 \u0142askawo\u015b\u0107 i trosk\u0119, <b>oni obra\u017cali Go <\/b>swymi grzechami. Gdy wi\u0119c B\u00f3g zes\u0142a\u0142 na nich trudne do\u015bwiadczenie, \u017ceby wybudzi\u0107 ich z duchowego letargu i poruszy\u0107 sumienia i serca, wtedy \u2013 oczywi\u015bcie \u2013 <b>nast\u0119powa\u0142 lament i wypominanie Panu Bogu,<\/b> jak to si\u0119 nie interesuje swoim narodem i pozwala na takie nieszcz\u0119\u015bcie! <\/span><\/span><\/span><\/p>\n<p align=\"justify\"><span style=\"color: #000000;\"><span style=\"font-family: Book Antiqua, serif;\"><span style=\"font-size: large;\">A przecie\u017c trzeba i to jasno stwierdzi\u0107, \u017ce tak\u017ce w czasie owej nieszcz\u0119snej niewoli r\u00f3wnie\u017c <b>nie brak\u0142o wyra\u017anych znak\u00f3w <\/b>Bo\u017cej opieki i troski \u2013 mo\u017cna nawet powiedzie\u0107, \u017ce <b>B\u00f3g by\u0142 z nimi<\/b> tam, w ziemi egipskiej, w domu niewoli. Owszem, niewola to jednak niewola \u2013 nie jest to stan po\u017c\u0105dany, ani komfortowy, ale na pewno <b>nie by\u0142 to czas zapomnienia ze strony Boga. <\/b><\/span><\/span><\/span><\/p>\n<p align=\"justify\"><span style=\"color: #000000;\"><span style=\"font-family: Book Antiqua, serif;\"><span style=\"font-size: large;\">A takim bardzo czytelnym tego potwierdzeniem by\u0142o to, \u017ce kiedy B\u00f3g uzna\u0142, i\u017c czas jest ju\u017c ku temu odpowiedni, <b>pos\u0142a\u0142 do nich wyzwoliciela, <\/b>duchowego przewodnika i wodza, kt\u00f3ry ich \u2013 w Jego imieniu i na Jego polecenie \u2013 z tej niewoli wyprowadzi\u0142. A tutaj, to ju\u017c naprawd\u0119 mo\u017cna m\u00f3wi\u0107 <b>o ca\u0142ej palecie Bo\u017cych znak\u00f3w i cud\u00f3w!<\/b> <\/span><\/span><\/span><\/p>\n<p align=\"justify\"><span style=\"color: #000000;\"><span style=\"font-family: Book Antiqua, serif;\"><span style=\"font-size: large;\">Pocz\u0105wszy od sposobu, w jaki Moj\u017cesz \u2013 bo o nim mowa \u2013 <b>ocala\u0142 od wyroku,<\/b> kt\u00f3ry faraon wyda\u0142 na wszystkich hebrajskich ch\u0142opc\u00f3w, i\u017c mieli by\u0107 <b>topieni w rzece,<\/b> aby nar\u00f3d w niewoli nie rozmna\u017ca\u0142 si\u0119 tak bardzo. Moj\u017cesz ocala\u0142, bo jego matka w\u0142o\u017cy\u0142a go do koszyka wiklinowego i pozostawi\u0142a w sitowiu, na brzegu rzeki, gdzie <b>znalaz\u0142a go c\u00f3rka faraona \u2013 i przygarn\u0119\u0142a.<\/b> A potem, <b>dziesi\u0119\u0107 plag,<\/b> kt\u00f3rymi B\u00f3g upomina\u0142 faraona, domagaj\u0105c si\u0119 wypuszczenia swego narodu. Znak nast\u0119powa\u0142 po znaku, cud po cudzie! <\/span><\/span><\/span><\/p>\n<p align=\"justify\"><span style=\"color: #000000;\"><span style=\"font-family: Book Antiqua, serif;\"><span style=\"font-size: large;\">A ile tych cudownych wydarze\u0144 dzia\u0142o si\u0119 ju\u017c po opuszczeniu Egiptu, na pustyni. Niestety, intensywno\u015bci tych\u017ce znak\u00f3w towarzyszy\u0142a r\u00f3wnie du\u017ca <b>intensywno\u015b\u0107 znak\u00f3w niepos\u0142usze\u0144stwa i niewierno\u015bci,<\/b> ze strony narodu. <\/span><\/span><\/span><\/p>\n<p align=\"justify\"><span style=\"color: #000000;\"><span style=\"font-family: Book Antiqua, serif;\"><span style=\"font-size: large;\">O jednym takim cudownym znaku s\u0142yszymy dzisiaj, w pierwszym czytaniu. Oto B\u00f3g przem\u00f3wi\u0142 do swego ludu na g\u00f3rze Horeb. A by\u0142o to <b>tak mocne do\u015bwiadczenie,<\/b> \u017ce ludzie dr\u017celi ze strachu i prosili Moj\u017cesza, aby to on sam rozmawia\u0142 z Bogiem, bo inaczej oni, zal\u0119knieni, poumieraj\u0105. I rzeczywi\u015bcie \u2013 <b>Moj\u017cesz rozmawia\u0142 z Bogiem,<\/b> przekazuj\u0105c swoim rodakom Jego wol\u0119, kt\u00f3r\u0105 oni systematycznie potem <b>lekcewa\u017cyli i Bo\u017ce nakazy \u0142amali.<\/b> <\/span><\/span><\/span><\/p>\n<p align=\"justify\"><span style=\"color: #000000;\"><span style=\"font-family: Book Antiqua, serif;\"><span style=\"font-size: large;\">I tak w\u0142a\u015bciwie przedstawia\u0142a si\u0119 ca\u0142a historia relacji narodu izraelskiego ze Bogiem: <b>kiedy B\u00f3g b\u0142ogos\u0142awi\u0142 i wspiera\u0142,<\/b> Izraelici bardzo szybko ro\u015bli w pych\u0119 i odwracali si\u0119 od Niego. Kiedy wi\u0119c On kara\u0142 ich za to, aby si\u0119 opami\u0119tali, <b>natychmiast zaczyna\u0142 si\u0119 p\u0142acz i lament,<\/b> \u017ce B\u00f3g ich opu\u015bci\u0142, zostawi\u0142 na pastw\u0119 wrog\u00f3w, skaza\u0142 na takie cierpienie. <\/span><\/span><\/span><\/p>\n<p align=\"justify\"><span style=\"color: #000000;\"><span style=\"font-family: Book Antiqua, serif;\"><span style=\"font-size: large;\">B\u00f3g tymczasem \u2013 \u017ceby raz jeszcze wyra\u017anie powt\u00f3rzy\u0107 my\u015bl z pocz\u0105tku naszego rozwa\u017cania \u2013 <b>nigdy<\/b> <b>nie opu\u015bci\u0142 swego ludu! <\/b>W\u0142a\u015bnie osoba i dzie\u0142o Moj\u017cesza jest tego mocnym potwierdzeniem. Nie jedynym przecie\u017c, ale jednym z najbardziej przekonuj\u0105cych. <\/span><\/span><\/span><\/p>\n<p align=\"justify\"><span style=\"color: #000000;\"><span style=\"font-family: Book Antiqua, serif;\"><span style=\"font-size: large;\">I oto dzisiaj Moj\u017cesz zapowiada zako\u0144czenie swojej misji, jednak od razu zapewnia, i\u017c to nie b\u0119dzie oznacza\u0142o zako\u0144czenia opieki Boga nad narodem. Wprost przeciwnie! B\u00f3g sam zapewnia: <i><b>Wzbudz\u0119 im proroka spo\u015br\u00f3d ich braci, takiego jak ty, i w\u0142o\u017c\u0119 w jego usta moje s\u0142owa, b\u0119dzie im m\u00f3wi\u0142 wszystko, co rozka\u017c\u0119.<\/b><\/i><b> <\/b>I nawet nie jest tu okre\u015blone, kto b\u0119dzie tym prorokiem \u2013 jest to og\u00f3lna zapowied\u017a, i\u017c B\u00f3g <b>b\u0119dzie swemu ludowi posy\u0142a\u0142<\/b> nast\u0119pc\u00f3w Moj\u017cesza, kt\u00f3rzy b\u0119d\u0105 go prowadzili Bo\u017c\u0105 drog\u0105, przekazuj\u0105c mu Bo\u017ce wskazania. <\/span><\/span><\/span><\/p>\n<p align=\"justify\"><span style=\"color: #000000;\"><span style=\"font-family: Book Antiqua, serif;\"><span style=\"font-size: large;\">Nie dowiadujemy si\u0119, kim b\u0119d\u0105 owi pos\u0142a\u0144cy, bo b\u0119dzie ich wielu \u2013 B\u00f3g <b>w ka\u017cdym czasie b\u0119dzie dawa\u0142 <\/b>swemu narodowi takich przewodnik\u00f3w. Nie wskazuj\u0105c na konkretne osoby, <b>wskazuje jednak na kryteria,<\/b> kt\u00f3rymi ma si\u0119 kierowa\u0107 ka\u017cdy taki pos\u0142aniec w wype\u0142nianiu swojej misji, a tak\u017ce kryteria, wed\u0142ug kt\u00f3rych <b>lud ma rozpoznawa\u0107,<\/b> i\u017c przemawia on naprawd\u0119 w imieniu Boga. O czym dok\u0142adnie m\u00f3wimy? <\/span><\/span><\/span><\/p>\n<p align=\"justify\"><span style=\"color: #000000;\"><span style=\"font-family: Book Antiqua, serif;\"><span style=\"font-size: large;\">B\u00f3g wyra\u017anie stwierdza \u2013 w zdaniu, kt\u00f3re ju\u017c tu sobie przywo\u0142ali\u015bmy \u2013 i\u017c w\u0142o\u017cy w usta owego proroka swoje s\u0142owa, aby ten m\u00f3wi\u0142 dok\u0142adnie to, co rozka\u017ce. Po czym dodaje: <i><b>Je\u015bli kto\u015b nie b\u0119dzie s\u0142ucha\u0107 moich s\u0142\u00f3w, kt\u00f3re on wypowie w moim imieniu, Ja od niego za\u017c\u0105dam zdania sprawy. Lecz je\u015bli kt\u00f3ry prorok odwa\u017cy si\u0119 m\u00f3wi\u0107 w moim imieniu to, czego mu nie rozkaza\u0142em, albo wyst\u0105pi w imieniu bog\u00f3w obcych \u2013 taki prorok musi ponie\u015b\u0107 \u015bmier\u0107.<\/b><\/i><b> <\/b><\/span><\/span><\/span><\/p>\n<p align=\"justify\"><span style=\"color: #000000;\"><span style=\"font-family: Book Antiqua, serif;\"><span style=\"font-size: large;\">Je\u017celi zatem nie spe\u0142ni si\u0119 wyg\u0142oszone proroctwo, a sam prorok poniesie \u015bmier\u0107, b\u0119dzie to oznacza\u0142o, \u017ce <b>nie m\u00f3wi\u0142 w imieniu Boga, <\/b>tylko w swojej pysze m\u00f3wi\u0142 to, co sam sobie wymy\u015bli\u0142. W innych miejscach Starego Testamentu te zasady zosta\u0142y jeszcze dok\u0142adniej okre\u015blone. Je\u017celi jednak prorok <b>b\u0119dzie m\u00f3wi\u0142 w imieniu Boga, <\/b>w\u00f3wczas nar\u00f3d ma to jego pouczenie przyj\u0105\u0107 i wype\u0142ni\u0107. Wyra\u017anie s\u0142yszymy, \u017ce <b>B\u00f3g za\u017c\u0105da zdania sprawy<\/b> od tego, kto zlekcewa\u017cy s\u0142owo proroka. <\/span><\/span><\/span><\/p>\n<p align=\"justify\"><span style=\"color: #000000;\"><span style=\"font-family: Book Antiqua, serif;\"><span style=\"font-size: large;\">A to wszystko, moi Drodzy, przekonuje nas, \u017ce <b>Bogu naprawd\u0119 zale\u017cy na cz\u0142owieku<\/b> i naprawd\u0119 go nie opuszcza. I nawet, je\u017celi stosowa\u0142 w Starym Testamencie mocne dzia\u0142ania i zsy\u0142a\u0142 kary, a i dzisiaj dopuszcza na nas niekiedy <b>trudniejsze do\u015bwiadczenia;<\/b> je\u017celi okre\u015bla tak surowe i jednoznaczne wymagania, dotycz\u0105ce s\u0142uchania swoich prorok\u00f3w \u2013 to wszystko nie dlatego, \u017ce <b>chce pokaza\u0107, \u201ekto tu rz\u0105dzi\u201d,<\/b> ale by pokaza\u0107, \u017ce <b>naprawd\u0119 chce dobra cz\u0142owieka,<\/b> chce go prowadzi\u0107 prost\u0105 drog\u0105 do zbawienia. <\/span><\/span><\/span><\/p>\n<p align=\"justify\"><span style=\"color: #000000;\"><span style=\"font-family: Book Antiqua, serif;\"><span style=\"font-size: large;\">Je\u017celi za\u015b komu\u015b chce wyra\u017anie pokaza\u0107, \u017ce to On rz\u0105dzi i do Niego, jako Boga, nale\u017cy pe\u0142na w\u0142adza, to <b>tym kim\u015b jest szatan.<\/b> Ten uzurpator <b>sobie pr\u00f3buje przypisa\u0107 w\u0142adz\u0119<\/b> nad \u015bwiatem i nad ludzkimi sercami. Niestety, wiele ludzkich serc, z wolnej swej woli, sk\u0142ania si\u0119 ku temu w\u0142adcy. Natomiast ze strony Jezusa s\u0142yszy on zawsze jedno i to samo: <i><b>Milcz i wyjd\u017a z niego! <\/b><\/i><\/span><\/span><\/span><\/p>\n<p align=\"justify\"><span style=\"color: #000000;\"><span style=\"font-family: Book Antiqua, serif;\"><span style=\"font-size: large;\">Wyjd\u017a z serca cz\u0142owieka op\u0119tanego, ale mo\u017cna ten Jezusowy nakaz rozumie\u0107 szerzej: <b>Wyjd\u017a z tego \u015bwiata, wyjd\u017a z tego czasu,<\/b> wyjd\u017a z historii tych ludzi! <b>Wyjd\u017a! Odejd\u017a jak najdalej! Uciekaj st\u0105d!<\/b> <\/span><\/span><\/span><\/p>\n<p align=\"justify\"><span style=\"color: #000000;\"><span style=\"font-family: Book Antiqua, serif;\"><span style=\"font-size: large;\">I wiemy, \u017ce szatanowi nic innego ju\u017c nie pozostaje, jak tylko rzeczywi\u015bcie ucieka\u0107. Bo on dobrze wie, \u017ce w zetkni\u0119ciu z Jezusem <b>nie ma najmniejszych szans!<\/b> Owszem, cz\u0142owieka mo\u017ce zwodzi\u0107, ale nie Jezusa! <\/span><\/span><\/span><\/p>\n<p align=\"justify\"><span style=\"color: #000000;\"><span style=\"font-family: Book Antiqua, serif;\"><span style=\"font-size: large;\">St\u0105d jego histeryczna reakcja, kiedy dosz\u0142o do spotkania z Jezusem w synagodze w Kafarnaum: <i><b>Czego chcesz od nas, Jezusie Nazarejczyku? Przyszed\u0142e\u015b nas zgubi\u0107. Wiem, kto jeste\u015b: \u015awi\u0119ty Bo\u017cy.<\/b><\/i> W innym t\u0142umaczeniu tego zdania padaj\u0105 s\u0142owa: <i><b>Co mamy z Tob\u0105 wsp\u00f3lnego, Jezusie Nazarejczyku? Przyszed\u0142e\u015b nas zgubi\u0107! Wiem, kim jeste\u015b: \u015awi\u0119tym Boga!<\/b><\/i> <\/span><\/span><\/span><\/p>\n<p align=\"justify\"><span style=\"color: #000000;\"><span style=\"font-family: Book Antiqua, serif;\"><span style=\"font-size: large;\">Rzeczywi\u015bcie, c\u00f3\u017c wsp\u00f3lnego ma z\u0142y duch z Jezusem? Nic! I dobrze o tym wie. Dlatego <b>tak bardzo boi si\u0119 Jezusa<\/b> i dlatego musi wykona\u0107 Jego rozkaz i wyj\u015b\u0107 z cz\u0142owieka op\u0119tanego. Bo nie jest dla Jezusa \u017cadnym <b>partnerem do dyskusji, <\/b>nie jest Mu w \u017caden spos\u00f3b r\u00f3wny \u2013 nawet nie ma prawa tak pomy\u015ble\u0107. W\u0142adza Jezusa nad nim <b>jest definitywna i ostateczna, <\/b>dlatego musi si\u0119 jej podporz\u0105dkowa\u0107. <\/span><\/span><\/span><\/p>\n<p align=\"justify\"><span style=\"color: #000000;\"><span style=\"font-family: Book Antiqua, serif;\"><span style=\"font-size: large;\">Jak bowiem s\u0142usznie zauwa\u017cyli dzi\u015b ludzie, zebrani w synagodze, jest to <i><b>nowa jaka\u015b nauka z moc\u0105. Nawet duchom nieczystym rozkazuje i s\u0105 Mu pos\u0142uszne.<\/b><\/i><b> <\/b>A przecie\u017c ju\u017c wcze\u015bniej <i><b>z<\/b><\/i><i><b>dumiewali si\u0119 Jego nauk\u0105: uczy\u0142 ich bowiem jak ten, kt\u00f3ry ma w\u0142adz\u0119, a nie jak uczeni w Pi\u015bmie.<\/b><\/i><b> <\/b>Oto wyra\u017any dow\u00f3d na to, \u017ce B\u00f3g nie opuszcza cz\u0142owieka, ale anga\u017cuje swoj\u0105 m\u0105dro\u015b\u0107 i mi\u0142o\u015b\u0107, <b>ca\u0142\u0105 swoj\u0105 w\u0142adz\u0119 i moc,<\/b> aby uwolni\u0107 go z mocy z\u0142ego ducha i doprowadzi\u0107 do zbawienia. <\/span><\/span><\/span><\/p>\n<p align=\"justify\"><span style=\"color: #000000;\"><span style=\"font-family: Book Antiqua, serif;\"><span style=\"font-size: large;\">Oczekuje jednak od cz\u0142owieka roztropnego i przemy\u015blanego dzia\u0142ania, aby nie dochodzi\u0142o ju\u017c do takich sytuacji, o jakich m\u00f3wili\u015bmy sobie, w odniesieniu do narodu wybranego, \u017ce B\u00f3g stara si\u0119 ludziom pom\u00f3c, okazuj\u0105c swoj\u0105 dobro\u0107 i mi\u0142o\u015b\u0107, a ludzie \u2013 po swojemu\u2026 <b>B\u00f3g \u201esobie\u201d \u2013 a ludzie \u201esobie\u201d\u2026<\/b> <\/span><\/span><\/span><\/p>\n<p align=\"justify\"><span style=\"color: #000000;\"><span style=\"font-family: Book Antiqua, serif;\"><span style=\"font-size: large;\">Dlatego \u015awi\u0119ty Pawe\u0142, w drugim dzisiejszym czytaniu, stwierdza: <i><b>Chcia\u0142bym, \u017ceby\u015bcie byli wolni od utrapie\u0144.<\/b><\/i><b> <\/b>Po czym kieruje pouczenie, kt\u00f3re troch\u0119 trudno nam dzi\u015b zrozumie\u0107. Bo stwierdza: <i><b>Cz\u0142owiek bez\u017cenny troszczy si\u0119 o sprawy Pana, o to, jak by si\u0119 przypodoba\u0107 Panu. Ten za\u015b, kto wst\u0105pi\u0142 w zwi\u0105zek ma\u0142\u017ce\u0144ski, zabiega o sprawy \u015bwiata, o to, jak by si\u0119 przypodoba\u0107 \u017conie. I doznaje rozterki. Podobnie i kobieta: niezam\u0119\u017cna i dziewica troszczy si\u0119 o sprawy Pana, o to, by by\u0142a \u015bwi\u0119ta i cia\u0142em i duchem. Ta<\/b><\/i><b> <\/b><i><b>za\u015b, kt\u00f3ra wysz\u0142a za m\u0105\u017c, zabiega o sprawy \u015bwiata, o to, jak by si\u0119 przypodoba\u0107 m\u0119\u017cowi.<\/b><\/i><b> <\/b><\/span><\/span><\/span><\/p>\n<p align=\"justify\"><span style=\"color: #000000;\"><span style=\"font-family: Book Antiqua, serif;\"><span style=\"font-size: large;\">To troch\u0119 tak, jakby odradza\u0142 ma\u0142\u017ce\u0144stwo, albo wskazywa\u0142, \u017ce jest ono <b>gorszym stanem \u017cycia,<\/b> gorszym rodzajem powo\u0142ania, ani\u017celi stan bez\u017cenny. Nie bardzo chcemy si\u0119 zgodzi\u0107 z takim spojrzeniem, zw\u0142aszcza dzisiaj, kiedy Ko\u015bci\u00f3\u0142 tak zdecydowanie <b>promuje w swoim nauczaniu \u017cycie ma\u0142\u017ce\u0144skie<\/b> i pi\u0119kno wzajemnej mi\u0142o\u015bci dwojga ludzi. <\/span><\/span><\/span><\/p>\n<p align=\"justify\"><span style=\"color: #000000;\"><span style=\"font-family: Book Antiqua, serif;\"><span style=\"font-size: large;\">Zreszt\u0105, w nauczaniu samego Paw\u0142a Aposto\u0142a takich akcent\u00f3w nie brakuje. Dlaczego wi\u0119c dzisiaj pisze, \u017ce cz\u0142owiek bez\u017cenny niejako <b>lepiej wypada w oczach Bo\u017cych,<\/b> ani\u017celi ten, kto w ma\u0142\u017ce\u0144stwie \u017cyje?\u2026 <\/span><\/span><\/span><\/p>\n<p align=\"justify\"><span style=\"color: #000000;\"><span style=\"font-family: Book Antiqua, serif;\"><span style=\"font-size: large;\">By\u0107 mo\u017ce, jakim\u015b wyja\u015bnieniem jest tu ostatnie zdanie dzisiejszego czytania: <i><b>M\u00f3wi\u0119 to dla waszego po\u017cytku, nie za\u015b, by zastawia\u0107 na was pu\u0142apk\u0119; po to, by\u015bcie godnie i z upodobaniem trwali przy Panu.<\/b><\/i><b> <\/b>W innym t\u0142umaczeniu, zdanie to brzmi: <i><b>M\u00f3wi\u0119 po to, aby\u015bcie bez przerwy s\u0142u\u017cyli Panu godnie i wytrwale.<\/b><\/i> <\/span><\/span><\/span><\/p>\n<p align=\"justify\"><span style=\"color: #000000;\"><span style=\"font-family: Book Antiqua, serif;\"><span style=\"font-size: large;\">Zatem, nie chodzi tu o jakie\u015b umniejszanie \u017cycia ma\u0142\u017ce\u0144skiego, ale o spostrze\u017cenie, \u017ce osobie bez\u017cennej <b>\u0142atwiej troszczy\u0107 si\u0119 o sprawy Bo\u017ce,<\/b> podczas gdy osoba, \u017cyj\u0105ca w ma\u0142\u017ce\u0144stwie, musi si\u0119 zajmowa\u0107 w wi\u0119kszym stopniu sprawami doczesnymi. <\/span><\/span><\/span><\/p>\n<p align=\"justify\"><span style=\"color: #000000;\"><span style=\"font-family: Book Antiqua, serif;\"><span style=\"font-size: large;\"><b>W kontek\u015bcie jednak ca\u0142ego nauczania<\/b> Paw\u0142a Aposto\u0142a, ale i ca\u0142ej nauki Nowego Testamentu, trzeba jasno powiedzie\u0107, \u017ce nie chodzi tu o to, \u017ceby si\u0119 nie \u017ceni\u0107 i za m\u0105\u017c nie wychodzi\u0107, ale \u017ceby <b>na pierwszym miejscu w\u015br\u00f3d swoich cel\u00f3w i d\u0105\u017ce\u0144 postawi\u0107 wieczne zbawienie!<\/b> \u017beby si\u0119 nie da\u0107 tak wci\u0105gn\u0105\u0107 w sprawy tego \u015bwiata, by ju\u017c nie zosta\u0142o si\u0142y ani pomys\u0142u, jak zadba\u0107 o sprawy wieczne. A to one w\u0142a\u015bnie s\u0105 najwa\u017cniejsze! <\/span><\/span><\/span><\/p>\n<p align=\"justify\"><span style=\"color: #000000;\"><span style=\"font-family: Book Antiqua, serif;\"><span style=\"font-size: large;\">Dlatego mo\u017cna i trzeba si\u0119 \u017ceni\u0107 i za m\u0105\u017c wychodzi\u0107, je\u017celi kto\u015b takie powo\u0142anie w sobie odkryje. Ale zawsze trzeba <b>pami\u0119ta\u0107 o najwa\u017cniejszym powo\u0142aniu,<\/b> jakie \u0142\u0105czy w sobie wszystkie szczeg\u00f3\u0142owe powo\u0142ania, a jakim jest \u2013 <b>powo\u0142anie do \u015bwi\u0119to\u015bci!<\/b> Ze strony Boga jest to wielkie i sta\u0142e pragnienie i d\u0105\u017cenie, aby nas wszystkich doprowadzi\u0107 do Nieba. <\/span><\/span><\/span><\/p>\n<p align=\"justify\"><span style=\"color: #000000;\"><span style=\"font-family: Book Antiqua, serif;\"><span style=\"font-size: large;\">Dlatego B\u00f3g \u2013 jeszcze raz to podkre\u015blmy \u2013 <b>nigdy nie opuszcza cz\u0142owieka, <\/b>nigdy nie szcz\u0119dzi mu swojej pomocy. Nawet, je\u017celi cz\u0142owiekowi wydaje si\u0119, \u017ce tak nie jest, \u017ce B\u00f3g go opu\u015bci\u0142, pozostawi\u0142 samemu sobie, skaza\u0142 na z\u0142y los i wszelkie nieszcz\u0119\u015bcia, to jednak B\u00f3g \u2013 zauwa\u017cmy to \u2013 w ka\u017cdej chwili <b>podtrzymuje nad w istnieniu,<\/b> obdarza codziennie tyloma darami, jak pokarm, zdrowie, bliscy ludzie, rozwi\u0105zuj\u0105ce si\u0119 sprawy i problemy \u2013 i czego by tu jeszcze nie wymieni\u0107. A przede wszystkim, m\u00f3wi do nas przez <b>swoje S\u0142owo,<\/b> przychodzi do naszych serc <b>w Komunii \u015awi\u0119tej,<\/b> przebacza nam grzechy w Sakramencie Pokuty, udziela nam swoich dar\u00f3w w innych Sakramentach, rozmawia z nami w czasie modlitwy\u2026 Po prostu jest z nami! A my? Jeste\u015bmy z Nim?\u2026<\/span><\/span><\/span><\/p>\n<p align=\"justify\"><span style=\"color: #000000;\"><span style=\"font-family: Book Antiqua, serif;\"><span style=\"font-size: large;\">Czy nauka Jezusa jest dla nas <b>ci\u0105gle now\u0105 nauk\u0105 z moc\u0105<\/b> \u2013 czy jakimi\u015b oklepanym frazesem, albo \u201ebajk\u0105 dla grzecznych dzieci\u201d? Albo czym\u015b tak nieaktualnym, \u017ce szkoda sobie tym w og\u00f3le g\u0142ow\u0119 zawraca\u0107?\u2026 Czy nauka Jezusa jest dla nas \u2013 jest dla mnie, osobi\u015bcie \u2013 nauk\u0105 <b>naprawd\u0119 now\u0105<\/b> i nauk\u0105 <b>naprawd\u0119 z moc\u0105?<\/b> Czyli: czy odkrywam w niej ci\u0105gle <b>co\u015b nowego, aktualnego,<\/b> odnosz\u0105cego si\u0119 do mojej obecnej sytuacji \u2013 i czy ona rzeczywi\u015bcie, tu i teraz, zmienia moje \u017cycie?\u2026 A je\u017celi tak, <b>to w czym konkretnie?\u2026<\/b><\/span><\/span><\/span><\/p>\n","protected":false},"excerpt":{"rendered":"<p>Niech b\u0119dzie pochwalony Jezus Chrystus! Moi Drodzy, w dniu dzisiejszym urodziny prze\u017cywa Ksi\u0105dz Jacek Wojdat, m\u00f3j Kolega z roku \u015bwi\u0119ce\u0144. \u017bycz\u0119 obfito\u015bci Bo\u017cego b\u0142ogos\u0142awie\u0144stwa i zapewniam o modlitwie! Moi Drodzy, wspomnia\u0142em kila dni temu, \u017ce dzisiaj napisz\u0119 wi\u0119cej o remoncie w Kaplicy i w O\u015brodku naszego Duszpasterstwa, oraz o \u015bwietnej Ekipie, kt\u00f3ra go wykonuje. Ale [&hellip;]<\/p>\n","protected":false},"author":1,"featured_media":0,"comment_status":"open","ping_status":"open","sticky":false,"template":"","format":"standard","meta":{"jetpack_post_was_ever_published":false,"_jetpack_newsletter_access":"","_jetpack_dont_email_post_to_subs":false,"_jetpack_newsletter_tier_id":0,"_jetpack_memberships_contains_paywalled_content":false,"_jetpack_memberships_contains_paid_content":false,"footnotes":""},"categories":[1],"tags":[],"class_list":["post-18489","post","type-post","status-publish","format-standard","hentry","category-bez-kategorii"],"yoast_head":"<!-- This site is optimized with the Yoast SEO plugin v25.1 - https:\/\/yoast.com\/wordpress\/plugins\/seo\/ -->\n<title>Nauka nowa - nauka z moc\u0105! - Gaudium Et Spes<\/title>\n<meta name=\"robots\" content=\"index, follow, max-snippet:-1, max-image-preview:large, max-video-preview:-1\" \/>\n<link rel=\"canonical\" href=\"https:\/\/gaudiumetspes-blog.pl\/index.php\/2021\/01\/31\/nauka-nowa-nauka-z-moca-2\/\" \/>\n<meta property=\"og:locale\" content=\"pl_PL\" \/>\n<meta property=\"og:type\" content=\"article\" \/>\n<meta property=\"og:title\" content=\"Nauka nowa - nauka z moc\u0105! - Gaudium Et Spes\" \/>\n<meta property=\"og:description\" content=\"Niech b\u0119dzie pochwalony Jezus Chrystus! Moi Drodzy, w dniu dzisiejszym urodziny prze\u017cywa Ksi\u0105dz Jacek Wojdat, m\u00f3j Kolega z roku \u015bwi\u0119ce\u0144. \u017bycz\u0119 obfito\u015bci Bo\u017cego b\u0142ogos\u0142awie\u0144stwa i zapewniam o modlitwie! Moi Drodzy, wspomnia\u0142em kila dni temu, \u017ce dzisiaj napisz\u0119 wi\u0119cej o remoncie w Kaplicy i w O\u015brodku naszego Duszpasterstwa, oraz o \u015bwietnej Ekipie, kt\u00f3ra go wykonuje. Ale [&hellip;]\" \/>\n<meta property=\"og:url\" content=\"https:\/\/gaudiumetspes-blog.pl\/index.php\/2021\/01\/31\/nauka-nowa-nauka-z-moca-2\/\" \/>\n<meta property=\"og:site_name\" content=\"Gaudium Et Spes\" \/>\n<meta property=\"article:published_time\" content=\"2021-01-31T04:28:45+00:00\" \/>\n<meta name=\"author\" content=\"Ks. Jacek\" \/>\n<meta name=\"twitter:card\" content=\"summary_large_image\" \/>\n<meta name=\"twitter:label1\" content=\"Napisane przez\" \/>\n\t<meta name=\"twitter:data1\" content=\"Ks. Jacek\" \/>\n\t<meta name=\"twitter:label2\" content=\"Szacowany czas czytania\" \/>\n\t<meta name=\"twitter:data2\" content=\"15 minut\" \/>\n<script type=\"application\/ld+json\" class=\"yoast-schema-graph\">{\"@context\":\"https:\/\/schema.org\",\"@graph\":[{\"@type\":\"WebPage\",\"@id\":\"https:\/\/gaudiumetspes-blog.pl\/index.php\/2021\/01\/31\/nauka-nowa-nauka-z-moca-2\/\",\"url\":\"https:\/\/gaudiumetspes-blog.pl\/index.php\/2021\/01\/31\/nauka-nowa-nauka-z-moca-2\/\",\"name\":\"Nauka nowa - nauka z moc\u0105! - Gaudium Et Spes\",\"isPartOf\":{\"@id\":\"https:\/\/gaudiumetspes-blog.pl\/#website\"},\"datePublished\":\"2021-01-31T04:28:45+00:00\",\"author\":{\"@id\":\"https:\/\/gaudiumetspes-blog.pl\/#\/schema\/person\/1661982992b752dea8dff0d4ed845a65\"},\"breadcrumb\":{\"@id\":\"https:\/\/gaudiumetspes-blog.pl\/index.php\/2021\/01\/31\/nauka-nowa-nauka-z-moca-2\/#breadcrumb\"},\"inLanguage\":\"pl-PL\",\"potentialAction\":[{\"@type\":\"ReadAction\",\"target\":[\"https:\/\/gaudiumetspes-blog.pl\/index.php\/2021\/01\/31\/nauka-nowa-nauka-z-moca-2\/\"]}]},{\"@type\":\"BreadcrumbList\",\"@id\":\"https:\/\/gaudiumetspes-blog.pl\/index.php\/2021\/01\/31\/nauka-nowa-nauka-z-moca-2\/#breadcrumb\",\"itemListElement\":[{\"@type\":\"ListItem\",\"position\":1,\"name\":\"Strona g\u0142\u00f3wna\",\"item\":\"https:\/\/gaudiumetspes-blog.pl\/\"},{\"@type\":\"ListItem\",\"position\":2,\"name\":\"Nauka nowa &#8211; nauka z&nbsp;moc\u0105!\"}]},{\"@type\":\"WebSite\",\"@id\":\"https:\/\/gaudiumetspes-blog.pl\/#website\",\"url\":\"https:\/\/gaudiumetspes-blog.pl\/\",\"name\":\"Gaudium Et Spes\",\"description\":\"Blog Ks. Jacka Ja\u015bkowskiego\",\"potentialAction\":[{\"@type\":\"SearchAction\",\"target\":{\"@type\":\"EntryPoint\",\"urlTemplate\":\"https:\/\/gaudiumetspes-blog.pl\/?s={search_term_string}\"},\"query-input\":{\"@type\":\"PropertyValueSpecification\",\"valueRequired\":true,\"valueName\":\"search_term_string\"}}],\"inLanguage\":\"pl-PL\"},{\"@type\":\"Person\",\"@id\":\"https:\/\/gaudiumetspes-blog.pl\/#\/schema\/person\/1661982992b752dea8dff0d4ed845a65\",\"name\":\"Ks. Jacek\",\"image\":{\"@type\":\"ImageObject\",\"inLanguage\":\"pl-PL\",\"@id\":\"https:\/\/gaudiumetspes-blog.pl\/#\/schema\/person\/image\/\",\"url\":\"https:\/\/gaudiumetspes-blog.pl\/wp-content\/uploads\/2019\/07\/avatar-JJ-150x150.jpg\",\"contentUrl\":\"https:\/\/gaudiumetspes-blog.pl\/wp-content\/uploads\/2019\/07\/avatar-JJ-150x150.jpg\",\"caption\":\"Ks. Jacek\"},\"description\":\"Witam serdecznie! K\u0142ania si\u0119 Ks. Jacek Ja\u015bkowski. Nie jestem ani kim\u015b wa\u017cnym, ani kim\u015b znanym. Jestem ksi\u0119dzem, kt\u00f3ry po prostu chce rozmawia\u0107. Codzienna kap\u0142a\u0144ska pos\u0142uga pokazuje mi, \u017ce temat\u00f3w do rozm\u00f3w z ksi\u0119dzem jest coraz wi\u0119cej i dzisiaj \u017caden ksi\u0105dz nie mo\u017ce od nich ucieka\u0107, ale - wprost przeciwnie - podejmowa\u0107 nowe wyzwania. To przekonanie sk\u0142oni\u0142o mnie do pr\u00f3by otwarcia tego\u017c bloga, chocia\u017c okazji do rozm\u00f3w na co dzie\u0144 - w konfesjonale i poza nim - na szcz\u0119\u015bcie nie brakuje. My\u015bl\u0119 jednak, \u017ce ten blog b\u0119dzie jeszcze jednym sposobem i przestrzeni\u0105 nawi\u0105zania kontaktu z lud\u017ami dobrej woli, otwartymi na dialog.\",\"url\":\"https:\/\/gaudiumetspes-blog.pl\/index.php\/author\/ks-jacek\/\"}]}<\/script>\n<!-- \/ Yoast SEO plugin. -->","yoast_head_json":{"title":"Nauka nowa - nauka z moc\u0105! - Gaudium Et Spes","robots":{"index":"index","follow":"follow","max-snippet":"max-snippet:-1","max-image-preview":"max-image-preview:large","max-video-preview":"max-video-preview:-1"},"canonical":"https:\/\/gaudiumetspes-blog.pl\/index.php\/2021\/01\/31\/nauka-nowa-nauka-z-moca-2\/","og_locale":"pl_PL","og_type":"article","og_title":"Nauka nowa - nauka z moc\u0105! - Gaudium Et Spes","og_description":"Niech b\u0119dzie pochwalony Jezus Chrystus! Moi Drodzy, w dniu dzisiejszym urodziny prze\u017cywa Ksi\u0105dz Jacek Wojdat, m\u00f3j Kolega z roku \u015bwi\u0119ce\u0144. \u017bycz\u0119 obfito\u015bci Bo\u017cego b\u0142ogos\u0142awie\u0144stwa i zapewniam o modlitwie! Moi Drodzy, wspomnia\u0142em kila dni temu, \u017ce dzisiaj napisz\u0119 wi\u0119cej o remoncie w Kaplicy i w O\u015brodku naszego Duszpasterstwa, oraz o \u015bwietnej Ekipie, kt\u00f3ra go wykonuje. Ale [&hellip;]","og_url":"https:\/\/gaudiumetspes-blog.pl\/index.php\/2021\/01\/31\/nauka-nowa-nauka-z-moca-2\/","og_site_name":"Gaudium Et Spes","article_published_time":"2021-01-31T04:28:45+00:00","author":"Ks. Jacek","twitter_card":"summary_large_image","twitter_misc":{"Napisane przez":"Ks. Jacek","Szacowany czas czytania":"15 minut"},"schema":{"@context":"https:\/\/schema.org","@graph":[{"@type":"WebPage","@id":"https:\/\/gaudiumetspes-blog.pl\/index.php\/2021\/01\/31\/nauka-nowa-nauka-z-moca-2\/","url":"https:\/\/gaudiumetspes-blog.pl\/index.php\/2021\/01\/31\/nauka-nowa-nauka-z-moca-2\/","name":"Nauka nowa - nauka z moc\u0105! - Gaudium Et Spes","isPartOf":{"@id":"https:\/\/gaudiumetspes-blog.pl\/#website"},"datePublished":"2021-01-31T04:28:45+00:00","author":{"@id":"https:\/\/gaudiumetspes-blog.pl\/#\/schema\/person\/1661982992b752dea8dff0d4ed845a65"},"breadcrumb":{"@id":"https:\/\/gaudiumetspes-blog.pl\/index.php\/2021\/01\/31\/nauka-nowa-nauka-z-moca-2\/#breadcrumb"},"inLanguage":"pl-PL","potentialAction":[{"@type":"ReadAction","target":["https:\/\/gaudiumetspes-blog.pl\/index.php\/2021\/01\/31\/nauka-nowa-nauka-z-moca-2\/"]}]},{"@type":"BreadcrumbList","@id":"https:\/\/gaudiumetspes-blog.pl\/index.php\/2021\/01\/31\/nauka-nowa-nauka-z-moca-2\/#breadcrumb","itemListElement":[{"@type":"ListItem","position":1,"name":"Strona g\u0142\u00f3wna","item":"https:\/\/gaudiumetspes-blog.pl\/"},{"@type":"ListItem","position":2,"name":"Nauka nowa &#8211; nauka z&nbsp;moc\u0105!"}]},{"@type":"WebSite","@id":"https:\/\/gaudiumetspes-blog.pl\/#website","url":"https:\/\/gaudiumetspes-blog.pl\/","name":"Gaudium Et Spes","description":"Blog Ks. Jacka Ja\u015bkowskiego","potentialAction":[{"@type":"SearchAction","target":{"@type":"EntryPoint","urlTemplate":"https:\/\/gaudiumetspes-blog.pl\/?s={search_term_string}"},"query-input":{"@type":"PropertyValueSpecification","valueRequired":true,"valueName":"search_term_string"}}],"inLanguage":"pl-PL"},{"@type":"Person","@id":"https:\/\/gaudiumetspes-blog.pl\/#\/schema\/person\/1661982992b752dea8dff0d4ed845a65","name":"Ks. Jacek","image":{"@type":"ImageObject","inLanguage":"pl-PL","@id":"https:\/\/gaudiumetspes-blog.pl\/#\/schema\/person\/image\/","url":"https:\/\/gaudiumetspes-blog.pl\/wp-content\/uploads\/2019\/07\/avatar-JJ-150x150.jpg","contentUrl":"https:\/\/gaudiumetspes-blog.pl\/wp-content\/uploads\/2019\/07\/avatar-JJ-150x150.jpg","caption":"Ks. Jacek"},"description":"Witam serdecznie! K\u0142ania si\u0119 Ks. Jacek Ja\u015bkowski. Nie jestem ani kim\u015b wa\u017cnym, ani kim\u015b znanym. Jestem ksi\u0119dzem, kt\u00f3ry po prostu chce rozmawia\u0107. Codzienna kap\u0142a\u0144ska pos\u0142uga pokazuje mi, \u017ce temat\u00f3w do rozm\u00f3w z ksi\u0119dzem jest coraz wi\u0119cej i dzisiaj \u017caden ksi\u0105dz nie mo\u017ce od nich ucieka\u0107, ale - wprost przeciwnie - podejmowa\u0107 nowe wyzwania. To przekonanie sk\u0142oni\u0142o mnie do pr\u00f3by otwarcia tego\u017c bloga, chocia\u017c okazji do rozm\u00f3w na co dzie\u0144 - w konfesjonale i poza nim - na szcz\u0119\u015bcie nie brakuje. My\u015bl\u0119 jednak, \u017ce ten blog b\u0119dzie jeszcze jednym sposobem i przestrzeni\u0105 nawi\u0105zania kontaktu z lud\u017ami dobrej woli, otwartymi na dialog.","url":"https:\/\/gaudiumetspes-blog.pl\/index.php\/author\/ks-jacek\/"}]}},"jetpack_featured_media_url":"","jetpack_sharing_enabled":true,"_links":{"self":[{"href":"https:\/\/gaudiumetspes-blog.pl\/index.php\/wp-json\/wp\/v2\/posts\/18489","targetHints":{"allow":["GET"]}}],"collection":[{"href":"https:\/\/gaudiumetspes-blog.pl\/index.php\/wp-json\/wp\/v2\/posts"}],"about":[{"href":"https:\/\/gaudiumetspes-blog.pl\/index.php\/wp-json\/wp\/v2\/types\/post"}],"author":[{"embeddable":true,"href":"https:\/\/gaudiumetspes-blog.pl\/index.php\/wp-json\/wp\/v2\/users\/1"}],"replies":[{"embeddable":true,"href":"https:\/\/gaudiumetspes-blog.pl\/index.php\/wp-json\/wp\/v2\/comments?post=18489"}],"version-history":[{"count":1,"href":"https:\/\/gaudiumetspes-blog.pl\/index.php\/wp-json\/wp\/v2\/posts\/18489\/revisions"}],"predecessor-version":[{"id":18490,"href":"https:\/\/gaudiumetspes-blog.pl\/index.php\/wp-json\/wp\/v2\/posts\/18489\/revisions\/18490"}],"wp:attachment":[{"href":"https:\/\/gaudiumetspes-blog.pl\/index.php\/wp-json\/wp\/v2\/media?parent=18489"}],"wp:term":[{"taxonomy":"category","embeddable":true,"href":"https:\/\/gaudiumetspes-blog.pl\/index.php\/wp-json\/wp\/v2\/categories?post=18489"},{"taxonomy":"post_tag","embeddable":true,"href":"https:\/\/gaudiumetspes-blog.pl\/index.php\/wp-json\/wp\/v2\/tags?post=18489"}],"curies":[{"name":"wp","href":"https:\/\/api.w.org\/{rel}","templated":true}]}}