{"id":18510,"date":"2021-02-09T07:33:50","date_gmt":"2021-02-09T06:33:50","guid":{"rendered":"https:\/\/gaudiumetspes-blog.pl\/?p=18510"},"modified":"2021-02-09T07:33:50","modified_gmt":"2021-02-09T06:33:50","slug":"na-obraz-bozy-go-stworzyl","status":"publish","type":"post","link":"https:\/\/gaudiumetspes-blog.pl\/index.php\/2021\/02\/09\/na-obraz-bozy-go-stworzyl\/","title":{"rendered":"Na obraz Bo\u017cy go stworzy\u0142&#8230;"},"content":{"rendered":"<p align=\"justify\"><span style=\"color: #000000;\"><span style=\"font-family: Book Antiqua, serif;\"><span style=\"font-size: large;\">Szcz\u0119\u015b\u0107 Bo\u017ce! Moi Drodzy, w dniu dzisiejszym <b>urodziny prze\u017cywa Daria Blok, kt\u00f3ra jako Daria G\u00f3rska nale\u017ca\u0142a do Wsp\u00f3lnoty m\u0142odzie\u017cowej w Tr\u0105bkach. \u017bycz\u0119 Jubilatce wszelkiego Bo\u017cego b\u0142ogos\u0142awie\u0144stwa i zapewniam o modlitwie!<\/b><\/span><\/span><\/span><\/p>\n<p align=\"justify\"><span style=\"color: #000000;\"><span style=\"font-family: Book Antiqua, serif;\"><span style=\"font-size: large;\">Moi Drodzy, remont naszego O\u015brodka ju\u017c powoli dobiega ko\u0144ca. W niedziel\u0119 odprawili\u015bmy pierwsz\u0105 Msz\u0119 \u015awi\u0119t\u0105 w odnowionej Kaplicy, wczoraj by\u0142a kolejna, jednak wczoraj dokonali\u015bmy zmiany, nie planowanej wcze\u015bniej, ale kt\u00f3ra wynik\u0142a w ostatnim czasie i wydaje si\u0119, \u017ce jest sensowna: Tabernakulum przenie\u015bli\u015bmy z bocznej \u015bciany, przy kt\u00f3rej si\u0119 znajdowa\u0142o, do prezbiterium, w samym jego centrum. Czyli tak, jak to jest w ko\u015bcio\u0142ach o tradycyjnej architekturze. A na miejscu, w kt\u00f3rym dot\u0105d Tabernakulum sta\u0142o, umie\u015bcimy miejsce przewodniczenia Mszy \u015awi\u0119tej. <\/span><\/span><\/span><\/p>\n<p align=\"justify\"><span style=\"color: #000000;\"><span style=\"font-family: Book Antiqua, serif;\"><span style=\"font-size: large;\">Zmiana ta, kt\u00f3ra pocz\u0105tkowo wydawa\u0142a si\u0119 bardzo prosta w wykonaniu, okaza\u0142a si\u0119 technicznie nieco trudniejsza i zaj\u0119\u0142a wi\u0119cej czasu, ni\u017c planowano, ale si\u0119 uda\u0142o. Efekt jest bardzo dobry \u2013 tak przynajmniej uwa\u017cam. My\u015bl\u0119, \u017ce do \u015brody zako\u0144czymy wszystkie prace. Raz jeszcze dzi\u0119kuj\u0119 ca\u0142ej Ekipie remontowej i Wszystkim wspieraj\u0105cym.<\/span><\/span><\/span><\/p>\n<p align=\"justify\"><span style=\"color: #000000;\"><span style=\"font-family: Book Antiqua, serif;\"><span style=\"font-size: large;\">Teraz za\u015b zapraszam do pochylenia si\u0119 nad Bo\u017cym s\u0142owem dzisiejszej liturgii. <b>Jakie przes\u0142anie kieruje do mnie osobi\u015bcie Pan?<\/b> Niech Duch \u015awi\u0119ty pomo\u017ce je rozezna\u0107!<\/span><\/span><\/span><\/p>\n<p align=\"justify\"><span style=\"color: #000000;\"><span style=\"font-family: Book Antiqua, serif;\"><span style=\"font-size: large;\"><b>Niech Was b\u0142ogos\u0142awi B\u00f3g Wszechmog\u0105cy: Ojciec + i Syn, i Duch \u015awi\u0119ty. Amen<\/b><\/span><\/span><\/span><\/p>\n<p align=\"center\"><span style=\"color: #000000;\"><span style=\"font-family: Book Antiqua, serif;\"><span style=\"font-size: large;\">Gaudium et spes! Ks. Jacek<\/span><\/span><\/span><\/p>\n<p align=\"center\">\n<p align=\"center\">\n<p align=\"center\">\n<p align=\"center\">\n<p align=\"center\">\n<p align=\"justify\"><span style=\"color: #000000;\"><span style=\"font-family: Book Antiqua, serif;\"><span style=\"font-size: large;\"><b>Wtorek 5 Tygodnia zwyk\u0142ego, rok I,<\/b><\/span><\/span><\/span><\/p>\n<p align=\"justify\"><span style=\"color: #000000;\"><span style=\"font-family: Book Antiqua, serif;\"><span style=\"font-size: large;\"><b>9 lutego 2021.,<\/b><\/span><\/span><\/span><\/p>\n<p align=\"justify\"><span style=\"color: #000000;\"><span style=\"font-size: large;\"><b><span style=\"font-family: Book Antiqua, serif;\">do czyta\u0144: <\/span><span style=\"font-family: Book Antiqua, serif;\">Rdz 1,20\u20132,4a;<\/span> <span style=\"font-family: Book Antiqua, serif;\">Mk 7,1\u201313<\/span><\/b><\/span><\/span><\/p>\n<p align=\"justify\">\n<p align=\"justify\">\n<p align=\"justify\">\n<p align=\"justify\">\n<p align=\"justify\">\n<p align=\"justify\"><span style=\"color: #000000;\"><span style=\"font-family: Book Antiqua, serif;\"><span style=\"font-size: large;\"><b>CZYTANIE Z KSI\u0118GI RODZAJU:<\/b><\/span><\/span><\/span><\/p>\n<p align=\"justify\"><span style=\"color: #000000;\"><span style=\"font-family: Book Antiqua, serif;\"><span style=\"font-size: large;\"><b>Po stworzeniu \u015bwiat\u0142a B\u00f3g rzek\u0142: \u201eNiechaj si\u0119 zaroj\u0105 wody od roju istot \u017cywych, a ptactwo niechaj lata nad ziemi\u0105, pod sklepieniem nieba\u201d. Tak stworzy\u0142 B\u00f3g wielkie potwory morskie i wszelkiego rodzaju p\u0142ywaj\u0105ce istoty \u017cywe, kt\u00f3rymi zaroi\u0142y si\u0119 wody, oraz wszelkie ptactwo skrzydlate r\u00f3\u017cnego rodzaju. B\u00f3g widz\u0105c, \u017ce by\u0142y dobre, pob\u0142ogos\u0142awi\u0142 je tymi s\u0142owami: \u201eB\u0105d\u017acie p\u0142odne i mn\u00f3\u017ccie si\u0119, aby\u015bcie zape\u0142nia\u0142y wody morskie, a ptactwo niechaj si\u0119 rozmna\u017ca na ziemi\u201d. I tak up\u0142yn\u0105\u0142 wiecz\u00f3r i poranek, dzie\u0144 pi\u0105ty.<\/b><\/span><\/span><\/span><\/p>\n<p align=\"justify\"><span style=\"color: #000000;\"><span style=\"font-family: Book Antiqua, serif;\"><span style=\"font-size: large;\"><b>Potem B\u00f3g rzek\u0142: \u201eNiechaj ziemia wyda istoty \u017cywe r\u00f3\u017cnego rodzaju: byd\u0142o, gady i p\u0142azy i dzikie zwierz\u0119ta wed\u0142ug ich rodzaj\u00f3w\u201d. I sta\u0142o si\u0119 tak. B\u00f3g uczyni\u0142 r\u00f3\u017cne rodzaje dzikich zwierz\u0105t, byd\u0142a i wszelkich gad\u00f3w i p\u0142az\u00f3w. I widzia\u0142 B\u00f3g, \u017ce by\u0142y dobre.<\/b><\/span><\/span><\/span><\/p>\n<p align=\"justify\"><span style=\"color: #000000;\"><span style=\"font-family: Book Antiqua, serif;\"><span style=\"font-size: large;\"><b>Wreszcie B\u00f3g rzek\u0142: \u201eUczy\u0144my cz\u0142owieka na Nasz obraz, podobnego Nam. Niech panuje nad rybami morskimi, nad ptactwem powietrznym, nad byd\u0142em, nad ca\u0142\u0105 ziemi\u0105 i nad wszelkim gadem i p\u0142azem\u201d. Stworzy\u0142 wi\u0119c B\u00f3g cz\u0142owieka na sw\u00f3j obraz, na obraz Bo\u017cy go stworzy\u0142: stworzy\u0142 m\u0119\u017cczyzn\u0119 i niewiast\u0119.<\/b><\/span><\/span><\/span><\/p>\n<p align=\"justify\"><span style=\"color: #000000;\"><span style=\"font-family: Book Antiqua, serif;\"><span style=\"font-size: large;\"><b>Po czym B\u00f3g im b\u0142ogos\u0142awi\u0142, m\u00f3wi\u0105c do nich: \u201eB\u0105d\u017acie p\u0142odni i rozmna\u017cajcie si\u0119, aby\u015bcie zaludnili ziemi\u0119 i uczynili j\u0105 sobie poddan\u0105; aby\u015bcie panowali nad rybami morskimi, nad ptactwem powietrznym i nad ka\u017cdym gadem i p\u0142azem\u201d.<\/b><\/span><\/span><\/span><\/p>\n<p align=\"justify\"><span style=\"color: #000000;\"><span style=\"font-family: Book Antiqua, serif;\"><span style=\"font-size: large;\"><b>I rzek\u0142 B\u00f3g: \u201eOto wam daj\u0119 wszelk\u0105 ro\u015blin\u0119 przynosz\u0105c\u0105 ziarno po ca\u0142ej ziemi i wszelkie drzewo, kt\u00f3rego owoc ma w sobie nasienie: dla was b\u0119d\u0105 one pokarmem. A dla wszelkiego zwierz\u0119cia polnego i dla wszelkiego ptactwa w powietrzu, i dla wszystkiego, co si\u0119 rusza po ziemi i ma w sobie pierwiastek \u017cycia, b\u0119dzie pokarmem wszelka trawa zielona\u201d. I sta\u0142o si\u0119 tak. A B\u00f3g widzia\u0142, \u017ce wszystko, co uczyni\u0142, by\u0142o bardzo dobre. I tak up\u0142yn\u0105\u0142 wiecz\u00f3r i poranek, dzie\u0144 sz\u00f3sty. <\/b><\/span><\/span><\/span><\/p>\n<p align=\"justify\"><span style=\"color: #000000;\"><span style=\"font-family: Book Antiqua, serif;\"><span style=\"font-size: large;\"><b>W ten spos\u00f3b zosta\u0142y uko\u0144czone niebo i ziemia oraz wszystkie zast\u0119py stworze\u0144. A gdy B\u00f3g uko\u0144czy\u0142 w dniu sz\u00f3stym swe dzie\u0142o, nad kt\u00f3rym pracowa\u0142, odpocz\u0105\u0142 dnia si\u00f3dmego po ca\u0142ym swym trudzie, jaki podj\u0105\u0142. Wtedy pob\u0142ogos\u0142awi\u0142 \u00f3w si\u00f3dmy dzie\u0144 i uczyni\u0142 go \u015bwi\u0119tym; w tym bowiem dniu odpocz\u0105\u0142 po ca\u0142ej swej pracy, kt\u00f3r\u0105 wykona\u0142 stwarzaj\u0105c.<\/b><\/span><\/span><\/span><\/p>\n<p align=\"justify\"><span style=\"color: #000000;\"><span style=\"font-family: Book Antiqua, serif;\"><span style=\"font-size: large;\"><b>Oto s\u0105 dzieje pocz\u0105tk\u00f3w po stworzeniu nieba i ziemi.<\/b><\/span><\/span><\/span><\/p>\n<p align=\"justify\">\n<p align=\"justify\">\n<p align=\"justify\">\n<p align=\"justify\">\n<p align=\"justify\">\n<p align=\"justify\"><span style=\"color: #000000;\"><span style=\"font-family: Book Antiqua, serif;\"><span style=\"font-size: large;\"><b>S\u0141OWA EWANGELII WED\u0141UG \u015aWI\u0118TEGO MARKA:<\/b><\/span><\/span><\/span><\/p>\n<p align=\"justify\"><span style=\"color: #000000;\"><span style=\"font-family: Book Antiqua, serif;\"><span style=\"font-size: large;\"><b>U Jezusa zebrali si\u0119 faryzeusze i kilku uczonych w Pi\u015bmie, kt\u00f3rzy przybyli z Jerozolimy. I zauwa\u017cyli, \u017ce niekt\u00f3rzy z Jego uczni\u00f3w brali posi\u0142ek nieczystymi, to znaczy nieumytymi r\u0119kami. Faryzeusze bowiem i w og\u00f3le \u017bydzi, trzymaj\u0105c si\u0119 tradycji starszych, nie jedz\u0105, je\u015bli sobie r\u0105k nie obmyj\u0105, rozlu\u017aniaj\u0105c pi\u0119\u015b\u0107. I gdy wr\u00f3c\u0105 z rynku, nie jedz\u0105, dop\u00f3ki si\u0119 nie obmyj\u0105. Jest jeszcze wiele innych zwyczaj\u00f3w, kt\u00f3re przej\u0119li i kt\u00f3rych przestrzegaj\u0105, jak obmywanie kubk\u00f3w, dzbank\u00f3w, naczy\u0144 miedzianych.<\/b><\/span><\/span><\/span><\/p>\n<p align=\"justify\"><span style=\"color: #000000;\"><span style=\"font-family: Book Antiqua, serif;\"><span style=\"font-size: large;\"><b>Zapytali Go wi\u0119c faryzeusze i uczeni w Pi\u015bmie: \u201eDlaczego Twoi uczniowie nie post\u0119puj\u0105 wed\u0142ug tradycji starszych, lecz jedz\u0105 nieczystymi r\u0119kami?\u201d<\/b><\/span><\/span><\/span><\/p>\n<p align=\"justify\"><span style=\"color: #000000;\"><span style=\"font-family: Book Antiqua, serif;\"><span style=\"font-size: large;\"><b>Odpowiedzia\u0142 im: \u201eS\u0142usznie prorok Izajasz powiedzia\u0142 o was ob\u0142udnikach, jak jest napisane: \u00abTen lud czci Mnie wargami, lecz sercem swym daleko jest ode Mnie. Ale czci Mnie na pr\u00f3\u017cno, ucz\u0105c zasad, podanych przez ludzi\u00bb. Uchylili\u015bcie przykazanie Bo\u017ce, a trzymacie si\u0119 ludzkiej tradycji, dokonujecie obmywania dzbank\u00f3w i kubk\u00f3w. I wiele innych podobnych rzeczy czynicie\u201d.<\/b><\/span><\/span><\/span><\/p>\n<p align=\"justify\"><span style=\"color: #000000;\"><span style=\"font-family: Book Antiqua, serif;\"><span style=\"font-size: large;\"><b>I m\u00f3wi\u0142 do nich: \u201eUmiecie dobrze uchyla\u0107 przykazanie Bo\u017ce, aby swoj\u0105 tradycj\u0119 zachowa\u0107. Moj\u017cesz tak powiedzia\u0142: \u00abCzcij ojca swego i matk\u0119 swoj\u0105\u00bb oraz: \u00abKto z\u0142orzeczy ojcu lub matce, niech \u015bmierci\u0105 zginie\u00bb. A wy m\u00f3wicie: \u00abJe\u015bli kto powie ojcu lub matce: Korban, to znaczy darem z\u0142o\u017conym w ofierze jest to, co by ode mnie mia\u0142o by\u0107 wsparciem dla ciebie\u00bb, to ju\u017c nie pozwalacie mu nic uczyni\u0107 dla ojca ni dla matki: I znosicie s\u0142owo Bo\u017ce przez wasz\u0105 tradycj\u0119, kt\u00f3r\u0105\u015bcie sobie przekazali. Wiele te\u017c innych tym podobnych rzeczy czynicie\u201d.<\/b><\/span><\/span><\/span><\/p>\n<p align=\"justify\">\n<p align=\"justify\">\n<p align=\"justify\">\n<p align=\"justify\">\n<p align=\"justify\">\n<p align=\"justify\"><span style=\"color: #000000;\"><span style=\"font-family: Book Antiqua, serif;\"><span style=\"font-size: large;\">Nie wiemy dok\u0142adnie, co znaczy stwierdzenie: <i><b>U Jezusa<\/b><\/i> <i><b>zebrali<\/b><\/i> <i><b>si\u0119\u2026<\/b><\/i> Czyli dok\u0142adnie \u2013 gdzie? Czy\u017cby to Jezus udzieli\u0142 go\u015bciny faryzeuszom i kilku uczonym w Pi\u015bmie, kt\u00f3rzy przybyli z Jerozolimy? Gdzie ich przyj\u0105\u0142, skoro <b>nie mia\u0142 tak naprawd\u0119 swojego miejsca<\/b> na tej ziemi, tylko pomieszkiwa\u0142 \u2013 niejako ukradkiem \u2013 u swoich Aposto\u0142\u00f3w i przyjaci\u00f3\u0142, albo ci\u0105gle by\u0142 w drodze? <b>Gdzie wi\u0119c przyj\u0105\u0142 <\/b>dzisiejszych go\u015bci? <\/span><\/span><\/span><\/p>\n<p align=\"justify\"><span style=\"color: #000000;\"><span style=\"font-family: Book Antiqua, serif;\"><span style=\"font-size: large;\">A po drugie \u2013 co by\u0142o <b>powodem ich wizyty?<\/b> Bo raczej temat rozmowy, kt\u00f3r\u0105 przed chwil\u0105 us\u0142yszeli\u015bmy, pojawi\u0142 si\u0119 \u2013 by tak rzec \u2013 troch\u0119 przypadkowo. Zdaje si\u0119, \u017ce nie o tym mieli rozmawia\u0107 z Jezusem, o czym rozmawiali, natomiast sprawa pojawi\u0142a si\u0119 zupe\u0142nie niespodziewanie, kiedy go\u015bcie <i><b>zauwa\u017cyli, \u017ce niekt\u00f3rzy z Jego uczni\u00f3w brali posi\u0142ek nieczystymi, to znaczy nieumytymi r\u0119kami.<\/b><\/i> <\/span><\/span><\/span><\/p>\n<p align=\"justify\"><span style=\"color: #000000;\"><span style=\"font-family: Book Antiqua, serif;\"><span style=\"font-size: large;\">I tutaj Ewangelista Marek nieco wyja\u015bnia nam, na czym polega \u2013 w mniemaniu faryzeuszy \u2013 ca\u0142y problem, dlaczego wyrazili swoje zdziwienie. Warto jednak zauwa\u017cy\u0107 nietypowo\u015b\u0107 sytuacji, polegaj\u0105c\u0105 na tym, \u017ce ca\u0142e spotkanie odbywa si\u0119 <b>nie wiadomo, gdzie<\/b> \u2013 pewnie, nie jest to w tym momencie najwa\u017cniejsze, wiemy tylko, \u017ce <i><b>u Jezusa<\/b><\/i> \u2013 a uczestnicy spotkania zachowuj\u0105 si\u0119 <b>niezgodnie z zasadami go\u015bcinno\u015bci,<\/b> czy obyczajowej poprawno\u015bci. <\/span><\/span><\/span><\/p>\n<p align=\"justify\"><span style=\"color: #000000;\"><span style=\"font-family: Book Antiqua, serif;\"><span style=\"font-size: large;\">Oto bowiem go\u015bcie czyni\u0105 <b>niezbyt mi\u0142\u0105 uwag\u0119 swojemu Gospodarzowi<\/b> i Jego najbli\u017cszemu otoczeniu, na co On \u2013 bezceremonialnie \u2013 <b>nazywa ich ob\u0142udnikami.<\/b> Trzeba przyzna\u0107, \u017ce to do\u015b\u0107 specyficzne spotkanie i do\u015b\u0107 wyj\u0105tkowy spos\u00f3b odnoszenia si\u0119 go\u015bci do Gospodarza, a Gospodarza do go\u015bci. Wiemy jednak, \u017ce Pismo \u015awi\u0119te to <b>nie podr\u0119cznik dobrych manier <\/b>na przyj\u0119ciu, lub przy stole. <\/span><\/span><\/span><\/p>\n<p align=\"justify\"><span style=\"color: #000000;\"><span style=\"font-family: Book Antiqua, serif;\"><span style=\"font-size: large;\">S\u0142owo, kt\u00f3re dzi\u015b otrzymujemy, to <b>s\u0142owo Bo\u017ce,<\/b> kt\u00f3re ma si\u0119 dla nas sta\u0107 \u015bwiat\u0142em na drodze do zbawienia! I dlatego surowe stwierdzenia Jezusa, skierowane przez Niego do swoich go\u015bci, my tak\u017ce bierzemy do serca. A Jezus m\u00f3wi: <i><b>Ten lud czci Mnie wargami, lecz sercem swym daleko jest ode Mnie. Ale czci Mnie na pr\u00f3\u017cno, ucz\u0105c zasad, podanych przez ludzi. Uchylili\u015bcie przykazanie Bo\u017ce, a trzymacie si\u0119 ludzkiej tradycji.<\/b><\/i><b> <\/b>I jeszcze: <i><b>Znosicie s\u0142owo Bo\u017ce przez wasz\u0105 tradycj\u0119, kt\u00f3r\u0105\u015bcie sobie przekazali.<\/b><\/i><b> <\/b><\/span><\/span><\/span><\/p>\n<p align=\"justify\"><span style=\"color: #000000;\"><span style=\"font-family: Book Antiqua, serif;\"><span style=\"font-size: large;\">Jezus sam, bardzo szczeg\u00f3\u0142owo, wyja\u015bni\u0142, na czym polega\u0142o owo <b>\u00ab<\/b><b>znoszenie s\u0142owa Bo\u017cego przez tradycj\u0119<\/b><b>\u00bb<\/b><b>.<\/b> Wskazane przez Niego konkretne postawy akurat nas nie dotycz\u0105. Natomiast <b>sam problem \u2013 jako taki \u2013 ju\u017c tak.<\/b> Bo i my niejednokrotnie na s\u0142owo Bo\u017ce patrzymy przez pryzmat <b>swojego w\u0142asnego sposobu rozumienia<\/b> \u2013 powiedzmy wprost: <b>swojego widzimisi\u0119<\/b> \u2013 i odnosimy je do siebie tak, \u017ceby t\u0142umaczy\u0142o ono nasze zachowania, a <b>nie by\u0142o ich wyznacznikiem, lub s\u0119dzi\u0105.<\/b> <\/span><\/span><\/span><\/p>\n<p align=\"justify\"><span style=\"color: #000000;\"><span style=\"font-family: Book Antiqua, serif;\"><span style=\"font-size: large;\">Ka\u017cda i ka\u017cdy z nas, maj\u0105c ju\u017c ile\u015b lat osobistego \u017cyciowego do\u015bwiadczenia, potrafi to s\u0142owo <b>\u201ebezpiecznie\u201d adoptowa\u0107 do swoich potrzeb<\/b> \u2013 dok\u0142adniej rzecz ujmuj\u0105c: <b>zachcianek<\/b> \u2013 \u017ceby wszystko do siebie \u201epasowa\u0142o\u201d i nie wzbudza\u0142o jakich\u015b niepotrzebnych niepokoj\u00f3w sumienia\u2026 I dochodzi w ten spos\u00f3b do sytuacji, przed kt\u00f3r\u0105 dzisiaj Jezus przestrzega, i\u017c <b>znosimy Bo\u017ce s\u0142owo dla swoich osobistych \u201etradycji\u201d!<\/b> <\/span><\/span><\/span><\/p>\n<p align=\"justify\"><span style=\"color: #000000;\"><span style=\"font-family: Book Antiqua, serif;\"><span style=\"font-size: large;\">Jezus dzisiaj przestrzega bardzo konkretnie, \u017ce taka postawa wprost uderza w relacje mi\u0119dzyludzkie, <b>nawet \u2013 w relacje rodzinne.<\/b> Blokuje ona bowiem \u2013 na przyk\u0142ad \u2013 naturaln\u0105 w cz\u0142owieku ch\u0119\u0107 okazania pomocy i \u017cyczliwo\u015bci w\u0142asnym rodzicom! Do jakich wi\u0119c wynaturze\u0144 mo\u017ce dochodzi\u0107! Tymczasem wszystkie przepisy Prawa Bo\u017cego zosta\u0142y ustanowione <b>dla dobra cz\u0142owieka,<\/b> nie mog\u0105 wi\u0119c <b>w niego uderza\u0107! <\/b>Owszem, maj\u0105 od niego nieco wymaga\u0107, ale <b>nie mog\u0105 go niszczy\u0107!<\/b> <\/span><\/span><\/span><\/p>\n<p align=\"justify\"><span style=\"color: #000000;\"><span style=\"font-family: Book Antiqua, serif;\"><span style=\"font-size: large;\">Bo to cz\u0142owiek i jego dobro pozostaje ca\u0142y czas w orbicie zainteresowania Boga, w centrum Jego \u015bwi\u0119tych zamiar\u00f3w, s\u0142\u00f3w i dzia\u0142a\u0144. Tak by\u0142o od samego pocz\u0105tku, kiedy to <i><b>stworzy\u0142<\/b><\/i><b> <\/b><b>[\u2026]<\/b><b> <\/b><i><b>B\u00f3g cz\u0142owieka na sw\u00f3j obraz, na obraz Bo\u017cy go stworzy\u0142: stworzy\u0142 m\u0119\u017cczyzn\u0119 i niewiast\u0119.<\/b><\/i> Us\u0142yszeli\u015bmy o tym w pierwszym czytaniu. Trzykrotne powt\u00f3rzenie s\u0142owa: <i><b>stworzy\u0142<\/b><\/i> \u2013 wskazuje na wyj\u0105tkowo\u015b\u0107 tego akurat stworzenia. <\/span><\/span><\/span><\/p>\n<p align=\"justify\"><span style=\"color: #000000;\"><span style=\"font-family: Book Antiqua, serif;\"><span style=\"font-size: large;\">Cz\u0142owiek, jedyna istota ze wszystkich istot \u017cyj\u0105cych i spo\u015br\u00f3d wszystkich stworze\u0144, kt\u00f3rej <b>B\u00f3g chcia\u0142 dla niej samej.<\/b> Wszystkie inne stworzenia \u2013 zosta\u0142y stworzone <b>dla cz\u0142owieka.<\/b> Cz\u0142owiek jest koron\u0105 wszystkich stworze\u0144. Dlatego ka\u017cda i ka\u017cdy z nas musi zachowa\u0107 w sercu g\u0142\u0119bok\u0105 <b>\u015bwiadomo\u015b\u0107 tego nadzwyczajnego wybrania<\/b> \u2013 po to, aby uszanowa\u0107 je w samym sobie, ale te\u017c uszanowa\u0107 je u innych. <\/span><\/span><\/span><\/p>\n<p align=\"justify\"><span style=\"color: #000000;\"><span style=\"font-family: Book Antiqua, serif;\"><span style=\"font-size: large;\">Cz\u0142owiek nigdy nie mo\u017ce drugiego cz\u0142owieka l<b>ekcewa\u017cy\u0107, poni\u017ca\u0107, czy instrumentalnie \u201eu\u017cywa\u0107\u201d<\/b> do swoich w\u0142asnych, egoistycznych cel\u00f3w. Cz\u0142owiek \u2013 sam siebie i ka\u017cdego innego wok\u00f3\u0142 siebie \u2013 ma postrzega\u0107 jako <b>kogo\u015b wyj\u0105tkowego, jedynego w swoim rodzaju.<\/b> B\u00f3g, w akcie stw\u00f3rczym, tak w\u0142a\u015bnie sprawi\u0142 i wyra\u017anie na to wskaza\u0142. Jezus, w konkretnej, \u017cyciowej sytuacji, <b>dobru i promocji cz\u0142owieka<\/b> po\u015bwieci\u0142 \u2013 by tak rzec \u2013 wzgl\u0119dy estetyczne i ceremonialne, etykiet\u0119 towarzysk\u0105 i zasady go\u015bcinno\u015bci. To wszystko okaza\u0142o si\u0119 mniej wa\u017cne \u2013 podobnie, jak i miejsce spotkania \u2013 od tego, by przypomnie\u0107,<b> jak wa\u017cnym <\/b><b>i jak wielkim <\/b><b>jest cz\u0142owiek,<\/b> jak bardzo nale\u017cy promowa\u0107 jego godno\u015b\u0107 i wyj\u0105tkowo\u015b\u0107. <\/span><\/span><\/span><\/p>\n<p align=\"justify\"><span style=\"color: #000000;\"><span style=\"font-family: Book Antiqua, serif;\"><span style=\"font-size: large;\">Czy zawsze o tym pami\u0119tam <b>w moich codziennych spotkaniach z lud\u017ami,<\/b> w uk\u0142adaniu z nimi wzajemnych relacji? Czy pami\u0119tam o swojej \u2013 i innych \u2013 <b>niezbywalnej ludzkiej godno\u015bci, <\/b>czyli tym nieutracalnym podobie\u0144stwie do Boga, jakie nosz\u0119 w sobie, a jakiego \u017caden, nawet najgorszy m\u00f3j upadek, <b>nie jest mi w stanie odebra\u0107?<\/b> <\/span><\/span><\/span><\/p>\n<p align=\"justify\"><span style=\"color: #000000;\"><span style=\"font-family: Book Antiqua, serif;\"><span style=\"font-size: large;\">Czy o tym pami\u0119tam? Czy ca\u0142y czas jestem tego \u015bwiadomy? A je\u017celi tak, <b>to co z tego konkretnie wynika?\u2026<\/b><\/span><\/span><\/span><\/p>\n","protected":false},"excerpt":{"rendered":"<p>Szcz\u0119\u015b\u0107 Bo\u017ce! Moi Drodzy, w dniu dzisiejszym urodziny prze\u017cywa Daria Blok, kt\u00f3ra jako Daria G\u00f3rska nale\u017ca\u0142a do Wsp\u00f3lnoty m\u0142odzie\u017cowej w Tr\u0105bkach. \u017bycz\u0119 Jubilatce wszelkiego Bo\u017cego b\u0142ogos\u0142awie\u0144stwa i zapewniam o modlitwie! Moi Drodzy, remont naszego O\u015brodka ju\u017c powoli dobiega ko\u0144ca. W niedziel\u0119 odprawili\u015bmy pierwsz\u0105 Msz\u0119 \u015awi\u0119t\u0105 w odnowionej Kaplicy, wczoraj by\u0142a kolejna, jednak wczoraj dokonali\u015bmy zmiany, [&hellip;]<\/p>\n","protected":false},"author":1,"featured_media":0,"comment_status":"open","ping_status":"open","sticky":false,"template":"","format":"standard","meta":{"jetpack_post_was_ever_published":false,"_jetpack_newsletter_access":"","_jetpack_dont_email_post_to_subs":false,"_jetpack_newsletter_tier_id":0,"_jetpack_memberships_contains_paywalled_content":false,"_jetpack_memberships_contains_paid_content":false,"footnotes":""},"categories":[1],"tags":[],"class_list":["post-18510","post","type-post","status-publish","format-standard","hentry","category-bez-kategorii"],"yoast_head":"<!-- This site is optimized with the Yoast SEO plugin v25.1 - https:\/\/yoast.com\/wordpress\/plugins\/seo\/ -->\n<title>Na obraz Bo\u017cy go stworzy\u0142... - Gaudium Et Spes<\/title>\n<meta name=\"robots\" content=\"index, follow, max-snippet:-1, max-image-preview:large, max-video-preview:-1\" \/>\n<link rel=\"canonical\" href=\"https:\/\/gaudiumetspes-blog.pl\/index.php\/2021\/02\/09\/na-obraz-bozy-go-stworzyl\/\" \/>\n<meta property=\"og:locale\" content=\"pl_PL\" \/>\n<meta property=\"og:type\" content=\"article\" \/>\n<meta property=\"og:title\" content=\"Na obraz Bo\u017cy go stworzy\u0142... - Gaudium Et Spes\" \/>\n<meta property=\"og:description\" content=\"Szcz\u0119\u015b\u0107 Bo\u017ce! Moi Drodzy, w dniu dzisiejszym urodziny prze\u017cywa Daria Blok, kt\u00f3ra jako Daria G\u00f3rska nale\u017ca\u0142a do Wsp\u00f3lnoty m\u0142odzie\u017cowej w Tr\u0105bkach. \u017bycz\u0119 Jubilatce wszelkiego Bo\u017cego b\u0142ogos\u0142awie\u0144stwa i zapewniam o modlitwie! Moi Drodzy, remont naszego O\u015brodka ju\u017c powoli dobiega ko\u0144ca. W niedziel\u0119 odprawili\u015bmy pierwsz\u0105 Msz\u0119 \u015awi\u0119t\u0105 w odnowionej Kaplicy, wczoraj by\u0142a kolejna, jednak wczoraj dokonali\u015bmy zmiany, [&hellip;]\" \/>\n<meta property=\"og:url\" content=\"https:\/\/gaudiumetspes-blog.pl\/index.php\/2021\/02\/09\/na-obraz-bozy-go-stworzyl\/\" \/>\n<meta property=\"og:site_name\" content=\"Gaudium Et Spes\" \/>\n<meta property=\"article:published_time\" content=\"2021-02-09T06:33:50+00:00\" \/>\n<meta name=\"author\" content=\"Ks. Jacek\" \/>\n<meta name=\"twitter:card\" content=\"summary_large_image\" \/>\n<meta name=\"twitter:label1\" content=\"Napisane przez\" \/>\n\t<meta name=\"twitter:data1\" content=\"Ks. Jacek\" \/>\n\t<meta name=\"twitter:label2\" content=\"Szacowany czas czytania\" \/>\n\t<meta name=\"twitter:data2\" content=\"10 minut\" \/>\n<script type=\"application\/ld+json\" class=\"yoast-schema-graph\">{\"@context\":\"https:\/\/schema.org\",\"@graph\":[{\"@type\":\"WebPage\",\"@id\":\"https:\/\/gaudiumetspes-blog.pl\/index.php\/2021\/02\/09\/na-obraz-bozy-go-stworzyl\/\",\"url\":\"https:\/\/gaudiumetspes-blog.pl\/index.php\/2021\/02\/09\/na-obraz-bozy-go-stworzyl\/\",\"name\":\"Na obraz Bo\u017cy go stworzy\u0142... - Gaudium Et Spes\",\"isPartOf\":{\"@id\":\"https:\/\/gaudiumetspes-blog.pl\/#website\"},\"datePublished\":\"2021-02-09T06:33:50+00:00\",\"author\":{\"@id\":\"https:\/\/gaudiumetspes-blog.pl\/#\/schema\/person\/1661982992b752dea8dff0d4ed845a65\"},\"breadcrumb\":{\"@id\":\"https:\/\/gaudiumetspes-blog.pl\/index.php\/2021\/02\/09\/na-obraz-bozy-go-stworzyl\/#breadcrumb\"},\"inLanguage\":\"pl-PL\",\"potentialAction\":[{\"@type\":\"ReadAction\",\"target\":[\"https:\/\/gaudiumetspes-blog.pl\/index.php\/2021\/02\/09\/na-obraz-bozy-go-stworzyl\/\"]}]},{\"@type\":\"BreadcrumbList\",\"@id\":\"https:\/\/gaudiumetspes-blog.pl\/index.php\/2021\/02\/09\/na-obraz-bozy-go-stworzyl\/#breadcrumb\",\"itemListElement\":[{\"@type\":\"ListItem\",\"position\":1,\"name\":\"Strona g\u0142\u00f3wna\",\"item\":\"https:\/\/gaudiumetspes-blog.pl\/\"},{\"@type\":\"ListItem\",\"position\":2,\"name\":\"Na&nbsp;obraz Bo\u017cy go stworzy\u0142&#8230;\"}]},{\"@type\":\"WebSite\",\"@id\":\"https:\/\/gaudiumetspes-blog.pl\/#website\",\"url\":\"https:\/\/gaudiumetspes-blog.pl\/\",\"name\":\"Gaudium Et Spes\",\"description\":\"Blog Ks. Jacka Ja\u015bkowskiego\",\"potentialAction\":[{\"@type\":\"SearchAction\",\"target\":{\"@type\":\"EntryPoint\",\"urlTemplate\":\"https:\/\/gaudiumetspes-blog.pl\/?s={search_term_string}\"},\"query-input\":{\"@type\":\"PropertyValueSpecification\",\"valueRequired\":true,\"valueName\":\"search_term_string\"}}],\"inLanguage\":\"pl-PL\"},{\"@type\":\"Person\",\"@id\":\"https:\/\/gaudiumetspes-blog.pl\/#\/schema\/person\/1661982992b752dea8dff0d4ed845a65\",\"name\":\"Ks. Jacek\",\"image\":{\"@type\":\"ImageObject\",\"inLanguage\":\"pl-PL\",\"@id\":\"https:\/\/gaudiumetspes-blog.pl\/#\/schema\/person\/image\/\",\"url\":\"https:\/\/gaudiumetspes-blog.pl\/wp-content\/uploads\/2019\/07\/avatar-JJ-150x150.jpg\",\"contentUrl\":\"https:\/\/gaudiumetspes-blog.pl\/wp-content\/uploads\/2019\/07\/avatar-JJ-150x150.jpg\",\"caption\":\"Ks. Jacek\"},\"description\":\"Witam serdecznie! K\u0142ania si\u0119 Ks. Jacek Ja\u015bkowski. Nie jestem ani kim\u015b wa\u017cnym, ani kim\u015b znanym. Jestem ksi\u0119dzem, kt\u00f3ry po prostu chce rozmawia\u0107. Codzienna kap\u0142a\u0144ska pos\u0142uga pokazuje mi, \u017ce temat\u00f3w do rozm\u00f3w z ksi\u0119dzem jest coraz wi\u0119cej i dzisiaj \u017caden ksi\u0105dz nie mo\u017ce od nich ucieka\u0107, ale - wprost przeciwnie - podejmowa\u0107 nowe wyzwania. To przekonanie sk\u0142oni\u0142o mnie do pr\u00f3by otwarcia tego\u017c bloga, chocia\u017c okazji do rozm\u00f3w na co dzie\u0144 - w konfesjonale i poza nim - na szcz\u0119\u015bcie nie brakuje. My\u015bl\u0119 jednak, \u017ce ten blog b\u0119dzie jeszcze jednym sposobem i przestrzeni\u0105 nawi\u0105zania kontaktu z lud\u017ami dobrej woli, otwartymi na dialog.\",\"url\":\"https:\/\/gaudiumetspes-blog.pl\/index.php\/author\/ks-jacek\/\"}]}<\/script>\n<!-- \/ Yoast SEO plugin. -->","yoast_head_json":{"title":"Na obraz Bo\u017cy go stworzy\u0142... - Gaudium Et Spes","robots":{"index":"index","follow":"follow","max-snippet":"max-snippet:-1","max-image-preview":"max-image-preview:large","max-video-preview":"max-video-preview:-1"},"canonical":"https:\/\/gaudiumetspes-blog.pl\/index.php\/2021\/02\/09\/na-obraz-bozy-go-stworzyl\/","og_locale":"pl_PL","og_type":"article","og_title":"Na obraz Bo\u017cy go stworzy\u0142... - Gaudium Et Spes","og_description":"Szcz\u0119\u015b\u0107 Bo\u017ce! Moi Drodzy, w dniu dzisiejszym urodziny prze\u017cywa Daria Blok, kt\u00f3ra jako Daria G\u00f3rska nale\u017ca\u0142a do Wsp\u00f3lnoty m\u0142odzie\u017cowej w Tr\u0105bkach. \u017bycz\u0119 Jubilatce wszelkiego Bo\u017cego b\u0142ogos\u0142awie\u0144stwa i zapewniam o modlitwie! Moi Drodzy, remont naszego O\u015brodka ju\u017c powoli dobiega ko\u0144ca. W niedziel\u0119 odprawili\u015bmy pierwsz\u0105 Msz\u0119 \u015awi\u0119t\u0105 w odnowionej Kaplicy, wczoraj by\u0142a kolejna, jednak wczoraj dokonali\u015bmy zmiany, [&hellip;]","og_url":"https:\/\/gaudiumetspes-blog.pl\/index.php\/2021\/02\/09\/na-obraz-bozy-go-stworzyl\/","og_site_name":"Gaudium Et Spes","article_published_time":"2021-02-09T06:33:50+00:00","author":"Ks. Jacek","twitter_card":"summary_large_image","twitter_misc":{"Napisane przez":"Ks. Jacek","Szacowany czas czytania":"10 minut"},"schema":{"@context":"https:\/\/schema.org","@graph":[{"@type":"WebPage","@id":"https:\/\/gaudiumetspes-blog.pl\/index.php\/2021\/02\/09\/na-obraz-bozy-go-stworzyl\/","url":"https:\/\/gaudiumetspes-blog.pl\/index.php\/2021\/02\/09\/na-obraz-bozy-go-stworzyl\/","name":"Na obraz Bo\u017cy go stworzy\u0142... - Gaudium Et Spes","isPartOf":{"@id":"https:\/\/gaudiumetspes-blog.pl\/#website"},"datePublished":"2021-02-09T06:33:50+00:00","author":{"@id":"https:\/\/gaudiumetspes-blog.pl\/#\/schema\/person\/1661982992b752dea8dff0d4ed845a65"},"breadcrumb":{"@id":"https:\/\/gaudiumetspes-blog.pl\/index.php\/2021\/02\/09\/na-obraz-bozy-go-stworzyl\/#breadcrumb"},"inLanguage":"pl-PL","potentialAction":[{"@type":"ReadAction","target":["https:\/\/gaudiumetspes-blog.pl\/index.php\/2021\/02\/09\/na-obraz-bozy-go-stworzyl\/"]}]},{"@type":"BreadcrumbList","@id":"https:\/\/gaudiumetspes-blog.pl\/index.php\/2021\/02\/09\/na-obraz-bozy-go-stworzyl\/#breadcrumb","itemListElement":[{"@type":"ListItem","position":1,"name":"Strona g\u0142\u00f3wna","item":"https:\/\/gaudiumetspes-blog.pl\/"},{"@type":"ListItem","position":2,"name":"Na&nbsp;obraz Bo\u017cy go stworzy\u0142&#8230;"}]},{"@type":"WebSite","@id":"https:\/\/gaudiumetspes-blog.pl\/#website","url":"https:\/\/gaudiumetspes-blog.pl\/","name":"Gaudium Et Spes","description":"Blog Ks. Jacka Ja\u015bkowskiego","potentialAction":[{"@type":"SearchAction","target":{"@type":"EntryPoint","urlTemplate":"https:\/\/gaudiumetspes-blog.pl\/?s={search_term_string}"},"query-input":{"@type":"PropertyValueSpecification","valueRequired":true,"valueName":"search_term_string"}}],"inLanguage":"pl-PL"},{"@type":"Person","@id":"https:\/\/gaudiumetspes-blog.pl\/#\/schema\/person\/1661982992b752dea8dff0d4ed845a65","name":"Ks. Jacek","image":{"@type":"ImageObject","inLanguage":"pl-PL","@id":"https:\/\/gaudiumetspes-blog.pl\/#\/schema\/person\/image\/","url":"https:\/\/gaudiumetspes-blog.pl\/wp-content\/uploads\/2019\/07\/avatar-JJ-150x150.jpg","contentUrl":"https:\/\/gaudiumetspes-blog.pl\/wp-content\/uploads\/2019\/07\/avatar-JJ-150x150.jpg","caption":"Ks. Jacek"},"description":"Witam serdecznie! K\u0142ania si\u0119 Ks. Jacek Ja\u015bkowski. Nie jestem ani kim\u015b wa\u017cnym, ani kim\u015b znanym. Jestem ksi\u0119dzem, kt\u00f3ry po prostu chce rozmawia\u0107. Codzienna kap\u0142a\u0144ska pos\u0142uga pokazuje mi, \u017ce temat\u00f3w do rozm\u00f3w z ksi\u0119dzem jest coraz wi\u0119cej i dzisiaj \u017caden ksi\u0105dz nie mo\u017ce od nich ucieka\u0107, ale - wprost przeciwnie - podejmowa\u0107 nowe wyzwania. To przekonanie sk\u0142oni\u0142o mnie do pr\u00f3by otwarcia tego\u017c bloga, chocia\u017c okazji do rozm\u00f3w na co dzie\u0144 - w konfesjonale i poza nim - na szcz\u0119\u015bcie nie brakuje. My\u015bl\u0119 jednak, \u017ce ten blog b\u0119dzie jeszcze jednym sposobem i przestrzeni\u0105 nawi\u0105zania kontaktu z lud\u017ami dobrej woli, otwartymi na dialog.","url":"https:\/\/gaudiumetspes-blog.pl\/index.php\/author\/ks-jacek\/"}]}},"jetpack_featured_media_url":"","jetpack_sharing_enabled":true,"_links":{"self":[{"href":"https:\/\/gaudiumetspes-blog.pl\/index.php\/wp-json\/wp\/v2\/posts\/18510","targetHints":{"allow":["GET"]}}],"collection":[{"href":"https:\/\/gaudiumetspes-blog.pl\/index.php\/wp-json\/wp\/v2\/posts"}],"about":[{"href":"https:\/\/gaudiumetspes-blog.pl\/index.php\/wp-json\/wp\/v2\/types\/post"}],"author":[{"embeddable":true,"href":"https:\/\/gaudiumetspes-blog.pl\/index.php\/wp-json\/wp\/v2\/users\/1"}],"replies":[{"embeddable":true,"href":"https:\/\/gaudiumetspes-blog.pl\/index.php\/wp-json\/wp\/v2\/comments?post=18510"}],"version-history":[{"count":1,"href":"https:\/\/gaudiumetspes-blog.pl\/index.php\/wp-json\/wp\/v2\/posts\/18510\/revisions"}],"predecessor-version":[{"id":18511,"href":"https:\/\/gaudiumetspes-blog.pl\/index.php\/wp-json\/wp\/v2\/posts\/18510\/revisions\/18511"}],"wp:attachment":[{"href":"https:\/\/gaudiumetspes-blog.pl\/index.php\/wp-json\/wp\/v2\/media?parent=18510"}],"wp:term":[{"taxonomy":"category","embeddable":true,"href":"https:\/\/gaudiumetspes-blog.pl\/index.php\/wp-json\/wp\/v2\/categories?post=18510"},{"taxonomy":"post_tag","embeddable":true,"href":"https:\/\/gaudiumetspes-blog.pl\/index.php\/wp-json\/wp\/v2\/tags?post=18510"}],"curies":[{"name":"wp","href":"https:\/\/api.w.org\/{rel}","templated":true}]}}