{"id":18535,"date":"2021-02-13T07:09:19","date_gmt":"2021-02-13T06:09:19","guid":{"rendered":"https:\/\/gaudiumetspes-blog.pl\/?p=18535"},"modified":"2021-02-13T07:09:19","modified_gmt":"2021-02-13T06:09:19","slug":"i-rozdal-chleb-ludowi","status":"publish","type":"post","link":"https:\/\/gaudiumetspes-blog.pl\/index.php\/2021\/02\/13\/i-rozdal-chleb-ludowi\/","title":{"rendered":"I rozda\u0142 chleb ludowi&#8230;"},"content":{"rendered":"<p align=\"justify\"><span style=\"color: #000000;\"><span style=\"font-family: Book Antiqua, serif;\"><span style=\"font-size: large;\">Szcz\u0119\u015b\u0107 Bo\u017ce! Moi Drodzy, w dniu dzisiejszym <b>urodziny prze\u017cywa Dominika Sionek, Siostra Jakuba, znanego nam z naszych audycji Katolickim Radiu Podlasie. \u017bycz\u0119 Jubilatce szczeg\u00f3lnej Bo\u017cej opieki na ka\u017cdy dzie\u0144 i ludzkiej \u017cyczliwo\u015bci z ka\u017cdej strony! Zapewniam o modlitwie.<\/b><\/span><\/span><\/span><\/p>\n<p align=\"justify\"><span style=\"color: #000000;\"><span style=\"font-family: Book Antiqua, serif;\"><span style=\"font-size: large;\">Serdecznie dzi\u0119kujemy Siostrze Teresie za wczorajsze s\u0142\u00f3wko pisane, a Ksi\u0119dzu Markowi \u2013 za s\u0142\u00f3wko m\u00f3wione. Dzi\u0119kujemy za wskazanie, jak otwiera\u0107 si\u0119 na Jezusa i jakie s\u0142owa wypowiada\u0107, na jakie s\u0142owa si\u0119 otwiera\u0107. Nieustaj\u0105co wspieramy modlitw\u0105 Ekip\u0119 surguck\u0105.<\/span><\/span><\/span><\/p>\n<p align=\"justify\"><span style=\"color: #000000;\"><span style=\"font-family: Book Antiqua, serif;\"><span style=\"font-size: large;\">Dzi\u0119kujemy tak\u017ce Ksi\u0119dzu Leszkowi \u2013 za s\u0142\u00f3wko dzisiejsze. Niech Pan pomna\u017ca w Nim i w nas swoje \u0142aski, jak dzisiaj rozmno\u017cy\u0142 pokarm, o czym wi\u0119cej w rozwa\u017caniu.<\/span><\/span><\/span><\/p>\n<p align=\"justify\"><span style=\"color: #000000;\"><span style=\"font-family: Book Antiqua, serif;\"><span style=\"font-size: large;\">A ja pozdrawiam Wszystkich z Kodnia, gdzie jestem od czwartkowej nocy. Wyje\u017cd\u017cam dzisiaj po obiedzie. Od ostatnich rekolekcji, prze\u017cytych tutaj, przyje\u017cd\u017cam tak co dwa, co trzy tygodnie \u2013 na dwa, trzy dni. I na noce, kt\u00f3re naprawd\u0119 sprzyjaj\u0105 modlitwie w domowej Kaplicy. <\/span><\/span><\/span><\/p>\n<p align=\"justify\"><span style=\"color: #000000;\"><span style=\"font-family: Book Antiqua, serif;\"><span style=\"font-size: large;\">Dzisiaj Ojcowie Oblaci prze\u017cywaj\u0105 sw\u00f3j comiesi\u0119czny dzie\u0144 skupienia, prowadzony przez Ojca Jana Klubka, wspania\u0142ego Spowiednika i Rekolekcjonist\u0119. W\u0142\u0105czam si\u0119 nieco w rytm tego wsp\u00f3lnotowego skupienia.<\/span><\/span><\/span><\/p>\n<p align=\"justify\"><span style=\"color: #000000;\"><span style=\"font-family: Book Antiqua, serif;\"><span style=\"font-size: large;\">Moi Drodzy, ka\u017cdy m\u00f3j pobyt tutaj, u Matki, to okazja do serdecznej modlitwy za Wszystkich, kt\u00f3rzy s\u0105 mi bliscy. Czyli tak\u017ce za Was.<\/span><\/span><\/span><\/p>\n<p align=\"justify\"><span style=\"color: #000000;\"><span style=\"font-family: Book Antiqua, serif;\"><span style=\"font-size: large;\">Zapraszam ju\u017c do pochylenia si\u0119 nad Bo\u017cym s\u0142owem dzisiejszej liturgii. <b>Co Pan konkretnie do mnie m\u00f3wi?<\/b> Duchu \u015awi\u0119ty, o\u015bwie\u0107!<\/span><\/span><\/span><\/p>\n<p align=\"justify\"><span style=\"color: #000000;\"><span style=\"font-family: Book Antiqua, serif;\"><span style=\"font-size: large;\"><b>Niech Was b\u0142ogos\u0142awi B\u00f3g Wszechmog\u0105cy: Ojciec + i Syn, i Duch \u015awi\u0119ty. Amen<\/b><\/span><\/span><\/span><\/p>\n<p align=\"center\"><span style=\"color: #000000;\"><span style=\"font-family: Book Antiqua, serif;\"><span style=\"font-size: large;\">Gaudium et spes! Ks. Jacek<\/span><\/span><\/span><\/p>\n<p align=\"center\">\n<p align=\"center\">\n<p align=\"center\">\n<p align=\"center\">\n<p align=\"center\">\n<p align=\"justify\"><span style=\"color: #000000;\"><span style=\"font-family: Book Antiqua, serif;\"><span style=\"font-size: large;\"><b>Sobota 5 Tygodnia zwyk\u0142ego, rok I,<\/b><\/span><\/span><\/span><\/p>\n<p align=\"justify\"><span style=\"color: #000000;\"><span style=\"font-family: Book Antiqua, serif;\"><span style=\"font-size: large;\"><b>13 lutego 2021.,<\/b><\/span><\/span><\/span><\/p>\n<p align=\"justify\"><span style=\"color: #000000;\"><span style=\"font-family: Book Antiqua, serif;\"><span style=\"font-size: large;\"><b>do czyta\u0144: Rdz 3,9\u201324; Mk 8,1\u201310<\/b><\/span><\/span><\/span><\/p>\n<p align=\"justify\">\n<p align=\"justify\">\n<p align=\"justify\">\n<p align=\"justify\">\n<p align=\"justify\">\n<p align=\"justify\"><span style=\"font-family: Book Antiqua, serif;\"><strong><span style=\"color: #000000;\"><span style=\"font-size: large;\"><b>CZYTANIE Z KSI\u0118GO RODZAJU:<\/b><\/span><\/span><\/strong><\/span><\/p>\n<p align=\"justify\"><span style=\"font-family: Book Antiqua, serif;\"><strong><span style=\"color: #000000;\"><span style=\"font-size: large;\"><b>Pan B\u00f3g zawo\u0142a\u0142 Adama i zapyta\u0142 go: \u201eGdzie jeste\u015b?\u201d<\/b><\/span><\/span><\/strong><\/span><\/p>\n<p align=\"justify\"><span style=\"color: #000000;\"><span style=\"font-family: Book Antiqua, serif;\"><span style=\"font-size: large;\"><b>On odpowiedzia\u0142: \u201eUs\u0142ysza\u0142em Tw\u00f3j g\u0142os w ogrodzie, przestraszy\u0142em si\u0119, bo jestem nagi, i ukry\u0142em si\u0119\u201d.<\/b><\/span><\/span><\/span><\/p>\n<p align=\"justify\"><span style=\"color: #000000;\"><span style=\"font-family: Book Antiqua, serif;\"><span style=\"font-size: large;\"><b>Rzek\u0142 B\u00f3g: \u201eKt\u00f3\u017c ci powiedzia\u0142, \u017ce jeste\u015b nagi? Czy mo\u017ce zjad\u0142e\u015b z drzewa, z kt\u00f3rego ci zakaza\u0142em je\u015b\u0107?\u201d<\/b><\/span><\/span><\/span><\/p>\n<p align=\"justify\"><span style=\"color: #000000;\"><span style=\"font-family: Book Antiqua, serif;\"><span style=\"font-size: large;\"><b>M\u0119\u017cczyzna odpowiedzia\u0142: \u201eNiewiasta, kt\u00f3r\u0105 postawi\u0142e\u015b przy mnie, da\u0142a mi owoc z tego drzewa i zjad\u0142em\u201d.<\/b><\/span><\/span><\/span><\/p>\n<p align=\"justify\"><span style=\"color: #000000;\"><span style=\"font-family: Book Antiqua, serif;\"><span style=\"font-size: large;\"><b>Wtedy Pan B\u00f3g rzek\u0142 do niewiasty: \u201eDlaczego to uczyni\u0142a\u015b?\u201d<\/b><\/span><\/span><\/span><\/p>\n<p align=\"justify\"><span style=\"color: #000000;\"><span style=\"font-family: Book Antiqua, serif;\"><span style=\"font-size: large;\"><b>Niewiasta odpowiedzia\u0142a: \u201eW\u0105\u017c mnie zwi\u00f3d\u0142 i zjad\u0142am\u201d.<\/b><\/span><\/span><\/span><\/p>\n<p align=\"justify\"><span style=\"color: #000000;\"><span style=\"font-family: Book Antiqua, serif;\"><span style=\"font-size: large;\"><b>Wtedy Pan B\u00f3g rzek\u0142 do w\u0119\u017ca: \u201ePoniewa\u017c to uczyni\u0142e\u015b, b\u0105d\u017a przekl\u0119ty w\u015br\u00f3d wszystkich zwierz\u0105t domowych i polnych; na brzuchu b\u0119dziesz si\u0119 czo\u0142ga\u0142 i proch b\u0119dziesz jad\u0142 po wszystkie dni twego istnienia. Wprowadzam nieprzyja\u017a\u0144 mi\u0119dzy ciebie a niewiast\u0119, pomi\u0119dzy potomstwo twoje a potomstwo jej: ono zmia\u017cd\u017cy ci g\u0142ow\u0119, a ty zmia\u017cd\u017cysz mu pi\u0119t\u0119\u201d.<\/b><\/span><\/span><\/span><\/p>\n<p align=\"justify\"><span style=\"color: #000000;\"><span style=\"font-family: Book Antiqua, serif;\"><span style=\"font-size: large;\"><b>Do niewiasty powiedzia\u0142: \u201eObarcz\u0119 ci\u0119 niezmiernie wielkim trudem twej brzemienno\u015bci, w b\u00f3lu b\u0119dziesz rodzi\u0142a dzieci, ku twemu m\u0119\u017cowi b\u0119dziesz kierowa\u0142a swe pragnienia, on za\u015b b\u0119dzie panowa\u0142 nad tob\u0105\u201d.<\/b><\/span><\/span><\/span><\/p>\n<p align=\"justify\"><span style=\"color: #000000;\"><span style=\"font-family: Book Antiqua, serif;\"><span style=\"font-size: large;\"><b>Do m\u0119\u017cczyzny za\u015b B\u00f3g rzek\u0142: \u201ePoniewa\u017c pos\u0142ucha\u0142e\u015b swej \u017cony i zjad\u0142e\u015b z drzewa, co do kt\u00f3rego da\u0142em ci rozkaz w s\u0142owach: <\/b><b>\u00ab<\/b><b>Nie b\u0119dziesz z niego je\u015b\u0107<\/b><b>\u00bb<\/b><b>, przekl\u0119ta niech b\u0119dzie ziemia z twego powodu: w trudzie b\u0119dziesz zdobywa\u0142 od niej po\u017cywienie dla siebie po wszystkie dni twego \u017cycia. Cier\u0144 i oset b\u0119dzie ci ona rodzi\u0142a, a przecie\u017c pokarmem twym s\u0105 p\u0142ody roli. W pocie wi\u0119c oblicza twego b\u0119dziesz musia\u0142 zdobywa\u0107 po\u017cywienie, p\u00f3ki nie wr\u00f3cisz do ziemi, z kt\u00f3rej zosta\u0142e\u015b wzi\u0119ty; bo prochem jeste\u015b i w proch si\u0119 obr\u00f3cisz.\u201d<\/b><\/span><\/span><\/span><\/p>\n<p align=\"justify\"><span style=\"color: #000000;\"><span style=\"font-family: Book Antiqua, serif;\"><span style=\"font-size: large;\"><b>M\u0119\u017cczyzna da\u0142 swej \u017conie imi\u0119 Ewa, bo ona sta\u0142a si\u0119 matk\u0105 wszystkich \u017cyj\u0105cych.<\/b><\/span><\/span><\/span><\/p>\n<p align=\"justify\"><span style=\"color: #000000;\"><span style=\"font-family: Book Antiqua, serif;\"><span style=\"font-size: large;\"><b>Pan B\u00f3g sporz\u0105dzi\u0142 dla m\u0119\u017cczyzny i dla jego \u017cony odzienie ze sk\u00f3r i przyodzia\u0142 ich. Po czym Pan B\u00f3g rzek\u0142: \u201eOto cz\u0142owiek sta\u0142 si\u0119 taki jak My: zna dobro i z\u0142o; niechaj teraz nie wyci\u0105gnie przypadkiem r\u0119ki, aby zerwa\u0107 owoc tak\u017ce z drzewa \u017cycia, zje\u015b\u0107 go i \u017cy\u0107 na wieki\u201d.<\/b><\/span><\/span><\/span><\/p>\n<p align=\"justify\"><span style=\"color: #000000;\"><span style=\"font-family: Book Antiqua, serif;\"><span style=\"font-size: large;\"><b>Dlatego Pan B\u00f3g wydali\u0142 go z ogrodu Eden, aby uprawia\u0142 t\u0119 ziemi\u0119, z kt\u00f3rej zosta\u0142 wzi\u0119ty. Wygnawszy za\u015b cz\u0142owieka, B\u00f3g postawi\u0142 przed ogrodem Eden cherub\u00f3w i po\u0142yskuj\u0105ce ostrze miecza, aby strzec drogi do drzewa \u017cycia.<\/b><\/span><\/span><\/span><\/p>\n<p align=\"justify\">\n<p align=\"justify\">\n<p align=\"justify\">\n<p align=\"justify\">\n<p align=\"justify\">\n<p align=\"justify\"><span style=\"font-family: Book Antiqua, serif;\"><strong><span style=\"color: #000000;\"><span style=\"font-size: large;\"><b>S\u0141OWA EWANGELII WED\u0141UG \u015aWI\u0118TEGO MARKA:<\/b><\/span><\/span><\/strong><\/span><\/p>\n<p align=\"justify\"><span style=\"font-family: Book Antiqua, serif;\"><strong><span style=\"color: #000000;\"><span style=\"font-size: large;\"><b>Gdy znowu wielki t\u0142um by\u0142 z Jezusem i nie mieli co je\u015b\u0107, przywo\u0142a\u0142 do siebie uczni\u00f3w i rzek\u0142 im: \u201e\u017bal mi tego t\u0142umu, bo ju\u017c trzy dni trwaj\u0105 przy Mnie, a nie maj\u0105 co je\u015b\u0107. A je\u015bli ich puszcz\u0119 zg\u0142odnia\u0142ych do domu, zas\u0142abn\u0105 w drodze; bo niekt\u00f3rzy z nich przyszli z daleka\u201d.<\/b><\/span><\/span><\/strong><\/span><\/p>\n<p align=\"justify\"><span style=\"color: #000000;\"><span style=\"font-family: Book Antiqua, serif;\"><span style=\"font-size: large;\"><b>Odpowiedzieli uczniowie: \u201eSk\u0105d tu na pustkowiu b\u0119dzie m\u00f3g\u0142 kto\u015b nakarmi\u0107 ich chlebem?\u201d<\/b><\/span><\/span><\/span><\/p>\n<p align=\"justify\"><span style=\"color: #000000;\"><span style=\"font-family: Book Antiqua, serif;\"><span style=\"font-size: large;\"><b>Zapyta\u0142 ich: \u201eIle macie chleb\u00f3w?\u201d<\/b><\/span><\/span><\/span><\/p>\n<p align=\"justify\"><span style=\"color: #000000;\"><span style=\"font-family: Book Antiqua, serif;\"><span style=\"font-size: large;\"><b>Odpowiedzieli: \u201eSiedem\u201d.<\/b><\/span><\/span><\/span><\/p>\n<p align=\"justify\"><span style=\"color: #000000;\"><span style=\"font-family: Book Antiqua, serif;\"><span style=\"font-size: large;\"><b>I poleci\u0142 ludowi usi\u0105\u015b\u0107 na ziemi. A wzi\u0105wszy te siedem chleb\u00f3w, odm\u00f3wi\u0142 dzi\u0119kczynienie, po\u0142ama\u0142 i dawa\u0142 uczniom, aby je rozdzielali. I rozdali t\u0142umowi. Mieli te\u017c kilka rybek. I nad tymi odm\u00f3wi\u0142 b\u0142ogos\u0142awie\u0144stwo i poleci\u0142 je rozda\u0107.<\/b><\/span><\/span><\/span><\/p>\n<p align=\"justify\"><span style=\"color: #000000;\"><span style=\"font-family: Book Antiqua, serif;\"><span style=\"font-size: large;\"><b>Jedli do syto\u015bci, a pozosta\u0142ych u\u0142omk\u00f3w zebrali siedem kosz\u00f3w. By\u0142o za\u015b oko\u0142o czterech tysi\u0119cy ludzi. Potem ich odprawi\u0142.<\/b><\/span><\/span><\/span><\/p>\n<p align=\"justify\"><span style=\"color: #000000;\"><span style=\"font-family: Book Antiqua, serif;\"><span style=\"font-size: large;\"><b>Zaraz te\u017c wsiad\u0142 z uczniami do \u0142odzi i przyby\u0142 w okolice Dalmanuty.<\/b><\/span><\/span><\/span><\/p>\n<p align=\"justify\">\n<p align=\"justify\">\n<p align=\"justify\">\n<p align=\"justify\">\n<p align=\"justify\">\n<p align=\"center\"><span style=\"color: #000000;\"><span style=\"font-family: Book Antiqua, serif;\"><span style=\"font-size: medium;\"><b><strong><span style=\"font-size: large;\">A OTO S\u0141\u00d3WKO <\/span><\/strong><strong><span style=\"font-size: large;\">KSI\u0118DZA LESZKA<\/span><\/strong><strong><span style=\"font-size: large;\">:<\/span><\/strong><\/b><\/span><\/span><\/span><\/p>\n<p align=\"center\">\n<p align=\"center\">\n<p align=\"center\">\n<p align=\"center\">\n<p align=\"center\">\n<p align=\"justify\"><span style=\"color: #000000;\"><span style=\"font-family: Book Antiqua, serif;\"><span style=\"font-size: medium;\"><strong><span style=\"font-size: large;\">Oko<\/span><\/strong><span style=\"font-size: large;\">\u0142o czterech tysi\u0119cy ludzi najad\u0142o si\u0119 do syta siedmioma chlebami i kilkoma rybkami\u2026 Niewiarygodne, prawda? Z Jezusem nic nie jest niewiarygodne \u2013 je\u015bli trwamy przy Nim, to nieraz do\u015bwiadczymy, \u017ce On nie da nam zgin\u0105\u0107, \u017ce zawsze obdarzy nas tak\u0105 ilo\u015bci\u0105 \u0142ask, jak\u0105 w danym momencie potrzebujemy\u2026<\/span><\/span><\/span><\/span><\/p>\n<p align=\"justify\"><span style=\"color: #000000;\"><span style=\"font-family: Book Antiqua, serif;\"><span style=\"font-size: large;\">Jezus widzi rzesze ludzi, kt\u00f3rzy trwali przy nim przez trzy dni, nie maj\u0105c zapas\u00f3w wody czy jedzenia \u2013 ale karmi\u0105c si\u0119 Jego s\u0142owem, obecno\u015bci\u0105, nauk\u0105\u2026 Jezus to dostrzega i m\u00f3wi<i>: <\/i><i><b>\u017b<\/b><\/i><i><b>al mi tego t\u0142umu <\/b><\/i><b>[<\/b><b>\u2026<\/b><b>]<\/b><i><b>, nie maj\u0105 co je\u015b\u0107\u2026<\/b><\/i><i> <\/i>Jezus troszczy si\u0119 nie tylko o ducha, ale i o cia\u0142a tych ludzi\u2026 <\/span><\/span><\/span><\/p>\n<p align=\"justify\"><span style=\"color: #000000;\"><span style=\"font-family: Book Antiqua, serif;\"><span style=\"font-size: large;\">Mo\u017cna pokusi\u0107 si\u0119 tu o stwierdzenie, \u017ce Jezus jako dobry nauczyciel wie, \u017ce aby czego\u015b nauczy\u0107, to trzeba to powtarza\u0107\u2026 To ju\u017c drugie rozmno\u017cenie chleba i bardzo podobna sytuacja do pierwszej. Znowu t\u0142um, wzruszenie Jezusa, podobny dialog, gesty, chleb i rybki, nasycenie si\u0119 i nadmiar, kt\u00f3ry jeszcze zebrano\u2026<\/span><\/span><\/span><\/p>\n<p align=\"justify\"><span style=\"color: #000000;\"><span style=\"font-family: Book Antiqua, serif;\"><span style=\"font-size: large;\">Uczniowie byli \u015bwiadkami pierwszego rozmno\u017cenia \u2013 widzieli, co si\u0119 wtedy wydarzy\u0142o, a mimo wszystko teraz te\u017c pytaj\u0105 Jezusa: <i><b>Jak\u017ce tu na pustkowiu b\u0119dzie m\u00f3g\u0142 kto\u015b nakarmi\u0107 ich chlebem?<\/b><\/i><\/span><\/span><\/span><\/p>\n<p align=\"justify\"><span style=\"color: #000000;\"><span style=\"font-family: Book Antiqua, serif;\"><span style=\"font-size: large;\">Jak cz\u0119sto i nam brakuje tej wiary, kt\u00f3rej brakowa\u0142o uczniom? Jak cz\u0119sto m\u00f3wimy, \u017ce nic nie mo\u017cemy zrobi\u0107\u2026 \u017be nam tak ci\u0119\u017cko, trudno, wiecznie pod g\u00f3rk\u0119?\u2026 Ile razy w\u0105tpimy, jak cz\u0119sto racjonalizujemy?\u2026 Mimo, \u017ce byli\u015bmy \u015bwiadkami wielkich cud\u00f3w Boga, tak ci\u0119\u017cko nam zaakceptowa\u0107, \u017ce On dzia\u0142a\u2026 Ci\u0105gle stawiamy tylko na siebie i swoje si\u0142y, wszystko uk\u0142adamy po swojemu, byle by\u0142o zgodnie z prawami logiki i jak najwygodniej dla nas\u2026 <\/span><\/span><\/span><\/p>\n<p align=\"justify\"><span style=\"color: #000000;\"><span style=\"font-family: Book Antiqua, serif;\"><span style=\"font-size: large;\">Ale dla Boga nie praw i schemat\u00f3w\u2026 On dzia\u0142a ponad tym.<\/span><\/span><\/span><\/p>\n<p align=\"justify\"><span style=\"color: #000000;\"><span style=\"font-family: Book Antiqua, serif;\"><span style=\"font-size: large;\">Sk\u0105d zatem wzi\u0105\u0107 s\u0142owo pewnej i wiarygodnej nadziei? Przecie\u017c wiemy, \u017ce Pan b\u0119dzie z nami w ka\u017cdy dzie\u0144 \u2013 a\u017c do ko\u0144ca czas\u00f3w! Przecie\u017c w ko\u015bciele tyle razy ju\u017c o tym s\u0142yszeli\u015bmy? Sk\u0105d wi\u0119c rodzi si\u0119 w nas taki l\u0119k, obawa? <\/span><\/span><\/span><\/p>\n<p align=\"justify\"><span style=\"color: #000000;\"><span style=\"font-family: Book Antiqua, serif;\"><span style=\"font-size: large;\">Musimy zaufa\u0107 Jezusowi \u2013 trwa\u0107 przy Nim, a wiele b\u0119dzie nam dane\u2026 <\/span><\/span><\/span><\/p>\n<p align=\"justify\"><span style=\"color: #000000;\"><span style=\"font-family: Book Antiqua, serif;\"><span style=\"font-size: large;\">Co to jednak znaczy: trwa\u0107 przy Nim? Pierwsze, co przychodzi na my\u015bl, to oczywi\u015bcie nasza modlitwa. Pr\u00f3buj si\u0119 modli\u0107 \u2013 rozmawiaj z Bogiem, jad\u0105c samochodem do pracy; szukaj ciszy i m\u00f3w do Niego \u2013 to uspokaja nasze serce. Wiemy, \u017ce dzisiejszy \u015bwiat p\u0119dzi i brakuje nam na wszystko czasu, ale uwierz: czas, prze\u017cyty z Bogiem, nigdy nie jest zmarnowany \u2013 on zawsze owocuje\u2026 Tylko w ten spos\u00f3b budujesz sw\u00f3j fundament cz\u0142owiecze\u0144stwa \u2013 tylko tak stawiasz dom, kt\u00f3ry przetrwa burze\u2026<\/span><\/span><\/span><\/p>\n<p align=\"justify\"><span style=\"color: #000000;\"><span style=\"font-family: Book Antiqua, serif;\"><span style=\"font-size: large;\">Jezus m\u00f3g\u0142 przecie\u017c sam stworzy\u0107 tyle chleba, \u017ceby rozda\u0107 go ka\u017cdemu, kto z nim przebywa\u0142\u2026 Ale On zaanga\u017cowa\u0142 uczni\u00f3w, by wydarzy\u0142 si\u0119 ten cud! Oczywi\u015bcie, to nie znaczy, \u017ce Jezus nie m\u00f3g\u0142 stworzy\u0107 pokarmu \u201ez niczego\u201d\u2026 Jezus jednak pragnie, by to cz\u0142owiek zaanga\u017cowa\u0142 si\u0119 w cud. <\/span><\/span><\/span><\/p>\n<p align=\"justify\"><span style=\"color: #000000;\"><span style=\"font-family: Book Antiqua, serif;\"><span style=\"font-size: large;\">Jezus rozkaza\u0142, by ludzie usiedli\u2026 <i><b>A wzi\u0105wszy siedem chleb\u00f3w, odm\u00f3wi\u0142 dzi\u0119kczynienie, po\u0142ama\u0142 i dawa\u0142 uczniom, aby je rozdzielali. I rozdali t\u0142umowi. Mieli te\u017c kilka rybek. I nad tymi odm\u00f3wi\u0142 b\u0142ogos\u0142awie\u0144stwo i poleci\u0142 je rozda\u0107.<\/b><\/i><\/span><\/span><\/span><\/p>\n<p align=\"justify\"><span style=\"color: #000000;\"><span style=\"font-family: Book Antiqua, serif;\"><span style=\"font-size: large;\">Scena praktycznie identyczna, jak mia\u0142o to miejsce za pierwszym razem. Jezus dokonuje cudu \u2013 bierze chleb, sk\u0142ada dzi\u0119kczynienie i rozdaje uczniom, a ci dalej t\u0142umowi\u2026 Pe\u0142na wsp\u00f3\u0142praca Boga z cz\u0142owiekiem\u2026 Jezus pomna\u017ca i rozdziela \u2013 a cz\u0142owiek rozdaje dalej.<\/span><\/span><\/span><\/p>\n<p align=\"justify\"><span style=\"color: #000000;\"><span style=\"font-family: Book Antiqua, serif;\"><span style=\"font-size: large;\">Cz\u0142owiek jako \u015bwiadek cudu\u2026 Cz\u0142owiek trwa przy Jezusie i widzi, \u017ce Ten troszczy si\u0119 o wszystko. <\/span><\/span><\/span><\/p>\n<p align=\"justify\"><span style=\"color: #000000;\"><span style=\"font-family: Book Antiqua, serif;\"><span style=\"font-size: large;\">M\u00f3wi\u0142em, \u017ce trwaniem przy Jezusie jest modlitwa. Ale trwanie przy Jezusie \u2013 to tak\u017ce nasz czas sp\u0119dzony z rodzin\u0105, z lud\u017ami bliskimi naszemu sercu; to te\u017c wype\u0142nianie naszych codziennych obowi\u0105zk\u00f3w, wynikaj\u0105cych z naszej \u017cyciowej misji. Trwanie przy Jezusie to r\u00f3wnie\u017c wychodzenie poza nasze spokojne \u017cyciowe minimum, \u017ceby zrobi\u0107 co\u015b dla innych. <\/span><\/span><\/span><\/p>\n<p align=\"justify\"><span style=\"color: #000000;\"><span style=\"font-family: Book Antiqua, serif;\"><span style=\"font-size: large;\">W tych wszystkich ma\u0142ych nawet rzeczach jeste\u015bmy w stanie zauwa\u017cy\u0107, jak bardzo Pan B\u00f3g troszczy si\u0119, \u017ceby nie zabrak\u0142o nam niczego, co konieczne do szcz\u0119\u015bliwego \u017cycia\u2026<\/span><\/span><\/span><\/p>\n<p align=\"justify\"><span style=\"color: #000000;\">\u201e<span style=\"font-family: Book Antiqua, serif;\"><span style=\"font-size: large;\">\u017bal mi tego ludu.\u201d<\/span><\/span><\/span><\/p>\n<p align=\"justify\"><span style=\"color: #000000;\"><span style=\"font-family: Book Antiqua, serif;\"><span style=\"font-size: large;\">Powiedzia\u0142 Chrystus i zaspokoi\u0142 ich g\u0142\u00f3d.<\/span><\/span><\/span><\/p>\n<p align=\"justify\"><span style=\"color: #000000;\">\u201e<span style=\"font-family: Book Antiqua, serif;\"><span style=\"font-size: large;\">\u017bal mi ciebie.\u201d<\/span><\/span><\/span><\/p>\n<p align=\"justify\"><span style=\"color: #000000;\"><span style=\"font-family: Book Antiqua, serif;\"><span style=\"font-size: large;\">I jaki tw\u00f3j g\u0142\u00f3d Chrystus ma zaspokoi\u0107?<\/span><\/span><\/span><\/p>\n<p align=\"justify\"><span style=\"color: #000000;\"><span style=\"font-family: Book Antiqua, serif;\"><span style=\"font-size: large;\">Niewiele posiadasz?<\/span><\/span><\/span><\/p>\n<p align=\"justify\"><span style=\"color: #000000;\"><span style=\"font-family: Book Antiqua, serif;\"><span style=\"font-size: large;\">Wystarczy.<\/span><\/span><\/span><\/p>\n<p align=\"justify\"><span style=\"color: #000000;\"><span style=\"font-family: Book Antiqua, serif;\"><span style=\"font-size: large;\">Wystarczy, \u017ce oddasz mu to co masz.<\/span><\/span><\/span><\/p>\n<p align=\"justify\"><span style=\"color: #000000;\"><span style=\"font-family: Book Antiqua, serif;\"><span style=\"font-size: large;\">A On tobie pomno\u017cy to tysi\u0105ckrotnie.<\/span><\/span><\/span><\/p>\n","protected":false},"excerpt":{"rendered":"<p>Szcz\u0119\u015b\u0107 Bo\u017ce! Moi Drodzy, w dniu dzisiejszym urodziny prze\u017cywa Dominika Sionek, Siostra Jakuba, znanego nam z naszych audycji Katolickim Radiu Podlasie. \u017bycz\u0119 Jubilatce szczeg\u00f3lnej Bo\u017cej opieki na ka\u017cdy dzie\u0144 i ludzkiej \u017cyczliwo\u015bci z ka\u017cdej strony! Zapewniam o modlitwie. Serdecznie dzi\u0119kujemy Siostrze Teresie za wczorajsze s\u0142\u00f3wko pisane, a Ksi\u0119dzu Markowi \u2013 za s\u0142\u00f3wko m\u00f3wione. Dzi\u0119kujemy za [&hellip;]<\/p>\n","protected":false},"author":1,"featured_media":0,"comment_status":"open","ping_status":"open","sticky":false,"template":"","format":"standard","meta":{"jetpack_post_was_ever_published":false,"_jetpack_newsletter_access":"","_jetpack_dont_email_post_to_subs":false,"_jetpack_newsletter_tier_id":0,"_jetpack_memberships_contains_paywalled_content":false,"_jetpack_memberships_contains_paid_content":false,"footnotes":""},"categories":[1],"tags":[],"class_list":["post-18535","post","type-post","status-publish","format-standard","hentry","category-bez-kategorii"],"yoast_head":"<!-- This site is optimized with the Yoast SEO plugin v25.1 - https:\/\/yoast.com\/wordpress\/plugins\/seo\/ -->\n<title>I rozda\u0142 chleb ludowi... - Gaudium Et Spes<\/title>\n<meta name=\"robots\" content=\"index, follow, max-snippet:-1, max-image-preview:large, max-video-preview:-1\" \/>\n<link rel=\"canonical\" href=\"https:\/\/gaudiumetspes-blog.pl\/index.php\/2021\/02\/13\/i-rozdal-chleb-ludowi\/\" \/>\n<meta property=\"og:locale\" content=\"pl_PL\" \/>\n<meta property=\"og:type\" content=\"article\" \/>\n<meta property=\"og:title\" content=\"I rozda\u0142 chleb ludowi... - Gaudium Et Spes\" \/>\n<meta property=\"og:description\" content=\"Szcz\u0119\u015b\u0107 Bo\u017ce! Moi Drodzy, w dniu dzisiejszym urodziny prze\u017cywa Dominika Sionek, Siostra Jakuba, znanego nam z naszych audycji Katolickim Radiu Podlasie. \u017bycz\u0119 Jubilatce szczeg\u00f3lnej Bo\u017cej opieki na ka\u017cdy dzie\u0144 i ludzkiej \u017cyczliwo\u015bci z ka\u017cdej strony! Zapewniam o modlitwie. Serdecznie dzi\u0119kujemy Siostrze Teresie za wczorajsze s\u0142\u00f3wko pisane, a Ksi\u0119dzu Markowi \u2013 za s\u0142\u00f3wko m\u00f3wione. Dzi\u0119kujemy za [&hellip;]\" \/>\n<meta property=\"og:url\" content=\"https:\/\/gaudiumetspes-blog.pl\/index.php\/2021\/02\/13\/i-rozdal-chleb-ludowi\/\" \/>\n<meta property=\"og:site_name\" content=\"Gaudium Et Spes\" \/>\n<meta property=\"article:published_time\" content=\"2021-02-13T06:09:19+00:00\" \/>\n<meta name=\"author\" content=\"Ks. Jacek\" \/>\n<meta name=\"twitter:card\" content=\"summary_large_image\" \/>\n<meta name=\"twitter:label1\" content=\"Napisane przez\" \/>\n\t<meta name=\"twitter:data1\" content=\"Ks. Jacek\" \/>\n\t<meta name=\"twitter:label2\" content=\"Szacowany czas czytania\" \/>\n\t<meta name=\"twitter:data2\" content=\"8 minut\" \/>\n<script type=\"application\/ld+json\" class=\"yoast-schema-graph\">{\"@context\":\"https:\/\/schema.org\",\"@graph\":[{\"@type\":\"WebPage\",\"@id\":\"https:\/\/gaudiumetspes-blog.pl\/index.php\/2021\/02\/13\/i-rozdal-chleb-ludowi\/\",\"url\":\"https:\/\/gaudiumetspes-blog.pl\/index.php\/2021\/02\/13\/i-rozdal-chleb-ludowi\/\",\"name\":\"I rozda\u0142 chleb ludowi... - Gaudium Et Spes\",\"isPartOf\":{\"@id\":\"https:\/\/gaudiumetspes-blog.pl\/#website\"},\"datePublished\":\"2021-02-13T06:09:19+00:00\",\"author\":{\"@id\":\"https:\/\/gaudiumetspes-blog.pl\/#\/schema\/person\/1661982992b752dea8dff0d4ed845a65\"},\"breadcrumb\":{\"@id\":\"https:\/\/gaudiumetspes-blog.pl\/index.php\/2021\/02\/13\/i-rozdal-chleb-ludowi\/#breadcrumb\"},\"inLanguage\":\"pl-PL\",\"potentialAction\":[{\"@type\":\"ReadAction\",\"target\":[\"https:\/\/gaudiumetspes-blog.pl\/index.php\/2021\/02\/13\/i-rozdal-chleb-ludowi\/\"]}]},{\"@type\":\"BreadcrumbList\",\"@id\":\"https:\/\/gaudiumetspes-blog.pl\/index.php\/2021\/02\/13\/i-rozdal-chleb-ludowi\/#breadcrumb\",\"itemListElement\":[{\"@type\":\"ListItem\",\"position\":1,\"name\":\"Strona g\u0142\u00f3wna\",\"item\":\"https:\/\/gaudiumetspes-blog.pl\/\"},{\"@type\":\"ListItem\",\"position\":2,\"name\":\"I&nbsp;rozda\u0142 chleb ludowi&#8230;\"}]},{\"@type\":\"WebSite\",\"@id\":\"https:\/\/gaudiumetspes-blog.pl\/#website\",\"url\":\"https:\/\/gaudiumetspes-blog.pl\/\",\"name\":\"Gaudium Et Spes\",\"description\":\"Blog Ks. Jacka Ja\u015bkowskiego\",\"potentialAction\":[{\"@type\":\"SearchAction\",\"target\":{\"@type\":\"EntryPoint\",\"urlTemplate\":\"https:\/\/gaudiumetspes-blog.pl\/?s={search_term_string}\"},\"query-input\":{\"@type\":\"PropertyValueSpecification\",\"valueRequired\":true,\"valueName\":\"search_term_string\"}}],\"inLanguage\":\"pl-PL\"},{\"@type\":\"Person\",\"@id\":\"https:\/\/gaudiumetspes-blog.pl\/#\/schema\/person\/1661982992b752dea8dff0d4ed845a65\",\"name\":\"Ks. Jacek\",\"image\":{\"@type\":\"ImageObject\",\"inLanguage\":\"pl-PL\",\"@id\":\"https:\/\/gaudiumetspes-blog.pl\/#\/schema\/person\/image\/\",\"url\":\"https:\/\/gaudiumetspes-blog.pl\/wp-content\/uploads\/2019\/07\/avatar-JJ-150x150.jpg\",\"contentUrl\":\"https:\/\/gaudiumetspes-blog.pl\/wp-content\/uploads\/2019\/07\/avatar-JJ-150x150.jpg\",\"caption\":\"Ks. Jacek\"},\"description\":\"Witam serdecznie! K\u0142ania si\u0119 Ks. Jacek Ja\u015bkowski. Nie jestem ani kim\u015b wa\u017cnym, ani kim\u015b znanym. Jestem ksi\u0119dzem, kt\u00f3ry po prostu chce rozmawia\u0107. Codzienna kap\u0142a\u0144ska pos\u0142uga pokazuje mi, \u017ce temat\u00f3w do rozm\u00f3w z ksi\u0119dzem jest coraz wi\u0119cej i dzisiaj \u017caden ksi\u0105dz nie mo\u017ce od nich ucieka\u0107, ale - wprost przeciwnie - podejmowa\u0107 nowe wyzwania. To przekonanie sk\u0142oni\u0142o mnie do pr\u00f3by otwarcia tego\u017c bloga, chocia\u017c okazji do rozm\u00f3w na co dzie\u0144 - w konfesjonale i poza nim - na szcz\u0119\u015bcie nie brakuje. My\u015bl\u0119 jednak, \u017ce ten blog b\u0119dzie jeszcze jednym sposobem i przestrzeni\u0105 nawi\u0105zania kontaktu z lud\u017ami dobrej woli, otwartymi na dialog.\",\"url\":\"https:\/\/gaudiumetspes-blog.pl\/index.php\/author\/ks-jacek\/\"}]}<\/script>\n<!-- \/ Yoast SEO plugin. -->","yoast_head_json":{"title":"I rozda\u0142 chleb ludowi... - Gaudium Et Spes","robots":{"index":"index","follow":"follow","max-snippet":"max-snippet:-1","max-image-preview":"max-image-preview:large","max-video-preview":"max-video-preview:-1"},"canonical":"https:\/\/gaudiumetspes-blog.pl\/index.php\/2021\/02\/13\/i-rozdal-chleb-ludowi\/","og_locale":"pl_PL","og_type":"article","og_title":"I rozda\u0142 chleb ludowi... - Gaudium Et Spes","og_description":"Szcz\u0119\u015b\u0107 Bo\u017ce! Moi Drodzy, w dniu dzisiejszym urodziny prze\u017cywa Dominika Sionek, Siostra Jakuba, znanego nam z naszych audycji Katolickim Radiu Podlasie. \u017bycz\u0119 Jubilatce szczeg\u00f3lnej Bo\u017cej opieki na ka\u017cdy dzie\u0144 i ludzkiej \u017cyczliwo\u015bci z ka\u017cdej strony! Zapewniam o modlitwie. Serdecznie dzi\u0119kujemy Siostrze Teresie za wczorajsze s\u0142\u00f3wko pisane, a Ksi\u0119dzu Markowi \u2013 za s\u0142\u00f3wko m\u00f3wione. Dzi\u0119kujemy za [&hellip;]","og_url":"https:\/\/gaudiumetspes-blog.pl\/index.php\/2021\/02\/13\/i-rozdal-chleb-ludowi\/","og_site_name":"Gaudium Et Spes","article_published_time":"2021-02-13T06:09:19+00:00","author":"Ks. Jacek","twitter_card":"summary_large_image","twitter_misc":{"Napisane przez":"Ks. Jacek","Szacowany czas czytania":"8 minut"},"schema":{"@context":"https:\/\/schema.org","@graph":[{"@type":"WebPage","@id":"https:\/\/gaudiumetspes-blog.pl\/index.php\/2021\/02\/13\/i-rozdal-chleb-ludowi\/","url":"https:\/\/gaudiumetspes-blog.pl\/index.php\/2021\/02\/13\/i-rozdal-chleb-ludowi\/","name":"I rozda\u0142 chleb ludowi... - Gaudium Et Spes","isPartOf":{"@id":"https:\/\/gaudiumetspes-blog.pl\/#website"},"datePublished":"2021-02-13T06:09:19+00:00","author":{"@id":"https:\/\/gaudiumetspes-blog.pl\/#\/schema\/person\/1661982992b752dea8dff0d4ed845a65"},"breadcrumb":{"@id":"https:\/\/gaudiumetspes-blog.pl\/index.php\/2021\/02\/13\/i-rozdal-chleb-ludowi\/#breadcrumb"},"inLanguage":"pl-PL","potentialAction":[{"@type":"ReadAction","target":["https:\/\/gaudiumetspes-blog.pl\/index.php\/2021\/02\/13\/i-rozdal-chleb-ludowi\/"]}]},{"@type":"BreadcrumbList","@id":"https:\/\/gaudiumetspes-blog.pl\/index.php\/2021\/02\/13\/i-rozdal-chleb-ludowi\/#breadcrumb","itemListElement":[{"@type":"ListItem","position":1,"name":"Strona g\u0142\u00f3wna","item":"https:\/\/gaudiumetspes-blog.pl\/"},{"@type":"ListItem","position":2,"name":"I&nbsp;rozda\u0142 chleb ludowi&#8230;"}]},{"@type":"WebSite","@id":"https:\/\/gaudiumetspes-blog.pl\/#website","url":"https:\/\/gaudiumetspes-blog.pl\/","name":"Gaudium Et Spes","description":"Blog Ks. Jacka Ja\u015bkowskiego","potentialAction":[{"@type":"SearchAction","target":{"@type":"EntryPoint","urlTemplate":"https:\/\/gaudiumetspes-blog.pl\/?s={search_term_string}"},"query-input":{"@type":"PropertyValueSpecification","valueRequired":true,"valueName":"search_term_string"}}],"inLanguage":"pl-PL"},{"@type":"Person","@id":"https:\/\/gaudiumetspes-blog.pl\/#\/schema\/person\/1661982992b752dea8dff0d4ed845a65","name":"Ks. Jacek","image":{"@type":"ImageObject","inLanguage":"pl-PL","@id":"https:\/\/gaudiumetspes-blog.pl\/#\/schema\/person\/image\/","url":"https:\/\/gaudiumetspes-blog.pl\/wp-content\/uploads\/2019\/07\/avatar-JJ-150x150.jpg","contentUrl":"https:\/\/gaudiumetspes-blog.pl\/wp-content\/uploads\/2019\/07\/avatar-JJ-150x150.jpg","caption":"Ks. Jacek"},"description":"Witam serdecznie! K\u0142ania si\u0119 Ks. Jacek Ja\u015bkowski. Nie jestem ani kim\u015b wa\u017cnym, ani kim\u015b znanym. Jestem ksi\u0119dzem, kt\u00f3ry po prostu chce rozmawia\u0107. Codzienna kap\u0142a\u0144ska pos\u0142uga pokazuje mi, \u017ce temat\u00f3w do rozm\u00f3w z ksi\u0119dzem jest coraz wi\u0119cej i dzisiaj \u017caden ksi\u0105dz nie mo\u017ce od nich ucieka\u0107, ale - wprost przeciwnie - podejmowa\u0107 nowe wyzwania. To przekonanie sk\u0142oni\u0142o mnie do pr\u00f3by otwarcia tego\u017c bloga, chocia\u017c okazji do rozm\u00f3w na co dzie\u0144 - w konfesjonale i poza nim - na szcz\u0119\u015bcie nie brakuje. My\u015bl\u0119 jednak, \u017ce ten blog b\u0119dzie jeszcze jednym sposobem i przestrzeni\u0105 nawi\u0105zania kontaktu z lud\u017ami dobrej woli, otwartymi na dialog.","url":"https:\/\/gaudiumetspes-blog.pl\/index.php\/author\/ks-jacek\/"}]}},"jetpack_featured_media_url":"","jetpack_sharing_enabled":true,"_links":{"self":[{"href":"https:\/\/gaudiumetspes-blog.pl\/index.php\/wp-json\/wp\/v2\/posts\/18535","targetHints":{"allow":["GET"]}}],"collection":[{"href":"https:\/\/gaudiumetspes-blog.pl\/index.php\/wp-json\/wp\/v2\/posts"}],"about":[{"href":"https:\/\/gaudiumetspes-blog.pl\/index.php\/wp-json\/wp\/v2\/types\/post"}],"author":[{"embeddable":true,"href":"https:\/\/gaudiumetspes-blog.pl\/index.php\/wp-json\/wp\/v2\/users\/1"}],"replies":[{"embeddable":true,"href":"https:\/\/gaudiumetspes-blog.pl\/index.php\/wp-json\/wp\/v2\/comments?post=18535"}],"version-history":[{"count":1,"href":"https:\/\/gaudiumetspes-blog.pl\/index.php\/wp-json\/wp\/v2\/posts\/18535\/revisions"}],"predecessor-version":[{"id":18536,"href":"https:\/\/gaudiumetspes-blog.pl\/index.php\/wp-json\/wp\/v2\/posts\/18535\/revisions\/18536"}],"wp:attachment":[{"href":"https:\/\/gaudiumetspes-blog.pl\/index.php\/wp-json\/wp\/v2\/media?parent=18535"}],"wp:term":[{"taxonomy":"category","embeddable":true,"href":"https:\/\/gaudiumetspes-blog.pl\/index.php\/wp-json\/wp\/v2\/categories?post=18535"},{"taxonomy":"post_tag","embeddable":true,"href":"https:\/\/gaudiumetspes-blog.pl\/index.php\/wp-json\/wp\/v2\/tags?post=18535"}],"curies":[{"name":"wp","href":"https:\/\/api.w.org\/{rel}","templated":true}]}}