{"id":18541,"date":"2021-02-14T07:42:05","date_gmt":"2021-02-14T06:42:05","guid":{"rendered":"https:\/\/gaudiumetspes-blog.pl\/?p=18541"},"modified":"2021-02-15T18:11:27","modified_gmt":"2021-02-15T17:11:27","slug":"panie-jesli-chcesz-2","status":"publish","type":"post","link":"https:\/\/gaudiumetspes-blog.pl\/index.php\/2021\/02\/14\/panie-jesli-chcesz-2\/","title":{"rendered":"Panie, je\u015bli chcesz&#8230;"},"content":{"rendered":"<p align=\"justify\"><span style=\"color: #000000;\"><span style=\"font-family: Book Antiqua, serif;\"><span style=\"font-size: large;\">Niech b\u0119dzie pochwalony Jezus Chrystus! Moi Drodzy, w dniu dzisiejszym <b>urodziny prze\u017cywa Aneta Gmitrzak, w\u0142\u0105czaj\u0105ca si\u0119 przez pewien czas w dzia\u0142alno\u015b\u0107 m\u0142odzie\u017cowych Wsp\u00f3lnot. \u017bycz\u0119 wszelkiego Bo\u017cego b\u0142ogos\u0142awie\u0144stwa i o nie b\u0119d\u0119 si\u0119 dla Niej modli\u0142.<\/b><\/span><\/span><\/span><\/p>\n<p align=\"justify\"><span style=\"color: #000000;\"><span style=\"font-family: Book Antiqua, serif;\"><span style=\"font-size: large;\">Moi Drodzy, dzisiaj w Parafii \u015awi\u0119tej Teresy od Dzieci\u0105tka Jezus w Otwocku \u2013 \u015awidrze <b>ochrzcz\u0119 male\u0144k\u0105 Zosi\u0119 Olender, C\u00f3rk\u0119 Szymona i Magdaleny.<\/b> Z Szymonem i Jego Rodzicami jestem zwi\u0105zany od czasu mojej pos\u0142ugi w Parafii w Celestynowie. <\/span><\/span><\/span><\/p>\n<p align=\"justify\"><span style=\"color: #000000;\"><span style=\"font-family: Book Antiqua, serif;\"><span style=\"font-size: large;\">Serdecznie gratuluj\u0119 ca\u0142ej Rodzinie tego pi\u0119knego wydarzenia, a jednocze\u015bnie wyra\u017cam wielk\u0105 nadziej\u0119, \u017ce wszyscy Oni b\u0119d\u0105 dla ma\u0142ej Zosi prawdziwymi Przewodnikami na drogach wiary. O to b\u0119d\u0119 si\u0119 dla Nich modli\u0142.<\/span><\/span><\/span><\/p>\n<p align=\"justify\"><span style=\"color: #000000;\"><span style=\"font-family: Book Antiqua, serif;\"><span style=\"font-size: large;\">A oto teraz zapraszam ju\u017c do ws\u0142uchania si\u0119 w Bo\u017ce s\u0142owo i <b>odkrycia tego jednego, konkretnego przes\u0142ania, <\/b>z jakim Pan zwraca si\u0119 dzi\u015b do mnie. Niech Duch \u015awi\u0119ty o\u015bwieci nas i wesprze w tym poszukiwaniu.<\/span><\/span><\/span><\/p>\n<p align=\"justify\"><span style=\"color: #000000;\"><span style=\"font-family: Book Antiqua, serif;\"><span style=\"font-size: large;\"><b>Niech Was b\u0142ogos\u0142awi B\u00f3g Wszechmog\u0105cy: Ojciec + i Syn, i Duch \u015awi\u0119ty. Amen<\/b><\/span><\/span><\/span><\/p>\n<p align=\"center\"><span style=\"color: #000000;\"><span style=\"font-family: Book Antiqua, serif;\"><span style=\"font-size: large;\">Gaudium et spes! Ks. Jacek<\/span><\/span><\/span><\/p>\n<p align=\"center\">\n<p align=\"center\">\n<p align=\"center\">\n<p align=\"center\">\n<p align=\"center\">\n<p align=\"justify\"><span style=\"color: #000000;\"><span style=\"font-family: Book Antiqua, serif;\"><span style=\"font-size: large;\"><b>6 Niedziela zwyk\u0142a, B,<\/b><\/span><\/span><\/span><\/p>\n<p align=\"justify\"><span style=\"color: #000000;\"><span style=\"font-family: Book Antiqua, serif;\"><span style=\"font-size: large;\"><b>14 lutego 2021.,<\/b><\/span><\/span><\/span><\/p>\n<p align=\"justify\"><span style=\"color: #000000;\"><span style=\"font-family: Book Antiqua, serif;\"><span style=\"font-size: large;\"><b>do czyta\u0144: Kp\u0142 13,1\u20132.45\u201346; 1 Kor 10,31\u201311,1; Mk 1,40\u201345<\/b><\/span><\/span><\/span><\/p>\n<p align=\"justify\">\n<p align=\"justify\">\n<p align=\"justify\">\n<p align=\"justify\">\n<p align=\"justify\">\n<p align=\"justify\"><span style=\"color: #000000;\"><span style=\"font-family: Book Antiqua, serif;\"><span style=\"font-size: large;\"><b>CZYTANIE Z KSI\u0118GI KAP\u0141A\u0143SKIEJ:<\/b><\/span><\/span><\/span><\/p>\n<p align=\"justify\"><span style=\"color: #000000;\"><span style=\"font-family: Book Antiqua, serif;\"><span style=\"font-size: large;\"><b>Tak powiedzia\u0142 Pan do Moj\u017cesza i Aarona: \u201eJe\u017celi u kogo\u015b na sk\u00f3rze cia\u0142a pojawi si\u0119 nabrzmienie albo wysypka, albo bia\u0142a plama, kt\u00f3ra na sk\u00f3rze jego cia\u0142a jest oznak\u0105 tr\u0105du, to przyprowadz\u0105 go do kap\u0142ana Aarona albo do jednego z jego syn\u00f3w kap\u0142an\u00f3w.<\/b><\/span><\/span><\/span><\/p>\n<p align=\"justify\"><span style=\"color: #000000;\"><span style=\"font-family: Book Antiqua, serif;\"><span style=\"font-size: large;\"><b>Tr\u0119dowaty, kt\u00f3ry podlega tej chorobie, b\u0119dzie mia\u0142 rozerwane szaty, w\u0142osy w nie\u0142adzie, brod\u0119 zas\u0142oni\u0119t\u0105 i b\u0119dzie wo\u0142a\u0107: \u00abNieczysty, nieczysty!\u00bb Przez ca\u0142y czas trwania tej choroby b\u0119dzie nieczysty. B\u0119dzie mieszka\u0142 w odosobnieniu. Jego mieszkanie b\u0119dzie poza obozem\u201d.<\/b><\/span><\/span><\/span><\/p>\n<p align=\"justify\">\n<p align=\"justify\">\n<p align=\"justify\">\n<p align=\"justify\">\n<p align=\"justify\">\n<p align=\"justify\"><span style=\"color: #000000;\"><span style=\"font-family: Book Antiqua, serif;\"><span style=\"font-size: large;\"><b>CZYTANIE Z PIERWSZEGO LISTU \u015aWI\u0118TEGO PAW\u0141A APOSTO\u0141A DO KORYNTIAN:<\/b><\/span><\/span><\/span><\/p>\n<p align=\"justify\"><span style=\"color: #000000;\"><span style=\"font-family: Book Antiqua, serif;\"><span style=\"font-size: large;\"><b>Bracia: Czy jecie, czy pijecie, czy cokolwiek innego czynicie, wszystko na chwa\u0142\u0119 Bo\u017c\u0105 czy\u0144cie. Nie b\u0105d\u017acie zgorszeniem ani dla \u017byd\u00f3w, ani dla Grek\u00f3w, ani dla Ko\u015bcio\u0142a Bo\u017cego, podobnie jak ja, kt\u00f3ry si\u0119 staram przypodoba\u0107 wszystkim, nie szukaj\u0105c w\u0142asnej korzy\u015bci, lecz dobra wielu, aby byli zbawieni.<\/b><\/span><\/span><\/span><\/p>\n<p align=\"justify\"><span style=\"color: #000000;\"><span style=\"font-family: Book Antiqua, serif;\"><span style=\"font-size: large;\"><b>B\u0105d\u017acie na\u015bladowcami moimi, tak jak ja jestem na\u015bladowc\u0105 Chrystusa.<\/b><\/span><\/span><\/span><\/p>\n<p align=\"justify\">\n<p align=\"justify\">\n<p align=\"justify\">\n<p align=\"justify\">\n<p align=\"justify\">\n<p align=\"justify\"><span style=\"color: #000000;\"><span style=\"font-family: Book Antiqua, serif;\"><span style=\"font-size: large;\"><b>S\u0141OWA EWANGELII WED\u0141UG \u015aWI\u0118TEGO MARKA:<\/b><\/span><\/span><\/span><\/p>\n<p align=\"justify\"><span style=\"color: #000000;\"><span style=\"font-family: Book Antiqua, serif;\"><span style=\"font-size: large;\"><b>Pewnego dnia przyszed\u0142 do Jezusa tr\u0119dowaty i upadaj\u0105c na kolana, prosi\u0142 Go: \u201eJe\u015bli chcesz, mo\u017cesz mnie oczy\u015bci\u0107\u201d. Zdj\u0119ty lito\u015bci\u0105, wyci\u0105gn\u0105\u0142 r\u0119k\u0119, dotkn\u0105\u0142 go i rzek\u0142 do niego: \u201eChc\u0119, b\u0105d\u017a oczyszczony\u201d. Natychmiast tr\u0105d go opu\u015bci\u0142 i zosta\u0142 oczyszczony.<\/b><\/span><\/span><\/span><\/p>\n<p align=\"justify\"><span style=\"color: #000000;\"><span style=\"font-family: Book Antiqua, serif;\"><span style=\"font-size: large;\"><b>Jezus surowo mu przykaza\u0142 i zaraz go odprawi\u0142 ze s\u0142owami: \u201eUwa\u017caj, nikomu nic nie m\u00f3w, ale id\u017a, poka\u017c si\u0119 kap\u0142anowi i z\u0142\u00f3\u017c za swe oczyszczenie ofiar\u0119, kt\u00f3r\u0105 przepisa\u0142 Moj\u017cesz, na \u015bwiadectwo dla nich\u201d.<\/b><\/span><\/span><\/span><\/p>\n<p align=\"justify\"><span style=\"color: #000000;\"><span style=\"font-family: Book Antiqua, serif;\"><span style=\"font-size: large;\"><b>Lecz on po wyj\u015bciu zacz\u0105\u0142 wiele opowiada\u0107 i rozg\u0142asza\u0107 to, co zasz\u0142o, tak \u017ce Jezus nie m\u00f3g\u0142 ju\u017c jawnie wej\u015b\u0107 do miasta, lecz przebywa\u0142 w miejscach pustynnych. A ludzie zewsz\u0105d schodzili si\u0119 do Niego.<\/b><\/span><\/span><\/span><\/p>\n<p align=\"justify\">\n<p align=\"justify\">\n<p align=\"justify\">\n<p align=\"justify\">\n<p align=\"justify\">\n<p align=\"justify\"><span style=\"color: #000000;\"><span style=\"font-family: Book Antiqua, serif;\"><span style=\"font-size: large;\">Chocia\u017c od wielu ju\u017c lat znany mi jest ten fragment Ewangelii Markowej, kt\u00f3rego dzi\u015b wys\u0142uchali\u015bmy, to przyznaj\u0119, \u017ce od niedawna szczeg\u00f3lnie zwraca w nim moj\u0105 uwag\u0119 <b>pokorna pro\u015bba<\/b> tr\u0119dowatego o uzdrowienie \u2013 a w niej to zastrze\u017cenie: <i><b>Je\u015bli chcesz\u2026<\/b><\/i> Tr\u0119dowaty nie prosi o pomoc w taki spos\u00f3b, w jaki czyni\u0142o to wielu innych, o kt\u00f3rych nieraz s\u0142yszeli\u015bmy w Ewangelii. On prosi o uzdrowienie \u2013 owszem \u2013 ale czyni to <b>w spos\u00f3b niezwykle pokorny.<\/b> <\/span><\/span><\/span><\/p>\n<p align=\"justify\"><span style=\"color: #000000;\"><span style=\"font-family: Book Antiqua, serif;\"><span style=\"font-size: large;\">Nie domaga si\u0119 wprost i bezpo\u015brednio: \u201eOczy\u015b\u0107 mnie!\u201d, \u201eUwolnij mnie!\u201d, \u201eUzdr\u00f3w mnie!\u201d. Zaznaczmy, \u017ce <b>nie by\u0142oby niczym z\u0142ym,<\/b> lub niew\u0142a\u015bciwym, gdyby tak prosi\u0142 \u2013 wszak do Jezusa mo\u017cna zwraca\u0107 si\u0119 ze wszystkim, co boli, co nurtuje, gdy\u017c <b>On sam da\u0142 takie prawo cz\u0142owiekowi.<\/b> Tr\u0119dowaci tak\u017ce to prawo mieli. <\/span><\/span><\/span><\/p>\n<p align=\"justify\"><span style=\"color: #000000;\"><span style=\"font-family: Book Antiqua, serif;\"><span style=\"font-size: large;\">Oczywi\u015bcie, dane przez Jezusa, bo <b>spo\u0142eczno\u015b\u0107 wyklucza\u0142a ich<\/b> spo\u015br\u00f3d siebie. W ludzkiej spo\u0142eczno\u015bci nie mieli prawa nie tylko o cokolwiek prosi\u0107, ale nawet przebywa\u0107! <\/span><\/span><\/span><\/p>\n<p align=\"justify\"><span style=\"color: #000000;\"><span style=\"font-family: Book Antiqua, serif;\"><span style=\"font-size: large;\">Pierwsze czytanie, z Ksi\u0119gi Kap\u0142a\u0144skiej, przywo\u0142uje przepisy, dotycz\u0105ce zachowania si\u0119 cz\u0142owieka tr\u0119dowatego. S\u0142yszeli\u015bmy w nim, \u017ce <i><b>tr\u0119dowaty, kt\u00f3ry podlega tej chorobie, b\u0119dzie mia\u0142 rozerwane szaty, w\u0142osy w nie\u0142adzie, brod\u0119 zas\u0142oni\u0119t\u0105 i b\u0119dzie wo\u0142a\u0107: \u00abNieczysty, nieczysty!\u00bb Przez ca\u0142y czas trwania tej choroby b\u0119dzie nieczysty. B\u0119dzie mieszka\u0142 w odosobnieniu. Jego mieszkanie b\u0119dzie poza obozem.<\/b><\/i><b> <\/b>A to, czy by\u0142 chory na tr\u0105d, czy tylko na jak\u0105\u015b niegro\u017an\u0105, kr\u00f3tkotrwa\u0142\u0105 wysypk\u0119, mia\u0142 ostatecznie <b>rozstrzygn\u0105\u0107 kap\u0142an.<\/b> Dlaczego w\u0142a\u015bnie on? <\/span><\/span><\/span><\/p>\n<p align=\"justify\"><span style=\"color: #000000;\"><span style=\"font-family: Book Antiqua, serif;\"><span style=\"font-size: large;\">Wynika\u0142o to z funkcji, jak\u0105 w staro\u017cytnym spo\u0142ecze\u0144stwie Izraela piastowali kap\u0142ani jako <b>znawcy tradycji i Pisma, nosiciele wiedzy i kultury.<\/b> Tak\u017ce sama choroba traktowana by\u0142a w spos\u00f3b religijny. Patrzono na ni\u0105 jako na <b>skutek grzechu lub dopust Bo\u017cy,<\/b> a nawet jako na <b>kar\u0119 Bo\u017c\u0105.<\/b> Dlatego choroba eliminowa\u0142a cz\u0142owieka z \u017cycia spo\u0142ecznego, a przede wszystkim \u2013 ze <b>wsp\u00f3lnoty kultowej. <\/b><\/span><\/span><\/span><\/p>\n<p align=\"justify\"><span style=\"color: #000000;\"><span style=\"font-family: Book Antiqua, serif;\"><span style=\"font-size: large;\">St\u0105d te\u017c, gdy tr\u0119dowaty \u2013 czy jakikolwiek inny chory \u2013 powr\u00f3ci\u0142 do zdrowia, <b>mia\u0142 obowi\u0105zek z\u0142o\u017cy\u0107 ofiar\u0119<\/b> za swoje grzechy i ofiar\u0119 dzi\u0119kczynn\u0105. Ale ca\u0142\u0105 spraw\u0119 rozstrzyga\u0142 w\u0142a\u015bnie kap\u0142an. <\/span><\/span><\/span><\/p>\n<p align=\"justify\"><span style=\"color: #000000;\"><span style=\"font-family: Book Antiqua, serif;\"><span style=\"font-size: large;\">Jak s\u0142yszeli\u015bmy w Ewangelii, Jezus takie w\u0142a\u015bnie polecenie da\u0142 cz\u0142owiekowi, kt\u00f3rego chwil\u0119 wcze\u015bniej uzdrowi\u0142: <i><b>Uwa\u017caj, nikomu nic nie m\u00f3w, ale id\u017a, poka\u017c si\u0119 kap\u0142anowi i z\u0142\u00f3\u017c za swe oczyszczenie ofiar\u0119, kt\u00f3r\u0105 przepisa\u0142 Moj\u017cesz, na \u015bwiadectwo dla nich.<\/b><\/i><b> <\/b>Nie wiemy, czy uzdrowiony pojawi\u0142 si\u0119 przed kap\u0142anem i z\u0142o\u017cy\u0142 przepisan\u0105 Prawem ofiar\u0119 za oczyszczenie. Pewnie tak, ale nie od razu. <\/span><\/span><\/span><\/p>\n<p align=\"justify\"><span style=\"color: #000000;\"><span style=\"font-family: Book Antiqua, serif;\"><span style=\"font-size: large;\">Zaraz bowiem po wyzdrowieniu <i><b>zacz\u0105\u0142 wiele opowiada\u0107 i rozg\u0142asza\u0107 to, co zasz\u0142o, tak \u017ce Jezus nie m\u00f3g\u0142 ju\u017c jawnie wej\u015b\u0107 do miasta, lecz przebywa\u0142 w miejscach pustynnych.<\/b><\/i><b> <\/b>A Jezusowi tak bardzo zale\u017ca\u0142o, \u017ceby na tym etapie Jego dzia\u0142alno\u015bci <b>jeszcze nie robi\u0107 jakiego\u015b wielkiego <\/b><b>rozg\u0142osu<\/b> wok\u00f3\u0142 Niego. C\u00f3\u017c jednak z tego, \u017ce Mu na tym zale\u017ca\u0142o i nawet wyra\u017anie prosi\u0142 o to cz\u0142owieka tr\u0119dowatego, skoro szcz\u0119\u015bcie, jakie sta\u0142o si\u0119 udzia\u0142em tego ostatniego w chwili uzdrowienia <b>niemal\u017ce \u201erozsadza\u0142o\u201d <\/b><b>go <\/b><b>od \u015brodka,<\/b> dlatego nie m\u00f3g\u0142 o tym nie m\u00f3wi\u0107! Domy\u015blamy si\u0119, \u017ce robi\u0142 to bardzo \u017cywio\u0142owo! <\/span><\/span><\/span><\/p>\n<p align=\"justify\"><span style=\"color: #000000;\"><span style=\"font-family: Book Antiqua, serif;\"><span style=\"font-size: large;\">Dlatego dopiero potem, kiedy ju\u017c o jego uzdrowieniu dowiedzia\u0142o si\u0119 ca\u0142e otoczenie, dowiedzia\u0142 si\u0119 te\u017c o nim zapewne kap\u0142an. A tr\u0119dowaty \u2013 ju\u017c uzdrowiony \u2013 <b>m\u00f3g\u0142 powr\u00f3ci\u0107 do swojej spo\u0142eczno\u015bci.<\/b> <\/span><\/span><\/span><\/p>\n<p align=\"justify\"><span style=\"color: #000000;\"><span style=\"font-family: Book Antiqua, serif;\"><span style=\"font-size: large;\">Zanim si\u0119 to jednak sta\u0142o, pokornie prosi\u0142 Jezusa o \u0142ask\u0119 owym znamiennym: <i><b>Je\u015bli chcesz\u2026<\/b><\/i> A Jezus \u2013 chcia\u0142\u2026 I dlatego chory odzyska\u0142 zdrowie. Prawd\u0119 powiedziawszy, tak by\u0142o w ka\u017cdym innym przypadku: uzdrowienia innych chorych tak\u017ce dokonywa\u0142y si\u0119 <b>dlatego, \u017ce Jezus chcia\u0142 ich dokona\u0107. <\/b>Gdyby nie chcia\u0142, to nikt by Go do tego nie zmusi\u0142 \u2013 gdyby Jezus <b>nie dostrzeg\u0142 wi\u0119kszego dobra,<\/b> jakie w danym, konkretnym przypadku, wyniknie z faktu uzdrowienia. Jednak akurat ten tr\u0119dowaty wypowiedzia\u0142 to wprost i wyra\u017anie, na co Jezus tak\u017ce bardzo wyra\u017anie odpowiedzia\u0142: <i><b>Chc\u0119, b\u0105d\u017a oczyszczony.<\/b><\/i><b> <\/b><\/span><\/span><\/span><\/p>\n<p align=\"justify\"><span style=\"color: #000000;\"><span style=\"font-family: Book Antiqua, serif;\"><span style=\"font-size: large;\">Swoj\u0105 drog\u0105, to Jezus \u2013 przy tej okazji \u2013 spowodowa\u0142 niema\u0142\u0105 dezorientacj\u0119 w\u015br\u00f3d tych, kt\u00f3rzy tam byli i Go obserwowali. Dla \u00f3wczesnych ludzi bowiem szokuj\u0105ce by\u0142o to, \u017ce J<b>ezus w og\u00f3le dotkn\u0105\u0142 tr\u0119dowatego.<\/b> Przecie\u017c w ten spos\u00f3b powinien sta\u0107 si\u0119 rytualnie nieczysty! Tyle tylko, \u017ce sta\u0142o si\u0119 co\u015b wprost odwrotnego: nie do\u015b\u0107, \u017ce <b>Jezus nie sta\u0142 si\u0119 przez to nieczysty,<\/b> to jeszcze cz\u0142owiek b\u0119d\u0105cy faktycznie nieczystym, czyli tr\u0119dowaty, <b>zosta\u0142 oczyszczony z choroby! <\/b>W ten spos\u00f3b Jezus ukaza\u0142 swoj\u0105 moc i \u015bwi\u0119to\u015b\u0107 \u2013 skoro tr\u0105d wi\u0105zano z grzechem, a usuni\u0119cie go przypisywano samemu Bogu. <\/span><\/span><\/span><\/p>\n<p align=\"justify\"><span style=\"color: #000000;\"><span style=\"font-family: Book Antiqua, serif;\"><span style=\"font-size: large;\">Tr\u0119dowaty za\u015b, prosz\u0105c w taki spos\u00f3b o \u0142ask\u0119 uzdrowienia, wykaza\u0142 si\u0119 naprawd\u0119 <b>wielk\u0105 wiar\u0105,<\/b> ale i g\u0142\u0119bokim <b>zaufaniem do Jezusa,<\/b> g\u0142\u0119bok\u0105 pokor\u0105 i szczerym poddaniem si\u0119 woli Bo\u017cej. Przecie\u017c Jezus m\u00f3g\u0142 powiedzie\u0107, \u017ce <b>nie chce \u2013 powiedzmy: w tym momencie \u2013 tego uzdrowienia. <\/b>M\u00f3g\u0142 go dokona\u0107 p\u00f3\u017aniej, albo w jaki\u015b inny spos\u00f3b wesprze\u0107 cz\u0142owieka, nie spe\u0142niaj\u0105c teraz jego oczekiwania. I co wtedy?\u2026<\/span><\/span><\/span><\/p>\n<p align=\"justify\"><span style=\"color: #000000;\"><span style=\"font-family: Book Antiqua, serif;\"><span style=\"font-size: large;\">Moi Drodzy, mo\u017ce w\u0142a\u015bnie dlatego tak ci\u0119\u017cko przychodzi nam podda\u0107 si\u0119 woli Bo\u017cej w codziennym \u017cyciu i tak z oporami, nieraz wr\u0119cz przez zaci\u015bni\u0119te z\u0119by, wypowiadamy s\u0142owa: <i><b>B\u0105d\u017a wola Twoja jako w Niebie, tak i na ziemi,<\/b><\/i> bo obawiamy si\u0119, \u017ce B\u00f3g b\u0119dzie chcia\u0142 od nas zbyt du\u017co! I \u017ce ta Jego wola bardzo <b>b\u0119dzie si\u0119<\/b> <b>r\u00f3\u017cni\u0142a od naszej woli.<\/b> A mo\u017ce przyjdzie przyj\u0105\u0107 jakie\u015b cierpienie, czy trudne do\u015bwiadczenie\u2026 I co wtedy?\u2026<\/span><\/span><\/span><\/p>\n<p align=\"justify\"><span style=\"color: #000000;\"><span style=\"font-family: Book Antiqua, serif;\"><span style=\"font-size: large;\">Dlatego wolimy jasno i precyzyjnie <b>wskaza\u0107 Panu nasze oczekiwania<\/b> i wyra\u017anie zarysowa\u0107 Mu nasz plan na dan\u0105 sytuacj\u0119. Nie my\u015blimy jednak w\u00f3wczas o tym, \u017ce <b>B\u00f3g zawsze i bezgranicznie nas kocha<\/b> i naprawd\u0119 zale\u017cy Mu na naszym dobru, dlatego Jego wola tak\u017ce jest nakierowana <b>wy\u0142\u0105cznie na nasze dobro.<\/b> Oczywi\u015bcie, rozumiane ca\u0142o\u015bciowo, przede wszystkim w kontek\u015bcie zbawienia. <\/span><\/span><\/span><\/p>\n<p align=\"justify\"><span style=\"color: #000000;\"><span style=\"font-family: Book Antiqua, serif;\"><span style=\"font-size: large;\">St\u0105d mog\u0105 nas czasami <b>spotka\u0107 jakie\u015b trudno\u015bci, <\/b>czy przeciwno\u015bci, ale b\u0105d\u017amy uczciwi i powiedzmy, \u017ce nie brakuje tak\u017ce w naszym \u017cyciu <b>promyk\u00f3w dobra, mi\u0142o\u015bci, rado\u015bci i nadziei <\/b>\u2013 sytuacji, w kt\u00f3rych zawi\u0142e problemy nagle si\u0119 rozwi\u0105zuj\u0105, a popl\u0105tane drogi prostuj\u0105. Osobi\u015bcie lubi\u0119 takie sytuacje i okoliczno\u015bci nazywa\u0107 <b>\u201eu\u015bmiechami Pana Boga\u201d.<\/b> <\/span><\/span><\/span><\/p>\n<p align=\"justify\"><span style=\"color: #000000;\"><span style=\"font-family: Book Antiqua, serif;\"><span style=\"font-size: large;\">I mog\u0119 powiedzie\u0107 \u2013 z w\u0142asnego do\u015bwiadczenia \u2013 \u017ce Pan B\u00f3g tak naprawd\u0119 <b>cz\u0119sto si\u0119 u\u015bmiecha.<\/b> Dlatego chocia\u017c nie brakuje sytuacji trudnych, a niekiedy nawet bardzo trudnych, to widz\u0119, \u017ce jedynym ratunkiem i wyj\u015bciem z nich jest w\u0142a\u015bnie zdanie si\u0119 na wol\u0119 Bo\u017c\u0105 i \u015bwiadome powiedzenie Jezusowi: <b>PANIE, JE\u015aLI CHCESZ<\/b> \u2013 mo\u017cesz mi pom\u00f3c. <\/span><\/span><\/span><\/p>\n<p align=\"justify\"><span style=\"color: #000000;\"><span style=\"font-family: Book Antiqua, serif;\"><span style=\"font-size: large;\">Ja Ci\u0119 o to bardzo prosz\u0119, bezgranicznie Ci ufam i przedstawiam Ci szczerze moje potrzeby, bo wiem, \u017ce <b>Ty sam mi na to pozwalasz.<\/b> Wszak to Ty sam uczy\u0142e\u015b, \u017ce mamy prosi\u0107 o wszystko, co jest nam potrzebne \u2013 i mamy to czyni\u0107 <b>wytrwale, a nawet by\u0107 <\/b><b>w tym proszeniu <\/b><b>natarczywi! <\/b><\/span><\/span><\/span><\/p>\n<p align=\"justify\"><span style=\"color: #000000;\"><span style=\"font-family: Book Antiqua, serif;\"><span style=\"font-size: large;\">Dlatego ja Ci\u0119 prosz\u0119, <b>a Ty \u2013 je\u015bli chcesz!<\/b> Uczy\u0144 to, o co Ci\u0119 prosz\u0119 \u2013 <b>je\u015bli chcesz i tak, jak Ty sam chcesz.<\/b> Bo wiem, \u017ce w\u00f3wczas ca\u0142a sprawa rozwi\u0105\u017ce si\u0119 najlepiej, jak tylko mo\u017ce si\u0119 rozwi\u0105za\u0107. A chocia\u017c problem, z jakim do Ciebie si\u0119 zwracam, jest <b>naprawd\u0119 powa\u017cny, mo\u017ce uci\u0105\u017cliwy,<\/b> a mo\u017ce nawet bolesny \u2013 tak, jak uci\u0105\u017cliwy i bolesny by\u0142 tr\u0105d dla cz\u0142owieka z dzisiejszej Ewangelii \u2013 to jednak <b>nie chc\u0119 na Tobie niczego wymusza\u0107,<\/b> nie chc\u0119 Ci\u0119 w arogancki spos\u00f3b ponagla\u0107, czy instruowa\u0107 \u2013 co, kiedy i w jakiej kolejno\u015bci masz dla mnie zrobi\u0107, tylko zwracam si\u0119 ze szczer\u0105 ufno\u015bci\u0105: <b>PANIE, JE\u015aLI CHCESZ\u2026<\/b> A wiem, \u017ce Ty zawsze dobrze dla mnie chcesz. <\/span><\/span><\/span><\/p>\n<p align=\"justify\"><span style=\"color: #000000;\"><span style=\"font-family: Book Antiqua, serif;\"><span style=\"font-size: large;\">Chc\u0119 za\u015b wszystko to czyni\u0107 w duchu s\u0142\u00f3w Aposto\u0142a Paw\u0142a z dzisiejszego drugiego czytania: <i><b>Czy jecie, czy pijecie, czy cokolwiek innego czynicie, wszystko na chwa\u0142\u0119 Bo\u017c\u0105 czy\u0144cie. Nie b\u0105d\u017acie zgorszeniem ani dla \u017byd\u00f3w, ani dla Grek\u00f3w, ani dla Ko\u015bcio\u0142a Bo\u017cego, podobnie jak ja, kt\u00f3ry si\u0119 staram przypodoba\u0107 wszystkim, nie szukaj\u0105c w\u0142asnej korzy\u015bci, lecz dobra wielu, aby byli zbawieni. B\u0105d\u017acie na\u015bladowcami moimi, tak jak ja jestem na\u015bladowc\u0105 Chrystusa. <\/b><\/i><\/span><\/span><\/span><\/p>\n<p align=\"justify\"><span style=\"color: #000000;\"><span style=\"font-family: Book Antiqua, serif;\"><span style=\"font-size: large;\">Moi Drodzy, to bardzo wa\u017cne, aby\u015bmy pozostawali w sta\u0142ej osobistej \u0142\u0105czno\u015bci z Panem, a nie zwracali si\u0119 do Niego <b>dopiero i jedynie w\u00f3wczas,<\/b> kiedy jaka\u015b bieda \u2013 by tak rzec \u2013 przyci\u015bnie nas do \u015bciany. Je\u017celi na co dzie\u0144 b\u0119dziemy <i><b>na\u015bladowcami Chrystusa,<\/b><\/i> je\u017celi b\u0119dziemy z Nim <b>w sta\u0142ym kontakcie, <\/b>je\u017celi b\u0119dziemy z Nim budowali mocn\u0105 duchow\u0105 wi\u0119\u017a; je\u017celi wszystko b\u0119dziemy czynili <b>z my\u015bl\u0105 o Nim i na Jego chwa\u0142\u0119, <\/b>w\u00f3wczas inny wymiar zyska ka\u017cda nasza pro\u015bba, skierowana do Niego. <\/span><\/span><\/span><\/p>\n<p align=\"justify\"><span style=\"color: #000000;\"><span style=\"font-family: Book Antiqua, serif;\"><span style=\"font-size: large;\">Bo nie b\u0119dzie jakim\u015b zestawem \u017cycze\u0144, wypowiedzianych <b>przez rozkapryszonego klienta,<\/b> kt\u00f3remu obs\u0142uga sklepu ma wszystko po\u0142o\u017cy\u0107 na ladzie, dbaj\u0105c za wszelk\u0105 cen\u0119 o jego zadowolenie. Je\u017celi b\u0119dziemy pozostawali z Jezusem w sta\u0142ej \u0142\u0105czno\u015bci, to coraz lepiej b\u0119dziemy <b>rozumieli spos\u00f3b Jego dzia\u0142ania. <\/b>I przekonamy si\u0119, \u017ce to, co i jak, i kiedy daje cz\u0142owiekowi \u2013 zale\u017cy naprawd\u0119 od korzy\u015bci, jakie to przyniesie <b>dla wiecznego zbawienia cz\u0142owieka,<\/b> a nie b\u0119dzie tylko spe\u0142nianiem chwilowych i zmiennych zachcianek. <\/span><\/span><\/span><\/p>\n<p align=\"justify\"><span style=\"color: #000000;\"><span style=\"font-family: Book Antiqua, serif;\"><span style=\"font-size: large;\">\u017beby to jednak coraz bardziej rozumie\u0107 \u2013 a dzi\u0119ki temu coraz \u0142atwiej i ch\u0119tniej wypowiada\u0107 do Jezusa: <b>PANIE, JE\u015aLI CHCESZ,<\/b> zdaj\u0105c si\u0119 przy tym na Jego wol\u0119 \u2013 trzeba po prostu by\u0107 z Nim w sta\u0142ej duchowej \u0142\u0105czno\u015bci, <b>w prawdziwej jedno\u015bci.<\/b> Wtedy coraz bardziej b\u0119dziemy my\u015ble\u0107 i widzie\u0107 wszystko<b> tak, jak my\u015bli i widzi Jezus.<\/b> Nie da si\u0119 tego osi\u0105gn\u0105\u0107, je\u017celi o Jezusie przypominamy sobie jedynie w\u00f3wczas, kiedy czego\u015b nam potrzeba i chcemy to od Niego <b>natychmiast<\/b> <b>wyprosi\u0107<\/b> \u2013 \u017ceby nie powiedzie\u0107: <b>wymusi\u0107. <\/b><\/span><\/span><\/span><\/p>\n<p align=\"justify\"><span style=\"color: #000000;\"><span style=\"font-family: Book Antiqua, serif;\"><span style=\"font-size: large;\">Dlatego, moi Drodzy, spr\u00f3bujmy od dzisiaj ka\u017cd\u0105 nasz\u0105 pro\u015bb\u0119, jak\u0105 kierowa\u0107 b\u0119dziemy do Jezusa, zaczyna\u0107 od tych s\u0142\u00f3w: <b>PANIE, JE\u015aLI CHCESZ\u2026 <\/b>Ja Ci\u0119 serdecznie prosz\u0119, bardzo mi na tym, czy na tamtym zale\u017cy, jest mi to potrzebne, dlatego usilnie, naprawd\u0119 usilnie Ci\u0119 o to prosz\u0119, ale <b>Ty \u2013 je\u015bli chcesz\u2026<\/b> Je\u015bli chcesz \u2013 mo\u017cesz mi tego udzieli\u0107. Ale je\u015bli uznasz, \u017ce w tej chwili nie jest mi to potrzebne, to <b>zr\u00f3b tak, jak Ty chcesz.<\/b><\/span><\/span><\/span><\/p>\n<p align=\"justify\"><span style=\"color: #000000;\"><span style=\"font-family: Book Antiqua, serif;\"><span style=\"font-size: large;\">Czy sta\u0107 nas na odwag\u0119, by tak si\u0119 za ka\u017cdym razem modli\u0107?\u2026 Przyznaj\u0119, \u017ce osobi\u015bcie tak w\u0142a\u015bnie pr\u00f3buj\u0119, ale <b>naprawd\u0119 nie jest \u0142atwo.<\/b> Bo chcia\u0142oby si\u0119 wyra\u017anie przedstawi\u0107 Panu sw\u00f3j w\u0142asny spos\u00f3b na rozwi\u0105zanie problemu i list\u0119 pr\u00f3\u015bb, kt\u00f3re powinien jak najszybciej spe\u0142ni\u0107. <\/span><\/span><\/span><\/p>\n<p align=\"justify\"><span style=\"color: #000000;\"><span style=\"font-family: Book Antiqua, serif;\"><span style=\"font-size: large;\">W tym kontek\u015bcie, powiedzenie: <b>PANIE, JE\u015aLI CHCESZ\u2026,<\/b> jest swoistym zatrzymaniem si\u0119, chwil\u0105 g\u0142\u0119bszego oddechu, aby nie zap\u0119dzi\u0107 si\u0119 w przekonaniu <b>o swojej w\u0142asnej zaradno\u015bci i nieomylno\u015bci! <\/b>Przecie\u017c to On wie najlepiej, co jest mi w tej chwili naprawd\u0119 najbardziej potrzebne \u2013 i najbardziej korzystne! <b>On to wie<\/b> \u2013 ja tego nie wiem, chocia\u017c wydaje mi si\u0119, \u017ce wiem. <\/span><\/span><\/span><\/p>\n<p align=\"justify\"><span style=\"color: #000000;\"><span style=\"font-family: Book Antiqua, serif;\"><span style=\"font-size: large;\">Dlatego prze\u0142amuj\u0119 si\u0119 wewn\u0119trznie, by z ca\u0142ego serca powiedzie\u0107: Panie, ja Ci\u0119 szczerze, serdecznie i usilnie o to, czy o tamto, prosz\u0119. Ale <b>Ty<\/b> \u2013 <b>daj mi to \u2013 je\u015bli chcesz\u2026 <\/b><\/span><\/span><\/span><\/p>\n","protected":false},"excerpt":{"rendered":"<p>Niech b\u0119dzie pochwalony Jezus Chrystus! Moi Drodzy, w dniu dzisiejszym urodziny prze\u017cywa Aneta Gmitrzak, w\u0142\u0105czaj\u0105ca si\u0119 przez pewien czas w dzia\u0142alno\u015b\u0107 m\u0142odzie\u017cowych Wsp\u00f3lnot. \u017bycz\u0119 wszelkiego Bo\u017cego b\u0142ogos\u0142awie\u0144stwa i o nie b\u0119d\u0119 si\u0119 dla Niej modli\u0142. Moi Drodzy, dzisiaj w Parafii \u015awi\u0119tej Teresy od Dzieci\u0105tka Jezus w Otwocku \u2013 \u015awidrze ochrzcz\u0119 male\u0144k\u0105 Zosi\u0119 Olender, C\u00f3rk\u0119 Szymona [&hellip;]<\/p>\n","protected":false},"author":1,"featured_media":0,"comment_status":"open","ping_status":"open","sticky":false,"template":"","format":"standard","meta":{"jetpack_post_was_ever_published":false,"_jetpack_newsletter_access":"","_jetpack_dont_email_post_to_subs":false,"_jetpack_newsletter_tier_id":0,"_jetpack_memberships_contains_paywalled_content":false,"_jetpack_memberships_contains_paid_content":false,"footnotes":""},"categories":[1],"tags":[],"class_list":["post-18541","post","type-post","status-publish","format-standard","hentry","category-bez-kategorii"],"yoast_head":"<!-- This site is optimized with the Yoast SEO plugin v25.1 - https:\/\/yoast.com\/wordpress\/plugins\/seo\/ -->\n<title>Panie, je\u015bli chcesz... - Gaudium Et Spes<\/title>\n<meta name=\"robots\" content=\"index, follow, max-snippet:-1, max-image-preview:large, max-video-preview:-1\" \/>\n<link rel=\"canonical\" href=\"https:\/\/gaudiumetspes-blog.pl\/index.php\/2021\/02\/14\/panie-jesli-chcesz-2\/\" \/>\n<meta property=\"og:locale\" content=\"pl_PL\" \/>\n<meta property=\"og:type\" content=\"article\" \/>\n<meta property=\"og:title\" content=\"Panie, je\u015bli chcesz... - Gaudium Et Spes\" \/>\n<meta property=\"og:description\" content=\"Niech b\u0119dzie pochwalony Jezus Chrystus! Moi Drodzy, w dniu dzisiejszym urodziny prze\u017cywa Aneta Gmitrzak, w\u0142\u0105czaj\u0105ca si\u0119 przez pewien czas w dzia\u0142alno\u015b\u0107 m\u0142odzie\u017cowych Wsp\u00f3lnot. \u017bycz\u0119 wszelkiego Bo\u017cego b\u0142ogos\u0142awie\u0144stwa i o nie b\u0119d\u0119 si\u0119 dla Niej modli\u0142. Moi Drodzy, dzisiaj w Parafii \u015awi\u0119tej Teresy od Dzieci\u0105tka Jezus w Otwocku \u2013 \u015awidrze ochrzcz\u0119 male\u0144k\u0105 Zosi\u0119 Olender, C\u00f3rk\u0119 Szymona [&hellip;]\" \/>\n<meta property=\"og:url\" content=\"https:\/\/gaudiumetspes-blog.pl\/index.php\/2021\/02\/14\/panie-jesli-chcesz-2\/\" \/>\n<meta property=\"og:site_name\" content=\"Gaudium Et Spes\" \/>\n<meta property=\"article:published_time\" content=\"2021-02-14T06:42:05+00:00\" \/>\n<meta property=\"article:modified_time\" content=\"2021-02-15T17:11:27+00:00\" \/>\n<meta name=\"author\" content=\"Ks. Jacek\" \/>\n<meta name=\"twitter:card\" content=\"summary_large_image\" \/>\n<meta name=\"twitter:label1\" content=\"Napisane przez\" \/>\n\t<meta name=\"twitter:data1\" content=\"Ks. Jacek\" \/>\n\t<meta name=\"twitter:label2\" content=\"Szacowany czas czytania\" \/>\n\t<meta name=\"twitter:data2\" content=\"12 minut\" \/>\n<script type=\"application\/ld+json\" class=\"yoast-schema-graph\">{\"@context\":\"https:\/\/schema.org\",\"@graph\":[{\"@type\":\"WebPage\",\"@id\":\"https:\/\/gaudiumetspes-blog.pl\/index.php\/2021\/02\/14\/panie-jesli-chcesz-2\/\",\"url\":\"https:\/\/gaudiumetspes-blog.pl\/index.php\/2021\/02\/14\/panie-jesli-chcesz-2\/\",\"name\":\"Panie, je\u015bli chcesz... - Gaudium Et Spes\",\"isPartOf\":{\"@id\":\"https:\/\/gaudiumetspes-blog.pl\/#website\"},\"datePublished\":\"2021-02-14T06:42:05+00:00\",\"dateModified\":\"2021-02-15T17:11:27+00:00\",\"author\":{\"@id\":\"https:\/\/gaudiumetspes-blog.pl\/#\/schema\/person\/1661982992b752dea8dff0d4ed845a65\"},\"breadcrumb\":{\"@id\":\"https:\/\/gaudiumetspes-blog.pl\/index.php\/2021\/02\/14\/panie-jesli-chcesz-2\/#breadcrumb\"},\"inLanguage\":\"pl-PL\",\"potentialAction\":[{\"@type\":\"ReadAction\",\"target\":[\"https:\/\/gaudiumetspes-blog.pl\/index.php\/2021\/02\/14\/panie-jesli-chcesz-2\/\"]}]},{\"@type\":\"BreadcrumbList\",\"@id\":\"https:\/\/gaudiumetspes-blog.pl\/index.php\/2021\/02\/14\/panie-jesli-chcesz-2\/#breadcrumb\",\"itemListElement\":[{\"@type\":\"ListItem\",\"position\":1,\"name\":\"Strona g\u0142\u00f3wna\",\"item\":\"https:\/\/gaudiumetspes-blog.pl\/\"},{\"@type\":\"ListItem\",\"position\":2,\"name\":\"Panie, je\u015bli chcesz&#8230;\"}]},{\"@type\":\"WebSite\",\"@id\":\"https:\/\/gaudiumetspes-blog.pl\/#website\",\"url\":\"https:\/\/gaudiumetspes-blog.pl\/\",\"name\":\"Gaudium Et Spes\",\"description\":\"Blog Ks. Jacka Ja\u015bkowskiego\",\"potentialAction\":[{\"@type\":\"SearchAction\",\"target\":{\"@type\":\"EntryPoint\",\"urlTemplate\":\"https:\/\/gaudiumetspes-blog.pl\/?s={search_term_string}\"},\"query-input\":{\"@type\":\"PropertyValueSpecification\",\"valueRequired\":true,\"valueName\":\"search_term_string\"}}],\"inLanguage\":\"pl-PL\"},{\"@type\":\"Person\",\"@id\":\"https:\/\/gaudiumetspes-blog.pl\/#\/schema\/person\/1661982992b752dea8dff0d4ed845a65\",\"name\":\"Ks. Jacek\",\"image\":{\"@type\":\"ImageObject\",\"inLanguage\":\"pl-PL\",\"@id\":\"https:\/\/gaudiumetspes-blog.pl\/#\/schema\/person\/image\/\",\"url\":\"https:\/\/gaudiumetspes-blog.pl\/wp-content\/uploads\/2019\/07\/avatar-JJ-150x150.jpg\",\"contentUrl\":\"https:\/\/gaudiumetspes-blog.pl\/wp-content\/uploads\/2019\/07\/avatar-JJ-150x150.jpg\",\"caption\":\"Ks. Jacek\"},\"description\":\"Witam serdecznie! K\u0142ania si\u0119 Ks. Jacek Ja\u015bkowski. Nie jestem ani kim\u015b wa\u017cnym, ani kim\u015b znanym. Jestem ksi\u0119dzem, kt\u00f3ry po prostu chce rozmawia\u0107. Codzienna kap\u0142a\u0144ska pos\u0142uga pokazuje mi, \u017ce temat\u00f3w do rozm\u00f3w z ksi\u0119dzem jest coraz wi\u0119cej i dzisiaj \u017caden ksi\u0105dz nie mo\u017ce od nich ucieka\u0107, ale - wprost przeciwnie - podejmowa\u0107 nowe wyzwania. To przekonanie sk\u0142oni\u0142o mnie do pr\u00f3by otwarcia tego\u017c bloga, chocia\u017c okazji do rozm\u00f3w na co dzie\u0144 - w konfesjonale i poza nim - na szcz\u0119\u015bcie nie brakuje. My\u015bl\u0119 jednak, \u017ce ten blog b\u0119dzie jeszcze jednym sposobem i przestrzeni\u0105 nawi\u0105zania kontaktu z lud\u017ami dobrej woli, otwartymi na dialog.\",\"url\":\"https:\/\/gaudiumetspes-blog.pl\/index.php\/author\/ks-jacek\/\"}]}<\/script>\n<!-- \/ Yoast SEO plugin. -->","yoast_head_json":{"title":"Panie, je\u015bli chcesz... - Gaudium Et Spes","robots":{"index":"index","follow":"follow","max-snippet":"max-snippet:-1","max-image-preview":"max-image-preview:large","max-video-preview":"max-video-preview:-1"},"canonical":"https:\/\/gaudiumetspes-blog.pl\/index.php\/2021\/02\/14\/panie-jesli-chcesz-2\/","og_locale":"pl_PL","og_type":"article","og_title":"Panie, je\u015bli chcesz... - Gaudium Et Spes","og_description":"Niech b\u0119dzie pochwalony Jezus Chrystus! Moi Drodzy, w dniu dzisiejszym urodziny prze\u017cywa Aneta Gmitrzak, w\u0142\u0105czaj\u0105ca si\u0119 przez pewien czas w dzia\u0142alno\u015b\u0107 m\u0142odzie\u017cowych Wsp\u00f3lnot. \u017bycz\u0119 wszelkiego Bo\u017cego b\u0142ogos\u0142awie\u0144stwa i o nie b\u0119d\u0119 si\u0119 dla Niej modli\u0142. Moi Drodzy, dzisiaj w Parafii \u015awi\u0119tej Teresy od Dzieci\u0105tka Jezus w Otwocku \u2013 \u015awidrze ochrzcz\u0119 male\u0144k\u0105 Zosi\u0119 Olender, C\u00f3rk\u0119 Szymona [&hellip;]","og_url":"https:\/\/gaudiumetspes-blog.pl\/index.php\/2021\/02\/14\/panie-jesli-chcesz-2\/","og_site_name":"Gaudium Et Spes","article_published_time":"2021-02-14T06:42:05+00:00","article_modified_time":"2021-02-15T17:11:27+00:00","author":"Ks. Jacek","twitter_card":"summary_large_image","twitter_misc":{"Napisane przez":"Ks. Jacek","Szacowany czas czytania":"12 minut"},"schema":{"@context":"https:\/\/schema.org","@graph":[{"@type":"WebPage","@id":"https:\/\/gaudiumetspes-blog.pl\/index.php\/2021\/02\/14\/panie-jesli-chcesz-2\/","url":"https:\/\/gaudiumetspes-blog.pl\/index.php\/2021\/02\/14\/panie-jesli-chcesz-2\/","name":"Panie, je\u015bli chcesz... - Gaudium Et Spes","isPartOf":{"@id":"https:\/\/gaudiumetspes-blog.pl\/#website"},"datePublished":"2021-02-14T06:42:05+00:00","dateModified":"2021-02-15T17:11:27+00:00","author":{"@id":"https:\/\/gaudiumetspes-blog.pl\/#\/schema\/person\/1661982992b752dea8dff0d4ed845a65"},"breadcrumb":{"@id":"https:\/\/gaudiumetspes-blog.pl\/index.php\/2021\/02\/14\/panie-jesli-chcesz-2\/#breadcrumb"},"inLanguage":"pl-PL","potentialAction":[{"@type":"ReadAction","target":["https:\/\/gaudiumetspes-blog.pl\/index.php\/2021\/02\/14\/panie-jesli-chcesz-2\/"]}]},{"@type":"BreadcrumbList","@id":"https:\/\/gaudiumetspes-blog.pl\/index.php\/2021\/02\/14\/panie-jesli-chcesz-2\/#breadcrumb","itemListElement":[{"@type":"ListItem","position":1,"name":"Strona g\u0142\u00f3wna","item":"https:\/\/gaudiumetspes-blog.pl\/"},{"@type":"ListItem","position":2,"name":"Panie, je\u015bli chcesz&#8230;"}]},{"@type":"WebSite","@id":"https:\/\/gaudiumetspes-blog.pl\/#website","url":"https:\/\/gaudiumetspes-blog.pl\/","name":"Gaudium Et Spes","description":"Blog Ks. Jacka Ja\u015bkowskiego","potentialAction":[{"@type":"SearchAction","target":{"@type":"EntryPoint","urlTemplate":"https:\/\/gaudiumetspes-blog.pl\/?s={search_term_string}"},"query-input":{"@type":"PropertyValueSpecification","valueRequired":true,"valueName":"search_term_string"}}],"inLanguage":"pl-PL"},{"@type":"Person","@id":"https:\/\/gaudiumetspes-blog.pl\/#\/schema\/person\/1661982992b752dea8dff0d4ed845a65","name":"Ks. Jacek","image":{"@type":"ImageObject","inLanguage":"pl-PL","@id":"https:\/\/gaudiumetspes-blog.pl\/#\/schema\/person\/image\/","url":"https:\/\/gaudiumetspes-blog.pl\/wp-content\/uploads\/2019\/07\/avatar-JJ-150x150.jpg","contentUrl":"https:\/\/gaudiumetspes-blog.pl\/wp-content\/uploads\/2019\/07\/avatar-JJ-150x150.jpg","caption":"Ks. Jacek"},"description":"Witam serdecznie! K\u0142ania si\u0119 Ks. Jacek Ja\u015bkowski. Nie jestem ani kim\u015b wa\u017cnym, ani kim\u015b znanym. Jestem ksi\u0119dzem, kt\u00f3ry po prostu chce rozmawia\u0107. Codzienna kap\u0142a\u0144ska pos\u0142uga pokazuje mi, \u017ce temat\u00f3w do rozm\u00f3w z ksi\u0119dzem jest coraz wi\u0119cej i dzisiaj \u017caden ksi\u0105dz nie mo\u017ce od nich ucieka\u0107, ale - wprost przeciwnie - podejmowa\u0107 nowe wyzwania. To przekonanie sk\u0142oni\u0142o mnie do pr\u00f3by otwarcia tego\u017c bloga, chocia\u017c okazji do rozm\u00f3w na co dzie\u0144 - w konfesjonale i poza nim - na szcz\u0119\u015bcie nie brakuje. My\u015bl\u0119 jednak, \u017ce ten blog b\u0119dzie jeszcze jednym sposobem i przestrzeni\u0105 nawi\u0105zania kontaktu z lud\u017ami dobrej woli, otwartymi na dialog.","url":"https:\/\/gaudiumetspes-blog.pl\/index.php\/author\/ks-jacek\/"}]}},"jetpack_featured_media_url":"","jetpack_sharing_enabled":true,"_links":{"self":[{"href":"https:\/\/gaudiumetspes-blog.pl\/index.php\/wp-json\/wp\/v2\/posts\/18541","targetHints":{"allow":["GET"]}}],"collection":[{"href":"https:\/\/gaudiumetspes-blog.pl\/index.php\/wp-json\/wp\/v2\/posts"}],"about":[{"href":"https:\/\/gaudiumetspes-blog.pl\/index.php\/wp-json\/wp\/v2\/types\/post"}],"author":[{"embeddable":true,"href":"https:\/\/gaudiumetspes-blog.pl\/index.php\/wp-json\/wp\/v2\/users\/1"}],"replies":[{"embeddable":true,"href":"https:\/\/gaudiumetspes-blog.pl\/index.php\/wp-json\/wp\/v2\/comments?post=18541"}],"version-history":[{"count":2,"href":"https:\/\/gaudiumetspes-blog.pl\/index.php\/wp-json\/wp\/v2\/posts\/18541\/revisions"}],"predecessor-version":[{"id":18547,"href":"https:\/\/gaudiumetspes-blog.pl\/index.php\/wp-json\/wp\/v2\/posts\/18541\/revisions\/18547"}],"wp:attachment":[{"href":"https:\/\/gaudiumetspes-blog.pl\/index.php\/wp-json\/wp\/v2\/media?parent=18541"}],"wp:term":[{"taxonomy":"category","embeddable":true,"href":"https:\/\/gaudiumetspes-blog.pl\/index.php\/wp-json\/wp\/v2\/categories?post=18541"},{"taxonomy":"post_tag","embeddable":true,"href":"https:\/\/gaudiumetspes-blog.pl\/index.php\/wp-json\/wp\/v2\/tags?post=18541"}],"curies":[{"name":"wp","href":"https:\/\/api.w.org\/{rel}","templated":true}]}}