{"id":18545,"date":"2021-02-16T05:38:47","date_gmt":"2021-02-16T04:38:47","guid":{"rendered":"https:\/\/gaudiumetspes-blog.pl\/?p=18545"},"modified":"2021-02-15T17:55:14","modified_gmt":"2021-02-15T16:55:14","slug":"czy-bog-mogl-sie-pomylic","status":"publish","type":"post","link":"https:\/\/gaudiumetspes-blog.pl\/index.php\/2021\/02\/16\/czy-bog-mogl-sie-pomylic\/","title":{"rendered":"Czy B\u00f3g m\u00f3g\u0142 si\u0119 pomyli\u0107?&#8230;"},"content":{"rendered":"<p align=\"justify\"><span style=\"color: #000000;\"><span style=\"font-family: Book Antiqua, serif;\"><span style=\"font-size: large;\">Szcz\u0119\u015b\u0107 Bo\u017ce! Moi Drodzy, dzisiaj ostatni dzie\u0144 Okresu Zwyk\u0142ego w liturgii Ko\u015bcio\u0142a \u2013 pierwszej cz\u0119\u015bci tego Okresu. Powr\u00f3ci on za kilkadziesi\u0105t dni, a tymczasem ju\u017c jutro \u2013 Wielki Post. I oto dzisiaj, na granicy tych dw\u00f3ch Okres\u00f3w liturgicznych, otrzymujemy naprawd\u0119 mocne przes\u0142anie w Bo\u017cym s\u0142owie.<\/span><\/span><\/span><\/p>\n<p align=\"justify\"><span style=\"color: #000000;\"><span style=\"font-family: Book Antiqua, serif;\"><span style=\"font-size: large;\">Pochylmy si\u0119 zatem nad tym, co Pan do nas dzisiaj m\u00f3wi. <b>Odkryjmy, co m\u00f3wi do mnie osobi\u015bcie, indywidualnie.<\/b> Niech Duch \u015awi\u0119ty w tym pomo\u017ce!<\/span><\/span><\/span><\/p>\n<p align=\"justify\"><span style=\"color: #000000;\"><span style=\"font-family: Book Antiqua, serif;\"><span style=\"font-size: large;\"><b>Niech Was b\u0142ogos\u0142awi B\u00f3g Wszechmog\u0105cy: Ojciec + i Syn, i Duch \u015awi\u0119ty. Amen<\/b><\/span><\/span><\/span><\/p>\n<p align=\"center\"><span style=\"color: #000000;\"><span style=\"font-family: Book Antiqua, serif;\"><span style=\"font-size: large;\">Gaudium et spes! Ks. Jacek<\/span><\/span><\/span><\/p>\n<p align=\"center\">\n<p align=\"center\">\n<p align=\"center\">\n<p align=\"center\">\n<p align=\"center\">\n<p align=\"justify\"><span style=\"color: #000000;\"><span style=\"font-family: Book Antiqua, serif;\"><span style=\"font-size: large;\"><b>Wtorek 6 Tygodnia zwyk\u0142ego, rok I,<\/b><\/span><\/span><\/span><\/p>\n<p align=\"justify\"><span style=\"color: #000000;\"><span style=\"font-family: Book Antiqua, serif;\"><span style=\"font-size: large;\"><b>16 lutego 2021.,<\/b><\/span><\/span><\/span><\/p>\n<p align=\"justify\"><span style=\"color: #000000;\"><span style=\"font-family: Book Antiqua, serif;\"><span style=\"font-size: large;\"><b>do czyta\u0144: Rdz 6,5\u20138;7,1\u20135.10; Mk 8,14\u201321<\/b><\/span><\/span><\/span><\/p>\n<p align=\"justify\">\n<p align=\"justify\">\n<p align=\"justify\">\n<p align=\"justify\">\n<p align=\"justify\">\n<p align=\"justify\"><span style=\"color: #000000;\"><span style=\"font-family: Book Antiqua, serif;\"><span style=\"font-size: large;\"><b>CZYTANIE Z KSI\u0118GI RODZAJU:<\/b><\/span><\/span><\/span><\/p>\n<p align=\"justify\"><span style=\"color: #000000;\"><span style=\"font-family: Book Antiqua, serif;\"><span style=\"font-size: large;\"><b>Kiedy Pan B\u00f3g widzia\u0142, \u017ce wielka jest niegodziwo\u015b\u0107 ludzi na ziemi i \u017ce usposobienie ich jest wci\u0105\u017c z\u0142e, \u017ca\u0142owa\u0142, \u017ce stworzy\u0142 ludzi na ziemi, i zasmuci\u0142 si\u0119. Wreszcie Pan rzek\u0142: \u201eZg\u0142adz\u0119 ludzi, kt\u00f3rych stworzy\u0142em, z powierzchni ziemi: ludzi, zwierz\u0119ta, gady i p\u0142azy, i ptaki powietrzne, bo \u017cal Mi, \u017ce ich stworzy\u0142em\u201d.<\/b><\/span><\/span><\/span><\/p>\n<p align=\"justify\"><span style=\"color: #000000;\"><span style=\"font-family: Book Antiqua, serif;\"><span style=\"font-size: large;\"><b>Tylko Noe znalaz\u0142 upodobanie w oczach Boga.<\/b><\/span><\/span><\/span><\/p>\n<p align=\"justify\"><span style=\"color: #000000;\"><span style=\"font-family: Book Antiqua, serif;\"><span style=\"font-size: large;\"><b>A potem Pan rzek\u0142 do Noego: \u201eWejd\u017a wraz z ca\u0142\u0105 tw\u0105 rodzin\u0105 do arki, bo przekona\u0142em si\u0119, \u017ce tylko ty jeste\u015b wobec Mnie prawy w\u015br\u00f3d tego pokolenia. Z wszelkich zwierz\u0105t czystych we\u017a z sob\u0105 siedem samc\u00f3w i siedem samic, ze zwierz\u0105t za\u015b nieczystych po jednej parze: samca i samic\u0119; r\u00f3wnie\u017c i z ptactwa po siedem samc\u00f3w i po siedem samic, aby w ten spos\u00f3b zachowa\u0107 ich potomstwo dla ca\u0142ej ziemi. Bo za siedem dni spuszcz\u0119 na ziemi\u0119 deszcz, kt\u00f3ry b\u0119dzie pada\u0142 czterdzie\u015bci dni i czterdzie\u015bci nocy, aby wyniszczy\u0107 wszystko, co istnieje na powierzchni ziemi, cokolwiek stworzy\u0142em\u201d.<\/b><\/span><\/span><\/span><\/p>\n<p align=\"justify\"><span style=\"color: #000000;\"><span style=\"font-family: Book Antiqua, serif;\"><span style=\"font-size: large;\"><b>I spe\u0142ni\u0142 Noe wszystko tak, jak mu Pan poleci\u0142. A gdy up\u0142yn\u0119\u0142o siedem dni, wody potopu spad\u0142y na ziemi\u0119.<\/b><\/span><\/span><\/span><\/p>\n<p align=\"justify\">\n<p align=\"justify\">\n<p align=\"justify\">\n<p align=\"justify\">\n<p align=\"justify\">\n<p align=\"justify\"><span style=\"color: #000000;\"><span style=\"font-family: Book Antiqua, serif;\"><span style=\"font-size: large;\"><b>S\u0141OWA EWANGELII WED\u0141UG \u015aWI\u0118TEGO MARKA:<\/b><\/span><\/span><\/span><\/p>\n<p align=\"justify\"><span style=\"color: #000000;\"><span style=\"font-family: Book Antiqua, serif;\"><span style=\"font-size: large;\"><b>Uczniowie Jezusa zapomnieli wzi\u0105\u0107 chleb\u00f3w i tylko jeden chleb mieli ze sob\u0105 w \u0142odzi. Wtedy Jezus im przykaza\u0142: \u201eUwa\u017cajcie, strze\u017ccie si\u0119 kwasu faryzeusz\u00f3w i kwasu Heroda\u201d.<\/b><\/span><\/span><\/span><\/p>\n<p align=\"justify\"><span style=\"color: #000000;\"><span style=\"font-family: Book Antiqua, serif;\"><span style=\"font-size: large;\"><b>Oni zacz\u0119li rozprawia\u0107 mi\u0119dzy sob\u0105 o tym, \u017ce nie maj\u0105 chleba.<\/b><\/span><\/span><\/span><\/p>\n<p align=\"justify\"><span style=\"color: #000000;\"><span style=\"font-family: Book Antiqua, serif;\"><span style=\"font-size: large;\"><b>Jezus zauwa\u017cy\u0142 to i rzek\u0142 im: \u201eCzemu rozprawiacie o tym, \u017ce nie macie chleba? Jeszcze nie pojmujecie i nie rozumiecie, tak ot\u0119pia\u0142y macie umys\u0142? Macie oczy, a nie widzicie: macie uszy, a nie s\u0142yszycie? Nie pami\u0119tacie, ile zebrali\u015bcie kosz\u00f3w pe\u0142nych u\u0142omk\u00f3w, kiedy po\u0142ama\u0142em pi\u0119\u0107 chleb\u00f3w dla pi\u0119ciu tysi\u0119cy?\u201d <\/b><\/span><\/span><\/span><\/p>\n<p align=\"justify\"><span style=\"color: #000000;\"><span style=\"font-family: Book Antiqua, serif;\"><span style=\"font-size: large;\"><b>Odpowiedzieli Mu: \u201eDwana\u015bcie\u201d.<\/b><\/span><\/span><\/span><\/p>\n<p align=\"justify\"><span style=\"color: #000000;\">\u201e<span style=\"font-family: Book Antiqua, serif;\"><span style=\"font-size: large;\"><b>A kiedy po\u0142ama\u0142em siedem chleb\u00f3w dla czterech tysi\u0119cy, ile zebrali\u015bcie kosz\u00f3w pe\u0142nych u\u0142omk\u00f3w?\u201d <\/b><\/span><\/span><\/span><\/p>\n<p align=\"justify\"><span style=\"color: #000000;\"><span style=\"font-family: Book Antiqua, serif;\"><span style=\"font-size: large;\"><b>Odpowiedzieli: \u201eSiedem\u201d. <\/b><\/span><\/span><\/span><\/p>\n<p align=\"justify\"><span style=\"color: #000000;\"><span style=\"font-family: Book Antiqua, serif;\"><span style=\"font-size: large;\"><b>I rzek\u0142 im: \u201eJeszcze nie rozumiecie?\u201d<\/b><\/span><\/span><\/span><\/p>\n<p align=\"justify\">\n<p align=\"justify\">\n<p align=\"justify\">\n<p align=\"justify\">\n<p align=\"justify\">\n<p align=\"justify\"><span style=\"color: #000000;\"><span style=\"font-family: Book Antiqua, serif;\"><span style=\"font-size: large;\">Czy\u017cby B\u00f3g m\u00f3g\u0142 si\u0119 <b>a\u017c tak bardzo pomyli\u0107,<\/b> \u017ce stworzywszy ca\u0142y, pi\u0119kny i harmonijny \u015bwiat, a w nim \u2013 cz\u0142owieka, koron\u0119 wszystkich stworze\u0144, istot\u0119 na obraz i podobie\u0144stwo swoje \u2013 teraz po\u017ca\u0142owa\u0142 tej decyzji? Niestety, takie dramatyczne s\u0142owa us\u0142yszeli\u015bmy dzisiaj: <i><b>Kiedy Pan B\u00f3g widzia\u0142, \u017ce wielka jest niegodziwo\u015b\u0107 ludzi na ziemi i \u017ce usposobienie ich jest wci\u0105\u017c z\u0142e, \u017ca\u0142owa\u0142, \u017ce stworzy\u0142 ludzi na ziemi, i zasmuci\u0142 si\u0119.<\/b><\/i><b> <\/b><\/span><\/span><\/span><\/p>\n<p align=\"justify\"><span style=\"color: #000000;\"><span style=\"font-family: Book Antiqua, serif;\"><span style=\"font-size: large;\">Pami\u0119tamy, \u017ce kiedy go stworzy\u0142, to ucieszy\u0142 si\u0119, a widz\u0105c, \u017ce ka\u017cde z kolejnych stworze\u0144 by\u0142o dobre, cz\u0142owieka uzna\u0142 za <b>dzie\u0142o bardzo dobre. <\/b>Wtedy ucieszy\u0142 si\u0119 jego pojawieniem \u2013 dzisiaj po\u017ca\u0142owa\u0142, \u017ce go stworzy\u0142\u2026 Przykre, bardzo przykre\u2026 I smutne\u2026 <\/span><\/span><\/span><\/p>\n<p align=\"justify\"><span style=\"color: #000000;\"><span style=\"font-family: Book Antiqua, serif;\"><span style=\"font-size: large;\">A jeszcze bardziej przykre i dramatyczne s\u0142owa pad\u0142y dalej: <i><b>Zg\u0142adz\u0119 ludzi, kt\u00f3rych stworzy\u0142em, z powierzchni ziemi: ludzi, zwierz\u0119ta, gady i p\u0142azy, i ptaki powietrzne, bo \u017cal Mi, \u017ce ich stworzy\u0142em. <\/b><\/i>S\u0142owo: <i><b>zg\u0142adz\u0119<\/b><\/i> \u2013 w oryginale ma naprawd\u0119 niezwykle mocne znaczenie, bo wyra\u017ca tyle, co: \u00abzetr\u0119\u00bb, \u00abca\u0142kowicie wyma\u017c\u0119\u00bb, \u00abzniszcz\u0119\u00bb. Chodzi zatem o <b>ca\u0142kowite unicestwienie! <\/b>Co\u015b strasznego! <\/span><\/span><\/span><\/p>\n<p align=\"justify\"><span style=\"color: #000000;\"><span style=\"font-family: Book Antiqua, serif;\"><span style=\"font-size: large;\">Zauwa\u017cmy jednak, \u017ce nie sta\u0142o si\u0119 tak do ko\u0144ca. B\u00f3g nie straci\u0142 ca\u0142kowicie w swych oczach obrazu pi\u0119kna swoich stworze\u0144, skoro <b>dostrzeg\u0142 cz\u0142owieka<\/b> \u2013 jednego, konkretnego cz\u0142owieka \u2013 kt\u00f3ry w ca\u0142ym tym zalewie z\u0142a <b>pozosta\u0142 Mu wierny<\/b> i dlatego <i><b>znalaz\u0142 upodobanie w oczach Boga.<\/b><\/i><b> <\/b>To Noe. <\/span><\/span><\/span><\/p>\n<p align=\"justify\"><span style=\"color: #000000;\"><span style=\"font-family: Book Antiqua, serif;\"><span style=\"font-size: large;\">Jego zatem B\u00f3g postanowi\u0142 ocali\u0107, dlatego poleci\u0142 mu: <i><b>Wejd\u017a wraz z ca\u0142\u0105 tw\u0105 rodzin\u0105 do arki, bo przekona\u0142em si\u0119, \u017ce tylko ty jeste\u015b wobec Mnie prawy w\u015br\u00f3d tego pokolenia. Z wszelkich zwierz\u0105t czystych we\u017a z sob\u0105 siedem samc\u00f3w i siedem samic, ze zwierz\u0105t za\u015b nieczystych<\/b><\/i><b> <\/b><i><b>po jednej parze: samca i samic\u0119; r\u00f3wnie\u017c i z ptactwa po siedem samc\u00f3w i po siedem samic, aby w ten spos\u00f3b zachowa\u0107 ich potomstwo dla ca\u0142ej ziemi.<\/b><\/i><b> <\/b><\/span><\/span><\/span><\/p>\n<p align=\"justify\"><span style=\"color: #000000;\"><span style=\"font-family: Book Antiqua, serif;\"><span style=\"font-size: large;\">Wiemy, \u017ce w Ksi\u0119dze Rodzaju znajduje si\u0119 jeszcze jeden opis tej rozmowy z Bogiem. Wed\u0142ug tego\u017c to opisu, Noe mia\u0142 zabra\u0107 <b>po parze ka\u017cdego gatunku. <\/b>Naturalnie, r\u00f3\u017cnica ta nie jest istotna, podobnie jak i to, w jaki spos\u00f3b zabra\u0142 do arki przedstawicieli <b>wszystkich gatunk\u00f3w stworze\u0144,<\/b> zar\u00f3wno tych olbrzymich, jak i tych o mikroskopijnej wielko\u015bci. <\/span><\/span><\/span><\/p>\n<p align=\"justify\"><span style=\"color: #000000;\"><span style=\"font-family: Book Antiqua, serif;\"><span style=\"font-size: large;\">Nie to jest tu istotne, nawet <b>sam opis potopu<\/b> \u2013 jego przebiegu, a wcze\u015bniej przygotowania do jego nadej\u015bcia, a nast\u0119pnie jego zako\u0144czenia \u2013 tak\u017ce <b>nie jest reporterskim zapisem,<\/b> dlatego zawiera w sobie wiele nie\u015bcis\u0142o\u015bci. Nie to jest jednak najwa\u017cniejsze. Sk\u0105din\u0105d wiemy, \u017ce Autor biblijny, opisuj\u0105c te kwestie, posi\u0142kowa\u0142 si\u0119 znanymi w\u00f3wczas w krajach o\u015bciennych i przekazywanymi z ust do ust, z pokolenia na pokolenie \u2013 <b>mitycznymi opowie\u015bciami, dotycz\u0105cymi potopu, <\/b>zalewaj\u0105cego ca\u0142\u0105 ziemi\u0119. <\/span><\/span><\/span><\/p>\n<p align=\"justify\"><span style=\"color: #000000;\"><span style=\"font-family: Book Antiqua, serif;\"><span style=\"font-size: large;\">O ile jednak tamte opowie\u015bci wskazywa\u0142y jako przyczyn\u0119 potopu <b>konflikty pomi\u0119dzy b\u00f3stwami,<\/b> albo pomi\u0119dzy b\u00f3stwami a lud\u017ami, o tyle w opisie biblijnym widzimy Boga, kt\u00f3ry \u2013 owszem \u2013 w spos\u00f3b surowy <b>reaguje na z\u0142o, <\/b>powszechnie czynione przez ludzi, ale jednak <b>nie wype\u0142nia gro\u017aby,<\/b> wypowiedzianej na pocz\u0105tku i nie g\u0142adzi cz\u0142owieka z powierzchni ziemi. Lituje si\u0119 nad nim, lituje si\u0119 nad stworzeniem, dlatego potop staje si\u0119 <b>znakiem oczyszczenia i odnowienia<\/b> ludzko\u015bci, a nie jej zniszczenia. <\/span><\/span><\/span><\/p>\n<p align=\"justify\"><span style=\"color: #000000;\"><span style=\"font-family: Book Antiqua, serif;\"><span style=\"font-size: large;\">I nie jest wyrazem <b>jakiego\u015b kaprysu Boga,<\/b> ale wyrazem Jego troski o \u015bwiat \u2013 o jego czysto\u015b\u0107, \u015bwi\u0119to\u015b\u0107, wolno\u015b\u0107 od z\u0142a. Owszem, m\u00f3wimy o bardzo surowym dzia\u0142aniu, m\u00f3wimy <b>o mocnym ge\u015bcie i bardzo twardym znaku<\/b> ze strony Boga, ale nie zapominajmy, \u017ce pos\u0142ugujemy si\u0119 tu pewnym obrazem, z kt\u00f3rego <b>nie wyprowadzamy wiedzy historycznej <\/b>o rozmiarach czy przebiegu potopu jako takiego, a jedynie bierzemy do serca prawd\u0119, \u017ce <b>B\u00f3g po prostu zainterweniowa\u0142<\/b> i mocno upomnia\u0142 ludzi, skarci\u0142 ich, sprowadzaj\u0105c z bezdro\u017cy grzechu na w\u0142a\u015bciw\u0105 drog\u0119. A przede wszystkim \u2013 <b>jednak ocali\u0142 ich <\/b>do totalnej zag\u0142ady\u2026 <b>Jednak ocali\u0142\u2026 <\/b><\/span><\/span><\/span><\/p>\n<p align=\"justify\"><span style=\"color: #000000;\"><span style=\"font-family: Book Antiqua, serif;\"><span style=\"font-size: large;\">Postrzegamy zatem ca\u0142e to wydarzenie <b>na p\u0142aszczy\u017anie duchowej,<\/b> w kontek\u015bcie wiecznego zbawienia, a nie zatrzymujemy uwagi na kwestiach historycznych, przyrodniczych, czy jakichkolwiek innych. <b>B\u00f3g ratuje cz\u0142owieka <\/b>przed wiecznym pot\u0119pieniem, ratuje go przed zapl\u0105taniem w grzech i przywi\u0105zaniem do tego, co ziemskie i doczesne. W\u0142a\u015bnie owo <b>ca\u0142kowite przykucie cz\u0142owieka<\/b> do spraw tej ziemi \u2013 i do siebie samego, z pomini\u0119ciem Boga \u2013 spowodowa\u0142o stan, o jakim us\u0142yszeli\u015bmy na pocz\u0105tku pierwszego czytania, \u017ce <b>B\u00f3g nie m\u00f3g\u0142 ju\u017c patrze\u0107 na swoje stworzenie\u2026 <\/b><\/span><\/span><\/span><\/p>\n<p align=\"justify\"><span style=\"color: #000000;\"><span style=\"font-family: Book Antiqua, serif;\"><span style=\"font-size: large;\">Niestety, Ewangelia dzisiejsza u\u015bwiadamia nam, \u017ce owo przywi\u0105zanie do spraw tej ziemi i <b>uwi\u0119zienie w czysto ludzkim schemacie my\u015blenia<\/b> \u2013 to nie by\u0142 tylko problem epoki Noego. Tak\u017ce bowiem Aposto\u0142owie \u201epopisali si\u0119\u201d dzisiaj czym\u015b takim. Przej\u0119ci tym, \u017ce zapomnieli zabra\u0107 chleba, w og\u00f3le nie zwr\u00f3cili uwagi na przestrog\u0119 Jezusa: <i><b>Uwa\u017cajcie, strze\u017ccie si\u0119 kwasu faryzeusz\u00f3w i kwasu Heroda.<\/b><\/i><b> <\/b>Ba, oni nawet nie zwr\u00f3cili uwag\u0119 <b>na samego Jezusa<\/b> \u2013 na Jego obecno\u015b\u0107 z nimi. Szybko zapomnieli, jak na ich oczach dwukrotnie rozmno\u017cy\u0142 chleb dla tylu tysi\u0119cy ludzi! <\/span><\/span><\/span><\/p>\n<p align=\"justify\"><span style=\"color: #000000;\"><span style=\"font-family: Book Antiqua, serif;\"><span style=\"font-size: large;\">I oto kiedy On przestrzega ich <b>przed zagro\u017ceniami duchowymi,<\/b> oni \u2013 jak gdyby nigdy nic \u2013 zamartwiaj\u0105 si\u0119, \u017ce nie maj\u0105 chleba! Czy\u017c Jezus nie wyratowa\u0142 ich ju\u017c z takiej opresji? \u017beby to jednak sobie u\u015bwiadomi\u0107, trzeba by\u0142o <b>oderwa\u0107 umys\u0142 i serce<\/b> od ciasnego, przyziemnego my\u015blenia i skoncentrowania jedynie na potrzebach doczesnych. O wiele wa\u017cniejsze by\u0142y sprawy duchowe \u2013 w tym przypadku: <b>zagro\u017cenie z\u0142em, p\u0142yn\u0105cym od Heroda i faryzeusz\u00f3w!<\/b> Tamtym, doczesnym problemem, Jezus sam got\u00f3w by\u0142 si\u0119 zaj\u0105\u0107 i go rozwi\u0105za\u0107, o ile oni sami <b>zadba<\/b><b>j\u0105<\/b><b> o sprawy duchowe,<\/b> unikaj\u0105c duchowych zagro\u017ce\u0144. <\/span><\/span><\/span><\/p>\n<p align=\"justify\"><span style=\"color: #000000;\"><span style=\"font-family: Book Antiqua, serif;\"><span style=\"font-size: large;\">Jak\u017ce wiele szkody p\u0142ynie st\u0105d, \u017ce cz\u0142owiek tak mocno <b>przywi\u0105zany jest do ziemi<\/b> i do swej doczesno\u015bci. Kiedy w og\u00f3le nie my\u015bli o sprawach duchowych, o swoim wiecznym zbawieniu. Zauwa\u017cmy, moi Drodzy, \u017ce w naszym codziennym zabieganiu <b>ten temat w\u0142a\u015bciwie chyba nie istnieje<\/b> w naszych refleksjach, rozmowach, w naszych planach i dzia\u0142aniach\u2026 Albo istnieje w jakim\u015b minimalnym wymiarze\u2026 <\/span><\/span><\/span><\/p>\n<p align=\"justify\"><span style=\"color: #000000;\"><span style=\"font-family: Book Antiqua, serif;\"><span style=\"font-size: large;\">Dlatego <b>oczyszczajmy swoje my\u015blenie,<\/b> oczyszczajmy swoje serce \u2013 jego intencje i motywacje. Nie czekajmy na to, \u017ce B\u00f3g b\u0119dzie musia\u0142 to uczyni\u0107 w spos\u00f3b radykalny \u2013 <b>sami dostrzegajmy <\/b>potrzeb\u0119 ci\u0105g\u0142ego powracania do Niego, o ile nasze drogi gdzie\u015b tam si\u0119 powykrzywiaj\u0105 i poprowadz\u0105 nas na manowce\u2026 <b>Odrywajmy nasze serca od ziemi,<\/b> nie dajmy si\u0119 do niej \u2013 i do spraw doczesnych, do tego ca\u0142ego ba\u0142aganu i zamieszania \u2013 niewolniczo przywi\u0105za\u0107. <\/span><\/span><\/span><\/p>\n<p align=\"justify\"><span style=\"color: #000000;\"><span style=\"font-family: Book Antiqua, serif;\"><span style=\"font-size: large;\">Pozosta\u0144my <b>wolni i czy\u015bci \u2013 przed Bogiem! <\/b>I z Jego pomoc\u0105. <b>Pragnijmy \u015bwi\u0119to\u015bci, <\/b>my\u015blmy o niej \u2013 i do niej wytrwale pod\u0105\u017cajmy\u2026 <\/span><\/span><\/span><\/p>\n","protected":false},"excerpt":{"rendered":"<p>Szcz\u0119\u015b\u0107 Bo\u017ce! Moi Drodzy, dzisiaj ostatni dzie\u0144 Okresu Zwyk\u0142ego w liturgii Ko\u015bcio\u0142a \u2013 pierwszej cz\u0119\u015bci tego Okresu. Powr\u00f3ci on za kilkadziesi\u0105t dni, a tymczasem ju\u017c jutro \u2013 Wielki Post. I oto dzisiaj, na granicy tych dw\u00f3ch Okres\u00f3w liturgicznych, otrzymujemy naprawd\u0119 mocne przes\u0142anie w Bo\u017cym s\u0142owie. Pochylmy si\u0119 zatem nad tym, co Pan do nas dzisiaj [&hellip;]<\/p>\n","protected":false},"author":1,"featured_media":0,"comment_status":"open","ping_status":"open","sticky":false,"template":"","format":"standard","meta":{"jetpack_post_was_ever_published":false,"_jetpack_newsletter_access":"","_jetpack_dont_email_post_to_subs":false,"_jetpack_newsletter_tier_id":0,"_jetpack_memberships_contains_paywalled_content":false,"_jetpack_memberships_contains_paid_content":false,"footnotes":""},"categories":[1],"tags":[],"class_list":["post-18545","post","type-post","status-publish","format-standard","hentry","category-bez-kategorii"],"yoast_head":"<!-- This site is optimized with the Yoast SEO plugin v25.1 - https:\/\/yoast.com\/wordpress\/plugins\/seo\/ -->\n<title>Czy B\u00f3g m\u00f3g\u0142 si\u0119 pomyli\u0107?... - Gaudium Et Spes<\/title>\n<meta name=\"robots\" content=\"index, follow, max-snippet:-1, max-image-preview:large, max-video-preview:-1\" \/>\n<link rel=\"canonical\" href=\"https:\/\/gaudiumetspes-blog.pl\/index.php\/2021\/02\/16\/czy-bog-mogl-sie-pomylic\/\" \/>\n<meta property=\"og:locale\" content=\"pl_PL\" \/>\n<meta property=\"og:type\" content=\"article\" \/>\n<meta property=\"og:title\" content=\"Czy B\u00f3g m\u00f3g\u0142 si\u0119 pomyli\u0107?... - Gaudium Et Spes\" \/>\n<meta property=\"og:description\" content=\"Szcz\u0119\u015b\u0107 Bo\u017ce! Moi Drodzy, dzisiaj ostatni dzie\u0144 Okresu Zwyk\u0142ego w liturgii Ko\u015bcio\u0142a \u2013 pierwszej cz\u0119\u015bci tego Okresu. Powr\u00f3ci on za kilkadziesi\u0105t dni, a tymczasem ju\u017c jutro \u2013 Wielki Post. I oto dzisiaj, na granicy tych dw\u00f3ch Okres\u00f3w liturgicznych, otrzymujemy naprawd\u0119 mocne przes\u0142anie w Bo\u017cym s\u0142owie. Pochylmy si\u0119 zatem nad tym, co Pan do nas dzisiaj [&hellip;]\" \/>\n<meta property=\"og:url\" content=\"https:\/\/gaudiumetspes-blog.pl\/index.php\/2021\/02\/16\/czy-bog-mogl-sie-pomylic\/\" \/>\n<meta property=\"og:site_name\" content=\"Gaudium Et Spes\" \/>\n<meta property=\"article:published_time\" content=\"2021-02-16T04:38:47+00:00\" \/>\n<meta name=\"author\" content=\"Ks. Jacek\" \/>\n<meta name=\"twitter:card\" content=\"summary_large_image\" \/>\n<meta name=\"twitter:label1\" content=\"Napisane przez\" \/>\n\t<meta name=\"twitter:data1\" content=\"Ks. Jacek\" \/>\n\t<meta name=\"twitter:label2\" content=\"Szacowany czas czytania\" \/>\n\t<meta name=\"twitter:data2\" content=\"8 minut\" \/>\n<script type=\"application\/ld+json\" class=\"yoast-schema-graph\">{\"@context\":\"https:\/\/schema.org\",\"@graph\":[{\"@type\":\"WebPage\",\"@id\":\"https:\/\/gaudiumetspes-blog.pl\/index.php\/2021\/02\/16\/czy-bog-mogl-sie-pomylic\/\",\"url\":\"https:\/\/gaudiumetspes-blog.pl\/index.php\/2021\/02\/16\/czy-bog-mogl-sie-pomylic\/\",\"name\":\"Czy B\u00f3g m\u00f3g\u0142 si\u0119 pomyli\u0107?... - Gaudium Et Spes\",\"isPartOf\":{\"@id\":\"https:\/\/gaudiumetspes-blog.pl\/#website\"},\"datePublished\":\"2021-02-16T04:38:47+00:00\",\"author\":{\"@id\":\"https:\/\/gaudiumetspes-blog.pl\/#\/schema\/person\/1661982992b752dea8dff0d4ed845a65\"},\"breadcrumb\":{\"@id\":\"https:\/\/gaudiumetspes-blog.pl\/index.php\/2021\/02\/16\/czy-bog-mogl-sie-pomylic\/#breadcrumb\"},\"inLanguage\":\"pl-PL\",\"potentialAction\":[{\"@type\":\"ReadAction\",\"target\":[\"https:\/\/gaudiumetspes-blog.pl\/index.php\/2021\/02\/16\/czy-bog-mogl-sie-pomylic\/\"]}]},{\"@type\":\"BreadcrumbList\",\"@id\":\"https:\/\/gaudiumetspes-blog.pl\/index.php\/2021\/02\/16\/czy-bog-mogl-sie-pomylic\/#breadcrumb\",\"itemListElement\":[{\"@type\":\"ListItem\",\"position\":1,\"name\":\"Strona g\u0142\u00f3wna\",\"item\":\"https:\/\/gaudiumetspes-blog.pl\/\"},{\"@type\":\"ListItem\",\"position\":2,\"name\":\"Czy&nbsp;B\u00f3g m\u00f3g\u0142 si\u0119 pomyli\u0107?&#8230;\"}]},{\"@type\":\"WebSite\",\"@id\":\"https:\/\/gaudiumetspes-blog.pl\/#website\",\"url\":\"https:\/\/gaudiumetspes-blog.pl\/\",\"name\":\"Gaudium Et Spes\",\"description\":\"Blog Ks. Jacka Ja\u015bkowskiego\",\"potentialAction\":[{\"@type\":\"SearchAction\",\"target\":{\"@type\":\"EntryPoint\",\"urlTemplate\":\"https:\/\/gaudiumetspes-blog.pl\/?s={search_term_string}\"},\"query-input\":{\"@type\":\"PropertyValueSpecification\",\"valueRequired\":true,\"valueName\":\"search_term_string\"}}],\"inLanguage\":\"pl-PL\"},{\"@type\":\"Person\",\"@id\":\"https:\/\/gaudiumetspes-blog.pl\/#\/schema\/person\/1661982992b752dea8dff0d4ed845a65\",\"name\":\"Ks. Jacek\",\"image\":{\"@type\":\"ImageObject\",\"inLanguage\":\"pl-PL\",\"@id\":\"https:\/\/gaudiumetspes-blog.pl\/#\/schema\/person\/image\/\",\"url\":\"https:\/\/gaudiumetspes-blog.pl\/wp-content\/uploads\/2019\/07\/avatar-JJ-150x150.jpg\",\"contentUrl\":\"https:\/\/gaudiumetspes-blog.pl\/wp-content\/uploads\/2019\/07\/avatar-JJ-150x150.jpg\",\"caption\":\"Ks. Jacek\"},\"description\":\"Witam serdecznie! K\u0142ania si\u0119 Ks. Jacek Ja\u015bkowski. Nie jestem ani kim\u015b wa\u017cnym, ani kim\u015b znanym. Jestem ksi\u0119dzem, kt\u00f3ry po prostu chce rozmawia\u0107. Codzienna kap\u0142a\u0144ska pos\u0142uga pokazuje mi, \u017ce temat\u00f3w do rozm\u00f3w z ksi\u0119dzem jest coraz wi\u0119cej i dzisiaj \u017caden ksi\u0105dz nie mo\u017ce od nich ucieka\u0107, ale - wprost przeciwnie - podejmowa\u0107 nowe wyzwania. To przekonanie sk\u0142oni\u0142o mnie do pr\u00f3by otwarcia tego\u017c bloga, chocia\u017c okazji do rozm\u00f3w na co dzie\u0144 - w konfesjonale i poza nim - na szcz\u0119\u015bcie nie brakuje. My\u015bl\u0119 jednak, \u017ce ten blog b\u0119dzie jeszcze jednym sposobem i przestrzeni\u0105 nawi\u0105zania kontaktu z lud\u017ami dobrej woli, otwartymi na dialog.\",\"url\":\"https:\/\/gaudiumetspes-blog.pl\/index.php\/author\/ks-jacek\/\"}]}<\/script>\n<!-- \/ Yoast SEO plugin. -->","yoast_head_json":{"title":"Czy B\u00f3g m\u00f3g\u0142 si\u0119 pomyli\u0107?... - Gaudium Et Spes","robots":{"index":"index","follow":"follow","max-snippet":"max-snippet:-1","max-image-preview":"max-image-preview:large","max-video-preview":"max-video-preview:-1"},"canonical":"https:\/\/gaudiumetspes-blog.pl\/index.php\/2021\/02\/16\/czy-bog-mogl-sie-pomylic\/","og_locale":"pl_PL","og_type":"article","og_title":"Czy B\u00f3g m\u00f3g\u0142 si\u0119 pomyli\u0107?... - Gaudium Et Spes","og_description":"Szcz\u0119\u015b\u0107 Bo\u017ce! Moi Drodzy, dzisiaj ostatni dzie\u0144 Okresu Zwyk\u0142ego w liturgii Ko\u015bcio\u0142a \u2013 pierwszej cz\u0119\u015bci tego Okresu. Powr\u00f3ci on za kilkadziesi\u0105t dni, a tymczasem ju\u017c jutro \u2013 Wielki Post. I oto dzisiaj, na granicy tych dw\u00f3ch Okres\u00f3w liturgicznych, otrzymujemy naprawd\u0119 mocne przes\u0142anie w Bo\u017cym s\u0142owie. Pochylmy si\u0119 zatem nad tym, co Pan do nas dzisiaj [&hellip;]","og_url":"https:\/\/gaudiumetspes-blog.pl\/index.php\/2021\/02\/16\/czy-bog-mogl-sie-pomylic\/","og_site_name":"Gaudium Et Spes","article_published_time":"2021-02-16T04:38:47+00:00","author":"Ks. Jacek","twitter_card":"summary_large_image","twitter_misc":{"Napisane przez":"Ks. Jacek","Szacowany czas czytania":"8 minut"},"schema":{"@context":"https:\/\/schema.org","@graph":[{"@type":"WebPage","@id":"https:\/\/gaudiumetspes-blog.pl\/index.php\/2021\/02\/16\/czy-bog-mogl-sie-pomylic\/","url":"https:\/\/gaudiumetspes-blog.pl\/index.php\/2021\/02\/16\/czy-bog-mogl-sie-pomylic\/","name":"Czy B\u00f3g m\u00f3g\u0142 si\u0119 pomyli\u0107?... - Gaudium Et Spes","isPartOf":{"@id":"https:\/\/gaudiumetspes-blog.pl\/#website"},"datePublished":"2021-02-16T04:38:47+00:00","author":{"@id":"https:\/\/gaudiumetspes-blog.pl\/#\/schema\/person\/1661982992b752dea8dff0d4ed845a65"},"breadcrumb":{"@id":"https:\/\/gaudiumetspes-blog.pl\/index.php\/2021\/02\/16\/czy-bog-mogl-sie-pomylic\/#breadcrumb"},"inLanguage":"pl-PL","potentialAction":[{"@type":"ReadAction","target":["https:\/\/gaudiumetspes-blog.pl\/index.php\/2021\/02\/16\/czy-bog-mogl-sie-pomylic\/"]}]},{"@type":"BreadcrumbList","@id":"https:\/\/gaudiumetspes-blog.pl\/index.php\/2021\/02\/16\/czy-bog-mogl-sie-pomylic\/#breadcrumb","itemListElement":[{"@type":"ListItem","position":1,"name":"Strona g\u0142\u00f3wna","item":"https:\/\/gaudiumetspes-blog.pl\/"},{"@type":"ListItem","position":2,"name":"Czy&nbsp;B\u00f3g m\u00f3g\u0142 si\u0119 pomyli\u0107?&#8230;"}]},{"@type":"WebSite","@id":"https:\/\/gaudiumetspes-blog.pl\/#website","url":"https:\/\/gaudiumetspes-blog.pl\/","name":"Gaudium Et Spes","description":"Blog Ks. Jacka Ja\u015bkowskiego","potentialAction":[{"@type":"SearchAction","target":{"@type":"EntryPoint","urlTemplate":"https:\/\/gaudiumetspes-blog.pl\/?s={search_term_string}"},"query-input":{"@type":"PropertyValueSpecification","valueRequired":true,"valueName":"search_term_string"}}],"inLanguage":"pl-PL"},{"@type":"Person","@id":"https:\/\/gaudiumetspes-blog.pl\/#\/schema\/person\/1661982992b752dea8dff0d4ed845a65","name":"Ks. Jacek","image":{"@type":"ImageObject","inLanguage":"pl-PL","@id":"https:\/\/gaudiumetspes-blog.pl\/#\/schema\/person\/image\/","url":"https:\/\/gaudiumetspes-blog.pl\/wp-content\/uploads\/2019\/07\/avatar-JJ-150x150.jpg","contentUrl":"https:\/\/gaudiumetspes-blog.pl\/wp-content\/uploads\/2019\/07\/avatar-JJ-150x150.jpg","caption":"Ks. Jacek"},"description":"Witam serdecznie! K\u0142ania si\u0119 Ks. Jacek Ja\u015bkowski. Nie jestem ani kim\u015b wa\u017cnym, ani kim\u015b znanym. Jestem ksi\u0119dzem, kt\u00f3ry po prostu chce rozmawia\u0107. Codzienna kap\u0142a\u0144ska pos\u0142uga pokazuje mi, \u017ce temat\u00f3w do rozm\u00f3w z ksi\u0119dzem jest coraz wi\u0119cej i dzisiaj \u017caden ksi\u0105dz nie mo\u017ce od nich ucieka\u0107, ale - wprost przeciwnie - podejmowa\u0107 nowe wyzwania. To przekonanie sk\u0142oni\u0142o mnie do pr\u00f3by otwarcia tego\u017c bloga, chocia\u017c okazji do rozm\u00f3w na co dzie\u0144 - w konfesjonale i poza nim - na szcz\u0119\u015bcie nie brakuje. My\u015bl\u0119 jednak, \u017ce ten blog b\u0119dzie jeszcze jednym sposobem i przestrzeni\u0105 nawi\u0105zania kontaktu z lud\u017ami dobrej woli, otwartymi na dialog.","url":"https:\/\/gaudiumetspes-blog.pl\/index.php\/author\/ks-jacek\/"}]}},"jetpack_featured_media_url":"","jetpack_sharing_enabled":true,"_links":{"self":[{"href":"https:\/\/gaudiumetspes-blog.pl\/index.php\/wp-json\/wp\/v2\/posts\/18545","targetHints":{"allow":["GET"]}}],"collection":[{"href":"https:\/\/gaudiumetspes-blog.pl\/index.php\/wp-json\/wp\/v2\/posts"}],"about":[{"href":"https:\/\/gaudiumetspes-blog.pl\/index.php\/wp-json\/wp\/v2\/types\/post"}],"author":[{"embeddable":true,"href":"https:\/\/gaudiumetspes-blog.pl\/index.php\/wp-json\/wp\/v2\/users\/1"}],"replies":[{"embeddable":true,"href":"https:\/\/gaudiumetspes-blog.pl\/index.php\/wp-json\/wp\/v2\/comments?post=18545"}],"version-history":[{"count":1,"href":"https:\/\/gaudiumetspes-blog.pl\/index.php\/wp-json\/wp\/v2\/posts\/18545\/revisions"}],"predecessor-version":[{"id":18546,"href":"https:\/\/gaudiumetspes-blog.pl\/index.php\/wp-json\/wp\/v2\/posts\/18545\/revisions\/18546"}],"wp:attachment":[{"href":"https:\/\/gaudiumetspes-blog.pl\/index.php\/wp-json\/wp\/v2\/media?parent=18545"}],"wp:term":[{"taxonomy":"category","embeddable":true,"href":"https:\/\/gaudiumetspes-blog.pl\/index.php\/wp-json\/wp\/v2\/categories?post=18545"},{"taxonomy":"post_tag","embeddable":true,"href":"https:\/\/gaudiumetspes-blog.pl\/index.php\/wp-json\/wp\/v2\/tags?post=18545"}],"curies":[{"name":"wp","href":"https:\/\/api.w.org\/{rel}","templated":true}]}}