{"id":18548,"date":"2021-02-17T05:41:18","date_gmt":"2021-02-17T04:41:18","guid":{"rendered":"https:\/\/gaudiumetspes-blog.pl\/?p=18548"},"modified":"2021-02-16T17:11:43","modified_gmt":"2021-02-16T16:11:43","slug":"czy-wielki-post-ma-sens","status":"publish","type":"post","link":"https:\/\/gaudiumetspes-blog.pl\/index.php\/2021\/02\/17\/czy-wielki-post-ma-sens\/","title":{"rendered":"Czy Wielki Post &#8211; ma sens?&#8230;"},"content":{"rendered":"<p align=\"justify\"><span style=\"color: #000000;\"><span style=\"font-family: Book Antiqua, serif;\"><span style=\"font-size: large;\">Niech b\u0119dzie pochwalony Jezus Chrystus! Moi Drodzy, w dniu dzisiejszym <b>imieniny prze\u017cywa Ksi\u0105dz Biskup Zbigniew Kiernikowski, by\u0142y Biskup Siedlecki, a obecnie Biskup Legnicki. Niech Najwy\u017cszy Kap\u0142an obficie b\u0142ogos\u0142awi i wspiera Solenizanta swoj\u0105 moc\u0105 w pasterskiej pos\u0142udze. Zapewniam o modlitwie!<\/b><\/span><\/span><\/span><\/p>\n<p align=\"justify\"><span style=\"color: #000000;\"><span style=\"font-family: Book Antiqua, serif;\"><span style=\"font-size: large;\">Moi Drodzy, rozpoczynamy Wielki Post. A dzisiaj \u2013 Popielec. Dzie\u0144 ten nie zobowi\u0105zuje nas do uczestnictwa we Mszy \u015awi\u0119tej, ale chc\u0119 Was bardzo prosi\u0107: je\u017celi macie tylko tak\u0105 mo\u017cliwo\u015b\u0107, p\u00f3jd\u017acie dzisiaj na Msz\u0119 \u015awi\u0119t\u0105. Naprawd\u0119, to bardzo wa\u017cne! Serdecznie Wszystkich zach\u0119cam! Chodzi o dobre i mocne wej\u015bcie w ten \u015bwi\u0119ty czas. Je\u017celi zatem macie tylko tak\u0105 mo\u017cliwo\u015b\u0107, p\u00f3jd\u017acie na Msz\u0119 \u015awi\u0119t\u0105 i prze\u017cyjcie j\u0105 w wielkim skupieniu.<\/span><\/span><\/span><\/p>\n<p align=\"justify\"><span style=\"color: #000000;\"><span style=\"font-family: Book Antiqua, serif;\"><span style=\"font-size: large;\">Przypominam, \u017ce dzisiaj obowi\u0105zuje nas wstrzemi\u0119\u017aliwo\u015b\u0107 od pokarm\u00f3w mi\u0119snych i post ilo\u015bciowy. <\/span><\/span><\/span><\/p>\n<p align=\"justify\"><span style=\"color: #000000;\"><span style=\"font-family: Book Antiqua, serif;\"><span style=\"font-size: large;\">Pochylmy si\u0119 teraz nad Bo\u017cym s\u0142owem dzisiejszej liturgii, aby odczyta\u0107 to <b>jedno, konkretne przes\u0142anie, z jakim Pan do ka\u017cdej i ka\u017cdego z nas indywidualnie si\u0119 zwraca.<\/b> Wzywajmy mocy i pomocy Ducha \u015awi\u0119tego!<\/span><\/span><\/span><\/p>\n<p align=\"justify\"><span style=\"color: #000000;\"><span style=\"font-family: Book Antiqua, serif;\"><span style=\"font-size: large;\"><b>Niech Was b\u0142ogos\u0142awi B\u00f3g Wszechmog\u0105cy: Ojciec + i Syn, i Duch \u015awi\u0119ty. Amen<\/b><\/span><\/span><\/span><\/p>\n<p align=\"center\"><span style=\"color: #000000;\"><span style=\"font-family: Book Antiqua, serif;\"><span style=\"font-size: large;\">Gaudium et spes! Ks. Jacek<\/span><\/span><\/span><\/p>\n<p align=\"center\">\n<p align=\"center\">\n<p align=\"center\">\n<p align=\"center\">\n<p align=\"center\">\n<p align=\"justify\"><span style=\"color: #000000;\"><span style=\"font-family: Book Antiqua, serif;\"><span style=\"font-size: large;\"><b>\u015aroda Popielcowa,<\/b><\/span><\/span><\/span><\/p>\n<p align=\"justify\"><span style=\"color: #000000;\"><span style=\"font-family: Book Antiqua, serif;\"><span style=\"font-size: large;\"><b>17 lutego 2021.,<\/b><\/span><\/span><\/span><\/p>\n<p align=\"justify\"><span style=\"color: #000000;\"><span style=\"font-family: Book Antiqua, serif;\"><span style=\"font-size: large;\"><b>do czyta\u0144: Jl 2,12\u201318; 2 Kor 5,20\u20136,3; Mt 6,1\u20136.16\u201318<\/b><\/span><\/span><\/span><\/p>\n<p align=\"justify\">\n<p align=\"justify\">\n<p align=\"justify\">\n<p align=\"justify\">\n<p align=\"justify\">\n<p align=\"justify\"><span style=\"color: #000000;\"><span style=\"font-family: Book Antiqua, serif;\"><span style=\"font-size: large;\"><b>CZYTANIE Z KSI\u0118GI PROROKA JOELA: <\/b><\/span><\/span><\/span><\/p>\n<p align=\"justify\"><span style=\"color: #000000;\"><span style=\"font-family: Book Antiqua, serif;\"><span style=\"font-size: large;\"><b>Tak m\u00f3wi Pan: \u201eNawr\u00f3\u0107cie si\u0119 do Mnie ca\u0142ym swym sercem, przez post i p\u0142acz, i lament. Rozdzierajcie jednak wasze serca, a nie szaty! Nawr\u00f3\u0107cie si\u0119 do Pana, Boga waszego! On bowiem jest \u0142askawy, mi\u0142osierny, nieskory do gniewu i wielki w \u0142askawo\u015bci, a lituje si\u0119 na widok niedoli. Kt\u00f3\u017c wie, czy si\u0119 nie zastanowi, czy si\u0119 nie zlituje i pozostawi po sobie b\u0142ogos\u0142awie\u0144stwo plon\u00f3w na ofiar\u0119 z pokarm\u00f3w i ofiar\u0119 p\u0142ynn\u0105 dla Pana, Boga waszego. <\/b><\/span><\/span><\/span><\/p>\n<p align=\"justify\"><span style=\"color: #000000;\"><span style=\"font-family: Book Antiqua, serif;\"><span style=\"font-size: large;\"><b>Dmijcie w r\u00f3g na Syjonie, zarz\u0105d\u017acie \u015bwi\u0119ty post, og\u0142o\u015bcie zgromadzenie. Zbierzcie lud, zwo\u0142ajcie \u015bwi\u0119t\u0105 spo\u0142eczno\u015b\u0107, zgromad\u017acie starc\u00f3w, zbierzcie dzieci i ss\u0105cych piersi; niech wyjdzie oblubieniec ze swojej komnaty, a oblubienica ze swego pokoju. <\/b><\/span><\/span><\/span><\/p>\n<p align=\"justify\"><span style=\"color: #000000;\"><span style=\"font-family: Book Antiqua, serif;\"><span style=\"font-size: large;\"><b>Mi\u0119dzy przedsionkiem a o\u0142tarzem niechaj p\u0142acz\u0105 kap\u0142ani, s\u0142udzy Pana! Niech m\u00f3wi\u0105: \u00abPrzepu\u015b\u0107, Panie, ludowi Twojemu i nie daj dziedzictwa swego na poha\u0144bienie, aby poganie nie zapanowali nad nami. Czemu\u017c m\u00f3wi\u0107 maj\u0105 mi\u0119dzy narodami: Gdzie\u017c jest ich B\u00f3g?\u00bb\u201d <\/b><\/span><\/span><\/span><\/p>\n<p align=\"justify\"><span style=\"color: #000000;\"><span style=\"font-family: Book Antiqua, serif;\"><span style=\"font-size: large;\"><b>Pan zapali\u0142 si\u0119 zazdrosn\u0105 mi\u0142o\u015bci\u0105 ku swojej ziemi, i zmi\u0142owa\u0142 si\u0119 nad swoim ludem.<\/b><\/span><\/span><\/span><\/p>\n<p align=\"justify\">\n<p align=\"justify\">\n<p align=\"justify\">\n<p align=\"justify\">\n<p align=\"justify\">\n<p align=\"justify\"><span style=\"color: #000000;\"><span style=\"font-family: Book Antiqua, serif;\"><span style=\"font-size: large;\"><b>CZYTANIE Z DRUGIEGO LISTU \u015aWI\u0118TEGO PAW\u0141A APOSTO\u0141A DO KORYNTIAN: <\/b><\/span><\/span><\/span><\/p>\n<p align=\"justify\"><span style=\"color: #000000;\"><span style=\"font-family: Book Antiqua, serif;\"><span style=\"font-size: large;\"><b>Bracia: W imieniu Chrystusa spe\u0142niamy pos\u0142annictwo jakby Boga samego, kt\u00f3ry przez nas udziela napomnie\u0144. W imi\u0119 Chrystusa prosimy: pojednajcie si\u0119 z Bogiem. On to dla nas grzechem uczyni\u0142 Tego, kt\u00f3ry nie zna\u0142 grzechu, aby\u015bmy si\u0119 stali w Nim sprawiedliwo\u015bci\u0105 Bo\u017c\u0105. <\/b><\/span><\/span><\/span><\/p>\n<p align=\"justify\"><span style=\"color: #000000;\"><span style=\"font-family: Book Antiqua, serif;\"><span style=\"font-size: large;\"><b>Wsp\u00f3\u0142pracuj\u0105c za\u015b z Nim napominamy was, aby\u015bcie nie przyjmowali na pr\u00f3\u017cno \u0142aski Bo\u017cej. M\u00f3wi bowiem Pismo: <\/b><\/span><\/span><\/span><\/p>\n<p align=\"justify\"><span style=\"color: #000000;\">\u201e<span style=\"font-family: Book Antiqua, serif;\"><span style=\"font-size: large;\"><b>W czasie pomy\u015blnym wys\u0142ucha\u0142em ciebie, <\/b><\/span><\/span><\/span><\/p>\n<p align=\"justify\"><span style=\"color: #000000;\"><span style=\"font-family: Book Antiqua, serif;\"><span style=\"font-size: large;\"><b>w dniu zbawienia przyszed\u0142em ci z pomoc\u0105\u201d. <\/b><\/span><\/span><\/span><\/p>\n<p align=\"justify\"><span style=\"color: #000000;\"><span style=\"font-family: Book Antiqua, serif;\"><span style=\"font-size: large;\"><b>Oto teraz czas upragniony, oto teraz dzie\u0144 zbawienia.<\/b><\/span><\/span><\/span><\/p>\n<p align=\"justify\">\n<p align=\"justify\">\n<p align=\"justify\">\n<p align=\"justify\">\n<p align=\"justify\">\n<p align=\"justify\"><span style=\"color: #000000;\"><span style=\"font-family: Book Antiqua, serif;\"><span style=\"font-size: large;\"><b>S\u0141OWA EWANGELII WED\u0141UG \u015aWI\u0118TEGO MATEUSZA: <\/b><\/span><\/span><\/span><\/p>\n<p align=\"justify\"><span style=\"color: #000000;\"><span style=\"font-family: Book Antiqua, serif;\"><span style=\"font-size: large;\"><b>Jezus powiedzia\u0142 do swoich uczni\u00f3w: \u201eStrze\u017ccie si\u0119, \u017ceby\u015bcie uczynk\u00f3w pobo\u017cnych nie wykonywali przed lud\u017ami po to, aby was widzieli; inaczej nie b\u0119dziecie mieli nagrody u Ojca waszego, kt\u00f3ry jest w niebie. <\/b><\/span><\/span><\/span><\/p>\n<p align=\"justify\"><span style=\"color: #000000;\"><span style=\"font-family: Book Antiqua, serif;\"><span style=\"font-size: large;\"><b>Kiedy wi\u0119c dajesz ja\u0142mu\u017cn\u0119, nie tr\u0105b przed sob\u0105, jak ob\u0142udnicy czyni\u0105 w synagogach i na ulicach, aby ich ludzie chwalili. Zaprawd\u0119 powiadam wam: ci otrzymali ju\u017c swoj\u0105 nagrod\u0119. Kiedy za\u015b ty dajesz ja\u0142mu\u017cn\u0119, niech nie wie lewa twoja r\u0119ka, co czyni prawa, aby twoja ja\u0142mu\u017cna pozosta\u0142a w ukryciu. A Ojciec tw\u00f3j, kt\u00f3ry widzi w ukryciu, odda tobie. <\/b><\/span><\/span><\/span><\/p>\n<p align=\"justify\"><span style=\"color: #000000;\"><span style=\"font-family: Book Antiqua, serif;\"><span style=\"font-size: large;\"><b>Gdy si\u0119 modlicie, nie b\u0105d\u017acie jak ob\u0142udnicy. Oni lubi\u0105 w synagogach i na rogach ulic wystawa\u0107 i modli\u0107 si\u0119, \u017ceby si\u0119 ludziom pokaza\u0107. Zaprawd\u0119 powiadam wam: otrzymali ju\u017c swoj\u0105 nagrod\u0119. Ty za\u015b gdy chcesz si\u0119 modli\u0107, wejd\u017a do swej izdebki, zamknij drzwi i m\u00f3dl si\u0119 do Ojca twego, kt\u00f3ry jest w ukryciu. A Ojciec tw\u00f3j, kt\u00f3ry widzi w ukryciu, odda tobie. <\/b><\/span><\/span><\/span><\/p>\n<p align=\"justify\"><span style=\"color: #000000;\"><span style=\"font-family: Book Antiqua, serif;\"><span style=\"font-size: large;\"><b>Kiedy po\u015bcicie, nie b\u0105d\u017acie pos\u0119pni jak ob\u0142udnicy. Przybieraj\u0105 oni wygl\u0105d ponury, aby pokaza\u0107 ludziom, \u017ce poszcz\u0105. Zaprawd\u0119 powiadam wam: ju\u017c odebrali swoj\u0105 nagrod\u0119. Ty za\u015b gdy po\u015bcisz, nama\u015b\u0107 sobie g\u0142ow\u0119 i umyj twarz, aby nie ludziom pokaza\u0107, \u017ce po\u015bcisz, ale Ojcu twemu, kt\u00f3ry jest w ukryciu. A Ojciec tw\u00f3j, kt\u00f3ry widzi w ukryciu, odda tobie\u201d.<\/b><\/span><\/span><\/span><\/p>\n<p align=\"justify\">\n<p align=\"justify\">\n<p align=\"justify\">\n<p align=\"justify\">\n<p align=\"justify\">\n<p align=\"justify\"><span style=\"color: #000000;\"><span style=\"font-family: Book Antiqua, serif;\"><span style=\"font-size: large;\">Dobrze znamy te s\u0142owa, kt\u00f3rymi rozpoczyna si\u0119 dzisiejsze pierwsze czytanie, z Proroctwa Joela: <i><b>Nawr\u00f3\u0107cie si\u0119 do Mnie ca\u0142ym swym sercem, przez post i p\u0142acz, i lament. Rozdzierajcie jednak wasze serca, a nie szaty!<\/b><\/i><b> <\/b>Dobrze znamy te s\u0142owa, rozpoznajemy je, a stwierdzenie dotycz\u0105ce <b>\u00ab<\/b><b>rozdzierania szat<\/b><b>\u00bb<\/b><b>,<\/b> kt\u00f3re nale\u017cy zast\u0105pi\u0107 <b>\u00ab<\/b><b>rozdzieraniem serca<\/b><b>\u00bb<\/b> \u2013 wesz\u0142o nawet do potocznej mowy i pojawia si\u0119 niekiedy w codziennych rozmowach. <\/span><\/span><\/span><\/p>\n<p align=\"justify\"><span style=\"color: #000000;\"><span style=\"font-family: Book Antiqua, serif;\"><span style=\"font-size: large;\">Znamy zatem te s\u0142owa, niejednokrotnie je s\u0142yszeli\u015bmy \u2013 na pewno, <b>co roku, w \u015arod\u0119 Popielcow\u0105. <\/b>Mo\u017cna bowiem powiedzie\u0107, \u017ce s\u0142owami tymi rozpoczyna si\u0119 dzisiejsze pierwsze czytanie, ale s\u0142owami tymi <b>rozpoczyna si\u0119 tak naprawd\u0119 ca\u0142y Wielki Post! <\/b>Bo te s\u0142owa wprowadzaj\u0105 nas w jego prze\u017cywanie, a jednocze\u015bnie wskazuj\u0105 na to, co jest jego istot\u0105: na <b>przemian<\/b><b>\u0119<\/b><b> duchow<\/b><b>\u0105<\/b><b>.<\/b> Dlatego zapewne wcale nas one nie dziwi\u0105, nie s\u0105 dla nas jakim\u015b zaskoczeniem \u2013 i chyba tak naprawd\u0119 nie wymagaj\u0105 jakiego\u015b g\u0142\u0119bszego i obszerniejszego komentarza. <\/span><\/span><\/span><\/p>\n<p align=\"justify\"><span style=\"color: #000000;\"><span style=\"font-family: Book Antiqua, serif;\"><span style=\"font-size: large;\">Podobnie, jak i s\u0142owa nast\u0119puj\u0105ce po nich: <i><b>Nawr\u00f3\u0107cie si\u0119 do Pana, Boga waszego! On bowiem jest \u0142askawy, mi\u0142osierny, nieskory do gniewu i wielki w \u0142askawo\u015bci, a lituje si\u0119 na widok niedoli.<\/b><\/i><b> <\/b>Potem pojawiaj\u0105 si\u0119 wskazania, kt\u00f3rych nie mo\u017cemy odnie\u015b\u0107 bezpo\u015brednio do siebie, <b>ani do naszej obrz\u0119dowo\u015bci<\/b> czy praktyk religijnych, mowa jest bowiem o ofierze z pokarm\u00f3w, o ofierze p\u0142ynnej dla Pana; tak\u017ce o sygnale rogu, jaki rozlec si\u0119 ma z Syjonu, czy o \u015bwi\u0119tym zgromadzeniu, zwo\u0142anym <b>wed\u0142ug przepis\u00f3w Prawa Moj\u017ceszowego. <\/b><\/span><\/span><\/span><\/p>\n<p align=\"justify\"><span style=\"color: #000000;\"><span style=\"font-family: Book Antiqua, serif;\"><span style=\"font-size: large;\">Te wszystkie praktyki nie s\u0105 nam dzisiaj bli\u017cej znane, nie wyra\u017caj\u0105 one naszej pobo\u017cno\u015bci, nie stanowi\u0105 <b>wyrazu naszej religijno\u015bci. <\/b>Podobnie, jak i lament kap\u0142an\u00f3w pomi\u0119dzy przedsionkiem a o\u0142tarzem. Oczywi\u015bcie, mamy tu na my\u015bli <b>\u015bwi\u0105tyni\u0119 jerozolimsk\u0105.<\/b> To w\u0142a\u015bnie tam kap\u0142ani mieli okazywa\u0107 \u2013 we wspomniany spos\u00f3b \u2013 <b>\u017cal za grzechy <\/b>swoje i grzechy ludu. <\/span><\/span><\/span><\/p>\n<p align=\"justify\"><span style=\"color: #000000;\"><span style=\"font-family: Book Antiqua, serif;\"><span style=\"font-size: large;\">Wszystkie te praktyki \u2013 jak sobie powiedzieli\u015bmy \u2013 wyra\u017anie <b>nie pasuj\u0105 do naszej obrz\u0119dowo\u015bci.<\/b> Ale ich przes\u0142anie \u2013 ju\u017c tak. Bo nie o same praktyki, formy pobo\u017cno\u015bci, w tym wszystkim chodzi, a <b>o nawr\u00f3cenie serca. <\/b>A to przes\u0142anie akurat jest ca\u0142y czas aktualne! <\/span><\/span><\/span><\/p>\n<p align=\"justify\"><span style=\"color: #000000;\"><span style=\"font-family: Book Antiqua, serif;\"><span style=\"font-size: large;\">Jak s\u0142yszeli\u015bmy, zosta\u0142o ono zasygnalizowane ju\u017c w pierwszych zdaniach dzisiejszej liturgii S\u0142owa, ale przewija\u0142o si\u0119 przez ca\u0142e to czytanie \u2013 jako <b>g\u0142\u00f3wny motyw<\/b> podejmowanych dzia\u0142a\u0144 pokutnych. <\/span><\/span><\/span><\/p>\n<p align=\"justify\"><span style=\"color: #000000;\"><span style=\"font-family: Book Antiqua, serif;\"><span style=\"font-size: large;\">O wiele wyra\u017aniej wybrzmiewa ono w czytaniu drugim, z Listu Aposto\u0142a Paw\u0142a do Koryntian, gdzie s\u0142yszymy: <i><b>W imieniu Chrystusa spe\u0142niamy pos\u0142annictwo jakby Boga samego, kt\u00f3ry przez nas udziela napomnie\u0144. W imi\u0119 Chrystusa prosimy: pojednajcie si\u0119 z Bogiem.<\/b><\/i><b> <\/b><b>[\u2026]<\/b><b> <\/b><i><b>N<\/b><\/i><i><b>apominamy was, aby\u015bcie nie przyjmowali na pr\u00f3\u017cno \u0142aski Bo\u017cej.<\/b><\/i><b> <\/b><b>[\u2026] <\/b><i><b>Oto teraz czas upragniony, oto teraz dzie\u0144 zbawienia.<\/b><\/i> <\/span><\/span><\/span><\/p>\n<p align=\"justify\"><span style=\"color: #000000;\"><span style=\"font-family: Book Antiqua, serif;\"><span style=\"font-size: large;\">Tu ju\u017c nie mamy w\u0105tpliwo\u015bci, o co chodzi i <b>nie mo\u017cemy t\u0142umaczy\u0107 si\u0119, <\/b>\u017ce to jakie\u015b archaiczne zarz\u0105dzenia, nie pasuj\u0105ce do naszych czas\u00f3w i do naszej obrz\u0119dowo\u015bci.<b> Wezwanie do pojednania<\/b> <b>z Bogiem,<\/b> do wsp\u00f3\u0142pracy z \u0142ask\u0105 Bo\u017c\u0105, a wreszcie docenienie i dostrze\u017cenie czasu, kt\u00f3ry Pan daje nam w swej \u0142askawo\u015bci na przemian\u0119 serca \u2013 to wszystko <b>aktualne jest zawsze!<\/b> <\/span><\/span><\/span><\/p>\n<p align=\"justify\"><span style=\"color: #000000;\"><span style=\"font-family: Book Antiqua, serif;\"><span style=\"font-size: large;\">By\u0142o wypowiedziane dwa tysi\u0105ce lat temu, u pocz\u0105tk\u00f3w Ko\u015bcio\u0142a, w czasie misyjnej dzia\u0142alno\u015bci Aposto\u0142a Narod\u00f3w \u2013 i <b>dzisiaj zachowuje swoj\u0105 aktualno\u015b\u0107.<\/b> Zawsze jest dobry czas na pojednanie z Bogiem, na nawr\u00f3cenie. St\u0105d przyjmujemy wskazania Aposto\u0142a i odnosimy je <b>bezpo\u015brednio do siebie. <\/b><\/span><\/span><\/span><\/p>\n<p align=\"justify\"><span style=\"color: #000000;\"><span style=\"font-family: Book Antiqua, serif;\"><span style=\"font-size: large;\">Podobnie, jak i wskazania Jezusa, zawarte w dzisiejszej Ewangelii. S\u0105 one tak\u017ce bardzo czytelne, bardzo wyra\u017ane i zapewne nie wymagaj\u0105 szczeg\u00f3\u0142owego komentarza. Jezus m\u00f3wi: <i><b>Strze\u017ccie si\u0119, \u017ceby\u015bcie uczynk\u00f3w pobo\u017cnych nie wykonywali przed lud\u017ami po to, aby was widzieli; inaczej nie b\u0119dziecie mieli nagrody u Ojca waszego, kt\u00f3ry jest w niebie.<\/b><\/i><b> <\/b><\/span><\/span><\/span><\/p>\n<p align=\"justify\"><span style=\"color: #000000;\"><span style=\"font-family: Book Antiqua, serif;\"><span style=\"font-size: large;\">Po czym ju\u017c wskazuje konkretnie: <i><b>Kiedy wi\u0119c dajesz ja\u0142mu\u017cn\u0119, nie tr\u0105b przed sob\u0105, jak ob\u0142udnicy czyni\u0105 w synagogach i na ulicach, aby ich ludzie chwalili.<\/b><\/i><b> <\/b>Oraz: <i><b>Gdy si\u0119 modlicie, nie b\u0105d\u017acie jak ob\u0142udnicy. Oni lubi\u0105 w synagogach i na rogach ulic wystawa\u0107 i modli\u0107 si\u0119, \u017ceby si\u0119 ludziom pokaza\u0107.<\/b><\/i><b> <\/b>Czy te\u017c: <i><b>Kiedy po\u015bcicie, nie b\u0105d\u017acie pos\u0119pni jak ob\u0142udnicy. Przybieraj\u0105 oni wygl\u0105d ponury, aby pokaza\u0107 ludziom, \u017ce poszcz\u0105.<\/b><\/i><b> <\/b><\/span><\/span><\/span><\/p>\n<p align=\"justify\"><span style=\"color: #000000;\"><span style=\"font-family: Book Antiqua, serif;\"><span style=\"font-size: large;\">Po ka\u017cdym z tych wskaza\u0144 pojawia si\u0119 \u2013 jak refren \u2013 podsumowuj\u0105ce stwierdzenie, dotycz\u0105ce tych, kt\u00f3rzy w taki w\u0142a\u015bnie spos\u00f3b daj\u0105 ja\u0142mu\u017cn\u0119, modl\u0105 si\u0119 czy poszcz\u0105: <i><b>Odebrali ju\u017c swoj\u0105 nagrod\u0119.<\/b><\/i> Jak\u0105 nagrod\u0119? \u2013 chcia\u0142oby si\u0119 zapyta\u0107. Mo\u017cemy si\u0119 domy\u015bla\u0107, \u017ce <b>t\u0119 doczesn\u0105, ludzk\u0105,<\/b> wymiern\u0105, w postaci \u2013 by\u0107 mo\u017ce \u2013 jakiej\u015b <b>pochwa\u0142y<\/b> ze strony ludzi, albo w\u0142asnego <b>dobrego samopoczucia,<\/b> a mo\u017ce nawet jakich\u015b <b>materialnych korzy\u015bci.<\/b> <\/span><\/span><\/span><\/p>\n<p align=\"justify\"><span style=\"color: #000000;\"><span style=\"font-family: Book Antiqua, serif;\"><span style=\"font-size: large;\">Kiedy bowiem cz\u0142owiek robi co\u015b tak, \u017ceby go wszyscy koniecznie zobaczyli, to <b>w ko\u0144cu go zobacz\u0105<\/b> i je\u017celi b\u0119dzie si\u0119 na pokaz \u017carliwie modli\u0142, albo na pokaz udziela\u0142 ja\u0142mu\u017cny ubogim, to wiadomo, \u017ce <b>zyska w ten spos\u00f3b uznanie.<\/b> A je\u017celi na pokaz b\u0119dzie po\u015bci\u0142, umartwia\u0142 si\u0119, spuszcza\u0142 g\u0142ow\u0119, chodzi\u0142 smutny i ponury \u2013 to przecie\u017c wiadomo, \u017ce <b>zyska powszechne wsp\u00f3\u0142czucie<\/b> i wzbudzi podziw, \u017ce przecie\u017c <b>taki asceta, taki pobo\u017cny\u2026<\/b> <\/span><\/span><\/span><\/p>\n<p align=\"justify\"><span style=\"color: #000000;\"><span style=\"font-family: Book Antiqua, serif;\"><span style=\"font-size: large;\">Tyle, \u017ce to wszystko nijak si\u0119 ma do tego, o co tak naprawd\u0119 chodzi Jezusowi. I dlatego <b>zdecydowanie odcina si\u0119 <\/b><b>On<\/b> od wszelkiego dzia\u0142ania na pokaz, zdecydowanie nakazuje zmieni\u0107 nastawienie. Stawia spraw\u0119 jasno, m\u00f3wi\u0105c: <i><b>Nie b\u0105d\u017acie jak ob\u0142udnicy!<\/b><\/i> Nie post\u0119pujcie tak! Jezus nie m\u00f3wi tego w jakiej\u015b formie warunkowe, na zasadzie: \u201ePrzemy\u015blcie to, ewentualnie co\u015b zmie\u0144cie, mo\u017ce by\u015bcie tak nie robili\u201d \u2013 nic z tych rzeczy! <b>Jezus domaga si\u0119 totalnej zmiany<\/b> niew\u0142a\u015bciwego nastawienia i zachowania! Nie r\u00f3b tak \u2013 a z kolei tak r\u00f3b, tak post\u0119puj! <\/span><\/span><\/span><\/p>\n<p align=\"justify\"><span style=\"color: #000000;\"><span style=\"font-family: Book Antiqua, serif;\"><span style=\"font-size: large;\">W\u0142a\u015bnie w ten spos\u00f3b \u2013 jasny i jednoznaczny \u2013 zwraca si\u0119 do nas Jezus dzisiaj, u progu Wielkiego Postu. Przychodzi z <b>wezwaniami i pouczeniami ci\u0105gle aktualnymi<\/b> i wskazaniami, kt\u00f3re rzeczywi\u015bcie trzeba wprowadzi\u0107 w \u017cycie. Tyle, \u017ce wielu z nas widzi w nich \u2013 i w og\u00f3le, w samym Wielkim Po\u015bcie i praktykach, z nim zwi\u0105zanych \u2013 jakie\u015b <b>archaiczne <\/b><b>przepisy<\/b><b>,<\/b> podobne do tych, o kt\u00f3rych m\u00f3wili\u015bmy sobie przed chwil\u0105, cytuj\u0105c Proroka Joela, w pierwszym czytaniu. <\/span><\/span><\/span><\/p>\n<p align=\"justify\"><span style=\"color: #000000;\"><span style=\"font-family: Book Antiqua, serif;\"><span style=\"font-size: large;\">Tak, jak przepisy obrz\u0119dowe Starego Testamentu ju\u017c nas dzisiaj nie obowi\u0105zuj\u0105, tak wielu uwa\u017ca Wielki Post i wszystko, co z nim zwi\u0105zane, za <b>prehistori\u0119<\/b><b>, jakie\u015b wspomnienie z dzieci\u0144stwa,<\/b> kiedy to si\u0119 w tym czasie nie jad\u0142o s\u0142odyczy; albo te\u017c widzi jedynie <b>ograniczenie wolno\u015bci, rozrywki,<\/b> jakie\u015b niezrozumia\u0142e nakazy i zakazy, jakby ich na co dzie\u0144 by\u0142o ma\u0142o. Znowu trzeba b\u0119dzie <b>czego\u015b sobie od<\/b><b>mawia<\/b><b>\u0107,<\/b> znowu nie b\u0119dzie mo\u017cna si\u0119 zabawi\u0107, albo przynajmniej g\u0142o\u015bniej w\u0142\u0105czy\u0107 muzyki\u2026 Znowu jakie\u015b gadanie o nawr\u00f3ceniu, o grzechu, o pokucie\u2026 <b>Czy to jeszcze w og\u00f3le ma sens? <\/b><\/span><\/span><\/span><\/p>\n<p align=\"justify\"><span style=\"color: #000000;\"><span style=\"font-family: Book Antiqua, serif;\"><span style=\"font-size: large;\">Czy Wielki Post dzisiaj ma jeszcze sens? Czy dzisiejszego cz\u0142owieka \u2013 szczeg\u00f3lnie m\u0142odego \u2013 <b>w og\u00f3le <\/b><b>to <\/b><b>interesuje? <\/b>Czy posypywanie g\u0142owy popio\u0142em \u2013 to naprawd\u0119 nie jakie\u015b \u201e\u015bredniowiecze\u201d? Jak przekona\u0107 dzisiejszego cz\u0142owieka sukcesu, \u017cyj\u0105cego ci\u0105gle w biegu, <b>\u017ceby si\u0119 zatrzyma\u0142, wyciszy\u0142, <\/b>pomy\u015bla\u0142 nad sob\u0105, przemy\u015bla\u0142 swoje \u017cycie, a mo\u017ce nawet uderzy\u0142 si\u0119 w pier\u015b i przyzna\u0142 si\u0119 do grzechu, do b\u0142\u0119du? <\/span><\/span><\/span><\/p>\n<p align=\"justify\"><span style=\"color: #000000;\"><span style=\"font-family: Book Antiqua, serif;\"><span style=\"font-size: large;\">Czy dzisiejszy cz\u0142owiek \u2013 szczeg\u00f3lnie m\u0142ody \u2013 <b>rozumie jeszcze t<\/b><b>akie<\/b><b> poj\u0119cia,<\/b> jak: Gorzkie \u017bale, Droga Krzy\u017cowa, Rekolekcje, Spowied\u017a, postanowienia wielkopostne, wyciszenie, skupienie, pokuta, wymaganie od siebie, samodyscyplina?\u2026 A je\u015bli tak, to <b>jak je rozumie?<\/b> Co <b>konkretnie<\/b> rozumie pod ka\u017cdym z nich? Czy w Wielkim Po\u015bcie mo\u017ce by\u0107 <b>co\u015b<\/b> <b>ciekawego, intryguj\u0105cego, atrakcyjnego?\u2026<\/b> <\/span><\/span><\/span><\/p>\n<p align=\"justify\"><span style=\"color: #000000;\"><span style=\"font-family: Book Antiqua, serif;\"><span style=\"font-size: large;\">Moi Drodzy, kto mo\u017ce odpowiedzie\u0107 na te pytania? Kto mo\u017ce udzieli\u0107 odpowiedzi <b>na tyle <\/b><b>sprawdzonej<\/b><b> i wi\u0105\u017c\u0105cej, <\/b>\u017ce b\u0119dzie ona na pewno s\u0142uszna i w\u0142a\u015bciwa? Kto mo\u017ce udzieli\u0107 takiej odpowiedzi, z pe\u0142nym przekonaniem, \u017ce b\u0119dzie to trafna diagnoza rzeczywisto\u015bci? Kto?\u2026<\/span><\/span><\/span><\/p>\n<p align=\"justify\"><span style=\"color: #000000;\"><span style=\"font-family: Book Antiqua, serif;\"><span style=\"font-size: large;\"><b>Ojciec \u015awi\u0119ty, kt\u00f3ry\u015b z biskup\u00f3w, <\/b>albo kt\u00f3ry\u015b z naszych parafialnych duszpasterzy? A mo\u017ce jaki\u015b <b>socjolog religii,<\/b> jaki\u015b badacz starych zwyczaj\u00f3w, albo psycholog, analizuj\u0105cy ludzkie zachowania?\u2026 <b>Kto mo\u017ce odpowiedzie\u0107 na te pytania?\u2026 <\/b><\/span><\/span><\/span><\/p>\n<p align=\"justify\"><span style=\"color: #000000;\"><span style=\"font-family: Book Antiqua, serif;\"><span style=\"font-size: large;\">Moi Drodzy, dobrze wiemy. \u017beby odpowied\u017a na ka\u017cde z tych pyta\u0144 by\u0142a przekonuj\u0105ca, pewna i prawdziwa, musi jej udzieli\u0107 <b>ka\u017cda i ka\u017cdy z nas.<\/b> Indywidualnie, osobi\u015bcie, ws\u0142uchuj\u0105c si\u0119 w swoje w\u0142asne serce, bazuj\u0105c tak\u017ce na dotychczasowych do\u015bwiadczeniach prze\u017cywania <b>tylu ju\u017c Wielkich Post\u00f3w w swoim \u017cyciu. <\/b>Pami\u0119tamy przecie\u017c, jak je prze\u017cywali\u015bmy i ile wnios\u0142y \u2013 lub nie wnios\u0142y \u2013 do naszej chrze\u015bcija\u0144skiej postawy.<\/span><\/span><\/span><\/p>\n<p align=\"justify\"><span style=\"color: #000000;\"><span style=\"font-family: Book Antiqua, serif;\"><span style=\"font-size: large;\">Dlatego ju\u017c dzisiaj zechciejmy jasno okre\u015bli\u0107, czym ten Wielki Post \u2013 w moim osobistym jego rozumieniu i prze\u017cywaniu \u2013 <b>b\u0119dzie si\u0119 r\u00f3\u017cni\u0142 od poprzednich?<\/b> Co konkretnie bior\u0119 od dzi\u015b na warsztat mojej osobistej duchowej pracy?\u2026<\/span><\/span><\/span><\/p>\n","protected":false},"excerpt":{"rendered":"<p>Niech b\u0119dzie pochwalony Jezus Chrystus! Moi Drodzy, w dniu dzisiejszym imieniny prze\u017cywa Ksi\u0105dz Biskup Zbigniew Kiernikowski, by\u0142y Biskup Siedlecki, a obecnie Biskup Legnicki. Niech Najwy\u017cszy Kap\u0142an obficie b\u0142ogos\u0142awi i wspiera Solenizanta swoj\u0105 moc\u0105 w pasterskiej pos\u0142udze. Zapewniam o modlitwie! Moi Drodzy, rozpoczynamy Wielki Post. A dzisiaj \u2013 Popielec. Dzie\u0144 ten nie zobowi\u0105zuje nas do uczestnictwa [&hellip;]<\/p>\n","protected":false},"author":1,"featured_media":0,"comment_status":"open","ping_status":"open","sticky":false,"template":"","format":"standard","meta":{"jetpack_post_was_ever_published":false,"_jetpack_newsletter_access":"","_jetpack_dont_email_post_to_subs":false,"_jetpack_newsletter_tier_id":0,"_jetpack_memberships_contains_paywalled_content":false,"_jetpack_memberships_contains_paid_content":false,"footnotes":""},"categories":[1],"tags":[],"class_list":["post-18548","post","type-post","status-publish","format-standard","hentry","category-bez-kategorii"],"yoast_head":"<!-- This site is optimized with the Yoast SEO plugin v25.1 - https:\/\/yoast.com\/wordpress\/plugins\/seo\/ -->\n<title>Czy Wielki Post - ma sens?... - Gaudium Et Spes<\/title>\n<meta name=\"robots\" content=\"index, follow, max-snippet:-1, max-image-preview:large, max-video-preview:-1\" \/>\n<link rel=\"canonical\" href=\"https:\/\/gaudiumetspes-blog.pl\/index.php\/2021\/02\/17\/czy-wielki-post-ma-sens\/\" \/>\n<meta property=\"og:locale\" content=\"pl_PL\" \/>\n<meta property=\"og:type\" content=\"article\" \/>\n<meta property=\"og:title\" content=\"Czy Wielki Post - ma sens?... - Gaudium Et Spes\" \/>\n<meta property=\"og:description\" content=\"Niech b\u0119dzie pochwalony Jezus Chrystus! Moi Drodzy, w dniu dzisiejszym imieniny prze\u017cywa Ksi\u0105dz Biskup Zbigniew Kiernikowski, by\u0142y Biskup Siedlecki, a obecnie Biskup Legnicki. Niech Najwy\u017cszy Kap\u0142an obficie b\u0142ogos\u0142awi i wspiera Solenizanta swoj\u0105 moc\u0105 w pasterskiej pos\u0142udze. Zapewniam o modlitwie! Moi Drodzy, rozpoczynamy Wielki Post. A dzisiaj \u2013 Popielec. Dzie\u0144 ten nie zobowi\u0105zuje nas do uczestnictwa [&hellip;]\" \/>\n<meta property=\"og:url\" content=\"https:\/\/gaudiumetspes-blog.pl\/index.php\/2021\/02\/17\/czy-wielki-post-ma-sens\/\" \/>\n<meta property=\"og:site_name\" content=\"Gaudium Et Spes\" \/>\n<meta property=\"article:published_time\" content=\"2021-02-17T04:41:18+00:00\" \/>\n<meta name=\"author\" content=\"Ks. Jacek\" \/>\n<meta name=\"twitter:card\" content=\"summary_large_image\" \/>\n<meta name=\"twitter:label1\" content=\"Napisane przez\" \/>\n\t<meta name=\"twitter:data1\" content=\"Ks. Jacek\" \/>\n\t<meta name=\"twitter:label2\" content=\"Szacowany czas czytania\" \/>\n\t<meta name=\"twitter:data2\" content=\"12 minut\" \/>\n<script type=\"application\/ld+json\" class=\"yoast-schema-graph\">{\"@context\":\"https:\/\/schema.org\",\"@graph\":[{\"@type\":\"WebPage\",\"@id\":\"https:\/\/gaudiumetspes-blog.pl\/index.php\/2021\/02\/17\/czy-wielki-post-ma-sens\/\",\"url\":\"https:\/\/gaudiumetspes-blog.pl\/index.php\/2021\/02\/17\/czy-wielki-post-ma-sens\/\",\"name\":\"Czy Wielki Post - ma sens?... - Gaudium Et Spes\",\"isPartOf\":{\"@id\":\"https:\/\/gaudiumetspes-blog.pl\/#website\"},\"datePublished\":\"2021-02-17T04:41:18+00:00\",\"author\":{\"@id\":\"https:\/\/gaudiumetspes-blog.pl\/#\/schema\/person\/1661982992b752dea8dff0d4ed845a65\"},\"breadcrumb\":{\"@id\":\"https:\/\/gaudiumetspes-blog.pl\/index.php\/2021\/02\/17\/czy-wielki-post-ma-sens\/#breadcrumb\"},\"inLanguage\":\"pl-PL\",\"potentialAction\":[{\"@type\":\"ReadAction\",\"target\":[\"https:\/\/gaudiumetspes-blog.pl\/index.php\/2021\/02\/17\/czy-wielki-post-ma-sens\/\"]}]},{\"@type\":\"BreadcrumbList\",\"@id\":\"https:\/\/gaudiumetspes-blog.pl\/index.php\/2021\/02\/17\/czy-wielki-post-ma-sens\/#breadcrumb\",\"itemListElement\":[{\"@type\":\"ListItem\",\"position\":1,\"name\":\"Strona g\u0142\u00f3wna\",\"item\":\"https:\/\/gaudiumetspes-blog.pl\/\"},{\"@type\":\"ListItem\",\"position\":2,\"name\":\"Czy&nbsp;Wielki Post &#8211; ma sens?&#8230;\"}]},{\"@type\":\"WebSite\",\"@id\":\"https:\/\/gaudiumetspes-blog.pl\/#website\",\"url\":\"https:\/\/gaudiumetspes-blog.pl\/\",\"name\":\"Gaudium Et Spes\",\"description\":\"Blog Ks. Jacka Ja\u015bkowskiego\",\"potentialAction\":[{\"@type\":\"SearchAction\",\"target\":{\"@type\":\"EntryPoint\",\"urlTemplate\":\"https:\/\/gaudiumetspes-blog.pl\/?s={search_term_string}\"},\"query-input\":{\"@type\":\"PropertyValueSpecification\",\"valueRequired\":true,\"valueName\":\"search_term_string\"}}],\"inLanguage\":\"pl-PL\"},{\"@type\":\"Person\",\"@id\":\"https:\/\/gaudiumetspes-blog.pl\/#\/schema\/person\/1661982992b752dea8dff0d4ed845a65\",\"name\":\"Ks. Jacek\",\"image\":{\"@type\":\"ImageObject\",\"inLanguage\":\"pl-PL\",\"@id\":\"https:\/\/gaudiumetspes-blog.pl\/#\/schema\/person\/image\/\",\"url\":\"https:\/\/gaudiumetspes-blog.pl\/wp-content\/uploads\/2019\/07\/avatar-JJ-150x150.jpg\",\"contentUrl\":\"https:\/\/gaudiumetspes-blog.pl\/wp-content\/uploads\/2019\/07\/avatar-JJ-150x150.jpg\",\"caption\":\"Ks. Jacek\"},\"description\":\"Witam serdecznie! K\u0142ania si\u0119 Ks. Jacek Ja\u015bkowski. Nie jestem ani kim\u015b wa\u017cnym, ani kim\u015b znanym. Jestem ksi\u0119dzem, kt\u00f3ry po prostu chce rozmawia\u0107. Codzienna kap\u0142a\u0144ska pos\u0142uga pokazuje mi, \u017ce temat\u00f3w do rozm\u00f3w z ksi\u0119dzem jest coraz wi\u0119cej i dzisiaj \u017caden ksi\u0105dz nie mo\u017ce od nich ucieka\u0107, ale - wprost przeciwnie - podejmowa\u0107 nowe wyzwania. To przekonanie sk\u0142oni\u0142o mnie do pr\u00f3by otwarcia tego\u017c bloga, chocia\u017c okazji do rozm\u00f3w na co dzie\u0144 - w konfesjonale i poza nim - na szcz\u0119\u015bcie nie brakuje. My\u015bl\u0119 jednak, \u017ce ten blog b\u0119dzie jeszcze jednym sposobem i przestrzeni\u0105 nawi\u0105zania kontaktu z lud\u017ami dobrej woli, otwartymi na dialog.\",\"url\":\"https:\/\/gaudiumetspes-blog.pl\/index.php\/author\/ks-jacek\/\"}]}<\/script>\n<!-- \/ Yoast SEO plugin. -->","yoast_head_json":{"title":"Czy Wielki Post - ma sens?... - Gaudium Et Spes","robots":{"index":"index","follow":"follow","max-snippet":"max-snippet:-1","max-image-preview":"max-image-preview:large","max-video-preview":"max-video-preview:-1"},"canonical":"https:\/\/gaudiumetspes-blog.pl\/index.php\/2021\/02\/17\/czy-wielki-post-ma-sens\/","og_locale":"pl_PL","og_type":"article","og_title":"Czy Wielki Post - ma sens?... - Gaudium Et Spes","og_description":"Niech b\u0119dzie pochwalony Jezus Chrystus! Moi Drodzy, w dniu dzisiejszym imieniny prze\u017cywa Ksi\u0105dz Biskup Zbigniew Kiernikowski, by\u0142y Biskup Siedlecki, a obecnie Biskup Legnicki. Niech Najwy\u017cszy Kap\u0142an obficie b\u0142ogos\u0142awi i wspiera Solenizanta swoj\u0105 moc\u0105 w pasterskiej pos\u0142udze. Zapewniam o modlitwie! Moi Drodzy, rozpoczynamy Wielki Post. A dzisiaj \u2013 Popielec. Dzie\u0144 ten nie zobowi\u0105zuje nas do uczestnictwa [&hellip;]","og_url":"https:\/\/gaudiumetspes-blog.pl\/index.php\/2021\/02\/17\/czy-wielki-post-ma-sens\/","og_site_name":"Gaudium Et Spes","article_published_time":"2021-02-17T04:41:18+00:00","author":"Ks. Jacek","twitter_card":"summary_large_image","twitter_misc":{"Napisane przez":"Ks. Jacek","Szacowany czas czytania":"12 minut"},"schema":{"@context":"https:\/\/schema.org","@graph":[{"@type":"WebPage","@id":"https:\/\/gaudiumetspes-blog.pl\/index.php\/2021\/02\/17\/czy-wielki-post-ma-sens\/","url":"https:\/\/gaudiumetspes-blog.pl\/index.php\/2021\/02\/17\/czy-wielki-post-ma-sens\/","name":"Czy Wielki Post - ma sens?... - Gaudium Et Spes","isPartOf":{"@id":"https:\/\/gaudiumetspes-blog.pl\/#website"},"datePublished":"2021-02-17T04:41:18+00:00","author":{"@id":"https:\/\/gaudiumetspes-blog.pl\/#\/schema\/person\/1661982992b752dea8dff0d4ed845a65"},"breadcrumb":{"@id":"https:\/\/gaudiumetspes-blog.pl\/index.php\/2021\/02\/17\/czy-wielki-post-ma-sens\/#breadcrumb"},"inLanguage":"pl-PL","potentialAction":[{"@type":"ReadAction","target":["https:\/\/gaudiumetspes-blog.pl\/index.php\/2021\/02\/17\/czy-wielki-post-ma-sens\/"]}]},{"@type":"BreadcrumbList","@id":"https:\/\/gaudiumetspes-blog.pl\/index.php\/2021\/02\/17\/czy-wielki-post-ma-sens\/#breadcrumb","itemListElement":[{"@type":"ListItem","position":1,"name":"Strona g\u0142\u00f3wna","item":"https:\/\/gaudiumetspes-blog.pl\/"},{"@type":"ListItem","position":2,"name":"Czy&nbsp;Wielki Post &#8211; ma sens?&#8230;"}]},{"@type":"WebSite","@id":"https:\/\/gaudiumetspes-blog.pl\/#website","url":"https:\/\/gaudiumetspes-blog.pl\/","name":"Gaudium Et Spes","description":"Blog Ks. Jacka Ja\u015bkowskiego","potentialAction":[{"@type":"SearchAction","target":{"@type":"EntryPoint","urlTemplate":"https:\/\/gaudiumetspes-blog.pl\/?s={search_term_string}"},"query-input":{"@type":"PropertyValueSpecification","valueRequired":true,"valueName":"search_term_string"}}],"inLanguage":"pl-PL"},{"@type":"Person","@id":"https:\/\/gaudiumetspes-blog.pl\/#\/schema\/person\/1661982992b752dea8dff0d4ed845a65","name":"Ks. Jacek","image":{"@type":"ImageObject","inLanguage":"pl-PL","@id":"https:\/\/gaudiumetspes-blog.pl\/#\/schema\/person\/image\/","url":"https:\/\/gaudiumetspes-blog.pl\/wp-content\/uploads\/2019\/07\/avatar-JJ-150x150.jpg","contentUrl":"https:\/\/gaudiumetspes-blog.pl\/wp-content\/uploads\/2019\/07\/avatar-JJ-150x150.jpg","caption":"Ks. Jacek"},"description":"Witam serdecznie! K\u0142ania si\u0119 Ks. Jacek Ja\u015bkowski. Nie jestem ani kim\u015b wa\u017cnym, ani kim\u015b znanym. Jestem ksi\u0119dzem, kt\u00f3ry po prostu chce rozmawia\u0107. Codzienna kap\u0142a\u0144ska pos\u0142uga pokazuje mi, \u017ce temat\u00f3w do rozm\u00f3w z ksi\u0119dzem jest coraz wi\u0119cej i dzisiaj \u017caden ksi\u0105dz nie mo\u017ce od nich ucieka\u0107, ale - wprost przeciwnie - podejmowa\u0107 nowe wyzwania. To przekonanie sk\u0142oni\u0142o mnie do pr\u00f3by otwarcia tego\u017c bloga, chocia\u017c okazji do rozm\u00f3w na co dzie\u0144 - w konfesjonale i poza nim - na szcz\u0119\u015bcie nie brakuje. My\u015bl\u0119 jednak, \u017ce ten blog b\u0119dzie jeszcze jednym sposobem i przestrzeni\u0105 nawi\u0105zania kontaktu z lud\u017ami dobrej woli, otwartymi na dialog.","url":"https:\/\/gaudiumetspes-blog.pl\/index.php\/author\/ks-jacek\/"}]}},"jetpack_featured_media_url":"","jetpack_sharing_enabled":true,"_links":{"self":[{"href":"https:\/\/gaudiumetspes-blog.pl\/index.php\/wp-json\/wp\/v2\/posts\/18548","targetHints":{"allow":["GET"]}}],"collection":[{"href":"https:\/\/gaudiumetspes-blog.pl\/index.php\/wp-json\/wp\/v2\/posts"}],"about":[{"href":"https:\/\/gaudiumetspes-blog.pl\/index.php\/wp-json\/wp\/v2\/types\/post"}],"author":[{"embeddable":true,"href":"https:\/\/gaudiumetspes-blog.pl\/index.php\/wp-json\/wp\/v2\/users\/1"}],"replies":[{"embeddable":true,"href":"https:\/\/gaudiumetspes-blog.pl\/index.php\/wp-json\/wp\/v2\/comments?post=18548"}],"version-history":[{"count":1,"href":"https:\/\/gaudiumetspes-blog.pl\/index.php\/wp-json\/wp\/v2\/posts\/18548\/revisions"}],"predecessor-version":[{"id":18549,"href":"https:\/\/gaudiumetspes-blog.pl\/index.php\/wp-json\/wp\/v2\/posts\/18548\/revisions\/18549"}],"wp:attachment":[{"href":"https:\/\/gaudiumetspes-blog.pl\/index.php\/wp-json\/wp\/v2\/media?parent=18548"}],"wp:term":[{"taxonomy":"category","embeddable":true,"href":"https:\/\/gaudiumetspes-blog.pl\/index.php\/wp-json\/wp\/v2\/categories?post=18548"},{"taxonomy":"post_tag","embeddable":true,"href":"https:\/\/gaudiumetspes-blog.pl\/index.php\/wp-json\/wp\/v2\/tags?post=18548"}],"curies":[{"name":"wp","href":"https:\/\/api.w.org\/{rel}","templated":true}]}}