{"id":18578,"date":"2021-02-22T07:01:43","date_gmt":"2021-02-22T06:01:43","guid":{"rendered":"https:\/\/gaudiumetspes-blog.pl\/?p=18578"},"modified":"2021-02-22T07:01:43","modified_gmt":"2021-02-22T06:01:43","slug":"budujmy-kosciol","status":"publish","type":"post","link":"https:\/\/gaudiumetspes-blog.pl\/index.php\/2021\/02\/22\/budujmy-kosciol\/","title":{"rendered":"Budujmy Ko\u015bci\u00f3\u0142!"},"content":{"rendered":"<p align=\"justify\"><span style=\"color: #000000;\"><span style=\"font-family: Book Antiqua, serif;\"><span style=\"font-size: large;\">Szcz\u0119\u015b\u0107 Bo\u017ce! Moi Drodzy, w dniu dzisiejszym <b>s<\/b><b>i\u00f3dme<\/b> <b>(j<\/b><b>ak ten czas leci<\/b><b>!)<\/b> <b>urodziny prze\u017cywa moja Siostrzenica, Emilka Nied\u017awiedzka. Z ca\u0142ego serca \u017cycz\u0119 naszej Kochanej Jubilatce, aby <\/b><b>nie traci\u0142a swej \u017cyciowej energii, ale rozwija\u0142a si\u0119 ku rado\u015bci ca\u0142ej naszej Rodziny i tych wszystkich, z kt\u00f3rymi si\u0119 spotyka. <\/b><b>Niech Pan pozwoli Jej rozwin\u0105\u0107 wszystkie talenty, kt\u00f3rych da\u0142 Jej tak wiele! <\/b><b>Ca\u0142\u0105 Rodzin\u0105 otaczamy Emilk\u0119<\/b><b> modlitw<\/b><b>\u0105<\/b><b>!<\/b><\/span><\/span><\/span><\/p>\n<p align=\"justify\"><span style=\"color: #000000;\"><span style=\"font-family: Book Antiqua, serif;\"><span style=\"font-size: large;\">I pozdrawiam \u2013 wraz z ca\u0142\u0105 Ekip\u0105 \u2013 ze Szklarskiej Por\u0119by, gdzie w tym momencie bardzo wieje! Pewnie jaki\u015b znak od Ducha \u015awi\u0119tego! Co ciekawe, zajrza\u0142em do rozwa\u017cania zesz\u0142orocznego na dzisiejszy dzie\u0144 i okaza\u0142o si\u0119, \u017ce te\u017c wysy\u0142a\u0142em je ze Szklarskiej Por\u0119by \u2013 i te\u017c wia\u0142o! Jaki\u015b znak \u2013 w to w\u0142a\u015bnie \u015awi\u0119to, jakie dzi\u015b w Ko\u015bciele prze\u017cywamy?\u2026<\/span><\/span><\/span><\/p>\n<p align=\"justify\"><span style=\"color: #000000;\"><span style=\"font-family: Book Antiqua, serif;\"><span style=\"font-size: large;\">Moi Drodzy, jak w ka\u017cdy poniedzia\u0142ek, ze swoim s\u0142\u00f3wkiem zwraca si\u0119 do nas Janek. Ja na pocz\u0105tku zamie\u015bci\u0142em kilka s\u0142\u00f3w informacji o dzisiejszym \u015awi\u0119cie, a potem ju\u017c s\u0142\u00f3wko Janka. Bardzo Mu dzi\u0119kuj\u0119 za solidno\u015b\u0107 i s\u0142owno\u015b\u0107, a przede wszystkim \u2013 za \u015bwiadectwo g\u0142\u0119bokiej, szczerej wiary! Dzi\u0119kuj\u0119 raz jeszcze tak\u017ce za udzia\u0142 w audycji pi\u0105tkowej.<\/span><\/span><\/span><\/p>\n<p align=\"justify\"><span style=\"color: #000000;\"><span style=\"font-family: Book Antiqua, serif;\"><span style=\"font-size: large;\">I zapraszam ju\u017c do pochylenia si\u0119 nad Bo\u017cym s\u0142owem. <b>Co Pan do mnie dzisiaj konkretnie m\u00f3wi?<\/b> Niech Duch \u015awi\u0119ty natchnie i o\u015bwieci!<\/span><\/span><\/span><\/p>\n<p align=\"justify\"><span style=\"color: #000000;\"><span style=\"font-family: Book Antiqua, serif;\"><span style=\"font-size: large;\"><b>Niech Was b\u0142ogos\u0142awi B\u00f3g Wszechmog\u0105cy: Ojciec + i Syn, i Duch \u015awi\u0119ty. Amen<\/b><\/span><\/span><\/span><\/p>\n<p align=\"center\"><span style=\"color: #000000;\"><span style=\"font-family: Book Antiqua, serif;\"><span style=\"font-size: large;\">Gaudium et spes! Ks. Jacek<\/span><\/span><\/span><\/p>\n<p align=\"center\">\n<p align=\"center\">\n<p align=\"center\">\n<p align=\"center\">\n<p align=\"center\">\n<p align=\"justify\"><span style=\"color: #000000;\"><span style=\"font-family: Book Antiqua, serif;\"><span style=\"font-size: large;\"><b>\u015awi\u0119to Katedry \u015awi\u0119tego Piotra,<\/b><\/span><\/span><\/span><\/p>\n<p align=\"justify\"><span style=\"color: #000000;\"><span style=\"font-family: Book Antiqua, serif;\"><span style=\"font-size: large;\"><b>22 lutego 2021.,<\/b><\/span><\/span><\/span><\/p>\n<p align=\"justify\"><span style=\"color: #000000;\"><span style=\"font-family: Book Antiqua, serif;\"><span style=\"font-size: large;\"><b>do czyta\u0144 z t. VI Lekcjonarza: 1 P 5,1\u20134; Mt 16,13\u201319<\/b><\/span><\/span><\/span><\/p>\n<p align=\"justify\">\n<p align=\"justify\">\n<p align=\"justify\">\n<p align=\"justify\">\n<p align=\"justify\">\n<p align=\"justify\"><span style=\"color: #000000;\"><span style=\"font-family: Book Antiqua, serif;\"><span style=\"font-size: large;\"><b>CZYTANIE Z PIERWSZEGO LISTU \u015aWI\u0118TEGO PIOTRA APOSTO\u0141A:<\/b><\/span><\/span><\/span><\/p>\n<p align=\"justify\"><span style=\"color: #000000;\"><span style=\"font-family: Book Antiqua, serif;\"><span style=\"font-size: large;\"><b>Najmilsi: Starszych, kt\u00f3rzy s\u0105 w\u015br\u00f3d was, prosz\u0119 ja, r\u00f3wnie\u017c starszy, a przy tym \u015bwiadek Chrystusowych cierpie\u0144 oraz uczestnik tej chwa\u0142y, kt\u00f3ra ma si\u0119 objawi\u0107: pa\u015bcie stado Bo\u017ce, kt\u00f3re jest przy was, strzeg\u0105c go nie pod przymusem, ale z w\u0142asnej woli, jak B\u00f3g chce; nie ze wzgl\u0119du na niegodziwe zyski, ale z oddaniem; i nie jak ci, kt\u00f3rzy ciemi\u0119\u017c\u0105 gminy, ale jako \u017cywe przyk\u0142ady dla stada. Kiedy za\u015b objawi si\u0119 Najwy\u017cszy Pasterz, otrzymacie niewi\u0119dn\u0105cy wieniec chwa\u0142y.<\/b><\/span><\/span><\/span><\/p>\n<p align=\"justify\">\n<p align=\"justify\">\n<p align=\"justify\">\n<p align=\"justify\">\n<p align=\"justify\">\n<p align=\"justify\"><span style=\"color: #000000;\"><span style=\"font-family: Book Antiqua, serif;\"><span style=\"font-size: large;\"><b>S\u0141OWA EWANGELII WED\u0141UG \u015aWI\u0118TEGO MATEUSZA:<\/b><\/span><\/span><\/span><\/p>\n<p align=\"justify\"><span style=\"color: #000000;\"><span style=\"font-family: Book Antiqua, serif;\"><span style=\"font-size: large;\"><b>Gdy Jezus przyszed\u0142 w okolice Cezarei Filipowej, pyta\u0142 swych uczni\u00f3w: \u201eZa kogo ludzie uwa\u017caj\u0105 Syna Cz\u0142owieczego?\u201d<\/b><\/span><\/span><\/span><\/p>\n<p align=\"justify\"><span style=\"color: #000000;\"><span style=\"font-family: Book Antiqua, serif;\"><span style=\"font-size: large;\"><b>A oni odpowiedzieli: \u201eJedni za Jana Chrzciciela, inni za Eliasza, jeszcze inni za Jeremiasza albo za jednego z prorok\u00f3w\u201d.<\/b><\/span><\/span><\/span><\/p>\n<p align=\"justify\"><span style=\"color: #000000;\"><span style=\"font-family: Book Antiqua, serif;\"><span style=\"font-size: large;\"><b>Jezus zapyta\u0142 ich: \u201eA wy za kogo Mnie uwa\u017cacie?\u201d<\/b><\/span><\/span><\/span><\/p>\n<p align=\"justify\"><span style=\"color: #000000;\"><span style=\"font-family: Book Antiqua, serif;\"><span style=\"font-size: large;\"><b>Odpowiedzia\u0142 Szymon Piotr: \u201eTy jeste\u015b Mesjasz, Syn Boga \u017cywego\u201d.<\/b><\/span><\/span><\/span><\/p>\n<p align=\"justify\"><span style=\"color: #000000;\"><span style=\"font-family: Book Antiqua, serif;\"><span style=\"font-size: large;\"><b>Na to Jezus mu rzek\u0142: \u201eB\u0142ogos\u0142awiony jeste\u015b, Szymonie, synu Jony. Albowiem cia\u0142o i krew nie objawi\u0142y ci tego, lecz Ojciec m\u00f3j, kt\u00f3ry jest w niebie. Ot\u00f3\u017c i Ja tobie powiadam: Ty jeste\u015b Piotr \u2013 Opoka, i na tej opoce zbuduj\u0119 m\u00f3j Ko\u015bci\u00f3\u0142, a bramy piekielne go nie przemog\u0105. I tobie dam klucze kr\u00f3lestwa niebieskiego; cokolwiek zwi\u0105\u017cesz na ziemi, b\u0119dzie zwi\u0105zane w niebie, a co rozwi\u0105\u017cesz na ziemi, b\u0119dzie rozwi\u0105zane w niebie\u201d.<\/b><\/span><\/span><\/span><\/p>\n<p align=\"justify\">\n<p align=\"justify\">\n<p align=\"justify\">\n<p align=\"justify\">\n<p align=\"justify\">\n<p align=\"justify\"><span style=\"color: #000000;\"><span style=\"font-size: large;\"><span style=\"font-family: Book Antiqua, serif;\">Od IV wieku chrze\u015bcijanie rzymscy <\/span><span style=\"font-family: Book Antiqua, serif;\"><b>znali i obchodzili <\/b><\/span><span style=\"font-family: Book Antiqua, serif;\"><b>\u015a<\/b><\/span><span style=\"font-family: Book Antiqua, serif;\"><b>wi\u0119to Katedry <\/b><\/span><span style=\"font-family: Book Antiqua, serif;\"><b>\u015a<\/b><\/span><span style=\"font-family: Book Antiqua, serif;\"><b>wi\u0119tego Piotra,<\/b><\/span><span style=\"font-family: Book Antiqua, serif;\"> wspominaj\u0105c, \u017ce Aposto\u0142 by\u0142 <\/span><span style=\"font-family: Book Antiqua, serif;\">B<\/span><span style=\"font-family: Book Antiqua, serif;\">iskupem tego miasta. W ten spos\u00f3b <\/span><span style=\"font-family: Book Antiqua, serif;\"><b>sk\u0142adali ho\u0142d \u015awi\u0119temu Piotrowi<\/b><\/span><span style=\"font-family: Book Antiqua, serif;\"> za to, \u017ce w\u0142a\u015bnie w Rzymie za\u0142o\u017cy\u0142 gmin\u0119 chrze\u015bcija\u0144sk\u0105 i miasto obra\u0142 za stolic\u0119 chrze\u015bcija\u0144stwa. Poniewa\u017c jednak <\/span><span style=\"font-family: Book Antiqua, serif;\">\u015a<\/span><span style=\"font-family: Book Antiqua, serif;\">wi\u0119to <\/span><span style=\"font-family: Book Antiqua, serif;\">to <\/span><span style=\"font-family: Book Antiqua, serif;\">wypada\u0142o dawniej cz\u0119sto podczas Wielkiego Postu, dlatego w wielu miejscach \u015bwiata zacz\u0119to je obchodzi\u0107 18 stycznia. <\/span><\/span><\/span><\/p>\n<p align=\"justify\"><span style=\"color: #000000;\"><span style=\"font-size: large;\"><span style=\"font-family: Book Antiqua, serif;\">I tak, z biegiem lat ustali\u0142y si\u0119 zwyczajowo dwa \u015bwi\u0119ta: <\/span><span style=\"font-family: Book Antiqua, serif;\"><b>18 stycznia \u2013 Katedry \u015awi\u0119tego Piotra w Rzymie, a 22 lutego \u2013 Katedry \u015awi\u0119tego Piotra w Antiochii.<\/b><\/span><span style=\"font-family: Book Antiqua, serif;\"> Wed\u0142ug bowiem bardzo dawnej tradycji, \u015awi\u0119ty Piotr mia\u0142 najpierw za\u0142o\u017cy\u0107 swoj\u0105 stolic\u0119 G\u0142owy Ko\u015bcio\u0142a w Antiochii, gdzie przebywa\u0142 kilka lat, zanim uda\u0142 si\u0119 oko\u0142o 42 roku do Rzymu i tam poni\u00f3s\u0142 \u015bmier\u0107 m\u0119cze\u0144sk\u0105. <\/span><\/span><\/span><\/p>\n<p align=\"justify\"><span style=\"color: #000000;\"><span style=\"font-size: large;\"><span style=\"font-family: Book Antiqua, serif;\">W 1558 roku <\/span><span style=\"font-family: Book Antiqua, serif;\">P<\/span><span style=\"font-family: Book Antiqua, serif;\">apie\u017c Pawe\u0142 IV <\/span><span style=\"font-family: Book Antiqua, serif;\"><b>ustali\u0142 dzie\u0144 18 stycznia<\/b><\/span><span style=\"font-family: Book Antiqua, serif;\"> jako pami\u0105tk\u0119 wst\u0105pienia na tron rzymski \u015awi\u0119tego Piotra, <\/span><span style=\"font-family: Book Antiqua, serif;\"><b>a 22 lutego<\/b><\/span><span style=\"font-family: Book Antiqua, serif;\"> na obch\u00f3d \u015bwi\u0119ta obj\u0119cia stolicy w Antiochii. Oba \u015bwi\u0119ta, obchodzone pocz\u0105tkowo tylko w Rzymie, <\/span><span style=\"font-family: Book Antiqua, serif;\"><b>Pawe\u0142 IV rozszerzy\u0142 <\/b><\/span><span style=\"font-family: Book Antiqua, serif;\"><b>\u2013<\/b><\/span><b> <\/b><span style=\"font-family: Book Antiqua, serif;\"><b>jako <\/b><\/span><span style=\"font-family: Book Antiqua, serif;\"><b>obowi\u0105<\/b><\/span><span style=\"font-family: Book Antiqua, serif;\"><b>zuj\u0105ce \u2013<\/b><\/span><span style=\"font-family: Book Antiqua, serif;\"><b> na ca\u0142y Ko\u015bci\u00f3\u0142 <\/b><\/span><span style=\"font-family: Book Antiqua, serif;\"><b>\u0142<\/b><\/span><span style=\"font-family: Book Antiqua, serif;\"><b>aci\u0144ski.<\/b><\/span><span style=\"font-family: Book Antiqua, serif;\"> Reforma liturgii po Soborze Watyka\u0144skim II doprowadzi\u0142a do ustalenie jednego <\/span><span style=\"font-family: Book Antiqua, serif;\">\u015a<\/span><span style=\"font-family: Book Antiqua, serif;\">wi\u0119ta Katedry \u015awi\u0119tego Piotra \u2013 w\u0142a\u015bnie w dniu dzisiejszym<\/span><span style=\"font-family: Book Antiqua, serif;\">. <\/span><\/span><\/span><\/p>\n<p align=\"justify\"><span style=\"color: #000000;\"><span style=\"font-size: large;\"><span style=\"font-family: Book Antiqua, serif;\">W Bazylice \u015awi\u0119tego Piotra w Rzymie, za g\u0142\u00f3wnym o\u0142tarzem, w absydzie, jest <\/span><span style=\"font-family: Book Antiqua, serif;\"><b>tron \u2013 uroczysta katedra \u2013 na kt\u00f3rym, wed\u0142ug tradycji, mia\u0142 zasiada\u0107 w\u0142a\u015bnie \u015awi\u0119ty Piotr.<\/b><\/span><span style=\"font-family: Book Antiqua, serif;\"> Drogocenna relikwia sk\u0142ada si\u0119 jedynie <\/span><span style=\"font-family: Book Antiqua, serif;\"><b>z wielu oddzielny<\/b><\/span><span style=\"font-family: Book Antiqua, serif;\"><b>ch<\/b><\/span><span style=\"font-family: Book Antiqua, serif;\"><b> kawa\u0142k\u00f3w drewna,<\/b><\/span><span style=\"font-family: Book Antiqua, serif;\"> spojonych jednak ju\u017c dawno bogato zdobionymi p\u0142ytami z ko\u015bci s\u0142oniowej. Jeden z budowniczych Bazyliki, Jan Wawrzyniec Bernini, w XVII wieku <\/span><span style=\"font-family: Book Antiqua, serif;\"><b>zamkn\u0105\u0142 \u00f3w tron w pot\u0119\u017cnej, marmurowej budowli.<\/b><\/span><span style=\"font-family: Book Antiqua, serif;\"> Ta w\u0142a\u015bnie katedra sta\u0142a si\u0119 symbolem w\u0142adzy zwierzchniej w Ko\u015bciele Chrystusa tak w osobie \u015awi\u0119tego Piotra, jak r\u00f3wnie\u017c \u2013 w osobach jego Nast\u0119pc\u00f3w. <\/span><\/span><\/span><\/p>\n<p align=\"justify\"><span style=\"color: #000000;\"><span style=\"font-size: large;\"><span style=\"font-family: Book Antiqua, serif;\">\u015awi\u0119to dzisiejsze jest wi\u0119c z jednej strony <\/span><span style=\"font-family: Book Antiqua, serif;\"><b>aktem wdzi\u0119czno\u015bci Rzymian<\/b><\/span><span style=\"font-family: Book Antiqua, serif;\"> za to, \u017ce \u015awi\u0119ty Piotr wyr\u00f3\u017cni\u0142 ich miasto tak bardzo, a z drugiej strony jest okazj\u0105 dla wiernych Ko\u015bcio\u0142a, by mogli <\/span><span style=\"font-family: Book Antiqua, serif;\"><b>okaza\u0107 Nast\u0119pcom Piotra sw\u00f3j ho\u0142d i przywi\u0105zanie.<\/b><\/span><span style=\"font-family: Book Antiqua, serif;\"> Tron, na kt\u00f3rym zasiada\u0142 \u015awi\u0119ty Piotr, obecny stale w \u015bwi\u0105tyni, gdzie Papie\u017c naucza i sprawuje liturgi\u0119, jest nieustannym \u015bwiadectwem, \u017ce <\/span><span style=\"font-family: Book Antiqua, serif;\"><b>B<\/b><\/span><span style=\"font-family: Book Antiqua, serif;\"><b>iskupi<\/b><\/span><b> <\/b><span style=\"font-family: Book Antiqua, serif;\"><b>R<\/b><\/span><span style=\"font-family: Book Antiqua, serif;\"><b>zymscy maj\u0105 t\u0119 sam\u0105 w\u0142adz\u0119 nad Ko\u015bcio\u0142em Chrystusa, jak\u0105 mia\u0142 Piotr \u2013 <\/b><\/span><span style=\"font-family: Book Antiqua, serif;\">i \u017ce <\/span><span style=\"font-family: Book Antiqua, serif;\">N<\/span><span style=\"font-family: Book Antiqua, serif;\">ast\u0119pcami Piotra mog\u0105 by\u0107 tylko oni.<\/span><\/span><\/span><\/p>\n<p align=\"justify\">\n<p align=\"justify\">\n<p align=\"justify\">\n<p align=\"justify\">\n<p align=\"justify\">\n<p align=\"center\"><span style=\"color: #000000;\"><span style=\"font-family: Book Antiqua, serif;\"><span style=\"font-size: large;\"><b>A <\/b><b>OTO S\u0141\u00d3WKO JANKA:<\/b><\/span><\/span><\/span><\/p>\n<p align=\"center\">\n<p align=\"center\">\n<p align=\"center\">\n<p align=\"center\">\n<p align=\"center\">\n<p align=\"justify\"><span style=\"color: #000000;\"><span style=\"font-family: Book Antiqua, serif;\"><span style=\"font-size: large;\">Dzi\u015b w Ko\u015bciele jest \u015awi\u0119to Katedry \u015aw. Piotra Aposto\u0142a. W pierwszym czytaniu \u015aw. Piotr, prosi starszych, czyli pasterzy Ko\u015bcio\u0142a: <i><b>P<\/b><\/i><i><b>a\u015bcie<\/b><\/i><i><b> stado Bo\u017ce, kt\u00f3re jest przy was, strzeg\u0105c go nie pod przymusem, ale z w\u0142asnej woli, jak B\u00f3g chce; nie ze wzgl\u0119du na niegodziwe zyski, ale z oddaniem; i nie jak ci, kt\u00f3rzy ciemi\u0119\u017c\u0105 gminy, ale jako \u017cywe przyk\u0142ady dla stada.\u2019<\/b><\/i><\/span><\/span><\/span><\/p>\n<p align=\"justify\"><span style=\"color: #000000;\"><span style=\"font-family: Book Antiqua, serif;\"><span style=\"font-size: large;\">Gdy czyta\u0142em to pierwsze czytanie \u2013 pierwsze, co mi przysz\u0142o na my\u015bl, to zamach na \u015aw. Jana Paw\u0142a II. Gdy da\u0142 \u017cywy przyk\u0142ad dla stada. Mimo to, \u017ce zosta\u0142 postrzelony, to on nie znienawidzi\u0142 cz\u0142owieka, kt\u00f3ry go skrzywdzi\u0142, tylko Mu przebaczy\u0142. Przebaczy\u0142 mu to i nawet si\u0119 z nim spotka\u0142! To jest dopiero mi\u0142o\u015b\u0107 do drugiego cz\u0142owieka. Mi\u0142o\u015b\u0107, kt\u00f3rej nam tak cz\u0119sto brakuje\u2026 <\/span><\/span><\/span><\/p>\n<p align=\"justify\"><span style=\"color: #000000;\"><span style=\"font-family: Book Antiqua, serif;\"><span style=\"font-size: large;\">Zapewne, gdyby kto\u015b nas albo kogo\u015b z naszych bliskich postrzeli\u0142, czy \u015bwiadomie potr\u0105ci\u0142, to my by\u015bmy byli na tego cz\u0142owieka \u017ali. By\u015bmy si\u0119 z nim k\u0142\u00f3cili. Chcieliby\u015bmy, by spotka\u0142o go to, co nas, czy naszego bliskiego. To jest trudne powiedzie\u0107 komu\u015b: \u201ePrzebaczam ci\u201d. Ale my, katolicy, jeste\u015bmy do tego zobowi\u0105zani! Zobowi\u0105zani dawa\u0107 ludziom przyk\u0142ad mi\u0142o\u015bci do bli\u017aniego! B\u00f3g na pewno nam to wynagrodzi!<\/span><\/span><\/span><\/p>\n<p align=\"justify\"><span style=\"color: #000000;\"><span style=\"font-family: Book Antiqua, serif;\"><span style=\"font-size: large;\">Natomiast w Ewangelii Jezus pyta swoich uczni\u00f3w: <i><b>Za kogo ludzie uwa\u017caj\u0105 Syna Cz\u0142owieczego<\/b><\/i>? Ludzie odpowiadali r\u00f3\u017cnie. <i><b>Jedni za Jana Chrzciciela, inni za Eliasza, jeszcze inni za Jeremiasza albo za jednego z prorok\u00f3w<\/b><\/i> I wtedy Jezus zapyta\u0142 swoich uczni\u00f3w : <i><b>A wy za kogo Mnie uwa\u017cacie? <\/b><\/i>\u015aw. Piotr odpowiedzia\u0142 bardzo trafnie i wtedy Jezus wyrzek\u0142 do niego bardzo mocne zdanie: <i><b>B\u0142ogos\u0142awiony jeste\u015b, Szymonie, synu Jony. Albowiem cia\u0142o i krew nie objawi\u0142y ci tego, lecz Ojciec m\u00f3j, kt\u00f3ry jest w niebie. Ot\u00f3\u017c i Ja tobie powiadam: Ty jeste\u015b Piotr \u2013 Opoka, i na tej opoce zbuduj\u0119 m\u00f3j Ko\u015bci\u00f3\u0142, a bramy piekielne go nie przemog\u0105. I tobie dam klucze kr\u00f3lestwa niebieskiego; cokolwiek zwi\u0105\u017cesz na ziemi, b\u0119dzie zwi\u0105zane w niebie, a co rozwi\u0105\u017cesz na ziemi, b\u0119dzie rozwi\u0105zane w niebie.<\/b><\/i> <\/span><\/span><\/span><\/p>\n<p align=\"justify\"><span style=\"color: #000000;\"><span style=\"font-family: Book Antiqua, serif;\"><span style=\"font-size: large;\">W tych czasach wielu ludzi mo\u017ce my\u015ble\u0107, \u017ce Ko\u015bci\u00f3\u0142 zaczyna si\u0119 rozpada\u0107, \u017ce Ko\u015bci\u00f3\u0142 zmierza ku ko\u0144cowi. Lecz Jezus m\u00f3wi wyra\u017anie:<i><b> Ty jeste\u015b Piotr \u2013 Opoka, i na tej opoce zbuduj\u0119 m\u00f3j Ko\u015bci\u00f3\u0142, a bramy piekielne go nie przemog\u0105. <\/b><\/i>I to co teraz dzieje si\u0119 na \u015bwiecie, \u017ce wielu ludzi ma ograniczony dost\u0119p do Eucharystii, \u017ce s\u0105 profanacje czy prze\u015bladowania chrze\u015bcijan \u2013 to wszystko nie oznacza, \u017ce Ko\u015bci\u00f3\u0142 zginie. Ko\u015bci\u00f3\u0142 nigdy nie zginie! Bramy piekielne Go nie przemog\u0105! To jest niesamowite! <\/span><\/span><\/span><\/p>\n<p align=\"justify\"><span style=\"color: #000000;\"><span style=\"font-family: Book Antiqua, serif;\"><span style=\"font-size: large;\">I tak, jak Jezus zbudowa\u0142 Ko\u015bci\u00f3\u0142 na \u015aw. Piotrze, tak my budujmy ten Ko\u015bci\u00f3\u0142 w swoich rodzinach. Gdy taki Ko\u015bci\u00f3\u0142 zbudujemy, to wyda to sw\u00f3j plon. B\u0119d\u0105 powo\u0142ania, o kt\u00f3re tak bardzo prosimy. Jaka to b\u0119dzie w przysz\u0142o\u015bci \u2013 to obecnie zale\u017cy g\u0142\u00f3wnie od rodzic\u00f3w. Czy przekazali wiar\u0119 swoim dzieciom, i im pokazali, \u017ce wiara jest czym\u015b \u201esuper\u201d? Czy pokazali, \u017ce wiara jest czym\u015b nudnym, co nie ma sensu? <\/span><\/span><\/span><\/p>\n<p align=\"justify\"><span style=\"color: #000000;\"><span style=\"font-family: Book Antiqua, serif;\"><span style=\"font-size: large;\">Dlatego budujmy Ko\u015bci\u00f3\u0142 Chrystusowy w naszej rodzinie! By nigdy nie zabrak\u0142o m\u0142odych w Ko\u015bciele. <\/span><\/span><\/span><\/p>\n<p align=\"justify\"><span style=\"color: #000000;\"><span style=\"font-family: Book Antiqua, serif;\"><span style=\"font-size: large;\">A na zako\u0144czenie odpowiedzmy sobie na pytanie: Za kogo my uwa\u017camy Syna Cz\u0142owieczego?\u2026<\/span><\/span><\/span><\/p>\n","protected":false},"excerpt":{"rendered":"<p>Szcz\u0119\u015b\u0107 Bo\u017ce! Moi Drodzy, w dniu dzisiejszym si\u00f3dme (jak ten czas leci!) urodziny prze\u017cywa moja Siostrzenica, Emilka Nied\u017awiedzka. Z ca\u0142ego serca \u017cycz\u0119 naszej Kochanej Jubilatce, aby nie traci\u0142a swej \u017cyciowej energii, ale rozwija\u0142a si\u0119 ku rado\u015bci ca\u0142ej naszej Rodziny i tych wszystkich, z kt\u00f3rymi si\u0119 spotyka. Niech Pan pozwoli Jej rozwin\u0105\u0107 wszystkie talenty, kt\u00f3rych da\u0142 [&hellip;]<\/p>\n","protected":false},"author":1,"featured_media":0,"comment_status":"open","ping_status":"open","sticky":false,"template":"","format":"standard","meta":{"jetpack_post_was_ever_published":false,"_jetpack_newsletter_access":"","_jetpack_dont_email_post_to_subs":false,"_jetpack_newsletter_tier_id":0,"_jetpack_memberships_contains_paywalled_content":false,"_jetpack_memberships_contains_paid_content":false,"footnotes":""},"categories":[1],"tags":[],"class_list":["post-18578","post","type-post","status-publish","format-standard","hentry","category-bez-kategorii"],"yoast_head":"<!-- This site is optimized with the Yoast SEO plugin v25.1 - https:\/\/yoast.com\/wordpress\/plugins\/seo\/ -->\n<title>Budujmy Ko\u015bci\u00f3\u0142! - Gaudium Et Spes<\/title>\n<meta name=\"robots\" content=\"index, follow, max-snippet:-1, max-image-preview:large, max-video-preview:-1\" \/>\n<link rel=\"canonical\" href=\"https:\/\/gaudiumetspes-blog.pl\/index.php\/2021\/02\/22\/budujmy-kosciol\/\" \/>\n<meta property=\"og:locale\" content=\"pl_PL\" \/>\n<meta property=\"og:type\" content=\"article\" \/>\n<meta property=\"og:title\" content=\"Budujmy Ko\u015bci\u00f3\u0142! - Gaudium Et Spes\" \/>\n<meta property=\"og:description\" content=\"Szcz\u0119\u015b\u0107 Bo\u017ce! Moi Drodzy, w dniu dzisiejszym si\u00f3dme (jak ten czas leci!) urodziny prze\u017cywa moja Siostrzenica, Emilka Nied\u017awiedzka. Z ca\u0142ego serca \u017cycz\u0119 naszej Kochanej Jubilatce, aby nie traci\u0142a swej \u017cyciowej energii, ale rozwija\u0142a si\u0119 ku rado\u015bci ca\u0142ej naszej Rodziny i tych wszystkich, z kt\u00f3rymi si\u0119 spotyka. Niech Pan pozwoli Jej rozwin\u0105\u0107 wszystkie talenty, kt\u00f3rych da\u0142 [&hellip;]\" \/>\n<meta property=\"og:url\" content=\"https:\/\/gaudiumetspes-blog.pl\/index.php\/2021\/02\/22\/budujmy-kosciol\/\" \/>\n<meta property=\"og:site_name\" content=\"Gaudium Et Spes\" \/>\n<meta property=\"article:published_time\" content=\"2021-02-22T06:01:43+00:00\" \/>\n<meta name=\"author\" content=\"Ks. Jacek\" \/>\n<meta name=\"twitter:card\" content=\"summary_large_image\" \/>\n<meta name=\"twitter:label1\" content=\"Napisane przez\" \/>\n\t<meta name=\"twitter:data1\" content=\"Ks. Jacek\" \/>\n\t<meta name=\"twitter:label2\" content=\"Szacowany czas czytania\" \/>\n\t<meta name=\"twitter:data2\" content=\"8 minut\" \/>\n<script type=\"application\/ld+json\" class=\"yoast-schema-graph\">{\"@context\":\"https:\/\/schema.org\",\"@graph\":[{\"@type\":\"WebPage\",\"@id\":\"https:\/\/gaudiumetspes-blog.pl\/index.php\/2021\/02\/22\/budujmy-kosciol\/\",\"url\":\"https:\/\/gaudiumetspes-blog.pl\/index.php\/2021\/02\/22\/budujmy-kosciol\/\",\"name\":\"Budujmy Ko\u015bci\u00f3\u0142! - Gaudium Et Spes\",\"isPartOf\":{\"@id\":\"https:\/\/gaudiumetspes-blog.pl\/#website\"},\"datePublished\":\"2021-02-22T06:01:43+00:00\",\"author\":{\"@id\":\"https:\/\/gaudiumetspes-blog.pl\/#\/schema\/person\/1661982992b752dea8dff0d4ed845a65\"},\"breadcrumb\":{\"@id\":\"https:\/\/gaudiumetspes-blog.pl\/index.php\/2021\/02\/22\/budujmy-kosciol\/#breadcrumb\"},\"inLanguage\":\"pl-PL\",\"potentialAction\":[{\"@type\":\"ReadAction\",\"target\":[\"https:\/\/gaudiumetspes-blog.pl\/index.php\/2021\/02\/22\/budujmy-kosciol\/\"]}]},{\"@type\":\"BreadcrumbList\",\"@id\":\"https:\/\/gaudiumetspes-blog.pl\/index.php\/2021\/02\/22\/budujmy-kosciol\/#breadcrumb\",\"itemListElement\":[{\"@type\":\"ListItem\",\"position\":1,\"name\":\"Strona g\u0142\u00f3wna\",\"item\":\"https:\/\/gaudiumetspes-blog.pl\/\"},{\"@type\":\"ListItem\",\"position\":2,\"name\":\"Budujmy Ko\u015bci\u00f3\u0142!\"}]},{\"@type\":\"WebSite\",\"@id\":\"https:\/\/gaudiumetspes-blog.pl\/#website\",\"url\":\"https:\/\/gaudiumetspes-blog.pl\/\",\"name\":\"Gaudium Et Spes\",\"description\":\"Blog Ks. Jacka Ja\u015bkowskiego\",\"potentialAction\":[{\"@type\":\"SearchAction\",\"target\":{\"@type\":\"EntryPoint\",\"urlTemplate\":\"https:\/\/gaudiumetspes-blog.pl\/?s={search_term_string}\"},\"query-input\":{\"@type\":\"PropertyValueSpecification\",\"valueRequired\":true,\"valueName\":\"search_term_string\"}}],\"inLanguage\":\"pl-PL\"},{\"@type\":\"Person\",\"@id\":\"https:\/\/gaudiumetspes-blog.pl\/#\/schema\/person\/1661982992b752dea8dff0d4ed845a65\",\"name\":\"Ks. Jacek\",\"image\":{\"@type\":\"ImageObject\",\"inLanguage\":\"pl-PL\",\"@id\":\"https:\/\/gaudiumetspes-blog.pl\/#\/schema\/person\/image\/\",\"url\":\"https:\/\/gaudiumetspes-blog.pl\/wp-content\/uploads\/2019\/07\/avatar-JJ-150x150.jpg\",\"contentUrl\":\"https:\/\/gaudiumetspes-blog.pl\/wp-content\/uploads\/2019\/07\/avatar-JJ-150x150.jpg\",\"caption\":\"Ks. Jacek\"},\"description\":\"Witam serdecznie! K\u0142ania si\u0119 Ks. Jacek Ja\u015bkowski. Nie jestem ani kim\u015b wa\u017cnym, ani kim\u015b znanym. Jestem ksi\u0119dzem, kt\u00f3ry po prostu chce rozmawia\u0107. Codzienna kap\u0142a\u0144ska pos\u0142uga pokazuje mi, \u017ce temat\u00f3w do rozm\u00f3w z ksi\u0119dzem jest coraz wi\u0119cej i dzisiaj \u017caden ksi\u0105dz nie mo\u017ce od nich ucieka\u0107, ale - wprost przeciwnie - podejmowa\u0107 nowe wyzwania. To przekonanie sk\u0142oni\u0142o mnie do pr\u00f3by otwarcia tego\u017c bloga, chocia\u017c okazji do rozm\u00f3w na co dzie\u0144 - w konfesjonale i poza nim - na szcz\u0119\u015bcie nie brakuje. My\u015bl\u0119 jednak, \u017ce ten blog b\u0119dzie jeszcze jednym sposobem i przestrzeni\u0105 nawi\u0105zania kontaktu z lud\u017ami dobrej woli, otwartymi na dialog.\",\"url\":\"https:\/\/gaudiumetspes-blog.pl\/index.php\/author\/ks-jacek\/\"}]}<\/script>\n<!-- \/ Yoast SEO plugin. -->","yoast_head_json":{"title":"Budujmy Ko\u015bci\u00f3\u0142! - Gaudium Et Spes","robots":{"index":"index","follow":"follow","max-snippet":"max-snippet:-1","max-image-preview":"max-image-preview:large","max-video-preview":"max-video-preview:-1"},"canonical":"https:\/\/gaudiumetspes-blog.pl\/index.php\/2021\/02\/22\/budujmy-kosciol\/","og_locale":"pl_PL","og_type":"article","og_title":"Budujmy Ko\u015bci\u00f3\u0142! - Gaudium Et Spes","og_description":"Szcz\u0119\u015b\u0107 Bo\u017ce! Moi Drodzy, w dniu dzisiejszym si\u00f3dme (jak ten czas leci!) urodziny prze\u017cywa moja Siostrzenica, Emilka Nied\u017awiedzka. Z ca\u0142ego serca \u017cycz\u0119 naszej Kochanej Jubilatce, aby nie traci\u0142a swej \u017cyciowej energii, ale rozwija\u0142a si\u0119 ku rado\u015bci ca\u0142ej naszej Rodziny i tych wszystkich, z kt\u00f3rymi si\u0119 spotyka. Niech Pan pozwoli Jej rozwin\u0105\u0107 wszystkie talenty, kt\u00f3rych da\u0142 [&hellip;]","og_url":"https:\/\/gaudiumetspes-blog.pl\/index.php\/2021\/02\/22\/budujmy-kosciol\/","og_site_name":"Gaudium Et Spes","article_published_time":"2021-02-22T06:01:43+00:00","author":"Ks. Jacek","twitter_card":"summary_large_image","twitter_misc":{"Napisane przez":"Ks. Jacek","Szacowany czas czytania":"8 minut"},"schema":{"@context":"https:\/\/schema.org","@graph":[{"@type":"WebPage","@id":"https:\/\/gaudiumetspes-blog.pl\/index.php\/2021\/02\/22\/budujmy-kosciol\/","url":"https:\/\/gaudiumetspes-blog.pl\/index.php\/2021\/02\/22\/budujmy-kosciol\/","name":"Budujmy Ko\u015bci\u00f3\u0142! - Gaudium Et Spes","isPartOf":{"@id":"https:\/\/gaudiumetspes-blog.pl\/#website"},"datePublished":"2021-02-22T06:01:43+00:00","author":{"@id":"https:\/\/gaudiumetspes-blog.pl\/#\/schema\/person\/1661982992b752dea8dff0d4ed845a65"},"breadcrumb":{"@id":"https:\/\/gaudiumetspes-blog.pl\/index.php\/2021\/02\/22\/budujmy-kosciol\/#breadcrumb"},"inLanguage":"pl-PL","potentialAction":[{"@type":"ReadAction","target":["https:\/\/gaudiumetspes-blog.pl\/index.php\/2021\/02\/22\/budujmy-kosciol\/"]}]},{"@type":"BreadcrumbList","@id":"https:\/\/gaudiumetspes-blog.pl\/index.php\/2021\/02\/22\/budujmy-kosciol\/#breadcrumb","itemListElement":[{"@type":"ListItem","position":1,"name":"Strona g\u0142\u00f3wna","item":"https:\/\/gaudiumetspes-blog.pl\/"},{"@type":"ListItem","position":2,"name":"Budujmy Ko\u015bci\u00f3\u0142!"}]},{"@type":"WebSite","@id":"https:\/\/gaudiumetspes-blog.pl\/#website","url":"https:\/\/gaudiumetspes-blog.pl\/","name":"Gaudium Et Spes","description":"Blog Ks. Jacka Ja\u015bkowskiego","potentialAction":[{"@type":"SearchAction","target":{"@type":"EntryPoint","urlTemplate":"https:\/\/gaudiumetspes-blog.pl\/?s={search_term_string}"},"query-input":{"@type":"PropertyValueSpecification","valueRequired":true,"valueName":"search_term_string"}}],"inLanguage":"pl-PL"},{"@type":"Person","@id":"https:\/\/gaudiumetspes-blog.pl\/#\/schema\/person\/1661982992b752dea8dff0d4ed845a65","name":"Ks. Jacek","image":{"@type":"ImageObject","inLanguage":"pl-PL","@id":"https:\/\/gaudiumetspes-blog.pl\/#\/schema\/person\/image\/","url":"https:\/\/gaudiumetspes-blog.pl\/wp-content\/uploads\/2019\/07\/avatar-JJ-150x150.jpg","contentUrl":"https:\/\/gaudiumetspes-blog.pl\/wp-content\/uploads\/2019\/07\/avatar-JJ-150x150.jpg","caption":"Ks. Jacek"},"description":"Witam serdecznie! K\u0142ania si\u0119 Ks. Jacek Ja\u015bkowski. Nie jestem ani kim\u015b wa\u017cnym, ani kim\u015b znanym. Jestem ksi\u0119dzem, kt\u00f3ry po prostu chce rozmawia\u0107. Codzienna kap\u0142a\u0144ska pos\u0142uga pokazuje mi, \u017ce temat\u00f3w do rozm\u00f3w z ksi\u0119dzem jest coraz wi\u0119cej i dzisiaj \u017caden ksi\u0105dz nie mo\u017ce od nich ucieka\u0107, ale - wprost przeciwnie - podejmowa\u0107 nowe wyzwania. To przekonanie sk\u0142oni\u0142o mnie do pr\u00f3by otwarcia tego\u017c bloga, chocia\u017c okazji do rozm\u00f3w na co dzie\u0144 - w konfesjonale i poza nim - na szcz\u0119\u015bcie nie brakuje. My\u015bl\u0119 jednak, \u017ce ten blog b\u0119dzie jeszcze jednym sposobem i przestrzeni\u0105 nawi\u0105zania kontaktu z lud\u017ami dobrej woli, otwartymi na dialog.","url":"https:\/\/gaudiumetspes-blog.pl\/index.php\/author\/ks-jacek\/"}]}},"jetpack_featured_media_url":"","jetpack_sharing_enabled":true,"_links":{"self":[{"href":"https:\/\/gaudiumetspes-blog.pl\/index.php\/wp-json\/wp\/v2\/posts\/18578","targetHints":{"allow":["GET"]}}],"collection":[{"href":"https:\/\/gaudiumetspes-blog.pl\/index.php\/wp-json\/wp\/v2\/posts"}],"about":[{"href":"https:\/\/gaudiumetspes-blog.pl\/index.php\/wp-json\/wp\/v2\/types\/post"}],"author":[{"embeddable":true,"href":"https:\/\/gaudiumetspes-blog.pl\/index.php\/wp-json\/wp\/v2\/users\/1"}],"replies":[{"embeddable":true,"href":"https:\/\/gaudiumetspes-blog.pl\/index.php\/wp-json\/wp\/v2\/comments?post=18578"}],"version-history":[{"count":1,"href":"https:\/\/gaudiumetspes-blog.pl\/index.php\/wp-json\/wp\/v2\/posts\/18578\/revisions"}],"predecessor-version":[{"id":18579,"href":"https:\/\/gaudiumetspes-blog.pl\/index.php\/wp-json\/wp\/v2\/posts\/18578\/revisions\/18579"}],"wp:attachment":[{"href":"https:\/\/gaudiumetspes-blog.pl\/index.php\/wp-json\/wp\/v2\/media?parent=18578"}],"wp:term":[{"taxonomy":"category","embeddable":true,"href":"https:\/\/gaudiumetspes-blog.pl\/index.php\/wp-json\/wp\/v2\/categories?post=18578"},{"taxonomy":"post_tag","embeddable":true,"href":"https:\/\/gaudiumetspes-blog.pl\/index.php\/wp-json\/wp\/v2\/tags?post=18578"}],"curies":[{"name":"wp","href":"https:\/\/api.w.org\/{rel}","templated":true}]}}