{"id":18580,"date":"2021-02-23T06:42:40","date_gmt":"2021-02-23T05:42:40","guid":{"rendered":"https:\/\/gaudiumetspes-blog.pl\/?p=18580"},"modified":"2021-02-23T06:42:40","modified_gmt":"2021-02-23T05:42:40","slug":"ojciec-wie-czego-nam-potrzeba","status":"publish","type":"post","link":"https:\/\/gaudiumetspes-blog.pl\/index.php\/2021\/02\/23\/ojciec-wie-czego-nam-potrzeba\/","title":{"rendered":"Ojciec wie, czego nam potrzeba!"},"content":{"rendered":"<p align=\"justify\"><span style=\"color: #000000;\"><span style=\"font-family: Book Antiqua, serif;\"><span style=\"font-size: large;\">Szcz\u0119\u015b\u0107 Bo\u017ce! Moi Drodzy, po raz kolejny pozdrawiam \u2013 wraz ze swoj\u0105 Ekip\u0105 \u2013 ze Szklarskiej Por\u0119by. Pogoda jest naprawd\u0119 dobra \u2013 jest do\u015b\u0107 ciep\u0142o, chocia\u017c wczoraj nieco wia\u0142o przez ca\u0142y dzie\u0144. Ale stoki narciarskie s\u0105 w dobrym stanie, z czego skorzysta\u0142a nasza Ekipa.<\/span><\/span><\/span><\/p>\n<p align=\"justify\"><span style=\"color: #000000;\"><span style=\"font-family: Book Antiqua, serif;\"><span style=\"font-size: large;\">Co mnie natomiast bardzo cieszy, to du\u017ca ilo\u015b\u0107 ludzi, przebywaj\u0105cych obecnie w Szklarskiej Por\u0119bie. I na stokach, i w samym mie\u015bcie, wida\u0107 naprawd\u0119 rzesze ludzi. Nie macie poj\u0119cia, jak si\u0119 z tego ciesz\u0119! Bo jest to dla mnie znakiem \u2013 mo\u017ce jednym z niewielu, jakie ostatnie dostrzegam \u2013 pragnienia uwolnienia si\u0119 Polak\u00f3w od tych bezsensownych, a niekiedy wr\u0119cz absurdalnych ogranicze\u0144, z jakimi mamy do czynienia. Wida\u0107, \u017ce ludzie chc\u0105 czego\u015b innego i ju\u017c nie wierz\u0105 w nachalnie narzucan\u0105 narracj\u0119 o \u015bwiatowej hekatombie!<\/span><\/span><\/span><\/p>\n<p align=\"justify\"><span style=\"color: #000000;\"><span style=\"font-family: Book Antiqua, serif;\"><span style=\"font-size: large;\">Bardzo jestem wdzi\u0119czny tym, kt\u00f3rzy przyjechali do Szklarskiej Por\u0119by, kt\u00f3rzy poszli na stoki, zaj\u0119li miejsca w hotelach i pensjonatach. Bo dali miejscowym Ludziom mo\u017cliwo\u015b\u0107 zarobku \u2013 w sytuacji, w kt\u00f3rej wielu z nich pozbawionych zosta\u0142o praktycznie \u015brodk\u00f3w do \u017cycia, gdy\u017c wszystkie te tarcze pomocowe, o kt\u00f3rych s\u0142yszeli\u015bmy w mediach, do wielu z nich jako\u015b nie dotar\u0142y. Dlatego ciesz\u0119 si\u0119, \u017ce w tych dniach mogli troch\u0119 od\u017cy\u0107. Raz jeszcze dzi\u0119kuj\u0119 Wszystkim, kt\u00f3rzy w tych dniach tutaj przyjechali.<\/span><\/span><\/span><\/p>\n<p align=\"justify\"><span style=\"color: #000000;\"><span style=\"font-family: Book Antiqua, serif;\"><span style=\"font-size: large;\">Licz\u0119 na to, \u017ce \u2013 jako spo\u0142ecze\u0144stwo \u2013 zaczniemy w\u0142a\u015bciwie reagowa\u0107 na kolejne restrykcje, ju\u017c zapowiadane przez Rz\u0105d. I \u017ce w ko\u0144cu wszyscy zdejmiemy z twarzy te koszmarne maski, kt\u00f3re odbieraj\u0105 nam indywidualno\u015b\u0107 i godno\u015b\u0107, i otworzymy szko\u0142y, uniwersytety, ale te\u017c hotele i restauracje, i inne miejsca, gdzie ludzie b\u0119d\u0105 normalnie pracowa\u0107 i uczciwie zarabia\u0107 na \u017cycie. Bo dalej ju\u017c tak nie mo\u017ce by\u0107, \u017ce we w\u0142asnym kraju nie \u017cyjemy jak w domu, a jak na prywatnym folwarku kilku urz\u0119dnik\u00f3w, kt\u00f3rzy na podstawie jakich\u015b wydumanych ekspertyz wywracaj\u0105 nam \u017cycie. Do\u015b\u0107 tego! <\/span><\/span><\/span><\/p>\n<p align=\"justify\"><span style=\"color: #000000;\"><span style=\"font-family: Book Antiqua, serif;\"><span style=\"font-size: large;\">Dlatego otwarcie i jasno zach\u0119cam Wszystkich: upomnijmy si\u0119 o swoj\u0105 wolno\u015b\u0107! I nie chodzi mi o wszczynanie rebelii, ale o zabieranie g\u0142osu i zajmowanie solidarnie odwa\u017cnego stanowiska \u2013 na wszystkie mo\u017cliwe sposoby i we wszelkich okoliczno\u015bciach, w kt\u00f3rych pojawi si\u0119 taka mo\u017cliwo\u015b\u0107. <\/span><\/span><\/span><\/p>\n<p align=\"justify\"><span style=\"color: #000000;\"><span style=\"font-family: Book Antiqua, serif;\"><span style=\"font-size: large;\">A przede wszystkim \u2013 pami\u0119tajmy o modlitwie! My tu, na miejscu, modlimy si\u0119 intensywnie o to, by Pan, w swej wielkiej \u0142askawo\u015bci, uwolni\u0142 nas od tego wszystkiego, co si\u0119 obecnie dzieje. Nie wiemy, co si\u0119 tak naprawd\u0119 dzieje \u2013 kto i za jakie sznurki poci\u0105ga. I jakie si\u0142y za tym wszystkim stoj\u0105. Na szcz\u0119\u015bcie, Pan to wie. Dlatego, z ogromn\u0105 ufno\u015bci\u0105 Jemu to oddajmy, wierz\u0105c g\u0142\u0119boko, \u017ce tylko On jest w stanie nas uratowa\u0107. Oby\u015bmy tylko wszyscy na sto procent zaufali Jego mocy! <\/span><\/span><\/span><\/p>\n<p align=\"justify\"><span style=\"color: #000000;\"><span style=\"font-family: Book Antiqua, serif;\"><span style=\"font-size: large;\">Zach\u0119cajmy si\u0119 nawzajem do modlitwy i do odwa\u017cnego zajmowania stanowiska w ca\u0142ej sprawie!<\/span><\/span><\/span><\/p>\n<p align=\"justify\"><span style=\"color: #000000;\"><span style=\"font-family: Book Antiqua, serif;\"><span style=\"font-size: large;\"><b>Niech Was b\u0142ogos\u0142awi B\u00f3g Wszechmog\u0105cy: Ojciec + i Syn, i Duch \u015awi\u0119ty. Amen<\/b><\/span><\/span><\/span><\/p>\n<p align=\"center\"><span style=\"color: #000000;\"><span style=\"font-family: Book Antiqua, serif;\"><span style=\"font-size: large;\">Gaudium et spes! Ks. Jacek<\/span><\/span><\/span><\/p>\n<p align=\"center\">\n<p align=\"center\">\n<p align=\"center\">\n<p align=\"center\">\n<p align=\"center\">\n<p align=\"justify\"><span style=\"color: #000000;\"><span style=\"font-family: Book Antiqua, serif;\"><span style=\"font-size: large;\"><b>Wtorek 1 Tygodnia Wielkiego Postu, <\/b><\/span><\/span><\/span><\/p>\n<p align=\"justify\"><span style=\"color: #000000;\"><span style=\"font-family: Book Antiqua, serif;\"><span style=\"font-size: large;\"><b>23 lutego 2021.,<\/b><\/span><\/span><\/span><\/p>\n<p align=\"justify\"><span style=\"color: #000000;\"><span style=\"font-family: Book Antiqua, serif;\"><span style=\"font-size: large;\"><b>do czyta\u0144: Iz 55,10\u201311; Mt 6,7\u201315<\/b><\/span><\/span><\/span><\/p>\n<p align=\"justify\">\n<p align=\"justify\">\n<p align=\"justify\">\n<p align=\"justify\">\n<p align=\"justify\">\n<p align=\"justify\"><span style=\"color: #000000;\"><span style=\"font-family: Book Antiqua, serif;\"><span style=\"font-size: large;\"><b>CZYTANIE Z KSI\u0118GI PROROKA IZAJASZA: <\/b><\/span><\/span><\/span><\/p>\n<p align=\"justify\"><span style=\"color: #000000;\"><span style=\"font-family: Book Antiqua, serif;\"><span style=\"font-size: large;\"><b>To m\u00f3wi Pan B\u00f3g: \u201ePodobnie jak ulewa i \u015bnieg spadaj\u0105 z nieba i tam nie powracaj\u0105, dop\u00f3ki nie nawodni\u0105 ziemi, nie u\u017cy\u017ani\u0105 jej i nie zapewni\u0105 urodzaju, tak i\u017c wydaje nasienie dla siewcy i chleb dla jedz\u0105cego, tak s\u0142owo, kt\u00f3re wychodzi z ust moich: nie wraca do Mnie bezowocnie, zanim wpierw nie dokona tego, co chcia\u0142em, i nie spe\u0142ni pomy\u015blnie swego pos\u0142annictwa\u201d.<\/b><\/span><\/span><\/span><\/p>\n<p align=\"justify\">\n<p align=\"justify\">\n<p align=\"justify\">\n<p align=\"justify\">\n<p align=\"justify\">\n<p align=\"justify\"><span style=\"color: #000000;\"><span style=\"font-family: Book Antiqua, serif;\"><span style=\"font-size: large;\"><b>S\u0141OWA EWANGELII WED\u0141UG \u015aWI\u0118TEGO MATEUSZA: <\/b><\/span><\/span><\/span><\/p>\n<p align=\"justify\"><span style=\"color: #000000;\"><span style=\"font-family: Book Antiqua, serif;\"><span style=\"font-size: large;\"><b>Jezus powiedzia\u0142 do swoich uczni\u00f3w: \u201eNa modlitwie nie b\u0105d\u017acie gadatliwi jak poganie. Oni my\u015bl\u0105, \u017ce przez wzgl\u0105d na swe wielom\u00f3wstwo b\u0119d\u0105 wys\u0142uchani. Nie b\u0105d\u017acie podobni do nich. Albowiem wie Ojciec wasz, czego wam potrzeba, wpierw zanim Go poprosicie. <\/b><\/span><\/span><\/span><\/p>\n<p align=\"justify\"><span style=\"color: #000000;\"><span style=\"font-family: Book Antiqua, serif;\"><span style=\"font-size: large;\"><b>Wy zatem tak si\u0119 m\u00f3dlcie: <\/b><\/span><\/span><\/span><\/p>\n<p align=\"justify\"><span style=\"color: #000000;\"><span style=\"font-family: Book Antiqua, serif;\"><span style=\"font-size: large;\"><b>Ojcze nasz, kt\u00f3ry\u015b jest w niebie: \u015bwi\u0119\u0107 si\u0119 imi\u0119 Twoje, przyjd\u017a kr\u00f3lestwo Twoje, b\u0105d\u017a wola Twoja jako w niebie, tak i na ziemi. Chleba naszego powszedniego daj nam dzisiaj; i odpu\u015b\u0107 nam nasze winy, jako i my odpuszczamy naszym winowajcom; i nie dopu\u015b\u0107, aby\u015bmy ulegli pokusie, ale nas zbaw ode z\u0142ego. <\/b><\/span><\/span><\/span><\/p>\n<p align=\"justify\"><span style=\"color: #000000;\"><span style=\"font-family: Book Antiqua, serif;\"><span style=\"font-size: large;\"><b>Je\u015bli bowiem przebaczycie ludziom ich przewinienia, i wam przebaczy Ojciec wasz niebieski. Lecz je\u015bli nie przebaczycie ludziom, i Ojciec wasz nie przebaczy wam waszych przewinie\u0144\u201d.<\/b><\/span><\/span><\/span><\/p>\n<p align=\"justify\">\n<p align=\"justify\">\n<p align=\"justify\">\n<p align=\"justify\">\n<p align=\"justify\">\n<p align=\"justify\"><span style=\"color: #000000;\"><span style=\"font-family: Book Antiqua, serif;\"><span style=\"font-size: large;\">S\u0142uchamy zapewnienia, wypowiedzianego przez Boga w pierwszym czytaniu i zastanawiamy si\u0119, czy <b>aby na pewno spe\u0142nia si\u0119 ono<\/b> tak, jak B\u00f3g m\u00f3wi, czy jest jedynie \u017cyczeniem, kt\u00f3re mo\u017ce ewentualnie zrealizuje si\u0119 w jakie\u015b <b>mglistej, bli\u017cej nie okre\u015blonej przysz\u0142o\u015bci<\/b><b>.<\/b> Kiedy bowiem s\u0142yszymy, jak B\u00f3g \u2013 przez Proroka \u2013 m\u00f3wi: <i><b>s\u0142owo, kt\u00f3re wychodzi z ust moich, nie wraca do Mnie bezowocnie, zanim wpierw nie dokona tego, co chcia\u0142em, i nie spe\u0142ni pomy\u015blnie swego pos\u0142annictwa<\/b><\/i><b> \u2013 <\/b>a jednocze\u015bnie widzimy, co si\u0119 dzieje na \u015bwiecie, co si\u0119 dzieje wok\u00f3\u0142 nas, to naprawd\u0119 zastanawiamy si\u0119, czy to S\u0142owo <b>faktycznie tak skutecznie kszta\u0142tuje<\/b> dzisiejsz\u0105 rzeczywisto\u015b\u0107?\u2026 <\/span><\/span><\/span><\/p>\n<p align=\"justify\"><span style=\"color: #000000;\"><span style=\"font-family: Book Antiqua, serif;\"><span style=\"font-size: large;\">Wydaje si\u0119 bowiem, \u017ce \u2013 by tak rzec w miar\u0119 dyplomatycznie \u2013 nie cieszy si\u0119 ono w obecnym czasie <b>zbyt du\u017cym \u201ewzi\u0119ciem\u201d.<\/b> Ludzie nie za bardzo przejmuj\u0105 si\u0119 jego tre\u015bci\u0105 i jego przes\u0142aniem \u2013 raczej wol\u0105 s\u0142ucha\u0107 <b>swoich w\u0142asnych s\u0142\u00f3w<\/b> i kszta\u0142towa\u0107 rzeczywisto\u015b\u0107<b> <\/b>wed\u0142ug w\u0142asnego \u201ewidzimisi\u0119\u201d. <\/span><\/span><\/span><\/p>\n<p align=\"justify\"><span style=\"color: #000000;\"><span style=\"font-family: Book Antiqua, serif;\"><span style=\"font-size: large;\">A tu tymczasem takie zapewnienie, wsparte jeszcze dodatkowo por\u00f3wnaniem, kt\u00f3re nie pozostawia \u017cadnych w\u0105tpliwo\u015bci: ot\u00f3\u017c S\u0142owo to dzia\u0142a w taki spos\u00f3b,<b> <\/b><i><b>jak ulewa i \u015bnieg,<\/b><\/i><b> <\/b>kt\u00f3re <i><b>spadaj\u0105 z nieba i tam nie powracaj\u0105, dop\u00f3ki nie nawodni\u0105 ziemi, nie u\u017cy\u017ani\u0105 jej i nie zapewni\u0105 urodzaju, tak i\u017c wydaje nasienie dla siewcy i chleb dla jedz\u0105cego.<\/b><\/i><b> <\/b><\/span><\/span><\/span><\/p>\n<p align=\"justify\"><span style=\"color: #000000;\"><span style=\"font-family: Book Antiqua, serif;\"><span style=\"font-size: large;\">Nad zmianami, jakie dokonuj\u0105 si\u0119 w przyrodzie pod wp\u0142ywem deszczu, chyba nie ma co dyskutowa\u0107 \u2013 wiemy, \u017ce s\u0105 one konkretne i <b>wyra\u017anie dostrzegalne.<\/b> Chocia\u017c \u2013 i mo\u017ce tu jest klucz do zrozumienia dzisiejszego przes\u0142ania \u2013 <b>nie od razu!<\/b> Kiedy deszcz spadnie, dokonuje \u2013 owszem \u2013 wiele dobrego, bo ro\u015bliny wzrastaj\u0105, dojrzewaj\u0105 te\u017c owoce\u2026 Ale na to wszystko <b>potrzeba czasu,<\/b> to si\u0119 dzieje <b>w sobie w\u0142a\u015bciwym rytmie i porz\u0105dku.<\/b> <\/span><\/span><\/span><\/p>\n<p align=\"justify\"><span style=\"color: #000000;\"><span style=\"font-family: Book Antiqua, serif;\"><span style=\"font-size: large;\">I tak zapewne widzia\u0142 t\u0119 spraw\u0119 B\u00f3g, kt\u00f3ry przez Proroka zapewni\u0142 nas, \u017ce Jego s\u0142owo jest <b>absolutnie i bezdyskusyjnie skuteczne<\/b> \u2013 i na pewno dokona tego, co On sam zamierzy\u0142. Ale <b>w czasie<\/b> ku temu w\u0142a\u015bciwym <b>i w <\/b><b>spos\u00f3b,<\/b> przez Niego zaplanowany. Cz\u0142owiek mo\u017ce tego od razu nie dostrzega\u0107, a nawet mo\u017ce mu si\u0119 wydawa\u0107 \u2013 jak nam si\u0119 obecnie zapewne wydaje \u2013 \u017ce B\u00f3g tak naprawd\u0119 <b>na ka\u017cdym odcinku rzeczywisto\u015bci przegrywa ze \u015bwiatem,<\/b> ponosi kl\u0119sk\u0119 za kl\u0119sk\u0105. Tymczasem \u2013 to nie jest tak. <\/span><\/span><\/span><\/p>\n<p align=\"justify\"><span style=\"color: #000000;\"><span style=\"font-family: Book Antiqua, serif;\"><span style=\"font-size: large;\">W dzisiejszym pierwszym czytaniu s\u0142yszymy s\u0142owa naprawd\u0119 <b>wyraziste<\/b><b> i <\/b><b>nie pozostawiaj\u0105ce w\u0105tpliwo\u015bci<\/b><b>:<\/b> woda, kt\u00f3ra spad\u0142a na ziemi\u0119 w postaci ulewy, nie uniesie si\u0119 ponownie do g\u00f3ry, je\u017celi na ziemi nie spe\u0142ni Bo\u017cych oczekiwa\u0144 i zamiar\u00f3w. Tak s\u0142owo, wypowiedziane przez Boga, <b>ma w sobie wewn\u0119trzn\u0105 moc<\/b> dokonywania przemiany ludzkiego serca, a co za tym idzie \u2013 ca\u0142ej rzeczywisto\u015bci, w kt\u00f3rej cz\u0142owiek \u017cyje. Tylko trzeba \u2013 by\u0107 mo\u017ce \u2013 na to <b>poczeka\u0107\u2026<\/b> Da\u0107 czas na t\u0119 przemian\u0119, <b>da\u0107 czas na wzrost\u2026<\/b><\/span><\/span><\/span><\/p>\n<p align=\"justify\"><span style=\"color: #000000;\"><span style=\"font-family: Book Antiqua, serif;\"><span style=\"font-size: large;\">Naturalnie, to wszystko, co tu sobie m\u00f3wimy, to obrazy, por\u00f3wnania\u2026 My je odnosimy do <b>procesu, dokonuj<\/b><b>\u0105cego<\/b><b> si\u0119 w n<\/b><b>a<\/b><b>szym s<\/b><b>ercu<\/b> i w naszym \u017cyciu pod wp\u0142ywem Bo\u017cego s\u0142owa. I zdajemy sobie spraw\u0119, \u017ce w \u017caden spos\u00f3b \u2013 w \u017caden ludzki spos\u00f3b \u2013 nie jeste\u015bmy w stanie tego <b>kontrolowa\u0107, czy nawet ocenia\u0107,<\/b> ile\u017c to tego dobra Bo\u017ce s\u0142owo w nas spowodowa\u0142o. <\/span><\/span><\/span><\/p>\n<p align=\"justify\"><span style=\"color: #000000;\"><span style=\"font-family: Book Antiqua, serif;\"><span style=\"font-size: large;\">I nawet je\u015bli wydaje si\u0119, <b>\u017ce B\u00f3g dzisiaj jest bezsilny<\/b> wobec ludzkich kombinacji, wobec ludzkiego oporu, a do tego jeszcze wobec tego wszystkiego, co dzieje si\u0119 obecnie na \u015bwiecie \u2013 to jednak mo\u017cemy by\u0107 spokojni. B\u00f3g \u2013 by tak rzec \u2013 <b>ogarnia ca\u0142\u0105 sytuacj\u0119.<\/b> On ma na ca\u0142\u0105 obecn\u0105 sytuacj\u0119 \u2013 jak i ka\u017cd\u0105 poprzedni\u0105, i ka\u017cd\u0105, kt\u00f3ra nast\u0105pi \u2013 <b>swoje S\u0142owo! <\/b><\/span><\/span><\/span><\/p>\n<p align=\"justify\"><span style=\"color: #000000;\"><span style=\"font-family: Book Antiqua, serif;\"><span style=\"font-size: large;\">On ma co\u015b konkretnego do powiedzenia <b>w ka\u017cdej ludzkiej <\/b><b>rzeczywisto\u015bci<\/b><b>,<\/b> chocia\u017c cz\u0142owiekowi wydaje si\u0119, \u017ce nie ma, dlatego sam musi sobie, po ludzku, ze wszystkim radzi\u0107\u2026 Nie! W s\u0142owie Bo\u017cym znajduj\u0105 si\u0119 <b>odpowiedzi na wszystkie pytania i dylematy cz\u0142owieka<\/b> \u2013 ono nic nie straci\u0142o do dzisiaj ze swej aktualno\u015bci, ze swej skuteczno\u015bci, ale te\u017c ze swej\u2026 atrakcyjno\u015bci. Tak, to S\u0142owo czyni naprawd\u0119 wci\u0105\u017c wiele dobrego!<\/span><\/span><\/span><\/p>\n<p align=\"justify\"><span style=\"color: #000000;\"><span style=\"font-family: Book Antiqua, serif;\"><span style=\"font-size: large;\">Dlatego dobrze by\u0142oby, aby\u015bmy bardziej to s\u0142owo <b>doceniali,<\/b> ch\u0119tniej go <b>s\u0142uchali, <\/b>rozwa\u017cali je i <b>wprowadzali w \u017cycie.<\/b> I aby\u015bmy w jego \u015bwietle bardziej <b>szanowali swoje w\u0142asne s\u0142owo, <\/b>wypowiadane przy r\u00f3\u017cnych okazjach.<b> Tak\u017ce na modlitwie.<\/b> Bo i tutaj \u2013 jak si\u0119 okazuje \u2013 mo\u017cna wypowiada\u0107 wiele s\u0142\u00f3w niepotrzebnych, wiele s\u0142\u00f3w pustych, b\u0119d\u0105cych zwyk\u0142\u0105 paplanin\u0105, form\u0105 dla formy, czy sposobem na dowarto\u015bciowanie siebie. <\/span><\/span><\/span><\/p>\n<p align=\"justify\"><span style=\"color: #000000;\"><span style=\"font-family: Book Antiqua, serif;\"><span style=\"font-size: large;\">Jezus dzisiaj <b>daje nam przyk\u0142ad modlitwy, <\/b>kt\u00f3r\u0105 my zwykli\u015bmy nazywa\u0107 <b>Modlitw\u0105 Pa\u0144sk\u0105,<\/b> a kt\u00f3ra stanowi wzorzec ka\u017cdej modlitwy, zanoszonej przez cz\u0142owieka do Boga. W tej Jezusowej propozycji nie ma <b>ani jednego zb\u0119dnego s\u0142owa!<\/b> Modlitwa ta bowiem ogarnia swoim zasi\u0119giem <b>wszystkie ludzkie sprawy <\/b>\u2013 zar\u00f3wno na tej ziemi, jak i wieczno\u015bci! <\/span><\/span><\/span><\/p>\n<p align=\"justify\"><span style=\"color: #000000;\"><span style=\"font-family: Book Antiqua, serif;\"><span style=\"font-size: large;\">Tak, ta modlitwa si\u0119ga wieczno\u015bci, dosi\u0119ga Nieba! W tak bardzo skondensowany spos\u00f3b, przy u\u017cyciu <b>naprawd\u0119 niewielu<\/b> <b>s\u0142\u00f3w, <\/b>wszystko w\u0142a\u015bciwie wyra\u017ca: wszystkie sprawy Nieba i ziemi! I \u017cycie ka\u017cdej i ka\u017cdego z nas. <\/span><\/span><\/span><\/p>\n<p align=\"justify\"><span style=\"color: #000000;\"><span style=\"font-family: Book Antiqua, serif;\"><span style=\"font-size: large;\">Oby w przypadku ka\u017cdej i ka\u017cdego z nas okaza\u0142a si\u0119 ona tym w\u0142a\u015bnie S\u0142owem, kt\u00f3re wychodz\u0105c z ust Bo\u017cych \u2013 <b>i z ust naszych, jako Bo\u017ce s\u0142owo<\/b> \u2013 dokona w naszych sercach i w naszym \u017cyciu tego, czego B\u00f3g chce! Pomy\u015blmy o tym, kiedy b\u0119dziemy ponownie odmawiali Modlitw\u0119 Pa\u0144sk\u0105, albo kiedykolwiek b\u0119dziemy j\u0105 odmawia\u0107. Zawsze wtedy pomy\u015blmy, \u017ce <b>ogarniamy ni\u0105 ca\u0142y \u015bwiat i wszech\u015bwiat \u2013 Niebo i ziemi\u0119!<\/b><\/span><\/span><\/span><\/p>\n<p align=\"justify\"><span style=\"color: #000000;\"><span style=\"font-family: Book Antiqua, serif;\"><span style=\"font-size: large;\">I niech ten \u015bwiat, polecany Bogu za ka\u017cdym razem, kiedy ktokolwiek kiedykolwiek odmawia Modlitw\u0119 Pa\u0144sk\u0105 \u2013 oka\u017ce si\u0119 <b>\u017cyzn\u0105 rol\u0105 dla Bo\u017cego s\u0142owa. <\/b>Niech t\u0105 \u017cyzn\u0105 rol\u0105 oka\u017ce si\u0119 serce ka\u017cdej i ka\u017cdego z nas \u2013 <b>moje serce,<\/b> kt\u00f3re pod wp\u0142ywem Bo\u017cego s\u0142owa ca\u0142kowicie si\u0119 przemieni i odnowi! Niech Bo\u017ce s\u0142owo <b>spe\u0142nia w naszym \u017cyciu pomy\u015blnie <\/b>swoje pos\u0142annictwo! <\/span><\/span><\/span><\/p>\n<p align=\"justify\"><span style=\"color: #000000;\"><span style=\"font-family: Book Antiqua, serif;\"><span style=\"font-size: large;\">Niech je spe\u0142nia Modlitwa Pa\u0144ska \u2013 za ka\u017cdym razem, kiedy jest wypowiadana <b>z mi\u0142o\u015bci\u0105 i w skupieniu. <\/b>Oby tak zawsze by\u0142a wypowiadana\u2026 Mo\u017ce od dzisiaj ju\u017c b\u0119dzie?\u2026 <\/span><\/span><\/span><\/p>\n","protected":false},"excerpt":{"rendered":"<p>Szcz\u0119\u015b\u0107 Bo\u017ce! Moi Drodzy, po raz kolejny pozdrawiam \u2013 wraz ze swoj\u0105 Ekip\u0105 \u2013 ze Szklarskiej Por\u0119by. Pogoda jest naprawd\u0119 dobra \u2013 jest do\u015b\u0107 ciep\u0142o, chocia\u017c wczoraj nieco wia\u0142o przez ca\u0142y dzie\u0144. Ale stoki narciarskie s\u0105 w dobrym stanie, z czego skorzysta\u0142a nasza Ekipa. Co mnie natomiast bardzo cieszy, to du\u017ca ilo\u015b\u0107 ludzi, przebywaj\u0105cych obecnie [&hellip;]<\/p>\n","protected":false},"author":1,"featured_media":0,"comment_status":"open","ping_status":"open","sticky":false,"template":"","format":"standard","meta":{"jetpack_post_was_ever_published":false,"_jetpack_newsletter_access":"","_jetpack_dont_email_post_to_subs":false,"_jetpack_newsletter_tier_id":0,"_jetpack_memberships_contains_paywalled_content":false,"_jetpack_memberships_contains_paid_content":false,"footnotes":""},"categories":[1],"tags":[],"class_list":["post-18580","post","type-post","status-publish","format-standard","hentry","category-bez-kategorii"],"yoast_head":"<!-- This site is optimized with the Yoast SEO plugin v25.1 - https:\/\/yoast.com\/wordpress\/plugins\/seo\/ -->\n<title>Ojciec wie, czego nam potrzeba! - Gaudium Et Spes<\/title>\n<meta name=\"robots\" content=\"index, follow, max-snippet:-1, max-image-preview:large, max-video-preview:-1\" \/>\n<link rel=\"canonical\" href=\"https:\/\/gaudiumetspes-blog.pl\/index.php\/2021\/02\/23\/ojciec-wie-czego-nam-potrzeba\/\" \/>\n<meta property=\"og:locale\" content=\"pl_PL\" \/>\n<meta property=\"og:type\" content=\"article\" \/>\n<meta property=\"og:title\" content=\"Ojciec wie, czego nam potrzeba! - Gaudium Et Spes\" \/>\n<meta property=\"og:description\" content=\"Szcz\u0119\u015b\u0107 Bo\u017ce! Moi Drodzy, po raz kolejny pozdrawiam \u2013 wraz ze swoj\u0105 Ekip\u0105 \u2013 ze Szklarskiej Por\u0119by. Pogoda jest naprawd\u0119 dobra \u2013 jest do\u015b\u0107 ciep\u0142o, chocia\u017c wczoraj nieco wia\u0142o przez ca\u0142y dzie\u0144. Ale stoki narciarskie s\u0105 w dobrym stanie, z czego skorzysta\u0142a nasza Ekipa. Co mnie natomiast bardzo cieszy, to du\u017ca ilo\u015b\u0107 ludzi, przebywaj\u0105cych obecnie [&hellip;]\" \/>\n<meta property=\"og:url\" content=\"https:\/\/gaudiumetspes-blog.pl\/index.php\/2021\/02\/23\/ojciec-wie-czego-nam-potrzeba\/\" \/>\n<meta property=\"og:site_name\" content=\"Gaudium Et Spes\" \/>\n<meta property=\"article:published_time\" content=\"2021-02-23T05:42:40+00:00\" \/>\n<meta name=\"author\" content=\"Ks. Jacek\" \/>\n<meta name=\"twitter:card\" content=\"summary_large_image\" \/>\n<meta name=\"twitter:label1\" content=\"Napisane przez\" \/>\n\t<meta name=\"twitter:data1\" content=\"Ks. Jacek\" \/>\n\t<meta name=\"twitter:label2\" content=\"Szacowany czas czytania\" \/>\n\t<meta name=\"twitter:data2\" content=\"9 minut\" \/>\n<script type=\"application\/ld+json\" class=\"yoast-schema-graph\">{\"@context\":\"https:\/\/schema.org\",\"@graph\":[{\"@type\":\"WebPage\",\"@id\":\"https:\/\/gaudiumetspes-blog.pl\/index.php\/2021\/02\/23\/ojciec-wie-czego-nam-potrzeba\/\",\"url\":\"https:\/\/gaudiumetspes-blog.pl\/index.php\/2021\/02\/23\/ojciec-wie-czego-nam-potrzeba\/\",\"name\":\"Ojciec wie, czego nam potrzeba! - Gaudium Et Spes\",\"isPartOf\":{\"@id\":\"https:\/\/gaudiumetspes-blog.pl\/#website\"},\"datePublished\":\"2021-02-23T05:42:40+00:00\",\"author\":{\"@id\":\"https:\/\/gaudiumetspes-blog.pl\/#\/schema\/person\/1661982992b752dea8dff0d4ed845a65\"},\"breadcrumb\":{\"@id\":\"https:\/\/gaudiumetspes-blog.pl\/index.php\/2021\/02\/23\/ojciec-wie-czego-nam-potrzeba\/#breadcrumb\"},\"inLanguage\":\"pl-PL\",\"potentialAction\":[{\"@type\":\"ReadAction\",\"target\":[\"https:\/\/gaudiumetspes-blog.pl\/index.php\/2021\/02\/23\/ojciec-wie-czego-nam-potrzeba\/\"]}]},{\"@type\":\"BreadcrumbList\",\"@id\":\"https:\/\/gaudiumetspes-blog.pl\/index.php\/2021\/02\/23\/ojciec-wie-czego-nam-potrzeba\/#breadcrumb\",\"itemListElement\":[{\"@type\":\"ListItem\",\"position\":1,\"name\":\"Strona g\u0142\u00f3wna\",\"item\":\"https:\/\/gaudiumetspes-blog.pl\/\"},{\"@type\":\"ListItem\",\"position\":2,\"name\":\"Ojciec wie, czego nam potrzeba!\"}]},{\"@type\":\"WebSite\",\"@id\":\"https:\/\/gaudiumetspes-blog.pl\/#website\",\"url\":\"https:\/\/gaudiumetspes-blog.pl\/\",\"name\":\"Gaudium Et Spes\",\"description\":\"Blog Ks. Jacka Ja\u015bkowskiego\",\"potentialAction\":[{\"@type\":\"SearchAction\",\"target\":{\"@type\":\"EntryPoint\",\"urlTemplate\":\"https:\/\/gaudiumetspes-blog.pl\/?s={search_term_string}\"},\"query-input\":{\"@type\":\"PropertyValueSpecification\",\"valueRequired\":true,\"valueName\":\"search_term_string\"}}],\"inLanguage\":\"pl-PL\"},{\"@type\":\"Person\",\"@id\":\"https:\/\/gaudiumetspes-blog.pl\/#\/schema\/person\/1661982992b752dea8dff0d4ed845a65\",\"name\":\"Ks. Jacek\",\"image\":{\"@type\":\"ImageObject\",\"inLanguage\":\"pl-PL\",\"@id\":\"https:\/\/gaudiumetspes-blog.pl\/#\/schema\/person\/image\/\",\"url\":\"https:\/\/gaudiumetspes-blog.pl\/wp-content\/uploads\/2019\/07\/avatar-JJ-150x150.jpg\",\"contentUrl\":\"https:\/\/gaudiumetspes-blog.pl\/wp-content\/uploads\/2019\/07\/avatar-JJ-150x150.jpg\",\"caption\":\"Ks. Jacek\"},\"description\":\"Witam serdecznie! K\u0142ania si\u0119 Ks. Jacek Ja\u015bkowski. Nie jestem ani kim\u015b wa\u017cnym, ani kim\u015b znanym. Jestem ksi\u0119dzem, kt\u00f3ry po prostu chce rozmawia\u0107. Codzienna kap\u0142a\u0144ska pos\u0142uga pokazuje mi, \u017ce temat\u00f3w do rozm\u00f3w z ksi\u0119dzem jest coraz wi\u0119cej i dzisiaj \u017caden ksi\u0105dz nie mo\u017ce od nich ucieka\u0107, ale - wprost przeciwnie - podejmowa\u0107 nowe wyzwania. To przekonanie sk\u0142oni\u0142o mnie do pr\u00f3by otwarcia tego\u017c bloga, chocia\u017c okazji do rozm\u00f3w na co dzie\u0144 - w konfesjonale i poza nim - na szcz\u0119\u015bcie nie brakuje. My\u015bl\u0119 jednak, \u017ce ten blog b\u0119dzie jeszcze jednym sposobem i przestrzeni\u0105 nawi\u0105zania kontaktu z lud\u017ami dobrej woli, otwartymi na dialog.\",\"url\":\"https:\/\/gaudiumetspes-blog.pl\/index.php\/author\/ks-jacek\/\"}]}<\/script>\n<!-- \/ Yoast SEO plugin. -->","yoast_head_json":{"title":"Ojciec wie, czego nam potrzeba! - Gaudium Et Spes","robots":{"index":"index","follow":"follow","max-snippet":"max-snippet:-1","max-image-preview":"max-image-preview:large","max-video-preview":"max-video-preview:-1"},"canonical":"https:\/\/gaudiumetspes-blog.pl\/index.php\/2021\/02\/23\/ojciec-wie-czego-nam-potrzeba\/","og_locale":"pl_PL","og_type":"article","og_title":"Ojciec wie, czego nam potrzeba! - Gaudium Et Spes","og_description":"Szcz\u0119\u015b\u0107 Bo\u017ce! Moi Drodzy, po raz kolejny pozdrawiam \u2013 wraz ze swoj\u0105 Ekip\u0105 \u2013 ze Szklarskiej Por\u0119by. Pogoda jest naprawd\u0119 dobra \u2013 jest do\u015b\u0107 ciep\u0142o, chocia\u017c wczoraj nieco wia\u0142o przez ca\u0142y dzie\u0144. Ale stoki narciarskie s\u0105 w dobrym stanie, z czego skorzysta\u0142a nasza Ekipa. Co mnie natomiast bardzo cieszy, to du\u017ca ilo\u015b\u0107 ludzi, przebywaj\u0105cych obecnie [&hellip;]","og_url":"https:\/\/gaudiumetspes-blog.pl\/index.php\/2021\/02\/23\/ojciec-wie-czego-nam-potrzeba\/","og_site_name":"Gaudium Et Spes","article_published_time":"2021-02-23T05:42:40+00:00","author":"Ks. Jacek","twitter_card":"summary_large_image","twitter_misc":{"Napisane przez":"Ks. Jacek","Szacowany czas czytania":"9 minut"},"schema":{"@context":"https:\/\/schema.org","@graph":[{"@type":"WebPage","@id":"https:\/\/gaudiumetspes-blog.pl\/index.php\/2021\/02\/23\/ojciec-wie-czego-nam-potrzeba\/","url":"https:\/\/gaudiumetspes-blog.pl\/index.php\/2021\/02\/23\/ojciec-wie-czego-nam-potrzeba\/","name":"Ojciec wie, czego nam potrzeba! - Gaudium Et Spes","isPartOf":{"@id":"https:\/\/gaudiumetspes-blog.pl\/#website"},"datePublished":"2021-02-23T05:42:40+00:00","author":{"@id":"https:\/\/gaudiumetspes-blog.pl\/#\/schema\/person\/1661982992b752dea8dff0d4ed845a65"},"breadcrumb":{"@id":"https:\/\/gaudiumetspes-blog.pl\/index.php\/2021\/02\/23\/ojciec-wie-czego-nam-potrzeba\/#breadcrumb"},"inLanguage":"pl-PL","potentialAction":[{"@type":"ReadAction","target":["https:\/\/gaudiumetspes-blog.pl\/index.php\/2021\/02\/23\/ojciec-wie-czego-nam-potrzeba\/"]}]},{"@type":"BreadcrumbList","@id":"https:\/\/gaudiumetspes-blog.pl\/index.php\/2021\/02\/23\/ojciec-wie-czego-nam-potrzeba\/#breadcrumb","itemListElement":[{"@type":"ListItem","position":1,"name":"Strona g\u0142\u00f3wna","item":"https:\/\/gaudiumetspes-blog.pl\/"},{"@type":"ListItem","position":2,"name":"Ojciec wie, czego nam potrzeba!"}]},{"@type":"WebSite","@id":"https:\/\/gaudiumetspes-blog.pl\/#website","url":"https:\/\/gaudiumetspes-blog.pl\/","name":"Gaudium Et Spes","description":"Blog Ks. Jacka Ja\u015bkowskiego","potentialAction":[{"@type":"SearchAction","target":{"@type":"EntryPoint","urlTemplate":"https:\/\/gaudiumetspes-blog.pl\/?s={search_term_string}"},"query-input":{"@type":"PropertyValueSpecification","valueRequired":true,"valueName":"search_term_string"}}],"inLanguage":"pl-PL"},{"@type":"Person","@id":"https:\/\/gaudiumetspes-blog.pl\/#\/schema\/person\/1661982992b752dea8dff0d4ed845a65","name":"Ks. Jacek","image":{"@type":"ImageObject","inLanguage":"pl-PL","@id":"https:\/\/gaudiumetspes-blog.pl\/#\/schema\/person\/image\/","url":"https:\/\/gaudiumetspes-blog.pl\/wp-content\/uploads\/2019\/07\/avatar-JJ-150x150.jpg","contentUrl":"https:\/\/gaudiumetspes-blog.pl\/wp-content\/uploads\/2019\/07\/avatar-JJ-150x150.jpg","caption":"Ks. Jacek"},"description":"Witam serdecznie! K\u0142ania si\u0119 Ks. Jacek Ja\u015bkowski. Nie jestem ani kim\u015b wa\u017cnym, ani kim\u015b znanym. Jestem ksi\u0119dzem, kt\u00f3ry po prostu chce rozmawia\u0107. Codzienna kap\u0142a\u0144ska pos\u0142uga pokazuje mi, \u017ce temat\u00f3w do rozm\u00f3w z ksi\u0119dzem jest coraz wi\u0119cej i dzisiaj \u017caden ksi\u0105dz nie mo\u017ce od nich ucieka\u0107, ale - wprost przeciwnie - podejmowa\u0107 nowe wyzwania. To przekonanie sk\u0142oni\u0142o mnie do pr\u00f3by otwarcia tego\u017c bloga, chocia\u017c okazji do rozm\u00f3w na co dzie\u0144 - w konfesjonale i poza nim - na szcz\u0119\u015bcie nie brakuje. My\u015bl\u0119 jednak, \u017ce ten blog b\u0119dzie jeszcze jednym sposobem i przestrzeni\u0105 nawi\u0105zania kontaktu z lud\u017ami dobrej woli, otwartymi na dialog.","url":"https:\/\/gaudiumetspes-blog.pl\/index.php\/author\/ks-jacek\/"}]}},"jetpack_featured_media_url":"","jetpack_sharing_enabled":true,"_links":{"self":[{"href":"https:\/\/gaudiumetspes-blog.pl\/index.php\/wp-json\/wp\/v2\/posts\/18580","targetHints":{"allow":["GET"]}}],"collection":[{"href":"https:\/\/gaudiumetspes-blog.pl\/index.php\/wp-json\/wp\/v2\/posts"}],"about":[{"href":"https:\/\/gaudiumetspes-blog.pl\/index.php\/wp-json\/wp\/v2\/types\/post"}],"author":[{"embeddable":true,"href":"https:\/\/gaudiumetspes-blog.pl\/index.php\/wp-json\/wp\/v2\/users\/1"}],"replies":[{"embeddable":true,"href":"https:\/\/gaudiumetspes-blog.pl\/index.php\/wp-json\/wp\/v2\/comments?post=18580"}],"version-history":[{"count":1,"href":"https:\/\/gaudiumetspes-blog.pl\/index.php\/wp-json\/wp\/v2\/posts\/18580\/revisions"}],"predecessor-version":[{"id":18581,"href":"https:\/\/gaudiumetspes-blog.pl\/index.php\/wp-json\/wp\/v2\/posts\/18580\/revisions\/18581"}],"wp:attachment":[{"href":"https:\/\/gaudiumetspes-blog.pl\/index.php\/wp-json\/wp\/v2\/media?parent=18580"}],"wp:term":[{"taxonomy":"category","embeddable":true,"href":"https:\/\/gaudiumetspes-blog.pl\/index.php\/wp-json\/wp\/v2\/categories?post=18580"},{"taxonomy":"post_tag","embeddable":true,"href":"https:\/\/gaudiumetspes-blog.pl\/index.php\/wp-json\/wp\/v2\/tags?post=18580"}],"curies":[{"name":"wp","href":"https:\/\/api.w.org\/{rel}","templated":true}]}}