{"id":18590,"date":"2021-02-27T07:21:00","date_gmt":"2021-02-27T06:21:00","guid":{"rendered":"https:\/\/gaudiumetspes-blog.pl\/?p=18590"},"modified":"2021-02-27T07:21:00","modified_gmt":"2021-02-27T06:21:00","slug":"nowa-jakosc-nowe-standardy","status":"publish","type":"post","link":"https:\/\/gaudiumetspes-blog.pl\/index.php\/2021\/02\/27\/nowa-jakosc-nowe-standardy\/","title":{"rendered":"Nowa jako\u015b\u0107 &#8211; nowe standardy"},"content":{"rendered":"<p align=\"justify\"><span style=\"color: #000000;\"><span style=\"font-family: Book Antiqua, serif;\"><span style=\"font-size: large;\">Szcz\u0119\u015b\u0107 Bo\u017ce! Moi Drodzy, w dniu wczorajszym <b>imieniny prze\u017cywa<\/b><b>\u0142<\/b><b> m\u00f3j Wujek, Miros\u0142aw Oleszczuk, kt\u00f3remu nieustannie dzi\u0119kuj\u0119 za \u017cyczliwo\u015b\u0107 i dobre serce, ale tak\u017ce za g\u0142\u0119bokie i m\u0105dre przemy\u015blenia, jakimi nieraz dzieli si\u0119 ze mn\u0105 i kt\u00f3rymi mnie ubogaca. \u017bycz\u0119 Mu wci\u0105\u017c wzrastaj\u0105cego zapa\u0142u do dalszych g\u0142\u0119bokich poszukiwa\u0144 \u2013 i wszelkiego Bo\u017cego b\u0142ogos\u0142awie\u0144stwa w \u017cyciu rodzinnym <\/b><b>i zawodowym<\/b><b>. Zapewniam o modlitwie!<\/b><\/span><\/span><\/span><\/p>\n<p align=\"justify\"><span style=\"color: #000000;\"><span style=\"font-family: Book Antiqua, serif;\"><span style=\"font-size: large;\">Ponadto, <b>imieniny <\/b><b>wczoraj <\/b><b>prze\u017cywa<\/b><b>li<\/b><b>:<\/b><\/span><\/span><\/span><\/p>\n<p align=\"justify\"><span style=\"color: #000000;\">\u25ba<span style=\"font-family: Book Antiqua, serif;\"><span style=\"font-size: large;\"><b>Ksi\u0105dz Miros\u0142aw Golonka \u2013 m\u00f3j Kolega kursowy;<\/b><\/span><\/span><\/span><\/p>\n<p align=\"justify\"><span style=\"color: #000000;\">\u25ba<span style=\"font-family: Book Antiqua, serif;\"><span style=\"font-size: large;\"><b>Kap\u0142ani spotkani na r\u00f3\u017cnych etapach mojej kap\u0142a\u0144skiej pos\u0142ugi:<\/b><\/span><\/span><\/span><\/p>\n<p align=\"justify\"><span style=\"color: #000000;\"><span style=\"font-family: Book Antiqua, serif;\"><span style=\"font-size: large;\"><b>* <\/b><b>Ksi\u0105dz Miros\u0142aw Cisowski, <\/b><\/span><\/span><\/span><\/p>\n<p align=\"justify\"><span style=\"color: #000000;\"><span style=\"font-family: Book Antiqua, serif;\"><span style=\"font-size: large;\"><b>* Ksi\u0105dz Miros\u0142aw Krupski, <\/b><\/span><\/span><\/span><\/p>\n<p align=\"justify\"><span style=\"color: #000000;\"><span style=\"font-family: Book Antiqua, serif;\"><span style=\"font-size: large;\"><b>* Ksi\u0105dz Miros\u0142aw Pietrzak, <\/b><\/span><\/span><\/span><\/p>\n<p align=\"justify\"><span style=\"color: #000000;\"><span style=\"font-family: Book Antiqua, serif;\"><span style=\"font-size: large;\"><b>* Ksi\u0105dz Miros\u0142aw Sta\u0144czuk, <\/b><\/span><\/span><\/span><\/p>\n<p align=\"justify\"><span style=\"color: #000000;\"><span style=\"font-family: Book Antiqua, serif;\"><span style=\"font-size: large;\"><b>* Ksi\u0105dz Miros\u0142aw Sitarz;<\/b><b> <\/b><\/span><\/span><\/span><\/p>\n<p align=\"justify\"><span style=\"color: #000000;\">\u25ba<span style=\"font-family: Book Antiqua, serif;\"><span style=\"font-size: large;\"><b>Miros\u0142aw Sawczuk \u2013 m\u00f3j dobry Znajomy z rodzinnej Parafii.<\/b><\/span><\/span><\/span><\/p>\n<p align=\"justify\"><span style=\"color: #000000;\"><span style=\"font-family: Book Antiqua, serif;\"><span style=\"font-size: large;\"><b>\u017bycz\u0119 Drogim Solenizantom, aby we wszystkich okoliczno\u015bciach swego \u017cycia \u2013 zar\u00f3wno tych radosnych, jak i tych trudnych \u2013 mieli odwag\u0119 bezgranicznie zaufa\u0107 Panu! O to b\u0119d\u0119 si\u0119 dla Nich modli\u0142!<\/b><\/span><\/span><\/span><\/p>\n<p align=\"justify\"><span style=\"color: #000000;\"><span style=\"font-family: Book Antiqua, serif;\"><span style=\"font-size: large;\">Moi Drodzy, bardzo serdecznie dzi\u0119kujemy Ksi\u0119dzu Markowi i Siostrze Joannie za wczorajsze s\u0142\u00f3wko z Syberii. Dzi\u0119kujemy za zach\u0119t\u0119 do przekraczania owych \u201ebarier starotestamentalnych\u201d, kt\u00f3re nieraz blokuj\u0105 nam drog\u0119 do pe\u0142nej doskona\u0142o\u015bci. Modlitw\u0105 odwdzi\u0119czamy wszelkie dobro, jakie p\u0142ynie do nas z Syberii.<\/span><\/span><\/span><\/p>\n<p align=\"justify\"><span style=\"color: #000000;\"><span style=\"font-family: Book Antiqua, serif;\"><span style=\"font-size: large;\">A ja wczoraj, przed p\u00f3\u0142noc\u0105, wr\u00f3ci\u0142em do Lublina, po wcze\u015bniejszym po\u017cegnaniu i rozwiezieniu Uczestnik\u00f3w wyjazdu. Tak sko\u0144czy\u0142 si\u0119 nasz pobyt w Szklarskiej Por\u0119bie. Dzi\u0119kujemy Bogu na ten czas, za wszelkie dobre natchnienia do modlitwy i refleksji, oraz za postanowienia, kt\u00f3re wczoraj podejmowali\u015bmy, na zako\u0144czenie.<\/span><\/span><\/span><\/p>\n<p align=\"justify\"><span style=\"color: #000000;\"><span style=\"font-family: Book Antiqua, serif;\"><span style=\"font-size: large;\">Jednocze\u015bnie bardzo dzi\u0119kujemy naszym Gospodarzom, Pa\u0144stwu Annie i Tomaszowi Marczewskim, a tak\u017ce Paniom Janinie i Wandzie Pszczo\u0142om, zaprzyja\u017anionym Osobom, kt\u00f3re zawsze, kiedy jeste\u015bmy, w\u0142\u0105czaj\u0105 si\u0119 w nasze modlitwy. Wczoraj, po ostatniej Mszy \u015awi\u0119tej, Pani Wanda da\u0142a pi\u0119kne \u015bwiadectwo wiary i zach\u0119ca\u0142a nas, aby\u015bmy za wszystko, co dzieje si\u0119 w naszym \u017cyciu, dzi\u0119kowali Bogu, bo On sam dzia\u0142a przez wszelkie okoliczno\u015bci naszego \u017cycia. <\/span><\/span><\/span><\/p>\n<p align=\"justify\"><span style=\"color: #000000;\"><span style=\"font-family: Book Antiqua, serif;\"><span style=\"font-size: large;\">Ca\u0142ym sercem, raz jeszcze dzi\u0119kuj\u0119 Uczestnikom wyjazdu, Gospodarzom, Drogim Paniom \u2013 i Wszystkim, spotkanym przy okazji, kt\u00f3rzy okazali nam swoj\u0105 \u017cyczliwo\u015b\u0107.<\/span><\/span><\/span><\/p>\n<p align=\"justify\"><span style=\"color: #000000;\"><span style=\"font-family: Book Antiqua, serif;\"><span style=\"font-size: large;\">A dzisiaj, za kolejne s\u0142\u00f3wko sobotnie, dzi\u0119kujemy Ksi\u0119dzu Leszkowi, tak\u017ce ogarniaj\u0105c modlitwami Jego dzia\u0142alno\u015b\u0107 duszpastersk\u0105 i naukow\u0105, oraz sprawy, kt\u00f3re nosi w sercu i kt\u00f3rymi \u017cyje.<\/span><\/span><\/span><\/p>\n<p align=\"justify\"><span style=\"color: #000000;\"><span style=\"font-family: Book Antiqua, serif;\"><span style=\"font-size: large;\">Zapraszam zatem do pochylenia si\u0119 nad Bo\u017cym s\u0142owem dzisiejszej liturgii, aby odnale\u017a\u0107 to <b>jedno, jedyne przes\u0142anie, z jakim Pan konkretnie do mnie dzisiaj si\u0119 zwraca. <\/b>Niech Duch \u015awi\u0119ty b\u0119dzie naszym \u015bwiat\u0142em i natchnieniem!<\/span><\/span><\/span><\/p>\n<p align=\"justify\"><span style=\"color: #000000;\"><span style=\"font-family: Book Antiqua, serif;\"><span style=\"font-size: large;\"><b>Niech Was b\u0142ogos\u0142awi B\u00f3g Wszechmog\u0105cy: Ojciec + i Syn, i Duch \u015awi\u0119ty. Amen<\/b><\/span><\/span><\/span><\/p>\n<p align=\"center\"><span style=\"color: #000000;\"><span style=\"font-family: Book Antiqua, serif;\"><span style=\"font-size: large;\">Gaudium et spes! Ks. Jacek<\/span><\/span><\/span><\/p>\n<p align=\"center\">\n<p align=\"center\">\n<p align=\"center\">\n<p align=\"center\">\n<p align=\"center\">\n<p align=\"justify\"><span style=\"color: #000000;\"><span style=\"font-family: Book Antiqua, serif;\"><span style=\"font-size: large;\"><b>Sobota 1 Tygodnia Wielkiego Postu,<\/b><\/span><\/span><\/span><\/p>\n<p align=\"justify\"><span style=\"color: #000000;\"><span style=\"font-family: Book Antiqua, serif;\"><span style=\"font-size: large;\"><b>27 lutego 2021.,<\/b><\/span><\/span><\/span><\/p>\n<p align=\"justify\"><span style=\"color: #000000;\"><span style=\"font-family: Book Antiqua, serif;\"><span style=\"font-size: large;\"><b>do czyta\u0144: Pwt 26,16\u201319; Mt 5,43\u201348<\/b><\/span><\/span><\/span><\/p>\n<p align=\"justify\">\n<p align=\"justify\">\n<p align=\"justify\">\n<p align=\"justify\">\n<p align=\"justify\">\n<p align=\"justify\"><span style=\"color: #000000;\"><span style=\"font-family: Book Antiqua, serif;\"><span style=\"font-size: large;\"><b>CZYTANIE Z KSI\u0118GI POWT\u00d3RZONEGO PRAWA: <\/b><\/span><\/span><\/span><\/p>\n<p align=\"justify\"><span style=\"color: #000000;\"><span style=\"font-family: Book Antiqua, serif;\"><span style=\"font-size: large;\"><b>Moj\u017cesz powiedzia\u0142 do ludu: \u201eDzi\u015b tw\u00f3j Pan B\u00f3g rozkazuje ci wykona\u0107 te prawa i nakazy. Strze\u017c ich, pe\u0142nij z ca\u0142ego swego serca i z ca\u0142ej duszy. <\/b><\/span><\/span><\/span><\/p>\n<p align=\"justify\"><span style=\"color: #000000;\"><span style=\"font-family: Book Antiqua, serif;\"><span style=\"font-size: large;\"><b>Dzi\u015b uzyska\u0142e\u015b to, \u017ce Pan ci rzek\u0142, i\u017c b\u0119dzie dla ciebie Bogiem, o ile ty b\u0119dziesz chodzi\u0142 Jego drogami, strzeg\u0142 Jego nakaz\u00f3w, praw i rozporz\u0105dze\u0144 i s\u0142ucha\u0142 Jego g\u0142osu. <\/b><\/span><\/span><\/span><\/p>\n<p align=\"justify\"><span style=\"color: #000000;\"><span style=\"font-family: Book Antiqua, serif;\"><span style=\"font-size: large;\"><b>A Pan uzyska\u0142 to, \u017ce\u015b ty dzi\u015b obieca\u0142 by\u0107 dla Niego ludem wybranym, jak ci powiedzia\u0142, je\u015bli zachowasz Jego przykazania. On ci\u0119 wtedy wywy\u017cszy we czci, s\u0142awie i wspania\u0142o\u015bci ponad wszystkie narody, kt\u00f3re uczyni\u0142, jak sam powiedzia\u0142\u201d.<\/b><\/span><\/span><\/span><\/p>\n<p align=\"justify\">\n<p align=\"justify\">\n<p align=\"justify\">\n<p align=\"justify\">\n<p align=\"justify\">\n<p align=\"justify\"><span style=\"color: #000000;\"><span style=\"font-family: Book Antiqua, serif;\"><span style=\"font-size: large;\"><b>S\u0141OWA EWANGELII WED\u0141UG \u015aWI\u0118TEGO MATEUSZA: <\/b><\/span><\/span><\/span><\/p>\n<p align=\"justify\"><span style=\"color: #000000;\"><span style=\"font-family: Book Antiqua, serif;\"><span style=\"font-size: large;\"><b>Jezus powiedzia\u0142 do swoich uczni\u00f3w: \u201eS\u0142yszeli\u015bcie, \u017ce powiedziano: \u00abB\u0119dziesz mi\u0142owa\u0142 swego bli\u017aniego, a nieprzyjaciela swego b\u0119dziesz nienawidzi\u0142\u00bb. <\/b><\/span><\/span><\/span><\/p>\n<p align=\"justify\"><span style=\"color: #000000;\"><span style=\"font-family: Book Antiqua, serif;\"><span style=\"font-size: large;\"><b>A Ja wam powiadam: Mi\u0142ujcie waszych nieprzyjaci\u00f3\u0142 i m\u00f3dlcie si\u0119 za tych, kt\u00f3rzy was prze\u015bladuj\u0105; tak b\u0119dziecie synami Ojca waszego, kt\u00f3ry jest w niebie; poniewa\u017c On sprawia, \u017ce s\u0142o\u0144ce Jego wschodzi nad z\u0142ymi i nad dobrymi, i On zsy\u0142a deszcz na sprawiedliwych i niesprawiedliwych. <\/b><\/span><\/span><\/span><\/p>\n<p align=\"justify\"><span style=\"color: #000000;\"><span style=\"font-family: Book Antiqua, serif;\"><span style=\"font-size: large;\"><b>Je\u015bli bowiem mi\u0142ujecie tych, kt\u00f3rzy was mi\u0142uj\u0105, c\u00f3\u017c za nagrod\u0119 mie\u0107 b\u0119dziecie? Czy\u017c i celnicy tego nie czyni\u0105? I je\u015bli pozdrawiacie tylko swych braci, c\u00f3\u017c szczeg\u00f3lnego czynicie? Czy\u017c i poganie tego nie czyni\u0105? <\/b><\/span><\/span><\/span><\/p>\n<p align=\"justify\"><span style=\"color: #000000;\"><span style=\"font-family: Book Antiqua, serif;\"><span style=\"font-size: large;\"><b>B\u0105d\u017acie wi\u0119c wy doskonali, jak doskona\u0142y jest wasz Ojciec niebieski\u201d.<\/b><\/span><\/span><\/span><\/p>\n<p align=\"justify\">\n<p align=\"justify\">\n<p align=\"justify\">\n<p align=\"justify\">\n<p align=\"justify\">\n<p align=\"center\"><span style=\"color: #000000;\"><span style=\"font-family: Book Antiqua, serif;\"><span style=\"font-size: large;\"><b>A OTO S\u0141\u00d3WKO KSI\u0118DZA LESZKA:<\/b><\/span><\/span><\/span><\/p>\n<p align=\"center\">\n<p align=\"center\">\n<p align=\"center\">\n<p align=\"center\">\n<p align=\"center\">\n<p align=\"justify\"><span style=\"color: #000000;\"><span style=\"font-family: Book Antiqua, serif;\"><span style=\"font-size: large;\"><i><b>S\u0142yszeli\u015bcie, \u017ce powiedziano: <\/b><b>\u00abB\u0119dziesz mi\u0142owa\u0142 swego bli\u017aniego, a nieprzyjaciela swego b\u0119dziesz nienawidzi\u0142\u00bb. <\/b><b>A Ja wam powiadam:<\/b> <b>Mi\u0142ujcie waszych nieprzyjaci\u00f3\u0142 i m\u00f3dlcie si\u0119 za tych, kt\u00f3rzy was prze\u015bladuj\u0105, aby\u015bcie si\u0119 stali synami Ojca waszego, kt\u00f3ry jest w niebie; poniewa\u017c on sam sprawia, \u017ce s\u0142o\u0144ce Jego wschodzi nad z\u0142ymi i nad dobrymi\u2026 <\/b><\/i><\/span><\/span><\/span><\/p>\n<p align=\"justify\"><span style=\"color: #000000;\"><span style=\"font-family: Book Antiqua, serif;\"><span style=\"font-size: large;\">Zastan\u00f3wmy si\u0119 dzisiaj nad nietypowym zdaniem Jezusa, kt\u00f3re kieruje do cz\u0142owieka wszystkich czas\u00f3w, w tym tak\u017ce naszych: <i><b>M<\/b><\/i><i><b>i\u0142ujcie waszych nieprzyjaci\u00f3\u0142<\/b><\/i> \u2013 w odniesieniu do nieprzyjaci\u00f3\u0142 prawdziwych, tych, kt\u00f3rzy nas skrzywdzili, a mo\u017ce nawet nas trwale nienawidz\u0105? <\/span><\/span><\/span><\/p>\n<p align=\"justify\"><span style=\"color: #000000;\"><span style=\"font-family: Book Antiqua, serif;\"><span style=\"font-size: large;\">Jezus z pewno\u015bci\u0105 nie nakazuje nam potulnie godzi\u0107 si\u0119 na krzywd\u0119. Natomiast nakazuje nam, \u017ceby\u015bmy uprzytomnili sobie, \u017ce krzywda, jak\u0105 kto\u015b nam wyrz\u0105dzi\u0142, to nie ca\u0142a prawda o tym cz\u0142owieku, o krzywdzicielu. Krzywda, kt\u00f3r\u0105 nam wyrz\u0105dzi\u0142 nie obrazuje jego samego, jego cz\u0142owiecze\u0144stwa. <\/span><\/span><\/span><\/p>\n<p align=\"justify\"><span style=\"color: #000000;\"><span style=\"font-family: Book Antiqua, serif;\"><span style=\"font-size: large;\">Nasz nieprzyjaciel jest przede wszystkim cz\u0142owiekiem, a je\u017celi cz\u0142owiekiem, to znaczy, \u017ce sam B\u00f3g go kocha i chce go doprowadzi\u0107 do \u017cycia wiecznego. I teraz ju\u017c wiemy, dlaczego Pan Jezus ka\u017ce nam si\u0119 modli\u0107 za nieprzyjaci\u00f3\u0142\u2026 <\/span><\/span><\/span><\/p>\n<p align=\"justify\"><span style=\"color: #000000;\"><span style=\"font-family: Book Antiqua, serif;\"><span style=\"font-size: large;\">Je\u017celi on \u2013 nasz nieprzyjaciel \u2013 post\u0119puje niesprawiedliwie, to zapewne dlatego, \u017ce pogubi\u0142 si\u0119 w \u017cyciu i nie bardzo ju\u017c nawet wie, po co \u017cyje na tym \u015bwiecie\u2026 Szuka sensu, a krzywda, kt\u00f3r\u0105 nam wyrz\u0105dzi\u0142 mo\u017ce jest efektem z\u0142o\u015bci wobec ca\u0142ego \u015bwiata\u2026 <\/span><\/span><\/span><\/p>\n<p align=\"justify\"><span style=\"color: #000000;\"><span style=\"font-family: Book Antiqua, serif;\"><span style=\"font-size: large;\">Wiemy, kto jest naszym nieprzyjacielem. Nieprzyjaciel to kto\u015b, kto mnie skrzywdzi\u0142, mo\u017ce nawet mnie nienawidzi; to ten, kto daje dowody swojej nie\u017cyczliwo\u015bci dla mnie. Nale\u017cy zauwa\u017cy\u0107, \u017ce my w swojej przewrotno\u015bci uwa\u017camy niekiedy za swojego nieprzyjaciela cz\u0142owieka, kt\u00f3rego to my skrzywdzili\u015bmy. <\/span><\/span><\/span><\/p>\n<p align=\"justify\"><span style=\"color: #000000;\"><span style=\"font-family: Book Antiqua, serif;\"><span style=\"font-size: large;\">Psychologia jest tu prosta: skrzywdzi\u0142e\u015b tego cz\u0142owieka i \u017ceby zag\u0142uszy\u0107 wyrzuty sumienia, zaczynasz uwa\u017ca\u0107, \u017ce to jest z\u0142y osobnik, kt\u00f3ry nie zas\u0142uguje na twoj\u0105 uwag\u0119. Odnosz\u0105c si\u0119 do takiej sytuacji, w kt\u00f3rej Jezus proponuje: <i><b>M<\/b><\/i><i><b>i\u0142ujcie waszych nieprzyjaci\u00f3\u0142,<\/b><\/i> znaczy: opami\u0119taj si\u0119, niech wasze wzajemne relacje stan\u0105 si\u0119 normalne\u2026<\/span><\/span><\/span><\/p>\n<p align=\"justify\"><span style=\"color: #000000;\"><span style=\"font-family: Book Antiqua, serif;\"><span style=\"font-size: large;\">Jezus sam zostawi\u0142 nam najwy\u017cszy przyk\u0142ad modlitwy za nieprzyjaci\u00f3\u0142. Nie chodzi\u0142o tu o ludzi, kt\u00f3rzy kiedy\u015b wyrz\u0105dzili Mu krzywd\u0119. On modli si\u0119 za w\u0142asnych morderc\u00f3w, a modli\u0142 si\u0119 w momencie, kiedy oni Go zabijali. <\/span><\/span><\/span><\/p>\n<p align=\"justify\"><span style=\"color: #000000;\"><span style=\"font-family: Book Antiqua, serif;\"><span style=\"font-size: large;\">Jego modlitwa jest pe\u0142na prawdy. Pan Jezus nie bagatelizuje krzywdy, jak\u0105 oni Mu wyrz\u0105dzaj\u0105. Krzywda, kt\u00f3r\u0105 zadali, by\u0142a potwornie bolesna i w najwy\u017cszym stopniu niesprawiedliwa \u2013 i tego faktu Pan Jezus nie ukrywa. Jemu jednak chodzi o dobro tych ludzi. B\u00f3g widzi, i\u017c ci nieszcz\u0119\u015bnicy nie s\u0105 w pe\u0142ni \u015bwiadomi potworno\u015bci tego z\u0142a, kt\u00f3re czyni\u0105. Pan staje ponad tym strasznym z\u0142em, jakie Go spotyka z ich r\u0119ki, i modli si\u0119 za nich: <i><b>Ojcze, przebacz im, bo nie wiedz\u0105 co czyni\u0105.<\/b><\/i><b> <\/b><\/span><\/span><\/span><\/p>\n<p align=\"justify\"><span style=\"color: #000000;\"><span style=\"font-family: Book Antiqua, serif;\"><span style=\"font-size: large;\">To modlitwa ukazuje si\u0119 jako wz\u00f3r mi\u0142o\u015bci nieprzyjaci\u00f3\u0142. Jezus znosi prawo odwetu, zast\u0119puj\u0105c je prawem mi\u0142o\u015bci\u2026 Nasza mi\u0142o\u015b\u0107 nieprzyjaci\u00f3\u0142 jest szczeg\u00f3lnym na\u015bladowaniem mi\u0142o\u015bci Boga. To w\u0142a\u015bnie B\u00f3g my\u015bli o naszym dobru, r\u00f3wnie\u017c wtedy, kiedy my zachowujemy si\u0119 jak Jego wrogowie. A najwyra\u017aniej to wida\u0107 po tym, kiedy traktujemy drugiego cz\u0142owieka jako wroga, kt\u00f3rego trzeba zniszczy\u0107, zapominaj\u0105c o tym, \u017ce w nim te\u017c mieszka B\u00f3g. <\/span><\/span><\/span><\/p>\n<p align=\"justify\"><span style=\"color: #000000;\"><span style=\"font-family: Book Antiqua, serif;\"><span style=\"font-size: large;\"><i><b>Mi\u0142ujcie nieprzyjaci\u00f3\u0142<\/b><\/i> \u2013 to zadanie dla nas po ludzku prawie niewykonalne\u2026 Ale Jezus nam to poleca\u2026 Nowa jako\u015b\u0107\u2026 Bo przecie\u017c \u017cadnym sukcesem nie jest kocha\u0107 tych, kt\u00f3rzy kochaj\u0105 mnie\u2026 Tak jest naj\u0142atwiej. Ale Jezus wymaga wi\u0119cej, wymaga wznoszenia si\u0119 ponad przeci\u0119tno\u015b\u0107. Tylko wtedy mo\u017cemy sta\u0107 si\u0119 Jego uczniami. <\/span><\/span><\/span><\/p>\n<p align=\"justify\"><span style=\"color: #000000;\"><span style=\"font-family: Book Antiqua, serif;\"><span style=\"font-size: large;\">Skoro d\u0105\u017cymy tu na ziemi do doskona\u0142o\u015bci \u2013 musimy post\u0119powa\u0107 niestandardowo i wbrew zasadom wsp\u00f3\u0142czesnego \u015bwiata.<\/span><\/span><\/span><\/p>\n<p align=\"justify\"><span style=\"color: #000000;\"><span style=\"font-family: Book Antiqua, serif;\"><span style=\"font-size: large;\">Chcemy \u015bwi\u0119to\u015bci\u2026 i ka\u017cdy z nas powinien pragn\u0105\u0107 d\u0105\u017cy\u0107 do doskona\u0142o\u015bci naszego Nauczyciela.<\/span><\/span><\/span><\/p>\n<p align=\"justify\"><span style=\"color: #000000;\"><span style=\"font-family: Book Antiqua, serif;\"><span style=\"font-size: large;\">A w tym celu musimy nauczy\u0107 si\u0119 kocha\u0107 nieprzyjaci\u00f3\u0142 i wbrew ludzkiej logice nauczy\u0107 si\u0119 modli\u0107 za tych, kt\u00f3rzy nas prze\u015bladuj\u0105.<\/span><\/span><\/span><\/p>\n","protected":false},"excerpt":{"rendered":"<p>Szcz\u0119\u015b\u0107 Bo\u017ce! Moi Drodzy, w dniu wczorajszym imieniny prze\u017cywa\u0142 m\u00f3j Wujek, Miros\u0142aw Oleszczuk, kt\u00f3remu nieustannie dzi\u0119kuj\u0119 za \u017cyczliwo\u015b\u0107 i dobre serce, ale tak\u017ce za g\u0142\u0119bokie i m\u0105dre przemy\u015blenia, jakimi nieraz dzieli si\u0119 ze mn\u0105 i kt\u00f3rymi mnie ubogaca. \u017bycz\u0119 Mu wci\u0105\u017c wzrastaj\u0105cego zapa\u0142u do dalszych g\u0142\u0119bokich poszukiwa\u0144 \u2013 i wszelkiego Bo\u017cego b\u0142ogos\u0142awie\u0144stwa w \u017cyciu rodzinnym [&hellip;]<\/p>\n","protected":false},"author":1,"featured_media":0,"comment_status":"open","ping_status":"open","sticky":false,"template":"","format":"standard","meta":{"jetpack_post_was_ever_published":false,"_jetpack_newsletter_access":"","_jetpack_dont_email_post_to_subs":false,"_jetpack_newsletter_tier_id":0,"_jetpack_memberships_contains_paywalled_content":false,"_jetpack_memberships_contains_paid_content":false,"footnotes":""},"categories":[1],"tags":[],"class_list":["post-18590","post","type-post","status-publish","format-standard","hentry","category-bez-kategorii"],"yoast_head":"<!-- This site is optimized with the Yoast SEO plugin v25.1 - https:\/\/yoast.com\/wordpress\/plugins\/seo\/ -->\n<title>Nowa jako\u015b\u0107 - nowe standardy - Gaudium Et Spes<\/title>\n<meta name=\"robots\" content=\"index, follow, max-snippet:-1, max-image-preview:large, max-video-preview:-1\" \/>\n<link rel=\"canonical\" href=\"https:\/\/gaudiumetspes-blog.pl\/index.php\/2021\/02\/27\/nowa-jakosc-nowe-standardy\/\" \/>\n<meta property=\"og:locale\" content=\"pl_PL\" \/>\n<meta property=\"og:type\" content=\"article\" \/>\n<meta property=\"og:title\" content=\"Nowa jako\u015b\u0107 - nowe standardy - Gaudium Et Spes\" \/>\n<meta property=\"og:description\" content=\"Szcz\u0119\u015b\u0107 Bo\u017ce! Moi Drodzy, w dniu wczorajszym imieniny prze\u017cywa\u0142 m\u00f3j Wujek, Miros\u0142aw Oleszczuk, kt\u00f3remu nieustannie dzi\u0119kuj\u0119 za \u017cyczliwo\u015b\u0107 i dobre serce, ale tak\u017ce za g\u0142\u0119bokie i m\u0105dre przemy\u015blenia, jakimi nieraz dzieli si\u0119 ze mn\u0105 i kt\u00f3rymi mnie ubogaca. \u017bycz\u0119 Mu wci\u0105\u017c wzrastaj\u0105cego zapa\u0142u do dalszych g\u0142\u0119bokich poszukiwa\u0144 \u2013 i wszelkiego Bo\u017cego b\u0142ogos\u0142awie\u0144stwa w \u017cyciu rodzinnym [&hellip;]\" \/>\n<meta property=\"og:url\" content=\"https:\/\/gaudiumetspes-blog.pl\/index.php\/2021\/02\/27\/nowa-jakosc-nowe-standardy\/\" \/>\n<meta property=\"og:site_name\" content=\"Gaudium Et Spes\" \/>\n<meta property=\"article:published_time\" content=\"2021-02-27T06:21:00+00:00\" \/>\n<meta name=\"author\" content=\"Ks. Jacek\" \/>\n<meta name=\"twitter:card\" content=\"summary_large_image\" \/>\n<meta name=\"twitter:label1\" content=\"Napisane przez\" \/>\n\t<meta name=\"twitter:data1\" content=\"Ks. Jacek\" \/>\n\t<meta name=\"twitter:label2\" content=\"Szacowany czas czytania\" \/>\n\t<meta name=\"twitter:data2\" content=\"7 minut\" \/>\n<script type=\"application\/ld+json\" class=\"yoast-schema-graph\">{\"@context\":\"https:\/\/schema.org\",\"@graph\":[{\"@type\":\"WebPage\",\"@id\":\"https:\/\/gaudiumetspes-blog.pl\/index.php\/2021\/02\/27\/nowa-jakosc-nowe-standardy\/\",\"url\":\"https:\/\/gaudiumetspes-blog.pl\/index.php\/2021\/02\/27\/nowa-jakosc-nowe-standardy\/\",\"name\":\"Nowa jako\u015b\u0107 - nowe standardy - Gaudium Et Spes\",\"isPartOf\":{\"@id\":\"https:\/\/gaudiumetspes-blog.pl\/#website\"},\"datePublished\":\"2021-02-27T06:21:00+00:00\",\"author\":{\"@id\":\"https:\/\/gaudiumetspes-blog.pl\/#\/schema\/person\/1661982992b752dea8dff0d4ed845a65\"},\"breadcrumb\":{\"@id\":\"https:\/\/gaudiumetspes-blog.pl\/index.php\/2021\/02\/27\/nowa-jakosc-nowe-standardy\/#breadcrumb\"},\"inLanguage\":\"pl-PL\",\"potentialAction\":[{\"@type\":\"ReadAction\",\"target\":[\"https:\/\/gaudiumetspes-blog.pl\/index.php\/2021\/02\/27\/nowa-jakosc-nowe-standardy\/\"]}]},{\"@type\":\"BreadcrumbList\",\"@id\":\"https:\/\/gaudiumetspes-blog.pl\/index.php\/2021\/02\/27\/nowa-jakosc-nowe-standardy\/#breadcrumb\",\"itemListElement\":[{\"@type\":\"ListItem\",\"position\":1,\"name\":\"Strona g\u0142\u00f3wna\",\"item\":\"https:\/\/gaudiumetspes-blog.pl\/\"},{\"@type\":\"ListItem\",\"position\":2,\"name\":\"Nowa jako\u015b\u0107 &#8211; nowe standardy\"}]},{\"@type\":\"WebSite\",\"@id\":\"https:\/\/gaudiumetspes-blog.pl\/#website\",\"url\":\"https:\/\/gaudiumetspes-blog.pl\/\",\"name\":\"Gaudium Et Spes\",\"description\":\"Blog Ks. Jacka Ja\u015bkowskiego\",\"potentialAction\":[{\"@type\":\"SearchAction\",\"target\":{\"@type\":\"EntryPoint\",\"urlTemplate\":\"https:\/\/gaudiumetspes-blog.pl\/?s={search_term_string}\"},\"query-input\":{\"@type\":\"PropertyValueSpecification\",\"valueRequired\":true,\"valueName\":\"search_term_string\"}}],\"inLanguage\":\"pl-PL\"},{\"@type\":\"Person\",\"@id\":\"https:\/\/gaudiumetspes-blog.pl\/#\/schema\/person\/1661982992b752dea8dff0d4ed845a65\",\"name\":\"Ks. Jacek\",\"image\":{\"@type\":\"ImageObject\",\"inLanguage\":\"pl-PL\",\"@id\":\"https:\/\/gaudiumetspes-blog.pl\/#\/schema\/person\/image\/\",\"url\":\"https:\/\/gaudiumetspes-blog.pl\/wp-content\/uploads\/2019\/07\/avatar-JJ-150x150.jpg\",\"contentUrl\":\"https:\/\/gaudiumetspes-blog.pl\/wp-content\/uploads\/2019\/07\/avatar-JJ-150x150.jpg\",\"caption\":\"Ks. Jacek\"},\"description\":\"Witam serdecznie! K\u0142ania si\u0119 Ks. Jacek Ja\u015bkowski. Nie jestem ani kim\u015b wa\u017cnym, ani kim\u015b znanym. Jestem ksi\u0119dzem, kt\u00f3ry po prostu chce rozmawia\u0107. Codzienna kap\u0142a\u0144ska pos\u0142uga pokazuje mi, \u017ce temat\u00f3w do rozm\u00f3w z ksi\u0119dzem jest coraz wi\u0119cej i dzisiaj \u017caden ksi\u0105dz nie mo\u017ce od nich ucieka\u0107, ale - wprost przeciwnie - podejmowa\u0107 nowe wyzwania. To przekonanie sk\u0142oni\u0142o mnie do pr\u00f3by otwarcia tego\u017c bloga, chocia\u017c okazji do rozm\u00f3w na co dzie\u0144 - w konfesjonale i poza nim - na szcz\u0119\u015bcie nie brakuje. My\u015bl\u0119 jednak, \u017ce ten blog b\u0119dzie jeszcze jednym sposobem i przestrzeni\u0105 nawi\u0105zania kontaktu z lud\u017ami dobrej woli, otwartymi na dialog.\",\"url\":\"https:\/\/gaudiumetspes-blog.pl\/index.php\/author\/ks-jacek\/\"}]}<\/script>\n<!-- \/ Yoast SEO plugin. -->","yoast_head_json":{"title":"Nowa jako\u015b\u0107 - nowe standardy - Gaudium Et Spes","robots":{"index":"index","follow":"follow","max-snippet":"max-snippet:-1","max-image-preview":"max-image-preview:large","max-video-preview":"max-video-preview:-1"},"canonical":"https:\/\/gaudiumetspes-blog.pl\/index.php\/2021\/02\/27\/nowa-jakosc-nowe-standardy\/","og_locale":"pl_PL","og_type":"article","og_title":"Nowa jako\u015b\u0107 - nowe standardy - Gaudium Et Spes","og_description":"Szcz\u0119\u015b\u0107 Bo\u017ce! Moi Drodzy, w dniu wczorajszym imieniny prze\u017cywa\u0142 m\u00f3j Wujek, Miros\u0142aw Oleszczuk, kt\u00f3remu nieustannie dzi\u0119kuj\u0119 za \u017cyczliwo\u015b\u0107 i dobre serce, ale tak\u017ce za g\u0142\u0119bokie i m\u0105dre przemy\u015blenia, jakimi nieraz dzieli si\u0119 ze mn\u0105 i kt\u00f3rymi mnie ubogaca. \u017bycz\u0119 Mu wci\u0105\u017c wzrastaj\u0105cego zapa\u0142u do dalszych g\u0142\u0119bokich poszukiwa\u0144 \u2013 i wszelkiego Bo\u017cego b\u0142ogos\u0142awie\u0144stwa w \u017cyciu rodzinnym [&hellip;]","og_url":"https:\/\/gaudiumetspes-blog.pl\/index.php\/2021\/02\/27\/nowa-jakosc-nowe-standardy\/","og_site_name":"Gaudium Et Spes","article_published_time":"2021-02-27T06:21:00+00:00","author":"Ks. Jacek","twitter_card":"summary_large_image","twitter_misc":{"Napisane przez":"Ks. Jacek","Szacowany czas czytania":"7 minut"},"schema":{"@context":"https:\/\/schema.org","@graph":[{"@type":"WebPage","@id":"https:\/\/gaudiumetspes-blog.pl\/index.php\/2021\/02\/27\/nowa-jakosc-nowe-standardy\/","url":"https:\/\/gaudiumetspes-blog.pl\/index.php\/2021\/02\/27\/nowa-jakosc-nowe-standardy\/","name":"Nowa jako\u015b\u0107 - nowe standardy - Gaudium Et Spes","isPartOf":{"@id":"https:\/\/gaudiumetspes-blog.pl\/#website"},"datePublished":"2021-02-27T06:21:00+00:00","author":{"@id":"https:\/\/gaudiumetspes-blog.pl\/#\/schema\/person\/1661982992b752dea8dff0d4ed845a65"},"breadcrumb":{"@id":"https:\/\/gaudiumetspes-blog.pl\/index.php\/2021\/02\/27\/nowa-jakosc-nowe-standardy\/#breadcrumb"},"inLanguage":"pl-PL","potentialAction":[{"@type":"ReadAction","target":["https:\/\/gaudiumetspes-blog.pl\/index.php\/2021\/02\/27\/nowa-jakosc-nowe-standardy\/"]}]},{"@type":"BreadcrumbList","@id":"https:\/\/gaudiumetspes-blog.pl\/index.php\/2021\/02\/27\/nowa-jakosc-nowe-standardy\/#breadcrumb","itemListElement":[{"@type":"ListItem","position":1,"name":"Strona g\u0142\u00f3wna","item":"https:\/\/gaudiumetspes-blog.pl\/"},{"@type":"ListItem","position":2,"name":"Nowa jako\u015b\u0107 &#8211; nowe standardy"}]},{"@type":"WebSite","@id":"https:\/\/gaudiumetspes-blog.pl\/#website","url":"https:\/\/gaudiumetspes-blog.pl\/","name":"Gaudium Et Spes","description":"Blog Ks. Jacka Ja\u015bkowskiego","potentialAction":[{"@type":"SearchAction","target":{"@type":"EntryPoint","urlTemplate":"https:\/\/gaudiumetspes-blog.pl\/?s={search_term_string}"},"query-input":{"@type":"PropertyValueSpecification","valueRequired":true,"valueName":"search_term_string"}}],"inLanguage":"pl-PL"},{"@type":"Person","@id":"https:\/\/gaudiumetspes-blog.pl\/#\/schema\/person\/1661982992b752dea8dff0d4ed845a65","name":"Ks. Jacek","image":{"@type":"ImageObject","inLanguage":"pl-PL","@id":"https:\/\/gaudiumetspes-blog.pl\/#\/schema\/person\/image\/","url":"https:\/\/gaudiumetspes-blog.pl\/wp-content\/uploads\/2019\/07\/avatar-JJ-150x150.jpg","contentUrl":"https:\/\/gaudiumetspes-blog.pl\/wp-content\/uploads\/2019\/07\/avatar-JJ-150x150.jpg","caption":"Ks. Jacek"},"description":"Witam serdecznie! K\u0142ania si\u0119 Ks. Jacek Ja\u015bkowski. Nie jestem ani kim\u015b wa\u017cnym, ani kim\u015b znanym. Jestem ksi\u0119dzem, kt\u00f3ry po prostu chce rozmawia\u0107. Codzienna kap\u0142a\u0144ska pos\u0142uga pokazuje mi, \u017ce temat\u00f3w do rozm\u00f3w z ksi\u0119dzem jest coraz wi\u0119cej i dzisiaj \u017caden ksi\u0105dz nie mo\u017ce od nich ucieka\u0107, ale - wprost przeciwnie - podejmowa\u0107 nowe wyzwania. To przekonanie sk\u0142oni\u0142o mnie do pr\u00f3by otwarcia tego\u017c bloga, chocia\u017c okazji do rozm\u00f3w na co dzie\u0144 - w konfesjonale i poza nim - na szcz\u0119\u015bcie nie brakuje. My\u015bl\u0119 jednak, \u017ce ten blog b\u0119dzie jeszcze jednym sposobem i przestrzeni\u0105 nawi\u0105zania kontaktu z lud\u017ami dobrej woli, otwartymi na dialog.","url":"https:\/\/gaudiumetspes-blog.pl\/index.php\/author\/ks-jacek\/"}]}},"jetpack_featured_media_url":"","jetpack_sharing_enabled":true,"_links":{"self":[{"href":"https:\/\/gaudiumetspes-blog.pl\/index.php\/wp-json\/wp\/v2\/posts\/18590","targetHints":{"allow":["GET"]}}],"collection":[{"href":"https:\/\/gaudiumetspes-blog.pl\/index.php\/wp-json\/wp\/v2\/posts"}],"about":[{"href":"https:\/\/gaudiumetspes-blog.pl\/index.php\/wp-json\/wp\/v2\/types\/post"}],"author":[{"embeddable":true,"href":"https:\/\/gaudiumetspes-blog.pl\/index.php\/wp-json\/wp\/v2\/users\/1"}],"replies":[{"embeddable":true,"href":"https:\/\/gaudiumetspes-blog.pl\/index.php\/wp-json\/wp\/v2\/comments?post=18590"}],"version-history":[{"count":1,"href":"https:\/\/gaudiumetspes-blog.pl\/index.php\/wp-json\/wp\/v2\/posts\/18590\/revisions"}],"predecessor-version":[{"id":18591,"href":"https:\/\/gaudiumetspes-blog.pl\/index.php\/wp-json\/wp\/v2\/posts\/18590\/revisions\/18591"}],"wp:attachment":[{"href":"https:\/\/gaudiumetspes-blog.pl\/index.php\/wp-json\/wp\/v2\/media?parent=18590"}],"wp:term":[{"taxonomy":"category","embeddable":true,"href":"https:\/\/gaudiumetspes-blog.pl\/index.php\/wp-json\/wp\/v2\/categories?post=18590"},{"taxonomy":"post_tag","embeddable":true,"href":"https:\/\/gaudiumetspes-blog.pl\/index.php\/wp-json\/wp\/v2\/tags?post=18590"}],"curies":[{"name":"wp","href":"https:\/\/api.w.org\/{rel}","templated":true}]}}