{"id":18592,"date":"2021-02-28T05:39:32","date_gmt":"2021-02-28T04:39:32","guid":{"rendered":"https:\/\/gaudiumetspes-blog.pl\/?p=18592"},"modified":"2021-02-27T22:01:08","modified_gmt":"2021-02-27T21:01:08","slug":"jezeli-bog-z-nami-3","status":"publish","type":"post","link":"https:\/\/gaudiumetspes-blog.pl\/index.php\/2021\/02\/28\/jezeli-bog-z-nami-3\/","title":{"rendered":"Je\u017celi B\u00f3g z nami&#8230;"},"content":{"rendered":"<p align=\"justify\"><span style=\"color: #000000;\"><span style=\"font-family: Book Antiqua, serif;\"><span style=\"font-size: large;\">Niech b\u0119dzie pochwalony Jezus Chrystus! Moi Drodzy, <b>w dniu dzisiejszym imieniny prze\u017cywa Ksi\u0105dz Roman Truba, Wikariusz w mojej rodzinnej Parafii, Kolega jeszcze z czas\u00f3w seminaryjnych. Dzi\u0119kuj\u0105c Solenizantowi za \u017cyczliwo\u015b\u0107, przy ka\u017cdej okazji okazywan\u0105, \u017cycz\u0119 wszelkiego Bo\u017cego b\u0142ogos\u0142awie\u0144stwa. I zapewniam o modlitwie.<\/b><\/span><\/span><\/span><\/p>\n<p align=\"justify\"><span style=\"color: #000000;\"><span style=\"font-family: Book Antiqua, serif;\"><span style=\"font-size: large;\">Dzisiaj tak\u017ce wspominamy wypada \u00f3sma rocznica zako\u0144czenia Pontyfikatu przez Papie\u017ca Benedykta XVI. Serdeczn\u0105 modlitw\u0105 w intencji Papie\u017ca Seniora wyra\u017cajmy nasz\u0105 wdzi\u0119czno\u015b\u0107 za to wielkie dobro, jakie uczyni\u0142 Ko\u015bcio\u0142owi przez wiele lat s\u0142u\u017cby pasterskiej i naukowej. Niech Najwy\u017cszy Kap\u0142an pozwoli Mu jeszcze wiele uczyni\u0107 \u2013 cho\u0107by przez modlitw\u0119 i ofiarowane cierpienie \u2013 dla u\u015bwi\u0119cenia Ko\u015bcio\u0142a i ocalenia \u015bwiata. <\/span><\/span><\/span><\/p>\n<p align=\"justify\"><span style=\"color: #000000;\"><span style=\"font-family: Book Antiqua, serif;\"><span style=\"font-size: large;\">A teraz ju\u017c zapraszam do refleksji nad dzisiejszym Bo\u017cym s\u0142owem. <b>Co Pan konkretnie do mnie dzisiaj m\u00f3wi?<\/b> Duchu \u015awi\u0119ty, b\u0105d\u017a \u015bwiat\u0142em i natchnieniem!<\/span><\/span><\/span><\/p>\n<p align=\"justify\"><span style=\"color: #000000;\"><span style=\"font-family: Book Antiqua, serif;\"><span style=\"font-size: large;\"><b>Niech Was b\u0142ogos\u0142awi B\u00f3g Wszechmog\u0105cy: Ojciec + i Syn, i Duch \u015awi\u0119ty. Amen<\/b><\/span><\/span><\/span><\/p>\n<p align=\"center\"><span style=\"color: #000000;\"><span style=\"font-family: Book Antiqua, serif;\"><span style=\"font-size: large;\">Gaudium et spes! Ks. Jacek<\/span><\/span><\/span><\/p>\n<p align=\"center\">\n<p align=\"center\">\n<p align=\"center\">\n<p align=\"center\">\n<p align=\"center\">\n<p align=\"justify\"><span style=\"color: #000000;\"><span style=\"font-family: Book Antiqua, serif;\"><span style=\"font-size: large;\"><b>2 Niedziela Wielkiego Postu, B,<\/b><\/span><\/span><\/span><\/p>\n<p align=\"justify\"><span style=\"color: #000000;\"><span style=\"font-family: Book Antiqua, serif;\"><span style=\"font-size: large;\"><b>28 lutego 2021.,<\/b><\/span><\/span><\/span><\/p>\n<p align=\"justify\"><span style=\"color: #000000;\"><span style=\"font-family: Book Antiqua, serif;\"><span style=\"font-size: large;\"><b>do czyta\u0144: Rdz 22,1\u20132.9\u201313.15\u201318; Rz 8,31b\u201334; Mk 9,2\u201310<\/b><\/span><\/span><\/span><\/p>\n<p align=\"justify\">\n<p align=\"justify\">\n<p align=\"justify\">\n<p align=\"justify\">\n<p align=\"justify\">\n<p align=\"justify\"><span style=\"color: #000000;\"><span style=\"font-family: Book Antiqua, serif;\"><span style=\"font-size: large;\"><b>CZYTANIE Z KSI\u0118GI RODZAJU:<\/b><\/span><\/span><\/span><\/p>\n<p align=\"justify\"><span style=\"color: #000000;\"><span style=\"font-family: Book Antiqua, serif;\"><span style=\"font-size: large;\"><b>B\u00f3g wystawi\u0142 Abrahama na pr\u00f3b\u0119. Rzek\u0142 do niego: \u201eAbrahamie!\u201d A gdy on odpowiedzia\u0142: \u201eOto jestem\u201d, powiedzia\u0142: \u201eWe\u017a twego syna jedynego, kt\u00f3rego mi\u0142ujesz, Izaaka, id\u017a do kraju Moria i tam z\u0142\u00f3\u017c go w ofierze na jednym z pag\u00f3rk\u00f3w, jaki ci wska\u017c\u0119\u201d. <\/b><\/span><\/span><\/span><\/p>\n<p align=\"justify\"><span style=\"color: #000000;\"><span style=\"font-family: Book Antiqua, serif;\"><span style=\"font-size: large;\"><b>A gdy przyszed\u0142 na to miejsce, kt\u00f3re B\u00f3g wskaza\u0142, Abraham zbudowa\u0142 tam o\u0142tarz, u\u0142o\u017cy\u0142 na nim drwa i zwi\u0105zawszy syna swego Izaaka po\u0142o\u017cy\u0142 go na tych drwach na o\u0142tarzu. Potem Abraham si\u0119gn\u0105\u0142 r\u0119k\u0105 po n\u00f3\u017c, aby zabi\u0107 swego syna. <\/b><\/span><\/span><\/span><\/p>\n<p align=\"justify\"><span style=\"color: #000000;\"><span style=\"font-family: Book Antiqua, serif;\"><span style=\"font-size: large;\"><b>Ale wtedy anio\u0142 Pana zawo\u0142a\u0142 na niego z nieba i rzek\u0142: \u201eAbrahamie, Abrahamie!\u201d A on rzek\u0142: \u201eOto jestem\u201d. <\/b><\/span><\/span><\/span><\/p>\n<p align=\"justify\"><span style=\"color: #000000;\"><span style=\"font-family: Book Antiqua, serif;\"><span style=\"font-size: large;\"><b>Powiedzia\u0142 mu: \u201eNie podno\u015b r\u0119ki na ch\u0142opca i nie czy\u0144 mu nic z\u0142ego! Teraz pozna\u0142em, \u017ce boisz si\u0119 Boga, bo nie odm\u00f3wi\u0142e\u015b Mi nawet twego jedynego syna\u201d. <\/b><\/span><\/span><\/span><\/p>\n<p align=\"justify\"><span style=\"color: #000000;\"><span style=\"font-family: Book Antiqua, serif;\"><span style=\"font-size: large;\"><b>Abraham obejrzawszy si\u0119 poza siebie, spostrzeg\u0142 barana uwik\u0142anego w zaro\u015blach. Poszed\u0142 wi\u0119c, wzi\u0105\u0142 barana i z\u0142o\u017cy\u0142 w ofierze ca\u0142opalnej zamiast swego syna. <\/b><\/span><\/span><\/span><\/p>\n<p align=\"justify\"><span style=\"color: #000000;\"><span style=\"font-family: Book Antiqua, serif;\"><span style=\"font-size: large;\"><b>Po czym anio\u0142 Pana przem\u00f3wi\u0142 g\u0142o\u015bno z nieba do Abrahama po raz drugi: \u201ePrzysi\u0119gam na siebie, m\u00f3wi Pan, \u017ce poniewa\u017c uczyni\u0142e\u015b to i nie szcz\u0119dzi\u0142e\u015b syna twego jedynego, b\u0119d\u0119 ci b\u0142ogos\u0142awi\u0142 i dam ci potomstwo tak liczne jak gwiazdy na niebie i jak ziarnka piasku na wybrze\u017cu morza; potomkowie twoi zdob\u0119d\u0105 warownie twych nieprzyjaci\u00f3\u0142. Wszystkie ludy ziemi b\u0119d\u0105 sobie \u017cyczy\u0107 szcz\u0119\u015bcia na wz\u00f3r twego potomstwa, dlatego \u017ce us\u0142ucha\u0142e\u015b mego rozkazu\u201d.<\/b><\/span><\/span><\/span><\/p>\n<p align=\"justify\">\n<p align=\"justify\">\n<p align=\"justify\">\n<p align=\"justify\">\n<p align=\"justify\"><span style=\"color: #000000;\"><span style=\"font-family: Book Antiqua, serif;\"><span style=\"font-size: large;\"><b>CZYTANIE Z LISTU \u015aWI\u0118TEGO PAW\u0141A APOSTO\u0141A DO RZYMIAN:<\/b><\/span><\/span><\/span><\/p>\n<p align=\"justify\"><span style=\"color: #000000;\"><span style=\"font-family: Book Antiqua, serif;\"><span style=\"font-size: large;\"><b>Je\u017celi B\u00f3g z nami, kt\u00f3\u017c przeciwko nam? On, kt\u00f3ry nawet w\u0142asnego Syna nie oszcz\u0119dzi\u0142, ale Go za nas wszystkich wyda\u0142, jak\u017ce mia\u0142by nam wraz z Nim i wszystkiego nie darowa\u0107? Kt\u00f3\u017c mo\u017ce wyst\u0105pi\u0107 z oskar\u017ceniem przeciw tym, kt\u00f3rych B\u00f3g wybra\u0142? Czy\u017c B\u00f3g, kt\u00f3ry usprawiedliwia? Kt\u00f3\u017c mo\u017ce wyda\u0107 wyrok pot\u0119pienia? Czy Chrystus Jezus, kt\u00f3ry poni\u00f3s\u0142 za nas \u015bmier\u0107, co wi\u0119cej &#8211; zmartwychwsta\u0142, siedzi po prawicy Boga i przyczynia si\u0119 za nami?<\/b><\/span><\/span><\/span><\/p>\n<p align=\"justify\">\n<p align=\"justify\">\n<p align=\"justify\">\n<p align=\"justify\">\n<p align=\"justify\">\n<p align=\"justify\"><span style=\"color: #000000;\"><span style=\"font-family: Book Antiqua, serif;\"><span style=\"font-size: large;\"><b>S\u0141OWA EWANGELII WED\u0141UG \u015aWI\u0118TEGO MARKA:<\/b><\/span><\/span><\/span><\/p>\n<p align=\"justify\"><span style=\"color: #000000;\"><span style=\"font-family: Book Antiqua, serif;\"><span style=\"font-size: large;\"><b>Jezus wzi\u0105\u0142 z sob\u0105 Piotra, Jakuba i Jana i zaprowadzi\u0142 ich samych osobno na g\u00f3r\u0119 wysok\u0105. Tam przemieni\u0142 si\u0119 wobec nich. Jego odzienie sta\u0142o si\u0119 l\u015bni\u0105co bia\u0142e tak, jak \u017caden wytw\u00f3rca sukna na ziemi wybieli\u0107 nie zdo\u0142a. I ukaza\u0142 si\u0119 im Eliasz z Moj\u017ceszem, kt\u00f3rzy rozmawiali z Jezusem. <\/b><\/span><\/span><\/span><\/p>\n<p align=\"justify\"><span style=\"color: #000000;\"><span style=\"font-family: Book Antiqua, serif;\"><span style=\"font-size: large;\"><b>Wtedy Piotr rzek\u0142 do Jezusa: \u201eRabbi, dobrze, \u017ce tu jeste\u015bmy; postawimy trzy namioty: jeden dla Ciebie, jeden dla Moj\u017cesza i jeden dla Eliasza\u201d. Nie wiedzia\u0142 bowiem, co nale\u017cy m\u00f3wi\u0107, tak byli przestraszeni. <\/b><\/span><\/span><\/span><\/p>\n<p align=\"justify\"><span style=\"color: #000000;\"><span style=\"font-family: Book Antiqua, serif;\"><span style=\"font-size: large;\"><b>I zjawi\u0142 si\u0119 ob\u0142ok, os\u0142aniaj\u0105cy ich, a z ob\u0142oku odezwa\u0142 si\u0119 g\u0142os: \u201eTo jest m\u00f3j Syn umi\u0142owany, Jego s\u0142uchajcie\u201d. I zaraz potem, gdy si\u0119 rozejrzeli, nikogo ju\u017c nie widzieli przy sobie, tylko samego Jezusa. <\/b><\/span><\/span><\/span><\/p>\n<p align=\"justify\"><span style=\"color: #000000;\"><span style=\"font-family: Book Antiqua, serif;\"><span style=\"font-size: large;\"><b>A gdy schodzili z g\u00f3ry, przykaza\u0142 im, aby nikomu nie rozpowiadali o tym, co widzieli, zanim Syn Cz\u0142owieczy nie powstanie z martwych. Zachowali to polecenie, rozprawiaj\u0105c tylko mi\u0119dzy sob\u0105, co znaczy powsta\u0107 z martwych.<\/b><\/span><\/span><\/span><\/p>\n<p align=\"justify\">\n<p align=\"justify\">\n<p align=\"justify\">\n<p align=\"justify\">\n<p align=\"justify\">\n<p align=\"justify\"><span style=\"color: #000000;\"><span style=\"font-family: Book Antiqua, serif;\"><span style=\"font-size: large;\">Ju\u017c pierwsze zdanie dzisiejszego pierwszego czytania wyja\u015bnia nam, z jakim wydarzeniem mamy do czynienia. Zanim jeszcze ws\u0142uchamy si\u0119 w opis kolejnych wydarze\u0144, ju\u017c wiemy, \u017ce wszystko, co za chwil\u0119 us\u0142yszmy, to <b>pr\u00f3b<\/b><b>a<\/b><b>, jakiej B\u00f3g podda\u0142 Abrahama.<\/b> I dlatego zapewne ze spokojem s\u0142uchamy ca\u0142ego opisu, domy\u015blaj\u0105c si\u0119, \u017ce B\u00f3g i tak na ko\u0144cu ca\u0142\u0105 sytuacj\u0119 \u2013 by tak rzec \u2013 <b>wyprowadzi na prost\u0105. <\/b>I tak si\u0119 zreszt\u0105 dzieje, o czym s\u0142yszymy ju\u017c w po\u0142owie czytania. <\/span><\/span><\/span><\/p>\n<p align=\"justify\"><span style=\"color: #000000;\"><span style=\"font-family: Book Antiqua, serif;\"><span style=\"font-size: large;\">A jego zako\u0144czenie zawiera <b>wspania\u0142\u0105 i wielk\u0105 pochwa\u0142\u0119,<\/b> z jak\u0105 B\u00f3g zwraca si\u0119 do Abrahama, zapowiadaj\u0105c przy tym <b>\u015bwietlan\u0105<\/b> <b>przysz\u0142o\u015b\u0107<\/b> jemu i jego potomstwu. Musimy sobie jednak u\u015bwiadomi\u0107, \u017ce o ile my dzisiaj wiemy, \u017ce tu chodzi o pr\u00f3b\u0119, o tyle <b>Abraham tego nie wiedzia\u0142, <\/b>a us\u0142ysza\u0142 wyra\u017ane polecenie Boga, \u017ce <b>ma z\u0142o\u017cy\u0107 w ofierze syna,<\/b> kt\u00f3rego niemal\u017ce w cudowny spos\u00f3b otrzyma\u0142 u schy\u0142ku swego \u017cycia. <\/span><\/span><\/span><\/p>\n<p align=\"justify\"><span style=\"color: #000000;\"><span style=\"font-family: Book Antiqua, serif;\"><span style=\"font-size: large;\">Przecie\u017c w\u0142a\u015bciwie ju\u017c pogodzi\u0142 si\u0119 z tym, \u017ce umrze bezpotomnie, gdy tymczasem B\u00f3g \u2013 przez swoich wys\u0142annik\u00f3w, b\u0119d\u0105cych u nich w go\u015bcinie \u2013 zapowiedzia\u0142 mu, \u017ce<b> jednak b\u0119dzie mi<\/b><b>a<\/b><b>\u0142 syna.<\/b> I otrzyma\u0142 go, czym bardzo <b>ucieszy\u0142 si\u0119 on sam,<\/b> czym te\u017c ucieszy\u0142a si\u0119 bardzo \u2013 mo\u017ce nawet bardziej \u2013 jego \u017cona Sara, a tu zupe\u0142nie <b>niespodziewanie takie polecenie<\/b> ze strony Boga. Jak to traktowa\u0107? Jak to rozumie\u0107? O co tu w og\u00f3le chodzi? <\/span><\/span><\/span><\/p>\n<p align=\"justify\"><span style=\"color: #000000;\"><span style=\"font-family: Book Antiqua, serif;\"><span style=\"font-size: large;\">Zapewne, tysi\u0105ce wzburzonych my\u015bli, niczym sztorm na morzu, przetoczy\u0142y mu si\u0119 przez g\u0142ow\u0119\u2026 Mn\u00f3stwo najr\u00f3\u017cniejszych my\u015bli, przybieraj\u0105cych kszta\u0142t pyta\u0144: <b>to po to B\u00f3g da\u0142 syna<\/b> \u2013 w sumie, tak troch\u0119 z w\u0142asnej woli, kiedy Abraham z Sar\u0105 ju\u017c si\u0119 go nawet nie spodziewali \u2013 \u017ceby go teraz tak zwyczajnie odebra\u0107? <b>Jaki to ma sens? <\/b>I dlaczego B\u00f3g chce tak mocno do\u015bwiadczy\u0107 swego wiernego s\u0142ug\u0119? <\/span><\/span><\/span><\/p>\n<p align=\"justify\"><span style=\"color: #000000;\"><span style=\"font-family: Book Antiqua, serif;\"><span style=\"font-size: large;\">Czy\u017c Abraham nie udowodni\u0142 tak wiele razy i na tak wiele sposob\u00f3w, \u017ce <b>naprawd\u0119 jest wierny i pos\u0142uszny? <\/b>Czemu wi\u0119c B\u00f3g nara\u017ca go na takie cierpienie? Za co go tak karze? Czym \u2013 by tak rzec kolokwialnie \u2013 <b>Abraham \u201epodpad\u0142\u201d Bogu, <\/b>\u017ce Ten zmienia decyzj\u0119 i postanawia odebra\u0107 syna? <\/span><\/span><\/span><\/p>\n<p align=\"justify\"><span style=\"color: #000000;\"><span style=\"font-family: Book Antiqua, serif;\"><span style=\"font-size: large;\">Zapewne takie i podobne pytania zrodzi\u0142y si\u0119 w g\u0142owie Abrahama, a jednak \u017cadne z nich <b>nie zosta\u0142o wyra\u017cone na g\u0142os.<\/b> Przynajmniej, ani w Ksi\u0119dze Rodzaju, z kt\u00f3rej mamy dzisiejsze pierwsze czytanie, ani w innym miejscu Starego Testamentu, <b>nie odnajdujemy \u015bladu pretensji<\/b> czy cho\u0107by nawet w\u0105tpliwo\u015bci \u2013 nawet jednego pytania, jakie skierowa\u0142by on do Boga. <\/span><\/span><\/span><\/p>\n<p align=\"justify\"><span style=\"color: #000000;\"><span style=\"font-family: Book Antiqua, serif;\"><span style=\"font-size: large;\">Wszystko to <b>pozostawi\u0142 w swoim sercu,<\/b> sam natomiast \u2013 o czym dzisiaj nie s\u0142yszymy, bo zdania te nie zosta\u0142y w\u0142\u0105czone do czytania \u2013 od razu, bez s\u0142owa, zabra\u0142 syna, zabra\u0142 te\u017c drwa i inne rzeczy, potrzebne do z\u0142o\u017cenia ofiary i wyruszy\u0142 w drog\u0119. <i><b>A gdy przyszed\u0142 na to miejsce, kt\u00f3re B\u00f3g wskaza\u0142<\/b><\/i><b> \u2013<\/b> o tym w czytaniu us\u0142yszeli\u015bmy \u2013 <i><b>zbudowa\u0142 tam o\u0142tarz, u\u0142o\u017cy\u0142 na nim drwa i zwi\u0105zawszy syna swego Izaaka po\u0142o\u017cy\u0142 go na tych drwach na o\u0142tarzu. Potem Abraham si\u0119gn\u0105\u0142 r\u0119k\u0105 po n\u00f3\u017c, aby zabi\u0107 swego syna.<\/b><\/i><b> <\/b><\/span><\/span><\/span><\/p>\n<p align=\"justify\"><span style=\"color: #000000;\"><span style=\"font-family: Book Antiqua, serif;\"><span style=\"font-size: large;\">Co si\u0119 musia\u0142o wtedy dzia\u0107 w jego sercu i umy\u015ble, to <b>tylko on sam wie<\/b><b>dzia\u0142<\/b><b>. I \u2013 oczywi\u015bcie \u2013 B\u00f3g.<\/b> A co si\u0119 musia\u0142o dzia\u0107 w sercu i umy\u015ble m\u0142odego Izaaka, kt\u00f3ry na pewno zupe\u0142nie nie pojmowa\u0142 zachowania swego ojca. Wtedy jednak okaza\u0142o si\u0119, \u017ce to by\u0142a <b>pr\u00f3ba, egzamin z wiary,<\/b> kt\u00f3ry Abraham zda\u0142 celuj\u0105co. <\/span><\/span><\/span><\/p>\n<p align=\"justify\"><span style=\"color: #000000;\"><span style=\"font-family: Book Antiqua, serif;\"><span style=\"font-size: large;\">Czy taki egzamin, taki sprawdzian z wiary Abrahama, by\u0142 Bogu rzeczywi\u015bcie potrzebny? Czy B\u00f3g <b>naprawd\u0119 mia\u0142 w\u0105tpliwo\u015bci,<\/b> na ile to sta\u0107 Jego s\u0142ug\u0119 i na ile z jego strony mo\u017ce liczy\u0107? Wydaje si\u0119, \u017ce nie. B\u00f3g zapewne by\u0142 <b>przekonany<\/b><b>, \u017ce Abraham go nie zawiedzie<\/b> i \u017ce jego wiara jest naprawd\u0119 silna. Wszak \u2013 jak wspomnieli\u015bmy sobie wcze\u015bniej \u2013 wiele razy to udowodni\u0142 swoj\u0105 wierno\u015bci\u0105 Bogu, swoim pos\u0142usze\u0144stwem woli Bo\u017cej. <b>Po co zatem<\/b> ca\u0142e to wydarzenie, ca\u0142a ta pr\u00f3ba? <\/span><\/span><\/span><\/p>\n<p align=\"justify\"><span style=\"color: #000000;\"><span style=\"font-family: Book Antiqua, serif;\"><span style=\"font-size: large;\">Czy nie po to, aby sam Abraham upewni\u0142 si\u0119, \u017ce naprawd\u0119 <b>B\u00f3g jest dla niego wszystkim<\/b> i tylko Jemu ma on bezgranicznie zaufa\u0107? A czy\u017c ca\u0142e to wydarzenie nie jest potrzebne tym wszystkim, dla kt\u00f3rych Abraham <b>jest wzorem wiary,<\/b> a wi\u0119c dla tych, kt\u00f3rzy czytaj\u0105c opis jego heroicznego zaufania do Boga, b\u0119d\u0105 si\u0119 tym budowa\u0107 i takiej samej postawy uczy\u0107?\u2026 M\u00f3wi\u0105c kr\u00f3tko: czy ca\u0142e to wydarzenie <b>nie jest potrzebne po prostu nam? <\/b><\/span><\/span><\/span><\/p>\n<p align=\"justify\"><span style=\"color: #000000;\"><span style=\"font-family: Book Antiqua, serif;\"><span style=\"font-size: large;\">A czy\u017c przede wszystkim nam nie jest potrzebne wydarzenie, opisane w dzisiejszej Ewangelii? Oto <i><b>Jezus wzi\u0105\u0142 z sob\u0105 Piotra, Jakuba i Jana i zaprowadzi\u0142 ich samych osobno na g\u00f3r\u0119 wysok\u0105. Tam przemieni\u0142 si\u0119 wobec nich. Jego odzienie sta\u0142o si\u0119 l\u015bni\u0105co bia\u0142e tak, jak \u017caden wytw\u00f3rca sukna na ziemi wybieli\u0107 nie zdo\u0142a. I ukaza\u0142 si\u0119 im Eliasz z Moj\u017ceszem, kt\u00f3rzy rozmawiali z Jezusem.<\/b><\/i><b> <\/b>Po co ca\u0142e to niezwyk\u0142e widowisko \u2013 chcia\u0142oby si\u0119 zapyta\u0107? <\/span><\/span><\/span><\/p>\n<p align=\"justify\"><span style=\"font-size: large;\"><span style=\"color: #000000;\"><span style=\"font-family: Book Antiqua, serif;\">Domy\u015blamy si\u0119, \u017ce na pewno <\/span><\/span><span style=\"color: #000000;\"><span style=\"font-family: Book Antiqua, serif;\"><b>nie by\u0142o potrzebne Jezusowi,<\/b><\/span><\/span><span style=\"color: #000000;\"><span style=\"font-family: Book Antiqua, serif;\"> bo niby co w ten spos\u00f3b mia\u0142by dla siebie zyska\u0107? <\/span><\/span><span style=\"color: #000000;\"><span style=\"font-family: Book Antiqua, serif;\"><b>I Eliasz z Moj\u017ceszem<\/b><\/span><\/span><span style=\"color: #000000;\"><span style=\"font-family: Book Antiqua, serif;\"> \u2013 m\u00f3wi\u0105c kolokwialnie \u2013 nic z tego nie mieli. Natomiast ca\u0142y przekaz tego wydarzenia z ca\u0142\u0105 pewno\u015bci\u0105 <\/span><\/span><span style=\"color: #000000;\"><span style=\"font-family: Book Antiqua, serif;\"><b>skierowany by\u0142 do uczni\u00f3w,<\/b><\/span><\/span><span style=\"color: #000000;\"><span style=\"font-family: Book Antiqua, serif;\"> kt\u00f3rzy z Jezusem w\u00f3wczas znale\u017ali si\u0119 na g\u00f3rze <\/span><\/span><span style=\"color: #000000;\"><span style=\"font-family: Book Antiqua, serif;\">Tabor<\/span><\/span><span style=\"color: #000000;\"><span style=\"font-family: Book Antiqua, serif;\">. <\/span><\/span><\/span><\/p>\n<p align=\"justify\"><span style=\"font-size: large;\"><span style=\"color: #000000;\"><span style=\"font-family: Book Antiqua, serif;\">Prefacja, przeznaczona na dzisiejsz\u0105, Drug\u0105 Niedziel\u0119 Wielkiego Postu, tak o tym m\u00f3w<\/span><\/span><span style=\"color: #000000;\"><span style=\"font-family: Book Antiqua, serif;\">i<\/span><\/span><span style=\"color: #000000;\"><span style=\"font-family: Book Antiqua, serif;\">: \u201e<\/span><\/span><span style=\"color: #000000;\"><span style=\"font-family: Book Antiqua, serif;\">On <\/span><\/span><span style=\"color: #000000;\"><span style=\"font-family: Book Antiqua, serif;\">[czyli Jezus] <\/span><\/span><span style=\"color: #000000;\"><span style=\"font-family: Book Antiqua, serif;\">po zapowiedzeniu uczniom swojej \u015bmierci, na \u015bwi\u0119tej g\u00f3rze <\/span><\/span><span style=\"color: #000000;\"><span style=\"font-family: Book Antiqua, serif;\"><b>ods\u0142oni\u0142 przed nimi blask swojego <\/b><\/span><\/span><span style=\"color: #000000;\"><span style=\"font-family: Book Antiqua, serif;\"><b>B<\/b><\/span><\/span><span style=\"color: #000000;\"><span style=\"font-family: Book Antiqua, serif;\"><b>\u00f3stwa<\/b><\/span><\/span><span style=\"color: #000000;\"><span style=\"font-family: Book Antiqua, serif;\"> i wezwawszy na \u015bwiadk\u00f3w Moj\u017cesza i <\/span><\/span><span style=\"color: #000000;\"><span style=\"font-family: Book Antiqua, serif;\">P<\/span><\/span><span style=\"color: #000000;\"><span style=\"font-family: Book Antiqua, serif;\">roroka Eliasza, upewni\u0142 nas, \u017ce <\/span><\/span><span style=\"color: #000000;\"><span style=\"font-family: Book Antiqua, serif;\"><b>przez cierpienie doj\u015b\u0107 mo\u017cemy do chwa\u0142y <\/b><\/span><\/span><span style=\"color: #000000;\"><span style=\"font-family: Book Antiqua, serif;\"><b>Z<\/b><\/span><\/span><span style=\"color: #000000;\"><span style=\"font-family: Book Antiqua, serif;\"><b>martwychwstania.\u201d<\/b><\/span><\/span> <\/span><\/p>\n<p align=\"justify\"><span style=\"font-size: large;\"><span style=\"color: #000000;\"><span style=\"font-family: Book Antiqua, serif;\">W innym miejscu liturgia Ko\u015bcio\u0142a t\u0142umaczy, \u017ce w ten spos\u00f3b Jezus chcia\u0142 przygotowa\u0107 swoich uczni\u00f3w <\/span><\/span><span style=\"color: #000000;\"><span style=\"font-family: Book Antiqua, serif;\"><b>na zgorszenie Krzy\u017ca, <\/b><\/span><\/span><span style=\"color: #000000;\"><span style=\"font-family: Book Antiqua, serif;\">czyli na wydarzenia, kt\u00f3re mia\u0142y ju\u017c wkr\u00f3tce nast\u0105pi\u0107, kiedy to ich Mistrz zostanie tak nieludzko <\/span><\/span><span style=\"color: #000000;\"><span style=\"font-family: Book Antiqua, serif;\">potraktowany: sponiewierany,<\/span><\/span><span style=\"color: #000000;\"><span style=\"font-family: Book Antiqua, serif;\"> pobity i poraniony, a ostatecznie zabity \u2013 <\/span><\/span><span style=\"color: #000000;\"><span style=\"font-family: Book Antiqua, serif;\"><b>aby wtedy nie stracili wiary w Niego.<\/b><\/span><\/span><span style=\"color: #000000;\"><span style=\"font-family: Book Antiqua, serif;\"> Aby wtedy przypomnieli sobie w\u0142a\u015bnie ten moment na g\u00f3rze Tabor, kiedy <\/span><\/span><span style=\"color: #000000;\"><span style=\"font-family: Book Antiqua, serif;\">t<\/span><\/span><span style=\"color: #000000;\"><span style=\"font-family: Book Antiqua, serif;\">o <\/span><\/span><span style=\"color: #000000;\"><span style=\"font-family: Book Antiqua, serif;\"><b>ujrzeli blask chwa\u0142y Boskiej<\/b><\/span><\/span><span style=\"color: #000000;\"><span style=\"font-family: Book Antiqua, serif;\"> swojego Nauczyciela. <\/span><\/span><\/span><\/p>\n<p align=\"justify\"><span style=\"font-size: large;\"><span style=\"color: #000000;\"><span style=\"font-family: Book Antiqua, serif;\">Oczywi\u015bcie, dane im by\u0142o ujrze\u0107 <\/span><\/span><span style=\"color: #000000;\"><span style=\"font-family: Book Antiqua, serif;\"><b>zaledwie promyk tej chwa\u0142y,<\/b><\/span><\/span><span style=\"color: #000000;\"><span style=\"font-family: Book Antiqua, serif;\"> tylko <\/span><\/span><span style=\"color: #000000;\"><span style=\"font-family: Book Antiqua, serif;\">ma\u0142y jej przeb\u0142ysk, a i tak wystarczy\u0142o to, by na tyle porz\u0105dnie przestraszy\u0107 Piotra, by ten <\/span><\/span><span style=\"color: #000000;\"><span style=\"font-family: Book Antiqua, serif;\"><b>wygadywa\u0142 jakie\u015b dziwne rzeczy<\/b><\/span><\/span><span style=\"color: #000000;\"><span style=\"font-family: Book Antiqua, serif;\"> o trzech namiotach, kt\u00f3re jakoby mia\u0142 na Taborze stawia\u0107. Ewangelista t\u0142umaczy to w ten spos\u00f3b, \u017ce Piotr <\/span><\/span><span style=\"color: #000000;\"><span style=\"font-family: Book Antiqua, serif;\"><i><b>n<\/b><\/i><\/span><\/span><span style=\"color: #000000;\"><span style=\"font-family: Book Antiqua, serif;\"><i><b>ie wiedzia\u0142 <\/b><\/i><\/span><\/span><span style=\"color: #000000;\"><span style=\"font-family: Book Antiqua, serif;\"><b>[\u2026]<\/b><\/span><\/span><span style=\"color: #000000;\"><span style=\"font-family: Book Antiqua, serif;\"><b>, <\/b><\/span><\/span><span style=\"color: #000000;\"><span style=\"font-family: Book Antiqua, serif;\"><i><b>co nale\u017cy m\u00f3wi\u0107, tak byli przestraszeni.<\/b><\/i><\/span><\/span><b> <\/b><span style=\"color: #000000;\"><span style=\"font-family: Book Antiqua, serif;\">A <\/span><\/span><span style=\"color: #000000;\"><span style=\"font-family: Book Antiqua, serif;\">przecie\u017c <\/span><\/span><span style=\"color: #000000;\"><span style=\"font-family: Book Antiqua, serif;\">Jezus tylko na chwil\u0119 zaja\u015bnia\u0142 blaskiem swojej chwa\u0142y i tylko w jakim\u015b minimalnym stopniu. <\/span><\/span><\/span><\/p>\n<p align=\"justify\"><span style=\"font-size: large;\"><span style=\"color: #000000;\"><span style=\"font-family: Book Antiqua, serif;\">To tylko pokaza\u0142o, <\/span><\/span><span style=\"color: #000000;\"><span style=\"font-family: Book Antiqua, serif;\"><b>jak bardzo ten znak by\u0142 potrzebny<\/b><\/span><\/span><span style=\"color: #000000;\"><span style=\"font-family: Book Antiqua, serif;\"> trzem Aposto\u0142om, jak bardzo by\u0142 potrzebny wszystkim Aposto\u0142om i uczniom, jak te\u017c bardzo jest potrzebny nam. Bo my ci\u0105gle musimy przypomina\u0107 sobie, \u017ce <\/span><\/span><span style=\"color: #000000;\"><span style=\"font-family: Book Antiqua, serif;\"><b>Jezus Chrystus jest naszym Bogiem i Panem.<\/b><\/span><\/span><span style=\"color: #000000;\"><span style=\"font-family: Book Antiqua, serif;\"> Owszem, my si\u0119 z Nim nieco \u2013 by tak rzec \u2013 <\/span><\/span><span style=\"color: #000000;\"><span style=\"font-family: Book Antiqua, serif;\"><b>oswoili\u015bmy,<\/b><\/span><\/span><span style=\"color: #000000;\"><span style=\"font-family: Book Antiqua, serif;\"> \u017ce nieraz <\/span><\/span><span style=\"color: #000000;\"><span style=\"font-family: Book Antiqua, serif;\">uwa\u017camy<\/span><\/span><span style=\"color: #000000;\"><span style=\"font-family: Book Antiqua, serif;\"> Go <\/span><\/span><span style=\"color: #000000;\"><span style=\"font-family: Book Antiqua, serif;\"><b>troch\u0119 <\/b><\/span><\/span><span style=\"color: #000000;\"><span style=\"font-family: Book Antiqua, serif;\"><b>za<\/b><\/span><\/span><span style=\"color: #000000;\"><span style=\"font-family: Book Antiqua, serif;\"><b> koleg\u0119,<\/b><\/span><\/span><span style=\"color: #000000;\"><span style=\"font-family: Book Antiqua, serif;\"> kt\u00f3rego te\u017c nie zawsze <\/span><\/span><span style=\"color: #000000;\"><span style=\"font-family: Book Antiqua, serif;\">traktujemy<\/span><\/span><span style=\"color: #000000;\"><span style=\"font-family: Book Antiqua, serif;\"> powa\u017cnie. <\/span><\/span><span style=\"color: #000000;\"><span style=\"font-family: Book Antiqua, serif;\">Bo sta\u0142 si\u0119 dla nas kim\u015b bardzo bliskim. I dobrze, \u017ce tak si\u0119 sta\u0142o! <\/span><\/span><\/span><\/p>\n<p align=\"justify\"><span style=\"font-size: large;\"><span style=\"color: #000000;\"><span style=\"font-family: Book Antiqua, serif;\">Ale nie jest dobrze, je\u017celi <\/span><\/span><span style=\"color: #000000;\"><span style=\"font-family: Book Antiqua, serif;\">w zwi\u0105zku z tym<\/span><\/span> <span style=\"color: #000000;\"><span style=\"font-family: Book Antiqua, serif;\"><b>traktowany jest jak kumpel, <\/b><\/span><\/span><span style=\"color: #000000;\"><span style=\"font-family: Book Antiqua, serif;\">z kt\u00f3rym mo\u017cna sobie po\u017cartowa\u0107 i pogada\u0107 o g\u0142upotach, ale kt\u00f3rego zdania nie bierze si\u0119 pod uwag\u0119, a i samemu <\/span><\/span><span style=\"color: #000000;\"><span style=\"font-family: Book Antiqua, serif;\"><b>ni<\/b><\/span><\/span><span style=\"color: #000000;\"><span style=\"font-family: Book Antiqua, serif;\"><b>e dotrzymuje si\u0119 danego Mu swojego s\u0142owa.<\/b><\/span><\/span><span style=\"color: #000000;\"><span style=\"font-family: Book Antiqua, serif;\"> Tak nie mo\u017cna! Jezus jest kim\u015b nam bardzo bliskim \u2013 bo sam chcia\u0142 skr\u00f3ci\u0107 dystans, jaki Go od nas oddziela, natomiast <\/span><\/span><span style=\"color: #000000;\"><span style=\"font-family: Book Antiqua, serif;\"><b>nigdy nie przesta\u0142 i nie przestanie by\u0107<\/b><\/span><\/span><span style=\"color: #000000;\"><span style=\"font-family: Book Antiqua, serif;\"> naszym Bogiem i Panem! <\/span><\/span><\/span><\/p>\n<p align=\"justify\"><span style=\"font-size: large;\"><span style=\"color: #000000;\"><span style=\"font-family: Book Antiqua, serif;\">Abraham, chocia\u017c pozostawa\u0142 z Bogiem w niezwyk\u0142ej za\u017cy\u0142o\u015bci, by\u0142 wypr\u00f3bowanym przyjacielem Boga, to jednak kiedy B\u00f3g za\u017c\u0105da\u0142 od niego ofiary z syna, w og\u00f3le <\/span><\/span><span style=\"color: #000000;\"><span style=\"font-family: Book Antiqua, serif;\"><b>nie <\/b><\/span><\/span><span style=\"color: #000000;\"><span style=\"font-family: Book Antiqua, serif;\"><b>s<\/b><\/span><\/span><span style=\"color: #000000;\"><span style=\"font-family: Book Antiqua, serif;\"><b>korzysta\u0142 z tej swojej blisko\u015bci,<\/b><\/span><\/span><span style=\"color: #000000;\"><span style=\"font-family: Book Antiqua, serif;\"> by synowi \u2013 by tak rzec \u2013 <\/span><\/span><span style=\"color: #000000;\"><span style=\"font-family: Book Antiqua, serif;\"><b>z<\/b><\/span><\/span><span style=\"color: #000000;\"><span style=\"font-family: Book Antiqua, serif;\"><b>a\u0142atwi\u0107 u\u0142askawienie.<\/b><\/span><\/span> <span style=\"color: #000000;\"><span style=\"font-family: Book Antiqua, serif;\">Nie! On przyj\u0105\u0142 wol\u0119 Boga \u2013 <\/span><\/span><span style=\"color: #000000;\"><span style=\"font-family: Book Antiqua, serif;\"><b>w\u0142a\u015bnie jako wol\u0119 Boga, <\/b><\/span><\/span><span style=\"color: #000000;\"><span style=\"font-family: Book Antiqua, serif;\">kt\u00f3r\u0105 bezdyskusyjnie trzeba wype\u0142ni\u0107. <\/span><\/span><\/span><\/p>\n<p align=\"justify\"><span style=\"font-size: large;\"><span style=\"color: #000000;\"><span style=\"font-family: Book Antiqua, serif;\">Aposto\u0142owie z ko<\/span><\/span><span style=\"color: #000000;\"><span style=\"font-family: Book Antiqua, serif;\">le<\/span><\/span><span style=\"color: #000000;\"><span style=\"font-family: Book Antiqua, serif;\">i, ca\u0142y czas \u2013 <\/span><\/span><span style=\"color: #000000;\"><span style=\"font-family: Book Antiqua, serif;\">ujmijmy to tak \u2013 <\/span><\/span><span style=\"color: #000000;\"><span style=\"font-family: Book Antiqua, serif;\"><b>uczyli si\u0119 Jezusa, <\/b><\/span><\/span><span style=\"color: #000000;\"><span style=\"font-family: Book Antiqua, serif;\">kszta\u0142towali z Nim swoje relacje, aczkolwiek sta\u0142e przebywanie z Mistrzem dwadzie\u015bcia cztery godziny na dob\u0119, <\/span><\/span><span style=\"color: #000000;\"><span style=\"font-family: Book Antiqua, serif;\">siedem dni w tygodniu,<\/span><\/span><span style=\"color: #000000;\"><span style=\"font-family: Book Antiqua, serif;\"> przez trzy lata \u2013 z pewno\u015bci\u0105 pozwoli\u0142<\/span><\/span><span style=\"color: #000000;\"><span style=\"font-family: Book Antiqua, serif;\">o<\/span><\/span><span style=\"color: #000000;\"><span style=\"font-family: Book Antiqua, serif;\"> im <\/span><\/span><span style=\"color: #000000;\"><span style=\"font-family: Book Antiqua, serif;\"><b>z Jezusem nieco si\u0119 \u201eoswoi\u0107\u201d. <\/b><\/span><\/span><span style=\"color: #000000;\"><span style=\"font-family: Book Antiqua, serif;\">Dlatego mo\u017ce nie zawsze uwa\u017cali Go za kogo\u015b niezwyk\u0142ego, co <\/span><\/span><span style=\"color: #000000;\"><span style=\"font-family: Book Antiqua, serif;\">w chwili <\/span><\/span><span style=\"color: #000000;\"><span style=\"font-family: Book Antiqua, serif;\">Jego tak <\/span><\/span><span style=\"color: #000000;\"><span style=\"font-family: Book Antiqua, serif;\">strasznego poni\u017cenia i cierpienia mog\u0142oby zachwia\u0107 ich wiar\u0105 w Niego. <\/span><\/span><\/span><\/p>\n<p align=\"justify\"><span style=\"font-size: large;\"><span style=\"color: #000000;\"><span style=\"font-family: Book Antiqua, serif;\">Zreszt\u0105, i tak <\/span><\/span><span style=\"color: #000000;\"><span style=\"font-family: Book Antiqua, serif;\"><b>prze\u017cyli wstrz\u0105s.<\/b><\/span><\/span><span style=\"color: #000000;\"><span style=\"font-family: Book Antiqua, serif;\"> Wi\u0119kszo\u015b\u0107 z nich uciek\u0142a, pochowa\u0142a si\u0119 gdzie\u015b ze strachu\u2026 Dopiero po Zmartwychwstaniu i Wniebowst\u0105pieniu \u2013 ju\u017c z ca\u0142ym przekonaniem i odwag\u0105 g\u0142osili Jezusa Chrystusa<\/span><\/span><span style=\"color: #000000;\"><span style=\"font-family: Book Antiqua, serif;\"><b> jako Mesjasza, Syna Bo\u017cego, Zbawiciela <\/b><\/span><\/span><span style=\"color: #000000;\"><span style=\"font-family: Book Antiqua, serif;\"><b>\u015bwiata<\/b><\/span><\/span><span style=\"color: #000000;\"><span style=\"font-family: Book Antiqua, serif;\"><b>. <\/b><\/span><\/span><\/span><\/p>\n<p align=\"justify\"><span style=\"font-size: large;\"><span style=\"color: #000000;\"><span style=\"font-family: Book Antiqua, serif;\">A jak na tle tych wszystkich postaw wygl\u0105da moje odniesienie do Jezusa? Dla mnie Jezus jest\u2026 <\/span><\/span><span style=\"color: #000000;\"><span style=\"font-family: Book Antiqua, serif;\"><b>no, w\u0142a\u015bnie, kim?\u2026<\/b><\/span><\/span><span style=\"color: #000000;\"><span style=\"font-family: Book Antiqua, serif;\"> W jaki spos\u00f3b si\u0119 do Niego zwracam? I kiedy si\u0119 do Niego zwracam? Z czym, <\/span><\/span><span style=\"color: #000000;\"><span style=\"font-family: Book Antiqua, serif;\"><b>z jakimi problemami i sprawami?<\/b><\/span><\/span><span style=\"color: #000000;\"><span style=\"font-family: Book Antiqua, serif;\"> Czy tylko z wybranymi \u2013 z takimi, z kt\u00f3rymi \u201ewypada\u201d si\u0119 do Niego zwr\u00f3ci\u0107 \u2013 czy mo\u017ce z ka\u017cd\u0105 swoj\u0105 spraw\u0105 i ka\u017cdym problemem?\u2026 <\/span><\/span><\/span><\/p>\n<p align=\"justify\"><span style=\"font-size: large;\"><span style=\"color: #000000;\"><span style=\"font-family: Book Antiqua, serif;\">I <\/span><\/span><span style=\"color: #000000;\"><span style=\"font-family: Book Antiqua, serif;\">czy wydarzenia, kt\u00f3re odbieram <\/span><\/span><span style=\"color: #000000;\"><span style=\"font-family: Book Antiqua, serif;\"><b>jako trudn\u0105 wol\u0119 Bo\u017c\u0105,<\/b><\/span><\/span><span style=\"color: #000000;\"><span style=\"font-family: Book Antiqua, serif;\"> dziej\u0105c\u0105 si\u0119 w moim \u017cyciu, prze\u017cywam w jedno\u015bci z Bogiem, z poddaniem si\u0119 tej woli, czy buntuj\u0119 si\u0119, mam pretensj\u0119 i ostatecznie rozgrywam wszystko <\/span><\/span><span style=\"color: #000000;\"><span style=\"font-family: Book Antiqua, serif;\"><b>po swojemu, wed\u0142ug w\u0142asnej woli? <\/b><\/span><\/span><\/span><\/p>\n<p align=\"justify\"><span style=\"font-size: large;\"><span style=\"color: #000000;\"><span style=\"font-family: Book Antiqua, serif;\">Moi Drodzy, ci\u0105gle musimy sobie stawia\u0107 te pytania i poszukiwa\u0107 na nie odpowiedzi, bo od tego, jak u\u0142o\u017cymy nasze relacje z Jezusem \u2013 zale\u017cy <\/span><\/span><span style=\"color: #000000;\"><span style=\"font-family: Book Antiqua, serif;\"><b>kszta\u0142t naszego \u017cycia doczesnego i wiecznego!<\/b><\/span><\/span> <span style=\"color: #000000;\"><span style=\"font-family: Book Antiqua, serif;\">Warto o to si\u0119 modli\u0107 i o to si\u0119 stara\u0107 \u2013 du\u017co nad tym my\u015ble\u0107, czytaj\u0105c i rozwa\u017caj\u0105c s\u0142owo Bo\u017ce \u2013 by Jezus by\u0142 dla nas <\/span><\/span><span style=\"color: #000000;\"><span style=\"font-family: Book Antiqua, serif;\"><b>Bratem, Przyjacielem, Powiernikiem,<\/b><\/span><\/span><span style=\"color: #000000;\"><span style=\"font-family: Book Antiqua, serif;\"> kim\u015b niezwykle bliskim, a jednocze\u015bnie <\/span><\/span><span style=\"color: #000000;\"><span style=\"font-family: Book Antiqua, serif;\"><b>Bogiem i Panem naszego \u017cycia.<\/b><\/span><\/span><span style=\"color: #000000;\"><span style=\"font-family: Book Antiqua, serif;\"> \u017badnego z tych wymiar\u00f3w nie mo\u017cemy pomin\u0105\u0107, zlekcewa\u017cy\u0107, zapomnie\u0107\u2026 <\/span><\/span><\/span><\/p>\n<p align=\"justify\"><span style=\"font-size: large;\"><span style=\"color: #000000;\"><span style=\"font-family: Book Antiqua, serif;\">A przede wszystkim, mamy Go w swoim \u017cyciu i w hierarchii wa\u017cno\u015bci swoich spraw <\/span><\/span><span style=\"color: #000000;\"><span style=\"font-family: Book Antiqua, serif;\"><b>zawsze stawia\u0107<\/b><\/span><\/span><span style=\"color: #000000;\"><span style=\"font-family: Book Antiqua, serif;\"><b> na pierwszym miejscu!<\/b><\/span><\/span><span style=\"color: #000000;\"><span style=\"font-family: Book Antiqua, serif;\"> I wszystko do Niego zawsze odnosi\u0107. Je\u017celi uda nam si\u0119 tak\u0105 mocn\u0105 wi\u0119\u017a z Jezusem ci\u0105gle <\/span><\/span><span style=\"color: #000000;\"><span style=\"font-family: Book Antiqua, serif;\"><b>tworzy\u0107 i ka\u017cdego dnia wzmacnia\u0107,<\/b><\/span><\/span><span style=\"color: #000000;\"><span style=\"font-family: Book Antiqua, serif;\"> to naprawd\u0119 to wszystko, co dzieje si\u0119 wok\u00f3\u0142, nie b\u0119dzie nas w stanie potrz\u0105sn\u0105\u0107, ani wyprowadzi\u0107 z duchowej r\u00f3wnowagi. I spe\u0142ni\u0105 si\u0119 <\/span><\/span><span style=\"color: #000000;\"><span style=\"font-family: Book Antiqua, serif;\">tchn\u0105ce <\/span><\/span><span style=\"color: #000000;\"><span style=\"font-family: Book Antiqua, serif;\">rado\u015bci<\/span><\/span><span style=\"color: #000000;\"><span style=\"font-family: Book Antiqua, serif;\">\u0105<\/span><\/span><span style=\"color: #000000;\"><span style=\"font-family: Book Antiqua, serif;\"> i optymizm<\/span><\/span><span style=\"color: #000000;\"><span style=\"font-family: Book Antiqua, serif;\">em<\/span><\/span><span style=\"color: #000000;\"><span style=\"font-family: Book Antiqua, serif;\"> s\u0142owa, kt\u00f3re Pawe\u0142 skierowa\u0142 dzi\u015b, w drugim czytaniu, do wiernych Rzymu, a jednocze\u015bnie tak\u017ce do nas: <\/span><\/span><span style=\"color: #000000;\"><span style=\"font-family: Book Antiqua, serif;\"><i><b>Je\u017celi B\u00f3g z nami, kt\u00f3\u017c przeciwko nam?<\/b><\/i><\/span><\/span><\/span><\/p>\n<p align=\"justify\"><span style=\"font-size: large;\"><span style=\"color: #000000;\"><span style=\"font-family: Book Antiqua, serif;\">W<\/span><\/span><span style=\"color: #000000;\"><span style=\"font-family: Book Antiqua, serif;\">\u0142a\u015bnie, je\u017celi B\u00f3g tak bardzo nas ukocha\u0142, \u017ce nie waha\u0142 si\u0119 po\u015bwi\u0119ci\u0107 w\u0142asnego Syna, aby Ten odkupi\u0142 nasze grzechy i teraz wstawia\u0142 si\u0119 za nami \u2013 to kt\u00f3\u017c mo\u017ce nam w jaki\u015b <\/span><\/span><span style=\"color: #000000;\"><span style=\"font-family: Book Antiqua, serif;\"><b>trwa\u0142y i skuteczny spos\u00f3b zaszkodzi\u0107?<\/b><\/span><\/span> <span style=\"color: #000000;\"><span style=\"font-family: Book Antiqua, serif;\">Kt\u00f3\u017c mo\u017ce nam odebra\u0107 pok\u00f3j serca i pogod\u0119 ducha, je\u017celi b\u0119dziemy zawsze i mocno trwali przy Bogu? <\/span><\/span><\/span><\/p>\n<p align=\"justify\"><span style=\"font-size: large;\"><span style=\"color: #000000;\"><span style=\"font-family: Book Antiqua, serif;\">Je\u017celi b\u0119dziemy traktowali ka\u017cd\u0105 Msz\u0119 \u015awi\u0119t\u0105, ka\u017cd\u0105 Komuni\u0119 \u015awi\u0119t\u0105, ka\u017cd\u0105 modlitw\u0119, ka\u017cd\u0105 lektur\u0119 Pisma \u015awi\u0119tego \u2013 jako <\/span><\/span><span style=\"color: #000000;\"><span style=\"font-family: Book Antiqua, serif;\"><b>wej\u015bcie na swoj\u0105 osobist\u0105 G\u00f3r\u0119 Tabor,<\/b><\/span><\/span><span style=\"color: #000000;\"><span style=\"font-family: Book Antiqua, serif;\"> aby tam ujrze\u0107 chocia\u017c promyczek Bo\u017cej chwa\u0142y? Nie po to, aby si\u0119 jej przestraszy\u0107, ale wprost przeciwnie: <\/span><\/span><span style=\"color: #000000;\"><span style=\"font-family: Book Antiqua, serif;\"><b>aby si\u0119 ni\u0105 zachwyci\u0107,<\/b><\/span><\/span><span style=\"color: #000000;\"><span style=\"font-family: Book Antiqua, serif;\"> a przez to ci\u0105gle pami\u0119ta\u0107, jak wielki i pot\u0119\u017cny B\u00f3g jest <\/span><\/span><span style=\"color: #000000;\"><span style=\"font-family: Book Antiqua, serif;\"><b>moim Ojcem i moim\u2026 wszystkim!<\/b><\/span><\/span><\/span><\/p>\n<p align=\"justify\"><span style=\"font-size: large;\"><span style=\"color: #000000;\"><span style=\"font-family: Book Antiqua, serif;\">Wtedy ci\u0105gle nowego i mocniejszego znaczenia b\u0119d\u0105 nabiera\u0142y dla mnie te s\u0142owa \u2013 i z coraz wi\u0119kszym przekonaniem b\u0119d\u0119 je do siebie odnosi\u0142: <\/span><\/span><span style=\"color: #000000;\"><span style=\"font-family: Book Antiqua, serif;\"><i><b>Je\u017celi B\u00f3g z nami, kt\u00f3\u017c przeciwko nam? <\/b><\/i><\/span><\/span><span style=\"color: #000000;\"><span style=\"font-family: Book Antiqua, serif;\">Je\u017celi B\u00f3g jest ze mn\u0105, a ja jestem naprawd\u0119 z Nim \u2013 dwadzie\u015bcia cztery godziny na dob\u0119, siedem dni w tygodniu, przez ca\u0142e \u017cycie \u2013 <\/span><\/span><span style=\"color: #000000;\"><span style=\"font-family: Book Antiqua, serif;\"><b>to kt\u00f3\u017c przeciwko mnie? <\/b><\/span><\/span><\/span><\/p>\n<p align=\"justify\"><span style=\"font-size: large;\"><span style=\"color: #000000;\"><span style=\"font-family: Book Antiqua, serif;\">Kto i co mo\u017ce mi zaszkodzi\u0107, je\u017celi po mojej stronie stoi <\/span><\/span><span style=\"color: #000000;\"><span style=\"font-family: Book Antiqua, serif;\"><b>tak wielka moc i pot\u0119ga \u2013 Boga, <\/b><\/span><\/span><span style=\"color: #000000;\"><span style=\"font-family: Book Antiqua, serif;\">kt\u00f3ry jest moim Ojcem, kt\u00f3ry mnie bezgranicznie kocha i kt\u00f3remu na mnie tak bardzo zale\u017cy?\u2026<\/span><\/span><\/span><\/p>\n","protected":false},"excerpt":{"rendered":"<p>Niech b\u0119dzie pochwalony Jezus Chrystus! Moi Drodzy, w dniu dzisiejszym imieniny prze\u017cywa Ksi\u0105dz Roman Truba, Wikariusz w mojej rodzinnej Parafii, Kolega jeszcze z czas\u00f3w seminaryjnych. Dzi\u0119kuj\u0105c Solenizantowi za \u017cyczliwo\u015b\u0107, przy ka\u017cdej okazji okazywan\u0105, \u017cycz\u0119 wszelkiego Bo\u017cego b\u0142ogos\u0142awie\u0144stwa. I zapewniam o modlitwie. Dzisiaj tak\u017ce wspominamy wypada \u00f3sma rocznica zako\u0144czenia Pontyfikatu przez Papie\u017ca Benedykta XVI. Serdeczn\u0105 modlitw\u0105 [&hellip;]<\/p>\n","protected":false},"author":1,"featured_media":0,"comment_status":"open","ping_status":"open","sticky":false,"template":"","format":"standard","meta":{"jetpack_post_was_ever_published":false,"_jetpack_newsletter_access":"","_jetpack_dont_email_post_to_subs":false,"_jetpack_newsletter_tier_id":0,"_jetpack_memberships_contains_paywalled_content":false,"_jetpack_memberships_contains_paid_content":false,"footnotes":""},"categories":[1],"tags":[],"class_list":["post-18592","post","type-post","status-publish","format-standard","hentry","category-bez-kategorii"],"yoast_head":"<!-- This site is optimized with the Yoast SEO plugin v25.1 - https:\/\/yoast.com\/wordpress\/plugins\/seo\/ -->\n<title>Je\u017celi B\u00f3g z nami... - Gaudium Et Spes<\/title>\n<meta name=\"robots\" content=\"index, follow, max-snippet:-1, max-image-preview:large, max-video-preview:-1\" \/>\n<link rel=\"canonical\" href=\"https:\/\/gaudiumetspes-blog.pl\/index.php\/2021\/02\/28\/jezeli-bog-z-nami-3\/\" \/>\n<meta property=\"og:locale\" content=\"pl_PL\" \/>\n<meta property=\"og:type\" content=\"article\" \/>\n<meta property=\"og:title\" content=\"Je\u017celi B\u00f3g z nami... - Gaudium Et Spes\" \/>\n<meta property=\"og:description\" content=\"Niech b\u0119dzie pochwalony Jezus Chrystus! Moi Drodzy, w dniu dzisiejszym imieniny prze\u017cywa Ksi\u0105dz Roman Truba, Wikariusz w mojej rodzinnej Parafii, Kolega jeszcze z czas\u00f3w seminaryjnych. Dzi\u0119kuj\u0105c Solenizantowi za \u017cyczliwo\u015b\u0107, przy ka\u017cdej okazji okazywan\u0105, \u017cycz\u0119 wszelkiego Bo\u017cego b\u0142ogos\u0142awie\u0144stwa. I zapewniam o modlitwie. Dzisiaj tak\u017ce wspominamy wypada \u00f3sma rocznica zako\u0144czenia Pontyfikatu przez Papie\u017ca Benedykta XVI. Serdeczn\u0105 modlitw\u0105 [&hellip;]\" \/>\n<meta property=\"og:url\" content=\"https:\/\/gaudiumetspes-blog.pl\/index.php\/2021\/02\/28\/jezeli-bog-z-nami-3\/\" \/>\n<meta property=\"og:site_name\" content=\"Gaudium Et Spes\" \/>\n<meta property=\"article:published_time\" content=\"2021-02-28T04:39:32+00:00\" \/>\n<meta name=\"author\" content=\"Ks. Jacek\" \/>\n<meta name=\"twitter:card\" content=\"summary_large_image\" \/>\n<meta name=\"twitter:label1\" content=\"Napisane przez\" \/>\n\t<meta name=\"twitter:data1\" content=\"Ks. Jacek\" \/>\n\t<meta name=\"twitter:label2\" content=\"Szacowany czas czytania\" \/>\n\t<meta name=\"twitter:data2\" content=\"14 minut\" \/>\n<script type=\"application\/ld+json\" class=\"yoast-schema-graph\">{\"@context\":\"https:\/\/schema.org\",\"@graph\":[{\"@type\":\"WebPage\",\"@id\":\"https:\/\/gaudiumetspes-blog.pl\/index.php\/2021\/02\/28\/jezeli-bog-z-nami-3\/\",\"url\":\"https:\/\/gaudiumetspes-blog.pl\/index.php\/2021\/02\/28\/jezeli-bog-z-nami-3\/\",\"name\":\"Je\u017celi B\u00f3g z nami... - Gaudium Et Spes\",\"isPartOf\":{\"@id\":\"https:\/\/gaudiumetspes-blog.pl\/#website\"},\"datePublished\":\"2021-02-28T04:39:32+00:00\",\"author\":{\"@id\":\"https:\/\/gaudiumetspes-blog.pl\/#\/schema\/person\/1661982992b752dea8dff0d4ed845a65\"},\"breadcrumb\":{\"@id\":\"https:\/\/gaudiumetspes-blog.pl\/index.php\/2021\/02\/28\/jezeli-bog-z-nami-3\/#breadcrumb\"},\"inLanguage\":\"pl-PL\",\"potentialAction\":[{\"@type\":\"ReadAction\",\"target\":[\"https:\/\/gaudiumetspes-blog.pl\/index.php\/2021\/02\/28\/jezeli-bog-z-nami-3\/\"]}]},{\"@type\":\"BreadcrumbList\",\"@id\":\"https:\/\/gaudiumetspes-blog.pl\/index.php\/2021\/02\/28\/jezeli-bog-z-nami-3\/#breadcrumb\",\"itemListElement\":[{\"@type\":\"ListItem\",\"position\":1,\"name\":\"Strona g\u0142\u00f3wna\",\"item\":\"https:\/\/gaudiumetspes-blog.pl\/\"},{\"@type\":\"ListItem\",\"position\":2,\"name\":\"Je\u017celi B\u00f3g z&nbsp;nami&#8230;\"}]},{\"@type\":\"WebSite\",\"@id\":\"https:\/\/gaudiumetspes-blog.pl\/#website\",\"url\":\"https:\/\/gaudiumetspes-blog.pl\/\",\"name\":\"Gaudium Et Spes\",\"description\":\"Blog Ks. Jacka Ja\u015bkowskiego\",\"potentialAction\":[{\"@type\":\"SearchAction\",\"target\":{\"@type\":\"EntryPoint\",\"urlTemplate\":\"https:\/\/gaudiumetspes-blog.pl\/?s={search_term_string}\"},\"query-input\":{\"@type\":\"PropertyValueSpecification\",\"valueRequired\":true,\"valueName\":\"search_term_string\"}}],\"inLanguage\":\"pl-PL\"},{\"@type\":\"Person\",\"@id\":\"https:\/\/gaudiumetspes-blog.pl\/#\/schema\/person\/1661982992b752dea8dff0d4ed845a65\",\"name\":\"Ks. Jacek\",\"image\":{\"@type\":\"ImageObject\",\"inLanguage\":\"pl-PL\",\"@id\":\"https:\/\/gaudiumetspes-blog.pl\/#\/schema\/person\/image\/\",\"url\":\"https:\/\/gaudiumetspes-blog.pl\/wp-content\/uploads\/2019\/07\/avatar-JJ-150x150.jpg\",\"contentUrl\":\"https:\/\/gaudiumetspes-blog.pl\/wp-content\/uploads\/2019\/07\/avatar-JJ-150x150.jpg\",\"caption\":\"Ks. Jacek\"},\"description\":\"Witam serdecznie! K\u0142ania si\u0119 Ks. Jacek Ja\u015bkowski. Nie jestem ani kim\u015b wa\u017cnym, ani kim\u015b znanym. Jestem ksi\u0119dzem, kt\u00f3ry po prostu chce rozmawia\u0107. Codzienna kap\u0142a\u0144ska pos\u0142uga pokazuje mi, \u017ce temat\u00f3w do rozm\u00f3w z ksi\u0119dzem jest coraz wi\u0119cej i dzisiaj \u017caden ksi\u0105dz nie mo\u017ce od nich ucieka\u0107, ale - wprost przeciwnie - podejmowa\u0107 nowe wyzwania. To przekonanie sk\u0142oni\u0142o mnie do pr\u00f3by otwarcia tego\u017c bloga, chocia\u017c okazji do rozm\u00f3w na co dzie\u0144 - w konfesjonale i poza nim - na szcz\u0119\u015bcie nie brakuje. My\u015bl\u0119 jednak, \u017ce ten blog b\u0119dzie jeszcze jednym sposobem i przestrzeni\u0105 nawi\u0105zania kontaktu z lud\u017ami dobrej woli, otwartymi na dialog.\",\"url\":\"https:\/\/gaudiumetspes-blog.pl\/index.php\/author\/ks-jacek\/\"}]}<\/script>\n<!-- \/ Yoast SEO plugin. -->","yoast_head_json":{"title":"Je\u017celi B\u00f3g z nami... - Gaudium Et Spes","robots":{"index":"index","follow":"follow","max-snippet":"max-snippet:-1","max-image-preview":"max-image-preview:large","max-video-preview":"max-video-preview:-1"},"canonical":"https:\/\/gaudiumetspes-blog.pl\/index.php\/2021\/02\/28\/jezeli-bog-z-nami-3\/","og_locale":"pl_PL","og_type":"article","og_title":"Je\u017celi B\u00f3g z nami... - Gaudium Et Spes","og_description":"Niech b\u0119dzie pochwalony Jezus Chrystus! Moi Drodzy, w dniu dzisiejszym imieniny prze\u017cywa Ksi\u0105dz Roman Truba, Wikariusz w mojej rodzinnej Parafii, Kolega jeszcze z czas\u00f3w seminaryjnych. Dzi\u0119kuj\u0105c Solenizantowi za \u017cyczliwo\u015b\u0107, przy ka\u017cdej okazji okazywan\u0105, \u017cycz\u0119 wszelkiego Bo\u017cego b\u0142ogos\u0142awie\u0144stwa. I zapewniam o modlitwie. Dzisiaj tak\u017ce wspominamy wypada \u00f3sma rocznica zako\u0144czenia Pontyfikatu przez Papie\u017ca Benedykta XVI. Serdeczn\u0105 modlitw\u0105 [&hellip;]","og_url":"https:\/\/gaudiumetspes-blog.pl\/index.php\/2021\/02\/28\/jezeli-bog-z-nami-3\/","og_site_name":"Gaudium Et Spes","article_published_time":"2021-02-28T04:39:32+00:00","author":"Ks. Jacek","twitter_card":"summary_large_image","twitter_misc":{"Napisane przez":"Ks. Jacek","Szacowany czas czytania":"14 minut"},"schema":{"@context":"https:\/\/schema.org","@graph":[{"@type":"WebPage","@id":"https:\/\/gaudiumetspes-blog.pl\/index.php\/2021\/02\/28\/jezeli-bog-z-nami-3\/","url":"https:\/\/gaudiumetspes-blog.pl\/index.php\/2021\/02\/28\/jezeli-bog-z-nami-3\/","name":"Je\u017celi B\u00f3g z nami... - Gaudium Et Spes","isPartOf":{"@id":"https:\/\/gaudiumetspes-blog.pl\/#website"},"datePublished":"2021-02-28T04:39:32+00:00","author":{"@id":"https:\/\/gaudiumetspes-blog.pl\/#\/schema\/person\/1661982992b752dea8dff0d4ed845a65"},"breadcrumb":{"@id":"https:\/\/gaudiumetspes-blog.pl\/index.php\/2021\/02\/28\/jezeli-bog-z-nami-3\/#breadcrumb"},"inLanguage":"pl-PL","potentialAction":[{"@type":"ReadAction","target":["https:\/\/gaudiumetspes-blog.pl\/index.php\/2021\/02\/28\/jezeli-bog-z-nami-3\/"]}]},{"@type":"BreadcrumbList","@id":"https:\/\/gaudiumetspes-blog.pl\/index.php\/2021\/02\/28\/jezeli-bog-z-nami-3\/#breadcrumb","itemListElement":[{"@type":"ListItem","position":1,"name":"Strona g\u0142\u00f3wna","item":"https:\/\/gaudiumetspes-blog.pl\/"},{"@type":"ListItem","position":2,"name":"Je\u017celi B\u00f3g z&nbsp;nami&#8230;"}]},{"@type":"WebSite","@id":"https:\/\/gaudiumetspes-blog.pl\/#website","url":"https:\/\/gaudiumetspes-blog.pl\/","name":"Gaudium Et Spes","description":"Blog Ks. Jacka Ja\u015bkowskiego","potentialAction":[{"@type":"SearchAction","target":{"@type":"EntryPoint","urlTemplate":"https:\/\/gaudiumetspes-blog.pl\/?s={search_term_string}"},"query-input":{"@type":"PropertyValueSpecification","valueRequired":true,"valueName":"search_term_string"}}],"inLanguage":"pl-PL"},{"@type":"Person","@id":"https:\/\/gaudiumetspes-blog.pl\/#\/schema\/person\/1661982992b752dea8dff0d4ed845a65","name":"Ks. Jacek","image":{"@type":"ImageObject","inLanguage":"pl-PL","@id":"https:\/\/gaudiumetspes-blog.pl\/#\/schema\/person\/image\/","url":"https:\/\/gaudiumetspes-blog.pl\/wp-content\/uploads\/2019\/07\/avatar-JJ-150x150.jpg","contentUrl":"https:\/\/gaudiumetspes-blog.pl\/wp-content\/uploads\/2019\/07\/avatar-JJ-150x150.jpg","caption":"Ks. Jacek"},"description":"Witam serdecznie! K\u0142ania si\u0119 Ks. Jacek Ja\u015bkowski. Nie jestem ani kim\u015b wa\u017cnym, ani kim\u015b znanym. Jestem ksi\u0119dzem, kt\u00f3ry po prostu chce rozmawia\u0107. Codzienna kap\u0142a\u0144ska pos\u0142uga pokazuje mi, \u017ce temat\u00f3w do rozm\u00f3w z ksi\u0119dzem jest coraz wi\u0119cej i dzisiaj \u017caden ksi\u0105dz nie mo\u017ce od nich ucieka\u0107, ale - wprost przeciwnie - podejmowa\u0107 nowe wyzwania. To przekonanie sk\u0142oni\u0142o mnie do pr\u00f3by otwarcia tego\u017c bloga, chocia\u017c okazji do rozm\u00f3w na co dzie\u0144 - w konfesjonale i poza nim - na szcz\u0119\u015bcie nie brakuje. My\u015bl\u0119 jednak, \u017ce ten blog b\u0119dzie jeszcze jednym sposobem i przestrzeni\u0105 nawi\u0105zania kontaktu z lud\u017ami dobrej woli, otwartymi na dialog.","url":"https:\/\/gaudiumetspes-blog.pl\/index.php\/author\/ks-jacek\/"}]}},"jetpack_featured_media_url":"","jetpack_sharing_enabled":true,"_links":{"self":[{"href":"https:\/\/gaudiumetspes-blog.pl\/index.php\/wp-json\/wp\/v2\/posts\/18592","targetHints":{"allow":["GET"]}}],"collection":[{"href":"https:\/\/gaudiumetspes-blog.pl\/index.php\/wp-json\/wp\/v2\/posts"}],"about":[{"href":"https:\/\/gaudiumetspes-blog.pl\/index.php\/wp-json\/wp\/v2\/types\/post"}],"author":[{"embeddable":true,"href":"https:\/\/gaudiumetspes-blog.pl\/index.php\/wp-json\/wp\/v2\/users\/1"}],"replies":[{"embeddable":true,"href":"https:\/\/gaudiumetspes-blog.pl\/index.php\/wp-json\/wp\/v2\/comments?post=18592"}],"version-history":[{"count":1,"href":"https:\/\/gaudiumetspes-blog.pl\/index.php\/wp-json\/wp\/v2\/posts\/18592\/revisions"}],"predecessor-version":[{"id":18593,"href":"https:\/\/gaudiumetspes-blog.pl\/index.php\/wp-json\/wp\/v2\/posts\/18592\/revisions\/18593"}],"wp:attachment":[{"href":"https:\/\/gaudiumetspes-blog.pl\/index.php\/wp-json\/wp\/v2\/media?parent=18592"}],"wp:term":[{"taxonomy":"category","embeddable":true,"href":"https:\/\/gaudiumetspes-blog.pl\/index.php\/wp-json\/wp\/v2\/categories?post=18592"},{"taxonomy":"post_tag","embeddable":true,"href":"https:\/\/gaudiumetspes-blog.pl\/index.php\/wp-json\/wp\/v2\/tags?post=18592"}],"curies":[{"name":"wp","href":"https:\/\/api.w.org\/{rel}","templated":true}]}}