{"id":18594,"date":"2021-03-01T06:52:11","date_gmt":"2021-03-01T05:52:11","guid":{"rendered":"https:\/\/gaudiumetspes-blog.pl\/?p=18594"},"modified":"2021-03-01T06:52:11","modified_gmt":"2021-03-01T05:52:11","slug":"jaka-miara-mierzymy","status":"publish","type":"post","link":"https:\/\/gaudiumetspes-blog.pl\/index.php\/2021\/03\/01\/jaka-miara-mierzymy\/","title":{"rendered":"Jak\u0105 miar\u0105 mierzymy?&#8230;"},"content":{"rendered":"<p align=\"justify\"><span style=\"color: #000000;\"><span style=\"font-family: Book Antiqua, serif;\"><span style=\"font-size: large;\">Szcz\u0119\u015b\u0107 Bo\u017ce! Moi Drodzy, w dniu dzisiejszym <b>urodziny prze\u017cywaj\u0105:<\/b><\/span><\/span><\/span><\/p>\n<p align=\"justify\"><span style=\"color: #000000;\">\u25ba<span style=\"font-family: Book Antiqua, serif;\"><span style=\"font-size: large;\"><b>Ksi\u0105dz Artur Pi\u00f3ro, m\u00f3j Kolega z roku \u015bwi\u0119ce\u0144;<\/b><\/span><\/span><\/span><\/p>\n<p align=\"justify\"><span style=\"color: #000000;\">\u25ba<span style=\"font-family: Book Antiqua, serif;\"><span style=\"font-size: large;\"><b>Patrycja Sakowska, nale\u017c\u0105ca w swoim czasie do jednej z m\u0142odzie\u017cowych Wsp\u00f3lnot.<\/b><\/span><\/span><\/span><\/p>\n<p align=\"justify\"><span style=\"color: #000000;\"><span style=\"font-family: Book Antiqua, serif;\"><span style=\"font-size: large;\"><b>\u017bycz\u0119 Jubilatom wszelkiego dobra, jakie pop\u0142ynie do Nich z Nieba. I zapewniam o modlitwie!<\/b><\/span><\/span><\/span><\/p>\n<p align=\"justify\"><span style=\"color: #000000;\"><span style=\"font-family: Book Antiqua, serif;\"><span style=\"font-size: large;\">A oto dzisiaj prze\u017cywamy Dzie\u0144 \u017bo\u0142nierzy Niez\u0142omnych. Niech to b\u0119dzie dla nas okazj\u0105 do modlitwy w intencji dobrego wykorzystywania daru wolno\u015bci przez Polak\u00f3w, a jednocze\u015bnie \u2013 do pog\u0142\u0119bionej refleksji i m\u0105drych rozm\u00f3w na temat tego, co aktualnie dzieje si\u0119 w naszej Ojczy\u017anie.<\/span><\/span><\/span><\/p>\n<p align=\"justify\"><span style=\"color: #000000;\"><span style=\"font-family: Book Antiqua, serif;\"><span style=\"font-size: large;\">Dzisiaj, jak w ka\u017cdy poniedzia\u0142ek, swoim szczerym i dobrym s\u0142\u00f3wkiem dzieli si\u0119 z nami Janek. Bardzo Mu za to dzi\u0119kuj\u0119!<\/span><\/span><\/span><\/p>\n<p align=\"justify\"><span style=\"color: #000000;\"><span style=\"font-family: Book Antiqua, serif;\"><span style=\"font-size: large;\">I ju\u017c zapraszam do pochylenia si\u0119 nad Bo\u017cym s\u0142owem dzisiejszej liturgii.<b> Co Pan konkretnie do mnie m\u00f3wi? Jakie jest to jedno, jedyne przes\u0142anie, z jakim dzi\u015b do mnie wychodzi?<\/b> Niech Duch \u015awi\u0119ty b\u0119dzie natchnieniem i \u015bwiat\u0142em!<\/span><\/span><\/span><\/p>\n<p align=\"justify\"><span style=\"color: #000000;\"><span style=\"font-family: Book Antiqua, serif;\"><span style=\"font-size: large;\"><b>Niech Was b\u0142ogos\u0142awi B\u00f3g Wszechmog\u0105cy: Ojciec + i Syn, i Duch \u015awi\u0119ty. Amen<\/b><\/span><\/span><\/span><\/p>\n<p align=\"center\"><span style=\"color: #000000;\"><span style=\"font-family: Book Antiqua, serif;\"><span style=\"font-size: large;\">Gaudium et spes! Ks. Jacek<\/span><\/span><\/span><\/p>\n<p align=\"center\">\n<p align=\"center\">\n<p align=\"center\">\n<p align=\"center\">\n<p align=\"center\">\n<p align=\"justify\"><span style=\"color: #000000;\"><span style=\"font-family: Book Antiqua, serif;\"><span style=\"font-size: large;\"><b>Poniedzia\u0142ek 2 Tygodnia Wielkiego Postu,<\/b><\/span><\/span><\/span><\/p>\n<p align=\"justify\"><span style=\"color: #000000;\"><span style=\"font-family: Book Antiqua, serif;\"><span style=\"font-size: large;\"><b>1 marca 2021.,<\/b><\/span><\/span><\/span><\/p>\n<p align=\"justify\"><span style=\"color: #000000;\"><span style=\"font-family: Book Antiqua, serif;\"><span style=\"font-size: large;\"><b>do czyta\u0144: Dn 9,4b\u201310; \u0141k 6,36\u201338<\/b><\/span><\/span><\/span><\/p>\n<p align=\"justify\">\n<p align=\"justify\">\n<p align=\"justify\">\n<p align=\"justify\">\n<p align=\"justify\">\n<p align=\"justify\"><span style=\"color: #000000;\"><span style=\"font-family: Book Antiqua, serif;\"><span style=\"font-size: large;\"><b>CZYTANIE Z KSI\u0118GI PROROKA DANIELA: <\/b><\/span><\/span><\/span><\/p>\n<p align=\"justify\"><span style=\"color: #000000;\"><span style=\"font-family: Book Antiqua, serif;\"><span style=\"font-size: large;\"><b>O Panie m\u00f3j, Bo\u017ce wielki i straszliwy, kt\u00f3ry dochowujesz wiernie przymierza tym, co Ciebie kochaj\u0105 i przestrzegaj\u0105 Twoich przykaza\u0144! <\/b><\/span><\/span><\/span><\/p>\n<p align=\"justify\"><span style=\"color: #000000;\"><span style=\"font-family: Book Antiqua, serif;\"><span style=\"font-size: large;\"><b>Zgrzeszyli\u015bmy, zb\u0142\u0105dzili\u015bmy, pope\u0142nili\u015bmy nieprawo\u015b\u0107 i zbuntowali\u015bmy si\u0119, odst\u0105pili\u015bmy od Twoich przykaza\u0144. Nie byli\u015bmy pos\u0142uszni Twoim s\u0142ugom, prorokom, kt\u00f3rzy przemawiali w Twoim imieniu do naszych kr\u00f3l\u00f3w, do naszych przyw\u00f3dc\u00f3w, do naszych przodk\u00f3w i do ca\u0142ego narodu kraju. <\/b><\/span><\/span><\/span><\/p>\n<p align=\"justify\"><span style=\"color: #000000;\"><span style=\"font-family: Book Antiqua, serif;\"><span style=\"font-size: large;\"><b>Tobie, Panie, nale\u017cy si\u0119 sprawiedliwo\u015b\u0107, nam za\u015b wstyd na twarzach, jak to jest dzi\u015b: mieszka\u0144com Judy i Jerozolimy oraz ca\u0142emu Izraelowi, bliskim i dalekim we wszystkich krajach, do kt\u00f3rych ich wyp\u0119dzi\u0142e\u015b z powodu niewierno\u015bci, jak\u0105 Ci okazali. <\/b><\/span><\/span><\/span><\/p>\n<p align=\"justify\"><span style=\"color: #000000;\"><span style=\"font-family: Book Antiqua, serif;\"><span style=\"font-size: large;\"><b>Panie! Wstyd na twarzach niech okrywa nas, naszych kr\u00f3l\u00f3w, naszych przyw\u00f3dc\u00f3w i naszych przodk\u00f3w, bo zgrzeszyli\u015bmy przeciw Tobie. Pan za\u015b, nasz B\u00f3g, jest mi\u0142osierny i okazuje \u0142askawo\u015b\u0107, mimo \u017ce zbuntowali\u015bmy si\u0119 przeciw Niemu i nie s\u0142uchali\u015bmy g\u0142osu Pana, naszego Boga, by post\u0119powa\u0107 wed\u0142ug Jego wskaza\u0144, kt\u00f3re nam da\u0142 przez swoje s\u0142ugi, prorok\u00f3w.<\/b><\/span><\/span><\/span><\/p>\n<p align=\"justify\">\n<p align=\"justify\">\n<p align=\"justify\">\n<p align=\"justify\">\n<p align=\"justify\">\n<p align=\"justify\"><span style=\"color: #000000;\"><span style=\"font-family: Book Antiqua, serif;\"><span style=\"font-size: large;\"><b>S\u0141OWA EWANGELII WED\u0141UG \u015aWI\u0118TEGO \u0141UKASZA: <\/b><\/span><\/span><\/span><\/p>\n<p align=\"justify\"><span style=\"color: #000000;\"><span style=\"font-family: Book Antiqua, serif;\"><span style=\"font-size: large;\"><b>Jezus powiedzia\u0142 do swoich uczni\u00f3w: \u201eB\u0105d\u017acie mi\u0142osierni, jak Ojciec wasz jest mi\u0142osierny. Nie s\u0105d\u017acie, a nie b\u0119dziecie s\u0105dzeni; nie pot\u0119piajcie, a nie b\u0119dziecie pot\u0119pieni; odpuszczajcie, a b\u0119dzie wam odpuszczone. <\/b><\/span><\/span><\/span><\/p>\n<p align=\"justify\"><span style=\"color: #000000;\"><span style=\"font-family: Book Antiqua, serif;\"><span style=\"font-size: large;\"><b>Dawajcie, a b\u0119dzie wam dane: miar\u0105 dobr\u0105, nat\u0142oczon\u0105, utrz\u0119sion\u0105 i op\u0142ywaj\u0105c\u0105 wsypi\u0105 w zanadrze wasze. Odmierz\u0105 wam bowiem tak\u0105 miar\u0105, jak\u0105 wy mierzycie\u201d.<\/b><\/span><\/span><\/span><\/p>\n<p align=\"justify\">\n<p align=\"justify\">\n<p align=\"justify\">\n<p align=\"justify\">\n<p align=\"justify\">\n<p align=\"center\"><span style=\"color: #000000;\"><span style=\"font-family: Book Antiqua, serif;\"><span style=\"font-size: large;\"><b>A OTO S\u0141\u00d3WKO JANKA:<\/b><\/span><\/span><\/span><\/p>\n<p align=\"center\">\n<p align=\"center\">\n<p align=\"center\">\n<p align=\"center\">\n<p align=\"center\">\n<p align=\"justify\"><span style=\"color: #000000;\"><span style=\"font-family: Book Antiqua, serif;\"><span style=\"font-size: large;\">W dzisiejszym pierwszym czytaniu, s\u0142yszymy jak ludzie \u017ca\u0142uj\u0105 za swoje grzechy. Szczerze wyznaj\u0105: <i><b>Zgrzeszyli\u015bmy, zb\u0142\u0105dzili\u015bmy, pope\u0142nili\u015bmy nieprawo\u015b\u0107 i zbuntowali\u015bmy si\u0119, odst\u0105pili\u015bmy od Twoich przykaza\u0144.<\/b><\/i> I to czytanie, po raz kolejny zach\u0119ca tak\u017ce nas, aby\u015bmy \u017ca\u0142owali za swoje grzechy. Aby\u015bmy \u017ca\u0142owali za wszystko, co z\u0142ego uczynili\u015bmy. <\/span><\/span><\/span><\/p>\n<p align=\"justify\"><span style=\"color: #000000;\"><span style=\"font-family: Book Antiqua, serif;\"><span style=\"font-size: large;\">W Wielkim Po\u015bcie zn\u00f3w mo\u017cemy to sobie u\u015bwiadomi\u0107, \u017ce chocia\u017c nie \u017cyli\u015bmy dwa tysi\u0105ce lat temu, gdy Jezus za grzechy ludzi \u017cycie swe oddawa\u0142, by mogli oni dost\u0105pi\u0107 zbawienia, to i za nasze grzechy, kt\u00f3re my teraz pope\u0142niamy, Jezus r\u00f3wnie\u017c wtedy swoje \u017cycie sk\u0142ada\u0142 w ofierze! I o tym powinni\u015bmy pami\u0119ta\u0107, \u017ce na tym Krzy\u017cu zosta\u0142y zwyci\u0119\u017cone r\u00f3wnie\u017c nasze grzechy. <\/span><\/span><\/span><\/p>\n<p align=\"justify\"><span style=\"color: #000000;\"><span style=\"font-family: Book Antiqua, serif;\"><span style=\"font-size: large;\">Lecz dla wielu Krzy\u017c mo\u017ce si\u0119 kojarzy\u0107 ze \u015bmierci\u0105 i smutkiem, tymczasem powinien si\u0119 kojarzy\u0107 z \u017cyciem i rado\u015bci\u0105! Bo Jezus odda\u0142 \u017cycie swoje z mi\u0142o\u015bci do nas, by\u015bmy mogli cieszy\u0107 si\u0119 po \u015bmierci \u017cyciem wiecznym! By\u015bmy jednak mogli skorzysta\u0107 z tego daru i dosta\u0107 si\u0119 do Nieba, Jezus zostawi\u0142 nam pi\u0119kny sakrament \u2013 Sakrament Pokuty i Pojednania. By\u015bmy wszystkie swoje grzechy mogli Mu tam odda\u0107 i odzyska\u0107 czysto\u015b\u0107 duszy. Bo tylko wtedy znajdziemy si\u0119 w Niebie. <\/span><\/span><\/span><\/p>\n<p align=\"justify\"><span style=\"color: #000000;\"><span style=\"font-family: Book Antiqua, serif;\"><span style=\"font-size: large;\">Lecz powinni\u015bmy odpowiedzie\u0107 sobie na pytanie, czy ja \u017ca\u0142uj\u0119 za swoje grzechy, czy staram si\u0119 nie wraca\u0107 do grzech\u00f3w, kt\u00f3re wyzna\u0142em na spowiedzi? <\/span><\/span><\/span><\/p>\n<p align=\"justify\"><span style=\"color: #000000;\"><span style=\"font-family: Book Antiqua, serif;\"><span style=\"font-size: large;\">Wydaje si\u0119, \u017ce wielu ludzi nie umie pracowa\u0107 nad sob\u0105. Nie umiej\u0105 pracowa\u0107 nad swoimi grzechami. Dla wielu spowied\u017a jest czym\u015b takim, \u017ce p\u00f3jd\u0105 do spowiedzi, a gdy wyjd\u0105 z ko\u015bcio\u0142a, zaraz wracaj\u0105 do tego stanu, jaki by\u0142 przed spowiedzi\u0105. Czy na tym powinna polega\u0107 spowied\u017a? Czy na tym powinna polega\u0107 nasza droga do Nieba?\u2026<\/span><\/span><\/span><\/p>\n<p align=\"justify\"><span style=\"color: #000000;\"><span style=\"font-family: Book Antiqua, serif;\"><span style=\"font-size: large;\">W Ewangelii Jezus m\u00f3wi nam takie s\u0142owa: <i><b>B\u0105d\u017acie mi\u0142osierni, jak Ojciec wasz jest mi\u0142osierny. Nie s\u0105d\u017acie, a nie b\u0119dziecie s\u0105dzeni; nie pot\u0119piajcie, a nie b\u0119dziecie pot\u0119pieni<\/b><\/i>. Wielu ludzi os\u0105dza i pot\u0119pia. Lecz czy tak powinni\u015bmy post\u0119powa\u0107? Ot\u00f3\u017c nie! <\/span><\/span><\/span><\/p>\n<p align=\"justify\"><span style=\"color: #000000;\"><span style=\"font-family: Book Antiqua, serif;\"><span style=\"font-size: large;\">Jezus m\u00f3wi nam: <i><b>B\u0105d\u017acie mi\u0142osierni, jak Ojciec wasz jest mi\u0142osierny.<\/b><\/i> W tych czasach szczeg\u00f3lnie brakuje nam tego mi\u0142osierdzia. Brakuje nam mi\u0142o\u015bci do drugiej osoby! Wida\u0107, jak ludzie dzisiaj s\u0105 podzieleni. Na r\u00f3\u017cne grupy, chocia\u017cby na biednych i bogatych. Lecz \u017cycia wiecznego za pieni\u0105dze nie kupimy. My mo\u017cemy je dosta\u0107 z mi\u0142o\u015bci Bo\u017cej! Lecz trzeba postara\u0107 si\u0119 zrobi\u0107 wszystko, aby je otrzyma\u0107. <\/span><\/span><\/span><\/p>\n<p align=\"justify\"><span style=\"color: #000000;\"><span style=\"font-family: Book Antiqua, serif;\"><span style=\"font-size: large;\">Dlatego musz\u0119 zada\u0107 sobie to pytanie, czy ja robi\u0119 wszystko, by tam si\u0119 znale\u017a\u0107? Dla Boga wszyscy tu, na ziemi, jeste\u015bmy r\u00f3wni. A tymczasem my, ludzie, pot\u0119piamy si\u0119 nawzajem i os\u0105dzamy. Uwa\u017camy, \u017ce biedni s\u0105 gorsi od nas, bo nie maj\u0105 du\u017co pieni\u0119dzy. Coraz bardziej \u015bwiat idzie za pieni\u0105dzem, ni\u017c za mi\u0142o\u015bci\u0105. Ludzie chyba zapominaj\u0105, \u017ce przecie\u017c i tak kiedy\u015b wszyscy umr\u0105, odejd\u0105 z tego \u015bwiata, i tych nagromadzonych pieni\u0119dzy nie wezm\u0105 ze sob\u0105. <\/span><\/span><\/span><\/p>\n<p align=\"justify\"><span style=\"color: #000000;\"><span style=\"font-family: Book Antiqua, serif;\"><span style=\"font-size: large;\">I co taka osoba powie Bogu na S\u0105dzie ? \u017be my\u015bla\u0142a, \u017ce pieni\u0105dz by\u0142 najwa\u017cniejszy, st\u0105d musia\u0142a si\u0119 zaj\u0105\u0107 jego gromadzeniem i dlatego nie mia\u0142a dla Boga czasu? <\/span><\/span><\/span><\/p>\n<p align=\"justify\"><span style=\"color: #000000;\"><span style=\"font-family: Book Antiqua, serif;\"><span style=\"font-size: large;\">Tymczasem, B\u00f3g wszystkim tym, kt\u00f3rzy zastosuj\u0105 inn\u0105 miar\u0119 \u2013 miar\u0119 mi\u0142o\u015bci \u2013 m\u00f3wi tak: <i><b>M<\/b><\/i><i><b>iar\u0119<\/b><\/i><i><b> dobr\u0105, ubit\u0105, utrz\u0119sion\u0105 i wype\u0142nion\u0105 ponad brzegi wsypi\u0105 w zanadrza wasze. Odmierz\u0105 wam bowiem tak\u0105 miar\u0105, jak\u0105 wy mierzycie. <\/b><\/i><\/span><\/span><\/span><\/p>\n<p align=\"justify\"><span style=\"color: #000000;\"><span style=\"font-family: Book Antiqua, serif;\"><span style=\"font-size: large;\">Na zako\u0144czenie odpowiedzmy sobie na pytanie: Czy jeste\u015bmy mi\u0142osierni, jak Ojciec nasz jest mi\u0142osierny \u2013 wobec innych ludzi?\u2026<\/span><\/span><\/span><\/p>\n","protected":false},"excerpt":{"rendered":"<p>Szcz\u0119\u015b\u0107 Bo\u017ce! Moi Drodzy, w dniu dzisiejszym urodziny prze\u017cywaj\u0105: \u25baKsi\u0105dz Artur Pi\u00f3ro, m\u00f3j Kolega z roku \u015bwi\u0119ce\u0144; \u25baPatrycja Sakowska, nale\u017c\u0105ca w swoim czasie do jednej z m\u0142odzie\u017cowych Wsp\u00f3lnot. \u017bycz\u0119 Jubilatom wszelkiego dobra, jakie pop\u0142ynie do Nich z Nieba. I zapewniam o modlitwie! A oto dzisiaj prze\u017cywamy Dzie\u0144 \u017bo\u0142nierzy Niez\u0142omnych. Niech to b\u0119dzie dla nas okazj\u0105 [&hellip;]<\/p>\n","protected":false},"author":1,"featured_media":0,"comment_status":"open","ping_status":"open","sticky":false,"template":"","format":"standard","meta":{"jetpack_post_was_ever_published":false,"_jetpack_newsletter_access":"","_jetpack_dont_email_post_to_subs":false,"_jetpack_newsletter_tier_id":0,"_jetpack_memberships_contains_paywalled_content":false,"_jetpack_memberships_contains_paid_content":false,"footnotes":""},"categories":[1],"tags":[],"class_list":["post-18594","post","type-post","status-publish","format-standard","hentry","category-bez-kategorii"],"yoast_head":"<!-- This site is optimized with the Yoast SEO plugin v25.1 - https:\/\/yoast.com\/wordpress\/plugins\/seo\/ -->\n<title>Jak\u0105 miar\u0105 mierzymy?... - Gaudium Et Spes<\/title>\n<meta name=\"robots\" content=\"index, follow, max-snippet:-1, max-image-preview:large, max-video-preview:-1\" \/>\n<link rel=\"canonical\" href=\"https:\/\/gaudiumetspes-blog.pl\/index.php\/2021\/03\/01\/jaka-miara-mierzymy\/\" \/>\n<meta property=\"og:locale\" content=\"pl_PL\" \/>\n<meta property=\"og:type\" content=\"article\" \/>\n<meta property=\"og:title\" content=\"Jak\u0105 miar\u0105 mierzymy?... - Gaudium Et Spes\" \/>\n<meta property=\"og:description\" content=\"Szcz\u0119\u015b\u0107 Bo\u017ce! Moi Drodzy, w dniu dzisiejszym urodziny prze\u017cywaj\u0105: \u25baKsi\u0105dz Artur Pi\u00f3ro, m\u00f3j Kolega z roku \u015bwi\u0119ce\u0144; \u25baPatrycja Sakowska, nale\u017c\u0105ca w swoim czasie do jednej z m\u0142odzie\u017cowych Wsp\u00f3lnot. \u017bycz\u0119 Jubilatom wszelkiego dobra, jakie pop\u0142ynie do Nich z Nieba. I zapewniam o modlitwie! A oto dzisiaj prze\u017cywamy Dzie\u0144 \u017bo\u0142nierzy Niez\u0142omnych. Niech to b\u0119dzie dla nas okazj\u0105 [&hellip;]\" \/>\n<meta property=\"og:url\" content=\"https:\/\/gaudiumetspes-blog.pl\/index.php\/2021\/03\/01\/jaka-miara-mierzymy\/\" \/>\n<meta property=\"og:site_name\" content=\"Gaudium Et Spes\" \/>\n<meta property=\"article:published_time\" content=\"2021-03-01T05:52:11+00:00\" \/>\n<meta name=\"author\" content=\"Ks. Jacek\" \/>\n<meta name=\"twitter:card\" content=\"summary_large_image\" \/>\n<meta name=\"twitter:label1\" content=\"Napisane przez\" \/>\n\t<meta name=\"twitter:data1\" content=\"Ks. Jacek\" \/>\n\t<meta name=\"twitter:label2\" content=\"Szacowany czas czytania\" \/>\n\t<meta name=\"twitter:data2\" content=\"6 minut\" \/>\n<script type=\"application\/ld+json\" class=\"yoast-schema-graph\">{\"@context\":\"https:\/\/schema.org\",\"@graph\":[{\"@type\":\"WebPage\",\"@id\":\"https:\/\/gaudiumetspes-blog.pl\/index.php\/2021\/03\/01\/jaka-miara-mierzymy\/\",\"url\":\"https:\/\/gaudiumetspes-blog.pl\/index.php\/2021\/03\/01\/jaka-miara-mierzymy\/\",\"name\":\"Jak\u0105 miar\u0105 mierzymy?... - Gaudium Et Spes\",\"isPartOf\":{\"@id\":\"https:\/\/gaudiumetspes-blog.pl\/#website\"},\"datePublished\":\"2021-03-01T05:52:11+00:00\",\"author\":{\"@id\":\"https:\/\/gaudiumetspes-blog.pl\/#\/schema\/person\/1661982992b752dea8dff0d4ed845a65\"},\"breadcrumb\":{\"@id\":\"https:\/\/gaudiumetspes-blog.pl\/index.php\/2021\/03\/01\/jaka-miara-mierzymy\/#breadcrumb\"},\"inLanguage\":\"pl-PL\",\"potentialAction\":[{\"@type\":\"ReadAction\",\"target\":[\"https:\/\/gaudiumetspes-blog.pl\/index.php\/2021\/03\/01\/jaka-miara-mierzymy\/\"]}]},{\"@type\":\"BreadcrumbList\",\"@id\":\"https:\/\/gaudiumetspes-blog.pl\/index.php\/2021\/03\/01\/jaka-miara-mierzymy\/#breadcrumb\",\"itemListElement\":[{\"@type\":\"ListItem\",\"position\":1,\"name\":\"Strona g\u0142\u00f3wna\",\"item\":\"https:\/\/gaudiumetspes-blog.pl\/\"},{\"@type\":\"ListItem\",\"position\":2,\"name\":\"Jak\u0105 miar\u0105 mierzymy?&#8230;\"}]},{\"@type\":\"WebSite\",\"@id\":\"https:\/\/gaudiumetspes-blog.pl\/#website\",\"url\":\"https:\/\/gaudiumetspes-blog.pl\/\",\"name\":\"Gaudium Et Spes\",\"description\":\"Blog Ks. Jacka Ja\u015bkowskiego\",\"potentialAction\":[{\"@type\":\"SearchAction\",\"target\":{\"@type\":\"EntryPoint\",\"urlTemplate\":\"https:\/\/gaudiumetspes-blog.pl\/?s={search_term_string}\"},\"query-input\":{\"@type\":\"PropertyValueSpecification\",\"valueRequired\":true,\"valueName\":\"search_term_string\"}}],\"inLanguage\":\"pl-PL\"},{\"@type\":\"Person\",\"@id\":\"https:\/\/gaudiumetspes-blog.pl\/#\/schema\/person\/1661982992b752dea8dff0d4ed845a65\",\"name\":\"Ks. Jacek\",\"image\":{\"@type\":\"ImageObject\",\"inLanguage\":\"pl-PL\",\"@id\":\"https:\/\/gaudiumetspes-blog.pl\/#\/schema\/person\/image\/\",\"url\":\"https:\/\/gaudiumetspes-blog.pl\/wp-content\/uploads\/2019\/07\/avatar-JJ-150x150.jpg\",\"contentUrl\":\"https:\/\/gaudiumetspes-blog.pl\/wp-content\/uploads\/2019\/07\/avatar-JJ-150x150.jpg\",\"caption\":\"Ks. Jacek\"},\"description\":\"Witam serdecznie! K\u0142ania si\u0119 Ks. Jacek Ja\u015bkowski. Nie jestem ani kim\u015b wa\u017cnym, ani kim\u015b znanym. Jestem ksi\u0119dzem, kt\u00f3ry po prostu chce rozmawia\u0107. Codzienna kap\u0142a\u0144ska pos\u0142uga pokazuje mi, \u017ce temat\u00f3w do rozm\u00f3w z ksi\u0119dzem jest coraz wi\u0119cej i dzisiaj \u017caden ksi\u0105dz nie mo\u017ce od nich ucieka\u0107, ale - wprost przeciwnie - podejmowa\u0107 nowe wyzwania. To przekonanie sk\u0142oni\u0142o mnie do pr\u00f3by otwarcia tego\u017c bloga, chocia\u017c okazji do rozm\u00f3w na co dzie\u0144 - w konfesjonale i poza nim - na szcz\u0119\u015bcie nie brakuje. My\u015bl\u0119 jednak, \u017ce ten blog b\u0119dzie jeszcze jednym sposobem i przestrzeni\u0105 nawi\u0105zania kontaktu z lud\u017ami dobrej woli, otwartymi na dialog.\",\"url\":\"https:\/\/gaudiumetspes-blog.pl\/index.php\/author\/ks-jacek\/\"}]}<\/script>\n<!-- \/ Yoast SEO plugin. -->","yoast_head_json":{"title":"Jak\u0105 miar\u0105 mierzymy?... - Gaudium Et Spes","robots":{"index":"index","follow":"follow","max-snippet":"max-snippet:-1","max-image-preview":"max-image-preview:large","max-video-preview":"max-video-preview:-1"},"canonical":"https:\/\/gaudiumetspes-blog.pl\/index.php\/2021\/03\/01\/jaka-miara-mierzymy\/","og_locale":"pl_PL","og_type":"article","og_title":"Jak\u0105 miar\u0105 mierzymy?... - Gaudium Et Spes","og_description":"Szcz\u0119\u015b\u0107 Bo\u017ce! Moi Drodzy, w dniu dzisiejszym urodziny prze\u017cywaj\u0105: \u25baKsi\u0105dz Artur Pi\u00f3ro, m\u00f3j Kolega z roku \u015bwi\u0119ce\u0144; \u25baPatrycja Sakowska, nale\u017c\u0105ca w swoim czasie do jednej z m\u0142odzie\u017cowych Wsp\u00f3lnot. \u017bycz\u0119 Jubilatom wszelkiego dobra, jakie pop\u0142ynie do Nich z Nieba. I zapewniam o modlitwie! A oto dzisiaj prze\u017cywamy Dzie\u0144 \u017bo\u0142nierzy Niez\u0142omnych. Niech to b\u0119dzie dla nas okazj\u0105 [&hellip;]","og_url":"https:\/\/gaudiumetspes-blog.pl\/index.php\/2021\/03\/01\/jaka-miara-mierzymy\/","og_site_name":"Gaudium Et Spes","article_published_time":"2021-03-01T05:52:11+00:00","author":"Ks. Jacek","twitter_card":"summary_large_image","twitter_misc":{"Napisane przez":"Ks. Jacek","Szacowany czas czytania":"6 minut"},"schema":{"@context":"https:\/\/schema.org","@graph":[{"@type":"WebPage","@id":"https:\/\/gaudiumetspes-blog.pl\/index.php\/2021\/03\/01\/jaka-miara-mierzymy\/","url":"https:\/\/gaudiumetspes-blog.pl\/index.php\/2021\/03\/01\/jaka-miara-mierzymy\/","name":"Jak\u0105 miar\u0105 mierzymy?... - Gaudium Et Spes","isPartOf":{"@id":"https:\/\/gaudiumetspes-blog.pl\/#website"},"datePublished":"2021-03-01T05:52:11+00:00","author":{"@id":"https:\/\/gaudiumetspes-blog.pl\/#\/schema\/person\/1661982992b752dea8dff0d4ed845a65"},"breadcrumb":{"@id":"https:\/\/gaudiumetspes-blog.pl\/index.php\/2021\/03\/01\/jaka-miara-mierzymy\/#breadcrumb"},"inLanguage":"pl-PL","potentialAction":[{"@type":"ReadAction","target":["https:\/\/gaudiumetspes-blog.pl\/index.php\/2021\/03\/01\/jaka-miara-mierzymy\/"]}]},{"@type":"BreadcrumbList","@id":"https:\/\/gaudiumetspes-blog.pl\/index.php\/2021\/03\/01\/jaka-miara-mierzymy\/#breadcrumb","itemListElement":[{"@type":"ListItem","position":1,"name":"Strona g\u0142\u00f3wna","item":"https:\/\/gaudiumetspes-blog.pl\/"},{"@type":"ListItem","position":2,"name":"Jak\u0105 miar\u0105 mierzymy?&#8230;"}]},{"@type":"WebSite","@id":"https:\/\/gaudiumetspes-blog.pl\/#website","url":"https:\/\/gaudiumetspes-blog.pl\/","name":"Gaudium Et Spes","description":"Blog Ks. Jacka Ja\u015bkowskiego","potentialAction":[{"@type":"SearchAction","target":{"@type":"EntryPoint","urlTemplate":"https:\/\/gaudiumetspes-blog.pl\/?s={search_term_string}"},"query-input":{"@type":"PropertyValueSpecification","valueRequired":true,"valueName":"search_term_string"}}],"inLanguage":"pl-PL"},{"@type":"Person","@id":"https:\/\/gaudiumetspes-blog.pl\/#\/schema\/person\/1661982992b752dea8dff0d4ed845a65","name":"Ks. Jacek","image":{"@type":"ImageObject","inLanguage":"pl-PL","@id":"https:\/\/gaudiumetspes-blog.pl\/#\/schema\/person\/image\/","url":"https:\/\/gaudiumetspes-blog.pl\/wp-content\/uploads\/2019\/07\/avatar-JJ-150x150.jpg","contentUrl":"https:\/\/gaudiumetspes-blog.pl\/wp-content\/uploads\/2019\/07\/avatar-JJ-150x150.jpg","caption":"Ks. Jacek"},"description":"Witam serdecznie! K\u0142ania si\u0119 Ks. Jacek Ja\u015bkowski. Nie jestem ani kim\u015b wa\u017cnym, ani kim\u015b znanym. Jestem ksi\u0119dzem, kt\u00f3ry po prostu chce rozmawia\u0107. Codzienna kap\u0142a\u0144ska pos\u0142uga pokazuje mi, \u017ce temat\u00f3w do rozm\u00f3w z ksi\u0119dzem jest coraz wi\u0119cej i dzisiaj \u017caden ksi\u0105dz nie mo\u017ce od nich ucieka\u0107, ale - wprost przeciwnie - podejmowa\u0107 nowe wyzwania. To przekonanie sk\u0142oni\u0142o mnie do pr\u00f3by otwarcia tego\u017c bloga, chocia\u017c okazji do rozm\u00f3w na co dzie\u0144 - w konfesjonale i poza nim - na szcz\u0119\u015bcie nie brakuje. My\u015bl\u0119 jednak, \u017ce ten blog b\u0119dzie jeszcze jednym sposobem i przestrzeni\u0105 nawi\u0105zania kontaktu z lud\u017ami dobrej woli, otwartymi na dialog.","url":"https:\/\/gaudiumetspes-blog.pl\/index.php\/author\/ks-jacek\/"}]}},"jetpack_featured_media_url":"","jetpack_sharing_enabled":true,"_links":{"self":[{"href":"https:\/\/gaudiumetspes-blog.pl\/index.php\/wp-json\/wp\/v2\/posts\/18594","targetHints":{"allow":["GET"]}}],"collection":[{"href":"https:\/\/gaudiumetspes-blog.pl\/index.php\/wp-json\/wp\/v2\/posts"}],"about":[{"href":"https:\/\/gaudiumetspes-blog.pl\/index.php\/wp-json\/wp\/v2\/types\/post"}],"author":[{"embeddable":true,"href":"https:\/\/gaudiumetspes-blog.pl\/index.php\/wp-json\/wp\/v2\/users\/1"}],"replies":[{"embeddable":true,"href":"https:\/\/gaudiumetspes-blog.pl\/index.php\/wp-json\/wp\/v2\/comments?post=18594"}],"version-history":[{"count":1,"href":"https:\/\/gaudiumetspes-blog.pl\/index.php\/wp-json\/wp\/v2\/posts\/18594\/revisions"}],"predecessor-version":[{"id":18595,"href":"https:\/\/gaudiumetspes-blog.pl\/index.php\/wp-json\/wp\/v2\/posts\/18594\/revisions\/18595"}],"wp:attachment":[{"href":"https:\/\/gaudiumetspes-blog.pl\/index.php\/wp-json\/wp\/v2\/media?parent=18594"}],"wp:term":[{"taxonomy":"category","embeddable":true,"href":"https:\/\/gaudiumetspes-blog.pl\/index.php\/wp-json\/wp\/v2\/categories?post=18594"},{"taxonomy":"post_tag","embeddable":true,"href":"https:\/\/gaudiumetspes-blog.pl\/index.php\/wp-json\/wp\/v2\/tags?post=18594"}],"curies":[{"name":"wp","href":"https:\/\/api.w.org\/{rel}","templated":true}]}}