{"id":18601,"date":"2021-03-04T07:18:09","date_gmt":"2021-03-04T06:18:09","guid":{"rendered":"https:\/\/gaudiumetspes-blog.pl\/?p=18601"},"modified":"2021-03-04T07:18:09","modified_gmt":"2021-03-04T06:18:09","slug":"ciagle-w-drodze","status":"publish","type":"post","link":"https:\/\/gaudiumetspes-blog.pl\/index.php\/2021\/03\/04\/ciagle-w-drodze\/","title":{"rendered":"Ci\u0105gle w drodze&#8230;"},"content":{"rendered":"<p align=\"justify\"><span style=\"color: #000000;\"><span style=\"font-family: Book Antiqua, serif;\"><span style=\"font-size: large;\">Szcz\u0119\u015b\u0107 Bo\u017ce! Moi Drodzy, w dniu dzisiejszym <b>imieniny prze\u017cywa Ksi\u0105dz Biskup Kazimierz Gurda, Pasterz Diecezji siedleckiej. \u017bycz\u0119 Ksi\u0119dzu Biskupowi nieustannego zapa\u0142u apostolskiego i wielkiego ducha! <\/b><b>Tak\u017ce zdrowia i si\u0142 fizycznych. <\/b><b>Zapewniam o modlitwie!<\/b><\/span><\/span><\/span><\/p>\n<p align=\"justify\"><span style=\"color: #000000;\"><span style=\"font-family: Book Antiqua, serif;\"><span style=\"font-size: large;\"><b>Imieniny prze\u017cywa tak\u017ce dzisiaj Ksi\u0105dz Pra\u0142at Kazimierz Sta\u0144czuk, emerytowany Proboszcz i Dziekan w \u017belechowie. <\/b><\/span><\/span><\/span><\/p>\n<p align=\"justify\"><span style=\"color: #000000;\"><span style=\"font-family: Book Antiqua, serif;\"><span style=\"font-size: large;\"><b>Urodziny za\u015b prze\u017cywa Anna K\u0119pa, nale\u017c\u0105ca w swoim czasie do jednej z m\u0142odzie\u017cowych Wsp\u00f3lnot. <\/b><\/span><\/span><\/span><\/p>\n<p align=\"justify\"><span style=\"color: #000000;\"><span style=\"font-family: Book Antiqua, serif;\"><span style=\"font-size: large;\"><b>Modl\u0119 si\u0119 dla <\/b><b>\u015a<\/b><b>wi\u0119tuj\u0105cych o to, by <\/b><b>ka\u017cdego dnia d\u0105\u017cyli, <\/b><b>a wr\u0119cz biegli<\/b><b> do doskona\u0142o\u015bci i przyja\u017ani z Jezusem, jak to czyni\u0142 Patron dnia dzisiejszego. <\/b><b>Wi\u0119cej o tym w rozwa\u017caniu. <\/b><b>B\u0119d\u0119 Ich w tym wspiera\u0142 modlitw\u0105!<\/b><\/span><\/span><\/span><\/p>\n<p align=\"justify\"><span style=\"color: #000000;\"><span style=\"font-family: Book Antiqua, serif;\"><span style=\"font-size: large;\">Moi Drodzy, mamy dzisiaj pierwszy czwartek miesi\u0105ca. Prosz\u0119 o modlitw\u0119 za Kap\u0142an\u00f3w i Osoby konsekrowane, oraz o Kap\u0142an\u00f3w i Osoby konsekrowane. O nowych, odwa\u017cnych i charyzmatycznych, pracownik\u00f3w w Bo\u017cej Winnicy.<\/span><\/span><\/span><\/p>\n<p align=\"justify\"><span style=\"color: #000000;\"><span style=\"font-family: Book Antiqua, serif;\"><span style=\"font-size: large;\">Dzisiaj w naszej Kaplicy \u2013 poniewa\u017c z regu\u0142y nie ma Mszy \u015awi\u0119tej w pi\u0105tki \u2013 Droga Krzy\u017cowa. A na Mszy \u015awi\u0119tej b\u0119dziemy si\u0119 modli\u0107 za zmar\u0142ego niedawno, emerytowanego Wyk\u0142adowcy Wydzia\u0142u Agrobioin\u017cynierii i Nauk o Zwierz\u0119tach Uniwersytetu Przyrodniczo \u2013 Humanistycznego w Siedlcach, Doktora Mieczys\u0142awa \u017burka. Z inicjatyw\u0105 \u2013 ju\u017c kolejn\u0105 \u2013 takiego modlitewnego spotkania wyszed\u0142 Dziekan tego\u017c Wydzia\u0142u, Pan Profesor Marek Guga\u0142a, wraz z Pracownikami Wydzia\u0142u. Bardzo Im dzi\u0119kuj\u0119 za \u015bwiadectwo wiary i duchowej solidarno\u015bci ze zmar\u0142ym Koleg\u0105. Zawsze z wielk\u0105 rado\u015bci\u0105 witam takie inicjatywy i zapraszam do naszej Kaplicy na wsp\u00f3ln\u0105 modlitw\u0119!<\/span><\/span><\/span><\/p>\n<p align=\"justify\"><span style=\"color: #000000;\"><span style=\"font-family: Book Antiqua, serif;\"><span style=\"font-size: large;\">Jutro za\u015b pierwszy pi\u0105tek miesi\u0105ca, a \u017ce w\u0142a\u015bnie pi\u0105tek, to znaczy, \u017ce co?\u2026 Naturalnie, s\u0142\u00f3wko z Syberii!<\/span><\/span><\/span><\/p>\n<p align=\"justify\"><span style=\"color: #000000;\"><span style=\"font-family: Book Antiqua, serif;\"><span style=\"font-size: large;\">Teraz za\u015b pochylmy si\u0119 nad Bo\u017cym s\u0142owem dzisiejszej liturgii. <b>Jakie konkretne przes\u0142anie Pan do mnie dzi\u015b kieruje? <\/b>Duchu \u015awi\u0119ty, przyjd\u017a, prosimy\u2026 <\/span><\/span><\/span><\/p>\n<p align=\"justify\"><span style=\"color: #000000;\"><span style=\"font-family: Book Antiqua, serif;\"><span style=\"font-size: large;\"><b>Niech Was b\u0142ogos\u0142awi B\u00f3g Wszechmog\u0105cy: Ojciec + i Syn, i Duch \u015awi\u0119ty. Amen<\/b><\/span><\/span><\/span><\/p>\n<p align=\"center\"><span style=\"color: #000000;\"><span style=\"font-family: Book Antiqua, serif;\"><span style=\"font-size: large;\">Gaudium et spes! Ks. Jacek<\/span><\/span><\/span><\/p>\n<p align=\"center\">\n<p align=\"center\">\n<p align=\"center\">\n<p align=\"center\">\n<p align=\"center\">\n<p align=\"justify\"><span style=\"color: #000000;\"><span style=\"font-family: Book Antiqua, serif;\"><span style=\"font-size: large;\"><b>\u015awi\u0119to \u015aw. Kazimierza, Kr\u00f3lewicza,<\/b><\/span><\/span><\/span><\/p>\n<p align=\"justify\"><span style=\"color: #000000;\"><span style=\"font-family: Book Antiqua, serif;\"><span style=\"font-size: large;\"><b>4 marca 2020.,<\/b><\/span><\/span><\/span><\/p>\n<p align=\"justify\"><span style=\"color: #000000;\"><span style=\"font-family: Book Antiqua, serif;\"><span style=\"font-size: large;\"><b>do czyta\u0144 z t. VI Lekcjonarza: <\/b><\/span><\/span><\/span><\/p>\n<p align=\"justify\"><span style=\"color: #000000;\"> <span style=\"font-family: Book Antiqua, serif;\"><span style=\"font-size: large;\"><b>Syr 51,13\u201320; albo: Flp 3,8\u201314; J 15,9\u201317<\/b><\/span><\/span><\/span><\/p>\n<p align=\"justify\">\n<p align=\"justify\">\n<p align=\"justify\">\n<p align=\"justify\">\n<p align=\"justify\">\n<p align=\"justify\"><span style=\"color: #000000;\"><span style=\"font-family: Book Antiqua, serif;\"><span style=\"font-size: large;\"><b>CZYTANIE Z KSI\u0118GI SYRACYDESA: <\/b><\/span><\/span><\/span><\/p>\n<p align=\"justify\"><span style=\"color: #000000;\"><span style=\"font-family: Book Antiqua, serif;\"><span style=\"font-size: large;\"><b>B\u0119d\u0105c jeszcze m\u0142odym, zacz\u0105\u0142em podr\u00f3\u017cowa\u0107, szuka\u0142em jawnie m\u0105dro\u015bci w modlitwie. U bram \u015bwi\u0105tyni prosi\u0142em o ni\u0105 i a\u017c do ko\u0144ca szuka\u0107 jej b\u0119d\u0119. <\/b><\/span><\/span><\/span><\/p>\n<p align=\"justify\"><span style=\"color: #000000;\"><span style=\"font-family: Book Antiqua, serif;\"><span style=\"font-size: large;\"><b>Z powodu jej kwiat\u00f3w, jakby dojrzewaj\u0105cego winogrona, serce me w niej si\u0119 rozradowa\u0142o, noga moja wst\u0105pi\u0142a na prost\u0105 drog\u0119, od m\u0142odo\u015bci mojej id\u0119 jej \u015bladami. Nak\u0142oni\u0142em tylko troch\u0119 ucha mego, a ju\u017c j\u0105 otrzyma\u0142em i znalaz\u0142em dla siebie rozleg\u0142\u0105 wiedz\u0119. <\/b><\/span><\/span><\/span><\/p>\n<p align=\"justify\"><span style=\"color: #000000;\"><span style=\"font-family: Book Antiqua, serif;\"><span style=\"font-size: large;\"><b>Post\u0105pi\u0142em w niej, a Temu, kt\u00f3ry da\u0142 mi m\u0105dro\u015b\u0107, chc\u0119 odda\u0107 cze\u015b\u0107. Postanowi\u0142em bowiem wprowadzi\u0107 j\u0105 w czyn, zap\u0142on\u0105\u0142em gorliwo\u015bci\u0105 o dobro i nie dozna\u0142em wstydu. <\/b><\/span><\/span><\/span><\/p>\n<p align=\"justify\"><span style=\"color: #000000;\"><span style=\"font-family: Book Antiqua, serif;\"><span style=\"font-size: large;\"><b>Dusza moja walczy\u0142a o ni\u0105 i z ca\u0142\u0105 staranno\u015bci\u0105 usi\u0142owa\u0142em zachowa\u0107 Prawo. R\u0119ce wyci\u0105ga\u0142em w g\u00f3r\u0119, a b\u0142\u0119dy przeciwko niej op\u0142akiwa\u0142em. <\/b><\/span><\/span><\/span><\/p>\n<p align=\"justify\"><span style=\"color: #000000;\"><span style=\"font-family: Book Antiqua, serif;\"><span style=\"font-size: large;\"><b>Skierowa\u0142em ku niej moj\u0105 dusz\u0119 i znalaz\u0142em j\u0105 dzi\u0119ki czysto\u015bci. Z ni\u0105 od pocz\u0105tku zyska\u0142em rozum, dlatego nie b\u0119d\u0119 opuszczony.<\/b><\/span><\/span><\/span><\/p>\n<p align=\"justify\">\n<p align=\"justify\">\n<p align=\"justify\">\n<p align=\"justify\">\n<p align=\"justify\">\n<p align=\"center\"><span style=\"color: #000000;\"><span style=\"font-family: Book Antiqua, serif;\"><span style=\"font-size: large;\"><b>ALBO:<\/b><\/span><\/span><\/span><\/p>\n<p align=\"center\">\n<p align=\"center\">\n<p align=\"center\">\n<p align=\"center\">\n<p align=\"center\">\n<p align=\"justify\"><span style=\"color: #000000;\"><span style=\"font-family: Book Antiqua, serif;\"><span style=\"font-size: large;\"><b>CZYTANIE Z LISTU \u015aWI\u0118TEGO PAW\u0141A APOSTO\u0141A DO FILIPIAN:<\/b><\/span><\/span><\/span><\/p>\n<p align=\"justify\"><span style=\"color: #000000;\"><span style=\"font-family: Book Antiqua, serif;\"><span style=\"font-size: large;\"><b>Bracia: wszystko uznaj\u0119 za strat\u0119 ze wzgl\u0119du na najwy\u017csz\u0105 warto\u015b\u0107 poznania Chrystusa Jezusa, Pana mojego. <\/b><\/span><\/span><\/span><\/p>\n<p align=\"justify\"><span style=\"color: #000000;\"><span style=\"font-family: Book Antiqua, serif;\"><span style=\"font-size: large;\"><b>Dla Niego wyzu\u0142em si\u0119 ze wszystkiego i uznaj\u0119 to za \u015bmieci, bylebym pozyska\u0142 Chrystusa i znalaz\u0142 si\u0119 w Nim, nie maj\u0105c mojej sprawiedliwo\u015bci, pochodz\u0105cej z Prawa, lecz Bo\u017c\u0105 sprawiedliwo\u015b\u0107, otrzyman\u0105 przez wiar\u0119 w Chrystusa, sprawiedliwo\u015b\u0107 pochodz\u0105c\u0105 od Boga, opart\u0105 na wierze, przez poznanie Jego: zar\u00f3wno mocy Jego zmartwychwstania, jak i udzia\u0142u w Jego cierpieniach, w nadziei, \u017ce upodabniaj\u0105c si\u0119 do Jego \u015bmierci, dojd\u0119 jako\u015b do pe\u0142nego powstania z martwych. <\/b><\/span><\/span><\/span><\/p>\n<p align=\"justify\"><span style=\"color: #000000;\"><span style=\"font-family: Book Antiqua, serif;\"><span style=\"font-size: large;\"><b>Nie m\u00f3wi\u0119, \u017ce ju\u017c to osi\u0105gn\u0105\u0142em i ju\u017c si\u0119 sta\u0142em doskona\u0142ym, lecz p\u0119dz\u0119, abym te\u017c to zdoby\u0142, bo i sam zosta\u0142em zdobyty przez Chrystusa Jezusa.<\/b><\/span><\/span><\/span><\/p>\n<p align=\"justify\"><span style=\"color: #000000;\"><span style=\"font-family: Book Antiqua, serif;\"><span style=\"font-size: large;\"><b>Bracia, ja nie s\u0105dz\u0119 o sobie samym, \u017ce ju\u017c zdoby\u0142em, ale to jedno czyni\u0119: zapominaj\u0105c o tym, co za mn\u0105, a wyt\u0119\u017caj\u0105c si\u0142y ku temu, co przede mn\u0105, p\u0119dz\u0119 ku wyznaczonej mecie, ku nagrodzie, do jakiej B\u00f3g wzywa w g\u00f3r\u0119 w Chrystusie Jezusie.<\/b><\/span><\/span><\/span><\/p>\n<p align=\"justify\">\n<p align=\"justify\">\n<p align=\"justify\">\n<p align=\"justify\">\n<p align=\"justify\">\n<p align=\"justify\"><span style=\"color: #000000;\"><span style=\"font-family: Book Antiqua, serif;\"><span style=\"font-size: large;\"><b>S\u0141OWA EWANGELII WED\u0141UG \u015aWI\u0118TEGO JANA: <\/b><\/span><\/span><\/span><\/p>\n<p align=\"justify\"><span style=\"color: #000000;\"><span style=\"font-family: Book Antiqua, serif;\"><span style=\"font-size: large;\"><b>Jezus powiedzia\u0142 do swoich uczni\u00f3w: \u201eJak Mnie umi\u0142owa\u0142 Ojciec, tak i Ja was umi\u0142owa\u0142em. Trwajcie w mi\u0142o\u015bci mojej. Je\u015bli b\u0119dziecie zachowywa\u0107 moje przykazania, b\u0119dziecie trwa\u0107 w mi\u0142o\u015bci mojej, tak jak Ja zachowa\u0142em przykazania Ojca mego i trwam w Jego mi\u0142o\u015bci. To wam powiedzia\u0142em, aby rado\u015b\u0107 moja w was by\u0142a i aby rado\u015b\u0107 wasza by\u0142a pe\u0142na. <\/b><\/span><\/span><\/span><\/p>\n<p align=\"justify\"><span style=\"color: #000000;\"><span style=\"font-family: Book Antiqua, serif;\"><span style=\"font-size: large;\"><b>To jest moje przykazanie, aby\u015bcie si\u0119 wzajemnie mi\u0142owali, tak jak Ja was umi\u0142owa\u0142em. Nikt nie ma wi\u0119kszej mi\u0142o\u015bci od tej, gdy kto\u015b \u017cycie swoje oddaje za przyjaci\u00f3\u0142 swoich. Wy jeste\u015bcie przyjaci\u00f3\u0142mi moimi, je\u017celi czynicie to, co wam przykazuj\u0119. <\/b><\/span><\/span><\/span><\/p>\n<p align=\"justify\"><span style=\"color: #000000;\"><span style=\"font-family: Book Antiqua, serif;\"><span style=\"font-size: large;\"><b>Ju\u017c was nie nazywam s\u0142ugami, bo s\u0142uga nie wie, co czyni pan jego, ale nazwa\u0142em was przyjaci\u00f3\u0142mi, albowiem oznajmi\u0142em wam wszystko, co us\u0142ysza\u0142em od Ojca mego. Nie wy\u015bcie Mnie wybrali, ale Ja was wybra\u0142em i przeznaczy\u0142em was na to, aby\u015bcie szli i owoc przynosili i by owoc wasz trwa\u0142, aby wszystko da\u0142 wam Ojciec, o cokolwiek Go poprosicie w imi\u0119 moje. To wam przykazuj\u0119, aby\u015bcie si\u0119 wzajemnie mi\u0142owali\u201d.<\/b><\/span><\/span><\/span><\/p>\n<p align=\"justify\">\n<p align=\"justify\">\n<p align=\"justify\">\n<p align=\"justify\">\n<p align=\"justify\">\n<p align=\"justify\"><span style=\"color: #000000;\"><span style=\"font-family: Book Antiqua, serif;\"><span style=\"font-size: large;\">Patron dnia dzisiejszego, <b>\u015awi\u0119ty Kazimierz, <\/b>urodzi\u0142 si\u0119<b> 3 pa\u017adziernika 1458 roku, w Krakowie, na Wawelu.<\/b> By\u0142 drugim spo\u015br\u00f3d sze\u015bciu syn\u00f3w kr\u00f3la Polski, Kazimierza Jagiello\u0144czyka. Jego matk\u0105 by\u0142a c\u00f3rka cesarza Niemiec, El\u017cbieta, pod opiek\u0105 kt\u00f3rej Kazimierz pozostawa\u0142 do dziewi\u0105tego roku \u017cycia. W 1467 roku kr\u00f3l powo\u0142a\u0142 <b>na pierwszego wychowawc\u0119 i nauczyciela swoich syn\u00f3w ksi\u0119dza Jana D\u0142ugosza,<\/b> kanonika krakowskiego, kt\u00f3ry a\u017c do XIX wieku uznawany by\u0142 za najwybitniejszego historyka Polski. I to w\u0142a\u015bnie D\u0142ugosz napisa\u0142 o Kazimierzu: <b>\u201eBy\u0142 m\u0142odzie\u0144cem szlachetnym, rzadkich zdolno\u015bci i godnego pami\u0119ci rozumu\u201d.<\/b> <\/span><\/span><\/span><\/p>\n<p align=\"justify\"><span style=\"color: #000000;\"><span style=\"font-family: Book Antiqua, serif;\"><span style=\"font-size: large;\">W 1471 roku brat Kazimierza, W\u0142adys\u0142aw, zosta\u0142 koronowany na kr\u00f3la czeskiego. W tym samym czasie na W\u0119grzech wybuch\u0142 bunt przeciwko kr\u00f3lowi. <b>Na tron zaproszono Kazimierza.<\/b> Jego ojciec ch\u0119tnie przysta\u0142 na t\u0119 propozycj\u0119. Kazimierz wyruszy\u0142 zatem wraz z dwunastoma tysi\u0105cami wojska, by poprze\u0107 zbuntowanych magnat\u00f3w. <b>Ci jednak ostatecznie wycofali swe poparcie i Kazimierz wr\u00f3ci\u0142 do Polski bez korony w\u0119gierskiej.<\/b> Ten zaw\u00f3d da\u0142 mu wiele do my\u015blenia. <\/span><\/span><\/span><\/p>\n<p align=\"justify\"><span style=\"color: #000000;\"><span style=\"font-family: Book Antiqua, serif;\"><span style=\"font-size: large;\">Po powrocie do kraju, kr\u00f3lewicz nie przesta\u0142 interesowa\u0107 si\u0119 sprawami publicznymi. Wr\u0119cz przeciwnie \u2013 zosta\u0142 \u201epraw\u0105 r\u0119k\u0105\u201d ojca, kt\u00f3ry upatrywa\u0142 w nim swego nast\u0119pc\u0119 <b>i wci\u0105ga\u0142 go powoli do wsp\u00f3\u0142rz\u0105dzenia.<\/b> Podczas dwuletniego pobytu ojca na Litwie, <b>Kazimierz \u2013 jako namiestnik \u2013 rz\u0105dzi\u0142 w Koronie.<\/b> Obowi\u0105zki pa\u0144stwowe umia\u0142 pogodzi\u0107 z bogatym \u017cyciem duchowym. <\/span><\/span><\/span><\/p>\n<p align=\"justify\"><span style=\"color: #000000;\"><span style=\"font-family: Book Antiqua, serif;\"><span style=\"font-size: large;\">Wezwany przez ojca w 1483 roku do Wilna, <b>umar\u0142 w drodze z powodu trapi\u0105cej go gru\u017alicy. <\/b>Na wie\u015b\u0107 o pogorszeniu si\u0119 zdrowia Kazimierza, kr\u00f3l przyby\u0142 do Grodna. W\u0142a\u015bnie tam \u2013 jak zapisa\u0142 Ksi\u0105dz Piotr Skarga \u2013 <b>\u201eopowiedziawszy dzie\u0144 \u015bmierci swej tym, kt\u00f3rzy mu w niemocy s\u0142u\u017cyli [\u2026], ducha Panu Bogu poleciwszy, odszed\u0142 4 dnia marca Roku Pa\u0144skiego 1484, lat maj\u0105c dwadzie\u015bcia sze\u015b\u0107\u201d.<\/b> Pochowano go w katedrze wile\u0144skiej, w kaplicy Naj\u015bwi\u0119tszej Maryi Panny, kt\u00f3ra od tej pory sta\u0142a si\u0119 miejscem pielgrzymek.<\/span><\/span><\/span><\/p>\n<p align=\"justify\"><span style=\"color: #000000;\"><span style=\"font-family: Book Antiqua, serif;\"><span style=\"font-size: large;\">\u017byj\u0105cy wsp\u00f3\u0142cze\u015bnie z nim Autor tak opisa\u0142 duchow\u0105 sylwetk\u0119 \u015awi\u0119tego: \u201eNiewypowiedziana i najszczersza <b>mi\u0142o\u015b\u0107 ku Wszechmog\u0105cemu Bogu w Duchu \u015awi\u0119tym<\/b> tak bardzo ogarnia\u0142a serce Kazimierza, tak obfitowa\u0142a i wylewa\u0142a si\u0119 na zewn\u0105trz z g\u0142\u0119bi serca ku bli\u017anim, i\u017c nic nie by\u0142o dla\u0144 przyjemniejszym, nic bardziej upragnionym, jak wszystko swoje, <b>a tak\u017ce i siebie samego \u2013 odda\u0107 ubogim Chrystusa, podr\u00f3\u017cnym, chorym, wi\u0119\u017aniom i strapionym.<\/b> Dla wd\u00f3w, sierot i uci\u015bnionych by\u0142 nie tyle opiekunem i dobroczy\u0144c\u0105, ile ojcem, synem i bratem. <\/span><\/span><\/span><\/p>\n<p align=\"justify\"><span style=\"color: #000000;\"><span style=\"font-family: Book Antiqua, serif;\"><span style=\"font-size: large;\">Wiele zapewne nale\u017ca\u0142oby pisa\u0107, gdyby si\u0119 chcia\u0142o przedstawi\u0107 po kolei jego wszystkie dzie\u0142a gor\u0105cej wobec Boga i bli\u017aniego mi\u0142o\u015bci. Trudno wypowiedzie\u0107 albo wyobrazi\u0107 sobie, <b>jak bardzo przestrzega\u0142 sprawiedliwo\u015bci, ile okazywa\u0142 roztropno\u015bci, jak bardzo ja\u015bnia\u0142 odwag\u0105 i sta\u0142o\u015bci\u0105,<\/b> a wszystko w tym wieku, w kt\u00f3rym cz\u0142owiek zazwyczaj sk\u0142onny jest do z\u0142ego. Codziennie zaleca\u0142 ojcu przestrzeganie sprawiedliwo\u015bci w rz\u0105dach kr\u00f3lestwem i poszczeg\u00f3lnymi ludami. A je\u015bli czasem przez niedopatrzenie czy ludzk\u0105 u\u0142omno\u015b\u0107 zdarza\u0142y si\u0119 tutaj zaniedbania, <b>Kazimierz nie omieszka\u0142 nigdy wypomnie\u0107 tego z \u0142agodno\u015bci\u0105 i pokor\u0105.<\/b> <\/span><\/span><\/span><\/p>\n<p align=\"justify\"><span style=\"color: #000000;\"><span style=\"font-family: Book Antiqua, serif;\"><span style=\"font-size: large;\">Sprawy biednych i uci\u015bnionych bra\u0142 jak swoje w\u0142asne w obron\u0119, tote\u017c zosta\u0142 przez lud nazwany <b>obro\u0144c\u0105 biednych.<\/b> Nigdy te\u017c, chocia\u017c by\u0142 synem kr\u00f3lewskim i najpierwszego rodu, <b>nie okaza\u0142 si\u0119 przykrym w rozmowie i w spotkaniu z lud\u017ami prostymi i niskiego pochodzenia.<\/b> Pragn\u0105\u0142 raczej nale\u017ce\u0107 do \u0142agodnych i ubogich duchem, kt\u00f3rych jest Kr\u00f3lestwo niebieskie, ni\u017c do s\u0142awnych i pot\u0119\u017cnych na tym \u015bwiecie. <b>Nie pragn\u0105\u0142 ziemskich zaszczyt\u00f3w ani w\u0142adzy,<\/b> nie chcia\u0142 te\u017c nigdy przyj\u0105\u0107 ich od ojca, boj\u0105c si\u0119, aby kolce bogactw, kt\u00f3re Pan nasz Jezus Chrystus nazwa\u0142 cierniami, <b>nie zrani\u0142y ducha <\/b>ani nie spowodowa\u0142y zaka\u017cenia sprawami \u015bwiata. <\/span><\/span><\/span><\/p>\n<p align=\"justify\"><span style=\"color: #000000;\"><span style=\"font-family: Book Antiqua, serif;\"><span style=\"font-size: large;\">Wszyscy jego domownicy i zaufani, m\u0119\u017cowie czcigodni i szlachetni, kt\u00f3rzy znali go doskonale [\u2026] zgodnie po\u015bwiadczaj\u0105 i stwierdzaj\u0105, \u017ce <b>Kazimierz zachowa\u0142 dziewictwo przez ca\u0142e swe \u017cycie, a\u017c do ostatniego dnia.\u201d <\/b>Tyle ze \u015bwiadectwa, zapisanego przez Autora, wsp\u00f3\u0142czesnego Kazimierzowi. <\/span><\/span><\/span><\/p>\n<p align=\"justify\"><span style=\"color: #000000;\"><span style=\"font-family: Book Antiqua, serif;\"><span style=\"font-size: large;\">My za\u015b, s\u0142uchaj\u0105c Bo\u017cego s\u0142owa, przeznaczonego w liturgii dok\u0142adnie na dzisiejsze \u015awi\u0119to, zauwa\u017camy zar\u00f3wno we fragmencie z Ksi\u0119gi Syracydesa, jak i w tym z Listu Aposto\u0142a Narod\u00f3w do Filipian \u2013 pewn\u0105 dynamik\u0119, a dok\u0142adniej: <b>bycie w drodze.<\/b> <\/span><\/span><\/span><\/p>\n<p align=\"justify\"><span style=\"color: #000000;\"><span style=\"font-family: Book Antiqua, serif;\"><span style=\"font-size: large;\">Oto Syracydes m\u00f3wi: <i><b>B\u0119d\u0105c jeszcze m\u0142odym, zacz\u0105\u0142em podr\u00f3\u017cowa\u0107, szuka\u0142em jawnie m\u0105dro\u015bci w modlitwie. U bram \u015bwi\u0105tyni prosi\u0142em o ni\u0105 i a\u017c do ko\u0144ca szuka\u0107 jej b\u0119d\u0119. <\/b><\/i><i><b>Z powodu jej kwiat\u00f3w, jakby dojrzewaj\u0105cego winogrona, serce me w niej si\u0119 rozradowa\u0142o, noga moja wst\u0105pi\u0142a na prost\u0105 drog\u0119, od m\u0142odo\u015bci mojej id\u0119 jej \u015bladami.<\/b><\/i><b> <\/b><b>[\u2026] <\/b><i><b>Post\u0105pi\u0142em w niej,<\/b><\/i><b> <\/b><b>[\u2026].<\/b><i><b> Postanowi\u0142em bowiem wprowadzi\u0107 j\u0105 w czyn,<\/b><\/i><b> <\/b><b>[\u2026] <\/b><i><b>Dusza moja walczy\u0142a o ni\u0105 i z ca\u0142\u0105 staranno\u015bci\u0105 usi\u0142owa\u0142em zachowa\u0107 Prawo.<\/b><\/i><i> <\/i><\/span><\/span><\/span><\/p>\n<p align=\"justify\"><span style=\"color: #000000;\"><span style=\"font-family: Book Antiqua, serif;\"><span style=\"font-size: large;\">Czy widzimy t\u0119 wspomnian\u0105 dynamik\u0119, owo <b>bycie w drodze,<\/b> wytrwa\u0142e zmierzanie do wyznaczonego celu? <b>Wprowadzanie w czyn<\/b> zdobytej m\u0105dro\u015bci, <b>walka o ni\u0105 <\/b>\u2013 to tak\u017ce znaki tej dynamiki, o jakiej m\u00f3wi Autor natchniony, zaznaczaj\u0105c, \u017ce zacz\u0105\u0142 to wszystko czyni\u0107, <b>kiedy jeszcze by\u0142 m\u0142ody. <\/b><\/span><\/span><\/span><\/p>\n<p align=\"justify\"><span style=\"color: #000000;\"><span style=\"font-family: Book Antiqua, serif;\"><span style=\"font-size: large;\">Jako\u015b nam si\u0119 to \u0142atwo kojarzy z Patronem dnia dzisiejszego, kt\u00f3remu <b>nie dane by\u0142o wi\u0119cej czasu<\/b> na tej ziemi, jak tylko okres m\u0142odo\u015bci, jednak on tak doskonale go wykorzysta\u0142 i zyska\u0142 dla kr\u00f3lestwa Bo\u017cego du\u017co wi\u0119cej, ni\u017c niejeden zapewne zyska\u0142by przez osiemdziesi\u0105t lub sto lat \u017cycia! \u017bycie Kazimierza te\u017c by\u0142o <b>\u017cyciem w drodze <\/b>\u2013 nie tylko w duchowym, ale i w fizycznym rozumieniu tego s\u0142owa. Przecie\u017c nawet zako\u0144czy\u0142 ziemsk\u0105 pielgrzymk\u0119 <b>w trakcie podr\u00f3\u017cy\u2026<\/b><\/span><\/span><\/span><\/p>\n<p align=\"justify\"><span style=\"color: #000000;\"><span style=\"font-family: Book Antiqua, serif;\"><span style=\"font-size: large;\">W podobnym tonie utrzymane jest drugie czytanie, w kt\u00f3rym jednak to, co Syracydes nazwa\u0142 w swoim tek\u015bcie m\u0105dro\u015bci\u0105, \u015awi\u0119ty Pawe\u0142 okre\u015bla jako <i><b>najwy\u017csz\u0105 warto\u015b\u0107 poznania Chrystusa Jezusa, Pana mojego. <\/b><\/i>\u017beby j\u0105 osi\u0105gn\u0105\u0107, \u017ceby w og\u00f3le zbli\u017cy\u0107 si\u0119 do Chrystusa, Pawe\u0142 \u2013 jak sam zaznacza \u2013 \u00abwyzu\u0142 si\u0119 ze wszystkiego i uzna\u0142 to za \u015bmieci\u00bb, byle tylko <b>\u00ab<\/b><b>pozyska\u0107 Chrystusa<\/b><b>\u00bb<\/b><b>.<\/b> Tak okre\u015bli\u0142 cel swoich d\u0105\u017ce\u0144. A jak do jego osi\u0105gni\u0119cia d\u0105\u017cy\u0142? <\/span><\/span><\/span><\/p>\n<p align=\"justify\"><span style=\"color: #000000;\"><span style=\"font-family: Book Antiqua, serif;\"><span style=\"font-size: large;\">S\u0142yszymy jego w\u0142asne s\u0142owa: <i><b>Nie m\u00f3wi\u0119, \u017ce ju\u017c to osi\u0105gn\u0105\u0142em i ju\u017c si\u0119 sta\u0142em doskona\u0142ym, lecz p\u0119dz\u0119, abym te\u017c to zdoby\u0142, bo i sam zosta\u0142em zdobyty przez Chrystusa Jezusa. <\/b><\/i><i><b>Bracia, ja nie s\u0105dz\u0119 o sobie samym, \u017ce ju\u017c zdoby\u0142em, ale to jedno czyni\u0119: zapominaj\u0105c o tym, co za mn\u0105, a wyt\u0119\u017caj\u0105c si\u0142y ku temu, co przede mn\u0105, p\u0119dz\u0119 ku wyznaczonej mecie, ku nagrodzie, do jakiej B\u00f3g wzywa w g\u00f3r\u0119 w Chrystusie Jezusie. <\/b><\/i><\/span><\/span><\/span><\/p>\n<p align=\"justify\"><span style=\"color: #000000;\"><span style=\"font-family: Book Antiqua, serif;\"><span style=\"font-size: large;\">To, co u Syracydesa jest podr\u00f3\u017c\u0105, u Paw\u0142a jest <b>biegiem, p\u0119dem ku wyznaczonemu celowi. <\/b>Oczywi\u015bcie, m\u00f3wimy o zjawisku duchowym, wewn\u0119trznym, ale chyba nietrudno nam wyobrazi\u0107 sobie tego energicznego i pe\u0142nego werwy cz\u0142owieka, jakim by\u0142 Pawe\u0142, jak <b>dos\u0142ownie p\u0119dzi przed siebie,<\/b> przej\u0119ty celem, kt\u00f3ry chce osi\u0105gn\u0105\u0107.<\/span><\/span><\/span><\/p>\n<p align=\"justify\"><span style=\"color: #000000;\"><span style=\"font-family: Book Antiqua, serif;\"><span style=\"font-size: large;\">I na tym tle s\u0142owa Jezusa z Ewangelii mog\u0105 nasuwa\u0107 skojarzenie <b>z niejak\u0105 stagnacj\u0105. <\/b>Oto bowiem s\u0142yszymy: <i><b>Trwajcie w mi\u0142o\u015bci mojej.<\/b><\/i><b> <\/b>W obu wcze\u015bniejszych tekstach mowa o podr\u00f3\u017cowaniu, wr\u0119cz o biegu, o p\u0119dzie, a tu nagle \u2013 <i><b>trwajcie. <\/b><\/i>Czyli \u2013 osi\u0105gnijcie jaki\u015b stan, jaki\u015b pu\u0142ap i postarajcie si\u0119 go <b>zasadniczo nie straci\u0107,<\/b> nie obni\u017cy\u0107, utrzymuj\u0105c owo <b>swoiste status quo. <\/b>Czy tak?<\/span><\/span><\/span><\/p>\n<p align=\"justify\"><span style=\"color: #000000;\"><span style=\"font-family: Book Antiqua, serif;\"><span style=\"font-size: large;\">Nie! W dalszej bowiem cz\u0119\u015bci Jezusowego pouczenia s\u0142yszymy: <i><b>Ju\u017c was nie nazywam s\u0142ugami, bo s\u0142uga nie wie, co czyni pan jego, ale nazwa\u0142em was przyjaci\u00f3\u0142mi, albowiem oznajmi\u0142em wam wszystko, co us\u0142ysza\u0142em od Ojca mego. Nie wy\u015bcie Mnie wybrali, ale Ja was wybra\u0142em i przeznaczy\u0142em was na to, aby\u015bcie szli i owoc przynosili i by owoc wasz trwa\u0142, aby wszystko da\u0142 wam Ojciec, o cokolwiek Go poprosicie w imi\u0119 moje.<\/b><\/i><b> <\/b>Ot\u00f3\u017c, w\u0142a\u015bnie! <i><b>Aby\u015bcie szli i owoc przynosili\u2026<\/b><\/i> <\/span><\/span><\/span><\/p>\n<p align=\"justify\"><span style=\"color: #000000;\"><span style=\"font-family: Book Antiqua, serif;\"><span style=\"font-size: large;\">Moi Drodzy, trwanie w Jezusie jest ze swej natury <b>jak najbardziej dynamiczne. <\/b>Bo ono nie zak\u0142ada jakiego\u015b \u00abprzeczekania\u00bb danego nam czasu, jakiej\u015b bezczynno\u015bci, apatii lub lenistwa, ale w\u0142a\u015bnie <b>tw\u00f3rcze dzia\u0142anie, we wsp\u00f3\u0142pracy z \u0142ask\u0105 Bo\u017c\u0105. <\/b>Trwanie w mi\u0142o\u015bci Jezusa \u2013 <b>to bycie w drodze,<\/b> to codzienne poszukiwanie sposob\u00f3w i mo\u017cliwo\u015bci okazywania swojej mi\u0142o\u015bci Jezusowi i drugiemu cz\u0142owiekowi.<\/span><\/span><\/span><\/p>\n<p align=\"justify\"><span style=\"color: #000000;\"><span style=\"font-family: Book Antiqua, serif;\"><span style=\"font-size: large;\"><b>Jeste\u015bmy zatem lud\u017ami drogi!<\/b> Tak, jak \u015awi\u0119ty Kazimierz. Ka\u017cdy <b>dzie\u0144<\/b> naszego \u017cycia, a nawet ka\u017cda <b>godzina, <\/b>a nawet ka\u017cda <b>minuta<\/b> \u2013 ka\u017cda nasza decyzja, nasz <b>wyb\u00f3r; <\/b>ka\u017cde nasze <b>s\u0142owo, <\/b>ka\u017cda <b>my\u015bl<\/b> \u2013 jest krokiem <b>albo ku Jezusowi, <\/b>albo w kierunku dok\u0142adnie przeciwnym. <\/span><\/span><\/span><\/p>\n<p align=\"justify\"><span style=\"color: #000000;\"><span style=\"font-family: Book Antiqua, serif;\"><span style=\"font-size: large;\">Wielki Post jest wi\u0119c dla ka\u017cdej i ka\u017cdego z nas doskona\u0142\u0105 okazj\u0105 do zastanowienia si\u0119 i <b>uczciwego stwierdzenia, w kt\u00f3r\u0105 stron\u0119 id\u0119 \u2013 a mo\u017ce biegn\u0119? <\/b>Do Jezusa, czy w kierunku przeciwnym? A mo\u017ce zasadniczo do Jezusa, tylko co i raz noga \u2013 by tak rzec \u2013 <b>obsuwa si\u0119 <\/b>na jakie\u015b bezdro\u017ca?\u2026 <\/span><\/span><\/span><\/p>\n<p align=\"justify\"><span style=\"color: #000000;\"><span style=\"font-family: Book Antiqua, serif;\"><span style=\"font-size: large;\">Mo\u017ce wi\u0119c trzeba troch\u0119 zwolni\u0107 w tym swoim codziennym biegu, aby <b>dok\u0142adnie okre\u015bli\u0107<\/b> \u2013 i w razie potrzeby <b>skorygowa\u0107<\/b> \u2013 jego <b>kierunek i cel?\u2026<\/b><\/span><\/span><\/span><\/p>\n","protected":false},"excerpt":{"rendered":"<p>Szcz\u0119\u015b\u0107 Bo\u017ce! Moi Drodzy, w dniu dzisiejszym imieniny prze\u017cywa Ksi\u0105dz Biskup Kazimierz Gurda, Pasterz Diecezji siedleckiej. \u017bycz\u0119 Ksi\u0119dzu Biskupowi nieustannego zapa\u0142u apostolskiego i wielkiego ducha! Tak\u017ce zdrowia i si\u0142 fizycznych. Zapewniam o modlitwie! Imieniny prze\u017cywa tak\u017ce dzisiaj Ksi\u0105dz Pra\u0142at Kazimierz Sta\u0144czuk, emerytowany Proboszcz i Dziekan w \u017belechowie. Urodziny za\u015b prze\u017cywa Anna K\u0119pa, nale\u017c\u0105ca w swoim [&hellip;]<\/p>\n","protected":false},"author":1,"featured_media":0,"comment_status":"open","ping_status":"open","sticky":false,"template":"","format":"standard","meta":{"jetpack_post_was_ever_published":false,"_jetpack_newsletter_access":"","_jetpack_dont_email_post_to_subs":false,"_jetpack_newsletter_tier_id":0,"_jetpack_memberships_contains_paywalled_content":false,"_jetpack_memberships_contains_paid_content":false,"footnotes":""},"categories":[1],"tags":[],"class_list":["post-18601","post","type-post","status-publish","format-standard","hentry","category-bez-kategorii"],"yoast_head":"<!-- This site is optimized with the Yoast SEO plugin v25.1 - https:\/\/yoast.com\/wordpress\/plugins\/seo\/ -->\n<title>Ci\u0105gle w drodze... - Gaudium Et Spes<\/title>\n<meta name=\"robots\" content=\"index, follow, max-snippet:-1, max-image-preview:large, max-video-preview:-1\" \/>\n<link rel=\"canonical\" href=\"https:\/\/gaudiumetspes-blog.pl\/index.php\/2021\/03\/04\/ciagle-w-drodze\/\" \/>\n<meta property=\"og:locale\" content=\"pl_PL\" \/>\n<meta property=\"og:type\" content=\"article\" \/>\n<meta property=\"og:title\" content=\"Ci\u0105gle w drodze... - Gaudium Et Spes\" \/>\n<meta property=\"og:description\" content=\"Szcz\u0119\u015b\u0107 Bo\u017ce! Moi Drodzy, w dniu dzisiejszym imieniny prze\u017cywa Ksi\u0105dz Biskup Kazimierz Gurda, Pasterz Diecezji siedleckiej. \u017bycz\u0119 Ksi\u0119dzu Biskupowi nieustannego zapa\u0142u apostolskiego i wielkiego ducha! Tak\u017ce zdrowia i si\u0142 fizycznych. Zapewniam o modlitwie! Imieniny prze\u017cywa tak\u017ce dzisiaj Ksi\u0105dz Pra\u0142at Kazimierz Sta\u0144czuk, emerytowany Proboszcz i Dziekan w \u017belechowie. Urodziny za\u015b prze\u017cywa Anna K\u0119pa, nale\u017c\u0105ca w swoim [&hellip;]\" \/>\n<meta property=\"og:url\" content=\"https:\/\/gaudiumetspes-blog.pl\/index.php\/2021\/03\/04\/ciagle-w-drodze\/\" \/>\n<meta property=\"og:site_name\" content=\"Gaudium Et Spes\" \/>\n<meta property=\"article:published_time\" content=\"2021-03-04T06:18:09+00:00\" \/>\n<meta name=\"author\" content=\"Ks. Jacek\" \/>\n<meta name=\"twitter:card\" content=\"summary_large_image\" \/>\n<meta name=\"twitter:label1\" content=\"Napisane przez\" \/>\n\t<meta name=\"twitter:data1\" content=\"Ks. Jacek\" \/>\n\t<meta name=\"twitter:label2\" content=\"Szacowany czas czytania\" \/>\n\t<meta name=\"twitter:data2\" content=\"13 minut\" \/>\n<script type=\"application\/ld+json\" class=\"yoast-schema-graph\">{\"@context\":\"https:\/\/schema.org\",\"@graph\":[{\"@type\":\"WebPage\",\"@id\":\"https:\/\/gaudiumetspes-blog.pl\/index.php\/2021\/03\/04\/ciagle-w-drodze\/\",\"url\":\"https:\/\/gaudiumetspes-blog.pl\/index.php\/2021\/03\/04\/ciagle-w-drodze\/\",\"name\":\"Ci\u0105gle w drodze... - Gaudium Et Spes\",\"isPartOf\":{\"@id\":\"https:\/\/gaudiumetspes-blog.pl\/#website\"},\"datePublished\":\"2021-03-04T06:18:09+00:00\",\"author\":{\"@id\":\"https:\/\/gaudiumetspes-blog.pl\/#\/schema\/person\/1661982992b752dea8dff0d4ed845a65\"},\"breadcrumb\":{\"@id\":\"https:\/\/gaudiumetspes-blog.pl\/index.php\/2021\/03\/04\/ciagle-w-drodze\/#breadcrumb\"},\"inLanguage\":\"pl-PL\",\"potentialAction\":[{\"@type\":\"ReadAction\",\"target\":[\"https:\/\/gaudiumetspes-blog.pl\/index.php\/2021\/03\/04\/ciagle-w-drodze\/\"]}]},{\"@type\":\"BreadcrumbList\",\"@id\":\"https:\/\/gaudiumetspes-blog.pl\/index.php\/2021\/03\/04\/ciagle-w-drodze\/#breadcrumb\",\"itemListElement\":[{\"@type\":\"ListItem\",\"position\":1,\"name\":\"Strona g\u0142\u00f3wna\",\"item\":\"https:\/\/gaudiumetspes-blog.pl\/\"},{\"@type\":\"ListItem\",\"position\":2,\"name\":\"Ci\u0105gle w&nbsp;drodze&#8230;\"}]},{\"@type\":\"WebSite\",\"@id\":\"https:\/\/gaudiumetspes-blog.pl\/#website\",\"url\":\"https:\/\/gaudiumetspes-blog.pl\/\",\"name\":\"Gaudium Et Spes\",\"description\":\"Blog Ks. Jacka Ja\u015bkowskiego\",\"potentialAction\":[{\"@type\":\"SearchAction\",\"target\":{\"@type\":\"EntryPoint\",\"urlTemplate\":\"https:\/\/gaudiumetspes-blog.pl\/?s={search_term_string}\"},\"query-input\":{\"@type\":\"PropertyValueSpecification\",\"valueRequired\":true,\"valueName\":\"search_term_string\"}}],\"inLanguage\":\"pl-PL\"},{\"@type\":\"Person\",\"@id\":\"https:\/\/gaudiumetspes-blog.pl\/#\/schema\/person\/1661982992b752dea8dff0d4ed845a65\",\"name\":\"Ks. Jacek\",\"image\":{\"@type\":\"ImageObject\",\"inLanguage\":\"pl-PL\",\"@id\":\"https:\/\/gaudiumetspes-blog.pl\/#\/schema\/person\/image\/\",\"url\":\"https:\/\/gaudiumetspes-blog.pl\/wp-content\/uploads\/2019\/07\/avatar-JJ-150x150.jpg\",\"contentUrl\":\"https:\/\/gaudiumetspes-blog.pl\/wp-content\/uploads\/2019\/07\/avatar-JJ-150x150.jpg\",\"caption\":\"Ks. Jacek\"},\"description\":\"Witam serdecznie! K\u0142ania si\u0119 Ks. Jacek Ja\u015bkowski. Nie jestem ani kim\u015b wa\u017cnym, ani kim\u015b znanym. Jestem ksi\u0119dzem, kt\u00f3ry po prostu chce rozmawia\u0107. Codzienna kap\u0142a\u0144ska pos\u0142uga pokazuje mi, \u017ce temat\u00f3w do rozm\u00f3w z ksi\u0119dzem jest coraz wi\u0119cej i dzisiaj \u017caden ksi\u0105dz nie mo\u017ce od nich ucieka\u0107, ale - wprost przeciwnie - podejmowa\u0107 nowe wyzwania. To przekonanie sk\u0142oni\u0142o mnie do pr\u00f3by otwarcia tego\u017c bloga, chocia\u017c okazji do rozm\u00f3w na co dzie\u0144 - w konfesjonale i poza nim - na szcz\u0119\u015bcie nie brakuje. My\u015bl\u0119 jednak, \u017ce ten blog b\u0119dzie jeszcze jednym sposobem i przestrzeni\u0105 nawi\u0105zania kontaktu z lud\u017ami dobrej woli, otwartymi na dialog.\",\"url\":\"https:\/\/gaudiumetspes-blog.pl\/index.php\/author\/ks-jacek\/\"}]}<\/script>\n<!-- \/ Yoast SEO plugin. -->","yoast_head_json":{"title":"Ci\u0105gle w drodze... - Gaudium Et Spes","robots":{"index":"index","follow":"follow","max-snippet":"max-snippet:-1","max-image-preview":"max-image-preview:large","max-video-preview":"max-video-preview:-1"},"canonical":"https:\/\/gaudiumetspes-blog.pl\/index.php\/2021\/03\/04\/ciagle-w-drodze\/","og_locale":"pl_PL","og_type":"article","og_title":"Ci\u0105gle w drodze... - Gaudium Et Spes","og_description":"Szcz\u0119\u015b\u0107 Bo\u017ce! Moi Drodzy, w dniu dzisiejszym imieniny prze\u017cywa Ksi\u0105dz Biskup Kazimierz Gurda, Pasterz Diecezji siedleckiej. \u017bycz\u0119 Ksi\u0119dzu Biskupowi nieustannego zapa\u0142u apostolskiego i wielkiego ducha! Tak\u017ce zdrowia i si\u0142 fizycznych. Zapewniam o modlitwie! Imieniny prze\u017cywa tak\u017ce dzisiaj Ksi\u0105dz Pra\u0142at Kazimierz Sta\u0144czuk, emerytowany Proboszcz i Dziekan w \u017belechowie. Urodziny za\u015b prze\u017cywa Anna K\u0119pa, nale\u017c\u0105ca w swoim [&hellip;]","og_url":"https:\/\/gaudiumetspes-blog.pl\/index.php\/2021\/03\/04\/ciagle-w-drodze\/","og_site_name":"Gaudium Et Spes","article_published_time":"2021-03-04T06:18:09+00:00","author":"Ks. Jacek","twitter_card":"summary_large_image","twitter_misc":{"Napisane przez":"Ks. Jacek","Szacowany czas czytania":"13 minut"},"schema":{"@context":"https:\/\/schema.org","@graph":[{"@type":"WebPage","@id":"https:\/\/gaudiumetspes-blog.pl\/index.php\/2021\/03\/04\/ciagle-w-drodze\/","url":"https:\/\/gaudiumetspes-blog.pl\/index.php\/2021\/03\/04\/ciagle-w-drodze\/","name":"Ci\u0105gle w drodze... - Gaudium Et Spes","isPartOf":{"@id":"https:\/\/gaudiumetspes-blog.pl\/#website"},"datePublished":"2021-03-04T06:18:09+00:00","author":{"@id":"https:\/\/gaudiumetspes-blog.pl\/#\/schema\/person\/1661982992b752dea8dff0d4ed845a65"},"breadcrumb":{"@id":"https:\/\/gaudiumetspes-blog.pl\/index.php\/2021\/03\/04\/ciagle-w-drodze\/#breadcrumb"},"inLanguage":"pl-PL","potentialAction":[{"@type":"ReadAction","target":["https:\/\/gaudiumetspes-blog.pl\/index.php\/2021\/03\/04\/ciagle-w-drodze\/"]}]},{"@type":"BreadcrumbList","@id":"https:\/\/gaudiumetspes-blog.pl\/index.php\/2021\/03\/04\/ciagle-w-drodze\/#breadcrumb","itemListElement":[{"@type":"ListItem","position":1,"name":"Strona g\u0142\u00f3wna","item":"https:\/\/gaudiumetspes-blog.pl\/"},{"@type":"ListItem","position":2,"name":"Ci\u0105gle w&nbsp;drodze&#8230;"}]},{"@type":"WebSite","@id":"https:\/\/gaudiumetspes-blog.pl\/#website","url":"https:\/\/gaudiumetspes-blog.pl\/","name":"Gaudium Et Spes","description":"Blog Ks. Jacka Ja\u015bkowskiego","potentialAction":[{"@type":"SearchAction","target":{"@type":"EntryPoint","urlTemplate":"https:\/\/gaudiumetspes-blog.pl\/?s={search_term_string}"},"query-input":{"@type":"PropertyValueSpecification","valueRequired":true,"valueName":"search_term_string"}}],"inLanguage":"pl-PL"},{"@type":"Person","@id":"https:\/\/gaudiumetspes-blog.pl\/#\/schema\/person\/1661982992b752dea8dff0d4ed845a65","name":"Ks. Jacek","image":{"@type":"ImageObject","inLanguage":"pl-PL","@id":"https:\/\/gaudiumetspes-blog.pl\/#\/schema\/person\/image\/","url":"https:\/\/gaudiumetspes-blog.pl\/wp-content\/uploads\/2019\/07\/avatar-JJ-150x150.jpg","contentUrl":"https:\/\/gaudiumetspes-blog.pl\/wp-content\/uploads\/2019\/07\/avatar-JJ-150x150.jpg","caption":"Ks. Jacek"},"description":"Witam serdecznie! K\u0142ania si\u0119 Ks. Jacek Ja\u015bkowski. Nie jestem ani kim\u015b wa\u017cnym, ani kim\u015b znanym. Jestem ksi\u0119dzem, kt\u00f3ry po prostu chce rozmawia\u0107. Codzienna kap\u0142a\u0144ska pos\u0142uga pokazuje mi, \u017ce temat\u00f3w do rozm\u00f3w z ksi\u0119dzem jest coraz wi\u0119cej i dzisiaj \u017caden ksi\u0105dz nie mo\u017ce od nich ucieka\u0107, ale - wprost przeciwnie - podejmowa\u0107 nowe wyzwania. To przekonanie sk\u0142oni\u0142o mnie do pr\u00f3by otwarcia tego\u017c bloga, chocia\u017c okazji do rozm\u00f3w na co dzie\u0144 - w konfesjonale i poza nim - na szcz\u0119\u015bcie nie brakuje. My\u015bl\u0119 jednak, \u017ce ten blog b\u0119dzie jeszcze jednym sposobem i przestrzeni\u0105 nawi\u0105zania kontaktu z lud\u017ami dobrej woli, otwartymi na dialog.","url":"https:\/\/gaudiumetspes-blog.pl\/index.php\/author\/ks-jacek\/"}]}},"jetpack_featured_media_url":"","jetpack_sharing_enabled":true,"_links":{"self":[{"href":"https:\/\/gaudiumetspes-blog.pl\/index.php\/wp-json\/wp\/v2\/posts\/18601","targetHints":{"allow":["GET"]}}],"collection":[{"href":"https:\/\/gaudiumetspes-blog.pl\/index.php\/wp-json\/wp\/v2\/posts"}],"about":[{"href":"https:\/\/gaudiumetspes-blog.pl\/index.php\/wp-json\/wp\/v2\/types\/post"}],"author":[{"embeddable":true,"href":"https:\/\/gaudiumetspes-blog.pl\/index.php\/wp-json\/wp\/v2\/users\/1"}],"replies":[{"embeddable":true,"href":"https:\/\/gaudiumetspes-blog.pl\/index.php\/wp-json\/wp\/v2\/comments?post=18601"}],"version-history":[{"count":1,"href":"https:\/\/gaudiumetspes-blog.pl\/index.php\/wp-json\/wp\/v2\/posts\/18601\/revisions"}],"predecessor-version":[{"id":18602,"href":"https:\/\/gaudiumetspes-blog.pl\/index.php\/wp-json\/wp\/v2\/posts\/18601\/revisions\/18602"}],"wp:attachment":[{"href":"https:\/\/gaudiumetspes-blog.pl\/index.php\/wp-json\/wp\/v2\/media?parent=18601"}],"wp:term":[{"taxonomy":"category","embeddable":true,"href":"https:\/\/gaudiumetspes-blog.pl\/index.php\/wp-json\/wp\/v2\/categories?post=18601"},{"taxonomy":"post_tag","embeddable":true,"href":"https:\/\/gaudiumetspes-blog.pl\/index.php\/wp-json\/wp\/v2\/tags?post=18601"}],"curies":[{"name":"wp","href":"https:\/\/api.w.org\/{rel}","templated":true}]}}