{"id":18628,"date":"2021-03-07T05:18:30","date_gmt":"2021-03-07T04:18:30","guid":{"rendered":"https:\/\/gaudiumetspes-blog.pl\/?p=18628"},"modified":"2021-03-07T05:18:30","modified_gmt":"2021-03-07T04:18:30","slug":"dziesiec-mocnych-lamp","status":"publish","type":"post","link":"https:\/\/gaudiumetspes-blog.pl\/index.php\/2021\/03\/07\/dziesiec-mocnych-lamp\/","title":{"rendered":"Dziesi\u0119\u0107 mocnych lamp&#8230;"},"content":{"rendered":"<p align=\"justify\"><span style=\"color: #000000;\"><span style=\"font-family: Book Antiqua, serif;\"><span style=\"font-size: large;\">Niech b\u0119dzie pochwalony Jezus Chrystus! Moi Drodzy, w dniu dzisiejszym <b>imieniny prze\u017cywa Ksi\u0105dz Tomasz Radczuk, Kolega z roku \u015bwi\u0119ce\u0144, kt\u00f3rego pi\u0119\u0107dziesi\u0105te urodziny \u015bwi\u0119towali\u015bmy niedawno. W czwartek spotkali\u015bmy si\u0119 w Parafii, gdzie jest Proboszczem, na wsp\u00f3ln<\/b><b>\u0105 uroczysto\u015b\u0107. Mogli\u015bmy osobi\u015bcie <\/b><b>z\u0142o\u017cy\u0107 \u017cyczenia. Dzisiaj raz jeszcze przekazuj\u0119 zapewnienie o modlitwie \u2013 w intencji Solenizanta: o sta\u0142\u0105 gorliwo\u015b\u0107 w pos\u0142udze kap\u0142a\u0144skiej. Chocia\u017c i tak tej gorliwo\u015bci nie brakuje.<\/b><\/span><\/span><\/span><\/p>\n<p align=\"justify\"><span style=\"color: #000000;\"><span style=\"font-family: Book Antiqua, serif;\"><span style=\"font-size: large;\">I jeszcze jeden pow\u00f3d do rado\u015bci. Oto wczoraj, w Katedrze radomskiej, do pos\u0142ugi nadzwyczajnego szafarza Komunii \u015awi\u0119tej zosta\u0142o w\u0142\u0105czonych kilka Os\u00f3b, a w\u015br\u00f3d nich \u2013 \u0141ukasz Skrzek, pos\u0142uguj\u0105cy jako Lektor w Parafii w Ciepielowie, w kt\u00f3rej aktualnie pomagam. Zaraz tam zreszt\u0105 wyruszam. Wczoraj rano, w Kodniu, odprawi\u0142em Msz\u0119 \u015awi\u0119t\u0105 w Jego intencji, a dzisiaj \u2013 wraz z zapewnieniem o sta\u0142ej modlitwie \u2013 wr\u0119cz\u0119 Mu obrazek Matki Bo\u017cej Kode\u0144skiej. Aby Go prowadzi\u0142a i strzeg\u0142a.<\/span><\/span><\/span><\/p>\n<p align=\"justify\"><span style=\"color: #000000;\"><span style=\"font-family: Book Antiqua, serif;\"><span style=\"font-size: large;\">\u0141ukasz jest Cz\u0142owiekiem niezwykle pobo\u017cnym i oddanym swojej Parafii, dzielnie pomaga Ksi\u0119dzu Proboszczowi, zw\u0142aszcza w kontek\u015bcie problem\u00f3w zdrowotnych tego ostatniego. Od dzisiaj b\u0119dzie m\u00f3g\u0142 pomaga\u0107 jeszcze bardziej. Niech Pan sam udziela nowemu Szafarzowi wszelkich \u0142ask i rozpala w Jego sercu mi\u0142o\u015b\u0107 do Eucharystii.<\/span><\/span><\/span><\/p>\n<p align=\"justify\"><span style=\"color: #000000;\"><span style=\"font-family: Book Antiqua, serif;\"><span style=\"font-size: large;\">Moi Drodzy, wspierajmy gor\u0105c\u0105 modlitw\u0105 Papie\u017ca Franciszka w Jego trudnym pielgrzymowaniu do Iraku. Warto te\u017c \u015bledzi\u0107 kolejne etapy tej Pielgrzymki, transmitowane przez Telewizj\u0119 TRWAM.<\/span><\/span><\/span><\/p>\n<p align=\"justify\"><span style=\"color: #000000;\"><span style=\"font-family: Book Antiqua, serif;\"><span style=\"font-size: large;\">Tymczasem, zapraszam ju\u017c do pochylenia si\u0119 nad Bo\u017cym s\u0142owem, by <b>odkry\u0107 przes\u0142anie, z jakim Pan dzisiaj zwraca si\u0119 do mnie.<\/b> Niech Duch \u015awi\u0119ty b\u0119dzie natchnieniem i \u015bwiat\u0142em!<\/span><\/span><\/span><\/p>\n<p align=\"justify\"><span style=\"color: #000000;\"><span style=\"font-family: Book Antiqua, serif;\"><span style=\"font-size: large;\"><b>Niech Was b\u0142ogos\u0142awi B\u00f3g Wszechmog\u0105cy: Ojciec + i Syn, i Duch \u015awi\u0119ty. Amen<\/b><\/span><\/span><\/span><\/p>\n<p align=\"center\"><span style=\"color: #000000;\"><span style=\"font-family: Book Antiqua, serif;\"><span style=\"font-size: large;\">Gaudium et spes! Ks. Jacek<\/span><\/span><\/span><\/p>\n<p align=\"center\">\n<p align=\"center\">\n<p align=\"center\">\n<p align=\"center\">\n<p align=\"center\">\n<p align=\"justify\"><span style=\"color: #000000;\"><span style=\"font-family: Book Antiqua, serif;\"><span style=\"font-size: large;\"><b>3 Niedziela Wielkiego Postu, B,<\/b><\/span><\/span><\/span><\/p>\n<p align=\"justify\"><span style=\"color: #000000;\"><span style=\"font-family: Book Antiqua, serif;\"><span style=\"font-size: large;\"><b>7 marca 2021.,<\/b><\/span><\/span><\/span><\/p>\n<p align=\"justify\"><span style=\"color: #000000;\"><span style=\"font-family: Book Antiqua, serif;\"><span style=\"font-size: large;\"><b>do czyta\u0144: Wj 20,1\u201317; 1 Kor 1,22\u201325; J 2,13\u201325<\/b><\/span><\/span><\/span><\/p>\n<p align=\"justify\">\n<p align=\"justify\">\n<p align=\"justify\">\n<p align=\"justify\">\n<p align=\"justify\">\n<p align=\"justify\"><span style=\"color: #000000;\"><span style=\"font-family: Book Antiqua, serif;\"><span style=\"font-size: large;\"><b>CZYTANIE Z KSI\u0118GI WYJ\u015aCIA:<\/b><\/span><\/span><\/span><\/p>\n<p align=\"justify\"><span style=\"color: #000000;\"><span style=\"font-family: Book Antiqua, serif;\"><span style=\"font-size: large;\"><b>W owych dniach m\u00f3wi\u0142 B\u00f3g wszystkie te s\u0142owa: \u201eJa jestem Pan, tw\u00f3j B\u00f3g, kt\u00f3ry ci\u0119 wywi\u00f3d\u0142 z ziemi egipskiej, z domu niewoli.<\/b><\/span><\/span><\/span><\/p>\n<p align=\"justify\"><span style=\"color: #000000;\"><span style=\"font-family: Book Antiqua, serif;\"><span style=\"font-size: large;\"><b>Nie b\u0119dziesz mia\u0142 cudzych bog\u00f3w obok Mnie!<\/b><\/span><\/span><\/span><\/p>\n<p align=\"justify\"><span style=\"color: #000000;\"><span style=\"font-family: Book Antiqua, serif;\"><span style=\"font-size: large;\"><b>Nie b\u0119dziesz czyni\u0142 \u017cadnej rze\u017aby ani \u017cadnego obrazu tego, co jest na niebie wysoko, ani tego, co jest na ziemi nisko, ani tego, co jest w wodach pod ziemi\u0105! <\/b><\/span><\/span><\/span><\/p>\n<p align=\"justify\"><span style=\"color: #000000;\"><span style=\"font-family: Book Antiqua, serif;\"><span style=\"font-size: large;\"><b>Nie b\u0119dziesz oddawa\u0142 im pok\u0142onu i nie b\u0119dziesz im s\u0142u\u017cy\u0142, poniewa\u017c Ja Pan, tw\u00f3j B\u00f3g, jestem Bogiem zazdrosnym, kt\u00f3ry karze wyst\u0119pek ojc\u00f3w na synach do trzeciego i czwartego pokolenia wzgl\u0119dem tych, kt\u00f3rzy Mnie nienawidz\u0105. Okazuj\u0119 za\u015b \u0142ask\u0119 a\u017c do tysi\u0105cznego pokolenia tym, kt\u00f3rzy Mnie mi\u0142uj\u0105 i przestrzegaj\u0105 moich przykaza\u0144.<\/b><\/span><\/span><\/span><\/p>\n<p align=\"justify\"><span style=\"color: #000000;\"><span style=\"font-family: Book Antiqua, serif;\"><span style=\"font-size: large;\"><b>Nie b\u0119dziesz wzywa\u0142 imienia Pana, Boga twego, do czczych rzeczy, gdy\u017c Pan nie pozostawi bezkarnie tego, kt\u00f3ry wzywa Jego imienia do czczych rzeczy.<\/b><\/span><\/span><\/span><\/p>\n<p align=\"justify\"><span style=\"color: #000000;\"><span style=\"font-family: Book Antiqua, serif;\"><span style=\"font-size: large;\"><b>Pami\u0119taj o dniu szabatu, aby go u\u015bwi\u0119ci\u0107. Sze\u015b\u0107 dni b\u0119dziesz pracowa\u0107 i wykonywa\u0107 wszystkie twe zaj\u0119cia. Dzie\u0144 za\u015b si\u00f3dmy jest szabatem ku czci twego Boga, Pana. Nie mo\u017cesz przeto w dniu tym wykonywa\u0107 \u017cadnej pracy ani ty sam, ani syn tw\u00f3j, ani twoja c\u00f3rka, ani tw\u00f3j niewolnik, ani twoja niewolnica, ani twoje byd\u0142o, ani cudzoziemiec, kt\u00f3ry mieszka po\u015br\u00f3d twych bram. Bo w sze\u015bciu dniach uczyni\u0142 Pan niebo, ziemi\u0119, morze oraz wszystko, co jest na nich, w si\u00f3dmym za\u015b dniu odpocz\u0105\u0142. Dlatego pob\u0142ogos\u0142awi\u0142 Pan dzie\u0144 szabatu i uzna\u0142 go za \u015bwi\u0119ty.<\/b><\/span><\/span><\/span><\/p>\n<p align=\"justify\"><span style=\"color: #000000;\"><span style=\"font-family: Book Antiqua, serif;\"><span style=\"font-size: large;\"><b>Czcij ojca twego i matk\u0119 twoj\u0105, aby\u015b d\u0142ugo \u017cy\u0142 na ziemi, kt\u00f3r\u0105 Pan, B\u00f3g tw\u00f3j, da tobie.<\/b><\/span><\/span><\/span><\/p>\n<p align=\"justify\"><span style=\"color: #000000;\"><span style=\"font-family: Book Antiqua, serif;\"><span style=\"font-size: large;\"><b>Nie b\u0119dziesz zabija\u0142.<\/b><\/span><\/span><\/span><\/p>\n<p align=\"justify\"><span style=\"color: #000000;\"><span style=\"font-family: Book Antiqua, serif;\"><span style=\"font-size: large;\"><b>Nie b\u0119dziesz cudzo\u0142o\u017cy\u0142.<\/b><\/span><\/span><\/span><\/p>\n<p align=\"justify\"><span style=\"color: #000000;\"><span style=\"font-family: Book Antiqua, serif;\"><span style=\"font-size: large;\"><b>Nie b\u0119dziesz krad\u0142.<\/b><\/span><\/span><\/span><\/p>\n<p align=\"justify\"><span style=\"color: #000000;\"><span style=\"font-family: Book Antiqua, serif;\"><span style=\"font-size: large;\"><b>Nie b\u0119dziesz m\u00f3wi\u0142 przeciw bli\u017aniemu twemu k\u0142amstwa jako \u015bwiadek.<\/b><\/span><\/span><\/span><\/p>\n<p align=\"justify\"><span style=\"color: #000000;\"><span style=\"font-family: Book Antiqua, serif;\"><span style=\"font-size: large;\"><b>Nie b\u0119dziesz po\u017c\u0105da\u0142 domu bli\u017aniego twego. Nie b\u0119dziesz po\u017c\u0105da\u0142 \u017cony bli\u017aniego twego ani jego niewolnika, ani jego niewolnicy, ani jego wo\u0142u, ani jego os\u0142a, ani \u017cadnej rzeczy, kt\u00f3ra nale\u017cy do bli\u017aniego twego\u201d.<\/b><\/span><\/span><\/span><\/p>\n<p align=\"justify\">\n<p align=\"justify\">\n<p align=\"justify\">\n<p align=\"justify\">\n<p align=\"justify\">\n<p align=\"justify\"><span style=\"color: #000000;\"><span style=\"font-family: Book Antiqua, serif;\"><span style=\"font-size: large;\"><b>CZYTANIE Z PIERWSZEGO LISTU \u015aWI\u0118TEGO PAW\u0141A APOSTO\u0141A DO KORYNTIAN:<\/b><\/span><\/span><\/span><\/p>\n<p align=\"justify\"><span style=\"color: #000000;\"><span style=\"font-family: Book Antiqua, serif;\"><span style=\"font-size: large;\"><b>Bracia: Gdy \u017bydzi \u017c\u0105daj\u0105 znak\u00f3w, a Grecy szukaj\u0105 m\u0105dro\u015bci, my g\u0142osimy Chrystusa ukrzy\u017cowanego, kt\u00f3ry jest zgorszeniem dla \u017byd\u00f3w, a g\u0142upstwem dla pogan, dla tych za\u015b, kt\u00f3rzy s\u0105 powo\u0142ani, tak spo\u015br\u00f3d \u017byd\u00f3w, jak i spo\u015br\u00f3d Grek\u00f3w, Chrystusem, moc\u0105 i m\u0105dro\u015bci\u0105 Bo\u017c\u0105. To bowiem, co jest g\u0142upstwem u Boga, przewy\u017csza m\u0105dro\u015bci\u0105 ludzi, a co jest s\u0142abe u Boga, przewy\u017csza moc\u0105 ludzi.<\/b><\/span><\/span><\/span><\/p>\n<p align=\"justify\">\n<p align=\"justify\">\n<p align=\"justify\">\n<p align=\"justify\">\n<p align=\"justify\">\n<p align=\"justify\"><span style=\"color: #000000;\"><span style=\"font-family: Book Antiqua, serif;\"><span style=\"font-size: large;\"><b>S\u0141OWA EWANGELII WED\u0141UG \u015aWI\u0118TEGO JANA:<\/b><\/span><\/span><\/span><\/p>\n<p align=\"justify\"><span style=\"color: #000000;\"><span style=\"font-family: Book Antiqua, serif;\"><span style=\"font-size: large;\"><b>Zbli\u017ca\u0142a si\u0119 pora Paschy \u017cydowskiej i Jezus uda\u0142 si\u0119 do Jerozolimy. W \u015bwi\u0105tyni napotka\u0142 tych, kt\u00f3rzy sprzedawali wo\u0142y, baranki i go\u0142\u0119bie oraz siedz\u0105cych za sto\u0142ami bankier\u00f3w. W\u00f3wczas sporz\u0105dziwszy sobie bicz ze sznurk\u00f3w, powyrzuca\u0142 wszystkich ze \u015bwi\u0105tyni, tak\u017ce baranki i wo\u0142y, porozrzuca\u0142 monety bankier\u00f3w, a sto\u0142y powywraca\u0142. Do tych za\u015b, kt\u00f3rzy sprzedawali go\u0142\u0119bie, rzek\u0142: \u00abWe\u017acie to st\u0105d, a nie r\u00f3bcie z domu mego Ojca targowiska! Uczniowie Jego przypomnieli sobie, \u017ce napisano: \u00abGorliwo\u015b\u0107 o dom Tw\u00f3j po\u017cera Mnie\u00bb. <\/b><\/span><\/span><\/span><\/p>\n<p align=\"justify\"><span style=\"color: #000000;\"><span style=\"font-family: Book Antiqua, serif;\"><span style=\"font-size: large;\"><b>W odpowiedzi za\u015b na to \u017bydzi rzekli do Niego: \u00abJakim znakiem wyka\u017cesz si\u0119 wobec nas, skoro takie rzeczy czynisz?\u00bb Jezus da\u0142 im tak\u0105 odpowied\u017a: \u00abZburzcie t\u0119 \u015bwi\u0105tyni\u0119, a Ja w trzech dniach wznios\u0119 j\u0105 na nowo\u00bb. <\/b><\/span><\/span><\/span><\/p>\n<p align=\"justify\"><span style=\"color: #000000;\"><span style=\"font-family: Book Antiqua, serif;\"><span style=\"font-size: large;\"><b>Powiedzieli do Niego \u017bydzi: \u00abCzterdzie\u015bci sze\u015b\u0107 lat budowano t\u0119 \u015bwi\u0105tyni\u0119, a Ty j\u0105 wzniesiesz w przeci\u0105gu trzech dni?\u00bb <\/b><\/span><\/span><\/span><\/p>\n<p align=\"justify\"><span style=\"color: #000000;\"><span style=\"font-family: Book Antiqua, serif;\"><span style=\"font-size: large;\"><b>On za\u015b m\u00f3wi\u0142 o \u015bwi\u0105tyni swego cia\u0142a. Gdy wi\u0119c zmartwychwsta\u0142, przypomnieli sobie uczniowie Jego, \u017ce to powiedzia\u0142, i uwierzyli Pismu i s\u0142owu, kt\u00f3re wyrzek\u0142 Jezus. <\/b><\/span><\/span><\/span><\/p>\n<p align=\"justify\"><span style=\"color: #000000;\"><span style=\"font-family: Book Antiqua, serif;\"><span style=\"font-size: large;\"><b>Kiedy za\u015b przebywa\u0142 w Jerozolimie w czasie Paschy, w dniu \u015bwi\u0105tecznym, wielu uwierzy\u0142o w imi\u0119 Jego, widz\u0105c znaki, kt\u00f3re czyni\u0142. Jezus natomiast nie zwierza\u0142 si\u0119 im, bo wszystkich zna\u0142 i nie potrzebowa\u0142 niczyjego \u015bwiadectwa o cz\u0142owieku. Sam bowiem wiedzia\u0142, co kryje si\u0119 w cz\u0142owieku.<\/b><\/span><\/span><\/span><\/p>\n<p align=\"justify\">\n<p align=\"justify\">\n<p align=\"justify\">\n<p align=\"justify\">\n<p align=\"justify\">\n<p align=\"justify\"><span style=\"color: #000000;\"><span style=\"font-family: Book Antiqua, serif;\"><span style=\"font-size: large;\">Dobrze znamy tre\u015b\u0107 dzisiejszego pouczenia, z jakim B\u00f3g zwr\u00f3ci\u0142 si\u0119 do swego ludu \u2013 i do lud\u00f3w wszystkich czas\u00f3w \u2013 <b>s\u0142owa Dekalogu.<\/b> Dobrze znamy te s\u0142owa, wszak codziennie wypowiadamy je w pacierzu. Oczywi\u015bcie, nie w takiej rozbudowanej formie, w jakiej us\u0142yszeli\u015bmy to przed chwil\u0105, ale <b>sam rdze\u0144, g\u0142\u00f3wn\u0105 tre\u015b\u0107 Dekalogu,<\/b> dziesi\u0119\u0107 kolejnych przykaza\u0144, znamy na pami\u0119\u0107 ju\u017c od dziecka.<\/span><\/span><\/span><\/p>\n<p align=\"justify\"><span style=\"color: #000000;\"><span style=\"font-family: Book Antiqua, serif;\"><span style=\"font-size: large;\">Wed\u0142ug nauk \u017cydowskich rabin\u00f3w, B\u00f3g wypowiedzia\u0142 dziesi\u0119\u0107 swoich przykaza\u0144<b> jako jedno s\u0142owo,<\/b> dlatego wszystkie przykazania nale\u017cy traktowa\u0107 <b>\u0142\u0105cznie, jako nierozdzieln\u0105 ca\u0142o\u015b\u0107,<\/b> co z kolei nak\u0142ada obowi\u0105zek <b>przestrzegania <\/b><b>ich <\/b><b>wszystkich,<\/b> bez wyj\u0105tku. Jednocze\u015bnie tak\u017ce, z\u0142amanie jednego cho\u0107by przykazania oznacza <b>sprzeciw wobec ca\u0142ego Dekalogu.<\/b> <\/span><\/span><\/span><\/p>\n<p align=\"justify\"><span style=\"color: #000000;\"><span style=\"font-family: Book Antiqua, serif;\"><span style=\"font-size: large;\">Takie rozumienie tego wyj\u0105tkowego Kodeksu w Starym Testamencie przej\u0105\u0142 Nowy Testament, przej\u0105\u0142 Chrystusowy Ko\u015bci\u00f3\u0142 i tak stale naucza\u0142 i naucza, \u017ce <b>nie mo\u017cna sobie wybiera\u0107 przykaza\u0144<\/b> i jednych przestrzega\u0107, a innych nie. Albo poszczeg\u00f3lne przykazania <b>interpretowa\u0107 po swojemu,<\/b> a innych przestrzega\u0107 dok\u0142adnie, wed\u0142ug Bo\u017cego zamiaru. <\/span><\/span><\/span><\/p>\n<p align=\"justify\"><span style=\"color: #000000;\"><span style=\"font-family: Book Antiqua, serif;\"><span style=\"font-size: large;\">Tak nie mo\u017cna \u2013 gdy\u017c jest to nielogiczne i pokazuje jedynie <b>brak wiary w m\u0105dro\u015b\u0107 i nieomylno\u015b\u0107 Boga.<\/b> Przecie\u017c ten sam B\u00f3g da\u0142 przykazanie pierwsze, i drugie, i ka\u017cde kolejne, jak wi\u0119c mo\u017cna przestrzega\u0107 \u2013 powiedzmy \u2013 przykazania trzeciego, ale ju\u017c sz\u00f3ste modyfikowa\u0107 po swojemu i dopasowywa\u0107 do w\u0142asnego widzimisi\u0119. To co: <b>w trzecim przykazaniu B\u00f3g mia\u0142 racj\u0119,<\/b> a w sz\u00f3stym ju\u017c nie?! <\/span><\/span><\/span><\/p>\n<p align=\"justify\"><span style=\"color: #000000;\"><span style=\"font-family: Book Antiqua, serif;\"><span style=\"font-size: large;\">Albo w drugim przykazaniu objawi\u0142 swoj\u0105 <b>absolutn\u0105 i niezaprzeczaln\u0105 m\u0105dro\u015b\u0107,<\/b> ale ju\u017c w si\u00f3dmym \u2013 to tak nie do ko\u0144ca, wi\u0119c mo\u017cna sobie z Nim podyskutowa\u0107 i nagi\u0105\u0107 przykazanie do swoich zachcianek?\u2026 Nie wolno tak podchodzi\u0107 do sprawy, gdy\u017c <b>albo si\u0119 wierzy <\/b>w m\u0105dro\u015b\u0107 i \u015bwi\u0119to\u015b\u0107 Boga, i dlatego przestrzega wszystkich przykaza\u0144, bo B\u00f3g nie m\u00f3g\u0142 <b>przy jednych mie\u0107 racj\u0119<\/b>, a przy innych si\u0119 myli\u0107 \u2013 albo w\u0142a\u015bnie z takiego przekonania si\u0119 wychodzi i dlatego przestrzega si\u0119 przykaza\u0144 <b>wybi\u00f3rczo,<\/b> a w ten spos\u00f3b przekracza si\u0119 ca\u0142e Prawo Bo\u017ce. <\/span><\/span><\/span><\/p>\n<p align=\"justify\"><span style=\"color: #000000;\"><span style=\"font-family: Book Antiqua, serif;\"><span style=\"font-size: large;\">Moi Drodzy, nie na darmo na pocz\u0105tku ca\u0142ego tego Kodeksu padaj\u0105 uroczyste, a wr\u0119cz majestatyczne s\u0142owa: <i><b>Ja jestem Pan, tw\u00f3j B\u00f3g!<\/b><\/i><b> <\/b>B\u00f3g przedstawia si\u0119 swemu ludowi \u2013 nie po to, aby poinformowa\u0107, kim jest i sk\u0105d si\u0119 wzi\u0105\u0142, ale aby podkre\u015bli\u0107 sw\u00f3j <b>autorytet jedynego Prawodawcy. <\/b><\/span><\/span><\/span><\/p>\n<p align=\"justify\"><span style=\"color: #000000;\"><span style=\"font-family: Book Antiqua, serif;\"><span style=\"font-size: large;\">Ludy o\u015bcienne bowiem, oddaj\u0105ce cze\u015b\u0107 swoim wielu b\u00f3stwom \u2013 rzecz jasna, fa\u0142szywym \u2013 widzia\u0142y w nich tylko tych, kt\u00f3rzy <b>strzegli porz\u0105dku prawnego, <\/b>panuj\u0105cego w \u015bwiecie. Tymczasem B\u00f3g jedyny i prawdziwy jest te\u017c <b>jedynym i prawdziwym Prawodawc\u0105 <\/b>\u2013 <b>Tw\u00f3rc\u0105<\/b> <b>Prawa<\/b> niezmiennego, zapisanego od pocz\u0105tku w sercu cz\u0142owieka. Oznacza to, \u017ce normy, zawarte w dziesi\u0119ciu Bo\u017cych s\u0142owach, s\u0105 w jaki\u015b spos\u00f3b <b>naturalne dla cz\u0142owieka.<\/b> <\/span><\/span><\/span><\/p>\n<p align=\"justify\"><span style=\"color: #000000;\"><span style=\"font-family: Book Antiqua, serif;\"><span style=\"font-size: large;\">Oto bowiem takie zasady, \u017ce nale\u017cy <b>czyni\u0107 dobro, a unika\u0107 z\u0142a;<\/b> \u017ce nale\u017cy m\u00f3wi\u0107 prawd\u0119 i \u015bwiadczy\u0107 o prawdzie, a unika\u0107 k\u0142amstwa i kr\u0119tactwa, unika\u0107 z\u0142ego m\u00f3wienia o drugim cz\u0142owieku; szczeg\u00f3lnie, je\u015bli jest to jeszcze podszyte fa\u0142szem; \u017ce <b>nie wolno drugiego zabija\u0107;<\/b> \u017ce nie wolno wzi\u0105\u0107 sobie za \u017con\u0119 czyjej\u015b \u017cony \u2013 wszystkie te zasady cz\u0142owiek zdrowo my\u015bl\u0105cy i tak normalnie patrz\u0105cy na \u017cycie, <b>uwa\u017ca za oczywiste i naturalne. <\/b>B\u00f3g jednak uk\u0142ada je dzisiaj w zestaw jasnych i konkretnych norm, <b>Kodeks, Dekalog<\/b> \u2013 dziesi\u0119\u0107 s\u0142\u00f3w.<\/span><\/span><\/span><\/p>\n<p align=\"justify\"><span style=\"color: #000000;\"><span style=\"font-family: Book Antiqua, serif;\"><span style=\"font-size: large;\">Jan Pawe\u0142 II, w dniu 2 czerwca 1991 roku, w Koszalinie, tak o tym m\u00f3wi\u0142: <i><b>\u201e<\/b><\/i><i><b>Jam jest Pan B\u00f3g tw\u00f3j, kt\u00f3ry ci\u0119 wywi\u00f3d\u0142 z ziemi egipskiej. Nie b\u0119dziesz mia\u0142 bog\u00f3w cudzych przede Mn\u0105! <\/b><\/i>Wybra\u0142 B\u00f3g miejsce na pustyni: g\u00f3r\u0119 Synaj\u2026 I wybra\u0142 lud, kt\u00f3remu objawi\u0142 siebie jako wybawc\u0119 z niewoli egipskiej\u2026 I wybra\u0142 cz\u0142owieka, kt\u00f3remu powierzy\u0142 swe przykazania: <b>Moj\u017cesza.<\/b> Dziesi\u0119\u0107\u00a0prostych s\u0142\u00f3w.\u00a0 Dekalog. Pierwsze w\u015br\u00f3d nich brzmi w\u0142a\u015bnie tak: <i><b>Nie b\u0119dziesz mia\u0142 bog\u00f3w cudzych przede Mn\u0105.<\/b><\/i> [\u2026]<\/span><\/span><\/span><\/p>\n<p align=\"justify\"><span style=\"color: #000000;\"><span style=\"font-family: Book Antiqua, serif;\"><span style=\"font-size: large;\">To pierwsze s\u0142owo\u00a0Dekalogu, pierwsze przykazanie, od kt\u00f3rego zale\u017c\u0105 wszystkie dalsze przykazania. <b>Ca\u0142e prawo Bo\u017ce<\/b> \u2013 wypisane niegdy\u015b na kamiennych tablicach, a r\u00f3wnocze\u015bnie wypisane odwiecznie w sercach ludzkich. Tak, \u017ce i ci, co nie znaj\u0105\u00a0Dekalogu, <b>znaj\u0105 jego istotn\u0105 tre\u015b\u0107. <\/b>B\u00f3g g\u0142osi prawo moralne nie tylko s\u0142owami Przymierza \u2013 Starego Przymierza z g\u00f3ry Synaj i Chrystusowej Ewangelii \u2013<b> g\u0142osi je sam\u0105 wewn\u0119trzn\u0105 prawd\u0105 <\/b>tego rozumnego stworzenia, jakim jest cz\u0142owiek. [\u2026]<\/span><\/span><\/span><\/p>\n<p align=\"justify\"><span style=\"color: #000000;\"><span style=\"font-family: Book Antiqua, serif;\"><span style=\"font-size: large;\">Ten moralny fundament jest od Boga, zakorzenia si\u0119 w Jego stw\u00f3rczej, ojcowskiej m\u0105dro\u015bci i Opatrzno\u015bci. R\u00f3wnocze\u015bnie ten moralny fundament Przymierza z Bogiem <b>jest dla cz\u0142owieka,<\/b> dla jego dobra prawdziwego. Je\u015bli cz\u0142owiek burzy ten fundament, <b>szkodzi sobie: <\/b>burzy \u0142ad \u017cycia i wsp\u00f3\u0142\u017cycia ludzkiego w ka\u017cdym wymiarze. Zaczynaj\u0105c od wsp\u00f3lnoty <b>najmniejszej, jak\u0105 jest rodzina,<\/b> i id\u0105c poprzez nar\u00f3d, a\u017c do tej og\u00f3lnoludzkiej spo\u0142eczno\u015bci, na kt\u00f3r\u0105 sk\u0142adaj\u0105 si\u0119 miliardy ludzkich istnie\u0144. [\u2026]<\/span><\/span><\/span><\/p>\n<p align=\"justify\"><span style=\"color: #000000;\"><span style=\"font-family: Book Antiqua, serif;\"><span style=\"font-size: large;\"><b>Ot<\/b><b>o<\/b><b>\u00a0Dekalog:\u00a0dziesi\u0119\u0107\u00a0s\u0142\u00f3w<\/b><b>.<\/b> Od tych dziesi\u0119ciu prostych s\u0142\u00f3w zale\u017cy przysz\u0142o\u015b\u0107 cz\u0142owieka i spo\u0142ecze\u0144stw. <b>Przysz\u0142o\u015b\u0107 narodu, pa\u0144stwa, Europy, \u015bwiata\u201d\u2026 <\/b>Tak m\u00f3wi\u0142 Jan Pawe\u0142 II, wskazuj\u0105c na fundamentalne znaczenie Dekalogu dla \u017cycia cz\u0142owieka \u2013 dla jego dobrego \u017cycia! <\/span><\/span><\/span><\/p>\n<p align=\"justify\"><span style=\"color: #000000;\"><span style=\"font-family: Book Antiqua, serif;\"><span style=\"font-size: large;\">Znaczenie to wyp\u0142ywa przede wszystkim <b>z autorytetu Boga,<\/b> kt\u00f3ry to Prawo ustanowi\u0142 i powierzy\u0142 cz\u0142owiekowi. W\u0142a\u015bnie <b>w obronie autorytetu Boga<\/b> i szacunku wobec Niego, Jezus dzisiaj bardzo radykalnie stan\u0105\u0142 w \u015bwi\u0105tyni jerozolimskiej. Zauwa\u017cmy, \u017ce wyra\u017anie wskaza\u0142 <b>na Boga jako swego Ojca,<\/b> co ewidentnie potwierdzi\u0142o Jego mesja\u0144sk\u0105 godno\u015b\u0107. Jako jedyny Syn jedynego Boga \u2013 dopomnia\u0142 si\u0119 o szacunek dla miejsca \u015bwi\u0119tego, uto\u017csamiaj\u0105c nawet widzialn\u0105 budowl\u0119 \u2013 ze \u015bwi\u0105tyni\u0105 swego cia\u0142a. <\/span><\/span><\/span><\/p>\n<p align=\"justify\"><span style=\"font-size: large;\"><span style=\"color: #000000;\"><span style=\"font-family: Book Antiqua, serif;\">Jezus, Bo\u017cy Syn, swoim \u017cyciem i nauczaniem <\/span><\/span><span style=\"color: #000000;\"><span style=\"font-family: Book Antiqua, serif;\"><b>potwierdzi\u0142 aktualno\u015b\u0107 Dekalogu,<\/b><\/span><\/span><span style=\"color: #000000;\"><span style=\"font-family: Book Antiqua, serif;\"> a jednocze\u015bnie ukaza\u0142 jego nowe, pog\u0142\u0119bione rozumienie. Jan Pawe\u0142 II tak o tym m\u00f3wi\u0142 we wspomnianej ju\u017c homilii: <\/span><\/span><\/span><\/p>\n<p align=\"justify\"><span style=\"color: #000000;\">\u201e<\/span><span style=\"font-size: large;\"><span style=\"color: #000000;\"><span style=\"font-family: Book Antiqua, serif;\">To Bo\u017ce prawo moralne jest <\/span><\/span><span style=\"color: #000000;\"><span style=\"font-family: Book Antiqua, serif;\"><b>dane cz\u0142owiekowi<\/b><\/span><\/span><span style=\"color: #000000;\"><span style=\"font-family: Book Antiqua, serif;\"> i dane r\u00f3wnocze\u015bnie <\/span><\/span><span style=\"color: #000000;\"><span style=\"font-family: Book Antiqua, serif;\"><b>dla cz\u0142owieka: dla jego dobra.<\/b><\/span><\/span><span style=\"color: #000000;\"><span style=\"font-family: Book Antiqua, serif;\"> Czy\u017c nie tak jest? Czy\u017c nie dla cz\u0142owieka jest ka\u017cde z tych przykaza\u0144 z g\u00f3ry Synaj: <\/span><\/span><span style=\"color: #000000;\"><span style=\"font-family: Book Antiqua, serif;\"><i><b>Nie zabija<\/b><\/i><\/span><\/span><span style=\"color: #000000;\"><span style=\"font-family: Book Antiqua, serif;\"><i><b>j!<\/b><\/i><\/span><\/span><span style=\"color: #000000;\"><span style=\"font-family: Book Antiqua, serif;\"><i><b> Nie cudzo\u0142\u00f3\u017c! <\/b><\/i><\/span><\/span><span style=\"color: #000000;\"><span style=\"font-family: Book Antiqua, serif;\"><i><b>N<\/b><\/i><\/span><\/span><span style=\"color: #000000;\"><span style=\"font-family: Book Antiqua, serif;\"><i><b>ie m\u00f3w fa\u0142szywego \u015bwiadectwa! <\/b><\/i><\/span><\/span><span style=\"color: #000000;\"><span style=\"font-family: Book Antiqua, serif;\"><i><b>C<\/b><\/i><\/span><\/span><span style=\"color: #000000;\"><span style=\"font-family: Book Antiqua, serif;\"><i><b>zcij ojca i matk\u0119!<\/b><\/i><\/span><\/span><span style=\"color: #000000;\"><span style=\"font-family: Book Antiqua, serif;\"> Chrystus ogarnia to wszystko <\/span><\/span><span style=\"color: #000000;\"><span style=\"font-family: Book Antiqua, serif;\"><b>jednym przykazaniem mi\u0142o\u015bci,<\/b><\/span><\/span><span style=\"color: #000000;\"><span style=\"font-family: Book Antiqua, serif;\"> kt\u00f3re jest dwoiste: B\u0119dziesz mi\u0142owa\u0142 Pana Boga swego ponad wszystko &#8211; b\u0119dziesz mi\u0142owa\u0142 cz\u0142owieka, bli\u017aniego twego jak siebie samego. W ten spos\u00f3b Dekalog \u2013 dziedzictwo Starego Przymierza Boga z Izraelem \u2013 <\/span><\/span><span style=\"color: #000000;\"><span style=\"font-family: Book Antiqua, serif;\"><b>zosta\u0142 potwierdzony w Ewangelii <\/b><\/span><\/span><span style=\"color: #000000;\"><span style=\"font-family: Book Antiqua, serif;\">jako moralny fundament Przymierza Nowego we Krwi Chrystusa.\u201d<\/span><\/span><\/span><\/p>\n<p align=\"justify\"><span style=\"font-size: large;\"><span style=\"color: #000000;\"><span style=\"font-family: Book Antiqua, serif;\">Dlatego my, moi Drodzy, kiedy wypowiadamy te s\u0142owa w ka\u017cdym naszym pacierzu, ale te\u017c \u2013 kiedy wed\u0142ug tych s\u0142\u00f3w, Dziesi\u0119ciu S\u0142\u00f3w, czynimy chocia\u017cby <\/span><\/span><span style=\"color: #000000;\"><span style=\"font-family: Book Antiqua, serif;\"><b>rachunek sumienia przed Spowiedzi\u0105,<\/b><\/span><\/span><span style=\"color: #000000;\"><span style=\"font-family: Book Antiqua, serif;\"> nie tylko przywo\u0142ujemy na pami\u0119\u0107 jaki\u015b pi\u0119kny, ale zamierzch\u0142y tekst ze Starego Testamentu. <\/span><\/span><span style=\"color: #000000;\"><span style=\"font-family: Book Antiqua, serif;\">My w ten spos\u00f3b<\/span><\/span><span style=\"color: #000000;\"><span style=\"font-family: Book Antiqua, serif;\"> odnosimy do siebie <\/span><\/span><span style=\"color: #000000;\"><span style=\"font-family: Book Antiqua, serif;\"><b>Prawo Bo\u017ce wci\u0105\u017c aktualne i ci\u0105gle nowe.<\/b><\/span><\/span> <\/span><\/p>\n<p align=\"justify\"><span style=\"font-size: large;\"><span style=\"color: #000000;\"><span style=\"font-family: Book Antiqua, serif;\">Dekalog jest naszym Prawem, <\/span><\/span><span style=\"color: #000000;\"><span style=\"font-family: Book Antiqua, serif;\"><b>Kodeksem drogowym<\/b><\/span><\/span><span style=\"color: #000000;\"><span style=\"font-family: Book Antiqua, serif;\"> w naszym d\u0105\u017ceniu do zbawienia. Stawia on w centrum naszego \u017cycia Boga, ka\u017ce do Niego wszystko odnosi\u0107 i w \u015bwietle Jego nauki wszystko widzie\u0107 i rozumie\u0107. <\/span><\/span><\/span><\/p>\n<p align=\"justify\"><span style=\"font-size: large;\"><span style=\"color: #000000;\"><span style=\"font-family: Book Antiqua, serif;\">Ciekawie m\u00f3wi o tym \u015awi\u0119ty Pawe\u0142 w dzisiejszym drugim czytaniu, z Pierwszego swego Listu do Koryntian: <\/span><\/span><span style=\"color: #000000;\"><span style=\"font-family: Book Antiqua, serif;\"><i><b>Gdy \u017bydzi \u017c\u0105daj\u0105 znak\u00f3w, a Grecy szukaj\u0105 m\u0105dro\u015bci, my g\u0142osimy Chrystusa ukrzy\u017cowanego, kt\u00f3ry jest zgorszeniem dla \u017byd\u00f3w, a g\u0142upstwem dla pogan, dla tych za\u015b, kt\u00f3rzy s\u0105 powo\u0142ani, tak spo\u015br\u00f3d \u017byd\u00f3w, jak i spo\u015br\u00f3d Grek\u00f3w, Chrystusem, moc\u0105 i m\u0105dro\u015bci\u0105 Bo\u017c\u0105. To bowiem, co jest g\u0142upstwem u Boga, przewy\u017csza m\u0105dro\u015bci\u0105 ludzi, a co jest s\u0142abe u Boga, przewy\u017csza moc\u0105 ludzi.<\/b><\/i><\/span><\/span><\/span><\/p>\n<p align=\"justify\"><span style=\"font-size: large;\"><span style=\"color: #000000;\"><span style=\"font-family: Book Antiqua, serif;\">C<\/span><\/span><span style=\"color: #000000;\"><span style=\"font-family: Book Antiqua, serif;\">hrystus, kt\u00f3rego Aposto\u0142 nazywa <\/span><\/span><span style=\"color: #000000;\"><span style=\"font-family: Book Antiqua, serif;\"><i><b>moc\u0105 i m\u0105dro\u015bci\u0105 Bo\u017c\u0105,<\/b><\/i><\/span><\/span><span style=\"color: #000000;\"><span style=\"font-family: Book Antiqua, serif;\"> potwierdzi\u0142 moc i m\u0105dro\u015b\u0107 Bo\u017c\u0105, zawart\u0105 w Dziesi\u0119ciu Przykazaniach. Pokaza\u0142 <\/span><\/span><span style=\"color: #000000;\"><span style=\"font-family: Book Antiqua, serif;\"><b>nowy spos\u00f3b ich rozumienia i przestrzegania<\/b><\/span><\/span><span style=\"color: #000000;\"><span style=\"font-family: Book Antiqua, serif;\"> \u2013 nie jako suchego, bezdusznego nakazu lub zakazu, ale <\/span><\/span><span style=\"color: #000000;\"><span style=\"font-family: Book Antiqua, serif;\"><b>w duchu mi\u0142o\u015bci!<\/b><\/span><\/span><span style=\"color: #000000;\"><span style=\"font-family: Book Antiqua, serif;\"> Wszak ca\u0142y ten zapis to wielki wyraz troski i mi\u0142o\u015bci Boga do cz\u0142owieka. <\/span><\/span><\/span><\/p>\n<p align=\"justify\"><span style=\"font-size: large;\"><span style=\"color: #000000;\"><span style=\"font-family: Book Antiqua, serif;\">B\u00f3g nie chcia\u0142, aby\u015bmy na drogach naszego \u017cycia b\u0142\u0105dzili. Nie zostawi\u0142 nas samych, na zasadzie: \u201eRad\u017acie sobie <\/span><\/span><span style=\"color: #000000;\"><span style=\"font-family: Book Antiqua, serif;\">sami<\/span><\/span><span style=\"color: #000000;\"><span style=\"font-family: Book Antiqua, serif;\">\u2026\u201d. Nie! On<\/span><\/span><span style=\"color: #000000;\"><span style=\"font-family: Book Antiqua, serif;\"><b> wyra\u017anie wskaza\u0142 drog\u0119:<\/b><\/span><\/span><span style=\"color: #000000;\"><span style=\"font-family: Book Antiqua, serif;\"> kt\u00f3r\u0119dy mamy i\u015b\u0107, a kt\u00f3r\u0119dy <\/span><\/span><span style=\"color: #000000;\"><span style=\"font-family: Book Antiqua, serif;\">i\u015b\u0107 <\/span><\/span><span style=\"color: #000000;\"><span style=\"font-family: Book Antiqua, serif;\">nie mo\u017cemy, bo pob\u0142\u0105dzimy. To Jego Prawo jest <\/span><\/span><span style=\"color: #000000;\"><span style=\"font-family: Book Antiqua, serif;\"><b>jasne i kategoryczne,<\/b><\/span><\/span><span style=\"color: #000000;\"><span style=\"font-family: Book Antiqua, serif;\"> mo\u017ce dlatego wydawa\u0107 si\u0119 nam za surowe, <\/span><\/span><span style=\"color: #000000;\"><span style=\"font-family: Book Antiqua, serif;\">bo <\/span><\/span><span style=\"color: #000000;\"><span style=\"font-family: Book Antiqua, serif;\"><b>nie dopuszcza d<\/b><\/span><\/span><span style=\"color: #000000;\"><span style=\"font-family: Book Antiqua, serif;\"><b>yskusji w kwestiach zasadniczych.<\/b><\/span><\/span><span style=\"color: #000000;\"><span style=\"font-family: Book Antiqua, serif;\"> Ale tak w\u0142a\u015bnie ono wygl\u0105da \u2013 bo tak w\u0142a\u015bnie dzia\u0142a B\u00f3g: w spos\u00f3b <\/span><\/span><span style=\"color: #000000;\"><span style=\"font-family: Book Antiqua, serif;\"><b>jasny, jednoznaczny i konkretny.<\/b><\/span><\/span><\/span><\/p>\n<p align=\"justify\"><span style=\"font-size: large;\"><span style=\"color: #000000;\"><span style=\"font-family: Book Antiqua, serif;\">Jezus mocno to dzisiaj przypomnia\u0142 kupcz\u0105cym w \u015bwi\u0105tyni. Oni w sumie nie czynili tam jakich\u015b do ko\u0144ca z\u0142ych rzeczy. Wszystko, o czym dzisiaj s\u0142yszymy, <\/span><\/span><span style=\"color: #000000;\"><span style=\"font-family: Book Antiqua, serif;\"><b>dzia\u0142o si\u0119 na <\/b><\/span><\/span><span style=\"color: #000000;\"><span style=\"font-family: Book Antiqua, serif;\"><b>rozleg\u0142ym<\/b><\/span><\/span><span style=\"color: #000000;\"><span style=\"font-family: Book Antiqua, serif;\"><b> dziedzi\u0144cu,<\/b><\/span><\/span><span style=\"color: #000000;\"><span style=\"font-family: Book Antiqua, serif;\"> przed g\u0142\u00f3wn\u0105, najwa\u017cniejsz\u0105 cz\u0119\u015bci\u0105 kompleksu \u015bwi\u0105tynnego. Na tym dziedzi\u0144cu rzeczywi\u015bcie dokonywa\u0142a si\u0119 <\/span><\/span><span style=\"color: #000000;\"><span style=\"font-family: Book Antiqua, serif;\"><b>wymiana walut,<\/b><\/span><\/span><span style=\"color: #000000;\"><span style=\"font-family: Book Antiqua, serif;\"> wszak tylko wybran\u0105 walut\u0119 mo\u017cna by\u0142o ofiarowa\u0107 w \u015bwi\u0105tyni: nie mog\u0142a ona zawiera\u0107 wizerunk\u00f3w w\u0142adc\u00f3w \u015bwieckich. Trzeba te\u017c by\u0142o <\/span><\/span><span style=\"color: #000000;\"><span style=\"font-family: Book Antiqua, serif;\"><b>zakupi\u0107 <\/b><\/span><\/span><span style=\"color: #000000;\"><span style=\"font-family: Book Antiqua, serif;\"><b>odpowiednie <\/b><\/span><\/span><span style=\"color: #000000;\"><span style=\"font-family: Book Antiqua, serif;\"><b>zwierz\u0119ta, <\/b><\/span><\/span><span style=\"color: #000000;\"><span style=\"font-family: Book Antiqua, serif;\">kt\u00f3re potem ofiarowano Bogu. <\/span><\/span><\/span><\/p>\n<p align=\"justify\"><span style=\"font-size: large;\"><span style=\"color: #000000;\"><span style=\"font-family: Book Antiqua, serif;\">Jednak Jezus uzna\u0142, \u017ce to wszystko<\/span><\/span><span style=\"color: #000000;\"><span style=\"font-family: Book Antiqua, serif;\"><b> przeros\u0142o istot\u0119 sprawy;<\/b><\/span><\/span><span style=\"color: #000000;\"><span style=\"font-family: Book Antiqua, serif;\"> \u017ce ci wszyscy ludzie, krz\u0105taj\u0105cy si\u0119 tam, <\/span><\/span><span style=\"color: #000000;\"><span style=\"font-family: Book Antiqua, serif;\"><b>zapomnieli o Bogu,<\/b><\/span><\/span><span style=\"color: #000000;\"><span style=\"font-family: Book Antiqua, serif;\"> czyni\u0105c faktycznie z miejsca \u015bwi\u0119tego targowisko, zajmuj\u0105c si\u0119 wy\u0142\u0105cznie wymian\u0105 handlow\u0105 i swoimi przyziemnymi sprawami. Dlatego swoim radykalnym dzia\u0142aniem, w mgnieniu oka, <\/span><\/span><span style=\"color: #000000;\"><span style=\"font-family: Book Antiqua, serif;\"><b>przywr\u00f3ci\u0142 w\u0142a\u015bciwe rozumienie ca\u0142ej kwestii.<\/b><\/span><\/span><\/span><\/p>\n<p align=\"justify\"><span style=\"font-size: large;\"><span style=\"color: #000000;\"><span style=\"font-family: Book Antiqua, serif;\">Oby\u015bmy, moi Drodzy, nigdy nie pozwolili na to, by Dekalog, Bo\u017ce Prawo, sta\u0142o si\u0119 dla nas <\/span><\/span><span style=\"color: #000000;\"><span style=\"font-family: Book Antiqua, serif;\"><b>jedynie rutynowym wierszykiem,<\/b><\/span><\/span><span style=\"color: #000000;\"><span style=\"font-family: Book Antiqua, serif;\"> do \u201ewyklepania\u201d w trakcie \u201epaciorka\u201d, a <\/span><\/span><span style=\"color: #000000;\"><span style=\"font-family: Book Antiqua, serif;\"><b>jego zasady \u2013 jakim\u015b archaicznym zapisem,<\/b><\/span><\/span><span style=\"color: #000000;\"><span style=\"font-family: Book Antiqua, serif;\"> nijak maj\u0105cym si\u0119 do <\/span><\/span><span style=\"color: #000000;\"><span style=\"font-family: Book Antiqua, serif;\">naszego<\/span><\/span><span style=\"color: #000000;\"><span style=\"font-family: Book Antiqua, serif;\"> \u017cycia. \u017beby gwar codzienno\u015bci \u2013 <\/span><\/span><span style=\"color: #000000;\"><span style=\"font-family: Book Antiqua, serif;\">jak \u00f3w gwar na dziedzi\u0144cu \u015bwi\u0105tynnym \u2013 <\/span><\/span><span style=\"color: #000000;\"><span style=\"font-family: Book Antiqua, serif;\"><b>nie zag\u0142uszy\u0142 Bo\u017cego przekazu,<\/b><\/span><\/span><span style=\"color: #000000;\"><span style=\"font-family: Book Antiqua, serif;\"> zapisanego w tych normach. <\/span><\/span><\/span><\/p>\n<p align=\"justify\"><span style=\"font-size: large;\"><span style=\"color: #000000;\"><span style=\"font-family: Book Antiqua, serif;\">I \u017ceby\u015bmy nie zapomnieli, <\/span><\/span><span style=\"color: #000000;\"><span style=\"font-family: Book Antiqua, serif;\"><b>co jest w naszym \u017cyciu najwa\u017cniejsze, <\/b><\/span><\/span><span style=\"color: #000000;\"><span style=\"font-family: Book Antiqua, serif;\">dok\u0105d biegniemy, co jest celem naszych d\u0105\u017ce\u0144 i kto jest Panem naszego \u017cycia\u2026 \u017beby nam si\u0119 to wszystko <\/span><\/span><span style=\"color: #000000;\"><span style=\"font-family: Book Antiqua, serif;\"><b>nie pomiesza\u0142o, nie pogubi\u0142o,<\/b><\/span><\/span><span style=\"color: #000000;\"><span style=\"font-family: Book Antiqua, serif;\"> \u017ceby nam si\u0119 ca\u0142kowicie nie poprzestawia\u0142a hierarchia wa\u017cno\u015bci i warto\u015bci spraw. <\/span><\/span><\/span><\/p>\n<p align=\"justify\"><span style=\"font-size: large;\"><span style=\"color: #000000;\"><span style=\"font-family: Book Antiqua, serif;\">Dlatego ci\u0105gle musimy <\/span><\/span><span style=\"color: #000000;\"><span style=\"font-family: Book Antiqua, serif;\"><b>na nowo<\/b><\/span><\/span><span style=\"color: #000000;\"><span style=\"font-family: Book Antiqua, serif;\"><b> odkrywa\u0107 <\/b><\/span><\/span><span style=\"color: #000000;\"><span style=\"font-family: Book Antiqua, serif;\">m\u0105dro\u015b\u0107 i mi\u0142o\u015b\u0107 Boga, zapisan\u0105 w Dekalogu. Trzeba nam ci\u0105gle odkrywa\u0107 przes\u0142anie, z jakim Pan zwraca si\u0119 do nas w ka\u017cdym z przykaza\u0144. I wypowiadaj\u0105c ka\u017cde z nich, pyta\u0107 samego siebie, <\/span><\/span><span style=\"color: #000000;\"><span style=\"font-family: Book Antiqua, serif;\"><b>czy moje \u017cycie jest ich potwierdzeniem, czy zaprzeczeniem?\u2026<\/b><\/span><\/span><span style=\"color: #000000;\"><span style=\"font-family: Book Antiqua, serif;\"> Czy id\u0119 za \u015bwiat\u0142em, kt\u00f3re Pan zapali\u0142 na drodze mojego \u017cycia, daj\u0105c mi Dekalog, Dziesi\u0119\u0107 s\u0142\u00f3w, dziesi\u0119\u0107 mocnych lamp. <\/span><\/span><\/span><\/p>\n<p align=\"justify\"><span style=\"font-size: large;\"><span style=\"color: #000000;\"><span style=\"font-family: Book Antiqua, serif;\">Czy id\u0119 za tym \u015bwiat\u0142em <\/span><\/span><span style=\"color: #000000;\"><span style=\"font-family: Book Antiqua, serif;\"><b>konsekwentnie, wytrwale, codziennie<\/b><\/span><\/span><span style=\"color: #000000;\"><span style=\"font-family: Book Antiqua, serif;\"><b>?\u2026<\/b><\/span><\/span><\/span><\/p>\n","protected":false},"excerpt":{"rendered":"<p>Niech b\u0119dzie pochwalony Jezus Chrystus! Moi Drodzy, w dniu dzisiejszym imieniny prze\u017cywa Ksi\u0105dz Tomasz Radczuk, Kolega z roku \u015bwi\u0119ce\u0144, kt\u00f3rego pi\u0119\u0107dziesi\u0105te urodziny \u015bwi\u0119towali\u015bmy niedawno. W czwartek spotkali\u015bmy si\u0119 w Parafii, gdzie jest Proboszczem, na wsp\u00f3ln\u0105 uroczysto\u015b\u0107. Mogli\u015bmy osobi\u015bcie z\u0142o\u017cy\u0107 \u017cyczenia. Dzisiaj raz jeszcze przekazuj\u0119 zapewnienie o modlitwie \u2013 w intencji Solenizanta: o sta\u0142\u0105 gorliwo\u015b\u0107 w [&hellip;]<\/p>\n","protected":false},"author":1,"featured_media":0,"comment_status":"open","ping_status":"open","sticky":false,"template":"","format":"standard","meta":{"jetpack_post_was_ever_published":false,"_jetpack_newsletter_access":"","_jetpack_dont_email_post_to_subs":false,"_jetpack_newsletter_tier_id":0,"_jetpack_memberships_contains_paywalled_content":false,"_jetpack_memberships_contains_paid_content":false,"footnotes":""},"categories":[1],"tags":[],"class_list":["post-18628","post","type-post","status-publish","format-standard","hentry","category-bez-kategorii"],"yoast_head":"<!-- This site is optimized with the Yoast SEO plugin v25.1 - https:\/\/yoast.com\/wordpress\/plugins\/seo\/ -->\n<title>Dziesi\u0119\u0107 mocnych lamp... - Gaudium Et Spes<\/title>\n<meta name=\"robots\" content=\"index, follow, max-snippet:-1, max-image-preview:large, max-video-preview:-1\" \/>\n<link rel=\"canonical\" href=\"https:\/\/gaudiumetspes-blog.pl\/index.php\/2021\/03\/07\/dziesiec-mocnych-lamp\/\" \/>\n<meta property=\"og:locale\" content=\"pl_PL\" \/>\n<meta property=\"og:type\" content=\"article\" \/>\n<meta property=\"og:title\" content=\"Dziesi\u0119\u0107 mocnych lamp... - Gaudium Et Spes\" \/>\n<meta property=\"og:description\" content=\"Niech b\u0119dzie pochwalony Jezus Chrystus! Moi Drodzy, w dniu dzisiejszym imieniny prze\u017cywa Ksi\u0105dz Tomasz Radczuk, Kolega z roku \u015bwi\u0119ce\u0144, kt\u00f3rego pi\u0119\u0107dziesi\u0105te urodziny \u015bwi\u0119towali\u015bmy niedawno. W czwartek spotkali\u015bmy si\u0119 w Parafii, gdzie jest Proboszczem, na wsp\u00f3ln\u0105 uroczysto\u015b\u0107. Mogli\u015bmy osobi\u015bcie z\u0142o\u017cy\u0107 \u017cyczenia. Dzisiaj raz jeszcze przekazuj\u0119 zapewnienie o modlitwie \u2013 w intencji Solenizanta: o sta\u0142\u0105 gorliwo\u015b\u0107 w [&hellip;]\" \/>\n<meta property=\"og:url\" content=\"https:\/\/gaudiumetspes-blog.pl\/index.php\/2021\/03\/07\/dziesiec-mocnych-lamp\/\" \/>\n<meta property=\"og:site_name\" content=\"Gaudium Et Spes\" \/>\n<meta property=\"article:published_time\" content=\"2021-03-07T04:18:30+00:00\" \/>\n<meta name=\"author\" content=\"Ks. Jacek\" \/>\n<meta name=\"twitter:card\" content=\"summary_large_image\" \/>\n<meta name=\"twitter:label1\" content=\"Napisane przez\" \/>\n\t<meta name=\"twitter:data1\" content=\"Ks. Jacek\" \/>\n\t<meta name=\"twitter:label2\" content=\"Szacowany czas czytania\" \/>\n\t<meta name=\"twitter:data2\" content=\"14 minut\" \/>\n<script type=\"application\/ld+json\" class=\"yoast-schema-graph\">{\"@context\":\"https:\/\/schema.org\",\"@graph\":[{\"@type\":\"WebPage\",\"@id\":\"https:\/\/gaudiumetspes-blog.pl\/index.php\/2021\/03\/07\/dziesiec-mocnych-lamp\/\",\"url\":\"https:\/\/gaudiumetspes-blog.pl\/index.php\/2021\/03\/07\/dziesiec-mocnych-lamp\/\",\"name\":\"Dziesi\u0119\u0107 mocnych lamp... - Gaudium Et Spes\",\"isPartOf\":{\"@id\":\"https:\/\/gaudiumetspes-blog.pl\/#website\"},\"datePublished\":\"2021-03-07T04:18:30+00:00\",\"author\":{\"@id\":\"https:\/\/gaudiumetspes-blog.pl\/#\/schema\/person\/1661982992b752dea8dff0d4ed845a65\"},\"breadcrumb\":{\"@id\":\"https:\/\/gaudiumetspes-blog.pl\/index.php\/2021\/03\/07\/dziesiec-mocnych-lamp\/#breadcrumb\"},\"inLanguage\":\"pl-PL\",\"potentialAction\":[{\"@type\":\"ReadAction\",\"target\":[\"https:\/\/gaudiumetspes-blog.pl\/index.php\/2021\/03\/07\/dziesiec-mocnych-lamp\/\"]}]},{\"@type\":\"BreadcrumbList\",\"@id\":\"https:\/\/gaudiumetspes-blog.pl\/index.php\/2021\/03\/07\/dziesiec-mocnych-lamp\/#breadcrumb\",\"itemListElement\":[{\"@type\":\"ListItem\",\"position\":1,\"name\":\"Strona g\u0142\u00f3wna\",\"item\":\"https:\/\/gaudiumetspes-blog.pl\/\"},{\"@type\":\"ListItem\",\"position\":2,\"name\":\"Dziesi\u0119\u0107 mocnych lamp&#8230;\"}]},{\"@type\":\"WebSite\",\"@id\":\"https:\/\/gaudiumetspes-blog.pl\/#website\",\"url\":\"https:\/\/gaudiumetspes-blog.pl\/\",\"name\":\"Gaudium Et Spes\",\"description\":\"Blog Ks. Jacka Ja\u015bkowskiego\",\"potentialAction\":[{\"@type\":\"SearchAction\",\"target\":{\"@type\":\"EntryPoint\",\"urlTemplate\":\"https:\/\/gaudiumetspes-blog.pl\/?s={search_term_string}\"},\"query-input\":{\"@type\":\"PropertyValueSpecification\",\"valueRequired\":true,\"valueName\":\"search_term_string\"}}],\"inLanguage\":\"pl-PL\"},{\"@type\":\"Person\",\"@id\":\"https:\/\/gaudiumetspes-blog.pl\/#\/schema\/person\/1661982992b752dea8dff0d4ed845a65\",\"name\":\"Ks. Jacek\",\"image\":{\"@type\":\"ImageObject\",\"inLanguage\":\"pl-PL\",\"@id\":\"https:\/\/gaudiumetspes-blog.pl\/#\/schema\/person\/image\/\",\"url\":\"https:\/\/gaudiumetspes-blog.pl\/wp-content\/uploads\/2019\/07\/avatar-JJ-150x150.jpg\",\"contentUrl\":\"https:\/\/gaudiumetspes-blog.pl\/wp-content\/uploads\/2019\/07\/avatar-JJ-150x150.jpg\",\"caption\":\"Ks. Jacek\"},\"description\":\"Witam serdecznie! K\u0142ania si\u0119 Ks. Jacek Ja\u015bkowski. Nie jestem ani kim\u015b wa\u017cnym, ani kim\u015b znanym. Jestem ksi\u0119dzem, kt\u00f3ry po prostu chce rozmawia\u0107. Codzienna kap\u0142a\u0144ska pos\u0142uga pokazuje mi, \u017ce temat\u00f3w do rozm\u00f3w z ksi\u0119dzem jest coraz wi\u0119cej i dzisiaj \u017caden ksi\u0105dz nie mo\u017ce od nich ucieka\u0107, ale - wprost przeciwnie - podejmowa\u0107 nowe wyzwania. To przekonanie sk\u0142oni\u0142o mnie do pr\u00f3by otwarcia tego\u017c bloga, chocia\u017c okazji do rozm\u00f3w na co dzie\u0144 - w konfesjonale i poza nim - na szcz\u0119\u015bcie nie brakuje. My\u015bl\u0119 jednak, \u017ce ten blog b\u0119dzie jeszcze jednym sposobem i przestrzeni\u0105 nawi\u0105zania kontaktu z lud\u017ami dobrej woli, otwartymi na dialog.\",\"url\":\"https:\/\/gaudiumetspes-blog.pl\/index.php\/author\/ks-jacek\/\"}]}<\/script>\n<!-- \/ Yoast SEO plugin. -->","yoast_head_json":{"title":"Dziesi\u0119\u0107 mocnych lamp... - Gaudium Et Spes","robots":{"index":"index","follow":"follow","max-snippet":"max-snippet:-1","max-image-preview":"max-image-preview:large","max-video-preview":"max-video-preview:-1"},"canonical":"https:\/\/gaudiumetspes-blog.pl\/index.php\/2021\/03\/07\/dziesiec-mocnych-lamp\/","og_locale":"pl_PL","og_type":"article","og_title":"Dziesi\u0119\u0107 mocnych lamp... - Gaudium Et Spes","og_description":"Niech b\u0119dzie pochwalony Jezus Chrystus! Moi Drodzy, w dniu dzisiejszym imieniny prze\u017cywa Ksi\u0105dz Tomasz Radczuk, Kolega z roku \u015bwi\u0119ce\u0144, kt\u00f3rego pi\u0119\u0107dziesi\u0105te urodziny \u015bwi\u0119towali\u015bmy niedawno. W czwartek spotkali\u015bmy si\u0119 w Parafii, gdzie jest Proboszczem, na wsp\u00f3ln\u0105 uroczysto\u015b\u0107. Mogli\u015bmy osobi\u015bcie z\u0142o\u017cy\u0107 \u017cyczenia. Dzisiaj raz jeszcze przekazuj\u0119 zapewnienie o modlitwie \u2013 w intencji Solenizanta: o sta\u0142\u0105 gorliwo\u015b\u0107 w [&hellip;]","og_url":"https:\/\/gaudiumetspes-blog.pl\/index.php\/2021\/03\/07\/dziesiec-mocnych-lamp\/","og_site_name":"Gaudium Et Spes","article_published_time":"2021-03-07T04:18:30+00:00","author":"Ks. Jacek","twitter_card":"summary_large_image","twitter_misc":{"Napisane przez":"Ks. Jacek","Szacowany czas czytania":"14 minut"},"schema":{"@context":"https:\/\/schema.org","@graph":[{"@type":"WebPage","@id":"https:\/\/gaudiumetspes-blog.pl\/index.php\/2021\/03\/07\/dziesiec-mocnych-lamp\/","url":"https:\/\/gaudiumetspes-blog.pl\/index.php\/2021\/03\/07\/dziesiec-mocnych-lamp\/","name":"Dziesi\u0119\u0107 mocnych lamp... - Gaudium Et Spes","isPartOf":{"@id":"https:\/\/gaudiumetspes-blog.pl\/#website"},"datePublished":"2021-03-07T04:18:30+00:00","author":{"@id":"https:\/\/gaudiumetspes-blog.pl\/#\/schema\/person\/1661982992b752dea8dff0d4ed845a65"},"breadcrumb":{"@id":"https:\/\/gaudiumetspes-blog.pl\/index.php\/2021\/03\/07\/dziesiec-mocnych-lamp\/#breadcrumb"},"inLanguage":"pl-PL","potentialAction":[{"@type":"ReadAction","target":["https:\/\/gaudiumetspes-blog.pl\/index.php\/2021\/03\/07\/dziesiec-mocnych-lamp\/"]}]},{"@type":"BreadcrumbList","@id":"https:\/\/gaudiumetspes-blog.pl\/index.php\/2021\/03\/07\/dziesiec-mocnych-lamp\/#breadcrumb","itemListElement":[{"@type":"ListItem","position":1,"name":"Strona g\u0142\u00f3wna","item":"https:\/\/gaudiumetspes-blog.pl\/"},{"@type":"ListItem","position":2,"name":"Dziesi\u0119\u0107 mocnych lamp&#8230;"}]},{"@type":"WebSite","@id":"https:\/\/gaudiumetspes-blog.pl\/#website","url":"https:\/\/gaudiumetspes-blog.pl\/","name":"Gaudium Et Spes","description":"Blog Ks. Jacka Ja\u015bkowskiego","potentialAction":[{"@type":"SearchAction","target":{"@type":"EntryPoint","urlTemplate":"https:\/\/gaudiumetspes-blog.pl\/?s={search_term_string}"},"query-input":{"@type":"PropertyValueSpecification","valueRequired":true,"valueName":"search_term_string"}}],"inLanguage":"pl-PL"},{"@type":"Person","@id":"https:\/\/gaudiumetspes-blog.pl\/#\/schema\/person\/1661982992b752dea8dff0d4ed845a65","name":"Ks. Jacek","image":{"@type":"ImageObject","inLanguage":"pl-PL","@id":"https:\/\/gaudiumetspes-blog.pl\/#\/schema\/person\/image\/","url":"https:\/\/gaudiumetspes-blog.pl\/wp-content\/uploads\/2019\/07\/avatar-JJ-150x150.jpg","contentUrl":"https:\/\/gaudiumetspes-blog.pl\/wp-content\/uploads\/2019\/07\/avatar-JJ-150x150.jpg","caption":"Ks. Jacek"},"description":"Witam serdecznie! K\u0142ania si\u0119 Ks. Jacek Ja\u015bkowski. Nie jestem ani kim\u015b wa\u017cnym, ani kim\u015b znanym. Jestem ksi\u0119dzem, kt\u00f3ry po prostu chce rozmawia\u0107. Codzienna kap\u0142a\u0144ska pos\u0142uga pokazuje mi, \u017ce temat\u00f3w do rozm\u00f3w z ksi\u0119dzem jest coraz wi\u0119cej i dzisiaj \u017caden ksi\u0105dz nie mo\u017ce od nich ucieka\u0107, ale - wprost przeciwnie - podejmowa\u0107 nowe wyzwania. To przekonanie sk\u0142oni\u0142o mnie do pr\u00f3by otwarcia tego\u017c bloga, chocia\u017c okazji do rozm\u00f3w na co dzie\u0144 - w konfesjonale i poza nim - na szcz\u0119\u015bcie nie brakuje. My\u015bl\u0119 jednak, \u017ce ten blog b\u0119dzie jeszcze jednym sposobem i przestrzeni\u0105 nawi\u0105zania kontaktu z lud\u017ami dobrej woli, otwartymi na dialog.","url":"https:\/\/gaudiumetspes-blog.pl\/index.php\/author\/ks-jacek\/"}]}},"jetpack_featured_media_url":"","jetpack_sharing_enabled":true,"_links":{"self":[{"href":"https:\/\/gaudiumetspes-blog.pl\/index.php\/wp-json\/wp\/v2\/posts\/18628","targetHints":{"allow":["GET"]}}],"collection":[{"href":"https:\/\/gaudiumetspes-blog.pl\/index.php\/wp-json\/wp\/v2\/posts"}],"about":[{"href":"https:\/\/gaudiumetspes-blog.pl\/index.php\/wp-json\/wp\/v2\/types\/post"}],"author":[{"embeddable":true,"href":"https:\/\/gaudiumetspes-blog.pl\/index.php\/wp-json\/wp\/v2\/users\/1"}],"replies":[{"embeddable":true,"href":"https:\/\/gaudiumetspes-blog.pl\/index.php\/wp-json\/wp\/v2\/comments?post=18628"}],"version-history":[{"count":1,"href":"https:\/\/gaudiumetspes-blog.pl\/index.php\/wp-json\/wp\/v2\/posts\/18628\/revisions"}],"predecessor-version":[{"id":18629,"href":"https:\/\/gaudiumetspes-blog.pl\/index.php\/wp-json\/wp\/v2\/posts\/18628\/revisions\/18629"}],"wp:attachment":[{"href":"https:\/\/gaudiumetspes-blog.pl\/index.php\/wp-json\/wp\/v2\/media?parent=18628"}],"wp:term":[{"taxonomy":"category","embeddable":true,"href":"https:\/\/gaudiumetspes-blog.pl\/index.php\/wp-json\/wp\/v2\/categories?post=18628"},{"taxonomy":"post_tag","embeddable":true,"href":"https:\/\/gaudiumetspes-blog.pl\/index.php\/wp-json\/wp\/v2\/tags?post=18628"}],"curies":[{"name":"wp","href":"https:\/\/api.w.org\/{rel}","templated":true}]}}