{"id":18658,"date":"2021-03-16T05:37:38","date_gmt":"2021-03-16T04:37:38","guid":{"rendered":"https:\/\/gaudiumetspes-blog.pl\/?p=18658"},"modified":"2021-03-15T12:19:06","modified_gmt":"2021-03-15T11:19:06","slug":"zdrowie-fizyczne-czy-duchowe","status":"publish","type":"post","link":"https:\/\/gaudiumetspes-blog.pl\/index.php\/2021\/03\/16\/zdrowie-fizyczne-czy-duchowe\/","title":{"rendered":"Zdrowie fizyczne &#8211; czy duchowe?&#8230;"},"content":{"rendered":"<p align=\"justify\"><span style=\"color: #000000;\"><span style=\"font-family: Book Antiqua, serif;\"><span style=\"font-size: large;\">Szcz\u0119\u015b\u0107 Bo\u017ce! Moi Drodzy, w dniu dzisiejszym <b>urodziny prze\u017cywa Grzegorz Sosnowski, imieniny za\u015b prze\u017cywa Iza Izdebska \u2013 Oboje nale\u017c\u0105cy w swoim czasie do m\u0142odzie\u017cowych Wsp\u00f3lnot, kt\u00f3re prowadzi\u0142em. \u017bycz\u0119 Obojgu jak najlepszej duchowej kondycji \u2013 o czym dzisiaj w rozwa\u017caniu. Zapewniam o modlitwie!<\/b><\/span><\/span><\/span><\/p>\n<p align=\"justify\"><span style=\"color: #000000;\"><span style=\"font-family: Book Antiqua, serif;\"><span style=\"font-size: large;\">Moi Drodzy, poniewa\u017c od czwartku do niedzieli w naszej diecezjalnej telewizji internetowej b\u0119d\u0105 emitowane rekolekcje wielkopostne, kt\u00f3re poprowadz\u0119, przeto teksty tych rozwa\u017ca\u0144 pojawi\u0105 si\u0119 na forum. I dlatego s\u0142\u00f3wko z Syberii, kt\u00f3re zgodnie z tradycj\u0105 dziad\u00f3w i pradziad\u00f3w zawsze by\u0142o w pi\u0105tek, w tym tygodniu b\u0119dzie w \u015brod\u0119, czyli jutro. <\/span><\/span><\/span><\/p>\n<p align=\"justify\"><span style=\"color: #000000;\"><span style=\"font-family: Book Antiqua, serif;\"><span style=\"font-size: large;\">A Ksi\u0119dzu Leszkowi damy w tym tygodniu wolne \u2013 zw\u0142aszcza, \u017ce i tak ma teraz bardzo du\u017co innej pracy.<\/span><\/span><\/span><\/p>\n<p align=\"justify\"><span style=\"color: #000000;\"><span style=\"font-family: Book Antiqua, serif;\"><span style=\"font-size: large;\">Dzisiaj natomiast \u2013 po raz drugi na naszym blogu \u2013 s\u0142\u00f3wko Ani Szostak. Serdecznie dzi\u0119kuj\u0119 Jej za to, \u017ce zechcia\u0142a do\u0142\u0105czy\u0107 do grona Autor\u00f3w. Jak przed tygodniem wspomina\u0142em, obiecuj\u0119 sobie ciekaw\u0105 i owocn\u0105 wsp\u00f3\u0142prac\u0119. Ciesz\u0119 si\u0119, \u017ce powi\u0119ksza si\u0119 Ekipa tworz\u0105ca nasze forum. To z pewno\u015bci\u0105 przyczyni si\u0119 do jego duchowego i intelektualnego bogactwa!<\/span><\/span><\/span><\/p>\n<p align=\"justify\"><span style=\"color: #000000;\"><span style=\"font-family: Book Antiqua, serif;\"><span style=\"font-size: large;\">Zapraszam zatem do pochylenia si\u0119 nad Bo\u017cym s\u0142owem dzisiejszej liturgii. <b>Co Pan do mnie dzisiaj konkretnie, osobi\u015bcie m\u00f3wi? Z jakim przes\u0142aniem zwraca si\u0119 konkretnie do mnie?<\/b> Duchu \u015awi\u0119ty, pom\u00f3\u017c je odkry\u0107 i przyj\u0105\u0107 do serca!<\/span><\/span><\/span><\/p>\n<p align=\"justify\"><span style=\"color: #000000;\"><span style=\"font-family: Book Antiqua, serif;\"><span style=\"font-size: large;\"><b>Niech Was b\u0142ogos\u0142awi B\u00f3g Wszechmog\u0105cy: Ojciec + i Syn, i Duch \u015awi\u0119ty. Amen<\/b><\/span><\/span><\/span><\/p>\n<p align=\"center\"><span style=\"color: #000000;\"><span style=\"font-family: Book Antiqua, serif;\"><span style=\"font-size: large;\">Gaudium et spes! Ks. Jacek<\/span><\/span><\/span><\/p>\n<p align=\"center\">\n<p align=\"center\">\n<p align=\"center\">\n<p align=\"center\">\n<p align=\"center\">\n<p align=\"justify\"><span style=\"color: #000000;\"><span style=\"font-family: Book Antiqua, serif;\"><span style=\"font-size: large;\"><b>Wtorek 4 Tygodnia Wielkiego Postu,<\/b><\/span><\/span><\/span><\/p>\n<p align=\"justify\"><span style=\"color: #000000;\"><span style=\"font-family: Book Antiqua, serif;\"><span style=\"font-size: large;\"><b>16 marca 2021.,<\/b><\/span><\/span><\/span><\/p>\n<p align=\"justify\"><span style=\"color: #000000;\"><span style=\"font-family: Book Antiqua, serif;\"><span style=\"font-size: large;\"><b>do czyta\u0144: Ez 47,1\u20139.12; J 5,1\u20133a.5\u201316<\/b><\/span><\/span><\/span><\/p>\n<p align=\"justify\">\n<p align=\"justify\">\n<p align=\"justify\">\n<p align=\"justify\">\n<p align=\"justify\">\n<p align=\"justify\"><span style=\"color: #000000;\"><span style=\"font-family: Book Antiqua, serif;\"><span style=\"font-size: large;\"><b>CZYTANIE Z KSI\u0118GI PROROKA EZECHIELA: <\/b><\/span><\/span><\/span><\/p>\n<p align=\"justify\"><span style=\"color: #000000;\"><span style=\"font-family: Book Antiqua, serif;\"><span style=\"font-size: large;\"><b>Podczas widzenia otrzymanego od Pana zaprowadzi\u0142 mnie anio\u0142 z powrotem przed wej\u015bcie do \u015bwi\u0105tyni, a oto wyp\u0142ywa\u0142a woda spod progu \u015bwi\u0105tyni w kierunku wschodnim, poniewa\u017c przednia strona \u015bwi\u0105tyni by\u0142a skierowana ku wschodowi; a woda p\u0142yn\u0119\u0142a spod prawej strony \u015bwi\u0105tyni na po\u0142udnie od o\u0142tarza. I wyprowadzi\u0142 mnie przez bram\u0119 p\u00f3\u0142nocn\u0105 na zewn\u0105trz i poza murami powi\u00f3d\u0142 mnie do bramy zewn\u0119trznej, skierowanej ku wschodowi. A oto woda wyp\u0142ywa\u0142a spod prawej \u015bciany \u015bwi\u0105tyni, na po\u0142udnie od o\u0142tarza. <\/b><\/span><\/span><\/span><\/p>\n<p align=\"justify\"><span style=\"color: #000000;\"><span style=\"font-family: Book Antiqua, serif;\"><span style=\"font-size: large;\"><b>Potem poprowadzi\u0142 mnie \u00f3w m\u0105\u017c w kierunku wschodnim; mia\u0142 on w r\u0119ku pr\u0119t mierniczy, odmierzy\u0142 tysi\u0105c \u0142okci i kaza\u0142 mi przej\u015b\u0107 przez wod\u0119; woda si\u0119ga\u0142a a\u017c do kostek. Nast\u0119pnie zn\u00f3w odmierzy\u0142 tysi\u0105c \u0142okci i kaza\u0142 mi przej\u015b\u0107 przez wod\u0119; si\u0119ga\u0142a a\u017c do kolan; i zn\u00f3w odmierzy\u0142 tysi\u0105c \u0142okci i kaza\u0142 mi przej\u015b\u0107: si\u0119ga\u0142a a\u017c do bioder; i zn\u00f3w odmierzy\u0142 tysi\u0105c \u0142okci; by\u0142 tam ju\u017c potok, przez kt\u00f3ry nie mog\u0142em przej\u015b\u0107, gdy\u017c woda by\u0142a za g\u0142\u0119boka. Potem rzek\u0142 do mnie: \u201eCzy widzia\u0142e\u015b to, synu cz\u0142owieczy?\u201d I poprowadzi\u0142 mnie z powrotem wzd\u0142u\u017c rzeki. <\/b><\/span><\/span><\/span><\/p>\n<p align=\"justify\"><span style=\"color: #000000;\"><span style=\"font-family: Book Antiqua, serif;\"><span style=\"font-size: large;\"><b>Gdy si\u0119 odwr\u00f3ci\u0142em, oto po obu stronach na brzegu rzeki znajdowa\u0142o si\u0119 wiele drzew. A on rzek\u0142 do mnie: \u201eWoda ta p\u0142ynie na obszar wschodni, wzd\u0142u\u017c step\u00f3w, i rozlewa si\u0119 w wodach s\u0142onych, i wtedy wody jego staj\u0105 si\u0119 zdrowe. Wszystkie te\u017c istoty \u017cyj\u0105ce, od kt\u00f3rych tam si\u0119 roi, dok\u0105dkolwiek potok wp\u0142ynie, pozostan\u0105 przy \u017cyciu: b\u0119d\u0105 tam te\u017c niezliczone ryby, bo dok\u0105dkolwiek dotr\u0105 te wody, wszystko b\u0119dzie uzdrowione. <\/b><\/span><\/span><\/span><\/p>\n<p align=\"justify\"><span style=\"color: #000000;\"><span style=\"font-family: Book Antiqua, serif;\"><span style=\"font-size: large;\"><b>A nad brzegami potoku maj\u0105 rosn\u0105\u0107 po obu stronach r\u00f3\u017cnego rodzaju drzewa owocowe, kt\u00f3rych li\u015bcie nie wi\u0119dn\u0105, kt\u00f3rych owoce si\u0119 nie wyczerpuj\u0105; ka\u017cdego miesi\u0105ca b\u0119d\u0105 rodzi\u0107 nowe, poniewa\u017c ich woda przychodzi z przybytku. Ich owoce b\u0119d\u0105 s\u0142u\u017cy\u0107 za pokarm, a ich li\u015bcie za lekarstwo\u201d.<\/b><\/span><\/span><\/span><\/p>\n<p align=\"justify\">\n<p align=\"justify\">\n<p align=\"justify\">\n<p align=\"justify\">\n<p align=\"justify\">\n<p align=\"justify\"><span style=\"color: #000000;\"><span style=\"font-family: Book Antiqua, serif;\"><span style=\"font-size: large;\"><b>S\u0141OWA EWANGELII WED\u0141UG \u015aWI\u0118TEGO JANA: <\/b><\/span><\/span><\/span><\/p>\n<p align=\"justify\"><span style=\"color: #000000;\"><span style=\"font-family: Book Antiqua, serif;\"><span style=\"font-size: large;\"><b>By\u0142o \u015bwi\u0119to \u017cydowskie i Jezus uda\u0142 si\u0119 do Jerozolimy. <\/b><\/span><\/span><\/span><\/p>\n<p align=\"justify\"><span style=\"color: #000000;\"><span style=\"font-family: Book Antiqua, serif;\"><span style=\"font-size: large;\"><b>W Jerozolimie za\u015b znajduje si\u0119 Sadzawka Owcza, nazwana po hebrajsku Betesda, zaopatrzona w pi\u0119\u0107 kru\u017cgank\u00f3w. W\u015br\u00f3d nich le\u017ca\u0142o mn\u00f3stwo chorych: niewidomych, chromych, sparali\u017cowanych. <\/b><\/span><\/span><\/span><\/p>\n<p align=\"justify\"><span style=\"color: #000000;\"><span style=\"font-family: Book Antiqua, serif;\"><span style=\"font-size: large;\"><b>Znajdowa\u0142 si\u0119 tam pewien cz\u0142owiek, kt\u00f3ry ju\u017c od lat trzydziestu o\u015bmiu cierpia\u0142 na swoj\u0105 chorob\u0119. Gdy Jezus ujrza\u0142 go le\u017c\u0105cego i pozna\u0142, \u017ce czeka ju\u017c d\u0142ugi czas, rzek\u0142 do niego: \u201eCzy chcesz sta\u0107 si\u0119 zdrowym?\u201d <\/b><\/span><\/span><\/span><\/p>\n<p align=\"justify\"><span style=\"color: #000000;\"><span style=\"font-family: Book Antiqua, serif;\"><span style=\"font-size: large;\"><b>Odpowiedzia\u0142 Mu chory: \u201ePanie, nie mam cz\u0142owieka, aby mnie wprowadzi\u0142 do sadzawki, gdy nast\u0105pi poruszenie wody. Gdy ja sam ju\u017c dochodz\u0119, inny schodzi przede mn\u0105\u201d. <\/b><\/span><\/span><\/span><\/p>\n<p align=\"justify\"><span style=\"color: #000000;\"><span style=\"font-family: Book Antiqua, serif;\"><span style=\"font-size: large;\"><b>Rzek\u0142 do niego Jezus: \u201eWsta\u0144, we\u017a swoje \u0142o\u017ce i chod\u017a\u201d. Natychmiast wyzdrowia\u0142 \u00f3w cz\u0142owiek, wzi\u0105\u0142 swoje \u0142o\u017ce i chodzi\u0142. <\/b><\/span><\/span><\/span><\/p>\n<p align=\"justify\"><span style=\"color: #000000;\"><span style=\"font-family: Book Antiqua, serif;\"><span style=\"font-size: large;\"><b>Jednak\u017ce dnia tego by\u0142 szabat. Rzekli wi\u0119c \u017bydzi do uzdrowionego: \u201eDzi\u015b jest szabat, nie wolno ci nie\u015b\u0107 twojego \u0142o\u017ca\u201d. <\/b><\/span><\/span><\/span><\/p>\n<p align=\"justify\"><span style=\"color: #000000;\"><span style=\"font-family: Book Antiqua, serif;\"><span style=\"font-size: large;\"><b>On im odpowiedzia\u0142: \u201eTen, kt\u00f3ry mnie uzdrowi\u0142, rzek\u0142 do mnie: We\u017a swoje \u0142o\u017ce i chod\u017a\u201d. Pytali go wi\u0119c: \u201eC\u00f3\u017c to za cz\u0142owiek ci powiedzia\u0142: We\u017a i chod\u017a?\u201d Lecz uzdrowiony nie wiedzia\u0142, kim On jest; albowiem Jezus odsun\u0105\u0142 si\u0119 od t\u0142umu, kt\u00f3ry by\u0142 w tym miejscu. <\/b><\/span><\/span><\/span><\/p>\n<p align=\"justify\"><span style=\"color: #000000;\"><span style=\"font-family: Book Antiqua, serif;\"><span style=\"font-size: large;\"><b>Potem Jezus znalaz\u0142 go w \u015bwi\u0105tyni i rzek\u0142 do niego: \u201eOto wyzdrowia\u0142e\u015b. Nie grzesz ju\u017c wi\u0119cej, aby ci si\u0119 co\u015b gorszego nie przydarzy\u0142o\u201d. Cz\u0142owiek \u00f3w odszed\u0142 i doni\u00f3s\u0142 \u017bydom, \u017ce to Jezus go uzdrowi\u0142. I dlatego \u017bydzi prze\u015bladowali Jezusa, \u017ce to uczyni\u0142 w szabat.<\/b><\/span><\/span><\/span><\/p>\n<p align=\"justify\">\n<p align=\"justify\">\n<p align=\"justify\">\n<p align=\"justify\">\n<p align=\"justify\">\n<p align=\"center\"><span style=\"color: #000000;\"><span style=\"font-family: Book Antiqua, serif;\"><span style=\"font-size: large;\"><b>A OTO S\u0141\u00d3WKO ANI:<\/b><\/span><\/span><\/span><\/p>\n<p align=\"center\">\n<p align=\"center\">\n<p align=\"center\">\n<p align=\"center\">\n<p align=\"center\">\n<p align=\"justify\"><span style=\"color: #000000;\"><span style=\"font-family: Book Antiqua, serif;\"><span style=\"font-size: large;\">Czy chcesz sta\u0107 si\u0119 zdrowym? Zdrowie zawsze by\u0142o uwa\u017cane za jedn\u0105 z najwi\u0119kszych warto\u015bci w \u017cyciu cz\u0142owieka. W dzisiejszych czasach ro\u015bnie wa\u017cno\u015b\u0107 tej warto\u015bci. Staramy si\u0119 dba\u0107 o nasz\u0105 fizyczn\u0105 kondycj\u0119 jak najlepiej, bo wydaje si\u0119 nam, \u017ce to jest jeden z najwa\u017cniejszych element\u00f3w \u2013 \u017ce dzi\u0119ki temu uzyskamy szcz\u0119\u015bcie. Dowiadujemy si\u0119 czasem \u2013 mimochodem \u2013 o coraz to nowych sposobach dbania o siebie i ochrony przed r\u00f3\u017cnymi chorobami. \u201eNie jedz tych produkt\u00f3w zmieszanych, bo wytworzy si\u0119 co\u015b truj\u0105cego! Nie pij rano takiej a takiej herbaty, bo b\u0119dziesz \u017ale si\u0119 czu\u0142!\u201d <\/span><\/span><\/span><\/p>\n<p align=\"justify\"><span style=\"color: #000000;\"><span style=\"font-family: Book Antiqua, serif;\"><span style=\"font-size: large;\">Co w tym czasie robimy ze zdrowiem duchowym? Czy suplementujemy je, spowiadaj\u0105c si\u0119, szczerze si\u0119 modl\u0105c, uczestnicz\u0105c w Mszach \u015awi\u0119tych, rozwijaj\u0105c swoje talenty, wybaczaj\u0105c?\u2026 Czasem zdrowy, wysportowany cz\u0142owiek staje si\u0119 zgorzknia\u0142y, przestaje czerpa\u0107 rado\u015b\u0107 z \u017cycia, bo zapomnia\u0142 o swoim zdrowiu duchowym.<\/span><\/span><\/span><\/p>\n<p align=\"justify\"><span style=\"color: #000000;\"><span style=\"font-family: Book Antiqua, serif;\"><span style=\"font-size: large;\">Dzisiaj Chrystus w czytaniach daje nam lek: wod\u0119 \u017cyw\u0105. W pierwszym czytaniu jest to element, kt\u00f3ry uzdrawia, powoduje wzrost ro\u015blin, dojrzewanie owoc\u00f3w, pozwala na utrzymanie \u017cycia wielu istot. <\/span><\/span><\/span><\/p>\n<p align=\"justify\"><span style=\"color: #000000;\"><span style=\"font-family: Book Antiqua, serif;\"><span style=\"font-size: large;\">Dla nas t\u0105 Wod\u0105 jest oczywi\u015bcie Zbawiciel, kt\u00f3ry je\u015bli tylko chcemy, przebaczy nam nasze przewinienia, co sprawi, \u017ce b\u0119dziemy mogli swobodnie \u017cy\u0107 i rozwija\u0107 si\u0119, wzrasta\u0107 w wierze. O to chodzi w sakramentach, kt\u00f3re mo\u017cemy przyjmowa\u0107. Dzi\u0119ki nim mo\u017cemy sta\u0107 si\u0119 lepszymi lud\u017ami tu na ziemi oraz \u201eu\u0142atwi\u0107 sobie\u201d drog\u0119 do wiecznego szcz\u0119\u015bcia \u2013 nieba.<\/span><\/span><\/span><\/p>\n<p align=\"justify\"><span style=\"color: #000000;\"><span style=\"font-family: Book Antiqua, serif;\"><span style=\"font-size: large;\">W Ewangelii woda \u2013 lek, kt\u00f3rym jest Jezus Chrystus \u2013 pokazuje si\u0119 w urzekaj\u0105cy mnie spos\u00f3b. Nazwa miejsca \u201eakcji\u201d, w kt\u00f3rym dokonuje si\u0119 opisane wydarzenie: sadzawka Betesda, jest zbitk\u0105 aramejskich s\u0142\u00f3w: \u00abbeth\u00bb \u2013 \u00abdom\u00bb i \u00abhesda\u00bb \u2013 \u00abmi\u0142osierdzie\u00bb, \u00ab\u0142aska\u00bb, co oznacza\u0142oby: \u00abdom mi\u0142osierdzia\u00bb; \u00abdom \u0142aski\u00bb. <\/span><\/span><\/span><\/p>\n<p align=\"justify\"><span style=\"color: #000000;\"><span style=\"font-family: Book Antiqua, serif;\"><span style=\"font-size: large;\">Jednak\u017ce Chrystus nie przychodzi przez wod\u0119 w tej sadzawce \u2013 wtedy uzdrowi\u0142by wszystkich, kt\u00f3rzy do tej wody weszli. Pan chce uzdrowi\u0107 tak\u017ce ich, ale \u2013 moim zdaniem \u2013 ci ludzie, wchodz\u0105c tam ze wzgl\u0119du na sam\u0105 wod\u0119, czyli traktuj\u0105c sadzawk\u0119 w spos\u00f3b magiczny (na zasadzie: \u201eWejd\u0119 do wody i ona mnie uzdrowi\u2026\u201d), zamykaj\u0105 si\u0119 na prawdziw\u0105 Wod\u0119, na prawdziwe uzdrowienie. <\/span><\/span><\/span><\/p>\n<p align=\"justify\"><span style=\"color: #000000;\"><span style=\"font-family: Book Antiqua, serif;\"><span style=\"font-size: large;\">Jedyny chory, kt\u00f3ry zosta\u0142 uzdrowiony dzisiaj przez Chrystusa, nie by\u0142 w stanie sam dosta\u0107 si\u0119 fizycznie do wody. Jednak on \u2013 jako jedyny \u2013 chcia\u0142 przemieni\u0107 swoje \u017cycie. Nie podda\u0142 si\u0119, mimo \u017ce pr\u00f3bowa\u0142 ju\u017c niemal\u017ce czterdzie\u015bci lat. Jezus nagrodzi\u0142 jego wiar\u0119 i cierpliwo\u015b\u0107, zosta\u0142 on uzdrowiony.<\/span><\/span><\/span><\/p>\n<p align=\"justify\"><span style=\"color: #000000;\"><span style=\"font-family: Book Antiqua, serif;\"><span style=\"font-size: large;\">Dzi\u0119kuj\u0119 Ci, Panie, za to, \u017ce pokazujesz mi, jak do Ciebie dotrze\u0107 \u2013 i \u017ce jest we mnie pragnienie ci\u0105g\u0142ych zmian na lepsze\u2026 Oraz, \u017ce pokazujesz mi, i\u017c cierpliwo\u015b\u0107 do samego siebie jest wa\u017cna i \u017ce to, co nie wysz\u0142o dzisiaj, mo\u017ce wyj\u015b\u0107 jutro. <\/span><\/span><\/span><\/p>\n<p align=\"justify\"><span style=\"color: #000000;\"><span style=\"font-family: Book Antiqua, serif;\"><span style=\"font-size: large;\">A nade wszystko, dzi\u0119kuj\u0119 za przypomnienie, jak bardzo ka\u017cdemu z nas potrzebny jeste\u015b \u2013 TY. To Ty dajesz \u017cycie! To dzi\u0119ki Tobie mo\u017cemy si\u0119 zmienia\u0107 i rozwija\u0107. Dzi\u0119kuj\u0119\u2026 Amen<\/span><\/span><\/span><\/p>\n","protected":false},"excerpt":{"rendered":"<p>Szcz\u0119\u015b\u0107 Bo\u017ce! Moi Drodzy, w dniu dzisiejszym urodziny prze\u017cywa Grzegorz Sosnowski, imieniny za\u015b prze\u017cywa Iza Izdebska \u2013 Oboje nale\u017c\u0105cy w swoim czasie do m\u0142odzie\u017cowych Wsp\u00f3lnot, kt\u00f3re prowadzi\u0142em. \u017bycz\u0119 Obojgu jak najlepszej duchowej kondycji \u2013 o czym dzisiaj w rozwa\u017caniu. Zapewniam o modlitwie! Moi Drodzy, poniewa\u017c od czwartku do niedzieli w naszej diecezjalnej telewizji internetowej b\u0119d\u0105 [&hellip;]<\/p>\n","protected":false},"author":1,"featured_media":0,"comment_status":"open","ping_status":"open","sticky":false,"template":"","format":"standard","meta":{"jetpack_post_was_ever_published":false,"_jetpack_newsletter_access":"","_jetpack_dont_email_post_to_subs":false,"_jetpack_newsletter_tier_id":0,"_jetpack_memberships_contains_paywalled_content":false,"_jetpack_memberships_contains_paid_content":false,"footnotes":""},"categories":[1],"tags":[],"class_list":["post-18658","post","type-post","status-publish","format-standard","hentry","category-bez-kategorii"],"yoast_head":"<!-- This site is optimized with the Yoast SEO plugin v25.1 - https:\/\/yoast.com\/wordpress\/plugins\/seo\/ -->\n<title>Zdrowie fizyczne - czy duchowe?... - Gaudium Et Spes<\/title>\n<meta name=\"robots\" content=\"index, follow, max-snippet:-1, max-image-preview:large, max-video-preview:-1\" \/>\n<link rel=\"canonical\" href=\"https:\/\/gaudiumetspes-blog.pl\/index.php\/2021\/03\/16\/zdrowie-fizyczne-czy-duchowe\/\" \/>\n<meta property=\"og:locale\" content=\"pl_PL\" \/>\n<meta property=\"og:type\" content=\"article\" \/>\n<meta property=\"og:title\" content=\"Zdrowie fizyczne - czy duchowe?... - Gaudium Et Spes\" \/>\n<meta property=\"og:description\" content=\"Szcz\u0119\u015b\u0107 Bo\u017ce! Moi Drodzy, w dniu dzisiejszym urodziny prze\u017cywa Grzegorz Sosnowski, imieniny za\u015b prze\u017cywa Iza Izdebska \u2013 Oboje nale\u017c\u0105cy w swoim czasie do m\u0142odzie\u017cowych Wsp\u00f3lnot, kt\u00f3re prowadzi\u0142em. \u017bycz\u0119 Obojgu jak najlepszej duchowej kondycji \u2013 o czym dzisiaj w rozwa\u017caniu. Zapewniam o modlitwie! Moi Drodzy, poniewa\u017c od czwartku do niedzieli w naszej diecezjalnej telewizji internetowej b\u0119d\u0105 [&hellip;]\" \/>\n<meta property=\"og:url\" content=\"https:\/\/gaudiumetspes-blog.pl\/index.php\/2021\/03\/16\/zdrowie-fizyczne-czy-duchowe\/\" \/>\n<meta property=\"og:site_name\" content=\"Gaudium Et Spes\" \/>\n<meta property=\"article:published_time\" content=\"2021-03-16T04:37:38+00:00\" \/>\n<meta name=\"author\" content=\"Ks. Jacek\" \/>\n<meta name=\"twitter:card\" content=\"summary_large_image\" \/>\n<meta name=\"twitter:label1\" content=\"Napisane przez\" \/>\n\t<meta name=\"twitter:data1\" content=\"Ks. Jacek\" \/>\n\t<meta name=\"twitter:label2\" content=\"Szacowany czas czytania\" \/>\n\t<meta name=\"twitter:data2\" content=\"7 minut\" \/>\n<script type=\"application\/ld+json\" class=\"yoast-schema-graph\">{\"@context\":\"https:\/\/schema.org\",\"@graph\":[{\"@type\":\"WebPage\",\"@id\":\"https:\/\/gaudiumetspes-blog.pl\/index.php\/2021\/03\/16\/zdrowie-fizyczne-czy-duchowe\/\",\"url\":\"https:\/\/gaudiumetspes-blog.pl\/index.php\/2021\/03\/16\/zdrowie-fizyczne-czy-duchowe\/\",\"name\":\"Zdrowie fizyczne - czy duchowe?... - Gaudium Et Spes\",\"isPartOf\":{\"@id\":\"https:\/\/gaudiumetspes-blog.pl\/#website\"},\"datePublished\":\"2021-03-16T04:37:38+00:00\",\"author\":{\"@id\":\"https:\/\/gaudiumetspes-blog.pl\/#\/schema\/person\/1661982992b752dea8dff0d4ed845a65\"},\"breadcrumb\":{\"@id\":\"https:\/\/gaudiumetspes-blog.pl\/index.php\/2021\/03\/16\/zdrowie-fizyczne-czy-duchowe\/#breadcrumb\"},\"inLanguage\":\"pl-PL\",\"potentialAction\":[{\"@type\":\"ReadAction\",\"target\":[\"https:\/\/gaudiumetspes-blog.pl\/index.php\/2021\/03\/16\/zdrowie-fizyczne-czy-duchowe\/\"]}]},{\"@type\":\"BreadcrumbList\",\"@id\":\"https:\/\/gaudiumetspes-blog.pl\/index.php\/2021\/03\/16\/zdrowie-fizyczne-czy-duchowe\/#breadcrumb\",\"itemListElement\":[{\"@type\":\"ListItem\",\"position\":1,\"name\":\"Strona g\u0142\u00f3wna\",\"item\":\"https:\/\/gaudiumetspes-blog.pl\/\"},{\"@type\":\"ListItem\",\"position\":2,\"name\":\"Zdrowie fizyczne &#8211; czy&nbsp;duchowe?&#8230;\"}]},{\"@type\":\"WebSite\",\"@id\":\"https:\/\/gaudiumetspes-blog.pl\/#website\",\"url\":\"https:\/\/gaudiumetspes-blog.pl\/\",\"name\":\"Gaudium Et Spes\",\"description\":\"Blog Ks. Jacka Ja\u015bkowskiego\",\"potentialAction\":[{\"@type\":\"SearchAction\",\"target\":{\"@type\":\"EntryPoint\",\"urlTemplate\":\"https:\/\/gaudiumetspes-blog.pl\/?s={search_term_string}\"},\"query-input\":{\"@type\":\"PropertyValueSpecification\",\"valueRequired\":true,\"valueName\":\"search_term_string\"}}],\"inLanguage\":\"pl-PL\"},{\"@type\":\"Person\",\"@id\":\"https:\/\/gaudiumetspes-blog.pl\/#\/schema\/person\/1661982992b752dea8dff0d4ed845a65\",\"name\":\"Ks. Jacek\",\"image\":{\"@type\":\"ImageObject\",\"inLanguage\":\"pl-PL\",\"@id\":\"https:\/\/gaudiumetspes-blog.pl\/#\/schema\/person\/image\/\",\"url\":\"https:\/\/gaudiumetspes-blog.pl\/wp-content\/uploads\/2019\/07\/avatar-JJ-150x150.jpg\",\"contentUrl\":\"https:\/\/gaudiumetspes-blog.pl\/wp-content\/uploads\/2019\/07\/avatar-JJ-150x150.jpg\",\"caption\":\"Ks. Jacek\"},\"description\":\"Witam serdecznie! K\u0142ania si\u0119 Ks. Jacek Ja\u015bkowski. Nie jestem ani kim\u015b wa\u017cnym, ani kim\u015b znanym. Jestem ksi\u0119dzem, kt\u00f3ry po prostu chce rozmawia\u0107. Codzienna kap\u0142a\u0144ska pos\u0142uga pokazuje mi, \u017ce temat\u00f3w do rozm\u00f3w z ksi\u0119dzem jest coraz wi\u0119cej i dzisiaj \u017caden ksi\u0105dz nie mo\u017ce od nich ucieka\u0107, ale - wprost przeciwnie - podejmowa\u0107 nowe wyzwania. To przekonanie sk\u0142oni\u0142o mnie do pr\u00f3by otwarcia tego\u017c bloga, chocia\u017c okazji do rozm\u00f3w na co dzie\u0144 - w konfesjonale i poza nim - na szcz\u0119\u015bcie nie brakuje. My\u015bl\u0119 jednak, \u017ce ten blog b\u0119dzie jeszcze jednym sposobem i przestrzeni\u0105 nawi\u0105zania kontaktu z lud\u017ami dobrej woli, otwartymi na dialog.\",\"url\":\"https:\/\/gaudiumetspes-blog.pl\/index.php\/author\/ks-jacek\/\"}]}<\/script>\n<!-- \/ Yoast SEO plugin. -->","yoast_head_json":{"title":"Zdrowie fizyczne - czy duchowe?... - Gaudium Et Spes","robots":{"index":"index","follow":"follow","max-snippet":"max-snippet:-1","max-image-preview":"max-image-preview:large","max-video-preview":"max-video-preview:-1"},"canonical":"https:\/\/gaudiumetspes-blog.pl\/index.php\/2021\/03\/16\/zdrowie-fizyczne-czy-duchowe\/","og_locale":"pl_PL","og_type":"article","og_title":"Zdrowie fizyczne - czy duchowe?... - Gaudium Et Spes","og_description":"Szcz\u0119\u015b\u0107 Bo\u017ce! Moi Drodzy, w dniu dzisiejszym urodziny prze\u017cywa Grzegorz Sosnowski, imieniny za\u015b prze\u017cywa Iza Izdebska \u2013 Oboje nale\u017c\u0105cy w swoim czasie do m\u0142odzie\u017cowych Wsp\u00f3lnot, kt\u00f3re prowadzi\u0142em. \u017bycz\u0119 Obojgu jak najlepszej duchowej kondycji \u2013 o czym dzisiaj w rozwa\u017caniu. Zapewniam o modlitwie! Moi Drodzy, poniewa\u017c od czwartku do niedzieli w naszej diecezjalnej telewizji internetowej b\u0119d\u0105 [&hellip;]","og_url":"https:\/\/gaudiumetspes-blog.pl\/index.php\/2021\/03\/16\/zdrowie-fizyczne-czy-duchowe\/","og_site_name":"Gaudium Et Spes","article_published_time":"2021-03-16T04:37:38+00:00","author":"Ks. Jacek","twitter_card":"summary_large_image","twitter_misc":{"Napisane przez":"Ks. Jacek","Szacowany czas czytania":"7 minut"},"schema":{"@context":"https:\/\/schema.org","@graph":[{"@type":"WebPage","@id":"https:\/\/gaudiumetspes-blog.pl\/index.php\/2021\/03\/16\/zdrowie-fizyczne-czy-duchowe\/","url":"https:\/\/gaudiumetspes-blog.pl\/index.php\/2021\/03\/16\/zdrowie-fizyczne-czy-duchowe\/","name":"Zdrowie fizyczne - czy duchowe?... - Gaudium Et Spes","isPartOf":{"@id":"https:\/\/gaudiumetspes-blog.pl\/#website"},"datePublished":"2021-03-16T04:37:38+00:00","author":{"@id":"https:\/\/gaudiumetspes-blog.pl\/#\/schema\/person\/1661982992b752dea8dff0d4ed845a65"},"breadcrumb":{"@id":"https:\/\/gaudiumetspes-blog.pl\/index.php\/2021\/03\/16\/zdrowie-fizyczne-czy-duchowe\/#breadcrumb"},"inLanguage":"pl-PL","potentialAction":[{"@type":"ReadAction","target":["https:\/\/gaudiumetspes-blog.pl\/index.php\/2021\/03\/16\/zdrowie-fizyczne-czy-duchowe\/"]}]},{"@type":"BreadcrumbList","@id":"https:\/\/gaudiumetspes-blog.pl\/index.php\/2021\/03\/16\/zdrowie-fizyczne-czy-duchowe\/#breadcrumb","itemListElement":[{"@type":"ListItem","position":1,"name":"Strona g\u0142\u00f3wna","item":"https:\/\/gaudiumetspes-blog.pl\/"},{"@type":"ListItem","position":2,"name":"Zdrowie fizyczne &#8211; czy&nbsp;duchowe?&#8230;"}]},{"@type":"WebSite","@id":"https:\/\/gaudiumetspes-blog.pl\/#website","url":"https:\/\/gaudiumetspes-blog.pl\/","name":"Gaudium Et Spes","description":"Blog Ks. Jacka Ja\u015bkowskiego","potentialAction":[{"@type":"SearchAction","target":{"@type":"EntryPoint","urlTemplate":"https:\/\/gaudiumetspes-blog.pl\/?s={search_term_string}"},"query-input":{"@type":"PropertyValueSpecification","valueRequired":true,"valueName":"search_term_string"}}],"inLanguage":"pl-PL"},{"@type":"Person","@id":"https:\/\/gaudiumetspes-blog.pl\/#\/schema\/person\/1661982992b752dea8dff0d4ed845a65","name":"Ks. Jacek","image":{"@type":"ImageObject","inLanguage":"pl-PL","@id":"https:\/\/gaudiumetspes-blog.pl\/#\/schema\/person\/image\/","url":"https:\/\/gaudiumetspes-blog.pl\/wp-content\/uploads\/2019\/07\/avatar-JJ-150x150.jpg","contentUrl":"https:\/\/gaudiumetspes-blog.pl\/wp-content\/uploads\/2019\/07\/avatar-JJ-150x150.jpg","caption":"Ks. Jacek"},"description":"Witam serdecznie! K\u0142ania si\u0119 Ks. Jacek Ja\u015bkowski. Nie jestem ani kim\u015b wa\u017cnym, ani kim\u015b znanym. Jestem ksi\u0119dzem, kt\u00f3ry po prostu chce rozmawia\u0107. Codzienna kap\u0142a\u0144ska pos\u0142uga pokazuje mi, \u017ce temat\u00f3w do rozm\u00f3w z ksi\u0119dzem jest coraz wi\u0119cej i dzisiaj \u017caden ksi\u0105dz nie mo\u017ce od nich ucieka\u0107, ale - wprost przeciwnie - podejmowa\u0107 nowe wyzwania. To przekonanie sk\u0142oni\u0142o mnie do pr\u00f3by otwarcia tego\u017c bloga, chocia\u017c okazji do rozm\u00f3w na co dzie\u0144 - w konfesjonale i poza nim - na szcz\u0119\u015bcie nie brakuje. My\u015bl\u0119 jednak, \u017ce ten blog b\u0119dzie jeszcze jednym sposobem i przestrzeni\u0105 nawi\u0105zania kontaktu z lud\u017ami dobrej woli, otwartymi na dialog.","url":"https:\/\/gaudiumetspes-blog.pl\/index.php\/author\/ks-jacek\/"}]}},"jetpack_featured_media_url":"","jetpack_sharing_enabled":true,"_links":{"self":[{"href":"https:\/\/gaudiumetspes-blog.pl\/index.php\/wp-json\/wp\/v2\/posts\/18658","targetHints":{"allow":["GET"]}}],"collection":[{"href":"https:\/\/gaudiumetspes-blog.pl\/index.php\/wp-json\/wp\/v2\/posts"}],"about":[{"href":"https:\/\/gaudiumetspes-blog.pl\/index.php\/wp-json\/wp\/v2\/types\/post"}],"author":[{"embeddable":true,"href":"https:\/\/gaudiumetspes-blog.pl\/index.php\/wp-json\/wp\/v2\/users\/1"}],"replies":[{"embeddable":true,"href":"https:\/\/gaudiumetspes-blog.pl\/index.php\/wp-json\/wp\/v2\/comments?post=18658"}],"version-history":[{"count":1,"href":"https:\/\/gaudiumetspes-blog.pl\/index.php\/wp-json\/wp\/v2\/posts\/18658\/revisions"}],"predecessor-version":[{"id":18659,"href":"https:\/\/gaudiumetspes-blog.pl\/index.php\/wp-json\/wp\/v2\/posts\/18658\/revisions\/18659"}],"wp:attachment":[{"href":"https:\/\/gaudiumetspes-blog.pl\/index.php\/wp-json\/wp\/v2\/media?parent=18658"}],"wp:term":[{"taxonomy":"category","embeddable":true,"href":"https:\/\/gaudiumetspes-blog.pl\/index.php\/wp-json\/wp\/v2\/categories?post=18658"},{"taxonomy":"post_tag","embeddable":true,"href":"https:\/\/gaudiumetspes-blog.pl\/index.php\/wp-json\/wp\/v2\/tags?post=18658"}],"curies":[{"name":"wp","href":"https:\/\/api.w.org\/{rel}","templated":true}]}}