{"id":18698,"date":"2021-03-20T07:21:44","date_gmt":"2021-03-20T06:21:44","guid":{"rendered":"https:\/\/gaudiumetspes-blog.pl\/?p=18698"},"modified":"2021-03-20T07:56:06","modified_gmt":"2021-03-20T06:56:06","slug":"modlmy-sie-za-siebie-nawzajem","status":"publish","type":"post","link":"https:\/\/gaudiumetspes-blog.pl\/index.php\/2021\/03\/20\/modlmy-sie-za-siebie-nawzajem\/","title":{"rendered":"Z\u0142ota Ksi\u0119ga Modlitwy"},"content":{"rendered":"<p align=\"justify\"><span style=\"color: #000000;\"><span style=\"font-family: Book Antiqua, serif;\"><span style=\"font-size: large;\">Szcz\u0119\u015b\u0107 Bo\u017ce! Moi Drodzy, w dniu dzisiejszym <b>imieniny prze\u017cywa Klaudia Ko\u0142odziejczuk, w\u0142\u0105czaj\u0105ca si\u0119 w swoim czasie w dzia\u0142alno\u015b\u0107 m\u0142odzie\u017cowych Wsp\u00f3lnot. \u017bycz\u0119 Jej sta\u0142ego odkrywania Bo\u017cej obecno\u015bci w swoim \u017cyciu. I zapewniam o modlitwie!<\/b><\/span><\/span><\/span><\/p>\n<p align=\"justify\"><span style=\"color: #000000;\"><span style=\"font-family: Book Antiqua, serif;\"><span style=\"font-size: large;\">A Was wszystkich, moi Drodzy, zapraszam ju\u017c na kolejny dzie\u0144 naszych Rekolekcji.<\/span><\/span><\/span><\/p>\n<p align=\"center\"><span style=\"color: #000000;\"><span style=\"font-family: Book Antiqua, serif;\"><span style=\"font-size: large;\">Gaudium et spes! Ks. Jacek<\/span><\/span><\/span><\/p>\n<p align=\"center\">\n<p align=\"center\">\n<p align=\"center\">\n<p align=\"center\">\n<p align=\"center\">\n<p align=\"justify\"><span style=\"color: #000000;\"><span style=\"font-family: Book Antiqua, serif;\"><span style=\"font-size: large;\"><b>REKOLEKCJE WIELKOPOSTNE \u2013 DZIE\u0143 3<\/b><\/span><\/span><\/span><\/p>\n<p align=\"justify\"><span style=\"color: #000000;\"><span style=\"font-family: Book Antiqua, serif;\"><span style=\"font-size: large;\"><b>Sobota 4 Tygodnia Wielkiego Postu,<\/b><\/span><\/span><\/span><\/p>\n<p align=\"justify\"><span style=\"color: #000000;\"><span style=\"font-family: Book Antiqua, serif;\"><span style=\"font-size: large;\"><b>20 marca 2021.,<\/b><\/span><\/span><\/span><\/p>\n<p align=\"justify\"><span style=\"color: #000000;\"><span style=\"font-family: Book Antiqua, serif;\"><span style=\"font-size: large;\"><b>do czyta\u0144: Jr 11,18\u201320; J 7,40\u201353<\/b><\/span><\/span><\/span><\/p>\n<p align=\"justify\">\n<p align=\"justify\">\n<p align=\"justify\">\n<p align=\"justify\">\n<p align=\"justify\">\n<p align=\"justify\"><span style=\"color: #000000;\"><span style=\"font-family: Book Antiqua, serif;\"><span style=\"font-size: large;\"><b>CZYTANIE Z KSI\u0118GI PROROKA JEREMIASZA: <\/b><\/span><\/span><\/span><\/p>\n<p align=\"justify\"><span style=\"color: #000000;\"><span style=\"font-family: Book Antiqua, serif;\"><span style=\"font-size: large;\"><b>Pan mnie pouczy\u0142 i dowiedzia\u0142em si\u0119; wtedy przejrza\u0142em ich post\u0119pki. <\/b><\/span><\/span><\/span><\/p>\n<p align=\"justify\"><span style=\"color: #000000;\"><span style=\"font-family: Book Antiqua, serif;\"><span style=\"font-size: large;\"><b>Ja za\u015b jak baranek oswojony, kt\u00f3rego prowadz\u0105 na rze\u017a, nie wiedzia\u0142em, \u017ce powzi\u0119li przeciw mnie zgubne plany: \u201eZniszczmy drzewo wraz z jego moc\u0105, zg\u0142ad\u017amy go z ziemi \u017cyj\u0105cych, a jego imienia niech ju\u017c nikt nie wspomina!\u201d <\/b><\/span><\/span><\/span><\/p>\n<p align=\"justify\"><span style=\"color: #000000;\"><span style=\"font-family: Book Antiqua, serif;\"><span style=\"font-size: large;\"><b>Lecz Pan Zast\u0119p\u00f3w jest sprawiedliwym s\u0119dzi\u0105, bada sumienie i serce. Chcia\u0142bym zobaczy\u0107 Twoj\u0105 zemst\u0119 nad nimi, albowiem Tobie powierzam swoj\u0105 spraw\u0119.<\/b><\/span><\/span><\/span><\/p>\n<p align=\"justify\">\n<p align=\"justify\">\n<p align=\"justify\">\n<p align=\"justify\">\n<p align=\"justify\">\n<p align=\"justify\"><span style=\"color: #000000;\"><span style=\"font-family: Book Antiqua, serif;\"><span style=\"font-size: large;\"><b>S\u0141OWA EWANGELII WED\u0141UG \u015aWI\u0118TEGO JANA: <\/b><\/span><\/span><\/span><\/p>\n<p align=\"justify\"><span style=\"color: #000000;\"><span style=\"font-family: Book Antiqua, serif;\"><span style=\"font-size: large;\"><b>W\u015br\u00f3d t\u0142um\u00f3w s\u0142uchaj\u0105cych Jezusa odezwa\u0142y si\u0119 g\u0142osy: \u201eTen prawdziwie jest prorokiem\u201d. Inni m\u00f3wili: \u201eTo jest Mesjasz\u201d. Jeszcze inni m\u00f3wili: \u201eCzy\u017c Mesjasz przyjdzie z Galilei? Czy\u017c Pismo nie m\u00f3wi, \u017ce Mesjasz b\u0119dzie pochodzi\u0142 z potomstwa Dawidowego i z miasteczka Betlejem?\u201d I powsta\u0142o w t\u0142umie rozdwojenie z Jego powodu. Niekt\u00f3rzy chcieli Go nawet pojma\u0107, lecz nikt nie odwa\u017cy\u0142 si\u0119 podnie\u015b\u0107 na Niego r\u0119ki. <\/b><\/span><\/span><\/span><\/p>\n<p align=\"justify\"><span style=\"color: #000000;\"><span style=\"font-family: Book Antiqua, serif;\"><span style=\"font-size: large;\"><b>Wr\u00f3cili wi\u0119c stra\u017cnicy do kap\u0142an\u00f3w i faryzeusz\u00f3w, a ci rzekli do nich: \u201eCzemu\u015bcie Go nie pojmali?\u201d <\/b><\/span><\/span><\/span><\/p>\n<p align=\"justify\"><span style=\"color: #000000;\"><span style=\"font-family: Book Antiqua, serif;\"><span style=\"font-size: large;\"><b>Stra\u017cnicy odpowiedzieli: \u201eNigdy jeszcze nikt nie przemawia\u0142 tak, jak Ten cz\u0142owiek przemawia\u201d. <\/b><\/span><\/span><\/span><\/p>\n<p align=\"justify\"><span style=\"color: #000000;\"><span style=\"font-family: Book Antiqua, serif;\"><span style=\"font-size: large;\"><b>Odpowiedzieli im faryzeusze: \u201eCzy\u017c i wy dali\u015bcie si\u0119 zwie\u015b\u0107? Czy kto\u015b ze zwierzchnik\u00f3w lub faryzeusz\u00f3w uwierzy\u0142 w Niego? A ten t\u0142um, kt\u00f3ry nie zna Prawa, jest przekl\u0119ty\u201d. <\/b><\/span><\/span><\/span><\/p>\n<p align=\"justify\"><span style=\"color: #000000;\"><span style=\"font-family: Book Antiqua, serif;\"><span style=\"font-size: large;\"><b>Odezwa\u0142 si\u0119 do nich jeden spo\u015br\u00f3d nich, Nikodem, ten, kt\u00f3ry przedtem przyszed\u0142 do Niego: \u201eCzy Prawo nasze pot\u0119pia cz\u0142owieka, zanim go wpierw przes\u0142ucha i zbada, co czyni?\u201d <\/b><\/span><\/span><\/span><\/p>\n<p align=\"justify\"><span style=\"color: #000000;\"><span style=\"font-family: Book Antiqua, serif;\"><span style=\"font-size: large;\"><b>Odpowiedzieli mu: \u201eCzy i ty jeste\u015b z Galilei? Zbadaj, zobacz, \u017ce \u017caden prorok nie powstaje z Galilei\u201d. <\/b><\/span><\/span><\/span><\/p>\n<p align=\"justify\"><span style=\"color: #000000;\"><span style=\"font-family: Book Antiqua, serif;\"><span style=\"font-size: large;\"><b>I rozeszli si\u0119 ka\u017cdy do swego domu.<\/b><\/span><\/span><\/span><\/p>\n<p align=\"justify\">\n<p align=\"justify\">\n<p align=\"justify\">\n<p align=\"justify\">\n<p align=\"justify\">\n<p align=\"justify\"><span style=\"color: #000000;\"><span style=\"font-family: Book Antiqua, serif;\"><span style=\"font-size: large;\">Ca\u0142ym sercem witam Was wszystkich, moi Drodzy, w kolejnym dniu naszych Rekolekcji i wyra\u017cam wielk\u0105 wdzi\u0119czno\u015b\u0107 za to, \u017ce jeste\u015bmy razem, tworzymy t\u0119 <b>Wsp\u00f3lnot<\/b><b>\u0119<\/b><b> modlitwy i refleksji,<\/b> razem przygotowuj\u0105c si\u0119 do \u015awi\u0105t Paschalnych. A chocia\u017c prze\u017cywamy te Rekolekcje w formie wirtualnej, drog\u0105 internetow\u0105, to ju\u017c od naszego <b>osobistego zaanga\u017cowania, od indywidualnego nastawienia<\/b> ka\u017cdej i ka\u017cdego z nas zale\u017cy, \u017ceby uczyni\u0107 je wydarzeniem <b>jak najbardziej realnym.<\/b> Bo ta forma, w jakiej si\u0119 one odbywaj\u0105 \u2013 jak sobie codziennie podkre\u015blamy: forma pomocnicza w stosunku do tej tradycyjnej, \u201ena \u017cywo\u201d \u2013 <b>tak\u017ce mo\u017ce nam pom\u00f3c<\/b> w g\u0142\u0119bokim prze\u017cyciu tego \u015bwi\u0119tego czasu, je\u017celi naprawd\u0119 zaanga\u017cujemy si\u0119 ca\u0142ym sercem w jego prze\u017cywanie. <\/span><\/span><\/span><\/p>\n<p align=\"justify\"><span style=\"color: #000000;\"><span style=\"font-family: Book Antiqua, serif;\"><span style=\"font-size: large;\">Dlatego serdecznie dzi\u0119kuj\u0119 za dotychczasowe trwanie na posterunku \u2013 i prosz\u0119 <b>o dalsze nasze wsp\u00f3lne pod\u0105\u017canie<\/b> t\u0105 drog\u0105. Dzi\u0119kuj\u0119 za wzajemne wspieranie si\u0119 modlitw\u0105 \u2013 za wszystkie modlitwy, jakie w tych dniach zanosicie, moi Drodzy, w intencji tego czasu. Dzi\u0119kuj\u0119 za odm\u00f3wienie <b>modlitw, kt\u00f3re wyznaczamy sobie jako wsp\u00f3lne,<\/b> kt\u00f3re nas jednocz\u0105 przed Panem, jako rekolekcyjn\u0105 wsp\u00f3lnot\u0119. <\/span><\/span><\/span><\/p>\n<p align=\"justify\"><span style=\"color: #000000;\"><span style=\"font-family: Book Antiqua, serif;\"><span style=\"font-size: large;\">Przypomn\u0119, \u017ce pierwszego dnia zaplanowali\u015bmy odm\u00f3wienie <b>Koronki do Bo\u017cego Mi\u0142osierdzia,<\/b> wczoraj \u2013 <b>Litanii do \u015awi\u0119tego J\u00f3zefa,<\/b> ze wzgl\u0119du na wczorajsz\u0105 Uroczysto\u015b\u0107; dzisiaj za\u015b odm\u00f3wmy w naszej Wsp\u00f3lnocie <b>Litani\u0119 Loreta\u0144sk\u0105 do Naj\u015bwi\u0119tszej Maryi Panny.<\/b> Wszam mamy sobot\u0119, a wi\u0119c dzie\u0144 tradycyjnie po\u015bwi\u0119cony Maryi, a przecie\u017c Ona jest <b>nasz\u0105 Przewodniczk\u0105<\/b> na drogach wielkopostnej i rekolekcyjnej pracy nad sob\u0105, dlatego do Niej w\u0142a\u015bnie zwr\u00f3\u0107my si\u0119 dzisiaj, lub jutro, do momentu naszego nast\u0119pnego spotkania. <\/span><\/span><\/span><\/p>\n<p align=\"justify\"><span style=\"color: #000000;\"><span style=\"font-family: Book Antiqua, serif;\"><span style=\"font-size: large;\">I tak, jak przy Koronce, tak i przy Litanii Loreta\u0144skiej podpowiem, \u017ce je\u017celi kto\u015b codziennie j\u0105 odmawia, to niech <b>dzisiaj odm\u00f3wi <\/b><b>j\u0105 po raz drugi.<\/b> Na pewno, modlitwy nigdy nie jest za du\u017co, jest jej zwykle za ma\u0142o, dlatego je\u017celi mamy tak\u0105 mo\u017cliwo\u015b\u0107, to wzywajmy wstawiennictwa naszej Najlepszej Matki. I <b>pro\u015bmy J\u0105 o nadziej\u0119 <\/b>\u2013 o t\u0119 nadziej\u0119, kt\u00f3rej nam szczeg\u00f3lnie ostatnio tak bardzo potrzeba, a kt\u00f3ra stanowi my\u015bl przewodni\u0105 naszych spotka\u0144. <\/span><\/span><\/span><\/p>\n<p align=\"justify\"><span style=\"color: #000000;\"><span style=\"font-family: Book Antiqua, serif;\"><span style=\"font-size: large;\"><b>LOKOWANIE NADZIEI W KRZY\u017bU. <\/b>Tak brzmi has\u0142o naszych Rekolekcji, stanowi\u0105ce bezpo\u015brednie odwo\u0142anie do zawo\u0142ania, jakie chrze\u015bcijanie wznosili w\u0142a\u015bciwie od pocz\u0105tk\u00f3w Ko\u015bcio\u0142a: <b>AVE CRUX, SPES UNICA NOSTRA!<\/b><b> \u2013<\/b><b> WITAJ, KRZY\u017bU, JEDYNA NASZA NADZIEJO!<\/b> <\/span><\/span><\/span><\/p>\n<p align=\"justify\"><span style=\"color: #000000;\"><span style=\"font-family: Book Antiqua, serif;\"><span style=\"font-size: large;\">Ale nawi\u0105zujemy te\u017c do innej, bardzo m\u0105drej i g\u0142\u0119bokiej my\u015bli, powtarzanej przez naszych przodk\u00f3w w wierze: <b>STAT CRUX DUM VOLVITUR ORBIS \u2013 KRZY\u017b STOI, CHOCIA\u017b \u015aWIAT SI\u0118 KR\u0118CI. <\/b>Jak to sobie ci\u0105gle powtarzamy, dzisiaj \u015bwiat ju\u017c nawet nie tyle si\u0119 kr\u0119ci, <b>co wariuje, szaleje i p\u0119dzi do przepa\u015bci.<\/b> Na szcz\u0119\u015bcie, jest Krzy\u017c Chrystusa, kt\u00f3ry stoi pewnie i niewzruszenie, na kt\u00f3rym mo\u017cna si\u0119 oprze\u0107, <b>jak na mocnym filarze, <\/b>jak na trwa\u0142ym fundamencie. I my w\u0142a\u015bnie na nim chcemy si\u0119 oprze\u0107, poszukuj\u0105c motyw\u00f3w i \u017ar\u00f3de\u0142 nadziei w naszej obecnej rzeczywisto\u015bci.<\/span><\/span><\/span><\/p>\n<p align=\"justify\"><span style=\"color: #000000;\"><span style=\"font-family: Book Antiqua, serif;\"><span style=\"font-size: large;\">I w\u0142a\u015bnie dlatego <b>ws\u0142uchujemy si\u0119 w Bo\u017ce s\u0142owo<\/b> \u2013 nie dobierane specjalnie do okoliczno\u015bci, ale dok\u0142adnie to, kt\u00f3re liturgia Ko\u015bcio\u0142a przeznacza <b>na dzisiejszy dzie\u0144.<\/b> W ten spos\u00f3b to Pan sam wyznacza kierunek naszej refleksji i wyra\u017anie podpowiada, na co mamy zwr\u00f3ci\u0107 uwag\u0119 i nad czym g\u0142\u0119biej si\u0119 zastanowi\u0107.<\/span><\/span><\/span><\/p>\n<p align=\"justify\"><span style=\"color: #000000;\"><span style=\"font-family: Book Antiqua, serif;\"><span style=\"font-size: large;\">I oto dzisiaj, w pierwszym czytaniu, z Proroctwa Jeremiasza, s\u0142yszymy <b>skarg\u0119, wypowiedzian\u0105 przez Proroka,<\/b> na ludzi, kt\u00f3rzy z sobie tylko wiadomych powod\u00f3w chc\u0105 go zniszczy\u0107, uciszy\u0107, zem\u015bci\u0107 si\u0119 na nim. Jeremiasz m\u00f3wi: <i><b>Ja za\u015b jak baranek oswojony, kt\u00f3rego prowadz\u0105 na rze\u017a, nie wiedzia\u0142em, \u017ce powzi\u0119li przeciw mnie zgubne plany: \u201eZniszczmy drzewo wraz z jego moc\u0105, zg\u0142ad\u017amy go z ziemi \u017cyj\u0105cych, a jego imienia niech ju\u017c nikt nie wspomina!\u201d Lecz Pan Zast\u0119p\u00f3w jest sprawiedliwym s\u0119dzi\u0105, bada sumienie i serce. Chcia\u0142bym zobaczy\u0107 Twoj\u0105 zemst\u0119 nad nimi, albowiem Tobie powierzam swoj\u0105 spraw\u0119.<\/b><\/i> <\/span><\/span><\/span><\/p>\n<p align=\"justify\"><span style=\"color: #000000;\"><span style=\"font-family: Book Antiqua, serif;\"><span style=\"font-size: large;\">Zobaczmy, z jednej strony, realna ocena sytuacji \u2013 niestety, jest to ocena <b>bardzo dramatyczna.<\/b> Z drugiej jednak strony \u2013 od razu pojawia si\u0119 <b>mocny promie\u0144 nadziei, <\/b>wr\u0119cz mocny blask nadziei, snop \u015bwiat\u0142a, kt\u00f3rego \u017ar\u00f3d\u0142em jest pewno\u015b\u0107 Proroka, i\u017c <b>nad wszystkim czuwa Pan Zast\u0119p\u00f3w.<\/b> I to On na koniec wszystkich os\u0105dzi, a z ka\u017cdego z\u0142a wyprowadzi dobro. Trzeba Mu <b>tylko bezgranicznie zaufa\u0107! <\/b><\/span><\/span><\/span><\/p>\n<p align=\"justify\"><span style=\"color: #000000;\"><span style=\"font-family: Book Antiqua, serif;\"><span style=\"font-size: large;\">W\u00f3wczas ca\u0142e z\u0142o, jakie dzieje si\u0119 wok\u00f3\u0142, w tym szczeg\u00f3lnie: ca\u0142e z\u0142e nastawienie ludzi wok\u00f3\u0142 nas \u2013 <b>naprawd\u0119 nam nie zaszkodzi.<\/b> Owszem, utrudni nam \u017cycie, to b\u0119d\u0105 k\u0142ody rzucone pod nogi, ale na pewno nie spowoduje jakich\u015b <b>powa\u017cnych i trwa\u0142ych zawirowa\u0144, <\/b>o ile tylko szczerze zaufamy Panu i na Nim oprzemy nasze nadzieje.<\/span><\/span><\/span><\/p>\n<p align=\"justify\"><span style=\"color: #000000;\"><span style=\"font-family: Book Antiqua, serif;\"><span style=\"font-size: large;\">Tak, jak <b>\u015bwi\u0119to\u015b\u0107 Jezusa i Jego zjednoczenie z Ojcem<\/b> stanowi\u0142o skuteczne antidotum na wszystkie reakcje, jakie wywo\u0142ywa\u0142a Jego dzia\u0142alno\u015b\u0107 i Jego nauczanie. Dzisiaj us\u0142yszeli\u015bmy w Ewangelii: <i><b>W\u015br\u00f3d t\u0142um\u00f3w s\u0142uchaj\u0105cych Jezusa odezwa\u0142y si\u0119 g\u0142osy: \u201eTen prawdziwie jest prorokiem\u201d. Inni m\u00f3wili: \u201eTo jest Mesjasz\u201d. Jeszcze inni m\u00f3wili: \u201eCzy\u017c Mesjasz przyjdzie z Galilei? Czy\u017c Pismo nie m\u00f3wi, \u017ce Mesjasz b\u0119dzie pochodzi\u0142 z potomstwa Dawidowego i z miasteczka Betlejem?\u201d I powsta\u0142o w t\u0142umie rozdwojenie z Jego powodu. Niekt\u00f3rzy chcieli Go nawet pojma\u0107, lecz nikt nie odwa\u017cy\u0142 si\u0119 podnie\u015b\u0107 na Niego r\u0119ki. <\/b><\/i><\/span><\/span><\/span><\/p>\n<p align=\"justify\"><span style=\"color: #000000;\"><span style=\"font-family: Book Antiqua, serif;\"><span style=\"font-size: large;\">Potem dalej s\u0142yszymy o \u015bcieraniu si\u0119 r\u00f3\u017cnych pogl\u0105d\u00f3w na temat Jezusa, aby ca\u0142o\u015b\u0107 wreszcie zako\u0144czy\u0107 stwierdzeniem: <i><b>I rozeszli si\u0119 ka\u017cdy do swego domu.<\/b><\/i><b> <\/b>Tego dnia, niestety, nie osi\u0105gni\u0119to porozumienia w sprawie Jezusa. Nie osi\u0105gni\u0119to go tak\u017ce w wielu innych sytuacjach, kiedy to Jego Osoba wywo\u0142ywa\u0142a <b>poruszenie, a nawet spory. <\/b>By\u0142 On rzeczywi\u015bcie \u2013 zgodnie z zapowiedzi\u0105 starca Symeona \u2013 <b>\u00ab<\/b><b>znakiem, kt\u00f3remu sprzeciwia\u0107 si\u0119 b\u0119d\u0105<\/b><b>\u00bb<\/b><b>.<\/b> <\/span><\/span><\/span><\/p>\n<p align=\"justify\"><span style=\"color: #000000;\"><span style=\"font-family: Book Antiqua, serif;\"><span style=\"font-size: large;\">Tak, sprzeciwiali si\u0119 Mu \u2013 i sprzeciwiali si\u0119 sobie nawzajem, pr\u00f3buj\u0105c udowodni\u0107 s\u0142uszno\u015b\u0107 swoich przekona\u0144 na temat tego, co Jezus czyni i m\u00f3wi. Tak w\u0142a\u015bnie wygl\u0105da\u0142 <b>kontekst, w jakim Jezus prowadzi\u0142 swoj\u0105 dzia\u0142alno\u015b\u0107. <\/b>Tak wygl\u0105da\u0142o nastawienie otoczenia. I tak wygl\u0105da <b>dzisiaj<\/b> <b>nastawienie \u015bwiata<\/b> do misji Jezusa, jak\u0105 Ten realizuje w swoim Ko\u015bciele.<\/span><\/span><\/span><\/p>\n<p align=\"justify\"><span style=\"color: #000000;\"><span style=\"font-family: Book Antiqua, serif;\"><span style=\"font-size: large;\">M\u00f3wimy o tym w trzecim dniu naszych wielkopostnych Rekolekcji, w trakcie kt\u00f3rych wpatrujemy si\u0119 w Krzy\u017c Jezusa Chrystusa, a dzisiaj szczeg\u00f3lnie \u2013 <b>w jego rami\u0119 poziome, <\/b>wyznaczaj\u0105ce kierunek tak zwany <b>horyzontalny,<\/b> czyli w\u0142a\u015bnie poziomy, czyli obejmuj\u0105cy tych <b>wszystkich,<\/b> kt\u00f3rych mamy wok\u00f3\u0142 siebie i <b>to wszystko,<\/b> co wok\u00f3\u0142 nas si\u0119 dzieje. Poziome rami\u0119 Krzy\u017ca, na kt\u00f3rym Jezus roz\u0142o\u017cy\u0142 swoje r\u0119ce i do kt\u00f3rego te \u015bwi\u0119te r\u0119ce zosta\u0142y przytwierdzone \u201eprzyt\u0119pionymi gwo\u017ad\u017ami\u201d \u2013 jak \u015bpiewamy w Gorzkich \u017balach \u2013 oznacza symboliczne obj\u0119cie tymi otwartymi ramionami <b>ca\u0142<\/b><b>e<\/b><b>go otaczaj\u0105cego \u015bwiata, <\/b>wszystkich ludzi i wszystkich spraw, jakie dziej\u0105 si\u0119 wok\u00f3\u0142 nas. <\/span><\/span><\/span><\/p>\n<p align=\"justify\"><span style=\"color: #000000;\"><span style=\"font-family: Book Antiqua, serif;\"><span style=\"font-size: large;\">S\u0142owo Bo\u017ce, kt\u00f3rego wys\u0142uchali\u015bmy, nie zabrzmia\u0142o w tym wzgl\u0119dzie zbyt optymistycznie. Bo pokaza\u0142o t\u0119 <b>gorsz\u0105 stron\u0119 ludzkich reakcji<\/b> zar\u00f3wno na same Bo\u017ce s\u0142owo, ale i na Bo\u017cych wys\u0142annik\u00f3w, kt\u00f3rzy to S\u0142owo g\u0142osz\u0105. A to wszystko dlatego, \u017ce \u015bwiat od samego pocz\u0105tku odrzuci\u0142 <b>najwi\u0119kszego i najwa\u017cniejszego Wys\u0142annika Boga,<\/b> jakim jest Jezus Chrystus. Dzisiaj za\u015b odrzuca tych, kt\u00f3rzy id\u0105 i g\u0142osz\u0105 Bo\u017ce s\u0142owo w Jego imi\u0119. <\/span><\/span><\/span><\/p>\n<p align=\"justify\"><span style=\"color: #000000;\"><span style=\"font-family: Book Antiqua, serif;\"><span style=\"font-size: large;\">Ale wiemy, \u017ce przecie\u017c to <b>nie jest ca\u0142y obraz<\/b> otaczaj\u0105cej nas rzeczywisto\u015bci. Bo nie wszyscy odrzucaj\u0105, nie wszyscy si\u0119 sprzeciwiaj\u0105, nie wszyscy \u017ale czyni\u0105. Na szcz\u0119\u015bcie, <b>jest wiele dobra wok\u00f3\u0142 nas<\/b> \u2013 i wielu dobrych ludzi, <b>kt\u00f3rzy wspieraj\u0105 nas<\/b> modlitw\u0105, dobrym s\u0142owem, a je\u015bli trzeba, to tak\u017ce na spos\u00f3b materialny. Nie brakuje dobra wok\u00f3\u0142 nas. Zatem, rzeczywisto\u015b\u0107, w jakiej \u017cyjemy, jawi si\u0119 jako <b>bardzo r\u00f3\u017cnorodna, bogata, pe\u0142na sprzeczno\u015bci: <\/b>daj\u0105ca powody do zmartwie\u0144 i niepokoj\u00f3w, jak i mocne powody do rado\u015bci i nadziei. <\/span><\/span><\/span><\/p>\n<p align=\"justify\"><span style=\"color: #000000;\"><span style=\"font-family: Book Antiqua, serif;\"><span style=\"font-size: large;\">W takiej rzeczywisto\u015bci \u017cyjemy, tak\u0105 musimy uzna\u0107 i zaakceptowa\u0107 \u2013 oczywi\u015bcie, zaakceptowa\u0107 w tym sensie, \u017ce taka ona jest, jaka jest. Ale <b>nie mo\u017cna w niej akceptowa\u0107 tego, co z\u0142e,<\/b> co niezgodne z wol\u0105 Bo\u017c\u0105, bo akurat te aspekty rzeczywisto\u015bci mamy <b>odwa\u017cnie zmienia\u0107.<\/b> Zaczynaj\u0105c ka\u017cd\u0105 reform\u0119 \u015bwiata \u2013 warto to jasno podkre\u015bli\u0107 \u2013 <b>oczywi\u015bcie od <\/b><b>samego <\/b><b>siebie. <\/b><\/span><\/span><\/span><\/p>\n<p align=\"justify\"><span style=\"color: #000000;\"><span style=\"font-family: Book Antiqua, serif;\"><span style=\"font-size: large;\">Ca\u0142\u0105 t\u0119 otaczaj\u0105c\u0105 nas rzeczywisto\u015b\u0107, a wi\u0119c ludzi, kt\u00f3rzy j\u0105 tworz\u0105, oraz sprawy, kt\u00f3re stanowi\u0105 jej tre\u015b\u0107, <b>dzisiaj oddajemy Jezusowi, <\/b>bo On t\u0119 ca\u0142\u0105 rzeczywisto\u015b\u0107 naprawd\u0119 obj\u0105\u0142 swymi ramionami z wysoko\u015bci Krzy\u017ca \u2013 <b>aby \u015bwiat zbawi\u0107, a nie go pot\u0119pi\u0107.<\/b> Sam tak przecie\u017c powiedzia\u0142. Dlatego dzisiaj trzeba nam si\u0119 zastanowi\u0107, <b>jak my osobi\u015bcie odbieramy<\/b> t\u0119 nasz\u0105 codzienn\u0105 rzeczywisto\u015b\u0107, t\u0119 nasz\u0105 \u2013 jak j\u0105 zwykli\u015bmy okre\u015bla\u0107 \u2013 \u201eszar\u0105 codzienno\u015b\u0107\u201d, jak wreszcie <b>odnosimy si\u0119 do ludzi,<\/b> w\u015br\u00f3d kt\u00f3rych na co dzie\u0144 \u017cyjemy, czy mo\u017ce kt\u00f3rych Pan stawia na naszej drodze \u017cycia jedynie sporadycznie, okazjonalnie. <\/span><\/span><\/span><\/p>\n<p align=\"justify\"><span style=\"color: #000000;\"><span style=\"font-family: Book Antiqua, serif;\"><span style=\"font-size: large;\">Ci wszyscy ludzie <b>po co\u015b<\/b> si\u0119 na naszych \u017cyciowych drogach pojawili. Tu nie ma przypadku! Przypadki \u2013 jak zwykli\u015bmy mawia\u0107 \u2013 s\u0105 jedynie w gramatyce. My, chrze\u015bcijanie, przyjaciele Jezusa, <b>m\u00f3wimy o Bo\u017cej Opatrzno\u015bci.<\/b> O dzia\u0142aniu Boga, kt\u00f3ry okre\u015blonych ludzi nam stawia na \u017cyciowej drodze, kt\u00f3ry nas tymi lud\u017ami \u2013 powiedzmy to sobie wprost \u2013 <b>obdarowuje.<\/b> Tak, to prawda, \u017ce trudno jest m\u00f3wi\u0107 o Bo\u017cym darze, kiedy mamy do czynienia z <b>cz\u0142owiekiem uci\u0105\u017cliwym, z\u0142o\u015bliwym, <\/b>albo nawet wprost okazuj\u0105cym nam nienawi\u015b\u0107. O takim cz\u0142owieku bardziej powiemy, \u017ce to nie dar Bo\u017cy, <b>a dopust Bo\u017cy! <\/b>Prawdziwe nieszcz\u0119\u015bcie! <\/span><\/span><\/span><\/p>\n<p align=\"justify\"><span style=\"color: #000000;\"><span style=\"font-family: Book Antiqua, serif;\"><span style=\"font-size: large;\">A jednak, ten cz\u0142owiek \u2013 taki, jaki jest \u2013 <b>po co\u015b<\/b> si\u0119 na tej naszej drodze znalaz\u0142. To naprawd\u0119 nie przypadek. Mo\u017ce po to, aby\u015bmy mogli <b>dobrze zda\u0107 egzamin z mi\u0142o\u015bci,<\/b> aby\u015bmy mogli wykaza\u0107 si\u0119 nasz\u0105 chrze\u015bcija\u0144sk\u0105 postaw\u0105\u2026 A mo\u017ce po to, aby dzi\u0119ki naszemu dobremu nastawieniu, \u017cyczliwo\u015bci i modlitwie, <b>cz\u0142owiek ten sta\u0142 si\u0119 lepszym, <\/b>mo\u017ce si\u0119 nawr\u00f3ci\u0142, a mo\u017ce chocia\u017c troch\u0119 zmieni\u0142 swoje nastawienie. <\/span><\/span><\/span><\/p>\n<p align=\"justify\"><span style=\"color: #000000;\">\u201e<span style=\"font-family: Book Antiqua, serif;\"><span style=\"font-size: large;\"><b>Wszystko jest po co\u015b\u201d<\/b><\/span><\/span> \u2013 mawiaj\u0105 cz\u0119sto m\u0105drzy i \u015bwi\u0119ci ludzie \u2013 Pan B\u00f3g wie, co robi, kiedy nam stawia na drodze trudnych ludzi, albo nas samych stawia w trudnych sytuacjach. Oczywi\u015bcie, mam \u015bwiadomo\u015b\u0107, \u017ce zaraz kto\u015b mi tu zarzuci, \u017ce <b>to si\u0119 dobrze m\u00f3wi na kazaniu, <\/b>na konferencji, ale codziennie \u017cy\u0107 z takim uci\u0105\u017cliwym cz\u0142owiekiem \u2013 z takim <b>uci\u0105\u017cliwym Bo\u017cym darem <\/b>\u2013 to naprawd\u0119 bardzo ci\u0119\u017cko. Oczywi\u015bcie, \u017ce tak. <\/span><\/p>\n<p align=\"justify\"><span style=\"color: #000000;\"><span style=\"font-family: Book Antiqua, serif;\"><span style=\"font-size: large;\">I naprawd\u0119, chc\u0119 z ca\u0142\u0105 pokor\u0105, z ca\u0142ym uznaniem i z wielk\u0105 wdzi\u0119czno\u015bci\u0105 za pi\u0119kn\u0105, nieraz wr\u0119cz bohatersk\u0105 postaw\u0119 \u2013 <b>pochyli\u0107 czo\u0142a <\/b>przed tymi, kt\u00f3rzy trwaj\u0105 na posterunku i nie poddaj\u0105 si\u0119, nie rezygnuj\u0105 z wiary i z Pana Boga, pomimo \u017ce nieraz <b>odnosz\u0105 wra\u017cenie, \u017ce im nie pomaga,<\/b> \u017ce ich zostawi\u0142, \u017ce zbyt ci\u0119\u017cka jest pr\u00f3ba, kt\u00f3rej zostali poddani. My wiemy, \u017ce tak nie jest \u2013 \u017ce B\u00f3g o nich nie zapomnia\u0142, jednak oni niekiedy, <b>szczeg\u00f3lnie w tych momentach najtrudniejszych,<\/b> mog\u0105 tak my\u015ble\u0107. <\/span><\/span><\/span><\/p>\n<p align=\"justify\"><span style=\"color: #000000;\"><span style=\"font-family: Book Antiqua, serif;\"><span style=\"font-size: large;\">Ale to w\u0142a\u015bnie dlatego dzisiaj m\u00f3wimy <b>o poziomym ramieniu Krzy\u017ca,<\/b> a skoro mowa o Krzy\u017cu, to dotykamy tak\u017ce problemu <b>cierpienia, trudnego do\u015bwiadczenia, <\/b>znoszenia r\u00f3\u017cnych przeciwno\u015bci. Nie m\u00f3wimy o sielance, o takim otwarciu ramion, kt\u00f3re by symbolizowa\u0142o mi\u0142o\u015b\u0107 do ca\u0142ego \u015bwiata, a jednocze\u015bnie <b>odrzucanie<\/b> <b>pojedynczego,<\/b> <b>konkretnego cz\u0142owieka. <\/b>C\u00f3\u017c z takiej mi\u0142o\u015bci do ca\u0142ego \u015bwiata? Znamy zapewne wielu takich <b>\u201edobroczy\u0144c\u00f3w ludzko\u015bci\u201d i \u201edora\u017anych zbawicieli\u201d, <\/b>szczeg\u00f3lnie lansuj\u0105cych si\u0119 w mediach, kt\u00f3rzy szeroko otwieraj\u0105 ramiona przed ca\u0142y \u015bwiatem i sto razy na minut\u0119 powt\u00f3rz\u0105, <b>jak to oni kochaj\u0105 ca\u0142y \u015bwiat.<\/b> Tylko p\u00f3\u017aniej okazuje si\u0119, \u017ce s\u0105 przeciwko \u017cyciu, \u017ce popieraj\u0105 bestialskie mordowanie dzieci nienarodzonych i inne r\u00f3\u017cne niemoralne rzeczy promuj\u0105. <b>A tacy dobroczy\u0144cy ludzko\u015bci! <\/b><\/span><\/span><\/span><\/p>\n<p align=\"justify\"><span style=\"color: #000000;\"><span style=\"font-family: Book Antiqua, serif;\"><span style=\"font-size: large;\">Otwieraj\u0105 na o\u015bcie\u017c ramiona, ale <b>za tymi ramionami nie ma Krzy\u017ca.<\/b> Wi\u0119c to ich otwieranie nie ma \u017cadnej warto\u015bci. Jezus, otwieraj\u0105c swoje ramiona, uczyni\u0142 to <b>w\u0142a\u015bnie na Krzy\u017cu,<\/b> aby ten Krzy\u017c by\u0142 od razu potwierdzeniem, \u017ce w ge\u015bcie Jezusa <b>nie ma \u017cadnej pozy, <\/b>\u017cadnego blichtru, \u017cadnego lansu medialnego \u2013<b> tylko prawdziwa mi\u0142o\u015b\u0107! <\/b><\/span><\/span><\/span><\/p>\n<p align=\"justify\"><span style=\"color: #000000;\"><span style=\"font-family: Book Antiqua, serif;\"><span style=\"font-size: large;\">I my te\u017c, moi Drodzy, otwieraj\u0105c swoje ramiona i swoje serce <b>przed lud\u017ami,<\/b> kt\u00f3rzy wok\u00f3\u0142 nas \u017cyj\u0105, i otwieraj\u0105c si\u0119 <b>na te sytuacje, <\/b>kt\u00f3re si\u0119 w naszym \u017cyciu dziej\u0105, <b>nieraz do\u015bwiadczymy krzy\u017ca.<\/b> I jakby to ci\u0119\u017cko nie zabrzmia\u0142o \u2013 <b>tak musi by\u0107.<\/b> Nie da si\u0119 inaczej. Nie da si\u0119 naprawd\u0119 kocha\u0107 ludzi, kt\u00f3rych Pan nam da\u0142; nie da si\u0119 te\u017c po Bo\u017cemu prze\u017cywa\u0107 swoich \u017cyciowych sytuacji, <b>\u017ceby to niekiedy nie zabola\u0142o,<\/b> \u017ceby nie trzeba by\u0142o wytrze\u0107 jednej czy drugiej \u0142zy, \u017ceby nie do\u015bwiadczy\u0107 wr\u0119cz osamotnienia czy odrzucenia\u2026 <b>Nie da si\u0119\u2026<\/b> Bo to jest zwykle do\u015bwiadczenie krzy\u017ca. <\/span><\/span><\/span><\/p>\n<p align=\"justify\"><span style=\"color: #000000;\"><span style=\"font-family: Book Antiqua, serif;\"><span style=\"font-size: large;\">Ale je\u017celi ten nasz osobisty krzy\u017c <b>po\u0142\u0105czymy z Krzy\u017cem Jezusa Chrystusa,<\/b> to od razu przyjdzie nadzieja i wsparcie! Gdy\u017c to w\u0142a\u015bnie w Krzy\u017cu Jezusa Chrystusa my nasze nadzieje lokujemy. W nim jest <b>\u017ar\u00f3d\u0142o naszych wi\u0119kszych i mniejszych nadziei!<\/b> Dla Jezusa Krzy\u017c by\u0142 drog\u0105 do Zmartwychwstania. I dla nas tak\u017ce b\u0119dzie \u2013 <b>drog\u0105 do zwyci\u0119stwa. <\/b>Ale pod warunkiem, \u017ce te wszystkie swoje codzienne trudno\u015bci, kt\u00f3rych tyle prze\u017cywamy, b\u0119dziemy <b>Jemu oddawa\u0107,<\/b> b\u0119dziemy Jego prosi\u0107 o pomoc, z Nim razem je prze\u017cywa\u0107. <\/span><\/span><\/span><\/p>\n<p align=\"justify\"><span style=\"color: #000000;\"><span style=\"font-family: Book Antiqua, serif;\"><span style=\"font-size: large;\">Poniewa\u017c za\u015b najlepsz\u0105 form\u0105 przekazania jakiej\u015b wa\u017cnej wiadomo\u015bci czy przekonania kogo\u015b do czego\u015b jest <b>w\u0142asne \u015bwiadectwo, <\/b>dlatego ja te\u017c chcia\u0142bym podzieli\u0107 si\u0119 <b>moim sposobem <\/b><b>radzenia sobie<\/b> z trudami codzienno\u015bci, sposobem podj\u0119cia tych krzy\u017cy, kt\u00f3re codzienno\u015b\u0107 niesie. Jest to \u2013 jak j\u0105 zwyk\u0142em nazywa\u0107 \u2013 <b>Z\u0142ota Ksi\u0119ga Modlitwy. <\/b>W rzeczywisto\u015bci, nie jest to ani ksi\u0119ga, ani z\u0142ota \u2013 ot, po prostu <b>zeszyt w br\u0105zowych ok\u0142adkach (dlatego udaje z\u0142oty),<\/b> w kt\u00f3rym mam wpisane imiona i nazwiska os\u00f3b, o kt\u00f3rych po prostu <b>nie wolno mi zapomnie\u0107 w modlitwie, <\/b>kt\u00f3rym t\u0119 modlitw\u0119 obieca\u0142em, kt\u00f3rym jestem j\u0105 w jaki\u015b spos\u00f3b winny. I s\u0105 to zar\u00f3wno osoby mi bliskie i \u017cyczliwe, <b>jak i te trudne,<\/b> niekiedy bardzo trudne\u2026 <\/span><\/span><\/span><\/p>\n<p align=\"justify\"><span style=\"color: #000000;\"><span style=\"font-family: Book Antiqua, serif;\"><span style=\"font-size: large;\">Ale te\u017c sprawy, kt\u00f3re bol\u0105, kt\u00f3re doskwieraj\u0105, z kt\u00f3rymi nie mog\u0119 sobie poradzi\u0107. Oczywi\u015bcie, kto\u015b mo\u017ce powie, \u017ce to taka dziecinada, bo <b>czy\u017c trzeba Boga informowa\u0107 o ludziach <\/b><b>lub<\/b> <b>sprawach,<\/b> kt\u00f3re si\u0119 chce Mu powierzy\u0107? Czy trzeba Mu je przypomina\u0107? <\/span><\/span><\/span><\/p>\n<p align=\"justify\"><span style=\"color: #000000;\"><span style=\"font-family: Book Antiqua, serif;\"><span style=\"font-size: large;\">Pewnie, \u017ce nie! <b>To nie Bogu jest potrzebne<\/b> \u2013 On o wszystkim wie i o wszystkich wie. Ale to jest<b> mi osobi\u015bcie potrzebne,<\/b> abym ci\u0105gle pami\u0119ta\u0142, \u017ce mam Bogu powierza\u0107 tych ludzi i te sprawy, kt\u00f3re stanowi\u0105 moj\u0105 obecn\u0105 rzeczywisto\u015b\u0107, kt\u00f3re stanowi\u0105 <b>moje \u201etu i teraz\u201d. <\/b>Nie ukrywam, \u017ce nie zawsze udaje mi si\u0119 do tej Z\u0142otej Ksi\u0119gi zajrze\u0107, nie b\u0119d\u0119 te\u017c ukrywa\u0142, \u017ce czasami naprawd\u0119 jest <b>trudno modli\u0107 si\u0119 za niekt\u00f3rych ludzi, <\/b>albo za niekt\u00f3re sprawy. <\/span><\/span><\/span><\/p>\n<p align=\"justify\"><span style=\"color: #000000;\"><span style=\"font-family: Book Antiqua, serif;\"><span style=\"font-size: large;\">Ale wiem, \u017ce <b>nie ma innego sposobu<\/b> rozwi\u0105zania problem\u00f3w czy uk\u0142adania relacji z lud\u017ami, jak tylko powierzenie ich Jezusowi. Dlatego chcia\u0142bym dzisiaj zach\u0119ci\u0107 Was wszystkich, moi Drodzy, do codziennej, szczerej i serdecznej, <b>modlitwy wstawienniczej,<\/b> za siebie nawzajem. Wiem, \u017ce wielu z nas czyni to codziennie i <b>rzeczywi\u015bcie modli si\u0119<\/b> za swoich najbli\u017cszych i za te sprawy, kt\u00f3re jako\u015b tak bezpo\u015brednio dotykaj\u0105. <\/span><\/span><\/span><\/p>\n<p align=\"justify\"><span style=\"color: #000000;\"><span style=\"font-family: Book Antiqua, serif;\"><span style=\"font-size: large;\">Postarajmy si\u0119 jednak <b>rozszerza\u0107 spectrum <\/b><b>tej swojej<\/b><b> modlitwy,<\/b> aby ogarnia\u0107 ni\u0105 nie tylko sprawy nam najbli\u017csze, dotycz\u0105ce naszej osobistej codzienno\u015bci i os\u00f3b z najbli\u017cszego otoczenia, ale tak\u017ce <b>sprawy Ko\u015bcio\u0142a i \u015bwiata, sprawy naszej Parafii i naszej miejscowo\u015bci,<\/b> sprawy ludzi, kt\u00f3rzy prosili nas o modlitw\u0119\u2026 <\/span><\/span><\/span><\/p>\n<p align=\"justify\"><span style=\"color: #000000;\"><span style=\"font-family: Book Antiqua, serif;\"><span style=\"font-size: large;\">W spos\u00f3b szczeg\u00f3lny, starajmy si\u0119 pami\u0119ta\u0107 <b>o tych trudnych ludziach i sprawach, <\/b>z kt\u00f3rymi jest nam najbardziej \u201enie po drodze\u201d i w intencji kt\u00f3rych modlitwa najwi\u0119cej kosztuje. Ale dlatego te\u017c ma <b>najwi\u0119ksz\u0105 warto\u015b\u0107 w oczach Bo\u017cych.<\/b> Niech nie ustaje nasza modlitwa za ca\u0142\u0105 t\u0119 otaczaj\u0105c\u0105 nas rzeczywisto\u015b\u0107 \u2013 tak\u0105, jaka ona jest, aby stawa\u0142a si\u0119 coraz bardziej <b>Bo\u017c\u0105 rzeczywisto\u015bci\u0105.<\/b> <\/span><\/span><\/span><\/p>\n<p align=\"justify\"><span style=\"color: #000000;\"><span style=\"font-family: Book Antiqua, serif;\"><span style=\"font-size: large;\">Za modlitw\u0105 za\u015b niech p\u00f3jdzie przynajmniej szczere staranie, aby <b>otwiera\u0107 si\u0119 na<\/b><b> ka\u017cdego cz\u0142owieka,<\/b> nikogo nie przekre\u015bla\u0107, nikogo nie nienawidzi\u0107, z ka\u017cdym tak zwyczajnie, po ludzku porozmawia\u0107. Bo na tyle \u2013 <b>to <\/b><b>chyba nas wszystkich sta\u0107\u2026<\/b> Z pewno\u015bci\u0105, wytrwa\u0142a modlitwa wstawiennicza za innych \u2013 zw\u0142aszcza za tych najtrudniejszych \u2013 b\u0119dzie tu pomoc\u0105.<\/span><\/span><\/span><\/p>\n<p align=\"justify\"><span style=\"color: #000000;\"><span style=\"font-family: Book Antiqua, serif;\"><span style=\"font-size: large;\">Moi Drodzy, bardzo dzi\u0119kuj\u0119 za wykonanie wczorajszej pracy domowej. <strong>Jak si\u0119 nam to uda\u0142o?\u2026<\/strong><\/span><\/span><\/span><\/p>\n<p align=\"justify\"><span style=\"color: #000000;\"><span style=\"font-family: Book Antiqua, serif;\"><span style=\"font-size: large;\">A dzisiaj prac\u0105 domow\u0105 niech b\u0119dzie <b>przygotowanie na jutro konkretnego, osobistego postanowienia, <\/b>kt\u00f3re podejmiemy na zako\u0144czenie naszych Rekolekcji, a kt\u00f3re b\u0119dzie ich <b>konkretnym<\/b> <b>owocem <\/b><b>i programem pracy<\/b> na najbli\u017csz\u0105 przysz\u0142o\u015b\u0107. <\/span><\/span><\/span><\/p>\n<p align=\"justify\"><span style=\"color: #000000;\"><span style=\"font-family: Book Antiqua, serif;\"><span style=\"font-size: large;\">Pomy\u015blmy nad<b> jednym, konkretnym postanowieniem<\/b> \u2013 a wi\u0119c nie nad ca\u0142\u0105 list\u0105 dobrych \u017cycze\u0144, tylko nad czym\u015b jednym, jasno okre\u015blonym, a wi\u0119c <b>nie na zasadzie: \u201eB\u0119d\u0119 lepszy\u201d; <\/b>albo: \u201ePoprawi\u0119 si\u0119\u201d. Je\u017celi ju\u017c, to w czym konkretnie? Co b\u0119d\u0119 robi\u0142, albo czego nie b\u0119d\u0119 robi\u0142, aby to by\u0142o znakiem <b>mojej <\/b><b>rzeczywistej <\/b><b>przemiany.<\/b> <\/span><\/span><\/span><\/p>\n<p align=\"justify\"><span style=\"color: #000000;\"><span style=\"font-family: Book Antiqua, serif;\"><span style=\"font-size: large;\">Niech to b\u0119dzie postanowienie, kt\u00f3re naprawd\u0119 dotknie jakiej\u015b <b>wyra\u017anej mojej wady,<\/b> a nie b\u0119dzie tylko \u201ezamydlaniem oczu\u201d Panu Bogu, \u017ce co\u015b tam sobie postanowi\u0142em. Pomy\u015blmy nad tym \u2013 mo\u017ce warto <b>raz jeszcze spojrze\u0107 w ciszy i spokoju na Krzy\u017c\u2026<\/b> I pomodli\u0107 si\u0119 do Ducha \u015awi\u0119tego<b> o odwag\u0119. <\/b><\/span><\/span><\/span><\/p>\n<p align=\"justify\"><span style=\"color: #000000;\"><span style=\"font-family: Book Antiqua, serif;\"><span style=\"font-size: large;\">Je\u017celi uda nam si\u0119 dobre postanowienie podj\u0105\u0107, a potem je zrealizowa\u0107, to nie tylko dla nas samych, ale i dla ca\u0142ego naszego otoczenia <b>zab\u0142y\u015bnie promyk nadziei, <\/b>\u017ce nasza rzeczywisto\u015b\u0107 mo\u017ce by\u0107 po prostu lepsza, ja\u015bniejsza, bardziej Bo\u017ca\u2026 <\/span><\/span><\/span><\/p>\n<p><span style=\"color: #000000;\"><span style=\"font-family: Book Antiqua, serif;\"><span style=\"font-size: large;\"><b>B\u0105d\u017a pozdrowiony!<\/b><\/span><\/span><\/span><\/p>\n<p><span style=\"color: #000000;\"><span style=\"font-family: Book Antiqua, serif;\"><span style=\"font-size: large;\"><b>B\u0105d\u017a pochwalony!<\/b><\/span><\/span><\/span><\/p>\n<p><span style=\"color: #000000;\"><span style=\"font-family: Book Antiqua, serif;\"><span style=\"font-size: large;\"><b>Dla nas zm\u0119czony i krwi\u0105 zbroczony!<\/b><\/span><\/span><\/span><\/p>\n<p><span style=\"color: #000000;\"><span style=\"font-family: Book Antiqua, serif;\"><span style=\"font-size: large;\"><b>B\u0105d\u017a uwielbiony!<\/b><\/span><\/span><\/span><\/p>\n<p><span style=\"color: #000000;\"><span style=\"font-family: Book Antiqua, serif;\"><span style=\"font-size: large;\"><b>B\u0105d\u017a wys\u0142awiony!<\/b><\/span><\/span><\/span><\/p>\n<p><span style=\"color: #000000;\"><span style=\"font-family: Book Antiqua, serif;\"><span style=\"font-size: large;\"><b>Bo\u017ce Niesko\u0144czony!<\/b><\/span><\/span><\/span><\/p>\n<p><span style=\"color: #000000;\"><span style=\"font-family: Book Antiqua, serif;\"><span style=\"font-size: large;\"><b>Niech Was b\u0142ogos\u0142awi B\u00f3g Wszechmog\u0105cy: Ojciec + i Syn, i Duch \u015awi\u0119ty. Amen<\/b><\/span><\/span><\/span><\/p>\n","protected":false},"excerpt":{"rendered":"<p>Szcz\u0119\u015b\u0107 Bo\u017ce! Moi Drodzy, w dniu dzisiejszym imieniny prze\u017cywa Klaudia Ko\u0142odziejczuk, w\u0142\u0105czaj\u0105ca si\u0119 w swoim czasie w dzia\u0142alno\u015b\u0107 m\u0142odzie\u017cowych Wsp\u00f3lnot. \u017bycz\u0119 Jej sta\u0142ego odkrywania Bo\u017cej obecno\u015bci w swoim \u017cyciu. I zapewniam o modlitwie! A Was wszystkich, moi Drodzy, zapraszam ju\u017c na kolejny dzie\u0144 naszych Rekolekcji. Gaudium et spes! Ks. Jacek REKOLEKCJE WIELKOPOSTNE \u2013 DZIE\u0143 3 [&hellip;]<\/p>\n","protected":false},"author":1,"featured_media":0,"comment_status":"open","ping_status":"open","sticky":false,"template":"","format":"standard","meta":{"jetpack_post_was_ever_published":false,"_jetpack_newsletter_access":"","_jetpack_dont_email_post_to_subs":false,"_jetpack_newsletter_tier_id":0,"_jetpack_memberships_contains_paywalled_content":false,"_jetpack_memberships_contains_paid_content":false,"footnotes":""},"categories":[1],"tags":[],"class_list":["post-18698","post","type-post","status-publish","format-standard","hentry","category-bez-kategorii"],"yoast_head":"<!-- This site is optimized with the Yoast SEO plugin v25.1 - https:\/\/yoast.com\/wordpress\/plugins\/seo\/ -->\n<title>Z\u0142ota Ksi\u0119ga Modlitwy - Gaudium Et Spes<\/title>\n<meta name=\"robots\" content=\"index, follow, max-snippet:-1, max-image-preview:large, max-video-preview:-1\" \/>\n<link rel=\"canonical\" href=\"https:\/\/gaudiumetspes-blog.pl\/index.php\/2021\/03\/20\/modlmy-sie-za-siebie-nawzajem\/\" \/>\n<meta property=\"og:locale\" content=\"pl_PL\" \/>\n<meta property=\"og:type\" content=\"article\" \/>\n<meta property=\"og:title\" content=\"Z\u0142ota Ksi\u0119ga Modlitwy - Gaudium Et Spes\" \/>\n<meta property=\"og:description\" content=\"Szcz\u0119\u015b\u0107 Bo\u017ce! Moi Drodzy, w dniu dzisiejszym imieniny prze\u017cywa Klaudia Ko\u0142odziejczuk, w\u0142\u0105czaj\u0105ca si\u0119 w swoim czasie w dzia\u0142alno\u015b\u0107 m\u0142odzie\u017cowych Wsp\u00f3lnot. \u017bycz\u0119 Jej sta\u0142ego odkrywania Bo\u017cej obecno\u015bci w swoim \u017cyciu. I zapewniam o modlitwie! A Was wszystkich, moi Drodzy, zapraszam ju\u017c na kolejny dzie\u0144 naszych Rekolekcji. Gaudium et spes! Ks. Jacek REKOLEKCJE WIELKOPOSTNE \u2013 DZIE\u0143 3 [&hellip;]\" \/>\n<meta property=\"og:url\" content=\"https:\/\/gaudiumetspes-blog.pl\/index.php\/2021\/03\/20\/modlmy-sie-za-siebie-nawzajem\/\" \/>\n<meta property=\"og:site_name\" content=\"Gaudium Et Spes\" \/>\n<meta property=\"article:published_time\" content=\"2021-03-20T06:21:44+00:00\" \/>\n<meta property=\"article:modified_time\" content=\"2021-03-20T06:56:06+00:00\" \/>\n<meta name=\"author\" content=\"Ks. Jacek\" \/>\n<meta name=\"twitter:card\" content=\"summary_large_image\" \/>\n<meta name=\"twitter:label1\" content=\"Napisane przez\" \/>\n\t<meta name=\"twitter:data1\" content=\"Ks. Jacek\" \/>\n\t<meta name=\"twitter:label2\" content=\"Szacowany czas czytania\" \/>\n\t<meta name=\"twitter:data2\" content=\"17 minut\" \/>\n<script type=\"application\/ld+json\" class=\"yoast-schema-graph\">{\"@context\":\"https:\/\/schema.org\",\"@graph\":[{\"@type\":\"WebPage\",\"@id\":\"https:\/\/gaudiumetspes-blog.pl\/index.php\/2021\/03\/20\/modlmy-sie-za-siebie-nawzajem\/\",\"url\":\"https:\/\/gaudiumetspes-blog.pl\/index.php\/2021\/03\/20\/modlmy-sie-za-siebie-nawzajem\/\",\"name\":\"Z\u0142ota Ksi\u0119ga Modlitwy - Gaudium Et Spes\",\"isPartOf\":{\"@id\":\"https:\/\/gaudiumetspes-blog.pl\/#website\"},\"datePublished\":\"2021-03-20T06:21:44+00:00\",\"dateModified\":\"2021-03-20T06:56:06+00:00\",\"author\":{\"@id\":\"https:\/\/gaudiumetspes-blog.pl\/#\/schema\/person\/1661982992b752dea8dff0d4ed845a65\"},\"breadcrumb\":{\"@id\":\"https:\/\/gaudiumetspes-blog.pl\/index.php\/2021\/03\/20\/modlmy-sie-za-siebie-nawzajem\/#breadcrumb\"},\"inLanguage\":\"pl-PL\",\"potentialAction\":[{\"@type\":\"ReadAction\",\"target\":[\"https:\/\/gaudiumetspes-blog.pl\/index.php\/2021\/03\/20\/modlmy-sie-za-siebie-nawzajem\/\"]}]},{\"@type\":\"BreadcrumbList\",\"@id\":\"https:\/\/gaudiumetspes-blog.pl\/index.php\/2021\/03\/20\/modlmy-sie-za-siebie-nawzajem\/#breadcrumb\",\"itemListElement\":[{\"@type\":\"ListItem\",\"position\":1,\"name\":\"Strona g\u0142\u00f3wna\",\"item\":\"https:\/\/gaudiumetspes-blog.pl\/\"},{\"@type\":\"ListItem\",\"position\":2,\"name\":\"Z\u0142ota Ksi\u0119ga Modlitwy\"}]},{\"@type\":\"WebSite\",\"@id\":\"https:\/\/gaudiumetspes-blog.pl\/#website\",\"url\":\"https:\/\/gaudiumetspes-blog.pl\/\",\"name\":\"Gaudium Et Spes\",\"description\":\"Blog Ks. Jacka Ja\u015bkowskiego\",\"potentialAction\":[{\"@type\":\"SearchAction\",\"target\":{\"@type\":\"EntryPoint\",\"urlTemplate\":\"https:\/\/gaudiumetspes-blog.pl\/?s={search_term_string}\"},\"query-input\":{\"@type\":\"PropertyValueSpecification\",\"valueRequired\":true,\"valueName\":\"search_term_string\"}}],\"inLanguage\":\"pl-PL\"},{\"@type\":\"Person\",\"@id\":\"https:\/\/gaudiumetspes-blog.pl\/#\/schema\/person\/1661982992b752dea8dff0d4ed845a65\",\"name\":\"Ks. Jacek\",\"image\":{\"@type\":\"ImageObject\",\"inLanguage\":\"pl-PL\",\"@id\":\"https:\/\/gaudiumetspes-blog.pl\/#\/schema\/person\/image\/\",\"url\":\"https:\/\/gaudiumetspes-blog.pl\/wp-content\/uploads\/2019\/07\/avatar-JJ-150x150.jpg\",\"contentUrl\":\"https:\/\/gaudiumetspes-blog.pl\/wp-content\/uploads\/2019\/07\/avatar-JJ-150x150.jpg\",\"caption\":\"Ks. Jacek\"},\"description\":\"Witam serdecznie! K\u0142ania si\u0119 Ks. Jacek Ja\u015bkowski. Nie jestem ani kim\u015b wa\u017cnym, ani kim\u015b znanym. Jestem ksi\u0119dzem, kt\u00f3ry po prostu chce rozmawia\u0107. Codzienna kap\u0142a\u0144ska pos\u0142uga pokazuje mi, \u017ce temat\u00f3w do rozm\u00f3w z ksi\u0119dzem jest coraz wi\u0119cej i dzisiaj \u017caden ksi\u0105dz nie mo\u017ce od nich ucieka\u0107, ale - wprost przeciwnie - podejmowa\u0107 nowe wyzwania. To przekonanie sk\u0142oni\u0142o mnie do pr\u00f3by otwarcia tego\u017c bloga, chocia\u017c okazji do rozm\u00f3w na co dzie\u0144 - w konfesjonale i poza nim - na szcz\u0119\u015bcie nie brakuje. My\u015bl\u0119 jednak, \u017ce ten blog b\u0119dzie jeszcze jednym sposobem i przestrzeni\u0105 nawi\u0105zania kontaktu z lud\u017ami dobrej woli, otwartymi na dialog.\",\"url\":\"https:\/\/gaudiumetspes-blog.pl\/index.php\/author\/ks-jacek\/\"}]}<\/script>\n<!-- \/ Yoast SEO plugin. -->","yoast_head_json":{"title":"Z\u0142ota Ksi\u0119ga Modlitwy - Gaudium Et Spes","robots":{"index":"index","follow":"follow","max-snippet":"max-snippet:-1","max-image-preview":"max-image-preview:large","max-video-preview":"max-video-preview:-1"},"canonical":"https:\/\/gaudiumetspes-blog.pl\/index.php\/2021\/03\/20\/modlmy-sie-za-siebie-nawzajem\/","og_locale":"pl_PL","og_type":"article","og_title":"Z\u0142ota Ksi\u0119ga Modlitwy - Gaudium Et Spes","og_description":"Szcz\u0119\u015b\u0107 Bo\u017ce! Moi Drodzy, w dniu dzisiejszym imieniny prze\u017cywa Klaudia Ko\u0142odziejczuk, w\u0142\u0105czaj\u0105ca si\u0119 w swoim czasie w dzia\u0142alno\u015b\u0107 m\u0142odzie\u017cowych Wsp\u00f3lnot. \u017bycz\u0119 Jej sta\u0142ego odkrywania Bo\u017cej obecno\u015bci w swoim \u017cyciu. I zapewniam o modlitwie! A Was wszystkich, moi Drodzy, zapraszam ju\u017c na kolejny dzie\u0144 naszych Rekolekcji. Gaudium et spes! Ks. Jacek REKOLEKCJE WIELKOPOSTNE \u2013 DZIE\u0143 3 [&hellip;]","og_url":"https:\/\/gaudiumetspes-blog.pl\/index.php\/2021\/03\/20\/modlmy-sie-za-siebie-nawzajem\/","og_site_name":"Gaudium Et Spes","article_published_time":"2021-03-20T06:21:44+00:00","article_modified_time":"2021-03-20T06:56:06+00:00","author":"Ks. Jacek","twitter_card":"summary_large_image","twitter_misc":{"Napisane przez":"Ks. Jacek","Szacowany czas czytania":"17 minut"},"schema":{"@context":"https:\/\/schema.org","@graph":[{"@type":"WebPage","@id":"https:\/\/gaudiumetspes-blog.pl\/index.php\/2021\/03\/20\/modlmy-sie-za-siebie-nawzajem\/","url":"https:\/\/gaudiumetspes-blog.pl\/index.php\/2021\/03\/20\/modlmy-sie-za-siebie-nawzajem\/","name":"Z\u0142ota Ksi\u0119ga Modlitwy - Gaudium Et Spes","isPartOf":{"@id":"https:\/\/gaudiumetspes-blog.pl\/#website"},"datePublished":"2021-03-20T06:21:44+00:00","dateModified":"2021-03-20T06:56:06+00:00","author":{"@id":"https:\/\/gaudiumetspes-blog.pl\/#\/schema\/person\/1661982992b752dea8dff0d4ed845a65"},"breadcrumb":{"@id":"https:\/\/gaudiumetspes-blog.pl\/index.php\/2021\/03\/20\/modlmy-sie-za-siebie-nawzajem\/#breadcrumb"},"inLanguage":"pl-PL","potentialAction":[{"@type":"ReadAction","target":["https:\/\/gaudiumetspes-blog.pl\/index.php\/2021\/03\/20\/modlmy-sie-za-siebie-nawzajem\/"]}]},{"@type":"BreadcrumbList","@id":"https:\/\/gaudiumetspes-blog.pl\/index.php\/2021\/03\/20\/modlmy-sie-za-siebie-nawzajem\/#breadcrumb","itemListElement":[{"@type":"ListItem","position":1,"name":"Strona g\u0142\u00f3wna","item":"https:\/\/gaudiumetspes-blog.pl\/"},{"@type":"ListItem","position":2,"name":"Z\u0142ota Ksi\u0119ga Modlitwy"}]},{"@type":"WebSite","@id":"https:\/\/gaudiumetspes-blog.pl\/#website","url":"https:\/\/gaudiumetspes-blog.pl\/","name":"Gaudium Et Spes","description":"Blog Ks. Jacka Ja\u015bkowskiego","potentialAction":[{"@type":"SearchAction","target":{"@type":"EntryPoint","urlTemplate":"https:\/\/gaudiumetspes-blog.pl\/?s={search_term_string}"},"query-input":{"@type":"PropertyValueSpecification","valueRequired":true,"valueName":"search_term_string"}}],"inLanguage":"pl-PL"},{"@type":"Person","@id":"https:\/\/gaudiumetspes-blog.pl\/#\/schema\/person\/1661982992b752dea8dff0d4ed845a65","name":"Ks. Jacek","image":{"@type":"ImageObject","inLanguage":"pl-PL","@id":"https:\/\/gaudiumetspes-blog.pl\/#\/schema\/person\/image\/","url":"https:\/\/gaudiumetspes-blog.pl\/wp-content\/uploads\/2019\/07\/avatar-JJ-150x150.jpg","contentUrl":"https:\/\/gaudiumetspes-blog.pl\/wp-content\/uploads\/2019\/07\/avatar-JJ-150x150.jpg","caption":"Ks. Jacek"},"description":"Witam serdecznie! K\u0142ania si\u0119 Ks. Jacek Ja\u015bkowski. Nie jestem ani kim\u015b wa\u017cnym, ani kim\u015b znanym. Jestem ksi\u0119dzem, kt\u00f3ry po prostu chce rozmawia\u0107. Codzienna kap\u0142a\u0144ska pos\u0142uga pokazuje mi, \u017ce temat\u00f3w do rozm\u00f3w z ksi\u0119dzem jest coraz wi\u0119cej i dzisiaj \u017caden ksi\u0105dz nie mo\u017ce od nich ucieka\u0107, ale - wprost przeciwnie - podejmowa\u0107 nowe wyzwania. To przekonanie sk\u0142oni\u0142o mnie do pr\u00f3by otwarcia tego\u017c bloga, chocia\u017c okazji do rozm\u00f3w na co dzie\u0144 - w konfesjonale i poza nim - na szcz\u0119\u015bcie nie brakuje. My\u015bl\u0119 jednak, \u017ce ten blog b\u0119dzie jeszcze jednym sposobem i przestrzeni\u0105 nawi\u0105zania kontaktu z lud\u017ami dobrej woli, otwartymi na dialog.","url":"https:\/\/gaudiumetspes-blog.pl\/index.php\/author\/ks-jacek\/"}]}},"jetpack_featured_media_url":"","jetpack_sharing_enabled":true,"_links":{"self":[{"href":"https:\/\/gaudiumetspes-blog.pl\/index.php\/wp-json\/wp\/v2\/posts\/18698","targetHints":{"allow":["GET"]}}],"collection":[{"href":"https:\/\/gaudiumetspes-blog.pl\/index.php\/wp-json\/wp\/v2\/posts"}],"about":[{"href":"https:\/\/gaudiumetspes-blog.pl\/index.php\/wp-json\/wp\/v2\/types\/post"}],"author":[{"embeddable":true,"href":"https:\/\/gaudiumetspes-blog.pl\/index.php\/wp-json\/wp\/v2\/users\/1"}],"replies":[{"embeddable":true,"href":"https:\/\/gaudiumetspes-blog.pl\/index.php\/wp-json\/wp\/v2\/comments?post=18698"}],"version-history":[{"count":3,"href":"https:\/\/gaudiumetspes-blog.pl\/index.php\/wp-json\/wp\/v2\/posts\/18698\/revisions"}],"predecessor-version":[{"id":18701,"href":"https:\/\/gaudiumetspes-blog.pl\/index.php\/wp-json\/wp\/v2\/posts\/18698\/revisions\/18701"}],"wp:attachment":[{"href":"https:\/\/gaudiumetspes-blog.pl\/index.php\/wp-json\/wp\/v2\/media?parent=18698"}],"wp:term":[{"taxonomy":"category","embeddable":true,"href":"https:\/\/gaudiumetspes-blog.pl\/index.php\/wp-json\/wp\/v2\/categories?post=18698"},{"taxonomy":"post_tag","embeddable":true,"href":"https:\/\/gaudiumetspes-blog.pl\/index.php\/wp-json\/wp\/v2\/tags?post=18698"}],"curies":[{"name":"wp","href":"https:\/\/api.w.org\/{rel}","templated":true}]}}