{"id":18732,"date":"2021-03-27T06:48:28","date_gmt":"2021-03-27T05:48:28","guid":{"rendered":"https:\/\/gaudiumetspes-blog.pl\/?p=18732"},"modified":"2021-03-27T06:51:28","modified_gmt":"2021-03-27T05:51:28","slug":"wiara-mowiona-czy-wiara-czyniona","status":"publish","type":"post","link":"https:\/\/gaudiumetspes-blog.pl\/index.php\/2021\/03\/27\/wiara-mowiona-czy-wiara-czyniona\/","title":{"rendered":"Wiara &#8222;m\u00f3wiona&#8221;, czy wiara &#8222;czyniona&#8221;?&#8230;"},"content":{"rendered":"<p align=\"justify\"><span style=\"color: #000000;\"><span style=\"font-family: Book Antiqua, serif;\"><span style=\"font-size: large;\">Szcz\u0119\u015b\u0107 Bo\u017ce! Moi Drodzy, w dniu dzisiejszym <b>urodziny prze\u017cywa Aleksandra Szel\u0105g, <\/b><b>zaanga\u017cowana w swoim czasie w dzia\u0142alno\u015b\u0107 m\u0142odzie\u017cow\u0105 w Parafii w Celestynowie. \u017bycz\u0119 <\/b><b>Jubilatce <\/b><b>silnej wiary, zawsze potwierdzanej uczynkami. Wi\u0119cej o tym w rozwa\u017caniu Ksi\u0119dza Leszka. Zapewniam o modlitwie w <\/b><b>tej <\/b><b>intencji!<\/b><\/span><\/span><\/span><\/p>\n<p align=\"justify\"><span style=\"color: #000000;\"><span style=\"font-family: Book Antiqua, serif;\"><span style=\"font-size: large;\">A Ksi\u0119dzu Markowi i Siostrze Joannie dzi\u0119kuj\u0119 za wczorajsze s\u0142\u00f3wko z Syberii. I za to s\u0142\u00f3wko pisane, i za to m\u00f3wione. Za przypomnienie o budowaniu osobistej relacji i wi\u0119zi z Jezusem, ale tak\u017ce o spokojnym i rzeczowym odpowiadaniu na zarzuty ze strony ludzi. Wa\u017cne i praktyczne wskazania. A przy okazji \u2013 jak zawsze \u2013 wspieramy modlitw\u0105 wszelkie apostolskie dzia\u0142ania w rozleg\u0142ej Parafii w Surgucie.<\/span><\/span><\/span><\/p>\n<p align=\"justify\"><span style=\"color: #000000;\"><span style=\"font-family: Book Antiqua, serif;\"><span style=\"font-size: large;\">Za dzisiejsze s\u0142\u00f3wko natomiast dzi\u0119kujemy Ksi\u0119dzu Leszkowi. Ze swej strony, wspieram modlitw\u0105 pos\u0142ug\u0119 duszpastersk\u0105 i prac\u0119 naukow\u0105 Ksi\u0119dza Leszka, doceniaj\u0105c Jego niezwyk\u0142\u0105 pracowito\u015b\u0107 i \u015bwietne zorganizowanie, i\u017c przy tak du\u017cej ilo\u015bci obowi\u0105zk\u00f3w, naprawd\u0119 wszystko tak \u015bwietnie ogarnia. Niech Mu Pan b\u0142ogos\u0142awi i sam wynagradza wszelkie dobro z Jego strony.<\/span><\/span><\/span><\/p>\n<p align=\"justify\"><span style=\"color: #000000;\"><span style=\"font-family: Book Antiqua, serif;\"><span style=\"font-size: large;\">Bardzo serdecznie tak\u017ce dzi\u0119kuj\u0119 Wszystkim, kt\u00f3rzy minionej nocy wybrali si\u0119 na szlak Ekstremalnej Drogi Krzy\u017cowej. Dzi\u0119kuj\u0119 za odwag\u0119 i \u015bwiadectwo wiary. Wydaje si\u0119, \u017ce w\u0142a\u015bnie takie zaanga\u017cowanie, jak i to wszystko, o czym pisa\u0142em w czwartek, a wi\u0119c w\u0142\u0105czenie si\u0119 w dzie\u0142o Duchowej Adopcji czy Oddanie si\u0119 Sercu Maryi w jedno\u015bci z Sercem Jezusa \u2013 to najlepsza odpowied\u017a na ca\u0142y zmasowany ostatnio atak z\u0142ego, kt\u00f3ry rozpanoszy\u0142 si\u0119 w naszej rzeczywisto\u015bci i pr\u00f3buje nam odebra\u0107 kolejne \u015awi\u0119ta Paschalne. Bardziej, ni\u017c demonstracje uliczne \u2013 modlitwa, budowanie wi\u0119zi z Jezusem i Jego Matk\u0105, oraz odwa\u017cne \u015bwiadectwo wiary! <\/span><\/span><\/span><\/p>\n<p align=\"justify\"><span style=\"color: #000000;\"><span style=\"font-family: Book Antiqua, serif;\"><span style=\"font-size: large;\">A to \u015bwiadectwo w najbli\u017cszych dniach najlepiej wyrazi si\u0119 w tym, \u017ce niepomni na absurdalne i bezprawne ograniczenia, po prostu p\u00f3jdziemy w Triduum do naszych \u015bwi\u0105ty\u0144. Ale wszyscy! To b\u0119dzie czytelnym znakiem naszej wiary i tego, co s\u0105dzi o tym wszystkim coraz wi\u0119cej os\u00f3b, a co s\u0142yszy si\u0119 ju\u017c dos\u0142ownie z ka\u017cdej strony. Pomy\u015blmy o tym, skonsultujmy t\u0119 spraw\u0119 z Panem na modlitwie. Skorzystajmy tak\u017ce z refleksji Ksi\u0119dza Leszka, kt\u00f3ra tak\u017ce ten problem podejmuje.<\/span><\/span><\/span><\/p>\n<p align=\"justify\"><span style=\"color: #000000;\"><span style=\"font-family: Book Antiqua, serif;\"><span style=\"font-size: large;\">A ja pozdrawiam z Kodnia, gdzie wczoraj przez ca\u0142y dzie\u0144 by\u0142em, aby pomodli\u0107 si\u0119 i popracowa\u0107 \u2013 i dzisiaj jeszcze pob\u0119d\u0119 do obiadu. Jak wiecie, co dwa, trzy tygodnie wpadam tu na dwa dni \u2013 ju\u017c troch\u0119 tak, jak do siebie\u2026 Mam tu \u201esw\u00f3j\u201d pokoik, w kt\u00f3rym zawsze si\u0119 zatrzymuj\u0119. Ostatnio, to nawet zabieram ze sob\u0105 klucz do niego, dzi\u0119ki czemu mog\u0119 przyjecha\u0107 nawet w \u015brodku nocy, nikomu z Domownik\u00f3w nie zawracaj\u0105c g\u0142owy. Ciesz\u0119 si\u0119 z tej mo\u017cliwo\u015bci. Odbieram to jako wielki u\u015bmiech Matki Bo\u017cej Kode\u0144skiej do mnie. Nie musz\u0119 oczywi\u015bcie przypomina\u0107 \u2013 ale przypomn\u0119 \u2013 \u017ce b\u0119d\u0105c tutaj, zawsze pami\u0119tam w modlitwie o Was wszystkich!<\/span><\/span><\/span><\/p>\n<p align=\"justify\"><span style=\"color: #000000;\"><span style=\"font-family: Book Antiqua, serif;\"><span style=\"font-size: large;\">Teraz za\u015b ju\u017c zapraszam Was, moi Drodzy, do pochylenia si\u0119 nad Bo\u017cym s\u0142owem dzisiejszej liturgii. <b>Co Pan konkretnie do mnie dzisiaj m\u00f3wi?<\/b> Duchu \u015awi\u0119ty, przyjd\u017a ze swoim \u015bwiat\u0142em i swoj\u0105 moc\u0105! A Ksi\u0119dzu Leszkowi jeszcze raz \u2013 wielkie dzi\u0119ki!<\/span><\/span><\/span><\/p>\n<p align=\"justify\"><span style=\"color: #000000;\"><span style=\"font-family: Book Antiqua, serif;\"><span style=\"font-size: large;\"><b>Niech Was b\u0142ogos\u0142awi B\u00f3g Wszechmog\u0105cy: Ojciec + i Syn, i Duch \u015awi\u0119ty. Amen<\/b><\/span><\/span><\/span><\/p>\n<p align=\"center\"><span style=\"color: #000000;\"><span style=\"font-family: Book Antiqua, serif;\"><span style=\"font-size: large;\">Gaudium et spes! Ks. Jacek<\/span><\/span><\/span><\/p>\n<p align=\"center\">\n<p align=\"center\">\n<p align=\"center\">\n<p align=\"center\">\n<p align=\"center\">\n<p align=\"justify\"><span style=\"color: #000000;\"><span style=\"font-family: Book Antiqua, serif;\"><span style=\"font-size: large;\"><b>Sobota 5 Tygodnia Wielkiego Postu,<\/b><\/span><\/span><\/span><\/p>\n<p align=\"justify\"><span style=\"color: #000000;\"><span style=\"font-family: Book Antiqua, serif;\"><span style=\"font-size: large;\"><b>27 kwietnia 2021.,<\/b><\/span><\/span><\/span><\/p>\n<p align=\"justify\"><span style=\"color: #000000;\"><span style=\"font-family: Book Antiqua, serif;\"><span style=\"font-size: large;\"><b>do czyta\u0144: Ez 37,21\u201328; J 11,45\u201357<\/b><\/span><\/span><\/span><\/p>\n<p align=\"justify\">\n<p align=\"justify\">\n<p align=\"justify\">\n<p align=\"justify\">\n<p align=\"justify\">\n<p align=\"justify\"><span style=\"color: #000000;\"><span style=\"font-family: Book Antiqua, serif;\"><span style=\"font-size: large;\"><b>CZYTANIE Z KSI\u0118GI PROROKA EZECHIELA: <\/b><\/span><\/span><\/span><\/p>\n<p align=\"justify\"><span style=\"color: #000000;\"><span style=\"font-family: Book Antiqua, serif;\"><span style=\"font-size: large;\"><b>Tak m\u00f3wi Pan B\u00f3g: \u201eOto wybieram Izraelit\u00f3w spo\u015br\u00f3d ludzi, do kt\u00f3rych poci\u0105gn\u0119li, i zbieram ich ze wszystkich stron, i prowadz\u0119 ich do ich kraju. I uczyni\u0119 ich jednym ludem w kraju, na g\u00f3rach Izraela, i jeden kr\u00f3l b\u0119dzie nimi wszystkimi rz\u0105dzi\u0142, i ju\u017c nie b\u0119d\u0105 tworzy\u0107 dw\u00f3ch narod\u00f3w, i ju\u017c nie b\u0119d\u0105 podzieleni na dwa kr\u00f3lestwa. <\/b><\/span><\/span><\/span><\/p>\n<p align=\"justify\"><span style=\"color: #000000;\"><span style=\"font-family: Book Antiqua, serif;\"><span style=\"font-size: large;\"><b>I ju\u017c nie b\u0119d\u0105 si\u0119 kala\u0107 swymi bo\u017ckami i wstr\u0119tnymi kultami, i wszelkimi odst\u0119pstwami. Uwolni\u0119 ich od wszystkich ich wiaro\u0142omstw, kt\u00f3rymi zgrzeszyli, oczyszcz\u0119 ich i b\u0119d\u0105 moim ludem, Ja za\u015b b\u0119d\u0119 ich Bogiem. <\/b><\/span><\/span><\/span><\/p>\n<p align=\"justify\"><span style=\"color: #000000;\"><span style=\"font-family: Book Antiqua, serif;\"><span style=\"font-size: large;\"><b>S\u0142uga m\u00f3j, Dawid, b\u0119dzie kr\u00f3lem nad nimi i wszyscy oni b\u0119d\u0105 mie\u0107 jedynego Pasterza, i \u017cy\u0107 b\u0119d\u0105 wed\u0142ug moich praw, i moje przykazania zachowywa\u0107 b\u0119d\u0105 i wype\u0142nia\u0107. B\u0119d\u0105 mieszkali w kraju, kt\u00f3ry da\u0142em s\u0142udze mojemu, Jakubowi, w kt\u00f3rym mieszkali wasi przodkowie. Mieszka\u0107 w nim b\u0119d\u0105, oni i synowie, i wnuki ich na zawsze, a m\u00f3j s\u0142uga, Dawid, b\u0119dzie na zawsze ich w\u0142adc\u0105. <\/b><\/span><\/span><\/span><\/p>\n<p align=\"justify\"><span style=\"color: #000000;\"><span style=\"font-family: Book Antiqua, serif;\"><span style=\"font-size: large;\"><b>I zawr\u0119 z nimi przymierze pokoju: b\u0119dzie to wiekuiste przymierze z nimi. Za\u0142o\u017c\u0119 ich i rozmno\u017c\u0119, a m\u00f3j przybytek po\u015br\u00f3d nich umieszcz\u0119 na sta\u0142e. Mieszkanie moje b\u0119dzie po\u015br\u00f3d nich, a Ja b\u0119d\u0119 ich Bogiem, oni za\u015b b\u0119d\u0105 moim ludem. Ludy za\u015b poga\u0144skie poznaj\u0105, \u017ce Ja jestem Pan, kt\u00f3ry u\u015bwi\u0119ca Izraela, gdy m\u00f3j przybytek b\u0119dzie w\u015br\u00f3d nich na zawsze\u201d.<\/b><\/span><\/span><\/span><\/p>\n<p align=\"justify\">\n<p align=\"justify\">\n<p align=\"justify\">\n<p align=\"justify\">\n<p align=\"justify\">\n<p align=\"justify\"><span style=\"color: #000000;\"><span style=\"font-family: Book Antiqua, serif;\"><span style=\"font-size: large;\"><b>S\u0141OWA EWANGELII WED\u0141UG \u015aWI\u0118TEGO JANA: <\/b><\/span><\/span><\/span><\/p>\n<p align=\"justify\"><span style=\"color: #000000;\"><span style=\"font-family: Book Antiqua, serif;\"><span style=\"font-size: large;\"><b>Wielu spo\u015br\u00f3d \u017byd\u00f3w przyby\u0142ych do Marii, ujrzawszy, to, czego Jezus dokona\u0142, uwierzy\u0142o w Niego. Niekt\u00f3rzy z nich udali si\u0119 do faryzeusz\u00f3w i donie\u015bli im, co Jezus uczyni\u0142. <\/b><\/span><\/span><\/span><\/p>\n<p align=\"justify\"><span style=\"color: #000000;\"><span style=\"font-family: Book Antiqua, serif;\"><span style=\"font-size: large;\"><b>Wobec tego arcykap\u0142ani i faryzeusze zwo\u0142ali Najwy\u017csz\u0105 Rad\u0119 i rzekli: \u201eC\u00f3\u017c my robimy wobec tego, \u017ce ten cz\u0142owiek czyni wiele znak\u00f3w? Je\u017celi Go tak pozostawimy, to wszyscy uwierz\u0105 w Niego, i przyjd\u0105 Rzymianie, i zniszcz\u0105 nasze miejsca \u015bwi\u0119te i nasz nar\u00f3d\u201d. W\u00f3wczas jeden z nich, Kajfasz, kt\u00f3ry w owym roku by\u0142 najwy\u017cszym kap\u0142anem, rzek\u0142 do nich: \u201eWy nic nie rozumiecie i nie bierzecie tego pod uwag\u0119, \u017ce lepiej jest dla was, gdy jeden cz\u0142owiek umrze za lud, ni\u017c mia\u0142by zgin\u0105\u0107 ca\u0142y nar\u00f3d\u201d. <\/b><\/span><\/span><\/span><\/p>\n<p align=\"justify\"><span style=\"color: #000000;\"><span style=\"font-family: Book Antiqua, serif;\"><span style=\"font-size: large;\"><b>Tego jednak nie powiedzia\u0142 sam od siebie, ale jako najwy\u017cszy kap\u0142an w owym roku wypowiedzia\u0142 proroctwo, \u017ce Jezus mia\u0142 umrze\u0107 za nar\u00f3d, a nie tylko za nar\u00f3d, ale tak\u017ce, by rozproszone dzieci Bo\u017ce zgromadzi\u0107 w jedno. Tego wi\u0119c dnia postanowili Go zabi\u0107. <\/b><\/span><\/span><\/span><\/p>\n<p align=\"justify\"><span style=\"color: #000000;\"><span style=\"font-family: Book Antiqua, serif;\"><span style=\"font-size: large;\"><b>Odt\u0105d Jezus ju\u017c nie wyst\u0119powa\u0142 w\u015br\u00f3d \u017byd\u00f3w publicznie, tylko odszed\u0142 stamt\u0105d do krainy w pobli\u017cu pustyni, do miasteczka, zwanego Efraim, i tam przebywa\u0142 ze swymi uczniami. <\/b><\/span><\/span><\/span><\/p>\n<p align=\"justify\"><span style=\"color: #000000;\"><span style=\"font-family: Book Antiqua, serif;\"><span style=\"font-size: large;\"><b>A by\u0142a blisko Pascha \u017cydowska. Wielu przed Pasch\u0105 udawa\u0142o si\u0119 z tej okolicy do Jerozolimy, aby si\u0119 oczy\u015bci\u0107. Oni wi\u0119c szukali Jezusa i gdy stan\u0119li w \u015bwi\u0105tyni, m\u00f3wili jeden do drugiego: \u201eC\u00f3\u017c wam si\u0119 zdaje? Czy\u017cby nie mia\u0142 przyj\u015b\u0107 na \u015bwi\u0119to?\u201d <\/b><\/span><\/span><\/span><\/p>\n<p align=\"justify\"><span style=\"color: #000000;\"><span style=\"font-family: Book Antiqua, serif;\"><span style=\"font-size: large;\"><b>Arcykap\u0142ani za\u015b i faryzeusze wydali polecenie, aby ka\u017cdy, ktokolwiek b\u0119dzie wiedzia\u0142 o miejscu Jego pobytu, doni\u00f3s\u0142 o tym, aby Go mo\u017cna by\u0142o pojma\u0107.<\/b><\/span><\/span><\/span><\/p>\n<p align=\"justify\">\n<p align=\"justify\">\n<p align=\"justify\">\n<p align=\"justify\">\n<p align=\"justify\">\n<p align=\"center\"><span style=\"color: #000000;\"><span style=\"font-size: large;\"><b><span style=\"font-family: Book Antiqua, serif;\">A OTO S\u0141\u00d3WKO KSI\u0118DZA LESZKA:<\/span><\/b><\/span><\/span><\/p>\n<p align=\"center\">\n<p align=\"center\">\n<p align=\"center\">\n<p align=\"center\">\n<p align=\"center\">\n<p align=\"justify\"><span style=\"color: #000000;\"><span style=\"font-family: Book Antiqua, serif;\"><span style=\"font-size: large;\">Zbli\u017camy si\u0119 do najwa\u017cniejszych dni w ca\u0142ym roku. Ju\u017c jutro zaczynamy Wielki Tydzie\u0144. B\u0119dziemy rozpami\u0119tywa\u0107 i prze\u017cywa\u0107 wielkie dzie\u0142a Bo\u017ce \u2013 M\u0119k\u0119, \u015amier\u0107 i Zmartwychwstanie Pana Jezusa. Ale ju\u017c w wydarzeniach, opisanych dzisiaj, widzimy, \u017ce zaczyna si\u0119 \u00abKrzy\u017c Jezusa\u00bb \u2013 jest to Krzy\u017c odrzucenia\u2026<\/span><\/span><\/span><\/p>\n<p align=\"justify\"><span style=\"color: #000000;\"><span style=\"font-family: Book Antiqua, serif;\"><span style=\"font-size: large;\">Opisane wydarzenia rozgrywaj\u0105 si\u0119 zaraz po wskrzeszeniu \u0141azarza. Wskrzeszenie umar\u0142ego by\u0142o gigantycznym cudem. Ta moc, kt\u00f3ra wychodzi\u0142a od Jezusa, by\u0142a tak przekonywuj\u0105ca i tak pot\u0119\u017cna, \u017ce jednych zbli\u017ca\u0142a do wiary, a w\u015br\u00f3d innych budzi\u0142a obawy o wi\u0119ksze prze\u015bladowania ze strony Rzymian. W reakcji na t\u0119 sytuacj\u0119, najwa\u017cniejsi ludzie w pa\u0144stwie \u2013 Sanhedryn \u2013 podejmuje decyzj\u0119, \u017ce trzeba zg\u0142adzi\u0107 Jezusa i usun\u0105\u0107 Go z przestrzeni spo\u0142ecznej. <\/span><\/span><\/span><\/p>\n<p align=\"justify\"><span style=\"color: #000000;\"><span style=\"font-family: Book Antiqua, serif;\"><span style=\"font-size: large;\">Sanhedryn nie rozpoznaje w Jezusie Mesjasza, nawet cz\u0142owiek powstaj\u0105cy z martwych nie jest w stanie ich przekona\u0107. Oni maj\u0105 swoje wyobra\u017cenie Boga. Niemniej jednak, paradoksem jest to, \u017ce boj\u0105 si\u0119, i\u017c po tym, co si\u0119 sta\u0142o, tak\u017ce inni w Niego uwierz\u0105. <\/span><\/span><\/span><\/p>\n<p align=\"justify\"><span style=\"color: #000000;\"><span style=\"font-family: Book Antiqua, serif;\"><span style=\"font-size: large;\">Dzi\u015b, kiedy rozwa\u017camy to odrzucenie Jezusa, warto, aby\u015bmy zadali r\u00f3wnie\u017c sobie pytanie, jaka jest nasza wiara? Czy my naprawd\u0119 wierzymy? A mo\u017ce nie potrafimy si\u0119 przyzna\u0107, \u017ce nale\u017cymy do Chrystusa, gdy jednocze\u015bnie sprzedajemy Go za srebrniki \u015bwi\u0119tego spokoju? Czy rzeczywi\u015bcie jeste\u015bmy uczniami Jezusa i umiemy Go broni\u0107 nie tylko przez s\u0142owa, ale \u2013 przede wszystkim \u2013 przez czyny? <\/span><\/span><\/span><\/p>\n<p align=\"justify\"><span style=\"color: #000000;\"><span style=\"font-family: Book Antiqua, serif;\"><span style=\"font-size: large;\">Cz\u0119sto w \u017cyciu wypowiadamy bardzo wiele s\u0142\u00f3w, ale jak\u017ce cz\u0119sto s\u0105 one bez pokrycia. W sytuacji zagro\u017cenia szybko wycofujemy si\u0119 ze sk\u0142adanych obietnic, zapominamy o obiecanej pomocy, o przyja\u017ani, o wsparciu\u2026 Wtedy, kiedy jest to nam niewygodne, anulujemy wszelkie zapewnienia i zostawiamy drugiego cz\u0142owieka w samotno\u015bci i opuszczeniu ze swoim Krzy\u017cem. <\/span><\/span><\/span><\/p>\n<p align=\"justify\"><span style=\"color: #000000;\"><span style=\"font-family: Book Antiqua, serif;\"><span style=\"font-size: large;\">Tak, jak kiedy\u015b Sanhedryn odrzuci\u0142 Jezusa, tak i my dzi\u015b odrzucamy Go w drugim cz\u0142owieku, aby tylko nam by\u0142o wygodnie i bezpiecznie\u2026 A to jedynie czyny m\u00f3wi\u0105 o tym, czy s\u0142owa si\u0119 wcieli\u0142y, zi\u015bci\u0142y, zrealizowa\u0142y\u2026 Wiara bez uczynk\u00f3w jest martwa, pusta i nic nie znacz\u0105ca\u2026<\/span><\/span><\/span><\/p>\n<p align=\"justify\"><span style=\"color: #000000;\"><span style=\"font-family: Book Antiqua, serif;\"><span style=\"font-size: large;\">Kajfasz te\u017c nie uwierzy\u0142 Bogu\u2026 On \u2013 my\u015bl\u0105c tak zupe\u0142nie po ludzku \u2013 wyda\u0142 wyrok na Jezusa, aby uchroni\u0107 sw\u00f3j nar\u00f3d. Ale nie zdawa\u0142 sobie sprawy, \u017ce nieszcz\u0119\u015bcie ziemskie jest niczym w por\u00f3wnaniu z nieszcz\u0119\u015bciem wiecznym! <\/span><\/span><\/span><\/p>\n<p align=\"justify\"><span style=\"color: #000000;\"><span style=\"font-family: Book Antiqua, serif;\"><span style=\"font-size: large;\">Wypowiedzia\u0142 przy tym prorocze s\u0142owa: <i><b>L<\/b><\/i><i><b>epiej aby jeden cz\u0142owiek umar\u0142 za lud, ni\u017cby mia\u0142 zgin\u0105\u0107 ca\u0142y nar\u00f3d. <\/b><\/i> Niemniej jednak, z perspektywy czasu wiemy, ze B\u00f3g w ten spos\u00f3b ocala ka\u017cdego cz\u0142owieka na ziemi. Ocala mnie i Ciebie \u2013 ka\u017cdego z nas z osobna. Popatrz dzi\u015b na to wielkie dzie\u0142o Zbawienia, kt\u00f3re B\u00f3g dokona\u0142 wobec ludzko\u015bci i pomy\u015bl, \u017ce to za mnie i za Ciebie zosta\u0142a przelana krew. Zobacz niesamowite cierpienie i b\u00f3l Jezusa. Sp\u00f3jrz na Krzy\u017c i zapragnij kocha\u0107 ludzi i Boga ca\u0142ym sercem.<\/span><\/span><\/span><\/p>\n<p align=\"justify\"><span style=\"color: #000000;\"><span style=\"font-family: Book Antiqua, serif;\"><span style=\"font-size: large;\">To przez Krzy\u017c, \u015amier\u0107 i Zmartwychwstanie Jezusa ka\u017cdy z nas zosta\u0142 zaproszony do Kr\u00f3lestwa Niebieskiego. Dlatego zacznij ten Wielki Tydzie\u0144 z g\u0142\u0119bokim spojrzeniem na Krzy\u017c\u2026 Popro\u015b o wiar\u0119, nowe serce i nowego ducha \u2013 dla siebie i najbli\u017cszych \u2013 aby dobrze przygotowa\u0107 si\u0119 na Jego Zmartwychwstanie.<\/span><\/span><\/span><\/p>\n","protected":false},"excerpt":{"rendered":"<p>Szcz\u0119\u015b\u0107 Bo\u017ce! Moi Drodzy, w dniu dzisiejszym urodziny prze\u017cywa Aleksandra Szel\u0105g, zaanga\u017cowana w swoim czasie w dzia\u0142alno\u015b\u0107 m\u0142odzie\u017cow\u0105 w Parafii w Celestynowie. \u017bycz\u0119 Jubilatce silnej wiary, zawsze potwierdzanej uczynkami. Wi\u0119cej o tym w rozwa\u017caniu Ksi\u0119dza Leszka. Zapewniam o modlitwie w tej intencji! A Ksi\u0119dzu Markowi i Siostrze Joannie dzi\u0119kuj\u0119 za wczorajsze s\u0142\u00f3wko z Syberii. I [&hellip;]<\/p>\n","protected":false},"author":1,"featured_media":0,"comment_status":"open","ping_status":"open","sticky":false,"template":"","format":"standard","meta":{"jetpack_post_was_ever_published":false,"_jetpack_newsletter_access":"","_jetpack_dont_email_post_to_subs":false,"_jetpack_newsletter_tier_id":0,"_jetpack_memberships_contains_paywalled_content":false,"_jetpack_memberships_contains_paid_content":false,"footnotes":""},"categories":[1],"tags":[],"class_list":["post-18732","post","type-post","status-publish","format-standard","hentry","category-bez-kategorii"],"yoast_head":"<!-- This site is optimized with the Yoast SEO plugin v25.1 - https:\/\/yoast.com\/wordpress\/plugins\/seo\/ -->\n<title>Wiara &quot;m\u00f3wiona&quot;, czy wiara &quot;czyniona&quot;?... - Gaudium Et Spes<\/title>\n<meta name=\"robots\" content=\"index, follow, max-snippet:-1, max-image-preview:large, max-video-preview:-1\" \/>\n<link rel=\"canonical\" href=\"https:\/\/gaudiumetspes-blog.pl\/index.php\/2021\/03\/27\/wiara-mowiona-czy-wiara-czyniona\/\" \/>\n<meta property=\"og:locale\" content=\"pl_PL\" \/>\n<meta property=\"og:type\" content=\"article\" \/>\n<meta property=\"og:title\" content=\"Wiara &quot;m\u00f3wiona&quot;, czy wiara &quot;czyniona&quot;?... - Gaudium Et Spes\" \/>\n<meta property=\"og:description\" content=\"Szcz\u0119\u015b\u0107 Bo\u017ce! Moi Drodzy, w dniu dzisiejszym urodziny prze\u017cywa Aleksandra Szel\u0105g, zaanga\u017cowana w swoim czasie w dzia\u0142alno\u015b\u0107 m\u0142odzie\u017cow\u0105 w Parafii w Celestynowie. \u017bycz\u0119 Jubilatce silnej wiary, zawsze potwierdzanej uczynkami. Wi\u0119cej o tym w rozwa\u017caniu Ksi\u0119dza Leszka. Zapewniam o modlitwie w tej intencji! A Ksi\u0119dzu Markowi i Siostrze Joannie dzi\u0119kuj\u0119 za wczorajsze s\u0142\u00f3wko z Syberii. I [&hellip;]\" \/>\n<meta property=\"og:url\" content=\"https:\/\/gaudiumetspes-blog.pl\/index.php\/2021\/03\/27\/wiara-mowiona-czy-wiara-czyniona\/\" \/>\n<meta property=\"og:site_name\" content=\"Gaudium Et Spes\" \/>\n<meta property=\"article:published_time\" content=\"2021-03-27T05:48:28+00:00\" \/>\n<meta property=\"article:modified_time\" content=\"2021-03-27T05:51:28+00:00\" \/>\n<meta name=\"author\" content=\"Ks. Jacek\" \/>\n<meta name=\"twitter:card\" content=\"summary_large_image\" \/>\n<meta name=\"twitter:label1\" content=\"Napisane przez\" \/>\n\t<meta name=\"twitter:data1\" content=\"Ks. Jacek\" \/>\n\t<meta name=\"twitter:label2\" content=\"Szacowany czas czytania\" \/>\n\t<meta name=\"twitter:data2\" content=\"9 minut\" \/>\n<script type=\"application\/ld+json\" class=\"yoast-schema-graph\">{\"@context\":\"https:\/\/schema.org\",\"@graph\":[{\"@type\":\"WebPage\",\"@id\":\"https:\/\/gaudiumetspes-blog.pl\/index.php\/2021\/03\/27\/wiara-mowiona-czy-wiara-czyniona\/\",\"url\":\"https:\/\/gaudiumetspes-blog.pl\/index.php\/2021\/03\/27\/wiara-mowiona-czy-wiara-czyniona\/\",\"name\":\"Wiara \\\"m\u00f3wiona\\\", czy wiara \\\"czyniona\\\"?... - Gaudium Et Spes\",\"isPartOf\":{\"@id\":\"https:\/\/gaudiumetspes-blog.pl\/#website\"},\"datePublished\":\"2021-03-27T05:48:28+00:00\",\"dateModified\":\"2021-03-27T05:51:28+00:00\",\"author\":{\"@id\":\"https:\/\/gaudiumetspes-blog.pl\/#\/schema\/person\/1661982992b752dea8dff0d4ed845a65\"},\"breadcrumb\":{\"@id\":\"https:\/\/gaudiumetspes-blog.pl\/index.php\/2021\/03\/27\/wiara-mowiona-czy-wiara-czyniona\/#breadcrumb\"},\"inLanguage\":\"pl-PL\",\"potentialAction\":[{\"@type\":\"ReadAction\",\"target\":[\"https:\/\/gaudiumetspes-blog.pl\/index.php\/2021\/03\/27\/wiara-mowiona-czy-wiara-czyniona\/\"]}]},{\"@type\":\"BreadcrumbList\",\"@id\":\"https:\/\/gaudiumetspes-blog.pl\/index.php\/2021\/03\/27\/wiara-mowiona-czy-wiara-czyniona\/#breadcrumb\",\"itemListElement\":[{\"@type\":\"ListItem\",\"position\":1,\"name\":\"Strona g\u0142\u00f3wna\",\"item\":\"https:\/\/gaudiumetspes-blog.pl\/\"},{\"@type\":\"ListItem\",\"position\":2,\"name\":\"Wiara &#8222;m\u00f3wiona&#8221;, czy&nbsp;wiara &#8222;czyniona&#8221;?&#8230;\"}]},{\"@type\":\"WebSite\",\"@id\":\"https:\/\/gaudiumetspes-blog.pl\/#website\",\"url\":\"https:\/\/gaudiumetspes-blog.pl\/\",\"name\":\"Gaudium Et Spes\",\"description\":\"Blog Ks. Jacka Ja\u015bkowskiego\",\"potentialAction\":[{\"@type\":\"SearchAction\",\"target\":{\"@type\":\"EntryPoint\",\"urlTemplate\":\"https:\/\/gaudiumetspes-blog.pl\/?s={search_term_string}\"},\"query-input\":{\"@type\":\"PropertyValueSpecification\",\"valueRequired\":true,\"valueName\":\"search_term_string\"}}],\"inLanguage\":\"pl-PL\"},{\"@type\":\"Person\",\"@id\":\"https:\/\/gaudiumetspes-blog.pl\/#\/schema\/person\/1661982992b752dea8dff0d4ed845a65\",\"name\":\"Ks. Jacek\",\"image\":{\"@type\":\"ImageObject\",\"inLanguage\":\"pl-PL\",\"@id\":\"https:\/\/gaudiumetspes-blog.pl\/#\/schema\/person\/image\/\",\"url\":\"https:\/\/gaudiumetspes-blog.pl\/wp-content\/uploads\/2019\/07\/avatar-JJ-150x150.jpg\",\"contentUrl\":\"https:\/\/gaudiumetspes-blog.pl\/wp-content\/uploads\/2019\/07\/avatar-JJ-150x150.jpg\",\"caption\":\"Ks. Jacek\"},\"description\":\"Witam serdecznie! K\u0142ania si\u0119 Ks. Jacek Ja\u015bkowski. Nie jestem ani kim\u015b wa\u017cnym, ani kim\u015b znanym. Jestem ksi\u0119dzem, kt\u00f3ry po prostu chce rozmawia\u0107. Codzienna kap\u0142a\u0144ska pos\u0142uga pokazuje mi, \u017ce temat\u00f3w do rozm\u00f3w z ksi\u0119dzem jest coraz wi\u0119cej i dzisiaj \u017caden ksi\u0105dz nie mo\u017ce od nich ucieka\u0107, ale - wprost przeciwnie - podejmowa\u0107 nowe wyzwania. To przekonanie sk\u0142oni\u0142o mnie do pr\u00f3by otwarcia tego\u017c bloga, chocia\u017c okazji do rozm\u00f3w na co dzie\u0144 - w konfesjonale i poza nim - na szcz\u0119\u015bcie nie brakuje. My\u015bl\u0119 jednak, \u017ce ten blog b\u0119dzie jeszcze jednym sposobem i przestrzeni\u0105 nawi\u0105zania kontaktu z lud\u017ami dobrej woli, otwartymi na dialog.\",\"url\":\"https:\/\/gaudiumetspes-blog.pl\/index.php\/author\/ks-jacek\/\"}]}<\/script>\n<!-- \/ Yoast SEO plugin. -->","yoast_head_json":{"title":"Wiara \"m\u00f3wiona\", czy wiara \"czyniona\"?... - Gaudium Et Spes","robots":{"index":"index","follow":"follow","max-snippet":"max-snippet:-1","max-image-preview":"max-image-preview:large","max-video-preview":"max-video-preview:-1"},"canonical":"https:\/\/gaudiumetspes-blog.pl\/index.php\/2021\/03\/27\/wiara-mowiona-czy-wiara-czyniona\/","og_locale":"pl_PL","og_type":"article","og_title":"Wiara \"m\u00f3wiona\", czy wiara \"czyniona\"?... - Gaudium Et Spes","og_description":"Szcz\u0119\u015b\u0107 Bo\u017ce! Moi Drodzy, w dniu dzisiejszym urodziny prze\u017cywa Aleksandra Szel\u0105g, zaanga\u017cowana w swoim czasie w dzia\u0142alno\u015b\u0107 m\u0142odzie\u017cow\u0105 w Parafii w Celestynowie. \u017bycz\u0119 Jubilatce silnej wiary, zawsze potwierdzanej uczynkami. Wi\u0119cej o tym w rozwa\u017caniu Ksi\u0119dza Leszka. Zapewniam o modlitwie w tej intencji! A Ksi\u0119dzu Markowi i Siostrze Joannie dzi\u0119kuj\u0119 za wczorajsze s\u0142\u00f3wko z Syberii. I [&hellip;]","og_url":"https:\/\/gaudiumetspes-blog.pl\/index.php\/2021\/03\/27\/wiara-mowiona-czy-wiara-czyniona\/","og_site_name":"Gaudium Et Spes","article_published_time":"2021-03-27T05:48:28+00:00","article_modified_time":"2021-03-27T05:51:28+00:00","author":"Ks. Jacek","twitter_card":"summary_large_image","twitter_misc":{"Napisane przez":"Ks. Jacek","Szacowany czas czytania":"9 minut"},"schema":{"@context":"https:\/\/schema.org","@graph":[{"@type":"WebPage","@id":"https:\/\/gaudiumetspes-blog.pl\/index.php\/2021\/03\/27\/wiara-mowiona-czy-wiara-czyniona\/","url":"https:\/\/gaudiumetspes-blog.pl\/index.php\/2021\/03\/27\/wiara-mowiona-czy-wiara-czyniona\/","name":"Wiara \"m\u00f3wiona\", czy wiara \"czyniona\"?... - Gaudium Et Spes","isPartOf":{"@id":"https:\/\/gaudiumetspes-blog.pl\/#website"},"datePublished":"2021-03-27T05:48:28+00:00","dateModified":"2021-03-27T05:51:28+00:00","author":{"@id":"https:\/\/gaudiumetspes-blog.pl\/#\/schema\/person\/1661982992b752dea8dff0d4ed845a65"},"breadcrumb":{"@id":"https:\/\/gaudiumetspes-blog.pl\/index.php\/2021\/03\/27\/wiara-mowiona-czy-wiara-czyniona\/#breadcrumb"},"inLanguage":"pl-PL","potentialAction":[{"@type":"ReadAction","target":["https:\/\/gaudiumetspes-blog.pl\/index.php\/2021\/03\/27\/wiara-mowiona-czy-wiara-czyniona\/"]}]},{"@type":"BreadcrumbList","@id":"https:\/\/gaudiumetspes-blog.pl\/index.php\/2021\/03\/27\/wiara-mowiona-czy-wiara-czyniona\/#breadcrumb","itemListElement":[{"@type":"ListItem","position":1,"name":"Strona g\u0142\u00f3wna","item":"https:\/\/gaudiumetspes-blog.pl\/"},{"@type":"ListItem","position":2,"name":"Wiara &#8222;m\u00f3wiona&#8221;, czy&nbsp;wiara &#8222;czyniona&#8221;?&#8230;"}]},{"@type":"WebSite","@id":"https:\/\/gaudiumetspes-blog.pl\/#website","url":"https:\/\/gaudiumetspes-blog.pl\/","name":"Gaudium Et Spes","description":"Blog Ks. Jacka Ja\u015bkowskiego","potentialAction":[{"@type":"SearchAction","target":{"@type":"EntryPoint","urlTemplate":"https:\/\/gaudiumetspes-blog.pl\/?s={search_term_string}"},"query-input":{"@type":"PropertyValueSpecification","valueRequired":true,"valueName":"search_term_string"}}],"inLanguage":"pl-PL"},{"@type":"Person","@id":"https:\/\/gaudiumetspes-blog.pl\/#\/schema\/person\/1661982992b752dea8dff0d4ed845a65","name":"Ks. Jacek","image":{"@type":"ImageObject","inLanguage":"pl-PL","@id":"https:\/\/gaudiumetspes-blog.pl\/#\/schema\/person\/image\/","url":"https:\/\/gaudiumetspes-blog.pl\/wp-content\/uploads\/2019\/07\/avatar-JJ-150x150.jpg","contentUrl":"https:\/\/gaudiumetspes-blog.pl\/wp-content\/uploads\/2019\/07\/avatar-JJ-150x150.jpg","caption":"Ks. Jacek"},"description":"Witam serdecznie! K\u0142ania si\u0119 Ks. Jacek Ja\u015bkowski. Nie jestem ani kim\u015b wa\u017cnym, ani kim\u015b znanym. Jestem ksi\u0119dzem, kt\u00f3ry po prostu chce rozmawia\u0107. Codzienna kap\u0142a\u0144ska pos\u0142uga pokazuje mi, \u017ce temat\u00f3w do rozm\u00f3w z ksi\u0119dzem jest coraz wi\u0119cej i dzisiaj \u017caden ksi\u0105dz nie mo\u017ce od nich ucieka\u0107, ale - wprost przeciwnie - podejmowa\u0107 nowe wyzwania. To przekonanie sk\u0142oni\u0142o mnie do pr\u00f3by otwarcia tego\u017c bloga, chocia\u017c okazji do rozm\u00f3w na co dzie\u0144 - w konfesjonale i poza nim - na szcz\u0119\u015bcie nie brakuje. My\u015bl\u0119 jednak, \u017ce ten blog b\u0119dzie jeszcze jednym sposobem i przestrzeni\u0105 nawi\u0105zania kontaktu z lud\u017ami dobrej woli, otwartymi na dialog.","url":"https:\/\/gaudiumetspes-blog.pl\/index.php\/author\/ks-jacek\/"}]}},"jetpack_featured_media_url":"","jetpack_sharing_enabled":true,"_links":{"self":[{"href":"https:\/\/gaudiumetspes-blog.pl\/index.php\/wp-json\/wp\/v2\/posts\/18732","targetHints":{"allow":["GET"]}}],"collection":[{"href":"https:\/\/gaudiumetspes-blog.pl\/index.php\/wp-json\/wp\/v2\/posts"}],"about":[{"href":"https:\/\/gaudiumetspes-blog.pl\/index.php\/wp-json\/wp\/v2\/types\/post"}],"author":[{"embeddable":true,"href":"https:\/\/gaudiumetspes-blog.pl\/index.php\/wp-json\/wp\/v2\/users\/1"}],"replies":[{"embeddable":true,"href":"https:\/\/gaudiumetspes-blog.pl\/index.php\/wp-json\/wp\/v2\/comments?post=18732"}],"version-history":[{"count":3,"href":"https:\/\/gaudiumetspes-blog.pl\/index.php\/wp-json\/wp\/v2\/posts\/18732\/revisions"}],"predecessor-version":[{"id":18735,"href":"https:\/\/gaudiumetspes-blog.pl\/index.php\/wp-json\/wp\/v2\/posts\/18732\/revisions\/18735"}],"wp:attachment":[{"href":"https:\/\/gaudiumetspes-blog.pl\/index.php\/wp-json\/wp\/v2\/media?parent=18732"}],"wp:term":[{"taxonomy":"category","embeddable":true,"href":"https:\/\/gaudiumetspes-blog.pl\/index.php\/wp-json\/wp\/v2\/categories?post=18732"},{"taxonomy":"post_tag","embeddable":true,"href":"https:\/\/gaudiumetspes-blog.pl\/index.php\/wp-json\/wp\/v2\/tags?post=18732"}],"curies":[{"name":"wp","href":"https:\/\/api.w.org\/{rel}","templated":true}]}}