{"id":18742,"date":"2021-03-29T08:17:28","date_gmt":"2021-03-29T06:17:28","guid":{"rendered":"https:\/\/gaudiumetspes-blog.pl\/?p=18742"},"modified":"2021-03-29T08:17:28","modified_gmt":"2021-03-29T06:17:28","slug":"najwazniejsze-dni-w-roku","status":"publish","type":"post","link":"https:\/\/gaudiumetspes-blog.pl\/index.php\/2021\/03\/29\/najwazniejsze-dni-w-roku\/","title":{"rendered":"Najwa\u017cniejsze dni w roku&#8230;"},"content":{"rendered":"<p class=\"western\" align=\"center\"><span style=\"font-family: Book Antiqua, serif;\"><span style=\"font-size: large;\"><b>\u015aWI\u0118TE TRIDUUM PASCHALNE<\/b><\/span><\/span><\/p>\n<p class=\"western\" align=\"justify\"><span style=\"font-size: large;\"><span style=\"font-family: Book Antiqua, serif;\"><b>S\u0142owo: \u201epascha\u201d oznacza: \u201eprzej\u015bcie\u201d.<\/b><\/span><span style=\"font-family: Book Antiqua, serif;\"> Stary Testament pos\u0142uguje si\u0119 tym s\u0142owem na oznaczenie <\/span><span style=\"font-family: Book Antiqua, serif;\"><b>przej\u015bcia Izraelit\u00f3w ze stanu niewoli w Egipcie, do stanu wolno\u015bci i szcz\u0119\u015bcia w Ziemi Obiecanej.<\/b><\/span><span style=\"font-family: Book Antiqua, serif;\"> W t\u0119 pami\u0119tn\u0105 noc wyj\u015bcia z Egiptu, nar\u00f3d wybrany spo\u017cywa\u0142 u<\/span><span style=\"font-family: Book Antiqua, serif;\"><b>czt\u0119, zwan\u0105 uczt\u0105 paschaln\u0105<\/b><\/span><span style=\"font-family: Book Antiqua, serif;\"> \u2013 spo\u017cywa\u0142 pospiesznie, sposobi\u0105c si\u0119 do drogi. Na pami\u0105tk\u0119 tamtej nocy, uczta paschalna spo\u017cywana by\u0142a w narodzie \u017cydowskim co roku. Ca\u0142a ta historia powtarza si\u0119 w Nowym Testamencie. <\/span><span style=\"font-family: Book Antiqua, serif;\"><b>Jezus Chrystus, w noc wyzwolenia swego Ludu, swego Ko\u015bcio\u0142a, z niewoli grzechu, spo\u017cywa ze swymi uczniami now\u0105 uczt\u0119 paschaln\u0105 \u2013 tak zwan\u0105 Ostatni\u0105 Wieczerz\u0119,<\/b><\/span><span style=\"font-family: Book Antiqua, serif;\"> kt\u00f3r\u0105 uwa\u017camy za <\/span><span style=\"font-family: Book Antiqua, serif;\"><b>pierwsz\u0105 Msz\u0119 \u015awi\u0119t\u0105.<\/b><\/span><span style=\"font-family: Book Antiqua, serif;\"> Po niej dokonuje dzie\u0142a zbawienia cz\u0142owieka poprzez z\u0142o\u017cenie Ofiary Krzy\u017ca.<\/span><\/span><\/p>\n<p class=\"western\" align=\"justify\"><span style=\"font-size: large;\"><span style=\"font-family: Book Antiqua, serif;\">Na pami\u0105tk\u0119 Ostatniej Wieczerzy sprawowana jest w Wielki Czwartek wieczorem <\/span><span style=\"font-family: Book Antiqua, serif;\"><b>Msza \u015awi\u0119ta Wieczerzy Pa\u0144skiej. Wtedy to w\u0142a\u015bnie ko\u0144czy si\u0119 Wielki Post,<\/b><\/span><span style=\"font-family: Book Antiqua, serif;\"> a rozpoczyna si\u0119 <\/span><span style=\"font-family: Book Antiqua, serif;\"><b>\u015awi\u0119te Triduum Paschalne,<\/b><\/span><span style=\"font-family: Book Antiqua, serif;\"> czyli trwaj\u0105ce trzy dni: od Mszy \u015awi\u0119tej Wieczerzy Pa\u0144skiej w Wielki Czwartek wieczorem a\u017c do wieczoru Niedzieli Zmartwychwstania \u2013 <\/span><span style=\"font-family: Book Antiqua, serif;\"><b>jedno wielkie \u015awi\u0119to, b\u0119d\u0105ce centrum ca\u0142ego roku liturgicznego.<\/b><\/span><span style=\"font-family: Book Antiqua, serif;\"> Czym w ci\u0105gu tygodnia jest niedziela, tym w ci\u0105gu ca\u0142ego roku liturgicznego jest w\u0142a\u015bnie \u015awi\u0119te Triduum Paschalne. <\/span><span style=\"font-family: Book Antiqua, serif;\"><b>Wszystkie te wyj\u0105tkowe dni stanowi\u0105 nieroz\u0142\u0105czn\u0105 ca\u0142o\u015b\u0107<\/b><\/span><span style=\"font-family: Book Antiqua, serif;\"> i prowadz\u0105 nas \u2013 razem z Jezusem \u2013 szlakiem Jego M\u0119ki, \u015amierci i Zmartwychwstania: od tajemnicy Wieczernika, poprzez ogr\u00f3d Getsemani, pretorium, pa\u0142ac Heroda, Kalwari\u0119 \u2013 a\u017c do pustego Grobu. <\/span><span style=\"font-family: Book Antiqua, serif;\"><b>W tych dniach Ko\u015bci\u00f3\u0142 uroczy\u015bcie prze\u017cywa najwi\u0119ksze tajemnice zbawienia.<\/b><\/span> <\/span><\/p>\n<p class=\"western\" align=\"justify\"><span style=\"font-size: large;\"><span style=\"font-family: Book Antiqua, serif;\"><b>Prze\u017cywanie zatem samej Niedzieli Zmartwychwstania, w oderwaniu od wszystkich poprzedzaj\u0105cych dni \u015awi\u0119tego Triduum \u2013 nie ma sensu i jest niekonsekwencj\u0105. Dlatego powinno si\u0119 prze\u017cywa\u0107 je w ca\u0142o\u015bci,<\/b><\/span><span style=\"font-family: Book Antiqua, serif;\"> pomimo tego, \u017ce wiele os\u00f3b musi jeszcze w tych dniach pracowa\u0107. Nale\u017cy natomiast stara\u0107 si\u0119 o to, aby stopniowo ogranicza\u0107 ilo\u015b\u0107 zaj\u0119\u0107 porz\u0105dkowych w domu, aby wi\u0119cej czasu po\u015bwi\u0119ci\u0107 na modlitw\u0119 i adoracj\u0119.<\/span><\/span><\/p>\n<p align=\"justify\">\n<p align=\"justify\">\n<p align=\"justify\">\n<p align=\"justify\">\n<p align=\"justify\">\n<p class=\"western\" align=\"center\"><span style=\"font-family: Book Antiqua, serif;\"><span style=\"font-size: large;\"><b>WIELKI CZWARTEK<\/b><\/span><\/span><\/p>\n<p class=\"western\" align=\"justify\"><span style=\"font-size: large;\"><span style=\"font-family: Book Antiqua, serif;\">W parafiach nie ma Mszy \u015awi\u0119tych porannych.<\/span><span style=\"font-family: Book Antiqua, serif;\"><b> W godzinach przedpo\u0142udniowych wszyscy kap\u0142ani odprawiaj\u0105 w katedrze Msz\u0119 \u015awi\u0119t\u0105 Krzy\u017cma.<\/b><\/span><span style=\"font-family: Book Antiqua, serif;\"> Tej Mszy \u015awi\u0119tej przewodniczy biskup, kt\u00f3ry po\u015bwi\u0119ca oleje: chorych i krzy\u017cma. B\u0119d\u0105 one u\u017cywane do sprawowania Sakrament\u00f3w przez najbli\u017cszy rok w ca\u0142ej diecezji. Dlatego ksi\u0119\u017ca proboszczowie pobior\u0105 po\u015bwi\u0119cone oleje do swoich parafii. <\/span><span style=\"font-family: Book Antiqua, serif;\"><b>W czasie tej Mszy \u015awi\u0119tej wszyscy kap\u0142ani odnawiaj\u0105 swoje przyrzeczenia, kt\u00f3re sk\u0142adali w dniu \u015bwi\u0119ce\u0144.<\/b><\/span><\/span><\/p>\n<p class=\"western\" align=\"justify\"><span style=\"font-size: large;\"><span style=\"font-family: Book Antiqua, serif;\"> Natomiast wieczorem na Mszy \u015awi\u0119tej Wieczerzy Pa\u0144skiej spotykamy si\u0119 z Chrystusem w Wieczerniku, aby prze\u017cywa\u0107 <\/span><span style=\"font-family: Book Antiqua, serif;\"><b>Ostatni\u0105 Wieczerz\u0119, w czasie kt\u00f3rej ustanowi\u0142 On Sakrament Eucharystii oraz Sakrament Kap\u0142a\u0144stwa.<\/b><\/span><span style=\"font-family: Book Antiqua, serif;\"> Dzi\u0119kujemy Panu za naszych kap\u0142an\u00f3w oraz za dar Mszy \u015awi\u0119tej i Komunii \u015awi\u0119tej. <\/span><\/span><\/p>\n<p class=\"western\" align=\"justify\"><span style=\"font-size: large;\"><span style=\"font-family: Book Antiqua, serif;\">Po hymnie \u201e<\/span><span style=\"font-family: Book Antiqua, serif;\">Chwa\u0142a na wysoko\u015bci Bogu\u201d<\/span><span style=\"font-family: Book Antiqua, serif;\"> milkn\u0105 organy i dzwonki. W dalszym ci\u0105gu liturgii odbywa si\u0119 obrz\u0119d obmycia n\u00f3g dwunastu m\u0119\u017cczyznom. <\/span><span style=\"font-family: Book Antiqua, serif;\"><b>Na zako\u0144czenie Mszy \u015awi\u0119tej przenosi si\u0119 Naj\u015bwi\u0119tszy Sakrament do tabernakulum w bocznym o\u0142tarzu<\/b><\/span><span style=\"font-family: Book Antiqua, serif;\"> \u2013 niegdy\u015b zwanej \u201eCiemnic\u0105\u201d \u2013 <\/span><span style=\"font-family: Book Antiqua, serif;\"><b>na pami\u0105tk\u0119 modlitwy w Ogr\u00f3jcu, pojmania, uwi\u0119zienia i os\u0105dzenia Jezusa.<\/b><\/span><span style=\"font-family: Book Antiqua, serif;\"> W czasie przeniesienie Naj\u015bwi\u0119tszego Sakramentu \u015bpiewa si\u0119 hymn \u201e<\/span><span style=\"font-family: Book Antiqua, serif;\">Przed tak wielkim Sakramentem\u201d,<\/span> <span style=\"font-family: Book Antiqua, serif;\"><b>za od\u015bpiewanie kt\u00f3rego mo\u017cna zyska\u0107 odpust zupe\u0142ny.<\/b><\/span> <\/span><\/p>\n<p class=\"western\" align=\"justify\"><span style=\"font-size: large;\"><span style=\"font-family: Book Antiqua, serif;\">Po zako\u0144czeniu liturgii zdejmuje si\u0119 obrusy z o\u0142tarza \u2013 bez odmawiania modlitw. Usuwa si\u0119 te\u017c zawarto\u015b\u0107 kropielnic, by nape\u0142ni\u0107 je wod\u0105 pob\u0142ogos\u0142awion\u0105 w czasie Wigilii Paschalnej. <\/span><span style=\"font-family: Book Antiqua, serif;\"><b>Do p\u00f3\u017anych godzin wieczornych mo\u017cna w ciszy adorowa\u0107 Pana Jezusa w Naj\u015bwi\u0119tszym Sakramencie.<\/b><\/span><\/span><\/p>\n<p align=\"justify\">\n<p align=\"justify\">\n<p align=\"justify\">\n<p align=\"justify\">\n<p align=\"justify\">\n<p class=\"western\" align=\"center\"><span style=\"font-family: Book Antiqua, serif;\"><span style=\"font-size: large;\"><b>WIELKI PI\u0104TEK<\/b><\/span><\/span><\/p>\n<p class=\"western\" align=\"justify\"><span style=\"font-size: large;\"><span style=\"font-family: Book Antiqua, serif;\"><b>Wielki Pi\u0105tek to dzie\u0144 szczeg\u00f3lnie uroczystej adoracji Krzy\u017ca, \u201e<\/b><\/span><span style=\"font-family: Book Antiqua, serif;\"><b>na kt\u00f3rym zawis\u0142o Zbawienie \u015bwiata\u201d.<\/b><\/span> <span style=\"font-family: Book Antiqua, serif;\">Krzy\u017c jest w centrum liturgii. Przez ca\u0142y dzie\u0144 nie sprawuje si\u0119 Mszy \u015awi\u0119tej \u2013 <\/span><span style=\"font-family: Book Antiqua, serif;\"><b>Niekrwawej Ofiary Chrystusa,<\/b><\/span><span style=\"font-family: Book Antiqua, serif;\"> gdy\u017c prze\u017cywamy historyczne wydarzenie M\u0119ki naszego Pana, <\/span><span style=\"font-family: Book Antiqua, serif;\"><b>czyli Ofiary Krwawej,<\/b><\/span><span style=\"font-family: Book Antiqua, serif;\"> z\u0142o\u017conej z wielkiej mi\u0142o\u015bci Boga do cz\u0142owieka. <\/span><span style=\"font-family: Book Antiqua, serif;\"><b>Komunii udziela si\u0119 tylko w czasie Liturgii M\u0119ki Pa\u0144skiej.<\/b><\/span><span style=\"font-family: Book Antiqua, serif;\"> Chorym mo\u017cna zanie\u015b\u0107 Cia\u0142o Pa\u0144skie o ka\u017cdej porze. <\/span><span style=\"font-family: Book Antiqua, serif;\"><b>Zakazuje si\u0119 sprawowania Sakrament\u00f3w,<\/b><\/span><span style=\"font-family: Book Antiqua, serif;\"> poza Namaszczeniem Chorych i Spowiedzi\u0105. <\/span><\/span><\/p>\n<p class=\"western\" align=\"justify\"><span style=\"font-size: large;\"><span style=\"font-family: Book Antiqua, serif;\">Liturgia M\u0119ki Pa\u0144skiej winna si\u0119 zacz\u0105\u0107 nie wcze\u015bniej, jak o 15<\/span><sup><span style=\"font-family: Book Antiqua, serif;\">00<\/span><\/sup><span style=\"font-family: Book Antiqua, serif;\"> i nie p\u00f3\u017aniej, jak o 21<\/span><sup><span style=\"font-family: Book Antiqua, serif;\">00<\/span><\/sup><span style=\"font-family: Book Antiqua, serif;\">. <\/span><span style=\"font-family: Book Antiqua, serif;\"><b>Na jej przebieg sk\u0142adaj\u0105 si\u0119: liturgia S\u0142owa, Adoracja Krzy\u017ca, obrz\u0119d Komunii \u015awi\u0119tej oraz przeniesienie Naj\u015bwi\u0119tszego Sakramentu do Grobu Pa\u0144skiego.<\/b><\/span> <\/span><\/p>\n<p class=\"western\" align=\"justify\"><span style=\"font-size: large;\"><span style=\"font-family: Book Antiqua, serif;\">Na pocz\u0105tku celebrans z asyst\u0105 zbli\u017ca si\u0119 do O\u0142tarza. Procesja wej\u015bcia odbywa si\u0119 w milczeniu, bez \u015bpiewu. Kap\u0142an oddaje cze\u015b\u0107 Chrystusowi Zbawicielowi \u2013 le\u017c\u0105c krzy\u017cem. Wierni w tym czasie, kl\u0119cz\u0105c, w milczeniu uwielbiaj\u0105 Pana za Jego mi\u0142o\u015b\u0107 i przepraszaj\u0105 za swoje grzechy. Nast\u0119pnie odczytuje si\u0119 opis M\u0119ki Pa\u0144skiej z Ewangelii \u015awi\u0119tego Jana. Potem <\/span><span style=\"font-family: Book Antiqua, serif;\"><b>uroczy\u015bcie ods\u0142ania si\u0119 Krzy\u017c.<\/b><\/span><span style=\"font-family: Book Antiqua, serif;\"> W czasie tej czynno\u015bci kap\u0142an trzykrotnie \u015bpiewa: <\/span><span style=\"font-family: Book Antiqua, serif;\"><b>\u201e<\/b><\/span><span style=\"font-family: Book Antiqua, serif;\"><b>Oto drzewo krzy\u017ca, na kt\u00f3rym zawis\u0142o Zbawienie \u015bwiata\u201d,<\/b><\/span><span style=\"font-family: Book Antiqua, serif;\"> na co ludzie odpowiadaj\u0105: <\/span><span style=\"font-family: Book Antiqua, serif;\"><b>\u201e<\/b><\/span><span style=\"font-family: Book Antiqua, serif;\"><b>P\u00f3jd\u017amy z pok\u0142onem<\/b><\/span><span style=\"font-family: Book Antiqua, serif;\">.<\/span><span style=\"font-family: Book Antiqua, serif;\"><b>\u201d.<\/b><\/span><span style=\"font-family: Book Antiqua, serif;\"> Nast\u0119pnie wszyscy wierni mog\u0105 podej\u015b\u0107 i uca\u0142owa\u0107 ods\u0142oni\u0119ty Krzy\u017c \u2013 <\/span><span style=\"font-family: Book Antiqua, serif;\"><b>za pobo\u017cne spe\u0142nienie tej czynno\u015bci mo\u017cna uzyska\u0107 odpust zupe\u0142ny.<\/b><\/span><span style=\"font-family: Book Antiqua, serif;\"> Do adoracji nale\u017cy u\u017cy\u0107 tylko jednego Krzy\u017ca. Po adoracji Krzy\u017ca udzielana jest Komunia \u015awi\u0119ta, z Hostii konsekrowanych w dniu poprzednim. <\/span><\/span><\/p>\n<p class=\"western\" align=\"justify\"><span style=\"font-size: large;\"><span style=\"font-family: Book Antiqua, serif;\">Na zako\u0144czenie Nabo\u017ce\u0144stwa <\/span><span style=\"font-family: Book Antiqua, serif;\"><b>przenosi si\u0119 Naj\u015bwi\u0119tszy Sakrament do bocznego o\u0142tarza \u2013 Grobu Pa\u0144skiego,<\/b><\/span><span style=\"font-family: Book Antiqua, serif;\"> w monstrancji okrytej przezroczystym welonem, na pami\u0105tk\u0119 okrycia Cia\u0142a Pa\u0144skiego ca\u0142unem. Procesja odbywa si\u0119 przy \u015bpiewie:<\/span><span style=\"font-family: Book Antiqua, serif;\"><i><b> \u201e<\/b><\/i><\/span><span style=\"font-family: Book Antiqua, serif;\"><b>Odszed\u0142 Pasterz nasz, co ukocha\u0142 lud\u201d.<\/b><\/span><\/span><\/p>\n<p class=\"western\" align=\"justify\"><span style=\"font-size: large;\"><span style=\"font-family: Book Antiqua, serif;\">Po liturgii znowu odkrywa si\u0119 o\u0142tarz, pozostawia si\u0119 natomiast Krzy\u017c z czterema \u015bwiecami. Ods\u0142ania si\u0119 te\u017c inne Krzy\u017ce. Od zako\u0144czenia Liturgii M\u0119ki Pa\u0144skiej a\u017c do Wigilii Paschalnej \u2013 <\/span><span style=\"font-family: Book Antiqua, serif;\"><b>przed Krzy\u017cem nale\u017cy kl\u0119ka\u0107! <\/b><\/span><span style=\"font-family: Book Antiqua, serif;\">Adoracja Naj\u015bwi\u0119tszego Sakramentu w Grobie Pa\u0144skim trwa do p\u00f3\u017anych godzin wieczornych. <\/span><\/span><\/p>\n<p class=\"western\" align=\"justify\"><span style=\"font-size: large;\"><span style=\"font-family: Book Antiqua, serif;\">Przez ca\u0142y dzie\u0144 nale\u017cy zachowywa\u0107 <\/span><span style=\"font-family: Book Antiqua, serif;\"><b>post ilo\u015bciowy i wstrzemi\u0119\u017aliwo\u015b\u0107 od pokarm\u00f3w mi\u0119snych.<\/b><\/span><span style=\"font-family: Book Antiqua, serif;\"> Ofiary zbierane w tym dniu na tac\u0119 przeznaczone s\u0105 na utrzymanie Grobu Pa\u0144skiego w Jerozolimie i miejsc kultu w Ziemi \u015awi\u0119tej.<\/span><\/span><\/p>\n<p align=\"justify\">\n<p align=\"justify\">\n<p align=\"justify\">\n<p align=\"justify\">\n<p align=\"justify\">\n<p class=\"western\" align=\"center\"><span style=\"font-family: Book Antiqua, serif;\"><span style=\"font-size: large;\"><b>WIELKA SOBOTA<\/b><\/span><\/span><\/p>\n<p class=\"western\" align=\"justify\"><span style=\"font-size: large;\"><span style=\"font-family: Book Antiqua, serif;\"><b>Nie ma Mszy \u015awi\u0119tej z formularza Wielkiej Soboty.<\/b><\/span><span style=\"font-family: Book Antiqua, serif;\"> Zaleca si\u0119 zachowanie postu, a przynajmniej wstrzemi\u0119\u017aliwo\u015bci od pokarm\u00f3w mi\u0119snych przez ca\u0142y dzie\u0144 \u2013 do Wigilii Paschalnej. <\/span><span style=\"font-family: Book Antiqua, serif;\"><b>Od rana trwa adoracja Naj\u015bwi\u0119tszego Sakramentu w Grobie Pa\u0144skim.<\/b><\/span><span style=\"font-family: Book Antiqua, serif;\"> Przez ca\u0142y dzie\u0144 odbywa si\u0119 tak\u017ce po\u015bwi\u0119cenie pokarm\u00f3w na st\u00f3\u0142 wielkanocny, jednak nie mo\u017ce ono zak\u0142\u00f3ca\u0107 adoracji i atmosfery skupienia os\u00f3b adoruj\u0105cych Naj\u015bwi\u0119tszy Sakrament. Jest to bowiem dzie\u0144 wielkiej ciszy i modlitwy\u2026<\/span><\/span><\/p>\n<p align=\"justify\">\n<p align=\"justify\">\n<p align=\"justify\">\n<p align=\"justify\">\n<p align=\"justify\">\n<p class=\"western\" align=\"center\"><span style=\"font-family: Book Antiqua, serif;\"><span style=\"font-size: large;\"><b>NIEDZIELA ZMARTWYCHWSTANIA<\/b><\/span><\/span><\/p>\n<p class=\"western\" align=\"justify\"><span style=\"font-size: large;\"><span style=\"font-family: Book Antiqua, serif;\"><b>Jej obch\u00f3d rozpoczyna si\u0119 Liturgi\u0105 Wigilii Paschalnej, w sobot\u0119, w p\u00f3\u017aniejszych godzinach wieczornych.<\/b><\/span> <span style=\"font-family: Book Antiqua, serif;\"><b>Nie wolno rozpocz\u0105\u0107 jej przed zapadni\u0119ciem nocy!<\/b><\/span><span style=\"font-family: Book Antiqua, serif;\"> Innej godziny nie mo\u017cna t\u0142umaczy\u0107 nawet wzgl\u0119dami bezpiecze\u0144stwa. Liturgii tej <\/span><span style=\"font-family: Book Antiqua, serif;\"><b>nie nale\u017cy rozumie\u0107 jako momentu zako\u0144czenia Wielkiej Soboty, ale jako liturgi\u0119 sprawowan\u0105 w Noc Zmartwychwstania.<\/b><\/span> <\/span><\/p>\n<p class=\"western\" align=\"justify\"><span style=\"font-size: large;\"><span style=\"font-family: Book Antiqua, serif;\">Przed jej rozpocz\u0119ciem ko\u0144czy si\u0119 adoracj\u0119 w Grobie. <\/span><span style=\"font-family: Book Antiqua, serif;\"><b>Na przebieg Wigilii Paschalnej sk\u0142ada<\/b><\/span> <span style=\"font-family: Book Antiqua, serif;\"><b>si\u0119: liturgia \u015bwiat\u0142a, liturgia S\u0142owa, liturgia chrzcielna i liturgia eucharystyczna.<\/b><\/span> <span style=\"font-family: Book Antiqua, serif;\"><u><b>Jest to najwa\u017cniejsza Msza \u015awi\u0119ta w ci\u0105gu ca\u0142ego roku!<\/b><\/u><\/span><span style=\"font-family: Book Antiqua, serif;\"> Niedzielna poranna Rezurekcja \u2013 to ju\u017c druga Msza \u015awi\u0119ta o Zmartwychwstaniu Jezusa. <\/span><\/span><\/p>\n<p class=\"western\" align=\"justify\"><span style=\"font-size: large;\"><span style=\"font-family: Book Antiqua, serif;\">Liturgi\u0119 Wigilii Paschalnej rozpoczyna si\u0119 przed drzwiami ko\u015bcio\u0142a, gdzie celebrans <\/span><span style=\"font-family: Book Antiqua, serif;\"><b>po\u015bwi\u0119ca ogie\u0144, nast\u0119pnie od niego zapala Pascha\u0142,<\/b><\/span><span style=\"font-family: Book Antiqua, serif;\"> \u015bwiec\u0119 b\u0119d\u0105c\u0105 symbolem Chrystusa Zmartwychwsta\u0142ego. \u015awieca Paschalna ma by\u0107 odlana z wosku, corocznie nowa, jedna, zwyczajnej wielko\u015bci \u2013 nigdy sztuczna! Potem <\/span><span style=\"font-family: Book Antiqua, serif;\"><b>celebrans<\/b><\/span><span style=\"font-family: Book Antiqua, serif;\"><b> wnosi zapalony Pascha\u0142 do ko\u015bcio\u0142a,<\/b><\/span><span style=\"font-family: Book Antiqua, serif;\"> trzykrotnie \u015bpiewaj\u0105c: \u201e<\/span><span style=\"font-family: Book Antiqua, serif;\">\u015awiat\u0142o Chrystusa!\u201d,<\/span><span style=\"font-family: Book Antiqua, serif;\"> na co wierni odpowiadaj\u0105 za ka\u017cdym razem: \u201e<\/span><span style=\"font-family: Book Antiqua, serif;\">Bogu niech b\u0119d\u0105 dzi\u0119ki!\u201d<\/span><i> <\/i><span style=\"font-family: Book Antiqua, serif;\">i zapalaj\u0105 od Pascha\u0142u swoje \u015bwiece, przekazuj\u0105c \u015bwiat\u0142o sobie nawzajem. <\/span><\/span><\/p>\n<p class=\"western\" align=\"justify\"><span style=\"font-size: large;\"><span style=\"font-family: Book Antiqua, serif;\">W liturgii S\u0142owa nale\u017cy przeczyta\u0107 przynajmniej trzy teksty ze Starego Testamentu (wszystkich jest siedem), przy czym obowi\u0105zkowo nale\u017cy uwzgl\u0119dni\u0107 czytanie trzecie, opisuj\u0105ce wyprowadzenie Izraelit\u00f3w z niewoli egipskiej (<\/span><span style=\"color: #000000;\"><span style=\"font-family: Book Antiqua, serif;\">Wj 14,15\u201315,1).<\/span><\/span><span style=\"font-family: Book Antiqua, serif;\"> Nast\u0119pnie \u015bpiewa si\u0119 hymn \u201e<\/span><span style=\"font-family: Book Antiqua, serif;\">Chwa\u0142a na wysoko\u015bci Bogu\u201d.<\/span> <span style=\"font-family: Book Antiqua, serif;\"><b>Wtedy ponownie rozbrzmiewaj\u0105 dzwony i organy. Radosne \u201eAlleluja\u201d zwiastuje nowin\u0119 o Zmartwychwstaniu Chrystusa. <\/b><\/span><\/span><\/p>\n<p class=\"western\" align=\"justify\"><span style=\"font-size: large;\"><span style=\"font-family: Book Antiqua, serif;\">W czasie liturgii chrzcielnej b\u0142ogos\u0142awi si\u0119 wod\u0119, kt\u00f3r\u0105 b\u0119dzie si\u0119 dokonywa\u0142o Chrzt\u00f3w przez ca\u0142y rok. Je\u017celi s\u0105 kandydaci do Chrztu, udziela si\u0119 tego Sakramentu. <\/span><span style=\"font-family: Book Antiqua, serif;\"><b>Wszyscy obecni odnawiaj\u0105 przyrzeczenia chrzcielne, za co mog\u0105 zyska\u0107 odpust zupe\u0142ny.<\/b><\/span><span style=\"font-family: Book Antiqua, serif;\"> Wszystkie teksty mszalne i \u015bpiewy dotycz\u0105 ju\u017c tajemnicy Zmartwychwstania. <\/span><\/span><\/p>\n<p class=\"western\" align=\"justify\"><span style=\"font-size: large;\"><span style=\"font-family: Book Antiqua, serif;\">Ewentualna nocna adoracja Naj\u015bwi\u0119tszego Sakramentu w Grobie <\/span><span style=\"font-family: Book Antiqua, serif;\"><b>nie mo\u017ce mie\u0107 charakteru wielkopostnego, ale charakter dzi\u0119kczynienia i uwielbienia. <\/b><\/span><\/span><\/p>\n<p class=\"western\" align=\"justify\"><span style=\"font-size: large;\"><span style=\"font-family: Book Antiqua, serif;\"> Przez ca\u0142\u0105 Niedziel\u0119 Zmartwychwstania Pa\u0144skiego odbywaj\u0105 si\u0119 uroczyste Msze \u015awi\u0119te, wed\u0142ug tekst\u00f3w dotycz\u0105cych tej tajemnicy. <\/span><span style=\"font-family: Book Antiqua, serif;\"><b>Msza \u015awi\u0119ta wieczorna w Niedziel\u0119 Zmartwychwstania ko\u0144czy \u015awi\u0119te Triduum Paschalne.<\/b><\/span><span style=\"font-family: Book Antiqua, serif;\"> Przez ca\u0142y dzie\u0144 jako akt pokutny dobrze jest zastosowa\u0107 pokropienie wod\u0105 pob\u0142ogos\u0142awion\u0105 w Wigili\u0119. T\u0105 sam\u0105 wod\u0105 wype\u0142nia si\u0119 te\u017c kropielnic\u0119 przy wej\u015bciu do ko\u015bcio\u0142a. Przed \u201e<\/span><span style=\"font-family: Book Antiqua, serif;\">Alleluja\u201d<\/span><i> <\/i><span style=\"font-family: Book Antiqua, serif;\">\u015bpiewa si\u0119 sekwencj\u0119: \u201e<\/span><span style=\"font-family: Book Antiqua, serif;\">Niech w \u015bwi\u0119to radosne paschalnej Ofiary\u201d,<\/span><span style=\"font-family: Book Antiqua, serif;\"> w czasie kt\u00f3rej wszyscy stoj\u0105. Mo\u017cna j\u0105 wykonywa\u0107 we wszystkie dni Oktawy Wielkanocnej.<\/span><\/span><\/p>\n<p align=\"justify\">\n<p align=\"justify\">\n<p align=\"justify\">\n<p align=\"justify\">\n<p align=\"justify\">\n<p class=\"western\" align=\"center\"><span style=\"font-family: Book Antiqua, serif;\"><span style=\"font-size: large;\"><b>OKTAWA WIELKANOCNA<\/b><\/span><\/span><\/p>\n<p class=\"western\" align=\"justify\"><span style=\"font-size: large;\"><span style=\"font-family: Book Antiqua, serif;\">Poniedzia\u0142ek Wielkanocny, kt\u00f3ry w naszej polskiej tradycji jest drugim dniem \u015awi\u0105t, w sensie liturgicznym ma tak\u0105 sam\u0105 rang\u0119, jak wszystkie <\/span><span style=\"font-family: Book Antiqua, serif;\"><b>kolejne dni Oktawy, czyli o\u015bmiu uroczystych dni<\/b><\/span><span style=\"font-family: Book Antiqua, serif;\"> od Zmartwychwstania Pa\u0144skiego. <\/span><span style=\"font-family: Book Antiqua, serif;\"><b>Wszystkie te dni stanowi\u0105 przed\u0142u\u017cenie rado\u015bci Ko\u015bcio\u0142a z faktu, \u017ce Jezus \u017cyje.<\/b><\/span><span style=\"font-family: Book Antiqua, serif;\"> W pi\u0105tek, wypadaj\u0105cy w trakcie Oktawy, nie ma wstrzemi\u0119\u017aliwo\u015bci od pokarm\u00f3w mi\u0119snych.<\/span><\/span><\/p>\n<p align=\"justify\">\n<p align=\"justify\">\n<p align=\"justify\">\n<p align=\"justify\">\n<p align=\"justify\">\n<p class=\"western\" align=\"center\"><span style=\"font-family: Book Antiqua, serif;\"><span style=\"font-size: large;\"><b>OKRES WIELKANOCNY<\/b><\/span><\/span><\/p>\n<p class=\"western\" align=\"justify\"><span style=\"font-size: large;\"><span style=\"font-family: Book Antiqua, serif;\">Przez pi\u0119\u0107dziesi\u0105t dni, a wi\u0119c <\/span><span style=\"font-family: Book Antiqua, serif;\"><b>od Niedzieli Zmartwychwstania, do Niedzieli Zes\u0142ania Ducha \u015awi\u0119tego, obchodzi si\u0119 Okres Wielkanocny.<\/b><\/span><span style=\"font-family: Book Antiqua, serif;\"> W tym czasie Pascha\u0142 stoi przy o\u0142tarzu i winien by\u0107 zapalany przynajmniej we wszystkich uroczystych celebracjach liturgicznych.<\/span><\/span><\/p>\n","protected":false},"excerpt":{"rendered":"<p>\u015aWI\u0118TE TRIDUUM PASCHALNE S\u0142owo: \u201epascha\u201d oznacza: \u201eprzej\u015bcie\u201d. Stary Testament pos\u0142uguje si\u0119 tym s\u0142owem na oznaczenie przej\u015bcia Izraelit\u00f3w ze stanu niewoli w Egipcie, do stanu wolno\u015bci i szcz\u0119\u015bcia w Ziemi Obiecanej. W t\u0119 pami\u0119tn\u0105 noc wyj\u015bcia z Egiptu, nar\u00f3d wybrany spo\u017cywa\u0142 uczt\u0119, zwan\u0105 uczt\u0105 paschaln\u0105 \u2013 spo\u017cywa\u0142 pospiesznie, sposobi\u0105c si\u0119 do drogi. Na pami\u0105tk\u0119 tamtej nocy, [&hellip;]<\/p>\n","protected":false},"author":1,"featured_media":0,"comment_status":"open","ping_status":"open","sticky":false,"template":"","format":"standard","meta":{"jetpack_post_was_ever_published":false,"_jetpack_newsletter_access":"","_jetpack_dont_email_post_to_subs":false,"_jetpack_newsletter_tier_id":0,"_jetpack_memberships_contains_paywalled_content":false,"_jetpack_memberships_contains_paid_content":false,"footnotes":""},"categories":[1],"tags":[],"class_list":["post-18742","post","type-post","status-publish","format-standard","hentry","category-bez-kategorii"],"yoast_head":"<!-- This site is optimized with the Yoast SEO plugin v25.1 - https:\/\/yoast.com\/wordpress\/plugins\/seo\/ -->\n<title>Najwa\u017cniejsze dni w roku... - Gaudium Et Spes<\/title>\n<meta name=\"robots\" content=\"index, follow, max-snippet:-1, max-image-preview:large, max-video-preview:-1\" \/>\n<link rel=\"canonical\" href=\"https:\/\/gaudiumetspes-blog.pl\/index.php\/2021\/03\/29\/najwazniejsze-dni-w-roku\/\" \/>\n<meta property=\"og:locale\" content=\"pl_PL\" \/>\n<meta property=\"og:type\" content=\"article\" \/>\n<meta property=\"og:title\" content=\"Najwa\u017cniejsze dni w roku... - Gaudium Et Spes\" \/>\n<meta property=\"og:description\" content=\"\u015aWI\u0118TE TRIDUUM PASCHALNE S\u0142owo: \u201epascha\u201d oznacza: \u201eprzej\u015bcie\u201d. Stary Testament pos\u0142uguje si\u0119 tym s\u0142owem na oznaczenie przej\u015bcia Izraelit\u00f3w ze stanu niewoli w Egipcie, do stanu wolno\u015bci i szcz\u0119\u015bcia w Ziemi Obiecanej. W t\u0119 pami\u0119tn\u0105 noc wyj\u015bcia z Egiptu, nar\u00f3d wybrany spo\u017cywa\u0142 uczt\u0119, zwan\u0105 uczt\u0105 paschaln\u0105 \u2013 spo\u017cywa\u0142 pospiesznie, sposobi\u0105c si\u0119 do drogi. Na pami\u0105tk\u0119 tamtej nocy, [&hellip;]\" \/>\n<meta property=\"og:url\" content=\"https:\/\/gaudiumetspes-blog.pl\/index.php\/2021\/03\/29\/najwazniejsze-dni-w-roku\/\" \/>\n<meta property=\"og:site_name\" content=\"Gaudium Et Spes\" \/>\n<meta property=\"article:published_time\" content=\"2021-03-29T06:17:28+00:00\" \/>\n<meta name=\"author\" content=\"Ks. Jacek\" \/>\n<meta name=\"twitter:card\" content=\"summary_large_image\" \/>\n<meta name=\"twitter:label1\" content=\"Napisane przez\" \/>\n\t<meta name=\"twitter:data1\" content=\"Ks. Jacek\" \/>\n\t<meta name=\"twitter:label2\" content=\"Szacowany czas czytania\" \/>\n\t<meta name=\"twitter:data2\" content=\"8 minut\" \/>\n<script type=\"application\/ld+json\" class=\"yoast-schema-graph\">{\"@context\":\"https:\/\/schema.org\",\"@graph\":[{\"@type\":\"WebPage\",\"@id\":\"https:\/\/gaudiumetspes-blog.pl\/index.php\/2021\/03\/29\/najwazniejsze-dni-w-roku\/\",\"url\":\"https:\/\/gaudiumetspes-blog.pl\/index.php\/2021\/03\/29\/najwazniejsze-dni-w-roku\/\",\"name\":\"Najwa\u017cniejsze dni w roku... - Gaudium Et Spes\",\"isPartOf\":{\"@id\":\"https:\/\/gaudiumetspes-blog.pl\/#website\"},\"datePublished\":\"2021-03-29T06:17:28+00:00\",\"author\":{\"@id\":\"https:\/\/gaudiumetspes-blog.pl\/#\/schema\/person\/1661982992b752dea8dff0d4ed845a65\"},\"breadcrumb\":{\"@id\":\"https:\/\/gaudiumetspes-blog.pl\/index.php\/2021\/03\/29\/najwazniejsze-dni-w-roku\/#breadcrumb\"},\"inLanguage\":\"pl-PL\",\"potentialAction\":[{\"@type\":\"ReadAction\",\"target\":[\"https:\/\/gaudiumetspes-blog.pl\/index.php\/2021\/03\/29\/najwazniejsze-dni-w-roku\/\"]}]},{\"@type\":\"BreadcrumbList\",\"@id\":\"https:\/\/gaudiumetspes-blog.pl\/index.php\/2021\/03\/29\/najwazniejsze-dni-w-roku\/#breadcrumb\",\"itemListElement\":[{\"@type\":\"ListItem\",\"position\":1,\"name\":\"Strona g\u0142\u00f3wna\",\"item\":\"https:\/\/gaudiumetspes-blog.pl\/\"},{\"@type\":\"ListItem\",\"position\":2,\"name\":\"Najwa\u017cniejsze dni w&nbsp;roku&#8230;\"}]},{\"@type\":\"WebSite\",\"@id\":\"https:\/\/gaudiumetspes-blog.pl\/#website\",\"url\":\"https:\/\/gaudiumetspes-blog.pl\/\",\"name\":\"Gaudium Et Spes\",\"description\":\"Blog Ks. Jacka Ja\u015bkowskiego\",\"potentialAction\":[{\"@type\":\"SearchAction\",\"target\":{\"@type\":\"EntryPoint\",\"urlTemplate\":\"https:\/\/gaudiumetspes-blog.pl\/?s={search_term_string}\"},\"query-input\":{\"@type\":\"PropertyValueSpecification\",\"valueRequired\":true,\"valueName\":\"search_term_string\"}}],\"inLanguage\":\"pl-PL\"},{\"@type\":\"Person\",\"@id\":\"https:\/\/gaudiumetspes-blog.pl\/#\/schema\/person\/1661982992b752dea8dff0d4ed845a65\",\"name\":\"Ks. Jacek\",\"image\":{\"@type\":\"ImageObject\",\"inLanguage\":\"pl-PL\",\"@id\":\"https:\/\/gaudiumetspes-blog.pl\/#\/schema\/person\/image\/\",\"url\":\"https:\/\/gaudiumetspes-blog.pl\/wp-content\/uploads\/2019\/07\/avatar-JJ-150x150.jpg\",\"contentUrl\":\"https:\/\/gaudiumetspes-blog.pl\/wp-content\/uploads\/2019\/07\/avatar-JJ-150x150.jpg\",\"caption\":\"Ks. Jacek\"},\"description\":\"Witam serdecznie! K\u0142ania si\u0119 Ks. Jacek Ja\u015bkowski. Nie jestem ani kim\u015b wa\u017cnym, ani kim\u015b znanym. Jestem ksi\u0119dzem, kt\u00f3ry po prostu chce rozmawia\u0107. Codzienna kap\u0142a\u0144ska pos\u0142uga pokazuje mi, \u017ce temat\u00f3w do rozm\u00f3w z ksi\u0119dzem jest coraz wi\u0119cej i dzisiaj \u017caden ksi\u0105dz nie mo\u017ce od nich ucieka\u0107, ale - wprost przeciwnie - podejmowa\u0107 nowe wyzwania. To przekonanie sk\u0142oni\u0142o mnie do pr\u00f3by otwarcia tego\u017c bloga, chocia\u017c okazji do rozm\u00f3w na co dzie\u0144 - w konfesjonale i poza nim - na szcz\u0119\u015bcie nie brakuje. My\u015bl\u0119 jednak, \u017ce ten blog b\u0119dzie jeszcze jednym sposobem i przestrzeni\u0105 nawi\u0105zania kontaktu z lud\u017ami dobrej woli, otwartymi na dialog.\",\"url\":\"https:\/\/gaudiumetspes-blog.pl\/index.php\/author\/ks-jacek\/\"}]}<\/script>\n<!-- \/ Yoast SEO plugin. -->","yoast_head_json":{"title":"Najwa\u017cniejsze dni w roku... - Gaudium Et Spes","robots":{"index":"index","follow":"follow","max-snippet":"max-snippet:-1","max-image-preview":"max-image-preview:large","max-video-preview":"max-video-preview:-1"},"canonical":"https:\/\/gaudiumetspes-blog.pl\/index.php\/2021\/03\/29\/najwazniejsze-dni-w-roku\/","og_locale":"pl_PL","og_type":"article","og_title":"Najwa\u017cniejsze dni w roku... - Gaudium Et Spes","og_description":"\u015aWI\u0118TE TRIDUUM PASCHALNE S\u0142owo: \u201epascha\u201d oznacza: \u201eprzej\u015bcie\u201d. Stary Testament pos\u0142uguje si\u0119 tym s\u0142owem na oznaczenie przej\u015bcia Izraelit\u00f3w ze stanu niewoli w Egipcie, do stanu wolno\u015bci i szcz\u0119\u015bcia w Ziemi Obiecanej. W t\u0119 pami\u0119tn\u0105 noc wyj\u015bcia z Egiptu, nar\u00f3d wybrany spo\u017cywa\u0142 uczt\u0119, zwan\u0105 uczt\u0105 paschaln\u0105 \u2013 spo\u017cywa\u0142 pospiesznie, sposobi\u0105c si\u0119 do drogi. Na pami\u0105tk\u0119 tamtej nocy, [&hellip;]","og_url":"https:\/\/gaudiumetspes-blog.pl\/index.php\/2021\/03\/29\/najwazniejsze-dni-w-roku\/","og_site_name":"Gaudium Et Spes","article_published_time":"2021-03-29T06:17:28+00:00","author":"Ks. Jacek","twitter_card":"summary_large_image","twitter_misc":{"Napisane przez":"Ks. Jacek","Szacowany czas czytania":"8 minut"},"schema":{"@context":"https:\/\/schema.org","@graph":[{"@type":"WebPage","@id":"https:\/\/gaudiumetspes-blog.pl\/index.php\/2021\/03\/29\/najwazniejsze-dni-w-roku\/","url":"https:\/\/gaudiumetspes-blog.pl\/index.php\/2021\/03\/29\/najwazniejsze-dni-w-roku\/","name":"Najwa\u017cniejsze dni w roku... - Gaudium Et Spes","isPartOf":{"@id":"https:\/\/gaudiumetspes-blog.pl\/#website"},"datePublished":"2021-03-29T06:17:28+00:00","author":{"@id":"https:\/\/gaudiumetspes-blog.pl\/#\/schema\/person\/1661982992b752dea8dff0d4ed845a65"},"breadcrumb":{"@id":"https:\/\/gaudiumetspes-blog.pl\/index.php\/2021\/03\/29\/najwazniejsze-dni-w-roku\/#breadcrumb"},"inLanguage":"pl-PL","potentialAction":[{"@type":"ReadAction","target":["https:\/\/gaudiumetspes-blog.pl\/index.php\/2021\/03\/29\/najwazniejsze-dni-w-roku\/"]}]},{"@type":"BreadcrumbList","@id":"https:\/\/gaudiumetspes-blog.pl\/index.php\/2021\/03\/29\/najwazniejsze-dni-w-roku\/#breadcrumb","itemListElement":[{"@type":"ListItem","position":1,"name":"Strona g\u0142\u00f3wna","item":"https:\/\/gaudiumetspes-blog.pl\/"},{"@type":"ListItem","position":2,"name":"Najwa\u017cniejsze dni w&nbsp;roku&#8230;"}]},{"@type":"WebSite","@id":"https:\/\/gaudiumetspes-blog.pl\/#website","url":"https:\/\/gaudiumetspes-blog.pl\/","name":"Gaudium Et Spes","description":"Blog Ks. Jacka Ja\u015bkowskiego","potentialAction":[{"@type":"SearchAction","target":{"@type":"EntryPoint","urlTemplate":"https:\/\/gaudiumetspes-blog.pl\/?s={search_term_string}"},"query-input":{"@type":"PropertyValueSpecification","valueRequired":true,"valueName":"search_term_string"}}],"inLanguage":"pl-PL"},{"@type":"Person","@id":"https:\/\/gaudiumetspes-blog.pl\/#\/schema\/person\/1661982992b752dea8dff0d4ed845a65","name":"Ks. Jacek","image":{"@type":"ImageObject","inLanguage":"pl-PL","@id":"https:\/\/gaudiumetspes-blog.pl\/#\/schema\/person\/image\/","url":"https:\/\/gaudiumetspes-blog.pl\/wp-content\/uploads\/2019\/07\/avatar-JJ-150x150.jpg","contentUrl":"https:\/\/gaudiumetspes-blog.pl\/wp-content\/uploads\/2019\/07\/avatar-JJ-150x150.jpg","caption":"Ks. Jacek"},"description":"Witam serdecznie! K\u0142ania si\u0119 Ks. Jacek Ja\u015bkowski. Nie jestem ani kim\u015b wa\u017cnym, ani kim\u015b znanym. Jestem ksi\u0119dzem, kt\u00f3ry po prostu chce rozmawia\u0107. Codzienna kap\u0142a\u0144ska pos\u0142uga pokazuje mi, \u017ce temat\u00f3w do rozm\u00f3w z ksi\u0119dzem jest coraz wi\u0119cej i dzisiaj \u017caden ksi\u0105dz nie mo\u017ce od nich ucieka\u0107, ale - wprost przeciwnie - podejmowa\u0107 nowe wyzwania. To przekonanie sk\u0142oni\u0142o mnie do pr\u00f3by otwarcia tego\u017c bloga, chocia\u017c okazji do rozm\u00f3w na co dzie\u0144 - w konfesjonale i poza nim - na szcz\u0119\u015bcie nie brakuje. My\u015bl\u0119 jednak, \u017ce ten blog b\u0119dzie jeszcze jednym sposobem i przestrzeni\u0105 nawi\u0105zania kontaktu z lud\u017ami dobrej woli, otwartymi na dialog.","url":"https:\/\/gaudiumetspes-blog.pl\/index.php\/author\/ks-jacek\/"}]}},"jetpack_featured_media_url":"","jetpack_sharing_enabled":true,"_links":{"self":[{"href":"https:\/\/gaudiumetspes-blog.pl\/index.php\/wp-json\/wp\/v2\/posts\/18742","targetHints":{"allow":["GET"]}}],"collection":[{"href":"https:\/\/gaudiumetspes-blog.pl\/index.php\/wp-json\/wp\/v2\/posts"}],"about":[{"href":"https:\/\/gaudiumetspes-blog.pl\/index.php\/wp-json\/wp\/v2\/types\/post"}],"author":[{"embeddable":true,"href":"https:\/\/gaudiumetspes-blog.pl\/index.php\/wp-json\/wp\/v2\/users\/1"}],"replies":[{"embeddable":true,"href":"https:\/\/gaudiumetspes-blog.pl\/index.php\/wp-json\/wp\/v2\/comments?post=18742"}],"version-history":[{"count":1,"href":"https:\/\/gaudiumetspes-blog.pl\/index.php\/wp-json\/wp\/v2\/posts\/18742\/revisions"}],"predecessor-version":[{"id":18743,"href":"https:\/\/gaudiumetspes-blog.pl\/index.php\/wp-json\/wp\/v2\/posts\/18742\/revisions\/18743"}],"wp:attachment":[{"href":"https:\/\/gaudiumetspes-blog.pl\/index.php\/wp-json\/wp\/v2\/media?parent=18742"}],"wp:term":[{"taxonomy":"category","embeddable":true,"href":"https:\/\/gaudiumetspes-blog.pl\/index.php\/wp-json\/wp\/v2\/categories?post=18742"},{"taxonomy":"post_tag","embeddable":true,"href":"https:\/\/gaudiumetspes-blog.pl\/index.php\/wp-json\/wp\/v2\/tags?post=18742"}],"curies":[{"name":"wp","href":"https:\/\/api.w.org\/{rel}","templated":true}]}}