{"id":18746,"date":"2021-03-30T07:31:37","date_gmt":"2021-03-30T05:31:37","guid":{"rendered":"https:\/\/gaudiumetspes-blog.pl\/?p=18746"},"modified":"2021-03-30T07:31:37","modified_gmt":"2021-03-30T05:31:37","slug":"wracajmy-do-jasnosci","status":"publish","type":"post","link":"https:\/\/gaudiumetspes-blog.pl\/index.php\/2021\/03\/30\/wracajmy-do-jasnosci\/","title":{"rendered":"Wracajmy do Jasno\u015bci!"},"content":{"rendered":"<p align=\"justify\"><span style=\"color: #000000;\"><span style=\"font-family: Book Antiqua, serif;\"><span style=\"font-size: large;\">Szcz\u0119\u015b\u0107 Bo\u017ce! Moi Drodzy, dzisiaj na naszym forum zamiana: zamiast s\u0142\u00f3wka Ani \u2013 mamy s\u0142\u00f3wko Ksi\u0119dza Leszka. A jutro \u2013 s\u0142\u00f3wko z Syberii. A potem, ju\u017c b\u0119dziecie musieli m\u0119czy\u0107 si\u0119 ze mn\u0105.<\/span><\/span><\/span><\/p>\n<p align=\"justify\"><span style=\"color: #000000;\"><span style=\"font-family: Book Antiqua, serif;\"><span style=\"font-size: large;\">Dzi\u0119kuj\u0119 drogim Wsp\u00f3\u0142autorom za w\u0142\u0105czanie si\u0119 w tworzenie tego dzie\u0142a i za dzielenie si\u0119 z nami swoimi szczerymi i g\u0142\u0119bokimi przemy\u015bleniami. Tak jest chocia\u017cby dzisiaj, kiedy w rozwa\u017caniu Ksi\u0119dza Leszka znajdujemy wyra\u017ane i czytelne wskazania, jak wej\u015b\u0107 w atmosfer\u0119 Wieczerzy Paschalnej Wielkiego Czwartku i w ca\u0142e \u015awi\u0119te Triduum Paschalne. Dzi\u0119kuj\u0105c Ksi\u0119dzu Leszkowi i Wsp\u00f3\u0142autorom, zapewniam o mojej modlitwie w Ich intencjach, bo tylko tak mog\u0119 si\u0119 odwdzi\u0119czy\u0107. <\/span><\/span><\/span><\/p>\n<p align=\"justify\"><span style=\"color: #000000;\"><span style=\"font-family: Book Antiqua, serif;\"><span style=\"font-size: large;\">A w naszym O\u015brodku dzisiaj \u2013 zako\u0144czenie Rekolekcji wielkopostnych. Serdecznie dzi\u0119kuj\u0119 Ksi\u0119dzu Rados\u0142awowi Piotrowskiemu za ich przeprowadzenie, w duchu has\u0142a: W DRODZE NA SZCZYT. W\u0142a\u015bnie za to prowadzenie nas na szczyty ducha bardzo dzi\u0119kuj\u0119! I za fantastyczny przekaz, wyra\u017anie pokazuj\u0105cy, jak bardzo Ksi\u0105dz Radek wierzy w to, co m\u00f3wi. Wiem, \u017ce powinno to by\u0107 ze wszech miar naturalne, \u017ce ksi\u0105dz wierzy w to, co m\u00f3wi, ale warto to tutaj podkre\u015bli\u0107, bo wiemy, \u017ce r\u00f3\u017cnie bywa\u2026 <\/span><\/span><\/span><\/p>\n<p align=\"justify\"><span style=\"color: #000000;\"><span style=\"font-family: Book Antiqua, serif;\"><span style=\"font-size: large;\">Dzi\u0119kuj\u0119 M\u0142odzie\u017cy, kt\u00f3ra asystowa\u0142a Ksi\u0119dzu Radkowi. A byli to \u2013 przy o\u0142tarzu, w kolejnych dniach: Sebastian Rymuza (obecny ka\u017cdego dnia i w og\u00f3le cz\u0119sto obecny, poniewa\u017c aktywnie w\u0142\u0105cza si\u0119 w dzia\u0142alno\u015b\u0107 naszego Duszpasterstwa Akademickiego); oraz Osoby, zaproszone do pomocy przez Ksi\u0119dza Radka: w niedziel\u0119 \u2013 Filip Lisowski i Grzegorz \u0141ukomski, a wczoraj i dzisiaj: Patryk Zawadzki. Wysoce profesjonaln\u0105 opraw\u0119 muzyczn\u0105 Rekolekcji zapewniali \u2013 tak\u017ce zaproszeni przez Ksi\u0119dza Radka: Justyna Kresowska, Dominika Sowa i Gabriel Rosastolato. <\/span><\/span><\/span><\/p>\n<p align=\"justify\"><span style=\"color: #000000;\"><span style=\"font-family: Book Antiqua, serif;\"><span style=\"font-size: large;\">Dzi\u0119kuj\u0119 ponadto Panu Micha\u0142owi \u0141ukasiewiczowi za przek\u0142ad wszystkich tre\u015bci na j\u0119zyk migowy. Szkoda tylko, \u017ce wczoraj nie przyszed\u0142 nikt z Os\u00f3b g\u0142uchoniemych, chocia\u017c w niedziel\u0119, kiedy mieli Spowied\u017a, by\u0142o kilka Os\u00f3b. No c\u00f3\u017c, maj\u0105 mo\u017cliwo\u015b\u0107, z kt\u00f3rej mog\u0105 skorzysta\u0107, je\u015bli tylko zechc\u0105.<\/span><\/span><\/span><\/p>\n<p align=\"justify\"><span style=\"color: #000000;\"><span style=\"font-family: Book Antiqua, serif;\"><span style=\"font-size: large;\">Bardzo serdecznie dzi\u0119kuj\u0119 Spowiednikom: Ksi\u0119dzu Krzysztofowi Skwierczy\u0144skiemu, Ksi\u0119dzu \u0141ukaszowi B\u0105kowi, Ksi\u0119dzu Mariuszowi Zaniewiczowi i Ksi\u0119dzu Paw\u0142owi Bro\u0144skiemu.<\/span><\/span><\/span><\/p>\n<p align=\"justify\"><span style=\"color: #000000;\"><span style=\"font-family: Book Antiqua, serif;\"><span style=\"font-size: large;\">Dzi\u0119kuj\u0119 wreszcie wszystkim Uczestnikom \u2013 za wspania\u0142\u0105 atmosfer\u0119 modlitwy i wyciszenia. Niech ten \u015bwi\u0119ty czas procentuje w naszym \u017cyciu! Niech nam pomo\u017ce ci\u0105gle wspina\u0107 si\u0119 na szczyty!<\/span><\/span><\/span><\/p>\n<p align=\"justify\"><span style=\"color: #000000;\"><span style=\"font-family: Book Antiqua, serif;\"><span style=\"font-size: large;\">I w\u0142a\u015bnie w tym duchu, po raz kolejny, prosz\u0119 Was, moi Drodzy, aby\u015bmy wszyscy wspi\u0119li si\u0119 na szczyty naszego ducha i udali si\u0119 do naszych \u015bwi\u0105ty\u0144 na prze\u017cywanie ca\u0142ego \u015awi\u0119tego Triduum Paschalnego! Nie dajmy sobie odebra\u0107 tych najwa\u017cniejszych i najwi\u0119kszych \u015awi\u0105t! Nie dajmy sobie odebra\u0107 Jezusa!<\/span><\/span><\/span><\/p>\n<p align=\"justify\"><span style=\"color: #000000;\"><span style=\"font-family: Book Antiqua, serif;\"><span style=\"font-size: large;\">A teraz ju\u017c zapraszam do pochylenia si\u0119 nad Bo\u017cym s\u0142owem dzisiejszej liturgii. Z pomoc\u0105 Ksi\u0119dza Leszka, postarajmy si\u0119 <b>odkry\u0107, co Pan konkretnie dzisiaj do mnie m\u00f3wi\u2026<\/b> Niech Duch \u015awi\u0119ty b\u0119dzie \u015bwiat\u0142em i natchnieniem!<\/span><\/span><\/span><\/p>\n<p align=\"justify\"><span style=\"color: #000000;\"><span style=\"font-family: Book Antiqua, serif;\"><span style=\"font-size: large;\"><b>Niech Was b\u0142ogos\u0142awi B\u00f3g Wszechmog\u0105cy: Ojciec + i Syn, i Duch \u015awi\u0119ty. Amen<\/b><\/span><\/span><\/span><\/p>\n<p align=\"center\"><span style=\"color: #000000;\"><span style=\"font-family: Book Antiqua, serif;\"><span style=\"font-size: large;\">Gaudium et spes! Ks. Jacek<\/span><\/span><\/span><\/p>\n<p align=\"center\">\n<p align=\"center\">\n<p align=\"center\">\n<p align=\"center\">\n<p align=\"center\">\n<p align=\"justify\"><span style=\"color: #000000;\"><span style=\"font-family: Book Antiqua, serif;\"><span style=\"font-size: large;\"><b>Wielki Wtorek,<\/b><\/span><\/span><\/span><\/p>\n<p align=\"justify\"><span style=\"color: #000000;\"><span style=\"font-family: Book Antiqua, serif;\"><span style=\"font-size: large;\"><b>30 marca 2021.,<\/b><\/span><\/span><\/span><\/p>\n<p align=\"justify\"><span style=\"color: #000000;\"><span style=\"font-family: Book Antiqua, serif;\"><span style=\"font-size: large;\"><b>do czyta\u0144: Iz 49,1\u20136; J 13,21\u201333.36\u201338<\/b><\/span><\/span><\/span><\/p>\n<p align=\"justify\">\n<p align=\"justify\">\n<p align=\"justify\">\n<p align=\"justify\">\n<p align=\"justify\">\n<p align=\"justify\"><span style=\"color: #000000;\"><span style=\"font-family: Book Antiqua, serif;\"><span style=\"font-size: large;\"><b>CZYTANIE Z KSI\u0118GI PROROKA IZAJASZA: <\/b><\/span><\/span><\/span><\/p>\n<p align=\"justify\"><span style=\"color: #000000;\"><span style=\"font-family: Book Antiqua, serif;\"><span style=\"font-size: large;\"><b>Pos\u0142uchajcie mnie, wyspy; ludy najdalsze, uwa\u017cajcie: Pan mnie powo\u0142a\u0142 ju\u017c z \u0142ona mej matki, od jej wn\u0119trzno\u015bci wspomnia\u0142 moje imi\u0119. Ostrym mieczem uczyni\u0142 me usta, w cieniu swej r\u0119ki mnie ukry\u0142. Uczyni\u0142 ze mnie strza\u0142\u0119 zaostrzon\u0105, utai\u0142 mnie w swoim ko\u0142czanie. <\/b><\/span><\/span><\/span><\/p>\n<p align=\"justify\"><span style=\"color: #000000;\"><span style=\"font-family: Book Antiqua, serif;\"><span style=\"font-size: large;\"><b>I rzek\u0142 mi: \u201eTy\u015b s\u0142ug\u0105 moim, Izraelu, w tobie si\u0119 rozs\u0142awi\u0119\u201d. Ja za\u015b m\u00f3wi\u0142em: \u201ePr\u00f3\u017cno si\u0119 trudzi\u0142em, na darmo i na nic zu\u017cy\u0142em me si\u0142y. Lecz moje prawo jest u Pana i moja nagroda u Boga mego\u201d. Ws\u0142awi\u0142em si\u0119 w oczach Pana, B\u00f3g m\u00f3j sta\u0142 si\u0119 moj\u0105 si\u0142\u0105. <\/b><\/span><\/span><\/span><\/p>\n<p align=\"justify\"><span style=\"color: #000000;\"><span style=\"font-family: Book Antiqua, serif;\"><span style=\"font-size: large;\"><b>A teraz przem\u00f3wi\u0142 Pan, kt\u00f3ry mnie ukszta\u0142towa\u0142 od urodzenia na swego s\u0142ug\u0119, bym nawr\u00f3ci\u0142 do Niego Jakuba i zgromadzi\u0142 Mu Izraela. A m\u00f3wi\u0142: \u201eTo zbyt ma\u0142o, i\u017c jeste\u015b mi s\u0142ug\u0105 dla pod\u017awigni\u0119cia pokole\u0144 Jakuba i sprowadzenia ocala\u0142ych z Izraela! Ustanowi\u0119 ci\u0119 \u015bwiat\u0142o\u015bci\u0105 dla pogan, aby moje zbawienie dotar\u0142o a\u017c do kra\u0144c\u00f3w ziemi\u201d.<\/b><\/span><\/span><\/span><\/p>\n<p align=\"justify\">\n<p align=\"justify\">\n<p align=\"justify\">\n<p align=\"justify\">\n<p align=\"justify\">\n<p align=\"justify\"><span style=\"color: #000000;\"><span style=\"font-family: Book Antiqua, serif;\"><span style=\"font-size: large;\"><b>S\u0141OWA EWANGELII WED\u0141UG \u015aWI\u0118TEGO JANA: <\/b><\/span><\/span><\/span><\/p>\n<p align=\"justify\"><span style=\"color: #000000;\"><span style=\"font-family: Book Antiqua, serif;\"><span style=\"font-size: large;\"><b>Jezus w czasie wieczerzy z uczniami swoimi dozna\u0142 g\u0142\u0119bokiego wzruszenia i tak o\u015bwiadczy\u0142: \u201eZaprawd\u0119, zaprawd\u0119 powiadam wam: Jeden z was Mnie zdradzi\u201d. Spogl\u0105dali uczniowie jeden na drugiego niepewni, o kim m\u00f3wi. <\/b><\/span><\/span><\/span><\/p>\n<p align=\"justify\"><span style=\"color: #000000;\"><span style=\"font-family: Book Antiqua, serif;\"><span style=\"font-size: large;\"><b>Jeden z uczni\u00f3w Jego, ten, kt\u00f3rego Jezus mi\u0142owa\u0142, spoczywa\u0142 na Jego piersi. Jemu to da\u0142 znak Szymon Piotr i rzek\u0142 do niego: \u201eKto to jest? O kim m\u00f3wi?\u201d Ten opar\u0142 si\u0119 zaraz na piersi Jezusa i rzek\u0142 do Niego: \u201ePanie, kto to jest?\u201d <\/b><\/span><\/span><\/span><\/p>\n<p align=\"justify\"><span style=\"color: #000000;\"><span style=\"font-family: Book Antiqua, serif;\"><span style=\"font-size: large;\"><b>Jezus odpowiedzia\u0142: \u201eTo ten, dla kt\u00f3rego umaczam kawa\u0142ek chleba i podam mu\u201d. Umoczywszy wi\u0119c kawa\u0142ek chleba, wzi\u0105\u0142 i poda\u0142 Judaszowi, synowi Szymona Iskarioty. A po spo\u017cyciu kawa\u0142ka chleba wszed\u0142 w niego szatan. <\/b><\/span><\/span><\/span><\/p>\n<p align=\"justify\"><span style=\"color: #000000;\"><span style=\"font-family: Book Antiqua, serif;\"><span style=\"font-size: large;\"><b>Jezus za\u015b rzek\u0142 do niego: \u201eCo chcesz czyni\u0107, czy\u0144 pr\u0119dzej\u201d. Nikt jednak z biesiadnik\u00f3w nie rozumia\u0142, dlaczego mu to powiedzia\u0142. Poniewa\u017c Judasz mia\u0142 piecz\u0119 nad trzosem, niekt\u00f3rzy s\u0105dzili, \u017ce Jezus powiedzia\u0142 do niego: \u201eZakup, czego nam potrzeba na \u015bwi\u0119ta\u201d, albo \u017ceby da\u0142 co\u015b ubogim. On za\u015b po spo\u017cyciu kawa\u0142ka chleba zaraz wyszed\u0142. A by\u0142a noc. <\/b><\/span><\/span><\/span><\/p>\n<p align=\"justify\"><span style=\"color: #000000;\"><span style=\"font-family: Book Antiqua, serif;\"><span style=\"font-size: large;\"><b>Po jego wyj\u015bciu rzek\u0142 Jezus: \u201eSyn Cz\u0142owieczy zosta\u0142 teraz otoczony chwa\u0142\u0105, a w Nim B\u00f3g zosta\u0142 chwa\u0142\u0105 otoczony. Je\u017celi B\u00f3g zosta\u0142 w Nim chwa\u0142\u0105 otoczony, to i B\u00f3g Go otoczy chwa\u0142\u0105 w sobie samym, i to zaraz Go chwa\u0142\u0105 otoczy. <\/b><\/span><\/span><\/span><\/p>\n<p align=\"justify\"><span style=\"color: #000000;\"><span style=\"font-family: Book Antiqua, serif;\"><span style=\"font-size: large;\"><b>Dzieci, jeszcze kr\u00f3tko jestem z wami. B\u0119dziecie Mnie szuka\u0107, ale jak to \u017bydom powiedzia\u0142em, tak i wam teraz m\u00f3wi\u0119, dok\u0105d Ja id\u0119, wy p\u00f3j\u015b\u0107 nie mo\u017cecie\u201d. <\/b><\/span><\/span><\/span><\/p>\n<p align=\"justify\"><span style=\"color: #000000;\"><span style=\"font-family: Book Antiqua, serif;\"><span style=\"font-size: large;\"><b>Rzek\u0142 do Niego Szymon Piotr: \u201ePanie, dok\u0105d idziesz?\u201d <\/b><\/span><\/span><\/span><\/p>\n<p align=\"justify\"><span style=\"color: #000000;\"><span style=\"font-family: Book Antiqua, serif;\"><span style=\"font-size: large;\"><b>Odpowiedzia\u0142 mu Jezus: \u201eDok\u0105d Ja id\u0119, ty teraz za Mn\u0105 p\u00f3j\u015b\u0107 nie mo\u017cesz, ale p\u00f3\u017aniej p\u00f3jdziesz\u201d. <\/b><\/span><\/span><\/span><\/p>\n<p align=\"justify\"><span style=\"color: #000000;\"><span style=\"font-family: Book Antiqua, serif;\"><span style=\"font-size: large;\"><b>Powiedzia\u0142 Mu Piotr: \u201ePanie, dlaczego teraz nie mog\u0119 p\u00f3j\u015b\u0107 za Tob\u0105? \u017bycie moje oddam za Ciebie\u201d. <\/b><\/span><\/span><\/span><\/p>\n<p align=\"justify\"><span style=\"color: #000000;\"><span style=\"font-family: Book Antiqua, serif;\"><span style=\"font-size: large;\"><b>Odpowiedzia\u0142 Jezus: \u201e\u017bycie swoje oddasz za Mnie? Zaprawd\u0119, zaprawd\u0119 powiadam ci: Kogut nie zapieje, a\u017c ty trzy razy si\u0119 Mnie wyprzesz\u201d.<\/b><\/span><\/span><\/span><\/p>\n<p align=\"justify\">\n<p align=\"justify\">\n<p align=\"justify\">\n<p align=\"justify\">\n<p align=\"justify\">\n<p align=\"center\"><span style=\"color: #000000;\"><span style=\"font-family: Book Antiqua, serif;\"><span style=\"font-size: large;\"><b>A OTO S\u0141\u00d3WKO KSI\u0118DZA LESZKA:<\/b><\/span><\/span><\/span><\/p>\n<p align=\"center\">\n<p align=\"center\">\n<p align=\"center\">\n<p align=\"center\">\n<p align=\"center\">\n<p align=\"justify\"><span style=\"color: #000000;\"><span style=\"font-family: Book Antiqua, serif;\"><span style=\"font-size: large;\">Prze\u017cywamy kolejny Wielki Tydzie\u0144, jeste\u015bmy ju\u017c w gor\u0105cym czasie oczekiwania na \u015awi\u0119te Triduum Paschalne \u2013 centrum ca\u0142ej liturgii, najbardziej donios\u0142e z wydarze\u0144 Ko\u015bcio\u0142a. Dzi\u015b wpatrujemy si\u0119 w scen\u0119, kt\u00f3r\u0105 pe\u0142niej prze\u017cyjemy w Wielki Czwartek.<\/span><\/span><\/span><\/p>\n<p align=\"justify\"><span style=\"color: #000000;\"><span style=\"font-family: Book Antiqua, serif;\"><span style=\"font-size: large;\">Oto dzi\u015b widzimy, jak Jezus spo\u017cywa ze swoimi uczniami kolacj\u0119. Jest ona bardzo uroczysta, a jednocze\u015bnie jest te\u017c kolacj\u0105 po\u017cegnaln\u0105. W tej scenie wiele jest g\u0142\u0119bokich symboli, dzieje si\u0119 tak du\u017co w tym fragmencie Ewangelii, \u017ce w\u0142a\u015bciwie o ka\u017cdej linii tekstu czy symbolu mo\u017cna napisa\u0107 odr\u0119bne rozwa\u017canie\u2026 <\/span><\/span><\/span><\/p>\n<p align=\"justify\"><span style=\"color: #000000;\"><span style=\"font-family: Book Antiqua, serif;\"><span style=\"font-size: large;\">Bior\u0105c pod uwag\u0119 to, co widzimy, co dzieje si\u0119 w dzisiejszym \u015bwiecie \u2013 ten otaczaj\u0105cy nas chaos i wszechobecny niepok\u00f3j \u2013 musimy zdawa\u0107 sobie spraw\u0119, jak wa\u017cny zaczyna si\u0119 w liturgii moment dla Ko\u015bcio\u0142a, dla nas katolik\u00f3w. Warto po\u015bwi\u0119ci\u0107 zatem tych kilka najbli\u017cszych dni, \u017ceby samemu wej\u015b\u0107 g\u0142\u0119biej w t\u0105 Wieczerz\u0119 i rzeczywi\u015bcie prze\u017cy\u0107 j\u0105 w swoim sercu. <\/span><\/span><\/span><\/p>\n<p align=\"justify\"><span style=\"color: #000000;\"><span style=\"font-family: Book Antiqua, serif;\"><span style=\"font-size: large;\">Po pierwsze dzi\u015b jeste\u015bmy \u015bwiadkami, jak Jezus zapowiada zdrad\u0119: <i><b>Zaprawd\u0119, zaprawd\u0119, powiadam wam: Jeden z was Mnie wyda.<\/b><\/i><i> <\/i>Warto w tym momencie zwr\u00f3ci\u0107 uwag\u0119 na ton, w jakim Jezus wypowiedzia\u0142 te s\u0142owa \u2013 On by\u0142 wzruszony&#8230; Po ludzku, jest to kuriozalna wr\u0119cz reakcja na zdrad\u0119\u2026 Po ludzku oczekiwaliby\u015bmy raczej gniewu, z\u0142o\u015bci, nerw\u00f3w, wyrzut\u00f3w, a tu tego nie by\u0142o\u2026 Jezus o\u015bwiadcza, co ma nast\u0105pi\u0107 \u2013 i robi to spokojnym tonem, wr\u0119cz uzmys\u0142awiaj\u0105cym Jego Mi\u0142o\u015b\u0107\u2026 <\/span><\/span><\/span><\/p>\n<p align=\"justify\"><span style=\"color: #000000;\"><span style=\"font-family: Book Antiqua, serif;\"><span style=\"font-size: large;\">Jezus m\u00f3wi zatem prawd\u0119 o grzechu, ale nie jak karz\u0105cy s\u0119dzia! Pami\u0119tajmy dzi\u015b o tym, w\u0142a\u015bnie w kontek\u015bcie budowania swej przyja\u017ani z Panem Bogiem. Przecie\u017c my te\u017c grzeszymy i jeste\u015bmy tymi, co wydaj\u0105 Jezusa\u2026 Jest to oczywi\u015bcie g\u0142\u0119boka metafora, ale Jezus reaguje zawsze w ten sam spos\u00f3b \u2013 z mi\u0142o\u015bci\u0105, ze wzruszeniem\u2026 Cokolwiek by\u015b nie zrobi\u0142 \u2013 pami\u0119taj, \u017ce nasz Dobry Ojciec czeka na nas z mi\u0142o\u015bci\u0105 i pragnie naszego dobra\u2026 <\/span><\/span><\/span><\/p>\n<p align=\"justify\"><span style=\"color: #000000;\"><span style=\"font-family: Book Antiqua, serif;\"><span style=\"font-size: large;\">Kiedy\u015b s\u0142ysza\u0142em takie por\u00f3wnanie, i\u017c po ludzku widzieliby\u015bmy Boga jako srogiego S\u0119dziego, kt\u00f3ry rozliczy nas dok\u0142adnie, matematycznie z naszych przewinie\u0144. \u201eB\u00f3g trzyma wielkie ksi\u0119gi, w kt\u00f3rych notuje sobie nasze grzechy: grzechy przeciw czysto\u015bci 432 razy, grzechy przeciw wierze 4389 razy, grzechy przeciw bli\u017anim 8524 razy itd\u2026 itd\u2026 I potem wylicza z tego: \u201e200 lat w czy\u015b\u0107cu \u2014 nast\u0119pny prosz\u0119!\u201d. <\/span><\/span><\/span><\/p>\n<p align=\"justify\"><span style=\"color: #000000;\"><span style=\"font-family: Book Antiqua, serif;\"><span style=\"font-size: large;\">Dzi\u015b warto, \u017ceby ka\u017cdy z nas uzmys\u0142owi\u0142 sobie, \u017ce B\u00f3g przekracza nasze ludzkie, u\u0142omne my\u015blenie, nasza logika nie jest w stanie poj\u0105\u0107 tej wielkiej mi\u0142o\u015bci. On jest wi\u0119kszy ni\u017c nasze wyobra\u017cenie! B\u00f3g patrzy na mnie i na Ciebie ze wzruszeniem i mi\u0142o\u015bci\u0105\u2026 Pami\u0119taj o tym! On daje nam swoj\u0105 \u0142ask\u0119 i wybacza.<\/span><\/span><\/span><\/p>\n<p align=\"justify\"><span style=\"color: #000000;\"><span style=\"font-family: Book Antiqua, serif;\"><span style=\"font-size: large;\">Druga rzecz, na kt\u00f3r\u0105 chcia\u0142bym zwr\u00f3ci\u0107 uwag\u0119, to fakt reakcji uczni\u00f3w Jezusa na informacj\u0119 o zdradzie. To naturalne i bardzo ludzkie, \u017ce wszyscy s\u0105 zdziwieni i pytaj\u0105 si\u0119 siebie nawzajem: \u00abKto to jest? Kt\u00f3ry z nas?\u00bb <\/span><\/span><\/span><\/p>\n<p align=\"justify\"><span style=\"color: #000000;\"><span style=\"font-family: Book Antiqua, serif;\"><span style=\"font-size: large;\">Pewnie ka\u017cdy z uczni\u00f3w zarzeka\u0142 si\u0119 w tamtym momencie: \u201eTo na pewno nie ja\u201d<i>\u2026<\/i> Jezus opisa\u0142 konkretny znak &#8211; dyskretnie przekaza\u0142, kto oka\u017ce si\u0119 zdrajc\u0105, m\u00f3wi\u0105c:<i> <\/i><i><b>To ten, dla kt\u00f3rego umaczam kawa\u0142ek chleba i podam mu. Umoczywszy wi\u0119c kawa\u0142ek chleba, wzi\u0105\u0142 i poda\u0142 Judaszowi, synowi Szymona Iskarioty.<\/b><\/i><\/span><\/span><\/span><\/p>\n<p align=\"justify\"><span style=\"color: #000000;\"><span style=\"font-family: Book Antiqua, serif;\"><span style=\"font-size: large;\">Jezus ujawnia zdrajc\u0119, ale uczniowie jakby nie zwracali na to uwagi\u2026 Judasz po spo\u017cyciu chleba zaraz wyszed\u0142, a nikt nie skojarzy\u0142 fakt\u00f3w, ka\u017cdy uwa\u017ca\u0142, \u017ce oto Judasz poszed\u0142 robi\u0107 zakupy na \u015bwi\u0119to\u2026 Dziwne\u2026 Ale tak musia\u0142o si\u0119 sta\u0107\u2026<\/span><\/span><\/span><\/p>\n<p align=\"justify\"><span style=\"color: #000000;\"><span style=\"font-family: Book Antiqua, serif;\"><span style=\"font-size: large;\">Judasz wyszed\u0142 z Wieczernika, z kolacji, <i><b>a by\u0142a noc. <\/b><\/i>Noc to symbol. W naszym \u017cyciu r\u00f3wnie\u017c miewamy takie chwile, kt\u00f3re mogliby\u015bmy nazwa\u0107 \u201enoc\u0105\u201d albo \u201emrokiem\u201d. Widzimy tu podkre\u015blony kontrast: w Wieczerniku jest jasno \u2013 tam, gdzie w\u015br\u00f3d uczni\u00f3w siedzi Jezus, jest przyjemnie\u2026 Ale wystarczy otworzy\u0107 drzwi i wyj\u015b\u0107 na zewn\u0105trz, gdzie jest noc i ciemno\u2026 Tam Jezusa nie ma, tam jest rzeczywisto\u015b\u0107 mroku\u2026 <\/span><\/span><\/span><\/p>\n<p align=\"justify\"><span style=\"color: #000000;\"><span style=\"font-family: Book Antiqua, serif;\"><span style=\"font-size: large;\">Podobnie jest z nami. Gdy zrywamy z Jezusem, gdy wychodzimy poza Ko\u015bci\u00f3\u0142, znajdujemy si\u0119 w rzeczywisto\u015bci mroku i z\u0142owrogiej ciemno\u015bci\u2026 Tam gdzie nie ma z nami Chrystusa \u2013 jest noc\u2026 jest mrok i niepok\u00f3j\u2026 Idziemy po omacku i potykamy si\u0119 o najmniejszy kamie\u0144\u2026 <\/span><\/span><\/span><\/p>\n<p align=\"justify\"><span style=\"color: #000000;\"><span style=\"font-family: Book Antiqua, serif;\"><span style=\"font-size: large;\">No i trzecia rzecz. Gdy Judasz opuszcza Wieczernik Jezus wyg\u0142asza mow\u0119: <i><b>Syn Cz\u0142owieczy zosta\u0142 teraz otoczony chwa\u0142\u0105, a w Nim B\u00f3g zosta\u0142 chwa\u0142\u0105 otoczony. Je\u017celi B\u00f3g zosta\u0142 w Nim otoczony chwa\u0142\u0105, to i B\u00f3g Go otoczy chwa\u0142\u0105 w sobie samym, i to zaraz Go chwa\u0142\u0105 otoczy. Dzieci, jeszcze kr\u00f3tko jestem z wami. B\u0119dziecie Mnie szuka\u0107, ale jak to \u017bydom powiedzia\u0142em, tak i teraz wam m\u00f3wi\u0119 \u2013 dok\u0105d Ja id\u0119, wy p\u00f3j\u015b\u0107 nie mo\u017cecie.<\/b><\/i><\/span><\/span><\/span><\/p>\n<p align=\"justify\"><span style=\"color: #000000;\"><span style=\"font-family: Book Antiqua, serif;\"><span style=\"font-size: large;\">Znamy kontekst tej\u017ce mowy. Jezus przed chwil\u0105 m\u00f3wi\u0142 o zdradzie, a teraz m\u00f3wi: w\u0142a\u015bnie w ten spos\u00f3b Syn Cz\u0142owieczy zostanie otoczony chwa\u0142\u0105\u2026<\/span><\/span><\/span><\/p>\n<p align=\"justify\"><span style=\"color: #000000;\"><span style=\"font-family: Book Antiqua, serif;\"><span style=\"font-size: large;\">\u017bycie w naszej wierze przechodzi przez \u015bmier\u0107 \u2013 \u017ceby to \u017cycie poczu\u0107, trzeba te\u017c przez t\u0119 m\u0119k\u0119 przej\u015b\u0107\u2026 Jezus dozna\u0142 chwa\u0142y poprzez zdrad\u0119, b\u00f3l, cierpienie, \u015bmier\u0107 \u2013 ale na ko\u0144cu tej drogi jest \u017cycie, jest ZMARTWYCHWSTANIE. <\/span><\/span><\/span><\/p>\n<p align=\"justify\"><span style=\"color: #000000;\"><span style=\"font-family: Book Antiqua, serif;\"><span style=\"font-size: large;\">Trudn\u0105 mow\u0119 przedstawi\u0142 nam Chrystus. Patrz\u0105c po ludzku \u2013 pozornie brakuje w niej jakiejkolwiek logiki\u2026 Ale to, co dla ludzi nielogiczne, dla Boga jest ca\u0142kowicie logiczne\u2026 <\/span><\/span><\/span><\/p>\n<p align=\"justify\"><span style=\"color: #000000;\"><span style=\"font-family: Book Antiqua, serif;\"><span style=\"font-size: large;\"><i><b>Dzieci, jeszcze kr\u00f3tko jestem z wami. B\u0119dziecie Mnie szuka\u0107, ale jak to \u017bydom powiedzia\u0142em, tak i teraz wam m\u00f3wi\u0119 \u2013 dok\u0105d Ja id\u0119, wy p\u00f3j\u015b\u0107 nie mo\u017cecie. Rzek\u0142 do Niego Szymon Piotr: Panie, dok\u0105d idziesz? Odpowiedzia\u0142 mu Jezus: Dok\u0105d Ja id\u0119, ty teraz za Mn\u0105 p\u00f3j\u015b\u0107 nie mo\u017cesz, ale p\u00f3\u017aniej p\u00f3jdziesz.<\/b><\/i><\/span><\/span><\/span><\/p>\n<p align=\"justify\"><span style=\"color: #000000;\"><span style=\"font-family: Book Antiqua, serif;\"><span style=\"font-size: large;\">Jezus jasno wskazuje, \u017ce w\u0142a\u015bnie si\u0119 \u017cegna ze swoimi uczniami. Ale Piotr \u2013 w imieniu wszystkich \u2013 dopytuje: \u201eAle dok\u0105d idziesz?\u201d Tak po ludzku, nie mo\u017ce si\u0119 z tym pogodzi\u0107 \u2013 mimo, \u017ce Jezus kilka razy wspomina\u0142 o swojej m\u0119ce i \u015bmierci i zmartwychwstaniu\u2026<\/span><\/span><\/span><\/p>\n<p align=\"justify\"><span style=\"color: #000000;\"><span style=\"font-family: Book Antiqua, serif;\"><span style=\"font-size: large;\"><b><i>Powiedzia\u0142 Mu Piotr: Panie, dlaczego teraz nie mog\u0119 p\u00f3j\u015b\u0107 za Tob\u0105? \u017cycie moje oddam za Ciebie. Odpowiedzia\u0142 Jezus: \u017cycie swoje oddasz za Mnie? Zaprawd\u0119, zaprawd\u0119, powiadam ci: Kogut nie zapieje, a\u017c ty trzy razy si\u0119 Mnie wyprzesz. Piotr wyznaje: \u017cycie moje oddam za Ciebie\u2026<\/i><\/b><\/span><\/span><\/span><\/p>\n<p align=\"justify\"><span style=\"color: #000000;\"><span style=\"font-family: Book Antiqua, serif;\"><span style=\"font-size: large;\">My\u015bl\u0119, \u017ce by\u0142o to szczere wyznanie ucznia, kt\u00f3ry kocha swego Nauczyciela. Dlatego proroctwo Jezusa: \u00abWyprzesz si\u0119 mnie trzy razy\u00bb\u2026 musia\u0142o strasznie bole\u0107 Piotra. Jezus go obna\u017ca tymi s\u0142owami\u2026 <\/span><\/span><\/span><\/p>\n<p align=\"justify\"><span style=\"color: #000000;\"><span style=\"font-family: Book Antiqua, serif;\"><span style=\"font-size: large;\">Pami\u0119tajmy jednak, \u017ce te s\u0142owa Jezusa padaj\u0105 i w naszym kierunku\u2026 Ile razy tak ju\u017c by\u0142o, \u017ce m\u00f3wili\u015bmy, \u017ce kochamy Jezusa, a po up\u0142ywie nied\u0142ugiego okresu czasu zapierali\u015bmy si\u0119 Go?\u2026 <\/span><\/span><\/span><\/p>\n<p align=\"justify\"><span style=\"color: #000000;\"><span style=\"font-family: Book Antiqua, serif;\"><span style=\"font-size: large;\">Taka jest nasza natura\u2026 Ale uczmy si\u0119 tej postawy Piotrowej, bowiem on zap\u0142aka\u0142 po zdradzie, a potem trzy razy wyzna\u0142 mi\u0142o\u015b\u0107 Nauczycielowi. On trwa\u0142 przy Nim \u2013 wbrew wszystkiemu, co si\u0119 wydarzy\u0142o, co sam pope\u0142ni\u0142. Zap\u0142aka\u0142 i by\u0142\u2026 nie uciek\u0142 w mrok \u2013 wr\u00f3ci\u0142 do jasno\u015bci. Wracajmy tak i my\u2026<\/span><\/span><\/span><\/p>\n","protected":false},"excerpt":{"rendered":"<p>Szcz\u0119\u015b\u0107 Bo\u017ce! Moi Drodzy, dzisiaj na naszym forum zamiana: zamiast s\u0142\u00f3wka Ani \u2013 mamy s\u0142\u00f3wko Ksi\u0119dza Leszka. A jutro \u2013 s\u0142\u00f3wko z Syberii. A potem, ju\u017c b\u0119dziecie musieli m\u0119czy\u0107 si\u0119 ze mn\u0105. Dzi\u0119kuj\u0119 drogim Wsp\u00f3\u0142autorom za w\u0142\u0105czanie si\u0119 w tworzenie tego dzie\u0142a i za dzielenie si\u0119 z nami swoimi szczerymi i g\u0142\u0119bokimi przemy\u015bleniami. Tak jest [&hellip;]<\/p>\n","protected":false},"author":1,"featured_media":0,"comment_status":"open","ping_status":"open","sticky":false,"template":"","format":"standard","meta":{"jetpack_post_was_ever_published":false,"_jetpack_newsletter_access":"","_jetpack_dont_email_post_to_subs":false,"_jetpack_newsletter_tier_id":0,"_jetpack_memberships_contains_paywalled_content":false,"_jetpack_memberships_contains_paid_content":false,"footnotes":""},"categories":[1],"tags":[],"class_list":["post-18746","post","type-post","status-publish","format-standard","hentry","category-bez-kategorii"],"yoast_head":"<!-- This site is optimized with the Yoast SEO plugin v25.1 - https:\/\/yoast.com\/wordpress\/plugins\/seo\/ -->\n<title>Wracajmy do Jasno\u015bci! - Gaudium Et Spes<\/title>\n<meta name=\"robots\" content=\"index, follow, max-snippet:-1, max-image-preview:large, max-video-preview:-1\" \/>\n<link rel=\"canonical\" href=\"https:\/\/gaudiumetspes-blog.pl\/index.php\/2021\/03\/30\/wracajmy-do-jasnosci\/\" \/>\n<meta property=\"og:locale\" content=\"pl_PL\" \/>\n<meta property=\"og:type\" content=\"article\" \/>\n<meta property=\"og:title\" content=\"Wracajmy do Jasno\u015bci! - Gaudium Et Spes\" \/>\n<meta property=\"og:description\" content=\"Szcz\u0119\u015b\u0107 Bo\u017ce! Moi Drodzy, dzisiaj na naszym forum zamiana: zamiast s\u0142\u00f3wka Ani \u2013 mamy s\u0142\u00f3wko Ksi\u0119dza Leszka. A jutro \u2013 s\u0142\u00f3wko z Syberii. A potem, ju\u017c b\u0119dziecie musieli m\u0119czy\u0107 si\u0119 ze mn\u0105. Dzi\u0119kuj\u0119 drogim Wsp\u00f3\u0142autorom za w\u0142\u0105czanie si\u0119 w tworzenie tego dzie\u0142a i za dzielenie si\u0119 z nami swoimi szczerymi i g\u0142\u0119bokimi przemy\u015bleniami. Tak jest [&hellip;]\" \/>\n<meta property=\"og:url\" content=\"https:\/\/gaudiumetspes-blog.pl\/index.php\/2021\/03\/30\/wracajmy-do-jasnosci\/\" \/>\n<meta property=\"og:site_name\" content=\"Gaudium Et Spes\" \/>\n<meta property=\"article:published_time\" content=\"2021-03-30T05:31:37+00:00\" \/>\n<meta name=\"author\" content=\"Ks. Jacek\" \/>\n<meta name=\"twitter:card\" content=\"summary_large_image\" \/>\n<meta name=\"twitter:label1\" content=\"Napisane przez\" \/>\n\t<meta name=\"twitter:data1\" content=\"Ks. Jacek\" \/>\n\t<meta name=\"twitter:label2\" content=\"Szacowany czas czytania\" \/>\n\t<meta name=\"twitter:data2\" content=\"11 minut\" \/>\n<script type=\"application\/ld+json\" class=\"yoast-schema-graph\">{\"@context\":\"https:\/\/schema.org\",\"@graph\":[{\"@type\":\"WebPage\",\"@id\":\"https:\/\/gaudiumetspes-blog.pl\/index.php\/2021\/03\/30\/wracajmy-do-jasnosci\/\",\"url\":\"https:\/\/gaudiumetspes-blog.pl\/index.php\/2021\/03\/30\/wracajmy-do-jasnosci\/\",\"name\":\"Wracajmy do Jasno\u015bci! - Gaudium Et Spes\",\"isPartOf\":{\"@id\":\"https:\/\/gaudiumetspes-blog.pl\/#website\"},\"datePublished\":\"2021-03-30T05:31:37+00:00\",\"author\":{\"@id\":\"https:\/\/gaudiumetspes-blog.pl\/#\/schema\/person\/1661982992b752dea8dff0d4ed845a65\"},\"breadcrumb\":{\"@id\":\"https:\/\/gaudiumetspes-blog.pl\/index.php\/2021\/03\/30\/wracajmy-do-jasnosci\/#breadcrumb\"},\"inLanguage\":\"pl-PL\",\"potentialAction\":[{\"@type\":\"ReadAction\",\"target\":[\"https:\/\/gaudiumetspes-blog.pl\/index.php\/2021\/03\/30\/wracajmy-do-jasnosci\/\"]}]},{\"@type\":\"BreadcrumbList\",\"@id\":\"https:\/\/gaudiumetspes-blog.pl\/index.php\/2021\/03\/30\/wracajmy-do-jasnosci\/#breadcrumb\",\"itemListElement\":[{\"@type\":\"ListItem\",\"position\":1,\"name\":\"Strona g\u0142\u00f3wna\",\"item\":\"https:\/\/gaudiumetspes-blog.pl\/\"},{\"@type\":\"ListItem\",\"position\":2,\"name\":\"Wracajmy do&nbsp;Jasno\u015bci!\"}]},{\"@type\":\"WebSite\",\"@id\":\"https:\/\/gaudiumetspes-blog.pl\/#website\",\"url\":\"https:\/\/gaudiumetspes-blog.pl\/\",\"name\":\"Gaudium Et Spes\",\"description\":\"Blog Ks. Jacka Ja\u015bkowskiego\",\"potentialAction\":[{\"@type\":\"SearchAction\",\"target\":{\"@type\":\"EntryPoint\",\"urlTemplate\":\"https:\/\/gaudiumetspes-blog.pl\/?s={search_term_string}\"},\"query-input\":{\"@type\":\"PropertyValueSpecification\",\"valueRequired\":true,\"valueName\":\"search_term_string\"}}],\"inLanguage\":\"pl-PL\"},{\"@type\":\"Person\",\"@id\":\"https:\/\/gaudiumetspes-blog.pl\/#\/schema\/person\/1661982992b752dea8dff0d4ed845a65\",\"name\":\"Ks. Jacek\",\"image\":{\"@type\":\"ImageObject\",\"inLanguage\":\"pl-PL\",\"@id\":\"https:\/\/gaudiumetspes-blog.pl\/#\/schema\/person\/image\/\",\"url\":\"https:\/\/gaudiumetspes-blog.pl\/wp-content\/uploads\/2019\/07\/avatar-JJ-150x150.jpg\",\"contentUrl\":\"https:\/\/gaudiumetspes-blog.pl\/wp-content\/uploads\/2019\/07\/avatar-JJ-150x150.jpg\",\"caption\":\"Ks. Jacek\"},\"description\":\"Witam serdecznie! K\u0142ania si\u0119 Ks. Jacek Ja\u015bkowski. Nie jestem ani kim\u015b wa\u017cnym, ani kim\u015b znanym. Jestem ksi\u0119dzem, kt\u00f3ry po prostu chce rozmawia\u0107. Codzienna kap\u0142a\u0144ska pos\u0142uga pokazuje mi, \u017ce temat\u00f3w do rozm\u00f3w z ksi\u0119dzem jest coraz wi\u0119cej i dzisiaj \u017caden ksi\u0105dz nie mo\u017ce od nich ucieka\u0107, ale - wprost przeciwnie - podejmowa\u0107 nowe wyzwania. To przekonanie sk\u0142oni\u0142o mnie do pr\u00f3by otwarcia tego\u017c bloga, chocia\u017c okazji do rozm\u00f3w na co dzie\u0144 - w konfesjonale i poza nim - na szcz\u0119\u015bcie nie brakuje. My\u015bl\u0119 jednak, \u017ce ten blog b\u0119dzie jeszcze jednym sposobem i przestrzeni\u0105 nawi\u0105zania kontaktu z lud\u017ami dobrej woli, otwartymi na dialog.\",\"url\":\"https:\/\/gaudiumetspes-blog.pl\/index.php\/author\/ks-jacek\/\"}]}<\/script>\n<!-- \/ Yoast SEO plugin. -->","yoast_head_json":{"title":"Wracajmy do Jasno\u015bci! - Gaudium Et Spes","robots":{"index":"index","follow":"follow","max-snippet":"max-snippet:-1","max-image-preview":"max-image-preview:large","max-video-preview":"max-video-preview:-1"},"canonical":"https:\/\/gaudiumetspes-blog.pl\/index.php\/2021\/03\/30\/wracajmy-do-jasnosci\/","og_locale":"pl_PL","og_type":"article","og_title":"Wracajmy do Jasno\u015bci! - Gaudium Et Spes","og_description":"Szcz\u0119\u015b\u0107 Bo\u017ce! Moi Drodzy, dzisiaj na naszym forum zamiana: zamiast s\u0142\u00f3wka Ani \u2013 mamy s\u0142\u00f3wko Ksi\u0119dza Leszka. A jutro \u2013 s\u0142\u00f3wko z Syberii. A potem, ju\u017c b\u0119dziecie musieli m\u0119czy\u0107 si\u0119 ze mn\u0105. Dzi\u0119kuj\u0119 drogim Wsp\u00f3\u0142autorom za w\u0142\u0105czanie si\u0119 w tworzenie tego dzie\u0142a i za dzielenie si\u0119 z nami swoimi szczerymi i g\u0142\u0119bokimi przemy\u015bleniami. Tak jest [&hellip;]","og_url":"https:\/\/gaudiumetspes-blog.pl\/index.php\/2021\/03\/30\/wracajmy-do-jasnosci\/","og_site_name":"Gaudium Et Spes","article_published_time":"2021-03-30T05:31:37+00:00","author":"Ks. Jacek","twitter_card":"summary_large_image","twitter_misc":{"Napisane przez":"Ks. Jacek","Szacowany czas czytania":"11 minut"},"schema":{"@context":"https:\/\/schema.org","@graph":[{"@type":"WebPage","@id":"https:\/\/gaudiumetspes-blog.pl\/index.php\/2021\/03\/30\/wracajmy-do-jasnosci\/","url":"https:\/\/gaudiumetspes-blog.pl\/index.php\/2021\/03\/30\/wracajmy-do-jasnosci\/","name":"Wracajmy do Jasno\u015bci! - Gaudium Et Spes","isPartOf":{"@id":"https:\/\/gaudiumetspes-blog.pl\/#website"},"datePublished":"2021-03-30T05:31:37+00:00","author":{"@id":"https:\/\/gaudiumetspes-blog.pl\/#\/schema\/person\/1661982992b752dea8dff0d4ed845a65"},"breadcrumb":{"@id":"https:\/\/gaudiumetspes-blog.pl\/index.php\/2021\/03\/30\/wracajmy-do-jasnosci\/#breadcrumb"},"inLanguage":"pl-PL","potentialAction":[{"@type":"ReadAction","target":["https:\/\/gaudiumetspes-blog.pl\/index.php\/2021\/03\/30\/wracajmy-do-jasnosci\/"]}]},{"@type":"BreadcrumbList","@id":"https:\/\/gaudiumetspes-blog.pl\/index.php\/2021\/03\/30\/wracajmy-do-jasnosci\/#breadcrumb","itemListElement":[{"@type":"ListItem","position":1,"name":"Strona g\u0142\u00f3wna","item":"https:\/\/gaudiumetspes-blog.pl\/"},{"@type":"ListItem","position":2,"name":"Wracajmy do&nbsp;Jasno\u015bci!"}]},{"@type":"WebSite","@id":"https:\/\/gaudiumetspes-blog.pl\/#website","url":"https:\/\/gaudiumetspes-blog.pl\/","name":"Gaudium Et Spes","description":"Blog Ks. Jacka Ja\u015bkowskiego","potentialAction":[{"@type":"SearchAction","target":{"@type":"EntryPoint","urlTemplate":"https:\/\/gaudiumetspes-blog.pl\/?s={search_term_string}"},"query-input":{"@type":"PropertyValueSpecification","valueRequired":true,"valueName":"search_term_string"}}],"inLanguage":"pl-PL"},{"@type":"Person","@id":"https:\/\/gaudiumetspes-blog.pl\/#\/schema\/person\/1661982992b752dea8dff0d4ed845a65","name":"Ks. Jacek","image":{"@type":"ImageObject","inLanguage":"pl-PL","@id":"https:\/\/gaudiumetspes-blog.pl\/#\/schema\/person\/image\/","url":"https:\/\/gaudiumetspes-blog.pl\/wp-content\/uploads\/2019\/07\/avatar-JJ-150x150.jpg","contentUrl":"https:\/\/gaudiumetspes-blog.pl\/wp-content\/uploads\/2019\/07\/avatar-JJ-150x150.jpg","caption":"Ks. Jacek"},"description":"Witam serdecznie! K\u0142ania si\u0119 Ks. Jacek Ja\u015bkowski. Nie jestem ani kim\u015b wa\u017cnym, ani kim\u015b znanym. Jestem ksi\u0119dzem, kt\u00f3ry po prostu chce rozmawia\u0107. Codzienna kap\u0142a\u0144ska pos\u0142uga pokazuje mi, \u017ce temat\u00f3w do rozm\u00f3w z ksi\u0119dzem jest coraz wi\u0119cej i dzisiaj \u017caden ksi\u0105dz nie mo\u017ce od nich ucieka\u0107, ale - wprost przeciwnie - podejmowa\u0107 nowe wyzwania. To przekonanie sk\u0142oni\u0142o mnie do pr\u00f3by otwarcia tego\u017c bloga, chocia\u017c okazji do rozm\u00f3w na co dzie\u0144 - w konfesjonale i poza nim - na szcz\u0119\u015bcie nie brakuje. My\u015bl\u0119 jednak, \u017ce ten blog b\u0119dzie jeszcze jednym sposobem i przestrzeni\u0105 nawi\u0105zania kontaktu z lud\u017ami dobrej woli, otwartymi na dialog.","url":"https:\/\/gaudiumetspes-blog.pl\/index.php\/author\/ks-jacek\/"}]}},"jetpack_featured_media_url":"","jetpack_sharing_enabled":true,"_links":{"self":[{"href":"https:\/\/gaudiumetspes-blog.pl\/index.php\/wp-json\/wp\/v2\/posts\/18746","targetHints":{"allow":["GET"]}}],"collection":[{"href":"https:\/\/gaudiumetspes-blog.pl\/index.php\/wp-json\/wp\/v2\/posts"}],"about":[{"href":"https:\/\/gaudiumetspes-blog.pl\/index.php\/wp-json\/wp\/v2\/types\/post"}],"author":[{"embeddable":true,"href":"https:\/\/gaudiumetspes-blog.pl\/index.php\/wp-json\/wp\/v2\/users\/1"}],"replies":[{"embeddable":true,"href":"https:\/\/gaudiumetspes-blog.pl\/index.php\/wp-json\/wp\/v2\/comments?post=18746"}],"version-history":[{"count":1,"href":"https:\/\/gaudiumetspes-blog.pl\/index.php\/wp-json\/wp\/v2\/posts\/18746\/revisions"}],"predecessor-version":[{"id":18747,"href":"https:\/\/gaudiumetspes-blog.pl\/index.php\/wp-json\/wp\/v2\/posts\/18746\/revisions\/18747"}],"wp:attachment":[{"href":"https:\/\/gaudiumetspes-blog.pl\/index.php\/wp-json\/wp\/v2\/media?parent=18746"}],"wp:term":[{"taxonomy":"category","embeddable":true,"href":"https:\/\/gaudiumetspes-blog.pl\/index.php\/wp-json\/wp\/v2\/categories?post=18746"},{"taxonomy":"post_tag","embeddable":true,"href":"https:\/\/gaudiumetspes-blog.pl\/index.php\/wp-json\/wp\/v2\/tags?post=18746"}],"curies":[{"name":"wp","href":"https:\/\/api.w.org\/{rel}","templated":true}]}}