{"id":18770,"date":"2021-04-03T05:41:10","date_gmt":"2021-04-03T03:41:10","guid":{"rendered":"https:\/\/gaudiumetspes-blog.pl\/?p=18770"},"modified":"2021-04-03T07:08:12","modified_gmt":"2021-04-03T05:08:12","slug":"wielka-sobota","status":"publish","type":"post","link":"https:\/\/gaudiumetspes-blog.pl\/index.php\/2021\/04\/03\/wielka-sobota\/","title":{"rendered":"Wielka Sobota"},"content":{"rendered":"<p align=\"justify\"><span style=\"color: #000000;\"><span style=\"font-family: Book Antiqua, serif;\"><span style=\"font-size: large;\"><b>Wielka Sobota,<\/b><\/span><\/span><\/span><\/p>\n<p align=\"justify\"><span style=\"color: #000000;\"><span style=\"font-family: Book Antiqua, serif;\"><span style=\"font-size: large;\"><b>3 kwietnia 2021.,<\/b><\/span><\/span><\/span><\/p>\n<p align=\"justify\"><span style=\"color: #000000;\"><span style=\"font-family: Book Antiqua, serif;\"><span style=\"font-size: large;\">Niech b\u0119dzie pochwalony Jezus Chrystus! Moi Drodzy, Wielka Sobota <b>nie ma w Mszale \u017cadnej swojej liturgii,<\/b> tak\u017ce w Lekcjonarzu nie znajdziemy \u017cadnego czytania, przeznaczonego na ten dzie\u0144. To wszystko, co liturgia Ko\u015bcio\u0142a przewidzia\u0142a na dzisiejsz\u0105 noc \u2013 <b>to ju\u017c liturgia niedzielna,<\/b> liturgia Wielkiej Nocy Zmartwychwstania. Nawet, je\u017celi w niekt\u00f3rych naszych ko\u015bcio\u0142ach rozpocznie si\u0119 ona przed zapadni\u0119ciem ciemno\u015bci \u2013 to ju\u017c b\u0119dzie liturgia Wielkiej Nocy. <\/span><\/span><\/span><\/p>\n<p align=\"justify\"><span style=\"color: #000000;\"><span style=\"font-family: Book Antiqua, serif;\"><span style=\"font-size: large;\">Na ca\u0142y dzie\u0144 dzisiejszy natomiast Ko\u015bci\u00f3\u0142 zaprasza nas na <b>liturgi\u0119\u2026 ciszy\u2026<\/b> W tej ciszy niech wybrzmi raz jeszcze Bo\u017ce s\u0142owo, kt\u00f3re us\u0142yszeli\u015bmy wczoraj, w liturgii Wielkiego Pi\u0105tku \u2013 S\u0142owo o wielkiej mi\u0142o\u015bci Boga, kt\u00f3ry odda\u0142 swoje \u017cycie <b>w totalnym darze dla cz\u0142owieka i za cz\u0142owieka\u2026 <\/b>Mamy nad czym my\u015ble\u0107, mamy co zg\u0142\u0119bia\u0107 \u2013 nie tylko wczoraj, nie tylko dzisiaj, ale cho\u0107by do ko\u0144ca naszych dni\u2026 <b>\u017bycia nam nie starczy,<\/b> \u017ceby cho\u0107 w niewielkim stopniu zg\u0142\u0119bi\u0107 to, czego Jezus dokona\u0142 dla nas, a s\u0142owo Bo\u017ce nam przekaza\u0142o\u2026 <\/span><\/span><\/span><\/p>\n<p align=\"justify\"><span style=\"color: #000000;\"><span style=\"font-family: Book Antiqua, serif;\"><span style=\"font-size: large;\"><b>Niech wi\u0119c trwa liturgia ciszy\u2026<\/b> Szczeg\u00f3lnie w obecnym czasie, jaki prze\u017cywamy, tak bardzo potrzeba ciszy \u2013 ciszy serca, jako <b>antidotum na zgie\u0142k \u015bwiata<\/b> i na ten ogromny chaos i zamieszanie, jakie wdar\u0142o si\u0119 do naszego \u017cycia. Przychodzimy to Grobu Jezusa, aby znale\u017a\u0107 ukojenie, spok\u00f3j, cisz\u0119, psychiczn\u0105 r\u00f3wnowag\u0119, a przede wszystkim \u2013 <b>nadziej\u0119 i dobr\u0105 my\u015bl na przysz\u0142o\u015b\u0107\u2026<\/b> Dlatego <b>przychodzimy do naszych \u015bwi\u0105ty\u0144,<\/b> kl\u0119kamy przed Pa\u0144skim Grobem i po prostu\u2026 jeste\u015bmy\u2026 <\/span><\/span><\/span><\/p>\n<p align=\"justify\"><span style=\"color: #000000;\"><span style=\"font-family: Book Antiqua, serif;\"><span style=\"font-size: large;\">Jeste\u015bmy z Nim, <b>jeste\u015bmy dla Niego<\/b> \u2013 skoro On tak bardzo chcia\u0142 <b>by\u0107 dla nas.<\/b> Jeste\u015bmy z Nim, modl\u0105c si\u0119 wraz z Nim s\u0142owami Psalmu 16 z dzisiejszej liturgii brewiarzowej. Trudno nie odnie\u015b\u0107 wra\u017cenia, \u017ce s\u0142owa te <b>sam Jezus wypowiada<\/b> w\u0142a\u015bnie dzisiaj, kiedy po trudach M\u0119ki schroni\u0142 si\u0119 u swego Ojca\u2026 Niech to b\u0119dzie tak\u017ce nasza modlitwa:<\/span><\/span><\/span><\/p>\n<p align=\"justify\">\n<p align=\"justify\">\n<p align=\"justify\">\n<p align=\"justify\">\n<p align=\"justify\">\n<p align=\"justify\"><span style=\"color: #000000;\"><span style=\"font-family: Book Antiqua, serif;\"><span style=\"font-size: large;\">Zachowaj mnie, Bo\u017ce, bo chroni\u0119 si\u0119 do Ciebie, \u2020<\/span><\/span><\/span><\/p>\n<p align=\"justify\"><span style=\"color: #000000;\"><span style=\"font-family: Book Antiqua, serif;\"><span style=\"font-size: large;\">m\u00f3wi\u0119 do Pana: \u201eTy\u015b jest Panem moim, *<\/span><\/span><\/span><\/p>\n<p align=\"justify\"><span style=\"color: #000000;\"><span style=\"font-family: Book Antiqua, serif;\"><span style=\"font-size: large;\">poza Tob\u0105 nie ma dla mnie dobra\u201d.<\/span><\/span><\/span><\/p>\n<p align=\"left\"><span style=\"color: #000000;\"><span style=\"font-family: Book Antiqua, serif;\"><span style=\"font-size: large;\">Wzbudzi\u0142 On we mnie mi\u0142o\u015b\u0107 przedziwn\u0105 *<\/span><\/span><\/span><\/p>\n<p align=\"left\"><span style=\"color: #000000;\"><span style=\"font-family: Book Antiqua, serif;\"><span style=\"font-size: large;\">do \u015bwi\u0119tych, kt\u00f3rzy mieszkaj\u0105 na Jego ziemi.<\/span><\/span><\/span><\/p>\n<p align=\"left\"><span style=\"color: #000000;\"><span style=\"font-family: Book Antiqua, serif;\"><span style=\"font-size: large;\">A wszyscy, kt\u00f3rzy id\u0105 za obcymi bogami, *<\/span><\/span><\/span><\/p>\n<p align=\"left\"><span style=\"color: #000000;\"><span style=\"font-family: Book Antiqua, serif;\"><span style=\"font-size: large;\">pomna\u017caj\u0105 swoje udr\u0119ki.<\/span><\/span><\/span><\/p>\n<p align=\"left\"><span style=\"color: #000000;\"><span style=\"font-family: Book Antiqua, serif;\"><span style=\"font-size: large;\">Nie b\u0119d\u0119 wylewa\u0142 krwi w ofiarach dla nich, *<\/span><\/span><\/span><\/p>\n<p align=\"left\"><span style=\"color: #000000;\"><span style=\"font-family: Book Antiqua, serif;\"><span style=\"font-size: large;\">nie wym\u00f3wi\u0105 ich imion moje wargi.<\/span><\/span><\/span><\/p>\n<p align=\"left\"><span style=\"color: #000000;\"><span style=\"font-family: Book Antiqua, serif;\"><span style=\"font-size: large;\">Pan moim dziedzictwem i przeznaczeniem, *<\/span><\/span><\/span><\/p>\n<p align=\"left\"><span style=\"color: #000000;\"><span style=\"font-family: Book Antiqua, serif;\"><span style=\"font-size: large;\">to On m\u00f3j los zabezpiecza.<\/span><\/span><\/span><\/p>\n<p align=\"left\"><span style=\"color: #000000;\"><span style=\"font-family: Book Antiqua, serif;\"><span style=\"font-size: large;\">Sznur mierniczy szczodrze mi dzia\u0142 wyznaczy\u0142, *<\/span><\/span><\/span><\/p>\n<p align=\"left\"><span style=\"color: #000000;\"><span style=\"font-family: Book Antiqua, serif;\"><span style=\"font-size: large;\">jak mi\u0142e jest dla mnie dziedzictwo moje!<\/span><\/span><\/span><\/p>\n<p align=\"left\"><span style=\"color: #000000;\"><span style=\"font-family: Book Antiqua, serif;\"><span style=\"font-size: large;\">B\u0142ogos\u0142awi\u0119 Pana, kt\u00f3ry da\u0142 mi rozs\u0105dek, *<\/span><\/span><\/span><\/p>\n<p align=\"left\"><span style=\"color: #000000;\"><span style=\"font-family: Book Antiqua, serif;\"><span style=\"font-size: large;\">bo serce napomina mnie nawet noc\u0105.<\/span><\/span><\/span><\/p>\n<p align=\"left\"><span style=\"color: #000000;\"><span style=\"font-family: Book Antiqua, serif;\"><span style=\"font-size: large;\">Zawsze stawiam sobie Pana przed oczy, *<\/span><\/span><\/span><\/p>\n<p align=\"left\"><span style=\"color: #000000;\"><span style=\"font-family: Book Antiqua, serif;\"><span style=\"font-size: large;\">On jest po mojej prawicy, nic mn\u0105 nie zachwieje.<\/span><\/span><\/span><\/p>\n<p align=\"left\"><span style=\"color: #000000;\"><span style=\"font-family: Book Antiqua, serif;\"><span style=\"font-size: large;\">Dlatego cieszy si\u0119 moje serce i dusza raduje, *<\/span><\/span><\/span><\/p>\n<p align=\"left\"><span style=\"color: #000000;\"><span style=\"font-family: Book Antiqua, serif;\"><span style=\"font-size: large;\">a cia\u0142o moje b\u0119dzie spoczywa\u0107 bezpiecznie,<\/span><\/span><\/span><\/p>\n<p align=\"left\"><span style=\"color: #000000;\"><span style=\"font-family: Book Antiqua, serif;\"><span style=\"font-size: large;\">Bo w kraju zmar\u0142ych duszy mej nie zostawisz *<\/span><\/span><\/span><\/p>\n<p align=\"left\"><span style=\"color: #000000;\"><span style=\"font-family: Book Antiqua, serif;\"><span style=\"font-size: large;\">i nie dopu\u015bcisz, bym pozosta\u0142 w grobie.<\/span><\/span><\/span><\/p>\n<p align=\"left\"><span style=\"color: #000000;\"><span style=\"font-family: Book Antiqua, serif;\"><span style=\"font-size: large;\">Ty \u015bcie\u017ck\u0119 \u017cycia mi uka\u017cesz, \u2020<\/span><\/span><\/span><\/p>\n<p align=\"left\"><span style=\"color: #000000;\"><span style=\"font-family: Book Antiqua, serif;\"><span style=\"font-size: large;\">pe\u0142ni\u0119 rado\u015bci przy Tobie *<\/span><\/span><\/span><\/p>\n<p align=\"left\"><span style=\"color: #000000;\"><span style=\"font-family: Book Antiqua, serif;\"><span style=\"font-size: large;\">i wieczne szcz\u0119\u015bcie po Twojej prawicy.<\/span><\/span><\/span><\/p>\n<p align=\"left\">\n<p align=\"left\">\n<p align=\"left\">\n<p align=\"left\">\n<p align=\"left\">\n<p align=\"justify\"><span style=\"color: #000000;\"><span style=\"font-family: Book Antiqua, serif;\"><span style=\"font-size: large;\">Trwajmy w \u015bwi\u0119tej ciszy \u2013 z Jezusem\u2026 Niech ta cisza nas ukoi i odnowi\u2026 Niech w tej ciszy Pan uka\u017ce nam na nowo \u015bcie\u017ck\u0119 \u017cycia\u2026<\/span><\/span><\/span><\/p>\n<p align=\"justify\">\n<p align=\"justify\">\n<p align=\"justify\">\n<p align=\"justify\">\n<p align=\"justify\">\n<p align=\"justify\"><span style=\"color: #000000;\"><span style=\"font-family: Book Antiqua, serif;\"><span style=\"font-size: large;\"><b>Niech Was b\u0142ogos\u0142awi B\u00f3g Wszechmog\u0105cy: Ojciec + i Syn, i Duch \u015awi\u0119ty. Amen<\/b><\/span><\/span><\/span><\/p>\n<p align=\"center\"><span style=\"color: #000000;\"><span style=\"font-family: Book Antiqua, serif;\"><span style=\"font-size: large;\">Gaudium et spes! Ks. Jacek<\/span><\/span><\/span><\/p>\n<p align=\"center\">\n<p align=\"center\">\n<p align=\"center\">\n<p align=\"center\">\n<p align=\"center\">\n<p align=\"justify\"><span style=\"color: #000000;\"><span style=\"font-family: Book Antiqua, serif;\"><span style=\"font-size: large;\">Wieczorem, oko\u0142o 18:00 \u2013 jak co roku \u2013 zamieszcz\u0119 teksty Wigilii Paschalnej.<\/span><\/span><\/span><\/p>\n","protected":false},"excerpt":{"rendered":"<p>Wielka Sobota, 3 kwietnia 2021., Niech b\u0119dzie pochwalony Jezus Chrystus! Moi Drodzy, Wielka Sobota nie ma w Mszale \u017cadnej swojej liturgii, tak\u017ce w Lekcjonarzu nie znajdziemy \u017cadnego czytania, przeznaczonego na ten dzie\u0144. To wszystko, co liturgia Ko\u015bcio\u0142a przewidzia\u0142a na dzisiejsz\u0105 noc \u2013 to ju\u017c liturgia niedzielna, liturgia Wielkiej Nocy Zmartwychwstania. Nawet, je\u017celi w niekt\u00f3rych naszych [&hellip;]<\/p>\n","protected":false},"author":1,"featured_media":0,"comment_status":"open","ping_status":"open","sticky":false,"template":"","format":"standard","meta":{"jetpack_post_was_ever_published":false,"_jetpack_newsletter_access":"","_jetpack_dont_email_post_to_subs":false,"_jetpack_newsletter_tier_id":0,"_jetpack_memberships_contains_paywalled_content":false,"_jetpack_memberships_contains_paid_content":false,"footnotes":""},"categories":[1],"tags":[],"class_list":["post-18770","post","type-post","status-publish","format-standard","hentry","category-bez-kategorii"],"yoast_head":"<!-- This site is optimized with the Yoast SEO plugin v25.1 - https:\/\/yoast.com\/wordpress\/plugins\/seo\/ -->\n<title>Wielka Sobota - Gaudium Et Spes<\/title>\n<meta name=\"robots\" content=\"index, follow, max-snippet:-1, max-image-preview:large, max-video-preview:-1\" \/>\n<link rel=\"canonical\" href=\"https:\/\/gaudiumetspes-blog.pl\/index.php\/2021\/04\/03\/wielka-sobota\/\" \/>\n<meta property=\"og:locale\" content=\"pl_PL\" \/>\n<meta property=\"og:type\" content=\"article\" \/>\n<meta property=\"og:title\" content=\"Wielka Sobota - Gaudium Et Spes\" \/>\n<meta property=\"og:description\" content=\"Wielka Sobota, 3 kwietnia 2021., Niech b\u0119dzie pochwalony Jezus Chrystus! Moi Drodzy, Wielka Sobota nie ma w Mszale \u017cadnej swojej liturgii, tak\u017ce w Lekcjonarzu nie znajdziemy \u017cadnego czytania, przeznaczonego na ten dzie\u0144. To wszystko, co liturgia Ko\u015bcio\u0142a przewidzia\u0142a na dzisiejsz\u0105 noc \u2013 to ju\u017c liturgia niedzielna, liturgia Wielkiej Nocy Zmartwychwstania. Nawet, je\u017celi w niekt\u00f3rych naszych [&hellip;]\" \/>\n<meta property=\"og:url\" content=\"https:\/\/gaudiumetspes-blog.pl\/index.php\/2021\/04\/03\/wielka-sobota\/\" \/>\n<meta property=\"og:site_name\" content=\"Gaudium Et Spes\" \/>\n<meta property=\"article:published_time\" content=\"2021-04-03T03:41:10+00:00\" \/>\n<meta property=\"article:modified_time\" content=\"2021-04-03T05:08:12+00:00\" \/>\n<meta name=\"author\" content=\"Ks. Jacek\" \/>\n<meta name=\"twitter:card\" content=\"summary_large_image\" \/>\n<meta name=\"twitter:label1\" content=\"Napisane przez\" \/>\n\t<meta name=\"twitter:data1\" content=\"Ks. Jacek\" \/>\n\t<meta name=\"twitter:label2\" content=\"Szacowany czas czytania\" \/>\n\t<meta name=\"twitter:data2\" content=\"3 minuty\" \/>\n<script type=\"application\/ld+json\" class=\"yoast-schema-graph\">{\"@context\":\"https:\/\/schema.org\",\"@graph\":[{\"@type\":\"WebPage\",\"@id\":\"https:\/\/gaudiumetspes-blog.pl\/index.php\/2021\/04\/03\/wielka-sobota\/\",\"url\":\"https:\/\/gaudiumetspes-blog.pl\/index.php\/2021\/04\/03\/wielka-sobota\/\",\"name\":\"Wielka Sobota - Gaudium Et Spes\",\"isPartOf\":{\"@id\":\"https:\/\/gaudiumetspes-blog.pl\/#website\"},\"datePublished\":\"2021-04-03T03:41:10+00:00\",\"dateModified\":\"2021-04-03T05:08:12+00:00\",\"author\":{\"@id\":\"https:\/\/gaudiumetspes-blog.pl\/#\/schema\/person\/1661982992b752dea8dff0d4ed845a65\"},\"breadcrumb\":{\"@id\":\"https:\/\/gaudiumetspes-blog.pl\/index.php\/2021\/04\/03\/wielka-sobota\/#breadcrumb\"},\"inLanguage\":\"pl-PL\",\"potentialAction\":[{\"@type\":\"ReadAction\",\"target\":[\"https:\/\/gaudiumetspes-blog.pl\/index.php\/2021\/04\/03\/wielka-sobota\/\"]}]},{\"@type\":\"BreadcrumbList\",\"@id\":\"https:\/\/gaudiumetspes-blog.pl\/index.php\/2021\/04\/03\/wielka-sobota\/#breadcrumb\",\"itemListElement\":[{\"@type\":\"ListItem\",\"position\":1,\"name\":\"Strona g\u0142\u00f3wna\",\"item\":\"https:\/\/gaudiumetspes-blog.pl\/\"},{\"@type\":\"ListItem\",\"position\":2,\"name\":\"Wielka Sobota\"}]},{\"@type\":\"WebSite\",\"@id\":\"https:\/\/gaudiumetspes-blog.pl\/#website\",\"url\":\"https:\/\/gaudiumetspes-blog.pl\/\",\"name\":\"Gaudium Et Spes\",\"description\":\"Blog Ks. Jacka Ja\u015bkowskiego\",\"potentialAction\":[{\"@type\":\"SearchAction\",\"target\":{\"@type\":\"EntryPoint\",\"urlTemplate\":\"https:\/\/gaudiumetspes-blog.pl\/?s={search_term_string}\"},\"query-input\":{\"@type\":\"PropertyValueSpecification\",\"valueRequired\":true,\"valueName\":\"search_term_string\"}}],\"inLanguage\":\"pl-PL\"},{\"@type\":\"Person\",\"@id\":\"https:\/\/gaudiumetspes-blog.pl\/#\/schema\/person\/1661982992b752dea8dff0d4ed845a65\",\"name\":\"Ks. Jacek\",\"image\":{\"@type\":\"ImageObject\",\"inLanguage\":\"pl-PL\",\"@id\":\"https:\/\/gaudiumetspes-blog.pl\/#\/schema\/person\/image\/\",\"url\":\"https:\/\/gaudiumetspes-blog.pl\/wp-content\/uploads\/2019\/07\/avatar-JJ-150x150.jpg\",\"contentUrl\":\"https:\/\/gaudiumetspes-blog.pl\/wp-content\/uploads\/2019\/07\/avatar-JJ-150x150.jpg\",\"caption\":\"Ks. Jacek\"},\"description\":\"Witam serdecznie! K\u0142ania si\u0119 Ks. Jacek Ja\u015bkowski. Nie jestem ani kim\u015b wa\u017cnym, ani kim\u015b znanym. Jestem ksi\u0119dzem, kt\u00f3ry po prostu chce rozmawia\u0107. Codzienna kap\u0142a\u0144ska pos\u0142uga pokazuje mi, \u017ce temat\u00f3w do rozm\u00f3w z ksi\u0119dzem jest coraz wi\u0119cej i dzisiaj \u017caden ksi\u0105dz nie mo\u017ce od nich ucieka\u0107, ale - wprost przeciwnie - podejmowa\u0107 nowe wyzwania. To przekonanie sk\u0142oni\u0142o mnie do pr\u00f3by otwarcia tego\u017c bloga, chocia\u017c okazji do rozm\u00f3w na co dzie\u0144 - w konfesjonale i poza nim - na szcz\u0119\u015bcie nie brakuje. My\u015bl\u0119 jednak, \u017ce ten blog b\u0119dzie jeszcze jednym sposobem i przestrzeni\u0105 nawi\u0105zania kontaktu z lud\u017ami dobrej woli, otwartymi na dialog.\",\"url\":\"https:\/\/gaudiumetspes-blog.pl\/index.php\/author\/ks-jacek\/\"}]}<\/script>\n<!-- \/ Yoast SEO plugin. -->","yoast_head_json":{"title":"Wielka Sobota - Gaudium Et Spes","robots":{"index":"index","follow":"follow","max-snippet":"max-snippet:-1","max-image-preview":"max-image-preview:large","max-video-preview":"max-video-preview:-1"},"canonical":"https:\/\/gaudiumetspes-blog.pl\/index.php\/2021\/04\/03\/wielka-sobota\/","og_locale":"pl_PL","og_type":"article","og_title":"Wielka Sobota - Gaudium Et Spes","og_description":"Wielka Sobota, 3 kwietnia 2021., Niech b\u0119dzie pochwalony Jezus Chrystus! Moi Drodzy, Wielka Sobota nie ma w Mszale \u017cadnej swojej liturgii, tak\u017ce w Lekcjonarzu nie znajdziemy \u017cadnego czytania, przeznaczonego na ten dzie\u0144. To wszystko, co liturgia Ko\u015bcio\u0142a przewidzia\u0142a na dzisiejsz\u0105 noc \u2013 to ju\u017c liturgia niedzielna, liturgia Wielkiej Nocy Zmartwychwstania. Nawet, je\u017celi w niekt\u00f3rych naszych [&hellip;]","og_url":"https:\/\/gaudiumetspes-blog.pl\/index.php\/2021\/04\/03\/wielka-sobota\/","og_site_name":"Gaudium Et Spes","article_published_time":"2021-04-03T03:41:10+00:00","article_modified_time":"2021-04-03T05:08:12+00:00","author":"Ks. Jacek","twitter_card":"summary_large_image","twitter_misc":{"Napisane przez":"Ks. Jacek","Szacowany czas czytania":"3 minuty"},"schema":{"@context":"https:\/\/schema.org","@graph":[{"@type":"WebPage","@id":"https:\/\/gaudiumetspes-blog.pl\/index.php\/2021\/04\/03\/wielka-sobota\/","url":"https:\/\/gaudiumetspes-blog.pl\/index.php\/2021\/04\/03\/wielka-sobota\/","name":"Wielka Sobota - Gaudium Et Spes","isPartOf":{"@id":"https:\/\/gaudiumetspes-blog.pl\/#website"},"datePublished":"2021-04-03T03:41:10+00:00","dateModified":"2021-04-03T05:08:12+00:00","author":{"@id":"https:\/\/gaudiumetspes-blog.pl\/#\/schema\/person\/1661982992b752dea8dff0d4ed845a65"},"breadcrumb":{"@id":"https:\/\/gaudiumetspes-blog.pl\/index.php\/2021\/04\/03\/wielka-sobota\/#breadcrumb"},"inLanguage":"pl-PL","potentialAction":[{"@type":"ReadAction","target":["https:\/\/gaudiumetspes-blog.pl\/index.php\/2021\/04\/03\/wielka-sobota\/"]}]},{"@type":"BreadcrumbList","@id":"https:\/\/gaudiumetspes-blog.pl\/index.php\/2021\/04\/03\/wielka-sobota\/#breadcrumb","itemListElement":[{"@type":"ListItem","position":1,"name":"Strona g\u0142\u00f3wna","item":"https:\/\/gaudiumetspes-blog.pl\/"},{"@type":"ListItem","position":2,"name":"Wielka Sobota"}]},{"@type":"WebSite","@id":"https:\/\/gaudiumetspes-blog.pl\/#website","url":"https:\/\/gaudiumetspes-blog.pl\/","name":"Gaudium Et Spes","description":"Blog Ks. Jacka Ja\u015bkowskiego","potentialAction":[{"@type":"SearchAction","target":{"@type":"EntryPoint","urlTemplate":"https:\/\/gaudiumetspes-blog.pl\/?s={search_term_string}"},"query-input":{"@type":"PropertyValueSpecification","valueRequired":true,"valueName":"search_term_string"}}],"inLanguage":"pl-PL"},{"@type":"Person","@id":"https:\/\/gaudiumetspes-blog.pl\/#\/schema\/person\/1661982992b752dea8dff0d4ed845a65","name":"Ks. Jacek","image":{"@type":"ImageObject","inLanguage":"pl-PL","@id":"https:\/\/gaudiumetspes-blog.pl\/#\/schema\/person\/image\/","url":"https:\/\/gaudiumetspes-blog.pl\/wp-content\/uploads\/2019\/07\/avatar-JJ-150x150.jpg","contentUrl":"https:\/\/gaudiumetspes-blog.pl\/wp-content\/uploads\/2019\/07\/avatar-JJ-150x150.jpg","caption":"Ks. Jacek"},"description":"Witam serdecznie! K\u0142ania si\u0119 Ks. Jacek Ja\u015bkowski. Nie jestem ani kim\u015b wa\u017cnym, ani kim\u015b znanym. Jestem ksi\u0119dzem, kt\u00f3ry po prostu chce rozmawia\u0107. Codzienna kap\u0142a\u0144ska pos\u0142uga pokazuje mi, \u017ce temat\u00f3w do rozm\u00f3w z ksi\u0119dzem jest coraz wi\u0119cej i dzisiaj \u017caden ksi\u0105dz nie mo\u017ce od nich ucieka\u0107, ale - wprost przeciwnie - podejmowa\u0107 nowe wyzwania. To przekonanie sk\u0142oni\u0142o mnie do pr\u00f3by otwarcia tego\u017c bloga, chocia\u017c okazji do rozm\u00f3w na co dzie\u0144 - w konfesjonale i poza nim - na szcz\u0119\u015bcie nie brakuje. My\u015bl\u0119 jednak, \u017ce ten blog b\u0119dzie jeszcze jednym sposobem i przestrzeni\u0105 nawi\u0105zania kontaktu z lud\u017ami dobrej woli, otwartymi na dialog.","url":"https:\/\/gaudiumetspes-blog.pl\/index.php\/author\/ks-jacek\/"}]}},"jetpack_featured_media_url":"","jetpack_sharing_enabled":true,"_links":{"self":[{"href":"https:\/\/gaudiumetspes-blog.pl\/index.php\/wp-json\/wp\/v2\/posts\/18770","targetHints":{"allow":["GET"]}}],"collection":[{"href":"https:\/\/gaudiumetspes-blog.pl\/index.php\/wp-json\/wp\/v2\/posts"}],"about":[{"href":"https:\/\/gaudiumetspes-blog.pl\/index.php\/wp-json\/wp\/v2\/types\/post"}],"author":[{"embeddable":true,"href":"https:\/\/gaudiumetspes-blog.pl\/index.php\/wp-json\/wp\/v2\/users\/1"}],"replies":[{"embeddable":true,"href":"https:\/\/gaudiumetspes-blog.pl\/index.php\/wp-json\/wp\/v2\/comments?post=18770"}],"version-history":[{"count":3,"href":"https:\/\/gaudiumetspes-blog.pl\/index.php\/wp-json\/wp\/v2\/posts\/18770\/revisions"}],"predecessor-version":[{"id":18773,"href":"https:\/\/gaudiumetspes-blog.pl\/index.php\/wp-json\/wp\/v2\/posts\/18770\/revisions\/18773"}],"wp:attachment":[{"href":"https:\/\/gaudiumetspes-blog.pl\/index.php\/wp-json\/wp\/v2\/media?parent=18770"}],"wp:term":[{"taxonomy":"category","embeddable":true,"href":"https:\/\/gaudiumetspes-blog.pl\/index.php\/wp-json\/wp\/v2\/categories?post=18770"},{"taxonomy":"post_tag","embeddable":true,"href":"https:\/\/gaudiumetspes-blog.pl\/index.php\/wp-json\/wp\/v2\/tags?post=18770"}],"curies":[{"name":"wp","href":"https:\/\/api.w.org\/{rel}","templated":true}]}}