{"id":18783,"date":"2021-04-07T05:34:08","date_gmt":"2021-04-07T03:34:08","guid":{"rendered":"https:\/\/gaudiumetspes-blog.pl\/?p=18783"},"modified":"2021-04-06T18:42:19","modified_gmt":"2021-04-06T16:42:19","slug":"co-mam-to-ci-daje-2","status":"publish","type":"post","link":"https:\/\/gaudiumetspes-blog.pl\/index.php\/2021\/04\/07\/co-mam-to-ci-daje-2\/","title":{"rendered":"Co mam, to Ci daj\u0119&#8230;"},"content":{"rendered":"<p align=\"justify\"><span style=\"color: #000000;\"><span style=\"font-family: Book Antiqua, serif;\"><span style=\"font-size: large;\">Szcz\u0119\u015b\u0107 Bo\u017ce! Moi Drodzy, w dniu dzisiejszym <b>urodziny prze\u017cywa Siostra Aldona Deczewska, Franciszkanka Misjonarka Maryi, obecnie kieruj\u0105ca jednym z dom\u00f3w pomocy spo\u0142ecznej na Opolszczy\u017anie. Dzi\u0119kuj\u0105c za nasz\u0105 wieloletni\u0105 znajomo\u015b\u0107, \u017cycz\u0119 mocy i wszelkich \u015bwiate\u0142 z Nieba do pe\u0142nienia tak pi\u0119knej, ale tak trudnej pos\u0142ugi. Wspieram modlitw\u0105!<\/b><\/span><\/span><\/span><\/p>\n<p align=\"justify\"><span style=\"color: #000000;\"><span style=\"font-family: Book Antiqua, serif;\"><span style=\"font-size: large;\">I ju\u017c zapraszam do pochylenia si\u0119 nad Bo\u017cym s\u0142owem dzisiejszej liturgii. Co Pan konkretnie do mnie m\u00f3wi \u2013 w\u0142a\u015bnie przez to S\u0142owo, kt\u00f3re dotyczy\u2026 s\u0142uchania S\u0142owa! <b>Co Pan do mnie konkretnie m\u00f3wi?<\/b> Duchu \u015awi\u0119ty, pom\u00f3\u017c ws\u0142ucha\u0107 si\u0119 i odkry\u0107 to wa\u017cne przes\u0142anie.<\/span><\/span><\/span><\/p>\n<p align=\"justify\"><span style=\"color: #000000;\"><span style=\"font-family: Book Antiqua, serif;\"><span style=\"font-size: large;\"><b>Niech Was b\u0142ogos\u0142awi B\u00f3g Wszechmog\u0105cy: Ojciec + i Syn, i Duch \u015awi\u0119ty. Amen<\/b><\/span><\/span><\/span><\/p>\n<p align=\"center\"><span style=\"color: #000000;\"><span style=\"font-family: Book Antiqua, serif;\"><span style=\"font-size: large;\">Gaudium et spes! Ks. Jacek<\/span><\/span><\/span><\/p>\n<p align=\"center\">\n<p align=\"center\">\n<p align=\"center\">\n<p align=\"center\">\n<p align=\"center\">\n<p align=\"justify\"><span style=\"color: #000000;\"><span style=\"font-family: Book Antiqua, serif;\"><span style=\"font-size: large;\"><b>\u015aroda w Oktawie Wielkanocy,<\/b><\/span><\/span><\/span><\/p>\n<p align=\"justify\"><span style=\"color: #000000;\"><span style=\"font-family: Book Antiqua, serif;\"><span style=\"font-size: large;\"><b>7 kwietnia 2021.,<\/b><\/span><\/span><\/span><\/p>\n<p align=\"justify\"><span style=\"color: #000000;\"><span style=\"font-family: Book Antiqua, serif;\"><span style=\"font-size: large;\"><b>do czyta\u0144: Dz 3,1\u201310; \u0141k 24,13\u201335<\/b><\/span><\/span><\/span><\/p>\n<p align=\"justify\">\n<p align=\"justify\">\n<p align=\"justify\">\n<p align=\"justify\">\n<p align=\"justify\">\n<p align=\"justify\"><span style=\"color: #000000;\"><span style=\"font-family: Book Antiqua, serif;\"><span style=\"font-size: large;\"><b>CZYTANIE Z DZIEJ\u00d3W APOSTOLSKICH: <\/b><\/span><\/span><\/span><\/p>\n<p align=\"justify\"><span style=\"color: #000000;\"><span style=\"font-family: Book Antiqua, serif;\"><span style=\"font-size: large;\"><b>Gdy Piotr i Jan wchodzili do \u015bwi\u0105tyni na modlitw\u0119 o godzinie dziewi\u0105tej, wnoszono w\u0142a\u015bnie pewnego cz\u0142owieka, chromego od urodzenia. K\u0142adziono go codziennie przy bramie \u015bwi\u0105tyni, zwanej Pi\u0119kn\u0105, aby wst\u0119puj\u0105cych do \u015bwi\u0105tyni prosi\u0142 o ja\u0142mu\u017cn\u0119. Ten, zobaczywszy Piotra i Jana, gdy mieli wej\u015b\u0107 do \u015bwi\u0105tyni, prosi\u0142 ich o ja\u0142mu\u017cn\u0119. <\/b><\/span><\/span><\/span><\/p>\n<p align=\"justify\"><span style=\"color: #000000;\"><span style=\"font-family: Book Antiqua, serif;\"><span style=\"font-size: large;\"><b>Lecz Piotr wraz z Janem przypatrzywszy mu si\u0119 powiedzieli: \u201eSp\u00f3jrz na nas\u201d. A on patrzy\u0142 na nich, oczekuj\u0105c od nich ja\u0142mu\u017cny. Piotr powiedzia\u0142: \u201eNie mam srebra ani z\u0142ota, ale co mam, to ci daj\u0119: W imi\u0119 Jezusa Chrystusa Nazarejczyka, chod\u017a!\u201d I uj\u0105wszy go za praw\u0105 r\u0119k\u0119, podni\u00f3s\u0142 go. Natychmiast te\u017c odzyska\u0142 w\u0142adz\u0119 w nogach i stopach. Zerwa\u0142 si\u0119 i stan\u0105\u0142 na nogach, skacz\u0105c i wielbi\u0105c Boga. <\/b><\/span><\/span><\/span><\/p>\n<p align=\"justify\"><span style=\"color: #000000;\"><span style=\"font-family: Book Antiqua, serif;\"><span style=\"font-size: large;\"><b>A ca\u0142y lud zobaczy\u0142 go chodz\u0105cego i chwal\u0105cego Boga. I rozpoznawali w nim tego cz\u0142owieka, kt\u00f3ry siada\u0142 przy Pi\u0119knej Bramie \u015bwi\u0105tyni, aby \u017cebra\u0107, i ogarn\u0119\u0142o ich zdumienie i zachwyt z powodu tego, co go spotka\u0142o.<\/b><\/span><\/span><\/span><\/p>\n<p align=\"justify\">\n<p align=\"justify\">\n<p align=\"justify\">\n<p align=\"justify\">\n<p align=\"justify\">\n<p align=\"justify\"><span style=\"color: #000000;\"><span style=\"font-family: Book Antiqua, serif;\"><span style=\"font-size: large;\"><b>S\u0141OWA EWANGELII WED\u0141UG \u015aWI\u0118TEGO \u0141UKASZA: <\/b><\/span><\/span><\/span><\/p>\n<p align=\"justify\"><span style=\"color: #000000;\"><span style=\"font-family: Book Antiqua, serif;\"><span style=\"font-size: large;\"><b>W pierwszy dzie\u0144 tygodnia dwaj uczniowie Jezusa byli w drodze do wsi, zwanej Emaus, oddalonej sze\u015b\u0107dziesi\u0105t stadi\u00f3w od Jerozolimy. Rozmawiali oni ze sob\u0105 o tym wszystkim, co si\u0119 wydarzy\u0142o. Gdy tak rozmawiali i rozprawiali ze sob\u0105, sam Jezus przybli\u017cy\u0142 si\u0119 i szed\u0142 z nimi. Lecz oczy ich by\u0142y niejako na uwi\u0119zi, tak \u017ce Go nie poznali. <\/b><\/span><\/span><\/span><\/p>\n<p align=\"justify\"><span style=\"color: #000000;\"><span style=\"font-family: Book Antiqua, serif;\"><span style=\"font-size: large;\"><b>On za\u015b ich zapyta\u0142: \u201eC\u00f3\u017c to za rozmowy prowadzicie ze sob\u0105 w drodze?\u201d Zatrzymali si\u0119 smutni. A jeden z nich, imieniem Kleofas, odpowiedzia\u0142 Mu: \u201eTy jeste\u015b chyba jedynym z przebywaj\u0105cych w Jerozolimie, kt\u00f3ry nie wie, co si\u0119 tam w tych dniach sta\u0142o\u201d.<\/b><\/span><\/span><\/span><\/p>\n<p align=\"justify\"><span style=\"color: #000000;\"><span style=\"font-family: Book Antiqua, serif;\"><span style=\"font-size: large;\"><b>Zapyta\u0142 ich: \u201eC\u00f3\u017c takiego?\u201d <\/b><\/span><\/span><\/span><\/p>\n<p align=\"justify\"><span style=\"color: #000000;\"><span style=\"font-family: Book Antiqua, serif;\"><span style=\"font-size: large;\"><b>Odpowiedzieli Mu: \u201eTo, co si\u0119 sta\u0142o z Jezusem z Nazaretu, kt\u00f3ry by\u0142 prorokiem pot\u0119\u017cnym w czynie i s\u0142owie wobec Boga i ca\u0142ego ludu; jak arcykap\u0142ani i nasi przyw\u00f3dcy wydali Go na \u015bmier\u0107 i ukrzy\u017cowali. A my\u015bmy si\u0119 spodziewali, \u017ce w\u0142a\u015bnie On mia\u0142 wyzwoli\u0107 Izraela. Teraz za\u015b po tym wszystkim dzi\u015b ju\u017c trzeci dzie\u0144, jak si\u0119 to sta\u0142o. Co wi\u0119cej, niekt\u00f3re z naszych kobiet przerazi\u0142y nas: By\u0142y rano u grobu, a nie znalaz\u0142szy Jego cia\u0142a, wr\u00f3ci\u0142y i opowiedzia\u0142y, \u017ce mia\u0142y widzenie anio\u0142\u00f3w, kt\u00f3rzy zapewniaj\u0105, i\u017c On \u017cyje. Poszli niekt\u00f3rzy z naszych do grobu i zastali wszystko tak, jak kobiety opowiada\u0142y, ale Jego nie widzieli\u201d. <\/b><\/span><\/span><\/span><\/p>\n<p align=\"justify\"><span style=\"color: #000000;\"><span style=\"font-family: Book Antiqua, serif;\"><span style=\"font-size: large;\"><b>Na to On rzek\u0142 do nich: \u201eO nierozumni, jak nieskore s\u0105 wasze serca do wierzenia we wszystko, co powiedzieli prorocy! Czy\u017c Mesjasz nie mia\u0142 tego cierpie\u0107, aby wej\u015b\u0107 do swej chwa\u0142y?\u201d I zaczynaj\u0105c od Moj\u017cesza poprzez wszystkich prorok\u00f3w wyk\u0142ada\u0142 im, co we wszystkich Pismach odnosi\u0142o si\u0119 do Niego. <\/b><\/span><\/span><\/span><\/p>\n<p align=\"justify\"><span style=\"color: #000000;\"><span style=\"font-family: Book Antiqua, serif;\"><span style=\"font-size: large;\"><b>Tak przybli\u017cyli si\u0119 do wsi, do kt\u00f3rej zd\u0105\u017cali, a On okazywa\u0142, jakoby mia\u0142 i\u015b\u0107 dalej. Lecz przymusili Go, m\u00f3wi\u0105c: \u201eZosta\u0144 z nami, gdy\u017c ma si\u0119 ku wieczorowi i dzie\u0144 si\u0119 ju\u017c nachyli\u0142\u201d. Wszed\u0142 wi\u0119c, aby zosta\u0107 z nimi. Gdy zaj\u0105\u0142 z nimi miejsce u sto\u0142u, wzi\u0105\u0142 chleb, odm\u00f3wi\u0142 b\u0142ogos\u0142awie\u0144stwo, po\u0142ama\u0142 go i dawa\u0142 im. Wtedy otworzy\u0142y si\u0119 im oczy i poznali Go, lecz On znikn\u0105\u0142 im z oczu. I m\u00f3wili nawzajem do siebie: \u201eCzy serce nie pa\u0142a\u0142o w nas, kiedy rozmawia\u0142 z nami w drodze i Pisma nam wyja\u015bnia\u0142?\u201d <\/b><\/span><\/span><\/span><\/p>\n<p align=\"justify\"><span style=\"color: #000000;\"><span style=\"font-family: Book Antiqua, serif;\"><span style=\"font-size: large;\"><b>W tej samej godzinie wybrali si\u0119 i wr\u00f3cili do Jerozolimy. Tam zastali zebranych Jedenastu i innych z nimi, kt\u00f3rzy im oznajmili: \u201ePan rzeczywi\u015bcie zmartwychwsta\u0142 i ukaza\u0142 si\u0119 Szymonowi\u201d. Oni r\u00f3wnie\u017c opowiadali, co ich spotka\u0142o w drodze i jak Go poznali przy \u0142amaniu chleba.<\/b><\/span><\/span><\/span><\/p>\n<p align=\"justify\">\n<p align=\"justify\">\n<p align=\"justify\">\n<p align=\"justify\">\n<p align=\"justify\">\n<p align=\"justify\"><span style=\"color: #000000;\"><span style=\"font-family: Book Antiqua, serif;\"><span style=\"font-size: large;\">Je\u017celi s\u0142yszymy s\u0142owa Piotra, skierowane do chromego: <i><b>Nie mam srebra ani z\u0142ota, ale co mam, to ci daj\u0119: W imi\u0119 Jezusa Chrystusa Nazarejczyka, chod\u017a!,<\/b><\/i><b> <\/b>po czym widzimy, \u017ce chory faktycznie zaczyna chodzi\u0107, to samo wr\u0119cz rodzi si\u0119 pytanie: <b>C\u00f3\u017c takiego mia\u0142 Piotr,<\/b> co m\u00f3g\u0142 chromemu podarowa\u0107, aby ten zacz\u0105\u0142 chodzi\u0107? C\u00f3\u017c takiego? <\/span><\/span><\/span><\/p>\n<p align=\"justify\"><span style=\"color: #000000;\"><span style=\"font-family: Book Antiqua, serif;\"><span style=\"font-size: large;\">Pewnie domy\u015blamy si\u0119, \u017ce lepiej by\u0142oby zapyta\u0107: <b>Kogo\u017c to mia\u0142 Piotr,<\/b> z pomoc\u0105 kt\u00f3rego m\u00f3g\u0142 dokona\u0107 tego, czego dokona\u0142?\u2026 A dok\u0142adniej: Kt\u00f3\u017c tego \u2013 przez osob\u0119 Piotra \u2013 dokona\u0142? <\/span><\/span><\/span><\/p>\n<p align=\"justify\"><span style=\"color: #000000;\"><span style=\"font-family: Book Antiqua, serif;\"><span style=\"font-size: large;\">Oczywi\u015bcie,<b> to<\/b><b> Jezus Chrystus! <\/b>To Jego \u2013 je\u015bli tak mo\u017cna powiedzie\u0107 \u2013 mieli Piotr z Janem. <b>Mieli Go w sercu, <\/b>byli z Nim totalnie zjednoczeni, dysponowali wi\u0119c Jego moc\u0105. Dlatego nie mogli chromemu, prosz\u0105cemu o ja\u0142mu\u017cn\u0119, da\u0107 srebra czy z\u0142ota, bo go <b>akurat <\/b><b>rzeczywi\u015bcie<\/b><b> nie mieli. <\/b>Ale co mieli \u2013 to dali. <\/span><\/span><\/span><\/p>\n<p align=\"justify\"><span style=\"color: #000000;\"><span style=\"font-family: Book Antiqua, serif;\"><span style=\"font-size: large;\">A mieli \u0142ask\u0119 Jezusa, Jego uzdrawiaj\u0105c\u0105 moc! Dali choremu cz\u0142owiekowi sprawne nogi, dzi\u0119ki czemu nie tylko m\u00f3g\u0142 on chodzi\u0107. Jak s\u0142yszymy dzisiaj, cz\u0142owiek ten wr\u0119cz <i><b>zerwa\u0142 si\u0119 i stan\u0105\u0142 na nogach, skacz\u0105c i wielbi\u0105c Boga. <\/b><\/i>Jest to o tyle niezwyk\u0142e, \u017ce Autor Dziej\u00f3w Apostolskich wyra\u017anie informuje nas, i\u017c <b>by\u0142 on <\/b><b>\u00ab<\/b><b>chromy od urodzenia<\/b><b>\u00bb<\/b><b>. <\/b>Nie umia\u0142 zatem w og\u00f3le chodzi\u0107, dlatego bardziej nastawialiby\u015bmy si\u0119 na to, \u017ce kiedy zostanie uzdrowiony, wtedy dopiero <b>kto\u015b \u017cyczliwy poda mu r\u0119k\u0119,<\/b> podniesie go, <b>zacznie go uczy\u0107 pierwszych krok\u00f3w<\/b> \u2013 najpierw bardzo ostro\u017cnie, potem \u015bmielej, krok za krokiem, potem coraz sprawniej\u2026 <\/span><\/span><\/span><\/p>\n<p align=\"justify\"><span style=\"color: #000000;\"><span style=\"font-family: Book Antiqua, serif;\"><span style=\"font-size: large;\">A tymczasem \u2013 nie! On w tym momencie <i><b>zerwa\u0142 si\u0119 i stan\u0105\u0142 na nogach, skacz\u0105c i wielbi\u0105c Boga.<\/b><\/i><b> <\/b>Tak radykalne by\u0142o uzdrowienie, kt\u00f3rego dost\u0105pi\u0142. Tak mocny znak zosta\u0142 mu dany. <b>Tak wielkiego mi\u0142osierdzia Boga do\u015bwiadczy\u0142,<\/b> o czym jasno powiedzia\u0142 nam dzisiaj Autor natchniony. Musimy sobie jednak zda\u0107 spraw\u0119 z tego, \u017ce nie powiedzia\u0142 nam o wszystkim. <\/span><\/span><\/span><\/p>\n<p align=\"justify\"><span style=\"color: #000000;\"><span style=\"font-family: Book Antiqua, serif;\"><span style=\"font-size: large;\">Choroba bowiem, z kt\u00f3r\u0105 mamy tu do czynienia, nie tylko nie pozwala\u0142a dotkni\u0119temu ni\u0105 cz\u0142owiekowi swobodnie si\u0119 porusza\u0107, ale te\u017c<b> odbiera\u0142a mu prawo wej\u015bcia do \u015bwi\u0105tyni.<\/b> Jako rytualnie nieczysty, m\u00f3g\u0142 on jedynie zatrzyma\u0107 si\u0119 <b>przy bramie, <\/b>by wchodz\u0105cych prosi\u0107 o ja\u0142mu\u017cn\u0119. I tam w\u0142a\u015bnie go dzisiaj przyniesiono, tam go zostawiono, bo <b>nigdzie dalej nie wolno go by\u0142o wnie\u015b\u0107.<\/b> Kiedy jednak z r\u0119ki Aposto\u0142\u00f3w \u2013 zamiast srebra i z\u0142ota \u2013 otrzyma\u0142 \u0142ask\u0119 uzdrowienia, m\u00f3g\u0142 ju\u017c razem z nimi i innymi, sprawnymi lud\u017ami, <b>wej\u015b\u0107 do \u015brodka, aby tam wielbi\u0107 Boga.<\/b> <\/span><\/span><\/span><\/p>\n<p align=\"justify\"><span style=\"color: #000000;\"><span style=\"font-family: Book Antiqua, serif;\"><span style=\"font-size: large;\">Mo\u017cemy zatem m\u00f3wi\u0107 o jakiej\u015b formie <b>przywr\u00f3cenia owego cz\u0142owieka do \u017cycia<\/b> \u2013 do \u017cycia w spo\u0142eczno\u015bci swego narodu, do niezale\u017cnego <b>bytowania w\u015br\u00f3d ludzi,<\/b> bez konieczno\u015bci zdawania si\u0119 na ich \u0142ask\u0119 i nie\u0142ask\u0119\u2026 Mamy wi\u0119c do czynienia z uzdrowieniem fizycznym, za czym posz\u0142o uzdrowienie z \u201eniemocy spo\u0142ecznej\u201d, <b>ze spo\u0142ecznego wykluczenia. <\/b>Tyle Piotr i Jan mieli do zaoferowania. Ca\u0142kiem sporo, prawda?\u2026 <\/span><\/span><\/span><\/p>\n<p align=\"justify\"><span style=\"color: #000000;\"><span style=\"font-family: Book Antiqua, serif;\"><span style=\"font-size: large;\">W tym kontek\u015bcie odczytujemy wydarzenie ewangeliczne \u2013 bardzo nam dobrze znane \u00abwydarzenie Emaus\u00bb. Oto uczniowie s\u0105 <b>w drodze \u2013 z Jerozolimy\u2026<\/b> Mo\u017cna chyba m\u00f3wi\u0107 <b>o ucieczce z feralnego miasta,<\/b> w kt\u00f3rym dopiero co zawali\u0142o si\u0119 im wszystko, w co wierzyli, co sobie w sercach jako\u015b zacz\u0119li uk\u0142ada\u0107\u2026 <\/span><\/span><\/span><\/p>\n<p align=\"justify\"><span style=\"color: #000000;\"><span style=\"font-family: Book Antiqua, serif;\"><span style=\"font-size: large;\">Szli wi\u0119c do wioski, oddalonej jedena\u015bcie kilometr\u00f3w od Jerozolimy \u2013 nie wiemy nawet, po co\u2026 <b>Mo\u017ce na zasadzie \u2013 \u201edok\u0105d oczy ponios\u0105\u201d,<\/b> oby jak najdalej?\u2026 A mo\u017ce mieli zaplanowane spotkanie z kim\u015b?\u2026 Nie wiemy. <\/span><\/span><\/span><\/p>\n<p align=\"justify\"><span style=\"color: #000000;\"><span style=\"font-family: Book Antiqua, serif;\"><span style=\"font-size: large;\">Wiemy, \u017ce w tej drodze <b>kto\u015b do nich do\u0142\u0105czy\u0142\u2026<\/b> A oni Go nie poznali, co wcale nie przeszkodzi\u0142o im w\u0142\u0105czy\u0107 Go w swoj\u0105 gor\u0105c\u0105 i \u017cywio\u0142ow\u0105 dysput\u0119. A \u017ce On <b>da\u0142 si\u0119 w ni\u0105 wci\u0105gn\u0105\u0107,<\/b> wi\u0119c sprawy potoczy\u0142y si\u0119 ju\u017c bardzo szybko: oni wyrzucili z siebie <b>ca\u0142y sw\u00f3j b\u00f3l i rozczarowanie,<\/b> a On \u2013 w do\u015b\u0107 mocnych, przyznajmy, s\u0142owach \u2013 pr\u00f3bowa\u0142 wybudzi\u0107 ich z tego duchowego letargu, m\u00f3wi\u0105c: <i><b>O nierozumni, jak nieskore s\u0105 wasze serca do wierzenia we wszystko, co powiedzieli prorocy!<\/b><\/i><b> <\/b>W innym t\u0142umaczeniu znajdujemy tu s\u0142owa: <i><b>O nierozumni i leniwi w sercu!<\/b><\/i> <\/span><\/span><\/span><\/p>\n<p align=\"justify\"><span style=\"color: #000000;\"><span style=\"font-family: Book Antiqua, serif;\"><span style=\"font-size: large;\">Mogli si\u0119 na Niego za to obrazi\u0107, mogli ju\u017c z Nim dalej nie i\u015b\u0107, oni jednak poszli i <b>uwa\u017cnie wys\u0142uchali wyk\u0142adu z historii zbawienia<\/b> \u2013 z Pism prorockich, w kt\u00f3rych to wszystko, co akurat si\u0119 dokona\u0142o w Jerozolimie, by\u0142o tak szczeg\u00f3\u0142owo zapowiedziane! Co by nie m\u00f3wi\u0107, <b>trzeba im wyrazi\u0107 uznanie,<\/b> \u017ce nie zrezygnowali z tej rozmowy, \u017ce cierpliwie do ko\u0144ca wys\u0142uchali i cho\u0107 nie rozpoznali Rozm\u00f3wcy, to jednak <b>ludzki odruch serca<\/b> kaza\u0142 im zatrzyma\u0107 Go na nocleg w miejscu, do kt\u00f3rego doszli. <\/span><\/span><\/span><\/p>\n<p align=\"justify\"><span style=\"color: #000000;\"><span style=\"font-family: Book Antiqua, serif;\"><span style=\"font-size: large;\">Kiedy tajemniczy W\u0119drowiec <i><b>okazywa\u0142, jakoby mia\u0142 i\u015b\u0107 dalej,<\/b><\/i><i> <\/i>oni wr\u0119cz <i><b>przymusili Go, m\u00f3wi\u0105c: \u201eZosta\u0144 z nami, gdy\u017c ma si\u0119 ku wieczorowi i dzie\u0144 si\u0119 ju\u017c nachyli\u0142\u201d.<\/b><\/i><b> <\/b>Zosta\u0142. D\u0142ugo nie kaza\u0142 si\u0119 prosi\u0107. <\/span><\/span><\/span><\/p>\n<p align=\"justify\"><span style=\"color: #000000;\"><span style=\"font-family: Book Antiqua, serif;\"><span style=\"font-size: large;\">Zosta\u0142, a kiedy zasiedli do sto\u0142u, to z Go\u015bcia sta\u0142 si\u0119 jakby Gospodarzem spotkania, bo <i><b>wzi\u0105\u0142 chleb, odm\u00f3wi\u0142 b\u0142ogos\u0142awie\u0144stwo, po\u0142ama\u0142 go i dawa\u0142 im. <\/b><\/i>Wtedy co\u015b si\u0119 w ich g\u0142owach odblokowa\u0142o, co\u015b zacz\u0119li kojarzy\u0107, ten gest ju\u017c gdzie\u015b widzieli\u2026 I to ca\u0142kiem niedawno\u2026 <\/span><\/span><\/span><\/p>\n<p align=\"justify\"><span style=\"color: #000000;\"><span style=\"font-family: Book Antiqua, serif;\"><span style=\"font-size: large;\">Tak, <b>wszystko sta\u0142o si\u0119 jasne! <\/b>Teraz ju\u017c wiedzieli, kto z nimi by\u0142. Ale On w\u0142a\u015bnie w tym momencie \u2013 po prostu im znikn\u0105\u0142\u2026 Zrozumieli, poznali \u2013 <b>tak, to przecie\u017c Jezus.<\/b> Jaki\u015b inny, tajemniczy, trudny do rozpoznania\u2026 Przybici wydarzeniami Wielkiego Pi\u0105tku, <b>nie byli przygotowani<\/b> na to, \u017ce mog\u0105 spotka\u0107 Go \u017cywego. Zapomnieli o tym, \u017ce przecie\u017c <b>zapowiada\u0142 swoje zmartwychwstanie.<\/b> <\/span><\/span><\/span><\/p>\n<p align=\"justify\"><span style=\"color: #000000;\"><span style=\"font-family: Book Antiqua, serif;\"><span style=\"font-size: large;\">A poza tym, Jego cia\u0142o po Zmartwychwstaniu by\u0142o ju\u017c w jaki\u015b spos\u00f3b inne, by\u0142o cia\u0142em uwielbionym, dlatego nie tylko oni <b>mieli problem z rozpoznaniem swego Mistrza<\/b> \u2013 chocia\u017c przez trzy lata na krok Go nie odst\u0119powali. Dzisiaj jednak nie rozpoznali Go \u2013 i to przez tak d\u0142ugi czas! Sami nie mogli poj\u0105\u0107 w\u0142asnego ot\u0119pienia umys\u0142u, co wyrazili w s\u0142owach: <i><b>Czy serce nie pa\u0142a\u0142o w nas, kiedy rozmawia\u0142 z nami w drodze i Pisma nam wyja\u015bnia\u0142? <\/b><\/i><\/span><\/span><\/span><\/p>\n<p align=\"justify\"><span style=\"color: #000000;\"><span style=\"font-family: Book Antiqua, serif;\"><span style=\"font-size: large;\">Tak d\u0142ugo w\u0119drowali razem, ale dopiero po ge\u015bcie \u0142amania chleba Go rozpoznali. Dobrze, \u017ce chocia\u017c wtedy\u2026 Byli z Jezusem w drodze \u2013 <b>w og\u00f3le nie b\u0119d\u0105c tego \u015bwiadomymi!<\/b> Nie wiedzieli, \u017ce maj\u0105 Go przy sobie, \u017ce jest tak blisko\u2026 I \u017ce uczestnicz\u0105 w wydarzeniu, w kt\u00f3rym my dzisiaj rozpoznajemy <b>kolejne elementy Mszy \u015awi\u0119tej.<\/b> Najpierw liturgia S\u0142owa, bardzo bogata, bo obejmuj\u0105ca <b>wszystkie<\/b> Pisma prorockie, zapowiadaj\u0105ce wydarzenie Kalwarii. Tak to zosta\u0142o dzisiaj zrelacjonowane, \u017ce tajemniczy W\u0119drowiec, <i><b>zaczynaj\u0105c od Moj\u017cesza poprzez wszystkich prorok\u00f3w wyk\u0142ada\u0142 im, co we wszystkich Pismach odnosi\u0142o si\u0119 do Niego.<\/b><\/i><b> <\/b>D\u0142uga liturgia S\u0142owa\u2026 A potem \u2013 <b>liturgia eucharystyczna. <\/b><\/span><\/span><\/span><\/p>\n<p align=\"justify\"><span style=\"color: #000000;\"><span style=\"font-family: Book Antiqua, serif;\"><span style=\"font-size: large;\">Moi Drodzy, s\u0142uchaj\u0105c obu historii, opowiedzianych nam w dzisiejszych czytaniach, mo\u017cemy wyprowadzi\u0107 dla siebie wa\u017cne wnioski. Oto <b>Jezus jest z nami w drodze <\/b>\u2013 w naszej drodze przez \u017cycie. Towarzyszy nam, chce do nas m\u00f3wi\u0107, chce nam <b>dawa\u0107 swoje Cia\u0142o i Krew w Eucharystii. <\/b>Ale w nas cz\u0119sto <b>serce nie pa\u0142a<\/b> na Jego blisko\u015b\u0107, bo \u2013 niestety \u2013 nieraz jest to <b>serce leniwe, nieskore do wierzenia <\/b>we wszystko, co Pan do nas m\u00f3wi. Dlatego Go nie rozpoznajemy, nie dostrzegamy, a przez to nie doceniamy Jego obecno\u015bci. <\/span><\/span><\/span><\/p>\n<p align=\"justify\"><span style=\"color: #000000;\"><span style=\"font-family: Book Antiqua, serif;\"><span style=\"font-size: large;\">Kiedy j\u0105 jednak <b>dostrze\u017cemy i docenimy,<\/b> ale te\u017c b\u0119dziemy j\u0105 \u201ewykorzystywa\u0107\u201d w naszym codziennym pielgrzymowaniu, czyli obecno\u015b\u0107 Jezusa b\u0119dzie nas wewn\u0119trznie ubogaca\u0107, wtedy i my b\u0119dziemy mogli <b>ubogaca\u0107 innych Jezusem i Jego darami.<\/b> Trzeba jednak, aby\u015bmy Go naprawd\u0119 dostrzegali w naszym \u017cyciu \u2013 szczeg\u00f3lnie <b>w ka\u017cdej Mszy \u015awi\u0119tej. <\/b><\/span><\/span><\/span><\/p>\n<p align=\"justify\"><span style=\"color: #000000;\"><span style=\"font-family: Book Antiqua, serif;\"><span style=\"font-size: large;\">To si\u0119 wydaje oczywiste i poza wszelk\u0105 dyskusj\u0105, a przecie\u017c wiemy, \u017ce tak cz\u0119sto jeste\u015bmy na Mszy \u015awi\u0119tej \u2013 nawet j\u0105 sprawujemy jako kap\u0142ani \u2013 a <b>wcale nie dostrzegamy obecno\u015bci Jezusa\u2026<\/b> Ani <b>serce w nas nie pa\u0142a,<\/b> kiedy On do nas m\u00f3wi, ani Jego eucharystyczna obecno\u015b\u0107 nie wp\u0142ywa jako\u015b szczeg\u00f3lnie na nasze \u017cycie\u2026 <\/span><\/span><\/span><\/p>\n<p align=\"justify\"><span style=\"color: #000000;\"><span style=\"font-family: Book Antiqua, serif;\"><span style=\"font-size: large;\">Mo\u017ce po tych \u015awi\u0119tach warto co\u015b z tym zrobi\u0107?\u2026 Mo\u017ce czas najwy\u017cszy rozpozna\u0107 i doceni\u0107 <b>realn\u0105 obecno\u015b\u0107 Jezusa w naszym \u017cyciu \u2013 w S\u0142owie i w Eucharystii, <\/b>gdzie ta obecno\u015b\u0107 jest w\u0142a\u015bnie najbardziej realna?\u2026 I mo\u017ce warto cz\u0119\u015bciej powtarza\u0107 za Piotrem i Janem ich s\u0142owa, wypowiedziane do chromego, aby z tymi samymi s\u0142owami wychodzi\u0107 do ludzi z naszego otoczenia: <i><b>Nie mam srebra ani z\u0142ota, ale co mam, to ci daj\u0119.<\/b><\/i><b> <\/b>Daj\u0119 Ci <b>Jezusa<\/b> \u2013 w Jego s\u0142owie, w Jego znakach\u2026 Daj\u0119 Ci Jezusa \u2013 <b>w mojej postawie,<\/b> kt\u00f3ra jest \u015bwiadectwem tego, \u017ce On prawdziwie zmartwychwsta\u0142! <\/span><\/span><\/span><\/p>\n<p align=\"justify\"><span style=\"color: #000000;\"><span style=\"font-family: Book Antiqua, serif;\"><span style=\"font-size: large;\">Czy gdyby Jego wyznawcy w taki w\u0142a\u015bnie spos\u00f3b nawzajem si\u0119 obdarowywali \u2013 \u015bwiat nie by\u0142by lepszy?\u2026 Czy je\u017celi ja<b> zacz<\/b><b>n\u0119<\/b><b> od dzisiaj tak w\u0142a\u015bnie post\u0119powa\u0107<\/b> i obdarowywa\u0107 innych \u2013 \u015bwiat wok\u00f3\u0142 mnie nie stanie si\u0119 lepszy?\u2026<\/span><\/span><\/span><\/p>\n","protected":false},"excerpt":{"rendered":"<p>Szcz\u0119\u015b\u0107 Bo\u017ce! Moi Drodzy, w dniu dzisiejszym urodziny prze\u017cywa Siostra Aldona Deczewska, Franciszkanka Misjonarka Maryi, obecnie kieruj\u0105ca jednym z dom\u00f3w pomocy spo\u0142ecznej na Opolszczy\u017anie. Dzi\u0119kuj\u0105c za nasz\u0105 wieloletni\u0105 znajomo\u015b\u0107, \u017cycz\u0119 mocy i wszelkich \u015bwiate\u0142 z Nieba do pe\u0142nienia tak pi\u0119knej, ale tak trudnej pos\u0142ugi. Wspieram modlitw\u0105! I ju\u017c zapraszam do pochylenia si\u0119 nad Bo\u017cym s\u0142owem [&hellip;]<\/p>\n","protected":false},"author":1,"featured_media":0,"comment_status":"open","ping_status":"open","sticky":false,"template":"","format":"standard","meta":{"jetpack_post_was_ever_published":false,"_jetpack_newsletter_access":"","_jetpack_dont_email_post_to_subs":false,"_jetpack_newsletter_tier_id":0,"_jetpack_memberships_contains_paywalled_content":false,"_jetpack_memberships_contains_paid_content":false,"footnotes":""},"categories":[1],"tags":[],"class_list":["post-18783","post","type-post","status-publish","format-standard","hentry","category-bez-kategorii"],"yoast_head":"<!-- This site is optimized with the Yoast SEO plugin v25.1 - https:\/\/yoast.com\/wordpress\/plugins\/seo\/ -->\n<title>Co mam, to Ci daj\u0119... - Gaudium Et Spes<\/title>\n<meta name=\"robots\" content=\"index, follow, max-snippet:-1, max-image-preview:large, max-video-preview:-1\" \/>\n<link rel=\"canonical\" href=\"https:\/\/gaudiumetspes-blog.pl\/index.php\/2021\/04\/07\/co-mam-to-ci-daje-2\/\" \/>\n<meta property=\"og:locale\" content=\"pl_PL\" \/>\n<meta property=\"og:type\" content=\"article\" \/>\n<meta property=\"og:title\" content=\"Co mam, to Ci daj\u0119... - Gaudium Et Spes\" \/>\n<meta property=\"og:description\" content=\"Szcz\u0119\u015b\u0107 Bo\u017ce! Moi Drodzy, w dniu dzisiejszym urodziny prze\u017cywa Siostra Aldona Deczewska, Franciszkanka Misjonarka Maryi, obecnie kieruj\u0105ca jednym z dom\u00f3w pomocy spo\u0142ecznej na Opolszczy\u017anie. Dzi\u0119kuj\u0105c za nasz\u0105 wieloletni\u0105 znajomo\u015b\u0107, \u017cycz\u0119 mocy i wszelkich \u015bwiate\u0142 z Nieba do pe\u0142nienia tak pi\u0119knej, ale tak trudnej pos\u0142ugi. Wspieram modlitw\u0105! I ju\u017c zapraszam do pochylenia si\u0119 nad Bo\u017cym s\u0142owem [&hellip;]\" \/>\n<meta property=\"og:url\" content=\"https:\/\/gaudiumetspes-blog.pl\/index.php\/2021\/04\/07\/co-mam-to-ci-daje-2\/\" \/>\n<meta property=\"og:site_name\" content=\"Gaudium Et Spes\" \/>\n<meta property=\"article:published_time\" content=\"2021-04-07T03:34:08+00:00\" \/>\n<meta name=\"author\" content=\"Ks. Jacek\" \/>\n<meta name=\"twitter:card\" content=\"summary_large_image\" \/>\n<meta name=\"twitter:label1\" content=\"Napisane przez\" \/>\n\t<meta name=\"twitter:data1\" content=\"Ks. Jacek\" \/>\n\t<meta name=\"twitter:label2\" content=\"Szacowany czas czytania\" \/>\n\t<meta name=\"twitter:data2\" content=\"11 minut\" \/>\n<script type=\"application\/ld+json\" class=\"yoast-schema-graph\">{\"@context\":\"https:\/\/schema.org\",\"@graph\":[{\"@type\":\"WebPage\",\"@id\":\"https:\/\/gaudiumetspes-blog.pl\/index.php\/2021\/04\/07\/co-mam-to-ci-daje-2\/\",\"url\":\"https:\/\/gaudiumetspes-blog.pl\/index.php\/2021\/04\/07\/co-mam-to-ci-daje-2\/\",\"name\":\"Co mam, to Ci daj\u0119... - Gaudium Et Spes\",\"isPartOf\":{\"@id\":\"https:\/\/gaudiumetspes-blog.pl\/#website\"},\"datePublished\":\"2021-04-07T03:34:08+00:00\",\"author\":{\"@id\":\"https:\/\/gaudiumetspes-blog.pl\/#\/schema\/person\/1661982992b752dea8dff0d4ed845a65\"},\"breadcrumb\":{\"@id\":\"https:\/\/gaudiumetspes-blog.pl\/index.php\/2021\/04\/07\/co-mam-to-ci-daje-2\/#breadcrumb\"},\"inLanguage\":\"pl-PL\",\"potentialAction\":[{\"@type\":\"ReadAction\",\"target\":[\"https:\/\/gaudiumetspes-blog.pl\/index.php\/2021\/04\/07\/co-mam-to-ci-daje-2\/\"]}]},{\"@type\":\"BreadcrumbList\",\"@id\":\"https:\/\/gaudiumetspes-blog.pl\/index.php\/2021\/04\/07\/co-mam-to-ci-daje-2\/#breadcrumb\",\"itemListElement\":[{\"@type\":\"ListItem\",\"position\":1,\"name\":\"Strona g\u0142\u00f3wna\",\"item\":\"https:\/\/gaudiumetspes-blog.pl\/\"},{\"@type\":\"ListItem\",\"position\":2,\"name\":\"Co mam, to&nbsp;Ci daj\u0119&#8230;\"}]},{\"@type\":\"WebSite\",\"@id\":\"https:\/\/gaudiumetspes-blog.pl\/#website\",\"url\":\"https:\/\/gaudiumetspes-blog.pl\/\",\"name\":\"Gaudium Et Spes\",\"description\":\"Blog Ks. Jacka Ja\u015bkowskiego\",\"potentialAction\":[{\"@type\":\"SearchAction\",\"target\":{\"@type\":\"EntryPoint\",\"urlTemplate\":\"https:\/\/gaudiumetspes-blog.pl\/?s={search_term_string}\"},\"query-input\":{\"@type\":\"PropertyValueSpecification\",\"valueRequired\":true,\"valueName\":\"search_term_string\"}}],\"inLanguage\":\"pl-PL\"},{\"@type\":\"Person\",\"@id\":\"https:\/\/gaudiumetspes-blog.pl\/#\/schema\/person\/1661982992b752dea8dff0d4ed845a65\",\"name\":\"Ks. Jacek\",\"image\":{\"@type\":\"ImageObject\",\"inLanguage\":\"pl-PL\",\"@id\":\"https:\/\/gaudiumetspes-blog.pl\/#\/schema\/person\/image\/\",\"url\":\"https:\/\/gaudiumetspes-blog.pl\/wp-content\/uploads\/2019\/07\/avatar-JJ-150x150.jpg\",\"contentUrl\":\"https:\/\/gaudiumetspes-blog.pl\/wp-content\/uploads\/2019\/07\/avatar-JJ-150x150.jpg\",\"caption\":\"Ks. Jacek\"},\"description\":\"Witam serdecznie! K\u0142ania si\u0119 Ks. Jacek Ja\u015bkowski. Nie jestem ani kim\u015b wa\u017cnym, ani kim\u015b znanym. Jestem ksi\u0119dzem, kt\u00f3ry po prostu chce rozmawia\u0107. Codzienna kap\u0142a\u0144ska pos\u0142uga pokazuje mi, \u017ce temat\u00f3w do rozm\u00f3w z ksi\u0119dzem jest coraz wi\u0119cej i dzisiaj \u017caden ksi\u0105dz nie mo\u017ce od nich ucieka\u0107, ale - wprost przeciwnie - podejmowa\u0107 nowe wyzwania. To przekonanie sk\u0142oni\u0142o mnie do pr\u00f3by otwarcia tego\u017c bloga, chocia\u017c okazji do rozm\u00f3w na co dzie\u0144 - w konfesjonale i poza nim - na szcz\u0119\u015bcie nie brakuje. My\u015bl\u0119 jednak, \u017ce ten blog b\u0119dzie jeszcze jednym sposobem i przestrzeni\u0105 nawi\u0105zania kontaktu z lud\u017ami dobrej woli, otwartymi na dialog.\",\"url\":\"https:\/\/gaudiumetspes-blog.pl\/index.php\/author\/ks-jacek\/\"}]}<\/script>\n<!-- \/ Yoast SEO plugin. -->","yoast_head_json":{"title":"Co mam, to Ci daj\u0119... - Gaudium Et Spes","robots":{"index":"index","follow":"follow","max-snippet":"max-snippet:-1","max-image-preview":"max-image-preview:large","max-video-preview":"max-video-preview:-1"},"canonical":"https:\/\/gaudiumetspes-blog.pl\/index.php\/2021\/04\/07\/co-mam-to-ci-daje-2\/","og_locale":"pl_PL","og_type":"article","og_title":"Co mam, to Ci daj\u0119... - Gaudium Et Spes","og_description":"Szcz\u0119\u015b\u0107 Bo\u017ce! Moi Drodzy, w dniu dzisiejszym urodziny prze\u017cywa Siostra Aldona Deczewska, Franciszkanka Misjonarka Maryi, obecnie kieruj\u0105ca jednym z dom\u00f3w pomocy spo\u0142ecznej na Opolszczy\u017anie. Dzi\u0119kuj\u0105c za nasz\u0105 wieloletni\u0105 znajomo\u015b\u0107, \u017cycz\u0119 mocy i wszelkich \u015bwiate\u0142 z Nieba do pe\u0142nienia tak pi\u0119knej, ale tak trudnej pos\u0142ugi. Wspieram modlitw\u0105! I ju\u017c zapraszam do pochylenia si\u0119 nad Bo\u017cym s\u0142owem [&hellip;]","og_url":"https:\/\/gaudiumetspes-blog.pl\/index.php\/2021\/04\/07\/co-mam-to-ci-daje-2\/","og_site_name":"Gaudium Et Spes","article_published_time":"2021-04-07T03:34:08+00:00","author":"Ks. Jacek","twitter_card":"summary_large_image","twitter_misc":{"Napisane przez":"Ks. Jacek","Szacowany czas czytania":"11 minut"},"schema":{"@context":"https:\/\/schema.org","@graph":[{"@type":"WebPage","@id":"https:\/\/gaudiumetspes-blog.pl\/index.php\/2021\/04\/07\/co-mam-to-ci-daje-2\/","url":"https:\/\/gaudiumetspes-blog.pl\/index.php\/2021\/04\/07\/co-mam-to-ci-daje-2\/","name":"Co mam, to Ci daj\u0119... - Gaudium Et Spes","isPartOf":{"@id":"https:\/\/gaudiumetspes-blog.pl\/#website"},"datePublished":"2021-04-07T03:34:08+00:00","author":{"@id":"https:\/\/gaudiumetspes-blog.pl\/#\/schema\/person\/1661982992b752dea8dff0d4ed845a65"},"breadcrumb":{"@id":"https:\/\/gaudiumetspes-blog.pl\/index.php\/2021\/04\/07\/co-mam-to-ci-daje-2\/#breadcrumb"},"inLanguage":"pl-PL","potentialAction":[{"@type":"ReadAction","target":["https:\/\/gaudiumetspes-blog.pl\/index.php\/2021\/04\/07\/co-mam-to-ci-daje-2\/"]}]},{"@type":"BreadcrumbList","@id":"https:\/\/gaudiumetspes-blog.pl\/index.php\/2021\/04\/07\/co-mam-to-ci-daje-2\/#breadcrumb","itemListElement":[{"@type":"ListItem","position":1,"name":"Strona g\u0142\u00f3wna","item":"https:\/\/gaudiumetspes-blog.pl\/"},{"@type":"ListItem","position":2,"name":"Co mam, to&nbsp;Ci daj\u0119&#8230;"}]},{"@type":"WebSite","@id":"https:\/\/gaudiumetspes-blog.pl\/#website","url":"https:\/\/gaudiumetspes-blog.pl\/","name":"Gaudium Et Spes","description":"Blog Ks. Jacka Ja\u015bkowskiego","potentialAction":[{"@type":"SearchAction","target":{"@type":"EntryPoint","urlTemplate":"https:\/\/gaudiumetspes-blog.pl\/?s={search_term_string}"},"query-input":{"@type":"PropertyValueSpecification","valueRequired":true,"valueName":"search_term_string"}}],"inLanguage":"pl-PL"},{"@type":"Person","@id":"https:\/\/gaudiumetspes-blog.pl\/#\/schema\/person\/1661982992b752dea8dff0d4ed845a65","name":"Ks. Jacek","image":{"@type":"ImageObject","inLanguage":"pl-PL","@id":"https:\/\/gaudiumetspes-blog.pl\/#\/schema\/person\/image\/","url":"https:\/\/gaudiumetspes-blog.pl\/wp-content\/uploads\/2019\/07\/avatar-JJ-150x150.jpg","contentUrl":"https:\/\/gaudiumetspes-blog.pl\/wp-content\/uploads\/2019\/07\/avatar-JJ-150x150.jpg","caption":"Ks. Jacek"},"description":"Witam serdecznie! K\u0142ania si\u0119 Ks. Jacek Ja\u015bkowski. Nie jestem ani kim\u015b wa\u017cnym, ani kim\u015b znanym. Jestem ksi\u0119dzem, kt\u00f3ry po prostu chce rozmawia\u0107. Codzienna kap\u0142a\u0144ska pos\u0142uga pokazuje mi, \u017ce temat\u00f3w do rozm\u00f3w z ksi\u0119dzem jest coraz wi\u0119cej i dzisiaj \u017caden ksi\u0105dz nie mo\u017ce od nich ucieka\u0107, ale - wprost przeciwnie - podejmowa\u0107 nowe wyzwania. To przekonanie sk\u0142oni\u0142o mnie do pr\u00f3by otwarcia tego\u017c bloga, chocia\u017c okazji do rozm\u00f3w na co dzie\u0144 - w konfesjonale i poza nim - na szcz\u0119\u015bcie nie brakuje. My\u015bl\u0119 jednak, \u017ce ten blog b\u0119dzie jeszcze jednym sposobem i przestrzeni\u0105 nawi\u0105zania kontaktu z lud\u017ami dobrej woli, otwartymi na dialog.","url":"https:\/\/gaudiumetspes-blog.pl\/index.php\/author\/ks-jacek\/"}]}},"jetpack_featured_media_url":"","jetpack_sharing_enabled":true,"_links":{"self":[{"href":"https:\/\/gaudiumetspes-blog.pl\/index.php\/wp-json\/wp\/v2\/posts\/18783","targetHints":{"allow":["GET"]}}],"collection":[{"href":"https:\/\/gaudiumetspes-blog.pl\/index.php\/wp-json\/wp\/v2\/posts"}],"about":[{"href":"https:\/\/gaudiumetspes-blog.pl\/index.php\/wp-json\/wp\/v2\/types\/post"}],"author":[{"embeddable":true,"href":"https:\/\/gaudiumetspes-blog.pl\/index.php\/wp-json\/wp\/v2\/users\/1"}],"replies":[{"embeddable":true,"href":"https:\/\/gaudiumetspes-blog.pl\/index.php\/wp-json\/wp\/v2\/comments?post=18783"}],"version-history":[{"count":1,"href":"https:\/\/gaudiumetspes-blog.pl\/index.php\/wp-json\/wp\/v2\/posts\/18783\/revisions"}],"predecessor-version":[{"id":18784,"href":"https:\/\/gaudiumetspes-blog.pl\/index.php\/wp-json\/wp\/v2\/posts\/18783\/revisions\/18784"}],"wp:attachment":[{"href":"https:\/\/gaudiumetspes-blog.pl\/index.php\/wp-json\/wp\/v2\/media?parent=18783"}],"wp:term":[{"taxonomy":"category","embeddable":true,"href":"https:\/\/gaudiumetspes-blog.pl\/index.php\/wp-json\/wp\/v2\/categories?post=18783"},{"taxonomy":"post_tag","embeddable":true,"href":"https:\/\/gaudiumetspes-blog.pl\/index.php\/wp-json\/wp\/v2\/tags?post=18783"}],"curies":[{"name":"wp","href":"https:\/\/api.w.org\/{rel}","templated":true}]}}