{"id":19069,"date":"2021-06-10T05:39:17","date_gmt":"2021-06-10T03:39:17","guid":{"rendered":"https:\/\/gaudiumetspes-blog.pl\/?p=19069"},"modified":"2021-06-09T19:21:13","modified_gmt":"2021-06-09T17:21:13","slug":"dawac-wiecej-i-zyc-bardziej","status":"publish","type":"post","link":"https:\/\/gaudiumetspes-blog.pl\/index.php\/2021\/06\/10\/dawac-wiecej-i-zyc-bardziej\/","title":{"rendered":"Dawa\u0107 &#8222;wi\u0119cej&#8221; i \u017cy\u0107 &#8222;bardziej&#8221;&#8230;"},"content":{"rendered":"<p align=\"justify\"><span style=\"color: #000000;\"><span style=\"font-family: Book Antiqua, serif;\"><span style=\"font-size: large;\">Szcz\u0119\u015b\u0107 Bo\u017ce! Moi Drodzy, w dniu dzisiejszym <b>urodziny prze\u017cywa Monika Ochnik, wielce pobo\u017cna i \u017cyczliwa Osoba, znana mi jeszcze z pierwszej Parafii, gdzie czynnie anga\u017cowa\u0142a si\u0119 \u2013 za czas\u00f3w mojej pos\u0142ugi \u2013 w miejscowy KSM. Teraz jest dyplomowan\u0105 Piel\u0119gniark\u0105 w Warszawie, a tak w og\u00f3le \u2013 jest <\/b><b>Osob\u0105 <\/b><b>naprawd\u0119 dobr<\/b><b>\u0105<\/b><b> i ch\u0119tn<\/b><b>\u0105<\/b><b> do pomocy wszystkim wok\u00f3\u0142, na ile tylko jest w stanie pom\u00f3c. Dzi\u0119kuj\u0105c za nasz sta\u0142y kontakt \u2013 ostatnio g\u0142\u00f3wnie telefoniczny \u2013 i wiele d\u0142ugich, m\u0105drych rozm\u00f3w o \u017cyciu, o Bogu, o wierze i o wszystkim innym, \u017cycz\u0119 niez\u0142omnego ducha, rado\u015bci i nadziei! Zapewniam o modlitwie!<\/b><\/span><\/span><\/span><\/p>\n<p align=\"justify\"><span style=\"color: #000000;\"><span style=\"font-family: Book Antiqua, serif;\"><span style=\"font-size: large;\"><b>Imieniny natomiast prze\u017cywa Ma\u0142gorzata Osypiuk, nale\u017c\u0105ca w swoim czasie do jednej z m\u0142odzie\u017cowych Wsp\u00f3lnot. <\/b><\/span><\/span><\/span><\/p>\n<p align=\"justify\"><span style=\"color: #000000;\"><span style=\"font-family: Book Antiqua, serif;\"><span style=\"font-size: large;\"><b>Z kolei rocznic\u0119 \u015bwi\u0119ce\u0144 kap\u0142a\u0144skich prze\u017cywaj\u0105:<\/b><\/span><\/span><\/span><\/p>\n<p align=\"justify\"><span style=\"color: #000000;\">\u25ba<span style=\"font-family: Book Antiqua, serif;\"><span style=\"font-size: large;\"><b>Ksi\u0105dz Andrzej Polak, m\u00f3j pierwszy Superior, czyli starszy Kolega w pokoju seminaryjnym, wprowadzaj\u0105cy mnie bardzo m\u0105drze i spokojnie w realia seminaryjnego \u017cycia;<\/b><\/span><\/span><\/span><\/p>\n<p align=\"justify\"><span style=\"color: #000000;\">\u25ba<span style=\"font-family: Book Antiqua, serif;\"><span style=\"font-size: large;\"><b>Ksi\u0105dz S\u0142awomir Zaczek, w kt\u00f3rego Parafii pomaga\u0142em przez dwa miesi\u0105ce;<\/b><\/span><\/span><\/span><\/p>\n<p align=\"justify\"><span style=\"color: #000000;\">\u25ba<span style=\"font-family: Book Antiqua, serif;\"><span style=\"font-size: large;\"><b>Ksi\u0105dz Jaros\u0142aw Oponowicz, Proboszcz Parafii \u015awi\u0119tego Jana Paw\u0142a II w Siedlcach;<\/b><\/span><\/span><\/span><\/p>\n<p align=\"justify\"><span style=\"color: #000000;\">\u25ba<span style=\"font-family: Book Antiqua, serif;\"><span style=\"font-size: large;\"><b>Ksi\u0105dz Pawe\u0142 Siedlanowski, Dyrektor Siedleckiego Hospicjum Domowego dla Dzieci;<\/b><\/span><\/span><\/span><\/p>\n<p align=\"justify\"><span style=\"color: #000000;\">\u25ba<span style=\"font-family: Book Antiqua, serif;\"><span style=\"font-size: large;\"><b>Ksi\u0105dz Jacek \u015awi\u0105tek, Dyrektor Liceum Katolickiego w Siedlcach.<\/b><\/span><\/span><\/span><\/p>\n<p align=\"justify\"><span style=\"color: #000000;\"><span style=\"font-family: Book Antiqua, serif;\"><span style=\"font-size: large;\"><b>Wszystkim \u015bwi\u0119tuj\u0105cym \u017cycz\u0119 obfito\u015bci Bo\u017cych dar\u00f3w, o kt\u00f3re te\u017c obiecuj\u0119 si\u0119 modli\u0107.<\/b><\/span><\/span><\/span><\/p>\n<p align=\"justify\"><span style=\"color: #000000;\"><span style=\"font-family: Book Antiqua, serif;\"><span style=\"font-size: large;\">Moi Drodzy, wczoraj \u2013 zgodnie z planem \u2013 przeprowadzi\u0142em rekonesans po ewentualnych nowych miejscach mojego pobytu w Szklarskiej Por\u0119bie. Jestem przeogromnie wdzi\u0119czny Ksi\u0119dzu Dziekanowi Bogus\u0142awowi Sawarynowi, kt\u00f3ry od razu wyczu\u0142, czego szukam i pom\u00f3g\u0142 w poszukiwaniach: wykona\u0142 kilkadziesi\u0105t telefon\u00f3w, po czym zawi\u00f3z\u0142 mnie do kilku miejsc, kt\u00f3re obaj uznali\u015bmy za godne uwagi. <\/span><\/span><\/span><\/p>\n<p align=\"justify\"><span style=\"color: #000000;\"><span style=\"font-family: Book Antiqua, serif;\"><span style=\"font-size: large;\">Na ten moment sprawa wygl\u0105da tak, \u017ce prawdopodobnie by\u0142yby to dwa miejsca: jedno na przyjazdy z Rodzin\u0105, w czasie pobytu Ksi\u0119dza Marka w Polsce i na przyjazdy moje prywatne, a drugie \u2013 na przyjazdy z M\u0142odzie\u017c\u0105. Ale to takie wst\u0119pne plany. Wst\u0119pne, ale do\u015b\u0107 konkretne \u2013 namiary wzi\u0119te, pierwsze rozmowy z W\u0142a\u015bcicielami obiekt\u00f3w odbyte.<\/span><\/span><\/span><\/p>\n<p align=\"justify\"><span style=\"color: #000000;\"><span style=\"font-family: Book Antiqua, serif;\"><span style=\"font-size: large;\">Natomiast dzisiaj, po ostatniej nocy w domu Pa\u0144stwa Marczewskich i po wsp\u00f3lnym z Nimi obiedzie \u2013 wyje\u017cd\u017cam. Wspomina\u0142em ju\u017c chyba, \u017ce dziwnie by\u0142o przez te trzy dni chodzi\u0107 po tych korytarzach i widzie\u0107 dom, w kt\u00f3rym przez dwadzie\u015bcia lat tyle si\u0119 dzia\u0142o, tyle Os\u00f3b si\u0119 przez niego przewin\u0119\u0142o, maj\u0105c w \u015bwiadomo\u015bci, \u017ce to wszystko definitywnie si\u0119 ko\u0144czy i ju\u017c tu si\u0119 nie wr\u00f3ci\u2026 Tyle pi\u0119knych wspomnie\u0144 tu pozostaje\u2026 Ale c\u00f3\u017c! \u017bycie toczy si\u0119 dalej! Nie ma si\u0119 co rozczula\u0107!<\/span><\/span><\/span><\/p>\n<p align=\"justify\"><span style=\"color: #000000;\"><span style=\"font-family: Book Antiqua, serif;\"><span style=\"font-size: large;\">Pa\u0144stwu Or\u0142owskim i Pa\u0144stwu Marczewskim serdecznie dzi\u0119kuj\u0119, zabieraj\u0105c Ich w sercu i zapewniaj\u0105c o sta\u0142ej pami\u0119ci w modlitwie!<\/span><\/span><\/span><\/p>\n<p align=\"justify\"><span style=\"color: #000000;\"><span style=\"font-family: Book Antiqua, serif;\"><span style=\"font-size: large;\">Moi Drodzy, serdecznie ju\u017c zapraszam do pochylenia si\u0119 nad Bo\u017cym s\u0142owem dzisiejszej liturgii. <b>Jakie przes\u0142anie kieruje do mnie osobi\u015bcie Pan?<\/b> Duchu \u015awi\u0119ty, przyjd\u017a i o\u015bwie\u0107 nasze umys\u0142y i serca!<\/span><\/span><\/span><\/p>\n<p align=\"justify\"><span style=\"color: #000000;\"><span style=\"font-family: Book Antiqua, serif;\"><span style=\"font-size: large;\"><b>Niech Was b\u0142ogos\u0142awi B\u00f3g Wszechmog\u0105cy: Ojciec + i Syn, i Duch \u015awi\u0119ty. Amen<\/b><\/span><\/span><\/span><\/p>\n<p align=\"center\"><span style=\"color: #000000;\"><span style=\"font-family: Book Antiqua, serif;\"><span style=\"font-size: large;\">Gaudium et spes! Ks. Jacek<\/span><\/span><\/span><\/p>\n<p align=\"center\">\n<p align=\"center\">\n<p align=\"center\">\n<p align=\"center\">\n<p align=\"center\">\n<p align=\"justify\"><span style=\"color: #000000;\"><span style=\"font-family: Book Antiqua, serif;\"><span style=\"font-size: large;\"><b>Czwartek 10 Tygodnia zwyk\u0142ego, rok I,<\/b><\/span><\/span><\/span><\/p>\n<p align=\"justify\"><span style=\"color: #000000;\"><span style=\"font-family: Book Antiqua, serif;\"><span style=\"font-size: large;\"><b>10 czerwca 2021.,<\/b><\/span><\/span><\/span><\/p>\n<p align=\"justify\"><span style=\"color: #000000;\"><span style=\"font-family: Book Antiqua, serif;\"><span style=\"font-size: large;\"><b>do czyta\u0144: 2 Kor 3,15\u20134,1.3\u20136; Mt 5,20\u201326<\/b><\/span><\/span><\/span><\/p>\n<p align=\"justify\">\n<p align=\"justify\">\n<p align=\"justify\">\n<p align=\"justify\">\n<p align=\"justify\">\n<p align=\"justify\"><span style=\"font-family: Book Antiqua, serif;\"><strong><span style=\"color: #000000;\"><span style=\"font-size: large;\"><b>CZYTANIE Z DRUGIEGO LISTU \u015aWI\u0118TEGO PAW\u0141A APOSTO\u0141A DO KORYNTIAN:<\/b><\/span><\/span><\/strong><\/span><\/p>\n<p align=\"justify\"><span style=\"color: #000000;\"><span style=\"font-family: Book Antiqua, serif;\"><span style=\"font-size: large;\"><b>Bracia: A\u017c po dzie\u0144 dzisiejszy, gdy czytaj\u0105 Moj\u017cesza, zas\u0142ona spoczywa na sercach syn\u00f3w Izraela. A kiedy kto\u015b si\u0119 zwraca do Pana, zas\u0142ona opada. Pan za\u015b jest Duchem, a gdzie jest Duch Pa\u0144ski, tam wolno\u015b\u0107. <\/b><\/span><\/span><\/span><\/p>\n<p align=\"justify\"><span style=\"color: #000000;\"><span style=\"font-family: Book Antiqua, serif;\"><span style=\"font-size: large;\"><b>My wszyscy z ods\u0142oni\u0119t\u0105 twarz\u0105 wpatrujemy si\u0119 w jasno\u015b\u0107 Pa\u0144sk\u0105 jakby w zwierciadle; za spraw\u0105 Ducha Pa\u0144skiego, coraz bardziej ja\u015bniej\u0105c, upodabniamy si\u0119 do Jego obrazu.<\/b><\/span><\/span><\/span><\/p>\n<p align=\"justify\"><span style=\"color: #000000;\"><span style=\"font-family: Book Antiqua, serif;\"><span style=\"font-size: large;\"><b>Przeto oddani pos\u0142ugiwaniu zleconemu nam przez mi\u0142osierdzie, nie upadamy na duchu. A je\u015bli nawet Ewangelia nasza jest ukryta, to tylko dla tych, kt\u00f3rzy id\u0105 na zatracenie, dla niewiernych, kt\u00f3rych umys\u0142y za\u015blepi\u0142 b\u00f3g tego \u015bwiata, aby nie ol\u015bni\u0142 ich blask Ewangelii chwa\u0142y Chrystusa, kt\u00f3ry jest obrazem Boga.<\/b><\/span><\/span><\/span><\/p>\n<p align=\"justify\"><span style=\"color: #000000;\"><span style=\"font-family: Book Antiqua, serif;\"><span style=\"font-size: large;\"><b>Nie g\u0142osimy bowiem siebie samych, lecz Chrystusa Jezusa jako Pana, a nas jako s\u0142ugi wasze przez Jezusa. Albowiem B\u00f3g, Ten, kt\u00f3ry rozkaza\u0142 ciemno\u015bciom, by zaja\u015bnia\u0142y \u015bwiat\u0142em, zab\u0142ysn\u0105\u0142 w naszych sercach, by ol\u015bni\u0107 nas jasno\u015bci\u0105 poznania chwa\u0142y Bo\u017cej na obliczu Chrystusa.<\/b><\/span><\/span><\/span><\/p>\n<p align=\"justify\">\n<p align=\"justify\">\n<p align=\"justify\">\n<p align=\"justify\">\n<p align=\"justify\">\n<p align=\"justify\"><span style=\"font-family: Book Antiqua, serif;\"><strong><span style=\"color: #000000;\"><span style=\"font-size: large;\"><b>S\u0141OWA EWANGELII WED\u0141UG \u015aWI\u0118TEGO MATEUSZA:<\/b><\/span><\/span><\/strong><\/span><\/p>\n<p align=\"justify\"><span style=\"color: #000000;\"><span style=\"font-family: Book Antiqua, serif;\"><span style=\"font-size: large;\"><b>Jezus powiedzia\u0142 do swoich uczni\u00f3w: \u201eJe\u015bli wasza sprawiedliwo\u015b\u0107 nie b\u0119dzie wi\u0119ksza ni\u017c uczonych w Pi\u015bmie i faryzeusz\u00f3w, nie wejdziecie do kr\u00f3lestwa niebieskiego.<\/b><\/span><\/span><\/span><\/p>\n<p align=\"justify\"><span style=\"color: #000000;\"><span style=\"font-family: Book Antiqua, serif;\"><span style=\"font-size: large;\"><b>S\u0142yszeli\u015bcie, \u017ce powiedziano przodkom: \u00abNie zabijaj\u00bb; a kto by si\u0119 dopu\u015bci\u0142 zab\u00f3jstwa, podlega s\u0105dowi. A Ja wam powiadam: Ka\u017cdy, kto si\u0119 gniewa na swego brata, podlega s\u0105dowi. A kto by rzek\u0142 swemu bratu \u00abRaka\u00bb, podlega Wysokiej Radzie. A kto by mu rzek\u0142 \u00abBezbo\u017cniku\u00bb, podlega karze piek\u0142a ognistego.<\/b><\/span><\/span><\/span><\/p>\n<p align=\"justify\"><span style=\"color: #000000;\"><span style=\"font-family: Book Antiqua, serif;\"><span style=\"font-size: large;\"><b>Je\u015bli wi\u0119c przyniesiesz dar sw\u00f3j przed o\u0142tarz i tam wspomnisz, \u017ce brat tw\u00f3j ma co\u015b przeciw tobie, zostaw tam dar sw\u00f3j przed o\u0142tarzem, a najpierw id\u017a i pojednaj si\u0119 z bratem swoim. Potem przyjd\u017a i dar sw\u00f3j ofiaruj.<\/b><\/span><\/span><\/span><\/p>\n<p align=\"justify\"><span style=\"color: #000000;\"><span style=\"font-family: Book Antiqua, serif;\"><span style=\"font-size: large;\"><b>Pog\u00f3d\u017a si\u0119 ze swoim przeciwnikiem szybko, dop\u00f3ki jeste\u015b z nim w drodze, by ci\u0119 przeciwnik nie poda\u0142 s\u0119dziemu, a s\u0119dzia dozorcy, i aby nie wtr\u0105cono ci\u0119 do wi\u0119zienia. Zaprawd\u0119 powiadam ci: nie wyjdziesz stamt\u0105d, a\u017c zwr\u00f3cisz ostatni grosz\u201d.<\/b><\/span><\/span><\/span><\/p>\n<p align=\"justify\">\n<p align=\"justify\">\n<p align=\"justify\">\n<p align=\"justify\">\n<p align=\"justify\">\n<p align=\"justify\"><span style=\"color: #000000;\">\u201e<span style=\"font-family: Book Antiqua, serif;\"><span style=\"font-size: large;\">Czytanie Moj\u017cesza\u201d, a wi\u0119c trzymanie si\u0119 przepis\u00f3w Prawa Starego Testamentu, to \u2013 wed\u0142ug Paw\u0142a \u2013 jakby <b>pozostawanie pod zas\u0142on\u0105.<\/b> Ta zas\u0142ona \u2013 tak si\u0119 wyra\u017ca Aposto\u0142 \u2013 <i><b>spoczywa na sercach syn\u00f3w Izraela.<\/b><\/i><b> <\/b>Jednak <i><b>kiedy kto\u015b si\u0119 zwraca do Pana, zas\u0142ona opada. Pan za\u015b jest Duchem, a gdzie jest Duch Pa\u0144ski, tam wolno\u015b\u0107.<\/b><\/i><b> <\/b><\/span><\/span><\/span><\/p>\n<p align=\"justify\"><span style=\"color: #000000;\"><span style=\"font-family: Book Antiqua, serif;\"><span style=\"font-size: large;\">Znaczy to, \u017ce tylko wiara w Jezusa Chrystusa i w przes\u0142anie, kt\u00f3re On przyni\u00f3s\u0142 \u015bwiatu, daje prawdziw\u0105 wolno\u015b\u0107. Aposto\u0142 tak to opisuje: <i><b>My wszyscy z ods\u0142oni\u0119t\u0105 twarz\u0105 wpatrujemy si\u0119 w jasno\u015b\u0107 Pa\u0144sk\u0105 jakby w zwierciadle; za spraw\u0105 Ducha Pa\u0144skiego, coraz bardziej ja\u015bniej\u0105c, upodabniamy si\u0119 do Jego obrazu<\/b><\/i><b>.<\/b> Trzymanie si\u0119 wi\u0119c Prawa Starego Testamentu to wyd\u0142u\u017cona droga do poznania Boga i zjednoczenia si\u0119 z Nim. Przyj\u0119cie Jezusa i Jego przes\u0142ania \u2013 to droga <b>prosta i bezpo\u015brednia. <\/b><\/span><\/span><\/span><\/p>\n<p align=\"justify\"><span style=\"color: #000000;\"><span style=\"font-family: Book Antiqua, serif;\"><span style=\"font-size: large;\">Owszem, tak\u017ce Ewangelia Jezusa mo\u017ce by\u0107 dla niekt\u00f3rych trudna do przyj\u0119cia. Ale to <i><b>tylko dla tych, kt\u00f3rzy id\u0105 na zatracenie, dla niewiernych, kt\u00f3rych umys\u0142y za\u015blepi\u0142 b\u00f3g tego \u015bwiata, aby nie ol\u015bni\u0142 <\/b><\/i><b>ich blask Ewangelii chwa\u0142y Chrystusa, kt\u00f3ry jest obrazem Boga. <\/b>Natomiast ci, kt\u00f3rzy z otwartym sercem j\u0105 przyjmuj\u0105, z pewno\u015bci\u0105 poznaj\u0105 Prawd\u0119. <\/span><\/span><\/span><\/p>\n<p align=\"justify\"><span style=\"color: #000000;\"><span style=\"font-family: Book Antiqua, serif;\"><span style=\"font-size: large;\">Drog\u0105, kt\u00f3ra do tego prowadzi, jest ta, wskazana dzisiaj przez Jezusa w Ewangelii, w s\u0142owach: <i><b>Je\u015bli wasza sprawiedliwo\u015b\u0107 nie b\u0119dzie wi\u0119ksza ni\u017c uczonych w Pi\u015bmie i faryzeusz\u00f3w, nie wejdziecie do kr\u00f3lestwa niebieskiego. <\/b><\/i>P\u00f3\u017aniej mamy pokazane konkretne przyk\u0142ady owej \u201ewi\u0119kszej\u201d sprawiedliwo\u015bci: rozszerzenie zakresu przykazania: <i><b>Nie zabijaj!<\/b><\/i> na <b>zakaz gniewu<\/b> na drugiego cz\u0142owieka, czy te\u017c <b>zakaz pogardy<\/b> wobec niego, lub <b>trwania w nienawi\u015bci.<\/b> <\/span><\/span><\/span><\/p>\n<p align=\"justify\"><span style=\"color: #000000;\"><span style=\"font-family: Book Antiqua, serif;\"><span style=\"font-size: large;\">To jest ewangeliczna zasada \u201edawania wi\u0119cej\u201d, zdecydowanie przekraczaj\u0105ca literalnie, sztywno wyznaczony i zakre\u015blony zakres obowi\u0105zywania Starego Prawa. Jezus wyra\u017anie nakazuje swoim uczniom <b>przekracza<\/b><b>\u0107<\/b><b> minimum<\/b> obowi\u0105zywalno\u015bci starotestamentalnych przepis\u00f3w i dostrzega\u0107, co te\u017c mo\u017cna \u2013 w zakresie tych przepis\u00f3w \u2013 <b>\u201eda\u0107 z siebie wi\u0119cej, co mo\u017cna uczyni\u0107 \u201ebardziej\u201d,<\/b> jak lepiej zrozumie\u0107 i odczyta\u0107 Bo\u017ce zamiary i Bo\u017ce przes\u0142ania\u2026 <\/span><\/span><\/span><\/p>\n<p align=\"justify\"><span style=\"color: #000000;\"><span style=\"font-family: Book Antiqua, serif;\"><span style=\"font-size: large;\">A zatem, <b>nie tylko <\/b><b>wype\u0142ni\u0107<\/b><b> minimum, <\/b>kt\u00f3re zakre\u015bla przepis prawny, ale <b>odkrywa<\/b><b>\u0107<\/b><b> zamys\u0142 Ducha Bo\u017cego,<\/b> kt\u00f3ry przez te przepisy m\u00f3wi i podnosi poprzeczk\u0119 moralnych wymaga\u0144. W\u0142a\u015bnie na tej chocia\u017cby zasadzie, \u017ce przykazanie: <i><b>Nie zabijaj! <\/b><\/i>nie oznacza jedynie pozbawienia \u017cycia w spos\u00f3b fizyczny, ale te\u017c <b>zabijanie go w spos\u00f3b duchowy, <\/b>moralny, wewn\u0119trzny \u2013 w swoim sercu i w swoich z\u0142ych my\u015blach o nich. <\/span><\/span><\/span><\/p>\n<p align=\"justify\"><span style=\"color: #000000;\"><span style=\"font-family: Book Antiqua, serif;\"><span style=\"font-size: large;\">Je\u017celi cz\u0142owiek wierz\u0105cy w Chrystusa stosuje w swoim prze\u017cywaniu i praktykowaniu wiary <b>jedynie miar\u0119 minimaln\u0105, <\/b>na zasadzie: \u201eNikogo nie zabi\u0142em, nikomu domu nie spali\u0142em, nikogo nie okrad\u0142em\u201d \u2013 jako wyznacznik swojej doskona\u0142o\u015bci, to znaczy, \u017ce <b>zas\u0142ona naprawd\u0119 okrywa jego serce<\/b> i zaciemnia umys\u0142. Czyli, \u017ce ma bardzo przyciemniony, a wr\u0119cz <b>zdeformowany obraz Jezusa Chrystusa.<\/b> I nic tak naprawd\u0119 z Jego nauczania nie zrozumia\u0142, albo bardzo niewiele\u2026 <\/span><\/span><\/span><\/p>\n<p align=\"justify\"><span style=\"color: #000000;\"><span style=\"font-family: Book Antiqua, serif;\"><span style=\"font-size: large;\">Jezus oczekuje od swoich uczni\u00f3w \u201edawania z siebie wi\u0119cej\u201d i stawiania samym sobie konkretnych wymaga\u0144, <b>cho\u0107by inni od nich nie wymagali. <\/b>Oczekuje przekraczania samych siebie, swojego minimalizmu i miernoty, a mierzenia wci\u0105\u017c wy\u017cej i patrzenia szerzej\u2026 Zach\u0119ca do <b>zdzierania wszelkich zas\u0142on z serc i umys\u0142\u00f3w,<\/b> aby \u2013 po pierwsze \u2013 przyjmowa\u0107 bezpo\u015brednio do siebie to, co Jezus m\u00f3wi i co ofiaruje, <b>bez \u017cadnych zniekszta\u0142ce\u0144,<\/b> fa\u0142szywych interpretacji i udogodnie\u0144, a po drugie: aby <b>przed lud\u017ami nie udawa\u0107 kogo\u015b innego, <\/b>ni\u017c si\u0119 jest naprawd\u0119. Aby \u017cy\u0107 <b>pe\u0142n\u0105 prawd\u0105 o Bogu i pe\u0142n\u0105 prawd\u0105 o sobie<\/b> \u2013 przed Bogiem i lud\u017ami. <\/span><\/span><\/span><\/p>\n<p align=\"justify\"><span style=\"color: #000000;\"><span style=\"font-family: Book Antiqua, serif;\"><span style=\"font-size: large;\">Tak post\u0119puje prawdziwy chrze\u015bcijanin. Czyli <b>cz\u0142owiek wolny: <\/b>wolny od w\u0142asnych ogranicze\u0144 i ciasnych schemat\u00f3w my\u015blenia. A z tego wynika, \u017ce wiara to nie tylko \u201eodm\u00f3wienie paciorka rano i wieczorem\u201d, ale to <b>ca\u0142kowite przeobra\u017cenie swego \u017cycia<\/b> \u2013 ca\u0142ej swojej postawy! Ca\u0142ego swego<b> my\u015blenia <\/b>i ca\u0142ego swego<b> postrzegania<\/b> Boga, \u015bwiata, drugiego cz\u0142owieka, a w ko\u0144cu tak\u017ce \u2013 i siebie samego. <\/span><\/span><\/span><\/p>\n<p align=\"justify\"><span style=\"color: #000000;\"><span style=\"font-family: Book Antiqua, serif;\"><span style=\"font-size: large;\">Du\u017co wi\u0119c Jezus oczekuje od swoich uczni\u00f3w, to prawda\u2026 Ale wie, \u017ce prawdziwy Jego ucze\u0144 \u2013 z Bo\u017c\u0105 pomoc\u0105 \u2013 <b>spokojnie tym oczekiwaniom sprosta. <\/b>Je\u015bli si\u0119 tylko postara. <\/span><\/span><\/span><\/p>\n<p align=\"justify\"><span style=\"color: #000000;\"><span style=\"font-family: Book Antiqua, serif;\"><span style=\"font-size: large;\">A zatem \u2013 do dzie\u0142a!<\/span><\/span><\/span><\/p>\n","protected":false},"excerpt":{"rendered":"<p>Szcz\u0119\u015b\u0107 Bo\u017ce! Moi Drodzy, w dniu dzisiejszym urodziny prze\u017cywa Monika Ochnik, wielce pobo\u017cna i \u017cyczliwa Osoba, znana mi jeszcze z pierwszej Parafii, gdzie czynnie anga\u017cowa\u0142a si\u0119 \u2013 za czas\u00f3w mojej pos\u0142ugi \u2013 w miejscowy KSM. Teraz jest dyplomowan\u0105 Piel\u0119gniark\u0105 w Warszawie, a tak w og\u00f3le \u2013 jest Osob\u0105 naprawd\u0119 dobr\u0105 i ch\u0119tn\u0105 do pomocy wszystkim [&hellip;]<\/p>\n","protected":false},"author":1,"featured_media":0,"comment_status":"open","ping_status":"open","sticky":false,"template":"","format":"standard","meta":{"jetpack_post_was_ever_published":false,"_jetpack_newsletter_access":"","_jetpack_dont_email_post_to_subs":false,"_jetpack_newsletter_tier_id":0,"_jetpack_memberships_contains_paywalled_content":false,"_jetpack_memberships_contains_paid_content":false,"footnotes":""},"categories":[1],"tags":[],"class_list":["post-19069","post","type-post","status-publish","format-standard","hentry","category-bez-kategorii"],"yoast_head":"<!-- This site is optimized with the Yoast SEO plugin v25.1 - https:\/\/yoast.com\/wordpress\/plugins\/seo\/ -->\n<title>Dawa\u0107 &quot;wi\u0119cej&quot; i \u017cy\u0107 &quot;bardziej&quot;... - Gaudium Et Spes<\/title>\n<meta name=\"robots\" content=\"index, follow, max-snippet:-1, max-image-preview:large, max-video-preview:-1\" \/>\n<link rel=\"canonical\" href=\"https:\/\/gaudiumetspes-blog.pl\/index.php\/2021\/06\/10\/dawac-wiecej-i-zyc-bardziej\/\" \/>\n<meta property=\"og:locale\" content=\"pl_PL\" \/>\n<meta property=\"og:type\" content=\"article\" \/>\n<meta property=\"og:title\" content=\"Dawa\u0107 &quot;wi\u0119cej&quot; i \u017cy\u0107 &quot;bardziej&quot;... - Gaudium Et Spes\" \/>\n<meta property=\"og:description\" content=\"Szcz\u0119\u015b\u0107 Bo\u017ce! Moi Drodzy, w dniu dzisiejszym urodziny prze\u017cywa Monika Ochnik, wielce pobo\u017cna i \u017cyczliwa Osoba, znana mi jeszcze z pierwszej Parafii, gdzie czynnie anga\u017cowa\u0142a si\u0119 \u2013 za czas\u00f3w mojej pos\u0142ugi \u2013 w miejscowy KSM. Teraz jest dyplomowan\u0105 Piel\u0119gniark\u0105 w Warszawie, a tak w og\u00f3le \u2013 jest Osob\u0105 naprawd\u0119 dobr\u0105 i ch\u0119tn\u0105 do pomocy wszystkim [&hellip;]\" \/>\n<meta property=\"og:url\" content=\"https:\/\/gaudiumetspes-blog.pl\/index.php\/2021\/06\/10\/dawac-wiecej-i-zyc-bardziej\/\" \/>\n<meta property=\"og:site_name\" content=\"Gaudium Et Spes\" \/>\n<meta property=\"article:published_time\" content=\"2021-06-10T03:39:17+00:00\" \/>\n<meta name=\"author\" content=\"Ks. Jacek\" \/>\n<meta name=\"twitter:card\" content=\"summary_large_image\" \/>\n<meta name=\"twitter:label1\" content=\"Napisane przez\" \/>\n\t<meta name=\"twitter:data1\" content=\"Ks. Jacek\" \/>\n\t<meta name=\"twitter:label2\" content=\"Szacowany czas czytania\" \/>\n\t<meta name=\"twitter:data2\" content=\"8 minut\" \/>\n<script type=\"application\/ld+json\" class=\"yoast-schema-graph\">{\"@context\":\"https:\/\/schema.org\",\"@graph\":[{\"@type\":\"WebPage\",\"@id\":\"https:\/\/gaudiumetspes-blog.pl\/index.php\/2021\/06\/10\/dawac-wiecej-i-zyc-bardziej\/\",\"url\":\"https:\/\/gaudiumetspes-blog.pl\/index.php\/2021\/06\/10\/dawac-wiecej-i-zyc-bardziej\/\",\"name\":\"Dawa\u0107 \\\"wi\u0119cej\\\" i \u017cy\u0107 \\\"bardziej\\\"... - Gaudium Et Spes\",\"isPartOf\":{\"@id\":\"https:\/\/gaudiumetspes-blog.pl\/#website\"},\"datePublished\":\"2021-06-10T03:39:17+00:00\",\"author\":{\"@id\":\"https:\/\/gaudiumetspes-blog.pl\/#\/schema\/person\/1661982992b752dea8dff0d4ed845a65\"},\"breadcrumb\":{\"@id\":\"https:\/\/gaudiumetspes-blog.pl\/index.php\/2021\/06\/10\/dawac-wiecej-i-zyc-bardziej\/#breadcrumb\"},\"inLanguage\":\"pl-PL\",\"potentialAction\":[{\"@type\":\"ReadAction\",\"target\":[\"https:\/\/gaudiumetspes-blog.pl\/index.php\/2021\/06\/10\/dawac-wiecej-i-zyc-bardziej\/\"]}]},{\"@type\":\"BreadcrumbList\",\"@id\":\"https:\/\/gaudiumetspes-blog.pl\/index.php\/2021\/06\/10\/dawac-wiecej-i-zyc-bardziej\/#breadcrumb\",\"itemListElement\":[{\"@type\":\"ListItem\",\"position\":1,\"name\":\"Strona g\u0142\u00f3wna\",\"item\":\"https:\/\/gaudiumetspes-blog.pl\/\"},{\"@type\":\"ListItem\",\"position\":2,\"name\":\"Dawa\u0107 &#8222;wi\u0119cej&#8221; i&nbsp;\u017cy\u0107 &#8222;bardziej&#8221;&#8230;\"}]},{\"@type\":\"WebSite\",\"@id\":\"https:\/\/gaudiumetspes-blog.pl\/#website\",\"url\":\"https:\/\/gaudiumetspes-blog.pl\/\",\"name\":\"Gaudium Et Spes\",\"description\":\"Blog Ks. Jacka Ja\u015bkowskiego\",\"potentialAction\":[{\"@type\":\"SearchAction\",\"target\":{\"@type\":\"EntryPoint\",\"urlTemplate\":\"https:\/\/gaudiumetspes-blog.pl\/?s={search_term_string}\"},\"query-input\":{\"@type\":\"PropertyValueSpecification\",\"valueRequired\":true,\"valueName\":\"search_term_string\"}}],\"inLanguage\":\"pl-PL\"},{\"@type\":\"Person\",\"@id\":\"https:\/\/gaudiumetspes-blog.pl\/#\/schema\/person\/1661982992b752dea8dff0d4ed845a65\",\"name\":\"Ks. Jacek\",\"image\":{\"@type\":\"ImageObject\",\"inLanguage\":\"pl-PL\",\"@id\":\"https:\/\/gaudiumetspes-blog.pl\/#\/schema\/person\/image\/\",\"url\":\"https:\/\/gaudiumetspes-blog.pl\/wp-content\/uploads\/2019\/07\/avatar-JJ-150x150.jpg\",\"contentUrl\":\"https:\/\/gaudiumetspes-blog.pl\/wp-content\/uploads\/2019\/07\/avatar-JJ-150x150.jpg\",\"caption\":\"Ks. Jacek\"},\"description\":\"Witam serdecznie! K\u0142ania si\u0119 Ks. Jacek Ja\u015bkowski. Nie jestem ani kim\u015b wa\u017cnym, ani kim\u015b znanym. Jestem ksi\u0119dzem, kt\u00f3ry po prostu chce rozmawia\u0107. Codzienna kap\u0142a\u0144ska pos\u0142uga pokazuje mi, \u017ce temat\u00f3w do rozm\u00f3w z ksi\u0119dzem jest coraz wi\u0119cej i dzisiaj \u017caden ksi\u0105dz nie mo\u017ce od nich ucieka\u0107, ale - wprost przeciwnie - podejmowa\u0107 nowe wyzwania. To przekonanie sk\u0142oni\u0142o mnie do pr\u00f3by otwarcia tego\u017c bloga, chocia\u017c okazji do rozm\u00f3w na co dzie\u0144 - w konfesjonale i poza nim - na szcz\u0119\u015bcie nie brakuje. My\u015bl\u0119 jednak, \u017ce ten blog b\u0119dzie jeszcze jednym sposobem i przestrzeni\u0105 nawi\u0105zania kontaktu z lud\u017ami dobrej woli, otwartymi na dialog.\",\"url\":\"https:\/\/gaudiumetspes-blog.pl\/index.php\/author\/ks-jacek\/\"}]}<\/script>\n<!-- \/ Yoast SEO plugin. -->","yoast_head_json":{"title":"Dawa\u0107 \"wi\u0119cej\" i \u017cy\u0107 \"bardziej\"... - Gaudium Et Spes","robots":{"index":"index","follow":"follow","max-snippet":"max-snippet:-1","max-image-preview":"max-image-preview:large","max-video-preview":"max-video-preview:-1"},"canonical":"https:\/\/gaudiumetspes-blog.pl\/index.php\/2021\/06\/10\/dawac-wiecej-i-zyc-bardziej\/","og_locale":"pl_PL","og_type":"article","og_title":"Dawa\u0107 \"wi\u0119cej\" i \u017cy\u0107 \"bardziej\"... - Gaudium Et Spes","og_description":"Szcz\u0119\u015b\u0107 Bo\u017ce! Moi Drodzy, w dniu dzisiejszym urodziny prze\u017cywa Monika Ochnik, wielce pobo\u017cna i \u017cyczliwa Osoba, znana mi jeszcze z pierwszej Parafii, gdzie czynnie anga\u017cowa\u0142a si\u0119 \u2013 za czas\u00f3w mojej pos\u0142ugi \u2013 w miejscowy KSM. Teraz jest dyplomowan\u0105 Piel\u0119gniark\u0105 w Warszawie, a tak w og\u00f3le \u2013 jest Osob\u0105 naprawd\u0119 dobr\u0105 i ch\u0119tn\u0105 do pomocy wszystkim [&hellip;]","og_url":"https:\/\/gaudiumetspes-blog.pl\/index.php\/2021\/06\/10\/dawac-wiecej-i-zyc-bardziej\/","og_site_name":"Gaudium Et Spes","article_published_time":"2021-06-10T03:39:17+00:00","author":"Ks. Jacek","twitter_card":"summary_large_image","twitter_misc":{"Napisane przez":"Ks. Jacek","Szacowany czas czytania":"8 minut"},"schema":{"@context":"https:\/\/schema.org","@graph":[{"@type":"WebPage","@id":"https:\/\/gaudiumetspes-blog.pl\/index.php\/2021\/06\/10\/dawac-wiecej-i-zyc-bardziej\/","url":"https:\/\/gaudiumetspes-blog.pl\/index.php\/2021\/06\/10\/dawac-wiecej-i-zyc-bardziej\/","name":"Dawa\u0107 \"wi\u0119cej\" i \u017cy\u0107 \"bardziej\"... - Gaudium Et Spes","isPartOf":{"@id":"https:\/\/gaudiumetspes-blog.pl\/#website"},"datePublished":"2021-06-10T03:39:17+00:00","author":{"@id":"https:\/\/gaudiumetspes-blog.pl\/#\/schema\/person\/1661982992b752dea8dff0d4ed845a65"},"breadcrumb":{"@id":"https:\/\/gaudiumetspes-blog.pl\/index.php\/2021\/06\/10\/dawac-wiecej-i-zyc-bardziej\/#breadcrumb"},"inLanguage":"pl-PL","potentialAction":[{"@type":"ReadAction","target":["https:\/\/gaudiumetspes-blog.pl\/index.php\/2021\/06\/10\/dawac-wiecej-i-zyc-bardziej\/"]}]},{"@type":"BreadcrumbList","@id":"https:\/\/gaudiumetspes-blog.pl\/index.php\/2021\/06\/10\/dawac-wiecej-i-zyc-bardziej\/#breadcrumb","itemListElement":[{"@type":"ListItem","position":1,"name":"Strona g\u0142\u00f3wna","item":"https:\/\/gaudiumetspes-blog.pl\/"},{"@type":"ListItem","position":2,"name":"Dawa\u0107 &#8222;wi\u0119cej&#8221; i&nbsp;\u017cy\u0107 &#8222;bardziej&#8221;&#8230;"}]},{"@type":"WebSite","@id":"https:\/\/gaudiumetspes-blog.pl\/#website","url":"https:\/\/gaudiumetspes-blog.pl\/","name":"Gaudium Et Spes","description":"Blog Ks. Jacka Ja\u015bkowskiego","potentialAction":[{"@type":"SearchAction","target":{"@type":"EntryPoint","urlTemplate":"https:\/\/gaudiumetspes-blog.pl\/?s={search_term_string}"},"query-input":{"@type":"PropertyValueSpecification","valueRequired":true,"valueName":"search_term_string"}}],"inLanguage":"pl-PL"},{"@type":"Person","@id":"https:\/\/gaudiumetspes-blog.pl\/#\/schema\/person\/1661982992b752dea8dff0d4ed845a65","name":"Ks. Jacek","image":{"@type":"ImageObject","inLanguage":"pl-PL","@id":"https:\/\/gaudiumetspes-blog.pl\/#\/schema\/person\/image\/","url":"https:\/\/gaudiumetspes-blog.pl\/wp-content\/uploads\/2019\/07\/avatar-JJ-150x150.jpg","contentUrl":"https:\/\/gaudiumetspes-blog.pl\/wp-content\/uploads\/2019\/07\/avatar-JJ-150x150.jpg","caption":"Ks. Jacek"},"description":"Witam serdecznie! K\u0142ania si\u0119 Ks. Jacek Ja\u015bkowski. Nie jestem ani kim\u015b wa\u017cnym, ani kim\u015b znanym. Jestem ksi\u0119dzem, kt\u00f3ry po prostu chce rozmawia\u0107. Codzienna kap\u0142a\u0144ska pos\u0142uga pokazuje mi, \u017ce temat\u00f3w do rozm\u00f3w z ksi\u0119dzem jest coraz wi\u0119cej i dzisiaj \u017caden ksi\u0105dz nie mo\u017ce od nich ucieka\u0107, ale - wprost przeciwnie - podejmowa\u0107 nowe wyzwania. To przekonanie sk\u0142oni\u0142o mnie do pr\u00f3by otwarcia tego\u017c bloga, chocia\u017c okazji do rozm\u00f3w na co dzie\u0144 - w konfesjonale i poza nim - na szcz\u0119\u015bcie nie brakuje. My\u015bl\u0119 jednak, \u017ce ten blog b\u0119dzie jeszcze jednym sposobem i przestrzeni\u0105 nawi\u0105zania kontaktu z lud\u017ami dobrej woli, otwartymi na dialog.","url":"https:\/\/gaudiumetspes-blog.pl\/index.php\/author\/ks-jacek\/"}]}},"jetpack_featured_media_url":"","jetpack_sharing_enabled":true,"_links":{"self":[{"href":"https:\/\/gaudiumetspes-blog.pl\/index.php\/wp-json\/wp\/v2\/posts\/19069","targetHints":{"allow":["GET"]}}],"collection":[{"href":"https:\/\/gaudiumetspes-blog.pl\/index.php\/wp-json\/wp\/v2\/posts"}],"about":[{"href":"https:\/\/gaudiumetspes-blog.pl\/index.php\/wp-json\/wp\/v2\/types\/post"}],"author":[{"embeddable":true,"href":"https:\/\/gaudiumetspes-blog.pl\/index.php\/wp-json\/wp\/v2\/users\/1"}],"replies":[{"embeddable":true,"href":"https:\/\/gaudiumetspes-blog.pl\/index.php\/wp-json\/wp\/v2\/comments?post=19069"}],"version-history":[{"count":1,"href":"https:\/\/gaudiumetspes-blog.pl\/index.php\/wp-json\/wp\/v2\/posts\/19069\/revisions"}],"predecessor-version":[{"id":19070,"href":"https:\/\/gaudiumetspes-blog.pl\/index.php\/wp-json\/wp\/v2\/posts\/19069\/revisions\/19070"}],"wp:attachment":[{"href":"https:\/\/gaudiumetspes-blog.pl\/index.php\/wp-json\/wp\/v2\/media?parent=19069"}],"wp:term":[{"taxonomy":"category","embeddable":true,"href":"https:\/\/gaudiumetspes-blog.pl\/index.php\/wp-json\/wp\/v2\/categories?post=19069"},{"taxonomy":"post_tag","embeddable":true,"href":"https:\/\/gaudiumetspes-blog.pl\/index.php\/wp-json\/wp\/v2\/tags?post=19069"}],"curies":[{"name":"wp","href":"https:\/\/api.w.org\/{rel}","templated":true}]}}