{"id":19189,"date":"2021-07-12T07:20:04","date_gmt":"2021-07-12T05:20:04","guid":{"rendered":"https:\/\/gaudiumetspes-blog.pl\/?p=19189"},"modified":"2021-07-12T07:20:04","modified_gmt":"2021-07-12T05:20:04","slug":"kto-chce-znalezc-swe-zycie","status":"publish","type":"post","link":"https:\/\/gaudiumetspes-blog.pl\/index.php\/2021\/07\/12\/kto-chce-znalezc-swe-zycie\/","title":{"rendered":"Kto chce znale\u017a\u0107 swe \u017cycie&#8230;"},"content":{"rendered":"<p align=\"justify\"><span style=\"color: #000000;\"><span style=\"font-family: Book Antiqua, serif;\"><span style=\"font-size: large;\">Szcz\u0119\u015b\u0107 Bo\u017ce! Moi Drodzy, w dniu dzisiejszym <b>urodziny (jak czyta\u0107 nieco odwrotnie t\u0119 liczb\u0119, to dwudzieste si\u00f3dme) prze\u017cywa nasz Tato, Jan Ja\u015bkowski. Dzi\u0119kuj\u0105c za pi\u0119kny przyk\u0142ad codziennej troski o chor\u0105 \u017bon\u0119, wytrwa\u0142ej troski i wspierania na wszelkie sposoby tr\u00f3jki Dzieci oraz cierpliwej opieki nad tr\u00f3jk\u0105 Wnuk\u00f3w, ca\u0142\u0105 Rodzin\u0105 \u017cyczymy nigdy nie gasn\u0105cego optymizmu, rado\u015bci i nadziei! I tej wielkiej otwarto\u015bci na ludzi, kt\u00f3rej naszemu Tacie \u2013 obojgu Rodzicom \u2013 nigdy nie brakowa\u0142o, dlatego nasz Dom zawsze ch\u0119tnie otwiera\u0142 drzwi przed licznymi Go\u015b\u0107mi. Niech nasz Pan obdarza Jubilata ca\u0142ym bezmiarem swoich \u0142ask!<\/b><\/span><\/span><\/span><\/p>\n<p align=\"justify\"><span style=\"color: #000000;\"><span style=\"font-family: Book Antiqua, serif;\"><span style=\"font-size: large;\"><b>Urodziny \u2013 i to dok\u0142adnie pi\u0119\u0107dziesi\u0105te \u2013 prze\u017cywa dzi\u015b Wojciech Wysocki, z kt\u00f3rym utrzymuj\u0119 od lat dobry kontakt na naszym forum, ale na jego cz\u0119\u015bci prywatnej. Dzi\u0119kuj\u0105c za \u017cyczliwo\u015b\u0107, modl\u0119 si\u0119 o wszelkie dary duchowe i o tak bardzo potrzebne zdrowie. I tego wszystkiego z serca \u017cycz\u0119!<\/b><\/span><\/span><\/span><\/p>\n<p align=\"justify\"><span style=\"color: #000000;\"><span style=\"font-family: Book Antiqua, serif;\"><span style=\"font-size: large;\">A teraz, moi Drodzy, dziel\u0119 si\u0119 z Wami wiadomo\u015bci\u0105 po ludzku smutn\u0105, ale \u2013 w tym Bo\u017cym wymiarze \u2013 na pewno bardzo wa\u017cn\u0105 i tak wiele nas ucz\u0105c\u0105. Oto bowiem wczoraj, po zako\u0144czeniu Mszy \u015awi\u0119tej w naszym O\u015brodku, otrzymali\u015bmy wiadomo\u015b\u0107 o <b>nag\u0142ej \u015bmierci Ksi\u0119dza Krzysztofa Skwierczy\u0144skiego, Ojca Duchownego siedleckiego Seminarium i Odpowiedzialnego za formacj\u0119 duchow\u0105 wszystkich Kap\u0142an\u00f3w naszej Diecezji, by\u0142ego Duszpasterza Akademickiego. <\/b>Wi\u0119cej o tym mo\u017cemy przeczyta\u0107 tutaj:<\/span><\/span><\/span><\/p>\n<p align=\"justify\"><span style=\"color: #000000;\"><span style=\"font-family: Book Antiqua, serif;\"><span style=\"font-size: medium;\"><a href=\"http:\/\/www.podlasie24.pl\/miasto-siedlce\/kosciol\/zmarl-ks.-krzysztof-skwierczynski-kaplan-diecezji-siedleckiej-32600.html\"><span style=\"font-size: large;\">http:\/\/www.podlasie24.pl\/miasto-siedlce\/kosciol\/zmarl-ks.-krzysztof-skwierczynski-kaplan-diecezji-siedleckiej-32600.html<\/span><\/a><\/span><\/span><\/span><\/p>\n<p align=\"justify\"><span style=\"color: #000000;\"><span style=\"font-family: Book Antiqua, serif;\"><span style=\"font-size: large;\">Jak czytamy, odszed\u0142 w czasie Mszy \u015awi\u0119tej wieczorowej, w Parafii Bo\u017cego Cia\u0142a w Siedlcach, w trakcie g\u0142oszonej przez siebie homilii. Odszed\u0142 wi\u0119c w marszu! Na s\u0142u\u017cbie! Na posterunku! Przysz\u0142a mi go g\u0142owy my\u015bl, \u017ce to dla kap\u0142ana pi\u0119kna \u015bmier\u0107\u2026<\/span><\/span><\/span><\/p>\n<p align=\"justify\"><span style=\"color: #000000;\"><span style=\"font-family: Book Antiqua, serif;\"><span style=\"font-size: large;\">By\u0142 naprawd\u0119 dobrym Cz\u0142owiekiem i wspania\u0142ym Ksi\u0119dzem. Mia\u0142 od lat klucze do naszego O\u015brodka Duszpasterstwa Akademickiego, gdzie w jednym z pokoik\u00f3w ci\u0105gle spowiada\u0142 niezliczon\u0105 armi\u0119 swoich sta\u0142ych Penitent\u00f3w. Umawia\u0142 si\u0119 z nimi na okre\u015blone godziny i wtedy przyje\u017cd\u017ca\u0142. <\/span><\/span><\/span><\/p>\n<p align=\"justify\"><span style=\"color: #000000;\"><span style=\"font-family: Book Antiqua, serif;\"><span style=\"font-size: large;\">Kiedy schodzi\u0142em do Kaplicy, albo kr\u0119ci\u0142em si\u0119 po O\u015brodku, stale \u201ewpada\u0142em\u201d na Niego. A i On wygl\u0105da\u0142 z pokoiku, gdy us\u0142ysza\u0142, \u017ce kto\u015b si\u0119 po O\u015brodku kr\u0119ci, bo chcia\u0142 zobaczy\u0107, czy wszystko jest w porz\u0105dku i czy kto\u015b przypadkiem nie wszed\u0142 w jakim\u015b z\u0142ym celu. W pokoiku tym zosta\u0142a Jego fioletowa stu\u0142a\u2026 <\/span><\/span><\/span><\/p>\n<p align=\"justify\"><span style=\"color: #000000;\"><span style=\"font-family: Book Antiqua, serif;\"><span style=\"font-size: large;\">Wybaczcie, ale na razie nie napisz\u0119 nic wi\u0119cej. Nie mog\u0119 zebra\u0107 my\u015bli\u2026 Chyba dobry komentarz zamie\u015bci\u0142 Biskup Grzegorz w tej wiadomo\u015bci, do kt\u00f3rej odsy\u0142am. Ksi\u0105dz Krzysztof odszed\u0142 tak, jak szed\u0142 przez \u017cycie \u2013 energicznie, pracowicie, ci\u0105gle w drodze na spotkanie z drugim cz\u0142owiekiem\u2026 Nic ze sob\u0105 nie zabra\u0142. Ale tak wiele nam pozostawi\u0142\u2026 Niech Pan Mu tam, u siebie, to wszystko wynagrodzi!<\/span><\/span><\/span><\/p>\n<p align=\"justify\"><span style=\"color: #000000;\"><span style=\"font-family: Book Antiqua, serif;\"><span style=\"font-size: large;\">A teraz zapraszam do pochylenia si\u0119 nad Bo\u017cym s\u0142owem dzisiejszej liturgii, do kt\u00f3rego rozwa\u017canie napisa\u0142 nasz nieoceniony Janek! S\u0142owo jak zawsze \u2013 radykalne i odwa\u017cne. A kiedy je czyta\u0142em, to pomy\u015bla\u0142em sobie, \u017ce tak dobrze oddaje atmosfer\u0119, zwi\u0105zan\u0105 z odej\u015bciem Ksi\u0119dza Krzysztofa. Chocia\u017c Janek, kiedy je pisa\u0142, nie m\u00f3g\u0142 o tym wiedzie\u0107. Pan rzeczywi\u015bcie m\u00f3wi do nas przez s\u0142owa, ale i wydarzenia. To si\u0119 wszystko u Niego jako\u015b \u0142\u0105czy\u2026<\/span><\/span><\/span><\/p>\n<p align=\"justify\"><span style=\"color: #000000;\"><span style=\"font-family: Book Antiqua, serif;\"><span style=\"font-size: large;\">Dzi\u0119kuj\u0119 Jankowi za to s\u0142owo, za przyk\u0142ad Jego \u017cycia, za ten Jego radykalizm. <\/span><\/span><\/span><\/p>\n<p align=\"justify\"><span style=\"color: #000000;\"><span style=\"font-family: Book Antiqua, serif;\"><span style=\"font-size: large;\">Pochylmy si\u0119 zatem nad Bo\u017cym przes\u0142aniem. <b>Co Pan konkretnie m\u00f3wi do mnie? <\/b>Duchu \u015awi\u0119ty, podpowiedz\u2026 <\/span><\/span><\/span><\/p>\n<p align=\"justify\"><span style=\"color: #000000;\"><span style=\"font-family: Book Antiqua, serif;\"><span style=\"font-size: large;\"><b>Niech Was b\u0142ogos\u0142awi B\u00f3g Wszechmog\u0105cy: Ojciec + i Syn, i Duch \u015awi\u0119ty. Amen<\/b><\/span><\/span><\/span><\/p>\n<p align=\"center\"><span style=\"color: #000000;\"><span style=\"font-family: Book Antiqua, serif;\"><span style=\"font-size: large;\">Gaudium et spes! Ks. Jacek<\/span><\/span><\/span><\/p>\n<p align=\"center\">\n<p align=\"center\">\n<p align=\"center\">\n<p align=\"center\">\n<p align=\"center\">\n<p align=\"justify\"><span style=\"color: #000000;\"><span style=\"font-family: Book Antiqua, serif;\"><span style=\"font-size: large;\"><b>Poniedzia\u0142ek 15 Tygodnia zwyk\u0142ego, rok I,<\/b><\/span><\/span><\/span><\/p>\n<p align=\"justify\"><span style=\"color: #000000;\"><span style=\"font-family: Book Antiqua, serif;\"><span style=\"font-size: large;\"><b>Wspomnienie \u015aw. Brunona Bonifacego z Kwerfurtu, <\/b><\/span><\/span><\/span><\/p>\n<p align=\"justify\"><span style=\"color: #000000;\"><span style=\"font-family: Book Antiqua, serif;\"><span style=\"font-size: large;\"><b>Biskupa i M\u0119czennika,<\/b><\/span><\/span><\/span><\/p>\n<p align=\"justify\"><span style=\"color: #000000;\"><span style=\"font-family: Book Antiqua, serif;\"><span style=\"font-size: large;\"><b>12 lipca 2021.,<\/b><\/span><\/span><\/span><\/p>\n<p align=\"justify\"><span style=\"color: #000000;\"><span style=\"font-family: Book Antiqua, serif;\"><span style=\"font-size: large;\"><b>do czyta\u0144: Wj 1,8\u201314.22; Mt 10,34\u201311,1<\/b><\/span><\/span><\/span><\/p>\n<p align=\"justify\">\n<p align=\"justify\">\n<p align=\"justify\">\n<p align=\"justify\">\n<p align=\"justify\">\n<p align=\"justify\"><span style=\"color: #000000;\"><span style=\"font-family: Book Antiqua, serif;\"><span style=\"font-size: large;\"><b>CZYTANIE Z KSI\u0118GI WYJ\u015aCIA:<\/b><\/span><\/span><\/span><\/p>\n<p align=\"justify\"><span style=\"color: #000000;\"><span style=\"font-family: Book Antiqua, serif;\"><span style=\"font-size: large;\"><b>Rz\u0105dy w Egipcie obj\u0105\u0142 nowy kr\u00f3l, kt\u00f3ry nie zna\u0142 J\u00f3zefa. I rzek\u0142 do swego ludu: \u201eOto lud syn\u00f3w Izraela jest liczniejszy i pot\u0119\u017cniejszy od nas. Roztropnie przeciw niemu wyst\u0105pmy; a\u017ceby si\u0119 przesta\u0142 rozmna\u017ca\u0107. W wypadku bowiem wojny m\u00f3g\u0142by si\u0119 po\u0142\u0105czy\u0107 z naszymi wrogami w walce przeciw nam, aby wyj\u015b\u0107 z tego kraju\u201d.<\/b><\/span><\/span><\/span><\/p>\n<p align=\"justify\"><span style=\"color: #000000;\"><span style=\"font-family: Book Antiqua, serif;\"><span style=\"font-size: large;\"><b>Ustanowiono nad nim prze\u0142o\u017conych rob\u00f3t publicznych, aby go uciskali ci\u0119\u017ckimi pracami. Budowano w\u00f3wczas dla faraona miasta na sk\u0142ady: Pitom i Ramses. Ale im wi\u0119cej go uciskano, tym bardziej si\u0119 rozmna\u017ca\u0142 i rozrasta\u0142, co jeszcze pot\u0119gowa\u0142o wstr\u0119t do syn\u00f3w Izraela. Egipcjanie nielito\u015bciwie zmuszali syn\u00f3w Izraela do ci\u0119\u017ckich prac i uprzykrzali im \u017cycie przez uci\u0105\u017cliw\u0105 prac\u0119 przy glinie i cegle oraz przez r\u00f3\u017cne prace na polu. Do tych wszystkich prac przymuszano ich nielito\u015bciwie. <\/b><\/span><\/span><\/span><\/p>\n<p align=\"justify\"><span style=\"color: #000000;\"><span style=\"font-family: Book Antiqua, serif;\"><span style=\"font-size: large;\"><b>Faraon wyda\u0142 wtedy ca\u0142emu narodowi rozkaz: \u201eWszystkich nowo narodzonych ch\u0142opc\u00f3w Hebrajczyk\u00f3w nale\u017cy wyrzuci\u0107 do rzeki, a dziewczynki pozostawi\u0107 przy \u017cyciu\u201d.<\/b><\/span><\/span><\/span><\/p>\n<p align=\"justify\">\n<p align=\"justify\">\n<p align=\"justify\">\n<p align=\"justify\">\n<p align=\"justify\">\n<p align=\"justify\"><span style=\"color: #000000;\"><span style=\"font-family: Book Antiqua, serif;\"><span style=\"font-size: large;\"><b>S\u0141OWA EWANGELII WED\u0141UG \u015aWI\u0118TEGO MATEUSZA:<\/b><\/span><\/span><\/span><\/p>\n<p align=\"justify\"><span style=\"color: #000000;\"><span style=\"font-family: Book Antiqua, serif;\"><span style=\"font-size: large;\"><b>Jezus powiedzia\u0142 do swoich aposto\u0142\u00f3w: \u201eNie s\u0105d\u017acie, \u017ce przyszed\u0142em pok\u00f3j przynie\u015b\u0107 na ziemi\u0119. Nie przyszed\u0142em przynie\u015b\u0107 pokoju, ale miecz. Bo przyszed\u0142em por\u00f3\u017cni\u0107 syna z jego ojcem, c\u00f3rk\u0119 z matk\u0105, synow\u0105 z te\u015bciow\u0105; i b\u0119d\u0105 nieprzyjaci\u00f3\u0142mi cz\u0142owieka jego domownicy.<\/b><\/span><\/span><\/span><\/p>\n<p align=\"justify\"><span style=\"color: #000000;\"><span style=\"font-family: Book Antiqua, serif;\"><span style=\"font-size: large;\"><b>Kto mi\u0142uje ojca lub matk\u0119 bardziej ni\u017c Mnie, nie jest Mnie godzien. I kto mi\u0142uje syna lub c\u00f3rk\u0119 bardziej ni\u017c Mnie, nie jest Mnie godzien. Kto nie bierze swego krzy\u017ca, a idzie za Mn\u0105, nie jest Mnie godzien. Kto chce znale\u017a\u0107 swe \u017cycie, straci je, a kto straci swe \u017cycie z mego powodu, znajdzie je.<\/b><\/span><\/span><\/span><\/p>\n<p align=\"justify\"><span style=\"color: #000000;\"><span style=\"font-family: Book Antiqua, serif;\"><span style=\"font-size: large;\"><b>Kto was przyjmuje, Mnie przyjmuje; a kto Mnie przyjmuje, przyjmuje Tego, kt\u00f3ry Mnie pos\u0142a\u0142.<\/b><\/span><\/span><\/span><\/p>\n<p align=\"justify\"><span style=\"color: #000000;\"><span style=\"font-family: Book Antiqua, serif;\"><span style=\"font-size: large;\"><b>Kto przyjmuje proroka jako proroka, nagrod\u0119 proroka otrzyma. Kto przyjmuje sprawiedliwego jako sprawiedliwego, nagrod\u0119 sprawiedliwego otrzyma.<\/b><\/span><\/span><\/span><\/p>\n<p align=\"justify\"><span style=\"color: #000000;\"><span style=\"font-family: Book Antiqua, serif;\"><span style=\"font-size: large;\"><b>Kto poda kubek \u015bwie\u017cej wody do picia jednemu z tych najmniejszych, dlatego \u017ce jest uczniem, zaprawd\u0119 powiadam wam, nie utraci swojej nagrody\u201d.<\/b><\/span><\/span><\/span><\/p>\n<p align=\"justify\"><span style=\"color: #000000;\"><span style=\"font-family: Book Antiqua, serif;\"><span style=\"font-size: large;\"><b>Gdy Jezus sko\u0144czy\u0142 dawa\u0107 te wskazania dwunastu swoim uczniom, odszed\u0142 stamt\u0105d, aby naucza\u0107 i g\u0142osi\u0107 Ewangeli\u0119 w ich miastach.<\/b><\/span><\/span><\/span><\/p>\n<p align=\"justify\">\n<p align=\"justify\">\n<p align=\"justify\">\n<p align=\"justify\">\n<p align=\"justify\">\n<p align=\"center\"><span style=\"font-size: large;\"><b><span style=\"color: #000000;\"><span style=\"font-family: Book Antiqua, serif;\">A <\/span><\/span><span style=\"color: #000000;\"><span style=\"font-family: Book Antiqua, serif;\">OTO S\u0141\u00d3WKO JANKA:<\/span><\/span><\/b><\/span><\/p>\n<p align=\"center\">\n<p align=\"center\">\n<p align=\"center\">\n<p align=\"center\">\n<p align=\"center\">\n<p align=\"justify\"><span style=\"color: #000000;\"><span style=\"font-family: Book Antiqua, serif;\"><span style=\"font-size: large;\">W dzisiejszym S\u0142owie Bo\u017cym, s\u0142yszymy o nowym kr\u00f3lu Egiptu, kt\u00f3ry nie zna\u0142 J\u00f3zefa i kt\u00f3ry obawia\u0142 si\u0119 syn\u00f3w Izraela. I gdy tak czyta\u0142em ten tekst i zacz\u0105\u0142em pisa\u0107 dzisiejsze s\u0142\u00f3wko, to mia\u0142em o czym\u015b innym w og\u00f3le napisa\u0107, lecz Duch \u015awi\u0119ty da\u0142 mi inne natchnienie. <\/span><\/span><\/span><\/p>\n<p align=\"justify\"><span style=\"color: #000000;\"><span style=\"font-family: Book Antiqua, serif;\"><span style=\"font-size: large;\">Przysz\u0142o mi na my\u015bl, \u017ce to dzisiejsze czytanie m\u00f3wi o \u017cyciu chrze\u015bcijanina, kt\u00f3ry bardziej ni\u017c faraon Hebrajczyk\u00f3w \u2013 powinien l\u0119ka\u0107 si\u0119 grzechu. Nieraz my, chrze\u015bcijanie, nie zdajemy sobie sprawy z tego, jakie wielkie konsekwencje ma grzech dla naszej duszy, dla naszej relacji z Najwy\u017cszym. Gdyby\u015bmy lepiej to wiedzieli i bardziej zdawali sobie spraw\u0119 z tego, jakie grzech ma konsekwencje, to by\u015bmy go o wiele bardziej unikali. Kr\u00f3l egipski, tak bardzo si\u0119 obawia\u0142, \u017ce gdyby dosz\u0142o do wojny, to synowie Izraela \u2013 tak liczni \u2013 po\u0142\u0105czyliby si\u0142y, aby pokona\u0107 Egipt. <\/span><\/span><\/span><\/p>\n<p align=\"justify\"><span style=\"color: #000000;\"><span style=\"font-family: Book Antiqua, serif;\"><span style=\"font-size: large;\">Dlatego rozkaza\u0142 zabija\u0107 nowo narodzonych ch\u0142opc\u00f3w Hebrajczyk\u00f3w, aby nar\u00f3d ten tak szybko si\u0119 nie rozmna\u017ca\u0142. Zadzia\u0142a\u0142 bardzo radykalnie, aby unikn\u0105\u0107 zagro\u017cenia, kt\u00f3rego si\u0119 obawia\u0142. Tylko, \u017ce tamto zagro\u017cenie by\u0142o nieprawdziwe. A czy my, chrze\u015bcijanie, tak samo zdecydowanie unikamy zagro\u017cenia prawdziwego?\u2026<\/span><\/span><\/span><\/p>\n<p align=\"justify\"><span style=\"color: #000000;\"><span style=\"font-family: Book Antiqua, serif;\"><span style=\"font-size: large;\">Diabe\u0142 jest \u2013 niestety \u2013 pot\u0119\u017cny i robi wszystko, co tylko mo\u017ce, aby dusz\u0119 cz\u0142owieka zabra\u0107 do siebie. Aby chocia\u017c jedn\u0105 owc\u0119 wyrwa\u0107 ze stada Pana. Lecz B\u00f3g jest jeszcze pot\u0119\u017cniejszy! Jezus udowodni\u0142 t\u0119 swoj\u0105 pot\u0119g\u0119, gdy zwyci\u0119\u017cy\u0142 ze \u015bmierci\u0105. Udowodni\u0142 to, gdy Aposto\u0142om da\u0142 dar odpuszczania grzech\u00f3w ludziom. <\/span><\/span><\/span><\/p>\n<p align=\"justify\"><span style=\"color: #000000;\"><span style=\"font-family: Book Antiqua, serif;\"><span style=\"font-size: large;\">Gdyby\u015bmy zapytali ludzi, czy boj\u0105 si\u0119 \u015bmierci, wszyscy zapewne odpowiedzieliby, \u017ce tak, boj\u0105 si\u0119 \u015bmierci. Jak ostatnio z Ks. Jackiem o tym rozmawia\u0142em, to m\u00f3wi\u0142, \u017ce my, ludzie o tym na co dzie\u0144 w og\u00f3le nie my\u015blimy. Owszem, nosimy gdzie\u015b w sobie t\u0119 \u015bwiadomo\u015b\u0107, ale uwa\u017camy \u015bmier\u0107 za co\u015b bardzo odleg\u0142ego\u2026 I to jest prawda. Ludzie o tym nie my\u015bl\u0105. A powinni. Powinni sobie stawia\u0107 pytanie, czy gdyby mnie Pan teraz wezwa\u0142 do Siebie, to czy by\u0142bym gotowy stan\u0105\u0107 przed obliczem Pana? Czy dosta\u0142bym si\u0119 do Nieba? <\/span><\/span><\/span><\/p>\n<p align=\"justify\"><span style=\"color: #000000;\"><span style=\"font-family: Book Antiqua, serif;\"><span style=\"font-size: large;\"><i><b>Nie znacie dnia, ani godziny!<\/b><\/i> \u2013 m\u00f3wi Jezus. B\u0142. Carlo Acutis, gdy umiera\u0142, m\u00f3wi\u0142 tak: <i><b>Ciesz\u0119 si\u0119, \u017ce umieram, poniewa\u017c prze\u017cy\u0142em swoje \u017cycie, nie trac\u0105c ani minuty na rzeczy, kt\u00f3re nie podobaj\u0105 si\u0119 Bogu.<\/b><\/i> On wiedzia\u0142, \u017ce jego \u017cycie podoba\u0142o si\u0119 Bogu. I my sami mo\u017cemy przekona\u0107 si\u0119, \u017ce B\u00f3g my\u015bla\u0142 podobnie, skoro da\u0142 ten znak, \u017ce cia\u0142o nie uleg\u0142o rozk\u0142adowi, a on sam zosta\u0142 og\u0142oszony b\u0142ogos\u0142awionym! <\/span><\/span><\/span><\/p>\n<p align=\"justify\"><span style=\"color: #000000;\"><span style=\"font-family: Book Antiqua, serif;\"><span style=\"font-size: large;\">On si\u0119 ba\u0142 grzechu. Dlatego go unika\u0142. Co tydzie\u0144 szed\u0142 do spowiedzi! Wiedzia\u0142, \u017ce nawet najmniejszy grzech, mo\u017ce zasmuci\u0107 Boga. A my? A czy my boimy si\u0119 grzechu? <\/span><\/span><\/span><\/p>\n<p align=\"justify\"><span style=\"color: #000000;\"><span style=\"font-family: Book Antiqua, serif;\"><span style=\"font-size: large;\">Mo\u017cna odnie\u015b\u0107 wra\u017cenie, \u017ce wi\u0119kszo\u015b\u0107 ludzi si\u0119 nie boi. Nawet namawiaj\u0105 innych go grzechy! To jest smutne\u2026 \u017byjemy w czasach, w kt\u00f3rych wyra\u017anie wida\u0107, jak wielu ludzi si\u0119 pogubi\u0142o, wielu ludzi posz\u0142o za technologi\u0105, za \u015bwiatem bez Boga. Wielu w og\u00f3le zapomina o Bogu. Nie potrafi\u0105 znale\u017a\u0107 dla Niego czasu. <\/span><\/span><\/span><\/p>\n<p align=\"justify\"><span style=\"color: #000000;\"><span style=\"font-family: Book Antiqua, serif;\"><span style=\"font-size: large;\">Gdy teraz nieco cz\u0119\u015bciej chodz\u0119 do ko\u015bcio\u0142a, bo wakacje pozwalaj\u0105 na to, to widz\u0119, \u017ce ludzi m\u0142odych, kt\u00f3rzy przyszliby w tygodniu tak \u201ez w\u0142asnej woli\u201d \u2013 w og\u00f3le nie wida\u0107. Dobrze, \u017ce chocia\u017c w niedziele przyjd\u0105, lecz to jest minimum \u2013 mo\u017cna by rzec, \u017ce konieczno\u015b\u0107. Takie minimum dla osoby, kt\u00f3ra kocha Boga! <\/span><\/span><\/span><\/p>\n<p align=\"justify\"><span style=\"color: #000000;\"><span style=\"font-family: Book Antiqua, serif;\"><span style=\"font-size: large;\">I pomy\u015ble\u0107, \u017ce starsi ludzie kiedy\u015b odejd\u0105 i nie b\u0119dzie ich ju\u017c na tych codziennych Mszach \u015awi\u0119tych\u2026 Jak wtedy w tygodniu b\u0119dzie wygl\u0105da\u0142 ko\u015bci\u00f3\u0142? Pozostanie pusty?\u2026 <\/span><\/span><\/span><\/p>\n<p align=\"justify\"><span style=\"color: #000000;\"><span style=\"font-family: Book Antiqua, serif;\"><span style=\"font-size: large;\">Tak jak w Ewangelii dzi\u015b Jezus m\u00f3wi do nas: <i><b>Kto mi\u0142uje ojca lub matk\u0119 bardziej ni\u017c Mnie, nie jest Mnie godzien. I kto mi\u0142uje syna lub c\u00f3rk\u0119 bardziej ni\u017c Mnie, nie jest Mnie godzien. Kto nie bierze swego krzy\u017ca, a idzie za Mn\u0105, nie jest Mnie godzien. Kto chce znale\u017a\u0107 swe \u017cycie, straci je, a kto straci swe \u017cycie z mego powodu, znajdzie je.<\/b><\/i> Nic ludziom nie pomog\u0105 rzeczy doczesne, je\u017celi bardziej nie b\u0119d\u0105 mi\u0142owa\u0107 Boga. Co wtedy b\u0119d\u0105 znaczy\u0142y takie rzeczy, jak np. komputer, alkohol, papierosy, ale tak\u017ce spotkania ze znajomymi. Czy to wszystko da nam \u017cycie wieczne? <\/span><\/span><\/span><\/p>\n<p align=\"justify\"><span style=\"color: #000000;\"><span style=\"font-family: Book Antiqua, serif;\"><span style=\"font-size: large;\">Tak jak ju\u017c kiedy\u015b pisa\u0142em, cz\u0119sto widzimy m\u0142odych ludzi, kt\u00f3rzy spotykaj\u0105 si\u0119 ze swymi kolegami. I ci koledzy te\u017c przecie\u017c s\u0105 wierz\u0105cymi i nawet praktykuj\u0105cymi. Rodzi si\u0119 we mnie w\u00f3wczas takie pytanie: Czemu nie mogliby cho\u0107 raz p\u00f3j\u015b\u0107 razem na Msz\u0119 \u015awi\u0119t\u0105 i potem si\u0119 spotka\u0107? Oczywi\u015bcie, dobrze \u017ce utrzymuj\u0105 kontakt w prawdziwym \u017cyciu, a nie telefoniczny. Lecz czy nie mogliby postawi\u0107 tej przyja\u017ani na wy\u017cszym poziomie, \u0142\u0105cz\u0105c j\u0105 ze swoj\u0105 relacj\u0105 z Bogiem? <\/span><\/span><\/span><\/p>\n<p align=\"justify\"><span style=\"color: #000000;\"><span style=\"font-family: Book Antiqua, serif;\"><span style=\"font-size: large;\">Jezus przecie\u017c m\u00f3wi: <i><b>Kto chce znale\u017a\u0107 swe \u017cycie, straci je. <\/b><\/i>Zadajmy sobie czasem pytanie, czy to co robi\u0119, na pewno cieszy Boga? Czy robi\u0119 to, czego B\u00f3g ode mnie oczekuje? Nawet, gdyby znajomi si\u0119 obrazili, czy pod\u015bmiewali si\u0119 z nas \u2013 we\u017amy sw\u00f3j krzy\u017c i naprawd\u0119 id\u017amy za Jezusem! Tu na ziemi codziennie pracujemy na Niebo i nie mo\u017cemy tego czasu zmarnowa\u0107, bo tak naprawd\u0119 nie wiemy. ile nam tego czasu zosta\u0142o. <\/span><\/span><\/span><\/p>\n<p align=\"justify\"><span style=\"color: #000000;\"><span style=\"font-family: Book Antiqua, serif;\"><span style=\"font-size: large;\">R\u00f3bmy tak, aby\u015bmy mogli \u2013 odchodz\u0105c z tego \u015bwiata \u2013 powiedzie\u0107 to w\u0142a\u015bnie, co w ostatnim momencie swego \u017cycia powiedzia\u0142 B\u0142ogos\u0142awiony Carlo Acutis: <i><b>Ciesz\u0119 si\u0119, \u017ce umieram, poniewa\u017c prze\u017cy\u0142em swoje \u017cycie, nie trac\u0105c ani minuty na rzeczy, kt\u00f3re nie podobaj\u0105 si\u0119 Bogu!<\/b><\/i><\/span><\/span><\/span><\/p>\n","protected":false},"excerpt":{"rendered":"<p>Szcz\u0119\u015b\u0107 Bo\u017ce! Moi Drodzy, w dniu dzisiejszym urodziny (jak czyta\u0107 nieco odwrotnie t\u0119 liczb\u0119, to dwudzieste si\u00f3dme) prze\u017cywa nasz Tato, Jan Ja\u015bkowski. Dzi\u0119kuj\u0105c za pi\u0119kny przyk\u0142ad codziennej troski o chor\u0105 \u017bon\u0119, wytrwa\u0142ej troski i wspierania na wszelkie sposoby tr\u00f3jki Dzieci oraz cierpliwej opieki nad tr\u00f3jk\u0105 Wnuk\u00f3w, ca\u0142\u0105 Rodzin\u0105 \u017cyczymy nigdy nie gasn\u0105cego optymizmu, rado\u015bci i [&hellip;]<\/p>\n","protected":false},"author":1,"featured_media":0,"comment_status":"open","ping_status":"open","sticky":false,"template":"","format":"standard","meta":{"jetpack_post_was_ever_published":false,"_jetpack_newsletter_access":"","_jetpack_dont_email_post_to_subs":false,"_jetpack_newsletter_tier_id":0,"_jetpack_memberships_contains_paywalled_content":false,"_jetpack_memberships_contains_paid_content":false,"footnotes":""},"categories":[1],"tags":[],"class_list":["post-19189","post","type-post","status-publish","format-standard","hentry","category-bez-kategorii"],"yoast_head":"<!-- This site is optimized with the Yoast SEO plugin v25.1 - https:\/\/yoast.com\/wordpress\/plugins\/seo\/ -->\n<title>Kto chce znale\u017a\u0107 swe \u017cycie... - Gaudium Et Spes<\/title>\n<meta name=\"robots\" content=\"index, follow, max-snippet:-1, max-image-preview:large, max-video-preview:-1\" \/>\n<link rel=\"canonical\" href=\"https:\/\/gaudiumetspes-blog.pl\/index.php\/2021\/07\/12\/kto-chce-znalezc-swe-zycie\/\" \/>\n<meta property=\"og:locale\" content=\"pl_PL\" \/>\n<meta property=\"og:type\" content=\"article\" \/>\n<meta property=\"og:title\" content=\"Kto chce znale\u017a\u0107 swe \u017cycie... - Gaudium Et Spes\" \/>\n<meta property=\"og:description\" content=\"Szcz\u0119\u015b\u0107 Bo\u017ce! Moi Drodzy, w dniu dzisiejszym urodziny (jak czyta\u0107 nieco odwrotnie t\u0119 liczb\u0119, to dwudzieste si\u00f3dme) prze\u017cywa nasz Tato, Jan Ja\u015bkowski. Dzi\u0119kuj\u0105c za pi\u0119kny przyk\u0142ad codziennej troski o chor\u0105 \u017bon\u0119, wytrwa\u0142ej troski i wspierania na wszelkie sposoby tr\u00f3jki Dzieci oraz cierpliwej opieki nad tr\u00f3jk\u0105 Wnuk\u00f3w, ca\u0142\u0105 Rodzin\u0105 \u017cyczymy nigdy nie gasn\u0105cego optymizmu, rado\u015bci i [&hellip;]\" \/>\n<meta property=\"og:url\" content=\"https:\/\/gaudiumetspes-blog.pl\/index.php\/2021\/07\/12\/kto-chce-znalezc-swe-zycie\/\" \/>\n<meta property=\"og:site_name\" content=\"Gaudium Et Spes\" \/>\n<meta property=\"article:published_time\" content=\"2021-07-12T05:20:04+00:00\" \/>\n<meta name=\"author\" content=\"Ks. Jacek\" \/>\n<meta name=\"twitter:card\" content=\"summary_large_image\" \/>\n<meta name=\"twitter:label1\" content=\"Napisane przez\" \/>\n\t<meta name=\"twitter:data1\" content=\"Ks. Jacek\" \/>\n\t<meta name=\"twitter:label2\" content=\"Szacowany czas czytania\" \/>\n\t<meta name=\"twitter:data2\" content=\"10 minut\" \/>\n<script type=\"application\/ld+json\" class=\"yoast-schema-graph\">{\"@context\":\"https:\/\/schema.org\",\"@graph\":[{\"@type\":\"WebPage\",\"@id\":\"https:\/\/gaudiumetspes-blog.pl\/index.php\/2021\/07\/12\/kto-chce-znalezc-swe-zycie\/\",\"url\":\"https:\/\/gaudiumetspes-blog.pl\/index.php\/2021\/07\/12\/kto-chce-znalezc-swe-zycie\/\",\"name\":\"Kto chce znale\u017a\u0107 swe \u017cycie... - Gaudium Et Spes\",\"isPartOf\":{\"@id\":\"https:\/\/gaudiumetspes-blog.pl\/#website\"},\"datePublished\":\"2021-07-12T05:20:04+00:00\",\"author\":{\"@id\":\"https:\/\/gaudiumetspes-blog.pl\/#\/schema\/person\/1661982992b752dea8dff0d4ed845a65\"},\"breadcrumb\":{\"@id\":\"https:\/\/gaudiumetspes-blog.pl\/index.php\/2021\/07\/12\/kto-chce-znalezc-swe-zycie\/#breadcrumb\"},\"inLanguage\":\"pl-PL\",\"potentialAction\":[{\"@type\":\"ReadAction\",\"target\":[\"https:\/\/gaudiumetspes-blog.pl\/index.php\/2021\/07\/12\/kto-chce-znalezc-swe-zycie\/\"]}]},{\"@type\":\"BreadcrumbList\",\"@id\":\"https:\/\/gaudiumetspes-blog.pl\/index.php\/2021\/07\/12\/kto-chce-znalezc-swe-zycie\/#breadcrumb\",\"itemListElement\":[{\"@type\":\"ListItem\",\"position\":1,\"name\":\"Strona g\u0142\u00f3wna\",\"item\":\"https:\/\/gaudiumetspes-blog.pl\/\"},{\"@type\":\"ListItem\",\"position\":2,\"name\":\"Kto chce znale\u017a\u0107 swe \u017cycie&#8230;\"}]},{\"@type\":\"WebSite\",\"@id\":\"https:\/\/gaudiumetspes-blog.pl\/#website\",\"url\":\"https:\/\/gaudiumetspes-blog.pl\/\",\"name\":\"Gaudium Et Spes\",\"description\":\"Blog Ks. Jacka Ja\u015bkowskiego\",\"potentialAction\":[{\"@type\":\"SearchAction\",\"target\":{\"@type\":\"EntryPoint\",\"urlTemplate\":\"https:\/\/gaudiumetspes-blog.pl\/?s={search_term_string}\"},\"query-input\":{\"@type\":\"PropertyValueSpecification\",\"valueRequired\":true,\"valueName\":\"search_term_string\"}}],\"inLanguage\":\"pl-PL\"},{\"@type\":\"Person\",\"@id\":\"https:\/\/gaudiumetspes-blog.pl\/#\/schema\/person\/1661982992b752dea8dff0d4ed845a65\",\"name\":\"Ks. Jacek\",\"image\":{\"@type\":\"ImageObject\",\"inLanguage\":\"pl-PL\",\"@id\":\"https:\/\/gaudiumetspes-blog.pl\/#\/schema\/person\/image\/\",\"url\":\"https:\/\/gaudiumetspes-blog.pl\/wp-content\/uploads\/2019\/07\/avatar-JJ-150x150.jpg\",\"contentUrl\":\"https:\/\/gaudiumetspes-blog.pl\/wp-content\/uploads\/2019\/07\/avatar-JJ-150x150.jpg\",\"caption\":\"Ks. Jacek\"},\"description\":\"Witam serdecznie! K\u0142ania si\u0119 Ks. Jacek Ja\u015bkowski. Nie jestem ani kim\u015b wa\u017cnym, ani kim\u015b znanym. Jestem ksi\u0119dzem, kt\u00f3ry po prostu chce rozmawia\u0107. Codzienna kap\u0142a\u0144ska pos\u0142uga pokazuje mi, \u017ce temat\u00f3w do rozm\u00f3w z ksi\u0119dzem jest coraz wi\u0119cej i dzisiaj \u017caden ksi\u0105dz nie mo\u017ce od nich ucieka\u0107, ale - wprost przeciwnie - podejmowa\u0107 nowe wyzwania. To przekonanie sk\u0142oni\u0142o mnie do pr\u00f3by otwarcia tego\u017c bloga, chocia\u017c okazji do rozm\u00f3w na co dzie\u0144 - w konfesjonale i poza nim - na szcz\u0119\u015bcie nie brakuje. My\u015bl\u0119 jednak, \u017ce ten blog b\u0119dzie jeszcze jednym sposobem i przestrzeni\u0105 nawi\u0105zania kontaktu z lud\u017ami dobrej woli, otwartymi na dialog.\",\"url\":\"https:\/\/gaudiumetspes-blog.pl\/index.php\/author\/ks-jacek\/\"}]}<\/script>\n<!-- \/ Yoast SEO plugin. -->","yoast_head_json":{"title":"Kto chce znale\u017a\u0107 swe \u017cycie... - Gaudium Et Spes","robots":{"index":"index","follow":"follow","max-snippet":"max-snippet:-1","max-image-preview":"max-image-preview:large","max-video-preview":"max-video-preview:-1"},"canonical":"https:\/\/gaudiumetspes-blog.pl\/index.php\/2021\/07\/12\/kto-chce-znalezc-swe-zycie\/","og_locale":"pl_PL","og_type":"article","og_title":"Kto chce znale\u017a\u0107 swe \u017cycie... - Gaudium Et Spes","og_description":"Szcz\u0119\u015b\u0107 Bo\u017ce! Moi Drodzy, w dniu dzisiejszym urodziny (jak czyta\u0107 nieco odwrotnie t\u0119 liczb\u0119, to dwudzieste si\u00f3dme) prze\u017cywa nasz Tato, Jan Ja\u015bkowski. Dzi\u0119kuj\u0105c za pi\u0119kny przyk\u0142ad codziennej troski o chor\u0105 \u017bon\u0119, wytrwa\u0142ej troski i wspierania na wszelkie sposoby tr\u00f3jki Dzieci oraz cierpliwej opieki nad tr\u00f3jk\u0105 Wnuk\u00f3w, ca\u0142\u0105 Rodzin\u0105 \u017cyczymy nigdy nie gasn\u0105cego optymizmu, rado\u015bci i [&hellip;]","og_url":"https:\/\/gaudiumetspes-blog.pl\/index.php\/2021\/07\/12\/kto-chce-znalezc-swe-zycie\/","og_site_name":"Gaudium Et Spes","article_published_time":"2021-07-12T05:20:04+00:00","author":"Ks. Jacek","twitter_card":"summary_large_image","twitter_misc":{"Napisane przez":"Ks. Jacek","Szacowany czas czytania":"10 minut"},"schema":{"@context":"https:\/\/schema.org","@graph":[{"@type":"WebPage","@id":"https:\/\/gaudiumetspes-blog.pl\/index.php\/2021\/07\/12\/kto-chce-znalezc-swe-zycie\/","url":"https:\/\/gaudiumetspes-blog.pl\/index.php\/2021\/07\/12\/kto-chce-znalezc-swe-zycie\/","name":"Kto chce znale\u017a\u0107 swe \u017cycie... - Gaudium Et Spes","isPartOf":{"@id":"https:\/\/gaudiumetspes-blog.pl\/#website"},"datePublished":"2021-07-12T05:20:04+00:00","author":{"@id":"https:\/\/gaudiumetspes-blog.pl\/#\/schema\/person\/1661982992b752dea8dff0d4ed845a65"},"breadcrumb":{"@id":"https:\/\/gaudiumetspes-blog.pl\/index.php\/2021\/07\/12\/kto-chce-znalezc-swe-zycie\/#breadcrumb"},"inLanguage":"pl-PL","potentialAction":[{"@type":"ReadAction","target":["https:\/\/gaudiumetspes-blog.pl\/index.php\/2021\/07\/12\/kto-chce-znalezc-swe-zycie\/"]}]},{"@type":"BreadcrumbList","@id":"https:\/\/gaudiumetspes-blog.pl\/index.php\/2021\/07\/12\/kto-chce-znalezc-swe-zycie\/#breadcrumb","itemListElement":[{"@type":"ListItem","position":1,"name":"Strona g\u0142\u00f3wna","item":"https:\/\/gaudiumetspes-blog.pl\/"},{"@type":"ListItem","position":2,"name":"Kto chce znale\u017a\u0107 swe \u017cycie&#8230;"}]},{"@type":"WebSite","@id":"https:\/\/gaudiumetspes-blog.pl\/#website","url":"https:\/\/gaudiumetspes-blog.pl\/","name":"Gaudium Et Spes","description":"Blog Ks. Jacka Ja\u015bkowskiego","potentialAction":[{"@type":"SearchAction","target":{"@type":"EntryPoint","urlTemplate":"https:\/\/gaudiumetspes-blog.pl\/?s={search_term_string}"},"query-input":{"@type":"PropertyValueSpecification","valueRequired":true,"valueName":"search_term_string"}}],"inLanguage":"pl-PL"},{"@type":"Person","@id":"https:\/\/gaudiumetspes-blog.pl\/#\/schema\/person\/1661982992b752dea8dff0d4ed845a65","name":"Ks. Jacek","image":{"@type":"ImageObject","inLanguage":"pl-PL","@id":"https:\/\/gaudiumetspes-blog.pl\/#\/schema\/person\/image\/","url":"https:\/\/gaudiumetspes-blog.pl\/wp-content\/uploads\/2019\/07\/avatar-JJ-150x150.jpg","contentUrl":"https:\/\/gaudiumetspes-blog.pl\/wp-content\/uploads\/2019\/07\/avatar-JJ-150x150.jpg","caption":"Ks. Jacek"},"description":"Witam serdecznie! K\u0142ania si\u0119 Ks. Jacek Ja\u015bkowski. Nie jestem ani kim\u015b wa\u017cnym, ani kim\u015b znanym. Jestem ksi\u0119dzem, kt\u00f3ry po prostu chce rozmawia\u0107. Codzienna kap\u0142a\u0144ska pos\u0142uga pokazuje mi, \u017ce temat\u00f3w do rozm\u00f3w z ksi\u0119dzem jest coraz wi\u0119cej i dzisiaj \u017caden ksi\u0105dz nie mo\u017ce od nich ucieka\u0107, ale - wprost przeciwnie - podejmowa\u0107 nowe wyzwania. To przekonanie sk\u0142oni\u0142o mnie do pr\u00f3by otwarcia tego\u017c bloga, chocia\u017c okazji do rozm\u00f3w na co dzie\u0144 - w konfesjonale i poza nim - na szcz\u0119\u015bcie nie brakuje. My\u015bl\u0119 jednak, \u017ce ten blog b\u0119dzie jeszcze jednym sposobem i przestrzeni\u0105 nawi\u0105zania kontaktu z lud\u017ami dobrej woli, otwartymi na dialog.","url":"https:\/\/gaudiumetspes-blog.pl\/index.php\/author\/ks-jacek\/"}]}},"jetpack_featured_media_url":"","jetpack_sharing_enabled":true,"_links":{"self":[{"href":"https:\/\/gaudiumetspes-blog.pl\/index.php\/wp-json\/wp\/v2\/posts\/19189","targetHints":{"allow":["GET"]}}],"collection":[{"href":"https:\/\/gaudiumetspes-blog.pl\/index.php\/wp-json\/wp\/v2\/posts"}],"about":[{"href":"https:\/\/gaudiumetspes-blog.pl\/index.php\/wp-json\/wp\/v2\/types\/post"}],"author":[{"embeddable":true,"href":"https:\/\/gaudiumetspes-blog.pl\/index.php\/wp-json\/wp\/v2\/users\/1"}],"replies":[{"embeddable":true,"href":"https:\/\/gaudiumetspes-blog.pl\/index.php\/wp-json\/wp\/v2\/comments?post=19189"}],"version-history":[{"count":1,"href":"https:\/\/gaudiumetspes-blog.pl\/index.php\/wp-json\/wp\/v2\/posts\/19189\/revisions"}],"predecessor-version":[{"id":19190,"href":"https:\/\/gaudiumetspes-blog.pl\/index.php\/wp-json\/wp\/v2\/posts\/19189\/revisions\/19190"}],"wp:attachment":[{"href":"https:\/\/gaudiumetspes-blog.pl\/index.php\/wp-json\/wp\/v2\/media?parent=19189"}],"wp:term":[{"taxonomy":"category","embeddable":true,"href":"https:\/\/gaudiumetspes-blog.pl\/index.php\/wp-json\/wp\/v2\/categories?post=19189"},{"taxonomy":"post_tag","embeddable":true,"href":"https:\/\/gaudiumetspes-blog.pl\/index.php\/wp-json\/wp\/v2\/tags?post=19189"}],"curies":[{"name":"wp","href":"https:\/\/api.w.org\/{rel}","templated":true}]}}