{"id":19237,"date":"2021-07-21T06:16:19","date_gmt":"2021-07-21T04:16:19","guid":{"rendered":"https:\/\/gaudiumetspes-blog.pl\/?p=19237"},"modified":"2021-07-21T06:18:39","modified_gmt":"2021-07-21T04:18:39","slug":"dary-z-nieba","status":"publish","type":"post","link":"https:\/\/gaudiumetspes-blog.pl\/index.php\/2021\/07\/21\/dary-z-nieba\/","title":{"rendered":"Dary z Nieba"},"content":{"rendered":"<p align=\"justify\"><span style=\"color: #000000;\"><span style=\"font-family: Book Antiqua, serif;\"><span style=\"font-size: large;\">Szcz\u0119\u015b\u0107 Bo\u017ce! Moi Drodzy, w dniu dzisiejszym <strong>urodziny prze\u017cywa Anna Ko\u0142odziejczuk, moja Fryzjerka z Bia\u0142ej Podlaskiej. Modl\u0119 si\u0119 dla Niej o sta\u0142y optymizm i rado\u015b\u0107 \u017cycia, z kt\u00f3rych jest znana. A przy okazji \u017cycz\u0119, aby ta ca\u0142a armia sta\u0142ych Klient\u00f3w, kt\u00f3rych ma od lat, nie zam\u0119czy\u0142a Jej wreszcie! Ja sam do nich si\u0119 zaliczam, dlatego wiem, \u017ce nasza Jubilatka zawsze odbiera telefony i zawsze jest do dyspozycji. Mog\u0142aby wi\u0119cej odpoczywa\u0107, wyje\u017cd\u017ca\u0107 na jaki\u015b d\u0142u\u017cszy urlop, a nie tylko kilka dni. Zatem \u2013 \u017cycz\u0119 wszelkiego dobra i si\u0142y!<\/strong><\/span><\/span><\/span><\/p>\n<p align=\"justify\"><span style=\"color: #000000;\"><span style=\"font-family: Book Antiqua, serif;\"><span style=\"font-size: large;\">Moi Drodzy, wczoraj wieczorem wr\u00f3cili\u015bmy z Pielgrzymki na Jasn\u0105 G\u00f3r\u0119. To by\u0142 dobry czas! Niech Pan sam pomna\u017ca jego owoce w \u017cyciu nas wszystkich, kt\u00f3rzy uczestniczyli\u015bmy we wsp\u00f3lnym pielgrzymowaniu.<\/span><\/span><\/span><\/p>\n<p align=\"justify\"><span style=\"color: #000000;\"><span style=\"font-family: Book Antiqua, serif;\"><span style=\"font-size: large;\">A teraz ju\u017c zapraszam do pochylenia si\u0119 nad Bo\u017cym s\u0142owem dzisiejszej liturgii. <b>Co konkretnie m\u00f3wi do mnie Pan? Co wa\u017cnego chce mi przekaza\u0107 \u2013 w kontek\u015bcie mojej \u017cyciowej sytuacji? <\/b>Niech Duch \u015awi\u0119ty pomo\u017ce to odkry\u0107!<\/span><\/span><\/span><\/p>\n<p align=\"justify\"><span style=\"color: #000000;\"><span style=\"font-family: Book Antiqua, serif;\"><span style=\"font-size: large;\"><b>Niech Was b\u0142ogos\u0142awi B\u00f3g Wszechmog\u0105cy: Ojciec + i Syn, i Duch \u015awi\u0119ty. Amen<\/b><\/span><\/span><\/span><\/p>\n<p align=\"center\"><span style=\"color: #000000;\"><span style=\"font-family: Book Antiqua, serif;\"><span style=\"font-size: large;\">Gaudium et spes! Ks. Jacek<\/span><\/span><\/span><\/p>\n<p align=\"center\">\n<p align=\"center\">\n<p align=\"center\">\n<p align=\"center\">\n<p align=\"center\">\n<p align=\"justify\"><span style=\"color: #000000;\"><span style=\"font-family: Book Antiqua, serif;\"><span style=\"font-size: large;\"><b>\u015aroda 16 Tygodnia zwyk\u0142ego, rok I,<\/b><\/span><\/span><\/span><\/p>\n<p align=\"justify\"><span style=\"color: #000000;\"><span style=\"font-family: Book Antiqua, serif;\"><span style=\"font-size: large;\"><b>21 lipca 2021., Siedlce,<\/b><\/span><\/span><\/span><\/p>\n<p align=\"justify\"><span style=\"color: #000000;\"><span style=\"font-family: Book Antiqua, serif;\"><span style=\"font-size: large;\"><b>do czyta\u0144: Wj 16,1\u20135. 9\u201315; Mt 13,1\u20139<\/b><\/span><\/span><\/span><\/p>\n<p align=\"justify\">\n<p align=\"justify\">\n<p align=\"justify\">\n<p align=\"justify\">\n<p align=\"justify\">\n<p align=\"justify\"><span style=\"font-family: Book Antiqua, serif;\"><strong><span style=\"color: #000000;\"><span style=\"font-size: large;\"><b>CZYTANIE Z KSI\u0118GI WYJ\u015aCIA:<\/b><\/span><\/span><\/strong><\/span><\/p>\n<p align=\"justify\"><span style=\"color: #000000;\"><span style=\"font-family: Book Antiqua, serif;\"><span style=\"font-size: large;\"><b>Synowie Izraela wyruszyli z Elim. Przyby\u0142o za\u015b ca\u0142e zgromadzenie syn\u00f3w Izraela na pustyni\u0119 Sin, po\u0142o\u017con\u0105 mi\u0119dzy Elim a Synajem, pi\u0119tnastego dnia drugiego miesi\u0105ca od ich wyj\u015bcia z ziemi egipskiej.<\/b><\/span><\/span><\/span><\/p>\n<p align=\"justify\"><span style=\"color: #000000;\"><span style=\"font-family: Book Antiqua, serif;\"><span style=\"font-size: large;\"><b>I zacz\u0119\u0142o szemra\u0107 na pustyni ca\u0142e zgromadzenie syn\u00f3w Izraela przeciw Moj\u017ceszowi i przeciw Aaronowi. Synowie Izraela m\u00f3wili im: \u201eOby\u015bmy pomarli z r\u0119ki Pana w ziemi egipskiej, gdzie\u015bmy zasiadali przed garnkami mi\u0119sa i jadali chleb do syto\u015bci! Wyprowadzili\u015bcie nas na t\u0119 pustyni\u0119, aby g\u0142odem umorzy\u0107 ca\u0142\u0105 t\u0119 rzesz\u0119\u201d.<\/b><\/span><\/span><\/span><\/p>\n<p align=\"justify\"><span style=\"color: #000000;\"><span style=\"font-family: Book Antiqua, serif;\"><span style=\"font-size: large;\"><b>Pan powiedzia\u0142 w\u00f3wczas do Moj\u017cesza: \u201eOto ze\u015bl\u0119 wam chleb z nieba, na kszta\u0142t deszczu. I b\u0119dzie wychodzi\u0142 lud, i ka\u017cdego dnia b\u0119dzie zbiera\u0142 wed\u0142ug potrzeby dziennej. Chc\u0119 ich tak\u017ce do\u015bwiadczy\u0107, czy p\u00f3jd\u0105 za moimi rozkazami, czy te\u017c nie. Lecz w dniu sz\u00f3stym zrobi\u0105 zapas tego, co przynios\u0105, a b\u0119dzie podw\u00f3jna ilo\u015b\u0107 tego, co b\u0119d\u0105 zbiera\u0107 codziennie\u201d.<\/b><\/span><\/span><\/span><\/p>\n<p align=\"justify\"><span style=\"color: #000000;\"><span style=\"font-family: Book Antiqua, serif;\"><span style=\"font-size: large;\"><b>Moj\u017cesz rzek\u0142 do Aarona: \u201ePowiedz ca\u0142emu zgromadzeniu syn\u00f3w Izraela: \u00abZbli\u017ccie si\u0119 do Pana, gdy\u017c s\u0142ysza\u0142 wasze szemrania\u00bb\u201d. W czasie przemowy Aarona do ca\u0142ego zgromadzenia syn\u00f3w Izraela spojrzeli ku pustyni i ukaza\u0142a si\u0119 im chwa\u0142a Pana w ob\u0142oku.<\/b><\/span><\/span><\/span><\/p>\n<p align=\"justify\"><span style=\"color: #000000;\"><span style=\"font-family: Book Antiqua, serif;\"><span style=\"font-size: large;\"><b>I przem\u00f3wi\u0142 Pan do Moj\u017cesza tymi s\u0142owami: \u201eS\u0142ysza\u0142em szemranie syn\u00f3w Izraela. Powiedz im tak: \u00abO zmierzchu b\u0119dziecie je\u015b\u0107 mi\u0119so, a rano nasycicie si\u0119 chlebem. Poznacie wtedy, \u017ce Ja, Pan, jestem waszym Bogiem\u00bb\u201d.<\/b><\/span><\/span><\/span><\/p>\n<p align=\"justify\"><span style=\"color: #000000;\"><span style=\"font-family: Book Antiqua, serif;\"><span style=\"font-size: large;\"><b>Rzeczywi\u015bcie wieczorem przylecia\u0142y przepi\u00f3rki i pokry\u0142y ob\u00f3z, a nazajutrz rano warstwa rosy le\u017ca\u0142a doko\u0142a obozu. Gdy si\u0119 warstwa rosy unios\u0142a ku g\u00f3rze, w\u00f3wczas na pustyni pozosta\u0142o co\u015b drobnego, ziarnistego, niby szron na ziemi. Na widok tego synowie Izraela pytali si\u0119 wzajemnie: \u201eManhu?\u201d, to znaczy: \u201eco to jest?\u201d \u2013 gdy\u017c nie wiedzieli, co to by\u0142o.<\/b><\/span><\/span><\/span><\/p>\n<p align=\"justify\"><span style=\"color: #000000;\"><span style=\"font-family: Book Antiqua, serif;\"><span style=\"font-size: large;\"><b>Wtedy powiedzia\u0142 do nich Moj\u017cesz: \u201eTo jest chleb, kt\u00f3ry daje wam Pan na pokarm\u201d.<\/b><\/span><\/span><\/span><\/p>\n<p align=\"justify\">\n<p align=\"justify\">\n<p align=\"justify\">\n<p align=\"justify\">\n<p align=\"justify\">\n<p align=\"justify\"><span style=\"font-family: Book Antiqua, serif;\"><strong><span style=\"color: #000000;\"><span style=\"font-size: large;\"><b>S\u0141OWA EWANGELII WED\u0141UG \u015aWI\u0118TEGO MATEUSZA:<\/b><\/span><\/span><\/strong><\/span><\/p>\n<p align=\"justify\"><span style=\"color: #000000;\"><span style=\"font-family: Book Antiqua, serif;\"><span style=\"font-size: large;\"><b>Tego dnia Jezus wyszed\u0142 z domu i usiad\u0142 nad jeziorem. Wnet zebra\u0142y si\u0119 ko\u0142o Niego t\u0142umy tak wielkie, \u017ce wszed\u0142 do \u0142odzi i usiad\u0142, a ca\u0142y lud sta\u0142 na brzegu. I m\u00f3wi\u0142 im wiele w przypowie\u015bciach tymi s\u0142owami:<\/b><\/span><\/span><\/span><\/p>\n<p align=\"justify\"><span style=\"color: #000000;\">\u201e<span style=\"font-family: Book Antiqua, serif;\"><span style=\"font-size: large;\"><b>Oto siewca wyszed\u0142 sia\u0107. A gdy sia\u0142, niekt\u00f3re ziarna pad\u0142y na drog\u0119, nadlecia\u0142y ptaki i wydzioba\u0142y je. Inne pad\u0142y na miejsca skaliste gdzie niewiele mia\u0142y ziemi; i wnet powschodzi\u0142y, bo gleba by\u0142a g\u0142\u0119boka. Lecz gdy s\u0142o\u0144ce wzesz\u0142o, przypali\u0142y si\u0119 i usch\u0142y, bo nie mia\u0142y korzenia. Inne znowu pad\u0142y miedzy ciernie, a ciernie wybuja\u0142y i zag\u0142uszy\u0142y je. Inne w ko\u0144cu pad\u0142y na ziemi\u0119 \u017cyzn\u0105 i plon wyda\u0142y, jedno stokrotny, drugie sze\u015b\u0107dziesi\u0119ciokrotny, a inne trzydziestokrotny. <\/b><\/span><\/span><\/span><\/p>\n<p align=\"justify\"><span style=\"color: #000000;\"><span style=\"font-family: Book Antiqua, serif;\"><span style=\"font-size: large;\"><b>Kto ma uszy, niechaj s\u0142ucha\u201d.<\/b><\/span><\/span><\/span><\/p>\n<p align=\"justify\">\n<p align=\"justify\">\n<p align=\"justify\">\n<p align=\"justify\">\n<p align=\"justify\">\n<p align=\"justify\"><span style=\"color: #000000;\"><span style=\"font-family: Book Antiqua, serif;\"><span style=\"font-size: large;\">Pierwsze dzisiejsze czytanie m\u00f3wi nam <b>o pokarmie, kt\u00f3ry \u2013 dos\u0142ownie \u2013 spad\u0142 z nieba.<\/b> Ewangelia m\u00f3wi <b>o ziarnie, padaj\u0105cym na ziemi\u0119,<\/b> na r\u00f3\u017cne rodzaje gleby, wskutek czego wydaje ono plon stokrotny, albo nieco mniejszy, albo nie wydaje go wcale. Jak po\u0142\u0105czy\u0107 oba te przes\u0142ania? <\/span><\/span><\/span><\/p>\n<p align=\"justify\"><span style=\"color: #000000;\"><span style=\"font-family: Book Antiqua, serif;\"><span style=\"font-size: large;\">Oczywi\u015bcie, mamy na uwadze, \u017ce w Ewangelii s\u0142yszymy przypowie\u015b\u0107 Jezusa, a wi\u0119c <b>nie dos\u0142owny opis jakiej\u015b historii, <\/b>kt\u00f3ra wydarzy\u0142a si\u0119 w narodzie wybranym, ale raczej obrazowe ukazanie \u2013 i to tak\u017ce nie tyle zasiewu i plonowania ziarna jako takiego, ale <b>Bo\u017cego s\u0142owa.<\/b> Natomiast w pierwszym czytaniu mamy do czynienia <b>z pokarmem doczesnym<\/b> \u2013 z chlebem i mi\u0119sem, a wi\u0119c po prostu z jedzeniem, kt\u00f3re B\u00f3g da\u0142 swemu narodowi, kiedy us\u0142ysza\u0142, jak ten szemrze przeciwko Niemu. Co zatem \u0142\u0105czy oba te przes\u0142ania? \u2013 zapytajmy raz jeszcze.<\/span><\/span><\/span><\/p>\n<p align=\"justify\"><span style=\"color: #000000;\"><span style=\"font-family: Book Antiqua, serif;\"><span style=\"font-size: large;\">Na pewno, w jednym i w drugim przypadku, mamy do czynienia <b>z darem Nieba:<\/b> zar\u00f3wno manna i przepi\u00f3rki, jak i ziarno Bo\u017cego s\u0142owa to dary Bo\u017ce, <b>spadaj\u0105ce dos\u0142ownie z Nieba,<\/b> w spos\u00f3b ca\u0142kowicie niezale\u017cny od cz\u0142owieka \u2013 w tym sensie, \u017ce nie jest on przyczyn\u0105 tego daru, nie jest jego \u017ar\u00f3d\u0142em. <b>To B\u00f3g, sam z siebie,<\/b> ze swojej dobroci i hojno\u015bci, obdarowuje cz\u0142owieka. <\/span><\/span><\/span><\/p>\n<p align=\"justify\"><span style=\"color: #000000;\"><span style=\"font-family: Book Antiqua, serif;\"><span style=\"font-size: large;\">Jeden i drugi dar <b>jest przeobfity: <\/b>nikomu go nie zabraknie. Izraelici na pustyni mogli si\u0119 <b>naje\u015b\u0107 do syta;<\/b> tak\u017ce ten, kto otrzymuje dar Bo\u017cego s\u0142owa, mo\u017ce go przyj\u0105\u0107 <b>dok\u0142adnie tyle, ile mo\u017ce,<\/b> ale na pewno du\u017co, du\u017co mniej, ani\u017celi B\u00f3g jest mu w stanie podarowa\u0107. <\/span><\/span><\/span><\/p>\n<p align=\"justify\"><span style=\"color: #000000;\"><span style=\"font-family: Book Antiqua, serif;\"><span style=\"font-size: large;\">W jednym zatem i w drugim przypadku wa\u017cne jest<b> nastawienie serca cz\u0142owieka<\/b> jako odbiorcy daru. W historii z Ksi\u0119gi Wyj\u015bcia s\u0142yszymy, \u017ce to nastawienie by\u0142o <b>z\u0142e ju\u017c na samym pocz\u0105tku,<\/b> zanim jeszcze B\u00f3g zes\u0142a\u0142 sw\u00f3j dar. Mo\u017cna nawet zaryzykowa\u0107 stwierdzenie, \u017ce owo szemranie syn\u00f3w Izraela<b> sprowokowa\u0142o Boga<\/b> do udzielenia daru. I w momencie, w kt\u00f3rym zosta\u0142 on zes\u0142any, spowodowa\u0142 rzeczywi\u015bcie <b>wielkie poruszenie w\u015br\u00f3d ludu.<\/b> Wiemy jednak z dalszych opis\u00f3w, \u017ce potem zwyczajnie znudzi\u0142 si\u0119 Izraelitom, dlatego znowu zacz\u0119li szemra\u0107! <\/span><\/span><\/span><\/p>\n<p align=\"justify\"><span style=\"color: #000000;\"><span style=\"font-family: Book Antiqua, serif;\"><span style=\"font-size: large;\">Z kolei, s\u0142uchacze Bo\u017cego s\u0142owa r\u00f3wnie\u017c <b>bardzo r\u00f3\u017cnie na nie reaguj\u0105: <\/b>albo przyjmuj\u0105 je otwartym sercem, albo ulegaj\u0105 r\u00f3\u017cnym okoliczno\u015bciom i ograniczeniom, kt\u00f3re sprawiaj\u0105, \u017ce S\u0142owo to pozostaje bezowocne w ich \u017cyciu. <\/span><\/span><\/span><\/p>\n<p align=\"justify\"><span style=\"color: #000000;\"><span style=\"font-family: Book Antiqua, serif;\"><span style=\"font-size: large;\">Musimy zatem zapyta\u0107 \u2013 i to w\u0142a\u015bnie po\u0142\u0105czy oba przes\u0142ania \u2013 <b>o otwarto\u015b\u0107 naszego serca na dary Bo\u017ce, <\/b>kt\u00f3re ka\u017cdego dnia otrzymujemy. Zar\u00f3wno na te <b>dary duchowe,<\/b> jak Bo\u017ce s\u0142owo i Sakramenty, jak te\u017c <b>dary doczesne,<\/b> a wi\u0119c chocia\u017cby pokarm, o kt\u00f3rym dzi\u015b mowa, ale te\u017c inne codzienne <b>znaki Bo\u017cej troski o nas,<\/b> jak wszelkie <b>dobre natchnienia<\/b> do podejmowania w\u0142a\u015bciwych decyzji i wybor\u00f3w w \u017cyciu; jak <b>pomoc Bo\u017ca <\/b>w rozwi\u0105zywaniu r\u00f3\u017cnych problem\u00f3w i bie\u017c\u0105cych spraw, jak tyle r\u00f3\u017cnych <b>drobnych, <\/b><b>dobrych okoliczno\u015bci,<\/b> kt\u00f3re maj\u0105 miejsce w naszym \u017cyciu, a kt\u00f3re pokazuj\u0105, \u017ce B\u00f3g naprawd\u0119 o nas nie zapomnia\u0142 \u2013 ani na moment. <\/span><\/span><\/span><\/p>\n<p align=\"justify\"><span style=\"color: #000000;\"><span style=\"font-family: Book Antiqua, serif;\"><span style=\"font-size: large;\"><b>Jak reagujemy<\/b> na to przeobfite dobro, darowane nam przez Boga. Czy je w og\u00f3le dostrzegamy? <b>Czy za nie dzi\u0119kujemy? <\/b>Czy mo\u017ce szemrzemy i narzekamy, \u017ce to nie tak, \u017ce nie takie, jak by\u015bmy chcieli, \u017ce za du\u017co, albo za ma\u0142o?\u2026 <\/span><\/span><\/span><\/p>\n<p align=\"justify\"><span style=\"color: #000000;\"><span style=\"font-family: Book Antiqua, serif;\"><span style=\"font-size: large;\">Moi Drodzy, chyba B\u00f3g ma z nami naprawd\u0119 niema\u0142o problem\u00f3w, bo ju\u017c czasami nie wie, jak nam dogodzi\u0107\u2026 Dlatego mo\u017ce <b>dzisiaj spr\u00f3bujmy wyostrzy\u0107 sw\u00f3j wzrok,<\/b> wyczuli\u0107 nasze serca, by dostrzec, co w\u0142a\u015bnie dzisiaj Pan nam podaruje \u2013 cho\u0107by to by\u0142o <b>co\u015b bardzo drobnego, <\/b>albo takiego codziennego, oczywistego dla nas \u2013 i podzi\u0119kujmy za to. <\/span><\/span><\/span><\/p>\n<p align=\"justify\"><span style=\"color: #000000;\"><span style=\"font-family: Book Antiqua, serif;\"><span style=\"font-size: large;\">Mo\u017ce to b\u0119dzie jaki\u015b <b>drobny gest \u017cyczliwo\u015bci<\/b> ze strony kogo\u015b z naszego otoczenia, a mo\u017ce jaka\u015b sprawa, kt\u00f3ra si\u0119 <b>szybko i dobrze rozwi\u0105\u017ce,<\/b> a mo\u017ce jaka\u015b <b>dobra wiadomo\u015b\u0107,<\/b> kt\u00f3ra do nas dotrze\u2026 Ju\u017c nie m\u00f3wi\u0105c o takich <b>sta\u0142ych znakach<\/b> Bo\u017cego czuwania nad nami, jak to chocia\u017cby, \u017ce w og\u00f3le \u017cyjemy, \u017ce cieszymy si\u0119 w miar\u0119 dobrym zdrowiem, \u017ce nie jeste\u015bmy g\u0142odni, \u017ce <b>nie \u017cyjemy w atmosferze wojny<\/b> i ci\u0105g\u0142ego zagro\u017cenia \u017cycia \u2013 i czego by tu jeszcze nie wymieni\u0107! <\/span><\/span><\/span><\/p>\n<p align=\"justify\"><span style=\"color: #000000;\"><span style=\"font-family: Book Antiqua, serif;\"><span style=\"font-size: large;\">Do tego trzeba nam jeszcze doda\u0107 to, o czym wprost dzisiaj s\u0142yszymy, a wi\u0119c o obdarowaniu <b>Bo\u017cym s\u0142owem, ale i Sakramentami,<\/b> ale i <b>natchnieniem do modlitwy <\/b>i mo\u017cliwo\u015bci\u0105 modlitwy\u2026 Znowu \u2013 ca\u0142y bezmiar Bo\u017cych dar\u00f3w! <\/span><\/span><\/span><\/p>\n<p align=\"justify\"><span style=\"color: #000000;\"><span style=\"font-family: Book Antiqua, serif;\"><span style=\"font-size: large;\">One wszystkie s\u0105 dla nas <b>na tyle codzienne i na tyle oczywiste,<\/b> \u017ce ich w wi\u0119kszo\u015bci nawet nie zauwa\u017camy, nie m\u00f3wi\u0105c ju\u017c o podzi\u0119kowaniu za nie! A przecie\u017c trzeba jeszcze pami\u0119ta\u0107 <b>o ich pomna\u017caniu,<\/b> o ich owocowaniu w naszym \u017cyciu! Ka\u017cde dobro bowiem, jakie otrzymujemy, zawiera w sobie <b>zobowi\u0105zanie do jego pomna\u017cania! <\/b>O tym nie mo\u017cemy zapomnie\u0107!<\/span><\/span><\/span><\/p>\n<p align=\"justify\"><span style=\"color: #000000;\"><span style=\"font-family: Book Antiqua, serif;\"><span style=\"font-size: large;\">Moi Drodzy, mamy wi\u0119c nad czym my\u015ble\u0107 \u2013 i jakie\u015b konkretne wnioski z tego my\u015blenia wyci\u0105gn\u0105\u0107\u2026 Zatem \u2013 dzisiaj \u0107wiczymy<b> dostrzeganie i docenianie Bo\u017cych dar\u00f3w w naszym \u017cyciu!<\/b><\/span><\/span><\/span><\/p>\n","protected":false},"excerpt":{"rendered":"<p>Szcz\u0119\u015b\u0107 Bo\u017ce! Moi Drodzy, w dniu dzisiejszym urodziny prze\u017cywa Anna Ko\u0142odziejczuk, moja Fryzjerka z Bia\u0142ej Podlaskiej. Modl\u0119 si\u0119 dla Niej o sta\u0142y optymizm i rado\u015b\u0107 \u017cycia, z kt\u00f3rych jest znana. A przy okazji \u017cycz\u0119, aby ta ca\u0142a armia sta\u0142ych Klient\u00f3w, kt\u00f3rych ma od lat, nie zam\u0119czy\u0142a Jej wreszcie! Ja sam do nich si\u0119 zaliczam, dlatego [&hellip;]<\/p>\n","protected":false},"author":1,"featured_media":0,"comment_status":"open","ping_status":"open","sticky":false,"template":"","format":"standard","meta":{"jetpack_post_was_ever_published":false,"_jetpack_newsletter_access":"","_jetpack_dont_email_post_to_subs":false,"_jetpack_newsletter_tier_id":0,"_jetpack_memberships_contains_paywalled_content":false,"_jetpack_memberships_contains_paid_content":false,"footnotes":""},"categories":[1],"tags":[],"class_list":["post-19237","post","type-post","status-publish","format-standard","hentry","category-bez-kategorii"],"yoast_head":"<!-- This site is optimized with the Yoast SEO plugin v25.1 - https:\/\/yoast.com\/wordpress\/plugins\/seo\/ -->\n<title>Dary z Nieba - Gaudium Et Spes<\/title>\n<meta name=\"robots\" content=\"index, follow, max-snippet:-1, max-image-preview:large, max-video-preview:-1\" \/>\n<link rel=\"canonical\" href=\"https:\/\/gaudiumetspes-blog.pl\/index.php\/2021\/07\/21\/dary-z-nieba\/\" \/>\n<meta property=\"og:locale\" content=\"pl_PL\" \/>\n<meta property=\"og:type\" content=\"article\" \/>\n<meta property=\"og:title\" content=\"Dary z Nieba - Gaudium Et Spes\" \/>\n<meta property=\"og:description\" content=\"Szcz\u0119\u015b\u0107 Bo\u017ce! Moi Drodzy, w dniu dzisiejszym urodziny prze\u017cywa Anna Ko\u0142odziejczuk, moja Fryzjerka z Bia\u0142ej Podlaskiej. Modl\u0119 si\u0119 dla Niej o sta\u0142y optymizm i rado\u015b\u0107 \u017cycia, z kt\u00f3rych jest znana. A przy okazji \u017cycz\u0119, aby ta ca\u0142a armia sta\u0142ych Klient\u00f3w, kt\u00f3rych ma od lat, nie zam\u0119czy\u0142a Jej wreszcie! Ja sam do nich si\u0119 zaliczam, dlatego [&hellip;]\" \/>\n<meta property=\"og:url\" content=\"https:\/\/gaudiumetspes-blog.pl\/index.php\/2021\/07\/21\/dary-z-nieba\/\" \/>\n<meta property=\"og:site_name\" content=\"Gaudium Et Spes\" \/>\n<meta property=\"article:published_time\" content=\"2021-07-21T04:16:19+00:00\" \/>\n<meta property=\"article:modified_time\" content=\"2021-07-21T04:18:39+00:00\" \/>\n<meta name=\"author\" content=\"Ks. Jacek\" \/>\n<meta name=\"twitter:card\" content=\"summary_large_image\" \/>\n<meta name=\"twitter:label1\" content=\"Napisane przez\" \/>\n\t<meta name=\"twitter:data1\" content=\"Ks. Jacek\" \/>\n\t<meta name=\"twitter:label2\" content=\"Szacowany czas czytania\" \/>\n\t<meta name=\"twitter:data2\" content=\"8 minut\" \/>\n<script type=\"application\/ld+json\" class=\"yoast-schema-graph\">{\"@context\":\"https:\/\/schema.org\",\"@graph\":[{\"@type\":\"WebPage\",\"@id\":\"https:\/\/gaudiumetspes-blog.pl\/index.php\/2021\/07\/21\/dary-z-nieba\/\",\"url\":\"https:\/\/gaudiumetspes-blog.pl\/index.php\/2021\/07\/21\/dary-z-nieba\/\",\"name\":\"Dary z Nieba - Gaudium Et Spes\",\"isPartOf\":{\"@id\":\"https:\/\/gaudiumetspes-blog.pl\/#website\"},\"datePublished\":\"2021-07-21T04:16:19+00:00\",\"dateModified\":\"2021-07-21T04:18:39+00:00\",\"author\":{\"@id\":\"https:\/\/gaudiumetspes-blog.pl\/#\/schema\/person\/1661982992b752dea8dff0d4ed845a65\"},\"breadcrumb\":{\"@id\":\"https:\/\/gaudiumetspes-blog.pl\/index.php\/2021\/07\/21\/dary-z-nieba\/#breadcrumb\"},\"inLanguage\":\"pl-PL\",\"potentialAction\":[{\"@type\":\"ReadAction\",\"target\":[\"https:\/\/gaudiumetspes-blog.pl\/index.php\/2021\/07\/21\/dary-z-nieba\/\"]}]},{\"@type\":\"BreadcrumbList\",\"@id\":\"https:\/\/gaudiumetspes-blog.pl\/index.php\/2021\/07\/21\/dary-z-nieba\/#breadcrumb\",\"itemListElement\":[{\"@type\":\"ListItem\",\"position\":1,\"name\":\"Strona g\u0142\u00f3wna\",\"item\":\"https:\/\/gaudiumetspes-blog.pl\/\"},{\"@type\":\"ListItem\",\"position\":2,\"name\":\"Dary z&nbsp;Nieba\"}]},{\"@type\":\"WebSite\",\"@id\":\"https:\/\/gaudiumetspes-blog.pl\/#website\",\"url\":\"https:\/\/gaudiumetspes-blog.pl\/\",\"name\":\"Gaudium Et Spes\",\"description\":\"Blog Ks. Jacka Ja\u015bkowskiego\",\"potentialAction\":[{\"@type\":\"SearchAction\",\"target\":{\"@type\":\"EntryPoint\",\"urlTemplate\":\"https:\/\/gaudiumetspes-blog.pl\/?s={search_term_string}\"},\"query-input\":{\"@type\":\"PropertyValueSpecification\",\"valueRequired\":true,\"valueName\":\"search_term_string\"}}],\"inLanguage\":\"pl-PL\"},{\"@type\":\"Person\",\"@id\":\"https:\/\/gaudiumetspes-blog.pl\/#\/schema\/person\/1661982992b752dea8dff0d4ed845a65\",\"name\":\"Ks. Jacek\",\"image\":{\"@type\":\"ImageObject\",\"inLanguage\":\"pl-PL\",\"@id\":\"https:\/\/gaudiumetspes-blog.pl\/#\/schema\/person\/image\/\",\"url\":\"https:\/\/gaudiumetspes-blog.pl\/wp-content\/uploads\/2019\/07\/avatar-JJ-150x150.jpg\",\"contentUrl\":\"https:\/\/gaudiumetspes-blog.pl\/wp-content\/uploads\/2019\/07\/avatar-JJ-150x150.jpg\",\"caption\":\"Ks. Jacek\"},\"description\":\"Witam serdecznie! K\u0142ania si\u0119 Ks. Jacek Ja\u015bkowski. Nie jestem ani kim\u015b wa\u017cnym, ani kim\u015b znanym. Jestem ksi\u0119dzem, kt\u00f3ry po prostu chce rozmawia\u0107. Codzienna kap\u0142a\u0144ska pos\u0142uga pokazuje mi, \u017ce temat\u00f3w do rozm\u00f3w z ksi\u0119dzem jest coraz wi\u0119cej i dzisiaj \u017caden ksi\u0105dz nie mo\u017ce od nich ucieka\u0107, ale - wprost przeciwnie - podejmowa\u0107 nowe wyzwania. To przekonanie sk\u0142oni\u0142o mnie do pr\u00f3by otwarcia tego\u017c bloga, chocia\u017c okazji do rozm\u00f3w na co dzie\u0144 - w konfesjonale i poza nim - na szcz\u0119\u015bcie nie brakuje. My\u015bl\u0119 jednak, \u017ce ten blog b\u0119dzie jeszcze jednym sposobem i przestrzeni\u0105 nawi\u0105zania kontaktu z lud\u017ami dobrej woli, otwartymi na dialog.\",\"url\":\"https:\/\/gaudiumetspes-blog.pl\/index.php\/author\/ks-jacek\/\"}]}<\/script>\n<!-- \/ Yoast SEO plugin. -->","yoast_head_json":{"title":"Dary z Nieba - Gaudium Et Spes","robots":{"index":"index","follow":"follow","max-snippet":"max-snippet:-1","max-image-preview":"max-image-preview:large","max-video-preview":"max-video-preview:-1"},"canonical":"https:\/\/gaudiumetspes-blog.pl\/index.php\/2021\/07\/21\/dary-z-nieba\/","og_locale":"pl_PL","og_type":"article","og_title":"Dary z Nieba - Gaudium Et Spes","og_description":"Szcz\u0119\u015b\u0107 Bo\u017ce! Moi Drodzy, w dniu dzisiejszym urodziny prze\u017cywa Anna Ko\u0142odziejczuk, moja Fryzjerka z Bia\u0142ej Podlaskiej. Modl\u0119 si\u0119 dla Niej o sta\u0142y optymizm i rado\u015b\u0107 \u017cycia, z kt\u00f3rych jest znana. A przy okazji \u017cycz\u0119, aby ta ca\u0142a armia sta\u0142ych Klient\u00f3w, kt\u00f3rych ma od lat, nie zam\u0119czy\u0142a Jej wreszcie! Ja sam do nich si\u0119 zaliczam, dlatego [&hellip;]","og_url":"https:\/\/gaudiumetspes-blog.pl\/index.php\/2021\/07\/21\/dary-z-nieba\/","og_site_name":"Gaudium Et Spes","article_published_time":"2021-07-21T04:16:19+00:00","article_modified_time":"2021-07-21T04:18:39+00:00","author":"Ks. Jacek","twitter_card":"summary_large_image","twitter_misc":{"Napisane przez":"Ks. Jacek","Szacowany czas czytania":"8 minut"},"schema":{"@context":"https:\/\/schema.org","@graph":[{"@type":"WebPage","@id":"https:\/\/gaudiumetspes-blog.pl\/index.php\/2021\/07\/21\/dary-z-nieba\/","url":"https:\/\/gaudiumetspes-blog.pl\/index.php\/2021\/07\/21\/dary-z-nieba\/","name":"Dary z Nieba - Gaudium Et Spes","isPartOf":{"@id":"https:\/\/gaudiumetspes-blog.pl\/#website"},"datePublished":"2021-07-21T04:16:19+00:00","dateModified":"2021-07-21T04:18:39+00:00","author":{"@id":"https:\/\/gaudiumetspes-blog.pl\/#\/schema\/person\/1661982992b752dea8dff0d4ed845a65"},"breadcrumb":{"@id":"https:\/\/gaudiumetspes-blog.pl\/index.php\/2021\/07\/21\/dary-z-nieba\/#breadcrumb"},"inLanguage":"pl-PL","potentialAction":[{"@type":"ReadAction","target":["https:\/\/gaudiumetspes-blog.pl\/index.php\/2021\/07\/21\/dary-z-nieba\/"]}]},{"@type":"BreadcrumbList","@id":"https:\/\/gaudiumetspes-blog.pl\/index.php\/2021\/07\/21\/dary-z-nieba\/#breadcrumb","itemListElement":[{"@type":"ListItem","position":1,"name":"Strona g\u0142\u00f3wna","item":"https:\/\/gaudiumetspes-blog.pl\/"},{"@type":"ListItem","position":2,"name":"Dary z&nbsp;Nieba"}]},{"@type":"WebSite","@id":"https:\/\/gaudiumetspes-blog.pl\/#website","url":"https:\/\/gaudiumetspes-blog.pl\/","name":"Gaudium Et Spes","description":"Blog Ks. Jacka Ja\u015bkowskiego","potentialAction":[{"@type":"SearchAction","target":{"@type":"EntryPoint","urlTemplate":"https:\/\/gaudiumetspes-blog.pl\/?s={search_term_string}"},"query-input":{"@type":"PropertyValueSpecification","valueRequired":true,"valueName":"search_term_string"}}],"inLanguage":"pl-PL"},{"@type":"Person","@id":"https:\/\/gaudiumetspes-blog.pl\/#\/schema\/person\/1661982992b752dea8dff0d4ed845a65","name":"Ks. Jacek","image":{"@type":"ImageObject","inLanguage":"pl-PL","@id":"https:\/\/gaudiumetspes-blog.pl\/#\/schema\/person\/image\/","url":"https:\/\/gaudiumetspes-blog.pl\/wp-content\/uploads\/2019\/07\/avatar-JJ-150x150.jpg","contentUrl":"https:\/\/gaudiumetspes-blog.pl\/wp-content\/uploads\/2019\/07\/avatar-JJ-150x150.jpg","caption":"Ks. Jacek"},"description":"Witam serdecznie! K\u0142ania si\u0119 Ks. Jacek Ja\u015bkowski. Nie jestem ani kim\u015b wa\u017cnym, ani kim\u015b znanym. Jestem ksi\u0119dzem, kt\u00f3ry po prostu chce rozmawia\u0107. Codzienna kap\u0142a\u0144ska pos\u0142uga pokazuje mi, \u017ce temat\u00f3w do rozm\u00f3w z ksi\u0119dzem jest coraz wi\u0119cej i dzisiaj \u017caden ksi\u0105dz nie mo\u017ce od nich ucieka\u0107, ale - wprost przeciwnie - podejmowa\u0107 nowe wyzwania. To przekonanie sk\u0142oni\u0142o mnie do pr\u00f3by otwarcia tego\u017c bloga, chocia\u017c okazji do rozm\u00f3w na co dzie\u0144 - w konfesjonale i poza nim - na szcz\u0119\u015bcie nie brakuje. My\u015bl\u0119 jednak, \u017ce ten blog b\u0119dzie jeszcze jednym sposobem i przestrzeni\u0105 nawi\u0105zania kontaktu z lud\u017ami dobrej woli, otwartymi na dialog.","url":"https:\/\/gaudiumetspes-blog.pl\/index.php\/author\/ks-jacek\/"}]}},"jetpack_featured_media_url":"","jetpack_sharing_enabled":true,"_links":{"self":[{"href":"https:\/\/gaudiumetspes-blog.pl\/index.php\/wp-json\/wp\/v2\/posts\/19237","targetHints":{"allow":["GET"]}}],"collection":[{"href":"https:\/\/gaudiumetspes-blog.pl\/index.php\/wp-json\/wp\/v2\/posts"}],"about":[{"href":"https:\/\/gaudiumetspes-blog.pl\/index.php\/wp-json\/wp\/v2\/types\/post"}],"author":[{"embeddable":true,"href":"https:\/\/gaudiumetspes-blog.pl\/index.php\/wp-json\/wp\/v2\/users\/1"}],"replies":[{"embeddable":true,"href":"https:\/\/gaudiumetspes-blog.pl\/index.php\/wp-json\/wp\/v2\/comments?post=19237"}],"version-history":[{"count":2,"href":"https:\/\/gaudiumetspes-blog.pl\/index.php\/wp-json\/wp\/v2\/posts\/19237\/revisions"}],"predecessor-version":[{"id":19239,"href":"https:\/\/gaudiumetspes-blog.pl\/index.php\/wp-json\/wp\/v2\/posts\/19237\/revisions\/19239"}],"wp:attachment":[{"href":"https:\/\/gaudiumetspes-blog.pl\/index.php\/wp-json\/wp\/v2\/media?parent=19237"}],"wp:term":[{"taxonomy":"category","embeddable":true,"href":"https:\/\/gaudiumetspes-blog.pl\/index.php\/wp-json\/wp\/v2\/categories?post=19237"},{"taxonomy":"post_tag","embeddable":true,"href":"https:\/\/gaudiumetspes-blog.pl\/index.php\/wp-json\/wp\/v2\/tags?post=19237"}],"curies":[{"name":"wp","href":"https:\/\/api.w.org\/{rel}","templated":true}]}}