{"id":19257,"date":"2021-07-24T07:08:24","date_gmt":"2021-07-24T05:08:24","guid":{"rendered":"https:\/\/gaudiumetspes-blog.pl\/?p=19257"},"modified":"2021-07-24T07:08:24","modified_gmt":"2021-07-24T05:08:24","slug":"czy-nie-posiales-dobrego-nasienia","status":"publish","type":"post","link":"https:\/\/gaudiumetspes-blog.pl\/index.php\/2021\/07\/24\/czy-nie-posiales-dobrego-nasienia\/","title":{"rendered":"Czy nie posia\u0142e\u015b dobrego nasienia?&#8230;"},"content":{"rendered":"<p align=\"justify\"><span style=\"color: #000000;\"><span style=\"font-family: Book Antiqua, serif;\"><span style=\"font-size: large;\">Szcz\u0119\u015b\u0107 Bo\u017ce! Moi Drodzy, w dniu dzisiejszym <b>imieniny prze\u017cywaj\u0105:<\/b><\/span><\/span><\/span><\/p>\n<p align=\"justify\"><span style=\"color: #000000;\">\u25ba<span style=\"font-family: Book Antiqua, serif;\"><span style=\"font-size: large;\"><b>Kinga Kaltenberg \u2013 nale\u017c\u0105ca w swoim czasie do jednej z m\u0142odzie\u017cowych Wsp\u00f3lnot;<\/b><\/span><\/span><\/span><\/p>\n<p align=\"justify\"><span style=\"color: #000000;\">\u25ba<span style=\"font-family: Book Antiqua, serif;\"><span style=\"font-size: large;\"><b>Kinga Gawry\u015b \u2013 moja by\u0142a Uczennica w Miastkowie Ko\u015bcielnym, Osoba bardzo zaanga\u017cowana w dzia\u0142alno\u015b\u0107 m\u0142odzie\u017cow\u0105 w tej\u017ce Parafii.<\/b><\/span><\/span><\/span><\/p>\n<p align=\"justify\"><span style=\"color: #000000;\"><span style=\"font-family: Book Antiqua, serif;\"><span style=\"font-size: large;\"><b>Obu Solenizantkom \u017cycz\u0119 takiego zjednoczenia z Panem, jakiego przyk\u0142ad daje Ich Patronka. Zapewniam o modlitwie!<\/b><\/span><\/span><\/span><\/p>\n<p align=\"justify\"><span style=\"color: #000000;\"><span style=\"font-family: Book Antiqua, serif;\"><span style=\"font-size: large;\">Moi Drodzy, dzisiaj moje s\u0142\u00f3wko \u2013 zamiast s\u0142\u00f3wka Ksi\u0119dza Leszka, kt\u00f3ry jest na urlopie i sam chcia\u0142em, aby odpocz\u0105\u0142, tak\u017ce od pisania rozwa\u017cania. Niech si\u0119 wy\u0142\u0105czy z tych codziennych spraw, kt\u00f3rymi naprawd\u0119 intensywnie zawsze \u017cyje \u2013 i z\u0142apie nowego ducha, nowych si\u0142! Tego zreszt\u0105 \u017cycz\u0119 Wszystkim odpoczywaj\u0105cym!<\/span><\/span><\/span><\/p>\n<p align=\"justify\"><span style=\"color: #000000;\"><span style=\"font-family: Book Antiqua, serif;\"><span style=\"font-size: large;\">A teraz ju\u017c zapraszam Wszystkich do pochylenia si\u0119 nad Bo\u017cym s\u0142owem dzisiejszej liturgii. <b>Co konkretnie m\u00f3wi do mnie Pan? Czego ode mnie oczekuje? Do czego mnie osobi\u015bcie wzywa?<\/b> Niech Duch \u015awi\u0119ty pomo\u017ce to rozpozna\u0107!<\/span><\/span><\/span><\/p>\n<p align=\"justify\"><span style=\"color: #000000;\"><span style=\"font-family: Book Antiqua, serif;\"><span style=\"font-size: large;\"><b>Niech Was b\u0142ogos\u0142awi B\u00f3g Wszechmog\u0105cy: Ojciec + i Syn, i Duch \u015awi\u0119ty. Amen<\/b><\/span><\/span><\/span><\/p>\n<p align=\"center\"><span style=\"color: #000000;\"><span style=\"font-family: Book Antiqua, serif;\"><span style=\"font-size: large;\">Gaudium et spes! Ks. Jacek<\/span><\/span><\/span><\/p>\n<p align=\"center\">\n<p align=\"center\">\n<p align=\"center\">\n<p align=\"center\">\n<p align=\"center\">\n<p align=\"justify\"><span style=\"color: #000000;\"><span style=\"font-family: Book Antiqua, serif;\"><span style=\"font-size: large;\"><b>Sobota 16 Tygodnia zwyk\u0142ego, rok I,<\/b><\/span><\/span><\/span><\/p>\n<p align=\"justify\"><span style=\"color: #000000;\"><span style=\"font-family: Book Antiqua, serif;\"><span style=\"font-size: large;\"><b>Wspomnienie \u015aw. Kingi, Dziewicy,<\/b><\/span><\/span><\/span><\/p>\n<p align=\"justify\"><span style=\"color: #000000;\"><span style=\"font-family: Book Antiqua, serif;\"><span style=\"font-size: large;\"><b>24 lipca 2021.,<\/b><\/span><\/span><\/span><\/p>\n<p align=\"justify\"><span style=\"color: #000000;\"><span style=\"font-family: Book Antiqua, serif;\"><span style=\"font-size: large;\"><b>do czyta\u0144: Wj 24,3\u20138; Mt 13,24\u201330<\/b><\/span><\/span><\/span><\/p>\n<p align=\"justify\">\n<p align=\"justify\">\n<p align=\"justify\">\n<p align=\"justify\">\n<p align=\"justify\">\n<p align=\"justify\"><span style=\"color: #000000;\"><span style=\"font-family: Book Antiqua, serif;\"><span style=\"font-size: large;\"><b>CZYTANIE Z KSI\u0118GI WYJ\u015aCIA: <\/b><\/span><\/span><\/span><\/p>\n<p align=\"justify\"><span style=\"color: #000000;\"><span style=\"font-family: Book Antiqua, serif;\"><span style=\"font-size: large;\"><b>Moj\u017cesz wr\u00f3ci\u0142 z Synaju i obwie\u015bci\u0142 ludowi wszystkie s\u0142owa Pana i wszystkie Jego zlecenia. Wtedy ca\u0142y lud odpowiedzia\u0142 jednog\u0142o\u015bnie: \u201eWszystkie s\u0142owa, jakie powiedzia\u0142 Pan, wype\u0142nimy\u201d. <\/b><\/span><\/span><\/span><\/p>\n<p align=\"justify\"><span style=\"color: #000000;\"><span style=\"font-family: Book Antiqua, serif;\"><span style=\"font-size: large;\"><b>Spisa\u0142 wi\u0119c Moj\u017cesz wszystkie s\u0142owa Pana. Nazajutrz wcze\u015bnie rano zbudowa\u0142 o\u0142tarz u st\u00f3p g\u00f3ry i postawi\u0142 dwana\u015bcie stel, stosownie do liczby dwunastu pokole\u0144 Izraela. Potem poleci\u0142 m\u0142odzie\u0144com z syn\u00f3w Izraela z\u0142o\u017cy\u0107 dla Pana ofiar\u0119 ca\u0142opaln\u0105 i ofiar\u0119 biesiadn\u0105 z cielc\u00f3w. Moj\u017cesz za\u015b wzi\u0105\u0142 po\u0142ow\u0119 krwi i wyla\u0142 j\u0105 do czar, a drug\u0105 po\u0142ow\u0105 krwi skropi\u0142 o\u0142tarz. <\/b><\/span><\/span><\/span><\/p>\n<p align=\"justify\"><span style=\"color: #000000;\"><span style=\"font-family: Book Antiqua, serif;\"><span style=\"font-size: large;\"><b>Wtedy wzi\u0105\u0142 Ksi\u0119g\u0119 Przymierza i czyta\u0142 j\u0105 g\u0142o\u015bno ludowi. I o\u015bwiadczyli: \u201eWszystko, co powiedzia\u0142 Pan, uczynimy i b\u0119dziemy pos\u0142uszni\u201d. Moj\u017cesz wzi\u0105\u0142 krew i pokropi\u0142 ni\u0105 lud, m\u00f3wi\u0105c: \u201eOto krew przymierza, kt\u00f3re Pan zawar\u0142 z wami na podstawie wszystkich tych s\u0142\u00f3w\u201d.<\/b><\/span><\/span><\/span><\/p>\n<p align=\"justify\">\n<p align=\"justify\">\n<p align=\"justify\">\n<p align=\"justify\">\n<p align=\"justify\">\n<p align=\"justify\"><span style=\"color: #000000;\"><span style=\"font-family: Book Antiqua, serif;\"><span style=\"font-size: large;\"><b>S\u0141OWA EWANGELII WED\u0141UG \u015aWI\u0118TEGO MATEUSZA:<\/b><\/span><\/span><\/span><\/p>\n<p align=\"justify\"><span style=\"color: #000000;\"><span style=\"font-family: Book Antiqua, serif;\"><span style=\"font-size: large;\"><b>Jezus opowiedzia\u0142 t\u0142umom t\u0119 przypowie\u015b\u0107: \u201eKr\u00f3lestwo niebieskie podobne jest do cz\u0142owieka, kt\u00f3ry posia\u0142 dobre nasienie na swojej roli. Lecz gdy ludzie spali, przyszed\u0142 jego nieprzyjaciel, nasia\u0142 chwastu mi\u0119dzy pszenic\u0119 i odszed\u0142. <\/b><\/span><\/span><\/span><\/p>\n<p align=\"justify\"><span style=\"color: #000000;\"><span style=\"font-family: Book Antiqua, serif;\"><span style=\"font-size: large;\"><b>A gdy zbo\u017ce wyros\u0142o i wypu\u015bci\u0142o k\u0142osy, wtedy pojawi\u0142 si\u0119 i chwast. S\u0142udzy gospodarza przyszli i zapytali go: \u00abPanie, czy nie posia\u0142e\u015b dobrego nasienia na swej roli? Sk\u0105d wi\u0119c si\u0119 wzi\u0105\u0142 na niej chwast?\u00bb Odpowiedzia\u0142 im: \u00abNieprzyjazny cz\u0142owiek to sprawi\u0142\u00bb. Rzekli mu s\u0142udzy: \u00abChcesz wi\u0119c, \u017ceby\u015bmy poszli i zebrali go?\u00bb <\/b><\/span><\/span><\/span><\/p>\n<p align=\"justify\"><span style=\"color: #000000;\"><span style=\"font-family: Book Antiqua, serif;\"><span style=\"font-size: large;\"><b>A on im odrzek\u0142: \u00abNie, by\u015bcie zbieraj\u0105c chwast nie wyrwali razem z nim i pszenicy. Pozw\u00f3lcie obojgu r\u00f3\u015b\u0107 a\u017c do \u017cniwa; a w czasie \u017cniwa powiem \u017ce\u0144com: Zbierzcie najpierw chwast i powi\u0105\u017ccie go w snopki na spalenie; pszenic\u0119 za\u015b zwie\u017acie do mego spichlerza\u00bb\u201d.<\/b><\/span><\/span><\/span><\/p>\n<p align=\"justify\">\n<p align=\"justify\">\n<p align=\"justify\">\n<p align=\"justify\">\n<p align=\"justify\">\n<p align=\"justify\"><span style=\"color: #000000;\"><span style=\"font-family: Book Antiqua, serif;\"><span style=\"font-size: large;\">Pewnie niejednokrotnie \u2013 w obliczu wyra\u017anej eskalacji z\u0142a w obecnym czasie i w rzeczywisto\u015bci, w kt\u00f3rej \u017cyjemy \u2013 zadawali\u015bmy sobie pytanie, <b>dlaczego tak jest? Sk\u0105d si\u0119 wzi\u0119\u0142o z\u0142o? <\/b>I dlaczego Pan w og\u00f3le pozwala na jego istnienie? Dlaczego dobro tak cz\u0119sto i przez tak wielu uwa\u017cane jest za oznak\u0119 s\u0142abo\u015bci lub naiwno\u015bci?\u2026 <\/span><\/span><\/span><\/p>\n<p align=\"justify\"><span style=\"color: #000000;\"><span style=\"font-family: Book Antiqua, serif;\"><span style=\"font-size: large;\">Pewnie d\u0142ugo by na ten temat mo\u017cna m\u00f3wi\u0107 i rozwa\u017ca\u0107, si\u0119gaj\u0105c <b>do pocz\u0105tk\u00f3w istnienia cz\u0142owieka<\/b> i do faktu, i\u017c zosta\u0142 on stworzony wolnym, a skoro tak, to mo\u017ce t\u0119 wolno\u015b\u0107 <b>skierowa\u0107 przeciwko Bogu <\/b>i opowiedzie\u0107 si\u0119 po stronie z\u0142a, a w\u00f3wczas to z\u0142o zdominuje ca\u0142e jego \u017cycie. <\/span><\/span><\/span><\/p>\n<p align=\"justify\"><span style=\"color: #000000;\"><span style=\"font-family: Book Antiqua, serif;\"><span style=\"font-size: large;\">Si\u0119gaj\u0105c jeszcze wcze\u015bniejszych okoliczno\u015bci i przyczyn, mogliby\u015bmy<b> wskaza\u0107 na szatana,<\/b> a wi\u0119c anio\u0142a, kt\u00f3ry jako duch wolny i czysty zosta\u0142 przez Boga stworzony i powo\u0142any do pe\u0142nienia Jego woli i s\u0142u\u017cenia Mu, a kt\u00f3ry <b>tej s\u0142u\u017cby odm\u00f3wi\u0142, <\/b>otwarcie buntuj\u0105c si\u0119 przeciwko swemu Bogu i poci\u0105gaj\u0105c za sob\u0105 ca\u0142\u0105 rzesz\u0119 takich samych, jak on, buntownik\u00f3w. A dzisiaj <b>ten z\u0142y duch kusi s\u0142abych ludzi,<\/b> sprowadzaj\u0105c ich na manowce b\u0142\u0119du. <\/span><\/span><\/span><\/p>\n<p align=\"justify\"><span style=\"color: #000000;\"><span style=\"font-family: Book Antiqua, serif;\"><span style=\"font-size: large;\">Tak w rozumieniu teologicznym wygl\u0105da sprawa z\u0142a w \u015bwiecie, a wi\u0119c <b>owego chwastu, kt\u00f3ry ro\u015bnie razem ze zbo\u017cem<\/b> i kt\u00f3rego gospodarz nie pozwala rusza\u0107 \u2013 a\u017c do czasu \u017cniwa, kiedy to zostanie on <b>oddzielony od zbo\u017ca<\/b> i definitywnie zniszczony. W taki spos\u00f3b Jezus, w swojej ewangelicznej przypowie\u015bci, uczy nas, \u017ce chocia\u017c z\u0142o rzeczywi\u015bcie jest obecne w \u015bwiecie, to jednak \u2013 po pierwsze \u2013 <b>nie jest ono chciane i zamierzone przez Boga. <\/b>Wyra\u017anie s\u0142yszymy, \u017ce chwastu nasia\u0142 \u00abcz\u0142owiek nieprzyjazny\u00bb \u2013 w\u00f3wczas, kiedy<b> ju\u017c wcze\u015bniej zosta\u0142o <\/b><b>posiane<\/b><b> dobre nasienie.<\/b> Zatem, <b>z\u0142o jest intruzem,<\/b> nieproszonym go\u015bciem, balastem. <\/span><\/span><\/span><\/p>\n<p align=\"justify\"><span style=\"color: #000000;\"><span style=\"font-family: Book Antiqua, serif;\"><span style=\"font-size: large;\">Po drugie \u2013 wyra\u017anie widzimy, \u017ce ewangeliczny gospodarz <b>nie by\u0142 zaskoczony wiadomo\u015bci\u0105 <\/b>swoich s\u0142ug, i\u017c w\u015br\u00f3d zbo\u017ca pojawi\u0142 si\u0119 chwast. On ju\u017c o tym wiedzia\u0142 \u2013 a nawet <b>wiedzia\u0142, sk\u0105d si\u0119 \u00f3w chwast tam wzi\u0105\u0142!<\/b> Zna\u0142 dok\u0142adnie przyczyn\u0119 jego pojawienia si\u0119! To nam u\u015bwiadamia, \u017ce dzia\u0142ania z\u0142ego ducha w \u015bwiecie s\u0105 <b>dobrze znane Bogu i przez Boga kontrolowane.<\/b> <\/span><\/span><\/span><\/p>\n<p align=\"justify\"><span style=\"color: #000000;\"><span style=\"font-family: Book Antiqua, serif;\"><span style=\"font-size: large;\">Oczywi\u015bcie, zasadnicze znaczenie w kwestii skuteczno\u015bci dzia\u0142ania z\u0142ego ducha ma zawsze <b>wolny wyb\u00f3r cz\u0142owieka, <\/b>bo je\u015bli cz\u0142owiek chce si\u0119 mu podda\u0107, to Bogu pozostanie tylko ten wyb\u00f3r uszanowa\u0107. <b>To jest w\u0142a\u015bnie wolno\u015b\u0107 cz\u0142owieka!<\/b> Je\u017celi jednak szuka on u Boga ratunku i chce si\u0119 wyzwoli\u0107 z mocy z\u0142ego, to <b>u Boga zawsze znajdzie pomoc.<\/b> Bo \u2013 jeszcze raz to powt\u00f3rzmy \u2013 B\u00f3g dok\u0142adnie widzi dzia\u0142ania szatana i nie pozwala mu uczyni\u0107 nadmiernej szkody cz\u0142owiekowi. <\/span><\/span><\/span><\/p>\n<p align=\"justify\"><span style=\"color: #000000;\"><span style=\"font-family: Book Antiqua, serif;\"><span style=\"font-size: large;\">I tylko na tej zasadzie z\u0142o mo\u017ce wsp\u00f3\u0142istnie\u0107 z dobrem do dnia S\u0105du \u2013 i\u017c jest ono <b>pod kontrol\u0105 i do cz\u0142owieka nale\u017cy wyb\u00f3r.<\/b> Je\u017celi b\u0119dzie <b>wybiera\u0142 dobro,<\/b> to ze strony Boga mo\u017ce liczy\u0107 na pomoc. Je\u017celi <b>wybierze z\u0142o<\/b> i przy tym wyborze b\u0119dzie si\u0119 upiera\u0142, to w dniu S\u0105du po prostu poniesie konsekwencje swojego w\u0142asnego wyboru. <\/span><\/span><\/span><\/p>\n<p align=\"justify\"><span style=\"color: #000000;\"><span style=\"font-family: Book Antiqua, serif;\"><span style=\"font-size: large;\">Oto w pierwszym dzisiejszym czytaniu, z Ksi\u0119gi Wyj\u015bcia, s\u0142yszymy, \u017ce kiedy <i><b>Moj\u017cesz wr\u00f3ci\u0142 z Synaju i obwie\u015bci\u0142 ludowi wszystkie s\u0142owa Pana i wszystkie Jego zlecenia, <\/b><\/i><i><b>w<\/b><\/i><i><b>tedy ca\u0142y lud odpowiedzia\u0142 jednog\u0142o\u015bnie: \u201eWszystkie s\u0142owa, jakie powiedzia\u0142 Pan, wype\u0142nimy\u201d.<\/b><\/i><b> <\/b>I jeszcze jeden raz, w dalszej cz\u0119\u015bci czytania, pada to zdanie: <i><b>Wszystko, co powiedzia\u0142 Pan, uczynimy i b\u0119dziemy pos\u0142uszni.<\/b><\/i><b> <\/b>To bardzo jasna decyzja i bardzo konkretny wyb\u00f3r. Niestety, wiemy, \u017ce p\u00f3\u017aniej <b>wielokrotnie nie potwierdzony<\/b> poszczeg\u00f3lnymi wyborami i dzia\u0142aniami. Ale w tym momencie dobra wola by\u0142a \u2013 i by\u0142 entuzjazm do wype\u0142nienia Bo\u017cej woli! <\/span><\/span><\/span><\/p>\n<p align=\"justify\"><span style=\"color: #000000;\"><span style=\"font-family: Book Antiqua, serif;\"><span style=\"font-size: large;\"><b>A jak wygl\u0105da moje nastawienie <\/b>do codziennego wype\u0142niania woli Bo\u017cej i \u017cycia po Bo\u017cemu? Na pewno, na tak postawione pytanie odpowiedzieliby\u015bmy <b>podobnie<\/b><b>, jak Izraelici Moj\u017ceszowi <\/b>\u2013 i to nie dwa razy, a dwie\u015bcie razy, a nawet tysi\u0105c razy! <b>Oczywi\u015bcie, b\u0119dziemy pos\u0142uszni,<\/b> b\u0119dziemy \u017cyli dok\u0142adnie tak, jak chce B\u00f3g. Jak to jednak jest w rzeczywisto\u015bci \u2013 to my dobrze wiemy! I jaka <b>przepa\u015b\u0107 nieraz dzieli<\/b> nasze deklaracje od naszej postawy \u2013 to my te\u017c wszyscy dobrze wiemy. <\/span><\/span><\/span><\/p>\n<p align=\"justify\"><span style=\"color: #000000;\"><span style=\"font-family: Book Antiqua, serif;\"><span style=\"font-size: large;\">Dlatego zanim zaczniemy narzeka\u0107 na obecno\u015b\u0107 z\u0142a w otaczaj\u0105cym nas \u015bwiecie i pyta\u0107 Boga, dlaczego na to pozwoli\u0142, <b>zajrzyjmy najpierw do swojego w\u0142asnego serca<\/b> i zobaczmy, czy tam przypadkiem nie ma takiego wymieszania dobra ze z\u0142em \u2013 na kt\u00f3re to wymieszanie akurat do\u015b\u0107 \u0142atwo si\u0119 godzimy?\u2026 <b>Zacznijmy tam wprowadza\u0107 porz\u0105dek<\/b> \u2013 nie czekaj\u0105c na dzie\u0144 S\u0105du. Bo wtedy b\u0119dzie ju\u017c na to za p\u00f3\u017ano\u2026 <\/span><\/span><\/span><\/p>\n<p align=\"justify\"><span style=\"color: #000000;\"><span style=\"font-family: Book Antiqua, serif;\"><span style=\"font-size: large;\">Dobrze o tym wiedzia\u0142a, dlatego swoje serce ca\u0142kowicie odda\u0142a Bogu Patronka dnia dzisiejszego, <b>\u015awi\u0119ta Kinga.<\/b> Co o niej wiemy?<\/span><\/span><\/span><\/p>\n<p align=\"justify\"><span style=\"color: #000000;\"><span style=\"font-size: large;\"><span style=\"font-family: Book Antiqua, serif;\"><b>Kinga,<\/b><\/span><span style=\"font-family: Book Antiqua, serif;\"> a inaczej: Kunegunda, <\/span><span style=\"font-family: Book Antiqua, serif;\"><b>urodzi\u0142a si\u0119 w 1234 roku,<\/b><\/span><span style=\"font-family: Book Antiqua, serif;\"> jako c\u00f3rka Beli IV, kr\u00f3la w\u0119gierskiego. By\u0142a siostr\u0105 \u015awi\u0119tej Ma\u0142gorzaty W\u0119gierskiej oraz B\u0142ogos\u0142awionej Jolanty. O latach m\u0142odo\u015bci Kingi nie wiemy nic \u2013 poza tym, \u017ce by\u0142a <\/span><span style=\"font-family: Book Antiqua, serif;\"><b>trzeci\u0105 z kolei c\u00f3rk\u0105<\/b><\/span><span style=\"font-family: Book Antiqua, serif;\"> i \u017ce do pi\u0105tego roku \u017cycia przebywa\u0142a na dworze kr\u00f3lewskim. Mia\u0142a dw\u00f3ch braci i pi\u0119\u0107 si\u00f3str. Mo\u017cemy przypuszcza\u0107, \u017ce otrzyma\u0142a <\/span><span style=\"font-family: Book Antiqua, serif;\"><b>g\u0142\u0119bokie wychowanie religijne <\/b><\/span><span style=\"font-family: Book Antiqua, serif;\">i pe\u0142ne \u2013 jak na owe czasy \u2013 wykszta\u0142cenie. <\/span><\/span><\/span><\/p>\n<p align=\"justify\"><span style=\"color: #000000;\"><span style=\"font-size: large;\"><span style=\"font-family: Book Antiqua, serif;\">Oko\u0142o roku <\/span><span style=\"font-family: Book Antiqua, serif;\"><b>1247 po\u015blubi\u0142a Boles\u0142awa,<\/b><\/span><span style=\"font-family: Book Antiqua, serif;\"> \u00f3wczesnego w\u0142adc\u0119 ksi\u0119stwa krakowsko \u2013 sandomierskiego <\/span><span style=\"font-family: Book Antiqua, serif;\">(du\u017co wcze\u015bniej odby\u0142y si\u0119 tak zwane zr\u0119kowiny, jednak ze wzgl\u0119du na bardzo m\u0142ody wiek Kingi do w\u0142a\u015bciwych za\u015blubin trzeba by\u0142o poczeka\u0107 kilka lat)<\/span><span style=\"font-family: Book Antiqua, serif;\">. A poniewa\u017c by\u0142 to czas <\/span><span style=\"font-family: Book Antiqua, serif;\"><b>najazd\u00f3w Tatar\u00f3w<\/b><\/span><span style=\"font-family: Book Antiqua, serif;\"> i wie\u015bci o ich barbarzy\u0144skich mordach dochodzi\u0142y do Polski coraz cz\u0119\u015bciej, Boles\u0142aw z King\u0105 opu\u015bcili Sandomierz i <\/span><span style=\"font-family: Book Antiqua, serif;\"><b>udali si\u0119 do Krakowa, a nast\u0119pnie uciekli na W\u0119gry<\/b><\/span><span style=\"font-family: Book Antiqua, serif;\"> w nadziei, \u017ce tam b\u0119dzie bezpieczniej. Jednak i tu nie znale\u017ali spokoju. Wojska w\u0119gierskie bowiem, w 1241 roku, ponios\u0142y kl\u0119sk\u0119. Dlatego Kinga uciek\u0142a z Boles\u0142awem na Morawy. <\/span><span style=\"font-family: Book Antiqua, serif;\"><b>Powr\u00f3cili do Polski w 1243 roku, <\/b><\/span><span style=\"font-family: Book Antiqua, serif;\">zatrzymuj\u0105c si\u0119 w Nowym Korczynie. <\/span><\/span><\/span><\/p>\n<p align=\"justify\"><span style=\"color: #000000;\"><span style=\"font-size: large;\"><span style=\"font-family: Book Antiqua, serif;\">I to w\u0142a\u015bnie tam Kinga nak\u0142oni\u0142a swego m\u0119\u017ca <\/span><span style=\"font-family: Book Antiqua, serif;\"><b>do zachowania dozgonnej czysto\u015bci,<\/b><\/span><span style=\"font-family: Book Antiqua, serif;\"> kt\u00f3r\u0105 \u015blubowali oboje na r\u0119ce biskupa krakowskiego Prandoty. Dlatego historia nada\u0142a Boles\u0142awowi przydomek \u201eWstydliwy\u201d. Wtedy tak\u017ce zapewne Kinga <\/span><span style=\"font-family: Book Antiqua, serif;\"><b>wpisa\u0142a si\u0119 do III Zakonu \u015awi\u0119tego Franciszka jako tercjarka. <\/b><\/span><span style=\"font-family: Book Antiqua, serif;\">I w<\/span><span style=\"font-family: Book Antiqua, serif;\"> tej formie czysto\u015bci ma\u0142\u017ce\u0144skiej <\/span><span style=\"font-family: Book Antiqua, serif;\">prze\u017cy\u0142a<\/span><b> <\/b><span style=\"font-family: Book Antiqua, serif;\">z Boles\u0142awem czterdzie\u015bci lat. <\/span><\/span><\/span><\/p>\n<p align=\"justify\"><span style=\"color: #000000;\"><span style=\"font-size: large;\"><span style=\"font-family: Book Antiqua, serif;\">W tym czasie <\/span><span style=\"font-family: Book Antiqua, serif;\">tak\u017ce <\/span><span style=\"font-family: Book Antiqua, serif;\">zapewne kilka razy odwiedza\u0142a rodzinne W\u0119gry. <\/span><span style=\"font-family: Book Antiqua, serif;\"><b>Sprowadzi\u0142a stamt\u0105d do Polski g\u00f3rnik\u00f3w,<\/b><\/span><span style=\"font-family: Book Antiqua, serif;\"> kt\u00f3rzy dokonali pierwszego odkrycia z\u0142<\/span><span style=\"font-family: Book Antiqua, serif;\">\u00f3\u017c<\/span><span style=\"font-family: Book Antiqua, serif;\"> soli w Bochni. St\u0105d <\/span><span style=\"font-family: Book Antiqua, serif;\">to<\/span><span style=\"font-family: Book Antiqua, serif;\"> powsta\u0142a pi\u0119kna legenda o cudownym odkryciu soli. Aby dopom\u00f3c w odbudowie zniszczonego przez Tatar\u00f3w kraju, <\/span><span style=\"font-family: Book Antiqua, serif;\"><b>Kinga ofiarowa\u0142a Boles\u0142awowi cz\u0119\u015b\u0107 swojego ogromnego posagu.<\/b><\/span><span style=\"font-family: Book Antiqua, serif;\"> Boles\u0142aw za to \u2013<\/span> <span style=\"font-family: Book Antiqua, serif;\">przywilejem z 2 marca 1252 roku \u2013<\/span> <span style=\"font-family: Book Antiqua, serif;\">odda\u0142 jej w wieczyste posiadanie ziemi\u0119 s\u0105deck\u0105.<\/span><\/span><\/span><\/p>\n<p align=\"justify\"><span style=\"color: #000000;\"><span style=\"font-size: large;\"><span style=\"font-family: Book Antiqua, serif;\"><b>Pomaga\u0142a <\/b><\/span><span style=\"font-family: Book Antiqua, serif;\"><b>ona<\/b><\/span><span style=\"font-family: Book Antiqua, serif;\"><b> swemu m\u0119\u017cowi<\/b><\/span><span style=\"font-family: Book Antiqua, serif;\"><b> w rz\u0105dach <\/b><\/span><span style=\"font-family: Book Antiqua, serif;\">nad obu ksi\u0119stwami: krakowskim i sandomierskim. <\/span><span style=\"font-family: Book Antiqua, serif;\">Wskazuje na to spora liczba wystawionych przez oboje ma\u0142\u017conk\u00f3w dokument\u00f3w. Hojnie wspiera\u0142a katedr\u0119 krakowsk\u0105, klasztory benedykty\u0144skie, cysterskie i franciszka\u0144skie. <\/span><span style=\"font-family: Book Antiqua, serif;\"><b>Ufundowa\u0142a wiele nowych ko\u015bcio\u0142\u00f3w i klasztor\u00f3w.<\/b><\/span><span style=\"font-family: Book Antiqua, serif;\"> W spos\u00f3b istotny <\/span><span style=\"font-family: Book Antiqua, serif;\"><b>przyczyni\u0142a si\u0119 do przeprowadzenia <\/b><\/span><span style=\"font-family: Book Antiqua, serif;\"><b>K<\/b><\/span><span style=\"font-family: Book Antiqua, serif;\"><b>anonizacji Biskupa Stanis\u0142awa ze Szczepanowa.<\/b><\/span><span style=\"font-family: Book Antiqua, serif;\"> Mia\u0142o to miejsce w roku 1253. To ona w\u0142a\u015bnie mia\u0142a wys\u0142a\u0107 do Rzymu poselstwo w tej sprawie i pokry\u0107 koszty zwi\u0105zane z t\u0105 misj\u0105. <\/span><\/span><\/span><\/p>\n<p align=\"justify\"><span style=\"color: #000000;\"><span style=\"font-size: large;\"><span style=\"font-family: Book Antiqua, serif;\">W dniu 7 grudnia 1279 roku umar\u0142 w Krakowie ksi\u0105\u017c\u0119 Boles\u0142aw Wstydliwy. D\u0142ugosz wspomina, \u017ce <\/span><span style=\"font-family: Book Antiqua, serif;\">B<\/span><span style=\"font-family: Book Antiqua, serif;\">iskup krakowski Pawe\u0142 i niekt\u00f3rzy z pan\u00f3w zaofiarowali Kindze rz\u0105dy. Ta jednak, kiedy poczu\u0142a si\u0119 wolna, postanowi\u0142a <\/span><span style=\"font-family: Book Antiqua, serif;\"><b>zrezygnowa\u0107 z w\u0142adzy i odda\u0107 si\u0119 wy\u0142\u0105cznie sprawie zbawienia w\u0142asnej duszy.<\/b><\/span><span style=\"font-family: Book Antiqua, serif;\"> Upatrzy\u0142a sobie klaryski ze Starego S\u0105cza jako zakon dla siebie najodpowiedniejszy \u2013 i do niego od razu po \u015bmierci m\u0119\u017ca wst\u0105pi\u0142a. Prawdopodobnie <\/span><span style=\"font-family: Book Antiqua, serif;\"><b>nie zajmowa\u0142a w nim \u017cadnych urz\u0119d\u00f3w.<\/b><\/span><span style=\"font-family: Book Antiqua, serif;\"> Jej staraniem by\u0142a natomiast rozbudowa i troska o byt materialny klasztoru. <\/span><\/span><\/span><\/p>\n<p align=\"justify\"><span style=\"color: #000000;\"><span style=\"font-size: large;\"><span style=\"font-family: Book Antiqua, serif;\">Prze\u017cy\u0142a<\/span><span style=\"font-family: Book Antiqua, serif;\"> tam dwana\u015bcie lat, poddaj\u0105c si\u0119 we wszystkim surowej regule. Tam te\u017c <\/span><span style=\"font-family: Book Antiqua, serif;\"><b>zmar\u0142a w dniu 24 lipca 1292 roku.<\/b><\/span> <span style=\"font-family: Book Antiqua, serif;\"><b>Beatyfikacja nast\u0105pi\u0142a dopiero 10 czerwca 1690 roku.<\/b><\/span><span style=\"font-family: Book Antiqua, serif;\"> A chocia\u017c dekrety, wydane przez Papie\u017ca Urbana VIII, zaleca\u0142y w sprawach beatyfikacyjnych i kanonizacyjnych jak najdalej posuni\u0119t\u0105 ostro\u017cno\u015b\u0107 i surowo\u015b\u0107, to jednak <\/span><span style=\"font-family: Book Antiqua, serif;\"><b>kult \u015bwi\u0105tobliwej <\/b><\/span><span style=\"font-family: Book Antiqua, serif;\"><b>K<\/b><\/span><span style=\"font-family: Book Antiqua, serif;\"><b>si\u0119\u017cnej trwa\u0142 od wiek\u00f3w.<\/b><\/span><span style=\"font-family: Book Antiqua, serif;\"> Sam fakt porzucenia przez ni\u0105 \u015bwiata i jego rozkoszy, oraz fakt wst\u0105pienia do <\/span><span style=\"font-family: Book Antiqua, serif;\"><b>najsurowszego zakonu \u017ce\u0144skiego,<\/b><\/span><span style=\"font-family: Book Antiqua, serif;\"> by\u0142 dowodem heroicznej \u015bwi\u0119to\u015bci Kingi. <\/span><\/span><\/span><\/p>\n<p align=\"justify\"><span style=\"color: #000000;\"><span style=\"font-size: large;\"><span style=\"font-family: Book Antiqua, serif;\">Pami\u0119\u0107 dzie\u0142 mi\u0142osierdzia chrze\u015bcija\u0144skiego, jak r\u00f3wnie\u017c instytucji pobo\u017cnych, kt\u00f3rych by\u0142a fundatork\u0105, by\u0142y bod\u017acem tego\u017c kultu, <\/span><span style=\"font-family: Book Antiqua, serif;\"><b>kt\u00f3ry po Beatyfikacji jeszcze wzr\u00f3s\u0142.<\/b><\/span><span style=\"font-family: Book Antiqua, serif;\"> By\u0142a powszechnie czczona przez okoliczny lud jako jego szczeg\u00f3lna Patronka. Do jej grobu nap\u0142ywali nieustannie pielgrzymi. <\/span><span style=\"font-family: Book Antiqua, serif;\"><b>Dlatego w 1999 roku Papie\u017c Jan Pawe\u0142 II <\/b><\/span><span style=\"font-family: Book Antiqua, serif;\">og\u0142osi\u0142 King\u0119<\/span><span style=\"font-family: Book Antiqua, serif;\"><b> \u015awi\u0119t\u0105.<\/b><\/span><\/span><\/span><\/p>\n<p align=\"justify\"><span style=\"color: #000000;\"><span style=\"font-size: large;\"><span style=\"font-family: Book Antiqua, serif;\">A oto fragment zachowanego dokumentu fundacyjnego klasztoru klarysek w Starym S\u0105czu: <\/span><\/span><\/span><\/p>\n<p align=\"justify\"><span style=\"color: #000000;\">\u201e<span style=\"font-size: large;\"><span style=\"font-family: Book Antiqua, serif;\">Nie znaj\u0105ca granic ludzka przewrotno\u015b\u0107 <\/span><span style=\"font-family: Book Antiqua, serif;\"><b>cz\u0119sto obala to, <\/b><\/span><span style=\"font-family: Book Antiqua, serif;\">co uczyniono dla dobra \u015bmiertelnych, a nawet i<\/span><span style=\"font-family: Book Antiqua, serif;\"><b> dzie\u0142a powsta\u0142e na chwa\u0142\u0119 i cze\u015b\u0107 wiekuistego i \u017cywego Boga.<\/b><\/span><span style=\"font-family: Book Antiqua, serif;\"> Aby zapobiec tak niecnemu post\u0119powaniu, stwierdzamy na pi\u015bmie i wobec \u015bwiadk\u00f3w, ku wiecznej pami\u0105tce tak wsp\u00f3\u0142czesnych, jak i potomnych:<\/span><\/span><\/span><\/p>\n<p align=\"justify\"><span style=\"color: #000000;\"><span style=\"font-size: large;\"><span style=\"font-family: Book Antiqua, serif;\">My Kunegunda, pani i w\u0142a\u015bcicielka S\u0105cza, wdowa po \u015bwi\u0119tej pami\u0119ci Boles\u0142awie, ksi\u0119ciu Krakowa i Sandomierza, pobo\u017cnie i dog\u0142\u0119bnie rozwa\u017cywszy, \u017ce w dniu zdania ostatecznego i szczeg\u00f3\u0142owego rachunku <\/span><span style=\"font-family: Book Antiqua, serif;\"><b>tylko czyny mi\u0142osierdzia b\u0119d\u0105 mog\u0142y przeb\u0142aga\u0107 i zjedna\u0107 surowego S\u0119dziego \u2013<\/b><\/span><span style=\"font-family: Book Antiqua, serif;\"> Tego, kt\u00f3ry daje \u017cycie sprawiedliwym, a na \u015bmier\u0107 wieczn\u0105 wydaje bezbo\u017cnych, i \u017ce tylko mi\u0142osiernym zostan\u0105 otwarte wrota wiekuistej szcz\u0119\u015bliwo\u015bci, postanawiamy: we wspomnianej wy\u017cej miejscowo\u015bci S\u0105cz ma by\u0107 <\/span><span style=\"font-family: Book Antiqua, serif;\"><b>za\u0142o\u017cony i wzniesiony klasztor Panien zakonu <\/b><\/span><span style=\"font-family: Book Antiqua, serif;\"><b>\u015a<\/b><\/span><span style=\"font-family: Book Antiqua, serif;\"><b>wi\u0119tej Klary, ku chwale Boga i \u015bwi\u0119tej Bogarodzicy Maryi<\/b><\/span><span style=\"font-family: Book Antiqua, serif;\"> oraz ku czci chwalebnego wyznawcy, B\u0142ogos\u0142awionego Franciszka, dla wzmocnienia naszej \u015bwi\u0119tej wiary i dla zbawienia duszy naszego ma\u0142\u017conka i naszej w\u0142asnej. <\/span><\/span><\/span><\/p>\n<p align=\"justify\"><span style=\"color: #000000;\"><span style=\"font-size: large;\"><span style=\"font-family: Book Antiqua, serif;\">W tym domu maj\u0105 zamieszka\u0107 ksieni i wsp\u00f3lnota si\u00f3str tego zakonu i s\u0142u\u017cy\u0107 Panu w boja\u017ani dniem i noc\u0105, a wyzbywszy si\u0119 woli w\u0142asnej, <\/span><span style=\"font-family: Book Antiqua, serif;\"><b>niech wyrzekn\u0105 si\u0119 siebie i swego mienia, i krocz\u0105 przed Bogiem w \u015bwi\u0119to\u015bci i sprawiedliwo\u015bci, <\/b><\/span><span style=\"font-family: Book Antiqua, serif;\">postanowiwszy wej\u015b\u0107 do \u017cycia, id\u0105c ciasn\u0105 drog\u0105 i w\u0105skim przej\u015bciem. <\/span><\/span><\/span><\/p>\n<p align=\"justify\"><span style=\"color: #000000;\"><span style=\"font-size: large;\"><span style=\"font-family: Book Antiqua, serif;\">S\u0142usznie <\/span><span style=\"font-family: Book Antiqua, serif;\"><b>trzeba je wesprze\u0107 w ich doczesnych potrzebach,<\/b><\/span><span style=\"font-family: Book Antiqua, serif;\"> bo w ten spos\u00f3b w pokoju i z oddaniem b\u0119d\u0105 s\u0142u\u017cy\u0142y Panu, otrzymaj\u0105 nagrod\u0119 pobo\u017cnego \u017cycia, a bli\u017anim przynios\u0105 owoce modlitw i dobry przyk\u0142ad. Chcemy zatem, by nie cierpia\u0142y niedostatku, <\/span><span style=\"font-family: Book Antiqua, serif;\"><b>a natomiast post\u0119powa\u0142y w \u017cyciu duchowym.<\/b><\/span> <\/span><\/span><\/p>\n<p align=\"justify\"><span style=\"color: #000000;\"><span style=\"font-size: large;\"><span style=\"font-family: Book Antiqua, serif;\">Dlatego zapisujemy im i przekazujemy na w\u0142asno\u015b\u0107 i na zawsze \u2013 <\/span><span style=\"font-family: Book Antiqua, serif;\"><b>wy\u017cej wymienion\u0105 miejscowo\u015b\u0107 S\u0105cz wraz ze wszystkimi dochodami,<\/b><\/span><span style=\"font-family: Book Antiqua, serif;\"> oddaj\u0105c je w r\u0119ce czcigodnego nam ojca w Chrystusie, brata Miko\u0142aja, prowincja\u0142a, kt\u00f3ry je przyjmuje w imieniu konwentu tych\u017ce Panien Zakonu \u015awi\u0119tej Klary, powag\u0105 wielebnego Macieja, kardyna\u0142a, protektora wy\u017cej wymienionego zakonu \u015awi\u0119tego Franciszka.<\/span><\/span><\/span><\/p>\n<p align=\"justify\"><span style=\"color: #000000;\"><span style=\"font-size: large;\"><span style=\"font-family: Book Antiqua, serif;\">W dow\u00f3d czego polecili\u015bmy <\/span><span style=\"font-family: Book Antiqua, serif;\"><b>spisa\u0107 niniejszy akt i opatrzy\u0107 go nasz\u0105 piecz\u0119ci\u0105, Roku Pa\u0144skiego 1280,<\/b><\/span><span style=\"font-family: Book Antiqua, serif;\"> w oktawie \u015bwi\u0119tych Aposto\u0142\u00f3w, w obecno\u015bci ksi\u0119cia Leszka, w\u0142adcy Krakowa, Sandomierza i Sieradza, kt\u00f3ry publicznie potwierdzi\u0142 niniejsz\u0105 darowizn\u0119 i przy\u0142o\u017cy\u0142 na niej sw\u0105 piecz\u0119\u0107.\u201d<\/span><\/span><\/span><\/p>\n<p align=\"justify\"><span style=\"color: #000000;\"><span style=\"font-size: large;\"><span style=\"font-family: Book Antiqua, serif;\">Tyle z dokumentu fundacyjnego, wydanego przez nasz\u0105 dzisiejsz\u0105 Patronk\u0119. <\/span><span style=\"font-family: Book Antiqua, serif;\">Wpatrzeni <\/span><span style=\"font-family: Book Antiqua, serif;\"><b>w jej postaw\u0119 <\/b><\/span><span style=\"font-family: Book Antiqua, serif;\"><b>mi\u0142o\u015bci do<\/b><\/span><span style=\"font-family: Book Antiqua, serif;\"><b> Bog<\/b><\/span><span style=\"font-family: Book Antiqua, serif;\"><b>a,<\/b><\/span><span style=\"font-family: Book Antiqua, serif;\"> wyra\u017caj\u0105cej si\u0119 w<\/span><span style=\"font-family: Book Antiqua, serif;\"> konsekwen<\/span><span style=\"font-family: Book Antiqua, serif;\">tnym<\/span><span style=\"font-family: Book Antiqua, serif;\"> pe\u0142nieniu Jego woli, a tak\u017ce zas\u0142uchani w Bo\u017ce s\u0142owo dzisiejszej liturgii, <\/span><span style=\"font-family: Book Antiqua, serif;\">raz jeszcze <\/span><span style=\"font-family: Book Antiqua, serif;\">pomy\u015blmy, co i jak robimy w tym celu, aby to <\/span><span style=\"font-family: Book Antiqua, serif;\"><b>dobro, a nie z\u0142o, mia\u0142o zasadniczy g\u0142os w naszym \u017cyciu i pierwsze miejsce w naszym sercu?\u2026<\/b><\/span><\/span><\/span><\/p>\n","protected":false},"excerpt":{"rendered":"<p>Szcz\u0119\u015b\u0107 Bo\u017ce! Moi Drodzy, w dniu dzisiejszym imieniny prze\u017cywaj\u0105: \u25baKinga Kaltenberg \u2013 nale\u017c\u0105ca w swoim czasie do jednej z m\u0142odzie\u017cowych Wsp\u00f3lnot; \u25baKinga Gawry\u015b \u2013 moja by\u0142a Uczennica w Miastkowie Ko\u015bcielnym, Osoba bardzo zaanga\u017cowana w dzia\u0142alno\u015b\u0107 m\u0142odzie\u017cow\u0105 w tej\u017ce Parafii. Obu Solenizantkom \u017cycz\u0119 takiego zjednoczenia z Panem, jakiego przyk\u0142ad daje Ich Patronka. Zapewniam o modlitwie! Moi [&hellip;]<\/p>\n","protected":false},"author":1,"featured_media":0,"comment_status":"open","ping_status":"open","sticky":false,"template":"","format":"standard","meta":{"jetpack_post_was_ever_published":false,"_jetpack_newsletter_access":"","_jetpack_dont_email_post_to_subs":false,"_jetpack_newsletter_tier_id":0,"_jetpack_memberships_contains_paywalled_content":false,"_jetpack_memberships_contains_paid_content":false,"footnotes":""},"categories":[1],"tags":[],"class_list":["post-19257","post","type-post","status-publish","format-standard","hentry","category-bez-kategorii"],"yoast_head":"<!-- This site is optimized with the Yoast SEO plugin v25.1 - https:\/\/yoast.com\/wordpress\/plugins\/seo\/ -->\n<title>Czy nie posia\u0142e\u015b dobrego nasienia?... - Gaudium Et Spes<\/title>\n<meta name=\"robots\" content=\"index, follow, max-snippet:-1, max-image-preview:large, max-video-preview:-1\" \/>\n<link rel=\"canonical\" href=\"https:\/\/gaudiumetspes-blog.pl\/index.php\/2021\/07\/24\/czy-nie-posiales-dobrego-nasienia\/\" \/>\n<meta property=\"og:locale\" content=\"pl_PL\" \/>\n<meta property=\"og:type\" content=\"article\" \/>\n<meta property=\"og:title\" content=\"Czy nie posia\u0142e\u015b dobrego nasienia?... - Gaudium Et Spes\" \/>\n<meta property=\"og:description\" content=\"Szcz\u0119\u015b\u0107 Bo\u017ce! Moi Drodzy, w dniu dzisiejszym imieniny prze\u017cywaj\u0105: \u25baKinga Kaltenberg \u2013 nale\u017c\u0105ca w swoim czasie do jednej z m\u0142odzie\u017cowych Wsp\u00f3lnot; \u25baKinga Gawry\u015b \u2013 moja by\u0142a Uczennica w Miastkowie Ko\u015bcielnym, Osoba bardzo zaanga\u017cowana w dzia\u0142alno\u015b\u0107 m\u0142odzie\u017cow\u0105 w tej\u017ce Parafii. Obu Solenizantkom \u017cycz\u0119 takiego zjednoczenia z Panem, jakiego przyk\u0142ad daje Ich Patronka. Zapewniam o modlitwie! Moi [&hellip;]\" \/>\n<meta property=\"og:url\" content=\"https:\/\/gaudiumetspes-blog.pl\/index.php\/2021\/07\/24\/czy-nie-posiales-dobrego-nasienia\/\" \/>\n<meta property=\"og:site_name\" content=\"Gaudium Et Spes\" \/>\n<meta property=\"article:published_time\" content=\"2021-07-24T05:08:24+00:00\" \/>\n<meta name=\"author\" content=\"Ks. Jacek\" \/>\n<meta name=\"twitter:card\" content=\"summary_large_image\" \/>\n<meta name=\"twitter:label1\" content=\"Napisane przez\" \/>\n\t<meta name=\"twitter:data1\" content=\"Ks. Jacek\" \/>\n\t<meta name=\"twitter:label2\" content=\"Szacowany czas czytania\" \/>\n\t<meta name=\"twitter:data2\" content=\"13 minut\" \/>\n<script type=\"application\/ld+json\" class=\"yoast-schema-graph\">{\"@context\":\"https:\/\/schema.org\",\"@graph\":[{\"@type\":\"WebPage\",\"@id\":\"https:\/\/gaudiumetspes-blog.pl\/index.php\/2021\/07\/24\/czy-nie-posiales-dobrego-nasienia\/\",\"url\":\"https:\/\/gaudiumetspes-blog.pl\/index.php\/2021\/07\/24\/czy-nie-posiales-dobrego-nasienia\/\",\"name\":\"Czy nie posia\u0142e\u015b dobrego nasienia?... - Gaudium Et Spes\",\"isPartOf\":{\"@id\":\"https:\/\/gaudiumetspes-blog.pl\/#website\"},\"datePublished\":\"2021-07-24T05:08:24+00:00\",\"author\":{\"@id\":\"https:\/\/gaudiumetspes-blog.pl\/#\/schema\/person\/1661982992b752dea8dff0d4ed845a65\"},\"breadcrumb\":{\"@id\":\"https:\/\/gaudiumetspes-blog.pl\/index.php\/2021\/07\/24\/czy-nie-posiales-dobrego-nasienia\/#breadcrumb\"},\"inLanguage\":\"pl-PL\",\"potentialAction\":[{\"@type\":\"ReadAction\",\"target\":[\"https:\/\/gaudiumetspes-blog.pl\/index.php\/2021\/07\/24\/czy-nie-posiales-dobrego-nasienia\/\"]}]},{\"@type\":\"BreadcrumbList\",\"@id\":\"https:\/\/gaudiumetspes-blog.pl\/index.php\/2021\/07\/24\/czy-nie-posiales-dobrego-nasienia\/#breadcrumb\",\"itemListElement\":[{\"@type\":\"ListItem\",\"position\":1,\"name\":\"Strona g\u0142\u00f3wna\",\"item\":\"https:\/\/gaudiumetspes-blog.pl\/\"},{\"@type\":\"ListItem\",\"position\":2,\"name\":\"Czy&nbsp;nie&nbsp;posia\u0142e\u015b dobrego nasienia?&#8230;\"}]},{\"@type\":\"WebSite\",\"@id\":\"https:\/\/gaudiumetspes-blog.pl\/#website\",\"url\":\"https:\/\/gaudiumetspes-blog.pl\/\",\"name\":\"Gaudium Et Spes\",\"description\":\"Blog Ks. Jacka Ja\u015bkowskiego\",\"potentialAction\":[{\"@type\":\"SearchAction\",\"target\":{\"@type\":\"EntryPoint\",\"urlTemplate\":\"https:\/\/gaudiumetspes-blog.pl\/?s={search_term_string}\"},\"query-input\":{\"@type\":\"PropertyValueSpecification\",\"valueRequired\":true,\"valueName\":\"search_term_string\"}}],\"inLanguage\":\"pl-PL\"},{\"@type\":\"Person\",\"@id\":\"https:\/\/gaudiumetspes-blog.pl\/#\/schema\/person\/1661982992b752dea8dff0d4ed845a65\",\"name\":\"Ks. Jacek\",\"image\":{\"@type\":\"ImageObject\",\"inLanguage\":\"pl-PL\",\"@id\":\"https:\/\/gaudiumetspes-blog.pl\/#\/schema\/person\/image\/\",\"url\":\"https:\/\/gaudiumetspes-blog.pl\/wp-content\/uploads\/2019\/07\/avatar-JJ-150x150.jpg\",\"contentUrl\":\"https:\/\/gaudiumetspes-blog.pl\/wp-content\/uploads\/2019\/07\/avatar-JJ-150x150.jpg\",\"caption\":\"Ks. Jacek\"},\"description\":\"Witam serdecznie! K\u0142ania si\u0119 Ks. Jacek Ja\u015bkowski. Nie jestem ani kim\u015b wa\u017cnym, ani kim\u015b znanym. Jestem ksi\u0119dzem, kt\u00f3ry po prostu chce rozmawia\u0107. Codzienna kap\u0142a\u0144ska pos\u0142uga pokazuje mi, \u017ce temat\u00f3w do rozm\u00f3w z ksi\u0119dzem jest coraz wi\u0119cej i dzisiaj \u017caden ksi\u0105dz nie mo\u017ce od nich ucieka\u0107, ale - wprost przeciwnie - podejmowa\u0107 nowe wyzwania. To przekonanie sk\u0142oni\u0142o mnie do pr\u00f3by otwarcia tego\u017c bloga, chocia\u017c okazji do rozm\u00f3w na co dzie\u0144 - w konfesjonale i poza nim - na szcz\u0119\u015bcie nie brakuje. My\u015bl\u0119 jednak, \u017ce ten blog b\u0119dzie jeszcze jednym sposobem i przestrzeni\u0105 nawi\u0105zania kontaktu z lud\u017ami dobrej woli, otwartymi na dialog.\",\"url\":\"https:\/\/gaudiumetspes-blog.pl\/index.php\/author\/ks-jacek\/\"}]}<\/script>\n<!-- \/ Yoast SEO plugin. -->","yoast_head_json":{"title":"Czy nie posia\u0142e\u015b dobrego nasienia?... - Gaudium Et Spes","robots":{"index":"index","follow":"follow","max-snippet":"max-snippet:-1","max-image-preview":"max-image-preview:large","max-video-preview":"max-video-preview:-1"},"canonical":"https:\/\/gaudiumetspes-blog.pl\/index.php\/2021\/07\/24\/czy-nie-posiales-dobrego-nasienia\/","og_locale":"pl_PL","og_type":"article","og_title":"Czy nie posia\u0142e\u015b dobrego nasienia?... - Gaudium Et Spes","og_description":"Szcz\u0119\u015b\u0107 Bo\u017ce! Moi Drodzy, w dniu dzisiejszym imieniny prze\u017cywaj\u0105: \u25baKinga Kaltenberg \u2013 nale\u017c\u0105ca w swoim czasie do jednej z m\u0142odzie\u017cowych Wsp\u00f3lnot; \u25baKinga Gawry\u015b \u2013 moja by\u0142a Uczennica w Miastkowie Ko\u015bcielnym, Osoba bardzo zaanga\u017cowana w dzia\u0142alno\u015b\u0107 m\u0142odzie\u017cow\u0105 w tej\u017ce Parafii. Obu Solenizantkom \u017cycz\u0119 takiego zjednoczenia z Panem, jakiego przyk\u0142ad daje Ich Patronka. Zapewniam o modlitwie! Moi [&hellip;]","og_url":"https:\/\/gaudiumetspes-blog.pl\/index.php\/2021\/07\/24\/czy-nie-posiales-dobrego-nasienia\/","og_site_name":"Gaudium Et Spes","article_published_time":"2021-07-24T05:08:24+00:00","author":"Ks. Jacek","twitter_card":"summary_large_image","twitter_misc":{"Napisane przez":"Ks. Jacek","Szacowany czas czytania":"13 minut"},"schema":{"@context":"https:\/\/schema.org","@graph":[{"@type":"WebPage","@id":"https:\/\/gaudiumetspes-blog.pl\/index.php\/2021\/07\/24\/czy-nie-posiales-dobrego-nasienia\/","url":"https:\/\/gaudiumetspes-blog.pl\/index.php\/2021\/07\/24\/czy-nie-posiales-dobrego-nasienia\/","name":"Czy nie posia\u0142e\u015b dobrego nasienia?... - Gaudium Et Spes","isPartOf":{"@id":"https:\/\/gaudiumetspes-blog.pl\/#website"},"datePublished":"2021-07-24T05:08:24+00:00","author":{"@id":"https:\/\/gaudiumetspes-blog.pl\/#\/schema\/person\/1661982992b752dea8dff0d4ed845a65"},"breadcrumb":{"@id":"https:\/\/gaudiumetspes-blog.pl\/index.php\/2021\/07\/24\/czy-nie-posiales-dobrego-nasienia\/#breadcrumb"},"inLanguage":"pl-PL","potentialAction":[{"@type":"ReadAction","target":["https:\/\/gaudiumetspes-blog.pl\/index.php\/2021\/07\/24\/czy-nie-posiales-dobrego-nasienia\/"]}]},{"@type":"BreadcrumbList","@id":"https:\/\/gaudiumetspes-blog.pl\/index.php\/2021\/07\/24\/czy-nie-posiales-dobrego-nasienia\/#breadcrumb","itemListElement":[{"@type":"ListItem","position":1,"name":"Strona g\u0142\u00f3wna","item":"https:\/\/gaudiumetspes-blog.pl\/"},{"@type":"ListItem","position":2,"name":"Czy&nbsp;nie&nbsp;posia\u0142e\u015b dobrego nasienia?&#8230;"}]},{"@type":"WebSite","@id":"https:\/\/gaudiumetspes-blog.pl\/#website","url":"https:\/\/gaudiumetspes-blog.pl\/","name":"Gaudium Et Spes","description":"Blog Ks. Jacka Ja\u015bkowskiego","potentialAction":[{"@type":"SearchAction","target":{"@type":"EntryPoint","urlTemplate":"https:\/\/gaudiumetspes-blog.pl\/?s={search_term_string}"},"query-input":{"@type":"PropertyValueSpecification","valueRequired":true,"valueName":"search_term_string"}}],"inLanguage":"pl-PL"},{"@type":"Person","@id":"https:\/\/gaudiumetspes-blog.pl\/#\/schema\/person\/1661982992b752dea8dff0d4ed845a65","name":"Ks. Jacek","image":{"@type":"ImageObject","inLanguage":"pl-PL","@id":"https:\/\/gaudiumetspes-blog.pl\/#\/schema\/person\/image\/","url":"https:\/\/gaudiumetspes-blog.pl\/wp-content\/uploads\/2019\/07\/avatar-JJ-150x150.jpg","contentUrl":"https:\/\/gaudiumetspes-blog.pl\/wp-content\/uploads\/2019\/07\/avatar-JJ-150x150.jpg","caption":"Ks. Jacek"},"description":"Witam serdecznie! K\u0142ania si\u0119 Ks. Jacek Ja\u015bkowski. Nie jestem ani kim\u015b wa\u017cnym, ani kim\u015b znanym. Jestem ksi\u0119dzem, kt\u00f3ry po prostu chce rozmawia\u0107. Codzienna kap\u0142a\u0144ska pos\u0142uga pokazuje mi, \u017ce temat\u00f3w do rozm\u00f3w z ksi\u0119dzem jest coraz wi\u0119cej i dzisiaj \u017caden ksi\u0105dz nie mo\u017ce od nich ucieka\u0107, ale - wprost przeciwnie - podejmowa\u0107 nowe wyzwania. To przekonanie sk\u0142oni\u0142o mnie do pr\u00f3by otwarcia tego\u017c bloga, chocia\u017c okazji do rozm\u00f3w na co dzie\u0144 - w konfesjonale i poza nim - na szcz\u0119\u015bcie nie brakuje. My\u015bl\u0119 jednak, \u017ce ten blog b\u0119dzie jeszcze jednym sposobem i przestrzeni\u0105 nawi\u0105zania kontaktu z lud\u017ami dobrej woli, otwartymi na dialog.","url":"https:\/\/gaudiumetspes-blog.pl\/index.php\/author\/ks-jacek\/"}]}},"jetpack_featured_media_url":"","jetpack_sharing_enabled":true,"_links":{"self":[{"href":"https:\/\/gaudiumetspes-blog.pl\/index.php\/wp-json\/wp\/v2\/posts\/19257","targetHints":{"allow":["GET"]}}],"collection":[{"href":"https:\/\/gaudiumetspes-blog.pl\/index.php\/wp-json\/wp\/v2\/posts"}],"about":[{"href":"https:\/\/gaudiumetspes-blog.pl\/index.php\/wp-json\/wp\/v2\/types\/post"}],"author":[{"embeddable":true,"href":"https:\/\/gaudiumetspes-blog.pl\/index.php\/wp-json\/wp\/v2\/users\/1"}],"replies":[{"embeddable":true,"href":"https:\/\/gaudiumetspes-blog.pl\/index.php\/wp-json\/wp\/v2\/comments?post=19257"}],"version-history":[{"count":1,"href":"https:\/\/gaudiumetspes-blog.pl\/index.php\/wp-json\/wp\/v2\/posts\/19257\/revisions"}],"predecessor-version":[{"id":19258,"href":"https:\/\/gaudiumetspes-blog.pl\/index.php\/wp-json\/wp\/v2\/posts\/19257\/revisions\/19258"}],"wp:attachment":[{"href":"https:\/\/gaudiumetspes-blog.pl\/index.php\/wp-json\/wp\/v2\/media?parent=19257"}],"wp:term":[{"taxonomy":"category","embeddable":true,"href":"https:\/\/gaudiumetspes-blog.pl\/index.php\/wp-json\/wp\/v2\/categories?post=19257"},{"taxonomy":"post_tag","embeddable":true,"href":"https:\/\/gaudiumetspes-blog.pl\/index.php\/wp-json\/wp\/v2\/tags?post=19257"}],"curies":[{"name":"wp","href":"https:\/\/api.w.org\/{rel}","templated":true}]}}