{"id":19302,"date":"2021-07-31T05:34:05","date_gmt":"2021-07-31T03:34:05","guid":{"rendered":"https:\/\/gaudiumetspes-blog.pl\/?p=19302"},"modified":"2021-07-31T00:47:56","modified_gmt":"2021-07-30T22:47:56","slug":"prawda-kosztuje","status":"publish","type":"post","link":"https:\/\/gaudiumetspes-blog.pl\/index.php\/2021\/07\/31\/prawda-kosztuje\/","title":{"rendered":"Prawda kosztuje!"},"content":{"rendered":"<p align=\"justify\"><span style=\"color: #000000;\"><span style=\"font-family: Book Antiqua, serif;\"><span style=\"font-size: large;\">Szcz\u0119\u015b\u0107 Bo\u017ce! Moi Drodzy, serdecznie dzi\u0119kujemy Ksi\u0119dzu Markowi za wczorajsze s\u0142\u00f3wko z Syberii \u2013 jak zawsze, bardzo bogate: i rozwa\u017canie Bo\u017cego s\u0142owa pisane, i to m\u00f3wione, i relacja z dzia\u0142a\u0144 duszpasterskich, i zdj\u0119cia! Wszystko jest! Bierzemy g\u0142\u0119boko do serca to przypomnienie, \u017ce Pan dzia\u0142a w codzienno\u015bci. I codziennie modlitw\u0105 wspieramy codzienne intensywne dzia\u0142ania duszpasterskie, jakie s\u0105 tam podejmowane.<\/span><\/span><\/span><\/p>\n<p align=\"justify\"><span style=\"color: #000000;\"><span style=\"font-family: Book Antiqua, serif;\"><span style=\"font-size: large;\">Wielkie dzi\u0119ki tak\u017ce Ksi\u0119dzu Leszkowi za dzisiejsze s\u0142\u00f3wko. Niestety, przez najbli\u017csze dwie soboty nie b\u0119dzie nam dane czyta\u0107 rozwa\u017ca\u0144 tego znakomitego Autora, poniewa\u017c b\u0119dzie w\u0119drowa\u0142 na Jasn\u0105 G\u00f3r\u0119, jako Przewodnik jednej z Grup Pieszej Pielgrzymki Podlaskiej. B\u0119dziemy si\u0119 \u0142\u0105czy\u0107 w modlitwie, dzisiaj jednak mo\u017cemy skorzysta\u0107 z Jego refleksji. Bardzo dzi\u0119kujemy!<\/span><\/span><\/span><\/p>\n<p align=\"justify\"><span style=\"color: #000000;\"><span style=\"font-family: Book Antiqua, serif;\"><span style=\"font-size: large;\">Zatem,<b> co wa\u017cnego i konkretnego m\u00f3wi do mnie Pan? Na co mi wyra\u017anie wskazuje \u2013 mi osobi\u015bcie?<\/b> Niech Duch \u015awi\u0119ty b\u0119dzie natchnieniem i \u015bwiat\u0142em!<\/span><\/span><\/span><\/p>\n<p align=\"justify\"><span style=\"color: #000000;\"><span style=\"font-family: Book Antiqua, serif;\"><span style=\"font-size: large;\"><b>Niech Was b\u0142ogos\u0142awi B\u00f3g Wszechmog\u0105cy: Ojciec + i Syn, i Duch \u015awi\u0119ty. Amen<\/b><\/span><\/span><\/span><\/p>\n<p align=\"center\"><span style=\"color: #000000;\"><span style=\"font-family: Book Antiqua, serif;\"><span style=\"font-size: large;\">Gaudium et spes! Ks. Jacek<\/span><\/span><\/span><\/p>\n<p align=\"center\">\n<p align=\"center\">\n<p align=\"center\">\n<p align=\"center\">\n<p align=\"center\">\n<p align=\"justify\"><span style=\"color: #000000;\"><span style=\"font-family: Book Antiqua, serif;\"><span style=\"font-size: large;\"><b>Sobota 17 Tygodnia zwyk\u0142ego, rok I,<\/b><\/span><\/span><\/span><\/p>\n<p align=\"justify\"><span style=\"color: #000000;\"><span style=\"font-family: Book Antiqua, serif;\"><span style=\"font-size: large;\"><b>Wspomnienie \u015aw. Ignacego Loyoli, Kap\u0142ana,<\/b><\/span><\/span><\/span><\/p>\n<p align=\"justify\"><span style=\"color: #000000;\"><span style=\"font-family: Book Antiqua, serif;\"><span style=\"font-size: large;\"><b>3 sierpnia 2021.,<\/b><\/span><\/span><\/span><\/p>\n<p align=\"justify\"><span style=\"color: #000000;\"><span style=\"font-family: Book Antiqua, serif;\"><span style=\"font-size: large;\"><b>do czyta\u0144: Kp\u0142 25,1.8\u201317; Mt 14,1\u201312<\/b><\/span><\/span><\/span><\/p>\n<p align=\"justify\">\n<p align=\"justify\">\n<p align=\"justify\">\n<p align=\"justify\">\n<p align=\"justify\">\n<p align=\"justify\"><span style=\"color: #000000;\"><span style=\"font-family: Book Antiqua, serif;\"><span style=\"font-size: large;\"><b>CZYTANIE Z KSI\u0118GI KAP\u0141A\u0143SKIEJ: <\/b><\/span><\/span><\/span><\/p>\n<p align=\"justify\"><span style=\"color: #000000;\"><span style=\"font-family: Book Antiqua, serif;\"><span style=\"font-size: large;\"><b>Pan powiedzia\u0142 do Moj\u017cesza na g\u00f3rze Synaj: \u201ePoliczysz sobie siedem lat szabatowych, to jest siedem razy po siedem lat, tak \u017ce czas siedmiu lat szabatowych b\u0119dzie obejmowa\u0142 czterdzie\u015bci dziewi\u0119\u0107 lat. Dziesi\u0105tego dnia, si\u00f3dmego miesi\u0105ca zatr\u0105bisz w r\u00f3g. W Dniu Przeb\u0142agania zatr\u0105bcie w r\u00f3g w ca\u0142ej waszej ziemi. B\u0119dziecie \u015bwi\u0119ci\u0107 pi\u0119\u0107dziesi\u0105ty rok, oznajmicie wyzwolenie w kraju dla wszystkich jego mieszka\u0144c\u00f3w. B\u0119dzie to dla was jubileusz, ka\u017cdy z was powr\u00f3ci do swej w\u0142asno\u015bci i ka\u017cdy powr\u00f3ci do swego rodu. Ca\u0142y ten rok pi\u0119\u0107dziesi\u0105ty b\u0119dzie dla was rokiem jubileuszowym, nie b\u0119dziecie sia\u0107, nie b\u0119dziecie \u017c\u0105\u0107 tego, co uro\u015bnie, nie b\u0119dziecie zbiera\u0107 nieobci\u0119tych winogron, bo to b\u0119dzie dla was jubileusz, to b\u0119dzie dla was rzecz \u015bwi\u0119ta. Wolno wam jednak b\u0119dzie je\u015b\u0107 to, co uro\u015bnie na polu. <\/b><\/span><\/span><\/span><\/p>\n<p align=\"justify\"><span style=\"color: #000000;\"><span style=\"font-family: Book Antiqua, serif;\"><span style=\"font-size: large;\"><b>W tym roku jubileuszowym ka\u017cdy powr\u00f3ci do swej w\u0142asno\u015bci. Kiedy wi\u0119c b\u0119dziecie sprzedawa\u0107 co\u015b bli\u017aniemu albo kupowa\u0107 co\u015b od bli\u017aniego, nie wyrz\u0105dzajcie krzywdy jeden drugiemu. Ale odpowiednio do liczby lat, kt\u00f3re up\u0142yn\u0119\u0142y od jubileuszu, b\u0119dziesz kupowa\u0142 od bli\u017aniego, a on sprzeda tobie odpowiednio do liczby lat plon\u00f3w. Im wi\u0119cej lat pozostaje do jubileuszu, tym wi\u0119ksz\u0105 cen\u0119 zap\u0142acisz, im mniej lat pozostaje, tym mniejsz\u0105 cen\u0119 zap\u0142acisz, bo ilo\u015b\u0107 plon\u00f3w on ci sprzedaje. <\/b><\/span><\/span><\/span><\/p>\n<p align=\"justify\"><span style=\"color: #000000;\"><span style=\"font-family: Book Antiqua, serif;\"><span style=\"font-size: large;\"><b>Nie b\u0119dziecie wyrz\u0105dza\u0107 krzywdy jeden drugiemu. B\u0119dziesz si\u0119 ba\u0142 Boga twego, bo Ja jestem Pan, B\u00f3g wasz!\u201d<\/b><\/span><\/span><\/span><\/p>\n<p align=\"justify\">\n<p align=\"justify\">\n<p align=\"justify\">\n<p align=\"justify\">\n<p align=\"justify\">\n<p align=\"justify\"><span style=\"color: #000000;\"><span style=\"font-family: Book Antiqua, serif;\"><span style=\"font-size: large;\"><b>S\u0141OWA EWANGELII WED\u0141UG \u015aWI\u0118TEGO MATEUSZA: <\/b><\/span><\/span><\/span><\/p>\n<p align=\"justify\"><span style=\"color: #000000;\"><span style=\"font-family: Book Antiqua, serif;\"><span style=\"font-size: large;\"><b>W owym czasie dosz\u0142a do uszu tetrarchy Heroda wie\u015b\u0107 o Jezusie. I rzek\u0142 do swych dworzan: \u201eTo Jan Chrzciciel. On powsta\u0142 z martwych i dlatego moce cudotw\u00f3rcze dzia\u0142aj\u0105 w nim\u201d. <\/b><\/span><\/span><\/span><\/p>\n<p align=\"justify\"><span style=\"color: #000000;\"><span style=\"font-family: Book Antiqua, serif;\"><span style=\"font-size: large;\"><b>Herod bowiem kaza\u0142 pochwyci\u0107 Jana i zwi\u0105zanego wrzuci\u0107 do wi\u0119zienia. Powodem by\u0142a Herodiada, \u017cona brata jego Filipa. Jan bowiem upomina\u0142 go: \u201eNie wolno ci jej trzyma\u0107\u201d. Ch\u0119tnie te\u017c by\u0142by go zg\u0142adzi\u0142, ba\u0142 si\u0119 jednak ludu, poniewa\u017c miano go za proroka.<\/b><\/span><\/span><\/span><\/p>\n<p align=\"justify\"><span style=\"color: #000000;\"><span style=\"font-family: Book Antiqua, serif;\"><span style=\"font-size: large;\"><b>Ot\u00f3\u017c kiedy obchodzono urodziny Heroda, ta\u0144czy\u0142a c\u00f3rka Herodiady wobec go\u015bci i spodoba\u0142a si\u0119 Herodowi. Zatem pod przysi\u0119g\u0105 obieca\u0142 jej da\u0107 wszystko, o cokolwiek poprosi. A ona, przedtem ju\u017c podm\u00f3wiona przez sw\u0105 matk\u0119, powiedzia\u0142a: \u201eDaj mi tu na misie g\u0142ow\u0119 Jana Chrzciciela\u201d. Zasmuci\u0142 si\u0119 kr\u00f3l. Lecz przez wzgl\u0105d na przysi\u0119g\u0119 i na wsp\u00f3\u0142biesiadnik\u00f3w kaza\u0142 jej da\u0107. Pos\u0142a\u0142 wi\u0119c kata i kaza\u0142 \u015bci\u0105\u0107 Jana w wi\u0119zieniu. Przyniesiono g\u0142ow\u0119 jego na misie i dano dziewcz\u0119ciu, a ono zanios\u0142o j\u0105 swojej matce. <\/b><\/span><\/span><\/span><\/p>\n<p align=\"justify\"><span style=\"color: #000000;\"><span style=\"font-family: Book Antiqua, serif;\"><span style=\"font-size: large;\"><b>Uczniowie za\u015b Jana przyszli, zabrali jego cia\u0142o i pogrzebali je; potem poszli i donie\u015bli o tym Jezusowi.<\/b><\/span><\/span><\/span><\/p>\n<p align=\"justify\">\n<p align=\"justify\">\n<p align=\"justify\">\n<p align=\"justify\">\n<p align=\"justify\">\n<p align=\"center\"><span style=\"color: #000000;\"><span style=\"font-family: Book Antiqua, serif;\"><span style=\"font-size: large;\"><b>A OTO S\u0141\u00d3WKO KSI\u0118DZA LESZKA:<\/b><\/span><\/span><\/span><\/p>\n<p align=\"center\">\n<p align=\"center\">\n<p align=\"center\">\n<p align=\"center\">\n<p align=\"center\">\n<p align=\"justify\"><span style=\"color: #000000;\"><span style=\"font-family: Book Antiqua, serif;\"><span style=\"font-size: large;\">\u015awi\u0119ty Ignacy z Loyoli przestrzega, \u017ce osobom, kt\u00f3re przechodz\u0105 z jednego grzechu \u015bmiertelnego do kolejnych, z\u0142y duch cz\u0119sto przedstawia z\u0142udne przyjemno\u015bci i rozkosze, aby tym bardziej osoby te utrzyma\u0107 i pogr\u0105\u017cy\u0107 w ich wadach i grzechach. Dzia\u0142a na dusz\u0119 uspokajaj\u0105co, usypiaj\u0105co, zach\u0119caj\u0105co i ukazuje wszystkie rzekome korzy\u015bci, wynikaj\u0105ce z takiego sposobu \u017cycia. <\/span><\/span><\/span><\/p>\n<p align=\"justify\"><span style=\"color: #000000;\"><span style=\"font-family: Book Antiqua, serif;\"><span style=\"font-size: large;\">Przyk\u0142adem takiego dzia\u0142ania jest w\u0142a\u015bnie ewangeliczna historia, w kt\u00f3rej to Herod wybiera grzech i idzie za nim konsekwentnie.<\/span><\/span><\/span><\/p>\n<p align=\"justify\"><span style=\"color: #000000;\"><span style=\"font-family: Book Antiqua, serif;\"><span style=\"font-size: large;\">Jak\u017ce \u2013 z ludzkiej perspektywy \u2013 smutne jest zako\u0144czenie ziemskiego \u017cycia Jana Chrzciciela: zostaje wtr\u0105cony do wi\u0119zienia i \u015bci\u0119ty. Wydany na \u015bmier\u0107 przez osob\u0119, o kt\u00f3r\u0105 si\u0119 troszczy\u0142, z kt\u00f3r\u0105 rozmawia\u0142 i napomina\u0142\u2026 Widzimy tu pewien paradoks, \u017ce chocia\u017c Herod nie chce \u015bmierci Jana Chrzciciela, bo ch\u0119tnie go s\u0142ucha, wyczuwa w nim szczero\u015b\u0107 i autentyczno\u015b\u0107, to jednak ulega pokusie. K\u0142amliwa przyjemno\u015b\u0107 i rozkosz ta\u0144ca c\u00f3rki Herodiady zag\u0142uszaj\u0105 jego sumienie, przez co nie jest on zdolny zmierzy\u0107 si\u0119 z prawd\u0105 o sobie i zrezygnowa\u0107 z uciechy. <\/span><\/span><\/span><\/p>\n<p align=\"justify\"><span style=\"color: #000000;\"><span style=\"font-family: Book Antiqua, serif;\"><span style=\"font-size: large;\">W jego zachowaniu wywi\u0105zuje si\u0119 lawina grzech\u00f3w, gdzie jeden grzech poci\u0105ga za sob\u0105 kolejny. Pokusa grzech\u00f3w Heroda; cudzo\u0142\u00f3stwo, pogarda wobec ludzi, w\u0142adza za wszelk\u0105 cen\u0119, pieni\u0105dze, powszechne uznanie, lekcewa\u017cenie Boga i cz\u0142owieka \u2013 wszystko to jest silniejsze ni\u017c prawda i ewangeliczne nauczanie. Herod za wszelk\u0105 cen\u0119 pr\u00f3buje st\u0142umi\u0107 w sobie g\u0142os sumienia, boi si\u0119 straci\u0107 twarz i w konsekwencji wybiera \u015bmier\u0107 Jana Chrzciciela, kt\u00f3ry wyst\u0105pi\u0142 z publiczn\u0105 krytyk\u0105 i napomina\u0142: <i><b>Nie wolno Ci mie\u0107 \u017cony Twego brata.<\/b><\/i><\/span><\/span><\/span><\/p>\n<p align=\"justify\"><span style=\"color: #000000;\"><span style=\"font-family: Book Antiqua, serif;\"><span style=\"font-size: large;\">Dramat \u015bmierci Jana Chrzciciela nieustannie si\u0119 powtarza. W dzisiejszych czasach r\u00f3wnie\u017c mo\u017cna straci\u0107 \u017cycie za prawd\u0119. <\/span><\/span><\/span><\/p>\n<p align=\"justify\"><span style=\"color: #000000;\"><span style=\"font-family: Book Antiqua, serif;\"><span style=\"font-size: large;\">Kiedy\u015b jedna z uczestniczek wybor\u00f3w MISS w Stanach Zjednoczonych, 21\u2013letnia dziewczyna, mia\u0142a ju\u017c pewne zwyci\u0119stwo w konkursie na najpi\u0119kniejsz\u0105 Amerykank\u0119. Mia\u0142a tylko odpowiedzie\u0107 na ostatnie pytanie przedstawiciela jury \u2013 szczyc\u0105cego si\u0119 homoseksualnym defektem \u2013 czy USA powinny zalegalizowa\u0107 ma\u0142\u017ce\u0144stwa tej samej p\u0142ci? Na to pytanie dziewczyna mog\u0142a odpowiedzie\u0107: \u201eTak, oczywi\u015bcie, jak najbardziej!\u201d<\/span><\/span><\/span><\/p>\n<p align=\"justify\"><span style=\"color: #000000;\"><span style=\"font-family: Book Antiqua, serif;\"><span style=\"font-size: large;\">Ale zamiast tego odpowiedzia\u0142a co\u015b nies\u0142ychanego \u2013 co\u015b, co wstrz\u0105sn\u0119\u0142o wtedy ca\u0142\u0105 Ameryk\u0105: \u201eMa\u0142\u017ce\u0144stwo to zwi\u0105zek m\u0119\u017cczyzny i kobiety!\u201d W tym momencie w oczach jury dziewczyna nagle \u201ezbrzyd\u0142a\u201d i zwyci\u0119stwo przypad\u0142o rywalce. Kilka godzin p\u00f3\u017aniej cz\u0142onek niechlubnego jury powiedzia\u0142, \u017ce \u201eprzepad\u0142a\u201d z powodu niepoprawnej odpowiedzi. I nawet gdyby wygra\u0142a, to on wskoczy\u0142by na scen\u0119 i zerwa\u0142 jej koron\u0119 z g\u0142owy.<\/span><\/span><\/span><\/p>\n<p align=\"justify\"><span style=\"color: #000000;\"><span style=\"font-family: Book Antiqua, serif;\"><span style=\"font-size: large;\">Z powy\u017cszego przyk\u0142adu wynika, \u017ce prawda niestety kosztuje i za prawd\u0119 trzeba ponie\u015b\u0107 niejednokrotnie konsekwencje. Ale zarazem to te\u017c jeden z przyk\u0142ad\u00f3w odwagi, jak\u0105 mia\u0142a w sobie ta m\u0142oda dziewczyna, aby obroni\u0107 wyznawanych warto\u015bci, nie zwa\u017caj\u0105c na poniesione koszty utraconej kariery, czy ludzkiego powa\u017cania. A czy my umieliby\u015bmy stan\u0105\u0107 w obronie prawdy, bez ubierania masek, bez gry aktorskiej na potrzeby chwili? <\/span><\/span><\/span><\/p>\n<p align=\"justify\"><span style=\"color: #000000;\"><span style=\"font-family: Book Antiqua, serif;\"><span style=\"font-size: large;\">Niestety, cz\u0119sto jest tak, \u017ce to z\u0142o akceptujemy, przemilczamy udaj\u0105c, \u017ce nic si\u0119 nie sta\u0142o. Niejednokrotnie wiekowi rodzice patrz\u0105 bezsilnie na \u017cycie w grzechu swoich dzieci, gdzie dziecko pomimo wa\u017cnego sakramentu ma\u0142\u017ce\u0144stwa, wchodzi w drugi zwi\u0105zek, albo bez sakramentu ma\u0142\u017ce\u0144stwa zaczyna wsp\u00f3lne \u017cycie z partnerem. Ich l\u0119k przed odrzuceniem ze strony dziecka jest tak du\u017cy, \u017ce parali\u017cuje ich przed powiedzeniem prawdy o \u015bmiertelnym grzechu cudzo\u0142\u00f3stwa. <\/span><\/span><\/span><\/p>\n<p align=\"justify\"><span style=\"color: #000000;\"><span style=\"font-family: Book Antiqua, serif;\"><span style=\"font-size: large;\">Dlaczego tak si\u0119 dzieje? Zapewne dlatego, \u017ce dzisiejszy \u015bwiat nie chce s\u0142ucha\u0107 prawdy. Zwr\u00f3cenie uwagi b\u0119dzie odbierane jako bezczelna ingerencja, za\u015bciankowo\u015b\u0107 i zacofanie. <\/span><\/span><\/span><\/p>\n<p align=\"justify\"><span style=\"color: #000000;\"><span style=\"font-family: Book Antiqua, serif;\"><span style=\"font-size: large;\">Ile dobra jest unicestwionego przez lekkomy\u015blno\u015b\u0107 lub wzgl\u0105d ludzki, przez co cz\u0119sto kuszeni jeste\u015bmy do z\u0142ego post\u0119powania? Patrz\u0105c na Heroda i jego wybory, spr\u00f3bujmy zauwa\u017cy\u0107 nas samych, nasze wybory, rozmowy i wra\u017cliwo\u015b\u0107 na z\u0142o. Niech ka\u017cdy przypomni sobie sytuacje z w\u0142asnego \u017cycia, kiedy nie umia\u0142 odrzuci\u0107 pokusy, chwia\u0142 si\u0119 jak trzcina na wietrze, walczy\u0142 ze swoim sumieniem, a jednak uleg\u0142, przez co wybra\u0142 prost\u0105 drog\u0119 do zatracenia i do zguby w\u0142asnej duszy.<\/span><\/span><\/span><\/p>\n<p align=\"justify\"><span style=\"color: #000000;\"><span style=\"font-family: Book Antiqua, serif;\"><span style=\"font-size: large;\">P\u00f3j\u015bcie na kompromis ze z\u0142em przyniesie tylko chwilowy pok\u00f3j i rado\u015b\u0107, bo wyrzut\u00f3w sumienia nie da si\u0119 zag\u0142uszy\u0107 na d\u0142u\u017csz\u0105 met\u0119. Ci\u0105gle walczymy ze swoim sumieniem, bo ono jest naszym obro\u0144c\u0105. Pismo \u015awi\u0119te r\u00f3wnie\u017c cz\u0119sto podkre\u015bla, \u017ce ka\u017cdy, kto akceptuje i czyni z\u0142o, poniesie tego konsekwencje.<\/span><\/span><\/span><\/p>\n<p align=\"justify\"><span style=\"color: #000000;\"><span style=\"font-family: Book Antiqua, serif;\"><span style=\"font-size: large;\">Pomy\u015bl, \u017ce mo\u017ce to w\u0142a\u015bnie dzi\u015b jest dobry czas, by w ko\u0144cu rozprawi\u0107 si\u0119 ze swoim i cudzym grzechem, zniewoleniem czy uzale\u017cnieniem. Mo\u017ce trzeba \u2013 w imi\u0119 prawdy \u2013 obna\u017cy\u0107 w\u0105tpliwe warto\u015bci, stworzy\u0107 dystans do \u201eniebezpiecznych\u201d relacji i zabi\u0107 w sobie wszystko to, co od tej prawdy odci\u0105ga, by nie prowadzi\u0107 do jeszcze wi\u0119kszego zak\u0142amania i zagmatwania w\u0142asnego \u017cycia. Mo\u017ce trzeba r\u00f3wnie\u017c w ko\u0144cu odwa\u017cnie \u2013 w imi\u0119 prawdy \u2013 upomnie\u0107 bli\u017aniego i jasno powiedzie\u0107: Nie wolno Ci tak post\u0119powa\u0107!<\/span><\/span><\/span><\/p>\n<p align=\"justify\"><span style=\"color: #000000;\"><span style=\"font-family: Book Antiqua, serif;\"><span style=\"font-size: large;\">Nie zabijajmy w\u0142asnego sumienia i w\u0142asnej wra\u017cliwo\u015bci\u2026Nie pozw\u00f3lmy, aby z\u0142o \u2013 pi\u0119knie przystrojone, atrakcyjne i kusz\u0105ce \u2013 przej\u0119\u0142o kontrol\u0119 nad naszym \u017cyciem.<\/span><\/span><\/span><\/p>\n<p align=\"justify\"><span style=\"color: #000000;\"><span style=\"font-family: Book Antiqua, serif;\"><span style=\"font-size: large;\">Niech ka\u017cdy z nas poprosi dzi\u015b Jezusa, aby by\u0142 naszym obro\u0144c\u0105 w chwilach s\u0142abo\u015bci i nauczy\u0142 rozpoznawa\u0107 i wybiera\u0107 to, co dobre i pi\u0119kne, a odrzuca\u0107 to, co prowadzi do upadku i ostatecznie \u2013 na wieczne pot\u0119pienie.<\/span><\/span><\/span><\/p>\n","protected":false},"excerpt":{"rendered":"<p>Szcz\u0119\u015b\u0107 Bo\u017ce! Moi Drodzy, serdecznie dzi\u0119kujemy Ksi\u0119dzu Markowi za wczorajsze s\u0142\u00f3wko z Syberii \u2013 jak zawsze, bardzo bogate: i rozwa\u017canie Bo\u017cego s\u0142owa pisane, i to m\u00f3wione, i relacja z dzia\u0142a\u0144 duszpasterskich, i zdj\u0119cia! Wszystko jest! Bierzemy g\u0142\u0119boko do serca to przypomnienie, \u017ce Pan dzia\u0142a w codzienno\u015bci. I codziennie modlitw\u0105 wspieramy codzienne intensywne dzia\u0142ania duszpasterskie, jakie [&hellip;]<\/p>\n","protected":false},"author":1,"featured_media":0,"comment_status":"open","ping_status":"open","sticky":false,"template":"","format":"standard","meta":{"jetpack_post_was_ever_published":false,"_jetpack_newsletter_access":"","_jetpack_dont_email_post_to_subs":false,"_jetpack_newsletter_tier_id":0,"_jetpack_memberships_contains_paywalled_content":false,"_jetpack_memberships_contains_paid_content":false,"footnotes":""},"categories":[1],"tags":[],"class_list":["post-19302","post","type-post","status-publish","format-standard","hentry","category-bez-kategorii"],"yoast_head":"<!-- This site is optimized with the Yoast SEO plugin v25.1 - https:\/\/yoast.com\/wordpress\/plugins\/seo\/ -->\n<title>Prawda kosztuje! - Gaudium Et Spes<\/title>\n<meta name=\"robots\" content=\"index, follow, max-snippet:-1, max-image-preview:large, max-video-preview:-1\" \/>\n<link rel=\"canonical\" href=\"https:\/\/gaudiumetspes-blog.pl\/index.php\/2021\/07\/31\/prawda-kosztuje\/\" \/>\n<meta property=\"og:locale\" content=\"pl_PL\" \/>\n<meta property=\"og:type\" content=\"article\" \/>\n<meta property=\"og:title\" content=\"Prawda kosztuje! - Gaudium Et Spes\" \/>\n<meta property=\"og:description\" content=\"Szcz\u0119\u015b\u0107 Bo\u017ce! Moi Drodzy, serdecznie dzi\u0119kujemy Ksi\u0119dzu Markowi za wczorajsze s\u0142\u00f3wko z Syberii \u2013 jak zawsze, bardzo bogate: i rozwa\u017canie Bo\u017cego s\u0142owa pisane, i to m\u00f3wione, i relacja z dzia\u0142a\u0144 duszpasterskich, i zdj\u0119cia! Wszystko jest! Bierzemy g\u0142\u0119boko do serca to przypomnienie, \u017ce Pan dzia\u0142a w codzienno\u015bci. I codziennie modlitw\u0105 wspieramy codzienne intensywne dzia\u0142ania duszpasterskie, jakie [&hellip;]\" \/>\n<meta property=\"og:url\" content=\"https:\/\/gaudiumetspes-blog.pl\/index.php\/2021\/07\/31\/prawda-kosztuje\/\" \/>\n<meta property=\"og:site_name\" content=\"Gaudium Et Spes\" \/>\n<meta property=\"article:published_time\" content=\"2021-07-31T03:34:05+00:00\" \/>\n<meta name=\"author\" content=\"Ks. Jacek\" \/>\n<meta name=\"twitter:card\" content=\"summary_large_image\" \/>\n<meta name=\"twitter:label1\" content=\"Napisane przez\" \/>\n\t<meta name=\"twitter:data1\" content=\"Ks. Jacek\" \/>\n\t<meta name=\"twitter:label2\" content=\"Szacowany czas czytania\" \/>\n\t<meta name=\"twitter:data2\" content=\"8 minut\" \/>\n<script type=\"application\/ld+json\" class=\"yoast-schema-graph\">{\"@context\":\"https:\/\/schema.org\",\"@graph\":[{\"@type\":\"WebPage\",\"@id\":\"https:\/\/gaudiumetspes-blog.pl\/index.php\/2021\/07\/31\/prawda-kosztuje\/\",\"url\":\"https:\/\/gaudiumetspes-blog.pl\/index.php\/2021\/07\/31\/prawda-kosztuje\/\",\"name\":\"Prawda kosztuje! - Gaudium Et Spes\",\"isPartOf\":{\"@id\":\"https:\/\/gaudiumetspes-blog.pl\/#website\"},\"datePublished\":\"2021-07-31T03:34:05+00:00\",\"author\":{\"@id\":\"https:\/\/gaudiumetspes-blog.pl\/#\/schema\/person\/1661982992b752dea8dff0d4ed845a65\"},\"breadcrumb\":{\"@id\":\"https:\/\/gaudiumetspes-blog.pl\/index.php\/2021\/07\/31\/prawda-kosztuje\/#breadcrumb\"},\"inLanguage\":\"pl-PL\",\"potentialAction\":[{\"@type\":\"ReadAction\",\"target\":[\"https:\/\/gaudiumetspes-blog.pl\/index.php\/2021\/07\/31\/prawda-kosztuje\/\"]}]},{\"@type\":\"BreadcrumbList\",\"@id\":\"https:\/\/gaudiumetspes-blog.pl\/index.php\/2021\/07\/31\/prawda-kosztuje\/#breadcrumb\",\"itemListElement\":[{\"@type\":\"ListItem\",\"position\":1,\"name\":\"Strona g\u0142\u00f3wna\",\"item\":\"https:\/\/gaudiumetspes-blog.pl\/\"},{\"@type\":\"ListItem\",\"position\":2,\"name\":\"Prawda kosztuje!\"}]},{\"@type\":\"WebSite\",\"@id\":\"https:\/\/gaudiumetspes-blog.pl\/#website\",\"url\":\"https:\/\/gaudiumetspes-blog.pl\/\",\"name\":\"Gaudium Et Spes\",\"description\":\"Blog Ks. Jacka Ja\u015bkowskiego\",\"potentialAction\":[{\"@type\":\"SearchAction\",\"target\":{\"@type\":\"EntryPoint\",\"urlTemplate\":\"https:\/\/gaudiumetspes-blog.pl\/?s={search_term_string}\"},\"query-input\":{\"@type\":\"PropertyValueSpecification\",\"valueRequired\":true,\"valueName\":\"search_term_string\"}}],\"inLanguage\":\"pl-PL\"},{\"@type\":\"Person\",\"@id\":\"https:\/\/gaudiumetspes-blog.pl\/#\/schema\/person\/1661982992b752dea8dff0d4ed845a65\",\"name\":\"Ks. Jacek\",\"image\":{\"@type\":\"ImageObject\",\"inLanguage\":\"pl-PL\",\"@id\":\"https:\/\/gaudiumetspes-blog.pl\/#\/schema\/person\/image\/\",\"url\":\"https:\/\/gaudiumetspes-blog.pl\/wp-content\/uploads\/2019\/07\/avatar-JJ-150x150.jpg\",\"contentUrl\":\"https:\/\/gaudiumetspes-blog.pl\/wp-content\/uploads\/2019\/07\/avatar-JJ-150x150.jpg\",\"caption\":\"Ks. Jacek\"},\"description\":\"Witam serdecznie! K\u0142ania si\u0119 Ks. Jacek Ja\u015bkowski. Nie jestem ani kim\u015b wa\u017cnym, ani kim\u015b znanym. Jestem ksi\u0119dzem, kt\u00f3ry po prostu chce rozmawia\u0107. Codzienna kap\u0142a\u0144ska pos\u0142uga pokazuje mi, \u017ce temat\u00f3w do rozm\u00f3w z ksi\u0119dzem jest coraz wi\u0119cej i dzisiaj \u017caden ksi\u0105dz nie mo\u017ce od nich ucieka\u0107, ale - wprost przeciwnie - podejmowa\u0107 nowe wyzwania. To przekonanie sk\u0142oni\u0142o mnie do pr\u00f3by otwarcia tego\u017c bloga, chocia\u017c okazji do rozm\u00f3w na co dzie\u0144 - w konfesjonale i poza nim - na szcz\u0119\u015bcie nie brakuje. My\u015bl\u0119 jednak, \u017ce ten blog b\u0119dzie jeszcze jednym sposobem i przestrzeni\u0105 nawi\u0105zania kontaktu z lud\u017ami dobrej woli, otwartymi na dialog.\",\"url\":\"https:\/\/gaudiumetspes-blog.pl\/index.php\/author\/ks-jacek\/\"}]}<\/script>\n<!-- \/ Yoast SEO plugin. -->","yoast_head_json":{"title":"Prawda kosztuje! - Gaudium Et Spes","robots":{"index":"index","follow":"follow","max-snippet":"max-snippet:-1","max-image-preview":"max-image-preview:large","max-video-preview":"max-video-preview:-1"},"canonical":"https:\/\/gaudiumetspes-blog.pl\/index.php\/2021\/07\/31\/prawda-kosztuje\/","og_locale":"pl_PL","og_type":"article","og_title":"Prawda kosztuje! - Gaudium Et Spes","og_description":"Szcz\u0119\u015b\u0107 Bo\u017ce! Moi Drodzy, serdecznie dzi\u0119kujemy Ksi\u0119dzu Markowi za wczorajsze s\u0142\u00f3wko z Syberii \u2013 jak zawsze, bardzo bogate: i rozwa\u017canie Bo\u017cego s\u0142owa pisane, i to m\u00f3wione, i relacja z dzia\u0142a\u0144 duszpasterskich, i zdj\u0119cia! Wszystko jest! Bierzemy g\u0142\u0119boko do serca to przypomnienie, \u017ce Pan dzia\u0142a w codzienno\u015bci. I codziennie modlitw\u0105 wspieramy codzienne intensywne dzia\u0142ania duszpasterskie, jakie [&hellip;]","og_url":"https:\/\/gaudiumetspes-blog.pl\/index.php\/2021\/07\/31\/prawda-kosztuje\/","og_site_name":"Gaudium Et Spes","article_published_time":"2021-07-31T03:34:05+00:00","author":"Ks. Jacek","twitter_card":"summary_large_image","twitter_misc":{"Napisane przez":"Ks. Jacek","Szacowany czas czytania":"8 minut"},"schema":{"@context":"https:\/\/schema.org","@graph":[{"@type":"WebPage","@id":"https:\/\/gaudiumetspes-blog.pl\/index.php\/2021\/07\/31\/prawda-kosztuje\/","url":"https:\/\/gaudiumetspes-blog.pl\/index.php\/2021\/07\/31\/prawda-kosztuje\/","name":"Prawda kosztuje! - Gaudium Et Spes","isPartOf":{"@id":"https:\/\/gaudiumetspes-blog.pl\/#website"},"datePublished":"2021-07-31T03:34:05+00:00","author":{"@id":"https:\/\/gaudiumetspes-blog.pl\/#\/schema\/person\/1661982992b752dea8dff0d4ed845a65"},"breadcrumb":{"@id":"https:\/\/gaudiumetspes-blog.pl\/index.php\/2021\/07\/31\/prawda-kosztuje\/#breadcrumb"},"inLanguage":"pl-PL","potentialAction":[{"@type":"ReadAction","target":["https:\/\/gaudiumetspes-blog.pl\/index.php\/2021\/07\/31\/prawda-kosztuje\/"]}]},{"@type":"BreadcrumbList","@id":"https:\/\/gaudiumetspes-blog.pl\/index.php\/2021\/07\/31\/prawda-kosztuje\/#breadcrumb","itemListElement":[{"@type":"ListItem","position":1,"name":"Strona g\u0142\u00f3wna","item":"https:\/\/gaudiumetspes-blog.pl\/"},{"@type":"ListItem","position":2,"name":"Prawda kosztuje!"}]},{"@type":"WebSite","@id":"https:\/\/gaudiumetspes-blog.pl\/#website","url":"https:\/\/gaudiumetspes-blog.pl\/","name":"Gaudium Et Spes","description":"Blog Ks. Jacka Ja\u015bkowskiego","potentialAction":[{"@type":"SearchAction","target":{"@type":"EntryPoint","urlTemplate":"https:\/\/gaudiumetspes-blog.pl\/?s={search_term_string}"},"query-input":{"@type":"PropertyValueSpecification","valueRequired":true,"valueName":"search_term_string"}}],"inLanguage":"pl-PL"},{"@type":"Person","@id":"https:\/\/gaudiumetspes-blog.pl\/#\/schema\/person\/1661982992b752dea8dff0d4ed845a65","name":"Ks. Jacek","image":{"@type":"ImageObject","inLanguage":"pl-PL","@id":"https:\/\/gaudiumetspes-blog.pl\/#\/schema\/person\/image\/","url":"https:\/\/gaudiumetspes-blog.pl\/wp-content\/uploads\/2019\/07\/avatar-JJ-150x150.jpg","contentUrl":"https:\/\/gaudiumetspes-blog.pl\/wp-content\/uploads\/2019\/07\/avatar-JJ-150x150.jpg","caption":"Ks. Jacek"},"description":"Witam serdecznie! K\u0142ania si\u0119 Ks. Jacek Ja\u015bkowski. Nie jestem ani kim\u015b wa\u017cnym, ani kim\u015b znanym. Jestem ksi\u0119dzem, kt\u00f3ry po prostu chce rozmawia\u0107. Codzienna kap\u0142a\u0144ska pos\u0142uga pokazuje mi, \u017ce temat\u00f3w do rozm\u00f3w z ksi\u0119dzem jest coraz wi\u0119cej i dzisiaj \u017caden ksi\u0105dz nie mo\u017ce od nich ucieka\u0107, ale - wprost przeciwnie - podejmowa\u0107 nowe wyzwania. To przekonanie sk\u0142oni\u0142o mnie do pr\u00f3by otwarcia tego\u017c bloga, chocia\u017c okazji do rozm\u00f3w na co dzie\u0144 - w konfesjonale i poza nim - na szcz\u0119\u015bcie nie brakuje. My\u015bl\u0119 jednak, \u017ce ten blog b\u0119dzie jeszcze jednym sposobem i przestrzeni\u0105 nawi\u0105zania kontaktu z lud\u017ami dobrej woli, otwartymi na dialog.","url":"https:\/\/gaudiumetspes-blog.pl\/index.php\/author\/ks-jacek\/"}]}},"jetpack_featured_media_url":"","jetpack_sharing_enabled":true,"_links":{"self":[{"href":"https:\/\/gaudiumetspes-blog.pl\/index.php\/wp-json\/wp\/v2\/posts\/19302","targetHints":{"allow":["GET"]}}],"collection":[{"href":"https:\/\/gaudiumetspes-blog.pl\/index.php\/wp-json\/wp\/v2\/posts"}],"about":[{"href":"https:\/\/gaudiumetspes-blog.pl\/index.php\/wp-json\/wp\/v2\/types\/post"}],"author":[{"embeddable":true,"href":"https:\/\/gaudiumetspes-blog.pl\/index.php\/wp-json\/wp\/v2\/users\/1"}],"replies":[{"embeddable":true,"href":"https:\/\/gaudiumetspes-blog.pl\/index.php\/wp-json\/wp\/v2\/comments?post=19302"}],"version-history":[{"count":1,"href":"https:\/\/gaudiumetspes-blog.pl\/index.php\/wp-json\/wp\/v2\/posts\/19302\/revisions"}],"predecessor-version":[{"id":19303,"href":"https:\/\/gaudiumetspes-blog.pl\/index.php\/wp-json\/wp\/v2\/posts\/19302\/revisions\/19303"}],"wp:attachment":[{"href":"https:\/\/gaudiumetspes-blog.pl\/index.php\/wp-json\/wp\/v2\/media?parent=19302"}],"wp:term":[{"taxonomy":"category","embeddable":true,"href":"https:\/\/gaudiumetspes-blog.pl\/index.php\/wp-json\/wp\/v2\/categories?post=19302"},{"taxonomy":"post_tag","embeddable":true,"href":"https:\/\/gaudiumetspes-blog.pl\/index.php\/wp-json\/wp\/v2\/tags?post=19302"}],"curies":[{"name":"wp","href":"https:\/\/api.w.org\/{rel}","templated":true}]}}