{"id":19735,"date":"2021-10-30T07:40:34","date_gmt":"2021-10-30T05:40:34","guid":{"rendered":"https:\/\/gaudiumetspes-blog.pl\/?p=19735"},"modified":"2021-10-30T07:40:34","modified_gmt":"2021-10-30T05:40:34","slug":"nie-zajmuj-pierwszego-miejsca-2","status":"publish","type":"post","link":"https:\/\/gaudiumetspes-blog.pl\/index.php\/2021\/10\/30\/nie-zajmuj-pierwszego-miejsca-2\/","title":{"rendered":"Nie zajmuj pierwszego miejsca&#8230;"},"content":{"rendered":"<p align=\"justify\"><span style=\"color: #000000;\"><span style=\"font-family: Book Antiqua, serif;\"><span style=\"font-size: large;\">Szcz\u0119\u015b\u0107 Bo\u017ce! Moi Drodzy, w dniu dzisiejszym <b>imieniny prze\u017cywa Ksi\u0105dz Przemys\u0142aw Radomyski, m\u00f3j Poprzednik w pos\u0142udze Duszpasterza Akademickiego w Siedlcach. \u017bycz\u0119 Solenizantowi wszelkich dobrych natchnie\u0144 i zapa\u0142u do pe\u0142nienia kap\u0142a\u0144skiej pos\u0142ugi. Zapewniam o modlitwie!<\/b><\/span><\/span><\/span><\/p>\n<p align=\"justify\"><span style=\"color: #000000;\"><span style=\"font-family: Book Antiqua, serif;\"><span style=\"font-size: large;\">Pozdrawiam Was, moi Drodzy, z Kodnia, gdzie powierzam Bogu \u2013 przez wstawiennictwo Matki Bo\u017cej \u2013 Was i Wasze sprawy. <\/span><\/span><\/span><\/p>\n<p align=\"justify\"><span style=\"color: #000000;\"><span style=\"font-family: Book Antiqua, serif;\"><span style=\"font-size: large;\">Serdecznie dzi\u0119kujemy Ksi\u0119dzu Markowi oraz Ksi\u0119dzu Jaros\u0142awowi G\u0105siorkowi z Ukrainy i Siostrze Teresie Jakubowskiej za wczorajsze s\u0142\u00f3wko z Syberii. Dzi\u0119kujemy za zg\u0142\u0119bienie znaczenia szabatu i odpoczynku, dzi\u0119kujemy za relacj\u0119 z fantastycznego spotkania misyjnego z Dzie\u0107mi i M\u0142odzie\u017c\u0105, wreszcie \u2013 za wyra\u017ane u\u015bwiadomienie nam, \u017ce dobro mamy czyni\u0107 od razu, natychmiast, a nie potem\u2026 <\/span><\/span><\/span><\/p>\n<p align=\"justify\"><span style=\"color: #000000;\"><span style=\"font-family: Book Antiqua, serif;\"><span style=\"font-size: large;\">Serdeczn\u0105 modlitw\u0105 wspieramy ca\u0142e to wielkie dobro, jakie si\u0119 dzieje w Surgucie. Niech nie zabraknie entuzjazmu i zapa\u0142u, kt\u00f3ry widzimy na ka\u017cdym zdj\u0119ciu. I tej energii, z jak\u0105 \u2013 jak widzimy na nagraniu \u2013 Ksi\u0105dz Marek od\u015bnie\u017ca\u0142 plac przed ko\u015bcio\u0142em. Niech Pan spogl\u0105da na Parafi\u0119 w Surgucie z wielk\u0105 mi\u0142o\u015bci\u0105 i obficie b\u0142ogos\u0142awi!<\/span><\/span><\/span><\/p>\n<p align=\"justify\"><span style=\"color: #000000;\"><span style=\"font-family: Book Antiqua, serif;\"><span style=\"font-size: large;\">Moi Drodzy, w tym momencie wspomn\u0119, \u017ce wczoraj otrzyma\u0142em wiadomo\u015b\u0107 od Siostry Iwony Jagie\u0142ki, kt\u00f3ra wsp\u00f3\u0142pracowa\u0142a z Ksi\u0119dzem Markiem na Syberii, a kt\u00f3ra teraz pos\u0142uguje w Polsce i kt\u00f3rej niedawno sk\u0142ada\u0142em \u017cyczenia z okazji imienin, i\u017c 28 pa\u017adziernika, w wieku 55 lat, zmar\u0142 Jej Brat, Andrzej \u2013 po d\u0142ugiej i ci\u0119\u017ckiej chorobie. Polecajmy Go mi\u0142osiernemu Bogu\u2026 <\/span><\/span><\/span><\/p>\n<p align=\"justify\"><span style=\"color: #000000;\"><span style=\"font-family: Book Antiqua, serif;\"><span style=\"font-size: large;\">A teraz ju\u017c zapraszam do pochylenia si\u0119 nad Bo\u017cym s\u0142owem dzisiejszej liturgii. Pomoc\u0105 niech nam pos\u0142u\u017cy s\u0142\u00f3wko Ksi\u0119dza Leszka, kt\u00f3remu serdecznie dzi\u0119kuj\u0119 za jego przygotowanie. <\/span><\/span><\/span><\/p>\n<p align=\"justify\"><span style=\"color: #000000;\"><span style=\"font-family: Book Antiqua, serif;\"><span style=\"font-size: large;\">Zatem, co dzi\u015b m\u00f3wi do mnie Pan? Z czym konkretnie do mnie si\u0119 zwraca? Duchu \u015awi\u0119ty, podpowiedz\u2026<\/span><\/span><\/span><\/p>\n<p align=\"justify\"><span style=\"color: #000000;\"><span style=\"font-family: Book Antiqua, serif;\"><span style=\"font-size: large;\"><b>Niech Was b\u0142ogos\u0142awi B\u00f3g Wszechmog\u0105cy: Ojciec + i Syn, i Duch \u015awi\u0119ty. Amen<\/b><\/span><\/span><\/span><\/p>\n<p align=\"center\"><span style=\"color: #000000;\"><span style=\"font-family: Book Antiqua, serif;\"><span style=\"font-size: large;\">Gaudium et spes! Ks. Jacek<\/span><\/span><\/span><\/p>\n<p align=\"center\">\n<p align=\"center\">\n<p align=\"center\">\n<p align=\"center\">\n<p align=\"center\">\n<p align=\"justify\"><span style=\"color: #000000;\"><span style=\"font-family: Book Antiqua, serif;\"><span style=\"font-size: large;\"><b>Sobota 30 Tygodnia zwyk\u0142ego, rok I,<\/b><\/span><\/span><\/span><\/p>\n<p align=\"justify\"><span style=\"color: #000000;\"><span style=\"font-family: Book Antiqua, serif;\"><span style=\"font-size: large;\"><b>30 pa\u017adziernika 2021.,<\/b><\/span><\/span><\/span><\/p>\n<p align=\"justify\"><span style=\"color: #000000;\"><span style=\"font-family: Book Antiqua, serif;\"><span style=\"font-size: large;\"><b>do czyta\u0144: Rz 11,1\u20132a.11\u201312.25\u201329; \u0141k 14,1.7\u201311<\/b><\/span><\/span><\/span><\/p>\n<p align=\"justify\">\n<p align=\"justify\">\n<p align=\"justify\">\n<p align=\"justify\">\n<p align=\"justify\">\n<p align=\"justify\"><span style=\"color: #000000;\"><span style=\"font-family: Book Antiqua, serif;\"><span style=\"font-size: large;\"><b>CZYTANIE Z LISTU \u015aWI\u0118TEGO PAW\u0141A APOSTO\u0141A DO RZYMIAN:<\/b><\/span><\/span><\/span><\/p>\n<p align=\"justify\"><span style=\"color: #000000;\"><span style=\"font-family: Book Antiqua, serif;\"><span style=\"font-size: large;\"><b>Bracia: Czy\u017c B\u00f3g odrzuci\u0142 lud sw\u00f3j? \u017badn\u0105 miar\u0105. I ja przecie\u017c jestem Izraelit\u0105, potomkiem Abrahama, z pokolenia Beniamina. Nie odrzuci\u0142 B\u00f3g swego ludu, kt\u00f3ry wybra\u0142 przed wiekami. <\/b><\/span><\/span><\/span><\/p>\n<p align=\"justify\"><span style=\"color: #000000;\"><span style=\"font-family: Book Antiqua, serif;\"><span style=\"font-size: large;\"><b>Pytam jednak: Czy a\u017c tak si\u0119 potkn\u0119li, \u017ce ca\u0142kiem upadli? \u017badn\u0105 miar\u0105. Ale przez ich przest\u0119pstwo zbawienie przypad\u0142o w udziale poganom, by ich pobudzi\u0107 do wsp\u00f3\u0142zawodnictwa. Je\u017celi za\u015b ich upadek przyni\u00f3s\u0142 bogactwo \u015bwiatu, a ich pomniejszenie \u2013 wzbogacenie poganom, to o ile\u017c wi\u0119cej przyniesie ich zebranie si\u0119 w ca\u0142o\u015bci.<\/b><\/span><\/span><\/span><\/p>\n<p align=\"justify\"><span style=\"color: #000000;\"><span style=\"font-family: Book Antiqua, serif;\"><span style=\"font-size: large;\"><b>Nie chc\u0119 jednak, bracia, pozostawia\u0107 was w nie\u015bwiadomo\u015bci co do tej tajemnicy, by\u015bcie o sobie nie mieli zbyt wysokiego mniemania, \u017ce zatwardzia\u0142o\u015b\u0107 dotkn\u0119\u0142a tylko cz\u0119\u015b\u0107 Izraela a\u017c do czasu, gdy wejdzie do Ko\u015bcio\u0142a pe\u0142nia pogan. I tak ca\u0142y Izrael b\u0119dzie zbawiony, jak to jest napisane: \u201ePrzyjdzie z Syjonu wybawiciel, odwr\u00f3ci nieprawo\u015bci od Jakuba\u201d i \u201eTo b\u0119dzie moje z nimi przymierze, gdy zg\u0142adz\u0119 ich grzechy\u201d.<\/b><\/span><\/span><\/span><\/p>\n<p align=\"justify\"><span style=\"color: #000000;\"><span style=\"font-family: Book Antiqua, serif;\"><span style=\"font-size: large;\"><b>Co prawda gdy chodzi o Ewangeli\u0119, s\u0105 oni nieprzyjaci\u00f3\u0142mi Boga ze wzgl\u0119du na wasze dobro; gdy jednak chodzi o wybranie, s\u0105 oni ze wzgl\u0119du na przodk\u00f3w przedmiotem mi\u0142o\u015bci. Bo dary \u0142aski i wezwanie Bo\u017ce s\u0105 nieodwo\u0142alne.<\/b><\/span><\/span><\/span><\/p>\n<p align=\"justify\">\n<p align=\"justify\">\n<p align=\"justify\">\n<p align=\"justify\">\n<p align=\"justify\">\n<p align=\"justify\"><span style=\"color: #000000;\"><span style=\"font-family: Book Antiqua, serif;\"><span style=\"font-size: large;\"><b>S\u0141OWA EWANGELII WED\u0141UG \u015aWI\u0118TEGO \u0141UKASZA:<\/b><\/span><\/span><\/span><\/p>\n<p align=\"justify\"><span style=\"color: #000000;\"><span style=\"font-family: Book Antiqua, serif;\"><span style=\"font-size: large;\"><b>Gdy Jezus przyszed\u0142 do domu pewnego przyw\u00f3dcy faryzeusz\u00f3w, aby w szabat spo\u017cy\u0107 posi\u0142ek, oni Go \u015bledzili. Opowiedzia\u0142 w\u00f3wczas zaproszonym przypowie\u015b\u0107, gdy zauwa\u017cy\u0142, jak sobie pierwsze miejsca wybierali. Tak m\u00f3wi\u0142 do nich:<\/b><\/span><\/span><\/span><\/p>\n<p align=\"justify\"><span style=\"color: #000000;\">\u201e<span style=\"font-family: Book Antiqua, serif;\"><span style=\"font-size: large;\"><b>Je\u015bli ci\u0119 kto zaprosi na uczt\u0119, nie zajmuj pierwszego miejsca, by czasem kto\u015b znakomitszy od ciebie nie by\u0142 zaproszony przez niego. W\u00f3wczas przyjdzie ten, kto was obu zaprosi\u0142, i powie ci: \u00abUst\u0105p temu miejsca\u00bb. I musia\u0142by\u015b ze wstydem zaj\u0105\u0107 ostatnie miejsce. Lecz gdy b\u0119dziesz zaproszony, id\u017a i usi\u0105d\u017a na ostatnim miejscu. Wtedy przyjdzie gospodarz i powie ci: \u00abPrzyjacielu, przesi\u0105d\u017a si\u0119 wy\u017cej\u00bb. I spotka ci\u0119 zaszczyt wobec wszystkich wsp\u00f3\u0142biesiadnik\u00f3w. <\/b><\/span><\/span><\/span><\/p>\n<p align=\"justify\"><span style=\"color: #000000;\"><span style=\"font-family: Book Antiqua, serif;\"><span style=\"font-size: large;\"><b>Ka\u017cdy bowiem, kto si\u0119 wywy\u017csza, b\u0119dzie poni\u017cony, a kto si\u0119 poni\u017ca, b\u0119dzie wywy\u017cszony\u201d.<\/b><\/span><\/span><\/span><\/p>\n<p align=\"justify\">\n<p align=\"justify\">\n<p align=\"justify\">\n<p align=\"justify\">\n<p align=\"justify\">\n<p align=\"center\"><span style=\"color: #000000;\"><span style=\"font-family: Book Antiqua, serif;\"><span style=\"font-size: large;\"><b>A OTO S\u0141\u00d3WKO KSI\u0118DZA LESZKA:<\/b><\/span><\/span><\/span><\/p>\n<p align=\"center\">\n<p align=\"center\">\n<p align=\"center\">\n<p align=\"center\">\n<p align=\"center\">\n<p align=\"justify\"><span style=\"color: #000000;\"><span style=\"font-family: Book Antiqua, serif;\"><span style=\"font-size: large;\">Dzisiaj widzimy Pana Jezusa, kt\u00f3ry na zaproszenie przyw\u00f3dcy faryzeuszy idzie do niego w go\u015bcin\u0119. Mo\u017cna powiedzie\u0107, \u017ce spotka\u0142 Jezusa \u2013 ze strony tego cz\u0142owieka \u2013 bardzo mi\u0142y gest. Ale, niestety, trzeba te\u017c i to zauwa\u017cy\u0107, \u017ce nie by\u0142o to zaproszenie od serca, poniewa\u017c \u2013 jak m\u00f3wi Ewangelia: <i><b>Gdy Jezus przyszed\u0142 do domu pewnego przyw\u00f3dcy faryzeusz\u00f3w, aby w szabat spo\u017cy\u0107 posi\u0142ek, oni Go \u015bledzili.<\/b><\/i><i><b> <\/b><\/i>Wynika z tego, \u017ce Jezus dosta\u0142 to zaproszenie w jakim\u015b celu. <\/span><\/span><\/span><\/p>\n<p align=\"justify\"><span style=\"color: #000000;\"><span style=\"font-family: Book Antiqua, serif;\"><span style=\"font-size: large;\">Na pewno nie chodzi\u0142o tym ludziom o to, \u017ceby Go ugo\u015bci\u0107, ale raczej aby znale\u017a\u0107 pretekst i pochwyci\u0107 Go w s\u0142owie, aby potem si\u0119 z Nim rozprawi\u0107 i odrzuci\u0107. Oni po prostu chcieli Go podpatrze\u0107 i poobserwowa\u0107.<\/span><\/span><\/span><\/p>\n<p align=\"justify\"><span style=\"color: #000000;\"><span style=\"font-family: Book Antiqua, serif;\"><span style=\"font-size: large;\">Chcia\u0142bym, aby\u015bmy spojrzeli dzi\u015b na t\u0119 Ewangeli\u0119 w takim kluczu. Zauwa\u017cmy, \u017ce Pan Jezus ju\u017c kilkakrotnie by\u0142 zapraszany na ro\u017cne uczty i zawsze z tych zaprosze\u0144 korzysta\u0142 \u2013 pomimo, i\u017c mia\u0142 \u015bwiadomo\u015b\u0107 nieszczerych intencji. Nie dopytywa\u0142, nie stawia\u0142 \u017cadnych warunk\u00f3w, po prostu szed\u0142\u2026<\/span><\/span><\/span><\/p>\n<p align=\"justify\"><span style=\"color: #000000;\"><span style=\"font-family: Book Antiqua, serif;\"><span style=\"font-size: large;\">B\u00f3g przyjmuje ka\u017cde zaproszenie \u2013 przyjmuje zaproszenie ka\u017cdego cz\u0142owieka. Niewa\u017cne, kim ten cz\u0142owiek jest, jakie ma podej\u015bcie do Boga i wiary i co sob\u0105 na dzie\u0144 dzisiejszy reprezentuje. Je\u017celi tylko cz\u0142owiek westchnie \u2013 B\u00f3g przychodzi. I pomimo tego, \u017ce na dzie\u0144 dzisiejszy mo\u017ce to nie by\u0107 szczere zaproszenie, bo nie do ko\u0144ca wierz\u0119, bo mam obiekcje, waham si\u0119, zastanawiam, mam ba\u0142agan w swoim \u017cyciu, bo jestem grzeszny \u2013 B\u00f3g nie szuka pretekstu, \u017ceby nie p\u00f3j\u015b\u0107, nie doszukuje si\u0119 drugiego dna. Po prostu, na zaproszenie cz\u0142owieka idzie i pr\u00f3buje wej\u015b\u0107 z nim w relacj\u0119, aby ucztowa\u0107. <\/span><\/span><\/span><\/p>\n<p align=\"justify\"><span style=\"color: #000000;\"><span style=\"font-family: Book Antiqua, serif;\"><span style=\"font-size: large;\">On nawet czeka na takie zaproszenie, bo ma wtedy mo\u017cliwo\u015b\u0107 dzia\u0142ania w \u017cyciu takiego cz\u0142owieka. Ma mo\u017cliwo\u015b\u0107 zbudowania czego\u015b wyj\u0105tkowego. Tak, jak w dzisiejszym czytaniu ewangelicznym, wchodzi na uczt\u0119 \u2013 czyli do naszego \u017cycia \u2013 i od razu ukierunkowuje biesiadnik\u00f3w: <i><b>Je\u015bli ci\u0119 kto\u015b zaprosi na uczt\u0119, nie zajmuj pierwszego miejsca, by przypadkiem kto\u015b znamienitszy od ciebie nie by\u0142 zaproszony przez niego. W\u00f3wczas przyjdzie ten, kto was obu zaprosi\u0142, i powie ci: \u201eUst\u0105p temu miejsca\u201d, a wtedy musia\u0142by\u015b ze wstydem zaj\u0105\u0107 ostatnie miejsce.<\/b><\/i><i><b> <\/b><\/i><\/span><\/span><\/span><\/p>\n<p align=\"justify\"><span style=\"color: #000000;\"><span style=\"font-family: Book Antiqua, serif;\"><span style=\"font-size: large;\">Przypowie\u015b\u0107 o zaproszonych na uczt\u0119 to tak\u017ce okazja do refleksji nad pokor\u0105 i pych\u0105. Jezus, wkraczaj\u0105c do naszego \u017cycia, obserwuje nas, a w momencie, kiedy zauwa\u017ca jakie\u015b niedoskona\u0142o\u015bci \u2013 koryguje tak, jak skorygowa\u0142 \u00f3wczesnych faryzeuszy. Pomimo, i\u017c up\u0142yn\u0119\u0142o ju\u017c dwa tysi\u0105ce lat od tamtych wydarze\u0144, ch\u0119\u0107 dominacji jednych nad drugimi nigdy nie usta\u0142a.<\/span><\/span><\/span><\/p>\n<p align=\"justify\"><span style=\"color: #000000;\"><span style=\"font-family: Book Antiqua, serif;\"><span style=\"font-size: large;\">W obrazie zaproszonych na uczt\u0119, kt\u00f3rzy przepychaj\u0105 si\u0119, aby zaj\u0105\u0107 pierwsze miejsca, mo\u017cemy zauwa\u017cy\u0107 odzwierciedlenie postaw tych wszystkich, kt\u00f3rzy szukaj\u0105 przedwczesnego uznania i presti\u017cu, nie zastanawiaj\u0105c si\u0119 nad tym, czy rzeczywi\u015bcie na to zas\u0142u\u017cyli. Dla osi\u0105gni\u0119cia swego celu cz\u0142owiek u\u017cywa wszelkich \u015brodk\u00f3w: \u0142okci, znajomo\u015bci, intryg, a tak\u017ce czapkowania czy podlizywania si\u0119. <\/span><\/span><\/span><\/p>\n<p align=\"justify\"><span style=\"color: #000000;\"><span style=\"font-family: Book Antiqua, serif;\"><span style=\"font-size: large;\">I niejednokrotnie nie ma to znaczenia, \u017ce w tej natarczywej walce zostaj\u0105 porozrywane na strz\u0119py: godno\u015b\u0107, honor, szacunek czy wolno\u015b\u0107. Pycha polega na wysokim mniemaniu o sobie i o swojej wielko\u015bci, a zapomina o podstawowej prawdzie, \u017ce wszystko jest darem, a to, co mamy, mamy od Boga. Nasze zdolno\u015bci, uroda, praca, dzieci, rodzina, znajomi \u2013 to Bo\u017cy dar i nic a nic nie jest nasz\u0105 zas\u0142ug\u0105\u2026<\/span><\/span><\/span><\/p>\n<p align=\"justify\"><span style=\"color: #000000;\"><span style=\"font-family: Book Antiqua, serif;\"><span style=\"font-size: large;\">Wielu ludzi lubi fotografowa\u0107 si\u0119 z kim\u015b znanym, a potem chwali\u0107 si\u0119 tym zdj\u0119ciem na Facebooku czy w innych mediach spo\u0142eczno\u015bciowych. W wielu przypadkach przekaz tego jest taki: \u201ePatrzcie, z kim mam do czynienia, jaki jestem wa\u017cny! Skoro mam takie zdj\u0119cie, to znaczy, \u017ce jestem kim\u015b!\u201d A Jezus m\u00f3wi: NIE! Nie dlatego jeste\u015b wa\u017cny! Jeste\u015b wa\u017cny, kochany i potrzebny dlatego, \u017ce jeste\u015b cz\u0142owiekiem, a nie przez to, jakie masz znajomo\u015bci czy stanowiska.<\/span><\/span><\/span><\/p>\n<p align=\"justify\"><span style=\"color: #000000;\"><span style=\"font-family: Book Antiqua, serif;\"><span style=\"font-size: large;\">Jest taki film: \u201eOjciec chrzestny\u201d. Konkretnie chodzi o cz\u0119\u015b\u0107 trzeci\u0105, opowiadaj\u0105c\u0105 o gangsterze, kt\u00f3ry zawsze siedzia\u0142 na \u201epierwszym krze\u015ble\u201d i zarz\u0105dza\u0142. Gra\u0142 pierwsze skrzypce i nikt nie m\u00f3g\u0142 si\u0119 mu sprzeciwi\u0107, wszystko musia\u0142o by\u0107 zgodnie z jego zachciankami. Kto\u015b, kto mia\u0142 inne zdanie, na jego rozkaz by\u0142 od razu zabijany\u2026<\/span><\/span><\/span><\/p>\n<p align=\"justify\"><span style=\"color: #000000;\"><span style=\"font-family: Book Antiqua, serif;\"><span style=\"font-size: large;\">I jest taka ostatnia scena z filmu, kiedy ten cz\u0142owiek siedzi pod drzewem samotnie, na w\u00f3zku inwalidzkim i w pewnym momencie upada i umiera. I nie ma przy nim nikogo\u2026 Pomimo, \u017ce kiedy\u015b by\u0142 tak wa\u017cny, otoczony tyloma lud\u017ami, teraz umiera w samotno\u015bci i z tego tytu\u0142u strasznie cierpi\u2026 Pomimo, \u017ce ca\u0142e \u017cycie by\u0142 kim\u015b, by\u0142 wywy\u017cszany, na mecie swojego \u017cycia zosta\u0142 poni\u017cony, bo nikt a nikt o nim nie pami\u0119ta\u0142, nikt nie przej\u0105\u0142 si\u0119 jego losem\u2026<\/span><\/span><\/span><\/p>\n<p align=\"justify\"><span style=\"color: #000000;\"><span style=\"font-family: Book Antiqua, serif;\"><span style=\"font-size: large;\"><i><b>Ka\u017cdy bowiem, kto si\u0119 wywy\u017csza, b\u0119dzie poni\u017cony, a kto si\u0119 uni\u017ca, b\u0119dzie wywy\u017cszony.. .<\/b><\/i><\/span><\/span><\/span><\/p>\n<p align=\"justify\"><span style=\"color: #000000;\"><span style=\"font-family: Book Antiqua, serif;\"><span style=\"font-size: large;\">\u015aw. Teresa m\u00f3wi\u0142a, \u017ce pokora jest kroczeniem w prawdzie. Jest to cnota, kt\u00f3ra pozwala nam przede wszystkim odnale\u017a\u0107 si\u0119 w prawdzie o nas samych. Pokora to przede wszystkim droga do szcz\u0119\u015bcia i zauwa\u017cenia przez Boga. Cz\u0142owiek, kt\u00f3ry jest pokorny, mniej cierpi, bo pokora pozwala te wszystkie napotykane cierpienia odda\u0107 Panu Bogu. Kiedy przychodz\u0105 na niego ro\u017cne obelgi, ro\u017cne k\u0142amstwa, cz\u0142owiek taki potrafi zachowa\u0107 spok\u00f3j. <\/span><\/span><\/span><\/p>\n<p align=\"justify\"><span style=\"color: #000000;\"><span style=\"font-family: Book Antiqua, serif;\"><span style=\"font-size: large;\">Natomiast pycha powoduje, i\u017c to wszystko rozdrapujemy i wtedy byle czym mo\u017cemy by\u0107 zranieni. Cz\u0142owiek pyszny i zarozumia\u0142y strasznie b\u0119dzie si\u0119 przejmowa\u0142 ludzk\u0105 opini\u0105, b\u0119dzie rozbity wewn\u0119trznie, agresywny i pe\u0142en z\u0142o\u015bci. Trafnie uj\u0105\u0142 to \u015aw. Maksymilian Maria Kolbe m\u00f3wi\u0105c, \u017ce \u201e\u017ceby p\u00f3j\u015b\u0107 do piek\u0142a, trzeba si\u0119 bardziej nacierpie\u0107, ni\u017c \u017ceby p\u00f3j\u015b\u0107 do Nieba\u201d. Taki niby paradoks, a jak\u017ce prawdziwy\u2026<\/span><\/span><\/span><\/p>\n<p align=\"justify\"><span style=\"color: #000000;\"><span style=\"font-family: Book Antiqua, serif;\"><span style=\"font-size: large;\">Jezus m\u00f3wi\u0105c o zajmowaniu miejsc na uczcie, daje do zrozumienia, \u017ce ziemskie zaszczyty nie maj\u0105 znaczenia dla Boga, a w Kr\u00f3lestwie Niebieskim, nie uprawniaj\u0105 do zajmowania pierwszych miejsc. W Kr\u00f3lestwie Niebieskim to B\u00f3g b\u0119dzie jedynym Gospodarzem, wyznaczaj\u0105cym miejsca . <\/span><\/span><\/span><\/p>\n<p align=\"justify\"><span style=\"color: #000000;\"><span style=\"font-family: Book Antiqua, serif;\"><span style=\"font-size: large;\">Dlatego m\u00f3dlmy si\u0119 i uczmy si\u0119 pokory, by\u015bmy na Uczcie Niebieskiej zostali dostrze\u017ceni w ca\u0142ej tej wielkiej rzeszy i us\u0142yszeli z Bo\u017cych ust: \u201ePrzyjacielu! Zapraszam, Twoje miejsce jest bli\u017cej Mnie! Przesi\u0105d\u017a si\u0119, prosz\u0119\u201d\u2026<\/span><\/span><\/span><\/p>\n","protected":false},"excerpt":{"rendered":"<p>Szcz\u0119\u015b\u0107 Bo\u017ce! Moi Drodzy, w dniu dzisiejszym imieniny prze\u017cywa Ksi\u0105dz Przemys\u0142aw Radomyski, m\u00f3j Poprzednik w pos\u0142udze Duszpasterza Akademickiego w Siedlcach. \u017bycz\u0119 Solenizantowi wszelkich dobrych natchnie\u0144 i zapa\u0142u do pe\u0142nienia kap\u0142a\u0144skiej pos\u0142ugi. Zapewniam o modlitwie! Pozdrawiam Was, moi Drodzy, z Kodnia, gdzie powierzam Bogu \u2013 przez wstawiennictwo Matki Bo\u017cej \u2013 Was i Wasze sprawy. Serdecznie dzi\u0119kujemy [&hellip;]<\/p>\n","protected":false},"author":1,"featured_media":0,"comment_status":"open","ping_status":"open","sticky":false,"template":"","format":"standard","meta":{"jetpack_post_was_ever_published":false,"_jetpack_newsletter_access":"","_jetpack_dont_email_post_to_subs":false,"_jetpack_newsletter_tier_id":0,"_jetpack_memberships_contains_paywalled_content":false,"_jetpack_memberships_contains_paid_content":false,"footnotes":""},"categories":[1],"tags":[],"class_list":["post-19735","post","type-post","status-publish","format-standard","hentry","category-bez-kategorii"],"yoast_head":"<!-- This site is optimized with the Yoast SEO plugin v25.1 - https:\/\/yoast.com\/wordpress\/plugins\/seo\/ -->\n<title>Nie zajmuj pierwszego miejsca... - Gaudium Et Spes<\/title>\n<meta name=\"robots\" content=\"index, follow, max-snippet:-1, max-image-preview:large, max-video-preview:-1\" \/>\n<link rel=\"canonical\" href=\"https:\/\/gaudiumetspes-blog.pl\/index.php\/2021\/10\/30\/nie-zajmuj-pierwszego-miejsca-2\/\" \/>\n<meta property=\"og:locale\" content=\"pl_PL\" \/>\n<meta property=\"og:type\" content=\"article\" \/>\n<meta property=\"og:title\" content=\"Nie zajmuj pierwszego miejsca... - Gaudium Et Spes\" \/>\n<meta property=\"og:description\" content=\"Szcz\u0119\u015b\u0107 Bo\u017ce! Moi Drodzy, w dniu dzisiejszym imieniny prze\u017cywa Ksi\u0105dz Przemys\u0142aw Radomyski, m\u00f3j Poprzednik w pos\u0142udze Duszpasterza Akademickiego w Siedlcach. \u017bycz\u0119 Solenizantowi wszelkich dobrych natchnie\u0144 i zapa\u0142u do pe\u0142nienia kap\u0142a\u0144skiej pos\u0142ugi. Zapewniam o modlitwie! Pozdrawiam Was, moi Drodzy, z Kodnia, gdzie powierzam Bogu \u2013 przez wstawiennictwo Matki Bo\u017cej \u2013 Was i Wasze sprawy. Serdecznie dzi\u0119kujemy [&hellip;]\" \/>\n<meta property=\"og:url\" content=\"https:\/\/gaudiumetspes-blog.pl\/index.php\/2021\/10\/30\/nie-zajmuj-pierwszego-miejsca-2\/\" \/>\n<meta property=\"og:site_name\" content=\"Gaudium Et Spes\" \/>\n<meta property=\"article:published_time\" content=\"2021-10-30T05:40:34+00:00\" \/>\n<meta name=\"author\" content=\"Ks. Jacek\" \/>\n<meta name=\"twitter:card\" content=\"summary_large_image\" \/>\n<meta name=\"twitter:label1\" content=\"Napisane przez\" \/>\n\t<meta name=\"twitter:data1\" content=\"Ks. Jacek\" \/>\n\t<meta name=\"twitter:label2\" content=\"Szacowany czas czytania\" \/>\n\t<meta name=\"twitter:data2\" content=\"9 minut\" \/>\n<script type=\"application\/ld+json\" class=\"yoast-schema-graph\">{\"@context\":\"https:\/\/schema.org\",\"@graph\":[{\"@type\":\"WebPage\",\"@id\":\"https:\/\/gaudiumetspes-blog.pl\/index.php\/2021\/10\/30\/nie-zajmuj-pierwszego-miejsca-2\/\",\"url\":\"https:\/\/gaudiumetspes-blog.pl\/index.php\/2021\/10\/30\/nie-zajmuj-pierwszego-miejsca-2\/\",\"name\":\"Nie zajmuj pierwszego miejsca... - Gaudium Et Spes\",\"isPartOf\":{\"@id\":\"https:\/\/gaudiumetspes-blog.pl\/#website\"},\"datePublished\":\"2021-10-30T05:40:34+00:00\",\"author\":{\"@id\":\"https:\/\/gaudiumetspes-blog.pl\/#\/schema\/person\/1661982992b752dea8dff0d4ed845a65\"},\"breadcrumb\":{\"@id\":\"https:\/\/gaudiumetspes-blog.pl\/index.php\/2021\/10\/30\/nie-zajmuj-pierwszego-miejsca-2\/#breadcrumb\"},\"inLanguage\":\"pl-PL\",\"potentialAction\":[{\"@type\":\"ReadAction\",\"target\":[\"https:\/\/gaudiumetspes-blog.pl\/index.php\/2021\/10\/30\/nie-zajmuj-pierwszego-miejsca-2\/\"]}]},{\"@type\":\"BreadcrumbList\",\"@id\":\"https:\/\/gaudiumetspes-blog.pl\/index.php\/2021\/10\/30\/nie-zajmuj-pierwszego-miejsca-2\/#breadcrumb\",\"itemListElement\":[{\"@type\":\"ListItem\",\"position\":1,\"name\":\"Strona g\u0142\u00f3wna\",\"item\":\"https:\/\/gaudiumetspes-blog.pl\/\"},{\"@type\":\"ListItem\",\"position\":2,\"name\":\"Nie&nbsp;zajmuj pierwszego miejsca&#8230;\"}]},{\"@type\":\"WebSite\",\"@id\":\"https:\/\/gaudiumetspes-blog.pl\/#website\",\"url\":\"https:\/\/gaudiumetspes-blog.pl\/\",\"name\":\"Gaudium Et Spes\",\"description\":\"Blog Ks. Jacka Ja\u015bkowskiego\",\"potentialAction\":[{\"@type\":\"SearchAction\",\"target\":{\"@type\":\"EntryPoint\",\"urlTemplate\":\"https:\/\/gaudiumetspes-blog.pl\/?s={search_term_string}\"},\"query-input\":{\"@type\":\"PropertyValueSpecification\",\"valueRequired\":true,\"valueName\":\"search_term_string\"}}],\"inLanguage\":\"pl-PL\"},{\"@type\":\"Person\",\"@id\":\"https:\/\/gaudiumetspes-blog.pl\/#\/schema\/person\/1661982992b752dea8dff0d4ed845a65\",\"name\":\"Ks. Jacek\",\"image\":{\"@type\":\"ImageObject\",\"inLanguage\":\"pl-PL\",\"@id\":\"https:\/\/gaudiumetspes-blog.pl\/#\/schema\/person\/image\/\",\"url\":\"https:\/\/gaudiumetspes-blog.pl\/wp-content\/uploads\/2019\/07\/avatar-JJ-150x150.jpg\",\"contentUrl\":\"https:\/\/gaudiumetspes-blog.pl\/wp-content\/uploads\/2019\/07\/avatar-JJ-150x150.jpg\",\"caption\":\"Ks. Jacek\"},\"description\":\"Witam serdecznie! K\u0142ania si\u0119 Ks. Jacek Ja\u015bkowski. Nie jestem ani kim\u015b wa\u017cnym, ani kim\u015b znanym. Jestem ksi\u0119dzem, kt\u00f3ry po prostu chce rozmawia\u0107. Codzienna kap\u0142a\u0144ska pos\u0142uga pokazuje mi, \u017ce temat\u00f3w do rozm\u00f3w z ksi\u0119dzem jest coraz wi\u0119cej i dzisiaj \u017caden ksi\u0105dz nie mo\u017ce od nich ucieka\u0107, ale - wprost przeciwnie - podejmowa\u0107 nowe wyzwania. To przekonanie sk\u0142oni\u0142o mnie do pr\u00f3by otwarcia tego\u017c bloga, chocia\u017c okazji do rozm\u00f3w na co dzie\u0144 - w konfesjonale i poza nim - na szcz\u0119\u015bcie nie brakuje. My\u015bl\u0119 jednak, \u017ce ten blog b\u0119dzie jeszcze jednym sposobem i przestrzeni\u0105 nawi\u0105zania kontaktu z lud\u017ami dobrej woli, otwartymi na dialog.\",\"url\":\"https:\/\/gaudiumetspes-blog.pl\/index.php\/author\/ks-jacek\/\"}]}<\/script>\n<!-- \/ Yoast SEO plugin. -->","yoast_head_json":{"title":"Nie zajmuj pierwszego miejsca... - Gaudium Et Spes","robots":{"index":"index","follow":"follow","max-snippet":"max-snippet:-1","max-image-preview":"max-image-preview:large","max-video-preview":"max-video-preview:-1"},"canonical":"https:\/\/gaudiumetspes-blog.pl\/index.php\/2021\/10\/30\/nie-zajmuj-pierwszego-miejsca-2\/","og_locale":"pl_PL","og_type":"article","og_title":"Nie zajmuj pierwszego miejsca... - Gaudium Et Spes","og_description":"Szcz\u0119\u015b\u0107 Bo\u017ce! Moi Drodzy, w dniu dzisiejszym imieniny prze\u017cywa Ksi\u0105dz Przemys\u0142aw Radomyski, m\u00f3j Poprzednik w pos\u0142udze Duszpasterza Akademickiego w Siedlcach. \u017bycz\u0119 Solenizantowi wszelkich dobrych natchnie\u0144 i zapa\u0142u do pe\u0142nienia kap\u0142a\u0144skiej pos\u0142ugi. Zapewniam o modlitwie! Pozdrawiam Was, moi Drodzy, z Kodnia, gdzie powierzam Bogu \u2013 przez wstawiennictwo Matki Bo\u017cej \u2013 Was i Wasze sprawy. Serdecznie dzi\u0119kujemy [&hellip;]","og_url":"https:\/\/gaudiumetspes-blog.pl\/index.php\/2021\/10\/30\/nie-zajmuj-pierwszego-miejsca-2\/","og_site_name":"Gaudium Et Spes","article_published_time":"2021-10-30T05:40:34+00:00","author":"Ks. Jacek","twitter_card":"summary_large_image","twitter_misc":{"Napisane przez":"Ks. Jacek","Szacowany czas czytania":"9 minut"},"schema":{"@context":"https:\/\/schema.org","@graph":[{"@type":"WebPage","@id":"https:\/\/gaudiumetspes-blog.pl\/index.php\/2021\/10\/30\/nie-zajmuj-pierwszego-miejsca-2\/","url":"https:\/\/gaudiumetspes-blog.pl\/index.php\/2021\/10\/30\/nie-zajmuj-pierwszego-miejsca-2\/","name":"Nie zajmuj pierwszego miejsca... - Gaudium Et Spes","isPartOf":{"@id":"https:\/\/gaudiumetspes-blog.pl\/#website"},"datePublished":"2021-10-30T05:40:34+00:00","author":{"@id":"https:\/\/gaudiumetspes-blog.pl\/#\/schema\/person\/1661982992b752dea8dff0d4ed845a65"},"breadcrumb":{"@id":"https:\/\/gaudiumetspes-blog.pl\/index.php\/2021\/10\/30\/nie-zajmuj-pierwszego-miejsca-2\/#breadcrumb"},"inLanguage":"pl-PL","potentialAction":[{"@type":"ReadAction","target":["https:\/\/gaudiumetspes-blog.pl\/index.php\/2021\/10\/30\/nie-zajmuj-pierwszego-miejsca-2\/"]}]},{"@type":"BreadcrumbList","@id":"https:\/\/gaudiumetspes-blog.pl\/index.php\/2021\/10\/30\/nie-zajmuj-pierwszego-miejsca-2\/#breadcrumb","itemListElement":[{"@type":"ListItem","position":1,"name":"Strona g\u0142\u00f3wna","item":"https:\/\/gaudiumetspes-blog.pl\/"},{"@type":"ListItem","position":2,"name":"Nie&nbsp;zajmuj pierwszego miejsca&#8230;"}]},{"@type":"WebSite","@id":"https:\/\/gaudiumetspes-blog.pl\/#website","url":"https:\/\/gaudiumetspes-blog.pl\/","name":"Gaudium Et Spes","description":"Blog Ks. Jacka Ja\u015bkowskiego","potentialAction":[{"@type":"SearchAction","target":{"@type":"EntryPoint","urlTemplate":"https:\/\/gaudiumetspes-blog.pl\/?s={search_term_string}"},"query-input":{"@type":"PropertyValueSpecification","valueRequired":true,"valueName":"search_term_string"}}],"inLanguage":"pl-PL"},{"@type":"Person","@id":"https:\/\/gaudiumetspes-blog.pl\/#\/schema\/person\/1661982992b752dea8dff0d4ed845a65","name":"Ks. Jacek","image":{"@type":"ImageObject","inLanguage":"pl-PL","@id":"https:\/\/gaudiumetspes-blog.pl\/#\/schema\/person\/image\/","url":"https:\/\/gaudiumetspes-blog.pl\/wp-content\/uploads\/2019\/07\/avatar-JJ-150x150.jpg","contentUrl":"https:\/\/gaudiumetspes-blog.pl\/wp-content\/uploads\/2019\/07\/avatar-JJ-150x150.jpg","caption":"Ks. Jacek"},"description":"Witam serdecznie! K\u0142ania si\u0119 Ks. Jacek Ja\u015bkowski. Nie jestem ani kim\u015b wa\u017cnym, ani kim\u015b znanym. Jestem ksi\u0119dzem, kt\u00f3ry po prostu chce rozmawia\u0107. Codzienna kap\u0142a\u0144ska pos\u0142uga pokazuje mi, \u017ce temat\u00f3w do rozm\u00f3w z ksi\u0119dzem jest coraz wi\u0119cej i dzisiaj \u017caden ksi\u0105dz nie mo\u017ce od nich ucieka\u0107, ale - wprost przeciwnie - podejmowa\u0107 nowe wyzwania. To przekonanie sk\u0142oni\u0142o mnie do pr\u00f3by otwarcia tego\u017c bloga, chocia\u017c okazji do rozm\u00f3w na co dzie\u0144 - w konfesjonale i poza nim - na szcz\u0119\u015bcie nie brakuje. My\u015bl\u0119 jednak, \u017ce ten blog b\u0119dzie jeszcze jednym sposobem i przestrzeni\u0105 nawi\u0105zania kontaktu z lud\u017ami dobrej woli, otwartymi na dialog.","url":"https:\/\/gaudiumetspes-blog.pl\/index.php\/author\/ks-jacek\/"}]}},"jetpack_featured_media_url":"","jetpack_sharing_enabled":true,"_links":{"self":[{"href":"https:\/\/gaudiumetspes-blog.pl\/index.php\/wp-json\/wp\/v2\/posts\/19735","targetHints":{"allow":["GET"]}}],"collection":[{"href":"https:\/\/gaudiumetspes-blog.pl\/index.php\/wp-json\/wp\/v2\/posts"}],"about":[{"href":"https:\/\/gaudiumetspes-blog.pl\/index.php\/wp-json\/wp\/v2\/types\/post"}],"author":[{"embeddable":true,"href":"https:\/\/gaudiumetspes-blog.pl\/index.php\/wp-json\/wp\/v2\/users\/1"}],"replies":[{"embeddable":true,"href":"https:\/\/gaudiumetspes-blog.pl\/index.php\/wp-json\/wp\/v2\/comments?post=19735"}],"version-history":[{"count":1,"href":"https:\/\/gaudiumetspes-blog.pl\/index.php\/wp-json\/wp\/v2\/posts\/19735\/revisions"}],"predecessor-version":[{"id":19736,"href":"https:\/\/gaudiumetspes-blog.pl\/index.php\/wp-json\/wp\/v2\/posts\/19735\/revisions\/19736"}],"wp:attachment":[{"href":"https:\/\/gaudiumetspes-blog.pl\/index.php\/wp-json\/wp\/v2\/media?parent=19735"}],"wp:term":[{"taxonomy":"category","embeddable":true,"href":"https:\/\/gaudiumetspes-blog.pl\/index.php\/wp-json\/wp\/v2\/categories?post=19735"},{"taxonomy":"post_tag","embeddable":true,"href":"https:\/\/gaudiumetspes-blog.pl\/index.php\/wp-json\/wp\/v2\/tags?post=19735"}],"curies":[{"name":"wp","href":"https:\/\/api.w.org\/{rel}","templated":true}]}}