{"id":19883,"date":"2021-11-30T05:30:02","date_gmt":"2021-11-30T04:30:02","guid":{"rendered":"https:\/\/gaudiumetspes-blog.pl\/?p=19883"},"modified":"2021-11-30T05:30:02","modified_gmt":"2021-11-30T04:30:02","slug":"wiara-rodzi-sie-ze-sluchania","status":"publish","type":"post","link":"https:\/\/gaudiumetspes-blog.pl\/index.php\/2021\/11\/30\/wiara-rodzi-sie-ze-sluchania\/","title":{"rendered":"Wiara rodzi si\u0119 ze s\u0142uchania&#8230;"},"content":{"rendered":"<p align=\"justify\"><span style=\"color: #000000;\"><span style=\"font-family: Book Antiqua, serif;\"><span style=\"font-size: large;\">Szcz\u0119\u015b\u0107 Bo\u017ce! Moi Drodzy, w dniu dzisiejszym prze\u017cywamy <b>liturgiczne \u015awi\u0119to \u015awi\u0119tego Andrzeja Aposto\u0142a, Patrona wielu bliskich mi Os\u00f3b. I dlatego,<\/b> <b>z tej w\u0142a\u015bnie<\/b> <b>okazji, k<\/b><b>ieruj\u0119 \u017cyczliwe s\u0142owa do:<\/b><\/span><\/span><\/span><\/p>\n<p align=\"justify\"><span style=\"color: #000000;\">\u25ba<span style=\"font-family: Book Antiqua, serif;\"><span style=\"font-size: large;\"><b>Ksi\u0119dza Kanonika Andrzeja Duklewskiego, wcze\u015bniej: Wikariusza Generalnego Diecezji Nowosybirskiej, a jeszcze wcze\u015bniej: Proboszcza Parafii w Tomsku, obecnie za\u015b: Proboszcza Parafii Sz\u00f3stka, w Diecezji siedleckiej;<\/b><\/span><\/span><\/span><\/p>\n<p align=\"justify\"><span style=\"color: #000000;\">\u25ba<span style=\"font-family: Book Antiqua, serif;\"><span style=\"font-size: large;\"><b>Ksi\u0119dza Pra\u0142ata Doktora Andrzeja Ga\u0142ki, Krajowego Duszpasterza Niewidomych, S\u0119dziego w Trybunale Beatyfikacyjnym Prymasa Wyszy\u0144skiego i Matki Czackiej, <\/b><\/span><\/span><\/span><\/p>\n<p align=\"justify\"><span style=\"color: #000000;\">\u25ba<span style=\"font-family: Book Antiqua, serif;\"><span style=\"font-size: large;\"><b>Ksi\u0119dza Andrzeja Zajkowskiego, mojego Wsp\u00f3\u0142pracownika w Parafii w T\u0142uszczu;<\/b><\/span><\/span><\/span><\/p>\n<p align=\"justify\"><span style=\"color: #000000;\">\u25ba<span style=\"font-family: Book Antiqua, serif;\"><span style=\"font-size: large;\"><b>Ksi\u0119dza Pra\u0142ata Andrzeja Kuflikowskiego, Proboszcza Parafii \u015awi\u0119tego Ojca Pio w Warszawie;<\/b><\/span><\/span><\/span><\/p>\n<p align=\"justify\"><span style=\"color: #000000;\">\u25ba<span style=\"font-family: Book Antiqua, serif;\"><span style=\"font-size: large;\"><b>Ksi\u0119dza Andrzeja G\u0142aska, z kt\u00f3rym wsp\u00f3\u0142pracowa\u0142em w ramach Pieszej Pielgrzymki Podlaskiej \u2013 by\u0142ego Kierownika tej Pielgrzymki;<\/b><\/span><\/span><\/span><\/p>\n<p align=\"justify\"><span style=\"color: #000000;\">\u25ba<span style=\"font-family: Book Antiqua, serif;\"><span style=\"font-size: large;\"><b>Ksi\u0119dza Kanonika Andrzeja Banasiuka \u2013 Proboszcza Parafii w Pilawie;<\/b><\/span><\/span><\/span><\/p>\n<p align=\"justify\"><span style=\"color: #000000;\">\u25ba<span style=\"font-family: Book Antiqua, serif;\"><span style=\"font-size: large;\"><b>Ks. Andrzeja Kici\u0144skiego \u2013 pochodz\u0105cego z naszej Diecezji Profesora KUL oraz by\u0142ego Prorektora tej Uczelni;<\/b><\/span><\/span><\/span><\/p>\n<p align=\"justify\"><span style=\"color: #000000;\">\u25ba<span style=\"font-family: Book Antiqua, serif;\"><span style=\"font-size: large;\"><b>Ksi\u0119dza Andrzeja Janickiego z Diecezji p\u0142ockiej, oraz:<\/b><\/span><\/span><\/span><\/p>\n<p align=\"justify\"><span style=\"color: #000000;\">\u25ba<span style=\"font-family: Book Antiqua, serif;\"><span style=\"font-size: large;\"><b>Ksi\u0119dza Andrzeja Sachera z Diecezji katowickiej \u2013 moich by\u0142ych Student\u00f3w na KUL;<\/b><\/span><\/span><\/span><\/p>\n<p align=\"justify\"><span style=\"color: #000000;\">\u25ba<span style=\"font-family: Book Antiqua, serif;\"><span style=\"font-size: large;\"><b>Ksi\u0119dza Andrzej Borkowskiego \u2013 Proboszcza Parafii Mikasz\u00f3wka, w Diecezji e\u0142ckiej, tak go\u015bcinnie i serdecznie przyjmuj\u0105cego nas na nocleg w trakcie naszych sp\u0142yw\u00f3w kajakowych;<\/b><\/span><\/span><\/span><\/p>\n<p align=\"justify\"><span style=\"color: #000000;\">\u25ba<span style=\"font-family: Book Antiqua, serif;\"><span style=\"font-size: large;\"><b>Ksi\u0119dza Andrzeja Wnuka \u2013 za moich czas\u00f3w: Rezydenta w Celestynowie;<\/b><\/span><\/span><\/span><\/p>\n<p align=\"justify\"><span style=\"color: #000000;\">\u25ba<span style=\"font-family: Book Antiqua, serif;\"><span style=\"font-size: large;\"><b>Ojca Andrzeja Ma\u0142ka, sercanina, za moich czas\u00f3w: wsp\u00f3\u0142pracuj\u0105cego z Parafi\u0105 w Celestynowie;<\/b><\/span><\/span><\/span><\/p>\n<p align=\"justify\"><span style=\"color: #000000;\">\u25ba<span style=\"font-family: Book Antiqua, serif;\"><span style=\"font-size: large;\"><b>Ksi\u0119\u017cy, z kt\u00f3rymi w swoim czasie si\u0119 spotka\u0142em:<\/b><\/span><\/span><\/span><\/p>\n<p align=\"justify\"><span style=\"color: #000000;\"><span style=\"font-family: Book Antiqua, serif;\"><span style=\"font-size: large;\"><b>* Ksi\u0105dza Andrzeja Siedlanowskiego,<\/b><\/span><\/span><\/span><\/p>\n<p align=\"justify\"><span style=\"color: #000000;\"><span style=\"font-family: Book Antiqua, serif;\"><span style=\"font-size: large;\"><b>* Ksi\u0119dza Andrzeja Zozul\u0119,<\/b><\/span><\/span><\/span><\/p>\n<p align=\"justify\"><span style=\"color: #000000;\"><span style=\"font-family: Book Antiqua, serif;\"><span style=\"font-size: large;\"><b>* Ksi\u0119dza Andrzeja Wolanina,<\/b><\/span><\/span><\/span><\/p>\n<p align=\"justify\"><span style=\"color: #000000;\"><span style=\"font-family: Book Antiqua, serif;\"><span style=\"font-size: large;\"><b>* Ksi\u0119dza Andrzeja Oworuszko;<\/b><\/span><\/span><\/span><\/p>\n<p align=\"justify\"><span style=\"color: #000000;\">\u25ba<span style=\"font-family: Book Antiqua, serif;\"><span style=\"font-size: large;\"><b>Brata Andrzeja B\u0142a\u017cejewskiego, Oblata z Kodnia, bardzo mi \u017cyczliwego i pomocnego Cz\u0142owieka;<\/b><\/span><\/span><\/span><\/p>\n<p align=\"justify\"><span style=\"color: #000000;\">\u25ba<span style=\"font-family: Book Antiqua, serif;\"><span style=\"font-size: large;\"><b>Bliskich mi z r\u00f3\u017cnych czas\u00f3w i okoliczno\u015bci:<\/b><\/span><\/span><\/span><\/p>\n<p align=\"justify\"><span style=\"color: #000000;\"><span style=\"font-family: Book Antiqua, serif;\"><span style=\"font-size: large;\"><b>* Andrzeja Nowickiego,<\/b><\/span><\/span><\/span><\/p>\n<p align=\"justify\"><span style=\"color: #000000;\"><span style=\"font-family: Book Antiqua, serif;\"><span style=\"font-size: large;\"><b>* Andrzeja Adamskiego,<\/b><\/span><\/span><\/span><\/p>\n<p align=\"justify\"><span style=\"color: #000000;\"><span style=\"font-family: Book Antiqua, serif;\"><span style=\"font-size: large;\"><b>* Andrzeja Sobiegraja;<\/b><\/span><\/span><\/span><\/p>\n<p align=\"justify\"><span style=\"color: #000000;\">\u25ba<span style=\"font-family: Book Antiqua, serif;\"><span style=\"font-size: large;\"><b>Andrzeja Ostapiuka \u2013 z jednej z \u00f3wczesnych Wsp\u00f3lnot m\u0142odzie\u017cowych;<\/b><\/span><\/span><\/span><\/p>\n<p align=\"justify\"><span style=\"color: #000000;\">\u25ba<span style=\"font-family: Book Antiqua, serif;\"><span style=\"font-size: large;\"><b>Andrzeja G\u0142odka \u2013 Nauczyciela z Liceum im. Lelewela w \u017belechowie, mojego Koleg\u0119 z tej\u017ce pracy.<\/b><\/span><\/span><\/span><\/p>\n<p align=\"justify\"><span style=\"color: #000000;\"><span style=\"font-family: Book Antiqua, serif;\"><span style=\"font-size: large;\"><b>Wszystkim Dostojnym Solenizantom \u017cycz\u0119, aby Jezus m\u00f3g\u0142 zawsze liczy\u0107 na Ich wsp\u00f3\u0142prac\u0119. Zapewniam o modlitwie!<\/b><\/span><\/span><\/span><\/p>\n<p align=\"justify\"><span style=\"color: #000000;\"><span style=\"font-family: Book Antiqua, serif;\"><span style=\"font-size: large;\">Moi Drodzy, dzisiaj ostatni dzie\u0144 listopada i jednocze\u015bnie ostatni dzie\u0144, w jakim mo\u017cemy uzyska\u0107 odpust za Zmar\u0142ych, modl\u0105c si\u0119 na cmentarzu. Jak wiemy, tak\u017ce w tym roku przepis, dotycz\u0105cy zawsze jedynie Oktawy Uroczysto\u015bci Wszystkich \u015awi\u0119tych, obj\u0105\u0142 ca\u0142y listopad. Skorzystajmy \u2013 jeszcze dzisiaj \u2013 z tej mo\u017cliwo\u015bci.<\/span><\/span><\/span><\/p>\n<p align=\"justify\"><span style=\"color: #000000;\"><span style=\"font-family: Book Antiqua, serif;\"><span style=\"font-size: large;\">A u nas dzisiaj \u2013 pierwsze Roraty. A potem \u2013 jak co wtorek \u2013 dy\u017cur Duszpasterza Akademickiego w gmachu na ul. Prusa. <\/span><\/span><\/span><\/p>\n<p align=\"justify\"><span style=\"color: #000000;\"><span style=\"font-family: Book Antiqua, serif;\"><span style=\"font-size: large;\">To ju\u017c drugi wtorek, w kt\u00f3rym sam przygotowuj\u0119 s\u0142\u00f3wko. Wynika to z wielo\u015bci obowi\u0105zk\u00f3w, jakie w tych tygodniach musi podj\u0105\u0107 Ania. Jest jednak nadzieja, \u017ce w nast\u0119pne wtorki powr\u00f3ci Ona na stanowisko.<\/span><\/span><\/span><\/p>\n<p align=\"justify\"><span style=\"color: #000000;\"><span style=\"font-family: Book Antiqua, serif;\"><span style=\"font-size: large;\">Teraz za\u015b wzywajmy Ducha \u015awi\u0119tego, aby otworzy\u0142 jak najszerzej nasze umys\u0142y i serca, by\u015bmy przyj\u0119li Bo\u017ce s\u0142owo i odkryli, <b>co Pan tak szczeg\u00f3lnie i konkretnie do mnie m\u00f3wi?<\/b><\/span><\/span><\/span><\/p>\n<p align=\"justify\"><span style=\"color: #000000;\"><span style=\"font-family: Book Antiqua, serif;\"><span style=\"font-size: large;\"><b>Niech Was b\u0142ogos\u0142awi B\u00f3g Wszechmog\u0105cy: Ojciec + i Syn, i Duch \u015awi\u0119ty. Amen<\/b><\/span><\/span><\/span><\/p>\n<p align=\"center\"><span style=\"color: #000000;\"><span style=\"font-family: Book Antiqua, serif;\"><span style=\"font-size: large;\">Gaudium et spes! Ks. Jacek<\/span><\/span><\/span><\/p>\n<p align=\"center\">\n<p align=\"center\">\n<p align=\"center\">\n<p align=\"center\">\n<p align=\"center\">\n<p align=\"justify\"><span style=\"color: #000000;\"><span style=\"font-family: Book Antiqua, serif;\"><span style=\"font-size: large;\"><b>\u015awi\u0119to \u015aw. Andrzeja Aposto\u0142a, <\/b><\/span><\/span><\/span><\/p>\n<p align=\"justify\"><span style=\"color: #000000;\"><span style=\"font-family: Book Antiqua, serif;\"><span style=\"font-size: large;\"><b>30 listopada 2021.,<\/b><\/span><\/span><\/span><\/p>\n<p align=\"justify\"><span style=\"color: #000000;\"><span style=\"font-family: Book Antiqua, serif;\"><span style=\"font-size: large;\"><b>do czyta\u0144 z t. VI Lekcjonarza: Iz 49,1\u20136; albo: Rz 10,9\u201318; Mt 4,18\u201322<\/b><\/span><\/span><\/span><\/p>\n<p align=\"justify\">\n<p align=\"justify\">\n<p align=\"justify\">\n<p align=\"justify\">\n<p align=\"justify\">\n<p align=\"justify\"><span style=\"color: #000000;\"><span style=\"font-family: Book Antiqua, serif;\"><span style=\"font-size: large;\"><b>CZYTANIE Z KSI\u0118GI PROROKA IZAJASZA:<\/b><\/span><\/span><\/span><\/p>\n<p align=\"justify\"><span style=\"color: #000000;\"><span style=\"font-family: Book Antiqua, serif;\"><span style=\"font-size: large;\"><b>Wyspy, pos\u0142uchajcie mnie! Ludy najdalsze, uwa\u017cajcie! Powo\u0142a\u0142 mnie Pan ju\u017c z \u0142ona mej matki, od jej wn\u0119trzno\u015bci wspomnia\u0142 moje imi\u0119. Ostrym mieczem uczyni\u0142 me usta, w cieniu swej r\u0119ki mnie ukry\u0142, uczyni\u0142 ze mnie strza\u0142\u0119 zaostrzon\u0105, utai\u0142 mnie w swoim ko\u0142czanie. I rzek\u0142 mi: \u201eTy\u015b s\u0142ug\u0105 moim, w tobie si\u0119 rozs\u0142awi\u0119\u201d.<\/b><\/span><\/span><\/span><\/p>\n<p align=\"justify\"><span style=\"color: #000000;\"><span style=\"font-family: Book Antiqua, serif;\"><span style=\"font-size: large;\"><b>Ja za\u015b m\u00f3wi\u0142em: \u201ePr\u00f3\u017cno si\u0119 trudzi\u0142em, na darmo i na nic zu\u017cy\u0142em me si\u0142y. Lecz moje prawo jest u Pana i moja nagroda u Boga mego. Ws\u0142awi\u0142em si\u0119 w oczach Pana, B\u00f3g m\u00f3j sta\u0142 si\u0119 moj\u0105 si\u0142\u0105\u201d.<\/b><\/span><\/span><\/span><\/p>\n<p align=\"justify\"><span style=\"color: #000000;\"><span style=\"font-family: Book Antiqua, serif;\"><span style=\"font-size: large;\"><b>A teraz przem\u00f3wi\u0142 Pan, kt\u00f3ry mnie ukszta\u0142towa\u0142 od urodzenia na swego s\u0142ug\u0119, bym nawr\u00f3ci\u0142 do Niego Jakuba i zgromadzi\u0142 Mu Izraela.<\/b><\/span><\/span><\/span><\/p>\n<p align=\"justify\"><span style=\"color: #000000;\"><span style=\"font-family: Book Antiqua, serif;\"><span style=\"font-size: large;\"><b>I rzek\u0142 mi: \u201eTo zbyt ma\u0142o, i\u017c jeste\u015b Mi s\u0142ug\u0105 dla pod\u017awigni\u0119cia pokole\u0144 Jakuba i sprowadzenia ocala\u0142ych z Izraela. Ustanowi\u0119 ci\u0119 \u015bwiat\u0142o\u015bci\u0105 dla pogan, aby moje zbawienie dotar\u0142o a\u017c do kra\u0144c\u00f3w ziemi\u201d.<\/b><\/span><\/span><\/span><\/p>\n<p align=\"justify\">\n<p align=\"justify\">\n<p align=\"justify\">\n<p align=\"justify\">\n<p align=\"justify\">\n<p align=\"center\"><span style=\"color: #000000;\"><span style=\"font-family: Book Antiqua, serif;\"><span style=\"font-size: large;\"><b>ALBO:<\/b><\/span><\/span><\/span><\/p>\n<p align=\"center\">\n<p align=\"center\">\n<p align=\"center\">\n<p align=\"center\">\n<p align=\"center\">\n<p align=\"justify\"><span style=\"color: #000000;\"><span style=\"font-family: Book Antiqua, serif;\"><span style=\"font-size: large;\"><b>CZYTANIE Z LISTU \u015aWI\u0118TEGO PAW\u0141A APOSTO\u0141A DO RZYMIAN: <\/b><\/span><\/span><\/span><\/p>\n<p align=\"justify\"><span style=\"color: #000000;\"><span style=\"font-family: Book Antiqua, serif;\"><span style=\"font-size: large;\"><b>Je\u017celi ustami swoimi wyznasz, \u017ce Jezus jest Panem, i w sercu swoim uwierzysz, \u017ce B\u00f3g Go wskrzesi\u0142 z martwych, osi\u0105gniesz zbawienie. Bo sercem przyj\u0119ta wiara prowadzi do usprawiedliwienia, a wyznawanie jej ustami \u2013 do zbawienia. <\/b><\/span><\/span><\/span><\/p>\n<p align=\"justify\"><span style=\"color: #000000;\"><span style=\"font-family: Book Antiqua, serif;\"><span style=\"font-size: large;\"><b>Wszak m\u00f3wi Pismo: \u201e\u017baden, kto wierzy w Niego, nie b\u0119dzie zawstydzony\u201d. <\/b><\/span><\/span><\/span><\/p>\n<p align=\"justify\"><span style=\"color: #000000;\"><span style=\"font-family: Book Antiqua, serif;\"><span style=\"font-size: large;\"><b>Nie ma ju\u017c r\u00f3\u017cnicy mi\u0119dzy \u017bydem a Grekiem. Jeden jest bowiem Pan wszystkich. On to rozdziela swe bogactwa wszystkim, kt\u00f3rzy Go wzywaj\u0105. \u201eAlbowiem ka\u017cdy, kto wezwie imienia Pa\u0144skiego, b\u0119dzie zbawiony\u201d. <\/b><\/span><\/span><\/span><\/p>\n<p align=\"justify\"><span style=\"color: #000000;\"><span style=\"font-family: Book Antiqua, serif;\"><span style=\"font-size: large;\"><b>Jak\u017ce wi\u0119c mieli wzywa\u0107 Tego, w kt\u00f3rego nie uwierzyli? Jak\u017ce mieli uwierzy\u0107 w Tego, kt\u00f3rego nie s\u0142yszeli? Jak\u017ce mieli us\u0142ysze\u0107, gdy im nikt nie g\u0142osi\u0142? Jak\u017ce mogliby im g\u0142osi\u0107, je\u015bliby nie zostali pos\u0142ani? Jak to jest napisane: \u201eJak pi\u0119kne stopy tych, kt\u00f3rzy zwiastuj\u0105 dobr\u0105 nowin\u0119\u201d. <\/b><\/span><\/span><\/span><\/p>\n<p align=\"justify\"><span style=\"color: #000000;\"><span style=\"font-family: Book Antiqua, serif;\"><span style=\"font-size: large;\"><b>Ale nie wszyscy dali pos\u0142uch Ewangelii. Izajasz bowiem m\u00f3wi: \u201ePanie, kt\u00f3\u017c uwierzy\u0142 temu, co od nas pos\u0142ysza\u0142?\u201d Przeto wiara rodzi si\u0119 z tego, co si\u0119 s\u0142yszy, tym za\u015b, co si\u0119 s\u0142yszy, jest s\u0142owo Chrystusa. <\/b><\/span><\/span><\/span><\/p>\n<p align=\"justify\"><span style=\"color: #000000;\"><span style=\"font-family: Book Antiqua, serif;\"><span style=\"font-size: large;\"><b>Pytam wi\u0119c: Czy mo\u017ce nie s\u0142yszeli? Ale\u017c tak: \u201ePo ca\u0142ej ziemi rozszed\u0142 si\u0119 ich g\u0142os, a\u017c na kra\u0144ce \u015bwiata ich s\u0142owa\u201d.<\/b><\/span><\/span><\/span><\/p>\n<p align=\"justify\">\n<p align=\"justify\">\n<p align=\"justify\">\n<p align=\"justify\">\n<p align=\"justify\">\n<p align=\"justify\"><span style=\"color: #000000;\"><span style=\"font-family: Book Antiqua, serif;\"><span style=\"font-size: large;\"><b>S\u0141OWA EWANGELII WED\u0141UG \u015aWI\u0118TEGO MATEUSZA: <\/b><\/span><\/span><\/span><\/p>\n<p align=\"justify\"><span style=\"color: #000000;\"><span style=\"font-family: Book Antiqua, serif;\"><span style=\"font-size: large;\"><b>Gdy Jezus przechodzi\u0142 obok Jeziora Galilejskiego, ujrza\u0142 dw\u00f3ch braci, Szymona, zwanego Piotrem, i brata jego Andrzeja, jak zarzucali sie\u0107 w jezioro; byli bowiem rybakami. <\/b><\/span><\/span><\/span><\/p>\n<p align=\"justify\"><span style=\"color: #000000;\"><span style=\"font-family: Book Antiqua, serif;\"><span style=\"font-size: large;\"><b>I rzek\u0142 do nich: \u201eP\u00f3jd\u017acie za Mn\u0105, a uczyni\u0119 was rybakami ludzi\u201d. <\/b><\/span><\/span><\/span><\/p>\n<p align=\"justify\"><span style=\"color: #000000;\"><span style=\"font-family: Book Antiqua, serif;\"><span style=\"font-size: large;\"><b>Oni natychmiast zostawili sieci i poszli za Nim. <\/b><\/span><\/span><\/span><\/p>\n<p align=\"justify\"><span style=\"color: #000000;\"><span style=\"font-family: Book Antiqua, serif;\"><span style=\"font-size: large;\"><b>A gdy poszed\u0142 stamt\u0105d dalej, ujrza\u0142 innych dw\u00f3ch braci, Jakuba, syna Zebedeusza, i brata jego Jana, jak z ojcem swym Zebedeuszem naprawiali w \u0142odzi swe sieci. Ich te\u017c powo\u0142a\u0142. <\/b><\/span><\/span><\/span><\/p>\n<p align=\"justify\"><span style=\"color: #000000;\"><span style=\"font-family: Book Antiqua, serif;\"><span style=\"font-size: large;\"><b>A oni natychmiast zostawili \u0142\u00f3d\u017a i ojca i poszli za Nim.<\/b><\/span><\/span><\/span><\/p>\n<p align=\"justify\">\n<p align=\"justify\">\n<p align=\"justify\">\n<p align=\"justify\">\n<p align=\"justify\">\n<p align=\"justify\"><span style=\"color: #000000;\"><span style=\"font-family: Book Antiqua, serif;\"><span style=\"font-size: large;\">Patron dnia dzisiejszego, <b>Andrzej, pochodzi\u0142 z Betsaidy nad Jeziorem Galilejskim,<\/b> ale mieszka\u0142 w domu te\u015bciowej swego starszego brata, \u015awi\u0119tego Piotra, w Kafarnaum. By\u0142 \u2013 podobnie, jak Piotr \u2013 rybakiem. I by\u0142 te\u017c pocz\u0105tkowo <b>uczniem Jana Chrzciciela.<\/b> <b>Pod jego wp\u0142ywem poszed\u0142 za <\/b><b>Jezusem<\/b><b>,<\/b> gdy Ten przyjmowa\u0142 chrzest w Jordanie. Andrzej nie tylko sam przyst\u0105pi\u0142 do Jezusa, ale przyprowadzi\u0142 do Niego tak\u017ce Piotra, swojego brata.<\/span><\/span><\/span><\/p>\n<p align=\"justify\"><span style=\"color: #000000;\"><span style=\"font-family: Book Antiqua, serif;\"><span style=\"font-size: large;\">Andrzej by\u0142 pierwszym uczniem powo\u0142anym przez Jezusa na Aposto\u0142a. Przy czym, Aposto\u0142owie Andrzej, Jan i Piotr <b>nie od razu na sta\u0142e po\u0142\u0105czyli si\u0119 z Panem Jezusem.<\/b> Po pierwszym spotkaniu, w pobli\u017cu Jordanu, <b>wr\u00f3cili do Galilei do swoich zaj\u0119\u0107.<\/b> Byli rybakami zamo\u017cnymi, skoro mieli w\u0142asne \u0142odzie i sieci. Tam ich Jezus po raz drugi wezwa\u0142 i <b>odt\u0105d<\/b> <b>pozostali z Nim <\/b>a\u017c do Jego \u015amierci i Wniebowst\u0105pienia. <\/span><\/span><\/span><\/p>\n<p align=\"justify\"><span style=\"color: #000000;\"><span style=\"font-family: Book Antiqua, serif;\"><span style=\"font-size: large;\">W Ewangeliach \u015awi\u0119ty Andrzej <b>wyst\u0119puje jeszcze dwa razy:<\/b> wtedy mianowicie, kiedy Pan Jezus przed cudownym rozmno\u017ceniem <b>pyta Filipa, sk\u0105d kupi\u0105 chleba,<\/b> aby wszystkich nakarmi\u0107 i Andrzej podpowiada rozwi\u0105zanie; oraz w\u00f3wczas, gdy <b>podejmuje dzia\u0142ania, aby poganie tak\u017ce mogli ujrze\u0107 Chrystusa<\/b> i bezpo\u015brednio si\u0119 z Nim spotka\u0107. <\/span><\/span><\/span><\/p>\n<p align=\"justify\"><span style=\"color: #000000;\"><span style=\"font-family: Book Antiqua, serif;\"><span style=\"font-size: large;\">Przez ca\u0142y okres publicznej dzia\u0142alno\u015bci Jezusa <b>nale\u017c<\/b><b>a\u0142<\/b><b> do Jego najbli\u017cszego otoczenia.<\/b> W domu jego i Piotra \u2013 w Kafarnaum \u2013 Chrystus niejednokrotnie si\u0119 zatrzymywa\u0142. <b>Andrzej by\u0142 \u015bwiadkiem cudu w Kanie <\/b>i wspomnianego ju\u017c<b> <\/b><b>cudownego rozmno\u017cenia chleba.<\/b> <\/span><\/span><\/span><\/p>\n<p align=\"justify\"><span style=\"color: #000000;\"><span style=\"font-family: Book Antiqua, serif;\"><span style=\"font-size: large;\">W tradycji usi\u0142owano wybada\u0107 \u015blady jego apostolskiej dzia\u0142alno\u015bci po Zes\u0142aniu Ducha \u015awi\u0119tego. Jako miejsca, w kt\u00f3rych mia\u0142 g\u0142osi\u0107 s\u0142owo Bo\u017ce, wskazuje si\u0119: Scyti\u0119, Pont, Kapadocj\u0119, Galacj\u0119 i Bityni\u0119, a wreszcie tak\u017ce \u2013 <b>Achaj\u0119, w kt\u00f3rej zako\u0144czy\u0142 swe \u017cycie m\u0119cze\u0144sk\u0105 \u015bmierci\u0105.<\/b> Wszystkie \u017ar\u00f3d\u0142a s\u0105 zgodne, \u017ce w\u0142a\u015bnie tam, w dniu <b>30 listopada, <\/b><b>w roku<\/b><b> 65 lub 70, <\/b>prze\u017cegnawszy zebranych wyznawc\u00f3w,<b> <\/b>zosta\u0142 ukrzy\u017cowany g\u0142ow\u0105 w d\u00f3\u0142 <b>na krzy\u017cu \u2013 w kszta\u0142cie litery X. <\/b>Wyrok ten przyj\u0105\u0142 z wielk\u0105 rado\u015bci\u0105 \u2013 cieszy\u0142 si\u0119, \u017ce umrze na krzy\u017cu, jak Jezus. <\/span><\/span><\/span><\/p>\n<p align=\"justify\"><span style=\"color: #000000;\"><span style=\"font-family: Book Antiqua, serif;\"><span style=\"font-size: large;\">Kult \u015awi\u0119tego Andrzeja by\u0142 w Ko\u015bciele zawsze bardzo \u017cywy. Liturgia bizantyjska okre\u015bla go przydomkiem <b>Protokleros, <\/b>co znaczy<b> \u201epierwszy powo\u0142aniem\u201d,<\/b> gdy\u017c obok \u015awi\u0119tego Jana pierwszy zosta\u0142 przez Jezusa wezwany na Aposto\u0142a. <\/span><\/span><\/span><\/p>\n<p align=\"justify\"><span style=\"color: #000000;\"><span style=\"font-family: Book Antiqua, serif;\"><span style=\"font-size: large;\">A oto co m\u00f3wi o naszym dzisiejszym Patronie \u015awi\u0119ty Jan Chryzostom w jednej ze swoich homilii: \u201eAndrzej pozosta\u0142 wi\u0119c u Jezusa i nauczy\u0142 si\u0119 wiele. Tego skarbu nie zachowa\u0142 jednak wy\u0142\u0105cznie dla siebie, ale <b>uda\u0142 si\u0119 \u015bpiesznie do swego brata, aby podzieli\u0107 si\u0119 tym, co otrzyma\u0142.<\/b> Zastan\u00f3w si\u0119 nad s\u0142owami, jakie wypowiedzia\u0142 do brata: <i><b>Znale\u017ali\u015bmy Mesjasza, to znaczy Chrystusa<\/b><\/i>. Zauwa\u017c, \u017ce w tych s\u0142owach zawiera si\u0119 wszystko, czego si\u0119 nauczy\u0142 w kr\u00f3tkim czasie. Wskazuje bowiem zar\u00f3wno na <b>niezwyk\u0142\u0105 moc Nauczyciela,<\/b> kt\u00f3ry przekona\u0142 id\u0105cych za Nim o tej wielkiej prawdzie, jak te\u017c na gorliwo\u015b\u0107 i pilno\u015b\u0107, z jak\u0105 uczniowie starali si\u0119 o niej dowiedzie\u0107. <\/span><\/span><\/span><\/p>\n<p align=\"justify\"><span style=\"color: #000000;\"><span style=\"font-family: Book Antiqua, serif;\"><span style=\"font-size: large;\">S\u0142owa te pochodz\u0105 <b>z duszy, kt\u00f3ra gor\u0105co pragnie pojawienia si\u0119 Mesjasza,<\/b> oczekuje Jego przyj\u015bcia z nieba na ziemi\u0119; kt\u00f3ra \u2013 skoro ju\u017c przyszed\u0142 \u2013 przyjmuje Go z rado\u015bci\u0105 i weselem i \u015bpieszy, aby oznajmi\u0107 wszystkim pozosta\u0142ym wspania\u0142\u0105 wiadomo\u015b\u0107. To wzajemne pomaganie w sprawach duchowych <b>jest wyrazem braterskiej \u017cyczliwo\u015bci, serdecznej przyja\u017ani i szczerego uczucia. <\/b><\/span><\/span><\/span><\/p>\n<p align=\"justify\"><span style=\"color: #000000;\"><span style=\"font-family: Book Antiqua, serif;\"><span style=\"font-size: large;\">Zauwa\u017c tak\u017ce, jak bardzo otwarte i ochocze by\u0142o od samego pocz\u0105tku nastawienie Piotra. Wyrusza natychmiast nie zwlekaj\u0105c. <i><b>Przyprowadzi\u0142 go<\/b><\/i> \u2013 powiada Ewangelista \u2013 <i><b>do Jezusa.<\/b><\/i> Niech jednak nikt nie gani jego \u0142atwo\u015bci i tego, \u017ce bez dok\u0142adnego zbadania przyjmuje wiadomo\u015b\u0107. Bardzo prawdopodobne, \u017ce Andrzej <b>opowiedzia\u0142 wszystko dok\u0142adnie i obszernie,<\/b> ale Ewangeli\u015bci \u2013 w trosce o zwi\u0119z\u0142o\u015b\u0107 wypowiedzi \u2013 przedstawiaj\u0105 wszystko w wielkim skr\u00f3cie. Zreszt\u0105 nie powiedziano, \u017ce uwierzy\u0142 natychmiast, ale \u017ce Andrzej <i><b>przyprowadzi\u0142 go do Jezusa,<\/b><\/i> pragn\u0105c przekaza\u0107 go Jezusowi, aby od Niego wszystkiego si\u0119 dowiedzia\u0142.\u201d Tyle z homilii \u015awi\u0119tego Jana Chryzostoma. <\/span><\/span><\/span><\/p>\n<p align=\"justify\"><span style=\"color: #000000;\"><span style=\"font-family: Book Antiqua, serif;\"><span style=\"font-size: large;\">A my, s\u0142uchaj\u0105c Bo\u017cego s\u0142owa, przeznaczonego w liturgii Ko\u015bcio\u0142a dok\u0142adnie na dzisiejsze \u015awi\u0119to, u\u015bwiadamiamy sobie<b> wielk\u0105 rol\u0119 osobistego \u015bwiadectwa<\/b> w doprowadzaniu innych do Jezusa. Andrzej przyprowadzi\u0142 do Niego <b>Piotra, swego <\/b><b>b<\/b><b>rata,<\/b> ale te\u017c \u2013 jak s\u0142yszeli\u015bmy \u2013 pom\u00f3g\u0142 w dotarciu do Niego <b>grupie Grek\u00f3w,<\/b> a dok\u0142adnie: \u017byd\u00f3w z greckiej diaspory. <\/span><\/span><\/span><\/p>\n<p align=\"justify\"><span style=\"color: #000000;\"><span style=\"font-family: Book Antiqua, serif;\"><span style=\"font-size: large;\">Nie wiemy zreszt\u0105, czy takich sytuacji <b>nie by\u0142o wi\u0119cej, <\/b>tylko Ewangeli\u015bci nam o tym nie wspomnieli. Na pewno za\u015b musia\u0142o ich by\u0107 du\u017co, du\u017co wi\u0119cej, kiedy Aposto\u0142 podj\u0105\u0142 wspomnian\u0105 przed chwil\u0105 <b>prac\u0119 misyjn\u0105 \u2013 ju\u017c po Wniebowst\u0105pieniu Pana.<\/b> Wszak ca\u0142a praca misyjna \u2013 gdziekolwiek i przez kogokolwiek nie by\u0142aby prowadzona \u2013 opiera si\u0119 zasadniczo <b>na w\u0142asnym \u015bwiadectwie.<\/b> <\/span><\/span><\/span><\/p>\n<p align=\"justify\"><span style=\"color: #000000;\"><span style=\"font-family: Book Antiqua, serif;\"><span style=\"font-size: large;\">Jak\u017ce bowiem mo\u017cna kogo\u015b zach\u0119ca\u0107 lub przekonywa\u0107 do kogo\u015b lub czego\u015b, do kogo lub czego <b>samemu nie jest si\u0119 przekonanym. <\/b>Jak to zreszt\u0105 s\u0142usznie wyra\u017ca dzisiaj Aposto\u0142 Pawe\u0142 w drugim czytaniu, gdy retorycznie pyta: <i><b>Jak\u017ce wi\u0119c mieli wzywa\u0107 Tego, w kt\u00f3rego nie uwierzyli? Jak\u017ce mieli uwierzy\u0107 w Tego, kt\u00f3rego nie s\u0142yszeli? Jak\u017ce mieli us\u0142ysze\u0107, gdy im nikt nie g\u0142osi\u0142? Jak\u017ce mogliby im g\u0142osi\u0107, je\u015bliby nie zostali pos\u0142ani? <\/b><\/i><i>Po czym dopowiada bardzo zdecydowanie: <\/i><i><b>Przeto wiara rodzi si\u0119 z tego, co si\u0119 s\u0142yszy, tym za\u015b, co si\u0119 s\u0142yszy, jest s\u0142owo Chrystusa.<\/b><\/i><b> <\/b><\/span><\/span><\/span><\/p>\n<p align=\"justify\"><span style=\"color: #000000;\"><span style=\"font-family: Book Antiqua, serif;\"><span style=\"font-size: large;\">Tak, wiara rodzi si\u0119 <b>z tego, co si\u0119 s\u0142yszy,<\/b> ale \u017ceby us\u0142ysze\u0107, to musz\u0105 by\u0107 ci, kt\u00f3rzy b\u0119d\u0105 g\u0142osi\u0107. Na szcz\u0119\u015bcie, w Ko\u015bciele <b>nigdy nie brak\u0142o odwa\u017cnych \u015bwiadk\u00f3w. <\/b>Cz\u0119sto za cen\u0119 m\u0119cze\u0144stwa, odwa\u017cnie g\u0142osili oni Chrystusa innym ludziom \u2013 i tym w\u0142a\u015bnie swoim odwa\u017cnym \u015bwiadectwem <b>do Chrystusa <\/b><b>ich <\/b><b>przekonywali. <\/b>Andrzej jest jednym z takich \u015bwiadk\u00f3w \u2013 jednym z pierwszych w Ko\u015bciele. <\/span><\/span><\/span><\/p>\n<p align=\"justify\"><span style=\"color: #000000;\"><span style=\"font-family: Book Antiqua, serif;\"><span style=\"font-size: large;\">Tak\u017ce zatem do niego skierowane s\u0105 s\u0142owa z Izajaszowego Proroctwa: <i><b>To zbyt ma\u0142o, i\u017c jeste\u015b Mi s\u0142ug\u0105 dla pod\u017awigni\u0119cia pokole\u0144 Jakuba i sprowadzenia ocala\u0142ych z Izraela. Ustanowi\u0119 ci\u0119 \u015bwiat\u0142o\u015bci\u0105 dla pogan, aby moje zbawienie dotar\u0142o a\u017c do kra\u0144c\u00f3w ziemi. <\/b><\/i><\/span><\/span><\/span><\/p>\n<p align=\"justify\"><span style=\"color: #000000;\"><span style=\"font-family: Book Antiqua, serif;\"><span style=\"font-size: large;\">Moi Drodzy, my zapewne nie mamy okazji bezpo\u015bredniego oddzia\u0142ywania na ca\u0142y \u015bwiat w sensie dos\u0142ownym \u2013 chocia\u017c <b>publikowanie czegokolwiek w internecie<\/b> daje teoretycznie tak\u0105 mo\u017cliwo\u015b\u0107. Dlatego chocia\u017cby wsp\u00f3lne nasze rozwa\u017canie Bo\u017cego s\u0142owa na tym forum jest niesieniem tego\u017c przes\u0142ania<b> do ca\u0142ego \u015bwiata, <\/b>bo dobrze wiemy, jaki zasi\u0119g ma internet. <\/span><\/span><\/span><\/p>\n<p align=\"justify\"><span style=\"color: #000000;\"><span style=\"font-family: Book Antiqua, serif;\"><span style=\"font-size: large;\">Ale nawet nie si\u0119gaj\u0105c do takiego por\u00f3wnania, to mo\u017cemy jasno powiedzie\u0107, \u017ce nasze jasne i odwa\u017cne \u015bwiadectwo,<b> dane komukolwiek, kiedykolwiek <\/b><b>i gdziekolwiek<\/b><b>,<\/b> jest ubogaceniem ca\u0142ego \u015bwiata. Bo przecie\u017c <b>drugi cz\u0142owiek \u2013 to jakby ca\u0142y \u015bwiat!<\/b> Bezmiar, g\u0142\u0119bia, bezkres. Przekona\u0107 cho\u0107by jednego cz\u0142owieka \u2013 to jakby ca\u0142y \u015bwiat przekona\u0107. Przecie\u017c ten cz\u0142owiek mo\u017ce p\u00f3\u017aniej tak\u017ce <b>dociera\u0107 z tym przes\u0142aniem do innych.<\/b> <\/span><\/span><\/span><\/p>\n<p align=\"justify\"><span style=\"color: #000000;\"><span style=\"font-family: Book Antiqua, serif;\"><span style=\"font-size: large;\">Czy\u017c bowiem Andrzej, prowadz\u0105c do Jezusa swego brata Szymona Piotra, mia\u0142 \u015bwiadomo\u015b\u0107, \u017ce w ten spos\u00f3b <b>kszta\u0142tuje przysz\u0142ego Papie\u017ca, G\u0142ow\u0119 Chrystusowego Ko\u015bcio\u0142a?<\/b> Dlatego i my tak\u017ce \u2013 z ca\u0142ym zaanga\u017cowaniem i gor\u0105cym sercem docierajmy do ludzi z naszego otoczenia, maj\u0105c \u015bwiadomo\u015b\u0107, \u017ce w ten spos\u00f3b <b>ubogacamy ca\u0142y \u015bwiat! <\/b>Oby\u015bmy tylko mieli z czym dociera\u0107. Oby\u015bmy sami byli naprawd\u0119 przekonani. <\/span><\/span><\/span><\/p>\n<p align=\"justify\"><span style=\"color: #000000;\"><span style=\"font-family: Book Antiqua, serif;\"><span style=\"font-size: large;\"><b>Czy jeste\u015bmy?\u2026 <\/b><\/span><\/span><\/span><\/p>\n","protected":false},"excerpt":{"rendered":"<p>Szcz\u0119\u015b\u0107 Bo\u017ce! Moi Drodzy, w dniu dzisiejszym prze\u017cywamy liturgiczne \u015awi\u0119to \u015awi\u0119tego Andrzeja Aposto\u0142a, Patrona wielu bliskich mi Os\u00f3b. I dlatego, z tej w\u0142a\u015bnie okazji, kieruj\u0119 \u017cyczliwe s\u0142owa do: \u25baKsi\u0119dza Kanonika Andrzeja Duklewskiego, wcze\u015bniej: Wikariusza Generalnego Diecezji Nowosybirskiej, a jeszcze wcze\u015bniej: Proboszcza Parafii w Tomsku, obecnie za\u015b: Proboszcza Parafii Sz\u00f3stka, w Diecezji siedleckiej; \u25baKsi\u0119dza Pra\u0142ata Doktora [&hellip;]<\/p>\n","protected":false},"author":1,"featured_media":0,"comment_status":"open","ping_status":"open","sticky":false,"template":"","format":"standard","meta":{"jetpack_post_was_ever_published":false,"_jetpack_newsletter_access":"","_jetpack_dont_email_post_to_subs":false,"_jetpack_newsletter_tier_id":0,"_jetpack_memberships_contains_paywalled_content":false,"_jetpack_memberships_contains_paid_content":false,"footnotes":""},"categories":[1],"tags":[],"class_list":["post-19883","post","type-post","status-publish","format-standard","hentry","category-bez-kategorii"],"yoast_head":"<!-- This site is optimized with the Yoast SEO plugin v25.1 - https:\/\/yoast.com\/wordpress\/plugins\/seo\/ -->\n<title>Wiara rodzi si\u0119 ze s\u0142uchania... - Gaudium Et Spes<\/title>\n<meta name=\"robots\" content=\"index, follow, max-snippet:-1, max-image-preview:large, max-video-preview:-1\" \/>\n<link rel=\"canonical\" href=\"https:\/\/gaudiumetspes-blog.pl\/index.php\/2021\/11\/30\/wiara-rodzi-sie-ze-sluchania\/\" \/>\n<meta property=\"og:locale\" content=\"pl_PL\" \/>\n<meta property=\"og:type\" content=\"article\" \/>\n<meta property=\"og:title\" content=\"Wiara rodzi si\u0119 ze s\u0142uchania... - Gaudium Et Spes\" \/>\n<meta property=\"og:description\" content=\"Szcz\u0119\u015b\u0107 Bo\u017ce! Moi Drodzy, w dniu dzisiejszym prze\u017cywamy liturgiczne \u015awi\u0119to \u015awi\u0119tego Andrzeja Aposto\u0142a, Patrona wielu bliskich mi Os\u00f3b. I dlatego, z tej w\u0142a\u015bnie okazji, kieruj\u0119 \u017cyczliwe s\u0142owa do: \u25baKsi\u0119dza Kanonika Andrzeja Duklewskiego, wcze\u015bniej: Wikariusza Generalnego Diecezji Nowosybirskiej, a jeszcze wcze\u015bniej: Proboszcza Parafii w Tomsku, obecnie za\u015b: Proboszcza Parafii Sz\u00f3stka, w Diecezji siedleckiej; \u25baKsi\u0119dza Pra\u0142ata Doktora [&hellip;]\" \/>\n<meta property=\"og:url\" content=\"https:\/\/gaudiumetspes-blog.pl\/index.php\/2021\/11\/30\/wiara-rodzi-sie-ze-sluchania\/\" \/>\n<meta property=\"og:site_name\" content=\"Gaudium Et Spes\" \/>\n<meta property=\"article:published_time\" content=\"2021-11-30T04:30:02+00:00\" \/>\n<meta name=\"author\" content=\"Ks. Jacek\" \/>\n<meta name=\"twitter:card\" content=\"summary_large_image\" \/>\n<meta name=\"twitter:label1\" content=\"Napisane przez\" \/>\n\t<meta name=\"twitter:data1\" content=\"Ks. Jacek\" \/>\n\t<meta name=\"twitter:label2\" content=\"Szacowany czas czytania\" \/>\n\t<meta name=\"twitter:data2\" content=\"11 minut\" \/>\n<script type=\"application\/ld+json\" class=\"yoast-schema-graph\">{\"@context\":\"https:\/\/schema.org\",\"@graph\":[{\"@type\":\"WebPage\",\"@id\":\"https:\/\/gaudiumetspes-blog.pl\/index.php\/2021\/11\/30\/wiara-rodzi-sie-ze-sluchania\/\",\"url\":\"https:\/\/gaudiumetspes-blog.pl\/index.php\/2021\/11\/30\/wiara-rodzi-sie-ze-sluchania\/\",\"name\":\"Wiara rodzi si\u0119 ze s\u0142uchania... - Gaudium Et Spes\",\"isPartOf\":{\"@id\":\"https:\/\/gaudiumetspes-blog.pl\/#website\"},\"datePublished\":\"2021-11-30T04:30:02+00:00\",\"author\":{\"@id\":\"https:\/\/gaudiumetspes-blog.pl\/#\/schema\/person\/1661982992b752dea8dff0d4ed845a65\"},\"breadcrumb\":{\"@id\":\"https:\/\/gaudiumetspes-blog.pl\/index.php\/2021\/11\/30\/wiara-rodzi-sie-ze-sluchania\/#breadcrumb\"},\"inLanguage\":\"pl-PL\",\"potentialAction\":[{\"@type\":\"ReadAction\",\"target\":[\"https:\/\/gaudiumetspes-blog.pl\/index.php\/2021\/11\/30\/wiara-rodzi-sie-ze-sluchania\/\"]}]},{\"@type\":\"BreadcrumbList\",\"@id\":\"https:\/\/gaudiumetspes-blog.pl\/index.php\/2021\/11\/30\/wiara-rodzi-sie-ze-sluchania\/#breadcrumb\",\"itemListElement\":[{\"@type\":\"ListItem\",\"position\":1,\"name\":\"Strona g\u0142\u00f3wna\",\"item\":\"https:\/\/gaudiumetspes-blog.pl\/\"},{\"@type\":\"ListItem\",\"position\":2,\"name\":\"Wiara rodzi si\u0119 ze&nbsp;s\u0142uchania&#8230;\"}]},{\"@type\":\"WebSite\",\"@id\":\"https:\/\/gaudiumetspes-blog.pl\/#website\",\"url\":\"https:\/\/gaudiumetspes-blog.pl\/\",\"name\":\"Gaudium Et Spes\",\"description\":\"Blog Ks. Jacka Ja\u015bkowskiego\",\"potentialAction\":[{\"@type\":\"SearchAction\",\"target\":{\"@type\":\"EntryPoint\",\"urlTemplate\":\"https:\/\/gaudiumetspes-blog.pl\/?s={search_term_string}\"},\"query-input\":{\"@type\":\"PropertyValueSpecification\",\"valueRequired\":true,\"valueName\":\"search_term_string\"}}],\"inLanguage\":\"pl-PL\"},{\"@type\":\"Person\",\"@id\":\"https:\/\/gaudiumetspes-blog.pl\/#\/schema\/person\/1661982992b752dea8dff0d4ed845a65\",\"name\":\"Ks. Jacek\",\"image\":{\"@type\":\"ImageObject\",\"inLanguage\":\"pl-PL\",\"@id\":\"https:\/\/gaudiumetspes-blog.pl\/#\/schema\/person\/image\/\",\"url\":\"https:\/\/gaudiumetspes-blog.pl\/wp-content\/uploads\/2019\/07\/avatar-JJ-150x150.jpg\",\"contentUrl\":\"https:\/\/gaudiumetspes-blog.pl\/wp-content\/uploads\/2019\/07\/avatar-JJ-150x150.jpg\",\"caption\":\"Ks. Jacek\"},\"description\":\"Witam serdecznie! K\u0142ania si\u0119 Ks. Jacek Ja\u015bkowski. Nie jestem ani kim\u015b wa\u017cnym, ani kim\u015b znanym. Jestem ksi\u0119dzem, kt\u00f3ry po prostu chce rozmawia\u0107. Codzienna kap\u0142a\u0144ska pos\u0142uga pokazuje mi, \u017ce temat\u00f3w do rozm\u00f3w z ksi\u0119dzem jest coraz wi\u0119cej i dzisiaj \u017caden ksi\u0105dz nie mo\u017ce od nich ucieka\u0107, ale - wprost przeciwnie - podejmowa\u0107 nowe wyzwania. To przekonanie sk\u0142oni\u0142o mnie do pr\u00f3by otwarcia tego\u017c bloga, chocia\u017c okazji do rozm\u00f3w na co dzie\u0144 - w konfesjonale i poza nim - na szcz\u0119\u015bcie nie brakuje. My\u015bl\u0119 jednak, \u017ce ten blog b\u0119dzie jeszcze jednym sposobem i przestrzeni\u0105 nawi\u0105zania kontaktu z lud\u017ami dobrej woli, otwartymi na dialog.\",\"url\":\"https:\/\/gaudiumetspes-blog.pl\/index.php\/author\/ks-jacek\/\"}]}<\/script>\n<!-- \/ Yoast SEO plugin. -->","yoast_head_json":{"title":"Wiara rodzi si\u0119 ze s\u0142uchania... - Gaudium Et Spes","robots":{"index":"index","follow":"follow","max-snippet":"max-snippet:-1","max-image-preview":"max-image-preview:large","max-video-preview":"max-video-preview:-1"},"canonical":"https:\/\/gaudiumetspes-blog.pl\/index.php\/2021\/11\/30\/wiara-rodzi-sie-ze-sluchania\/","og_locale":"pl_PL","og_type":"article","og_title":"Wiara rodzi si\u0119 ze s\u0142uchania... - Gaudium Et Spes","og_description":"Szcz\u0119\u015b\u0107 Bo\u017ce! Moi Drodzy, w dniu dzisiejszym prze\u017cywamy liturgiczne \u015awi\u0119to \u015awi\u0119tego Andrzeja Aposto\u0142a, Patrona wielu bliskich mi Os\u00f3b. I dlatego, z tej w\u0142a\u015bnie okazji, kieruj\u0119 \u017cyczliwe s\u0142owa do: \u25baKsi\u0119dza Kanonika Andrzeja Duklewskiego, wcze\u015bniej: Wikariusza Generalnego Diecezji Nowosybirskiej, a jeszcze wcze\u015bniej: Proboszcza Parafii w Tomsku, obecnie za\u015b: Proboszcza Parafii Sz\u00f3stka, w Diecezji siedleckiej; \u25baKsi\u0119dza Pra\u0142ata Doktora [&hellip;]","og_url":"https:\/\/gaudiumetspes-blog.pl\/index.php\/2021\/11\/30\/wiara-rodzi-sie-ze-sluchania\/","og_site_name":"Gaudium Et Spes","article_published_time":"2021-11-30T04:30:02+00:00","author":"Ks. Jacek","twitter_card":"summary_large_image","twitter_misc":{"Napisane przez":"Ks. Jacek","Szacowany czas czytania":"11 minut"},"schema":{"@context":"https:\/\/schema.org","@graph":[{"@type":"WebPage","@id":"https:\/\/gaudiumetspes-blog.pl\/index.php\/2021\/11\/30\/wiara-rodzi-sie-ze-sluchania\/","url":"https:\/\/gaudiumetspes-blog.pl\/index.php\/2021\/11\/30\/wiara-rodzi-sie-ze-sluchania\/","name":"Wiara rodzi si\u0119 ze s\u0142uchania... - Gaudium Et Spes","isPartOf":{"@id":"https:\/\/gaudiumetspes-blog.pl\/#website"},"datePublished":"2021-11-30T04:30:02+00:00","author":{"@id":"https:\/\/gaudiumetspes-blog.pl\/#\/schema\/person\/1661982992b752dea8dff0d4ed845a65"},"breadcrumb":{"@id":"https:\/\/gaudiumetspes-blog.pl\/index.php\/2021\/11\/30\/wiara-rodzi-sie-ze-sluchania\/#breadcrumb"},"inLanguage":"pl-PL","potentialAction":[{"@type":"ReadAction","target":["https:\/\/gaudiumetspes-blog.pl\/index.php\/2021\/11\/30\/wiara-rodzi-sie-ze-sluchania\/"]}]},{"@type":"BreadcrumbList","@id":"https:\/\/gaudiumetspes-blog.pl\/index.php\/2021\/11\/30\/wiara-rodzi-sie-ze-sluchania\/#breadcrumb","itemListElement":[{"@type":"ListItem","position":1,"name":"Strona g\u0142\u00f3wna","item":"https:\/\/gaudiumetspes-blog.pl\/"},{"@type":"ListItem","position":2,"name":"Wiara rodzi si\u0119 ze&nbsp;s\u0142uchania&#8230;"}]},{"@type":"WebSite","@id":"https:\/\/gaudiumetspes-blog.pl\/#website","url":"https:\/\/gaudiumetspes-blog.pl\/","name":"Gaudium Et Spes","description":"Blog Ks. Jacka Ja\u015bkowskiego","potentialAction":[{"@type":"SearchAction","target":{"@type":"EntryPoint","urlTemplate":"https:\/\/gaudiumetspes-blog.pl\/?s={search_term_string}"},"query-input":{"@type":"PropertyValueSpecification","valueRequired":true,"valueName":"search_term_string"}}],"inLanguage":"pl-PL"},{"@type":"Person","@id":"https:\/\/gaudiumetspes-blog.pl\/#\/schema\/person\/1661982992b752dea8dff0d4ed845a65","name":"Ks. Jacek","image":{"@type":"ImageObject","inLanguage":"pl-PL","@id":"https:\/\/gaudiumetspes-blog.pl\/#\/schema\/person\/image\/","url":"https:\/\/gaudiumetspes-blog.pl\/wp-content\/uploads\/2019\/07\/avatar-JJ-150x150.jpg","contentUrl":"https:\/\/gaudiumetspes-blog.pl\/wp-content\/uploads\/2019\/07\/avatar-JJ-150x150.jpg","caption":"Ks. Jacek"},"description":"Witam serdecznie! K\u0142ania si\u0119 Ks. Jacek Ja\u015bkowski. Nie jestem ani kim\u015b wa\u017cnym, ani kim\u015b znanym. Jestem ksi\u0119dzem, kt\u00f3ry po prostu chce rozmawia\u0107. Codzienna kap\u0142a\u0144ska pos\u0142uga pokazuje mi, \u017ce temat\u00f3w do rozm\u00f3w z ksi\u0119dzem jest coraz wi\u0119cej i dzisiaj \u017caden ksi\u0105dz nie mo\u017ce od nich ucieka\u0107, ale - wprost przeciwnie - podejmowa\u0107 nowe wyzwania. To przekonanie sk\u0142oni\u0142o mnie do pr\u00f3by otwarcia tego\u017c bloga, chocia\u017c okazji do rozm\u00f3w na co dzie\u0144 - w konfesjonale i poza nim - na szcz\u0119\u015bcie nie brakuje. My\u015bl\u0119 jednak, \u017ce ten blog b\u0119dzie jeszcze jednym sposobem i przestrzeni\u0105 nawi\u0105zania kontaktu z lud\u017ami dobrej woli, otwartymi na dialog.","url":"https:\/\/gaudiumetspes-blog.pl\/index.php\/author\/ks-jacek\/"}]}},"jetpack_featured_media_url":"","jetpack_sharing_enabled":true,"_links":{"self":[{"href":"https:\/\/gaudiumetspes-blog.pl\/index.php\/wp-json\/wp\/v2\/posts\/19883","targetHints":{"allow":["GET"]}}],"collection":[{"href":"https:\/\/gaudiumetspes-blog.pl\/index.php\/wp-json\/wp\/v2\/posts"}],"about":[{"href":"https:\/\/gaudiumetspes-blog.pl\/index.php\/wp-json\/wp\/v2\/types\/post"}],"author":[{"embeddable":true,"href":"https:\/\/gaudiumetspes-blog.pl\/index.php\/wp-json\/wp\/v2\/users\/1"}],"replies":[{"embeddable":true,"href":"https:\/\/gaudiumetspes-blog.pl\/index.php\/wp-json\/wp\/v2\/comments?post=19883"}],"version-history":[{"count":1,"href":"https:\/\/gaudiumetspes-blog.pl\/index.php\/wp-json\/wp\/v2\/posts\/19883\/revisions"}],"predecessor-version":[{"id":19884,"href":"https:\/\/gaudiumetspes-blog.pl\/index.php\/wp-json\/wp\/v2\/posts\/19883\/revisions\/19884"}],"wp:attachment":[{"href":"https:\/\/gaudiumetspes-blog.pl\/index.php\/wp-json\/wp\/v2\/media?parent=19883"}],"wp:term":[{"taxonomy":"category","embeddable":true,"href":"https:\/\/gaudiumetspes-blog.pl\/index.php\/wp-json\/wp\/v2\/categories?post=19883"},{"taxonomy":"post_tag","embeddable":true,"href":"https:\/\/gaudiumetspes-blog.pl\/index.php\/wp-json\/wp\/v2\/tags?post=19883"}],"curies":[{"name":"wp","href":"https:\/\/api.w.org\/{rel}","templated":true}]}}