{"id":19987,"date":"2021-12-26T09:16:58","date_gmt":"2021-12-26T08:16:58","guid":{"rendered":"https:\/\/gaudiumetspes-blog.pl\/?p=19987"},"modified":"2021-12-26T09:16:58","modified_gmt":"2021-12-26T08:16:58","slug":"w-lasce-u-boga-i-u-ludzi","status":"publish","type":"post","link":"https:\/\/gaudiumetspes-blog.pl\/index.php\/2021\/12\/26\/w-lasce-u-boga-i-u-ludzi\/","title":{"rendered":"W \u0142asce u Boga i u ludzi&#8230;"},"content":{"rendered":"<p align=\"justify\"><span style=\"color: #000000;\"><span style=\"font-family: Book Antiqua, serif;\"><span style=\"font-size: large;\">Niech b\u0119dzie pochwalony Jezus Chrystus! Moi Drodzy, w dniu dzisiejszym <b>imieniny prze\u017cywa Ksi\u0105dz Szczepan Litwiniuk, Wikariusz Parafii Ducha \u015awi\u0119tego w Siedlcach, przy kt\u00f3rej funkcjonuje O\u015brodek Duszpasterstwa Akademickiego. W zwi\u0105zku z tym, Ksi\u0105dz Szczepan nieraz pomaga, chocia\u017cby przy Spowiedzi rekolekcyjnej. Dzi\u0119kuj\u0105c za wszelk\u0105 \u017cyczliwo\u015b\u0107, \u017cycz\u0119 mocy Bo\u017cego b\u0142ogos\u0142awie\u0144stwa! I zapewniam o modlitwie!<\/b><\/span><\/span><\/span><\/p>\n<p align=\"justify\"><span style=\"color: #000000;\"><span style=\"font-family: Book Antiqua, serif;\"><span style=\"font-size: large;\">Dzisiaj tak\u017ce swoje \u015bwi\u0119to maj\u0105 nasze Rodziny \u2013 wszak dzisiaj w liturgii tak szczeg\u00f3lnie wspominamy \u015awi\u0119t\u0105 Rodzin\u0119. Dlatego zapraszam do refleksji nad kondycj\u0105 duchow\u0105 naszych Rodzin. I nad Bo\u017cym s\u0142owem, dzisiaj do nas skierowanym.<\/span><\/span><\/span><\/p>\n<p align=\"justify\"><span style=\"color: #000000;\"><span style=\"font-family: Book Antiqua, serif;\"><span style=\"font-size: large;\"><b>Niech Was b\u0142ogos\u0142awi B\u00f3g Wszechmog\u0105cy: Ojciec + i Syn, i Duch \u015awi\u0119ty. Amen<\/b><\/span><\/span><\/span><\/p>\n<p align=\"center\"><span style=\"color: #000000;\"><span style=\"font-family: Book Antiqua, serif;\"><span style=\"font-size: large;\">Gaudium et spes! Ks. Jacek<\/span><\/span><\/span><\/p>\n<p align=\"center\">\n<p align=\"center\">\n<p align=\"center\">\n<p align=\"center\">\n<p align=\"center\">\n<p align=\"justify\"><span style=\"color: #000000;\"><span style=\"font-family: Book Antiqua, serif;\"><span style=\"font-size: large;\"><b>Niedziela \u015awi\u0119tej Rodziny, C,<\/b><\/span><\/span><\/span><\/p>\n<p align=\"justify\"><span style=\"color: #000000;\"><span style=\"font-family: Book Antiqua, serif;\"><span style=\"font-size: large;\"><b>26 grudnia 2021.,<\/b><\/span><\/span><\/span><\/p>\n<p align=\"justify\"><span style=\"color: #000000;\"><span style=\"font-size: large;\"><span style=\"font-family: Book Antiqua, serif;\"><b>do czyta\u0144: <\/b><\/span><span style=\"font-family: Book Antiqua, serif;\"><b>1 Sm 1,20\u201322.24\u201328<\/b><\/span><span style=\"font-family: Book Antiqua, serif;\"><b>; <\/b><\/span><span style=\"font-family: Book Antiqua, serif;\"><b>1 J 3,1\u20132.21\u201324<\/b><\/span><span style=\"font-family: Book Antiqua, serif;\"><b>; <\/b><\/span><span style=\"font-family: Book Antiqua, serif;\"><b>\u0141k 2,41\u201352<\/b><\/span><\/span><\/span><\/p>\n<p align=\"justify\">\n<p align=\"justify\">\n<p align=\"justify\">\n<p align=\"justify\">\n<p align=\"justify\">\n<p align=\"justify\"><span style=\"color: #000000;\"><span style=\"font-family: Book Antiqua, serif;\"><span style=\"font-size: large;\"><b>CZYTANIE Z PIERWSZEJ KSI\u0118GI SAMUELA:<\/b><\/span><\/span><\/span><\/p>\n<p align=\"justify\"><span style=\"color: #000000;\"><span style=\"font-family: Book Antiqua, serif;\"><span style=\"font-size: large;\"><b>Anna pocz\u0119\u0142a i po up\u0142ywie dni urodzi\u0142a syna, i nazwa\u0142a go imieniem Samuel, poniewa\u017c m\u00f3wi\u0142a: \u201eUprosi\u0142am go u Pana\u201d.<\/b><\/span><\/span><\/span><\/p>\n<p align=\"justify\"><span style=\"color: #000000;\"><span style=\"font-family: Book Antiqua, serif;\"><span style=\"font-size: large;\"><b>Elkana uda\u0142 si\u0119 z ca\u0142\u0105 rodzin\u0105, by z\u0142o\u017cy\u0107 Panu doroczn\u0105 ofiar\u0119 i wype\u0142ni\u0107 \u015blub. Anna za\u015b nie posz\u0142a, lecz o\u015bwiadczy\u0142a swemu m\u0119\u017cowi: \u201eGdy ch\u0142opiec b\u0119dzie odstawiony od piersi, zaprowadz\u0119 go, \u017ceby ukaza\u0142 si\u0119 przed Panem i aby tam pozosta\u0142 na zawsze\u201d.<\/b><\/span><\/span><\/span><\/p>\n<p align=\"justify\"><span style=\"color: #000000;\"><span style=\"font-family: Book Antiqua, serif;\"><span style=\"font-size: large;\"><b>Gdy Anna odstawi\u0142a Samuela od piersi, wzi\u0119\u0142a go z sob\u0105 w drog\u0119, zabieraj\u0105c r\u00f3wnie\u017c trzyletniego cielca, jedn\u0105 ef\u0119 m\u0105ki i buk\u0142ak wina. Przyprowadzi\u0142a go do domu Pana, do Szilo. Ch\u0142opiec by\u0142 jeszcze ma\u0142y.<\/b><\/span><\/span><\/span><\/p>\n<p align=\"justify\"><span style=\"color: #000000;\"><span style=\"font-family: Book Antiqua, serif;\"><span style=\"font-size: large;\"><b>Zabili cielca i poprowadzili ch\u0142opca przed Helego. Powiedzia\u0142a ona w\u00f3wczas: \u201ePozw\u00f3l, panie m\u00f3j! Na twoje \u017cycie! To ja jestem ow\u0105 kobiet\u0105, kt\u00f3ra sta\u0142a tu przed tob\u0105 i modli\u0142a si\u0119 do Pana. O tego ch\u0142opca si\u0119 modli\u0142am, i Pan spe\u0142ni\u0142 moj\u0105 pro\u015bb\u0119, kt\u00f3r\u0105 do Niego zanosi\u0142am. Oto ja oddaj\u0119 go Panu. Na wszystkie dni, jak d\u0142ugo b\u0119dzie \u017cy\u0142, zostaje oddany na w\u0142asno\u015b\u0107 Panu\u201d.<\/b><\/span><\/span><\/span><\/p>\n<p align=\"justify\"><span style=\"color: #000000;\"><span style=\"font-family: Book Antiqua, serif;\"><span style=\"font-size: large;\"><b>I oddali tam pok\u0142on Panu.<\/b><\/span><\/span><\/span><\/p>\n<p align=\"justify\">\n<p align=\"justify\">\n<p align=\"justify\">\n<p align=\"justify\">\n<p align=\"justify\">\n<p align=\"justify\"><span style=\"color: #000000;\"><span style=\"font-family: Book Antiqua, serif;\"><span style=\"font-size: large;\"><b>CZYTANIE Z PIERWSZEGO LISTU \u015aWI\u0118TEGO JANA APOSTO\u0141A:<\/b><\/span><\/span><\/span><\/p>\n<p align=\"justify\"><span style=\"color: #000000;\"><span style=\"font-family: Book Antiqua, serif;\"><span style=\"font-size: large;\"><b>Najmilsi: Popatrzcie, jak\u0105 mi\u0142o\u015bci\u0105 obdarzy\u0142 nas Ojciec: zostali\u015bmy nazwani dzie\u0107mi Bo\u017cymi, i rzeczywi\u015bcie nimi jeste\u015bmy. \u015awiat za\u015b dlatego nas nie zna, \u017ce nie pozna\u0142 Jego. Umi\u0142owani, obecnie jeste\u015bmy dzie\u0107mi Bo\u017cymi, ale jeszcze si\u0119 nie ujawni\u0142o, czym b\u0119dziemy. Wiemy, \u017ce gdy si\u0119 On objawi, b\u0119dziemy do Niego podobni, bo ujrzymy Go takim, jakim jest.<\/b><\/span><\/span><\/span><\/p>\n<p align=\"justify\"><span style=\"color: #000000;\"><span style=\"font-family: Book Antiqua, serif;\"><span style=\"font-size: large;\"><b>Umi\u0142owani, je\u015bli serce nas nie oskar\u017ca, mamy ufno\u015b\u0107 wobec Boga, i o co prosi\u0107 b\u0119dziemy, otrzymamy od Niego, poniewa\u017c zachowujemy Jego przykazania i czynimy to, co si\u0119 Jemu podoba.<\/b><\/span><\/span><\/span><\/p>\n<p align=\"justify\"><span style=\"color: #000000;\"><span style=\"font-family: Book Antiqua, serif;\"><span style=\"font-size: large;\"><b>Przykazanie Jego za\u015b jest takie, aby\u015bmy wierzyli w imi\u0119 Jezusa Chrystusa, Jego Syna, i mi\u0142owali si\u0119 wzajemnie tak, jak nam nakaza\u0142. Kto wype\u0142nia Jego przykazania, trwa w Bogu, a B\u00f3g w nim; a to, \u017ce trwa On w nas, poznajemy po Duchu, kt\u00f3rego nam da\u0142.<\/b><\/span><\/span><\/span><\/p>\n<p align=\"justify\">\n<p align=\"justify\">\n<p align=\"justify\">\n<p align=\"justify\">\n<p align=\"justify\">\n<p align=\"justify\"><span style=\"color: #000000;\"><span style=\"font-family: Book Antiqua, serif;\"><span style=\"font-size: large;\"><b>S\u0141OWA EWANGELII WED\u0141UG \u015aWI\u0118TEGO \u0141UKASZA:<\/b><\/span><\/span><\/span><\/p>\n<p align=\"justify\"><span style=\"color: #000000;\"><span style=\"font-family: Book Antiqua, serif;\"><span style=\"font-size: large;\"><b>Rodzice Jezusa chodzili co roku do Jerozolimy na \u015awi\u0119to Paschy. Gdy mia\u0142 lat dwana\u015bcie, udali si\u0119 tam zwyczajem \u015bwi\u0105tecznym. Kiedy wracali po sko\u0144czonych uroczysto\u015bciach, zosta\u0142 Jezus w Jerozolimie, a tego nie zauwa\u017cyli Jego Rodzice. Przypuszczaj\u0105c, \u017ce jest w towarzystwie p\u0105tnik\u00f3w, uszli dzie\u0144 drogi i szukali Go w\u015br\u00f3d krewnych i znajomych. Gdy Go nie znale\u017ali, wr\u00f3cili do Jerozolimy, szukaj\u0105c Go. <\/b><\/span><\/span><\/span><\/p>\n<p align=\"justify\"><span style=\"color: #000000;\"><span style=\"font-family: Book Antiqua, serif;\"><span style=\"font-size: large;\"><b>Dopiero po trzech dniach odnale\u017ali Go w \u015bwi\u0105tyni, gdzie siedzia\u0142 mi\u0119dzy nauczycielami, przys\u0142uchiwa\u0142 si\u0119 im i zadawa\u0142 pytania. Wszyscy za\u015b, kt\u00f3rzy Go s\u0142uchali, byli zdumieni bystro\u015bci\u0105 Jego umys\u0142u i odpowiedziami. <\/b><\/span><\/span><\/span><\/p>\n<p align=\"justify\"><span style=\"color: #000000;\"><span style=\"font-family: Book Antiqua, serif;\"><span style=\"font-size: large;\"><b>Na ten widok zdziwili si\u0119 bardzo, a Jego Matka rzek\u0142a do Niego: \u201eSynu, czemu\u015b nam to uczyni\u0142? Oto ojciec Tw\u00f3j i Ja z b\u00f3lem serca szukali\u015bmy Ciebie\u201d. <\/b><\/span><\/span><\/span><\/p>\n<p align=\"justify\"><span style=\"color: #000000;\"><span style=\"font-family: Book Antiqua, serif;\"><span style=\"font-size: large;\"><b>Lecz On Im odpowiedzia\u0142: \u201eCzemu\u015bcie Mnie szukali? Czy nie wiedzieli\u015bcie, \u017ce powinienem by\u0107 w tym, co nale\u017cy do mego Ojca?\u201d <\/b><\/span><\/span><\/span><\/p>\n<p align=\"justify\"><span style=\"color: #000000;\"><span style=\"font-family: Book Antiqua, serif;\"><span style=\"font-size: large;\"><b>Oni jednak nie zrozumieli tego, co Im powiedzia\u0142. <\/b><\/span><\/span><\/span><\/p>\n<p align=\"justify\"><span style=\"color: #000000;\"><span style=\"font-family: Book Antiqua, serif;\"><span style=\"font-size: large;\"><b>Potem poszed\u0142 z Nimi i wr\u00f3ci\u0142 do Nazaretu; i by\u0142 Im poddany. A Matka Jego chowa\u0142a wiernie wszystkie te wspomnienia w swym sercu. <\/b><\/span><\/span><\/span><\/p>\n<p align=\"justify\"><span style=\"color: #000000;\"><span style=\"font-family: Book Antiqua, serif;\"><span style=\"font-size: large;\"><b>Jezus za\u015b czyni\u0142 post\u0119py w m\u0105dro\u015bci, w latach i w \u0142asce u Boga i u ludzi.<\/b><\/span><\/span><\/span><\/p>\n<p align=\"justify\">\n<p align=\"justify\">\n<p align=\"justify\">\n<p align=\"justify\">\n<p align=\"justify\">\n<p align=\"justify\"><span style=\"color: #000000;\"><span style=\"font-family: Book Antiqua, serif;\"><span style=\"font-size: large;\">Chocia\u017c <i><b>Rodzice Jezusa chodzili co roku do Jerozolimy na \u015awi\u0119to Paschy,<\/b><\/i><b> <\/b>a i tym razem <i><b>udali si\u0119 tam zwyczajem \u015bwi\u0105tecznym,<\/b><\/i> to jednak nie spostrzegli \u2013 ani si\u0119 tego nawet nie spodziewali -\u017ce tym razem pielgrzymka ta b\u0119dzie mia\u0142a inny, ni\u017c zwykle, przebieg. A dok\u0142adniej \u2013 <b>zako\u0144czenie. <\/b><\/span><\/span><\/span><\/p>\n<p align=\"justify\"><span style=\"color: #000000;\"><span style=\"font-family: Book Antiqua, serif;\"><span style=\"font-size: large;\">Oto bowiem <i><b>k<\/b><\/i><i><b>iedy wracali po sko\u0144czonych uroczysto\u015bciach, zosta\u0142 Jezus w Jerozolimie, a tego nie zauwa\u017cyli Jego Rodzice.<\/b><\/i><b> <\/b>Pocz\u0105tkowo bardzo si\u0119 tym nie przej\u0119li, bo my\u015bleli, \u017ce jest z innymi p\u0105tnikami. Dlatego <i><b>uszli dzie\u0144 drogi, <\/b><\/i>ale kiedy okaza\u0142o si\u0119, \u017ce jednak nie ma Go nigdzie, postanowili <b>wr\u00f3ci\u0107 do Jerozolimy.<\/b> Dok\u0142adnie do tego miejsca, z kt\u00f3rego dopiero co wyszli, a wi\u0119c <b>do \u015bwi\u0105tyni.<\/b> I to okaza\u0142o si\u0119 strza\u0142em w dziesi\u0105tk\u0119, bo Jezus tam w\u0142a\u015bnie by\u0142. <\/span><\/span><\/span><\/p>\n<p align=\"justify\"><span style=\"color: #000000;\"><span style=\"font-family: Book Antiqua, serif;\"><span style=\"font-size: large;\">Ku najwi\u0119kszego zaskoczeniu Rodzic\u00f3w, <i><b>siedzia\u0142 mi\u0119dzy nauczycielami, przys\u0142uchiwa\u0142 si\u0119 im i zadawa\u0142 pytania. Wszyscy za\u015b, kt\u00f3rzy Go s\u0142uchali, byli zdumieni bystro\u015bci\u0105 Jego umys\u0142u i odpowiedziami. <\/b><\/i>Zaskakuj\u0105ca sytuacja\u2026 St\u0105d niejaki wyrzut ze strony Maryi, w odpowiedzi na kt\u00f3ry Jezus da\u0142 i swoim Rodzicom, i nam wszystkim, <b>cenne wskazanie,<\/b> \u017ce mamy <b>by\u0107 zawsze <\/b><b>\u00ab<\/b><b>w sprawach Ojca<\/b><b>\u00bb<\/b><b>,<\/b> mamy <b>\u017cy\u0107 sprawami Bo\u017cymi<\/b> i uwa\u017ca\u0107 je za wa\u017cne, a wr\u0119cz najwa\u017cniejsze w swoim \u017cyciu. <\/span><\/span><\/span><\/p>\n<p align=\"justify\"><span style=\"color: #000000;\"><span style=\"font-family: Book Antiqua, serif;\"><span style=\"font-size: large;\">Zobaczmy, dzisiaj Jezus \u2013 t\u0105 swoj\u0105 odpowiedzi\u0105 w\u0142a\u015bnie \u2013 dobitnie podkre\u015bli\u0142, \u017ce bycie \u00abw sprawach Ojca\u00bb i \u017cycie sprawami Bo\u017cymi stoi <b>wy\u017cej od \u017cycia sprawami rodziny.<\/b> Mo\u017cna nawet powiedzie\u0107, \u017ce Jezus w jaki\u015b spos\u00f3b <b>podporz\u0105dkowa\u0142<\/b> swemu byciu \u00abw sprawach Ojca\u00bb swoje \u017cycie rodzinne, <b>swoje relacje z Rodzicami.<\/b> On musia\u0142 wiedzie\u0107, \u017ce <b>ca\u0142a sytuacja zasmuci<\/b> Jego Matk\u0119 i przybranego Ojca, <b>wprawi Ich w niepok\u00f3j, <\/b>narazi na trud poszukiwa\u0144. A jednak zdecydowa\u0142 si\u0119 na to, by zosta\u0107 w \u015bwi\u0105tyni \u2013 i to a\u017c przez trzy dni! <\/span><\/span><\/span><\/p>\n<p align=\"justify\"><span style=\"color: #000000;\"><span style=\"font-family: Book Antiqua, serif;\"><span style=\"font-size: large;\">My oczywi\u015bcie zdajemy sobie spraw\u0119 z tego, \u017ce <b>s\u0142owa i dzia\u0142ania Jezusa, <\/b>ukazane nam chocia\u017cby w poszczeg\u00f3lnych Ewangeliach, to nie s\u0105 <b>tylko takie sobie s\u0142owa, <\/b>rzucone od niechcenia i bez wi\u0119kszego znaczenia, lub czyny, kt\u00f3re s\u0105 takimi sobie zwyczajnymi codziennymi czynno\u015bciami. Czyny i s\u0142owa Jezusa <b>zawsze nios\u0105 jakie\u015b przes\u0142anie, <\/b>to s\u0105 za ka\u017cdym razem <b>dla nas lekcje, <\/b>jakie\u015b <b>konkretne nauki,<\/b> kt\u00f3re bardzo powa\u017cnie powinni\u015bmy bra\u0107 sobie do serca. <\/span><\/span><\/span><\/p>\n<p align=\"justify\"><span style=\"color: #000000;\"><span style=\"font-family: Book Antiqua, serif;\"><span style=\"font-size: large;\">Maj\u0105 one zatem znaczenie <b>pewnego symbolu, <\/b>pewnego <b>przekazu<\/b> \u2013 i w\u0142a\u015bnie temu znaczeniu s\u0105 podporz\u0105dkowane. Dlatego niejednokrotnie<b> nie pasuj\u0105 <\/b>do naszego ludzkiego, zwyczajowego, <b>standardowego postrzegania,<\/b> a niekiedy wr\u0119cz szokuj\u0105. I nawet dobrze, \u017ce szokuj\u0105, albo \u017ce <b>nie zgadzamy si\u0119 <\/b>na takie zachowanie, jakiego przyk\u0142ad da\u0142 dzisiaj Jezus. W normalnych bowiem, naszych codziennych warunkach, tego typu zachowanie zas\u0142ugiwa\u0142oby <b>przynajmniej na surowe upomnienie,<\/b> o ile nie na jak\u0105\u015b kar\u0119. <\/span><\/span><\/span><\/p>\n<p align=\"justify\"><span style=\"color: #000000;\"><span style=\"font-family: Book Antiqua, serif;\"><span style=\"font-size: large;\">W przypadku Jezusa jednak, mamy do czynienia <b>z przekazem, <\/b>kt\u00f3ry kieruje do nas Bo\u017cy Syn, a kt\u00f3ry to przekaz ma nas <b>czego\u015b wa\u017cnego nauczy\u0107. <\/b>I temu w\u0142a\u015bnie ca\u0142a sytuacja zosta\u0142a podporz\u0105dkowana. <\/span><\/span><\/span><\/p>\n<p align=\"justify\"><span style=\"color: #000000;\"><span style=\"font-family: Book Antiqua, serif;\"><span style=\"font-size: large;\">Oczywi\u015bcie, mo\u017cemy tu by\u0107 spokojni \u2013 z ca\u0142\u0105 pewno\u015bci\u0105, Rodzicom <b>nie sta\u0142a si\u0119 \u017cadna krzywda<\/b>, Jezus w jaki\u015b spos\u00f3b wyprowadzi\u0142 \u201ena prost\u0105\u201d ca\u0142\u0105 spraw\u0119, zreszt\u0105 i Ewangelista dzisiaj informuje nas, \u017ce <i><b>potem poszed\u0142 z Nimi i wr\u00f3ci\u0142 do Nazaretu; i by\u0142 Im poddany.<\/b><\/i><b> <\/b>A nast\u0119pnie dopowiada: <i><b>Jezus za\u015b czyni\u0142 post\u0119py w m\u0105dro\u015bci, w latach i w \u0142asce u Boga i u ludzi. <\/b><\/i>Mo\u017cna zatem powiedzie\u0107, \u017ce wszystko wr\u00f3ci\u0142o do normy i ju\u017c by\u0142o dalej tak, jak powinno by\u0107. <\/span><\/span><\/span><\/p>\n<p align=\"justify\"><span style=\"color: #000000;\"><span style=\"font-family: Book Antiqua, serif;\"><span style=\"font-size: large;\">Kluczem natomiast do zrozumienia ca\u0142ej sytuacji jest to stwierdzenie Ewangelisty: <i><b>A Matka Jego chowa\u0142a wiernie wszystkie te wspomnienia w swym sercu.<\/b><\/i><b> <\/b>Wcze\u015bniej za\u015b us\u0142yszeli\u015bmy, \u017ce Rodzice<b> nie zrozumieli odpowiedzi<\/b> swego Syna, udzielonej im na wyrzut, postawiony przez Matk\u0119. Skoro zatem nie zrozumieli tej wypowiedzi \u2013 i pewnie <b>nie rozumieli jeszcze wielu innych spraw, <\/b>dotycz\u0105cych Ich wzajemnych relacji z Synem \u2013 to starali si\u0119 to <b>w sercu g\u0142\u0119boko rozwa\u017ca\u0107. <\/b><\/span><\/span><\/span><\/p>\n<p align=\"justify\"><span style=\"color: #000000;\"><span style=\"font-family: Book Antiqua, serif;\"><span style=\"font-size: large;\">Oni wiedzieli, kto jest Ich Synem i czyim jest On Synem \u2013 poza tym, \u017ce Ich. Wiedzieli, \u017ce jest <b>te\u017c Bo\u017cym Synem,<\/b> dlatego brali sobie do serca wszystko, <b>co m\u00f3wi\u0142 On i czyni\u0142,<\/b> ale te\u017c to wszystko, <b>co dzia\u0142o si\u0119 w Ich \u017cyciu<\/b> w zwi\u0105zku z tym, \u017ce mieli takiego w\u0142a\u015bnie Syna. <\/span><\/span><\/span><\/p>\n<p align=\"justify\"><span style=\"color: #000000;\"><span style=\"font-family: Book Antiqua, serif;\"><span style=\"font-size: large;\">A dzia\u0142o si\u0119 <b>ca\u0142kiem du\u017co<\/b> \u2013 pocz\u0105wszy od momentu Zwiastowania, poprzez Jego niezwyk\u0142e Narodziny \u2013 i potem wiele jeszcze innych wydarze\u0144\u2026 Maryja i J\u00f3zef zrozumieli, \u017ce musz\u0105 patrze\u0107 na to wszystko <b>we w\u0142a\u015bciwy spos\u00f3b<\/b> i nawet, je\u017celi tego nie rozumiej\u0105, to powinni <b>g\u0142\u0119boko w sercu rozwa\u017ca\u0107<\/b> \u2013 w nadziei, \u017ce <b>zrozumienie przyjdzie p\u00f3\u017aniej,<\/b> a je\u015bli nawet nie przyjdzie, albo nie w pe\u0142ni, to i tak wszystko to <b>wyjdzie wszystkim na dobre. <\/b><\/span><\/span><\/span><\/p>\n<p align=\"justify\"><span style=\"color: #000000;\"><span style=\"font-family: Book Antiqua, serif;\"><span style=\"font-size: large;\">Moi Drodzy, jak\u017ce <b>szcz\u0119\u015bliwe i mocne duchem<\/b> by\u0142yby nasze rodziny, gdyby tak w\u0142a\u015bnie podchodzi\u0142y do spraw Bo\u017cych. Gdyby sprawy Bo\u017ce \u2013 sprawy Ojca \u2013 by\u0142y w nich <b>na pierwszym miejscu. <\/b>I gdyby\u015bmy ca\u0142ymi naszymi rodzinami zwracali si\u0119 do Pana <b>ze szczer\u0105 ufno\u015bci\u0105 \u2013 w ka\u017cdej sytuacji!<\/b> Gdyby\u015bmy nawet nie rozumiej\u0105c tych, czy owych, Bo\u017cych rozstrzygni\u0119\u0107, <b>jednak Bogu ufali \u2013<\/b> w przekonaniu, \u017ce On <b>naprawd\u0119 wie, co m\u00f3wi i co robi. <\/b>I aby\u015bmy na tym opierali ca\u0142\u0105 nasz\u0105 relacj\u0119 z Nim i pomi\u0119dzy sob\u0105. <\/span><\/span><\/span><\/p>\n<p align=\"justify\"><span style=\"color: #000000;\"><span style=\"font-family: Book Antiqua, serif;\"><span style=\"font-size: large;\">Gdyby\u015bmy nie bali si\u0119 Bogu <b>oddawa\u0107 swego \u017cycia,<\/b> gdyby rodzice nie obawiali si\u0119 <b>oddawa\u0107 Bogu swoich dzieci <\/b>\u2013 mo\u017ce nawet niekoniecznie od razu na s\u0142u\u017cb\u0119 w \u015bwi\u0105tyni, jak uczyni\u0142a to Anna w pierwszym czytaniu. Ale nawet i takie oddanie Bogu swego dziecka \u2013 a mo\u017ce lepiej: <b>przyj\u0119cie do wiadomo\u015bci takiej decyzji swego dziecka<\/b> \u2013 tak\u017ce nie oznacza tak naprawd\u0119 <b>\u017cadnej straty, <\/b>bo oddanie Bogu kogokolwiek lub czegokolwiek <b>nigdy nie jest strat\u0105.<\/b> Na tym si\u0119 jeszcze wi\u0119cej zyskuje! Najwi\u0119cej, jak tylko mo\u017cna! <\/span><\/span><\/span><\/p>\n<p align=\"justify\"><span style=\"color: #000000;\"><span style=\"font-family: Book Antiqua, serif;\"><span style=\"font-size: large;\">Bo B\u00f3g nie chce nam niczego odbiera\u0107, natomiast wszystko, co Mu ofiarujemy, On <b>b\u0142ogos\u0142awi i pomna\u017ca wszelkie dobro. <\/b>Dlatego naprawd\u0119 warto ofiarowa\u0107 Mu i powierzy\u0107 ca\u0142e swoje \u017cycie rodzinne, zaprosi\u0107 Go <b>na pierwsze miejsce <\/b>w swoim domu. Jak to zrobi\u0107 konkretnie i praktycznie? <\/span><\/span><\/span><\/p>\n<p align=\"justify\"><span style=\"color: #000000;\"><span style=\"font-family: Book Antiqua, serif;\"><span style=\"font-size: large;\">Mo\u017ce tak, jak doradza \u015awi\u0119ty Jan w dzisiejszym drugim czytaniu: <i><b>Mamy ufno\u015b\u0107 w<\/b><\/i><i><b>obec<\/b><\/i><i><b> Bog<\/b><\/i><i><b>a<\/b><\/i><i><b>, <\/b><\/i><i><b>i<\/b><\/i><i><b> o co prosi\u0107 b\u0119dziemy, otrzymamy od Niego, poniewa\u017c zachowujemy Jego przykazania i czynimy to, co si\u0119 Jemu podoba. <\/b><\/i><i><b>Przykazanie Jego za\u015b jest takie, aby\u015bmy wierzyli w imi\u0119 Jezusa Chrystusa, Jego Syna, i mi\u0142owali si\u0119 wzajemnie tak, jak nam nakaza\u0142. Kto wype\u0142nia Jego przykazania, trwa w Bogu, a B\u00f3g w nim; a to, \u017ce trwa On w nas, poznajemy po Duchu, kt\u00f3rego nam da\u0142. <\/b><\/i><\/span><\/span><\/span><\/p>\n<p align=\"justify\"><span style=\"color: #000000;\"><span style=\"font-family: Book Antiqua, serif;\"><span style=\"font-size: large;\">Czyli \u2013 najkr\u00f3cej rzecz ujmuj\u0105c \u2013 chodzi o <b>\u017cycie po Bo\u017cemu.<\/b> Takie zwyczajne, codzienne \u2013 \u017cycie po Bo\u017cemu. Tak w\u0142a\u015bnie okre\u015blamy codzienne<b> trwanie przy Bogu,<\/b> przestrzeganie Jego przykaza\u0144, codzienn\u0105 modlitw\u0119 i s\u0142uchanie Jego s\u0142owa\u2026 Naprawd\u0119, tu nie chodzi o jakie\u015b <b>wielkie i spektakularne gesty <\/b>\u2013 chocia\u017c mo\u017ce i takowe b\u0119d\u0105 w kt\u00f3rym\u015b momencie potrzebne, albo stworzy si\u0119 do nich okazja. Raczej m\u00f3wimy <b>o zwyczajnych, codziennych sprawach;<\/b> o codzienno\u015bci, prze\u017cywanej w \u0142\u0105czno\u015bci z Bogiem. Podporz\u0105dkowanej Bogu \u2013 <b>bez obawy zniewolenia,<\/b> czy jakiejkolwiek straty. <\/span><\/span><\/span><\/p>\n<p align=\"justify\"><span style=\"color: #000000;\"><span style=\"font-family: Book Antiqua, serif;\"><span style=\"font-size: large;\">Tego w\u0142a\u015bnie \u2013 jak si\u0119 wydaje \u2013 dzisiaj chyba <b>najbardziej potrzeba naszym rodzinom.<\/b> Tego naszym rodzinom dzisiaj najbardziej brakuje. I st\u0105d rodz\u0105 si\u0119 najwi\u0119ksze problemy i kryzysy rodzinne \u2013 w\u0142a\u015bnie st\u0105d, \u017ce <b>B\u00f3g nie jest na pierwszym miejscu,<\/b> a w\u0142a\u015bnie bardzo cz\u0119sto gdzie\u015b na odleg\u0142ym, bardzo odleg\u0142ym\u2026 O ile w og\u00f3le jakie\u015b miejsce dla Niego si\u0119 znajdzie\u2026 <\/span><\/span><\/span><\/p>\n<p align=\"justify\"><span style=\"color: #000000;\"><span style=\"font-family: Book Antiqua, serif;\"><span style=\"font-size: large;\">Kiedy wydaje si\u0119 nam, \u017ce oddanie si\u0119 Bogu <b>za du\u017co b\u0119dzie nas kosztowa\u0142o<\/b> i lepiej wszystko zachowa\u0107 dla siebie, to w\u0142a\u015bnie wtedy przekonujemy si\u0119 najszybciej, \u017ce <b>najwi\u0119cej na tym tracimy.<\/b> Zyskujemy natomiast najwi\u0119cej wtedy, <b>kiedy si\u0119 Jemu totalnie powierzamy,<\/b> kiedy Jemu bezgranicznie ufamy. Nawet, je\u017celi nie wszystko do ko\u0144ca rozumiemy i nie wszystko uk\u0142ada si\u0119 nam w logiczn\u0105 ca\u0142o\u015b\u0107 \u2013 wed\u0142ug ludzkiej logiki \u2013 to <b>B\u00f3g wie lepiej, widzi dalej i szerzej, <\/b>ogarnia sprawy du\u017co g\u0142\u0119biej. <\/span><\/span><\/span><\/p>\n<p align=\"justify\"><span style=\"color: #000000;\"><span style=\"font-family: Book Antiqua, serif;\"><span style=\"font-size: large;\">I dlatego warto Mu zaufa\u0107! Dlatego trzeba Mu zaufa\u0107! Bezgranicznie! To <b>jedyna dobra i w\u0142a\u015bciwa droga <\/b>dla naszych rodzin\u2026 <\/span><\/span><\/span><\/p>\n","protected":false},"excerpt":{"rendered":"<p>Niech b\u0119dzie pochwalony Jezus Chrystus! Moi Drodzy, w dniu dzisiejszym imieniny prze\u017cywa Ksi\u0105dz Szczepan Litwiniuk, Wikariusz Parafii Ducha \u015awi\u0119tego w Siedlcach, przy kt\u00f3rej funkcjonuje O\u015brodek Duszpasterstwa Akademickiego. W zwi\u0105zku z tym, Ksi\u0105dz Szczepan nieraz pomaga, chocia\u017cby przy Spowiedzi rekolekcyjnej. Dzi\u0119kuj\u0105c za wszelk\u0105 \u017cyczliwo\u015b\u0107, \u017cycz\u0119 mocy Bo\u017cego b\u0142ogos\u0142awie\u0144stwa! I zapewniam o modlitwie! Dzisiaj tak\u017ce swoje \u015bwi\u0119to [&hellip;]<\/p>\n","protected":false},"author":1,"featured_media":0,"comment_status":"open","ping_status":"open","sticky":false,"template":"","format":"standard","meta":{"jetpack_post_was_ever_published":false,"_jetpack_newsletter_access":"","_jetpack_dont_email_post_to_subs":false,"_jetpack_newsletter_tier_id":0,"_jetpack_memberships_contains_paywalled_content":false,"_jetpack_memberships_contains_paid_content":false,"footnotes":""},"categories":[1],"tags":[],"class_list":["post-19987","post","type-post","status-publish","format-standard","hentry","category-bez-kategorii"],"yoast_head":"<!-- This site is optimized with the Yoast SEO plugin v25.1 - https:\/\/yoast.com\/wordpress\/plugins\/seo\/ -->\n<title>W \u0142asce u Boga i u ludzi... - Gaudium Et Spes<\/title>\n<meta name=\"robots\" content=\"index, follow, max-snippet:-1, max-image-preview:large, max-video-preview:-1\" \/>\n<link rel=\"canonical\" href=\"https:\/\/gaudiumetspes-blog.pl\/index.php\/2021\/12\/26\/w-lasce-u-boga-i-u-ludzi\/\" \/>\n<meta property=\"og:locale\" content=\"pl_PL\" \/>\n<meta property=\"og:type\" content=\"article\" \/>\n<meta property=\"og:title\" content=\"W \u0142asce u Boga i u ludzi... - Gaudium Et Spes\" \/>\n<meta property=\"og:description\" content=\"Niech b\u0119dzie pochwalony Jezus Chrystus! Moi Drodzy, w dniu dzisiejszym imieniny prze\u017cywa Ksi\u0105dz Szczepan Litwiniuk, Wikariusz Parafii Ducha \u015awi\u0119tego w Siedlcach, przy kt\u00f3rej funkcjonuje O\u015brodek Duszpasterstwa Akademickiego. W zwi\u0105zku z tym, Ksi\u0105dz Szczepan nieraz pomaga, chocia\u017cby przy Spowiedzi rekolekcyjnej. Dzi\u0119kuj\u0105c za wszelk\u0105 \u017cyczliwo\u015b\u0107, \u017cycz\u0119 mocy Bo\u017cego b\u0142ogos\u0142awie\u0144stwa! I zapewniam o modlitwie! Dzisiaj tak\u017ce swoje \u015bwi\u0119to [&hellip;]\" \/>\n<meta property=\"og:url\" content=\"https:\/\/gaudiumetspes-blog.pl\/index.php\/2021\/12\/26\/w-lasce-u-boga-i-u-ludzi\/\" \/>\n<meta property=\"og:site_name\" content=\"Gaudium Et Spes\" \/>\n<meta property=\"article:published_time\" content=\"2021-12-26T08:16:58+00:00\" \/>\n<meta name=\"author\" content=\"Ks. Jacek\" \/>\n<meta name=\"twitter:card\" content=\"summary_large_image\" \/>\n<meta name=\"twitter:label1\" content=\"Napisane przez\" \/>\n\t<meta name=\"twitter:data1\" content=\"Ks. Jacek\" \/>\n\t<meta name=\"twitter:label2\" content=\"Szacowany czas czytania\" \/>\n\t<meta name=\"twitter:data2\" content=\"11 minut\" \/>\n<script type=\"application\/ld+json\" class=\"yoast-schema-graph\">{\"@context\":\"https:\/\/schema.org\",\"@graph\":[{\"@type\":\"WebPage\",\"@id\":\"https:\/\/gaudiumetspes-blog.pl\/index.php\/2021\/12\/26\/w-lasce-u-boga-i-u-ludzi\/\",\"url\":\"https:\/\/gaudiumetspes-blog.pl\/index.php\/2021\/12\/26\/w-lasce-u-boga-i-u-ludzi\/\",\"name\":\"W \u0142asce u Boga i u ludzi... - Gaudium Et Spes\",\"isPartOf\":{\"@id\":\"https:\/\/gaudiumetspes-blog.pl\/#website\"},\"datePublished\":\"2021-12-26T08:16:58+00:00\",\"author\":{\"@id\":\"https:\/\/gaudiumetspes-blog.pl\/#\/schema\/person\/1661982992b752dea8dff0d4ed845a65\"},\"breadcrumb\":{\"@id\":\"https:\/\/gaudiumetspes-blog.pl\/index.php\/2021\/12\/26\/w-lasce-u-boga-i-u-ludzi\/#breadcrumb\"},\"inLanguage\":\"pl-PL\",\"potentialAction\":[{\"@type\":\"ReadAction\",\"target\":[\"https:\/\/gaudiumetspes-blog.pl\/index.php\/2021\/12\/26\/w-lasce-u-boga-i-u-ludzi\/\"]}]},{\"@type\":\"BreadcrumbList\",\"@id\":\"https:\/\/gaudiumetspes-blog.pl\/index.php\/2021\/12\/26\/w-lasce-u-boga-i-u-ludzi\/#breadcrumb\",\"itemListElement\":[{\"@type\":\"ListItem\",\"position\":1,\"name\":\"Strona g\u0142\u00f3wna\",\"item\":\"https:\/\/gaudiumetspes-blog.pl\/\"},{\"@type\":\"ListItem\",\"position\":2,\"name\":\"W&nbsp;\u0142asce u&nbsp;Boga i&nbsp;u&nbsp;ludzi&#8230;\"}]},{\"@type\":\"WebSite\",\"@id\":\"https:\/\/gaudiumetspes-blog.pl\/#website\",\"url\":\"https:\/\/gaudiumetspes-blog.pl\/\",\"name\":\"Gaudium Et Spes\",\"description\":\"Blog Ks. Jacka Ja\u015bkowskiego\",\"potentialAction\":[{\"@type\":\"SearchAction\",\"target\":{\"@type\":\"EntryPoint\",\"urlTemplate\":\"https:\/\/gaudiumetspes-blog.pl\/?s={search_term_string}\"},\"query-input\":{\"@type\":\"PropertyValueSpecification\",\"valueRequired\":true,\"valueName\":\"search_term_string\"}}],\"inLanguage\":\"pl-PL\"},{\"@type\":\"Person\",\"@id\":\"https:\/\/gaudiumetspes-blog.pl\/#\/schema\/person\/1661982992b752dea8dff0d4ed845a65\",\"name\":\"Ks. Jacek\",\"image\":{\"@type\":\"ImageObject\",\"inLanguage\":\"pl-PL\",\"@id\":\"https:\/\/gaudiumetspes-blog.pl\/#\/schema\/person\/image\/\",\"url\":\"https:\/\/gaudiumetspes-blog.pl\/wp-content\/uploads\/2019\/07\/avatar-JJ-150x150.jpg\",\"contentUrl\":\"https:\/\/gaudiumetspes-blog.pl\/wp-content\/uploads\/2019\/07\/avatar-JJ-150x150.jpg\",\"caption\":\"Ks. Jacek\"},\"description\":\"Witam serdecznie! K\u0142ania si\u0119 Ks. Jacek Ja\u015bkowski. Nie jestem ani kim\u015b wa\u017cnym, ani kim\u015b znanym. Jestem ksi\u0119dzem, kt\u00f3ry po prostu chce rozmawia\u0107. Codzienna kap\u0142a\u0144ska pos\u0142uga pokazuje mi, \u017ce temat\u00f3w do rozm\u00f3w z ksi\u0119dzem jest coraz wi\u0119cej i dzisiaj \u017caden ksi\u0105dz nie mo\u017ce od nich ucieka\u0107, ale - wprost przeciwnie - podejmowa\u0107 nowe wyzwania. To przekonanie sk\u0142oni\u0142o mnie do pr\u00f3by otwarcia tego\u017c bloga, chocia\u017c okazji do rozm\u00f3w na co dzie\u0144 - w konfesjonale i poza nim - na szcz\u0119\u015bcie nie brakuje. My\u015bl\u0119 jednak, \u017ce ten blog b\u0119dzie jeszcze jednym sposobem i przestrzeni\u0105 nawi\u0105zania kontaktu z lud\u017ami dobrej woli, otwartymi na dialog.\",\"url\":\"https:\/\/gaudiumetspes-blog.pl\/index.php\/author\/ks-jacek\/\"}]}<\/script>\n<!-- \/ Yoast SEO plugin. -->","yoast_head_json":{"title":"W \u0142asce u Boga i u ludzi... - Gaudium Et Spes","robots":{"index":"index","follow":"follow","max-snippet":"max-snippet:-1","max-image-preview":"max-image-preview:large","max-video-preview":"max-video-preview:-1"},"canonical":"https:\/\/gaudiumetspes-blog.pl\/index.php\/2021\/12\/26\/w-lasce-u-boga-i-u-ludzi\/","og_locale":"pl_PL","og_type":"article","og_title":"W \u0142asce u Boga i u ludzi... - Gaudium Et Spes","og_description":"Niech b\u0119dzie pochwalony Jezus Chrystus! Moi Drodzy, w dniu dzisiejszym imieniny prze\u017cywa Ksi\u0105dz Szczepan Litwiniuk, Wikariusz Parafii Ducha \u015awi\u0119tego w Siedlcach, przy kt\u00f3rej funkcjonuje O\u015brodek Duszpasterstwa Akademickiego. W zwi\u0105zku z tym, Ksi\u0105dz Szczepan nieraz pomaga, chocia\u017cby przy Spowiedzi rekolekcyjnej. Dzi\u0119kuj\u0105c za wszelk\u0105 \u017cyczliwo\u015b\u0107, \u017cycz\u0119 mocy Bo\u017cego b\u0142ogos\u0142awie\u0144stwa! I zapewniam o modlitwie! Dzisiaj tak\u017ce swoje \u015bwi\u0119to [&hellip;]","og_url":"https:\/\/gaudiumetspes-blog.pl\/index.php\/2021\/12\/26\/w-lasce-u-boga-i-u-ludzi\/","og_site_name":"Gaudium Et Spes","article_published_time":"2021-12-26T08:16:58+00:00","author":"Ks. Jacek","twitter_card":"summary_large_image","twitter_misc":{"Napisane przez":"Ks. Jacek","Szacowany czas czytania":"11 minut"},"schema":{"@context":"https:\/\/schema.org","@graph":[{"@type":"WebPage","@id":"https:\/\/gaudiumetspes-blog.pl\/index.php\/2021\/12\/26\/w-lasce-u-boga-i-u-ludzi\/","url":"https:\/\/gaudiumetspes-blog.pl\/index.php\/2021\/12\/26\/w-lasce-u-boga-i-u-ludzi\/","name":"W \u0142asce u Boga i u ludzi... - Gaudium Et Spes","isPartOf":{"@id":"https:\/\/gaudiumetspes-blog.pl\/#website"},"datePublished":"2021-12-26T08:16:58+00:00","author":{"@id":"https:\/\/gaudiumetspes-blog.pl\/#\/schema\/person\/1661982992b752dea8dff0d4ed845a65"},"breadcrumb":{"@id":"https:\/\/gaudiumetspes-blog.pl\/index.php\/2021\/12\/26\/w-lasce-u-boga-i-u-ludzi\/#breadcrumb"},"inLanguage":"pl-PL","potentialAction":[{"@type":"ReadAction","target":["https:\/\/gaudiumetspes-blog.pl\/index.php\/2021\/12\/26\/w-lasce-u-boga-i-u-ludzi\/"]}]},{"@type":"BreadcrumbList","@id":"https:\/\/gaudiumetspes-blog.pl\/index.php\/2021\/12\/26\/w-lasce-u-boga-i-u-ludzi\/#breadcrumb","itemListElement":[{"@type":"ListItem","position":1,"name":"Strona g\u0142\u00f3wna","item":"https:\/\/gaudiumetspes-blog.pl\/"},{"@type":"ListItem","position":2,"name":"W&nbsp;\u0142asce u&nbsp;Boga i&nbsp;u&nbsp;ludzi&#8230;"}]},{"@type":"WebSite","@id":"https:\/\/gaudiumetspes-blog.pl\/#website","url":"https:\/\/gaudiumetspes-blog.pl\/","name":"Gaudium Et Spes","description":"Blog Ks. Jacka Ja\u015bkowskiego","potentialAction":[{"@type":"SearchAction","target":{"@type":"EntryPoint","urlTemplate":"https:\/\/gaudiumetspes-blog.pl\/?s={search_term_string}"},"query-input":{"@type":"PropertyValueSpecification","valueRequired":true,"valueName":"search_term_string"}}],"inLanguage":"pl-PL"},{"@type":"Person","@id":"https:\/\/gaudiumetspes-blog.pl\/#\/schema\/person\/1661982992b752dea8dff0d4ed845a65","name":"Ks. Jacek","image":{"@type":"ImageObject","inLanguage":"pl-PL","@id":"https:\/\/gaudiumetspes-blog.pl\/#\/schema\/person\/image\/","url":"https:\/\/gaudiumetspes-blog.pl\/wp-content\/uploads\/2019\/07\/avatar-JJ-150x150.jpg","contentUrl":"https:\/\/gaudiumetspes-blog.pl\/wp-content\/uploads\/2019\/07\/avatar-JJ-150x150.jpg","caption":"Ks. Jacek"},"description":"Witam serdecznie! K\u0142ania si\u0119 Ks. Jacek Ja\u015bkowski. Nie jestem ani kim\u015b wa\u017cnym, ani kim\u015b znanym. Jestem ksi\u0119dzem, kt\u00f3ry po prostu chce rozmawia\u0107. Codzienna kap\u0142a\u0144ska pos\u0142uga pokazuje mi, \u017ce temat\u00f3w do rozm\u00f3w z ksi\u0119dzem jest coraz wi\u0119cej i dzisiaj \u017caden ksi\u0105dz nie mo\u017ce od nich ucieka\u0107, ale - wprost przeciwnie - podejmowa\u0107 nowe wyzwania. To przekonanie sk\u0142oni\u0142o mnie do pr\u00f3by otwarcia tego\u017c bloga, chocia\u017c okazji do rozm\u00f3w na co dzie\u0144 - w konfesjonale i poza nim - na szcz\u0119\u015bcie nie brakuje. My\u015bl\u0119 jednak, \u017ce ten blog b\u0119dzie jeszcze jednym sposobem i przestrzeni\u0105 nawi\u0105zania kontaktu z lud\u017ami dobrej woli, otwartymi na dialog.","url":"https:\/\/gaudiumetspes-blog.pl\/index.php\/author\/ks-jacek\/"}]}},"jetpack_featured_media_url":"","jetpack_sharing_enabled":true,"_links":{"self":[{"href":"https:\/\/gaudiumetspes-blog.pl\/index.php\/wp-json\/wp\/v2\/posts\/19987","targetHints":{"allow":["GET"]}}],"collection":[{"href":"https:\/\/gaudiumetspes-blog.pl\/index.php\/wp-json\/wp\/v2\/posts"}],"about":[{"href":"https:\/\/gaudiumetspes-blog.pl\/index.php\/wp-json\/wp\/v2\/types\/post"}],"author":[{"embeddable":true,"href":"https:\/\/gaudiumetspes-blog.pl\/index.php\/wp-json\/wp\/v2\/users\/1"}],"replies":[{"embeddable":true,"href":"https:\/\/gaudiumetspes-blog.pl\/index.php\/wp-json\/wp\/v2\/comments?post=19987"}],"version-history":[{"count":1,"href":"https:\/\/gaudiumetspes-blog.pl\/index.php\/wp-json\/wp\/v2\/posts\/19987\/revisions"}],"predecessor-version":[{"id":19988,"href":"https:\/\/gaudiumetspes-blog.pl\/index.php\/wp-json\/wp\/v2\/posts\/19987\/revisions\/19988"}],"wp:attachment":[{"href":"https:\/\/gaudiumetspes-blog.pl\/index.php\/wp-json\/wp\/v2\/media?parent=19987"}],"wp:term":[{"taxonomy":"category","embeddable":true,"href":"https:\/\/gaudiumetspes-blog.pl\/index.php\/wp-json\/wp\/v2\/categories?post=19987"},{"taxonomy":"post_tag","embeddable":true,"href":"https:\/\/gaudiumetspes-blog.pl\/index.php\/wp-json\/wp\/v2\/tags?post=19987"}],"curies":[{"name":"wp","href":"https:\/\/api.w.org\/{rel}","templated":true}]}}