{"id":19991,"date":"2021-12-28T06:18:06","date_gmt":"2021-12-28T05:18:06","guid":{"rendered":"https:\/\/gaudiumetspes-blog.pl\/?p=19991"},"modified":"2021-12-28T06:18:06","modified_gmt":"2021-12-28T05:18:06","slug":"placz-i-jek-wielki","status":"publish","type":"post","link":"https:\/\/gaudiumetspes-blog.pl\/index.php\/2021\/12\/28\/placz-i-jek-wielki\/","title":{"rendered":"P\u0142acz i j\u0119k wielki&#8230;"},"content":{"rendered":"<p align=\"justify\"><span style=\"color: #000000;\"><span style=\"font-family: Book Antiqua, serif;\"><span style=\"font-size: large;\">Szcz\u0119\u015b\u0107 Bo\u017ce! Moi Drodzy, w dniu dzisiejszym <b>imieniny prze\u017cywa Ojciec Cezary Szcze\u015bniak, kapucyn, nale\u017c\u0105cy w swoim czasie do jednej z <\/b><b>moich <\/b><b>m\u0142odzie\u017cowych Wsp\u00f3lnot. \u017bycz\u0119 <\/b><b>Solenizantowi post\u0119powania przez ca\u0142e \u017cycie tylko drog\u0105 \u015bwiat\u0142o\u015bci. I zapewniam o modlitwie!<\/b><\/span><\/span><\/span><\/p>\n<p align=\"justify\"><span style=\"color: #000000;\"><span style=\"font-family: Book Antiqua, serif;\"><span style=\"font-size: large;\">A ja ju\u017c od wczoraj jestem w Kodniu, gdzie zamierzam \u201epomieszka\u0107\u201d do Sylwestra. Oczywi\u015bcie, b\u0119d\u0119 normalnie funkcjonowa\u0142 \u2013 to nie b\u0119d\u0105 \u017cadne rekolekcje \u2013 zamierzam intensywnie popracowa\u0107. Jednocze\u015bnie jednak \u2013 szczeg\u00f3lnie w czasie nocnych rozm\u00f3w z Matk\u0105 w klasztornej Kaplicy \u2013 b\u0119d\u0119 pami\u0119ta\u0142 tak\u017ce o Was. <\/span><\/span><\/span><\/p>\n<p align=\"justify\"><span style=\"color: #000000;\"><span style=\"font-family: Book Antiqua, serif;\"><span style=\"font-size: large;\">W tych dniach tak\u017ce \u2013 tu, w Kodniu \u2013 odprawi\u0119 Msz\u0119 \u015awi\u0119t\u0105 w intencji Wszystkich \u017cyczliwych, kt\u00f3rzy przy okazji \u015awi\u0105t pospieszyli z \u017cyczeniami i modlitw\u0105, zapewniaj\u0105c o tym w rozmowach bezpo\u015brednich i telefonicznych, za pomoc\u0105 smsa lub maila. Bardzo Wszystkim za t\u0119 \u017cyczliwo\u015b\u0107 i pami\u0119\u0107 dzi\u0119kuj\u0119!<\/span><\/span><\/span><\/p>\n<p align=\"justify\"><span style=\"color: #000000;\"><span style=\"font-family: Book Antiqua, serif;\"><span style=\"font-size: large;\">Teraz za\u015b zapraszam do pochylenia si\u0119 nad dzisiejszym Bo\u017cym s\u0142owem, do kt\u00f3rego s\u0142\u00f3wko przygotowa\u0142a Ania. Wielkie dzi\u0119ki za to, \u017ce sama spe\u0142ni\u0142a postulat, kt\u00f3ry zawar\u0142a w zako\u0144czeniu i po \u015awi\u0119tach ruszy\u0142a do pracy, aby przygotowa\u0107 rozwa\u017canie. Wielkie dzi\u0119ki<\/span><\/span><\/span><\/p>\n<p align=\"justify\"><span style=\"color: #000000;\"><span style=\"font-family: Book Antiqua, serif;\"><span style=\"font-size: large;\">Niech zatem Duch \u015awi\u0119ty o\u015bwieci nas i natchnie, by\u015bmy odkryli to<b> jedyne i konkretne przes\u0142anie, z jakim Pan zwraca si\u0119 do mnie osobi\u015bcie.<\/b><\/span><\/span><\/span><\/p>\n<p align=\"justify\"><span style=\"color: #000000;\"><span style=\"font-family: Book Antiqua, serif;\"><span style=\"font-size: large;\"><b>Niech Was b\u0142ogos\u0142awi B\u00f3g Wszechmog\u0105cy: Ojciec + i Syn, i Duch \u015awi\u0119ty. Amen<\/b><\/span><\/span><\/span><\/p>\n<p align=\"center\"><span style=\"color: #000000;\"><span style=\"font-family: Book Antiqua, serif;\"><span style=\"font-size: large;\">Gaudium et spes! Ks. Jacek<\/span><\/span><\/span><\/p>\n<p align=\"center\">\n<p align=\"center\">\n<p align=\"center\">\n<p align=\"center\">\n<p align=\"center\">\n<p align=\"justify\"><span style=\"color: #000000;\"><span style=\"font-family: Book Antiqua, serif;\"><span style=\"font-size: large;\"><b>\u015awi\u0119to \u015awi\u0119tych M\u0142odziank\u00f3w, M\u0119czennik\u00f3w,<\/b><\/span><\/span><\/span><\/p>\n<p align=\"justify\"><span style=\"color: #000000;\"><span style=\"font-family: Book Antiqua, serif;\"><span style=\"font-size: large;\"><b>28 grudnia 2021.,<\/b><\/span><\/span><\/span><\/p>\n<p align=\"justify\"><span style=\"color: #000000;\"><span style=\"font-family: Book Antiqua, serif;\"><span style=\"font-size: large;\"><b>do czyta\u0144 z t. VI Lekcjonarza: 1 J 1,5\u20132,2; Mt 2,13\u201318<\/b><\/span><\/span><\/span><\/p>\n<p align=\"justify\">\n<p align=\"justify\">\n<p align=\"justify\">\n<p align=\"justify\">\n<p align=\"justify\">\n<p align=\"justify\"><span style=\"color: #000000;\"><span style=\"font-family: Book Antiqua, serif;\"><span style=\"font-size: large;\"><b>CZYTANIE Z PIERWSZEGO LISTU \u015aWI\u0118TEGO JANA APOSTO\u0141A: <\/b><\/span><\/span><\/span><\/p>\n<p align=\"justify\"><span style=\"color: #000000;\"><span style=\"font-family: Book Antiqua, serif;\"><span style=\"font-size: large;\"><b>Umi\u0142owani: Nowina, kt\u00f3r\u0105 us\u0142yszeli\u015bmy od Jezusa Chrystusa i kt\u00f3r\u0105 wam g\u0142osimy, jest taka: B\u00f3g jest \u015bwiat\u0142o\u015bci\u0105, a nie ma w Nim \u017cadnej ciemno\u015bci. Je\u017celi m\u00f3wimy, \u017ce mamy z Nim wsp\u00f3\u0142uczestnictwo, a chodzimy w ciemno\u015bci, k\u0142amiemy i nie post\u0119pujemy zgodnie z prawd\u0105. Je\u017celi za\u015b chodzimy w \u015bwiat\u0142o\u015bci, tak jak On sam trwa w \u015bwiat\u0142o\u015bci, wtedy mamy jedni z drugimi wsp\u00f3\u0142uczestnictwo, a krew Jezusa, Syna Jego, oczyszcza nas z wszelkiego grzechu. <\/b><\/span><\/span><\/span><\/p>\n<p align=\"justify\"><span style=\"color: #000000;\"><span style=\"font-family: Book Antiqua, serif;\"><span style=\"font-size: large;\"><b>Je\u015bli m\u00f3wimy, \u017ce nie mamy grzechu, to samych siebie oszukujemy i nie ma w nas prawdy. Je\u017celi wyznajemy nasze grzechy, B\u00f3g b\u0119d\u0105c wiernym i sprawiedliwym odpu\u015bci je nam i oczy\u015bci nas z wszelkiej nieprawo\u015bci. Je\u015bli powiemy, \u017ce nie zgrzeszyli\u015bmy, czynimy Go k\u0142amc\u0105 i nie ma w nas Jego nauki. <\/b><\/span><\/span><\/span><\/p>\n<p align=\"justify\"><span style=\"color: #000000;\"><span style=\"font-family: Book Antiqua, serif;\"><span style=\"font-size: large;\"><b>Dzieci moje, pisz\u0119 wam to dlatego, \u017ceby\u015bcie nie grzeszyli. Je\u015bliby nawet kto\u015b zgrzeszy\u0142, mamy Rzecznika wobec Ojca, Jezusa Chrystusa sprawiedliwego. On bowiem jest ofiar\u0105 przeb\u0142agaln\u0105 za nasze grzechy, i nie tylko za nasze, lecz r\u00f3wnie\u017c za grzechy ca\u0142ego \u015bwiata.<\/b><\/span><\/span><\/span><\/p>\n<p align=\"justify\">\n<p align=\"justify\">\n<p align=\"justify\">\n<p align=\"justify\">\n<p align=\"justify\">\n<p align=\"justify\"><span style=\"color: #000000;\"><span style=\"font-family: Book Antiqua, serif;\"><span style=\"font-size: large;\"><b>S\u0141OWA EWANGELII WED\u0141UG \u015aWI\u0118TEGO MATEUSZA: <\/b><\/span><\/span><\/span><\/p>\n<p align=\"justify\"><span style=\"color: #000000;\"><span style=\"font-family: Book Antiqua, serif;\"><span style=\"font-size: large;\"><b>Gdy M\u0119drcy odjechali, oto anio\u0142 Pa\u0144ski ukaza\u0142 si\u0119 J\u00f3zefowi we \u015bnie i rzek\u0142: \u201eWsta\u0144, we\u017a Dzieci\u0119 i Jego Matk\u0119 i uchod\u017a do Egiptu; pozosta\u0144 tam, a\u017c ci powiem; bo Herod b\u0119dzie szuka\u0142 Dzieci\u0119cia, aby Je zg\u0142adzi\u0107\u201d. <\/b><\/span><\/span><\/span><\/p>\n<p align=\"justify\"><span style=\"color: #000000;\"><span style=\"font-family: Book Antiqua, serif;\"><span style=\"font-size: large;\"><b>On wsta\u0142, wzi\u0105\u0142 w nocy Dzieci\u0119 i Jego Matk\u0119 i uda\u0142 si\u0119 do Egiptu; tam pozosta\u0142 a\u017c do \u015bmierci Heroda. Tak mia\u0142o si\u0119 spe\u0142ni\u0107 s\u0142owo, kt\u00f3re Pan powiedzia\u0142 przez Proroka: \u201eZ Egiptu wezwa\u0142em Syna mego\u201d. <\/b><\/span><\/span><\/span><\/p>\n<p align=\"justify\"><span style=\"color: #000000;\"><span style=\"font-family: Book Antiqua, serif;\"><span style=\"font-size: large;\"><b>Wtedy Herod widz\u0105c, \u017ce go M\u0119drcy zawiedli, wpad\u0142 w straszny gniew. Pos\u0142a\u0142 oprawc\u00f3w do Betlejem i ca\u0142ej okolicy i kaza\u0142 pozabija\u0107 wszystkich ch\u0142opc\u00f3w w wieku do dw\u00f3ch lat, stosownie do czasu, o kt\u00f3rym si\u0119 dowiedzia\u0142 od M\u0119drc\u00f3w. <\/b><\/span><\/span><\/span><\/p>\n<p align=\"justify\"><span style=\"color: #000000;\"><span style=\"font-family: Book Antiqua, serif;\"><span style=\"font-size: large;\"><b>Wtedy spe\u0142ni\u0142y si\u0119 s\u0142owa proroka Jeremiasza: \u201eKrzyk us\u0142yszano w Rama, p\u0142acz i j\u0119k wielki. Rachel op\u0142akuje swe dzieci i nie chce utuli\u0107 si\u0119 w \u017calu, bo ich ju\u017c nie ma\u201d.<\/b><\/span><\/span><\/span><\/p>\n<p align=\"justify\">\n<p align=\"justify\">\n<p align=\"justify\">\n<p align=\"justify\">\n<p align=\"justify\">\n<p align=\"center\"><span style=\"color: #000000;\"><span style=\"font-size: large;\"><b><span style=\"font-family: Book Antiqua, serif;\">A OTO S\u0141\u00d3WKO ANI:<\/span><\/b><\/span><\/span><\/p>\n<p align=\"center\">\n<p align=\"center\">\n<p align=\"center\">\n<p align=\"center\">\n<p align=\"center\">\n<p align=\"justify\"><span style=\"color: #000000;\"><span style=\"font-family: Book Antiqua, serif;\"><span style=\"font-size: large;\">Rozeznawanie, znajdowanie swojej drogi w \u017cyciu, nawracanie si\u0119, s\u0105 to rzeczy dotycz\u0105ce ka\u017cdej i ka\u017cdego z nas w spos\u00f3b bardzo osobisty; b\u0119d\u0105ce nasz\u0105 ludzk\u0105 codzienno\u015bci\u0105. Dzisiaj, kr\u00f3tko po \u015awi\u0119tach, Pan wzywa nas do powstania ze \u015bwi\u0105tecznego odpoczynku, do walki o niebo dla siebie i naszych bliskich \u2013 ludzi z kt\u00f3rymi przebywamy, \u017cyjemy, dzielimy to, co trudne, a nawet z\u0142e, i to, co dobre i radosne w \u017cyciu.<\/span><\/span><\/span><\/p>\n<p align=\"justify\"><span style=\"color: #000000;\"><span style=\"font-family: Book Antiqua, serif;\"><span style=\"font-size: large;\">\u015aw. Jan w swoim Li\u015bcie zwraca uwag\u0119 na dwie wa\u017cne rzeczy: jedn\u0105, bezpo\u015brednio zale\u017c\u0105c\u0105 od cz\u0142owieka, jego postawy, poznania samego siebie, ale r\u00f3wnie\u017c pokory i odwagi. Chodzi o umiej\u0119tno\u015b\u0107 przyznawania si\u0119 do swoich b\u0142\u0119d\u00f3w<i>. <\/i><i><b>Je\u017celi wyznajemy nasze grzechy, B\u00f3g b\u0119d\u0105c wiernym i sprawiedliwym odpu\u015bci je nam i oczy\u015bci nas z wszelkiej nieprawo\u015bci.<\/b><\/i> <\/span><\/span><\/span><\/p>\n<p align=\"justify\"><span style=\"color: #000000;\"><span style=\"font-family: Book Antiqua, serif;\"><span style=\"font-size: large;\">Jasne jest, \u017ce cz\u0142owiek nie jest w stanie by\u0107 idealny i bez skazy. Jest on istot\u0105 niedoskona\u0142\u0105, pe\u0142n\u0105 r\u00f3\u017cnych przywar i pokus, z kt\u00f3rymi walczy z r\u00f3\u017cnym skutkiem. O jego wielko\u015bci decyduje cz\u0119sto to, czy potrafi przed samym sob\u0105 przyzna\u0107: \u201eNie jestem niezast\u0105piony, nie robi\u0119 wszystkiego najlepiej, pope\u0142ni\u0142em i pope\u0142niam wiele b\u0142\u0119d\u00f3w\u201d. <\/span><\/span><\/span><\/p>\n<p align=\"justify\"><span style=\"color: #000000;\"><span style=\"font-family: Book Antiqua, serif;\"><span style=\"font-size: large;\">Drug\u0105 rzecz\u0105 jest \u015bwiadomo\u015b\u0107 troski Boga o nas i \u017ce On nas kocha bez wzgl\u0119du na rozmiary g\u0142upoty, kt\u00f3r\u0105 zdarzy si\u0119 nam pope\u0142ni\u0107; jest naszym Adwokatem \u2013 bez wzgl\u0119du nawet na to, w jak beznadziej\u0119 sprawy mogliby\u015bmy si\u0119 wpl\u0105ta\u0107<\/span><\/span><\/span><\/p>\n<p align=\"justify\"><span style=\"color: #000000;\"><span style=\"font-family: Book Antiqua, serif;\"><span style=\"font-size: large;\">Fragment z dzisiejszej Ewangelii m\u00f3wi o jeszcze jednej, wa\u017cnej cesze cz\u0142owieka, a mianowicie o wra\u017cliwo\u015bci na komunikaty, dawane przez Boga. Dla ka\u017cdego z nas wa\u017cne jest aby ws\u0142uchiwa\u0107 si\u0119 w s\u0142owo Bo\u017ce \u2013 w to, co m\u00f3wi nam sam Najwy\u017cszy. Daje nam wskaz\u00f3wki, wsparcie, chroni, stawia wyzwania. Bez tej wra\u017cliwo\u015bci nie poznamy zamys\u0142u Boga wobec nas, b\u0119dziemy si\u0119 wi\u0119c porusza\u0107 w \u017cyciu jak dzieci we mgle, niepewne ka\u017cdego kroku w niebezpiecznym \u015bwiecie.<\/span><\/span><\/span><\/p>\n<p align=\"justify\"><span style=\"color: #000000;\"><span style=\"font-family: Book Antiqua, serif;\"><span style=\"font-size: large;\">Prosto po \u015awi\u0119tach Pan wzywa nas do pracy nad sob\u0105, aby\u015bmy si\u0119 rozwijali, byli lepszymi lud\u017ami. Czy podejmiemy to wyzwanie?&#8230;<\/span><\/span><\/span><\/p>\n","protected":false},"excerpt":{"rendered":"<p>Szcz\u0119\u015b\u0107 Bo\u017ce! Moi Drodzy, w dniu dzisiejszym imieniny prze\u017cywa Ojciec Cezary Szcze\u015bniak, kapucyn, nale\u017c\u0105cy w swoim czasie do jednej z moich m\u0142odzie\u017cowych Wsp\u00f3lnot. \u017bycz\u0119 Solenizantowi post\u0119powania przez ca\u0142e \u017cycie tylko drog\u0105 \u015bwiat\u0142o\u015bci. I zapewniam o modlitwie! A ja ju\u017c od wczoraj jestem w Kodniu, gdzie zamierzam \u201epomieszka\u0107\u201d do Sylwestra. Oczywi\u015bcie, b\u0119d\u0119 normalnie funkcjonowa\u0142 \u2013 to [&hellip;]<\/p>\n","protected":false},"author":1,"featured_media":0,"comment_status":"open","ping_status":"open","sticky":false,"template":"","format":"standard","meta":{"jetpack_post_was_ever_published":false,"_jetpack_newsletter_access":"","_jetpack_dont_email_post_to_subs":false,"_jetpack_newsletter_tier_id":0,"_jetpack_memberships_contains_paywalled_content":false,"_jetpack_memberships_contains_paid_content":false,"footnotes":""},"categories":[1],"tags":[],"class_list":["post-19991","post","type-post","status-publish","format-standard","hentry","category-bez-kategorii"],"yoast_head":"<!-- This site is optimized with the Yoast SEO plugin v25.1 - https:\/\/yoast.com\/wordpress\/plugins\/seo\/ -->\n<title>P\u0142acz i j\u0119k wielki... - Gaudium Et Spes<\/title>\n<meta name=\"robots\" content=\"index, follow, max-snippet:-1, max-image-preview:large, max-video-preview:-1\" \/>\n<link rel=\"canonical\" href=\"https:\/\/gaudiumetspes-blog.pl\/index.php\/2021\/12\/28\/placz-i-jek-wielki\/\" \/>\n<meta property=\"og:locale\" content=\"pl_PL\" \/>\n<meta property=\"og:type\" content=\"article\" \/>\n<meta property=\"og:title\" content=\"P\u0142acz i j\u0119k wielki... - Gaudium Et Spes\" \/>\n<meta property=\"og:description\" content=\"Szcz\u0119\u015b\u0107 Bo\u017ce! Moi Drodzy, w dniu dzisiejszym imieniny prze\u017cywa Ojciec Cezary Szcze\u015bniak, kapucyn, nale\u017c\u0105cy w swoim czasie do jednej z moich m\u0142odzie\u017cowych Wsp\u00f3lnot. \u017bycz\u0119 Solenizantowi post\u0119powania przez ca\u0142e \u017cycie tylko drog\u0105 \u015bwiat\u0142o\u015bci. I zapewniam o modlitwie! A ja ju\u017c od wczoraj jestem w Kodniu, gdzie zamierzam \u201epomieszka\u0107\u201d do Sylwestra. Oczywi\u015bcie, b\u0119d\u0119 normalnie funkcjonowa\u0142 \u2013 to [&hellip;]\" \/>\n<meta property=\"og:url\" content=\"https:\/\/gaudiumetspes-blog.pl\/index.php\/2021\/12\/28\/placz-i-jek-wielki\/\" \/>\n<meta property=\"og:site_name\" content=\"Gaudium Et Spes\" \/>\n<meta property=\"article:published_time\" content=\"2021-12-28T05:18:06+00:00\" \/>\n<meta name=\"author\" content=\"Ks. Jacek\" \/>\n<meta name=\"twitter:card\" content=\"summary_large_image\" \/>\n<meta name=\"twitter:label1\" content=\"Napisane przez\" \/>\n\t<meta name=\"twitter:data1\" content=\"Ks. Jacek\" \/>\n\t<meta name=\"twitter:label2\" content=\"Szacowany czas czytania\" \/>\n\t<meta name=\"twitter:data2\" content=\"5 minut\" \/>\n<script type=\"application\/ld+json\" class=\"yoast-schema-graph\">{\"@context\":\"https:\/\/schema.org\",\"@graph\":[{\"@type\":\"WebPage\",\"@id\":\"https:\/\/gaudiumetspes-blog.pl\/index.php\/2021\/12\/28\/placz-i-jek-wielki\/\",\"url\":\"https:\/\/gaudiumetspes-blog.pl\/index.php\/2021\/12\/28\/placz-i-jek-wielki\/\",\"name\":\"P\u0142acz i j\u0119k wielki... - Gaudium Et Spes\",\"isPartOf\":{\"@id\":\"https:\/\/gaudiumetspes-blog.pl\/#website\"},\"datePublished\":\"2021-12-28T05:18:06+00:00\",\"author\":{\"@id\":\"https:\/\/gaudiumetspes-blog.pl\/#\/schema\/person\/1661982992b752dea8dff0d4ed845a65\"},\"breadcrumb\":{\"@id\":\"https:\/\/gaudiumetspes-blog.pl\/index.php\/2021\/12\/28\/placz-i-jek-wielki\/#breadcrumb\"},\"inLanguage\":\"pl-PL\",\"potentialAction\":[{\"@type\":\"ReadAction\",\"target\":[\"https:\/\/gaudiumetspes-blog.pl\/index.php\/2021\/12\/28\/placz-i-jek-wielki\/\"]}]},{\"@type\":\"BreadcrumbList\",\"@id\":\"https:\/\/gaudiumetspes-blog.pl\/index.php\/2021\/12\/28\/placz-i-jek-wielki\/#breadcrumb\",\"itemListElement\":[{\"@type\":\"ListItem\",\"position\":1,\"name\":\"Strona g\u0142\u00f3wna\",\"item\":\"https:\/\/gaudiumetspes-blog.pl\/\"},{\"@type\":\"ListItem\",\"position\":2,\"name\":\"P\u0142acz i&nbsp;j\u0119k wielki&#8230;\"}]},{\"@type\":\"WebSite\",\"@id\":\"https:\/\/gaudiumetspes-blog.pl\/#website\",\"url\":\"https:\/\/gaudiumetspes-blog.pl\/\",\"name\":\"Gaudium Et Spes\",\"description\":\"Blog Ks. Jacka Ja\u015bkowskiego\",\"potentialAction\":[{\"@type\":\"SearchAction\",\"target\":{\"@type\":\"EntryPoint\",\"urlTemplate\":\"https:\/\/gaudiumetspes-blog.pl\/?s={search_term_string}\"},\"query-input\":{\"@type\":\"PropertyValueSpecification\",\"valueRequired\":true,\"valueName\":\"search_term_string\"}}],\"inLanguage\":\"pl-PL\"},{\"@type\":\"Person\",\"@id\":\"https:\/\/gaudiumetspes-blog.pl\/#\/schema\/person\/1661982992b752dea8dff0d4ed845a65\",\"name\":\"Ks. Jacek\",\"image\":{\"@type\":\"ImageObject\",\"inLanguage\":\"pl-PL\",\"@id\":\"https:\/\/gaudiumetspes-blog.pl\/#\/schema\/person\/image\/\",\"url\":\"https:\/\/gaudiumetspes-blog.pl\/wp-content\/uploads\/2019\/07\/avatar-JJ-150x150.jpg\",\"contentUrl\":\"https:\/\/gaudiumetspes-blog.pl\/wp-content\/uploads\/2019\/07\/avatar-JJ-150x150.jpg\",\"caption\":\"Ks. Jacek\"},\"description\":\"Witam serdecznie! K\u0142ania si\u0119 Ks. Jacek Ja\u015bkowski. Nie jestem ani kim\u015b wa\u017cnym, ani kim\u015b znanym. Jestem ksi\u0119dzem, kt\u00f3ry po prostu chce rozmawia\u0107. Codzienna kap\u0142a\u0144ska pos\u0142uga pokazuje mi, \u017ce temat\u00f3w do rozm\u00f3w z ksi\u0119dzem jest coraz wi\u0119cej i dzisiaj \u017caden ksi\u0105dz nie mo\u017ce od nich ucieka\u0107, ale - wprost przeciwnie - podejmowa\u0107 nowe wyzwania. To przekonanie sk\u0142oni\u0142o mnie do pr\u00f3by otwarcia tego\u017c bloga, chocia\u017c okazji do rozm\u00f3w na co dzie\u0144 - w konfesjonale i poza nim - na szcz\u0119\u015bcie nie brakuje. My\u015bl\u0119 jednak, \u017ce ten blog b\u0119dzie jeszcze jednym sposobem i przestrzeni\u0105 nawi\u0105zania kontaktu z lud\u017ami dobrej woli, otwartymi na dialog.\",\"url\":\"https:\/\/gaudiumetspes-blog.pl\/index.php\/author\/ks-jacek\/\"}]}<\/script>\n<!-- \/ Yoast SEO plugin. -->","yoast_head_json":{"title":"P\u0142acz i j\u0119k wielki... - Gaudium Et Spes","robots":{"index":"index","follow":"follow","max-snippet":"max-snippet:-1","max-image-preview":"max-image-preview:large","max-video-preview":"max-video-preview:-1"},"canonical":"https:\/\/gaudiumetspes-blog.pl\/index.php\/2021\/12\/28\/placz-i-jek-wielki\/","og_locale":"pl_PL","og_type":"article","og_title":"P\u0142acz i j\u0119k wielki... - Gaudium Et Spes","og_description":"Szcz\u0119\u015b\u0107 Bo\u017ce! Moi Drodzy, w dniu dzisiejszym imieniny prze\u017cywa Ojciec Cezary Szcze\u015bniak, kapucyn, nale\u017c\u0105cy w swoim czasie do jednej z moich m\u0142odzie\u017cowych Wsp\u00f3lnot. \u017bycz\u0119 Solenizantowi post\u0119powania przez ca\u0142e \u017cycie tylko drog\u0105 \u015bwiat\u0142o\u015bci. I zapewniam o modlitwie! A ja ju\u017c od wczoraj jestem w Kodniu, gdzie zamierzam \u201epomieszka\u0107\u201d do Sylwestra. Oczywi\u015bcie, b\u0119d\u0119 normalnie funkcjonowa\u0142 \u2013 to [&hellip;]","og_url":"https:\/\/gaudiumetspes-blog.pl\/index.php\/2021\/12\/28\/placz-i-jek-wielki\/","og_site_name":"Gaudium Et Spes","article_published_time":"2021-12-28T05:18:06+00:00","author":"Ks. Jacek","twitter_card":"summary_large_image","twitter_misc":{"Napisane przez":"Ks. Jacek","Szacowany czas czytania":"5 minut"},"schema":{"@context":"https:\/\/schema.org","@graph":[{"@type":"WebPage","@id":"https:\/\/gaudiumetspes-blog.pl\/index.php\/2021\/12\/28\/placz-i-jek-wielki\/","url":"https:\/\/gaudiumetspes-blog.pl\/index.php\/2021\/12\/28\/placz-i-jek-wielki\/","name":"P\u0142acz i j\u0119k wielki... - Gaudium Et Spes","isPartOf":{"@id":"https:\/\/gaudiumetspes-blog.pl\/#website"},"datePublished":"2021-12-28T05:18:06+00:00","author":{"@id":"https:\/\/gaudiumetspes-blog.pl\/#\/schema\/person\/1661982992b752dea8dff0d4ed845a65"},"breadcrumb":{"@id":"https:\/\/gaudiumetspes-blog.pl\/index.php\/2021\/12\/28\/placz-i-jek-wielki\/#breadcrumb"},"inLanguage":"pl-PL","potentialAction":[{"@type":"ReadAction","target":["https:\/\/gaudiumetspes-blog.pl\/index.php\/2021\/12\/28\/placz-i-jek-wielki\/"]}]},{"@type":"BreadcrumbList","@id":"https:\/\/gaudiumetspes-blog.pl\/index.php\/2021\/12\/28\/placz-i-jek-wielki\/#breadcrumb","itemListElement":[{"@type":"ListItem","position":1,"name":"Strona g\u0142\u00f3wna","item":"https:\/\/gaudiumetspes-blog.pl\/"},{"@type":"ListItem","position":2,"name":"P\u0142acz i&nbsp;j\u0119k wielki&#8230;"}]},{"@type":"WebSite","@id":"https:\/\/gaudiumetspes-blog.pl\/#website","url":"https:\/\/gaudiumetspes-blog.pl\/","name":"Gaudium Et Spes","description":"Blog Ks. Jacka Ja\u015bkowskiego","potentialAction":[{"@type":"SearchAction","target":{"@type":"EntryPoint","urlTemplate":"https:\/\/gaudiumetspes-blog.pl\/?s={search_term_string}"},"query-input":{"@type":"PropertyValueSpecification","valueRequired":true,"valueName":"search_term_string"}}],"inLanguage":"pl-PL"},{"@type":"Person","@id":"https:\/\/gaudiumetspes-blog.pl\/#\/schema\/person\/1661982992b752dea8dff0d4ed845a65","name":"Ks. Jacek","image":{"@type":"ImageObject","inLanguage":"pl-PL","@id":"https:\/\/gaudiumetspes-blog.pl\/#\/schema\/person\/image\/","url":"https:\/\/gaudiumetspes-blog.pl\/wp-content\/uploads\/2019\/07\/avatar-JJ-150x150.jpg","contentUrl":"https:\/\/gaudiumetspes-blog.pl\/wp-content\/uploads\/2019\/07\/avatar-JJ-150x150.jpg","caption":"Ks. Jacek"},"description":"Witam serdecznie! K\u0142ania si\u0119 Ks. Jacek Ja\u015bkowski. Nie jestem ani kim\u015b wa\u017cnym, ani kim\u015b znanym. Jestem ksi\u0119dzem, kt\u00f3ry po prostu chce rozmawia\u0107. Codzienna kap\u0142a\u0144ska pos\u0142uga pokazuje mi, \u017ce temat\u00f3w do rozm\u00f3w z ksi\u0119dzem jest coraz wi\u0119cej i dzisiaj \u017caden ksi\u0105dz nie mo\u017ce od nich ucieka\u0107, ale - wprost przeciwnie - podejmowa\u0107 nowe wyzwania. To przekonanie sk\u0142oni\u0142o mnie do pr\u00f3by otwarcia tego\u017c bloga, chocia\u017c okazji do rozm\u00f3w na co dzie\u0144 - w konfesjonale i poza nim - na szcz\u0119\u015bcie nie brakuje. My\u015bl\u0119 jednak, \u017ce ten blog b\u0119dzie jeszcze jednym sposobem i przestrzeni\u0105 nawi\u0105zania kontaktu z lud\u017ami dobrej woli, otwartymi na dialog.","url":"https:\/\/gaudiumetspes-blog.pl\/index.php\/author\/ks-jacek\/"}]}},"jetpack_featured_media_url":"","jetpack_sharing_enabled":true,"_links":{"self":[{"href":"https:\/\/gaudiumetspes-blog.pl\/index.php\/wp-json\/wp\/v2\/posts\/19991","targetHints":{"allow":["GET"]}}],"collection":[{"href":"https:\/\/gaudiumetspes-blog.pl\/index.php\/wp-json\/wp\/v2\/posts"}],"about":[{"href":"https:\/\/gaudiumetspes-blog.pl\/index.php\/wp-json\/wp\/v2\/types\/post"}],"author":[{"embeddable":true,"href":"https:\/\/gaudiumetspes-blog.pl\/index.php\/wp-json\/wp\/v2\/users\/1"}],"replies":[{"embeddable":true,"href":"https:\/\/gaudiumetspes-blog.pl\/index.php\/wp-json\/wp\/v2\/comments?post=19991"}],"version-history":[{"count":1,"href":"https:\/\/gaudiumetspes-blog.pl\/index.php\/wp-json\/wp\/v2\/posts\/19991\/revisions"}],"predecessor-version":[{"id":19992,"href":"https:\/\/gaudiumetspes-blog.pl\/index.php\/wp-json\/wp\/v2\/posts\/19991\/revisions\/19992"}],"wp:attachment":[{"href":"https:\/\/gaudiumetspes-blog.pl\/index.php\/wp-json\/wp\/v2\/media?parent=19991"}],"wp:term":[{"taxonomy":"category","embeddable":true,"href":"https:\/\/gaudiumetspes-blog.pl\/index.php\/wp-json\/wp\/v2\/categories?post=19991"},{"taxonomy":"post_tag","embeddable":true,"href":"https:\/\/gaudiumetspes-blog.pl\/index.php\/wp-json\/wp\/v2\/tags?post=19991"}],"curies":[{"name":"wp","href":"https:\/\/api.w.org\/{rel}","templated":true}]}}