{"id":19999,"date":"2021-12-31T05:33:42","date_gmt":"2021-12-31T04:33:42","guid":{"rendered":"https:\/\/gaudiumetspes-blog.pl\/?p=19999"},"modified":"2021-12-30T13:17:27","modified_gmt":"2021-12-30T12:17:27","slug":"byla-swiatlosc-prawdziwa","status":"publish","type":"post","link":"https:\/\/gaudiumetspes-blog.pl\/index.php\/2021\/12\/31\/byla-swiatlosc-prawdziwa\/","title":{"rendered":"By\u0142a \u015awiat\u0142o\u015b\u0107 prawdziwa&#8230;"},"content":{"rendered":"<p align=\"justify\"><span style=\"color: #000000;\"><span style=\"font-family: Book Antiqua, serif;\"><span style=\"font-size: large;\">Szcz\u0119\u015b\u0107 Bo\u017ce! Moi Drodzy, w dniu dzisiejszym<b> imieniny obchodz\u0105: <\/b><\/span><\/span><\/span><\/p>\n<p align=\"justify\"><span style=\"color: #000000;\">\u25ba<span style=\"font-family: Book Antiqua, serif;\"><span style=\"font-size: large;\"><b>Ksi\u0105dz Sylwester Fr\u0105c, Proboszcz Parafii w Wojcieszkowie, gdzie przez pewien czas, w <\/b><b>trakcie<\/b><b> studi\u00f3w, mieszka\u0142em i pomaga\u0142em duszpastersko; <\/b><\/span><\/span><\/span><\/p>\n<p align=\"justify\"><span style=\"color: #000000;\">\u25ba<span style=\"font-family: Book Antiqua, serif;\"><span style=\"font-size: large;\"><b>Sylwester Biernacki z \u017belechowa, kt\u00f3ry wozi\u0142 nas swoim autokarem na wyjazdy do Szklarskiej Por\u0119by \u2013 i <\/b><b>w r\u00f3\u017cne inne miejsca<\/b><b>. <\/b><\/span><\/span><\/span><\/p>\n<p align=\"justify\"><span style=\"color: #000000;\"><span style=\"font-family: Book Antiqua, serif;\"><span style=\"font-size: large;\"><b>U<\/b><b>rodziny natomiast prze\u017cywa Ojciec Edgar Semeniuk, Gwardian i Proboszcz Parafii franciszka\u0144skiej w Opatowie, gdzie \u2013 w\u0142a\u015bnie na Jego zaproszenie \u2013 mia\u0142em zaszczyt sprawowa\u0107 celebrowa\u0107 r\u00f3\u017cne uroczysto\u015bci i g\u0142osi\u0107 Bo\u017ce s\u0142owo. <\/b><\/span><\/span><\/span><\/p>\n<p align=\"justify\"><span style=\"color: #000000;\"><span style=\"font-family: Book Antiqua, serif;\"><span style=\"font-size: large;\"><b>\u017bycz\u0119 Dostojnym Solenizantom wszelkich Bo\u017cych \u015bwiate\u0142 i pomocy w realizacji Jego woli w Ich \u017cyciu. <\/b><b>Zapewniam o modlitwie!<\/b><\/span><\/span><\/span><\/p>\n<p align=\"justify\"><span style=\"color: #000000;\"><span style=\"font-family: Book Antiqua, serif;\"><span style=\"font-size: large;\">Moi Drodzy, w dniu dzisiejszym, za wsp\u00f3lne od\u015bpiewanie w ko\u015bciele lub kaplicy hymnu \u201eCiebie Boga wys\u0142awiamy\u201d, mo\u017cna uzyska\u0107 odpust zupe\u0142ny. Zach\u0119cam do tego! By\u0107 mo\u017ce, b\u0119dzie to \u0142atwiej osi\u0105gn\u0105\u0107, je\u015bli si\u0119 we\u017amie udzia\u0142 we Mszy \u015awi\u0119tej ko\u0144cz\u0105cej rok, kt\u00f3ra na pewno w ka\u017cdej naszej Parafii b\u0119dzie dzi\u015b sprawowana. Naprawd\u0119 warto \u2013 tak ze wzgl\u0119du na odpust, jak i ze wzgl\u0119du na potrzeb\u0119 podzi\u0119kowania Bogu za ten czas, kt\u00f3ry nam podarowa\u0142. Nawet za tak trudny czas, kt\u00f3ry jednak by\u0142 czasem dzia\u0142ania Jego \u0142aski i opieki nad nami!<\/span><\/span><\/span><\/p>\n<p align=\"justify\"><span style=\"color: #000000;\"><span style=\"font-family: Book Antiqua, serif;\"><span style=\"font-size: large;\">Dzi\u015b tak\u017ce, w Diecezji siedleckiej, przys\u0142uguje dyspensa Ksi\u0119dza Biskupa Kazimierza Gurdy, Pasterza naszej Diecezji, od pi\u0105tkowej wstrzemi\u0119\u017aliwo\u015bci od pokarm\u00f3w mi\u0119snych. Pami\u0119tajmy, aby zast\u0105pi\u0107 t\u0119 wstrzemi\u0119\u017aliwo\u015b\u0107 jak\u0105\u015b modlitw\u0105 w intencjach Ko\u015bcio\u0142a, albo dobrym uczynkiem. My\u015bl\u0119, \u017ce w wi\u0119kszo\u015bci polskich Diecezji takie dyspensy zosta\u0142y udzielone.<\/span><\/span><\/span><\/p>\n<p align=\"justify\"><span style=\"color: #000000;\"><span style=\"font-family: Book Antiqua, serif;\"><span style=\"font-size: large;\">Moi Drodzy, pami\u0119tam o Was w modlitwie tutaj, w Kodniu \u2013 i w czasie Mszy \u015awi\u0119tej, i w chwilach osobistej rozmowy z Matk\u0105 przed Jej Obrazem, i w czasie nocnych rozm\u00f3w z Panem naszym w Kaplicy domowej\u2026 Ogarniam modlitw\u0105 Was i Wasze sprawy. <\/span><\/span><\/span><\/p>\n<p align=\"justify\"><span style=\"color: #000000;\"><span style=\"font-family: Book Antiqua, serif;\"><span style=\"font-size: large;\">Dzisiaj ju\u017c ko\u0144cz\u0119 sw\u00f3j pobyt, ale zapewne nied\u0142ugo znowu tu przyjad\u0119\u2026 <\/span><\/span><\/span><\/p>\n<p align=\"justify\"><span style=\"color: #000000;\"><span style=\"font-family: Book Antiqua, serif;\"><span style=\"font-size: large;\">Natomiast o p\u00f3\u0142nocy, w moim O\u015brodku Duszpasterstwa Akademickiego w Siedlcach, odprawi\u0119 Msz\u0119 \u015awi\u0119t\u0105 na powitanie Nowego Roku. Nie jest to zwi\u0105zane z \u017cadn\u0105 imprez\u0105 sylwestrow\u0105, bo przed laty tak to si\u0119 w\u0142a\u015bnie odbywa\u0142o: by\u0142o spotkanie m\u0142odzie\u017cowe, w trakcie kt\u00f3rego, o p\u00f3\u0142nocy, sprawowali\u015bmy Msz\u0119 \u015awi\u0119t\u0105 na rozpocz\u0119cie roku. Ja natomiast zamierzam po prostu odprawi\u0107 Msz\u0119 \u015awi\u0119t\u0105 \u2013 dla tych, kt\u00f3rzy przyjd\u0105. A przyjd\u0105, kt\u00f3rzy chc\u0105. Ot, tak, po prostu\u2026 Na pewno, jest to w naszym O\u015brodku pewne novum \u2013 w ostatnich latach takiej Mszy \u015awi\u0119tej noworocznej nie by\u0142o.<\/span><\/span><\/span><\/p>\n<p align=\"justify\"><span style=\"color: #000000;\"><span style=\"font-family: Book Antiqua, serif;\"><span style=\"font-size: large;\">Tymczasem jutro \u2013 jak nakazuje \u015bwi\u0119ta tradycja ojc\u00f3w, dziad\u00f3w i pradziad\u00f3w, babek i prababek \u2013 w nowy rok wprowadzi nas s\u0142\u00f3wko z Syberii!<\/span><\/span><\/span><\/p>\n<p align=\"justify\"><span style=\"color: #000000;\"><span style=\"font-family: Book Antiqua, serif;\"><span style=\"font-size: large;\">A teraz ju\u017c zapraszam do pochylenia si\u0119 nad s\u0142owem Bo\u017cym dzisiejszej liturgii, do kt\u00f3rego s\u0142\u00f3wko przygotowa\u0142 ponownie Ksi\u0105dz Leszek. Ponownie \u2013 wielkie dzi\u0119ki za to!<\/span><\/span><\/span><\/p>\n<p align=\"justify\"><span style=\"color: #000000;\"><span style=\"font-family: Book Antiqua, serif;\"><span style=\"font-size: large;\">Zatem, <b>co konkretnie m\u00f3wi dzi\u015b do mnie Pan? Z jakim osobistym przes\u0142aniem do mnie si\u0119 zwraca?<\/b> Duchu \u015awi\u0119ty, podpowiedz\u2026<\/span><\/span><\/span><\/p>\n<p align=\"justify\"><span style=\"color: #000000;\"><span style=\"font-family: Book Antiqua, serif;\"><span style=\"font-size: large;\">Na g\u0142\u0119bokie prze\u017cywanie dzisiejszego dnia i wielkiego dzi\u0119kczynienia Bogu \u2013 <b>niech Was b\u0142ogos\u0142awi B\u00f3g Wszechmog\u0105cy: Ojciec + i Syn, i Duch \u015awi\u0119ty. Amen<\/b><\/span><\/span><\/span><\/p>\n<p align=\"center\"><span style=\"color: #000000;\"><span style=\"font-family: Book Antiqua, serif;\"><span style=\"font-size: large;\">Gaudium et spes! Ks. Jacek<\/span><\/span><\/span><\/p>\n<p align=\"center\">\n<p align=\"center\">\n<p align=\"center\">\n<p align=\"center\">\n<p align=\"center\">\n<p align=\"justify\"><span style=\"color: #000000;\"><span style=\"font-family: Book Antiqua, serif;\"><span style=\"font-size: large;\"><b>7 dzie\u0144 w Oktawie Narodzenia Pa\u0144skiego,<\/b><\/span><\/span><\/span><\/p>\n<p align=\"justify\"><span style=\"color: #000000;\"><span style=\"font-family: Book Antiqua, serif;\"><span style=\"font-size: large;\"><b>31 grudnia 2021.,<\/b><\/span><\/span><\/span><\/p>\n<p align=\"justify\"><span style=\"color: #000000;\"><span style=\"font-family: Book Antiqua, serif;\"><span style=\"font-size: large;\"><b>do czyta\u0144: 1 J 2,18\u201321; J 1,1\u201318<\/b><\/span><\/span><\/span><\/p>\n<p align=\"justify\">\n<p align=\"justify\">\n<p align=\"justify\">\n<p align=\"justify\">\n<p align=\"justify\">\n<p align=\"justify\"><span style=\"color: #000000;\"><span style=\"font-family: Book Antiqua, serif;\"><span style=\"font-size: large;\"><b>CZYTANIE Z PIERWSZEGO LISTU \u015aWI\u0118TEGO JANA APOSTO\u0141A:<\/b><\/span><\/span><\/span><\/p>\n<p align=\"justify\"><span style=\"color: #000000;\"><span style=\"font-family: Book Antiqua, serif;\"><span style=\"font-size: large;\"><b>Dzieci, jest ju\u017c ostatnia godzina, <\/b><\/span><\/span><\/span><\/p>\n<p align=\"justify\"><span style=\"color: #000000;\"><span style=\"font-family: Book Antiqua, serif;\"><span style=\"font-size: large;\"><b>i tak, jak s\u0142yszeli\u015bcie, Antychryst nadchodzi, <\/b><\/span><\/span><\/span><\/p>\n<p align=\"justify\"><span style=\"color: #000000;\"><span style=\"font-family: Book Antiqua, serif;\"><span style=\"font-size: large;\"><b>bo oto teraz w\u0142a\u015bnie <\/b><\/span><\/span><\/span><\/p>\n<p align=\"justify\"><span style=\"color: #000000;\"><span style=\"font-family: Book Antiqua, serif;\"><span style=\"font-size: large;\"><b>pojawi\u0142o si\u0119 wielu antychryst\u00f3w; <\/b><\/span><\/span><\/span><\/p>\n<p align=\"justify\"><span style=\"color: #000000;\"><span style=\"font-family: Book Antiqua, serif;\"><span style=\"font-size: large;\"><b>st\u0105d poznajemy, \u017ce ju\u017c jest ostatnia godzina. <\/b><\/span><\/span><\/span><\/p>\n<p align=\"justify\"><span style=\"color: #000000;\"><span style=\"font-family: Book Antiqua, serif;\"><span style=\"font-size: large;\"><b>Wyszli oni z nas, lecz nie byli z nas; <\/b><\/span><\/span><\/span><\/p>\n<p align=\"justify\"><span style=\"color: #000000;\"><span style=\"font-family: Book Antiqua, serif;\"><span style=\"font-size: large;\"><b>bo gdyby byli naszego ducha, <\/b><\/span><\/span><\/span><\/p>\n<p align=\"justify\"><span style=\"color: #000000;\"><span style=\"font-family: Book Antiqua, serif;\"><span style=\"font-size: large;\"><b>pozostaliby z nami; <\/b><\/span><\/span><\/span><\/p>\n<p align=\"justify\"><span style=\"color: #000000;\"><span style=\"font-family: Book Antiqua, serif;\"><span style=\"font-size: large;\"><b>a to sta\u0142o si\u0119 po to, aby wysz\u0142o na jaw, <\/b><\/span><\/span><\/span><\/p>\n<p align=\"justify\"><span style=\"color: #000000;\"><span style=\"font-family: Book Antiqua, serif;\"><span style=\"font-size: large;\"><b>\u017ce nie wszyscy s\u0105 naszego ducha. <\/b><\/span><\/span><\/span><\/p>\n<p align=\"justify\"><span style=\"color: #000000;\"><span style=\"font-family: Book Antiqua, serif;\"><span style=\"font-size: large;\"><b>Wy natomiast macie namaszczenie od \u015awi\u0119tego <\/b><\/span><\/span><\/span><\/p>\n<p align=\"justify\"><span style=\"color: #000000;\"><span style=\"font-family: Book Antiqua, serif;\"><span style=\"font-size: large;\"><b>i wszyscy jeste\u015bcie nape\u0142nieni wiedz\u0105. <\/b><\/span><\/span><\/span><\/p>\n<p align=\"justify\"><span style=\"color: #000000;\"><span style=\"font-family: Book Antiqua, serif;\"><span style=\"font-size: large;\"><b>Ja wam nie pisa\u0142em, <\/b><\/span><\/span><\/span><\/p>\n<p align=\"justify\"><span style=\"color: #000000;\"><span style=\"font-family: Book Antiqua, serif;\"><span style=\"font-size: large;\"><b>jakoby\u015bcie nie znali prawdy, <\/b><\/span><\/span><\/span><\/p>\n<p align=\"justify\"><span style=\"color: #000000;\"><span style=\"font-family: Book Antiqua, serif;\"><span style=\"font-size: large;\"><b>lecz \u017ce j\u0105 znacie <\/b><\/span><\/span><\/span><\/p>\n<p align=\"justify\"><span style=\"color: #000000;\"><span style=\"font-family: Book Antiqua, serif;\"><span style=\"font-size: large;\"><b>i \u017ce \u017cadna fa\u0142szywa nauka z prawdy nie pochodzi.<\/b><\/span><\/span><\/span><\/p>\n<p align=\"justify\">\n<p align=\"justify\">\n<p align=\"justify\">\n<p align=\"justify\">\n<p align=\"justify\">\n<p align=\"justify\"><span style=\"color: #000000;\"><span style=\"font-family: Book Antiqua, serif;\"><span style=\"font-size: large;\"><b>S\u0141OWA EWANGELII WED\u0141UG \u015aWI\u0118TEGO JANA:<\/b><\/span><\/span><\/span><\/p>\n<p align=\"justify\"><span style=\"color: #000000;\"><span style=\"font-family: Book Antiqua, serif;\"><span style=\"font-size: large;\"><b>Na pocz\u0105tku by\u0142o S\u0142owo, <\/b><\/span><\/span><\/span><\/p>\n<p align=\"justify\"><span style=\"color: #000000;\"><span style=\"font-family: Book Antiqua, serif;\"><span style=\"font-size: large;\"><b>a S\u0142owo by\u0142o u Boga, <\/b><\/span><\/span><\/span><\/p>\n<p align=\"justify\"><span style=\"color: #000000;\"><span style=\"font-family: Book Antiqua, serif;\"><span style=\"font-size: large;\"><b>i Bogiem by\u0142o S\u0142owo. <\/b><\/span><\/span><\/span><\/p>\n<p align=\"justify\"><span style=\"color: #000000;\"><span style=\"font-family: Book Antiqua, serif;\"><span style=\"font-size: large;\"><b>Ono by\u0142o na pocz\u0105tku u Boga. <\/b><\/span><\/span><\/span><\/p>\n<p align=\"justify\"><span style=\"color: #000000;\"><span style=\"font-family: Book Antiqua, serif;\"><span style=\"font-size: large;\"><b>Wszystko przez Nie si\u0119 sta\u0142o, <\/b><\/span><\/span><\/span><\/p>\n<p align=\"justify\"><span style=\"color: #000000;\"><span style=\"font-family: Book Antiqua, serif;\"><span style=\"font-size: large;\"><b>a bez Niego nic si\u0119 nie sta\u0142o, <\/b><\/span><\/span><\/span><\/p>\n<p align=\"justify\"><span style=\"color: #000000;\"><span style=\"font-family: Book Antiqua, serif;\"><span style=\"font-size: large;\"><b>co si\u0119 sta\u0142o. <\/b><\/span><\/span><\/span><\/p>\n<p align=\"justify\"><span style=\"color: #000000;\"><span style=\"font-family: Book Antiqua, serif;\"><span style=\"font-size: large;\"><b>W Nim by\u0142o \u017cycie, <\/b><\/span><\/span><\/span><\/p>\n<p align=\"justify\"><span style=\"color: #000000;\"><span style=\"font-family: Book Antiqua, serif;\"><span style=\"font-size: large;\"><b>a \u017cycie by\u0142o \u015bwiat\u0142o\u015bci\u0105 ludzi, <\/b><\/span><\/span><\/span><\/p>\n<p align=\"justify\"><span style=\"color: #000000;\"><span style=\"font-family: Book Antiqua, serif;\"><span style=\"font-size: large;\"><b>a \u015bwiat\u0142o\u015b\u0107 w ciemno\u015bci \u015bwieci <\/b><\/span><\/span><\/span><\/p>\n<p align=\"justify\"><span style=\"color: #000000;\"><span style=\"font-family: Book Antiqua, serif;\"><span style=\"font-size: large;\"><b>i ciemno\u015b\u0107 jej nie ogarn\u0119\u0142a. <\/b><\/span><\/span><\/span><\/p>\n<p align=\"justify\"><span style=\"color: #000000;\"><span style=\"font-family: Book Antiqua, serif;\"><span style=\"font-size: large;\"><b>Pojawi\u0142 si\u0119 cz\u0142owiek pos\u0142any przez Boga, <\/b><\/span><\/span><\/span><\/p>\n<p align=\"justify\"><span style=\"color: #000000;\"><span style=\"font-family: Book Antiqua, serif;\"><span style=\"font-size: large;\"><b>Jan mu by\u0142o na imi\u0119. <\/b><\/span><\/span><\/span><\/p>\n<p align=\"justify\"><span style=\"color: #000000;\"><span style=\"font-family: Book Antiqua, serif;\"><span style=\"font-size: large;\"><b>Przyszed\u0142 on na \u015bwiadectwo, <\/b><\/span><\/span><\/span><\/p>\n<p align=\"justify\"><span style=\"color: #000000;\"><span style=\"font-family: Book Antiqua, serif;\"><span style=\"font-size: large;\"><b>aby za\u015bwiadczy\u0107 o \u015bwiat\u0142o\u015bci, <\/b><\/span><\/span><\/span><\/p>\n<p align=\"justify\"><span style=\"color: #000000;\"><span style=\"font-family: Book Antiqua, serif;\"><span style=\"font-size: large;\"><b>by wszyscy uwierzyli przez niego. <\/b><\/span><\/span><\/span><\/p>\n<p align=\"justify\"><span style=\"color: #000000;\"><span style=\"font-family: Book Antiqua, serif;\"><span style=\"font-size: large;\"><b>Nie by\u0142 on \u015bwiat\u0142o\u015bci\u0105, <\/b><\/span><\/span><\/span><\/p>\n<p align=\"justify\"><span style=\"color: #000000;\"><span style=\"font-family: Book Antiqua, serif;\"><span style=\"font-size: large;\"><b>lecz pos\u0142anym, aby za\u015bwiadczy\u0107 o \u015bwiat\u0142o\u015bci. <\/b><\/span><\/span><\/span><\/p>\n<p align=\"justify\"><span style=\"color: #000000;\"><span style=\"font-family: Book Antiqua, serif;\"><span style=\"font-size: large;\"><b>By\u0142a \u015awiat\u0142o\u015b\u0107 prawdziwa, <\/b><\/span><\/span><\/span><\/p>\n<p align=\"justify\"><span style=\"color: #000000;\"><span style=\"font-family: Book Antiqua, serif;\"><span style=\"font-size: large;\"><b>kt\u00f3ra o\u015bwieca ka\u017cdego cz\u0142owieka, <\/b><\/span><\/span><\/span><\/p>\n<p align=\"justify\"><span style=\"color: #000000;\"><span style=\"font-family: Book Antiqua, serif;\"><span style=\"font-size: large;\"><b>gdy na \u015bwiat przychodzi. <\/b><\/span><\/span><\/span><\/p>\n<p align=\"justify\"><span style=\"color: #000000;\"><span style=\"font-family: Book Antiqua, serif;\"><span style=\"font-size: large;\"><b>Na \u015bwiecie by\u0142o S\u0142owo, <\/b><\/span><\/span><\/span><\/p>\n<p align=\"justify\"><span style=\"color: #000000;\"><span style=\"font-family: Book Antiqua, serif;\"><span style=\"font-size: large;\"><b>a \u015bwiat sta\u0142 si\u0119 przez Nie, <\/b><\/span><\/span><\/span><\/p>\n<p align=\"justify\"><span style=\"color: #000000;\"><span style=\"font-family: Book Antiqua, serif;\"><span style=\"font-size: large;\"><b>lecz \u015bwiat Go nie pozna\u0142. <\/b><\/span><\/span><\/span><\/p>\n<p align=\"justify\"><span style=\"color: #000000;\"><span style=\"font-family: Book Antiqua, serif;\"><span style=\"font-size: large;\"><b>Przysz\u0142o do swojej w\u0142asno\u015bci, <\/b><\/span><\/span><\/span><\/p>\n<p align=\"justify\"><span style=\"color: #000000;\"><span style=\"font-family: Book Antiqua, serif;\"><span style=\"font-size: large;\"><b>a swoi Go nie przyj\u0119li. <\/b><\/span><\/span><\/span><\/p>\n<p align=\"justify\"><span style=\"color: #000000;\"><span style=\"font-family: Book Antiqua, serif;\"><span style=\"font-size: large;\"><b>Wszystkim tym jednak, kt\u00f3rzy Je przyj\u0119li, <\/b><\/span><\/span><\/span><\/p>\n<p align=\"justify\"><span style=\"color: #000000;\"><span style=\"font-family: Book Antiqua, serif;\"><span style=\"font-size: large;\"><b>da\u0142o moc, aby si\u0119 stali dzie\u0107mi Bo\u017cymi, <\/b><\/span><\/span><\/span><\/p>\n<p align=\"justify\"><span style=\"color: #000000;\"><span style=\"font-family: Book Antiqua, serif;\"><span style=\"font-size: large;\"><b>tym, kt\u00f3rzy wierz\u0105 w imi\u0119 Jego, <\/b><\/span><\/span><\/span><\/p>\n<p align=\"justify\"><span style=\"color: #000000;\"><span style=\"font-family: Book Antiqua, serif;\"><span style=\"font-size: large;\"><b>kt\u00f3rzy ani z krwi, <\/b><\/span><\/span><\/span><\/p>\n<p align=\"justify\"><span style=\"color: #000000;\"><span style=\"font-family: Book Antiqua, serif;\"><span style=\"font-size: large;\"><b>ani z \u017c\u0105dzy cia\u0142a, <\/b><\/span><\/span><\/span><\/p>\n<p align=\"justify\"><span style=\"color: #000000;\"><span style=\"font-family: Book Antiqua, serif;\"><span style=\"font-size: large;\"><b>ani z woli m\u0119\u017ca, <\/b><\/span><\/span><\/span><\/p>\n<p align=\"justify\"><span style=\"color: #000000;\"><span style=\"font-family: Book Antiqua, serif;\"><span style=\"font-size: large;\"><b>ale z Boga si\u0119 narodzili. <\/b><\/span><\/span><\/span><\/p>\n<p align=\"justify\"><span style=\"color: #000000;\"><span style=\"font-family: Book Antiqua, serif;\"><span style=\"font-size: large;\"><b>S\u0142owo sta\u0142o si\u0119 cia\u0142em <\/b><\/span><\/span><\/span><\/p>\n<p align=\"justify\"><span style=\"color: #000000;\"><span style=\"font-family: Book Antiqua, serif;\"><span style=\"font-size: large;\"><b>i zamieszka\u0142o w\u015br\u00f3d nas. <\/b><\/span><\/span><\/span><\/p>\n<p align=\"justify\"><span style=\"color: #000000;\"><span style=\"font-family: Book Antiqua, serif;\"><span style=\"font-size: large;\"><b>I ogl\u0105dali\u015bmy Jego chwa\u0142\u0119, <\/b><\/span><\/span><\/span><\/p>\n<p align=\"justify\"><span style=\"color: #000000;\"><span style=\"font-family: Book Antiqua, serif;\"><span style=\"font-size: large;\"><b>chwa\u0142\u0119, jak\u0105 Jednorodzony otrzymuje od Ojca, <\/b><\/span><\/span><\/span><\/p>\n<p align=\"justify\"><span style=\"color: #000000;\"><span style=\"font-family: Book Antiqua, serif;\"><span style=\"font-size: large;\"><b>pe\u0142en \u0142aski i prawdy. <\/b><\/span><\/span><\/span><\/p>\n<p align=\"justify\"><span style=\"color: #000000;\"><span style=\"font-family: Book Antiqua, serif;\"><span style=\"font-size: large;\"><b>Jan daje o Nim \u015bwiadectwo i g\u0142o\u015bno wo\u0142a w s\u0142owach: \u201eTen by\u0142, o kt\u00f3rym powiedzia\u0142em: Ten, kt\u00f3ry po mnie idzie, przewy\u017cszy\u0142 mnie godno\u015bci\u0105, gdy\u017c by\u0142 wcze\u015bniej ode mnie\u201d. Z Jego pe\u0142no\u015bci wszyscy\u015bmy otrzymali \u0142ask\u0119 po \u0142asce. Podczas gdy Prawo zosta\u0142o nadane przez Moj\u017cesza, \u0142aska i prawda przysz\u0142y przez Jezusa Chrystusa. Boga nikt nigdy nie widzia\u0142. Jednorodzony B\u00f3g, kt\u00f3ry jest w \u0142onie Ojca, o Nim pouczy\u0142.<\/b><\/span><\/span><\/span><\/p>\n<p align=\"justify\">\n<p align=\"justify\">\n<p align=\"justify\">\n<p align=\"justify\">\n<p align=\"justify\">\n<p align=\"center\"><span style=\"color: #000000;\"><span style=\"font-family: Book Antiqua, serif;\"><span style=\"font-size: large;\"><b>A OTO S\u0141\u00d3WKO KSI\u0118DZA LESZKA:<\/b><\/span><\/span><\/span><\/p>\n<p align=\"center\">\n<p align=\"center\">\n<p align=\"center\">\n<p align=\"center\">\n<p align=\"center\">\n<p align=\"justify\"><span style=\"color: #000000;\"><span style=\"font-family: Book Antiqua, serif;\"><span style=\"font-size: large;\"><i><b>Na pocz\u0105tku by\u0142o S\u0142owo, a S\u0142owo by\u0142o u Boga, i Bogiem by\u0142o S\u0142owo. <\/b><\/i><i><b>O<\/b><\/i><i><b>no by\u0142o na pocz\u0105tku u Boga. Wszystko przez Nie si\u0119 sta\u0142o, a bez Niego nic si\u0119 nie sta\u0142o, z tego, co si\u0119 sta\u0142o. <\/b><\/i><\/span><\/span><\/span><\/p>\n<p align=\"justify\"><span style=\"color: #000000;\"><span style=\"font-family: Book Antiqua, serif;\"><span style=\"font-size: large;\">Wszystko zacz\u0119\u0142o si\u0119 od s\u0142owa\u2026 Dzieje \u015bwiata zacz\u0119\u0142y si\u0119 od Boga i ku Bogu ostatecznie zmierzaj\u0105. On by\u0142 na pocz\u0105tku i On b\u0119dzie na ko\u0144cu. Wszystko, co si\u0119 dzieje, zale\u017cy od Boga i nic si\u0119 nie dzieje bez Bo\u017cej przyczyny. On by\u0142, jest i b\u0119dzie!<\/span><\/span><\/span><\/p>\n<p align=\"justify\"><span style=\"color: #000000;\"><span style=\"font-family: Book Antiqua, serif;\"><span style=\"font-size: large;\"><i><b>W Nim by\u0142o \u017cycie, a \u017cycie by\u0142o \u015bwiat\u0142o\u015bci\u0105 ludzi, a \u015bwiat\u0142o\u015b\u0107 w ciemno\u015bci \u015bwieci i ciemno\u015b\u0107 jej nie ogarn\u0119\u0142a. <\/b><\/i><\/span><\/span><\/span><\/p>\n<p align=\"justify\"><span style=\"color: #000000;\"><span style=\"font-family: Book Antiqua, serif;\"><span style=\"font-size: large;\">W Bogu jest \u017cycie, a bez Boga jest pustka i ciemno\u015b\u0107, bezsens i trwoga. Tylko B\u00f3g mo\u017ce rozja\u015bni\u0107 ciemno\u015bci naszego \u017cycia i tylko On jest latarni\u0105, \u015bwiat\u0142em, promieniem roz\u015bwietlaj\u0105cym drog\u0119 cz\u0142owieka ku Niebu. W Nim jest pe\u0142nia naszego \u017cycia i naszego powo\u0142ania. On jest drogowskazem i chce by\u0107 na pocz\u0105tku wszystkich naszych zamiar\u00f3w, decyzji i czyn\u00f3w.<\/span><\/span><\/span><\/p>\n<p align=\"justify\"><span style=\"color: #000000;\"><span style=\"font-family: Book Antiqua, serif;\"><span style=\"font-size: large;\"><i><b>By\u0142a \u015bwiat\u0142o\u015b\u0107 prawdziwa, kt\u00f3ra o\u015bwieca ka\u017cdego cz\u0142owieka, gdy na \u015bwiat przychodzi. Na \u015bwiecie by\u0142o S\u0142owo, a \u015bwiat sta\u0142 si\u0119 przez Nie, lecz \u015bwiat Go nie pozna\u0142. Przysz\u0142o do swojej w\u0142asno\u015bci, a swoi Go nie przyj\u0119li. <\/b><\/i><\/span><\/span><\/span><\/p>\n<p align=\"justify\"><span style=\"color: #000000;\"><span style=\"font-family: Book Antiqua, serif;\"><span style=\"font-size: large;\">\u015awiat odrzuci\u0142 Boga, \u015bwiat Go nie pozna\u0142. \u015awiat chce \u017cy\u0107 na w\u0142asn\u0105 r\u0119k\u0119. Dzi\u015b mn\u00f3stwo ludzi podwa\u017ca Ewangeli\u0119, nauk\u0119 Chrystusa i Ko\u015bcio\u0142a. Dzisiaj mn\u00f3stwo ludzi ma swoje prawdy i wprowadza nies\u0142ychany zam\u0119t w umys\u0142ach innych. Cz\u0142owiek wyrzuca Boga ze szk\u00f3\u0142, urz\u0119d\u00f3w, miejsc publicznych\u2026 Wyrzuca, bo Go nie poznaje\u2026 A nawet \u2013 mo\u017cna powiedzie\u0107 wi\u0119cej \u2013 nie chce pozna\u0107! I wtedy same problemy \u2013 nic nie jest na w\u0142a\u015bciwym miejscu\u2026 <\/span><\/span><\/span><\/p>\n<p align=\"justify\"><span style=\"color: #000000;\"><span style=\"font-family: Book Antiqua, serif;\"><span style=\"font-size: large;\">\u015aw. Augustyn m\u00f3wi: \u201eJe\u015bli B\u00f3g jest na pierwszym miejscu, wtedy wszystko jest na w\u0142a\u015bciwym miejscu\u201d \u2013 wtedy wszystko si\u0119 uk\u0142ada, wszystko si\u0119 porz\u0105dkuje\u2026 Nawet odrobina Bo\u017cego \u015bwiat\u0142a mo\u017ce zmieni\u0107 ka\u017cd\u0105 rzeczywisto\u015b\u0107, a w\u00f3wczas wszystko staje si\u0119 jasne i proste \u2013 bez zb\u0119dnego manipulowania: cz\u0142owiek to kobieta lub m\u0119\u017cczyzna, ma\u0142\u017ce\u0144stwo to zwi\u0105zek kobiety i m\u0119\u017cczyzny, rodzice to m\u0105\u017c i \u017cona\u2026 To do nas nale\u017cy podtrzymywanie tego \u015bwiat\u0142a i niesienie go innym.<\/span><\/span><\/span><\/p>\n<p align=\"justify\"><span style=\"color: #000000;\"><span style=\"font-family: Book Antiqua, serif;\"><span style=\"font-size: large;\"><i><b>Wszystkim tym jednak, kt\u00f3rzy Je przyj\u0119li, da\u0142o moc, aby si\u0119 stali dzie\u0107mi Bo\u017cymi, tym, kt\u00f3rzy wierz\u0105 w imi\u0119 Jego \u2013 kt\u00f3rzy ani z krwi, ani z \u017c\u0105dzy cia\u0142a, ani z woli m\u0119\u017ca, ale z Boga si\u0119 narodzili.<\/b><\/i><\/span><\/span><\/span><\/p>\n<p align=\"justify\"><span style=\"color: #000000;\"><span style=\"font-family: Book Antiqua, serif;\"><span style=\"font-size: large;\">Wiara daje moc i si\u0142\u0119 do przezwyci\u0119\u017cania trudno\u015bci, daje moc i si\u0142\u0119 do trwania w pokorze i uni\u017ceniu. Tylko z Bogiem cz\u0142owiek mo\u017ce czu\u0107 si\u0119 zwyci\u0119zc\u0105. W innym przypadku, cho\u0107by posiada\u0142 wszelkie zaszczyty ziemskie, jest nikim. B\u00f3g jest tym, kt\u00f3ry d\u017awiga z ka\u017cdej niedoli \u2013 z n\u0119dzy, z upadku, z rozpaczy\u2026 <\/span><\/span><\/span><\/p>\n<p align=\"justify\"><span style=\"color: #000000;\"><span style=\"font-family: Book Antiqua, serif;\"><span style=\"font-size: large;\"><i><b>Wszystko mog\u0119 w tym, kt\u00f3ry mnie umacnia<\/b><\/i> \u2013 to zdanie niesie niesamowity pok\u00f3j i nadziej\u0119, \u017ce On ka\u017cdego, kt\u00f3ry zaufa Jego S\u0142owu, nie pozostawi bez opieki, \u017ce z Nim jeste\u015bmy w stanie g\u00f3ry przenosi\u0107\u2026 C\u00f3\u017c jest wart cz\u0142owiek, kt\u00f3ry ufa tylko ludzkim s\u0142owom i ludzkiej sile?\u2026 Jest tylko marnym puchem, miotanym przez wiatr \u2013 ledwie wiatr zawieje, a jego ju\u017c nie ma!<\/span><\/span><\/span><\/p>\n<p align=\"justify\"><span style=\"color: #000000;\"><span style=\"font-family: Book Antiqua, serif;\"><span style=\"font-size: large;\"><i><b>A S\u0142owo sta\u0142o si\u0119 cia\u0142em i zamieszka\u0142o w\u015br\u00f3d nas. I ogl\u0105dali\u015bmy Jego chwa\u0142\u0119, chwa\u0142\u0119, jak\u0105 Jednorodzony otrzymuje od Ojca, pe\u0142en \u0142aski i prawdy. <\/b><\/i><\/span><\/span><\/span><\/p>\n<p align=\"justify\"><span style=\"color: #000000;\"><span style=\"font-family: Book Antiqua, serif;\"><span style=\"font-size: large;\">Poprzez Zwiastowanie Naj\u015bwi\u0119tszej Maryi Pannie i Jej pokorn\u0105 zgod\u0119, Pan B\u00f3g wprowadzi\u0142 S\u0142owo w czyn. S\u0142owo \u2013 Jezus Chrystus, odwiecznie istniej\u0105cy jako B\u00f3g, w okre\u015blonym momencie historii sta\u0142 si\u0119 r\u00f3wnie\u017c prawdziwym cz\u0142owiekiem. B\u00f3g pos\u0142a\u0142 na ziemi\u0119 swojego Syna po to, by z nami zamieszka\u0142 i sta\u0142 si\u0119 do nas podobny, by wszed\u0142 w nasze problemy i codzienne sprawy. Pos\u0142a\u0142 po to, by\u015bmy zobaczyli Jego \u017cycie, cuda, cierpienie, \u015bmier\u0107 i chwa\u0142\u0119. <\/span><\/span><\/span><\/p>\n<p align=\"center\"><span style=\"color: #000000;\"><span style=\"font-family: Book Antiqua, serif;\"><span style=\"font-size: large;\">***<\/span><\/span><\/span><\/p>\n<p align=\"justify\"><span style=\"color: #000000;\"><span style=\"font-family: Book Antiqua, serif;\"><span style=\"font-size: large;\">S\u0142owo to relacja \u2013 relacja, kt\u00f3ra \u0142\u0105czy tego, kt\u00f3ry m\u00f3wi, z tym, kt\u00f3ry s\u0142ucha. Pan B\u00f3g przekaza\u0142 nam swoje S\u0142owo na kartach Pisma \u015awi\u0119tego. <\/span><\/span><\/span><\/p>\n<p align=\"justify\"><span style=\"color: #000000;\"><span style=\"font-family: Book Antiqua, serif;\"><span style=\"font-size: large;\">S\u0142owo Bo\u017ce ma moc sprawcz\u0105, poniewa\u017c ka\u017cdy wyraz pochodz\u0105cy z ust Boga jest wypowiadany z mi\u0142o\u015bci\u0105 i nie ma w nim nic, poza prawd\u0105. <\/span><\/span><\/span><\/p>\n<p align=\"justify\"><span style=\"color: #000000;\"><span style=\"font-family: Book Antiqua, serif;\"><span style=\"font-size: large;\">W ksi\u0105\u017cce pt. \u201eN\u00f3\u017c i sztylet\u201d opisana jest historia Nicky Cruza, portoryka\u0144skiego emigranta, kt\u00f3ry w Nowym Jorku by\u0142 wysoko postawionym cz\u0142onkiem najwi\u0119kszego z gang\u00f3w. Pewnego dnia spotka\u0142 ksi\u0119dza, kt\u00f3ry przy nim zacytowa\u0142 zdanie z Pisma \u015awi\u0119tego: <i><b>Tak B\u00f3g umi\u0142owa\u0142 \u015bwiat, \u017ce Syna swego jednorodzonego da\u0142, aby ka\u017cdy, kto w Niego wierzy, mia\u0142 \u017cycie wieczne<\/b><\/i> (J 3,16). S\u0142owa te tak nim wstrz\u0105sn\u0119\u0142y, \u017ce nie m\u00f3g\u0142 przesta\u0107 o nich my\u015ble\u0107. Jedno zdanie z Pisma \u015awi\u0119tego doprowadzi\u0142o do g\u0142\u0119bokiego nawr\u00f3cenia. <\/span><\/span><\/span><\/p>\n<p align=\"justify\"><span style=\"color: #000000;\"><span style=\"font-family: Book Antiqua, serif;\"><span style=\"font-size: large;\">Jak\u017ce wa\u017cne jest te\u017c ka\u017cde wypowiedziane przez nas s\u0142owo. Kiedy m\u00f3wisz: \u201ePrzepraszam\u201d; \u201eJeste\u015b dla mnie wa\u017cny\u201d; \u201eJak dobrze, \u017ce jeste\u015b!\u201d; \u201eDzi\u0119kuj\u0119 Ci!\u201d \u2013 rzeczywisto\u015b\u0107 wok\u00f3\u0142 zmienia si\u0119 nie do poznania. S\u0142owo prawdy, wypowiadane z mi\u0142o\u015bci\u0105, jest w stanie przemieni\u0107 cz\u0142owieka bardziej, ni\u017c niejeden gest. Przez s\u0142owo mo\u017cemy doda\u0107 si\u0142, pokrzepi\u0107 i da\u0107 nadziej\u0119 na lepsze jutro, ale przez s\u0142owo mo\u017cemy te\u017c odebra\u0107 drugiemu cz\u0142owiekowi ch\u0119ci do \u017cycia, upokorzy\u0107, zdepta\u0107\u2026 S\u0142owo \u017ale wykorzystywane wyrz\u0105dza ogromne szkody.<\/span><\/span><\/span><\/p>\n<p align=\"justify\"><span style=\"color: #000000;\"><span style=\"font-family: Book Antiqua, serif;\"><span style=\"font-size: large;\">\u00a0 \u00a0 \u00a0 \u00a0 \u00a0 \u00a0 \u00a0 \u00a0 \u00a0 \u00a0 \u00a0 \u00a0 \u00a0 \u00a0 \u00a0 \u00a0 \u00a0 \u00a0 \u00a0 \u00a0 \u00a0 \u00a0 \u00a0 \u00a0 \u00a0 \u00a0 \u00a0 \u00a0 \u00a0 \u00a0 \u00a0 \u00a0 \u00a0 \u00a0 \u00a0 \u00a0 \u00a0 \u00a0 \u00a0 \u00a0 \u00a0***<\/span><\/span><\/span><\/p>\n<p align=\"justify\"><span style=\"color: #000000;\"><span style=\"font-family: Book Antiqua, serif;\"><span style=\"font-size: large;\">Dzi\u015b jest ostatni dzie\u0144 2021 roku. Podzi\u0119kujmy Jezusowi Chrystusowi, \u017ce swoim S\u0142owem o\u015bwieca\u0142 w tym roku nasze \u017cyciowe drogi i kierowa\u0142 nasze kroki do w\u0142a\u015bciwego celu. Pro\u015bmy, aby Jego S\u0142owo przenika\u0142o ca\u0142e nasze \u017cycie i rozpali\u0142o w nas jeszcze wi\u0119kszy p\u0142omie\u0144 wiary w tym nadchodz\u0105cym 2022 roku.<\/span><\/span><\/span><\/p>\n","protected":false},"excerpt":{"rendered":"<p>Szcz\u0119\u015b\u0107 Bo\u017ce! Moi Drodzy, w dniu dzisiejszym imieniny obchodz\u0105: \u25baKsi\u0105dz Sylwester Fr\u0105c, Proboszcz Parafii w Wojcieszkowie, gdzie przez pewien czas, w trakcie studi\u00f3w, mieszka\u0142em i pomaga\u0142em duszpastersko; \u25baSylwester Biernacki z \u017belechowa, kt\u00f3ry wozi\u0142 nas swoim autokarem na wyjazdy do Szklarskiej Por\u0119by \u2013 i w r\u00f3\u017cne inne miejsca. Urodziny natomiast prze\u017cywa Ojciec Edgar Semeniuk, Gwardian i [&hellip;]<\/p>\n","protected":false},"author":1,"featured_media":0,"comment_status":"open","ping_status":"open","sticky":false,"template":"","format":"standard","meta":{"jetpack_post_was_ever_published":false,"_jetpack_newsletter_access":"","_jetpack_dont_email_post_to_subs":false,"_jetpack_newsletter_tier_id":0,"_jetpack_memberships_contains_paywalled_content":false,"_jetpack_memberships_contains_paid_content":false,"footnotes":""},"categories":[1],"tags":[],"class_list":["post-19999","post","type-post","status-publish","format-standard","hentry","category-bez-kategorii"],"yoast_head":"<!-- This site is optimized with the Yoast SEO plugin v25.1 - https:\/\/yoast.com\/wordpress\/plugins\/seo\/ -->\n<title>By\u0142a \u015awiat\u0142o\u015b\u0107 prawdziwa... - Gaudium Et Spes<\/title>\n<meta name=\"robots\" content=\"index, follow, max-snippet:-1, max-image-preview:large, max-video-preview:-1\" \/>\n<link rel=\"canonical\" href=\"https:\/\/gaudiumetspes-blog.pl\/index.php\/2021\/12\/31\/byla-swiatlosc-prawdziwa\/\" \/>\n<meta property=\"og:locale\" content=\"pl_PL\" \/>\n<meta property=\"og:type\" content=\"article\" \/>\n<meta property=\"og:title\" content=\"By\u0142a \u015awiat\u0142o\u015b\u0107 prawdziwa... - Gaudium Et Spes\" \/>\n<meta property=\"og:description\" content=\"Szcz\u0119\u015b\u0107 Bo\u017ce! Moi Drodzy, w dniu dzisiejszym imieniny obchodz\u0105: \u25baKsi\u0105dz Sylwester Fr\u0105c, Proboszcz Parafii w Wojcieszkowie, gdzie przez pewien czas, w trakcie studi\u00f3w, mieszka\u0142em i pomaga\u0142em duszpastersko; \u25baSylwester Biernacki z \u017belechowa, kt\u00f3ry wozi\u0142 nas swoim autokarem na wyjazdy do Szklarskiej Por\u0119by \u2013 i w r\u00f3\u017cne inne miejsca. Urodziny natomiast prze\u017cywa Ojciec Edgar Semeniuk, Gwardian i [&hellip;]\" \/>\n<meta property=\"og:url\" content=\"https:\/\/gaudiumetspes-blog.pl\/index.php\/2021\/12\/31\/byla-swiatlosc-prawdziwa\/\" \/>\n<meta property=\"og:site_name\" content=\"Gaudium Et Spes\" \/>\n<meta property=\"article:published_time\" content=\"2021-12-31T04:33:42+00:00\" \/>\n<meta name=\"author\" content=\"Ks. Jacek\" \/>\n<meta name=\"twitter:card\" content=\"summary_large_image\" \/>\n<meta name=\"twitter:label1\" content=\"Napisane przez\" \/>\n\t<meta name=\"twitter:data1\" content=\"Ks. Jacek\" \/>\n\t<meta name=\"twitter:label2\" content=\"Szacowany czas czytania\" \/>\n\t<meta name=\"twitter:data2\" content=\"10 minut\" \/>\n<script type=\"application\/ld+json\" class=\"yoast-schema-graph\">{\"@context\":\"https:\/\/schema.org\",\"@graph\":[{\"@type\":\"WebPage\",\"@id\":\"https:\/\/gaudiumetspes-blog.pl\/index.php\/2021\/12\/31\/byla-swiatlosc-prawdziwa\/\",\"url\":\"https:\/\/gaudiumetspes-blog.pl\/index.php\/2021\/12\/31\/byla-swiatlosc-prawdziwa\/\",\"name\":\"By\u0142a \u015awiat\u0142o\u015b\u0107 prawdziwa... - Gaudium Et Spes\",\"isPartOf\":{\"@id\":\"https:\/\/gaudiumetspes-blog.pl\/#website\"},\"datePublished\":\"2021-12-31T04:33:42+00:00\",\"author\":{\"@id\":\"https:\/\/gaudiumetspes-blog.pl\/#\/schema\/person\/1661982992b752dea8dff0d4ed845a65\"},\"breadcrumb\":{\"@id\":\"https:\/\/gaudiumetspes-blog.pl\/index.php\/2021\/12\/31\/byla-swiatlosc-prawdziwa\/#breadcrumb\"},\"inLanguage\":\"pl-PL\",\"potentialAction\":[{\"@type\":\"ReadAction\",\"target\":[\"https:\/\/gaudiumetspes-blog.pl\/index.php\/2021\/12\/31\/byla-swiatlosc-prawdziwa\/\"]}]},{\"@type\":\"BreadcrumbList\",\"@id\":\"https:\/\/gaudiumetspes-blog.pl\/index.php\/2021\/12\/31\/byla-swiatlosc-prawdziwa\/#breadcrumb\",\"itemListElement\":[{\"@type\":\"ListItem\",\"position\":1,\"name\":\"Strona g\u0142\u00f3wna\",\"item\":\"https:\/\/gaudiumetspes-blog.pl\/\"},{\"@type\":\"ListItem\",\"position\":2,\"name\":\"By\u0142a \u015awiat\u0142o\u015b\u0107 prawdziwa&#8230;\"}]},{\"@type\":\"WebSite\",\"@id\":\"https:\/\/gaudiumetspes-blog.pl\/#website\",\"url\":\"https:\/\/gaudiumetspes-blog.pl\/\",\"name\":\"Gaudium Et Spes\",\"description\":\"Blog Ks. Jacka Ja\u015bkowskiego\",\"potentialAction\":[{\"@type\":\"SearchAction\",\"target\":{\"@type\":\"EntryPoint\",\"urlTemplate\":\"https:\/\/gaudiumetspes-blog.pl\/?s={search_term_string}\"},\"query-input\":{\"@type\":\"PropertyValueSpecification\",\"valueRequired\":true,\"valueName\":\"search_term_string\"}}],\"inLanguage\":\"pl-PL\"},{\"@type\":\"Person\",\"@id\":\"https:\/\/gaudiumetspes-blog.pl\/#\/schema\/person\/1661982992b752dea8dff0d4ed845a65\",\"name\":\"Ks. Jacek\",\"image\":{\"@type\":\"ImageObject\",\"inLanguage\":\"pl-PL\",\"@id\":\"https:\/\/gaudiumetspes-blog.pl\/#\/schema\/person\/image\/\",\"url\":\"https:\/\/gaudiumetspes-blog.pl\/wp-content\/uploads\/2019\/07\/avatar-JJ-150x150.jpg\",\"contentUrl\":\"https:\/\/gaudiumetspes-blog.pl\/wp-content\/uploads\/2019\/07\/avatar-JJ-150x150.jpg\",\"caption\":\"Ks. Jacek\"},\"description\":\"Witam serdecznie! K\u0142ania si\u0119 Ks. Jacek Ja\u015bkowski. Nie jestem ani kim\u015b wa\u017cnym, ani kim\u015b znanym. Jestem ksi\u0119dzem, kt\u00f3ry po prostu chce rozmawia\u0107. Codzienna kap\u0142a\u0144ska pos\u0142uga pokazuje mi, \u017ce temat\u00f3w do rozm\u00f3w z ksi\u0119dzem jest coraz wi\u0119cej i dzisiaj \u017caden ksi\u0105dz nie mo\u017ce od nich ucieka\u0107, ale - wprost przeciwnie - podejmowa\u0107 nowe wyzwania. To przekonanie sk\u0142oni\u0142o mnie do pr\u00f3by otwarcia tego\u017c bloga, chocia\u017c okazji do rozm\u00f3w na co dzie\u0144 - w konfesjonale i poza nim - na szcz\u0119\u015bcie nie brakuje. My\u015bl\u0119 jednak, \u017ce ten blog b\u0119dzie jeszcze jednym sposobem i przestrzeni\u0105 nawi\u0105zania kontaktu z lud\u017ami dobrej woli, otwartymi na dialog.\",\"url\":\"https:\/\/gaudiumetspes-blog.pl\/index.php\/author\/ks-jacek\/\"}]}<\/script>\n<!-- \/ Yoast SEO plugin. -->","yoast_head_json":{"title":"By\u0142a \u015awiat\u0142o\u015b\u0107 prawdziwa... - Gaudium Et Spes","robots":{"index":"index","follow":"follow","max-snippet":"max-snippet:-1","max-image-preview":"max-image-preview:large","max-video-preview":"max-video-preview:-1"},"canonical":"https:\/\/gaudiumetspes-blog.pl\/index.php\/2021\/12\/31\/byla-swiatlosc-prawdziwa\/","og_locale":"pl_PL","og_type":"article","og_title":"By\u0142a \u015awiat\u0142o\u015b\u0107 prawdziwa... - Gaudium Et Spes","og_description":"Szcz\u0119\u015b\u0107 Bo\u017ce! Moi Drodzy, w dniu dzisiejszym imieniny obchodz\u0105: \u25baKsi\u0105dz Sylwester Fr\u0105c, Proboszcz Parafii w Wojcieszkowie, gdzie przez pewien czas, w trakcie studi\u00f3w, mieszka\u0142em i pomaga\u0142em duszpastersko; \u25baSylwester Biernacki z \u017belechowa, kt\u00f3ry wozi\u0142 nas swoim autokarem na wyjazdy do Szklarskiej Por\u0119by \u2013 i w r\u00f3\u017cne inne miejsca. Urodziny natomiast prze\u017cywa Ojciec Edgar Semeniuk, Gwardian i [&hellip;]","og_url":"https:\/\/gaudiumetspes-blog.pl\/index.php\/2021\/12\/31\/byla-swiatlosc-prawdziwa\/","og_site_name":"Gaudium Et Spes","article_published_time":"2021-12-31T04:33:42+00:00","author":"Ks. Jacek","twitter_card":"summary_large_image","twitter_misc":{"Napisane przez":"Ks. Jacek","Szacowany czas czytania":"10 minut"},"schema":{"@context":"https:\/\/schema.org","@graph":[{"@type":"WebPage","@id":"https:\/\/gaudiumetspes-blog.pl\/index.php\/2021\/12\/31\/byla-swiatlosc-prawdziwa\/","url":"https:\/\/gaudiumetspes-blog.pl\/index.php\/2021\/12\/31\/byla-swiatlosc-prawdziwa\/","name":"By\u0142a \u015awiat\u0142o\u015b\u0107 prawdziwa... - Gaudium Et Spes","isPartOf":{"@id":"https:\/\/gaudiumetspes-blog.pl\/#website"},"datePublished":"2021-12-31T04:33:42+00:00","author":{"@id":"https:\/\/gaudiumetspes-blog.pl\/#\/schema\/person\/1661982992b752dea8dff0d4ed845a65"},"breadcrumb":{"@id":"https:\/\/gaudiumetspes-blog.pl\/index.php\/2021\/12\/31\/byla-swiatlosc-prawdziwa\/#breadcrumb"},"inLanguage":"pl-PL","potentialAction":[{"@type":"ReadAction","target":["https:\/\/gaudiumetspes-blog.pl\/index.php\/2021\/12\/31\/byla-swiatlosc-prawdziwa\/"]}]},{"@type":"BreadcrumbList","@id":"https:\/\/gaudiumetspes-blog.pl\/index.php\/2021\/12\/31\/byla-swiatlosc-prawdziwa\/#breadcrumb","itemListElement":[{"@type":"ListItem","position":1,"name":"Strona g\u0142\u00f3wna","item":"https:\/\/gaudiumetspes-blog.pl\/"},{"@type":"ListItem","position":2,"name":"By\u0142a \u015awiat\u0142o\u015b\u0107 prawdziwa&#8230;"}]},{"@type":"WebSite","@id":"https:\/\/gaudiumetspes-blog.pl\/#website","url":"https:\/\/gaudiumetspes-blog.pl\/","name":"Gaudium Et Spes","description":"Blog Ks. Jacka Ja\u015bkowskiego","potentialAction":[{"@type":"SearchAction","target":{"@type":"EntryPoint","urlTemplate":"https:\/\/gaudiumetspes-blog.pl\/?s={search_term_string}"},"query-input":{"@type":"PropertyValueSpecification","valueRequired":true,"valueName":"search_term_string"}}],"inLanguage":"pl-PL"},{"@type":"Person","@id":"https:\/\/gaudiumetspes-blog.pl\/#\/schema\/person\/1661982992b752dea8dff0d4ed845a65","name":"Ks. Jacek","image":{"@type":"ImageObject","inLanguage":"pl-PL","@id":"https:\/\/gaudiumetspes-blog.pl\/#\/schema\/person\/image\/","url":"https:\/\/gaudiumetspes-blog.pl\/wp-content\/uploads\/2019\/07\/avatar-JJ-150x150.jpg","contentUrl":"https:\/\/gaudiumetspes-blog.pl\/wp-content\/uploads\/2019\/07\/avatar-JJ-150x150.jpg","caption":"Ks. Jacek"},"description":"Witam serdecznie! K\u0142ania si\u0119 Ks. Jacek Ja\u015bkowski. Nie jestem ani kim\u015b wa\u017cnym, ani kim\u015b znanym. Jestem ksi\u0119dzem, kt\u00f3ry po prostu chce rozmawia\u0107. Codzienna kap\u0142a\u0144ska pos\u0142uga pokazuje mi, \u017ce temat\u00f3w do rozm\u00f3w z ksi\u0119dzem jest coraz wi\u0119cej i dzisiaj \u017caden ksi\u0105dz nie mo\u017ce od nich ucieka\u0107, ale - wprost przeciwnie - podejmowa\u0107 nowe wyzwania. To przekonanie sk\u0142oni\u0142o mnie do pr\u00f3by otwarcia tego\u017c bloga, chocia\u017c okazji do rozm\u00f3w na co dzie\u0144 - w konfesjonale i poza nim - na szcz\u0119\u015bcie nie brakuje. My\u015bl\u0119 jednak, \u017ce ten blog b\u0119dzie jeszcze jednym sposobem i przestrzeni\u0105 nawi\u0105zania kontaktu z lud\u017ami dobrej woli, otwartymi na dialog.","url":"https:\/\/gaudiumetspes-blog.pl\/index.php\/author\/ks-jacek\/"}]}},"jetpack_featured_media_url":"","jetpack_sharing_enabled":true,"_links":{"self":[{"href":"https:\/\/gaudiumetspes-blog.pl\/index.php\/wp-json\/wp\/v2\/posts\/19999","targetHints":{"allow":["GET"]}}],"collection":[{"href":"https:\/\/gaudiumetspes-blog.pl\/index.php\/wp-json\/wp\/v2\/posts"}],"about":[{"href":"https:\/\/gaudiumetspes-blog.pl\/index.php\/wp-json\/wp\/v2\/types\/post"}],"author":[{"embeddable":true,"href":"https:\/\/gaudiumetspes-blog.pl\/index.php\/wp-json\/wp\/v2\/users\/1"}],"replies":[{"embeddable":true,"href":"https:\/\/gaudiumetspes-blog.pl\/index.php\/wp-json\/wp\/v2\/comments?post=19999"}],"version-history":[{"count":1,"href":"https:\/\/gaudiumetspes-blog.pl\/index.php\/wp-json\/wp\/v2\/posts\/19999\/revisions"}],"predecessor-version":[{"id":20000,"href":"https:\/\/gaudiumetspes-blog.pl\/index.php\/wp-json\/wp\/v2\/posts\/19999\/revisions\/20000"}],"wp:attachment":[{"href":"https:\/\/gaudiumetspes-blog.pl\/index.php\/wp-json\/wp\/v2\/media?parent=19999"}],"wp:term":[{"taxonomy":"category","embeddable":true,"href":"https:\/\/gaudiumetspes-blog.pl\/index.php\/wp-json\/wp\/v2\/categories?post=19999"},{"taxonomy":"post_tag","embeddable":true,"href":"https:\/\/gaudiumetspes-blog.pl\/index.php\/wp-json\/wp\/v2\/tags?post=19999"}],"curies":[{"name":"wp","href":"https:\/\/api.w.org\/{rel}","templated":true}]}}