{"id":20049,"date":"2022-01-10T08:48:04","date_gmt":"2022-01-10T07:48:04","guid":{"rendered":"https:\/\/gaudiumetspes-blog.pl\/?p=20049"},"modified":"2022-01-10T08:48:04","modified_gmt":"2022-01-10T07:48:04","slug":"po-prostu-wierzyc","status":"publish","type":"post","link":"https:\/\/gaudiumetspes-blog.pl\/index.php\/2022\/01\/10\/po-prostu-wierzyc\/","title":{"rendered":"Po prostu &#8211; wierzy\u0107!"},"content":{"rendered":"<p align=\"justify\"><span style=\"color: #000000;\"><span style=\"font-family: Book Antiqua, serif;\"><span style=\"font-size: large;\">Szcz\u0119\u015b\u0107 Bo\u017ce! Moi Drodzy, rozpoczynam Okres Zwyk\u0142y w ci\u0105gu roku. Chocia\u017c w wielu ko\u015bcio\u0142ach jeszcze b\u0119dziemy \u015bpiewa\u0107 kol\u0119dy i pozostan\u0105 dekoracje \u015bwi\u0105teczne, to jednak w liturgii jest ju\u017c kolor zielony i zaczynamy prze\u017cywa\u0107 czas tak zwanej codzienno\u015bci Jezusa! <\/span><\/span><\/span><\/p>\n<p align=\"justify\"><span style=\"color: #000000;\"><span style=\"font-family: Book Antiqua, serif;\"><span style=\"font-size: large;\">I w\u0142a\u015bnie w ten nowy czas swoim s\u0142\u00f3wkiem wprowadza nas Janek. Bardzo dzi\u0119kuj\u0119 Mu za solidno\u015b\u0107 i ch\u0119tn\u0105 wsp\u00f3\u0142prac\u0119. Swoj\u0105 wdzi\u0119czno\u015b\u0107 wyra\u017cam w modlitwie.<\/span><\/span><\/span><\/p>\n<p align=\"justify\"><span style=\"color: #000000;\"><span style=\"font-family: Book Antiqua, serif;\"><span style=\"font-size: large;\">Zatem, pochylmy si\u0119 nad Bo\u017cym s\u0142owem dzisiejszej liturgii. <b>Co konkretnie m\u00f3wi do mnie Pan? Z jakim przes\u0142aniem zwraca si\u0119 do mnie osobi\u015bcie? <\/b>Duchu \u015awi\u0119ty, podpowiedz\u2026 <\/span><\/span><\/span><\/p>\n<p align=\"justify\"><span style=\"color: #000000;\"><span style=\"font-family: Book Antiqua, serif;\"><span style=\"font-size: large;\"><b>Niech Was b\u0142ogos\u0142awi B\u00f3g Wszechmog\u0105cy: Ojciec + i Syn, i Duch \u015awi\u0119ty. Amen<\/b><\/span><\/span><\/span><\/p>\n<p align=\"center\"><span style=\"color: #000000;\"><span style=\"font-family: Book Antiqua, serif;\"><span style=\"font-size: large;\">Gaudium et spes! Ks. Jacek<\/span><\/span><\/span><\/p>\n<p align=\"center\">\n<p align=\"center\">\n<p align=\"center\">\n<p align=\"center\">\n<p align=\"center\">\n<p align=\"justify\"><span style=\"color: #000000;\"><span style=\"font-family: Book Antiqua, serif;\"><span style=\"font-size: large;\"><b>Poniedzia\u0142ek 1 Tygodnia zwyk\u0142ego, rok II,<\/b><\/span><\/span><\/span><\/p>\n<p align=\"justify\"><span style=\"color: #000000;\"><span style=\"font-family: Book Antiqua, serif;\"><span style=\"font-size: large;\"><b>10 stycznia 2022.,<\/b><\/span><\/span><\/span><\/p>\n<p align=\"justify\"><span style=\"color: #000000;\"><span style=\"font-family: Book Antiqua, serif;\"><span style=\"font-size: large;\"><b>do czyta\u0144: 1 Sm 1,1\u20138; Mk 1,14\u201320<\/b><\/span><\/span><\/span><\/p>\n<p align=\"justify\">\n<p align=\"justify\">\n<p align=\"justify\">\n<p align=\"justify\">\n<p align=\"justify\">\n<p align=\"justify\"><span style=\"color: #000000;\"><span style=\"font-family: Book Antiqua, serif;\"><span style=\"font-size: large;\"><b>POCZ\u0104TEK PIERWSZEJ KSI\u0118GI SAMUELA: <\/b><\/span><\/span><\/span><\/p>\n<p align=\"justify\"><span style=\"color: #000000;\"><span style=\"font-family: Book Antiqua, serif;\"><span style=\"font-size: large;\"><b>By\u0142 pewien cz\u0142owiek w Ramataim, Sufita z g\u00f3rskiej okolicy Efraima, imieniem Elkana, syn Jerochama, syna Elihu, syna Tochu, syna Sufa Efratyty. Mia\u0142 on dwie \u017cony: jednej by\u0142o na imi\u0119 Anna, a drugiej Peninna. Peninna mia\u0142a dzieci, natomiast Anna by\u0142a bezdzietna. <\/b><\/span><\/span><\/span><\/p>\n<p align=\"justify\"><span style=\"color: #000000;\"><span style=\"font-family: Book Antiqua, serif;\"><span style=\"font-size: large;\"><b>Corocznie cz\u0142owiek ten udawa\u0142 si\u0119 z miasta swego, aby odda\u0107 pok\u0142on i z\u0142o\u017cy\u0107 ofiar\u0119 Panu Zast\u0119p\u00f3w w Szilo. Byli tam dwaj synowie Hellego: Chofni i Pinchas, kap\u0142ani Pana. <\/b><\/span><\/span><\/span><\/p>\n<p align=\"justify\"><span style=\"color: #000000;\"><span style=\"font-family: Book Antiqua, serif;\"><span style=\"font-size: large;\"><b>Pewnego dnia Elkana sk\u0142ada\u0142 ofiar\u0119. Da\u0142 wtedy \u017conie swej Peninnie, wszystkim jej synom i c\u00f3rkom po cz\u0119\u015bci ze sk\u0142adanej ofiary. R\u00f3wnie\u017c Annie da\u0142 cz\u0119\u015b\u0107, lecz podw\u00f3jn\u0105, gdy\u017c Ann\u0119 bardzo mi\u0142owa\u0142, mimo \u017ce Pan zamkn\u0105\u0142 jej \u0142ono. Jej rywalka zasmuca\u0142a j\u0105 bardzo w tym celu, aby si\u0119 trapi\u0142a, \u017ce Pan zamkn\u0105\u0142 jej \u0142ono. <\/b><\/span><\/span><\/span><\/p>\n<p align=\"justify\"><span style=\"color: #000000;\"><span style=\"font-family: Book Antiqua, serif;\"><span style=\"font-size: large;\"><b>I tak dzia\u0142o si\u0119 przez wiele lat. Ile razy sz\u0142a do \u015bwi\u0105tyni Pana, dokucza\u0142a jej w ten spos\u00f3b. Anna wi\u0119c p\u0142aka\u0142a i nie jad\u0142a. <\/b><\/span><\/span><\/span><\/p>\n<p align=\"justify\"><span style=\"color: #000000;\"><span style=\"font-family: Book Antiqua, serif;\"><span style=\"font-size: large;\"><b>I rzek\u0142 do niej jej m\u0105\u017c, Elkana: \u201eAnno, czemu p\u0142aczesz? Dlaczego nie jesz? Czemu si\u0119 smuci twoje serce? Czy\u017c ja nie znacz\u0119 dla ciebie wi\u0119cej ni\u017c dziesi\u0119ciu syn\u00f3w?\u201d<\/b><\/span><\/span><\/span><\/p>\n<p align=\"justify\">\n<p align=\"justify\">\n<p align=\"justify\">\n<p align=\"justify\">\n<p align=\"justify\">\n<p align=\"justify\"><span style=\"color: #000000;\"><span style=\"font-family: Book Antiqua, serif;\"><span style=\"font-size: large;\"><b>S\u0141OWA EWANGELII WED\u0141UG \u015aWI\u0118TEGO MARKA: <\/b><\/span><\/span><\/span><\/p>\n<p align=\"justify\"><span style=\"color: #000000;\"><span style=\"font-family: Book Antiqua, serif;\"><span style=\"font-size: large;\"><b>Gdy Jan zosta\u0142 uwi\u0119ziony, Jezus przyszed\u0142 do Galilei i g\u0142osi\u0142 Ewangeli\u0119 Bo\u017c\u0105. M\u00f3wi\u0142: \u201eCzas si\u0119 wype\u0142ni\u0142 i bliskie jest kr\u00f3lestwo Bo\u017ce. Nawracajcie si\u0119 i wierzcie w Ewangeli\u0119\u201d. <\/b><\/span><\/span><\/span><\/p>\n<p align=\"justify\"><span style=\"color: #000000;\"><span style=\"font-family: Book Antiqua, serif;\"><span style=\"font-size: large;\"><b>Przechodz\u0105c brzegiem Jeziora Galilejskiego ujrza\u0142 Szymona i brata Szymonowego, Andrzeja, jak zarzucali sie\u0107 w jezioro; byli bowiem rybakami. Jezus rzek\u0142 do niech: \u201eP\u00f3jd\u017acie za Mn\u0105, a sprawi\u0119, \u017ce si\u0119 staniecie rybakami ludzi\u201d. I natychmiast zostawili sieci i poszli za Nim. <\/b><\/span><\/span><\/span><\/p>\n<p align=\"justify\"><span style=\"color: #000000;\"><span style=\"font-family: Book Antiqua, serif;\"><span style=\"font-size: large;\"><b>Id\u0105c nieco dalej ujrza\u0142 Jakuba, syna Zebedeusza, i brata jego, Jana, kt\u00f3rzy te\u017c byli w \u0142odzi i naprawiali sieci. Zaraz ich powo\u0142a\u0142, a oni zostawili ojca swego Zebedeusza, razem z najemnikami w \u0142odzi i poszli za Nim.<\/b><\/span><\/span><\/span><\/p>\n<p align=\"justify\">\n<p align=\"justify\">\n<p align=\"justify\">\n<p align=\"justify\">\n<p align=\"justify\">\n<p align=\"center\"><span style=\"color: #000000;\"><span style=\"font-family: Book Antiqua, serif;\"><span style=\"font-size: large;\"><b>A OTO S\u0141\u00d3WKO JANKA:<\/b><\/span><\/span><\/span><\/p>\n<p align=\"center\">\n<p align=\"center\">\n<p align=\"center\">\n<p align=\"center\">\n<p align=\"center\">\n<p align=\"justify\"><span style=\"color: #000000;\"><span style=\"font-family: Book Antiqua, serif;\"><span style=\"font-size: medium;\"><span style=\"font-size: large;\">Dzisiaj B\u00f3g ukazuje nam w tym Jego s\u0142owie sytuacj<\/span><span style=\"font-size: large;\">\u0119<\/span><span style=\"font-size: large;\"> Anny \u2013 <\/span><span style=\"font-size: large;\">prostej kobiety, \u017cony cz\u0142owieka o imieniu Elkana<\/span><span style=\"font-size: large;\">. Gdy przeczyta\u0142em to s\u0142owo Bo\u017ce i nad nim rozmy\u015bla\u0142em, zadawa\u0142em sobie pytanie: Co B\u00f3g chce przekaza\u0107 nam przez to czytanie? Jak ma zmieni\u0107 nasze serca? <\/span><\/span><\/span><\/span><\/p>\n<p align=\"justify\"><span style=\"color: #000000;\"><span style=\"font-family: Book Antiqua, serif;\"><span style=\"font-size: medium;\"><span style=\"font-size: large;\">I my\u015bl\u0119, \u017ce B\u00f3g po raz kolejny wzywa nas to wytrwania w modlitwie <\/span><span style=\"font-size: large;\">oraz<\/span><span style=\"font-size: large;\"> aby\u015bmy nie wahali si\u0119 i\u015b\u0107 za Nim \u2013 <\/span><span style=\"font-size: large;\">z<\/span><span style=\"font-size: large;\">a Jego nauk\u0105, z mi\u0142o\u015bci\u0105 \u2013 <\/span><span style=\"font-size: large;\">do<\/span><span style=\"font-size: large;\"> \u017cyci<\/span><span style=\"font-size: large;\">a<\/span><span style=\"font-size: large;\"> wieczn<\/span><span style=\"font-size: large;\">ego<\/span><span style=\"font-size: large;\">. <\/span><\/span><\/span><\/span><\/p>\n<p align=\"justify\"><span style=\"color: #000000;\"><span style=\"font-family: Book Antiqua, serif;\"><span style=\"font-size: medium;\"><span style=\"font-size: large;\">Trzeba jasno powiedzie\u0107, \u017ce s<\/span><span style=\"font-size: large;\">ytuacja Anny by\u0142a trudna. Nie mog\u0142a mie\u0107 dzieci \u2013 jak s\u0142yszymy, jej \u0142ono by\u0142o za<\/span><span style=\"font-size: large;\">mkni\u0119te.<\/span><span style=\"font-size: large;\"> Lecz B\u00f3g zn<\/span><span style=\"font-size: large;\">o<\/span><span style=\"font-size: large;\">w<\/span><span style=\"font-size: large;\">u<\/span><span style=\"font-size: large;\"> pokaza\u0142, \u017ce dla Niego nie ma nic nie mo\u017cliwego! Dzi\u0119ki modlitwie i wytrwaniu w niej \u2013 <\/span><span style=\"font-size: large;\">w jaki\u015b spos\u00f3b tak\u017ce: d<\/span><span style=\"font-size: large;\">zi\u0119ki cierpieniu, &#8211; Anna <\/span><span style=\"font-size: large;\">po jakim\u015b czasie <\/span><span style=\"font-size: large;\">porodzi\u0142a syna. <\/span><span style=\"font-size: large;\">Na pewno jednak, by\u0142o jej <\/span><span style=\"font-size: large;\">ci\u0119\u017cko. Bardzo si\u0119 smuci\u0142a, \u017ce nie mo\u017ce mie\u0107 potomstwa. <\/span><span style=\"font-size: large;\">Ale je<\/span><span style=\"font-size: large;\"> wymodli\u0142a! Wytrwa\u0142a <\/span><span style=\"font-size: large;\">przy Panu<\/span><span style=\"font-size: large;\">! <\/span><\/span><\/span><\/span><\/p>\n<p align=\"justify\"><span style=\"color: #000000;\"><span style=\"font-family: Book Antiqua, serif;\"><span style=\"font-size: medium;\"><span style=\"font-size: large;\">I dzisiaj Pan B\u00f3g daje nam to czytanie, daje nam ten jej przyk\u0142ad wielkiej wiary i mi\u0142o\u015bci do Boga, by\u015bmy prze\u015bwietlili swoje dusze i zobaczyli, czy <\/span><span style=\"font-size: large;\">my <\/span><span style=\"font-size: large;\">si\u0119 <\/span><span style=\"font-size: large;\">zbyt \u0142atwo <\/span><span style=\"font-size: large;\">nie poddajemy. Czy znosimy wszystkie nasze utrapienia? <\/span><\/span><\/span><\/span><\/p>\n<p align=\"justify\"><span style=\"color: #000000;\"><span style=\"font-family: Book Antiqua, serif;\"><span style=\"font-size: medium;\"><span style=\"font-size: large;\">Biskup diecezji radomskiej, Marek Solarczyk, jako dewiz\u0119 biskupi\u0105 przyj\u0105\u0142 s\u0142owa: <\/span><span style=\"font-size: large;\"><b>\u201e<\/b><\/span><span style=\"font-size: large;\"><b>Omnia possibilia credenti\u201d \u2013 <\/b><\/span><span style=\"font-size: large;\">co brzmi po polsku: <\/span><span style=\"font-size: large;\"><b>\u201e<\/b><\/span><span style=\"font-size: large;\"><b>Wszystko jest mo\u017cliwe dla tego, kto wierzy\u201d. <\/b><\/span><span style=\"font-size: large;\">Mnie<\/span><b> <\/b><span style=\"font-size: large;\">o<\/span><span style=\"font-size: large;\">sobi\u015bcie to zdanie bardzo buduje, daj<\/span><span style=\"font-size: large;\">e<\/span><span style=\"font-size: large;\"> taki promyk nadziei i u\u015bwiadamia m<\/span><span style=\"font-size: large;\">i<\/span><span style=\"font-size: large;\">, \u017ce trzeba wierzy\u0107 \u2013 <\/span><span style=\"font-size: large;\">je\u015bli tak mo\u017cna powiedzie\u0107 \u2013<\/span><span style=\"font-size: large;\"> przez <\/span><span style=\"font-size: large;\">wielkie<\/span><span style=\"font-size: large;\"> \u201eW\u201d! I tak naprawd\u0119 jest! <\/span><\/span><\/span><\/span><\/p>\n<p align=\"justify\"><span style=\"color: #000000;\"><span style=\"font-family: Book Antiqua, serif;\"><span style=\"font-size: medium;\"><span style=\"font-size: large;\">Aposto\u0142owie nie poszliby bez wiary za Jezusem. Wiele cud\u00f3w by si\u0119 nie dokona\u0142o. Nie by\u0142oby \u015bwi\u0119tych! I \u2013 co najwa\u017cniejsze \u2013 Msza \u015awi\u0119ta nie mia\u0142aby sensu! Bo Msza \u015awi\u0119ta opiera si\u0119 na wierze. Niby to dla oczu jest zwyk\u0142y op\u0142atek, wino i woda\u2026 Lecz <\/span><span style=\"font-size: large;\">je\u015bli spojrze\u0107 na to z wiar\u0105, to wiemy, i\u017c <\/span><span style=\"font-size: large;\">jest to Cia\u0142o i Krew naszego Pana Jezusa Chrystusa, kt\u00f3ry dwa tysi\u0105ce lat temu umar\u0142 za nas, aby\u015bmy mieli \u017cycie wieczne! <\/span><\/span><\/span><\/span><\/p>\n<p align=\"justify\"><span style=\"color: #000000;\"><span style=\"font-family: Book Antiqua, serif;\"><span style=\"font-size: medium;\"><span style=\"font-size: large;\">Wiar\u0105 powinni\u015bmy si\u0119 dzieli\u0107 <\/span><span style=\"font-size: large;\">z innymi!<\/span><span style=\"font-size: large;\"> I naszymi do\u015bwiadczeniami, zwi\u0105zanymi z wiar\u0105, r\u00f3wnie\u017c, by ludzie byli tym zachwyceni, by ludzie sami chcieli poczu\u0107 to, co <\/span><span style=\"font-size: large;\">my<\/span><span style=\"font-size: large;\"> czuje<\/span><span style=\"font-size: large;\">my!<\/span> <span style=\"font-size: large;\">Ale tej wiary nie mo\u017ce nam samym zabrakn\u0105\u0107! I pragnienia, by inni \u2013 dzi\u0119ki \u015bwiadectwu mojej<\/span> <span style=\"font-size: large;\">w<\/span><span style=\"font-size: large;\">iary \u2013 <\/span><span style=\"font-size: large;\">po prostu<\/span><span style=\"font-size: large;\"> pomy\u015bleli o Jezusie. Bo to ju\u017c jest du\u017co. <\/span><\/span><\/span><\/span><\/p>\n<p align=\"justify\"><span style=\"color: #000000;\"><span style=\"font-family: Book Antiqua, serif;\"><span style=\"font-size: medium;\"><span style=\"font-size: large;\">To naprawd\u0119 <\/span><span style=\"font-size: large;\">du\u017co, \u017ce pomy\u015bl\u0105 o Jezusie, bo \u2013 kto wie \u2013 <\/span><span style=\"font-size: large;\">mo\u017ce<\/span><span style=\"font-size: large;\"> b\u0119d\u0105 <\/span><span style=\"font-size: large;\">chcieli o Nim my\u015ble\u0107 <\/span><span style=\"font-size: large;\">wi\u0119cej, <\/span><span style=\"font-size: large;\">cz\u0119\u015bciej<\/span><span style=\"font-size: large;\">? Kto wie, czy <\/span><span style=\"font-size: large;\">w ten spos\u00f3b <\/span><span style=\"font-size: large;\">nie przyczynimy si\u0119 do <\/span><span style=\"font-size: large;\">czyjego\u015b <\/span><span style=\"font-size: large;\">nawr\u00f3cenia? <\/span><\/span><\/span><\/span><\/p>\n<p align=\"justify\"><span style=\"color: #000000;\"><span style=\"font-family: Book Antiqua, serif;\"><span style=\"font-size: medium;\"><span style=\"font-size: large;\">Wiara to co\u015b niezwyk\u0142ego! M\u0142odzi szczeg\u00f3lnie potrzebuj\u0105 odnowy na duchu, m\u0142odzi szczeg\u00f3lnie potrzebuj\u0105 takiego lidera, kt\u00f3ry ich poprowadzi do wiary \u2013 <\/span><span style=\"font-size: large;\">do odkrycia jej pi\u0119kna, do jej<\/span> <span style=\"font-size: large;\">sta\u0142ego <\/span><span style=\"font-size: large;\">pog\u0142\u0119biania\u2026 I wcale to nie musi by\u0107 <\/span><span style=\"font-size: large;\">k<\/span><span style=\"font-size: large;\">si\u0105dz, czy siostra zakonna. <\/span><span style=\"font-size: large;\">Mog\u0105 to by\u0107<\/span><span style=\"font-size: large;\"> ludzi<\/span><span style=\"font-size: large;\">e <\/span><span style=\"font-size: large;\">\u015bwiec<\/span><span style=\"font-size: large;\">cy<\/span><span style=\"font-size: large;\">. <\/span><span style=\"font-size: large;\">Mo\u017ce to by\u0107 \u2013 na przyk\u0142ad \u2013<\/span> <span style=\"font-size: large;\">m\u0142ody <\/span><span style=\"font-size: large;\">cz\u0142owiek z jakiej\u015b <\/span><span style=\"font-size: large;\">w<\/span><span style=\"font-size: large;\">sp\u00f3lnoty. <\/span><\/span><\/span><\/span><\/p>\n<p align=\"justify\"><span style=\"color: #000000;\"><span style=\"font-family: Book Antiqua, serif;\"><span style=\"font-size: medium;\"><span style=\"font-size: large;\">Trzeba po prostu <\/span><span style=\"font-size: large;\">cz\u0142owieka, kt\u00f3ry <\/span><span style=\"font-size: large;\">osobi\u015bcie spotka\u0142 Jezusa, kt\u00f3ry Go <\/span><span style=\"font-size: large;\">pozna\u0142 i trwa przy Nim. Bo nawr\u00f3cenie <\/span><span style=\"font-size: large;\">nie zale\u017cy zwykle <\/span><span style=\"font-size: large;\"> od ilo\u015bci <\/span><span style=\"font-size: large;\">owych \u015bwiadk\u00f3w. Mo\u017ce by\u0107 nawet jeden, ale szczerze i g\u0142\u0119boko wierz\u0105cy! B\u00f3g jest w stanie pos\u0142u\u017cy\u0107 si\u0119 w nawet jednym cz\u0142owiekiem, aby doprowadzi\u0107 do wiary wiele os\u00f3b. On da rad\u0119!<\/span><span style=\"font-size: large;\"> Bo dla Boga, bowiem nie ma nic nie mo\u017cliwego! <\/span><\/span><\/span><\/span><\/p>\n<p align=\"justify\"><span style=\"color: #000000;\"><span style=\"font-family: Book Antiqua, serif;\"><span style=\"font-size: medium;\"><span style=\"font-size: large;\">Dlatego wierzmy i m\u00f3dlmy si\u0119, bo nigdy nie wiadomo, kiedy Pan B\u00f3g przyjdzie\u2026 <\/span><span style=\"font-size: large;\">I kiedy wyra\u017anie zainterweniuje w naszym \u017cyciu\u2026 <\/span><\/span><\/span><\/span><\/p>\n","protected":false},"excerpt":{"rendered":"<p>Szcz\u0119\u015b\u0107 Bo\u017ce! Moi Drodzy, rozpoczynam Okres Zwyk\u0142y w ci\u0105gu roku. Chocia\u017c w wielu ko\u015bcio\u0142ach jeszcze b\u0119dziemy \u015bpiewa\u0107 kol\u0119dy i pozostan\u0105 dekoracje \u015bwi\u0105teczne, to jednak w liturgii jest ju\u017c kolor zielony i zaczynamy prze\u017cywa\u0107 czas tak zwanej codzienno\u015bci Jezusa! I w\u0142a\u015bnie w ten nowy czas swoim s\u0142\u00f3wkiem wprowadza nas Janek. Bardzo dzi\u0119kuj\u0119 Mu za solidno\u015b\u0107 i [&hellip;]<\/p>\n","protected":false},"author":1,"featured_media":0,"comment_status":"open","ping_status":"open","sticky":false,"template":"","format":"standard","meta":{"jetpack_post_was_ever_published":false,"_jetpack_newsletter_access":"","_jetpack_dont_email_post_to_subs":false,"_jetpack_newsletter_tier_id":0,"_jetpack_memberships_contains_paywalled_content":false,"_jetpack_memberships_contains_paid_content":false,"footnotes":""},"categories":[1],"tags":[],"class_list":["post-20049","post","type-post","status-publish","format-standard","hentry","category-bez-kategorii"],"yoast_head":"<!-- This site is optimized with the Yoast SEO plugin v25.1 - https:\/\/yoast.com\/wordpress\/plugins\/seo\/ -->\n<title>Po prostu - wierzy\u0107! - Gaudium Et Spes<\/title>\n<meta name=\"robots\" content=\"index, follow, max-snippet:-1, max-image-preview:large, max-video-preview:-1\" \/>\n<link rel=\"canonical\" href=\"https:\/\/gaudiumetspes-blog.pl\/index.php\/2022\/01\/10\/po-prostu-wierzyc\/\" \/>\n<meta property=\"og:locale\" content=\"pl_PL\" \/>\n<meta property=\"og:type\" content=\"article\" \/>\n<meta property=\"og:title\" content=\"Po prostu - wierzy\u0107! - Gaudium Et Spes\" \/>\n<meta property=\"og:description\" content=\"Szcz\u0119\u015b\u0107 Bo\u017ce! Moi Drodzy, rozpoczynam Okres Zwyk\u0142y w ci\u0105gu roku. Chocia\u017c w wielu ko\u015bcio\u0142ach jeszcze b\u0119dziemy \u015bpiewa\u0107 kol\u0119dy i pozostan\u0105 dekoracje \u015bwi\u0105teczne, to jednak w liturgii jest ju\u017c kolor zielony i zaczynamy prze\u017cywa\u0107 czas tak zwanej codzienno\u015bci Jezusa! I w\u0142a\u015bnie w ten nowy czas swoim s\u0142\u00f3wkiem wprowadza nas Janek. Bardzo dzi\u0119kuj\u0119 Mu za solidno\u015b\u0107 i [&hellip;]\" \/>\n<meta property=\"og:url\" content=\"https:\/\/gaudiumetspes-blog.pl\/index.php\/2022\/01\/10\/po-prostu-wierzyc\/\" \/>\n<meta property=\"og:site_name\" content=\"Gaudium Et Spes\" \/>\n<meta property=\"article:published_time\" content=\"2022-01-10T07:48:04+00:00\" \/>\n<meta name=\"author\" content=\"Ks. Jacek\" \/>\n<meta name=\"twitter:card\" content=\"summary_large_image\" \/>\n<meta name=\"twitter:label1\" content=\"Napisane przez\" \/>\n\t<meta name=\"twitter:data1\" content=\"Ks. Jacek\" \/>\n\t<meta name=\"twitter:label2\" content=\"Szacowany czas czytania\" \/>\n\t<meta name=\"twitter:data2\" content=\"6 minut\" \/>\n<script type=\"application\/ld+json\" class=\"yoast-schema-graph\">{\"@context\":\"https:\/\/schema.org\",\"@graph\":[{\"@type\":\"WebPage\",\"@id\":\"https:\/\/gaudiumetspes-blog.pl\/index.php\/2022\/01\/10\/po-prostu-wierzyc\/\",\"url\":\"https:\/\/gaudiumetspes-blog.pl\/index.php\/2022\/01\/10\/po-prostu-wierzyc\/\",\"name\":\"Po prostu - wierzy\u0107! - Gaudium Et Spes\",\"isPartOf\":{\"@id\":\"https:\/\/gaudiumetspes-blog.pl\/#website\"},\"datePublished\":\"2022-01-10T07:48:04+00:00\",\"author\":{\"@id\":\"https:\/\/gaudiumetspes-blog.pl\/#\/schema\/person\/1661982992b752dea8dff0d4ed845a65\"},\"breadcrumb\":{\"@id\":\"https:\/\/gaudiumetspes-blog.pl\/index.php\/2022\/01\/10\/po-prostu-wierzyc\/#breadcrumb\"},\"inLanguage\":\"pl-PL\",\"potentialAction\":[{\"@type\":\"ReadAction\",\"target\":[\"https:\/\/gaudiumetspes-blog.pl\/index.php\/2022\/01\/10\/po-prostu-wierzyc\/\"]}]},{\"@type\":\"BreadcrumbList\",\"@id\":\"https:\/\/gaudiumetspes-blog.pl\/index.php\/2022\/01\/10\/po-prostu-wierzyc\/#breadcrumb\",\"itemListElement\":[{\"@type\":\"ListItem\",\"position\":1,\"name\":\"Strona g\u0142\u00f3wna\",\"item\":\"https:\/\/gaudiumetspes-blog.pl\/\"},{\"@type\":\"ListItem\",\"position\":2,\"name\":\"Po&nbsp;prostu &#8211; wierzy\u0107!\"}]},{\"@type\":\"WebSite\",\"@id\":\"https:\/\/gaudiumetspes-blog.pl\/#website\",\"url\":\"https:\/\/gaudiumetspes-blog.pl\/\",\"name\":\"Gaudium Et Spes\",\"description\":\"Blog Ks. Jacka Ja\u015bkowskiego\",\"potentialAction\":[{\"@type\":\"SearchAction\",\"target\":{\"@type\":\"EntryPoint\",\"urlTemplate\":\"https:\/\/gaudiumetspes-blog.pl\/?s={search_term_string}\"},\"query-input\":{\"@type\":\"PropertyValueSpecification\",\"valueRequired\":true,\"valueName\":\"search_term_string\"}}],\"inLanguage\":\"pl-PL\"},{\"@type\":\"Person\",\"@id\":\"https:\/\/gaudiumetspes-blog.pl\/#\/schema\/person\/1661982992b752dea8dff0d4ed845a65\",\"name\":\"Ks. Jacek\",\"image\":{\"@type\":\"ImageObject\",\"inLanguage\":\"pl-PL\",\"@id\":\"https:\/\/gaudiumetspes-blog.pl\/#\/schema\/person\/image\/\",\"url\":\"https:\/\/gaudiumetspes-blog.pl\/wp-content\/uploads\/2019\/07\/avatar-JJ-150x150.jpg\",\"contentUrl\":\"https:\/\/gaudiumetspes-blog.pl\/wp-content\/uploads\/2019\/07\/avatar-JJ-150x150.jpg\",\"caption\":\"Ks. Jacek\"},\"description\":\"Witam serdecznie! K\u0142ania si\u0119 Ks. Jacek Ja\u015bkowski. Nie jestem ani kim\u015b wa\u017cnym, ani kim\u015b znanym. Jestem ksi\u0119dzem, kt\u00f3ry po prostu chce rozmawia\u0107. Codzienna kap\u0142a\u0144ska pos\u0142uga pokazuje mi, \u017ce temat\u00f3w do rozm\u00f3w z ksi\u0119dzem jest coraz wi\u0119cej i dzisiaj \u017caden ksi\u0105dz nie mo\u017ce od nich ucieka\u0107, ale - wprost przeciwnie - podejmowa\u0107 nowe wyzwania. To przekonanie sk\u0142oni\u0142o mnie do pr\u00f3by otwarcia tego\u017c bloga, chocia\u017c okazji do rozm\u00f3w na co dzie\u0144 - w konfesjonale i poza nim - na szcz\u0119\u015bcie nie brakuje. My\u015bl\u0119 jednak, \u017ce ten blog b\u0119dzie jeszcze jednym sposobem i przestrzeni\u0105 nawi\u0105zania kontaktu z lud\u017ami dobrej woli, otwartymi na dialog.\",\"url\":\"https:\/\/gaudiumetspes-blog.pl\/index.php\/author\/ks-jacek\/\"}]}<\/script>\n<!-- \/ Yoast SEO plugin. -->","yoast_head_json":{"title":"Po prostu - wierzy\u0107! - Gaudium Et Spes","robots":{"index":"index","follow":"follow","max-snippet":"max-snippet:-1","max-image-preview":"max-image-preview:large","max-video-preview":"max-video-preview:-1"},"canonical":"https:\/\/gaudiumetspes-blog.pl\/index.php\/2022\/01\/10\/po-prostu-wierzyc\/","og_locale":"pl_PL","og_type":"article","og_title":"Po prostu - wierzy\u0107! - Gaudium Et Spes","og_description":"Szcz\u0119\u015b\u0107 Bo\u017ce! Moi Drodzy, rozpoczynam Okres Zwyk\u0142y w ci\u0105gu roku. Chocia\u017c w wielu ko\u015bcio\u0142ach jeszcze b\u0119dziemy \u015bpiewa\u0107 kol\u0119dy i pozostan\u0105 dekoracje \u015bwi\u0105teczne, to jednak w liturgii jest ju\u017c kolor zielony i zaczynamy prze\u017cywa\u0107 czas tak zwanej codzienno\u015bci Jezusa! I w\u0142a\u015bnie w ten nowy czas swoim s\u0142\u00f3wkiem wprowadza nas Janek. Bardzo dzi\u0119kuj\u0119 Mu za solidno\u015b\u0107 i [&hellip;]","og_url":"https:\/\/gaudiumetspes-blog.pl\/index.php\/2022\/01\/10\/po-prostu-wierzyc\/","og_site_name":"Gaudium Et Spes","article_published_time":"2022-01-10T07:48:04+00:00","author":"Ks. Jacek","twitter_card":"summary_large_image","twitter_misc":{"Napisane przez":"Ks. Jacek","Szacowany czas czytania":"6 minut"},"schema":{"@context":"https:\/\/schema.org","@graph":[{"@type":"WebPage","@id":"https:\/\/gaudiumetspes-blog.pl\/index.php\/2022\/01\/10\/po-prostu-wierzyc\/","url":"https:\/\/gaudiumetspes-blog.pl\/index.php\/2022\/01\/10\/po-prostu-wierzyc\/","name":"Po prostu - wierzy\u0107! - Gaudium Et Spes","isPartOf":{"@id":"https:\/\/gaudiumetspes-blog.pl\/#website"},"datePublished":"2022-01-10T07:48:04+00:00","author":{"@id":"https:\/\/gaudiumetspes-blog.pl\/#\/schema\/person\/1661982992b752dea8dff0d4ed845a65"},"breadcrumb":{"@id":"https:\/\/gaudiumetspes-blog.pl\/index.php\/2022\/01\/10\/po-prostu-wierzyc\/#breadcrumb"},"inLanguage":"pl-PL","potentialAction":[{"@type":"ReadAction","target":["https:\/\/gaudiumetspes-blog.pl\/index.php\/2022\/01\/10\/po-prostu-wierzyc\/"]}]},{"@type":"BreadcrumbList","@id":"https:\/\/gaudiumetspes-blog.pl\/index.php\/2022\/01\/10\/po-prostu-wierzyc\/#breadcrumb","itemListElement":[{"@type":"ListItem","position":1,"name":"Strona g\u0142\u00f3wna","item":"https:\/\/gaudiumetspes-blog.pl\/"},{"@type":"ListItem","position":2,"name":"Po&nbsp;prostu &#8211; wierzy\u0107!"}]},{"@type":"WebSite","@id":"https:\/\/gaudiumetspes-blog.pl\/#website","url":"https:\/\/gaudiumetspes-blog.pl\/","name":"Gaudium Et Spes","description":"Blog Ks. Jacka Ja\u015bkowskiego","potentialAction":[{"@type":"SearchAction","target":{"@type":"EntryPoint","urlTemplate":"https:\/\/gaudiumetspes-blog.pl\/?s={search_term_string}"},"query-input":{"@type":"PropertyValueSpecification","valueRequired":true,"valueName":"search_term_string"}}],"inLanguage":"pl-PL"},{"@type":"Person","@id":"https:\/\/gaudiumetspes-blog.pl\/#\/schema\/person\/1661982992b752dea8dff0d4ed845a65","name":"Ks. Jacek","image":{"@type":"ImageObject","inLanguage":"pl-PL","@id":"https:\/\/gaudiumetspes-blog.pl\/#\/schema\/person\/image\/","url":"https:\/\/gaudiumetspes-blog.pl\/wp-content\/uploads\/2019\/07\/avatar-JJ-150x150.jpg","contentUrl":"https:\/\/gaudiumetspes-blog.pl\/wp-content\/uploads\/2019\/07\/avatar-JJ-150x150.jpg","caption":"Ks. Jacek"},"description":"Witam serdecznie! K\u0142ania si\u0119 Ks. Jacek Ja\u015bkowski. Nie jestem ani kim\u015b wa\u017cnym, ani kim\u015b znanym. Jestem ksi\u0119dzem, kt\u00f3ry po prostu chce rozmawia\u0107. Codzienna kap\u0142a\u0144ska pos\u0142uga pokazuje mi, \u017ce temat\u00f3w do rozm\u00f3w z ksi\u0119dzem jest coraz wi\u0119cej i dzisiaj \u017caden ksi\u0105dz nie mo\u017ce od nich ucieka\u0107, ale - wprost przeciwnie - podejmowa\u0107 nowe wyzwania. To przekonanie sk\u0142oni\u0142o mnie do pr\u00f3by otwarcia tego\u017c bloga, chocia\u017c okazji do rozm\u00f3w na co dzie\u0144 - w konfesjonale i poza nim - na szcz\u0119\u015bcie nie brakuje. My\u015bl\u0119 jednak, \u017ce ten blog b\u0119dzie jeszcze jednym sposobem i przestrzeni\u0105 nawi\u0105zania kontaktu z lud\u017ami dobrej woli, otwartymi na dialog.","url":"https:\/\/gaudiumetspes-blog.pl\/index.php\/author\/ks-jacek\/"}]}},"jetpack_featured_media_url":"","jetpack_sharing_enabled":true,"_links":{"self":[{"href":"https:\/\/gaudiumetspes-blog.pl\/index.php\/wp-json\/wp\/v2\/posts\/20049","targetHints":{"allow":["GET"]}}],"collection":[{"href":"https:\/\/gaudiumetspes-blog.pl\/index.php\/wp-json\/wp\/v2\/posts"}],"about":[{"href":"https:\/\/gaudiumetspes-blog.pl\/index.php\/wp-json\/wp\/v2\/types\/post"}],"author":[{"embeddable":true,"href":"https:\/\/gaudiumetspes-blog.pl\/index.php\/wp-json\/wp\/v2\/users\/1"}],"replies":[{"embeddable":true,"href":"https:\/\/gaudiumetspes-blog.pl\/index.php\/wp-json\/wp\/v2\/comments?post=20049"}],"version-history":[{"count":1,"href":"https:\/\/gaudiumetspes-blog.pl\/index.php\/wp-json\/wp\/v2\/posts\/20049\/revisions"}],"predecessor-version":[{"id":20050,"href":"https:\/\/gaudiumetspes-blog.pl\/index.php\/wp-json\/wp\/v2\/posts\/20049\/revisions\/20050"}],"wp:attachment":[{"href":"https:\/\/gaudiumetspes-blog.pl\/index.php\/wp-json\/wp\/v2\/media?parent=20049"}],"wp:term":[{"taxonomy":"category","embeddable":true,"href":"https:\/\/gaudiumetspes-blog.pl\/index.php\/wp-json\/wp\/v2\/categories?post=20049"},{"taxonomy":"post_tag","embeddable":true,"href":"https:\/\/gaudiumetspes-blog.pl\/index.php\/wp-json\/wp\/v2\/tags?post=20049"}],"curies":[{"name":"wp","href":"https:\/\/api.w.org\/{rel}","templated":true}]}}